{"id":10866,"date":"2017-08-04T07:05:01","date_gmt":"2017-08-04T06:05:01","guid":{"rendered":"http:\/\/www.alpavista.ch\/Alp11\/?p=10866"},"modified":"2022-12-09T17:40:59","modified_gmt":"2022-12-09T16:40:59","slug":"nanzlicke-gebidum","status":"publish","type":"post","link":"https:\/\/alpavista.ch\/Alp11\/2017\/08\/04\/nanzlicke-gebidum\/","title":{"rendered":"Nanzlicke-Gebidumpass 2017"},"content":{"rendered":"<p>Les tubes de l\u2019\u00e9t\u00e9, \u00e7a va, \u00e7a vient et puis \u00e7a passe. Des \u00ab Lambada \u00bb, \u00ab Macarena \u00bb ou autre \u00ab Aserej\u00e9 \u00bb, aucun hit n\u2019a surv\u00e9cu \u00e0 la d\u00e9ferlante de l\u2019\u00e9t\u00e9 suivant. Alors quand un titre, \u00e0 la premi\u00e8re \u00e9coute anodine, s\u2019impose peu \u00e0 peu, au fil des mois et des ann\u00e9es, comme une chanson phare, il faut bien reconna\u00eetre que ses qualit\u00e9s sont moins superficielles qu\u2019il n\u2019y para\u00eet.<br \/>\n<!--more--><\/p>\n<p>En mati\u00e8re de rando VTT, c\u2019est un peu pareil. Les itin\u00e9raires d\u00e9filent, saison apr\u00e8s saison, sous nos roues cramponn\u00e9es. Certains sont d\u00e9finitivement oubli\u00e9es, d\u2019autres peinent \u00e0 s\u2019imposer, alors que d\u2019autres encore, grandissent et s\u2019\u00e9panouissent au fil des ann\u00e9es et des passages. En la mati\u00e8re, le \u00ab Nanzlicke-Gebidum \u00bb feat. \u00ab Heido \u00bb est d\u00e9finitivement en passe de postuler au titre d\u2019incontournable de l\u2019\u00e9t\u00e9. D\u2019abord emprunt\u00e9 dans le sens Ouest-Est, il a gagn\u00e9 en fluidit\u00e9 et en gravit\u00e9 ce qu\u2019il a perdu en d\u00e9nivel\u00e9 et en rugosit\u00e9, juste en inversant ses points de d\u00e9part et d\u2019arriv\u00e9e, sans pour autant jamais renier ce qui fait sa substance, la ph\u00e9nom\u00e9nale travers\u00e9e du Nanztal.  <\/p>\n<p>Retouch\u00e9e mais pas d\u00e9natur\u00e9e, il peut d\u00e9sormais \u00eatre consid\u00e9r\u00e9e comme \u00ab LA \u00bb rando des randos du c\u0153ur de l\u2019\u00e9t\u00e9.<\/p>\n<style type=\"text\/css\">\n#foogallery-gallery-32827 .fg-image { width: 101px; }\n#foogallery-gallery-32827 { --fg-gutter: 1px; }<\/style>\n\t\t\t<div class=\"foogallery foogallery-container foogallery-default foogallery-lightbox-none fg-left fg-default fg-ready fg-light fg-loading-default fg-loaded-fade-in fg-preset fg-selena fg-preset-small fg-preset fg-selena fg-preset-small\" id=\"foogallery-gallery-32827\" data-foogallery=\"{&quot;item&quot;:{&quot;showCaptionTitle&quot;:false,&quot;showCaptionDescription&quot;:true},&quot;lazy&quot;:true,&quot;state&quot;:{&quot;enabled&quot;:true,&quot;mask&quot;:&quot;foogallery-{id}&quot;}}\" style=\"--fg-title-line-clamp: 0; --fg-description-line-clamp: 0;\" >\n\t<div class=\"fg-item fg-type-image fg-idle\"><figure class=\"fg-item-inner\"><a href=\"https:\/\/alpavista.ch\/Alp11\/wp-content\/uploads\/gebidum_17_001.jpg\" data-caption-title=\"Hopsche, encore un matin qui commence bien...\" data-caption-desc=\"Hopsche, encore un matin qui commence bien...\" data-attachment-id=\"32869\" data-type=\"image\" class=\"fg-thumb\"><span class=\"fg-image-wrap\"><img decoding=\"async\" alt=\"gebidum_17_001\" title=\"Hopsche, encore un matin qui commence bien...\" width=\"101\" height=\"57\" class=\"skip-lazy fg-image\" data-src-fg=\"https:\/\/alpavista.ch\/Alp11\/wp-content\/uploads\/cache\/gebidum_17_001\/949070438.jpg\" src=\"data:image\/svg+xml,%3Csvg%20xmlns%3D%22http%3A%2F%2Fwww.w3.org%2F2000%2Fsvg%22%20width%3D%22101%22%20height%3D%2257%22%20viewBox%3D%220%200%20101%2057%22%3E%3C%2Fsvg%3E\" loading=\"eager\"><\/span><span class=\"fg-image-overlay\"><\/span><\/a><figcaption class=\"fg-caption\"><div class=\"fg-caption-inner\"><div class=\"fg-caption-desc\">Hopsche, encore un matin qui commence bien...<\/div><\/div><\/figcaption><\/figure><div class=\"fg-loader\"><\/div><\/div><div class=\"fg-item fg-type-image fg-idle\"><figure class=\"fg-item-inner\"><a href=\"https:\/\/alpavista.ch\/Alp11\/wp-content\/uploads\/gebidum_17_002.jpg\" data-caption-title=\"... mais qui affiche imm\u00e9diatement son caract\u00e8re bien tremp\u00e9.\" data-caption-desc=\"... mais qui affiche imm\u00e9diatement son caract\u00e8re bien tremp\u00e9.\" data-attachment-id=\"32868\" data-type=\"image\" class=\"fg-thumb\"><span class=\"fg-image-wrap\"><img decoding=\"async\" alt=\"gebidum_17_002\" title=\"... mais qui affiche imm\u00e9diatement son caract\u00e8re bien tremp\u00e9.\" width=\"101\" height=\"57\" class=\"skip-lazy fg-image\" data-src-fg=\"https:\/\/alpavista.ch\/Alp11\/wp-content\/uploads\/cache\/gebidum_17_002\/253726232.jpg\" src=\"data:image\/svg+xml,%3Csvg%20xmlns%3D%22http%3A%2F%2Fwww.w3.org%2F2000%2Fsvg%22%20width%3D%22101%22%20height%3D%2257%22%20viewBox%3D%220%200%20101%2057%22%3E%3C%2Fsvg%3E\" loading=\"eager\"><\/span><span class=\"fg-image-overlay\"><\/span><\/a><figcaption class=\"fg-caption\"><div class=\"fg-caption-inner\"><div class=\"fg-caption-desc\">... mais qui affiche imm\u00e9diatement son caract\u00e8re bien tremp\u00e9.<\/div><\/div><\/figcaption><\/figure><div class=\"fg-loader\"><\/div><\/div><div class=\"fg-item fg-type-image fg-idle\"><figure class=\"fg-item-inner\"><a href=\"https:\/\/alpavista.ch\/Alp11\/wp-content\/uploads\/gebidum_17_003.jpg\" data-caption-title=\"A propos de caract\u00e8re, en voil\u00e0 un itin\u00e9raire qui a trouv\u00e9 \u00e0 qui parler. Alex, l&#039;homme qui esp\u00e8re toujours tout passer sans avoir \u00e0  quitter sa selle pr\u00e9f\u00e9r\u00e9e.\" data-caption-desc=\"A propos de caract\u00e8re, en voil\u00e0 un itin\u00e9raire qui a trouv\u00e9 \u00e0 qui parler. Alex, l&#039;homme qui esp\u00e8re toujours tout passer sans avoir \u00e0  quitter sa selle pr\u00e9f\u00e9r\u00e9e.\" data-attachment-id=\"32867\" data-type=\"image\" class=\"fg-thumb\"><span class=\"fg-image-wrap\"><img decoding=\"async\" alt=\"gebidum_17_003\" title=\"A propos de caract\u00e8re, en voil\u00e0 un itin\u00e9raire qui a trouv\u00e9 \u00e0 qui parler. Alex, l&#039;homme qui esp\u00e8re toujours tout passer sans avoir \u00e0  quitter sa selle pr\u00e9f\u00e9r\u00e9e.\" width=\"101\" height=\"57\" class=\"skip-lazy fg-image\" data-src-fg=\"https:\/\/alpavista.ch\/Alp11\/wp-content\/uploads\/cache\/gebidum_17_003\/2450417656.jpg\" src=\"data:image\/svg+xml,%3Csvg%20xmlns%3D%22http%3A%2F%2Fwww.w3.org%2F2000%2Fsvg%22%20width%3D%22101%22%20height%3D%2257%22%20viewBox%3D%220%200%20101%2057%22%3E%3C%2Fsvg%3E\" loading=\"eager\"><\/span><span class=\"fg-image-overlay\"><\/span><\/a><figcaption class=\"fg-caption\"><div class=\"fg-caption-inner\"><div class=\"fg-caption-desc\">A propos de caract\u00e8re, en voil\u00e0 un itin\u00e9raire qui a trouv\u00e9 \u00e0 qui parler. Alex, l'homme qui esp\u00e8re toujours tout passer sans avoir \u00e0  quitter sa selle pr\u00e9f\u00e9r\u00e9e.<\/div><\/div><\/figcaption><\/figure><div class=\"fg-loader\"><\/div><\/div><div class=\"fg-item fg-type-image fg-idle\"><figure class=\"fg-item-inner\"><a href=\"https:\/\/alpavista.ch\/Alp11\/wp-content\/uploads\/gebidum_17_004.jpg\" data-caption-title=\"Weng, un nom court pour un long wanderweg \u00e0 flanc ...\" data-caption-desc=\"Weng, un nom court pour un long wanderweg \u00e0 flanc ...\" data-attachment-id=\"32866\" data-type=\"image\" class=\"fg-thumb\"><span class=\"fg-image-wrap\"><img decoding=\"async\" alt=\"gebidum_17_004\" title=\"Weng, un nom court pour un long wanderweg \u00e0 flanc ...\" width=\"101\" height=\"57\" class=\"skip-lazy fg-image\" data-src-fg=\"https:\/\/alpavista.ch\/Alp11\/wp-content\/uploads\/cache\/gebidum_17_004\/566906236.jpg\" src=\"data:image\/svg+xml,%3Csvg%20xmlns%3D%22http%3A%2F%2Fwww.w3.org%2F2000%2Fsvg%22%20width%3D%22101%22%20height%3D%2257%22%20viewBox%3D%220%200%20101%2057%22%3E%3C%2Fsvg%3E\" loading=\"eager\"><\/span><span class=\"fg-image-overlay\"><\/span><\/a><figcaption class=\"fg-caption\"><div class=\"fg-caption-inner\"><div class=\"fg-caption-desc\">Weng, un nom court pour un long wanderweg \u00e0 flanc ...<\/div><\/div><\/figcaption><\/figure><div class=\"fg-loader\"><\/div><\/div><div class=\"fg-item fg-type-image fg-idle\"><figure class=\"fg-item-inner\"><a href=\"https:\/\/alpavista.ch\/Alp11\/wp-content\/uploads\/gebidum_17_005.jpg\" data-caption-title=\"... qui d\u00e9roule ses douces travers\u00e9es et ses onctueux lacets ...\" data-caption-desc=\"... qui d\u00e9roule ses douces travers\u00e9es et ses onctueux lacets ...\" data-attachment-id=\"32865\" data-type=\"image\" class=\"fg-thumb\"><span class=\"fg-image-wrap\"><img decoding=\"async\" alt=\"gebidum_17_005\" title=\"... qui d\u00e9roule ses douces travers\u00e9es et ses onctueux lacets ...\" width=\"101\" height=\"57\" class=\"skip-lazy fg-image\" data-src-fg=\"https:\/\/alpavista.ch\/Alp11\/wp-content\/uploads\/cache\/gebidum_17_005\/4245827332.jpg\" src=\"data:image\/svg+xml,%3Csvg%20xmlns%3D%22http%3A%2F%2Fwww.w3.org%2F2000%2Fsvg%22%20width%3D%22101%22%20height%3D%2257%22%20viewBox%3D%220%200%20101%2057%22%3E%3C%2Fsvg%3E\" loading=\"eager\"><\/span><span class=\"fg-image-overlay\"><\/span><\/a><figcaption class=\"fg-caption\"><div class=\"fg-caption-inner\"><div class=\"fg-caption-desc\">... qui d\u00e9roule ses douces travers\u00e9es et ses onctueux lacets ...<\/div><\/div><\/figcaption><\/figure><div class=\"fg-loader\"><\/div><\/div><div class=\"fg-item fg-type-image fg-idle\"><figure class=\"fg-item-inner\"><a href=\"https:\/\/alpavista.ch\/Alp11\/wp-content\/uploads\/gebidum_17_006.jpg\" data-caption-title=\"... pour mieux vous aider \u00e0 d\u00e9niveler.\" data-caption-desc=\"... pour mieux vous aider \u00e0 d\u00e9niveler.\" data-attachment-id=\"32864\" data-type=\"image\" class=\"fg-thumb\"><span class=\"fg-image-wrap\"><img decoding=\"async\" alt=\"gebidum_17_006\" title=\"... pour mieux vous aider \u00e0 d\u00e9niveler.\" width=\"101\" height=\"57\" class=\"skip-lazy fg-image\" data-src-fg=\"https:\/\/alpavista.ch\/Alp11\/wp-content\/uploads\/cache\/gebidum_17_006\/3399224186.jpg\" src=\"data:image\/svg+xml,%3Csvg%20xmlns%3D%22http%3A%2F%2Fwww.w3.org%2F2000%2Fsvg%22%20width%3D%22101%22%20height%3D%2257%22%20viewBox%3D%220%200%20101%2057%22%3E%3C%2Fsvg%3E\" loading=\"eager\"><\/span><span class=\"fg-image-overlay\"><\/span><\/a><figcaption class=\"fg-caption\"><div class=\"fg-caption-inner\"><div class=\"fg-caption-desc\">... pour mieux vous aider \u00e0 d\u00e9niveler.<\/div><\/div><\/figcaption><\/figure><div class=\"fg-loader\"><\/div><\/div><div class=\"fg-item fg-type-image fg-idle\"><figure class=\"fg-item-inner\"><a href=\"https:\/\/alpavista.ch\/Alp11\/wp-content\/uploads\/gebidum_17_007.jpg\" data-caption-title=\"Le ton de la journ\u00e9e est donn\u00e9 !\" data-caption-desc=\"Le ton de la journ\u00e9e est donn\u00e9 !\" data-attachment-id=\"32863\" data-type=\"image\" class=\"fg-thumb\"><span class=\"fg-image-wrap\"><img decoding=\"async\" alt=\"gebidum_17_007\" title=\"Le ton de la journ\u00e9e est donn\u00e9 !\" width=\"101\" height=\"57\" class=\"skip-lazy fg-image\" data-src-fg=\"https:\/\/alpavista.ch\/Alp11\/wp-content\/uploads\/cache\/gebidum_17_007\/2681466293.jpg\" src=\"data:image\/svg+xml,%3Csvg%20xmlns%3D%22http%3A%2F%2Fwww.w3.org%2F2000%2Fsvg%22%20width%3D%22101%22%20height%3D%2257%22%20viewBox%3D%220%200%20101%2057%22%3E%3C%2Fsvg%3E\" loading=\"eager\"><\/span><span class=\"fg-image-overlay\"><\/span><\/a><figcaption class=\"fg-caption\"><div class=\"fg-caption-inner\"><div class=\"fg-caption-desc\">Le ton de la journ\u00e9e est donn\u00e9 !<\/div><\/div><\/figcaption><\/figure><div class=\"fg-loader\"><\/div><\/div><div class=\"fg-item fg-type-image fg-idle\"><figure class=\"fg-item-inner\"><a href=\"https:\/\/alpavista.ch\/Alp11\/wp-content\/uploads\/gebidum_17_008.jpg\" data-caption-title=\"Inneri et \u00dcsseri, les deux grands fr\u00e8res de la famille Nanzlicke n&#039;auront pas l&#039;heur de voir nos roues cramponn\u00e9es.\" data-caption-desc=\"Inneri et \u00dcsseri, les deux grands fr\u00e8res de la famille Nanzlicke n&#039;auront pas l&#039;heur de voir nos roues cramponn\u00e9es.\" data-attachment-id=\"32862\" data-type=\"image\" class=\"fg-thumb\"><span class=\"fg-image-wrap\"><img decoding=\"async\" alt=\"gebidum_17_008\" title=\"Inneri et \u00dcsseri, les deux grands fr\u00e8res de la famille Nanzlicke n&#039;auront pas l&#039;heur de voir nos roues cramponn\u00e9es.\" width=\"101\" height=\"57\" class=\"skip-lazy fg-image\" data-src-fg=\"https:\/\/alpavista.ch\/Alp11\/wp-content\/uploads\/cache\/gebidum_17_008\/4294106244.jpg\" src=\"data:image\/svg+xml,%3Csvg%20xmlns%3D%22http%3A%2F%2Fwww.w3.org%2F2000%2Fsvg%22%20width%3D%22101%22%20height%3D%2257%22%20viewBox%3D%220%200%20101%2057%22%3E%3C%2Fsvg%3E\" loading=\"eager\"><\/span><span class=\"fg-image-overlay\"><\/span><\/a><figcaption class=\"fg-caption\"><div class=\"fg-caption-inner\"><div class=\"fg-caption-desc\">Inneri et \u00dcsseri, les deux grands fr\u00e8res de la famille Nanzlicke n'auront pas l'heur de voir nos roues cramponn\u00e9es.<\/div><\/div><\/figcaption><\/figure><div class=\"fg-loader\"><\/div><\/div><div class=\"fg-item fg-type-image fg-idle\"><figure class=\"fg-item-inner\"><a href=\"https:\/\/alpavista.ch\/Alp11\/wp-content\/uploads\/gebidum_17_009.jpg\" data-caption-title=\"Direction les 2&#039;447 m\u00e8tres du benjamin de la famille, juste de l&#039;autre c\u00f4t\u00e9 du Straffulgrat.\" data-caption-desc=\"Direction les 2&#039;447 m\u00e8tres du benjamin de la famille, juste de l&#039;autre c\u00f4t\u00e9 du Straffulgrat.\" data-attachment-id=\"32861\" data-type=\"image\" class=\"fg-thumb\"><span class=\"fg-image-wrap\"><img decoding=\"async\" alt=\"gebidum_17_009\" title=\"Direction les 2&#039;447 m\u00e8tres du benjamin de la famille, juste de l&#039;autre c\u00f4t\u00e9 du Straffulgrat.\" width=\"101\" height=\"57\" class=\"skip-lazy fg-image\" data-src-fg=\"https:\/\/alpavista.ch\/Alp11\/wp-content\/uploads\/cache\/gebidum_17_009\/590003964.jpg\" src=\"data:image\/svg+xml,%3Csvg%20xmlns%3D%22http%3A%2F%2Fwww.w3.org%2F2000%2Fsvg%22%20width%3D%22101%22%20height%3D%2257%22%20viewBox%3D%220%200%20101%2057%22%3E%3C%2Fsvg%3E\" loading=\"eager\"><\/span><span class=\"fg-image-overlay\"><\/span><\/a><figcaption class=\"fg-caption\"><div class=\"fg-caption-inner\"><div class=\"fg-caption-desc\">Direction les 2'447 m\u00e8tres du benjamin de la famille, juste de l'autre c\u00f4t\u00e9 du Straffulgrat.<\/div><\/div><\/figcaption><\/figure><div class=\"fg-loader\"><\/div><\/div><div class=\"fg-item fg-type-image fg-idle\"><figure class=\"fg-item-inner\"><a href=\"https:\/\/alpavista.ch\/Alp11\/wp-content\/uploads\/gebidum_17_010.jpg\" data-caption-title=\"Pourquoi porter quand on peut rouler ? Apr\u00e8s, \u00e7a d\u00e9pend quand m\u00eame beaucoup du &quot;on&quot; dont on parle.\" data-caption-desc=\"Pourquoi porter quand on peut rouler ? Apr\u00e8s, \u00e7a d\u00e9pend quand m\u00eame beaucoup du &quot;on&quot; dont on parle.\" data-attachment-id=\"32860\" data-type=\"image\" class=\"fg-thumb\"><span class=\"fg-image-wrap\"><img decoding=\"async\" alt=\"gebidum_17_010\" title=\"Pourquoi porter quand on peut rouler ? Apr\u00e8s, \u00e7a d\u00e9pend quand m\u00eame beaucoup du &quot;on&quot; dont on parle.\" width=\"101\" height=\"57\" class=\"skip-lazy fg-image\" data-src-fg=\"https:\/\/alpavista.ch\/Alp11\/wp-content\/uploads\/cache\/gebidum_17_010\/2451542537.jpg\" src=\"data:image\/svg+xml,%3Csvg%20xmlns%3D%22http%3A%2F%2Fwww.w3.org%2F2000%2Fsvg%22%20width%3D%22101%22%20height%3D%2257%22%20viewBox%3D%220%200%20101%2057%22%3E%3C%2Fsvg%3E\" loading=\"eager\"><\/span><span class=\"fg-image-overlay\"><\/span><\/a><figcaption class=\"fg-caption\"><div class=\"fg-caption-inner\"><div class=\"fg-caption-desc\">Pourquoi porter quand on peut rouler ? Apr\u00e8s, \u00e7a d\u00e9pend quand m\u00eame beaucoup du \"on\" dont on parle.<\/div><\/div><\/figcaption><\/figure><div class=\"fg-loader\"><\/div><\/div><div class=\"fg-item fg-type-image fg-idle\"><figure class=\"fg-item-inner\"><a href=\"https:\/\/alpavista.ch\/Alp11\/wp-content\/uploads\/gebidum_17_011.jpg\" data-caption-title=\"Quand le Straffolsee est contourn\u00e9, jusqu&#039;au &quot;Licke&quot; il n&#039;y a plus qu&#039;\u00e0 se laisser glisser...\" data-caption-desc=\"Quand le Straffolsee est contourn\u00e9, jusqu&#039;au &quot;Licke&quot; il n&#039;y a plus qu&#039;\u00e0 se laisser glisser...\" data-attachment-id=\"32859\" data-type=\"image\" class=\"fg-thumb\"><span class=\"fg-image-wrap\"><img decoding=\"async\" alt=\"gebidum_17_011\" title=\"Quand le Straffolsee est contourn\u00e9, jusqu&#039;au &quot;Licke&quot; il n&#039;y a plus qu&#039;\u00e0 se laisser glisser...\" width=\"101\" height=\"57\" class=\"skip-lazy fg-image\" data-src-fg=\"https:\/\/alpavista.ch\/Alp11\/wp-content\/uploads\/cache\/gebidum_17_011\/1720945418.jpg\" src=\"data:image\/svg+xml,%3Csvg%20xmlns%3D%22http%3A%2F%2Fwww.w3.org%2F2000%2Fsvg%22%20width%3D%22101%22%20height%3D%2257%22%20viewBox%3D%220%200%20101%2057%22%3E%3C%2Fsvg%3E\" loading=\"eager\"><\/span><span class=\"fg-image-overlay\"><\/span><\/a><figcaption class=\"fg-caption\"><div class=\"fg-caption-inner\"><div class=\"fg-caption-desc\">Quand le Straffolsee est contourn\u00e9, jusqu'au \"Licke\" il n'y a plus qu'\u00e0 se laisser glisser...<\/div><\/div><\/figcaption><\/figure><div class=\"fg-loader\"><\/div><\/div><div class=\"fg-item fg-type-image fg-idle\"><figure class=\"fg-item-inner\"><a href=\"https:\/\/alpavista.ch\/Alp11\/wp-content\/uploads\/gebidum_17_012.jpg\" data-caption-title=\"... m\u00eame, si \u00e0 plus de 2&#039;400 m\u00e8tres, la canicule finit par nous rattraper.\" data-caption-desc=\"... m\u00eame, si \u00e0 plus de 2&#039;400 m\u00e8tres, la canicule finit par nous rattraper.\" data-attachment-id=\"32858\" data-type=\"image\" class=\"fg-thumb\"><span class=\"fg-image-wrap\"><img decoding=\"async\" alt=\"gebidum_17_012\" title=\"... m\u00eame, si \u00e0 plus de 2&#039;400 m\u00e8tres, la canicule finit par nous rattraper.\" width=\"101\" height=\"57\" class=\"skip-lazy fg-image\" data-src-fg=\"https:\/\/alpavista.ch\/Alp11\/wp-content\/uploads\/cache\/gebidum_17_012\/1360899956.jpg\" src=\"data:image\/svg+xml,%3Csvg%20xmlns%3D%22http%3A%2F%2Fwww.w3.org%2F2000%2Fsvg%22%20width%3D%22101%22%20height%3D%2257%22%20viewBox%3D%220%200%20101%2057%22%3E%3C%2Fsvg%3E\" loading=\"eager\"><\/span><span class=\"fg-image-overlay\"><\/span><\/a><figcaption class=\"fg-caption\"><div class=\"fg-caption-inner\"><div class=\"fg-caption-desc\">... m\u00eame, si \u00e0 plus de 2'400 m\u00e8tres, la canicule finit par nous rattraper.<\/div><\/div><\/figcaption><\/figure><div class=\"fg-loader\"><\/div><\/div><div class=\"fg-item fg-type-image fg-idle\"><figure class=\"fg-item-inner\"><a href=\"https:\/\/alpavista.ch\/Alp11\/wp-content\/uploads\/gebidum_17_013.jpg\" data-caption-title=\"En mati\u00e8re de destriers, orange et 29 sont incontestablement la couleur et le chiffre de notre journ\u00e9e.\" data-caption-desc=\"En mati\u00e8re de destriers, orange et 29 sont incontestablement la couleur et le chiffre de notre journ\u00e9e.\" data-attachment-id=\"32857\" data-type=\"image\" class=\"fg-thumb\"><span class=\"fg-image-wrap\"><img decoding=\"async\" alt=\"gebidum_17_013\" title=\"En mati\u00e8re de destriers, orange et 29 sont incontestablement la couleur et le chiffre de notre journ\u00e9e.\" width=\"101\" height=\"57\" class=\"skip-lazy fg-image\" data-src-fg=\"https:\/\/alpavista.ch\/Alp11\/wp-content\/uploads\/cache\/gebidum_17_013\/3423356564.jpg\" src=\"data:image\/svg+xml,%3Csvg%20xmlns%3D%22http%3A%2F%2Fwww.w3.org%2F2000%2Fsvg%22%20width%3D%22101%22%20height%3D%2257%22%20viewBox%3D%220%200%20101%2057%22%3E%3C%2Fsvg%3E\" loading=\"eager\"><\/span><span class=\"fg-image-overlay\"><\/span><\/a><figcaption class=\"fg-caption\"><div class=\"fg-caption-inner\"><div class=\"fg-caption-desc\">En mati\u00e8re de destriers, orange et 29 sont incontestablement la couleur et le chiffre de notre journ\u00e9e.<\/div><\/div><\/figcaption><\/figure><div class=\"fg-loader\"><\/div><\/div><div class=\"fg-item fg-type-image fg-idle\"><figure class=\"fg-item-inner\"><a href=\"https:\/\/alpavista.ch\/Alp11\/wp-content\/uploads\/gebidum_17_014.jpg\" data-caption-title=\"Derniers coups de p\u00e9dale &quot;simploner&quot; ...\" data-caption-desc=\"Derniers coups de p\u00e9dale &quot;simploner&quot; ...\" data-attachment-id=\"32856\" data-type=\"image\" class=\"fg-thumb\"><span class=\"fg-image-wrap\"><img decoding=\"async\" alt=\"gebidum_17_014\" title=\"Derniers coups de p\u00e9dale &quot;simploner&quot; ...\" width=\"101\" height=\"57\" class=\"skip-lazy fg-image\" data-src-fg=\"https:\/\/alpavista.ch\/Alp11\/wp-content\/uploads\/cache\/gebidum_17_014\/2143841296.jpg\" src=\"data:image\/svg+xml,%3Csvg%20xmlns%3D%22http%3A%2F%2Fwww.w3.org%2F2000%2Fsvg%22%20width%3D%22101%22%20height%3D%2257%22%20viewBox%3D%220%200%20101%2057%22%3E%3C%2Fsvg%3E\" loading=\"eager\"><\/span><span class=\"fg-image-overlay\"><\/span><\/a><figcaption class=\"fg-caption\"><div class=\"fg-caption-inner\"><div class=\"fg-caption-desc\">Derniers coups de p\u00e9dale \"simploner\" ...<\/div><\/div><\/figcaption><\/figure><div class=\"fg-loader\"><\/div><\/div><div class=\"fg-item fg-type-image fg-idle\"><figure class=\"fg-item-inner\"><a href=\"https:\/\/alpavista.ch\/Alp11\/wp-content\/uploads\/gebidum_17_015.jpg\" data-caption-title=\"... avant de basculer dans le majestueux et secret Nanztal.\" data-caption-desc=\"... avant de basculer dans le majestueux et secret Nanztal.\" data-attachment-id=\"32855\" data-type=\"image\" class=\"fg-thumb\"><span class=\"fg-image-wrap\"><img decoding=\"async\" alt=\"gebidum_17_015\" title=\"... avant de basculer dans le majestueux et secret Nanztal.\" width=\"101\" height=\"57\" class=\"skip-lazy fg-image\" data-src-fg=\"https:\/\/alpavista.ch\/Alp11\/wp-content\/uploads\/cache\/gebidum_17_015\/2735738472.jpg\" src=\"data:image\/svg+xml,%3Csvg%20xmlns%3D%22http%3A%2F%2Fwww.w3.org%2F2000%2Fsvg%22%20width%3D%22101%22%20height%3D%2257%22%20viewBox%3D%220%200%20101%2057%22%3E%3C%2Fsvg%3E\" loading=\"eager\"><\/span><span class=\"fg-image-overlay\"><\/span><\/a><figcaption class=\"fg-caption\"><div class=\"fg-caption-inner\"><div class=\"fg-caption-desc\">... avant de basculer dans le majestueux et secret Nanztal.<\/div><\/div><\/figcaption><\/figure><div class=\"fg-loader\"><\/div><\/div><div class=\"fg-item fg-type-image fg-idle\"><figure class=\"fg-item-inner\"><a href=\"https:\/\/alpavista.ch\/Alp11\/wp-content\/uploads\/gebidum_17_016.jpg\" data-caption-title=\"Bienvenue dans la vall\u00e9e du chemin roi !\" data-caption-desc=\"Bienvenue dans la vall\u00e9e du chemin roi !\" data-attachment-id=\"32854\" data-type=\"image\" class=\"fg-thumb\"><span class=\"fg-image-wrap\"><img decoding=\"async\" alt=\"gebidum_17_016\" title=\"Bienvenue dans la vall\u00e9e du chemin roi !\" width=\"101\" height=\"57\" class=\"skip-lazy fg-image\" data-src-fg=\"https:\/\/alpavista.ch\/Alp11\/wp-content\/uploads\/cache\/gebidum_17_016\/2493393430.jpg\" src=\"data:image\/svg+xml,%3Csvg%20xmlns%3D%22http%3A%2F%2Fwww.w3.org%2F2000%2Fsvg%22%20width%3D%22101%22%20height%3D%2257%22%20viewBox%3D%220%200%20101%2057%22%3E%3C%2Fsvg%3E\" loading=\"eager\"><\/span><span class=\"fg-image-overlay\"><\/span><\/a><figcaption class=\"fg-caption\"><div class=\"fg-caption-inner\"><div class=\"fg-caption-desc\">Bienvenue dans la vall\u00e9e du chemin roi !<\/div><\/div><\/figcaption><\/figure><div class=\"fg-loader\"><\/div><\/div><div class=\"fg-item fg-type-image fg-idle\"><figure class=\"fg-item-inner\"><a href=\"https:\/\/alpavista.ch\/Alp11\/wp-content\/uploads\/gebidum_17_017.jpg\" data-caption-title=\"Au menu du wanderweg, beaucoup de wanderweg, rien que du wanderweg.\" data-caption-desc=\"Au menu du wanderweg, beaucoup de wanderweg, rien que du wanderweg.\" data-attachment-id=\"32853\" data-type=\"image\" class=\"fg-thumb\"><span class=\"fg-image-wrap\"><img decoding=\"async\" alt=\"gebidum_17_017\" title=\"Au menu du wanderweg, beaucoup de wanderweg, rien que du wanderweg.\" width=\"101\" height=\"57\" class=\"skip-lazy fg-image\" data-src-fg=\"https:\/\/alpavista.ch\/Alp11\/wp-content\/uploads\/cache\/gebidum_17_017\/3251752153.jpg\" src=\"data:image\/svg+xml,%3Csvg%20xmlns%3D%22http%3A%2F%2Fwww.w3.org%2F2000%2Fsvg%22%20width%3D%22101%22%20height%3D%2257%22%20viewBox%3D%220%200%20101%2057%22%3E%3C%2Fsvg%3E\" loading=\"eager\"><\/span><span class=\"fg-image-overlay\"><\/span><\/a><figcaption class=\"fg-caption\"><div class=\"fg-caption-inner\"><div class=\"fg-caption-desc\">Au menu du wanderweg, beaucoup de wanderweg, rien que du wanderweg.<\/div><\/div><\/figcaption><\/figure><div class=\"fg-loader\"><\/div><\/div><div class=\"fg-item fg-type-image fg-idle\"><figure class=\"fg-item-inner\"><a href=\"https:\/\/alpavista.ch\/Alp11\/wp-content\/uploads\/gebidum_17_018.jpg\" data-caption-title=\"C&#039;est pareil que sur SwissMobile, sauf que le point bleu ce n&#039;est pas o\u00f9 l&#039;on est mais o\u00f9 l&#039;on va.\" data-caption-desc=\"C&#039;est pareil que sur SwissMobile, sauf que le point bleu ce n&#039;est pas o\u00f9 l&#039;on est mais o\u00f9 l&#039;on va.\" data-attachment-id=\"32852\" data-type=\"image\" class=\"fg-thumb\"><span class=\"fg-image-wrap\"><img decoding=\"async\" alt=\"gebidum_17_018\" title=\"C&#039;est pareil que sur SwissMobile, sauf que le point bleu ce n&#039;est pas o\u00f9 l&#039;on est mais o\u00f9 l&#039;on va.\" width=\"101\" height=\"57\" class=\"skip-lazy fg-image\" data-src-fg=\"https:\/\/alpavista.ch\/Alp11\/wp-content\/uploads\/cache\/gebidum_17_018\/2716925416.jpg\" src=\"data:image\/svg+xml,%3Csvg%20xmlns%3D%22http%3A%2F%2Fwww.w3.org%2F2000%2Fsvg%22%20width%3D%22101%22%20height%3D%2257%22%20viewBox%3D%220%200%20101%2057%22%3E%3C%2Fsvg%3E\" loading=\"eager\"><\/span><span class=\"fg-image-overlay\"><\/span><\/a><figcaption class=\"fg-caption\"><div class=\"fg-caption-inner\"><div class=\"fg-caption-desc\">C'est pareil que sur SwissMobile, sauf que le point bleu ce n'est pas o\u00f9 l'on est mais o\u00f9 l'on va.<\/div><\/div><\/figcaption><\/figure><div class=\"fg-loader\"><\/div><\/div><div class=\"fg-item fg-type-image fg-idle\"><figure class=\"fg-item-inner\"><a href=\"https:\/\/alpavista.ch\/Alp11\/wp-content\/uploads\/gebidum_17_019.jpg\" data-caption-title=\"Le belge le plus valaisan de tout Anniviers, pas vraiment d\u00e9pays\u00e9 par le changement de vall\u00e9e.\" data-caption-desc=\"Le belge le plus valaisan de tout Anniviers, pas vraiment d\u00e9pays\u00e9 par le changement de vall\u00e9e.\" data-attachment-id=\"32851\" data-type=\"image\" class=\"fg-thumb\"><span class=\"fg-image-wrap\"><img decoding=\"async\" alt=\"gebidum_17_019\" title=\"Le belge le plus valaisan de tout Anniviers, pas vraiment d\u00e9pays\u00e9 par le changement de vall\u00e9e.\" width=\"101\" height=\"57\" class=\"skip-lazy fg-image\" data-src-fg=\"https:\/\/alpavista.ch\/Alp11\/wp-content\/uploads\/cache\/gebidum_17_019\/2099814288.jpg\" src=\"data:image\/svg+xml,%3Csvg%20xmlns%3D%22http%3A%2F%2Fwww.w3.org%2F2000%2Fsvg%22%20width%3D%22101%22%20height%3D%2257%22%20viewBox%3D%220%200%20101%2057%22%3E%3C%2Fsvg%3E\" loading=\"eager\"><\/span><span class=\"fg-image-overlay\"><\/span><\/a><figcaption class=\"fg-caption\"><div class=\"fg-caption-inner\"><div class=\"fg-caption-desc\">Le belge le plus valaisan de tout Anniviers, pas vraiment d\u00e9pays\u00e9 par le changement de vall\u00e9e.<\/div><\/div><\/figcaption><\/figure><div class=\"fg-loader\"><\/div><\/div><div class=\"fg-item fg-type-image fg-idle\"><figure class=\"fg-item-inner\"><a href=\"https:\/\/alpavista.ch\/Alp11\/wp-content\/uploads\/gebidum_17_020.jpg\" data-caption-title=\"M\u00eame si on a l&#039;impression que &quot;Unners&quot; et ses toits rouges nous aspire, c&#039;est vers &quot;Obers&quot; Fulmoos qu&#039;on se dirige.\" data-caption-desc=\"M\u00eame si on a l&#039;impression que &quot;Unners&quot; et ses toits rouges nous aspire, c&#039;est vers &quot;Obers&quot; Fulmoos qu&#039;on se dirige.\" data-attachment-id=\"32850\" data-type=\"image\" class=\"fg-thumb\"><span class=\"fg-image-wrap\"><img decoding=\"async\" alt=\"gebidum_17_020\" title=\"M\u00eame si on a l&#039;impression que &quot;Unners&quot; et ses toits rouges nous aspire, c&#039;est vers &quot;Obers&quot; Fulmoos qu&#039;on se dirige.\" width=\"101\" height=\"57\" class=\"skip-lazy fg-image\" data-src-fg=\"https:\/\/alpavista.ch\/Alp11\/wp-content\/uploads\/cache\/gebidum_17_020\/3807091683.jpg\" src=\"data:image\/svg+xml,%3Csvg%20xmlns%3D%22http%3A%2F%2Fwww.w3.org%2F2000%2Fsvg%22%20width%3D%22101%22%20height%3D%2257%22%20viewBox%3D%220%200%20101%2057%22%3E%3C%2Fsvg%3E\" loading=\"eager\"><\/span><span class=\"fg-image-overlay\"><\/span><\/a><figcaption class=\"fg-caption\"><div class=\"fg-caption-inner\"><div class=\"fg-caption-desc\">M\u00eame si on a l'impression que \"Unners\" et ses toits rouges nous aspire, c'est vers \"Obers\" Fulmoos qu'on se dirige.<\/div><\/div><\/figcaption><\/figure><div class=\"fg-loader\"><\/div><\/div><div class=\"fg-item fg-type-image fg-idle\"><figure class=\"fg-item-inner\"><a href=\"https:\/\/alpavista.ch\/Alp11\/wp-content\/uploads\/gebidum_17_021.jpg\" data-caption-title=\"Alex \u00e0 la tra\u00eene, image suffisamment rare pour \u00eatre relev\u00e9e.\" data-caption-desc=\"Alex \u00e0 la tra\u00eene, image suffisamment rare pour \u00eatre relev\u00e9e.\" data-attachment-id=\"32849\" data-type=\"image\" class=\"fg-thumb\"><span class=\"fg-image-wrap\"><img decoding=\"async\" alt=\"gebidum_17_021\" title=\"Alex \u00e0 la tra\u00eene, image suffisamment rare pour \u00eatre relev\u00e9e.\" width=\"101\" height=\"57\" class=\"skip-lazy fg-image\" data-src-fg=\"https:\/\/alpavista.ch\/Alp11\/wp-content\/uploads\/cache\/gebidum_17_021\/3508099349.jpg\" src=\"data:image\/svg+xml,%3Csvg%20xmlns%3D%22http%3A%2F%2Fwww.w3.org%2F2000%2Fsvg%22%20width%3D%22101%22%20height%3D%2257%22%20viewBox%3D%220%200%20101%2057%22%3E%3C%2Fsvg%3E\" loading=\"eager\"><\/span><span class=\"fg-image-overlay\"><\/span><\/a><figcaption class=\"fg-caption\"><div class=\"fg-caption-inner\"><div class=\"fg-caption-desc\">Alex \u00e0 la tra\u00eene, image suffisamment rare pour \u00eatre relev\u00e9e.<\/div><\/div><\/figcaption><\/figure><div class=\"fg-loader\"><\/div><\/div><div class=\"fg-item fg-type-image fg-idle\"><figure class=\"fg-item-inner\"><a href=\"https:\/\/alpavista.ch\/Alp11\/wp-content\/uploads\/gebidum_17_022.jpg\" data-caption-title=\"Dans le Nanztal, le changement de versant n&#039;est ni courant ...\" data-caption-desc=\"Dans le Nanztal, le changement de versant n&#039;est ni courant ...\" data-attachment-id=\"32848\" data-type=\"image\" class=\"fg-thumb\"><span class=\"fg-image-wrap\"><img decoding=\"async\" alt=\"gebidum_17_022\" title=\"Dans le Nanztal, le changement de versant n&#039;est ni courant ...\" width=\"101\" height=\"57\" class=\"skip-lazy fg-image\" data-src-fg=\"https:\/\/alpavista.ch\/Alp11\/wp-content\/uploads\/cache\/gebidum_17_022\/3868687723.jpg\" src=\"data:image\/svg+xml,%3Csvg%20xmlns%3D%22http%3A%2F%2Fwww.w3.org%2F2000%2Fsvg%22%20width%3D%22101%22%20height%3D%2257%22%20viewBox%3D%220%200%20101%2057%22%3E%3C%2Fsvg%3E\" loading=\"eager\"><\/span><span class=\"fg-image-overlay\"><\/span><\/a><figcaption class=\"fg-caption\"><div class=\"fg-caption-inner\"><div class=\"fg-caption-desc\">Dans le Nanztal, le changement de versant n'est ni courant ...<\/div><\/div><\/figcaption><\/figure><div class=\"fg-loader\"><\/div><\/div><div class=\"fg-item fg-type-image fg-idle\"><figure class=\"fg-item-inner\"><a href=\"https:\/\/alpavista.ch\/Alp11\/wp-content\/uploads\/gebidum_17_023.jpg\" data-caption-title=\"... ni toujours rassurant.\" data-caption-desc=\"... ni toujours rassurant.\" data-attachment-id=\"32847\" data-type=\"image\" class=\"fg-thumb\"><span class=\"fg-image-wrap\"><img decoding=\"async\" alt=\"gebidum_17_023\" title=\"... ni toujours rassurant.\" width=\"101\" height=\"57\" class=\"skip-lazy fg-image\" data-src-fg=\"https:\/\/alpavista.ch\/Alp11\/wp-content\/uploads\/cache\/gebidum_17_023\/2072417419.jpg\" src=\"data:image\/svg+xml,%3Csvg%20xmlns%3D%22http%3A%2F%2Fwww.w3.org%2F2000%2Fsvg%22%20width%3D%22101%22%20height%3D%2257%22%20viewBox%3D%220%200%20101%2057%22%3E%3C%2Fsvg%3E\" loading=\"eager\"><\/span><span class=\"fg-image-overlay\"><\/span><\/a><figcaption class=\"fg-caption\"><div class=\"fg-caption-inner\"><div class=\"fg-caption-desc\">... ni toujours rassurant.<\/div><\/div><\/figcaption><\/figure><div class=\"fg-loader\"><\/div><\/div><div class=\"fg-item fg-type-image fg-idle\"><figure class=\"fg-item-inner\"><a href=\"https:\/\/alpavista.ch\/Alp11\/wp-content\/uploads\/gebidum_17_024.jpg\" data-caption-title=\"Sortez couverts et, surtout, roulez casqu\u00e9s !\" data-caption-desc=\"Sortez couverts et, surtout, roulez casqu\u00e9s !\" data-attachment-id=\"32846\" data-type=\"image\" class=\"fg-thumb\"><span class=\"fg-image-wrap\"><img decoding=\"async\" alt=\"gebidum_17_024\" title=\"Sortez couverts et, surtout, roulez casqu\u00e9s !\" width=\"101\" height=\"57\" class=\"skip-lazy fg-image\" data-src-fg=\"https:\/\/alpavista.ch\/Alp11\/wp-content\/uploads\/cache\/gebidum_17_024\/3359817231.jpg\" src=\"data:image\/svg+xml,%3Csvg%20xmlns%3D%22http%3A%2F%2Fwww.w3.org%2F2000%2Fsvg%22%20width%3D%22101%22%20height%3D%2257%22%20viewBox%3D%220%200%20101%2057%22%3E%3C%2Fsvg%3E\" loading=\"eager\"><\/span><span class=\"fg-image-overlay\"><\/span><\/a><figcaption class=\"fg-caption\"><div class=\"fg-caption-inner\"><div class=\"fg-caption-desc\">Sortez couverts et, surtout, roulez casqu\u00e9s !<\/div><\/div><\/figcaption><\/figure><div class=\"fg-loader\"><\/div><\/div><div class=\"fg-item fg-type-image fg-idle\"><figure class=\"fg-item-inner\"><a href=\"https:\/\/alpavista.ch\/Alp11\/wp-content\/uploads\/gebidum_17_025.jpg\" data-caption-title=\"Les premiers hectom\u00e8tre du &quot;Heido&quot; rec\u00e8lent quelques changements d&#039;\u00e9tage \u00e9tonnants pour un soi-disant bisse, pardon suon.\" data-caption-desc=\"Les premiers hectom\u00e8tre du &quot;Heido&quot; rec\u00e8lent quelques changements d&#039;\u00e9tage \u00e9tonnants pour un soi-disant bisse, pardon suon.\" data-attachment-id=\"32845\" data-type=\"image\" class=\"fg-thumb\"><span class=\"fg-image-wrap\"><img decoding=\"async\" alt=\"gebidum_17_025\" title=\"Les premiers hectom\u00e8tre du &quot;Heido&quot; rec\u00e8lent quelques changements d&#039;\u00e9tage \u00e9tonnants pour un soi-disant bisse, pardon suon.\" width=\"101\" height=\"57\" class=\"skip-lazy fg-image\" data-src-fg=\"https:\/\/alpavista.ch\/Alp11\/wp-content\/uploads\/cache\/gebidum_17_025\/345693303.jpg\" src=\"data:image\/svg+xml,%3Csvg%20xmlns%3D%22http%3A%2F%2Fwww.w3.org%2F2000%2Fsvg%22%20width%3D%22101%22%20height%3D%2257%22%20viewBox%3D%220%200%20101%2057%22%3E%3C%2Fsvg%3E\" loading=\"eager\"><\/span><span class=\"fg-image-overlay\"><\/span><\/a><figcaption class=\"fg-caption\"><div class=\"fg-caption-inner\"><div class=\"fg-caption-desc\">Les premiers hectom\u00e8tre du \"Heido\" rec\u00e8lent quelques changements d'\u00e9tage \u00e9tonnants pour un soi-disant bisse, pardon suon.<\/div><\/div><\/figcaption><\/figure><div class=\"fg-loader\"><\/div><\/div><div class=\"fg-item fg-type-image fg-idle\"><figure class=\"fg-item-inner\"><a href=\"https:\/\/alpavista.ch\/Alp11\/wp-content\/uploads\/gebidum_17_026.jpg\" data-caption-title=\"Heido, le tube (semi-enterr\u00e9) de l&#039;\u00e9t\u00e9...\" data-caption-desc=\"Heido, le tube (semi-enterr\u00e9) de l&#039;\u00e9t\u00e9...\" data-attachment-id=\"32844\" data-type=\"image\" class=\"fg-thumb\"><span class=\"fg-image-wrap\"><img decoding=\"async\" alt=\"gebidum_17_026\" title=\"Heido, le tube (semi-enterr\u00e9) de l&#039;\u00e9t\u00e9...\" width=\"101\" height=\"57\" class=\"skip-lazy fg-image\" data-src-fg=\"https:\/\/alpavista.ch\/Alp11\/wp-content\/uploads\/cache\/gebidum_17_026\/588576777.jpg\" src=\"data:image\/svg+xml,%3Csvg%20xmlns%3D%22http%3A%2F%2Fwww.w3.org%2F2000%2Fsvg%22%20width%3D%22101%22%20height%3D%2257%22%20viewBox%3D%220%200%20101%2057%22%3E%3C%2Fsvg%3E\" loading=\"eager\"><\/span><span class=\"fg-image-overlay\"><\/span><\/a><figcaption class=\"fg-caption\"><div class=\"fg-caption-inner\"><div class=\"fg-caption-desc\">Heido, le tube (semi-enterr\u00e9) de l'\u00e9t\u00e9...<\/div><\/div><\/figcaption><\/figure><div class=\"fg-loader\"><\/div><\/div><div class=\"fg-item fg-type-image fg-idle\"><figure class=\"fg-item-inner\"><a href=\"https:\/\/alpavista.ch\/Alp11\/wp-content\/uploads\/gebidum_17_027.jpg\" data-caption-title=\"... ou la (douce) vie au fil de l&#039;eau.\" data-caption-desc=\"... ou la (douce) vie au fil de l&#039;eau.\" data-attachment-id=\"32843\" data-type=\"image\" class=\"fg-thumb\"><span class=\"fg-image-wrap\"><img decoding=\"async\" alt=\"gebidum_17_027\" title=\"... ou la (douce) vie au fil de l&#039;eau.\" width=\"101\" height=\"57\" class=\"skip-lazy fg-image\" data-src-fg=\"https:\/\/alpavista.ch\/Alp11\/wp-content\/uploads\/cache\/gebidum_17_027\/1985683142.jpg\" src=\"data:image\/svg+xml,%3Csvg%20xmlns%3D%22http%3A%2F%2Fwww.w3.org%2F2000%2Fsvg%22%20width%3D%22101%22%20height%3D%2257%22%20viewBox%3D%220%200%20101%2057%22%3E%3C%2Fsvg%3E\" loading=\"eager\"><\/span><span class=\"fg-image-overlay\"><\/span><\/a><figcaption class=\"fg-caption\"><div class=\"fg-caption-inner\"><div class=\"fg-caption-desc\">... ou la (douce) vie au fil de l'eau.<\/div><\/div><\/figcaption><\/figure><div class=\"fg-loader\"><\/div><\/div><div class=\"fg-item fg-type-image fg-idle\"><figure class=\"fg-item-inner\"><a href=\"https:\/\/alpavista.ch\/Alp11\/wp-content\/uploads\/gebidum_17_028.jpg\" data-caption-title=\"Un train train pas vraiment quotidien... malheureusement.\" data-caption-desc=\"Un train train pas vraiment quotidien... malheureusement.\" data-attachment-id=\"32842\" data-type=\"image\" class=\"fg-thumb\"><span class=\"fg-image-wrap\"><img decoding=\"async\" alt=\"gebidum_17_028\" title=\"Un train train pas vraiment quotidien... malheureusement.\" width=\"101\" height=\"57\" class=\"skip-lazy fg-image\" data-src-fg=\"https:\/\/alpavista.ch\/Alp11\/wp-content\/uploads\/cache\/gebidum_17_028\/377106423.jpg\" src=\"data:image\/svg+xml,%3Csvg%20xmlns%3D%22http%3A%2F%2Fwww.w3.org%2F2000%2Fsvg%22%20width%3D%22101%22%20height%3D%2257%22%20viewBox%3D%220%200%20101%2057%22%3E%3C%2Fsvg%3E\" loading=\"eager\"><\/span><span class=\"fg-image-overlay\"><\/span><\/a><figcaption class=\"fg-caption\"><div class=\"fg-caption-inner\"><div class=\"fg-caption-desc\">Un train train pas vraiment quotidien... malheureusement.<\/div><\/div><\/figcaption><\/figure><div class=\"fg-loader\"><\/div><\/div><div class=\"fg-item fg-type-image fg-idle\"><figure class=\"fg-item-inner\"><a href=\"https:\/\/alpavista.ch\/Alp11\/wp-content\/uploads\/gebidum_17_029.jpg\" data-caption-title=\"Rentre les coudes et ... serre les fesses !\" data-caption-desc=\"Rentre les coudes et ... serre les fesses !\" data-attachment-id=\"32841\" data-type=\"image\" class=\"fg-thumb\"><span class=\"fg-image-wrap\"><img decoding=\"async\" alt=\"gebidum_17_029\" title=\"Rentre les coudes et ... serre les fesses !\" width=\"101\" height=\"57\" class=\"skip-lazy fg-image\" data-src-fg=\"https:\/\/alpavista.ch\/Alp11\/wp-content\/uploads\/cache\/gebidum_17_029\/3399634319.jpg\" src=\"data:image\/svg+xml,%3Csvg%20xmlns%3D%22http%3A%2F%2Fwww.w3.org%2F2000%2Fsvg%22%20width%3D%22101%22%20height%3D%2257%22%20viewBox%3D%220%200%20101%2057%22%3E%3C%2Fsvg%3E\" loading=\"eager\"><\/span><span class=\"fg-image-overlay\"><\/span><\/a><figcaption class=\"fg-caption\"><div class=\"fg-caption-inner\"><div class=\"fg-caption-desc\">Rentre les coudes et ... serre les fesses !<\/div><\/div><\/figcaption><\/figure><div class=\"fg-loader\"><\/div><\/div><div class=\"fg-item fg-type-image fg-idle\"><figure class=\"fg-item-inner\"><a href=\"https:\/\/alpavista.ch\/Alp11\/wp-content\/uploads\/gebidum_17_030.jpg\" data-caption-title=\"Le charme anglais fait toujours autant de ravages.\" data-caption-desc=\"Le charme anglais fait toujours autant de ravages.\" data-attachment-id=\"32840\" data-type=\"image\" class=\"fg-thumb\"><span class=\"fg-image-wrap\"><img decoding=\"async\" alt=\"gebidum_17_030\" title=\"Le charme anglais fait toujours autant de ravages.\" width=\"101\" height=\"57\" class=\"skip-lazy fg-image\" data-src-fg=\"https:\/\/alpavista.ch\/Alp11\/wp-content\/uploads\/cache\/gebidum_17_030\/2073518458.jpg\" src=\"data:image\/svg+xml,%3Csvg%20xmlns%3D%22http%3A%2F%2Fwww.w3.org%2F2000%2Fsvg%22%20width%3D%22101%22%20height%3D%2257%22%20viewBox%3D%220%200%20101%2057%22%3E%3C%2Fsvg%3E\" loading=\"eager\"><\/span><span class=\"fg-image-overlay\"><\/span><\/a><figcaption class=\"fg-caption\"><div class=\"fg-caption-inner\"><div class=\"fg-caption-desc\">Le charme anglais fait toujours autant de ravages.<\/div><\/div><\/figcaption><\/figure><div class=\"fg-loader\"><\/div><\/div><div class=\"fg-item fg-type-image fg-idle\"><figure class=\"fg-item-inner\"><a href=\"https:\/\/alpavista.ch\/Alp11\/wp-content\/uploads\/gebidum_17_031.jpg\" data-caption-title=\"Le Gebidumsee, une perle turquoise pos\u00e9e sur l&#039;\u00e9paule la plus panoramique du Vieux-Pays.\" data-caption-desc=\"Le Gebidumsee, une perle turquoise pos\u00e9e sur l&#039;\u00e9paule la plus panoramique du Vieux-Pays.\" data-attachment-id=\"32839\" data-type=\"image\" class=\"fg-thumb\"><span class=\"fg-image-wrap\"><img decoding=\"async\" alt=\"gebidum_17_031\" title=\"Le Gebidumsee, une perle turquoise pos\u00e9e sur l&#039;\u00e9paule la plus panoramique du Vieux-Pays.\" width=\"101\" height=\"57\" class=\"skip-lazy fg-image\" data-src-fg=\"https:\/\/alpavista.ch\/Alp11\/wp-content\/uploads\/cache\/gebidum_17_031\/3667380690.jpg\" src=\"data:image\/svg+xml,%3Csvg%20xmlns%3D%22http%3A%2F%2Fwww.w3.org%2F2000%2Fsvg%22%20width%3D%22101%22%20height%3D%2257%22%20viewBox%3D%220%200%20101%2057%22%3E%3C%2Fsvg%3E\" loading=\"eager\"><\/span><span class=\"fg-image-overlay\"><\/span><\/a><figcaption class=\"fg-caption\"><div class=\"fg-caption-inner\"><div class=\"fg-caption-desc\">Le Gebidumsee, une perle turquoise pos\u00e9e sur l'\u00e9paule la plus panoramique du Vieux-Pays.<\/div><\/div><\/figcaption><\/figure><div class=\"fg-loader\"><\/div><\/div><div class=\"fg-item fg-type-image fg-idle\"><figure class=\"fg-item-inner\"><a href=\"https:\/\/alpavista.ch\/Alp11\/wp-content\/uploads\/gebidum_17_032.jpg\" data-caption-title=\"Mais aussi, un point d&#039;eau incontournable pour les grands fauves assoiff\u00e9s.\" data-caption-desc=\"Mais aussi, un point d&#039;eau incontournable pour les grands fauves assoiff\u00e9s.\" data-attachment-id=\"32838\" data-type=\"image\" class=\"fg-thumb\"><span class=\"fg-image-wrap\"><img decoding=\"async\" alt=\"gebidum_17_032\" title=\"Mais aussi, un point d&#039;eau incontournable pour les grands fauves assoiff\u00e9s.\" width=\"101\" height=\"57\" class=\"skip-lazy fg-image\" data-src-fg=\"https:\/\/alpavista.ch\/Alp11\/wp-content\/uploads\/cache\/gebidum_17_032\/3977899436.jpg\" src=\"data:image\/svg+xml,%3Csvg%20xmlns%3D%22http%3A%2F%2Fwww.w3.org%2F2000%2Fsvg%22%20width%3D%22101%22%20height%3D%2257%22%20viewBox%3D%220%200%20101%2057%22%3E%3C%2Fsvg%3E\" loading=\"eager\"><\/span><span class=\"fg-image-overlay\"><\/span><\/a><figcaption class=\"fg-caption\"><div class=\"fg-caption-inner\"><div class=\"fg-caption-desc\">Mais aussi, un point d'eau incontournable pour les grands fauves assoiff\u00e9s.<\/div><\/div><\/figcaption><\/figure><div class=\"fg-loader\"><\/div><\/div><div class=\"fg-item fg-type-image fg-idle\"><figure class=\"fg-item-inner\"><a href=\"https:\/\/alpavista.ch\/Alp11\/wp-content\/uploads\/gebidum_17_033.jpg\" data-caption-title=\"D\u00e9salt\u00e9r\u00e9s mais pas rassasi\u00e9s de wanderweg pour autant.\" data-caption-desc=\"D\u00e9salt\u00e9r\u00e9s mais pas rassasi\u00e9s de wanderweg pour autant.\" data-attachment-id=\"32837\" data-type=\"image\" class=\"fg-thumb\"><span class=\"fg-image-wrap\"><img decoding=\"async\" alt=\"gebidum_17_033\" title=\"D\u00e9salt\u00e9r\u00e9s mais pas rassasi\u00e9s de wanderweg pour autant.\" width=\"101\" height=\"57\" class=\"skip-lazy fg-image\" data-src-fg=\"https:\/\/alpavista.ch\/Alp11\/wp-content\/uploads\/cache\/gebidum_17_033\/1879573580.jpg\" src=\"data:image\/svg+xml,%3Csvg%20xmlns%3D%22http%3A%2F%2Fwww.w3.org%2F2000%2Fsvg%22%20width%3D%22101%22%20height%3D%2257%22%20viewBox%3D%220%200%20101%2057%22%3E%3C%2Fsvg%3E\" loading=\"eager\"><\/span><span class=\"fg-image-overlay\"><\/span><\/a><figcaption class=\"fg-caption\"><div class=\"fg-caption-inner\"><div class=\"fg-caption-desc\">D\u00e9salt\u00e9r\u00e9s mais pas rassasi\u00e9s de wanderweg pour autant.<\/div><\/div><\/figcaption><\/figure><div class=\"fg-loader\"><\/div><\/div><div class=\"fg-item fg-type-image fg-idle\"><figure class=\"fg-item-inner\"><a href=\"https:\/\/alpavista.ch\/Alp11\/wp-content\/uploads\/gebidum_17_034.jpg\" data-caption-title=\"Voir Giw et, sur &quot;Visper&quot;, directement plonger.\" data-caption-desc=\"Voir Giw et, sur &quot;Visper&quot;, directement plonger.\" data-attachment-id=\"32836\" data-type=\"image\" class=\"fg-thumb\"><span class=\"fg-image-wrap\"><img decoding=\"async\" alt=\"gebidum_17_034\" title=\"Voir Giw et, sur &quot;Visper&quot;, directement plonger.\" width=\"101\" height=\"57\" class=\"skip-lazy fg-image\" data-src-fg=\"https:\/\/alpavista.ch\/Alp11\/wp-content\/uploads\/cache\/gebidum_17_034\/3284938440.jpg\" src=\"data:image\/svg+xml,%3Csvg%20xmlns%3D%22http%3A%2F%2Fwww.w3.org%2F2000%2Fsvg%22%20width%3D%22101%22%20height%3D%2257%22%20viewBox%3D%220%200%20101%2057%22%3E%3C%2Fsvg%3E\" loading=\"eager\"><\/span><span class=\"fg-image-overlay\"><\/span><\/a><figcaption class=\"fg-caption\"><div class=\"fg-caption-inner\"><div class=\"fg-caption-desc\">Voir Giw et, sur \"Visper\", directement plonger.<\/div><\/div><\/figcaption><\/figure><div class=\"fg-loader\"><\/div><\/div><div class=\"fg-item fg-type-image fg-idle\"><figure class=\"fg-item-inner\"><a href=\"https:\/\/alpavista.ch\/Alp11\/wp-content\/uploads\/gebidum_17_035.jpg\" data-caption-title=\"Highway to Visp. Mais bien s\u00fbr qu&#039;elle est d\u00e9j\u00e0 ouverte...\" data-caption-desc=\"Highway to Visp. Mais bien s\u00fbr qu&#039;elle est d\u00e9j\u00e0 ouverte...\" data-attachment-id=\"32835\" data-type=\"image\" class=\"fg-thumb\"><span class=\"fg-image-wrap\"><img decoding=\"async\" alt=\"gebidum_17_035\" title=\"Highway to Visp. Mais bien s\u00fbr qu&#039;elle est d\u00e9j\u00e0 ouverte...\" width=\"101\" height=\"57\" class=\"skip-lazy fg-image\" data-src-fg=\"https:\/\/alpavista.ch\/Alp11\/wp-content\/uploads\/cache\/gebidum_17_035\/521424048.jpg\" src=\"data:image\/svg+xml,%3Csvg%20xmlns%3D%22http%3A%2F%2Fwww.w3.org%2F2000%2Fsvg%22%20width%3D%22101%22%20height%3D%2257%22%20viewBox%3D%220%200%20101%2057%22%3E%3C%2Fsvg%3E\" loading=\"eager\"><\/span><span class=\"fg-image-overlay\"><\/span><\/a><figcaption class=\"fg-caption\"><div class=\"fg-caption-inner\"><div class=\"fg-caption-desc\">Highway to Visp. Mais bien s\u00fbr qu'elle est d\u00e9j\u00e0 ouverte...<\/div><\/div><\/figcaption><\/figure><div class=\"fg-loader\"><\/div><\/div><div class=\"fg-item fg-type-image fg-idle\"><figure class=\"fg-item-inner\"><a href=\"https:\/\/alpavista.ch\/Alp11\/wp-content\/uploads\/gebidum_17_036.jpg\" data-caption-title=\"... m\u00eame si \u00e0 l&#039;OFROU, ils ne le savent pas encore.\" data-caption-desc=\"... m\u00eame si \u00e0 l&#039;OFROU, ils ne le savent pas encore.\" data-attachment-id=\"32834\" data-type=\"image\" class=\"fg-thumb\"><span class=\"fg-image-wrap\"><img decoding=\"async\" alt=\"gebidum_17_036\" title=\"... m\u00eame si \u00e0 l&#039;OFROU, ils ne le savent pas encore.\" width=\"101\" height=\"57\" class=\"skip-lazy fg-image\" data-src-fg=\"https:\/\/alpavista.ch\/Alp11\/wp-content\/uploads\/cache\/gebidum_17_036\/681208014.jpg\" src=\"data:image\/svg+xml,%3Csvg%20xmlns%3D%22http%3A%2F%2Fwww.w3.org%2F2000%2Fsvg%22%20width%3D%22101%22%20height%3D%2257%22%20viewBox%3D%220%200%20101%2057%22%3E%3C%2Fsvg%3E\" loading=\"eager\"><\/span><span class=\"fg-image-overlay\"><\/span><\/a><figcaption class=\"fg-caption\"><div class=\"fg-caption-inner\"><div class=\"fg-caption-desc\">... m\u00eame si \u00e0 l'OFROU, ils ne le savent pas encore.<\/div><\/div><\/figcaption><\/figure><div class=\"fg-loader\"><\/div><\/div><div class=\"fg-item fg-type-image fg-idle\"><figure class=\"fg-item-inner\"><a href=\"https:\/\/alpavista.ch\/Alp11\/wp-content\/uploads\/gebidum_17_037.jpg\" data-caption-title=\"Ziguwald, for\u00eat br\u00fbl\u00e9e mais somptueux sentier de cr\u00eate.\" data-caption-desc=\"Ziguwald, for\u00eat br\u00fbl\u00e9e mais somptueux sentier de cr\u00eate.\" data-attachment-id=\"32833\" data-type=\"image\" class=\"fg-thumb\"><span class=\"fg-image-wrap\"><img decoding=\"async\" alt=\"gebidum_17_037\" title=\"Ziguwald, for\u00eat br\u00fbl\u00e9e mais somptueux sentier de cr\u00eate.\" width=\"101\" height=\"57\" class=\"skip-lazy fg-image\" data-src-fg=\"https:\/\/alpavista.ch\/Alp11\/wp-content\/uploads\/cache\/gebidum_17_037\/2111147521.jpg\" src=\"data:image\/svg+xml,%3Csvg%20xmlns%3D%22http%3A%2F%2Fwww.w3.org%2F2000%2Fsvg%22%20width%3D%22101%22%20height%3D%2257%22%20viewBox%3D%220%200%20101%2057%22%3E%3C%2Fsvg%3E\" loading=\"eager\"><\/span><span class=\"fg-image-overlay\"><\/span><\/a><figcaption class=\"fg-caption\"><div class=\"fg-caption-inner\"><div class=\"fg-caption-desc\">Ziguwald, for\u00eat br\u00fbl\u00e9e mais somptueux sentier de cr\u00eate.<\/div><\/div><\/figcaption><\/figure><div class=\"fg-loader\"><\/div><\/div><div class=\"fg-item fg-type-image fg-idle\"><figure class=\"fg-item-inner\"><a href=\"https:\/\/alpavista.ch\/Alp11\/wp-content\/uploads\/gebidum_17_038.jpg\" data-caption-title=\"Tous les chemins m\u00e8nent \u00e0 Hotee, m\u00eame s&#039;il faut, parfois, savoir composer.\" data-caption-desc=\"Tous les chemins m\u00e8nent \u00e0 Hotee, m\u00eame s&#039;il faut, parfois, savoir composer.\" data-attachment-id=\"32832\" data-type=\"image\" class=\"fg-thumb\"><span class=\"fg-image-wrap\"><img decoding=\"async\" alt=\"gebidum_17_038\" title=\"Tous les chemins m\u00e8nent \u00e0 Hotee, m\u00eame s&#039;il faut, parfois, savoir composer.\" width=\"101\" height=\"57\" class=\"skip-lazy fg-image\" data-src-fg=\"https:\/\/alpavista.ch\/Alp11\/wp-content\/uploads\/cache\/gebidum_17_038\/502578992.jpg\" src=\"data:image\/svg+xml,%3Csvg%20xmlns%3D%22http%3A%2F%2Fwww.w3.org%2F2000%2Fsvg%22%20width%3D%22101%22%20height%3D%2257%22%20viewBox%3D%220%200%20101%2057%22%3E%3C%2Fsvg%3E\" loading=\"eager\"><\/span><span class=\"fg-image-overlay\"><\/span><\/a><figcaption class=\"fg-caption\"><div class=\"fg-caption-inner\"><div class=\"fg-caption-desc\">Tous les chemins m\u00e8nent \u00e0 Hotee, m\u00eame s'il faut, parfois, savoir composer.<\/div><\/div><\/figcaption><\/figure><div class=\"fg-loader\"><\/div><\/div><div class=\"fg-item fg-type-image fg-idle\"><figure class=\"fg-item-inner\"><a href=\"https:\/\/alpavista.ch\/Alp11\/wp-content\/uploads\/gebidum_17_039.jpg\" data-caption-title=\"Malgr\u00e9 la chaleur harassante, l&#039;heure de la fin de sieste a sonn\u00e9.\" data-caption-desc=\"Malgr\u00e9 la chaleur harassante, l&#039;heure de la fin de sieste a sonn\u00e9.\" data-attachment-id=\"32831\" data-type=\"image\" class=\"fg-thumb\"><span class=\"fg-image-wrap\"><img decoding=\"async\" alt=\"gebidum_17_039\" title=\"Malgr\u00e9 la chaleur harassante, l&#039;heure de la fin de sieste a sonn\u00e9.\" width=\"101\" height=\"57\" class=\"skip-lazy fg-image\" data-src-fg=\"https:\/\/alpavista.ch\/Alp11\/wp-content\/uploads\/cache\/gebidum_17_039\/3240942920.jpg\" src=\"data:image\/svg+xml,%3Csvg%20xmlns%3D%22http%3A%2F%2Fwww.w3.org%2F2000%2Fsvg%22%20width%3D%22101%22%20height%3D%2257%22%20viewBox%3D%220%200%20101%2057%22%3E%3C%2Fsvg%3E\" loading=\"eager\"><\/span><span class=\"fg-image-overlay\"><\/span><\/a><figcaption class=\"fg-caption\"><div class=\"fg-caption-inner\"><div class=\"fg-caption-desc\">Malgr\u00e9 la chaleur harassante, l'heure de la fin de sieste a sonn\u00e9.<\/div><\/div><\/figcaption><\/figure><div class=\"fg-loader\"><\/div><\/div><div class=\"fg-item fg-type-image fg-idle\"><figure class=\"fg-item-inner\"><a href=\"https:\/\/alpavista.ch\/Alp11\/wp-content\/uploads\/gebidum_17_040.jpg\" data-caption-title=\"Dernier conciliabule panoramique avant la plong\u00e9e finale sur Lonza City.\" data-caption-desc=\"Dernier conciliabule panoramique avant la plong\u00e9e finale sur Lonza City.\" data-attachment-id=\"32830\" data-type=\"image\" class=\"fg-thumb\"><span class=\"fg-image-wrap\"><img decoding=\"async\" alt=\"gebidum_17_040\" title=\"Dernier conciliabule panoramique avant la plong\u00e9e finale sur Lonza City.\" width=\"101\" height=\"57\" class=\"skip-lazy fg-image\" data-src-fg=\"https:\/\/alpavista.ch\/Alp11\/wp-content\/uploads\/cache\/gebidum_17_040\/50563127.jpg\" src=\"data:image\/svg+xml,%3Csvg%20xmlns%3D%22http%3A%2F%2Fwww.w3.org%2F2000%2Fsvg%22%20width%3D%22101%22%20height%3D%2257%22%20viewBox%3D%220%200%20101%2057%22%3E%3C%2Fsvg%3E\" loading=\"eager\"><\/span><span class=\"fg-image-overlay\"><\/span><\/a><figcaption class=\"fg-caption\"><div class=\"fg-caption-inner\"><div class=\"fg-caption-desc\">Dernier conciliabule panoramique avant la plong\u00e9e finale sur Lonza City.<\/div><\/div><\/figcaption><\/figure><div class=\"fg-loader\"><\/div><\/div><div class=\"fg-item fg-type-image fg-idle\"><figure class=\"fg-item-inner\"><a href=\"https:\/\/alpavista.ch\/Alp11\/wp-content\/uploads\/gebidum_17_041.jpg\" data-caption-title=\"Quelques bulles de fin de journ\u00e9e bien m\u00e9rit\u00e9es mais instantan\u00e9ment affon\u00e9es.\" data-caption-desc=\"Quelques bulles de fin de journ\u00e9e bien m\u00e9rit\u00e9es mais instantan\u00e9ment affon\u00e9es.\" data-attachment-id=\"32829\" data-type=\"image\" class=\"fg-thumb\"><span class=\"fg-image-wrap\"><img decoding=\"async\" alt=\"gebidum_17_041\" title=\"Quelques bulles de fin de journ\u00e9e bien m\u00e9rit\u00e9es mais instantan\u00e9ment affon\u00e9es.\" width=\"101\" height=\"57\" class=\"skip-lazy fg-image\" data-src-fg=\"https:\/\/alpavista.ch\/Alp11\/wp-content\/uploads\/cache\/gebidum_17_041\/821119681.jpg\" src=\"data:image\/svg+xml,%3Csvg%20xmlns%3D%22http%3A%2F%2Fwww.w3.org%2F2000%2Fsvg%22%20width%3D%22101%22%20height%3D%2257%22%20viewBox%3D%220%200%20101%2057%22%3E%3C%2Fsvg%3E\" loading=\"eager\"><\/span><span class=\"fg-image-overlay\"><\/span><\/a><figcaption class=\"fg-caption\"><div class=\"fg-caption-inner\"><div class=\"fg-caption-desc\">Quelques bulles de fin de journ\u00e9e bien m\u00e9rit\u00e9es mais instantan\u00e9ment affon\u00e9es.<\/div><\/div><\/figcaption><\/figure><div class=\"fg-loader\"><\/div><\/div><div class=\"fg-item fg-type-image fg-idle\"><figure class=\"fg-item-inner\"><a href=\"https:\/\/alpavista.ch\/Alp11\/wp-content\/uploads\/gebidum_17_042.jpg\" data-caption-title=\"Encore une histoire belge, ou quand la d\u00e9coration passe des boules (de glace) au nez.\" data-caption-desc=\"Encore une histoire belge, ou quand la d\u00e9coration passe des boules (de glace) au nez.\" data-attachment-id=\"32828\" data-type=\"image\" class=\"fg-thumb\"><span class=\"fg-image-wrap\"><img decoding=\"async\" alt=\"gebidum_17_042\" title=\"Encore une histoire belge, ou quand la d\u00e9coration passe des boules (de glace) au nez.\" width=\"101\" height=\"57\" class=\"skip-lazy fg-image\" data-src-fg=\"https:\/\/alpavista.ch\/Alp11\/wp-content\/uploads\/cache\/gebidum_17_042\/125791935.jpg\" src=\"data:image\/svg+xml,%3Csvg%20xmlns%3D%22http%3A%2F%2Fwww.w3.org%2F2000%2Fsvg%22%20width%3D%22101%22%20height%3D%2257%22%20viewBox%3D%220%200%20101%2057%22%3E%3C%2Fsvg%3E\" loading=\"eager\"><\/span><span class=\"fg-image-overlay\"><\/span><\/a><figcaption class=\"fg-caption\"><div class=\"fg-caption-inner\"><div class=\"fg-caption-desc\">Encore une histoire belge, ou quand la d\u00e9coration passe des boules (de glace) au nez.<\/div><\/div><\/figcaption><\/figure><div class=\"fg-loader\"><\/div><\/div><\/div>\n\n<input class=\"fooboxshare_post_id\" type=\"hidden\" value=\"10866\"\/>","protected":false},"excerpt":{"rendered":"<p>Les tubes de l\u2019\u00e9t\u00e9, \u00e7a va, \u00e7a vient et puis \u00e7a passe. Des \u00ab Lambada \u00bb, \u00ab Macarena \u00bb ou autre \u00ab Aserej\u00e9 \u00bb, aucun hit n\u2019a surv\u00e9cu \u00e0 la d\u00e9ferlante de l\u2019\u00e9t\u00e9 suivant. Alors quand un titre, \u00e0 la premi\u00e8re \u00e9coute anodine, s\u2019impose peu \u00e0 peu, au fil des mois et des ann\u00e9es, comme une chanson phare, il faut bien reconna\u00eetre que ses qualit\u00e9s sont moins superficielles qu\u2019il n\u2019y para\u00eet.<\/p>\n","protected":false},"author":2,"featured_media":10865,"comment_status":"open","ping_status":"open","sticky":false,"template":"","format":"standard","meta":{"footnotes":""},"categories":[658,4],"tags":[1207,1133,1948,1483,1529,1949,1451,1130,1208,1211,1134],"class_list":["post-10866","post","type-post","status-publish","format-standard","has-post-thumbnail","hentry","category-outdoor","category-vtt","tag-bistinepass","tag-gebidumpass","tag-giw","tag-gspon","tag-heido","tag-hotee","tag-nanzlicke","tag-nantztal","tag-simplon","tag-visp","tag-visperterminen"],"_links":{"self":[{"href":"https:\/\/alpavista.ch\/Alp11\/wp-json\/wp\/v2\/posts\/10866","targetHints":{"allow":["GET"]}}],"collection":[{"href":"https:\/\/alpavista.ch\/Alp11\/wp-json\/wp\/v2\/posts"}],"about":[{"href":"https:\/\/alpavista.ch\/Alp11\/wp-json\/wp\/v2\/types\/post"}],"author":[{"embeddable":true,"href":"https:\/\/alpavista.ch\/Alp11\/wp-json\/wp\/v2\/users\/2"}],"replies":[{"embeddable":true,"href":"https:\/\/alpavista.ch\/Alp11\/wp-json\/wp\/v2\/comments?post=10866"}],"version-history":[{"count":0,"href":"https:\/\/alpavista.ch\/Alp11\/wp-json\/wp\/v2\/posts\/10866\/revisions"}],"wp:featuredmedia":[{"embeddable":true,"href":"https:\/\/alpavista.ch\/Alp11\/wp-json\/wp\/v2\/media\/10865"}],"wp:attachment":[{"href":"https:\/\/alpavista.ch\/Alp11\/wp-json\/wp\/v2\/media?parent=10866"}],"wp:term":[{"taxonomy":"category","embeddable":true,"href":"https:\/\/alpavista.ch\/Alp11\/wp-json\/wp\/v2\/categories?post=10866"},{"taxonomy":"post_tag","embeddable":true,"href":"https:\/\/alpavista.ch\/Alp11\/wp-json\/wp\/v2\/tags?post=10866"}],"curies":[{"name":"wp","href":"https:\/\/api.w.org\/{rel}","templated":true}]}}