{"id":10932,"date":"2017-08-23T22:48:33","date_gmt":"2017-08-23T21:48:33","guid":{"rendered":"http:\/\/www.alpavista.ch\/Alp11\/?p=10932"},"modified":"2022-12-09T17:40:59","modified_gmt":"2022-12-09T16:40:59","slug":"col-saint-marcel","status":"publish","type":"post","link":"https:\/\/alpavista.ch\/Alp11\/2017\/08\/23\/col-saint-marcel\/","title":{"rendered":"Col  Saint-Marcel"},"content":{"rendered":"<p>Quand la fin ao\u00fbt pointe son nez, c\u2019est que la saison est d\u00e9j\u00e0 bien avanc\u00e9e et qu\u2019il est temps de faire un premier bilan VTT. 2017, c\u2019est beaucoup de beau temps et beaucoup de belles sorties. Des \u00ab M\u00e9diterran\u00e9ennes \u00bb printani\u00e8res, quelques \u00ab Bernoises \u00bb incontournables, beaucoup d\u2019 \u00ab Oberwalliser \u00bb mythiques et quelques-unes des plus belles \u00ab Valaisannes \u00bb. Dans l\u2019ensemble, l\u2019inventaire est positif, voire tr\u00e8s positif. Sauf si on lorgne du c\u00f4t\u00e9 de nos cousins transalpins. Nos escapades valdotaines, par rapport aux derni\u00e8res saisons, pr\u00e9sentent, en effet, un gros d\u00e9ficit. Un d\u00e9couvert, que, contrairement \u00e0 la plupart des pays dit \u00ab industrialis\u00e9s \u00bb, nous avons d\u00e9cid\u00e9 de combler d\u00e8s aujourd\u2019hui.<br \/>\n<!--more--><\/p>\n<p>Premi\u00e8re \u00e9tape de ce redressement \u00ab VTT \u00bb, le Col de Saint-Marcel et ses 2&rsquo;940 m\u00e8tres, autre porte d\u2019entr\u00e9e du superbe et tr\u00e8s \u00ab bikable \u00bb vallon de Grauson, habituel dessert du c\u00e9l\u00e8bre Passo Invergneux. Au final, de ce Saint, que je ne connaissais pas, j\u2019ai tout aim\u00e9. Son vallon sauvage mais en pentes pas toujours douces, ses 500 m\u00e8tres de portage finaux, les panoramas sur les massifs du Mont Rose et du Grand Paradis propos\u00e9 par son col, le chemin de descente sur Grauson Superiore, puis Inferiore et Gimillan, via l\u2019habituel \u00ab sentiero \u00bb venant d\u2019Invergneux, son long mais tr\u00e8s ludique retour de Cogne vers Aoste via, entre autre, le Ru d\u2019Aberio. Tout, vraiment tout, jusqu\u2019\u00e0 l\u2019incroyable \u00ab mousson \u00bb finale qui s\u2019est abattue sur nous aux portes de la \u00ab capitale \u00bb . <\/p>\n<p><strong>Giorno indimenticabile!<\/strong><br \/>\nGrazie Mille Maestro Patrik. <\/p>\n<p>PS. Il me reste plus qu\u2019\u00e0 go\u00fbter \u00e0 ce pourquoi Saint Marcel est avant tout connu, dans la r\u00e9gion et au del\u00e0, son exceptionnel \u00ab prosciutto \u00bb. Faudra revenir ! Tant pis !<\/p>\n<style type=\"text\/css\">\n#foogallery-gallery-33028 .fg-image { width: 101px; }\n#foogallery-gallery-33028 { --fg-gutter: 1px; }<\/style>\n\t\t\t<div class=\"foogallery foogallery-container foogallery-default foogallery-lightbox-none fg-left fg-default fg-ready fg-light fg-loading-default fg-loaded-fade-in fg-preset fg-selena fg-preset-small fg-preset fg-selena fg-preset-small\" id=\"foogallery-gallery-33028\" data-foogallery=\"{&quot;item&quot;:{&quot;showCaptionTitle&quot;:false,&quot;showCaptionDescription&quot;:true},&quot;lazy&quot;:true,&quot;state&quot;:{&quot;enabled&quot;:true,&quot;mask&quot;:&quot;foogallery-{id}&quot;}}\" style=\"--fg-title-line-clamp: 0; --fg-description-line-clamp: 0;\" >\n\t<div class=\"fg-item fg-type-image fg-idle\"><figure class=\"fg-item-inner\"><a href=\"https:\/\/alpavista.ch\/Alp11\/wp-content\/uploads\/st-marcel_001.jpg\" data-caption-title=\"On en prend plein les mirettes d\u00e8s le matin, face au Massif du Mont-Rose.\" data-caption-desc=\"On en prend plein les mirettes d\u00e8s le matin, face au Massif du Mont-Rose.\" data-attachment-id=\"33070\" data-type=\"image\" class=\"fg-thumb\"><span class=\"fg-image-wrap\"><img decoding=\"async\" alt=\"st-marcel_001\" title=\"On en prend plein les mirettes d\u00e8s le matin, face au Massif du Mont-Rose.\" width=\"101\" height=\"57\" class=\"skip-lazy fg-image\" data-src-fg=\"https:\/\/alpavista.ch\/Alp11\/wp-content\/uploads\/cache\/st-marcel_001\/703096401.jpg\" src=\"data:image\/svg+xml,%3Csvg%20xmlns%3D%22http%3A%2F%2Fwww.w3.org%2F2000%2Fsvg%22%20width%3D%22101%22%20height%3D%2257%22%20viewBox%3D%220%200%20101%2057%22%3E%3C%2Fsvg%3E\" loading=\"eager\"><\/span><span class=\"fg-image-overlay\"><\/span><\/a><figcaption class=\"fg-caption\"><div class=\"fg-caption-inner\"><div class=\"fg-caption-desc\">On en prend plein les mirettes d\u00e8s le matin, face au Massif du Mont-Rose.<\/div><\/div><\/figcaption><\/figure><div class=\"fg-loader\"><\/div><\/div><div class=\"fg-item fg-type-image fg-idle\"><figure class=\"fg-item-inner\"><a href=\"https:\/\/alpavista.ch\/Alp11\/wp-content\/uploads\/st-marcel_002.jpg\" data-caption-title=\"Des pourcentages et des puls&#039; : le d\u00e9but de l&#039;ascension donne imm\u00e9diatement le ton de notre journ\u00e9e.\" data-caption-desc=\"Des pourcentages et des puls&#039; : le d\u00e9but de l&#039;ascension donne imm\u00e9diatement le ton de notre journ\u00e9e.\" data-attachment-id=\"33069\" data-type=\"image\" class=\"fg-thumb\"><span class=\"fg-image-wrap\"><img decoding=\"async\" alt=\"st-marcel_002\" title=\"Des pourcentages et des puls&#039; : le d\u00e9but de l&#039;ascension donne imm\u00e9diatement le ton de notre journ\u00e9e.\" width=\"101\" height=\"57\" class=\"skip-lazy fg-image\" data-src-fg=\"https:\/\/alpavista.ch\/Alp11\/wp-content\/uploads\/cache\/st-marcel_002\/4040128875.jpg\" src=\"data:image\/svg+xml,%3Csvg%20xmlns%3D%22http%3A%2F%2Fwww.w3.org%2F2000%2Fsvg%22%20width%3D%22101%22%20height%3D%2257%22%20viewBox%3D%220%200%20101%2057%22%3E%3C%2Fsvg%3E\" loading=\"eager\"><\/span><span class=\"fg-image-overlay\"><\/span><\/a><figcaption class=\"fg-caption\"><div class=\"fg-caption-inner\"><div class=\"fg-caption-desc\">Des pourcentages et des puls' : le d\u00e9but de l'ascension donne imm\u00e9diatement le ton de notre journ\u00e9e.<\/div><\/div><\/figcaption><\/figure><div class=\"fg-loader\"><\/div><\/div><div class=\"fg-item fg-type-image fg-idle\"><figure class=\"fg-item-inner\"><a href=\"https:\/\/alpavista.ch\/Alp11\/wp-content\/uploads\/st-marcel_003.jpg\" data-caption-title=\"Les premiers rayons de soleil \u00e9clairent les anciennes mines de cuivre et de mangan\u00e8se alors que nous mettons profit une br\u00e8ve descente pour reprendre notre souffle.\" data-caption-desc=\"Les premiers rayons de soleil \u00e9clairent les anciennes mines de cuivre et de mangan\u00e8se alors que nous mettons profit une br\u00e8ve descente pour reprendre notre souffle.\" data-attachment-id=\"33068\" data-type=\"image\" class=\"fg-thumb\"><span class=\"fg-image-wrap\"><img decoding=\"async\" alt=\"st-marcel_003\" title=\"Les premiers rayons de soleil \u00e9clairent les anciennes mines de cuivre et de mangan\u00e8se alors que nous mettons profit une br\u00e8ve descente pour reprendre notre souffle.\" width=\"101\" height=\"57\" class=\"skip-lazy fg-image\" data-src-fg=\"https:\/\/alpavista.ch\/Alp11\/wp-content\/uploads\/cache\/st-marcel_003\/1536355715.jpg\" src=\"data:image\/svg+xml,%3Csvg%20xmlns%3D%22http%3A%2F%2Fwww.w3.org%2F2000%2Fsvg%22%20width%3D%22101%22%20height%3D%2257%22%20viewBox%3D%220%200%20101%2057%22%3E%3C%2Fsvg%3E\" loading=\"eager\"><\/span><span class=\"fg-image-overlay\"><\/span><\/a><figcaption class=\"fg-caption\"><div class=\"fg-caption-inner\"><div class=\"fg-caption-desc\">Les premiers rayons de soleil \u00e9clairent les anciennes mines de cuivre et de mangan\u00e8se alors que nous mettons profit une br\u00e8ve descente pour reprendre notre souffle.<\/div><\/div><\/figcaption><\/figure><div class=\"fg-loader\"><\/div><\/div><div class=\"fg-item fg-type-image fg-idle\"><figure class=\"fg-item-inner\"><a href=\"https:\/\/alpavista.ch\/Alp11\/wp-content\/uploads\/st-marcel_004.jpg\" data-caption-title=\"Mulac, derni\u00e8res traces d&#039;habitabilit\u00e9 humaine dans un vallon de plus en plus sauvage...\" data-caption-desc=\"Mulac, derni\u00e8res traces d&#039;habitabilit\u00e9 humaine dans un vallon de plus en plus sauvage...\" data-attachment-id=\"33067\" data-type=\"image\" class=\"fg-thumb\"><span class=\"fg-image-wrap\"><img decoding=\"async\" alt=\"st-marcel_004\" title=\"Mulac, derni\u00e8res traces d&#039;habitabilit\u00e9 humaine dans un vallon de plus en plus sauvage...\" width=\"101\" height=\"57\" class=\"skip-lazy fg-image\" data-src-fg=\"https:\/\/alpavista.ch\/Alp11\/wp-content\/uploads\/cache\/st-marcel_004\/884908203.jpg\" src=\"data:image\/svg+xml,%3Csvg%20xmlns%3D%22http%3A%2F%2Fwww.w3.org%2F2000%2Fsvg%22%20width%3D%22101%22%20height%3D%2257%22%20viewBox%3D%220%200%20101%2057%22%3E%3C%2Fsvg%3E\" loading=\"eager\"><\/span><span class=\"fg-image-overlay\"><\/span><\/a><figcaption class=\"fg-caption\"><div class=\"fg-caption-inner\"><div class=\"fg-caption-desc\">Mulac, derni\u00e8res traces d'habitabilit\u00e9 humaine dans un vallon de plus en plus sauvage...<\/div><\/div><\/figcaption><\/figure><div class=\"fg-loader\"><\/div><\/div><div class=\"fg-item fg-type-image fg-idle\"><figure class=\"fg-item-inner\"><a href=\"https:\/\/alpavista.ch\/Alp11\/wp-content\/uploads\/st-marcel_005.jpg\" data-caption-title=\"... et de plus en plus abrupt. Ce que la travers\u00e9e des alpages de Sinsein, puis Plan Demonin dessous et dessus nous font ressentir ...\" data-caption-desc=\"... et de plus en plus abrupt. Ce que la travers\u00e9e des alpages de Sinsein, puis Plan Demonin dessous et dessus nous font ressentir ...\" data-attachment-id=\"33066\" data-type=\"image\" class=\"fg-thumb\"><span class=\"fg-image-wrap\"><img decoding=\"async\" alt=\"st-marcel_005\" title=\"... et de plus en plus abrupt. Ce que la travers\u00e9e des alpages de Sinsein, puis Plan Demonin dessous et dessus nous font ressentir ...\" width=\"101\" height=\"57\" class=\"skip-lazy fg-image\" data-src-fg=\"https:\/\/alpavista.ch\/Alp11\/wp-content\/uploads\/cache\/st-marcel_005\/2682467395.jpg\" src=\"data:image\/svg+xml,%3Csvg%20xmlns%3D%22http%3A%2F%2Fwww.w3.org%2F2000%2Fsvg%22%20width%3D%22101%22%20height%3D%2257%22%20viewBox%3D%220%200%20101%2057%22%3E%3C%2Fsvg%3E\" loading=\"eager\"><\/span><span class=\"fg-image-overlay\"><\/span><\/a><figcaption class=\"fg-caption\"><div class=\"fg-caption-inner\"><div class=\"fg-caption-desc\">... et de plus en plus abrupt. Ce que la travers\u00e9e des alpages de Sinsein, puis Plan Demonin dessous et dessus nous font ressentir ...<\/div><\/div><\/figcaption><\/figure><div class=\"fg-loader\"><\/div><\/div><div class=\"fg-item fg-type-image fg-idle\"><figure class=\"fg-item-inner\"><a href=\"https:\/\/alpavista.ch\/Alp11\/wp-content\/uploads\/st-marcel_006.jpg\" data-caption-title=\".... les courbes de niveaux, rep\u00e9r\u00e9es la veille sur carte et trac\u00e9es perpendiculairement \u00e0 la piste d&#039;ascension nous le confirment m\u00e8tre apr\u00e8s m\u00e8tre.\" data-caption-desc=\".... les courbes de niveaux, rep\u00e9r\u00e9es la veille sur carte et trac\u00e9es perpendiculairement \u00e0 la piste d&#039;ascension nous le confirment m\u00e8tre apr\u00e8s m\u00e8tre.\" data-attachment-id=\"33065\" data-type=\"image\" class=\"fg-thumb\"><span class=\"fg-image-wrap\"><img decoding=\"async\" alt=\"st-marcel_006\" title=\".... les courbes de niveaux, rep\u00e9r\u00e9es la veille sur carte et trac\u00e9es perpendiculairement \u00e0 la piste d&#039;ascension nous le confirment m\u00e8tre apr\u00e8s m\u00e8tre.\" width=\"101\" height=\"57\" class=\"skip-lazy fg-image\" data-src-fg=\"https:\/\/alpavista.ch\/Alp11\/wp-content\/uploads\/cache\/st-marcel_006\/3111423802.jpg\" src=\"data:image\/svg+xml,%3Csvg%20xmlns%3D%22http%3A%2F%2Fwww.w3.org%2F2000%2Fsvg%22%20width%3D%22101%22%20height%3D%2257%22%20viewBox%3D%220%200%20101%2057%22%3E%3C%2Fsvg%3E\" loading=\"eager\"><\/span><span class=\"fg-image-overlay\"><\/span><\/a><figcaption class=\"fg-caption\"><div class=\"fg-caption-inner\"><div class=\"fg-caption-desc\">.... les courbes de niveaux, rep\u00e9r\u00e9es la veille sur carte et trac\u00e9es perpendiculairement \u00e0 la piste d'ascension nous le confirment m\u00e8tre apr\u00e8s m\u00e8tre.<\/div><\/div><\/figcaption><\/figure><div class=\"fg-loader\"><\/div><\/div><div class=\"fg-item fg-type-image fg-idle\"><figure class=\"fg-item-inner\"><a href=\"https:\/\/alpavista.ch\/Alp11\/wp-content\/uploads\/st-marcel_007.jpg\" data-caption-title=\"Un petit plongeon dans le Lago Layet pour r\u00e9cup\u00e9rer des premiers efforts de la journ\u00e9e ?\" data-caption-desc=\"Un petit plongeon dans le Lago Layet pour r\u00e9cup\u00e9rer des premiers efforts de la journ\u00e9e ?\" data-attachment-id=\"33064\" data-type=\"image\" class=\"fg-thumb\"><span class=\"fg-image-wrap\"><img decoding=\"async\" alt=\"st-marcel_007\" title=\"Un petit plongeon dans le Lago Layet pour r\u00e9cup\u00e9rer des premiers efforts de la journ\u00e9e ?\" width=\"101\" height=\"57\" class=\"skip-lazy fg-image\" data-src-fg=\"https:\/\/alpavista.ch\/Alp11\/wp-content\/uploads\/cache\/st-marcel_007\/304683986.jpg\" src=\"data:image\/svg+xml,%3Csvg%20xmlns%3D%22http%3A%2F%2Fwww.w3.org%2F2000%2Fsvg%22%20width%3D%22101%22%20height%3D%2257%22%20viewBox%3D%220%200%20101%2057%22%3E%3C%2Fsvg%3E\" loading=\"eager\"><\/span><span class=\"fg-image-overlay\"><\/span><\/a><figcaption class=\"fg-caption\"><div class=\"fg-caption-inner\"><div class=\"fg-caption-desc\">Un petit plongeon dans le Lago Layet pour r\u00e9cup\u00e9rer des premiers efforts de la journ\u00e9e ?<\/div><\/div><\/figcaption><\/figure><div class=\"fg-loader\"><\/div><\/div><div class=\"fg-item fg-type-image fg-idle\"><figure class=\"fg-item-inner\"><a href=\"https:\/\/alpavista.ch\/Alp11\/wp-content\/uploads\/st-marcel_008.jpg\" data-caption-title=\"C&#039;est pas l&#039;envie qui manque, juste quelques degr\u00e9s \u00e0 la temp\u00e9rature de l&#039;eau.\" data-caption-desc=\"C&#039;est pas l&#039;envie qui manque, juste quelques degr\u00e9s \u00e0 la temp\u00e9rature de l&#039;eau.\" data-attachment-id=\"33063\" data-type=\"image\" class=\"fg-thumb\"><span class=\"fg-image-wrap\"><img decoding=\"async\" alt=\"st-marcel_008\" title=\"C&#039;est pas l&#039;envie qui manque, juste quelques degr\u00e9s \u00e0 la temp\u00e9rature de l&#039;eau.\" width=\"101\" height=\"57\" class=\"skip-lazy fg-image\" data-src-fg=\"https:\/\/alpavista.ch\/Alp11\/wp-content\/uploads\/cache\/st-marcel_008\/666821245.jpg\" src=\"data:image\/svg+xml,%3Csvg%20xmlns%3D%22http%3A%2F%2Fwww.w3.org%2F2000%2Fsvg%22%20width%3D%22101%22%20height%3D%2257%22%20viewBox%3D%220%200%20101%2057%22%3E%3C%2Fsvg%3E\" loading=\"eager\"><\/span><span class=\"fg-image-overlay\"><\/span><\/a><figcaption class=\"fg-caption\"><div class=\"fg-caption-inner\"><div class=\"fg-caption-desc\">C'est pas l'envie qui manque, juste quelques degr\u00e9s \u00e0 la temp\u00e9rature de l'eau.<\/div><\/div><\/figcaption><\/figure><div class=\"fg-loader\"><\/div><\/div><div class=\"fg-item fg-type-image fg-idle\"><figure class=\"fg-item-inner\"><a href=\"https:\/\/alpavista.ch\/Alp11\/wp-content\/uploads\/st-marcel_009.jpg\" data-caption-title=\"Derni\u00e8re rude bugne &quot;on the bike&quot;, le goulet donnant acc\u00e8s \u00e0 la vaste cuvette de la Grand Chaux.\" data-caption-desc=\"Derni\u00e8re rude bugne &quot;on the bike&quot;, le goulet donnant acc\u00e8s \u00e0 la vaste cuvette de la Grand Chaux.\" data-attachment-id=\"33062\" data-type=\"image\" class=\"fg-thumb\"><span class=\"fg-image-wrap\"><img decoding=\"async\" alt=\"st-marcel_009\" title=\"Derni\u00e8re rude bugne &quot;on the bike&quot;, le goulet donnant acc\u00e8s \u00e0 la vaste cuvette de la Grand Chaux.\" width=\"101\" height=\"57\" class=\"skip-lazy fg-image\" data-src-fg=\"https:\/\/alpavista.ch\/Alp11\/wp-content\/uploads\/cache\/st-marcel_009\/2363717269.jpg\" src=\"data:image\/svg+xml,%3Csvg%20xmlns%3D%22http%3A%2F%2Fwww.w3.org%2F2000%2Fsvg%22%20width%3D%22101%22%20height%3D%2257%22%20viewBox%3D%220%200%20101%2057%22%3E%3C%2Fsvg%3E\" loading=\"eager\"><\/span><span class=\"fg-image-overlay\"><\/span><\/a><figcaption class=\"fg-caption\"><div class=\"fg-caption-inner\"><div class=\"fg-caption-desc\">Derni\u00e8re rude bugne \"on the bike\", le goulet donnant acc\u00e8s \u00e0 la vaste cuvette de la Grand Chaux.<\/div><\/div><\/figcaption><\/figure><div class=\"fg-loader\"><\/div><\/div><div class=\"fg-item fg-type-image fg-idle\"><figure class=\"fg-item-inner\"><a href=\"https:\/\/alpavista.ch\/Alp11\/wp-content\/uploads\/st-marcel_010.jpg\" data-caption-title=\"Signore Cervino a un peu de mal \u00e0 \u00e9merger, ce matin. Cons\u00e9quence d&#039;une nuit agit\u00e9e ?\" data-caption-desc=\"Signore Cervino a un peu de mal \u00e0 \u00e9merger, ce matin. Cons\u00e9quence d&#039;une nuit agit\u00e9e ?\" data-attachment-id=\"33061\" data-type=\"image\" class=\"fg-thumb\"><span class=\"fg-image-wrap\"><img decoding=\"async\" alt=\"st-marcel_010\" title=\"Signore Cervino a un peu de mal \u00e0 \u00e9merger, ce matin. Cons\u00e9quence d&#039;une nuit agit\u00e9e ?\" width=\"101\" height=\"57\" class=\"skip-lazy fg-image\" data-src-fg=\"https:\/\/alpavista.ch\/Alp11\/wp-content\/uploads\/cache\/st-marcel_010\/751813991.jpg\" src=\"data:image\/svg+xml,%3Csvg%20xmlns%3D%22http%3A%2F%2Fwww.w3.org%2F2000%2Fsvg%22%20width%3D%22101%22%20height%3D%2257%22%20viewBox%3D%220%200%20101%2057%22%3E%3C%2Fsvg%3E\" loading=\"eager\"><\/span><span class=\"fg-image-overlay\"><\/span><\/a><figcaption class=\"fg-caption\"><div class=\"fg-caption-inner\"><div class=\"fg-caption-desc\">Signore Cervino a un peu de mal \u00e0 \u00e9merger, ce matin. Cons\u00e9quence d'une nuit agit\u00e9e ?<\/div><\/div><\/figcaption><\/figure><div class=\"fg-loader\"><\/div><\/div><div class=\"fg-item fg-type-image fg-idle\"><figure class=\"fg-item-inner\"><a href=\"https:\/\/alpavista.ch\/Alp11\/wp-content\/uploads\/st-marcel_011.jpg\" data-caption-title=\"Un petit wheeling sobrement ex\u00e9cut\u00e9 par l&#039;ami Mirko ...\" data-caption-desc=\"Un petit wheeling sobrement ex\u00e9cut\u00e9 par l&#039;ami Mirko ...\" data-attachment-id=\"33060\" data-type=\"image\" class=\"fg-thumb\"><span class=\"fg-image-wrap\"><img decoding=\"async\" alt=\"st-marcel_011\" title=\"Un petit wheeling sobrement ex\u00e9cut\u00e9 par l&#039;ami Mirko ...\" width=\"101\" height=\"57\" class=\"skip-lazy fg-image\" data-src-fg=\"https:\/\/alpavista.ch\/Alp11\/wp-content\/uploads\/cache\/st-marcel_011\/2274513295.jpg\" src=\"data:image\/svg+xml,%3Csvg%20xmlns%3D%22http%3A%2F%2Fwww.w3.org%2F2000%2Fsvg%22%20width%3D%22101%22%20height%3D%2257%22%20viewBox%3D%220%200%20101%2057%22%3E%3C%2Fsvg%3E\" loading=\"eager\"><\/span><span class=\"fg-image-overlay\"><\/span><\/a><figcaption class=\"fg-caption\"><div class=\"fg-caption-inner\"><div class=\"fg-caption-desc\">Un petit wheeling sobrement ex\u00e9cut\u00e9 par l'ami Mirko ...<\/div><\/div><\/figcaption><\/figure><div class=\"fg-loader\"><\/div><\/div><div class=\"fg-item fg-type-image fg-idle\"><figure class=\"fg-item-inner\"><a href=\"https:\/\/alpavista.ch\/Alp11\/wp-content\/uploads\/st-marcel_012.jpg\" data-caption-title=\"... ou les v\u00e9n\u00e9rables escaliers du pavillon de chasse du Grand Avert, tout schuss. A chacun sa mani\u00e8re de montrer qu&#039;il est ravi d&#039;en avoir fini avec la piste.\" data-caption-desc=\"... ou les v\u00e9n\u00e9rables escaliers du pavillon de chasse du Grand Avert, tout schuss. A chacun sa mani\u00e8re de montrer qu&#039;il est ravi d&#039;en avoir fini avec la piste.\" data-attachment-id=\"33059\" data-type=\"image\" class=\"fg-thumb\"><span class=\"fg-image-wrap\"><img decoding=\"async\" alt=\"st-marcel_012\" title=\"... ou les v\u00e9n\u00e9rables escaliers du pavillon de chasse du Grand Avert, tout schuss. A chacun sa mani\u00e8re de montrer qu&#039;il est ravi d&#039;en avoir fini avec la piste.\" width=\"101\" height=\"57\" class=\"skip-lazy fg-image\" data-src-fg=\"https:\/\/alpavista.ch\/Alp11\/wp-content\/uploads\/cache\/st-marcel_012\/4156952526.jpg\" src=\"data:image\/svg+xml,%3Csvg%20xmlns%3D%22http%3A%2F%2Fwww.w3.org%2F2000%2Fsvg%22%20width%3D%22101%22%20height%3D%2257%22%20viewBox%3D%220%200%20101%2057%22%3E%3C%2Fsvg%3E\" loading=\"eager\"><\/span><span class=\"fg-image-overlay\"><\/span><\/a><figcaption class=\"fg-caption\"><div class=\"fg-caption-inner\"><div class=\"fg-caption-desc\">... ou les v\u00e9n\u00e9rables escaliers du pavillon de chasse du Grand Avert, tout schuss. A chacun sa mani\u00e8re de montrer qu'il est ravi d'en avoir fini avec la piste.<\/div><\/div><\/figcaption><\/figure><div class=\"fg-loader\"><\/div><\/div><div class=\"fg-item fg-type-image fg-idle\"><figure class=\"fg-item-inner\"><a href=\"https:\/\/alpavista.ch\/Alp11\/wp-content\/uploads\/st-marcel_013.jpg\" data-caption-title=\"Place au premier &quot;sentiero&quot; de l&#039;itin\u00e9raire. D&#039;abord \u00e0 peu pr\u00e8s roulant ...\" data-caption-desc=\"Place au premier &quot;sentiero&quot; de l&#039;itin\u00e9raire. D&#039;abord \u00e0 peu pr\u00e8s roulant ...\" data-attachment-id=\"33058\" data-type=\"image\" class=\"fg-thumb\"><span class=\"fg-image-wrap\"><img decoding=\"async\" alt=\"st-marcel_013\" title=\"Place au premier &quot;sentiero&quot; de l&#039;itin\u00e9raire. D&#039;abord \u00e0 peu pr\u00e8s roulant ...\" width=\"101\" height=\"57\" class=\"skip-lazy fg-image\" data-src-fg=\"https:\/\/alpavista.ch\/Alp11\/wp-content\/uploads\/cache\/st-marcel_013\/1553701670.jpg\" src=\"data:image\/svg+xml,%3Csvg%20xmlns%3D%22http%3A%2F%2Fwww.w3.org%2F2000%2Fsvg%22%20width%3D%22101%22%20height%3D%2257%22%20viewBox%3D%220%200%20101%2057%22%3E%3C%2Fsvg%3E\" loading=\"eager\"><\/span><span class=\"fg-image-overlay\"><\/span><\/a><figcaption class=\"fg-caption\"><div class=\"fg-caption-inner\"><div class=\"fg-caption-desc\">Place au premier \"sentiero\" de l'itin\u00e9raire. D'abord \u00e0 peu pr\u00e8s roulant ...<\/div><\/div><\/figcaption><\/figure><div class=\"fg-loader\"><\/div><\/div><div class=\"fg-item fg-type-image fg-idle\"><figure class=\"fg-item-inner\"><a href=\"https:\/\/alpavista.ch\/Alp11\/wp-content\/uploads\/st-marcel_014.jpg\" data-caption-title=\"... puis rapidement portant, voire tr\u00e8s (bien) portant.\" data-caption-desc=\"... puis rapidement portant, voire tr\u00e8s (bien) portant.\" data-attachment-id=\"33057\" data-type=\"image\" class=\"fg-thumb\"><span class=\"fg-image-wrap\"><img decoding=\"async\" alt=\"st-marcel_014\" title=\"... puis rapidement portant, voire tr\u00e8s (bien) portant.\" width=\"101\" height=\"57\" class=\"skip-lazy fg-image\" data-src-fg=\"https:\/\/alpavista.ch\/Alp11\/wp-content\/uploads\/cache\/st-marcel_014\/867685902.jpg\" src=\"data:image\/svg+xml,%3Csvg%20xmlns%3D%22http%3A%2F%2Fwww.w3.org%2F2000%2Fsvg%22%20width%3D%22101%22%20height%3D%2257%22%20viewBox%3D%220%200%20101%2057%22%3E%3C%2Fsvg%3E\" loading=\"eager\"><\/span><span class=\"fg-image-overlay\"><\/span><\/a><figcaption class=\"fg-caption\"><div class=\"fg-caption-inner\"><div class=\"fg-caption-desc\">... puis rapidement portant, voire tr\u00e8s (bien) portant.<\/div><\/div><\/figcaption><\/figure><div class=\"fg-loader\"><\/div><\/div><div class=\"fg-item fg-type-image fg-idle\"><figure class=\"fg-item-inner\"><a href=\"https:\/\/alpavista.ch\/Alp11\/wp-content\/uploads\/st-marcel_015.jpg\" data-caption-title=\"M\u00eame si chaque replat est mis \u00e0 profit pour changer d&#039;exercice...\" data-caption-desc=\"M\u00eame si chaque replat est mis \u00e0 profit pour changer d&#039;exercice...\" data-attachment-id=\"33056\" data-type=\"image\" class=\"fg-thumb\"><span class=\"fg-image-wrap\"><img decoding=\"async\" alt=\"st-marcel_015\" title=\"M\u00eame si chaque replat est mis \u00e0 profit pour changer d&#039;exercice...\" width=\"101\" height=\"57\" class=\"skip-lazy fg-image\" data-src-fg=\"https:\/\/alpavista.ch\/Alp11\/wp-content\/uploads\/cache\/st-marcel_015\/2565489382.jpg\" src=\"data:image\/svg+xml,%3Csvg%20xmlns%3D%22http%3A%2F%2Fwww.w3.org%2F2000%2Fsvg%22%20width%3D%22101%22%20height%3D%2257%22%20viewBox%3D%220%200%20101%2057%22%3E%3C%2Fsvg%3E\" loading=\"eager\"><\/span><span class=\"fg-image-overlay\"><\/span><\/a><figcaption class=\"fg-caption\"><div class=\"fg-caption-inner\"><div class=\"fg-caption-desc\">M\u00eame si chaque replat est mis \u00e0 profit pour changer d'exercice...<\/div><\/div><\/figcaption><\/figure><div class=\"fg-loader\"><\/div><\/div><div class=\"fg-item fg-type-image fg-idle\"><figure class=\"fg-item-inner\"><a href=\"https:\/\/alpavista.ch\/Alp11\/wp-content\/uploads\/st-marcel_016.jpg\" data-caption-title=\"... l&#039;essentiel des 500 derniers m\u00e8tres de D+ se passe bike sur les \u00e9paules et pas \u00e0 pas.\" data-caption-desc=\"... l&#039;essentiel des 500 derniers m\u00e8tres de D+ se passe bike sur les \u00e9paules et pas \u00e0 pas.\" data-attachment-id=\"33055\" data-type=\"image\" class=\"fg-thumb\"><span class=\"fg-image-wrap\"><img decoding=\"async\" alt=\"st-marcel_016\" title=\"... l&#039;essentiel des 500 derniers m\u00e8tres de D+ se passe bike sur les \u00e9paules et pas \u00e0 pas.\" width=\"101\" height=\"57\" class=\"skip-lazy fg-image\" data-src-fg=\"https:\/\/alpavista.ch\/Alp11\/wp-content\/uploads\/cache\/st-marcel_016\/3195926943.jpg\" src=\"data:image\/svg+xml,%3Csvg%20xmlns%3D%22http%3A%2F%2Fwww.w3.org%2F2000%2Fsvg%22%20width%3D%22101%22%20height%3D%2257%22%20viewBox%3D%220%200%20101%2057%22%3E%3C%2Fsvg%3E\" loading=\"eager\"><\/span><span class=\"fg-image-overlay\"><\/span><\/a><figcaption class=\"fg-caption\"><div class=\"fg-caption-inner\"><div class=\"fg-caption-desc\">... l'essentiel des 500 derniers m\u00e8tres de D+ se passe bike sur les \u00e9paules et pas \u00e0 pas.<\/div><\/div><\/figcaption><\/figure><div class=\"fg-loader\"><\/div><\/div><div class=\"fg-item fg-type-image fg-idle\"><figure class=\"fg-item-inner\"><a href=\"https:\/\/alpavista.ch\/Alp11\/wp-content\/uploads\/st-marcel_017.jpg\" data-caption-title=\"L&#039;un apr\u00e8s l&#039;autre, les 2&#039;940 m\u00e8tres du Col de Saint Marcel finissent par descendre \u00e0 notre rencontre.\" data-caption-desc=\"L&#039;un apr\u00e8s l&#039;autre, les 2&#039;940 m\u00e8tres du Col de Saint Marcel finissent par descendre \u00e0 notre rencontre.\" data-attachment-id=\"33054\" data-type=\"image\" class=\"fg-thumb\"><span class=\"fg-image-wrap\"><img decoding=\"async\" alt=\"st-marcel_017\" title=\"L&#039;un apr\u00e8s l&#039;autre, les 2&#039;940 m\u00e8tres du Col de Saint Marcel finissent par descendre \u00e0 notre rencontre.\" width=\"101\" height=\"57\" class=\"skip-lazy fg-image\" data-src-fg=\"https:\/\/alpavista.ch\/Alp11\/wp-content\/uploads\/cache\/st-marcel_017\/354446711.jpg\" src=\"data:image\/svg+xml,%3Csvg%20xmlns%3D%22http%3A%2F%2Fwww.w3.org%2F2000%2Fsvg%22%20width%3D%22101%22%20height%3D%2257%22%20viewBox%3D%220%200%20101%2057%22%3E%3C%2Fsvg%3E\" loading=\"eager\"><\/span><span class=\"fg-image-overlay\"><\/span><\/a><figcaption class=\"fg-caption\"><div class=\"fg-caption-inner\"><div class=\"fg-caption-desc\">L'un apr\u00e8s l'autre, les 2'940 m\u00e8tres du Col de Saint Marcel finissent par descendre \u00e0 notre rencontre.<\/div><\/div><\/figcaption><\/figure><div class=\"fg-loader\"><\/div><\/div><div class=\"fg-item fg-type-image fg-idle\"><figure class=\"fg-item-inner\"><a href=\"https:\/\/alpavista.ch\/Alp11\/wp-content\/uploads\/st-marcel_018.jpg\" data-caption-title=\"Give Me Five ! Ami d&#039;un jour, ami de toujours.\" data-caption-desc=\"Give Me Five ! Ami d&#039;un jour, ami de toujours.\" data-attachment-id=\"33053\" data-type=\"image\" class=\"fg-thumb\"><span class=\"fg-image-wrap\"><img decoding=\"async\" alt=\"st-marcel_018\" title=\"Give Me Five ! Ami d&#039;un jour, ami de toujours.\" width=\"101\" height=\"57\" class=\"skip-lazy fg-image\" data-src-fg=\"https:\/\/alpavista.ch\/Alp11\/wp-content\/uploads\/cache\/st-marcel_018\/548902104.jpg\" src=\"data:image\/svg+xml,%3Csvg%20xmlns%3D%22http%3A%2F%2Fwww.w3.org%2F2000%2Fsvg%22%20width%3D%22101%22%20height%3D%2257%22%20viewBox%3D%220%200%20101%2057%22%3E%3C%2Fsvg%3E\" loading=\"eager\"><\/span><span class=\"fg-image-overlay\"><\/span><\/a><figcaption class=\"fg-caption\"><div class=\"fg-caption-inner\"><div class=\"fg-caption-desc\">Give Me Five ! Ami d'un jour, ami de toujours.<\/div><\/div><\/figcaption><\/figure><div class=\"fg-loader\"><\/div><\/div><div class=\"fg-item fg-type-image fg-idle\"><figure class=\"fg-item-inner\"><a href=\"https:\/\/alpavista.ch\/Alp11\/wp-content\/uploads\/st-marcel_019.jpg\" data-caption-title=\"Changement de vallon et changement de plaisir.\" data-caption-desc=\"Changement de vallon et changement de plaisir.\" data-attachment-id=\"33052\" data-type=\"image\" class=\"fg-thumb\"><span class=\"fg-image-wrap\"><img decoding=\"async\" alt=\"st-marcel_019\" title=\"Changement de vallon et changement de plaisir.\" width=\"101\" height=\"57\" class=\"skip-lazy fg-image\" data-src-fg=\"https:\/\/alpavista.ch\/Alp11\/wp-content\/uploads\/cache\/st-marcel_019\/2347368496.jpg\" src=\"data:image\/svg+xml,%3Csvg%20xmlns%3D%22http%3A%2F%2Fwww.w3.org%2F2000%2Fsvg%22%20width%3D%22101%22%20height%3D%2257%22%20viewBox%3D%220%200%20101%2057%22%3E%3C%2Fsvg%3E\" loading=\"eager\"><\/span><span class=\"fg-image-overlay\"><\/span><\/a><figcaption class=\"fg-caption\"><div class=\"fg-caption-inner\"><div class=\"fg-caption-desc\">Changement de vallon et changement de plaisir.<\/div><\/div><\/figcaption><\/figure><div class=\"fg-loader\"><\/div><\/div><div class=\"fg-item fg-type-image fg-idle\"><figure class=\"fg-item-inner\"><a href=\"https:\/\/alpavista.ch\/Alp11\/wp-content\/uploads\/st-marcel_020.jpg\" data-caption-title=\"Fini le coeur qui tape et le souffle qui hal\u00e8te. Place au doux chant de la roue libre.\" data-caption-desc=\"Fini le coeur qui tape et le souffle qui hal\u00e8te. Place au doux chant de la roue libre.\" data-attachment-id=\"33051\" data-type=\"image\" class=\"fg-thumb\"><span class=\"fg-image-wrap\"><img decoding=\"async\" alt=\"st-marcel_020\" title=\"Fini le coeur qui tape et le souffle qui hal\u00e8te. Place au doux chant de la roue libre.\" width=\"101\" height=\"57\" class=\"skip-lazy fg-image\" data-src-fg=\"https:\/\/alpavista.ch\/Alp11\/wp-content\/uploads\/cache\/st-marcel_020\/87071556.jpg\" src=\"data:image\/svg+xml,%3Csvg%20xmlns%3D%22http%3A%2F%2Fwww.w3.org%2F2000%2Fsvg%22%20width%3D%22101%22%20height%3D%2257%22%20viewBox%3D%220%200%20101%2057%22%3E%3C%2Fsvg%3E\" loading=\"eager\"><\/span><span class=\"fg-image-overlay\"><\/span><\/a><figcaption class=\"fg-caption\"><div class=\"fg-caption-inner\"><div class=\"fg-caption-desc\">Fini le coeur qui tape et le souffle qui hal\u00e8te. Place au doux chant de la roue libre.<\/div><\/div><\/figcaption><\/figure><div class=\"fg-loader\"><\/div><\/div><div class=\"fg-item fg-type-image fg-idle\"><figure class=\"fg-item-inner\"><a href=\"https:\/\/alpavista.ch\/Alp11\/wp-content\/uploads\/st-marcel_021.jpg\" data-caption-title=\"La plong\u00e9e dans le vallon de Grauson d\u00e9bute par une superbe brochette de lacets lascifs, face au Lago Corona.\" data-caption-desc=\"La plong\u00e9e dans le vallon de Grauson d\u00e9bute par une superbe brochette de lacets lascifs, face au Lago Corona.\" data-attachment-id=\"33050\" data-type=\"image\" class=\"fg-thumb\"><span class=\"fg-image-wrap\"><img decoding=\"async\" alt=\"st-marcel_021\" title=\"La plong\u00e9e dans le vallon de Grauson d\u00e9bute par une superbe brochette de lacets lascifs, face au Lago Corona.\" width=\"101\" height=\"57\" class=\"skip-lazy fg-image\" data-src-fg=\"https:\/\/alpavista.ch\/Alp11\/wp-content\/uploads\/cache\/st-marcel_021\/2926383020.jpg\" src=\"data:image\/svg+xml,%3Csvg%20xmlns%3D%22http%3A%2F%2Fwww.w3.org%2F2000%2Fsvg%22%20width%3D%22101%22%20height%3D%2257%22%20viewBox%3D%220%200%20101%2057%22%3E%3C%2Fsvg%3E\" loading=\"eager\"><\/span><span class=\"fg-image-overlay\"><\/span><\/a><figcaption class=\"fg-caption\"><div class=\"fg-caption-inner\"><div class=\"fg-caption-desc\">La plong\u00e9e dans le vallon de Grauson d\u00e9bute par une superbe brochette de lacets lascifs, face au Lago Corona.<\/div><\/div><\/figcaption><\/figure><div class=\"fg-loader\"><\/div><\/div><div class=\"fg-item fg-type-image fg-idle\"><figure class=\"fg-item-inner\"><a href=\"https:\/\/alpavista.ch\/Alp11\/wp-content\/uploads\/st-marcel_022.jpg\" data-caption-title=\"Un menu d&#039;autant plus app\u00e9tissant, qu&#039;il est servi dans un \u00e9crin de verdure.\" data-caption-desc=\"Un menu d&#039;autant plus app\u00e9tissant, qu&#039;il est servi dans un \u00e9crin de verdure.\" data-attachment-id=\"33049\" data-type=\"image\" class=\"fg-thumb\"><span class=\"fg-image-wrap\"><img decoding=\"async\" alt=\"st-marcel_022\" title=\"Un menu d&#039;autant plus app\u00e9tissant, qu&#039;il est servi dans un \u00e9crin de verdure.\" width=\"101\" height=\"57\" class=\"skip-lazy fg-image\" data-src-fg=\"https:\/\/alpavista.ch\/Alp11\/wp-content\/uploads\/cache\/st-marcel_022\/2001342614.jpg\" src=\"data:image\/svg+xml,%3Csvg%20xmlns%3D%22http%3A%2F%2Fwww.w3.org%2F2000%2Fsvg%22%20width%3D%22101%22%20height%3D%2257%22%20viewBox%3D%220%200%20101%2057%22%3E%3C%2Fsvg%3E\" loading=\"eager\"><\/span><span class=\"fg-image-overlay\"><\/span><\/a><figcaption class=\"fg-caption\"><div class=\"fg-caption-inner\"><div class=\"fg-caption-desc\">Un menu d'autant plus app\u00e9tissant, qu'il est servi dans un \u00e9crin de verdure.<\/div><\/div><\/figcaption><\/figure><div class=\"fg-loader\"><\/div><\/div><div class=\"fg-item fg-type-image fg-idle\"><figure class=\"fg-item-inner\"><a href=\"https:\/\/alpavista.ch\/Alp11\/wp-content\/uploads\/st-marcel_023.jpg\" data-caption-title=\"Enfin, pour ceux qui aiment la verdure. Pas pour ceux qui pr\u00e9f\u00e8rent la d\u00e9couper \u00e0 la mode &quot;goret&quot;.\" data-caption-desc=\"Enfin, pour ceux qui aiment la verdure. Pas pour ceux qui pr\u00e9f\u00e8rent la d\u00e9couper \u00e0 la mode &quot;goret&quot;.\" data-attachment-id=\"33048\" data-type=\"image\" class=\"fg-thumb\"><span class=\"fg-image-wrap\"><img decoding=\"async\" alt=\"st-marcel_023\" title=\"Enfin, pour ceux qui aiment la verdure. Pas pour ceux qui pr\u00e9f\u00e8rent la d\u00e9couper \u00e0 la mode &quot;goret&quot;.\" width=\"101\" height=\"57\" class=\"skip-lazy fg-image\" data-src-fg=\"https:\/\/alpavista.ch\/Alp11\/wp-content\/uploads\/cache\/st-marcel_023\/3692528766.jpg\" src=\"data:image\/svg+xml,%3Csvg%20xmlns%3D%22http%3A%2F%2Fwww.w3.org%2F2000%2Fsvg%22%20width%3D%22101%22%20height%3D%2257%22%20viewBox%3D%220%200%20101%2057%22%3E%3C%2Fsvg%3E\" loading=\"eager\"><\/span><span class=\"fg-image-overlay\"><\/span><\/a><figcaption class=\"fg-caption\"><div class=\"fg-caption-inner\"><div class=\"fg-caption-desc\">Enfin, pour ceux qui aiment la verdure. Pas pour ceux qui pr\u00e9f\u00e8rent la d\u00e9couper \u00e0 la mode \"goret\".<\/div><\/div><\/figcaption><\/figure><div class=\"fg-loader\"><\/div><\/div><div class=\"fg-item fg-type-image fg-idle\"><figure class=\"fg-item-inner\"><a href=\"https:\/\/alpavista.ch\/Alp11\/wp-content\/uploads\/st-marcel_024.jpg\" data-caption-title=\"Comme \u00e0 la mont\u00e9e, mais dans un ordre diff\u00e9rent. Chacun son rythme, chacun son plaisir.\" data-caption-desc=\"Comme \u00e0 la mont\u00e9e, mais dans un ordre diff\u00e9rent. Chacun son rythme, chacun son plaisir.\" data-attachment-id=\"33047\" data-type=\"image\" class=\"fg-thumb\"><span class=\"fg-image-wrap\"><img decoding=\"async\" alt=\"st-marcel_024\" title=\"Comme \u00e0 la mont\u00e9e, mais dans un ordre diff\u00e9rent. Chacun son rythme, chacun son plaisir.\" width=\"101\" height=\"57\" class=\"skip-lazy fg-image\" data-src-fg=\"https:\/\/alpavista.ch\/Alp11\/wp-content\/uploads\/cache\/st-marcel_024\/3007039830.jpg\" src=\"data:image\/svg+xml,%3Csvg%20xmlns%3D%22http%3A%2F%2Fwww.w3.org%2F2000%2Fsvg%22%20width%3D%22101%22%20height%3D%2257%22%20viewBox%3D%220%200%20101%2057%22%3E%3C%2Fsvg%3E\" loading=\"eager\"><\/span><span class=\"fg-image-overlay\"><\/span><\/a><figcaption class=\"fg-caption\"><div class=\"fg-caption-inner\"><div class=\"fg-caption-desc\">Comme \u00e0 la mont\u00e9e, mais dans un ordre diff\u00e9rent. Chacun son rythme, chacun son plaisir.<\/div><\/div><\/figcaption><\/figure><div class=\"fg-loader\"><\/div><\/div><div class=\"fg-item fg-type-image fg-idle\"><figure class=\"fg-item-inner\"><a href=\"https:\/\/alpavista.ch\/Alp11\/wp-content\/uploads\/st-marcel_025.jpg\" data-caption-title=\"Ombre des cumulus et petit biset nous ont momentan\u00e9ment forc\u00e9 \u00e0 ressortir nos K-Way.\" data-caption-desc=\"Ombre des cumulus et petit biset nous ont momentan\u00e9ment forc\u00e9 \u00e0 ressortir nos K-Way.\" data-attachment-id=\"33046\" data-type=\"image\" class=\"fg-thumb\"><span class=\"fg-image-wrap\"><img decoding=\"async\" alt=\"st-marcel_025\" title=\"Ombre des cumulus et petit biset nous ont momentan\u00e9ment forc\u00e9 \u00e0 ressortir nos K-Way.\" width=\"101\" height=\"57\" class=\"skip-lazy fg-image\" data-src-fg=\"https:\/\/alpavista.ch\/Alp11\/wp-content\/uploads\/cache\/st-marcel_025\/409361854.jpg\" src=\"data:image\/svg+xml,%3Csvg%20xmlns%3D%22http%3A%2F%2Fwww.w3.org%2F2000%2Fsvg%22%20width%3D%22101%22%20height%3D%2257%22%20viewBox%3D%220%200%20101%2057%22%3E%3C%2Fsvg%3E\" loading=\"eager\"><\/span><span class=\"fg-image-overlay\"><\/span><\/a><figcaption class=\"fg-caption\"><div class=\"fg-caption-inner\"><div class=\"fg-caption-desc\">Ombre des cumulus et petit biset nous ont momentan\u00e9ment forc\u00e9 \u00e0 ressortir nos K-Way.<\/div><\/div><\/figcaption><\/figure><div class=\"fg-loader\"><\/div><\/div><div class=\"fg-item fg-type-image fg-idle\"><figure class=\"fg-item-inner\"><a href=\"https:\/\/alpavista.ch\/Alp11\/wp-content\/uploads\/st-marcel_026.jpg\" data-caption-title=\"M\u00eame si le balisage est imposant et omnipr\u00e9sent, les conseils d&#039;un guide autochtone seront toujours le meilleur gage d&#039;une journ\u00e9e VTT r\u00e9ussie.\" data-caption-desc=\"M\u00eame si le balisage est imposant et omnipr\u00e9sent, les conseils d&#039;un guide autochtone seront toujours le meilleur gage d&#039;une journ\u00e9e VTT r\u00e9ussie.\" data-attachment-id=\"33045\" data-type=\"image\" class=\"fg-thumb\"><span class=\"fg-image-wrap\"><img decoding=\"async\" alt=\"st-marcel_026\" title=\"M\u00eame si le balisage est imposant et omnipr\u00e9sent, les conseils d&#039;un guide autochtone seront toujours le meilleur gage d&#039;une journ\u00e9e VTT r\u00e9ussie.\" width=\"101\" height=\"57\" class=\"skip-lazy fg-image\" data-src-fg=\"https:\/\/alpavista.ch\/Alp11\/wp-content\/uploads\/cache\/st-marcel_026\/1056040647.jpg\" src=\"data:image\/svg+xml,%3Csvg%20xmlns%3D%22http%3A%2F%2Fwww.w3.org%2F2000%2Fsvg%22%20width%3D%22101%22%20height%3D%2257%22%20viewBox%3D%220%200%20101%2057%22%3E%3C%2Fsvg%3E\" loading=\"eager\"><\/span><span class=\"fg-image-overlay\"><\/span><\/a><figcaption class=\"fg-caption\"><div class=\"fg-caption-inner\"><div class=\"fg-caption-desc\">M\u00eame si le balisage est imposant et omnipr\u00e9sent, les conseils d'un guide autochtone seront toujours le meilleur gage d'une journ\u00e9e VTT r\u00e9ussie.<\/div><\/div><\/figcaption><\/figure><div class=\"fg-loader\"><\/div><\/div><div class=\"fg-item fg-type-image fg-idle\"><figure class=\"fg-item-inner\"><a href=\"https:\/\/alpavista.ch\/Alp11\/wp-content\/uploads\/st-marcel_027.jpg\" data-caption-title=\"L&#039;autoroute de contournement de la piscine officielle de Grauson Superiore nous donne l&#039;occasion de l\u00e2cher chevaux et freins.\" data-caption-desc=\"L&#039;autoroute de contournement de la piscine officielle de Grauson Superiore nous donne l&#039;occasion de l\u00e2cher chevaux et freins.\" data-attachment-id=\"33044\" data-type=\"image\" class=\"fg-thumb\"><span class=\"fg-image-wrap\"><img decoding=\"async\" alt=\"st-marcel_027\" title=\"L&#039;autoroute de contournement de la piscine officielle de Grauson Superiore nous donne l&#039;occasion de l\u00e2cher chevaux et freins.\" width=\"101\" height=\"57\" class=\"skip-lazy fg-image\" data-src-fg=\"https:\/\/alpavista.ch\/Alp11\/wp-content\/uploads\/cache\/st-marcel_027\/2511106607.jpg\" src=\"data:image\/svg+xml,%3Csvg%20xmlns%3D%22http%3A%2F%2Fwww.w3.org%2F2000%2Fsvg%22%20width%3D%22101%22%20height%3D%2257%22%20viewBox%3D%220%200%20101%2057%22%3E%3C%2Fsvg%3E\" loading=\"eager\"><\/span><span class=\"fg-image-overlay\"><\/span><\/a><figcaption class=\"fg-caption\"><div class=\"fg-caption-inner\"><div class=\"fg-caption-desc\">L'autoroute de contournement de la piscine officielle de Grauson Superiore nous donne l'occasion de l\u00e2cher chevaux et freins.<\/div><\/div><\/figcaption><\/figure><div class=\"fg-loader\"><\/div><\/div><div class=\"fg-item fg-type-image fg-idle\"><figure class=\"fg-item-inner\"><a href=\"https:\/\/alpavista.ch\/Alp11\/wp-content\/uploads\/st-marcel_028.jpg\" data-caption-title=\"Mieux qu&#039;\u00e0 Monza, ici aussi la curva parabolica passe full gaz\" data-caption-desc=\"Mieux qu&#039;\u00e0 Monza, ici aussi la curva parabolica passe full gaz\" data-attachment-id=\"33043\" data-type=\"image\" class=\"fg-thumb\"><span class=\"fg-image-wrap\"><img decoding=\"async\" alt=\"st-marcel_028\" title=\"Mieux qu&#039;\u00e0 Monza, ici aussi la curva parabolica passe full gaz\" width=\"101\" height=\"57\" class=\"skip-lazy fg-image\" data-src-fg=\"https:\/\/alpavista.ch\/Alp11\/wp-content\/uploads\/cache\/st-marcel_028\/2688256896.jpg\" src=\"data:image\/svg+xml,%3Csvg%20xmlns%3D%22http%3A%2F%2Fwww.w3.org%2F2000%2Fsvg%22%20width%3D%22101%22%20height%3D%2257%22%20viewBox%3D%220%200%20101%2057%22%3E%3C%2Fsvg%3E\" loading=\"eager\"><\/span><span class=\"fg-image-overlay\"><\/span><\/a><figcaption class=\"fg-caption\"><div class=\"fg-caption-inner\"><div class=\"fg-caption-desc\">Mieux qu'\u00e0 Monza, ici aussi la curva parabolica passe full gaz<\/div><\/div><\/figcaption><\/figure><div class=\"fg-loader\"><\/div><\/div><div class=\"fg-item fg-type-image fg-idle\"><figure class=\"fg-item-inner\"><a href=\"https:\/\/alpavista.ch\/Alp11\/wp-content\/uploads\/st-marcel_029.jpg\" data-caption-title=\"Les petits bonheurs des chemins valdotains : les fameuses ardoises dress\u00e9es destin\u00e9es \u00e0 \u00e9vacuer l&#039;eau de pluie. Bunny Up ou cr\u00e8ve !\" data-caption-desc=\"Les petits bonheurs des chemins valdotains : les fameuses ardoises dress\u00e9es destin\u00e9es \u00e0 \u00e9vacuer l&#039;eau de pluie. Bunny Up ou cr\u00e8ve !\" data-attachment-id=\"33042\" data-type=\"image\" class=\"fg-thumb\"><span class=\"fg-image-wrap\"><img decoding=\"async\" alt=\"st-marcel_029\" title=\"Les petits bonheurs des chemins valdotains : les fameuses ardoises dress\u00e9es destin\u00e9es \u00e0 \u00e9vacuer l&#039;eau de pluie. Bunny Up ou cr\u00e8ve !\" width=\"101\" height=\"57\" class=\"skip-lazy fg-image\" data-src-fg=\"https:\/\/alpavista.ch\/Alp11\/wp-content\/uploads\/cache\/st-marcel_029\/191242088.jpg\" src=\"data:image\/svg+xml,%3Csvg%20xmlns%3D%22http%3A%2F%2Fwww.w3.org%2F2000%2Fsvg%22%20width%3D%22101%22%20height%3D%2257%22%20viewBox%3D%220%200%20101%2057%22%3E%3C%2Fsvg%3E\" loading=\"eager\"><\/span><span class=\"fg-image-overlay\"><\/span><\/a><figcaption class=\"fg-caption\"><div class=\"fg-caption-inner\"><div class=\"fg-caption-desc\">Les petits bonheurs des chemins valdotains : les fameuses ardoises dress\u00e9es destin\u00e9es \u00e0 \u00e9vacuer l'eau de pluie. Bunny Up ou cr\u00e8ve !<\/div><\/div><\/figcaption><\/figure><div class=\"fg-loader\"><\/div><\/div><div class=\"fg-item fg-type-image fg-idle\"><figure class=\"fg-item-inner\"><a href=\"https:\/\/alpavista.ch\/Alp11\/wp-content\/uploads\/st-marcel_030.jpg\" data-caption-title=\"De Grauson (Superiore) \u00e0 Grauson (Inferiore), il n&#039;y a qu&#039;un seul chemin. Mais il est particuli\u00e8rement divin.\" data-caption-desc=\"De Grauson (Superiore) \u00e0 Grauson (Inferiore), il n&#039;y a qu&#039;un seul chemin. Mais il est particuli\u00e8rement divin.\" data-attachment-id=\"33041\" data-type=\"image\" class=\"fg-thumb\"><span class=\"fg-image-wrap\"><img decoding=\"async\" alt=\"st-marcel_030\" title=\"De Grauson (Superiore) \u00e0 Grauson (Inferiore), il n&#039;y a qu&#039;un seul chemin. Mais il est particuli\u00e8rement divin.\" width=\"101\" height=\"57\" class=\"skip-lazy fg-image\" data-src-fg=\"https:\/\/alpavista.ch\/Alp11\/wp-content\/uploads\/cache\/st-marcel_030\/2873797786.jpg\" src=\"data:image\/svg+xml,%3Csvg%20xmlns%3D%22http%3A%2F%2Fwww.w3.org%2F2000%2Fsvg%22%20width%3D%22101%22%20height%3D%2257%22%20viewBox%3D%220%200%20101%2057%22%3E%3C%2Fsvg%3E\" loading=\"eager\"><\/span><span class=\"fg-image-overlay\"><\/span><\/a><figcaption class=\"fg-caption\"><div class=\"fg-caption-inner\"><div class=\"fg-caption-desc\">De Grauson (Superiore) \u00e0 Grauson (Inferiore), il n'y a qu'un seul chemin. Mais il est particuli\u00e8rement divin.<\/div><\/div><\/figcaption><\/figure><div class=\"fg-loader\"><\/div><\/div><div class=\"fg-item fg-type-image fg-idle\"><figure class=\"fg-item-inner\"><a href=\"https:\/\/alpavista.ch\/Alp11\/wp-content\/uploads\/st-marcel_031.jpg\" data-caption-title=\"A ce train-l\u00e0, la jonction avec l&#039;Invergneux Highway est rapidement en vue.\" data-caption-desc=\"A ce train-l\u00e0, la jonction avec l&#039;Invergneux Highway est rapidement en vue.\" data-attachment-id=\"33040\" data-type=\"image\" class=\"fg-thumb\"><span class=\"fg-image-wrap\"><img decoding=\"async\" alt=\"st-marcel_031\" title=\"A ce train-l\u00e0, la jonction avec l&#039;Invergneux Highway est rapidement en vue.\" width=\"101\" height=\"57\" class=\"skip-lazy fg-image\" data-src-fg=\"https:\/\/alpavista.ch\/Alp11\/wp-content\/uploads\/cache\/st-marcel_031\/1521778.jpg\" src=\"data:image\/svg+xml,%3Csvg%20xmlns%3D%22http%3A%2F%2Fwww.w3.org%2F2000%2Fsvg%22%20width%3D%22101%22%20height%3D%2257%22%20viewBox%3D%220%200%20101%2057%22%3E%3C%2Fsvg%3E\" loading=\"eager\"><\/span><span class=\"fg-image-overlay\"><\/span><\/a><figcaption class=\"fg-caption\"><div class=\"fg-caption-inner\"><div class=\"fg-caption-desc\">A ce train-l\u00e0, la jonction avec l'Invergneux Highway est rapidement en vue.<\/div><\/div><\/figcaption><\/figure><div class=\"fg-loader\"><\/div><\/div><div class=\"fg-item fg-type-image fg-idle\"><figure class=\"fg-item-inner\"><a href=\"https:\/\/alpavista.ch\/Alp11\/wp-content\/uploads\/st-marcel_032.jpg\" data-caption-title=\"Au prochain carrefour, continuez tout droit ! En m\u00eame temps, c&#039;est pas comme si on avait le choix.\" data-caption-desc=\"Au prochain carrefour, continuez tout droit ! En m\u00eame temps, c&#039;est pas comme si on avait le choix.\" data-attachment-id=\"33039\" data-type=\"image\" class=\"fg-thumb\"><span class=\"fg-image-wrap\"><img decoding=\"async\" alt=\"st-marcel_032\" title=\"Au prochain carrefour, continuez tout droit ! En m\u00eame temps, c&#039;est pas comme si on avait le choix.\" width=\"101\" height=\"57\" class=\"skip-lazy fg-image\" data-src-fg=\"https:\/\/alpavista.ch\/Alp11\/wp-content\/uploads\/cache\/st-marcel_032\/4191478404.jpg\" src=\"data:image\/svg+xml,%3Csvg%20xmlns%3D%22http%3A%2F%2Fwww.w3.org%2F2000%2Fsvg%22%20width%3D%22101%22%20height%3D%2257%22%20viewBox%3D%220%200%20101%2057%22%3E%3C%2Fsvg%3E\" loading=\"eager\"><\/span><span class=\"fg-image-overlay\"><\/span><\/a><figcaption class=\"fg-caption\"><div class=\"fg-caption-inner\"><div class=\"fg-caption-desc\">Au prochain carrefour, continuez tout droit ! En m\u00eame temps, c'est pas comme si on avait le choix.<\/div><\/div><\/figcaption><\/figure><div class=\"fg-loader\"><\/div><\/div><div class=\"fg-item fg-type-image fg-idle\"><figure class=\"fg-item-inner\"><a href=\"https:\/\/alpavista.ch\/Alp11\/wp-content\/uploads\/st-marcel_033.jpg\" data-caption-title=\"Grauson Inferiore, petite perle min\u00e9rale lov\u00e9e entre torrents et rochers.\" data-caption-desc=\"Grauson Inferiore, petite perle min\u00e9rale lov\u00e9e entre torrents et rochers.\" data-attachment-id=\"33038\" data-type=\"image\" class=\"fg-thumb\"><span class=\"fg-image-wrap\"><img decoding=\"async\" alt=\"st-marcel_033\" title=\"Grauson Inferiore, petite perle min\u00e9rale lov\u00e9e entre torrents et rochers.\" width=\"101\" height=\"57\" class=\"skip-lazy fg-image\" data-src-fg=\"https:\/\/alpavista.ch\/Alp11\/wp-content\/uploads\/cache\/st-marcel_033\/1384740460.jpg\" src=\"data:image\/svg+xml,%3Csvg%20xmlns%3D%22http%3A%2F%2Fwww.w3.org%2F2000%2Fsvg%22%20width%3D%22101%22%20height%3D%2257%22%20viewBox%3D%220%200%20101%2057%22%3E%3C%2Fsvg%3E\" loading=\"eager\"><\/span><span class=\"fg-image-overlay\"><\/span><\/a><figcaption class=\"fg-caption\"><div class=\"fg-caption-inner\"><div class=\"fg-caption-desc\">Grauson Inferiore, petite perle min\u00e9rale lov\u00e9e entre torrents et rochers.<\/div><\/div><\/figcaption><\/figure><div class=\"fg-loader\"><\/div><\/div><div class=\"fg-item fg-type-image fg-idle\"><figure class=\"fg-item-inner\"><a href=\"https:\/\/alpavista.ch\/Alp11\/wp-content\/uploads\/st-marcel_034.jpg\" data-caption-title=\"L&#039;habituelle plong\u00e9e vers l&#039;alpage de Pila. L&#039;Invergneux Highway commence \u00e0 montrer quelques sautes d&#039;humeurs.\" data-caption-desc=\"L&#039;habituelle plong\u00e9e vers l&#039;alpage de Pila. L&#039;Invergneux Highway commence \u00e0 montrer quelques sautes d&#039;humeurs.\" data-attachment-id=\"33037\" data-type=\"image\" class=\"fg-thumb\"><span class=\"fg-image-wrap\"><img decoding=\"async\" alt=\"st-marcel_034\" title=\"L&#039;habituelle plong\u00e9e vers l&#039;alpage de Pila. L&#039;Invergneux Highway commence \u00e0 montrer quelques sautes d&#039;humeurs.\" width=\"101\" height=\"57\" class=\"skip-lazy fg-image\" data-src-fg=\"https:\/\/alpavista.ch\/Alp11\/wp-content\/uploads\/cache\/st-marcel_034\/1034238788.jpg\" src=\"data:image\/svg+xml,%3Csvg%20xmlns%3D%22http%3A%2F%2Fwww.w3.org%2F2000%2Fsvg%22%20width%3D%22101%22%20height%3D%2257%22%20viewBox%3D%220%200%20101%2057%22%3E%3C%2Fsvg%3E\" loading=\"eager\"><\/span><span class=\"fg-image-overlay\"><\/span><\/a><figcaption class=\"fg-caption\"><div class=\"fg-caption-inner\"><div class=\"fg-caption-desc\">L'habituelle plong\u00e9e vers l'alpage de Pila. L'Invergneux Highway commence \u00e0 montrer quelques sautes d'humeurs.<\/div><\/div><\/figcaption><\/figure><div class=\"fg-loader\"><\/div><\/div><div class=\"fg-item fg-type-image fg-idle\"><figure class=\"fg-item-inner\"><a href=\"https:\/\/alpavista.ch\/Alp11\/wp-content\/uploads\/st-marcel_035.jpg\" data-caption-title=\"Fini le &quot;flow&quot; et les gaz en grand. Place au technique et au pilotage fin.\" data-caption-desc=\"Fini le &quot;flow&quot; et les gaz en grand. Place au technique et au pilotage fin.\" data-attachment-id=\"33036\" data-type=\"image\" class=\"fg-thumb\"><span class=\"fg-image-wrap\"><img decoding=\"async\" alt=\"st-marcel_035\" title=\"Fini le &quot;flow&quot; et les gaz en grand. Place au technique et au pilotage fin.\" width=\"101\" height=\"57\" class=\"skip-lazy fg-image\" data-src-fg=\"https:\/\/alpavista.ch\/Alp11\/wp-content\/uploads\/cache\/st-marcel_035\/2532880300.jpg\" src=\"data:image\/svg+xml,%3Csvg%20xmlns%3D%22http%3A%2F%2Fwww.w3.org%2F2000%2Fsvg%22%20width%3D%22101%22%20height%3D%2257%22%20viewBox%3D%220%200%20101%2057%22%3E%3C%2Fsvg%3E\" loading=\"eager\"><\/span><span class=\"fg-image-overlay\"><\/span><\/a><figcaption class=\"fg-caption\"><div class=\"fg-caption-inner\"><div class=\"fg-caption-desc\">Fini le \"flow\" et les gaz en grand. Place au technique et au pilotage fin.<\/div><\/div><\/figcaption><\/figure><div class=\"fg-loader\"><\/div><\/div><div class=\"fg-item fg-type-image fg-idle\"><figure class=\"fg-item-inner\"><a href=\"https:\/\/alpavista.ch\/Alp11\/wp-content\/uploads\/st-marcel_036.jpg\" data-caption-title=\"Quand la coupe s&#039;\u00e9loigne autant du lacet, est-ce encore une coupe ou juste une ligne alternative ?\" data-caption-desc=\"Quand la coupe s&#039;\u00e9loigne autant du lacet, est-ce encore une coupe ou juste une ligne alternative ?\" data-attachment-id=\"33035\" data-type=\"image\" class=\"fg-thumb\"><span class=\"fg-image-wrap\"><img decoding=\"async\" alt=\"st-marcel_036\" title=\"Quand la coupe s&#039;\u00e9loigne autant du lacet, est-ce encore une coupe ou juste une ligne alternative ?\" width=\"101\" height=\"57\" class=\"skip-lazy fg-image\" data-src-fg=\"https:\/\/alpavista.ch\/Alp11\/wp-content\/uploads\/cache\/st-marcel_036\/2960069845.jpg\" src=\"data:image\/svg+xml,%3Csvg%20xmlns%3D%22http%3A%2F%2Fwww.w3.org%2F2000%2Fsvg%22%20width%3D%22101%22%20height%3D%2257%22%20viewBox%3D%220%200%20101%2057%22%3E%3C%2Fsvg%3E\" loading=\"eager\"><\/span><span class=\"fg-image-overlay\"><\/span><\/a><figcaption class=\"fg-caption\"><div class=\"fg-caption-inner\"><div class=\"fg-caption-desc\">Quand la coupe s'\u00e9loigne autant du lacet, est-ce encore une coupe ou juste une ligne alternative ?<\/div><\/div><\/figcaption><\/figure><div class=\"fg-loader\"><\/div><\/div><div class=\"fg-item fg-type-image fg-idle\"><figure class=\"fg-item-inner\"><a href=\"https:\/\/alpavista.ch\/Alp11\/wp-content\/uploads\/st-marcel_037.jpg\" data-caption-title=\"Le juge de paix de la descente.\" data-caption-desc=\"Le juge de paix de la descente.\" data-attachment-id=\"33034\" data-type=\"image\" class=\"fg-thumb\"><span class=\"fg-image-wrap\"><img decoding=\"async\" alt=\"st-marcel_037\" title=\"Le juge de paix de la descente.\" width=\"101\" height=\"57\" class=\"skip-lazy fg-image\" data-src-fg=\"https:\/\/alpavista.ch\/Alp11\/wp-content\/uploads\/cache\/st-marcel_037\/456294461.jpg\" src=\"data:image\/svg+xml,%3Csvg%20xmlns%3D%22http%3A%2F%2Fwww.w3.org%2F2000%2Fsvg%22%20width%3D%22101%22%20height%3D%2257%22%20viewBox%3D%220%200%20101%2057%22%3E%3C%2Fsvg%3E\" loading=\"eager\"><\/span><span class=\"fg-image-overlay\"><\/span><\/a><figcaption class=\"fg-caption\"><div class=\"fg-caption-inner\"><div class=\"fg-caption-desc\">Le juge de paix de la descente.<\/div><\/div><\/figcaption><\/figure><div class=\"fg-loader\"><\/div><\/div><div class=\"fg-item fg-type-image fg-idle\"><figure class=\"fg-item-inner\"><a href=\"https:\/\/alpavista.ch\/Alp11\/wp-content\/uploads\/st-marcel_038.jpg\" data-caption-title=\"A chacun son style, \u00e0 chacun sa ligne. Et la pommade cicatrisante sera bien gard\u00e9e (au fond du sac \u00e0 dos).\" data-caption-desc=\"A chacun son style, \u00e0 chacun sa ligne. Et la pommade cicatrisante sera bien gard\u00e9e (au fond du sac \u00e0 dos).\" data-attachment-id=\"33033\" data-type=\"image\" class=\"fg-thumb\"><span class=\"fg-image-wrap\"><img decoding=\"async\" alt=\"st-marcel_038\" title=\"A chacun son style, \u00e0 chacun sa ligne. Et la pommade cicatrisante sera bien gard\u00e9e (au fond du sac \u00e0 dos).\" width=\"101\" height=\"57\" class=\"skip-lazy fg-image\" data-src-fg=\"https:\/\/alpavista.ch\/Alp11\/wp-content\/uploads\/cache\/st-marcel_038\/782596498.jpg\" src=\"data:image\/svg+xml,%3Csvg%20xmlns%3D%22http%3A%2F%2Fwww.w3.org%2F2000%2Fsvg%22%20width%3D%22101%22%20height%3D%2257%22%20viewBox%3D%220%200%20101%2057%22%3E%3C%2Fsvg%3E\" loading=\"eager\"><\/span><span class=\"fg-image-overlay\"><\/span><\/a><figcaption class=\"fg-caption\"><div class=\"fg-caption-inner\"><div class=\"fg-caption-desc\">A chacun son style, \u00e0 chacun sa ligne. Et la pommade cicatrisante sera bien gard\u00e9e (au fond du sac \u00e0 dos).<\/div><\/div><\/figcaption><\/figure><div class=\"fg-loader\"><\/div><\/div><div class=\"fg-item fg-type-image fg-idle\"><figure class=\"fg-item-inner\"><a href=\"https:\/\/alpavista.ch\/Alp11\/wp-content\/uploads\/st-marcel_039.jpg\" data-caption-title=\"Pendant que Mirko tente une approche timide ...\" data-caption-desc=\"Pendant que Mirko tente une approche timide ...\" data-attachment-id=\"33032\" data-type=\"image\" class=\"fg-thumb\"><span class=\"fg-image-wrap\"><img decoding=\"async\" alt=\"st-marcel_039\" title=\"Pendant que Mirko tente une approche timide ...\" width=\"101\" height=\"57\" class=\"skip-lazy fg-image\" data-src-fg=\"https:\/\/alpavista.ch\/Alp11\/wp-content\/uploads\/cache\/st-marcel_039\/2247683450.jpg\" src=\"data:image\/svg+xml,%3Csvg%20xmlns%3D%22http%3A%2F%2Fwww.w3.org%2F2000%2Fsvg%22%20width%3D%22101%22%20height%3D%2257%22%20viewBox%3D%220%200%20101%2057%22%3E%3C%2Fsvg%3E\" loading=\"eager\"><\/span><span class=\"fg-image-overlay\"><\/span><\/a><figcaption class=\"fg-caption\"><div class=\"fg-caption-inner\"><div class=\"fg-caption-desc\">Pendant que Mirko tente une approche timide ...<\/div><\/div><\/figcaption><\/figure><div class=\"fg-loader\"><\/div><\/div><div class=\"fg-item fg-type-image fg-idle\"><figure class=\"fg-item-inner\"><a href=\"https:\/\/alpavista.ch\/Alp11\/wp-content\/uploads\/st-marcel_040.jpg\" data-caption-title=\"... d&#039;autres optent pour une strat\u00e9gie plus franche et directe.\" data-caption-desc=\"... d&#039;autres optent pour une strat\u00e9gie plus franche et directe.\" data-attachment-id=\"33031\" data-type=\"image\" class=\"fg-thumb\"><span class=\"fg-image-wrap\"><img decoding=\"async\" alt=\"st-marcel_040\" title=\"... d&#039;autres optent pour une strat\u00e9gie plus franche et directe.\" width=\"101\" height=\"57\" class=\"skip-lazy fg-image\" data-src-fg=\"https:\/\/alpavista.ch\/Alp11\/wp-content\/uploads\/cache\/st-marcel_040\/1456350978.jpg\" src=\"data:image\/svg+xml,%3Csvg%20xmlns%3D%22http%3A%2F%2Fwww.w3.org%2F2000%2Fsvg%22%20width%3D%22101%22%20height%3D%2257%22%20viewBox%3D%220%200%20101%2057%22%3E%3C%2Fsvg%3E\" loading=\"eager\"><\/span><span class=\"fg-image-overlay\"><\/span><\/a><figcaption class=\"fg-caption\"><div class=\"fg-caption-inner\"><div class=\"fg-caption-desc\">... d'autres optent pour une strat\u00e9gie plus franche et directe.<\/div><\/div><\/figcaption><\/figure><div class=\"fg-loader\"><\/div><\/div><div class=\"fg-item fg-type-image fg-idle\"><figure class=\"fg-item-inner\"><a href=\"https:\/\/alpavista.ch\/Alp11\/wp-content\/uploads\/st-marcel_041.jpg\" data-caption-title=\"Des bulles, des g\u00e9ranium et des sourires : Gimillan Downtown.\" data-caption-desc=\"Des bulles, des g\u00e9ranium et des sourires : Gimillan Downtown.\" data-attachment-id=\"33030\" data-type=\"image\" class=\"fg-thumb\"><span class=\"fg-image-wrap\"><img decoding=\"async\" alt=\"st-marcel_041\" title=\"Des bulles, des g\u00e9ranium et des sourires : Gimillan Downtown.\" width=\"101\" height=\"57\" class=\"skip-lazy fg-image\" data-src-fg=\"https:\/\/alpavista.ch\/Alp11\/wp-content\/uploads\/cache\/st-marcel_041\/4254315498.jpg\" src=\"data:image\/svg+xml,%3Csvg%20xmlns%3D%22http%3A%2F%2Fwww.w3.org%2F2000%2Fsvg%22%20width%3D%22101%22%20height%3D%2257%22%20viewBox%3D%220%200%20101%2057%22%3E%3C%2Fsvg%3E\" loading=\"eager\"><\/span><span class=\"fg-image-overlay\"><\/span><\/a><figcaption class=\"fg-caption\"><div class=\"fg-caption-inner\"><div class=\"fg-caption-desc\">Des bulles, des g\u00e9ranium et des sourires : Gimillan Downtown.<\/div><\/div><\/figcaption><\/figure><div class=\"fg-loader\"><\/div><\/div><div class=\"fg-item fg-type-image fg-idle\"><figure class=\"fg-item-inner\"><a href=\"https:\/\/alpavista.ch\/Alp11\/wp-content\/uploads\/st-marcel_042.jpg\" data-caption-title=\"Le long chemin de retour entre Cogne et Aoste n&#039;aurait pu \u00eatre qu&#039;une douce transition \u00e0 flanc... si une mousson n&#039;\u00e9tait pas venu couronner (et d\u00e9tremper) notre formidable journ\u00e9e.\" data-caption-desc=\"Le long chemin de retour entre Cogne et Aoste n&#039;aurait pu \u00eatre qu&#039;une douce transition \u00e0 flanc... si une mousson n&#039;\u00e9tait pas venu couronner (et d\u00e9tremper) notre formidable journ\u00e9e.\" data-attachment-id=\"33029\" data-type=\"image\" class=\"fg-thumb\"><span class=\"fg-image-wrap\"><img decoding=\"async\" alt=\"st-marcel_042\" title=\"Le long chemin de retour entre Cogne et Aoste n&#039;aurait pu \u00eatre qu&#039;une douce transition \u00e0 flanc... si une mousson n&#039;\u00e9tait pas venu couronner (et d\u00e9tremper) notre formidable journ\u00e9e.\" width=\"101\" height=\"57\" class=\"skip-lazy fg-image\" data-src-fg=\"https:\/\/alpavista.ch\/Alp11\/wp-content\/uploads\/cache\/st-marcel_042\/615820496.jpg\" src=\"data:image\/svg+xml,%3Csvg%20xmlns%3D%22http%3A%2F%2Fwww.w3.org%2F2000%2Fsvg%22%20width%3D%22101%22%20height%3D%2257%22%20viewBox%3D%220%200%20101%2057%22%3E%3C%2Fsvg%3E\" loading=\"eager\"><\/span><span class=\"fg-image-overlay\"><\/span><\/a><figcaption class=\"fg-caption\"><div class=\"fg-caption-inner\"><div class=\"fg-caption-desc\">Le long chemin de retour entre Cogne et Aoste n'aurait pu \u00eatre qu'une douce transition \u00e0 flanc... si une mousson n'\u00e9tait pas venu couronner (et d\u00e9tremper) notre formidable journ\u00e9e.<\/div><\/div><\/figcaption><\/figure><div class=\"fg-loader\"><\/div><\/div><\/div>\n\n<input class=\"fooboxshare_post_id\" type=\"hidden\" value=\"10932\"\/>","protected":false},"excerpt":{"rendered":"<p>Quand la fin ao\u00fbt pointe son nez, c\u2019est que la saison est d\u00e9j\u00e0 bien avanc\u00e9e et qu\u2019il est temps de faire un premier bilan VTT. 2017, c\u2019est beaucoup de beau temps et beaucoup de belles sorties. Des \u00ab M\u00e9diterran\u00e9ennes \u00bb printani\u00e8res, quelques \u00ab Bernoises \u00bb incontournables, beaucoup d\u2019 \u00ab Oberwalliser \u00bb mythiques et quelques-unes des plus belles \u00ab Valaisannes \u00bb. Dans l\u2019ensemble, l\u2019inventaire est positif, voire tr\u00e8s positif. Sauf si on lorgne du c\u00f4t\u00e9 de nos cousins transalpins. Nos escapades [&hellip;]<\/p>\n","protected":false},"author":2,"featured_media":10931,"comment_status":"open","ping_status":"open","sticky":false,"template":"","format":"standard","meta":{"footnotes":""},"categories":[658,4],"tags":[1071,1653,2179,1657,1664,1662,2184,2180,2182,2183,2181],"class_list":["post-10932","post","type-post","status-publish","format-standard","has-post-thumbnail","hentry","category-outdoor","category-vtt","tag-aoste","tag-cogne","tag-druges","tag-grand-paradis","tag-grauson","tag-invergneux","tag-lussert","tag-praborna","tag-pralognan","tag-punta-laval","tag-sinsein"],"_links":{"self":[{"href":"https:\/\/alpavista.ch\/Alp11\/wp-json\/wp\/v2\/posts\/10932","targetHints":{"allow":["GET"]}}],"collection":[{"href":"https:\/\/alpavista.ch\/Alp11\/wp-json\/wp\/v2\/posts"}],"about":[{"href":"https:\/\/alpavista.ch\/Alp11\/wp-json\/wp\/v2\/types\/post"}],"author":[{"embeddable":true,"href":"https:\/\/alpavista.ch\/Alp11\/wp-json\/wp\/v2\/users\/2"}],"replies":[{"embeddable":true,"href":"https:\/\/alpavista.ch\/Alp11\/wp-json\/wp\/v2\/comments?post=10932"}],"version-history":[{"count":0,"href":"https:\/\/alpavista.ch\/Alp11\/wp-json\/wp\/v2\/posts\/10932\/revisions"}],"wp:featuredmedia":[{"embeddable":true,"href":"https:\/\/alpavista.ch\/Alp11\/wp-json\/wp\/v2\/media\/10931"}],"wp:attachment":[{"href":"https:\/\/alpavista.ch\/Alp11\/wp-json\/wp\/v2\/media?parent=10932"}],"wp:term":[{"taxonomy":"category","embeddable":true,"href":"https:\/\/alpavista.ch\/Alp11\/wp-json\/wp\/v2\/categories?post=10932"},{"taxonomy":"post_tag","embeddable":true,"href":"https:\/\/alpavista.ch\/Alp11\/wp-json\/wp\/v2\/tags?post=10932"}],"curies":[{"name":"wp","href":"https:\/\/api.w.org\/{rel}","templated":true}]}}