{"id":11102,"date":"2018-09-23T17:18:38","date_gmt":"2018-09-23T16:18:38","guid":{"rendered":"http:\/\/www.alpavista.ch\/Alp11\/?p=11102"},"modified":"2022-12-09T17:40:56","modified_gmt":"2022-12-09T16:40:56","slug":"inneri-weide","status":"publish","type":"post","link":"https:\/\/alpavista.ch\/Alp11\/2018\/09\/23\/inneri-weide\/","title":{"rendered":"Rote Grabu"},"content":{"rendered":"<p>Pour ceux qui n\u2019en avaient pas encore pris conscience, on a bel et bien bascul\u00e9 dans l\u2019automne. Malgr\u00e9 la persistance de la douceur (en tout cas jusqu\u2019au d\u00e9but de la semaine \u00e0 venir), les jours raccourcissent, le soleil glisse inexorablement de son z\u00e9nith estival vers l\u2019horizon austral et la nature, pr\u00e9voyante, mais aussi s\u00e9rieusement mise \u00e0 mal par le manque de pluies, a d\u00e9j\u00e0 fait ses premiers essayages en vue de la \u00ab Fall Fashion Week \u00bb. Alors, juste avant que la premi\u00e8re incursion du froid ne lui rajoute une couche d\u2019ocre, de fauve ou de rouge, nous avons entrepris un premier p\u00e8lerinage d\u2019automne du c\u00f4t\u00e9 de \u00ab Jeizi \u00bb, valeur s\u00fbre par excellence quand l\u2019\u00e9t\u00e9 est encore mal install\u00e9 ou, qu\u2019au contraire, il envisage de changer provisoirement d\u2019h\u00e9misph\u00e8re.<br \/>\n<!--more--><\/p>\n<p>De \u00ab Jeizi \u00bb, on pensait tout conna\u00eetre. Ses hauts, contreforts du Niwen et vallons perch\u00e9s menant au Restipass. Son coteau sup\u00e9rieur et sa ribambelle de chemins courant jusqu\u2019aux confins de la Dala. Ses falaises et ravins la s\u00e9parant du proche mais retir\u00e9 L\u00f6tschental. Et, bien \u00e9videmment, son fond de versant  la reliant \u00e0 la vall\u00e9e du Rh\u00f4ne, et d\u00e9sormais quasi devenu un \u00ab bike-park \u00bb naturel. C\u2019\u00e9tait sans compter sur Inneri Weide. Cinq mazots s\u00e9culaires, r\u00e9partis en trois grappes accroch\u00e9es au-dessus de l\u2019\u00e0 pic plongeant jusqu\u2019\u00e0 l\u2019imposante gare ferroviaire de Goppenstein. Alors, comme les anciens ont eu l\u2019id\u00e9e d&rsquo;y tracer un chemin, forc\u00e9ment, on a eu envie d&rsquo;aller voir \u00e0 quoi il ressemblait.<\/p>\n<p>PS : Pour les randonneurs, le chemin du Rote Grabu est absolument vertigineux et surtout interdit aux marcheurs. N\u2019y mettez les pieds que si vous avez des amis dont vous envisagez de vous s\u00e9parer.<\/p>\n<p>PS2 : Pour les bikers, ce \u00ab wanderweg \u00bb n\u2019est en rien moins vertigineux, il est juste plus rapide \u00e0 rouler qu\u2019\u00e0 marcher.<\/p>\n<style type=\"text\/css\">\n#foogallery-gallery-30684 .fg-image { width: 101px; }\n#foogallery-gallery-30684 { --fg-gutter: 1px; }<\/style>\n\t\t\t<div class=\"foogallery foogallery-container foogallery-default foogallery-lightbox-none fg-left fg-default fg-ready fg-light fg-loading-default fg-loaded-fade-in fg-preset fg-selena fg-preset-small fg-preset fg-selena fg-preset-small\" id=\"foogallery-gallery-30684\" data-foogallery=\"{&quot;item&quot;:{&quot;showCaptionTitle&quot;:false,&quot;showCaptionDescription&quot;:true},&quot;lazy&quot;:true,&quot;state&quot;:{&quot;enabled&quot;:true,&quot;mask&quot;:&quot;foogallery-{id}&quot;}}\" style=\"--fg-title-line-clamp: 0; --fg-description-line-clamp: 0;\" >\n\t<div class=\"fg-item fg-type-image fg-idle\"><figure class=\"fg-item-inner\"><a href=\"https:\/\/alpavista.ch\/Alp11\/wp-content\/uploads\/inneri_weide_001.jpg\" data-caption-title=\"Pr\u00e9paratifs matinaux avec vue, au sortir de la cabine du petit t\u00e9l\u00e9ph\u00e9rique Gampel-Jeizinen.\" data-caption-desc=\"Pr\u00e9paratifs matinaux avec vue, au sortir de la cabine du petit t\u00e9l\u00e9ph\u00e9rique Gampel-Jeizinen.\" data-attachment-id=\"30733\" data-type=\"image\" class=\"fg-thumb\"><span class=\"fg-image-wrap\"><img decoding=\"async\" alt=\"inneri_weide_001\" title=\"Pr\u00e9paratifs matinaux avec vue, au sortir de la cabine du petit t\u00e9l\u00e9ph\u00e9rique Gampel-Jeizinen.\" width=\"101\" height=\"57\" class=\"skip-lazy fg-image\" data-src-fg=\"https:\/\/alpavista.ch\/Alp11\/wp-content\/uploads\/cache\/inneri_weide_001\/607408621.jpg\" src=\"data:image\/svg+xml,%3Csvg%20xmlns%3D%22http%3A%2F%2Fwww.w3.org%2F2000%2Fsvg%22%20width%3D%22101%22%20height%3D%2257%22%20viewBox%3D%220%200%20101%2057%22%3E%3C%2Fsvg%3E\" loading=\"eager\"><\/span><span class=\"fg-image-overlay\"><\/span><\/a><figcaption class=\"fg-caption\"><div class=\"fg-caption-inner\"><div class=\"fg-caption-desc\">Pr\u00e9paratifs matinaux avec vue, au sortir de la cabine du petit t\u00e9l\u00e9ph\u00e9rique Gampel-Jeizinen.<\/div><\/div><\/figcaption><\/figure><div class=\"fg-loader\"><\/div><\/div><div class=\"fg-item fg-type-image fg-idle\"><figure class=\"fg-item-inner\"><a href=\"https:\/\/alpavista.ch\/Alp11\/wp-content\/uploads\/inneri_weide_002.jpg\" data-caption-title=\"Versant tr\u00e8s ensoleill\u00e9, b\u00e9tail aux dents longues ou \u00e9t\u00e9 \r\n vraiment chaud. S\u00fbrement un peu des trois. En tout cas, le r\u00e9sultat est frappant : sec et ras !\" data-caption-desc=\"Versant tr\u00e8s ensoleill\u00e9, b\u00e9tail aux dents longues ou \u00e9t\u00e9 \r\n vraiment chaud. S\u00fbrement un peu des trois. En tout cas, le r\u00e9sultat est frappant : sec et ras !\" data-attachment-id=\"30732\" data-type=\"image\" class=\"fg-thumb\"><span class=\"fg-image-wrap\"><img decoding=\"async\" alt=\"inneri_weide_002\" title=\"Versant tr\u00e8s ensoleill\u00e9, b\u00e9tail aux dents longues ou \u00e9t\u00e9 \r\n vraiment chaud. S\u00fbrement un peu des trois. En tout cas, le r\u00e9sultat est frappant : sec et ras !\" width=\"101\" height=\"57\" class=\"skip-lazy fg-image\" data-src-fg=\"https:\/\/alpavista.ch\/Alp11\/wp-content\/uploads\/cache\/inneri_weide_002\/3425921578.jpg\" src=\"data:image\/svg+xml,%3Csvg%20xmlns%3D%22http%3A%2F%2Fwww.w3.org%2F2000%2Fsvg%22%20width%3D%22101%22%20height%3D%2257%22%20viewBox%3D%220%200%20101%2057%22%3E%3C%2Fsvg%3E\" loading=\"eager\"><\/span><span class=\"fg-image-overlay\"><\/span><\/a><figcaption class=\"fg-caption\"><div class=\"fg-caption-inner\"><div class=\"fg-caption-desc\">Versant tr\u00e8s ensoleill\u00e9, b\u00e9tail aux dents longues ou \u00e9t\u00e9 \r\n vraiment chaud. S\u00fbrement un peu des trois. En tout cas, le r\u00e9sultat est frappant : sec et ras !<\/div><\/div><\/figcaption><\/figure><div class=\"fg-loader\"><\/div><\/div><div class=\"fg-item fg-type-image fg-idle\"><figure class=\"fg-item-inner\"><a href=\"https:\/\/alpavista.ch\/Alp11\/wp-content\/uploads\/inneri_weide_003.jpg\" data-caption-title=\"C&#039;est quand m\u00eame pas compliqu\u00e9 de penser aux randonneurs et aux bikers, m\u00eame en cl\u00f4turant de partout.\" data-caption-desc=\"C&#039;est quand m\u00eame pas compliqu\u00e9 de penser aux randonneurs et aux bikers, m\u00eame en cl\u00f4turant de partout.\" data-attachment-id=\"30731\" data-type=\"image\" class=\"fg-thumb\"><span class=\"fg-image-wrap\"><img decoding=\"async\" alt=\"inneri_weide_003\" title=\"C&#039;est quand m\u00eame pas compliqu\u00e9 de penser aux randonneurs et aux bikers, m\u00eame en cl\u00f4turant de partout.\" width=\"101\" height=\"57\" class=\"skip-lazy fg-image\" data-src-fg=\"https:\/\/alpavista.ch\/Alp11\/wp-content\/uploads\/cache\/inneri_weide_003\/2868981464.jpg\" src=\"data:image\/svg+xml,%3Csvg%20xmlns%3D%22http%3A%2F%2Fwww.w3.org%2F2000%2Fsvg%22%20width%3D%22101%22%20height%3D%2257%22%20viewBox%3D%220%200%20101%2057%22%3E%3C%2Fsvg%3E\" loading=\"eager\"><\/span><span class=\"fg-image-overlay\"><\/span><\/a><figcaption class=\"fg-caption\"><div class=\"fg-caption-inner\"><div class=\"fg-caption-desc\">C'est quand m\u00eame pas compliqu\u00e9 de penser aux randonneurs et aux bikers, m\u00eame en cl\u00f4turant de partout.<\/div><\/div><\/figcaption><\/figure><div class=\"fg-loader\"><\/div><\/div><div class=\"fg-item fg-type-image fg-idle\"><figure class=\"fg-item-inner\"><a href=\"https:\/\/alpavista.ch\/Alp11\/wp-content\/uploads\/inneri_weide_004.jpg\" data-caption-title=\"La Niwenalp Highway, une agr\u00e9able mani\u00e8re d&#039;aborder l&#039;automne en pente douce.\" data-caption-desc=\"La Niwenalp Highway, une agr\u00e9able mani\u00e8re d&#039;aborder l&#039;automne en pente douce.\" data-attachment-id=\"30730\" data-type=\"image\" class=\"fg-thumb\"><span class=\"fg-image-wrap\"><img decoding=\"async\" alt=\"inneri_weide_004\" title=\"La Niwenalp Highway, une agr\u00e9able mani\u00e8re d&#039;aborder l&#039;automne en pente douce.\" width=\"101\" height=\"57\" class=\"skip-lazy fg-image\" data-src-fg=\"https:\/\/alpavista.ch\/Alp11\/wp-content\/uploads\/cache\/inneri_weide_004\/3343653861.jpg\" src=\"data:image\/svg+xml,%3Csvg%20xmlns%3D%22http%3A%2F%2Fwww.w3.org%2F2000%2Fsvg%22%20width%3D%22101%22%20height%3D%2257%22%20viewBox%3D%220%200%20101%2057%22%3E%3C%2Fsvg%3E\" loading=\"eager\"><\/span><span class=\"fg-image-overlay\"><\/span><\/a><figcaption class=\"fg-caption\"><div class=\"fg-caption-inner\"><div class=\"fg-caption-desc\">La Niwenalp Highway, une agr\u00e9able mani\u00e8re d'aborder l'automne en pente douce.<\/div><\/div><\/figcaption><\/figure><div class=\"fg-loader\"><\/div><\/div><div class=\"fg-item fg-type-image fg-idle\"><figure class=\"fg-item-inner\"><a href=\"https:\/\/alpavista.ch\/Alp11\/wp-content\/uploads\/inneri_weide_005.jpg\" data-caption-title=\"Un petit coup de rouge \u00e0 la plus c\u00e9l\u00e8bre fontaine &quot;self-service&quot; du Valais avant d&#039;attaquer le portage du jour pour se hisser vers Obere Feselalpe.\" data-caption-desc=\"Un petit coup de rouge \u00e0 la plus c\u00e9l\u00e8bre fontaine &quot;self-service&quot; du Valais avant d&#039;attaquer le portage du jour pour se hisser vers Obere Feselalpe.\" data-attachment-id=\"30729\" data-type=\"image\" class=\"fg-thumb\"><span class=\"fg-image-wrap\"><img decoding=\"async\" alt=\"inneri_weide_005\" title=\"Un petit coup de rouge \u00e0 la plus c\u00e9l\u00e8bre fontaine &quot;self-service&quot; du Valais avant d&#039;attaquer le portage du jour pour se hisser vers Obere Feselalpe.\" width=\"101\" height=\"57\" class=\"skip-lazy fg-image\" data-src-fg=\"https:\/\/alpavista.ch\/Alp11\/wp-content\/uploads\/cache\/inneri_weide_005\/3551045136.jpg\" src=\"data:image\/svg+xml,%3Csvg%20xmlns%3D%22http%3A%2F%2Fwww.w3.org%2F2000%2Fsvg%22%20width%3D%22101%22%20height%3D%2257%22%20viewBox%3D%220%200%20101%2057%22%3E%3C%2Fsvg%3E\" loading=\"eager\"><\/span><span class=\"fg-image-overlay\"><\/span><\/a><figcaption class=\"fg-caption\"><div class=\"fg-caption-inner\"><div class=\"fg-caption-desc\">Un petit coup de rouge \u00e0 la plus c\u00e9l\u00e8bre fontaine \"self-service\" du Valais avant d'attaquer le portage du jour pour se hisser vers Obere Feselalpe.<\/div><\/div><\/figcaption><\/figure><div class=\"fg-loader\"><\/div><\/div><div class=\"fg-item fg-type-image fg-idle\"><figure class=\"fg-item-inner\"><a href=\"https:\/\/alpavista.ch\/Alp11\/wp-content\/uploads\/inneri_weide_006.jpg\" data-caption-title=\"B\u00f4\u00f4\u00f4\u00f4\u00f4\u00f4\u00f4\u00f4\u00f4\u00f4\u00f4\u00f4\u00f4 payyyyyyyyyyyyys ! (Et la r\u00e9p\u00e9tition des lettres sur lesquelles il faut appuyer est en rapport avec lui).\" data-caption-desc=\"B\u00f4\u00f4\u00f4\u00f4\u00f4\u00f4\u00f4\u00f4\u00f4\u00f4\u00f4\u00f4\u00f4 payyyyyyyyyyyyys ! (Et la r\u00e9p\u00e9tition des lettres sur lesquelles il faut appuyer est en rapport avec lui).\" data-attachment-id=\"30728\" data-type=\"image\" class=\"fg-thumb\"><span class=\"fg-image-wrap\"><img decoding=\"async\" alt=\"inneri_weide_006\" title=\"B\u00f4\u00f4\u00f4\u00f4\u00f4\u00f4\u00f4\u00f4\u00f4\u00f4\u00f4\u00f4\u00f4 payyyyyyyyyyyyys ! (Et la r\u00e9p\u00e9tition des lettres sur lesquelles il faut appuyer est en rapport avec lui).\" width=\"101\" height=\"57\" class=\"skip-lazy fg-image\" data-src-fg=\"https:\/\/alpavista.ch\/Alp11\/wp-content\/uploads\/cache\/inneri_weide_006\/1001364951.jpg\" src=\"data:image\/svg+xml,%3Csvg%20xmlns%3D%22http%3A%2F%2Fwww.w3.org%2F2000%2Fsvg%22%20width%3D%22101%22%20height%3D%2257%22%20viewBox%3D%220%200%20101%2057%22%3E%3C%2Fsvg%3E\" loading=\"eager\"><\/span><span class=\"fg-image-overlay\"><\/span><\/a><figcaption class=\"fg-caption\"><div class=\"fg-caption-inner\"><div class=\"fg-caption-desc\">B\u00f4\u00f4\u00f4\u00f4\u00f4\u00f4\u00f4\u00f4\u00f4\u00f4\u00f4\u00f4\u00f4 payyyyyyyyyyyyys ! (Et la r\u00e9p\u00e9tition des lettres sur lesquelles il faut appuyer est en rapport avec lui).<\/div><\/div><\/figcaption><\/figure><div class=\"fg-loader\"><\/div><\/div><div class=\"fg-item fg-type-image fg-idle\"><figure class=\"fg-item-inner\"><a href=\"https:\/\/alpavista.ch\/Alp11\/wp-content\/uploads\/inneri_weide_007.jpg\" data-caption-title=\"Toujours pas de sherpas \u00e0 l&#039;horizon, mais des m\u00e9l\u00e8zes s\u00e9culaires qui ont d\u00fb en voir passer d&#039;autres.\" data-caption-desc=\"Toujours pas de sherpas \u00e0 l&#039;horizon, mais des m\u00e9l\u00e8zes s\u00e9culaires qui ont d\u00fb en voir passer d&#039;autres.\" data-attachment-id=\"30727\" data-type=\"image\" class=\"fg-thumb\"><span class=\"fg-image-wrap\"><img decoding=\"async\" alt=\"inneri_weide_007\" title=\"Toujours pas de sherpas \u00e0 l&#039;horizon, mais des m\u00e9l\u00e8zes s\u00e9culaires qui ont d\u00fb en voir passer d&#039;autres.\" width=\"101\" height=\"57\" class=\"skip-lazy fg-image\" data-src-fg=\"https:\/\/alpavista.ch\/Alp11\/wp-content\/uploads\/cache\/inneri_weide_007\/2674901590.jpg\" src=\"data:image\/svg+xml,%3Csvg%20xmlns%3D%22http%3A%2F%2Fwww.w3.org%2F2000%2Fsvg%22%20width%3D%22101%22%20height%3D%2257%22%20viewBox%3D%220%200%20101%2057%22%3E%3C%2Fsvg%3E\" loading=\"eager\"><\/span><span class=\"fg-image-overlay\"><\/span><\/a><figcaption class=\"fg-caption\"><div class=\"fg-caption-inner\"><div class=\"fg-caption-desc\">Toujours pas de sherpas \u00e0 l'horizon, mais des m\u00e9l\u00e8zes s\u00e9culaires qui ont d\u00fb en voir passer d'autres.<\/div><\/div><\/figcaption><\/figure><div class=\"fg-loader\"><\/div><\/div><div class=\"fg-item fg-type-image fg-idle\"><figure class=\"fg-item-inner\"><a href=\"https:\/\/alpavista.ch\/Alp11\/wp-content\/uploads\/inneri_weide_008.jpg\" data-caption-title=\"Malgr\u00e9, ou \u00e0 cause de, l&#039;altitude, les p\u00e2turages ne gagnent en rien de verdeur.\" data-caption-desc=\"Malgr\u00e9, ou \u00e0 cause de, l&#039;altitude, les p\u00e2turages ne gagnent en rien de verdeur.\" data-attachment-id=\"30726\" data-type=\"image\" class=\"fg-thumb\"><span class=\"fg-image-wrap\"><img decoding=\"async\" alt=\"inneri_weide_008\" title=\"Malgr\u00e9, ou \u00e0 cause de, l&#039;altitude, les p\u00e2turages ne gagnent en rien de verdeur.\" width=\"101\" height=\"57\" class=\"skip-lazy fg-image\" data-src-fg=\"https:\/\/alpavista.ch\/Alp11\/wp-content\/uploads\/cache\/inneri_weide_008\/549973214.jpg\" src=\"data:image\/svg+xml,%3Csvg%20xmlns%3D%22http%3A%2F%2Fwww.w3.org%2F2000%2Fsvg%22%20width%3D%22101%22%20height%3D%2257%22%20viewBox%3D%220%200%20101%2057%22%3E%3C%2Fsvg%3E\" loading=\"eager\"><\/span><span class=\"fg-image-overlay\"><\/span><\/a><figcaption class=\"fg-caption\"><div class=\"fg-caption-inner\"><div class=\"fg-caption-desc\">Malgr\u00e9, ou \u00e0 cause de, l'altitude, les p\u00e2turages ne gagnent en rien de verdeur.<\/div><\/div><\/figcaption><\/figure><div class=\"fg-loader\"><\/div><\/div><div class=\"fg-item fg-type-image fg-idle\"><figure class=\"fg-item-inner\"><a href=\"https:\/\/alpavista.ch\/Alp11\/wp-content\/uploads\/inneri_weide_009.jpg\" data-caption-title=\"Ce n&#039;est plus un \u00e9t\u00e9 indien, c&#039;est un \u00e9t\u00e9 tout court. Madre qu\u00e9 calor!\" data-caption-desc=\"Ce n&#039;est plus un \u00e9t\u00e9 indien, c&#039;est un \u00e9t\u00e9 tout court. Madre qu\u00e9 calor!\" data-attachment-id=\"30725\" data-type=\"image\" class=\"fg-thumb\"><span class=\"fg-image-wrap\"><img decoding=\"async\" alt=\"inneri_weide_009\" title=\"Ce n&#039;est plus un \u00e9t\u00e9 indien, c&#039;est un \u00e9t\u00e9 tout court. Madre qu\u00e9 calor!\" width=\"101\" height=\"57\" class=\"skip-lazy fg-image\" data-src-fg=\"https:\/\/alpavista.ch\/Alp11\/wp-content\/uploads\/cache\/inneri_weide_009\/1207281708.jpg\" src=\"data:image\/svg+xml,%3Csvg%20xmlns%3D%22http%3A%2F%2Fwww.w3.org%2F2000%2Fsvg%22%20width%3D%22101%22%20height%3D%2257%22%20viewBox%3D%220%200%20101%2057%22%3E%3C%2Fsvg%3E\" loading=\"eager\"><\/span><span class=\"fg-image-overlay\"><\/span><\/a><figcaption class=\"fg-caption\"><div class=\"fg-caption-inner\"><div class=\"fg-caption-desc\">Ce n'est plus un \u00e9t\u00e9 indien, c'est un \u00e9t\u00e9 tout court. Madre qu\u00e9 calor!<\/div><\/div><\/figcaption><\/figure><div class=\"fg-loader\"><\/div><\/div><div class=\"fg-item fg-type-image fg-idle\"><figure class=\"fg-item-inner\"><a href=\"https:\/\/alpavista.ch\/Alp11\/wp-content\/uploads\/inneri_weide_010.jpg\" data-caption-title=\"Et puis soudain, l&#039;ocre clair c\u00e8de l&#039;espace au rouge (des myrtilliers) et au vert (des gen\u00e9vriers).\" data-caption-desc=\"Et puis soudain, l&#039;ocre clair c\u00e8de l&#039;espace au rouge (des myrtilliers) et au vert (des gen\u00e9vriers).\" data-attachment-id=\"30724\" data-type=\"image\" class=\"fg-thumb\"><span class=\"fg-image-wrap\"><img decoding=\"async\" alt=\"inneri_weide_010\" title=\"Et puis soudain, l&#039;ocre clair c\u00e8de l&#039;espace au rouge (des myrtilliers) et au vert (des gen\u00e9vriers).\" width=\"101\" height=\"57\" class=\"skip-lazy fg-image\" data-src-fg=\"https:\/\/alpavista.ch\/Alp11\/wp-content\/uploads\/cache\/inneri_weide_010\/692689760.jpg\" src=\"data:image\/svg+xml,%3Csvg%20xmlns%3D%22http%3A%2F%2Fwww.w3.org%2F2000%2Fsvg%22%20width%3D%22101%22%20height%3D%2257%22%20viewBox%3D%220%200%20101%2057%22%3E%3C%2Fsvg%3E\" loading=\"eager\"><\/span><span class=\"fg-image-overlay\"><\/span><\/a><figcaption class=\"fg-caption\"><div class=\"fg-caption-inner\"><div class=\"fg-caption-desc\">Et puis soudain, l'ocre clair c\u00e8de l'espace au rouge (des myrtilliers) et au vert (des gen\u00e9vriers).<\/div><\/div><\/figcaption><\/figure><div class=\"fg-loader\"><\/div><\/div><div class=\"fg-item fg-type-image fg-idle\"><figure class=\"fg-item-inner\"><a href=\"https:\/\/alpavista.ch\/Alp11\/wp-content\/uploads\/inneri_weide_011.jpg\" data-caption-title=\"Les Perses n&#039;ont qu&#039;\u00e0 bien se tenir. Les tapis haut-valaisans valent largement leurs carpettes d&#039;exception.\" data-caption-desc=\"Les Perses n&#039;ont qu&#039;\u00e0 bien se tenir. Les tapis haut-valaisans valent largement leurs carpettes d&#039;exception.\" data-attachment-id=\"30723\" data-type=\"image\" class=\"fg-thumb\"><span class=\"fg-image-wrap\"><img decoding=\"async\" alt=\"inneri_weide_011\" title=\"Les Perses n&#039;ont qu&#039;\u00e0 bien se tenir. Les tapis haut-valaisans valent largement leurs carpettes d&#039;exception.\" width=\"101\" height=\"57\" class=\"skip-lazy fg-image\" data-src-fg=\"https:\/\/alpavista.ch\/Alp11\/wp-content\/uploads\/cache\/inneri_weide_011\/254421315.jpg\" src=\"data:image\/svg+xml,%3Csvg%20xmlns%3D%22http%3A%2F%2Fwww.w3.org%2F2000%2Fsvg%22%20width%3D%22101%22%20height%3D%2257%22%20viewBox%3D%220%200%20101%2057%22%3E%3C%2Fsvg%3E\" loading=\"eager\"><\/span><span class=\"fg-image-overlay\"><\/span><\/a><figcaption class=\"fg-caption\"><div class=\"fg-caption-inner\"><div class=\"fg-caption-desc\">Les Perses n'ont qu'\u00e0 bien se tenir. Les tapis haut-valaisans valent largement leurs carpettes d'exception.<\/div><\/div><\/figcaption><\/figure><div class=\"fg-loader\"><\/div><\/div><div class=\"fg-item fg-type-image fg-idle\"><figure class=\"fg-item-inner\"><a href=\"https:\/\/alpavista.ch\/Alp11\/wp-content\/uploads\/inneri_weide_012.jpg\" data-caption-title=\"Une fois le muret de s\u00e9paration p\u00e2tures\/for\u00eat enjamb\u00e9, nous retrouvons le royaume mordor\u00e9.\" data-caption-desc=\"Une fois le muret de s\u00e9paration p\u00e2tures\/for\u00eat enjamb\u00e9, nous retrouvons le royaume mordor\u00e9.\" data-attachment-id=\"30722\" data-type=\"image\" class=\"fg-thumb\"><span class=\"fg-image-wrap\"><img decoding=\"async\" alt=\"inneri_weide_012\" title=\"Une fois le muret de s\u00e9paration p\u00e2tures\/for\u00eat enjamb\u00e9, nous retrouvons le royaume mordor\u00e9.\" width=\"101\" height=\"57\" class=\"skip-lazy fg-image\" data-src-fg=\"https:\/\/alpavista.ch\/Alp11\/wp-content\/uploads\/cache\/inneri_weide_012\/3878490756.jpg\" src=\"data:image\/svg+xml,%3Csvg%20xmlns%3D%22http%3A%2F%2Fwww.w3.org%2F2000%2Fsvg%22%20width%3D%22101%22%20height%3D%2257%22%20viewBox%3D%220%200%20101%2057%22%3E%3C%2Fsvg%3E\" loading=\"eager\"><\/span><span class=\"fg-image-overlay\"><\/span><\/a><figcaption class=\"fg-caption\"><div class=\"fg-caption-inner\"><div class=\"fg-caption-desc\">Une fois le muret de s\u00e9paration p\u00e2tures\/for\u00eat enjamb\u00e9, nous retrouvons le royaume mordor\u00e9.<\/div><\/div><\/figcaption><\/figure><div class=\"fg-loader\"><\/div><\/div><div class=\"fg-item fg-type-image fg-idle\"><figure class=\"fg-item-inner\"><a href=\"https:\/\/alpavista.ch\/Alp11\/wp-content\/uploads\/inneri_weide_013.jpg\" data-caption-title=\"Obere Feselalpe, aussi appel\u00e9 Stafel, vaste plateau adret pos\u00e9 1&#039;600 m\u00e8tres au-dessus de la vall\u00e9e du Rh\u00f4ne.\" data-caption-desc=\"Obere Feselalpe, aussi appel\u00e9 Stafel, vaste plateau adret pos\u00e9 1&#039;600 m\u00e8tres au-dessus de la vall\u00e9e du Rh\u00f4ne.\" data-attachment-id=\"30721\" data-type=\"image\" class=\"fg-thumb\"><span class=\"fg-image-wrap\"><img decoding=\"async\" alt=\"inneri_weide_013\" title=\"Obere Feselalpe, aussi appel\u00e9 Stafel, vaste plateau adret pos\u00e9 1&#039;600 m\u00e8tres au-dessus de la vall\u00e9e du Rh\u00f4ne.\" width=\"101\" height=\"57\" class=\"skip-lazy fg-image\" data-src-fg=\"https:\/\/alpavista.ch\/Alp11\/wp-content\/uploads\/cache\/inneri_weide_013\/2149537398.jpg\" src=\"data:image\/svg+xml,%3Csvg%20xmlns%3D%22http%3A%2F%2Fwww.w3.org%2F2000%2Fsvg%22%20width%3D%22101%22%20height%3D%2257%22%20viewBox%3D%220%200%20101%2057%22%3E%3C%2Fsvg%3E\" loading=\"eager\"><\/span><span class=\"fg-image-overlay\"><\/span><\/a><figcaption class=\"fg-caption\"><div class=\"fg-caption-inner\"><div class=\"fg-caption-desc\">Obere Feselalpe, aussi appel\u00e9 Stafel, vaste plateau adret pos\u00e9 1'600 m\u00e8tres au-dessus de la vall\u00e9e du Rh\u00f4ne.<\/div><\/div><\/figcaption><\/figure><div class=\"fg-loader\"><\/div><\/div><div class=\"fg-item fg-type-image fg-idle\"><figure class=\"fg-item-inner\"><a href=\"https:\/\/alpavista.ch\/Alp11\/wp-content\/uploads\/inneri_weide_014.jpg\" data-caption-title=\"La rampe menant \u00e0 Heruhubel : bonne jauge de l&#039;\u00e9tat de forme des jambes et du palpitant.\" data-caption-desc=\"La rampe menant \u00e0 Heruhubel : bonne jauge de l&#039;\u00e9tat de forme des jambes et du palpitant.\" data-attachment-id=\"30720\" data-type=\"image\" class=\"fg-thumb\"><span class=\"fg-image-wrap\"><img decoding=\"async\" alt=\"inneri_weide_014\" title=\"La rampe menant \u00e0 Heruhubel : bonne jauge de l&#039;\u00e9tat de forme des jambes et du palpitant.\" width=\"101\" height=\"57\" class=\"skip-lazy fg-image\" data-src-fg=\"https:\/\/alpavista.ch\/Alp11\/wp-content\/uploads\/cache\/inneri_weide_014\/3964822347.jpg\" src=\"data:image\/svg+xml,%3Csvg%20xmlns%3D%22http%3A%2F%2Fwww.w3.org%2F2000%2Fsvg%22%20width%3D%22101%22%20height%3D%2257%22%20viewBox%3D%220%200%20101%2057%22%3E%3C%2Fsvg%3E\" loading=\"eager\"><\/span><span class=\"fg-image-overlay\"><\/span><\/a><figcaption class=\"fg-caption\"><div class=\"fg-caption-inner\"><div class=\"fg-caption-desc\">La rampe menant \u00e0 Heruhubel : bonne jauge de l'\u00e9tat de forme des jambes et du palpitant.<\/div><\/div><\/figcaption><\/figure><div class=\"fg-loader\"><\/div><\/div><div class=\"fg-item fg-type-image fg-idle\"><figure class=\"fg-item-inner\"><a href=\"https:\/\/alpavista.ch\/Alp11\/wp-content\/uploads\/inneri_weide_015.jpg\" data-caption-title=\"Chistehorn, L\u00e4ghorn, Wannihorn, Stralhorn et Hogleifa, le &quot;Loetsch&quot; s&#039;annonce d&#039;abord avec le sombre massif de sa rive gauche.\" data-caption-desc=\"Chistehorn, L\u00e4ghorn, Wannihorn, Stralhorn et Hogleifa, le &quot;Loetsch&quot; s&#039;annonce d&#039;abord avec le sombre massif de sa rive gauche.\" data-attachment-id=\"30719\" data-type=\"image\" class=\"fg-thumb\"><span class=\"fg-image-wrap\"><img decoding=\"async\" alt=\"inneri_weide_015\" title=\"Chistehorn, L\u00e4ghorn, Wannihorn, Stralhorn et Hogleifa, le &quot;Loetsch&quot; s&#039;annonce d&#039;abord avec le sombre massif de sa rive gauche.\" width=\"101\" height=\"57\" class=\"skip-lazy fg-image\" data-src-fg=\"https:\/\/alpavista.ch\/Alp11\/wp-content\/uploads\/cache\/inneri_weide_015\/2155612004.jpg\" src=\"data:image\/svg+xml,%3Csvg%20xmlns%3D%22http%3A%2F%2Fwww.w3.org%2F2000%2Fsvg%22%20width%3D%22101%22%20height%3D%2257%22%20viewBox%3D%220%200%20101%2057%22%3E%3C%2Fsvg%3E\" loading=\"eager\"><\/span><span class=\"fg-image-overlay\"><\/span><\/a><figcaption class=\"fg-caption\"><div class=\"fg-caption-inner\"><div class=\"fg-caption-desc\">Chistehorn, L\u00e4ghorn, Wannihorn, Stralhorn et Hogleifa, le \"Loetsch\" s'annonce d'abord avec le sombre massif de sa rive gauche.<\/div><\/div><\/figcaption><\/figure><div class=\"fg-loader\"><\/div><\/div><div class=\"fg-item fg-type-image fg-idle\"><figure class=\"fg-item-inner\"><a href=\"https:\/\/alpavista.ch\/Alp11\/wp-content\/uploads\/inneri_weide_016.jpg\" data-caption-title=\"Alors que, c\u00f4t\u00e9 &quot;Valaisannes&quot;, les 4&#039;000 ont d\u00e9j\u00e0 la t\u00eate dans les nuages.\" data-caption-desc=\"Alors que, c\u00f4t\u00e9 &quot;Valaisannes&quot;, les 4&#039;000 ont d\u00e9j\u00e0 la t\u00eate dans les nuages.\" data-attachment-id=\"30718\" data-type=\"image\" class=\"fg-thumb\"><span class=\"fg-image-wrap\"><img decoding=\"async\" alt=\"inneri_weide_016\" title=\"Alors que, c\u00f4t\u00e9 &quot;Valaisannes&quot;, les 4&#039;000 ont d\u00e9j\u00e0 la t\u00eate dans les nuages.\" width=\"101\" height=\"57\" class=\"skip-lazy fg-image\" data-src-fg=\"https:\/\/alpavista.ch\/Alp11\/wp-content\/uploads\/cache\/inneri_weide_016\/1752906915.jpg\" src=\"data:image\/svg+xml,%3Csvg%20xmlns%3D%22http%3A%2F%2Fwww.w3.org%2F2000%2Fsvg%22%20width%3D%22101%22%20height%3D%2257%22%20viewBox%3D%220%200%20101%2057%22%3E%3C%2Fsvg%3E\" loading=\"eager\"><\/span><span class=\"fg-image-overlay\"><\/span><\/a><figcaption class=\"fg-caption\"><div class=\"fg-caption-inner\"><div class=\"fg-caption-desc\">Alors que, c\u00f4t\u00e9 \"Valaisannes\", les 4'000 ont d\u00e9j\u00e0 la t\u00eate dans les nuages.<\/div><\/div><\/figcaption><\/figure><div class=\"fg-loader\"><\/div><\/div><div class=\"fg-item fg-type-image fg-idle\"><figure class=\"fg-item-inner\"><a href=\"https:\/\/alpavista.ch\/Alp11\/wp-content\/uploads\/inneri_weide_017.jpg\" data-caption-title=\"... nous franchissons la fronti\u00e8re &quot;loetschentaler&quot; sans visa.\" data-caption-desc=\"... nous franchissons la fronti\u00e8re &quot;loetschentaler&quot; sans visa.\" data-attachment-id=\"30717\" data-type=\"image\" class=\"fg-thumb\"><span class=\"fg-image-wrap\"><img decoding=\"async\" alt=\"inneri_weide_017\" title=\"... nous franchissons la fronti\u00e8re &quot;loetschentaler&quot; sans visa.\" width=\"101\" height=\"57\" class=\"skip-lazy fg-image\" data-src-fg=\"https:\/\/alpavista.ch\/Alp11\/wp-content\/uploads\/cache\/inneri_weide_017\/3434832674.jpg\" src=\"data:image\/svg+xml,%3Csvg%20xmlns%3D%22http%3A%2F%2Fwww.w3.org%2F2000%2Fsvg%22%20width%3D%22101%22%20height%3D%2257%22%20viewBox%3D%220%200%20101%2057%22%3E%3C%2Fsvg%3E\" loading=\"eager\"><\/span><span class=\"fg-image-overlay\"><\/span><\/a><figcaption class=\"fg-caption\"><div class=\"fg-caption-inner\"><div class=\"fg-caption-desc\">... nous franchissons la fronti\u00e8re \"loetschentaler\" sans visa.<\/div><\/div><\/figcaption><\/figure><div class=\"fg-loader\"><\/div><\/div><div class=\"fg-item fg-type-image fg-idle\"><figure class=\"fg-item-inner\"><a href=\"https:\/\/alpavista.ch\/Alp11\/wp-content\/uploads\/inneri_weide_018.jpg\" data-caption-title=\"Si les myrtilliers ont d\u00e9j\u00e0 rev\u00eatu leur pourpre parure ...\" data-caption-desc=\"Si les myrtilliers ont d\u00e9j\u00e0 rev\u00eatu leur pourpre parure ...\" data-attachment-id=\"30716\" data-type=\"image\" class=\"fg-thumb\"><span class=\"fg-image-wrap\"><img decoding=\"async\" alt=\"inneri_weide_018\" title=\"Si les myrtilliers ont d\u00e9j\u00e0 rev\u00eatu leur pourpre parure ...\" width=\"101\" height=\"57\" class=\"skip-lazy fg-image\" data-src-fg=\"https:\/\/alpavista.ch\/Alp11\/wp-content\/uploads\/cache\/inneri_weide_018\/1930644906.jpg\" src=\"data:image\/svg+xml,%3Csvg%20xmlns%3D%22http%3A%2F%2Fwww.w3.org%2F2000%2Fsvg%22%20width%3D%22101%22%20height%3D%2257%22%20viewBox%3D%220%200%20101%2057%22%3E%3C%2Fsvg%3E\" loading=\"eager\"><\/span><span class=\"fg-image-overlay\"><\/span><\/a><figcaption class=\"fg-caption\"><div class=\"fg-caption-inner\"><div class=\"fg-caption-desc\">Si les myrtilliers ont d\u00e9j\u00e0 rev\u00eatu leur pourpre parure ...<\/div><\/div><\/figcaption><\/figure><div class=\"fg-loader\"><\/div><\/div><div class=\"fg-item fg-type-image fg-idle\"><figure class=\"fg-item-inner\"><a href=\"https:\/\/alpavista.ch\/Alp11\/wp-content\/uploads\/inneri_weide_019.jpg\" data-caption-title=\"... leurs fruits n&#039;ont encore pas encore \u00e9t\u00e9 vraiment alt\u00e9r\u00e9s par le gel nocturne.\" data-caption-desc=\"... leurs fruits n&#039;ont encore pas encore \u00e9t\u00e9 vraiment alt\u00e9r\u00e9s par le gel nocturne.\" data-attachment-id=\"30715\" data-type=\"image\" class=\"fg-thumb\"><span class=\"fg-image-wrap\"><img decoding=\"async\" alt=\"inneri_weide_019\" title=\"... leurs fruits n&#039;ont encore pas encore \u00e9t\u00e9 vraiment alt\u00e9r\u00e9s par le gel nocturne.\" width=\"101\" height=\"57\" class=\"skip-lazy fg-image\" data-src-fg=\"https:\/\/alpavista.ch\/Alp11\/wp-content\/uploads\/cache\/inneri_weide_019\/337709400.jpg\" src=\"data:image\/svg+xml,%3Csvg%20xmlns%3D%22http%3A%2F%2Fwww.w3.org%2F2000%2Fsvg%22%20width%3D%22101%22%20height%3D%2257%22%20viewBox%3D%220%200%20101%2057%22%3E%3C%2Fsvg%3E\" loading=\"eager\"><\/span><span class=\"fg-image-overlay\"><\/span><\/a><figcaption class=\"fg-caption\"><div class=\"fg-caption-inner\"><div class=\"fg-caption-desc\">... leurs fruits n'ont encore pas encore \u00e9t\u00e9 vraiment alt\u00e9r\u00e9s par le gel nocturne.<\/div><\/div><\/figcaption><\/figure><div class=\"fg-loader\"><\/div><\/div><div class=\"fg-item fg-type-image fg-idle\"><figure class=\"fg-item-inner\"><a href=\"https:\/\/alpavista.ch\/Alp11\/wp-content\/uploads\/inneri_weide_020.jpg\" data-caption-title=\"Willkommen zu Hause, Herr Ebener !\" data-caption-desc=\"Willkommen zu Hause, Herr Ebener !\" data-attachment-id=\"30714\" data-type=\"image\" class=\"fg-thumb\"><span class=\"fg-image-wrap\"><img decoding=\"async\" alt=\"inneri_weide_020\" title=\"Willkommen zu Hause, Herr Ebener !\" width=\"101\" height=\"57\" class=\"skip-lazy fg-image\" data-src-fg=\"https:\/\/alpavista.ch\/Alp11\/wp-content\/uploads\/cache\/inneri_weide_020\/1416303250.jpg\" src=\"data:image\/svg+xml,%3Csvg%20xmlns%3D%22http%3A%2F%2Fwww.w3.org%2F2000%2Fsvg%22%20width%3D%22101%22%20height%3D%2257%22%20viewBox%3D%220%200%20101%2057%22%3E%3C%2Fsvg%3E\" loading=\"eager\"><\/span><span class=\"fg-image-overlay\"><\/span><\/a><figcaption class=\"fg-caption\"><div class=\"fg-caption-inner\"><div class=\"fg-caption-desc\">Willkommen zu Hause, Herr Ebener !<\/div><\/div><\/figcaption><\/figure><div class=\"fg-loader\"><\/div><\/div><div class=\"fg-item fg-type-image fg-idle\"><figure class=\"fg-item-inner\"><a href=\"https:\/\/alpavista.ch\/Alp11\/wp-content\/uploads\/inneri_weide_021.jpg\" data-caption-title=\"Selon leur orientation, certains versants ont d\u00e9j\u00e0 pass\u00e9 int\u00e9gralement au rouge \u00e9carlate.\" data-caption-desc=\"Selon leur orientation, certains versants ont d\u00e9j\u00e0 pass\u00e9 int\u00e9gralement au rouge \u00e9carlate.\" data-attachment-id=\"30713\" data-type=\"image\" class=\"fg-thumb\"><span class=\"fg-image-wrap\"><img decoding=\"async\" alt=\"inneri_weide_021\" title=\"Selon leur orientation, certains versants ont d\u00e9j\u00e0 pass\u00e9 int\u00e9gralement au rouge \u00e9carlate.\" width=\"101\" height=\"57\" class=\"skip-lazy fg-image\" data-src-fg=\"https:\/\/alpavista.ch\/Alp11\/wp-content\/uploads\/cache\/inneri_weide_021\/1913168049.jpg\" src=\"data:image\/svg+xml,%3Csvg%20xmlns%3D%22http%3A%2F%2Fwww.w3.org%2F2000%2Fsvg%22%20width%3D%22101%22%20height%3D%2257%22%20viewBox%3D%220%200%20101%2057%22%3E%3C%2Fsvg%3E\" loading=\"eager\"><\/span><span class=\"fg-image-overlay\"><\/span><\/a><figcaption class=\"fg-caption\"><div class=\"fg-caption-inner\"><div class=\"fg-caption-desc\">Selon leur orientation, certains versants ont d\u00e9j\u00e0 pass\u00e9 int\u00e9gralement au rouge \u00e9carlate.<\/div><\/div><\/figcaption><\/figure><div class=\"fg-loader\"><\/div><\/div><div class=\"fg-item fg-type-image fg-idle\"><figure class=\"fg-item-inner\"><a href=\"https:\/\/alpavista.ch\/Alp11\/wp-content\/uploads\/inneri_weide_022.jpg\" data-caption-title=\"Stage 5 &amp;amp; 6 : la nouvelle pub Orange 2019 est d\u00e9j\u00e0 en ligne !\" data-caption-desc=\"Stage 5 &amp;amp; 6 : la nouvelle pub Orange 2019 est d\u00e9j\u00e0 en ligne !\" data-attachment-id=\"30712\" data-type=\"image\" class=\"fg-thumb\"><span class=\"fg-image-wrap\"><img decoding=\"async\" alt=\"inneri_weide_022\" title=\"Stage 5 &amp; 6 : la nouvelle pub Orange 2019 est d\u00e9j\u00e0 en ligne !\" width=\"101\" height=\"57\" class=\"skip-lazy fg-image\" data-src-fg=\"https:\/\/alpavista.ch\/Alp11\/wp-content\/uploads\/cache\/inneri_weide_022\/2584714102.jpg\" src=\"data:image\/svg+xml,%3Csvg%20xmlns%3D%22http%3A%2F%2Fwww.w3.org%2F2000%2Fsvg%22%20width%3D%22101%22%20height%3D%2257%22%20viewBox%3D%220%200%20101%2057%22%3E%3C%2Fsvg%3E\" loading=\"eager\"><\/span><span class=\"fg-image-overlay\"><\/span><\/a><figcaption class=\"fg-caption\"><div class=\"fg-caption-inner\"><div class=\"fg-caption-desc\">Stage 5 &amp; 6 : la nouvelle pub Orange 2019 est d\u00e9j\u00e0 en ligne !<\/div><\/div><\/figcaption><\/figure><div class=\"fg-loader\"><\/div><\/div><div class=\"fg-item fg-type-image fg-idle\"><figure class=\"fg-item-inner\"><a href=\"https:\/\/alpavista.ch\/Alp11\/wp-content\/uploads\/inneri_weide_023.jpg\" data-caption-title=\"Tourner momentan\u00e9ment le dos au &quot;Loetsch&quot; pour mieux y p\u00e9n\u00e9trer. Les al\u00e9as du wanderweg sont parfois contradictoires.\" data-caption-desc=\"Tourner momentan\u00e9ment le dos au &quot;Loetsch&quot; pour mieux y p\u00e9n\u00e9trer. Les al\u00e9as du wanderweg sont parfois contradictoires.\" data-attachment-id=\"30711\" data-type=\"image\" class=\"fg-thumb\"><span class=\"fg-image-wrap\"><img decoding=\"async\" alt=\"inneri_weide_023\" title=\"Tourner momentan\u00e9ment le dos au &quot;Loetsch&quot; pour mieux y p\u00e9n\u00e9trer. Les al\u00e9as du wanderweg sont parfois contradictoires.\" width=\"101\" height=\"57\" class=\"skip-lazy fg-image\" data-src-fg=\"https:\/\/alpavista.ch\/Alp11\/wp-content\/uploads\/cache\/inneri_weide_023\/4248690564.jpg\" src=\"data:image\/svg+xml,%3Csvg%20xmlns%3D%22http%3A%2F%2Fwww.w3.org%2F2000%2Fsvg%22%20width%3D%22101%22%20height%3D%2257%22%20viewBox%3D%220%200%20101%2057%22%3E%3C%2Fsvg%3E\" loading=\"eager\"><\/span><span class=\"fg-image-overlay\"><\/span><\/a><figcaption class=\"fg-caption\"><div class=\"fg-caption-inner\"><div class=\"fg-caption-desc\">Tourner momentan\u00e9ment le dos au \"Loetsch\" pour mieux y p\u00e9n\u00e9trer. Les al\u00e9as du wanderweg sont parfois contradictoires.<\/div><\/div><\/figcaption><\/figure><div class=\"fg-loader\"><\/div><\/div><div class=\"fg-item fg-type-image fg-idle\"><figure class=\"fg-item-inner\"><a href=\"https:\/\/alpavista.ch\/Alp11\/wp-content\/uploads\/inneri_weide_024.jpg\" data-caption-title=\"Apr\u00e8s \u00e7a, tu pourras toujours dire que tu as roul\u00e9 sur les 4&#039;000 de la vall\u00e9e de Saas.\" data-caption-desc=\"Apr\u00e8s \u00e7a, tu pourras toujours dire que tu as roul\u00e9 sur les 4&#039;000 de la vall\u00e9e de Saas.\" data-attachment-id=\"30710\" data-type=\"image\" class=\"fg-thumb\"><span class=\"fg-image-wrap\"><img decoding=\"async\" alt=\"inneri_weide_024\" title=\"Apr\u00e8s \u00e7a, tu pourras toujours dire que tu as roul\u00e9 sur les 4&#039;000 de la vall\u00e9e de Saas.\" width=\"101\" height=\"57\" class=\"skip-lazy fg-image\" data-src-fg=\"https:\/\/alpavista.ch\/Alp11\/wp-content\/uploads\/cache\/inneri_weide_024\/2440096441.jpg\" src=\"data:image\/svg+xml,%3Csvg%20xmlns%3D%22http%3A%2F%2Fwww.w3.org%2F2000%2Fsvg%22%20width%3D%22101%22%20height%3D%2257%22%20viewBox%3D%220%200%20101%2057%22%3E%3C%2Fsvg%3E\" loading=\"eager\"><\/span><span class=\"fg-image-overlay\"><\/span><\/a><figcaption class=\"fg-caption\"><div class=\"fg-caption-inner\"><div class=\"fg-caption-desc\">Apr\u00e8s \u00e7a, tu pourras toujours dire que tu as roul\u00e9 sur les 4'000 de la vall\u00e9e de Saas.<\/div><\/div><\/figcaption><\/figure><div class=\"fg-loader\"><\/div><\/div><div class=\"fg-item fg-type-image fg-idle\"><figure class=\"fg-item-inner\"><a href=\"https:\/\/alpavista.ch\/Alp11\/wp-content\/uploads\/inneri_weide_025.jpg\" data-caption-title=\"Quand Ferden se laisse enfin apercevoir, c&#039;est qu&#039;il n&#039;est plus temps de p\u00e9daler, mais de piloter.\" data-caption-desc=\"Quand Ferden se laisse enfin apercevoir, c&#039;est qu&#039;il n&#039;est plus temps de p\u00e9daler, mais de piloter.\" data-attachment-id=\"30709\" data-type=\"image\" class=\"fg-thumb\"><span class=\"fg-image-wrap\"><img decoding=\"async\" alt=\"inneri_weide_025\" title=\"Quand Ferden se laisse enfin apercevoir, c&#039;est qu&#039;il n&#039;est plus temps de p\u00e9daler, mais de piloter.\" width=\"101\" height=\"57\" class=\"skip-lazy fg-image\" data-src-fg=\"https:\/\/alpavista.ch\/Alp11\/wp-content\/uploads\/cache\/inneri_weide_025\/2241091404.jpg\" src=\"data:image\/svg+xml,%3Csvg%20xmlns%3D%22http%3A%2F%2Fwww.w3.org%2F2000%2Fsvg%22%20width%3D%22101%22%20height%3D%2257%22%20viewBox%3D%220%200%20101%2057%22%3E%3C%2Fsvg%3E\" loading=\"eager\"><\/span><span class=\"fg-image-overlay\"><\/span><\/a><figcaption class=\"fg-caption\"><div class=\"fg-caption-inner\"><div class=\"fg-caption-desc\">Quand Ferden se laisse enfin apercevoir, c'est qu'il n'est plus temps de p\u00e9daler, mais de piloter.<\/div><\/div><\/figcaption><\/figure><div class=\"fg-loader\"><\/div><\/div><div class=\"fg-item fg-type-image fg-idle\"><figure class=\"fg-item-inner\"><a href=\"https:\/\/alpavista.ch\/Alp11\/wp-content\/uploads\/inneri_weide_026.jpg\" data-caption-title=\"Gros v\u00e9lo et virage relev\u00e9 : le duo win-win pour descendre vite et en s\u00e9curit\u00e9.\" data-caption-desc=\"Gros v\u00e9lo et virage relev\u00e9 : le duo win-win pour descendre vite et en s\u00e9curit\u00e9.\" data-attachment-id=\"30708\" data-type=\"image\" class=\"fg-thumb\"><span class=\"fg-image-wrap\"><img decoding=\"async\" alt=\"inneri_weide_026\" title=\"Gros v\u00e9lo et virage relev\u00e9 : le duo win-win pour descendre vite et en s\u00e9curit\u00e9.\" width=\"101\" height=\"57\" class=\"skip-lazy fg-image\" data-src-fg=\"https:\/\/alpavista.ch\/Alp11\/wp-content\/uploads\/cache\/inneri_weide_026\/1838378123.jpg\" src=\"data:image\/svg+xml,%3Csvg%20xmlns%3D%22http%3A%2F%2Fwww.w3.org%2F2000%2Fsvg%22%20width%3D%22101%22%20height%3D%2257%22%20viewBox%3D%220%200%20101%2057%22%3E%3C%2Fsvg%3E\" loading=\"eager\"><\/span><span class=\"fg-image-overlay\"><\/span><\/a><figcaption class=\"fg-caption\"><div class=\"fg-caption-inner\"><div class=\"fg-caption-desc\">Gros v\u00e9lo et virage relev\u00e9 : le duo win-win pour descendre vite et en s\u00e9curit\u00e9.<\/div><\/div><\/figcaption><\/figure><div class=\"fg-loader\"><\/div><\/div><div class=\"fg-item fg-type-image fg-idle\"><figure class=\"fg-item-inner\"><a href=\"https:\/\/alpavista.ch\/Alp11\/wp-content\/uploads\/inneri_weide_027.jpg\" data-caption-title=\"Incursion en terre natale et plus vraiment inconnue.\" data-caption-desc=\"Incursion en terre natale et plus vraiment inconnue.\" data-attachment-id=\"30707\" data-type=\"image\" class=\"fg-thumb\"><span class=\"fg-image-wrap\"><img decoding=\"async\" alt=\"inneri_weide_027\" title=\"Incursion en terre natale et plus vraiment inconnue.\" width=\"101\" height=\"57\" class=\"skip-lazy fg-image\" data-src-fg=\"https:\/\/alpavista.ch\/Alp11\/wp-content\/uploads\/cache\/inneri_weide_027\/3377672970.jpg\" src=\"data:image\/svg+xml,%3Csvg%20xmlns%3D%22http%3A%2F%2Fwww.w3.org%2F2000%2Fsvg%22%20width%3D%22101%22%20height%3D%2257%22%20viewBox%3D%220%200%20101%2057%22%3E%3C%2Fsvg%3E\" loading=\"eager\"><\/span><span class=\"fg-image-overlay\"><\/span><\/a><figcaption class=\"fg-caption\"><div class=\"fg-caption-inner\"><div class=\"fg-caption-desc\">Incursion en terre natale et plus vraiment inconnue.<\/div><\/div><\/figcaption><\/figure><div class=\"fg-loader\"><\/div><\/div><div class=\"fg-item fg-type-image fg-idle\"><figure class=\"fg-item-inner\"><a href=\"https:\/\/alpavista.ch\/Alp11\/wp-content\/uploads\/inneri_weide_028.jpg\" data-caption-title=\"Oberi Meiggu, 9 chalets et une vue... sur le Loetschental.\" data-caption-desc=\"Oberi Meiggu, 9 chalets et une vue... sur le Loetschental.\" data-attachment-id=\"30706\" data-type=\"image\" class=\"fg-thumb\"><span class=\"fg-image-wrap\"><img decoding=\"async\" alt=\"inneri_weide_028\" title=\"Oberi Meiggu, 9 chalets et une vue... sur le Loetschental.\" width=\"101\" height=\"57\" class=\"skip-lazy fg-image\" data-src-fg=\"https:\/\/alpavista.ch\/Alp11\/wp-content\/uploads\/cache\/inneri_weide_028\/1996168578.jpg\" src=\"data:image\/svg+xml,%3Csvg%20xmlns%3D%22http%3A%2F%2Fwww.w3.org%2F2000%2Fsvg%22%20width%3D%22101%22%20height%3D%2257%22%20viewBox%3D%220%200%20101%2057%22%3E%3C%2Fsvg%3E\" loading=\"eager\"><\/span><span class=\"fg-image-overlay\"><\/span><\/a><figcaption class=\"fg-caption\"><div class=\"fg-caption-inner\"><div class=\"fg-caption-desc\">Oberi Meiggu, 9 chalets et une vue... sur le Loetschental.<\/div><\/div><\/figcaption><\/figure><div class=\"fg-loader\"><\/div><\/div><div class=\"fg-item fg-type-image fg-idle\"><figure class=\"fg-item-inner\"><a href=\"https:\/\/alpavista.ch\/Alp11\/wp-content\/uploads\/inneri_weide_029.jpg\" data-caption-title=\"9 chalets, pas forc\u00e9ment tout neufs.\" data-caption-desc=\"9 chalets, pas forc\u00e9ment tout neufs.\" data-attachment-id=\"30705\" data-type=\"image\" class=\"fg-thumb\"><span class=\"fg-image-wrap\"><img decoding=\"async\" alt=\"inneri_weide_029\" title=\"9 chalets, pas forc\u00e9ment tout neufs.\" width=\"101\" height=\"57\" class=\"skip-lazy fg-image\" data-src-fg=\"https:\/\/alpavista.ch\/Alp11\/wp-content\/uploads\/cache\/inneri_weide_029\/298408304.jpg\" src=\"data:image\/svg+xml,%3Csvg%20xmlns%3D%22http%3A%2F%2Fwww.w3.org%2F2000%2Fsvg%22%20width%3D%22101%22%20height%3D%2257%22%20viewBox%3D%220%200%20101%2057%22%3E%3C%2Fsvg%3E\" loading=\"eager\"><\/span><span class=\"fg-image-overlay\"><\/span><\/a><figcaption class=\"fg-caption\"><div class=\"fg-caption-inner\"><div class=\"fg-caption-desc\">9 chalets, pas forc\u00e9ment tout neufs.<\/div><\/div><\/figcaption><\/figure><div class=\"fg-loader\"><\/div><\/div><div class=\"fg-item fg-type-image fg-idle\"><figure class=\"fg-item-inner\"><a href=\"https:\/\/alpavista.ch\/Alp11\/wp-content\/uploads\/inneri_weide_030.jpg\" data-caption-title=\"Pour confirmer le c\u00e9l\u00e8bre dicton VTT, l\u00e0 o\u00f9 il y a panneau, il y a v\u00e9lo. M\u00eame si c&#039;est surtout l&#039;inverse dont il faut toujours tenir compte.\" data-caption-desc=\"Pour confirmer le c\u00e9l\u00e8bre dicton VTT, l\u00e0 o\u00f9 il y a panneau, il y a v\u00e9lo. M\u00eame si c&#039;est surtout l&#039;inverse dont il faut toujours tenir compte.\" data-attachment-id=\"30704\" data-type=\"image\" class=\"fg-thumb\"><span class=\"fg-image-wrap\"><img decoding=\"async\" alt=\"inneri_weide_030\" title=\"Pour confirmer le c\u00e9l\u00e8bre dicton VTT, l\u00e0 o\u00f9 il y a panneau, il y a v\u00e9lo. M\u00eame si c&#039;est surtout l&#039;inverse dont il faut toujours tenir compte.\" width=\"101\" height=\"57\" class=\"skip-lazy fg-image\" data-src-fg=\"https:\/\/alpavista.ch\/Alp11\/wp-content\/uploads\/cache\/inneri_weide_030\/2138401340.jpg\" src=\"data:image\/svg+xml,%3Csvg%20xmlns%3D%22http%3A%2F%2Fwww.w3.org%2F2000%2Fsvg%22%20width%3D%22101%22%20height%3D%2257%22%20viewBox%3D%220%200%20101%2057%22%3E%3C%2Fsvg%3E\" loading=\"eager\"><\/span><span class=\"fg-image-overlay\"><\/span><\/a><figcaption class=\"fg-caption\"><div class=\"fg-caption-inner\"><div class=\"fg-caption-desc\">Pour confirmer le c\u00e9l\u00e8bre dicton VTT, l\u00e0 o\u00f9 il y a panneau, il y a v\u00e9lo. M\u00eame si c'est surtout l'inverse dont il faut toujours tenir compte.<\/div><\/div><\/figcaption><\/figure><div class=\"fg-loader\"><\/div><\/div><div class=\"fg-item fg-type-image fg-idle\"><figure class=\"fg-item-inner\"><a href=\"https:\/\/alpavista.ch\/Alp11\/wp-content\/uploads\/inneri_weide_031.jpg\" data-caption-title=\"Le pourpre n&#039;est d\u00e9finitivement pas une question d&#039;altitude, mais d&#039;orientation.\" data-caption-desc=\"Le pourpre n&#039;est d\u00e9finitivement pas une question d&#039;altitude, mais d&#039;orientation.\" data-attachment-id=\"30703\" data-type=\"image\" class=\"fg-thumb\"><span class=\"fg-image-wrap\"><img decoding=\"async\" alt=\"inneri_weide_031\" title=\"Le pourpre n&#039;est d\u00e9finitivement pas une question d&#039;altitude, mais d&#039;orientation.\" width=\"101\" height=\"57\" class=\"skip-lazy fg-image\" data-src-fg=\"https:\/\/alpavista.ch\/Alp11\/wp-content\/uploads\/cache\/inneri_weide_031\/1494669343.jpg\" src=\"data:image\/svg+xml,%3Csvg%20xmlns%3D%22http%3A%2F%2Fwww.w3.org%2F2000%2Fsvg%22%20width%3D%22101%22%20height%3D%2257%22%20viewBox%3D%220%200%20101%2057%22%3E%3C%2Fsvg%3E\" loading=\"eager\"><\/span><span class=\"fg-image-overlay\"><\/span><\/a><figcaption class=\"fg-caption\"><div class=\"fg-caption-inner\"><div class=\"fg-caption-desc\">Le pourpre n'est d\u00e9finitivement pas une question d'altitude, mais d'orientation.<\/div><\/div><\/figcaption><\/figure><div class=\"fg-loader\"><\/div><\/div><div class=\"fg-item fg-type-image fg-idle\"><figure class=\"fg-item-inner\"><a href=\"https:\/\/alpavista.ch\/Alp11\/wp-content\/uploads\/inneri_weide_032.jpg\" data-caption-title=\"Underi Meiggu, l&#039;alpage inf\u00e9rieur, la vue en moins.. Sauf \u00e0 aimer la vision des apics et des ravins.\" data-caption-desc=\"Underi Meiggu, l&#039;alpage inf\u00e9rieur, la vue en moins.. Sauf \u00e0 aimer la vision des apics et des ravins.\" data-attachment-id=\"30702\" data-type=\"image\" class=\"fg-thumb\"><span class=\"fg-image-wrap\"><img decoding=\"async\" alt=\"inneri_weide_032\" title=\"Underi Meiggu, l&#039;alpage inf\u00e9rieur, la vue en moins.. Sauf \u00e0 aimer la vision des apics et des ravins.\" width=\"101\" height=\"57\" class=\"skip-lazy fg-image\" data-src-fg=\"https:\/\/alpavista.ch\/Alp11\/wp-content\/uploads\/cache\/inneri_weide_032\/2970739672.jpg\" src=\"data:image\/svg+xml,%3Csvg%20xmlns%3D%22http%3A%2F%2Fwww.w3.org%2F2000%2Fsvg%22%20width%3D%22101%22%20height%3D%2257%22%20viewBox%3D%220%200%20101%2057%22%3E%3C%2Fsvg%3E\" loading=\"eager\"><\/span><span class=\"fg-image-overlay\"><\/span><\/a><figcaption class=\"fg-caption\"><div class=\"fg-caption-inner\"><div class=\"fg-caption-desc\">Underi Meiggu, l'alpage inf\u00e9rieur, la vue en moins.. Sauf \u00e0 aimer la vision des apics et des ravins.<\/div><\/div><\/figcaption><\/figure><div class=\"fg-loader\"><\/div><\/div><div class=\"fg-item fg-type-image fg-idle\"><figure class=\"fg-item-inner\"><a href=\"https:\/\/alpavista.ch\/Alp11\/wp-content\/uploads\/inneri_weide_033.jpg\" data-caption-title=\"La cohabitation avec les marcheurs n&#039;est pas toujours simple. Alors avec les bovins... Mais on va encore et toujours \u00eatre fair-play.\" data-caption-desc=\"La cohabitation avec les marcheurs n&#039;est pas toujours simple. Alors avec les bovins... Mais on va encore et toujours \u00eatre fair-play.\" data-attachment-id=\"30701\" data-type=\"image\" class=\"fg-thumb\"><span class=\"fg-image-wrap\"><img decoding=\"async\" alt=\"inneri_weide_033\" title=\"La cohabitation avec les marcheurs n&#039;est pas toujours simple. Alors avec les bovins... Mais on va encore et toujours \u00eatre fair-play.\" width=\"101\" height=\"57\" class=\"skip-lazy fg-image\" data-src-fg=\"https:\/\/alpavista.ch\/Alp11\/wp-content\/uploads\/cache\/inneri_weide_033\/3592660778.jpg\" src=\"data:image\/svg+xml,%3Csvg%20xmlns%3D%22http%3A%2F%2Fwww.w3.org%2F2000%2Fsvg%22%20width%3D%22101%22%20height%3D%2257%22%20viewBox%3D%220%200%20101%2057%22%3E%3C%2Fsvg%3E\" loading=\"eager\"><\/span><span class=\"fg-image-overlay\"><\/span><\/a><figcaption class=\"fg-caption\"><div class=\"fg-caption-inner\"><div class=\"fg-caption-desc\">La cohabitation avec les marcheurs n'est pas toujours simple. Alors avec les bovins... Mais on va encore et toujours \u00eatre fair-play.<\/div><\/div><\/figcaption><\/figure><div class=\"fg-loader\"><\/div><\/div><div class=\"fg-item fg-type-image fg-idle\"><figure class=\"fg-item-inner\"><a href=\"https:\/\/alpavista.ch\/Alp11\/wp-content\/uploads\/inneri_weide_034.jpg\" data-caption-title=\"Tu es s\u00fbr d&#039;avoir bien compris le &quot;langsam&quot; du panneau ?\" data-caption-desc=\"Tu es s\u00fbr d&#039;avoir bien compris le &quot;langsam&quot; du panneau ?\" data-attachment-id=\"30700\" data-type=\"image\" class=\"fg-thumb\"><span class=\"fg-image-wrap\"><img decoding=\"async\" alt=\"inneri_weide_034\" title=\"Tu es s\u00fbr d&#039;avoir bien compris le &quot;langsam&quot; du panneau ?\" width=\"101\" height=\"57\" class=\"skip-lazy fg-image\" data-src-fg=\"https:\/\/alpavista.ch\/Alp11\/wp-content\/uploads\/cache\/inneri_weide_034\/3127808535.jpg\" src=\"data:image\/svg+xml,%3Csvg%20xmlns%3D%22http%3A%2F%2Fwww.w3.org%2F2000%2Fsvg%22%20width%3D%22101%22%20height%3D%2257%22%20viewBox%3D%220%200%20101%2057%22%3E%3C%2Fsvg%3E\" loading=\"eager\"><\/span><span class=\"fg-image-overlay\"><\/span><\/a><figcaption class=\"fg-caption\"><div class=\"fg-caption-inner\"><div class=\"fg-caption-desc\">Tu es s\u00fbr d'avoir bien compris le \"langsam\" du panneau ?<\/div><\/div><\/figcaption><\/figure><div class=\"fg-loader\"><\/div><\/div><div class=\"fg-item fg-type-image fg-idle\"><figure class=\"fg-item-inner\"><a href=\"https:\/\/alpavista.ch\/Alp11\/wp-content\/uploads\/inneri_weide_035.jpg\" data-caption-title=\"La Mittal Highway et ses 14 lacets : connue, reconnue et peut-\u00eatre d\u00e9j\u00e0 trop courue.\" data-caption-desc=\"La Mittal Highway et ses 14 lacets : connue, reconnue et peut-\u00eatre d\u00e9j\u00e0 trop courue.\" data-attachment-id=\"30699\" data-type=\"image\" class=\"fg-thumb\"><span class=\"fg-image-wrap\"><img decoding=\"async\" alt=\"inneri_weide_035\" title=\"La Mittal Highway et ses 14 lacets : connue, reconnue et peut-\u00eatre d\u00e9j\u00e0 trop courue.\" width=\"101\" height=\"57\" class=\"skip-lazy fg-image\" data-src-fg=\"https:\/\/alpavista.ch\/Alp11\/wp-content\/uploads\/cache\/inneri_weide_035\/1213707618.jpg\" src=\"data:image\/svg+xml,%3Csvg%20xmlns%3D%22http%3A%2F%2Fwww.w3.org%2F2000%2Fsvg%22%20width%3D%22101%22%20height%3D%2257%22%20viewBox%3D%220%200%20101%2057%22%3E%3C%2Fsvg%3E\" loading=\"eager\"><\/span><span class=\"fg-image-overlay\"><\/span><\/a><figcaption class=\"fg-caption\"><div class=\"fg-caption-inner\"><div class=\"fg-caption-desc\">La Mittal Highway et ses 14 lacets : connue, reconnue et peut-\u00eatre d\u00e9j\u00e0 trop courue.<\/div><\/div><\/figcaption><\/figure><div class=\"fg-loader\"><\/div><\/div><div class=\"fg-item fg-type-image fg-idle\"><figure class=\"fg-item-inner\"><a href=\"https:\/\/alpavista.ch\/Alp11\/wp-content\/uploads\/inneri_weide_036.jpg\" data-caption-title=\"Alors quand le crochet Weide se propose \u00e0 nous, on est bien incapable de r\u00e9sister.\" data-caption-desc=\"Alors quand le crochet Weide se propose \u00e0 nous, on est bien incapable de r\u00e9sister.\" data-attachment-id=\"30698\" data-type=\"image\" class=\"fg-thumb\"><span class=\"fg-image-wrap\"><img decoding=\"async\" alt=\"inneri_weide_036\" title=\"Alors quand le crochet Weide se propose \u00e0 nous, on est bien incapable de r\u00e9sister.\" width=\"101\" height=\"57\" class=\"skip-lazy fg-image\" data-src-fg=\"https:\/\/alpavista.ch\/Alp11\/wp-content\/uploads\/cache\/inneri_weide_036\/2689633957.jpg\" src=\"data:image\/svg+xml,%3Csvg%20xmlns%3D%22http%3A%2F%2Fwww.w3.org%2F2000%2Fsvg%22%20width%3D%22101%22%20height%3D%2257%22%20viewBox%3D%220%200%20101%2057%22%3E%3C%2Fsvg%3E\" loading=\"eager\"><\/span><span class=\"fg-image-overlay\"><\/span><\/a><figcaption class=\"fg-caption\"><div class=\"fg-caption-inner\"><div class=\"fg-caption-desc\">Alors quand le crochet Weide se propose \u00e0 nous, on est bien incapable de r\u00e9sister.<\/div><\/div><\/figcaption><\/figure><div class=\"fg-loader\"><\/div><\/div><div class=\"fg-item fg-type-image fg-idle\"><figure class=\"fg-item-inner\"><a href=\"https:\/\/alpavista.ch\/Alp11\/wp-content\/uploads\/inneri_weide_037.jpg\" data-caption-title=\"De cette surprenante famille un peu perch\u00e9e, nous croisons d&#039;abord Hasler (Weide), un chalet esseul\u00e9.\" data-caption-desc=\"De cette surprenante famille un peu perch\u00e9e, nous croisons d&#039;abord Hasler (Weide), un chalet esseul\u00e9.\" data-attachment-id=\"30697\" data-type=\"image\" class=\"fg-thumb\"><span class=\"fg-image-wrap\"><img decoding=\"async\" alt=\"inneri_weide_037\" title=\"De cette surprenante famille un peu perch\u00e9e, nous croisons d&#039;abord Hasler (Weide), un chalet esseul\u00e9.\" width=\"101\" height=\"57\" class=\"skip-lazy fg-image\" data-src-fg=\"https:\/\/alpavista.ch\/Alp11\/wp-content\/uploads\/cache\/inneri_weide_037\/76599588.jpg\" src=\"data:image\/svg+xml,%3Csvg%20xmlns%3D%22http%3A%2F%2Fwww.w3.org%2F2000%2Fsvg%22%20width%3D%22101%22%20height%3D%2257%22%20viewBox%3D%220%200%20101%2057%22%3E%3C%2Fsvg%3E\" loading=\"eager\"><\/span><span class=\"fg-image-overlay\"><\/span><\/a><figcaption class=\"fg-caption\"><div class=\"fg-caption-inner\"><div class=\"fg-caption-desc\">De cette surprenante famille un peu perch\u00e9e, nous croisons d'abord Hasler (Weide), un chalet esseul\u00e9.<\/div><\/div><\/figcaption><\/figure><div class=\"fg-loader\"><\/div><\/div><div class=\"fg-item fg-type-image fg-idle\"><figure class=\"fg-item-inner\"><a href=\"https:\/\/alpavista.ch\/Alp11\/wp-content\/uploads\/inneri_weide_038.jpg\" data-caption-title=\"Puis, en continuant \u00e0 pousser vers le Nord, nous tombons (c&#039;est vraiment le cas de le dire) sur Inneri (Weide).\" data-caption-desc=\"Puis, en continuant \u00e0 pousser vers le Nord, nous tombons (c&#039;est vraiment le cas de le dire) sur Inneri (Weide).\" data-attachment-id=\"30696\" data-type=\"image\" class=\"fg-thumb\"><span class=\"fg-image-wrap\"><img decoding=\"async\" alt=\"inneri_weide_038\" title=\"Puis, en continuant \u00e0 pousser vers le Nord, nous tombons (c&#039;est vraiment le cas de le dire) sur Inneri (Weide).\" width=\"101\" height=\"57\" class=\"skip-lazy fg-image\" data-src-fg=\"https:\/\/alpavista.ch\/Alp11\/wp-content\/uploads\/cache\/inneri_weide_038\/3141074860.jpg\" src=\"data:image\/svg+xml,%3Csvg%20xmlns%3D%22http%3A%2F%2Fwww.w3.org%2F2000%2Fsvg%22%20width%3D%22101%22%20height%3D%2257%22%20viewBox%3D%220%200%20101%2057%22%3E%3C%2Fsvg%3E\" loading=\"eager\"><\/span><span class=\"fg-image-overlay\"><\/span><\/a><figcaption class=\"fg-caption\"><div class=\"fg-caption-inner\"><div class=\"fg-caption-desc\">Puis, en continuant \u00e0 pousser vers le Nord, nous tombons (c'est vraiment le cas de le dire) sur Inneri (Weide).<\/div><\/div><\/figcaption><\/figure><div class=\"fg-loader\"><\/div><\/div><div class=\"fg-item fg-type-image fg-idle\"><figure class=\"fg-item-inner\"><a href=\"https:\/\/alpavista.ch\/Alp11\/wp-content\/uploads\/inneri_weide_039.jpg\" data-caption-title=\"Personne pour m&#039;aider ? Je commence \u00e0 avoir les bras qui t\u00e9tanisent un peu.\" data-caption-desc=\"Personne pour m&#039;aider ? Je commence \u00e0 avoir les bras qui t\u00e9tanisent un peu.\" data-attachment-id=\"30695\" data-type=\"image\" class=\"fg-thumb\"><span class=\"fg-image-wrap\"><img decoding=\"async\" alt=\"inneri_weide_039\" title=\"Personne pour m&#039;aider ? Je commence \u00e0 avoir les bras qui t\u00e9tanisent un peu.\" width=\"101\" height=\"57\" class=\"skip-lazy fg-image\" data-src-fg=\"https:\/\/alpavista.ch\/Alp11\/wp-content\/uploads\/cache\/inneri_weide_039\/3691690846.jpg\" src=\"data:image\/svg+xml,%3Csvg%20xmlns%3D%22http%3A%2F%2Fwww.w3.org%2F2000%2Fsvg%22%20width%3D%22101%22%20height%3D%2257%22%20viewBox%3D%220%200%20101%2057%22%3E%3C%2Fsvg%3E\" loading=\"eager\"><\/span><span class=\"fg-image-overlay\"><\/span><\/a><figcaption class=\"fg-caption\"><div class=\"fg-caption-inner\"><div class=\"fg-caption-desc\">Personne pour m'aider ? Je commence \u00e0 avoir les bras qui t\u00e9tanisent un peu.<\/div><\/div><\/figcaption><\/figure><div class=\"fg-loader\"><\/div><\/div><div class=\"fg-item fg-type-image fg-idle\"><figure class=\"fg-item-inner\"><a href=\"https:\/\/alpavista.ch\/Alp11\/wp-content\/uploads\/inneri_weide_040.jpg\" data-caption-title=\"Et puis, il y a le cousin, pas moins perch\u00e9, juste un peu plus secret, encore.\" data-caption-desc=\"Et puis, il y a le cousin, pas moins perch\u00e9, juste un peu plus secret, encore.\" data-attachment-id=\"30694\" data-type=\"image\" class=\"fg-thumb\"><span class=\"fg-image-wrap\"><img decoding=\"async\" alt=\"inneri_weide_040\" title=\"Et puis, il y a le cousin, pas moins perch\u00e9, juste un peu plus secret, encore.\" width=\"101\" height=\"57\" class=\"skip-lazy fg-image\" data-src-fg=\"https:\/\/alpavista.ch\/Alp11\/wp-content\/uploads\/cache\/inneri_weide_040\/3249336728.jpg\" src=\"data:image\/svg+xml,%3Csvg%20xmlns%3D%22http%3A%2F%2Fwww.w3.org%2F2000%2Fsvg%22%20width%3D%22101%22%20height%3D%2257%22%20viewBox%3D%220%200%20101%2057%22%3E%3C%2Fsvg%3E\" loading=\"eager\"><\/span><span class=\"fg-image-overlay\"><\/span><\/a><figcaption class=\"fg-caption\"><div class=\"fg-caption-inner\"><div class=\"fg-caption-desc\">Et puis, il y a le cousin, pas moins perch\u00e9, juste un peu plus secret, encore.<\/div><\/div><\/figcaption><\/figure><div class=\"fg-loader\"><\/div><\/div><div class=\"fg-item fg-type-image fg-idle\"><figure class=\"fg-item-inner\"><a href=\"https:\/\/alpavista.ch\/Alp11\/wp-content\/uploads\/inneri_weide_041.jpg\" data-caption-title=\"Rote Grabu, le terriblement bien nomm\u00e9.\" data-caption-desc=\"Rote Grabu, le terriblement bien nomm\u00e9.\" data-attachment-id=\"30693\" data-type=\"image\" class=\"fg-thumb\"><span class=\"fg-image-wrap\"><img decoding=\"async\" alt=\"inneri_weide_041\" title=\"Rote Grabu, le terriblement bien nomm\u00e9.\" width=\"101\" height=\"57\" class=\"skip-lazy fg-image\" data-src-fg=\"https:\/\/alpavista.ch\/Alp11\/wp-content\/uploads\/cache\/inneri_weide_041\/3889120187.jpg\" src=\"data:image\/svg+xml,%3Csvg%20xmlns%3D%22http%3A%2F%2Fwww.w3.org%2F2000%2Fsvg%22%20width%3D%22101%22%20height%3D%2257%22%20viewBox%3D%220%200%20101%2057%22%3E%3C%2Fsvg%3E\" loading=\"eager\"><\/span><span class=\"fg-image-overlay\"><\/span><\/a><figcaption class=\"fg-caption\"><div class=\"fg-caption-inner\"><div class=\"fg-caption-desc\">Rote Grabu, le terriblement bien nomm\u00e9.<\/div><\/div><\/figcaption><\/figure><div class=\"fg-loader\"><\/div><\/div><div class=\"fg-item fg-type-image fg-idle\"><figure class=\"fg-item-inner\"><a href=\"https:\/\/alpavista.ch\/Alp11\/wp-content\/uploads\/inneri_weide_042.jpg\" data-caption-title=\"L&#039;avantage avec son chemin suspendu, c&#039;est que si tu as pr\u00e9vu de charger sur la navette de Goppenstein, tu peux facilement \u00e9viter son quai encombr\u00e9.\" data-caption-desc=\"L&#039;avantage avec son chemin suspendu, c&#039;est que si tu as pr\u00e9vu de charger sur la navette de Goppenstein, tu peux facilement \u00e9viter son quai encombr\u00e9.\" data-attachment-id=\"30692\" data-type=\"image\" class=\"fg-thumb\"><span class=\"fg-image-wrap\"><img decoding=\"async\" alt=\"inneri_weide_042\" title=\"L&#039;avantage avec son chemin suspendu, c&#039;est que si tu as pr\u00e9vu de charger sur la navette de Goppenstein, tu peux facilement \u00e9viter son quai encombr\u00e9.\" width=\"101\" height=\"57\" class=\"skip-lazy fg-image\" data-src-fg=\"https:\/\/alpavista.ch\/Alp11\/wp-content\/uploads\/cache\/inneri_weide_042\/264796284.jpg\" src=\"data:image\/svg+xml,%3Csvg%20xmlns%3D%22http%3A%2F%2Fwww.w3.org%2F2000%2Fsvg%22%20width%3D%22101%22%20height%3D%2257%22%20viewBox%3D%220%200%20101%2057%22%3E%3C%2Fsvg%3E\" loading=\"eager\"><\/span><span class=\"fg-image-overlay\"><\/span><\/a><figcaption class=\"fg-caption\"><div class=\"fg-caption-inner\"><div class=\"fg-caption-desc\">L'avantage avec son chemin suspendu, c'est que si tu as pr\u00e9vu de charger sur la navette de Goppenstein, tu peux facilement \u00e9viter son quai encombr\u00e9.<\/div><\/div><\/figcaption><\/figure><div class=\"fg-loader\"><\/div><\/div><div class=\"fg-item fg-type-image fg-idle\"><figure class=\"fg-item-inner\"><a href=\"https:\/\/alpavista.ch\/Alp11\/wp-content\/uploads\/inneri_weide_043.jpg\" data-caption-title=\"Incroyable ! M\u00eame dans le plus perdu des hameaux du Loetschental, il y a le c\u00e2ble.\" data-caption-desc=\"Incroyable ! M\u00eame dans le plus perdu des hameaux du Loetschental, il y a le c\u00e2ble.\" data-attachment-id=\"30691\" data-type=\"image\" class=\"fg-thumb\"><span class=\"fg-image-wrap\"><img decoding=\"async\" alt=\"inneri_weide_043\" title=\"Incroyable ! M\u00eame dans le plus perdu des hameaux du Loetschental, il y a le c\u00e2ble.\" width=\"101\" height=\"57\" class=\"skip-lazy fg-image\" data-src-fg=\"https:\/\/alpavista.ch\/Alp11\/wp-content\/uploads\/cache\/inneri_weide_043\/1761229966.jpg\" src=\"data:image\/svg+xml,%3Csvg%20xmlns%3D%22http%3A%2F%2Fwww.w3.org%2F2000%2Fsvg%22%20width%3D%22101%22%20height%3D%2257%22%20viewBox%3D%220%200%20101%2057%22%3E%3C%2Fsvg%3E\" loading=\"eager\"><\/span><span class=\"fg-image-overlay\"><\/span><\/a><figcaption class=\"fg-caption\"><div class=\"fg-caption-inner\"><div class=\"fg-caption-desc\">Incroyable ! M\u00eame dans le plus perdu des hameaux du Loetschental, il y a le c\u00e2ble.<\/div><\/div><\/figcaption><\/figure><div class=\"fg-loader\"><\/div><\/div><div class=\"fg-item fg-type-image fg-idle\"><figure class=\"fg-item-inner\"><a href=\"https:\/\/alpavista.ch\/Alp11\/wp-content\/uploads\/inneri_weide_044.jpg\" data-caption-title=\"De Goppen \u00e0 Gampel, il y a une route f\u00e9d\u00e9rale, des tunnels, une route abandonn\u00e9e et ... un divin chemin. Y a besoin de vous faire un dessin ?\" data-caption-desc=\"De Goppen \u00e0 Gampel, il y a une route f\u00e9d\u00e9rale, des tunnels, une route abandonn\u00e9e et ... un divin chemin. Y a besoin de vous faire un dessin ?\" data-attachment-id=\"30690\" data-type=\"image\" class=\"fg-thumb\"><span class=\"fg-image-wrap\"><img decoding=\"async\" alt=\"inneri_weide_044\" title=\"De Goppen \u00e0 Gampel, il y a une route f\u00e9d\u00e9rale, des tunnels, une route abandonn\u00e9e et ... un divin chemin. Y a besoin de vous faire un dessin ?\" width=\"101\" height=\"57\" class=\"skip-lazy fg-image\" data-src-fg=\"https:\/\/alpavista.ch\/Alp11\/wp-content\/uploads\/cache\/inneri_weide_044\/79104435.jpg\" src=\"data:image\/svg+xml,%3Csvg%20xmlns%3D%22http%3A%2F%2Fwww.w3.org%2F2000%2Fsvg%22%20width%3D%22101%22%20height%3D%2257%22%20viewBox%3D%220%200%20101%2057%22%3E%3C%2Fsvg%3E\" loading=\"eager\"><\/span><span class=\"fg-image-overlay\"><\/span><\/a><figcaption class=\"fg-caption\"><div class=\"fg-caption-inner\"><div class=\"fg-caption-desc\">De Goppen \u00e0 Gampel, il y a une route f\u00e9d\u00e9rale, des tunnels, une route abandonn\u00e9e et ... un divin chemin. Y a besoin de vous faire un dessin ?<\/div><\/div><\/figcaption><\/figure><div class=\"fg-loader\"><\/div><\/div><div class=\"fg-item fg-type-image fg-idle\"><figure class=\"fg-item-inner\"><a href=\"https:\/\/alpavista.ch\/Alp11\/wp-content\/uploads\/inneri_weide_045.jpg\" data-caption-title=\"Divin chemin qui finit un peu en eau de boudin.\" data-caption-desc=\"Divin chemin qui finit un peu en eau de boudin.\" data-attachment-id=\"30689\" data-type=\"image\" class=\"fg-thumb\"><span class=\"fg-image-wrap\"><img decoding=\"async\" alt=\"inneri_weide_045\" title=\"Divin chemin qui finit un peu en eau de boudin.\" width=\"101\" height=\"57\" class=\"skip-lazy fg-image\" data-src-fg=\"https:\/\/alpavista.ch\/Alp11\/wp-content\/uploads\/cache\/inneri_weide_045\/273921094.jpg\" src=\"data:image\/svg+xml,%3Csvg%20xmlns%3D%22http%3A%2F%2Fwww.w3.org%2F2000%2Fsvg%22%20width%3D%22101%22%20height%3D%2257%22%20viewBox%3D%220%200%20101%2057%22%3E%3C%2Fsvg%3E\" loading=\"eager\"><\/span><span class=\"fg-image-overlay\"><\/span><\/a><figcaption class=\"fg-caption\"><div class=\"fg-caption-inner\"><div class=\"fg-caption-desc\">Divin chemin qui finit un peu en eau de boudin.<\/div><\/div><\/figcaption><\/figure><div class=\"fg-loader\"><\/div><\/div><div class=\"fg-item fg-type-image fg-idle\"><figure class=\"fg-item-inner\"><a href=\"https:\/\/alpavista.ch\/Alp11\/wp-content\/uploads\/inneri_weide_046.jpg\" data-caption-title=\"Et eau est bien le mot qui convient, vu l&#039;\u00e9tat dans lequel elle a mis son rev\u00eatement.\" data-caption-desc=\"Et eau est bien le mot qui convient, vu l&#039;\u00e9tat dans lequel elle a mis son rev\u00eatement.\" data-attachment-id=\"30688\" data-type=\"image\" class=\"fg-thumb\"><span class=\"fg-image-wrap\"><img decoding=\"async\" alt=\"inneri_weide_046\" title=\"Et eau est bien le mot qui convient, vu l&#039;\u00e9tat dans lequel elle a mis son rev\u00eatement.\" width=\"101\" height=\"57\" class=\"skip-lazy fg-image\" data-src-fg=\"https:\/\/alpavista.ch\/Alp11\/wp-content\/uploads\/cache\/inneri_weide_046\/4166291329.jpg\" src=\"data:image\/svg+xml,%3Csvg%20xmlns%3D%22http%3A%2F%2Fwww.w3.org%2F2000%2Fsvg%22%20width%3D%22101%22%20height%3D%2257%22%20viewBox%3D%220%200%20101%2057%22%3E%3C%2Fsvg%3E\" loading=\"eager\"><\/span><span class=\"fg-image-overlay\"><\/span><\/a><figcaption class=\"fg-caption\"><div class=\"fg-caption-inner\"><div class=\"fg-caption-desc\">Et eau est bien le mot qui convient, vu l'\u00e9tat dans lequel elle a mis son rev\u00eatement.<\/div><\/div><\/figcaption><\/figure><div class=\"fg-loader\"><\/div><\/div><div class=\"fg-item fg-type-image fg-idle\"><figure class=\"fg-item-inner\"><a href=\"https:\/\/alpavista.ch\/Alp11\/wp-content\/uploads\/inneri_weide_047.jpg\" data-caption-title=\"L\u00e0, pour le coup, \u00e7a va \u00eatre compliqu\u00e9 de couper les \u00e9pingles.\" data-caption-desc=\"L\u00e0, pour le coup, \u00e7a va \u00eatre compliqu\u00e9 de couper les \u00e9pingles.\" data-attachment-id=\"30687\" data-type=\"image\" class=\"fg-thumb\"><span class=\"fg-image-wrap\"><img decoding=\"async\" alt=\"inneri_weide_047\" title=\"L\u00e0, pour le coup, \u00e7a va \u00eatre compliqu\u00e9 de couper les \u00e9pingles.\" width=\"101\" height=\"57\" class=\"skip-lazy fg-image\" data-src-fg=\"https:\/\/alpavista.ch\/Alp11\/wp-content\/uploads\/cache\/inneri_weide_047\/1553256448.jpg\" src=\"data:image\/svg+xml,%3Csvg%20xmlns%3D%22http%3A%2F%2Fwww.w3.org%2F2000%2Fsvg%22%20width%3D%22101%22%20height%3D%2257%22%20viewBox%3D%220%200%20101%2057%22%3E%3C%2Fsvg%3E\" loading=\"eager\"><\/span><span class=\"fg-image-overlay\"><\/span><\/a><figcaption class=\"fg-caption\"><div class=\"fg-caption-inner\"><div class=\"fg-caption-desc\">L\u00e0, pour le coup, \u00e7a va \u00eatre compliqu\u00e9 de couper les \u00e9pingles.<\/div><\/div><\/figcaption><\/figure><div class=\"fg-loader\"><\/div><\/div><div class=\"fg-item fg-type-image fg-idle\"><figure class=\"fg-item-inner\"><a href=\"https:\/\/alpavista.ch\/Alp11\/wp-content\/uploads\/inneri_weide_048.jpg\" data-caption-title=\"Pareil pour le bal musette en terrasse de Steg. Bien forc\u00e9 de s&#039;y arr\u00eater.\" data-caption-desc=\"Pareil pour le bal musette en terrasse de Steg. Bien forc\u00e9 de s&#039;y arr\u00eater.\" data-attachment-id=\"30686\" data-type=\"image\" class=\"fg-thumb\"><span class=\"fg-image-wrap\"><img decoding=\"async\" alt=\"inneri_weide_048\" title=\"Pareil pour le bal musette en terrasse de Steg. Bien forc\u00e9 de s&#039;y arr\u00eater.\" width=\"101\" height=\"57\" class=\"skip-lazy fg-image\" data-src-fg=\"https:\/\/alpavista.ch\/Alp11\/wp-content\/uploads\/cache\/inneri_weide_048\/3812425352.jpg\" src=\"data:image\/svg+xml,%3Csvg%20xmlns%3D%22http%3A%2F%2Fwww.w3.org%2F2000%2Fsvg%22%20width%3D%22101%22%20height%3D%2257%22%20viewBox%3D%220%200%20101%2057%22%3E%3C%2Fsvg%3E\" loading=\"eager\"><\/span><span class=\"fg-image-overlay\"><\/span><\/a><figcaption class=\"fg-caption\"><div class=\"fg-caption-inner\"><div class=\"fg-caption-desc\">Pareil pour le bal musette en terrasse de Steg. Bien forc\u00e9 de s'y arr\u00eater.<\/div><\/div><\/figcaption><\/figure><div class=\"fg-loader\"><\/div><\/div><div class=\"fg-item fg-type-image fg-idle\"><figure class=\"fg-item-inner\"><a href=\"https:\/\/alpavista.ch\/Alp11\/wp-content\/uploads\/inneri_weide_049.jpg\" data-caption-title=\"JP s&#039;est fait une nouvelle amie, la bardane, inspiratrice de notre velcro moderne. (Merci Jean-Louis d&#039;\u00e9clairer nos randos de tes connaissances botaniques).\" data-caption-desc=\"JP s&#039;est fait une nouvelle amie, la bardane, inspiratrice de notre velcro moderne. (Merci Jean-Louis d&#039;\u00e9clairer nos randos de tes connaissances botaniques).\" data-attachment-id=\"30685\" data-type=\"image\" class=\"fg-thumb\"><span class=\"fg-image-wrap\"><img decoding=\"async\" alt=\"inneri_weide_049\" title=\"JP s&#039;est fait une nouvelle amie, la bardane, inspiratrice de notre velcro moderne. (Merci Jean-Louis d&#039;\u00e9clairer nos randos de tes connaissances botaniques).\" width=\"101\" height=\"57\" class=\"skip-lazy fg-image\" data-src-fg=\"https:\/\/alpavista.ch\/Alp11\/wp-content\/uploads\/cache\/inneri_weide_049\/2215557754.jpg\" src=\"data:image\/svg+xml,%3Csvg%20xmlns%3D%22http%3A%2F%2Fwww.w3.org%2F2000%2Fsvg%22%20width%3D%22101%22%20height%3D%2257%22%20viewBox%3D%220%200%20101%2057%22%3E%3C%2Fsvg%3E\" loading=\"eager\"><\/span><span class=\"fg-image-overlay\"><\/span><\/a><figcaption class=\"fg-caption\"><div class=\"fg-caption-inner\"><div class=\"fg-caption-desc\">JP s'est fait une nouvelle amie, la bardane, inspiratrice de notre velcro moderne. (Merci Jean-Louis d'\u00e9clairer nos randos de tes connaissances botaniques).<\/div><\/div><\/figcaption><\/figure><div class=\"fg-loader\"><\/div><\/div><\/div>\n\n<input class=\"fooboxshare_post_id\" type=\"hidden\" value=\"11102\"\/>","protected":false},"excerpt":{"rendered":"<p>Pour ceux qui n\u2019en avaient pas encore pris conscience, on a bel et bien bascul\u00e9 dans l\u2019automne. Malgr\u00e9 la persistance de la douceur (en tout cas jusqu\u2019au d\u00e9but de la semaine \u00e0 venir), les jours raccourcissent, le soleil glisse inexorablement de son z\u00e9nith estival vers l\u2019horizon austral et la nature, pr\u00e9voyante, mais aussi s\u00e9rieusement mise \u00e0 mal par le manque de pluies, a d\u00e9j\u00e0 fait ses premiers essayages en vue de la \u00ab Fall Fashion Week \u00bb. Alors, juste avant [&hellip;]<\/p>\n","protected":false},"author":2,"featured_media":11101,"comment_status":"open","ping_status":"open","sticky":false,"template":"","format":"standard","meta":{"footnotes":""},"categories":[658,4],"tags":[1346,1097,1378,1789,2318,1540,2319,1345,1094,1792,1347,1790,1093,2320,1788,1791],"class_list":["post-11102","post","type-post","status-publish","format-standard","has-post-thumbnail","hentry","category-outdoor","category-vtt","tag-fasilalpu","tag-gampel","tag-goppenstein","tag-grindji","tag-haslerweide","tag-heruhubel","tag-inneri-weide","tag-jeizinen","tag-loetschental","tag-mittal","tag-niwenalp","tag-oberi-meiggu","tag-restipass","tag-rote-grabu","tag-stafel","tag-underi-meiggu"],"_links":{"self":[{"href":"https:\/\/alpavista.ch\/Alp11\/wp-json\/wp\/v2\/posts\/11102","targetHints":{"allow":["GET"]}}],"collection":[{"href":"https:\/\/alpavista.ch\/Alp11\/wp-json\/wp\/v2\/posts"}],"about":[{"href":"https:\/\/alpavista.ch\/Alp11\/wp-json\/wp\/v2\/types\/post"}],"author":[{"embeddable":true,"href":"https:\/\/alpavista.ch\/Alp11\/wp-json\/wp\/v2\/users\/2"}],"replies":[{"embeddable":true,"href":"https:\/\/alpavista.ch\/Alp11\/wp-json\/wp\/v2\/comments?post=11102"}],"version-history":[{"count":0,"href":"https:\/\/alpavista.ch\/Alp11\/wp-json\/wp\/v2\/posts\/11102\/revisions"}],"wp:featuredmedia":[{"embeddable":true,"href":"https:\/\/alpavista.ch\/Alp11\/wp-json\/wp\/v2\/media\/11101"}],"wp:attachment":[{"href":"https:\/\/alpavista.ch\/Alp11\/wp-json\/wp\/v2\/media?parent=11102"}],"wp:term":[{"taxonomy":"category","embeddable":true,"href":"https:\/\/alpavista.ch\/Alp11\/wp-json\/wp\/v2\/categories?post=11102"},{"taxonomy":"post_tag","embeddable":true,"href":"https:\/\/alpavista.ch\/Alp11\/wp-json\/wp\/v2\/tags?post=11102"}],"curies":[{"name":"wp","href":"https:\/\/api.w.org\/{rel}","templated":true}]}}