{"id":11134,"date":"2018-11-25T16:10:34","date_gmt":"2018-11-25T15:10:34","guid":{"rendered":"http:\/\/www.alpavista.ch\/Alp11\/?p=11134"},"modified":"2022-12-09T17:40:56","modified_gmt":"2022-12-09T16:40:56","slug":"les-fontanets-express","status":"publish","type":"post","link":"https:\/\/alpavista.ch\/Alp11\/2018\/11\/25\/les-fontanets-express\/","title":{"rendered":"Les Fontanets Express"},"content":{"rendered":"<p>Semaine apr\u00e8s semaine, l\u2019hiver et le froid grignotent peu \u00e0 peu notre terrain de jeu. Quelques degr\u00e9s perdus, par ci, une fine couche de neige, par l\u00e0, rien de bien convaincant. Rien, en tout cas qui, pour l\u2019instant, soit en en mesure de nous priver de selle. Du coup, nous profitons des heures de soleil dominical pour passer en revue les diff\u00e9rentes installations de remont\u00e9es m\u00e9caniques, encore \u00e0 l\u2019arr\u00eat, de T\u00e9l\u00e9Verbier.<br \/>\n<!--more--><\/p>\n<p>L\u2019avantage d\u2019habiter sur un adret, c\u2019est qu\u2019avant l\u2019hiver ce n\u2019est pas l\u2019hiver. Au premier rayon de soleil, l\u2019attrait (oui, je sais elle \u00e9tait facile) du plein air et du VTT revigorent un esprit que la grisaille et le froid se conjuguent, jour apr\u00e8s jour, \u00e0 engourdir. Et c\u2019est souvent l\u00e0 l\u2019essentiel. Parce qu\u2019ensuite, une fois en selle, la brochette de divins chemins locaux se chargent d\u2019apporter son lot de r\u00e9confort aux adeptes de l\u2019effort ayant choisi de braver les conditions pour aller rouler.<\/p>\n<p>Ceci dit, m\u00eame s\u2019il reste bon nombre d\u2019installations \u00e0 visiter, \u00e0 l\u2019aube d\u2019un nouveau d\u00e9cembre, ce serait \u00e0 la fois judicieux et appr\u00e9ciable que l\u2019hiver, le vrai, daigne venir poser ses valises remplies d\u2019or blanc, du c\u00f4t\u00e9 de nos contr\u00e9es.<\/p>\n<style type=\"text\/css\">\n#foogallery-gallery-30321 .fg-image { width: 101px; }\n#foogallery-gallery-30321 { --fg-gutter: 1px; }<\/style>\n\t\t\t<div class=\"foogallery foogallery-container foogallery-default foogallery-lightbox-none fg-left fg-default fg-ready fg-light fg-loading-default fg-loaded-fade-in fg-preset fg-selena fg-preset-small fg-preset fg-selena fg-preset-small\" id=\"foogallery-gallery-30321\" data-foogallery=\"{&quot;item&quot;:{&quot;showCaptionTitle&quot;:false,&quot;showCaptionDescription&quot;:true},&quot;lazy&quot;:true,&quot;state&quot;:{&quot;enabled&quot;:true,&quot;mask&quot;:&quot;foogallery-{id}&quot;}}\" style=\"--fg-title-line-clamp: 0; --fg-description-line-clamp: 0;\" >\n\t<div class=\"fg-item fg-type-image fg-idle\"><figure class=\"fg-item-inner\"><a href=\"https:\/\/alpavista.ch\/Alp11\/wp-content\/uploads\/e-fontanets_18_001.jpg\" data-caption-title=\"Nos amis \u00e0 longues oreilles sont fid\u00e8les au poste, dimanche apr\u00e8s dimanche, sac de pain sec apr\u00e8s sac de pain sec.\" data-caption-desc=\"Nos amis \u00e0 longues oreilles sont fid\u00e8les au poste, dimanche apr\u00e8s dimanche, sac de pain sec apr\u00e8s sac de pain sec.\" data-attachment-id=\"30363\" data-type=\"image\" class=\"fg-thumb\"><span class=\"fg-image-wrap\"><img decoding=\"async\" alt=\"e-fontanets_18_001\" title=\"Nos amis \u00e0 longues oreilles sont fid\u00e8les au poste, dimanche apr\u00e8s dimanche, sac de pain sec apr\u00e8s sac de pain sec.\" width=\"101\" height=\"57\" class=\"skip-lazy fg-image\" data-src-fg=\"https:\/\/alpavista.ch\/Alp11\/wp-content\/uploads\/cache\/e-fontanets_18_001\/1288366512.jpg\" src=\"data:image\/svg+xml,%3Csvg%20xmlns%3D%22http%3A%2F%2Fwww.w3.org%2F2000%2Fsvg%22%20width%3D%22101%22%20height%3D%2257%22%20viewBox%3D%220%200%20101%2057%22%3E%3C%2Fsvg%3E\" loading=\"eager\"><\/span><span class=\"fg-image-overlay\"><\/span><\/a><figcaption class=\"fg-caption\"><div class=\"fg-caption-inner\"><div class=\"fg-caption-desc\">Nos amis \u00e0 longues oreilles sont fid\u00e8les au poste, dimanche apr\u00e8s dimanche, sac de pain sec apr\u00e8s sac de pain sec.<\/div><\/div><\/figcaption><\/figure><div class=\"fg-loader\"><\/div><\/div><div class=\"fg-item fg-type-image fg-idle\"><figure class=\"fg-item-inner\"><a href=\"https:\/\/alpavista.ch\/Alp11\/wp-content\/uploads\/e-fontanets_18_002.jpg\" data-caption-title=\"Option route du soleil, la bien nomm\u00e9e, histoire de varier les plaisirs ascensionnels.\" data-caption-desc=\"Option route du soleil, la bien nomm\u00e9e, histoire de varier les plaisirs ascensionnels.\" data-attachment-id=\"30362\" data-type=\"image\" class=\"fg-thumb\"><span class=\"fg-image-wrap\"><img decoding=\"async\" alt=\"e-fontanets_18_002\" title=\"Option route du soleil, la bien nomm\u00e9e, histoire de varier les plaisirs ascensionnels.\" width=\"101\" height=\"57\" class=\"skip-lazy fg-image\" data-src-fg=\"https:\/\/alpavista.ch\/Alp11\/wp-content\/uploads\/cache\/e-fontanets_18_002\/482481658.jpg\" src=\"data:image\/svg+xml,%3Csvg%20xmlns%3D%22http%3A%2F%2Fwww.w3.org%2F2000%2Fsvg%22%20width%3D%22101%22%20height%3D%2257%22%20viewBox%3D%220%200%20101%2057%22%3E%3C%2Fsvg%3E\" loading=\"eager\"><\/span><span class=\"fg-image-overlay\"><\/span><\/a><figcaption class=\"fg-caption\"><div class=\"fg-caption-inner\"><div class=\"fg-caption-desc\">Option route du soleil, la bien nomm\u00e9e, histoire de varier les plaisirs ascensionnels.<\/div><\/div><\/figcaption><\/figure><div class=\"fg-loader\"><\/div><\/div><div class=\"fg-item fg-type-image fg-idle\"><figure class=\"fg-item-inner\"><a href=\"https:\/\/alpavista.ch\/Alp11\/wp-content\/uploads\/e-fontanets_18_003.jpg\" data-caption-title=\"Et pour monter, elle monte, la terrible piste de la Combe de Montagnier. Merci encore, Mr Levo !\" data-caption-desc=\"Et pour monter, elle monte, la terrible piste de la Combe de Montagnier. Merci encore, Mr Levo !\" data-attachment-id=\"30361\" data-type=\"image\" class=\"fg-thumb\"><span class=\"fg-image-wrap\"><img decoding=\"async\" alt=\"e-fontanets_18_003\" title=\"Et pour monter, elle monte, la terrible piste de la Combe de Montagnier. Merci encore, Mr Levo !\" width=\"101\" height=\"57\" class=\"skip-lazy fg-image\" data-src-fg=\"https:\/\/alpavista.ch\/Alp11\/wp-content\/uploads\/cache\/e-fontanets_18_003\/1754341342.jpg\" src=\"data:image\/svg+xml,%3Csvg%20xmlns%3D%22http%3A%2F%2Fwww.w3.org%2F2000%2Fsvg%22%20width%3D%22101%22%20height%3D%2257%22%20viewBox%3D%220%200%20101%2057%22%3E%3C%2Fsvg%3E\" loading=\"eager\"><\/span><span class=\"fg-image-overlay\"><\/span><\/a><figcaption class=\"fg-caption\"><div class=\"fg-caption-inner\"><div class=\"fg-caption-desc\">Et pour monter, elle monte, la terrible piste de la Combe de Montagnier. Merci encore, Mr Levo !<\/div><\/div><\/figcaption><\/figure><div class=\"fg-loader\"><\/div><\/div><div class=\"fg-item fg-type-image fg-idle\"><figure class=\"fg-item-inner\"><a href=\"https:\/\/alpavista.ch\/Alp11\/wp-content\/uploads\/e-fontanets_18_004.jpg\" data-caption-title=\"Le r\u00e9sultat d&#039;une semaine de mauvais temps ? Un peu avare en or blanc ce pr\u00e9-hiver qui n&#039;assume pas son nom.\" data-caption-desc=\"Le r\u00e9sultat d&#039;une semaine de mauvais temps ? Un peu avare en or blanc ce pr\u00e9-hiver qui n&#039;assume pas son nom.\" data-attachment-id=\"30360\" data-type=\"image\" class=\"fg-thumb\"><span class=\"fg-image-wrap\"><img decoding=\"async\" alt=\"e-fontanets_18_004\" title=\"Le r\u00e9sultat d&#039;une semaine de mauvais temps ? Un peu avare en or blanc ce pr\u00e9-hiver qui n&#039;assume pas son nom.\" width=\"101\" height=\"57\" class=\"skip-lazy fg-image\" data-src-fg=\"https:\/\/alpavista.ch\/Alp11\/wp-content\/uploads\/cache\/e-fontanets_18_004\/3168005486.jpg\" src=\"data:image\/svg+xml,%3Csvg%20xmlns%3D%22http%3A%2F%2Fwww.w3.org%2F2000%2Fsvg%22%20width%3D%22101%22%20height%3D%2257%22%20viewBox%3D%220%200%20101%2057%22%3E%3C%2Fsvg%3E\" loading=\"eager\"><\/span><span class=\"fg-image-overlay\"><\/span><\/a><figcaption class=\"fg-caption\"><div class=\"fg-caption-inner\"><div class=\"fg-caption-desc\">Le r\u00e9sultat d'une semaine de mauvais temps ? Un peu avare en or blanc ce pr\u00e9-hiver qui n'assume pas son nom.<\/div><\/div><\/figcaption><\/figure><div class=\"fg-loader\"><\/div><\/div><div class=\"fg-item fg-type-image fg-idle\"><figure class=\"fg-item-inner\"><a href=\"https:\/\/alpavista.ch\/Alp11\/wp-content\/uploads\/e-fontanets_18_005.jpg\" data-caption-title=\"Apr\u00e8s le premier palier, le premier chemin de la journ\u00e9e est un peu comme le dessert au milieu des plats du repas.\" data-caption-desc=\"Apr\u00e8s le premier palier, le premier chemin de la journ\u00e9e est un peu comme le dessert au milieu des plats du repas.\" data-attachment-id=\"30359\" data-type=\"image\" class=\"fg-thumb\"><span class=\"fg-image-wrap\"><img decoding=\"async\" alt=\"e-fontanets_18_005\" title=\"Apr\u00e8s le premier palier, le premier chemin de la journ\u00e9e est un peu comme le dessert au milieu des plats du repas.\" width=\"101\" height=\"57\" class=\"skip-lazy fg-image\" data-src-fg=\"https:\/\/alpavista.ch\/Alp11\/wp-content\/uploads\/cache\/e-fontanets_18_005\/3346560972.jpg\" src=\"data:image\/svg+xml,%3Csvg%20xmlns%3D%22http%3A%2F%2Fwww.w3.org%2F2000%2Fsvg%22%20width%3D%22101%22%20height%3D%2257%22%20viewBox%3D%220%200%20101%2057%22%3E%3C%2Fsvg%3E\" loading=\"eager\"><\/span><span class=\"fg-image-overlay\"><\/span><\/a><figcaption class=\"fg-caption\"><div class=\"fg-caption-inner\"><div class=\"fg-caption-desc\">Apr\u00e8s le premier palier, le premier chemin de la journ\u00e9e est un peu comme le dessert au milieu des plats du repas.<\/div><\/div><\/figcaption><\/figure><div class=\"fg-loader\"><\/div><\/div><div class=\"fg-item fg-type-image fg-idle\"><figure class=\"fg-item-inner\"><a href=\"https:\/\/alpavista.ch\/Alp11\/wp-content\/uploads\/e-fontanets_18_006.jpg\" data-caption-title=\"Une belle travers\u00e9e, gel\u00e9e mais pas (encore) vraiment glissante.\" data-caption-desc=\"Une belle travers\u00e9e, gel\u00e9e mais pas (encore) vraiment glissante.\" data-attachment-id=\"30358\" data-type=\"image\" class=\"fg-thumb\"><span class=\"fg-image-wrap\"><img decoding=\"async\" alt=\"e-fontanets_18_006\" title=\"Une belle travers\u00e9e, gel\u00e9e mais pas (encore) vraiment glissante.\" width=\"101\" height=\"57\" class=\"skip-lazy fg-image\" data-src-fg=\"https:\/\/alpavista.ch\/Alp11\/wp-content\/uploads\/cache\/e-fontanets_18_006\/2540735366.jpg\" src=\"data:image\/svg+xml,%3Csvg%20xmlns%3D%22http%3A%2F%2Fwww.w3.org%2F2000%2Fsvg%22%20width%3D%22101%22%20height%3D%2257%22%20viewBox%3D%220%200%20101%2057%22%3E%3C%2Fsvg%3E\" loading=\"eager\"><\/span><span class=\"fg-image-overlay\"><\/span><\/a><figcaption class=\"fg-caption\"><div class=\"fg-caption-inner\"><div class=\"fg-caption-desc\">Une belle travers\u00e9e, gel\u00e9e mais pas (encore) vraiment glissante.<\/div><\/div><\/figcaption><\/figure><div class=\"fg-loader\"><\/div><\/div><div class=\"fg-item fg-type-image fg-idle\"><figure class=\"fg-item-inner\"><a href=\"https:\/\/alpavista.ch\/Alp11\/wp-content\/uploads\/e-fontanets_18_007.jpg\" data-caption-title=\"Pendant qu&#039;en ubac, on canonne, en adret, on randonne.\" data-caption-desc=\"Pendant qu&#039;en ubac, on canonne, en adret, on randonne.\" data-attachment-id=\"30357\" data-type=\"image\" class=\"fg-thumb\"><span class=\"fg-image-wrap\"><img decoding=\"async\" alt=\"e-fontanets_18_007\" title=\"Pendant qu&#039;en ubac, on canonne, en adret, on randonne.\" width=\"101\" height=\"57\" class=\"skip-lazy fg-image\" data-src-fg=\"https:\/\/alpavista.ch\/Alp11\/wp-content\/uploads\/cache\/e-fontanets_18_007\/1834262921.jpg\" src=\"data:image\/svg+xml,%3Csvg%20xmlns%3D%22http%3A%2F%2Fwww.w3.org%2F2000%2Fsvg%22%20width%3D%22101%22%20height%3D%2257%22%20viewBox%3D%220%200%20101%2057%22%3E%3C%2Fsvg%3E\" loading=\"eager\"><\/span><span class=\"fg-image-overlay\"><\/span><\/a><figcaption class=\"fg-caption\"><div class=\"fg-caption-inner\"><div class=\"fg-caption-desc\">Pendant qu'en ubac, on canonne, en adret, on randonne.<\/div><\/div><\/figcaption><\/figure><div class=\"fg-loader\"><\/div><\/div><div class=\"fg-item fg-type-image fg-idle\"><figure class=\"fg-item-inner\"><a href=\"https:\/\/alpavista.ch\/Alp11\/wp-content\/uploads\/e-fontanets_18_008.jpg\" data-caption-title=\"A chaque versant son pensum... ou ses joies.\" data-caption-desc=\"A chaque versant son pensum... ou ses joies.\" data-attachment-id=\"30356\" data-type=\"image\" class=\"fg-thumb\"><span class=\"fg-image-wrap\"><img decoding=\"async\" alt=\"e-fontanets_18_008\" title=\"A chaque versant son pensum... ou ses joies.\" width=\"101\" height=\"57\" class=\"skip-lazy fg-image\" data-src-fg=\"https:\/\/alpavista.ch\/Alp11\/wp-content\/uploads\/cache\/e-fontanets_18_008\/1794328716.jpg\" src=\"data:image\/svg+xml,%3Csvg%20xmlns%3D%22http%3A%2F%2Fwww.w3.org%2F2000%2Fsvg%22%20width%3D%22101%22%20height%3D%2257%22%20viewBox%3D%220%200%20101%2057%22%3E%3C%2Fsvg%3E\" loading=\"eager\"><\/span><span class=\"fg-image-overlay\"><\/span><\/a><figcaption class=\"fg-caption\"><div class=\"fg-caption-inner\"><div class=\"fg-caption-desc\">A chaque versant son pensum... ou ses joies.<\/div><\/div><\/figcaption><\/figure><div class=\"fg-loader\"><\/div><\/div><div class=\"fg-item fg-type-image fg-idle\"><figure class=\"fg-item-inner\"><a href=\"https:\/\/alpavista.ch\/Alp11\/wp-content\/uploads\/e-fontanets_18_009.jpg\" data-caption-title=\"Ca craque m\u00e9chamment, mais, finalement, \u00e7a tient. La glace du torrent de Montagnier est d\u00e9j\u00e0 plus solide qu&#039;esp\u00e9r\u00e9.\" data-caption-desc=\"Ca craque m\u00e9chamment, mais, finalement, \u00e7a tient. La glace du torrent de Montagnier est d\u00e9j\u00e0 plus solide qu&#039;esp\u00e9r\u00e9.\" data-attachment-id=\"30355\" data-type=\"image\" class=\"fg-thumb\"><span class=\"fg-image-wrap\"><img decoding=\"async\" alt=\"e-fontanets_18_009\" title=\"Ca craque m\u00e9chamment, mais, finalement, \u00e7a tient. La glace du torrent de Montagnier est d\u00e9j\u00e0 plus solide qu&#039;esp\u00e9r\u00e9.\" width=\"101\" height=\"57\" class=\"skip-lazy fg-image\" data-src-fg=\"https:\/\/alpavista.ch\/Alp11\/wp-content\/uploads\/cache\/e-fontanets_18_009\/513819304.jpg\" src=\"data:image\/svg+xml,%3Csvg%20xmlns%3D%22http%3A%2F%2Fwww.w3.org%2F2000%2Fsvg%22%20width%3D%22101%22%20height%3D%2257%22%20viewBox%3D%220%200%20101%2057%22%3E%3C%2Fsvg%3E\" loading=\"eager\"><\/span><span class=\"fg-image-overlay\"><\/span><\/a><figcaption class=\"fg-caption\"><div class=\"fg-caption-inner\"><div class=\"fg-caption-desc\">Ca craque m\u00e9chamment, mais, finalement, \u00e7a tient. La glace du torrent de Montagnier est d\u00e9j\u00e0 plus solide qu'esp\u00e9r\u00e9.<\/div><\/div><\/figcaption><\/figure><div class=\"fg-loader\"><\/div><\/div><div class=\"fg-item fg-type-image fg-idle\"><figure class=\"fg-item-inner\"><a href=\"https:\/\/alpavista.ch\/Alp11\/wp-content\/uploads\/e-fontanets_18_010.jpg\" data-caption-title=\"En tout cas mieux form\u00e9e que celle de son affluent voisin, qui n\u00e9cessite de mettre pied \u00e0 terre, pour esp\u00e9rer traverser.\" data-caption-desc=\"En tout cas mieux form\u00e9e que celle de son affluent voisin, qui n\u00e9cessite de mettre pied \u00e0 terre, pour esp\u00e9rer traverser.\" data-attachment-id=\"30354\" data-type=\"image\" class=\"fg-thumb\"><span class=\"fg-image-wrap\"><img decoding=\"async\" alt=\"e-fontanets_18_010\" title=\"En tout cas mieux form\u00e9e que celle de son affluent voisin, qui n\u00e9cessite de mettre pied \u00e0 terre, pour esp\u00e9rer traverser.\" width=\"101\" height=\"57\" class=\"skip-lazy fg-image\" data-src-fg=\"https:\/\/alpavista.ch\/Alp11\/wp-content\/uploads\/cache\/e-fontanets_18_010\/3356735081.jpg\" src=\"data:image\/svg+xml,%3Csvg%20xmlns%3D%22http%3A%2F%2Fwww.w3.org%2F2000%2Fsvg%22%20width%3D%22101%22%20height%3D%2257%22%20viewBox%3D%220%200%20101%2057%22%3E%3C%2Fsvg%3E\" loading=\"eager\"><\/span><span class=\"fg-image-overlay\"><\/span><\/a><figcaption class=\"fg-caption\"><div class=\"fg-caption-inner\"><div class=\"fg-caption-desc\">En tout cas mieux form\u00e9e que celle de son affluent voisin, qui n\u00e9cessite de mettre pied \u00e0 terre, pour esp\u00e9rer traverser.<\/div><\/div><\/figcaption><\/figure><div class=\"fg-loader\"><\/div><\/div><div class=\"fg-item fg-type-image fg-idle\"><figure class=\"fg-item-inner\"><a href=\"https:\/\/alpavista.ch\/Alp11\/wp-content\/uploads\/e-fontanets_18_011.jpg\" data-caption-title=\"Au giratoire de Plan Varjay, nous optons pour la quatri\u00e8me branche, la moins fr\u00e9quent\u00e9e, celle menant au Voizi.\" data-caption-desc=\"Au giratoire de Plan Varjay, nous optons pour la quatri\u00e8me branche, la moins fr\u00e9quent\u00e9e, celle menant au Voizi.\" data-attachment-id=\"30353\" data-type=\"image\" class=\"fg-thumb\"><span class=\"fg-image-wrap\"><img decoding=\"async\" alt=\"e-fontanets_18_011\" title=\"Au giratoire de Plan Varjay, nous optons pour la quatri\u00e8me branche, la moins fr\u00e9quent\u00e9e, celle menant au Voizi.\" width=\"101\" height=\"57\" class=\"skip-lazy fg-image\" data-src-fg=\"https:\/\/alpavista.ch\/Alp11\/wp-content\/uploads\/cache\/e-fontanets_18_011\/1891458667.jpg\" src=\"data:image\/svg+xml,%3Csvg%20xmlns%3D%22http%3A%2F%2Fwww.w3.org%2F2000%2Fsvg%22%20width%3D%22101%22%20height%3D%2257%22%20viewBox%3D%220%200%20101%2057%22%3E%3C%2Fsvg%3E\" loading=\"eager\"><\/span><span class=\"fg-image-overlay\"><\/span><\/a><figcaption class=\"fg-caption\"><div class=\"fg-caption-inner\"><div class=\"fg-caption-desc\">Au giratoire de Plan Varjay, nous optons pour la quatri\u00e8me branche, la moins fr\u00e9quent\u00e9e, celle menant au Voizi.<\/div><\/div><\/figcaption><\/figure><div class=\"fg-loader\"><\/div><\/div><div class=\"fg-item fg-type-image fg-idle\"><figure class=\"fg-item-inner\"><a href=\"https:\/\/alpavista.ch\/Alp11\/wp-content\/uploads\/e-fontanets_18_012.jpg\" data-caption-title=\"En une semaine, notre piste habituelle \u00e0 vraiment mis des cheveux blancs.\" data-caption-desc=\"En une semaine, notre piste habituelle \u00e0 vraiment mis des cheveux blancs.\" data-attachment-id=\"30352\" data-type=\"image\" class=\"fg-thumb\"><span class=\"fg-image-wrap\"><img decoding=\"async\" alt=\"e-fontanets_18_012\" title=\"En une semaine, notre piste habituelle \u00e0 vraiment mis des cheveux blancs.\" width=\"101\" height=\"57\" class=\"skip-lazy fg-image\" data-src-fg=\"https:\/\/alpavista.ch\/Alp11\/wp-content\/uploads\/cache\/e-fontanets_18_012\/548774433.jpg\" src=\"data:image\/svg+xml,%3Csvg%20xmlns%3D%22http%3A%2F%2Fwww.w3.org%2F2000%2Fsvg%22%20width%3D%22101%22%20height%3D%2257%22%20viewBox%3D%220%200%20101%2057%22%3E%3C%2Fsvg%3E\" loading=\"eager\"><\/span><span class=\"fg-image-overlay\"><\/span><\/a><figcaption class=\"fg-caption\"><div class=\"fg-caption-inner\"><div class=\"fg-caption-desc\">En une semaine, notre piste habituelle \u00e0 vraiment mis des cheveux blancs.<\/div><\/div><\/figcaption><\/figure><div class=\"fg-loader\"><\/div><\/div><div class=\"fg-item fg-type-image fg-idle\"><figure class=\"fg-item-inner\"><a href=\"https:\/\/alpavista.ch\/Alp11\/wp-content\/uploads\/e-fontanets_18_013.jpg\" data-caption-title=\"Pas de quoi d\u00e9salper le peuple b\u00ealant, juste de d\u00e9placer son pr\u00e9 carr\u00e9 de quelques hectom\u00e8tres vers l&#039;Est.\" data-caption-desc=\"Pas de quoi d\u00e9salper le peuple b\u00ealant, juste de d\u00e9placer son pr\u00e9 carr\u00e9 de quelques hectom\u00e8tres vers l&#039;Est.\" data-attachment-id=\"30351\" data-type=\"image\" class=\"fg-thumb\"><span class=\"fg-image-wrap\"><img decoding=\"async\" alt=\"e-fontanets_18_013\" title=\"Pas de quoi d\u00e9salper le peuple b\u00ealant, juste de d\u00e9placer son pr\u00e9 carr\u00e9 de quelques hectom\u00e8tres vers l&#039;Est.\" width=\"101\" height=\"57\" class=\"skip-lazy fg-image\" data-src-fg=\"https:\/\/alpavista.ch\/Alp11\/wp-content\/uploads\/cache\/e-fontanets_18_013\/1424402437.jpg\" src=\"data:image\/svg+xml,%3Csvg%20xmlns%3D%22http%3A%2F%2Fwww.w3.org%2F2000%2Fsvg%22%20width%3D%22101%22%20height%3D%2257%22%20viewBox%3D%220%200%20101%2057%22%3E%3C%2Fsvg%3E\" loading=\"eager\"><\/span><span class=\"fg-image-overlay\"><\/span><\/a><figcaption class=\"fg-caption\"><div class=\"fg-caption-inner\"><div class=\"fg-caption-desc\">Pas de quoi d\u00e9salper le peuple b\u00ealant, juste de d\u00e9placer son pr\u00e9 carr\u00e9 de quelques hectom\u00e8tres vers l'Est.<\/div><\/div><\/figcaption><\/figure><div class=\"fg-loader\"><\/div><\/div><div class=\"fg-item fg-type-image fg-idle\"><figure class=\"fg-item-inner\"><a href=\"https:\/\/alpavista.ch\/Alp11\/wp-content\/uploads\/e-fontanets_18_014.jpg\" data-caption-title=\"A chaque revers son fin tapis blanc. Heureusement, en adret, les coups droits sont rois.\" data-caption-desc=\"A chaque revers son fin tapis blanc. Heureusement, en adret, les coups droits sont rois.\" data-attachment-id=\"30350\" data-type=\"image\" class=\"fg-thumb\"><span class=\"fg-image-wrap\"><img decoding=\"async\" alt=\"e-fontanets_18_014\" title=\"A chaque revers son fin tapis blanc. Heureusement, en adret, les coups droits sont rois.\" width=\"101\" height=\"57\" class=\"skip-lazy fg-image\" data-src-fg=\"https:\/\/alpavista.ch\/Alp11\/wp-content\/uploads\/cache\/e-fontanets_18_014\/2158254773.jpg\" src=\"data:image\/svg+xml,%3Csvg%20xmlns%3D%22http%3A%2F%2Fwww.w3.org%2F2000%2Fsvg%22%20width%3D%22101%22%20height%3D%2257%22%20viewBox%3D%220%200%20101%2057%22%3E%3C%2Fsvg%3E\" loading=\"eager\"><\/span><span class=\"fg-image-overlay\"><\/span><\/a><figcaption class=\"fg-caption\"><div class=\"fg-caption-inner\"><div class=\"fg-caption-desc\">A chaque revers son fin tapis blanc. Heureusement, en adret, les coups droits sont rois.<\/div><\/div><\/figcaption><\/figure><div class=\"fg-loader\"><\/div><\/div><div class=\"fg-item fg-type-image fg-idle\"><figure class=\"fg-item-inner\"><a href=\"https:\/\/alpavista.ch\/Alp11\/wp-content\/uploads\/e-fontanets_18_015.jpg\" data-caption-title=\"Semaine apr\u00e8s semaine nos lointaines aiguilles, de fine poudre se recouvrent. A quand un vrai tapis ?\" data-caption-desc=\"Semaine apr\u00e8s semaine nos lointaines aiguilles, de fine poudre se recouvrent. A quand un vrai tapis ?\" data-attachment-id=\"30349\" data-type=\"image\" class=\"fg-thumb\"><span class=\"fg-image-wrap\"><img decoding=\"async\" alt=\"e-fontanets_18_015\" title=\"Semaine apr\u00e8s semaine nos lointaines aiguilles, de fine poudre se recouvrent. A quand un vrai tapis ?\" width=\"101\" height=\"57\" class=\"skip-lazy fg-image\" data-src-fg=\"https:\/\/alpavista.ch\/Alp11\/wp-content\/uploads\/cache\/e-fontanets_18_015\/2144862008.jpg\" src=\"data:image\/svg+xml,%3Csvg%20xmlns%3D%22http%3A%2F%2Fwww.w3.org%2F2000%2Fsvg%22%20width%3D%22101%22%20height%3D%2257%22%20viewBox%3D%220%200%20101%2057%22%3E%3C%2Fsvg%3E\" loading=\"eager\"><\/span><span class=\"fg-image-overlay\"><\/span><\/a><figcaption class=\"fg-caption\"><div class=\"fg-caption-inner\"><div class=\"fg-caption-desc\">Semaine apr\u00e8s semaine nos lointaines aiguilles, de fine poudre se recouvrent. A quand un vrai tapis ?<\/div><\/div><\/figcaption><\/figure><div class=\"fg-loader\"><\/div><\/div><div class=\"fg-item fg-type-image fg-idle\"><figure class=\"fg-item-inner\"><a href=\"https:\/\/alpavista.ch\/Alp11\/wp-content\/uploads\/e-fontanets_18_016.jpg\" data-caption-title=\"Du soleil et des Combins, un menu dominical aussi inesp\u00e9r\u00e9 que finalement un peu lassant.\" data-caption-desc=\"Du soleil et des Combins, un menu dominical aussi inesp\u00e9r\u00e9 que finalement un peu lassant.\" data-attachment-id=\"30348\" data-type=\"image\" class=\"fg-thumb\"><span class=\"fg-image-wrap\"><img decoding=\"async\" alt=\"e-fontanets_18_016\" title=\"Du soleil et des Combins, un menu dominical aussi inesp\u00e9r\u00e9 que finalement un peu lassant.\" width=\"101\" height=\"57\" class=\"skip-lazy fg-image\" data-src-fg=\"https:\/\/alpavista.ch\/Alp11\/wp-content\/uploads\/cache\/e-fontanets_18_016\/803144562.jpg\" src=\"data:image\/svg+xml,%3Csvg%20xmlns%3D%22http%3A%2F%2Fwww.w3.org%2F2000%2Fsvg%22%20width%3D%22101%22%20height%3D%2257%22%20viewBox%3D%220%200%20101%2057%22%3E%3C%2Fsvg%3E\" loading=\"eager\"><\/span><span class=\"fg-image-overlay\"><\/span><\/a><figcaption class=\"fg-caption\"><div class=\"fg-caption-inner\"><div class=\"fg-caption-desc\">Du soleil et des Combins, un menu dominical aussi inesp\u00e9r\u00e9 que finalement un peu lassant.<\/div><\/div><\/figcaption><\/figure><div class=\"fg-loader\"><\/div><\/div><div class=\"fg-item fg-type-image fg-idle\"><figure class=\"fg-item-inner\"><a href=\"https:\/\/alpavista.ch\/Alp11\/wp-content\/uploads\/e-fontanets_18_017.jpg\" data-caption-title=\"En attendant l&#039;or blanc, nous pers\u00e9v\u00e9rons sur notre versant.\" data-caption-desc=\"En attendant l&#039;or blanc, nous pers\u00e9v\u00e9rons sur notre versant.\" data-attachment-id=\"30347\" data-type=\"image\" class=\"fg-thumb\"><span class=\"fg-image-wrap\"><img decoding=\"async\" alt=\"e-fontanets_18_017\" title=\"En attendant l&#039;or blanc, nous pers\u00e9v\u00e9rons sur notre versant.\" width=\"101\" height=\"57\" class=\"skip-lazy fg-image\" data-src-fg=\"https:\/\/alpavista.ch\/Alp11\/wp-content\/uploads\/cache\/e-fontanets_18_017\/3590007165.jpg\" src=\"data:image\/svg+xml,%3Csvg%20xmlns%3D%22http%3A%2F%2Fwww.w3.org%2F2000%2Fsvg%22%20width%3D%22101%22%20height%3D%2257%22%20viewBox%3D%220%200%20101%2057%22%3E%3C%2Fsvg%3E\" loading=\"eager\"><\/span><span class=\"fg-image-overlay\"><\/span><\/a><figcaption class=\"fg-caption\"><div class=\"fg-caption-inner\"><div class=\"fg-caption-desc\">En attendant l'or blanc, nous pers\u00e9v\u00e9rons sur notre versant.<\/div><\/div><\/figcaption><\/figure><div class=\"fg-loader\"><\/div><\/div><div class=\"fg-item fg-type-image fg-idle\"><figure class=\"fg-item-inner\"><a href=\"https:\/\/alpavista.ch\/Alp11\/wp-content\/uploads\/e-fontanets_18_018.jpg\" data-caption-title=\"Le Bisse du Levron, toujours aussi d\u00e9sesp\u00e9r\u00e9ment sec qu&#039;agr\u00e9ablement d\u00e9garni de randonneurs\" data-caption-desc=\"Le Bisse du Levron, toujours aussi d\u00e9sesp\u00e9r\u00e9ment sec qu&#039;agr\u00e9ablement d\u00e9garni de randonneurs\" data-attachment-id=\"30346\" data-type=\"image\" class=\"fg-thumb\"><span class=\"fg-image-wrap\"><img decoding=\"async\" alt=\"e-fontanets_18_018\" title=\"Le Bisse du Levron, toujours aussi d\u00e9sesp\u00e9r\u00e9ment sec qu&#039;agr\u00e9ablement d\u00e9garni de randonneurs\" width=\"101\" height=\"57\" class=\"skip-lazy fg-image\" data-src-fg=\"https:\/\/alpavista.ch\/Alp11\/wp-content\/uploads\/cache\/e-fontanets_18_018\/3529293944.jpg\" src=\"data:image\/svg+xml,%3Csvg%20xmlns%3D%22http%3A%2F%2Fwww.w3.org%2F2000%2Fsvg%22%20width%3D%22101%22%20height%3D%2257%22%20viewBox%3D%220%200%20101%2057%22%3E%3C%2Fsvg%3E\" loading=\"eager\"><\/span><span class=\"fg-image-overlay\"><\/span><\/a><figcaption class=\"fg-caption\"><div class=\"fg-caption-inner\"><div class=\"fg-caption-desc\">Le Bisse du Levron, toujours aussi d\u00e9sesp\u00e9r\u00e9ment sec qu'agr\u00e9ablement d\u00e9garni de randonneurs<\/div><\/div><\/figcaption><\/figure><div class=\"fg-loader\"><\/div><\/div><div class=\"fg-item fg-type-image fg-idle\"><figure class=\"fg-item-inner\"><a href=\"https:\/\/alpavista.ch\/Alp11\/wp-content\/uploads\/e-fontanets_18_019.jpg\" data-caption-title=\"En une semaine, si l&#039;\u00e9paisseur de sa neige \u00e0 pratiquement doubl\u00e9e, on est encore loin d&#039;y noyer les moyeux de nos roues.\" data-caption-desc=\"En une semaine, si l&#039;\u00e9paisseur de sa neige \u00e0 pratiquement doubl\u00e9e, on est encore loin d&#039;y noyer les moyeux de nos roues.\" data-attachment-id=\"30345\" data-type=\"image\" class=\"fg-thumb\"><span class=\"fg-image-wrap\"><img decoding=\"async\" alt=\"e-fontanets_18_019\" title=\"En une semaine, si l&#039;\u00e9paisseur de sa neige \u00e0 pratiquement doubl\u00e9e, on est encore loin d&#039;y noyer les moyeux de nos roues.\" width=\"101\" height=\"57\" class=\"skip-lazy fg-image\" data-src-fg=\"https:\/\/alpavista.ch\/Alp11\/wp-content\/uploads\/cache\/e-fontanets_18_019\/2786052700.jpg\" src=\"data:image\/svg+xml,%3Csvg%20xmlns%3D%22http%3A%2F%2Fwww.w3.org%2F2000%2Fsvg%22%20width%3D%22101%22%20height%3D%2257%22%20viewBox%3D%220%200%20101%2057%22%3E%3C%2Fsvg%3E\" loading=\"eager\"><\/span><span class=\"fg-image-overlay\"><\/span><\/a><figcaption class=\"fg-caption\"><div class=\"fg-caption-inner\"><div class=\"fg-caption-desc\">En une semaine, si l'\u00e9paisseur de sa neige \u00e0 pratiquement doubl\u00e9e, on est encore loin d'y noyer les moyeux de nos roues.<\/div><\/div><\/figcaption><\/figure><div class=\"fg-loader\"><\/div><\/div><div class=\"fg-item fg-type-image fg-idle\"><figure class=\"fg-item-inner\"><a href=\"https:\/\/alpavista.ch\/Alp11\/wp-content\/uploads\/e-fontanets_18_020.jpg\" data-caption-title=\"Si visuellement, rien n&#039;a boug\u00e9, c\u00f4t\u00e9 temp\u00e9ratures ressenties, \u00e7a commence \u00e0 piquer un peu.\" data-caption-desc=\"Si visuellement, rien n&#039;a boug\u00e9, c\u00f4t\u00e9 temp\u00e9ratures ressenties, \u00e7a commence \u00e0 piquer un peu.\" data-attachment-id=\"30344\" data-type=\"image\" class=\"fg-thumb\"><span class=\"fg-image-wrap\"><img decoding=\"async\" alt=\"e-fontanets_18_020\" title=\"Si visuellement, rien n&#039;a boug\u00e9, c\u00f4t\u00e9 temp\u00e9ratures ressenties, \u00e7a commence \u00e0 piquer un peu.\" width=\"101\" height=\"57\" class=\"skip-lazy fg-image\" data-src-fg=\"https:\/\/alpavista.ch\/Alp11\/wp-content\/uploads\/cache\/e-fontanets_18_020\/1581913627.jpg\" src=\"data:image\/svg+xml,%3Csvg%20xmlns%3D%22http%3A%2F%2Fwww.w3.org%2F2000%2Fsvg%22%20width%3D%22101%22%20height%3D%2257%22%20viewBox%3D%220%200%20101%2057%22%3E%3C%2Fsvg%3E\" loading=\"eager\"><\/span><span class=\"fg-image-overlay\"><\/span><\/a><figcaption class=\"fg-caption\"><div class=\"fg-caption-inner\"><div class=\"fg-caption-desc\">Si visuellement, rien n'a boug\u00e9, c\u00f4t\u00e9 temp\u00e9ratures ressenties, \u00e7a commence \u00e0 piquer un peu.<\/div><\/div><\/figcaption><\/figure><div class=\"fg-loader\"><\/div><\/div><div class=\"fg-item fg-type-image fg-idle\"><figure class=\"fg-item-inner\"><a href=\"https:\/\/alpavista.ch\/Alp11\/wp-content\/uploads\/e-fontanets_18_021.jpg\" data-caption-title=\"Quand les raclures du p\u00e9dalier se voient encore sur le rocher, mieux vaut le contourner qu&#039;\u00e0 nouveau tenter de le chevaucher.\" data-caption-desc=\"Quand les raclures du p\u00e9dalier se voient encore sur le rocher, mieux vaut le contourner qu&#039;\u00e0 nouveau tenter de le chevaucher.\" data-attachment-id=\"30343\" data-type=\"image\" class=\"fg-thumb\"><span class=\"fg-image-wrap\"><img decoding=\"async\" alt=\"e-fontanets_18_021\" title=\"Quand les raclures du p\u00e9dalier se voient encore sur le rocher, mieux vaut le contourner qu&#039;\u00e0 nouveau tenter de le chevaucher.\" width=\"101\" height=\"57\" class=\"skip-lazy fg-image\" data-src-fg=\"https:\/\/alpavista.ch\/Alp11\/wp-content\/uploads\/cache\/e-fontanets_18_021\/3873766937.jpg\" src=\"data:image\/svg+xml,%3Csvg%20xmlns%3D%22http%3A%2F%2Fwww.w3.org%2F2000%2Fsvg%22%20width%3D%22101%22%20height%3D%2257%22%20viewBox%3D%220%200%20101%2057%22%3E%3C%2Fsvg%3E\" loading=\"eager\"><\/span><span class=\"fg-image-overlay\"><\/span><\/a><figcaption class=\"fg-caption\"><div class=\"fg-caption-inner\"><div class=\"fg-caption-desc\">Quand les raclures du p\u00e9dalier se voient encore sur le rocher, mieux vaut le contourner qu'\u00e0 nouveau tenter de le chevaucher.<\/div><\/div><\/figcaption><\/figure><div class=\"fg-loader\"><\/div><\/div><div class=\"fg-item fg-type-image fg-idle\"><figure class=\"fg-item-inner\"><a href=\"https:\/\/alpavista.ch\/Alp11\/wp-content\/uploads\/e-fontanets_18_022.jpg\" data-caption-title=\"Sept dents et un timing en parfaite symbiose : il est midi !\" data-caption-desc=\"Sept dents et un timing en parfaite symbiose : il est midi !\" data-attachment-id=\"30342\" data-type=\"image\" class=\"fg-thumb\"><span class=\"fg-image-wrap\"><img decoding=\"async\" alt=\"e-fontanets_18_022\" title=\"Sept dents et un timing en parfaite symbiose : il est midi !\" width=\"101\" height=\"57\" class=\"skip-lazy fg-image\" data-src-fg=\"https:\/\/alpavista.ch\/Alp11\/wp-content\/uploads\/cache\/e-fontanets_18_022\/3068920403.jpg\" src=\"data:image\/svg+xml,%3Csvg%20xmlns%3D%22http%3A%2F%2Fwww.w3.org%2F2000%2Fsvg%22%20width%3D%22101%22%20height%3D%2257%22%20viewBox%3D%220%200%20101%2057%22%3E%3C%2Fsvg%3E\" loading=\"eager\"><\/span><span class=\"fg-image-overlay\"><\/span><\/a><figcaption class=\"fg-caption\"><div class=\"fg-caption-inner\"><div class=\"fg-caption-desc\">Sept dents et un timing en parfaite symbiose : il est midi !<\/div><\/div><\/figcaption><\/figure><div class=\"fg-loader\"><\/div><\/div><div class=\"fg-item fg-type-image fg-idle\"><figure class=\"fg-item-inner\"><a href=\"https:\/\/alpavista.ch\/Alp11\/wp-content\/uploads\/e-fontanets_18_023.jpg\" data-caption-title=\"2250 m\u00e8tres et deux gorg\u00e9es de th\u00e9 plus tard ...\" data-caption-desc=\"2250 m\u00e8tres et deux gorg\u00e9es de th\u00e9 plus tard ...\" data-attachment-id=\"30341\" data-type=\"image\" class=\"fg-thumb\"><span class=\"fg-image-wrap\"><img decoding=\"async\" alt=\"e-fontanets_18_023\" title=\"2250 m\u00e8tres et deux gorg\u00e9es de th\u00e9 plus tard ...\" width=\"101\" height=\"57\" class=\"skip-lazy fg-image\" data-src-fg=\"https:\/\/alpavista.ch\/Alp11\/wp-content\/uploads\/cache\/e-fontanets_18_023\/3267299447.jpg\" src=\"data:image\/svg+xml,%3Csvg%20xmlns%3D%22http%3A%2F%2Fwww.w3.org%2F2000%2Fsvg%22%20width%3D%22101%22%20height%3D%2257%22%20viewBox%3D%220%200%20101%2057%22%3E%3C%2Fsvg%3E\" loading=\"eager\"><\/span><span class=\"fg-image-overlay\"><\/span><\/a><figcaption class=\"fg-caption\"><div class=\"fg-caption-inner\"><div class=\"fg-caption-desc\">2250 m\u00e8tres et deux gorg\u00e9es de th\u00e9 plus tard ...<\/div><\/div><\/figcaption><\/figure><div class=\"fg-loader\"><\/div><\/div><div class=\"fg-item fg-type-image fg-idle\"><figure class=\"fg-item-inner\"><a href=\"https:\/\/alpavista.ch\/Alp11\/wp-content\/uploads\/e-fontanets_18_024.jpg\" data-caption-title=\"... il est temps de plonger vers un climat un poil plus accueillant pour nos gambettes frigorifi\u00e9es.\" data-caption-desc=\"... il est temps de plonger vers un climat un poil plus accueillant pour nos gambettes frigorifi\u00e9es.\" data-attachment-id=\"30340\" data-type=\"image\" class=\"fg-thumb\"><span class=\"fg-image-wrap\"><img decoding=\"async\" alt=\"e-fontanets_18_024\" title=\"... il est temps de plonger vers un climat un poil plus accueillant pour nos gambettes frigorifi\u00e9es.\" width=\"101\" height=\"57\" class=\"skip-lazy fg-image\" data-src-fg=\"https:\/\/alpavista.ch\/Alp11\/wp-content\/uploads\/cache\/e-fontanets_18_024\/385743559.jpg\" src=\"data:image\/svg+xml,%3Csvg%20xmlns%3D%22http%3A%2F%2Fwww.w3.org%2F2000%2Fsvg%22%20width%3D%22101%22%20height%3D%2257%22%20viewBox%3D%220%200%20101%2057%22%3E%3C%2Fsvg%3E\" loading=\"eager\"><\/span><span class=\"fg-image-overlay\"><\/span><\/a><figcaption class=\"fg-caption\"><div class=\"fg-caption-inner\"><div class=\"fg-caption-desc\">... il est temps de plonger vers un climat un poil plus accueillant pour nos gambettes frigorifi\u00e9es.<\/div><\/div><\/figcaption><\/figure><div class=\"fg-loader\"><\/div><\/div><div class=\"fg-item fg-type-image fg-idle\"><figure class=\"fg-item-inner\"><a href=\"https:\/\/alpavista.ch\/Alp11\/wp-content\/uploads\/e-fontanets_18_025.jpg\" data-caption-title=\"Blanc sans \u00eatre (trop) glissant, notre premier chemin se veut accueillant.\" data-caption-desc=\"Blanc sans \u00eatre (trop) glissant, notre premier chemin se veut accueillant.\" data-attachment-id=\"30339\" data-type=\"image\" class=\"fg-thumb\"><span class=\"fg-image-wrap\"><img decoding=\"async\" alt=\"e-fontanets_18_025\" title=\"Blanc sans \u00eatre (trop) glissant, notre premier chemin se veut accueillant.\" width=\"101\" height=\"57\" class=\"skip-lazy fg-image\" data-src-fg=\"https:\/\/alpavista.ch\/Alp11\/wp-content\/uploads\/cache\/e-fontanets_18_025\/3214350458.jpg\" src=\"data:image\/svg+xml,%3Csvg%20xmlns%3D%22http%3A%2F%2Fwww.w3.org%2F2000%2Fsvg%22%20width%3D%22101%22%20height%3D%2257%22%20viewBox%3D%220%200%20101%2057%22%3E%3C%2Fsvg%3E\" loading=\"eager\"><\/span><span class=\"fg-image-overlay\"><\/span><\/a><figcaption class=\"fg-caption\"><div class=\"fg-caption-inner\"><div class=\"fg-caption-desc\">Blanc sans \u00eatre (trop) glissant, notre premier chemin se veut accueillant.<\/div><\/div><\/figcaption><\/figure><div class=\"fg-loader\"><\/div><\/div><div class=\"fg-item fg-type-image fg-idle\"><figure class=\"fg-item-inner\"><a href=\"https:\/\/alpavista.ch\/Alp11\/wp-content\/uploads\/e-fontanets_18_026.jpg\" data-caption-title=\"M\u00eame si accueillant ne rime pas forc\u00e9ment, ni avec rectiligne, ni avec super roulant.\" data-caption-desc=\"M\u00eame si accueillant ne rime pas forc\u00e9ment, ni avec rectiligne, ni avec super roulant.\" data-attachment-id=\"30338\" data-type=\"image\" class=\"fg-thumb\"><span class=\"fg-image-wrap\"><img decoding=\"async\" alt=\"e-fontanets_18_026\" title=\"M\u00eame si accueillant ne rime pas forc\u00e9ment, ni avec rectiligne, ni avec super roulant.\" width=\"101\" height=\"57\" class=\"skip-lazy fg-image\" data-src-fg=\"https:\/\/alpavista.ch\/Alp11\/wp-content\/uploads\/cache\/e-fontanets_18_026\/4020233264.jpg\" src=\"data:image\/svg+xml,%3Csvg%20xmlns%3D%22http%3A%2F%2Fwww.w3.org%2F2000%2Fsvg%22%20width%3D%22101%22%20height%3D%2257%22%20viewBox%3D%220%200%20101%2057%22%3E%3C%2Fsvg%3E\" loading=\"eager\"><\/span><span class=\"fg-image-overlay\"><\/span><\/a><figcaption class=\"fg-caption\"><div class=\"fg-caption-inner\"><div class=\"fg-caption-desc\">M\u00eame si accueillant ne rime pas forc\u00e9ment, ni avec rectiligne, ni avec super roulant.<\/div><\/div><\/figcaption><\/figure><div class=\"fg-loader\"><\/div><\/div><div class=\"fg-item fg-type-image fg-idle\"><figure class=\"fg-item-inner\"><a href=\"https:\/\/alpavista.ch\/Alp11\/wp-content\/uploads\/e-fontanets_18_027.jpg\" data-caption-title=\"Comme un ascenseur bien r\u00e9gl\u00e9, il multiplie les paliers.\" data-caption-desc=\"Comme un ascenseur bien r\u00e9gl\u00e9, il multiplie les paliers.\" data-attachment-id=\"30337\" data-type=\"image\" class=\"fg-thumb\"><span class=\"fg-image-wrap\"><img decoding=\"async\" alt=\"e-fontanets_18_027\" title=\"Comme un ascenseur bien r\u00e9gl\u00e9, il multiplie les paliers.\" width=\"101\" height=\"57\" class=\"skip-lazy fg-image\" data-src-fg=\"https:\/\/alpavista.ch\/Alp11\/wp-content\/uploads\/cache\/e-fontanets_18_027\/364629567.jpg\" src=\"data:image\/svg+xml,%3Csvg%20xmlns%3D%22http%3A%2F%2Fwww.w3.org%2F2000%2Fsvg%22%20width%3D%22101%22%20height%3D%2257%22%20viewBox%3D%220%200%20101%2057%22%3E%3C%2Fsvg%3E\" loading=\"eager\"><\/span><span class=\"fg-image-overlay\"><\/span><\/a><figcaption class=\"fg-caption\"><div class=\"fg-caption-inner\"><div class=\"fg-caption-desc\">Comme un ascenseur bien r\u00e9gl\u00e9, il multiplie les paliers.<\/div><\/div><\/figcaption><\/figure><div class=\"fg-loader\"><\/div><\/div><div class=\"fg-item fg-type-image fg-idle\"><figure class=\"fg-item-inner\"><a href=\"https:\/\/alpavista.ch\/Alp11\/wp-content\/uploads\/e-fontanets_18_028.jpg\" data-caption-title=\"Ascenseur vitr\u00e9 et accroch\u00e9 \u00e0 la fa\u00e7ade, d\u00e9cid\u00e9ment ce chemin ne se (et ne nous) refuse rien.\" data-caption-desc=\"Ascenseur vitr\u00e9 et accroch\u00e9 \u00e0 la fa\u00e7ade, d\u00e9cid\u00e9ment ce chemin ne se (et ne nous) refuse rien.\" data-attachment-id=\"30336\" data-type=\"image\" class=\"fg-thumb\"><span class=\"fg-image-wrap\"><img decoding=\"async\" alt=\"e-fontanets_18_028\" title=\"Ascenseur vitr\u00e9 et accroch\u00e9 \u00e0 la fa\u00e7ade, d\u00e9cid\u00e9ment ce chemin ne se (et ne nous) refuse rien.\" width=\"101\" height=\"57\" class=\"skip-lazy fg-image\" data-src-fg=\"https:\/\/alpavista.ch\/Alp11\/wp-content\/uploads\/cache\/e-fontanets_18_028\/303834938.jpg\" src=\"data:image\/svg+xml,%3Csvg%20xmlns%3D%22http%3A%2F%2Fwww.w3.org%2F2000%2Fsvg%22%20width%3D%22101%22%20height%3D%2257%22%20viewBox%3D%220%200%20101%2057%22%3E%3C%2Fsvg%3E\" loading=\"eager\"><\/span><span class=\"fg-image-overlay\"><\/span><\/a><figcaption class=\"fg-caption\"><div class=\"fg-caption-inner\"><div class=\"fg-caption-desc\">Ascenseur vitr\u00e9 et accroch\u00e9 \u00e0 la fa\u00e7ade, d\u00e9cid\u00e9ment ce chemin ne se (et ne nous) refuse rien.<\/div><\/div><\/figcaption><\/figure><div class=\"fg-loader\"><\/div><\/div><div class=\"fg-item fg-type-image fg-idle\"><figure class=\"fg-item-inner\"><a href=\"https:\/\/alpavista.ch\/Alp11\/wp-content\/uploads\/e-fontanets_18_029.jpg\" data-caption-title=\"Localement, conditionn\u00e9 par la vue, il devient m\u00eame &quot;ts\u00e2ble&quot;.\" data-caption-desc=\"Localement, conditionn\u00e9 par la vue, il devient m\u00eame &quot;ts\u00e2ble&quot;.\" data-attachment-id=\"30335\" data-type=\"image\" class=\"fg-thumb\"><span class=\"fg-image-wrap\"><img decoding=\"async\" alt=\"e-fontanets_18_029\" title=\"Localement, conditionn\u00e9 par la vue, il devient m\u00eame &quot;ts\u00e2ble&quot;.\" width=\"101\" height=\"57\" class=\"skip-lazy fg-image\" data-src-fg=\"https:\/\/alpavista.ch\/Alp11\/wp-content\/uploads\/cache\/e-fontanets_18_029\/1716464926.jpg\" src=\"data:image\/svg+xml,%3Csvg%20xmlns%3D%22http%3A%2F%2Fwww.w3.org%2F2000%2Fsvg%22%20width%3D%22101%22%20height%3D%2257%22%20viewBox%3D%220%200%20101%2057%22%3E%3C%2Fsvg%3E\" loading=\"eager\"><\/span><span class=\"fg-image-overlay\"><\/span><\/a><figcaption class=\"fg-caption\"><div class=\"fg-caption-inner\"><div class=\"fg-caption-desc\">Localement, conditionn\u00e9 par la vue, il devient m\u00eame \"ts\u00e2ble\".<\/div><\/div><\/figcaption><\/figure><div class=\"fg-loader\"><\/div><\/div><div class=\"fg-item fg-type-image fg-idle\"><figure class=\"fg-item-inner\"><a href=\"https:\/\/alpavista.ch\/Alp11\/wp-content\/uploads\/e-fontanets_18_030.jpg\" data-caption-title=\"Les uns volent, les autres carvent. En attendant l&#039;or blanc, chacun y va de son amusement.\" data-caption-desc=\"Les uns volent, les autres carvent. En attendant l&#039;or blanc, chacun y va de son amusement.\" data-attachment-id=\"30334\" data-type=\"image\" class=\"fg-thumb\"><span class=\"fg-image-wrap\"><img decoding=\"async\" alt=\"e-fontanets_18_030\" title=\"Les uns volent, les autres carvent. En attendant l&#039;or blanc, chacun y va de son amusement.\" width=\"101\" height=\"57\" class=\"skip-lazy fg-image\" data-src-fg=\"https:\/\/alpavista.ch\/Alp11\/wp-content\/uploads\/cache\/e-fontanets_18_030\/2969360863.jpg\" src=\"data:image\/svg+xml,%3Csvg%20xmlns%3D%22http%3A%2F%2Fwww.w3.org%2F2000%2Fsvg%22%20width%3D%22101%22%20height%3D%2257%22%20viewBox%3D%220%200%20101%2057%22%3E%3C%2Fsvg%3E\" loading=\"eager\"><\/span><span class=\"fg-image-overlay\"><\/span><\/a><figcaption class=\"fg-caption\"><div class=\"fg-caption-inner\"><div class=\"fg-caption-desc\">Les uns volent, les autres carvent. En attendant l'or blanc, chacun y va de son amusement.<\/div><\/div><\/figcaption><\/figure><div class=\"fg-loader\"><\/div><\/div><div class=\"fg-item fg-type-image fg-idle\"><figure class=\"fg-item-inner\"><a href=\"https:\/\/alpavista.ch\/Alp11\/wp-content\/uploads\/e-fontanets_18_031.jpg\" data-caption-title=\"Quand la trace reste et que les crampons s&#039;encrassent, c&#039;est que le cycle gel\/d\u00e9gel est \u00e0 l&#039;oeuvre.\" data-caption-desc=\"Quand la trace reste et que les crampons s&#039;encrassent, c&#039;est que le cycle gel\/d\u00e9gel est \u00e0 l&#039;oeuvre.\" data-attachment-id=\"30333\" data-type=\"image\" class=\"fg-thumb\"><span class=\"fg-image-wrap\"><img decoding=\"async\" alt=\"e-fontanets_18_031\" title=\"Quand la trace reste et que les crampons s&#039;encrassent, c&#039;est que le cycle gel\/d\u00e9gel est \u00e0 l&#039;oeuvre.\" width=\"101\" height=\"57\" class=\"skip-lazy fg-image\" data-src-fg=\"https:\/\/alpavista.ch\/Alp11\/wp-content\/uploads\/cache\/e-fontanets_18_031\/139604445.jpg\" src=\"data:image\/svg+xml,%3Csvg%20xmlns%3D%22http%3A%2F%2Fwww.w3.org%2F2000%2Fsvg%22%20width%3D%22101%22%20height%3D%2257%22%20viewBox%3D%220%200%20101%2057%22%3E%3C%2Fsvg%3E\" loading=\"eager\"><\/span><span class=\"fg-image-overlay\"><\/span><\/a><figcaption class=\"fg-caption\"><div class=\"fg-caption-inner\"><div class=\"fg-caption-desc\">Quand la trace reste et que les crampons s'encrassent, c'est que le cycle gel\/d\u00e9gel est \u00e0 l'oeuvre.<\/div><\/div><\/figcaption><\/figure><div class=\"fg-loader\"><\/div><\/div><div class=\"fg-item fg-type-image fg-idle\"><figure class=\"fg-item-inner\"><a href=\"https:\/\/alpavista.ch\/Alp11\/wp-content\/uploads\/e-fontanets_18_032.jpg\" data-caption-title=\"Dr\u00e9 dans le pentu, version boue collante et profond sillon.\" data-caption-desc=\"Dr\u00e9 dans le pentu, version boue collante et profond sillon.\" data-attachment-id=\"30332\" data-type=\"image\" class=\"fg-thumb\"><span class=\"fg-image-wrap\"><img decoding=\"async\" alt=\"e-fontanets_18_032\" title=\"Dr\u00e9 dans le pentu, version boue collante et profond sillon.\" width=\"101\" height=\"57\" class=\"skip-lazy fg-image\" data-src-fg=\"https:\/\/alpavista.ch\/Alp11\/wp-content\/uploads\/cache\/e-fontanets_18_032\/1482345879.jpg\" src=\"data:image\/svg+xml,%3Csvg%20xmlns%3D%22http%3A%2F%2Fwww.w3.org%2F2000%2Fsvg%22%20width%3D%22101%22%20height%3D%2257%22%20viewBox%3D%220%200%20101%2057%22%3E%3C%2Fsvg%3E\" loading=\"eager\"><\/span><span class=\"fg-image-overlay\"><\/span><\/a><figcaption class=\"fg-caption\"><div class=\"fg-caption-inner\"><div class=\"fg-caption-desc\">Dr\u00e9 dans le pentu, version boue collante et profond sillon.<\/div><\/div><\/figcaption><\/figure><div class=\"fg-loader\"><\/div><\/div><div class=\"fg-item fg-type-image fg-idle\"><figure class=\"fg-item-inner\"><a href=\"https:\/\/alpavista.ch\/Alp11\/wp-content\/uploads\/e-fontanets_18_033.jpg\" data-caption-title=\"Autre petit plaisir de fin de saison, les racines glissantes cach\u00e9es sous leur fine couche de neige. Une recette \u00e0 manier avec pr\u00e9caution pour conserver toutes ses dents.\" data-caption-desc=\"Autre petit plaisir de fin de saison, les racines glissantes cach\u00e9es sous leur fine couche de neige. Une recette \u00e0 manier avec pr\u00e9caution pour conserver toutes ses dents.\" data-attachment-id=\"30331\" data-type=\"image\" class=\"fg-thumb\"><span class=\"fg-image-wrap\"><img decoding=\"async\" alt=\"e-fontanets_18_033\" title=\"Autre petit plaisir de fin de saison, les racines glissantes cach\u00e9es sous leur fine couche de neige. Une recette \u00e0 manier avec pr\u00e9caution pour conserver toutes ses dents.\" width=\"101\" height=\"57\" class=\"skip-lazy fg-image\" data-src-fg=\"https:\/\/alpavista.ch\/Alp11\/wp-content\/uploads\/cache\/e-fontanets_18_033\/738838451.jpg\" src=\"data:image\/svg+xml,%3Csvg%20xmlns%3D%22http%3A%2F%2Fwww.w3.org%2F2000%2Fsvg%22%20width%3D%22101%22%20height%3D%2257%22%20viewBox%3D%220%200%20101%2057%22%3E%3C%2Fsvg%3E\" loading=\"eager\"><\/span><span class=\"fg-image-overlay\"><\/span><\/a><figcaption class=\"fg-caption\"><div class=\"fg-caption-inner\"><div class=\"fg-caption-desc\">Autre petit plaisir de fin de saison, les racines glissantes cach\u00e9es sous leur fine couche de neige. Une recette \u00e0 manier avec pr\u00e9caution pour conserver toutes ses dents.<\/div><\/div><\/figcaption><\/figure><div class=\"fg-loader\"><\/div><\/div><div class=\"fg-item fg-type-image fg-idle\"><figure class=\"fg-item-inner\"><a href=\"https:\/\/alpavista.ch\/Alp11\/wp-content\/uploads\/e-fontanets_18_034.jpg\" data-caption-title=\"No\u00ebl au balcon ? Bien parti \u00e0 d\u00e9faut d&#039;\u00eatre \u00e9crit !\" data-caption-desc=\"No\u00ebl au balcon ? Bien parti \u00e0 d\u00e9faut d&#039;\u00eatre \u00e9crit !\" data-attachment-id=\"30330\" data-type=\"image\" class=\"fg-thumb\"><span class=\"fg-image-wrap\"><img decoding=\"async\" alt=\"e-fontanets_18_034\" title=\"No\u00ebl au balcon ? Bien parti \u00e0 d\u00e9faut d&#039;\u00eatre \u00e9crit !\" width=\"101\" height=\"57\" class=\"skip-lazy fg-image\" data-src-fg=\"https:\/\/alpavista.ch\/Alp11\/wp-content\/uploads\/cache\/e-fontanets_18_034\/4165678339.jpg\" src=\"data:image\/svg+xml,%3Csvg%20xmlns%3D%22http%3A%2F%2Fwww.w3.org%2F2000%2Fsvg%22%20width%3D%22101%22%20height%3D%2257%22%20viewBox%3D%220%200%20101%2057%22%3E%3C%2Fsvg%3E\" loading=\"eager\"><\/span><span class=\"fg-image-overlay\"><\/span><\/a><figcaption class=\"fg-caption\"><div class=\"fg-caption-inner\"><div class=\"fg-caption-desc\">No\u00ebl au balcon ? Bien parti \u00e0 d\u00e9faut d'\u00eatre \u00e9crit !<\/div><\/div><\/figcaption><\/figure><div class=\"fg-loader\"><\/div><\/div><div class=\"fg-item fg-type-image fg-idle\"><figure class=\"fg-item-inner\"><a href=\"https:\/\/alpavista.ch\/Alp11\/wp-content\/uploads\/e-fontanets_18_035.jpg\" data-caption-title=\"L&#039;onctueux ruban des Charri\u00e8res, autre mets d\u00e9licat \u00e0 se mettre sous le crampon.\" data-caption-desc=\"L&#039;onctueux ruban des Charri\u00e8res, autre mets d\u00e9licat \u00e0 se mettre sous le crampon.\" data-attachment-id=\"30329\" data-type=\"image\" class=\"fg-thumb\"><span class=\"fg-image-wrap\"><img decoding=\"async\" alt=\"e-fontanets_18_035\" title=\"L&#039;onctueux ruban des Charri\u00e8res, autre mets d\u00e9licat \u00e0 se mettre sous le crampon.\" width=\"101\" height=\"57\" class=\"skip-lazy fg-image\" data-src-fg=\"https:\/\/alpavista.ch\/Alp11\/wp-content\/uploads\/cache\/e-fontanets_18_035\/121147534.jpg\" src=\"data:image\/svg+xml,%3Csvg%20xmlns%3D%22http%3A%2F%2Fwww.w3.org%2F2000%2Fsvg%22%20width%3D%22101%22%20height%3D%2257%22%20viewBox%3D%220%200%20101%2057%22%3E%3C%2Fsvg%3E\" loading=\"eager\"><\/span><span class=\"fg-image-overlay\"><\/span><\/a><figcaption class=\"fg-caption\"><div class=\"fg-caption-inner\"><div class=\"fg-caption-desc\">L'onctueux ruban des Charri\u00e8res, autre mets d\u00e9licat \u00e0 se mettre sous le crampon.<\/div><\/div><\/figcaption><\/figure><div class=\"fg-loader\"><\/div><\/div><div class=\"fg-item fg-type-image fg-idle\"><figure class=\"fg-item-inner\"><a href=\"https:\/\/alpavista.ch\/Alp11\/wp-content\/uploads\/e-fontanets_18_036.jpg\" data-caption-title=\"M\u00eame en version rochers masqu\u00e9s, \u00e7a reste une gourmandise dont tout \u00e9picurien du VTT ne saurait se priver.\" data-caption-desc=\"M\u00eame en version rochers masqu\u00e9s, \u00e7a reste une gourmandise dont tout \u00e9picurien du VTT ne saurait se priver.\" data-attachment-id=\"30328\" data-type=\"image\" class=\"fg-thumb\"><span class=\"fg-image-wrap\"><img decoding=\"async\" alt=\"e-fontanets_18_036\" title=\"M\u00eame en version rochers masqu\u00e9s, \u00e7a reste une gourmandise dont tout \u00e9picurien du VTT ne saurait se priver.\" width=\"101\" height=\"57\" class=\"skip-lazy fg-image\" data-src-fg=\"https:\/\/alpavista.ch\/Alp11\/wp-content\/uploads\/cache\/e-fontanets_18_036\/1462791364.jpg\" src=\"data:image\/svg+xml,%3Csvg%20xmlns%3D%22http%3A%2F%2Fwww.w3.org%2F2000%2Fsvg%22%20width%3D%22101%22%20height%3D%2257%22%20viewBox%3D%220%200%20101%2057%22%3E%3C%2Fsvg%3E\" loading=\"eager\"><\/span><span class=\"fg-image-overlay\"><\/span><\/a><figcaption class=\"fg-caption\"><div class=\"fg-caption-inner\"><div class=\"fg-caption-desc\">M\u00eame en version rochers masqu\u00e9s, \u00e7a reste une gourmandise dont tout \u00e9picurien du VTT ne saurait se priver.<\/div><\/div><\/figcaption><\/figure><div class=\"fg-loader\"><\/div><\/div><div class=\"fg-item fg-type-image fg-idle\"><figure class=\"fg-item-inner\"><a href=\"https:\/\/alpavista.ch\/Alp11\/wp-content\/uploads\/e-fontanets_18_037.jpg\" data-caption-title=\"A consommer sans mod\u00e9ration, mais avec un certain doigt\u00e9 quand m\u00eame.\" data-caption-desc=\"A consommer sans mod\u00e9ration, mais avec un certain doigt\u00e9 quand m\u00eame.\" data-attachment-id=\"30327\" data-type=\"image\" class=\"fg-thumb\"><span class=\"fg-image-wrap\"><img decoding=\"async\" alt=\"e-fontanets_18_037\" title=\"A consommer sans mod\u00e9ration, mais avec un certain doigt\u00e9 quand m\u00eame.\" width=\"101\" height=\"57\" class=\"skip-lazy fg-image\" data-src-fg=\"https:\/\/alpavista.ch\/Alp11\/wp-content\/uploads\/cache\/e-fontanets_18_037\/2903787211.jpg\" src=\"data:image\/svg+xml,%3Csvg%20xmlns%3D%22http%3A%2F%2Fwww.w3.org%2F2000%2Fsvg%22%20width%3D%22101%22%20height%3D%2257%22%20viewBox%3D%220%200%20101%2057%22%3E%3C%2Fsvg%3E\" loading=\"eager\"><\/span><span class=\"fg-image-overlay\"><\/span><\/a><figcaption class=\"fg-caption\"><div class=\"fg-caption-inner\"><div class=\"fg-caption-desc\">A consommer sans mod\u00e9ration, mais avec un certain doigt\u00e9 quand m\u00eame.<\/div><\/div><\/figcaption><\/figure><div class=\"fg-loader\"><\/div><\/div><div class=\"fg-item fg-type-image fg-idle\"><figure class=\"fg-item-inner\"><a href=\"https:\/\/alpavista.ch\/Alp11\/wp-content\/uploads\/e-fontanets_18_038.jpg\" data-caption-title=\"Tout comme la toujours d\u00e9lectable succession de S du Plan Varjay.\" data-caption-desc=\"Tout comme la toujours d\u00e9lectable succession de S du Plan Varjay.\" data-attachment-id=\"30326\" data-type=\"image\" class=\"fg-thumb\"><span class=\"fg-image-wrap\"><img decoding=\"async\" alt=\"e-fontanets_18_038\" title=\"Tout comme la toujours d\u00e9lectable succession de S du Plan Varjay.\" width=\"101\" height=\"57\" class=\"skip-lazy fg-image\" data-src-fg=\"https:\/\/alpavista.ch\/Alp11\/wp-content\/uploads\/cache\/e-fontanets_18_038\/2863902670.jpg\" src=\"data:image\/svg+xml,%3Csvg%20xmlns%3D%22http%3A%2F%2Fwww.w3.org%2F2000%2Fsvg%22%20width%3D%22101%22%20height%3D%2257%22%20viewBox%3D%220%200%20101%2057%22%3E%3C%2Fsvg%3E\" loading=\"eager\"><\/span><span class=\"fg-image-overlay\"><\/span><\/a><figcaption class=\"fg-caption\"><div class=\"fg-caption-inner\"><div class=\"fg-caption-desc\">Tout comme la toujours d\u00e9lectable succession de S du Plan Varjay.<\/div><\/div><\/figcaption><\/figure><div class=\"fg-loader\"><\/div><\/div><div class=\"fg-item fg-type-image fg-idle\"><figure class=\"fg-item-inner\"><a href=\"https:\/\/alpavista.ch\/Alp11\/wp-content\/uploads\/e-fontanets_18_039.jpg\" data-caption-title=\"Les gratte-culs rougeoient, mais la caravane persiste \u00e0 ne pas s&#039;arr\u00eater. Personne pour faire respecter le code (des chemins) ?\" data-caption-desc=\"Les gratte-culs rougeoient, mais la caravane persiste \u00e0 ne pas s&#039;arr\u00eater. Personne pour faire respecter le code (des chemins) ?\" data-attachment-id=\"30325\" data-type=\"image\" class=\"fg-thumb\"><span class=\"fg-image-wrap\"><img decoding=\"async\" alt=\"e-fontanets_18_039\" title=\"Les gratte-culs rougeoient, mais la caravane persiste \u00e0 ne pas s&#039;arr\u00eater. Personne pour faire respecter le code (des chemins) ?\" width=\"101\" height=\"57\" class=\"skip-lazy fg-image\" data-src-fg=\"https:\/\/alpavista.ch\/Alp11\/wp-content\/uploads\/cache\/e-fontanets_18_039\/3739264490.jpg\" src=\"data:image\/svg+xml,%3Csvg%20xmlns%3D%22http%3A%2F%2Fwww.w3.org%2F2000%2Fsvg%22%20width%3D%22101%22%20height%3D%2257%22%20viewBox%3D%220%200%20101%2057%22%3E%3C%2Fsvg%3E\" loading=\"eager\"><\/span><span class=\"fg-image-overlay\"><\/span><\/a><figcaption class=\"fg-caption\"><div class=\"fg-caption-inner\"><div class=\"fg-caption-desc\">Les gratte-culs rougeoient, mais la caravane persiste \u00e0 ne pas s'arr\u00eater. Personne pour faire respecter le code (des chemins) ?<\/div><\/div><\/figcaption><\/figure><div class=\"fg-loader\"><\/div><\/div><div class=\"fg-item fg-type-image fg-idle\"><figure class=\"fg-item-inner\"><a href=\"https:\/\/alpavista.ch\/Alp11\/wp-content\/uploads\/e-fontanets_18_040.jpg\" data-caption-title=\"Tiens, un sentier \u00e0 raquettes ? Pour qui ? Pour quoi ?\" data-caption-desc=\"Tiens, un sentier \u00e0 raquettes ? Pour qui ? Pour quoi ?\" data-attachment-id=\"30324\" data-type=\"image\" class=\"fg-thumb\"><span class=\"fg-image-wrap\"><img decoding=\"async\" alt=\"e-fontanets_18_040\" title=\"Tiens, un sentier \u00e0 raquettes ? Pour qui ? Pour quoi ?\" width=\"101\" height=\"57\" class=\"skip-lazy fg-image\" data-src-fg=\"https:\/\/alpavista.ch\/Alp11\/wp-content\/uploads\/cache\/e-fontanets_18_040\/2068392097.jpg\" src=\"data:image\/svg+xml,%3Csvg%20xmlns%3D%22http%3A%2F%2Fwww.w3.org%2F2000%2Fsvg%22%20width%3D%22101%22%20height%3D%2257%22%20viewBox%3D%220%200%20101%2057%22%3E%3C%2Fsvg%3E\" loading=\"eager\"><\/span><span class=\"fg-image-overlay\"><\/span><\/a><figcaption class=\"fg-caption\"><div class=\"fg-caption-inner\"><div class=\"fg-caption-desc\">Tiens, un sentier \u00e0 raquettes ? Pour qui ? Pour quoi ?<\/div><\/div><\/figcaption><\/figure><div class=\"fg-loader\"><\/div><\/div><div class=\"fg-item fg-type-image fg-idle\"><figure class=\"fg-item-inner\"><a href=\"https:\/\/alpavista.ch\/Alp11\/wp-content\/uploads\/e-fontanets_18_041.jpg\" data-caption-title=\"Coteau ensoleill\u00e9 VS fond de vall\u00e9e frigorifi\u00e9. A chacun son choix, \u00e0 chacun ses degr\u00e9s.\" data-caption-desc=\"Coteau ensoleill\u00e9 VS fond de vall\u00e9e frigorifi\u00e9. A chacun son choix, \u00e0 chacun ses degr\u00e9s.\" data-attachment-id=\"30323\" data-type=\"image\" class=\"fg-thumb\"><span class=\"fg-image-wrap\"><img decoding=\"async\" alt=\"e-fontanets_18_041\" title=\"Coteau ensoleill\u00e9 VS fond de vall\u00e9e frigorifi\u00e9. A chacun son choix, \u00e0 chacun ses degr\u00e9s.\" width=\"101\" height=\"57\" class=\"skip-lazy fg-image\" data-src-fg=\"https:\/\/alpavista.ch\/Alp11\/wp-content\/uploads\/cache\/e-fontanets_18_041\/3286745251.jpg\" src=\"data:image\/svg+xml,%3Csvg%20xmlns%3D%22http%3A%2F%2Fwww.w3.org%2F2000%2Fsvg%22%20width%3D%22101%22%20height%3D%2257%22%20viewBox%3D%220%200%20101%2057%22%3E%3C%2Fsvg%3E\" loading=\"eager\"><\/span><span class=\"fg-image-overlay\"><\/span><\/a><figcaption class=\"fg-caption\"><div class=\"fg-caption-inner\"><div class=\"fg-caption-desc\">Coteau ensoleill\u00e9 VS fond de vall\u00e9e frigorifi\u00e9. A chacun son choix, \u00e0 chacun ses degr\u00e9s.<\/div><\/div><\/figcaption><\/figure><div class=\"fg-loader\"><\/div><\/div><div class=\"fg-item fg-type-image fg-idle\"><figure class=\"fg-item-inner\"><a href=\"https:\/\/alpavista.ch\/Alp11\/wp-content\/uploads\/e-fontanets_18_042.jpg\" data-caption-title=\"Certains organisent la f\u00eate du soleil, d&#039;autres, simplement, le vivent au quotidien.\" data-caption-desc=\"Certains organisent la f\u00eate du soleil, d&#039;autres, simplement, le vivent au quotidien.\" data-attachment-id=\"30322\" data-type=\"image\" class=\"fg-thumb\"><span class=\"fg-image-wrap\"><img decoding=\"async\" alt=\"e-fontanets_18_042\" title=\"Certains organisent la f\u00eate du soleil, d&#039;autres, simplement, le vivent au quotidien.\" width=\"101\" height=\"57\" class=\"skip-lazy fg-image\" data-src-fg=\"https:\/\/alpavista.ch\/Alp11\/wp-content\/uploads\/cache\/e-fontanets_18_042\/2481929449.jpg\" src=\"data:image\/svg+xml,%3Csvg%20xmlns%3D%22http%3A%2F%2Fwww.w3.org%2F2000%2Fsvg%22%20width%3D%22101%22%20height%3D%2257%22%20viewBox%3D%220%200%20101%2057%22%3E%3C%2Fsvg%3E\" loading=\"eager\"><\/span><span class=\"fg-image-overlay\"><\/span><\/a><figcaption class=\"fg-caption\"><div class=\"fg-caption-inner\"><div class=\"fg-caption-desc\">Certains organisent la f\u00eate du soleil, d'autres, simplement, le vivent au quotidien.<\/div><\/div><\/figcaption><\/figure><div class=\"fg-loader\"><\/div><\/div><\/div>\n\n<input class=\"fooboxshare_post_id\" type=\"hidden\" value=\"11134\"\/>","protected":false},"excerpt":{"rendered":"<p>Semaine apr\u00e8s semaine, l\u2019hiver et le froid grignotent peu \u00e0 peu notre terrain de jeu. Quelques degr\u00e9s perdus, par ci, une fine couche de neige, par l\u00e0, rien de bien convaincant. Rien, en tout cas qui, pour l\u2019instant, soit en en mesure de nous priver de selle. Du coup, nous profitons des heures de soleil dominical pour passer en revue les diff\u00e9rentes installations de remont\u00e9es m\u00e9caniques, encore \u00e0 l\u2019arr\u00eat, de T\u00e9l\u00e9Verbier.<\/p>\n","protected":false},"author":2,"featured_media":11133,"comment_status":"open","ping_status":"open","sticky":false,"template":"","format":"standard","meta":{"footnotes":""},"categories":[658,4],"tags":[1079,1999,2000,2394,2396,2206,1146,1283,2001,1238],"class_list":["post-11134","post","type-post","status-publish","format-standard","has-post-thumbnail","hentry","category-outdoor","category-vtt","tag-bagnes","tag-charrieres","tag-la-chaux","tag-clambin","tag-fontanets","tag-mayens-de-sarreyer","tag-mont-fort","tag-sarreyer","tag-schlerondes","tag-verbier"],"_links":{"self":[{"href":"https:\/\/alpavista.ch\/Alp11\/wp-json\/wp\/v2\/posts\/11134","targetHints":{"allow":["GET"]}}],"collection":[{"href":"https:\/\/alpavista.ch\/Alp11\/wp-json\/wp\/v2\/posts"}],"about":[{"href":"https:\/\/alpavista.ch\/Alp11\/wp-json\/wp\/v2\/types\/post"}],"author":[{"embeddable":true,"href":"https:\/\/alpavista.ch\/Alp11\/wp-json\/wp\/v2\/users\/2"}],"replies":[{"embeddable":true,"href":"https:\/\/alpavista.ch\/Alp11\/wp-json\/wp\/v2\/comments?post=11134"}],"version-history":[{"count":0,"href":"https:\/\/alpavista.ch\/Alp11\/wp-json\/wp\/v2\/posts\/11134\/revisions"}],"wp:featuredmedia":[{"embeddable":true,"href":"https:\/\/alpavista.ch\/Alp11\/wp-json\/wp\/v2\/media\/11133"}],"wp:attachment":[{"href":"https:\/\/alpavista.ch\/Alp11\/wp-json\/wp\/v2\/media?parent=11134"}],"wp:term":[{"taxonomy":"category","embeddable":true,"href":"https:\/\/alpavista.ch\/Alp11\/wp-json\/wp\/v2\/categories?post=11134"},{"taxonomy":"post_tag","embeddable":true,"href":"https:\/\/alpavista.ch\/Alp11\/wp-json\/wp\/v2\/tags?post=11134"}],"curies":[{"name":"wp","href":"https:\/\/api.w.org\/{rel}","templated":true}]}}