{"id":11240,"date":"2019-08-03T17:25:46","date_gmt":"2019-08-03T16:25:46","guid":{"rendered":"https:\/\/www.alpavista.ch\/Alp11\/?p=11240"},"modified":"2022-12-09T17:40:55","modified_gmt":"2022-12-09T16:40:55","slug":"wildstrubelhutte-2019","status":"publish","type":"post","link":"https:\/\/alpavista.ch\/Alp11\/2019\/08\/03\/wildstrubelhutte-2019\/","title":{"rendered":"Wildstrubelh\u00fctte 2019"},"content":{"rendered":"<p>Saison apr\u00e8s saison, cet itin\u00e9raire hors-normes s\u2019impose comme la sortie de tous les superlatifs. Par son d\u00e9nivel\u00e9 n\u00e9gatif d\u2019abord, 2400 m\u00e8tres d\u2019un seul tenant, entre le col du Wisshore et St-L\u00e9onard, difficilement \u00e9galable ailleurs en Valais. Par la vari\u00e9t\u00e9 et la beaut\u00e9 des environnements propos\u00e9s, allant de la rudesse de sa haute montagne, de ses glaciers et de ses abrupts pans rocheux, \u00e0 la douce promesse de son vignoble en terrasse, en passant par l\u2019aust\u00e9rit\u00e9 de ses vastes plateaux d\u00e9nud\u00e9s, le charme pittoresque de ses grasses p\u00e2tures verdoyantes, la douceur des rives de son lac artificiel, la verticalit\u00e9 de ses vertigineuses gorges et l\u2019ombre apaisante de ses profondes for\u00eats. Par sa p\u00e9riode op\u00e9rationnelle aussi, coinc\u00e9e entre la fonte des neiges et la br\u00e8ve dur\u00e9e d\u2019ouverture des remont\u00e9es m\u00e9caniques y donnant acc\u00e8s. Par sa fr\u00e9quentation, enfin, qui ne se d\u00e9ment pas au fil des ann\u00e9es.<br \/>\n<!--more--><\/p>\n<p>Mais, au-del\u00e0 des chiffres et des mots, la \u00ab Wild \u00bb reste une formidable journ\u00e9e en selle, \u00e0 d\u00e9jouer, l\u2019un apr\u00e8s l\u2019autre, tous les pi\u00e8ges de son itin\u00e9raire alambiqu\u00e9, \u00e0 g\u00e9rer la diversit\u00e9 de ses sentiers successifs et \u00e0 admirer son incroyable palette de paysages.<\/p>\n<p>En r\u00e9sum\u00e9, la \u00ab Wild \u00bb est la journ\u00e9e \u00e0 ne pas louper.<\/p>\n<style type=\"text\/css\">\n#foogallery-gallery-29142 .fg-image { width: 101px; }\n#foogallery-gallery-29142 { --fg-gutter: 1px; }<\/style>\n\t\t\t<div class=\"foogallery foogallery-container foogallery-default foogallery-lightbox-none fg-left fg-default fg-ready fg-light fg-loading-default fg-loaded-fade-in fg-preset fg-selena fg-preset-small fg-preset fg-selena fg-preset-small\" id=\"foogallery-gallery-29142\" data-foogallery=\"{&quot;item&quot;:{&quot;showCaptionTitle&quot;:false,&quot;showCaptionDescription&quot;:true},&quot;lazy&quot;:true,&quot;state&quot;:{&quot;enabled&quot;:true,&quot;mask&quot;:&quot;foogallery-{id}&quot;}}\" style=\"--fg-title-line-clamp: 0; --fg-description-line-clamp: 0;\" >\n\t<div class=\"fg-item fg-type-image fg-idle\"><figure class=\"fg-item-inner\"><a href=\"https:\/\/alpavista.ch\/Alp11\/wp-content\/uploads\/wildstrub_19_001.jpg\" data-caption-title=\"A chacun sa fa\u00e7on d&#039;entamer son ascension matinale vers la lune.\" data-caption-desc=\"A chacun sa fa\u00e7on d&#039;entamer son ascension matinale vers la lune.\" data-attachment-id=\"29191\" data-type=\"image\" class=\"fg-thumb\"><span class=\"fg-image-wrap\"><img decoding=\"async\" alt=\"wildstrub_19_001\" title=\"A chacun sa fa\u00e7on d&#039;entamer son ascension matinale vers la lune.\" width=\"101\" height=\"57\" class=\"skip-lazy fg-image\" data-src-fg=\"https:\/\/alpavista.ch\/Alp11\/wp-content\/uploads\/cache\/wildstrub_19_001\/423229871.jpg\" src=\"data:image\/svg+xml,%3Csvg%20xmlns%3D%22http%3A%2F%2Fwww.w3.org%2F2000%2Fsvg%22%20width%3D%22101%22%20height%3D%2257%22%20viewBox%3D%220%200%20101%2057%22%3E%3C%2Fsvg%3E\" loading=\"eager\"><\/span><span class=\"fg-image-overlay\"><\/span><\/a><figcaption class=\"fg-caption\"><div class=\"fg-caption-inner\"><div class=\"fg-caption-desc\">A chacun sa fa\u00e7on d'entamer son ascension matinale vers la lune.<\/div><\/div><\/figcaption><\/figure><div class=\"fg-loader\"><\/div><\/div><div class=\"fg-item fg-type-image fg-idle\"><figure class=\"fg-item-inner\"><a href=\"https:\/\/alpavista.ch\/Alp11\/wp-content\/uploads\/wildstrub_19_002.jpg\" data-caption-title=\"&quot;O&quot; comme MOON ou comme MOntana ?\" data-caption-desc=\"&quot;O&quot; comme MOON ou comme MOntana ?\" data-attachment-id=\"29190\" data-type=\"image\" class=\"fg-thumb\"><span class=\"fg-image-wrap\"><img decoding=\"async\" alt=\"wildstrub_19_002\" title=\"&quot;O&quot; comme MOON ou comme MOntana ?\" width=\"101\" height=\"57\" class=\"skip-lazy fg-image\" data-src-fg=\"https:\/\/alpavista.ch\/Alp11\/wp-content\/uploads\/cache\/wildstrub_19_002\/4047422056.jpg\" src=\"data:image\/svg+xml,%3Csvg%20xmlns%3D%22http%3A%2F%2Fwww.w3.org%2F2000%2Fsvg%22%20width%3D%22101%22%20height%3D%2257%22%20viewBox%3D%220%200%20101%2057%22%3E%3C%2Fsvg%3E\" loading=\"eager\"><\/span><span class=\"fg-image-overlay\"><\/span><\/a><figcaption class=\"fg-caption\"><div class=\"fg-caption-inner\"><div class=\"fg-caption-desc\">\"O\" comme MOON ou comme MOntana ?<\/div><\/div><\/figcaption><\/figure><div class=\"fg-loader\"><\/div><\/div><div class=\"fg-item fg-type-image fg-idle\"><figure class=\"fg-item-inner\"><a href=\"https:\/\/alpavista.ch\/Alp11\/wp-content\/uploads\/wildstrub_19_003.jpg\" data-caption-title=\"Entre p\u00e2le soleil du matin et derni\u00e8res nappes d&#039;un brouillard collant ...\" data-caption-desc=\"Entre p\u00e2le soleil du matin et derni\u00e8res nappes d&#039;un brouillard collant ...\" data-attachment-id=\"29189\" data-type=\"image\" class=\"fg-thumb\"><span class=\"fg-image-wrap\"><img decoding=\"async\" alt=\"wildstrub_19_003\" title=\"Entre p\u00e2le soleil du matin et derni\u00e8res nappes d&#039;un brouillard collant ...\" width=\"101\" height=\"57\" class=\"skip-lazy fg-image\" data-src-fg=\"https:\/\/alpavista.ch\/Alp11\/wp-content\/uploads\/cache\/wildstrub_19_003\/3856301981.jpg\" src=\"data:image\/svg+xml,%3Csvg%20xmlns%3D%22http%3A%2F%2Fwww.w3.org%2F2000%2Fsvg%22%20width%3D%22101%22%20height%3D%2257%22%20viewBox%3D%220%200%20101%2057%22%3E%3C%2Fsvg%3E\" loading=\"eager\"><\/span><span class=\"fg-image-overlay\"><\/span><\/a><figcaption class=\"fg-caption\"><div class=\"fg-caption-inner\"><div class=\"fg-caption-desc\">Entre p\u00e2le soleil du matin et derni\u00e8res nappes d'un brouillard collant ...<\/div><\/div><\/figcaption><\/figure><div class=\"fg-loader\"><\/div><\/div><div class=\"fg-item fg-type-image fg-idle\"><figure class=\"fg-item-inner\"><a href=\"https:\/\/alpavista.ch\/Alp11\/wp-content\/uploads\/wildstrub_19_004.jpg\" data-caption-title=\"... il y a un chemin, encore un peu frais mais d\u00e9j\u00e0 terriblement app\u00e9tissant.\" data-caption-desc=\"... il y a un chemin, encore un peu frais mais d\u00e9j\u00e0 terriblement app\u00e9tissant.\" data-attachment-id=\"29188\" data-type=\"image\" class=\"fg-thumb\"><span class=\"fg-image-wrap\"><img decoding=\"async\" alt=\"wildstrub_19_004\" title=\"... il y a un chemin, encore un peu frais mais d\u00e9j\u00e0 terriblement app\u00e9tissant.\" width=\"101\" height=\"57\" class=\"skip-lazy fg-image\" data-src-fg=\"https:\/\/alpavista.ch\/Alp11\/wp-content\/uploads\/cache\/wildstrub_19_004\/2308393632.jpg\" src=\"data:image\/svg+xml,%3Csvg%20xmlns%3D%22http%3A%2F%2Fwww.w3.org%2F2000%2Fsvg%22%20width%3D%22101%22%20height%3D%2257%22%20viewBox%3D%220%200%20101%2057%22%3E%3C%2Fsvg%3E\" loading=\"eager\"><\/span><span class=\"fg-image-overlay\"><\/span><\/a><figcaption class=\"fg-caption\"><div class=\"fg-caption-inner\"><div class=\"fg-caption-desc\">... il y a un chemin, encore un peu frais mais d\u00e9j\u00e0 terriblement app\u00e9tissant.<\/div><\/div><\/figcaption><\/figure><div class=\"fg-loader\"><\/div><\/div><div class=\"fg-item fg-type-image fg-idle\"><figure class=\"fg-item-inner\"><a href=\"https:\/\/alpavista.ch\/Alp11\/wp-content\/uploads\/wildstrub_19_005.jpg\" data-caption-title=\"La Pointe de Vatseret veille sur son petit glacier captif comme un garde royal sur Buckingham : impassible.\" data-caption-desc=\"La Pointe de Vatseret veille sur son petit glacier captif comme un garde royal sur Buckingham : impassible.\" data-attachment-id=\"29187\" data-type=\"image\" class=\"fg-thumb\"><span class=\"fg-image-wrap\"><img decoding=\"async\" alt=\"wildstrub_19_005\" title=\"La Pointe de Vatseret veille sur son petit glacier captif comme un garde royal sur Buckingham : impassible.\" width=\"101\" height=\"57\" class=\"skip-lazy fg-image\" data-src-fg=\"https:\/\/alpavista.ch\/Alp11\/wp-content\/uploads\/cache\/wildstrub_19_005\/760681761.jpg\" src=\"data:image\/svg+xml,%3Csvg%20xmlns%3D%22http%3A%2F%2Fwww.w3.org%2F2000%2Fsvg%22%20width%3D%22101%22%20height%3D%2257%22%20viewBox%3D%220%200%20101%2057%22%3E%3C%2Fsvg%3E\" loading=\"eager\"><\/span><span class=\"fg-image-overlay\"><\/span><\/a><figcaption class=\"fg-caption\"><div class=\"fg-caption-inner\"><div class=\"fg-caption-desc\">La Pointe de Vatseret veille sur son petit glacier captif comme un garde royal sur Buckingham : impassible.<\/div><\/div><\/figcaption><\/figure><div class=\"fg-loader\"><\/div><\/div><div class=\"fg-item fg-type-image fg-idle\"><figure class=\"fg-item-inner\"><a href=\"https:\/\/alpavista.ch\/Alp11\/wp-content\/uploads\/wildstrub_19_006.jpg\" data-caption-title=\"Les premi\u00e8res r\u00e9jouissances d&#039;une journ\u00e9e qui en comptera plus que de raison, nous incitent \u00e0 rapidement d\u00e9coller nos paupi\u00e8res.\" data-caption-desc=\"Les premi\u00e8res r\u00e9jouissances d&#039;une journ\u00e9e qui en comptera plus que de raison, nous incitent \u00e0 rapidement d\u00e9coller nos paupi\u00e8res.\" data-attachment-id=\"29186\" data-type=\"image\" class=\"fg-thumb\"><span class=\"fg-image-wrap\"><img decoding=\"async\" alt=\"wildstrub_19_006\" title=\"Les premi\u00e8res r\u00e9jouissances d&#039;une journ\u00e9e qui en comptera plus que de raison, nous incitent \u00e0 rapidement d\u00e9coller nos paupi\u00e8res.\" width=\"101\" height=\"57\" class=\"skip-lazy fg-image\" data-src-fg=\"https:\/\/alpavista.ch\/Alp11\/wp-content\/uploads\/cache\/wildstrub_19_006\/3310366438.jpg\" src=\"data:image\/svg+xml,%3Csvg%20xmlns%3D%22http%3A%2F%2Fwww.w3.org%2F2000%2Fsvg%22%20width%3D%22101%22%20height%3D%2257%22%20viewBox%3D%220%200%20101%2057%22%3E%3C%2Fsvg%3E\" loading=\"eager\"><\/span><span class=\"fg-image-overlay\"><\/span><\/a><figcaption class=\"fg-caption\"><div class=\"fg-caption-inner\"><div class=\"fg-caption-desc\">Les premi\u00e8res r\u00e9jouissances d'une journ\u00e9e qui en comptera plus que de raison, nous incitent \u00e0 rapidement d\u00e9coller nos paupi\u00e8res.<\/div><\/div><\/figcaption><\/figure><div class=\"fg-loader\"><\/div><\/div><div class=\"fg-item fg-type-image fg-idle\"><figure class=\"fg-item-inner\"><a href=\"https:\/\/alpavista.ch\/Alp11\/wp-content\/uploads\/wildstrub_19_007.jpg\" data-caption-title=\"D&#039;autant que la remont\u00e9e vers le Wisshorel\u00fccke promet d&#039;\u00eatre plus enneig\u00e9e que de coutume.\" data-caption-desc=\"D&#039;autant que la remont\u00e9e vers le Wisshorel\u00fccke promet d&#039;\u00eatre plus enneig\u00e9e que de coutume.\" data-attachment-id=\"29185\" data-type=\"image\" class=\"fg-thumb\"><span class=\"fg-image-wrap\"><img decoding=\"async\" alt=\"wildstrub_19_007\" title=\"D&#039;autant que la remont\u00e9e vers le Wisshorel\u00fccke promet d&#039;\u00eatre plus enneig\u00e9e que de coutume.\" width=\"101\" height=\"57\" class=\"skip-lazy fg-image\" data-src-fg=\"https:\/\/alpavista.ch\/Alp11\/wp-content\/uploads\/cache\/wildstrub_19_007\/2724358676.jpg\" src=\"data:image\/svg+xml,%3Csvg%20xmlns%3D%22http%3A%2F%2Fwww.w3.org%2F2000%2Fsvg%22%20width%3D%22101%22%20height%3D%2257%22%20viewBox%3D%220%200%20101%2057%22%3E%3C%2Fsvg%3E\" loading=\"eager\"><\/span><span class=\"fg-image-overlay\"><\/span><\/a><figcaption class=\"fg-caption\"><div class=\"fg-caption-inner\"><div class=\"fg-caption-desc\">D'autant que la remont\u00e9e vers le Wisshorel\u00fccke promet d'\u00eatre plus enneig\u00e9e que de coutume.<\/div><\/div><\/figcaption><\/figure><div class=\"fg-loader\"><\/div><\/div><div class=\"fg-item fg-type-image fg-idle\"><figure class=\"fg-item-inner\"><a href=\"https:\/\/alpavista.ch\/Alp11\/wp-content\/uploads\/wildstrub_19_008.jpg\" data-caption-title=\"Tous les bikers de la premi\u00e8re cabine s&#039;y retrouvent pour un concerto de pieds mouill\u00e9s et d&#039;\u00e9paules meurtries.\" data-caption-desc=\"Tous les bikers de la premi\u00e8re cabine s&#039;y retrouvent pour un concerto de pieds mouill\u00e9s et d&#039;\u00e9paules meurtries.\" data-attachment-id=\"29184\" data-type=\"image\" class=\"fg-thumb\"><span class=\"fg-image-wrap\"><img decoding=\"async\" alt=\"wildstrub_19_008\" title=\"Tous les bikers de la premi\u00e8re cabine s&#039;y retrouvent pour un concerto de pieds mouill\u00e9s et d&#039;\u00e9paules meurtries.\" width=\"101\" height=\"57\" class=\"skip-lazy fg-image\" data-src-fg=\"https:\/\/alpavista.ch\/Alp11\/wp-content\/uploads\/cache\/wildstrub_19_008\/499795100.jpg\" src=\"data:image\/svg+xml,%3Csvg%20xmlns%3D%22http%3A%2F%2Fwww.w3.org%2F2000%2Fsvg%22%20width%3D%22101%22%20height%3D%2257%22%20viewBox%3D%220%200%20101%2057%22%3E%3C%2Fsvg%3E\" loading=\"eager\"><\/span><span class=\"fg-image-overlay\"><\/span><\/a><figcaption class=\"fg-caption\"><div class=\"fg-caption-inner\"><div class=\"fg-caption-desc\">Tous les bikers de la premi\u00e8re cabine s'y retrouvent pour un concerto de pieds mouill\u00e9s et d'\u00e9paules meurtries.<\/div><\/div><\/figcaption><\/figure><div class=\"fg-loader\"><\/div><\/div><div class=\"fg-item fg-type-image fg-idle\"><figure class=\"fg-item-inner\"><a href=\"https:\/\/alpavista.ch\/Alp11\/wp-content\/uploads\/wildstrub_19_009.jpg\" data-caption-title=\"Et le changement de versant ne change rien \u00e0 l&#039;affaire, bien au contraire.\" data-caption-desc=\"Et le changement de versant ne change rien \u00e0 l&#039;affaire, bien au contraire.\" data-attachment-id=\"29183\" data-type=\"image\" class=\"fg-thumb\"><span class=\"fg-image-wrap\"><img decoding=\"async\" alt=\"wildstrub_19_009\" title=\"Et le changement de versant ne change rien \u00e0 l&#039;affaire, bien au contraire.\" width=\"101\" height=\"57\" class=\"skip-lazy fg-image\" data-src-fg=\"https:\/\/alpavista.ch\/Alp11\/wp-content\/uploads\/cache\/wildstrub_19_009\/1000994495.jpg\" src=\"data:image\/svg+xml,%3Csvg%20xmlns%3D%22http%3A%2F%2Fwww.w3.org%2F2000%2Fsvg%22%20width%3D%22101%22%20height%3D%2257%22%20viewBox%3D%220%200%20101%2057%22%3E%3C%2Fsvg%3E\" loading=\"eager\"><\/span><span class=\"fg-image-overlay\"><\/span><\/a><figcaption class=\"fg-caption\"><div class=\"fg-caption-inner\"><div class=\"fg-caption-desc\">Et le changement de versant ne change rien \u00e0 l'affaire, bien au contraire.<\/div><\/div><\/figcaption><\/figure><div class=\"fg-loader\"><\/div><\/div><div class=\"fg-item fg-type-image fg-idle\"><figure class=\"fg-item-inner\"><a href=\"https:\/\/alpavista.ch\/Alp11\/wp-content\/uploads\/wildstrub_19_010.jpg\" data-caption-title=\"Notre courte incursion bernoise se r\u00e9v\u00e8le beaucoup plus enneig\u00e9 que lors des \u00e9ditions pr\u00e9c\u00e9dentes.\" data-caption-desc=\"Notre courte incursion bernoise se r\u00e9v\u00e8le beaucoup plus enneig\u00e9 que lors des \u00e9ditions pr\u00e9c\u00e9dentes.\" data-attachment-id=\"29182\" data-type=\"image\" class=\"fg-thumb\"><span class=\"fg-image-wrap\"><img decoding=\"async\" alt=\"wildstrub_19_010\" title=\"Notre courte incursion bernoise se r\u00e9v\u00e8le beaucoup plus enneig\u00e9 que lors des \u00e9ditions pr\u00e9c\u00e9dentes.\" width=\"101\" height=\"57\" class=\"skip-lazy fg-image\" data-src-fg=\"https:\/\/alpavista.ch\/Alp11\/wp-content\/uploads\/cache\/wildstrub_19_010\/1427490291.jpg\" src=\"data:image\/svg+xml,%3Csvg%20xmlns%3D%22http%3A%2F%2Fwww.w3.org%2F2000%2Fsvg%22%20width%3D%22101%22%20height%3D%2257%22%20viewBox%3D%220%200%20101%2057%22%3E%3C%2Fsvg%3E\" loading=\"eager\"><\/span><span class=\"fg-image-overlay\"><\/span><\/a><figcaption class=\"fg-caption\"><div class=\"fg-caption-inner\"><div class=\"fg-caption-desc\">Notre courte incursion bernoise se r\u00e9v\u00e8le beaucoup plus enneig\u00e9 que lors des \u00e9ditions pr\u00e9c\u00e9dentes.<\/div><\/div><\/figcaption><\/figure><div class=\"fg-loader\"><\/div><\/div><div class=\"fg-item fg-type-image fg-idle\"><figure class=\"fg-item-inner\"><a href=\"https:\/\/alpavista.ch\/Alp11\/wp-content\/uploads\/wildstrub_19_011.jpg\" data-caption-title=\"Pas grave, une fois la Wildstrubelh\u00fctte pass\u00e9e, tout rendre dans l&#039;ordre. Le caillou redevient le ma\u00eetre mot ...\" data-caption-desc=\"Pas grave, une fois la Wildstrubelh\u00fctte pass\u00e9e, tout rendre dans l&#039;ordre. Le caillou redevient le ma\u00eetre mot ...\" data-attachment-id=\"29181\" data-type=\"image\" class=\"fg-thumb\"><span class=\"fg-image-wrap\"><img decoding=\"async\" alt=\"wildstrub_19_011\" title=\"Pas grave, une fois la Wildstrubelh\u00fctte pass\u00e9e, tout rendre dans l&#039;ordre. Le caillou redevient le ma\u00eetre mot ...\" width=\"101\" height=\"57\" class=\"skip-lazy fg-image\" data-src-fg=\"https:\/\/alpavista.ch\/Alp11\/wp-content\/uploads\/cache\/wildstrub_19_011\/841449729.jpg\" src=\"data:image\/svg+xml,%3Csvg%20xmlns%3D%22http%3A%2F%2Fwww.w3.org%2F2000%2Fsvg%22%20width%3D%22101%22%20height%3D%2257%22%20viewBox%3D%220%200%20101%2057%22%3E%3C%2Fsvg%3E\" loading=\"eager\"><\/span><span class=\"fg-image-overlay\"><\/span><\/a><figcaption class=\"fg-caption\"><div class=\"fg-caption-inner\"><div class=\"fg-caption-desc\">Pas grave, une fois la Wildstrubelh\u00fctte pass\u00e9e, tout rendre dans l'ordre. Le caillou redevient le ma\u00eetre mot ...<\/div><\/div><\/figcaption><\/figure><div class=\"fg-loader\"><\/div><\/div><div class=\"fg-item fg-type-image fg-idle\"><figure class=\"fg-item-inner\"><a href=\"https:\/\/alpavista.ch\/Alp11\/wp-content\/uploads\/wildstrub_19_012.jpg\" data-caption-title=\"... et la verticalit\u00e9, le leitmotiv de notre plong\u00e9e vers les turquoises Rawilseeleni.\" data-caption-desc=\"... et la verticalit\u00e9, le leitmotiv de notre plong\u00e9e vers les turquoises Rawilseeleni.\" data-attachment-id=\"29180\" data-type=\"image\" class=\"fg-thumb\"><span class=\"fg-image-wrap\"><img decoding=\"async\" alt=\"wildstrub_19_012\" title=\"... et la verticalit\u00e9, le leitmotiv de notre plong\u00e9e vers les turquoises Rawilseeleni.\" width=\"101\" height=\"57\" class=\"skip-lazy fg-image\" data-src-fg=\"https:\/\/alpavista.ch\/Alp11\/wp-content\/uploads\/cache\/wildstrub_19_012\/3659578054.jpg\" src=\"data:image\/svg+xml,%3Csvg%20xmlns%3D%22http%3A%2F%2Fwww.w3.org%2F2000%2Fsvg%22%20width%3D%22101%22%20height%3D%2257%22%20viewBox%3D%220%200%20101%2057%22%3E%3C%2Fsvg%3E\" loading=\"eager\"><\/span><span class=\"fg-image-overlay\"><\/span><\/a><figcaption class=\"fg-caption\"><div class=\"fg-caption-inner\"><div class=\"fg-caption-desc\">... et la verticalit\u00e9, le leitmotiv de notre plong\u00e9e vers les turquoises Rawilseeleni.<\/div><\/div><\/figcaption><\/figure><div class=\"fg-loader\"><\/div><\/div><div class=\"fg-item fg-type-image fg-idle\"><figure class=\"fg-item-inner\"><a href=\"https:\/\/alpavista.ch\/Alp11\/wp-content\/uploads\/wildstrub_19_013.jpg\" data-caption-title=\"L&#039;ami Jean-Alex s&#039;y retrouve rapidement dans son \u00e9l\u00e9ment.\" data-caption-desc=\"L&#039;ami Jean-Alex s&#039;y retrouve rapidement dans son \u00e9l\u00e9ment.\" data-attachment-id=\"29179\" data-type=\"image\" class=\"fg-thumb\"><span class=\"fg-image-wrap\"><img decoding=\"async\" alt=\"wildstrub_19_013\" title=\"L&#039;ami Jean-Alex s&#039;y retrouve rapidement dans son \u00e9l\u00e9ment.\" width=\"101\" height=\"57\" class=\"skip-lazy fg-image\" data-src-fg=\"https:\/\/alpavista.ch\/Alp11\/wp-content\/uploads\/cache\/wildstrub_19_013\/2143358068.jpg\" src=\"data:image\/svg+xml,%3Csvg%20xmlns%3D%22http%3A%2F%2Fwww.w3.org%2F2000%2Fsvg%22%20width%3D%22101%22%20height%3D%2257%22%20viewBox%3D%220%200%20101%2057%22%3E%3C%2Fsvg%3E\" loading=\"eager\"><\/span><span class=\"fg-image-overlay\"><\/span><\/a><figcaption class=\"fg-caption\"><div class=\"fg-caption-inner\"><div class=\"fg-caption-desc\">L'ami Jean-Alex s'y retrouve rapidement dans son \u00e9l\u00e9ment.<\/div><\/div><\/figcaption><\/figure><div class=\"fg-loader\"><\/div><\/div><div class=\"fg-item fg-type-image fg-idle\"><figure class=\"fg-item-inner\"><a href=\"https:\/\/alpavista.ch\/Alp11\/wp-content\/uploads\/wildstrub_19_014.jpg\" data-caption-title=\"&quot;Dr\u00e8 dans le pentu&quot;, l&#039;illustration par l&#039;image ?\" data-caption-desc=\"&quot;Dr\u00e8 dans le pentu&quot;, l&#039;illustration par l&#039;image ?\" data-attachment-id=\"29178\" data-type=\"image\" class=\"fg-thumb\"><span class=\"fg-image-wrap\"><img decoding=\"async\" alt=\"wildstrub_19_014\" title=\"&quot;Dr\u00e8 dans le pentu&quot;, l&#039;illustration par l&#039;image ?\" width=\"101\" height=\"57\" class=\"skip-lazy fg-image\" data-src-fg=\"https:\/\/alpavista.ch\/Alp11\/wp-content\/uploads\/cache\/wildstrub_19_014\/327956809.jpg\" src=\"data:image\/svg+xml,%3Csvg%20xmlns%3D%22http%3A%2F%2Fwww.w3.org%2F2000%2Fsvg%22%20width%3D%22101%22%20height%3D%2257%22%20viewBox%3D%220%200%20101%2057%22%3E%3C%2Fsvg%3E\" loading=\"eager\"><\/span><span class=\"fg-image-overlay\"><\/span><\/a><figcaption class=\"fg-caption\"><div class=\"fg-caption-inner\"><div class=\"fg-caption-desc\">\"Dr\u00e8 dans le pentu\", l'illustration par l'image ?<\/div><\/div><\/figcaption><\/figure><div class=\"fg-loader\"><\/div><\/div><div class=\"fg-item fg-type-image fg-idle\"><figure class=\"fg-item-inner\"><a href=\"https:\/\/alpavista.ch\/Alp11\/wp-content\/uploads\/wildstrub_19_015.jpg\" data-caption-title=\"Petit rep\u00e9rage de ligne..\" data-caption-desc=\"Petit rep\u00e9rage de ligne..\" data-attachment-id=\"29177\" data-type=\"image\" class=\"fg-thumb\"><span class=\"fg-image-wrap\"><img decoding=\"async\" alt=\"wildstrub_19_015\" title=\"Petit rep\u00e9rage de ligne..\" width=\"101\" height=\"57\" class=\"skip-lazy fg-image\" data-src-fg=\"https:\/\/alpavista.ch\/Alp11\/wp-content\/uploads\/cache\/wildstrub_19_015\/3075237576.jpg\" src=\"data:image\/svg+xml,%3Csvg%20xmlns%3D%22http%3A%2F%2Fwww.w3.org%2F2000%2Fsvg%22%20width%3D%22101%22%20height%3D%2257%22%20viewBox%3D%220%200%20101%2057%22%3E%3C%2Fsvg%3E\" loading=\"eager\"><\/span><span class=\"fg-image-overlay\"><\/span><\/a><figcaption class=\"fg-caption\"><div class=\"fg-caption-inner\"><div class=\"fg-caption-desc\">Petit rep\u00e9rage de ligne..<\/div><\/div><\/figcaption><\/figure><div class=\"fg-loader\"><\/div><\/div><div class=\"fg-item fg-type-image fg-idle\"><figure class=\"fg-item-inner\"><a href=\"https:\/\/alpavista.ch\/Alp11\/wp-content\/uploads\/wildstrub_19_016.jpg\" data-caption-title=\"... avant de tenter le passage le plus a\u00e9rien et rocheux du secteur.\" data-caption-desc=\"... avant de tenter le passage le plus a\u00e9rien et rocheux du secteur.\" data-attachment-id=\"29176\" data-type=\"image\" class=\"fg-thumb\"><span class=\"fg-image-wrap\"><img decoding=\"async\" alt=\"wildstrub_19_016\" title=\"... avant de tenter le passage le plus a\u00e9rien et rocheux du secteur.\" width=\"101\" height=\"57\" class=\"skip-lazy fg-image\" data-src-fg=\"https:\/\/alpavista.ch\/Alp11\/wp-content\/uploads\/cache\/wildstrub_19_016\/1598774543.jpg\" src=\"data:image\/svg+xml,%3Csvg%20xmlns%3D%22http%3A%2F%2Fwww.w3.org%2F2000%2Fsvg%22%20width%3D%22101%22%20height%3D%2257%22%20viewBox%3D%220%200%20101%2057%22%3E%3C%2Fsvg%3E\" loading=\"eager\"><\/span><span class=\"fg-image-overlay\"><\/span><\/a><figcaption class=\"fg-caption\"><div class=\"fg-caption-inner\"><div class=\"fg-caption-desc\">... avant de tenter le passage le plus a\u00e9rien et rocheux du secteur.<\/div><\/div><\/figcaption><\/figure><div class=\"fg-loader\"><\/div><\/div><div class=\"fg-item fg-type-image fg-idle\"><figure class=\"fg-item-inner\"><a href=\"https:\/\/alpavista.ch\/Alp11\/wp-content\/uploads\/wildstrub_19_017.jpg\" data-caption-title=\"Un nose-turn et quelques marches plus tard, c&#039;est &quot;in the pocket&quot;.\" data-caption-desc=\"Un nose-turn et quelques marches plus tard, c&#039;est &quot;in the pocket&quot;.\" data-attachment-id=\"29175\" data-type=\"image\" class=\"fg-thumb\"><span class=\"fg-image-wrap\"><img decoding=\"async\" alt=\"wildstrub_19_017\" title=\"Un nose-turn et quelques marches plus tard, c&#039;est &quot;in the pocket&quot;.\" width=\"101\" height=\"57\" class=\"skip-lazy fg-image\" data-src-fg=\"https:\/\/alpavista.ch\/Alp11\/wp-content\/uploads\/cache\/wildstrub_19_017\/947460605.jpg\" src=\"data:image\/svg+xml,%3Csvg%20xmlns%3D%22http%3A%2F%2Fwww.w3.org%2F2000%2Fsvg%22%20width%3D%22101%22%20height%3D%2257%22%20viewBox%3D%220%200%20101%2057%22%3E%3C%2Fsvg%3E\" loading=\"eager\"><\/span><span class=\"fg-image-overlay\"><\/span><\/a><figcaption class=\"fg-caption\"><div class=\"fg-caption-inner\"><div class=\"fg-caption-desc\">Un nose-turn et quelques marches plus tard, c'est \"in the pocket\".<\/div><\/div><\/figcaption><\/figure><div class=\"fg-loader\"><\/div><\/div><div class=\"fg-item fg-type-image fg-idle\"><figure class=\"fg-item-inner\"><a href=\"https:\/\/alpavista.ch\/Alp11\/wp-content\/uploads\/wildstrub_19_018.jpg\" data-caption-title=\"Retour en terrain connu et agr\u00e9ablement meuble.\" data-caption-desc=\"Retour en terrain connu et agr\u00e9ablement meuble.\" data-attachment-id=\"29174\" data-type=\"image\" class=\"fg-thumb\"><span class=\"fg-image-wrap\"><img decoding=\"async\" alt=\"wildstrub_19_018\" title=\"Retour en terrain connu et agr\u00e9ablement meuble.\" width=\"101\" height=\"57\" class=\"skip-lazy fg-image\" data-src-fg=\"https:\/\/alpavista.ch\/Alp11\/wp-content\/uploads\/cache\/wildstrub_19_018\/2278635381.jpg\" src=\"data:image\/svg+xml,%3Csvg%20xmlns%3D%22http%3A%2F%2Fwww.w3.org%2F2000%2Fsvg%22%20width%3D%22101%22%20height%3D%2257%22%20viewBox%3D%220%200%20101%2057%22%3E%3C%2Fsvg%3E\" loading=\"eager\"><\/span><span class=\"fg-image-overlay\"><\/span><\/a><figcaption class=\"fg-caption\"><div class=\"fg-caption-inner\"><div class=\"fg-caption-desc\">Retour en terrain connu et agr\u00e9ablement meuble.<\/div><\/div><\/figcaption><\/figure><div class=\"fg-loader\"><\/div><\/div><div class=\"fg-item fg-type-image fg-idle\"><figure class=\"fg-item-inner\"><a href=\"https:\/\/alpavista.ch\/Alp11\/wp-content\/uploads\/wildstrub_19_019.jpg\" data-caption-title=\"Le dicton qui dit que l&#039;herbe est toujours plus verte dans le jardin du voisin est faux. La preuve !\" data-caption-desc=\"Le dicton qui dit que l&#039;herbe est toujours plus verte dans le jardin du voisin est faux. La preuve !\" data-attachment-id=\"29173\" data-type=\"image\" class=\"fg-thumb\"><span class=\"fg-image-wrap\"><img decoding=\"async\" alt=\"wildstrub_19_019\" title=\"Le dicton qui dit que l&#039;herbe est toujours plus verte dans le jardin du voisin est faux. La preuve !\" width=\"101\" height=\"57\" class=\"skip-lazy fg-image\" data-src-fg=\"https:\/\/alpavista.ch\/Alp11\/wp-content\/uploads\/cache\/wildstrub_19_019\/2712831318.jpg\" src=\"data:image\/svg+xml,%3Csvg%20xmlns%3D%22http%3A%2F%2Fwww.w3.org%2F2000%2Fsvg%22%20width%3D%22101%22%20height%3D%2257%22%20viewBox%3D%220%200%20101%2057%22%3E%3C%2Fsvg%3E\" loading=\"eager\"><\/span><span class=\"fg-image-overlay\"><\/span><\/a><figcaption class=\"fg-caption\"><div class=\"fg-caption-inner\"><div class=\"fg-caption-desc\">Le dicton qui dit que l'herbe est toujours plus verte dans le jardin du voisin est faux. La preuve !<\/div><\/div><\/figcaption><\/figure><div class=\"fg-loader\"><\/div><\/div><div class=\"fg-item fg-type-image fg-idle\"><figure class=\"fg-item-inner\"><a href=\"https:\/\/alpavista.ch\/Alp11\/wp-content\/uploads\/wildstrub_19_020.jpg\" data-caption-title=\"Notre escapade en terre bernoise se termine. Direction le Vieux-Pays !\" data-caption-desc=\"Notre escapade en terre bernoise se termine. Direction le Vieux-Pays !\" data-attachment-id=\"29172\" data-type=\"image\" class=\"fg-thumb\"><span class=\"fg-image-wrap\"><img decoding=\"async\" alt=\"wildstrub_19_020\" title=\"Notre escapade en terre bernoise se termine. Direction le Vieux-Pays !\" width=\"101\" height=\"57\" class=\"skip-lazy fg-image\" data-src-fg=\"https:\/\/alpavista.ch\/Alp11\/wp-content\/uploads\/cache\/wildstrub_19_020\/3791167132.jpg\" src=\"data:image\/svg+xml,%3Csvg%20xmlns%3D%22http%3A%2F%2Fwww.w3.org%2F2000%2Fsvg%22%20width%3D%22101%22%20height%3D%2257%22%20viewBox%3D%220%200%20101%2057%22%3E%3C%2Fsvg%3E\" loading=\"eager\"><\/span><span class=\"fg-image-overlay\"><\/span><\/a><figcaption class=\"fg-caption\"><div class=\"fg-caption-inner\"><div class=\"fg-caption-desc\">Notre escapade en terre bernoise se termine. Direction le Vieux-Pays !<\/div><\/div><\/figcaption><\/figure><div class=\"fg-loader\"><\/div><\/div><div class=\"fg-item fg-type-image fg-idle\"><figure class=\"fg-item-inner\"><a href=\"https:\/\/alpavista.ch\/Alp11\/wp-content\/uploads\/wildstrub_19_021.jpg\" data-caption-title=\"The black Knight \u00e0 l&#039;oeuvre.\" data-caption-desc=\"The black Knight \u00e0 l&#039;oeuvre.\" data-attachment-id=\"29171\" data-type=\"image\" class=\"fg-thumb\"><span class=\"fg-image-wrap\"><img decoding=\"async\" alt=\"wildstrub_19_021\" title=\"The black Knight \u00e0 l&#039;oeuvre.\" width=\"101\" height=\"57\" class=\"skip-lazy fg-image\" data-src-fg=\"https:\/\/alpavista.ch\/Alp11\/wp-content\/uploads\/cache\/wildstrub_19_021\/2261441134.jpg\" src=\"data:image\/svg+xml,%3Csvg%20xmlns%3D%22http%3A%2F%2Fwww.w3.org%2F2000%2Fsvg%22%20width%3D%22101%22%20height%3D%2257%22%20viewBox%3D%220%200%20101%2057%22%3E%3C%2Fsvg%3E\" loading=\"eager\"><\/span><span class=\"fg-image-overlay\"><\/span><\/a><figcaption class=\"fg-caption\"><div class=\"fg-caption-inner\"><div class=\"fg-caption-desc\">The black Knight \u00e0 l'oeuvre.<\/div><\/div><\/figcaption><\/figure><div class=\"fg-loader\"><\/div><\/div><div class=\"fg-item fg-type-image fg-idle\"><figure class=\"fg-item-inner\"><a href=\"https:\/\/alpavista.ch\/Alp11\/wp-content\/uploads\/wildstrub_19_022.jpg\" data-caption-title=\"M\u00eame si la table n&#039;est pas vraiment dress\u00e9e, la pause &quot;casse-dalle&quot; s&#039;annonce.\" data-caption-desc=\"M\u00eame si la table n&#039;est pas vraiment dress\u00e9e, la pause &quot;casse-dalle&quot; s&#039;annonce.\" data-attachment-id=\"29170\" data-type=\"image\" class=\"fg-thumb\"><span class=\"fg-image-wrap\"><img decoding=\"async\" alt=\"wildstrub_19_022\" title=\"M\u00eame si la table n&#039;est pas vraiment dress\u00e9e, la pause &quot;casse-dalle&quot; s&#039;annonce.\" width=\"101\" height=\"57\" class=\"skip-lazy fg-image\" data-src-fg=\"https:\/\/alpavista.ch\/Alp11\/wp-content\/uploads\/cache\/wildstrub_19_022\/1858986409.jpg\" src=\"data:image\/svg+xml,%3Csvg%20xmlns%3D%22http%3A%2F%2Fwww.w3.org%2F2000%2Fsvg%22%20width%3D%22101%22%20height%3D%2257%22%20viewBox%3D%220%200%20101%2057%22%3E%3C%2Fsvg%3E\" loading=\"eager\"><\/span><span class=\"fg-image-overlay\"><\/span><\/a><figcaption class=\"fg-caption\"><div class=\"fg-caption-inner\"><div class=\"fg-caption-desc\">M\u00eame si la table n'est pas vraiment dress\u00e9e, la pause \"casse-dalle\" s'annonce.<\/div><\/div><\/figcaption><\/figure><div class=\"fg-loader\"><\/div><\/div><div class=\"fg-item fg-type-image fg-idle\"><figure class=\"fg-item-inner\"><a href=\"https:\/\/alpavista.ch\/Alp11\/wp-content\/uploads\/wildstrub_19_023.jpg\" data-caption-title=\"(re)mise en route un peu cassante, mais tr\u00e8s b\u00e9n\u00e9fique pour tasser le sandwich au fond de l&#039;estomac.\" data-caption-desc=\"(re)mise en route un peu cassante, mais tr\u00e8s b\u00e9n\u00e9fique pour tasser le sandwich au fond de l&#039;estomac.\" data-attachment-id=\"29169\" data-type=\"image\" class=\"fg-thumb\"><span class=\"fg-image-wrap\"><img decoding=\"async\" alt=\"wildstrub_19_023\" title=\"(re)mise en route un peu cassante, mais tr\u00e8s b\u00e9n\u00e9fique pour tasser le sandwich au fond de l&#039;estomac.\" width=\"101\" height=\"57\" class=\"skip-lazy fg-image\" data-src-fg=\"https:\/\/alpavista.ch\/Alp11\/wp-content\/uploads\/cache\/wildstrub_19_023\/2049530972.jpg\" src=\"data:image\/svg+xml,%3Csvg%20xmlns%3D%22http%3A%2F%2Fwww.w3.org%2F2000%2Fsvg%22%20width%3D%22101%22%20height%3D%2257%22%20viewBox%3D%220%200%20101%2057%22%3E%3C%2Fsvg%3E\" loading=\"eager\"><\/span><span class=\"fg-image-overlay\"><\/span><\/a><figcaption class=\"fg-caption\"><div class=\"fg-caption-inner\"><div class=\"fg-caption-desc\">(re)mise en route un peu cassante, mais tr\u00e8s b\u00e9n\u00e9fique pour tasser le sandwich au fond de l'estomac.<\/div><\/div><\/figcaption><\/figure><div class=\"fg-loader\"><\/div><\/div><div class=\"fg-item fg-type-image fg-idle\"><figure class=\"fg-item-inner\"><a href=\"https:\/\/alpavista.ch\/Alp11\/wp-content\/uploads\/wildstrub_19_024.jpg\" data-caption-title=\"Le plateau du Rawil dans toute sa splendeur et sa singuli\u00e8re verdeur (provisoire).\" data-caption-desc=\"Le plateau du Rawil dans toute sa splendeur et sa singuli\u00e8re verdeur (provisoire).\" data-attachment-id=\"29168\" data-type=\"image\" class=\"fg-thumb\"><span class=\"fg-image-wrap\"><img decoding=\"async\" alt=\"wildstrub_19_024\" title=\"Le plateau du Rawil dans toute sa splendeur et sa singuli\u00e8re verdeur (provisoire).\" width=\"101\" height=\"57\" class=\"skip-lazy fg-image\" data-src-fg=\"https:\/\/alpavista.ch\/Alp11\/wp-content\/uploads\/cache\/wildstrub_19_024\/375679329.jpg\" src=\"data:image\/svg+xml,%3Csvg%20xmlns%3D%22http%3A%2F%2Fwww.w3.org%2F2000%2Fsvg%22%20width%3D%22101%22%20height%3D%2257%22%20viewBox%3D%220%200%20101%2057%22%3E%3C%2Fsvg%3E\" loading=\"eager\"><\/span><span class=\"fg-image-overlay\"><\/span><\/a><figcaption class=\"fg-caption\"><div class=\"fg-caption-inner\"><div class=\"fg-caption-desc\">Le plateau du Rawil dans toute sa splendeur et sa singuli\u00e8re verdeur (provisoire).<\/div><\/div><\/figcaption><\/figure><div class=\"fg-loader\"><\/div><\/div><div class=\"fg-item fg-type-image fg-idle\"><figure class=\"fg-item-inner\"><a href=\"https:\/\/alpavista.ch\/Alp11\/wp-content\/uploads\/wildstrub_19_025.jpg\" data-caption-title=\"Apr\u00e8s une premi\u00e8re partie de d\u00e9sescalade, notre singulier itin\u00e9raire descend d\u00e9sormais par paliers ...\" data-caption-desc=\"Apr\u00e8s une premi\u00e8re partie de d\u00e9sescalade, notre singulier itin\u00e9raire descend d\u00e9sormais par paliers ...\" data-attachment-id=\"29167\" data-type=\"image\" class=\"fg-thumb\"><span class=\"fg-image-wrap\"><img decoding=\"async\" alt=\"wildstrub_19_025\" title=\"Apr\u00e8s une premi\u00e8re partie de d\u00e9sescalade, notre singulier itin\u00e9raire descend d\u00e9sormais par paliers ...\" width=\"101\" height=\"57\" class=\"skip-lazy fg-image\" data-src-fg=\"https:\/\/alpavista.ch\/Alp11\/wp-content\/uploads\/cache\/wildstrub_19_025\/2997106400.jpg\" src=\"data:image\/svg+xml,%3Csvg%20xmlns%3D%22http%3A%2F%2Fwww.w3.org%2F2000%2Fsvg%22%20width%3D%22101%22%20height%3D%2257%22%20viewBox%3D%220%200%20101%2057%22%3E%3C%2Fsvg%3E\" loading=\"eager\"><\/span><span class=\"fg-image-overlay\"><\/span><\/a><figcaption class=\"fg-caption\"><div class=\"fg-caption-inner\"><div class=\"fg-caption-desc\">Apr\u00e8s une premi\u00e8re partie de d\u00e9sescalade, notre singulier itin\u00e9raire descend d\u00e9sormais par paliers ...<\/div><\/div><\/figcaption><\/figure><div class=\"fg-loader\"><\/div><\/div><div class=\"fg-item fg-type-image fg-idle\"><figure class=\"fg-item-inner\"><a href=\"https:\/\/alpavista.ch\/Alp11\/wp-content\/uploads\/wildstrub_19_026.jpg\" data-caption-title=\"... avant de s&#039;insinuer entre les verrous glaciaires.\" data-caption-desc=\"... avant de s&#039;insinuer entre les verrous glaciaires.\" data-attachment-id=\"29166\" data-type=\"image\" class=\"fg-thumb\"><span class=\"fg-image-wrap\"><img decoding=\"async\" alt=\"wildstrub_19_026\" title=\"... avant de s&#039;insinuer entre les verrous glaciaires.\" width=\"101\" height=\"57\" class=\"skip-lazy fg-image\" data-src-fg=\"https:\/\/alpavista.ch\/Alp11\/wp-content\/uploads\/cache\/wildstrub_19_026\/1520635175.jpg\" src=\"data:image\/svg+xml,%3Csvg%20xmlns%3D%22http%3A%2F%2Fwww.w3.org%2F2000%2Fsvg%22%20width%3D%22101%22%20height%3D%2257%22%20viewBox%3D%220%200%20101%2057%22%3E%3C%2Fsvg%3E\" loading=\"eager\"><\/span><span class=\"fg-image-overlay\"><\/span><\/a><figcaption class=\"fg-caption\"><div class=\"fg-caption-inner\"><div class=\"fg-caption-desc\">... avant de s'insinuer entre les verrous glaciaires.<\/div><\/div><\/figcaption><\/figure><div class=\"fg-loader\"><\/div><\/div><div class=\"fg-item fg-type-image fg-idle\"><figure class=\"fg-item-inner\"><a href=\"https:\/\/alpavista.ch\/Alp11\/wp-content\/uploads\/wildstrub_19_027.jpg\" data-caption-title=\"Pas s\u00fbr que se soit une bonne id\u00e9e de pr\u00eater le Foxy \u00e0 Jean-Alex. D\u00e9j\u00e0 qu&#039;avec son &quot;vieux&quot; Canyon, il passe son temps \u00e0 nous attendre...\" data-caption-desc=\"Pas s\u00fbr que se soit une bonne id\u00e9e de pr\u00eater le Foxy \u00e0 Jean-Alex. D\u00e9j\u00e0 qu&#039;avec son &quot;vieux&quot; Canyon, il passe son temps \u00e0 nous attendre...\" data-attachment-id=\"29165\" data-type=\"image\" class=\"fg-thumb\"><span class=\"fg-image-wrap\"><img decoding=\"async\" alt=\"wildstrub_19_027\" title=\"Pas s\u00fbr que se soit une bonne id\u00e9e de pr\u00eater le Foxy \u00e0 Jean-Alex. D\u00e9j\u00e0 qu&#039;avec son &quot;vieux&quot; Canyon, il passe son temps \u00e0 nous attendre...\" width=\"101\" height=\"57\" class=\"skip-lazy fg-image\" data-src-fg=\"https:\/\/alpavista.ch\/Alp11\/wp-content\/uploads\/cache\/wildstrub_19_027\/1032931797.jpg\" src=\"data:image\/svg+xml,%3Csvg%20xmlns%3D%22http%3A%2F%2Fwww.w3.org%2F2000%2Fsvg%22%20width%3D%22101%22%20height%3D%2257%22%20viewBox%3D%220%200%20101%2057%22%3E%3C%2Fsvg%3E\" loading=\"eager\"><\/span><span class=\"fg-image-overlay\"><\/span><\/a><figcaption class=\"fg-caption\"><div class=\"fg-caption-inner\"><div class=\"fg-caption-desc\">Pas s\u00fbr que se soit une bonne id\u00e9e de pr\u00eater le Foxy \u00e0 Jean-Alex. D\u00e9j\u00e0 qu'avec son \"vieux\" Canyon, il passe son temps \u00e0 nous attendre...<\/div><\/div><\/figcaption><\/figure><div class=\"fg-loader\"><\/div><\/div><div class=\"fg-item fg-type-image fg-idle\"><figure class=\"fg-item-inner\"><a href=\"https:\/\/alpavista.ch\/Alp11\/wp-content\/uploads\/wildstrub_19_028.jpg\" data-caption-title=\"Toute v\u00e9g\u00e9tation a ses limites. Celle du Rawil s&#039;appelle 2&#039;425 m\u00e8tres sur mer.\" data-caption-desc=\"Toute v\u00e9g\u00e9tation a ses limites. Celle du Rawil s&#039;appelle 2&#039;425 m\u00e8tres sur mer.\" data-attachment-id=\"29164\" data-type=\"image\" class=\"fg-thumb\"><span class=\"fg-image-wrap\"><img decoding=\"async\" alt=\"wildstrub_19_028\" title=\"Toute v\u00e9g\u00e9tation a ses limites. Celle du Rawil s&#039;appelle 2&#039;425 m\u00e8tres sur mer.\" width=\"101\" height=\"57\" class=\"skip-lazy fg-image\" data-src-fg=\"https:\/\/alpavista.ch\/Alp11\/wp-content\/uploads\/cache\/wildstrub_19_028\/2184800093.jpg\" src=\"data:image\/svg+xml,%3Csvg%20xmlns%3D%22http%3A%2F%2Fwww.w3.org%2F2000%2Fsvg%22%20width%3D%22101%22%20height%3D%2257%22%20viewBox%3D%220%200%20101%2057%22%3E%3C%2Fsvg%3E\" loading=\"eager\"><\/span><span class=\"fg-image-overlay\"><\/span><\/a><figcaption class=\"fg-caption\"><div class=\"fg-caption-inner\"><div class=\"fg-caption-desc\">Toute v\u00e9g\u00e9tation a ses limites. Celle du Rawil s'appelle 2'425 m\u00e8tres sur mer.<\/div><\/div><\/figcaption><\/figure><div class=\"fg-loader\"><\/div><\/div><div class=\"fg-item fg-type-image fg-idle\"><figure class=\"fg-item-inner\"><a href=\"https:\/\/alpavista.ch\/Alp11\/wp-content\/uploads\/wildstrub_19_029.jpg\" data-caption-title=\"Des rives de sa Moselle natale \u00e0 celle du d\u00e9liceux petit lac du Plan des Roses, il n&#039;y a que quelques tours de roues pour l&#039;ami Alex.\" data-caption-desc=\"Des rives de sa Moselle natale \u00e0 celle du d\u00e9liceux petit lac du Plan des Roses, il n&#039;y a que quelques tours de roues pour l&#039;ami Alex.\" data-attachment-id=\"29163\" data-type=\"image\" class=\"fg-thumb\"><span class=\"fg-image-wrap\"><img decoding=\"async\" alt=\"wildstrub_19_029\" title=\"Des rives de sa Moselle natale \u00e0 celle du d\u00e9liceux petit lac du Plan des Roses, il n&#039;y a que quelques tours de roues pour l&#039;ami Alex.\" width=\"101\" height=\"57\" class=\"skip-lazy fg-image\" data-src-fg=\"https:\/\/alpavista.ch\/Alp11\/wp-content\/uploads\/cache\/wildstrub_19_029\/2757416318.jpg\" src=\"data:image\/svg+xml,%3Csvg%20xmlns%3D%22http%3A%2F%2Fwww.w3.org%2F2000%2Fsvg%22%20width%3D%22101%22%20height%3D%2257%22%20viewBox%3D%220%200%20101%2057%22%3E%3C%2Fsvg%3E\" loading=\"eager\"><\/span><span class=\"fg-image-overlay\"><\/span><\/a><figcaption class=\"fg-caption\"><div class=\"fg-caption-inner\"><div class=\"fg-caption-desc\">Des rives de sa Moselle natale \u00e0 celle du d\u00e9liceux petit lac du Plan des Roses, il n'y a que quelques tours de roues pour l'ami Alex.<\/div><\/div><\/figcaption><\/figure><div class=\"fg-loader\"><\/div><\/div><div class=\"fg-item fg-type-image fg-idle\"><figure class=\"fg-item-inner\"><a href=\"https:\/\/alpavista.ch\/Alp11\/wp-content\/uploads\/wildstrub_19_030.jpg\" data-caption-title=\"Le Nose-Turn expliqu\u00e9 aux nuls ...\" data-caption-desc=\"Le Nose-Turn expliqu\u00e9 aux nuls ...\" data-attachment-id=\"29162\" data-type=\"image\" class=\"fg-thumb\"><span class=\"fg-image-wrap\"><img decoding=\"async\" alt=\"wildstrub_19_030\" title=\"Le Nose-Turn expliqu\u00e9 aux nuls ...\" width=\"101\" height=\"57\" class=\"skip-lazy fg-image\" data-src-fg=\"https:\/\/alpavista.ch\/Alp11\/wp-content\/uploads\/cache\/wildstrub_19_030\/3404129842.jpg\" src=\"data:image\/svg+xml,%3Csvg%20xmlns%3D%22http%3A%2F%2Fwww.w3.org%2F2000%2Fsvg%22%20width%3D%22101%22%20height%3D%2257%22%20viewBox%3D%220%200%20101%2057%22%3E%3C%2Fsvg%3E\" loading=\"eager\"><\/span><span class=\"fg-image-overlay\"><\/span><\/a><figcaption class=\"fg-caption\"><div class=\"fg-caption-inner\"><div class=\"fg-caption-desc\">Le Nose-Turn expliqu\u00e9 aux nuls ...<\/div><\/div><\/figcaption><\/figure><div class=\"fg-loader\"><\/div><\/div><div class=\"fg-item fg-type-image fg-idle\"><figure class=\"fg-item-inner\"><a href=\"https:\/\/alpavista.ch\/Alp11\/wp-content\/uploads\/wildstrub_19_031.jpg\" data-caption-title=\"... et la sortie de bunker (naturel) par l&#039;exemple.\" data-caption-desc=\"... et la sortie de bunker (naturel) par l&#039;exemple.\" data-attachment-id=\"29161\" data-type=\"image\" class=\"fg-thumb\"><span class=\"fg-image-wrap\"><img decoding=\"async\" alt=\"wildstrub_19_031\" title=\"... et la sortie de bunker (naturel) par l&#039;exemple.\" width=\"101\" height=\"57\" class=\"skip-lazy fg-image\" data-src-fg=\"https:\/\/alpavista.ch\/Alp11\/wp-content\/uploads\/cache\/wildstrub_19_031\/2916393664.jpg\" src=\"data:image\/svg+xml,%3Csvg%20xmlns%3D%22http%3A%2F%2Fwww.w3.org%2F2000%2Fsvg%22%20width%3D%22101%22%20height%3D%2257%22%20viewBox%3D%220%200%20101%2057%22%3E%3C%2Fsvg%3E\" loading=\"eager\"><\/span><span class=\"fg-image-overlay\"><\/span><\/a><figcaption class=\"fg-caption\"><div class=\"fg-caption-inner\"><div class=\"fg-caption-desc\">... et la sortie de bunker (naturel) par l'exemple.<\/div><\/div><\/figcaption><\/figure><div class=\"fg-loader\"><\/div><\/div><div class=\"fg-item fg-type-image fg-idle\"><figure class=\"fg-item-inner\"><a href=\"https:\/\/alpavista.ch\/Alp11\/wp-content\/uploads\/wildstrub_19_032.jpg\" data-caption-title=\"Deux bonnes raisons de ne pas toujours vouloir suivre l&#039;exemple propos\u00e9 par notre ami mosellan.\" data-caption-desc=\"Deux bonnes raisons de ne pas toujours vouloir suivre l&#039;exemple propos\u00e9 par notre ami mosellan.\" data-attachment-id=\"29160\" data-type=\"image\" class=\"fg-thumb\"><span class=\"fg-image-wrap\"><img decoding=\"async\" alt=\"wildstrub_19_032\" title=\"Deux bonnes raisons de ne pas toujours vouloir suivre l&#039;exemple propos\u00e9 par notre ami mosellan.\" width=\"101\" height=\"57\" class=\"skip-lazy fg-image\" data-src-fg=\"https:\/\/alpavista.ch\/Alp11\/wp-content\/uploads\/cache\/wildstrub_19_032\/1171495175.jpg\" src=\"data:image\/svg+xml,%3Csvg%20xmlns%3D%22http%3A%2F%2Fwww.w3.org%2F2000%2Fsvg%22%20width%3D%22101%22%20height%3D%2257%22%20viewBox%3D%220%200%20101%2057%22%3E%3C%2Fsvg%3E\" loading=\"eager\"><\/span><span class=\"fg-image-overlay\"><\/span><\/a><figcaption class=\"fg-caption\"><div class=\"fg-caption-inner\"><div class=\"fg-caption-desc\">Deux bonnes raisons de ne pas toujours vouloir suivre l'exemple propos\u00e9 par notre ami mosellan.<\/div><\/div><\/figcaption><\/figure><div class=\"fg-loader\"><\/div><\/div><div class=\"fg-item fg-type-image fg-idle\"><figure class=\"fg-item-inner\"><a href=\"https:\/\/alpavista.ch\/Alp11\/wp-content\/uploads\/wildstrub_19_033.jpg\" data-caption-title=\"Qu&#039;est-ce que c&#039;est beau quand c&#039;est flow...\" data-caption-desc=\"Qu&#039;est-ce que c&#039;est beau quand c&#039;est flow...\" data-attachment-id=\"29159\" data-type=\"image\" class=\"fg-thumb\"><span class=\"fg-image-wrap\"><img decoding=\"async\" alt=\"wildstrub_19_033\" title=\"Qu&#039;est-ce que c&#039;est beau quand c&#039;est flow...\" width=\"101\" height=\"57\" class=\"skip-lazy fg-image\" data-src-fg=\"https:\/\/alpavista.ch\/Alp11\/wp-content\/uploads\/cache\/wildstrub_19_033\/704511272.jpg\" src=\"data:image\/svg+xml,%3Csvg%20xmlns%3D%22http%3A%2F%2Fwww.w3.org%2F2000%2Fsvg%22%20width%3D%22101%22%20height%3D%2257%22%20viewBox%3D%220%200%20101%2057%22%3E%3C%2Fsvg%3E\" loading=\"eager\"><\/span><span class=\"fg-image-overlay\"><\/span><\/a><figcaption class=\"fg-caption\"><div class=\"fg-caption-inner\"><div class=\"fg-caption-desc\">Qu'est-ce que c'est beau quand c'est flow...<\/div><\/div><\/figcaption><\/figure><div class=\"fg-loader\"><\/div><\/div><div class=\"fg-item fg-type-image fg-idle\"><figure class=\"fg-item-inner\"><a href=\"https:\/\/alpavista.ch\/Alp11\/wp-content\/uploads\/wildstrub_19_034.jpg\" data-caption-title=\"... et encore plus \u00e9l\u00e9gant quand c&#039;est inutile.\" data-caption-desc=\"... et encore plus \u00e9l\u00e9gant quand c&#039;est inutile.\" data-attachment-id=\"29158\" data-type=\"image\" class=\"fg-thumb\"><span class=\"fg-image-wrap\"><img decoding=\"async\" alt=\"wildstrub_19_034\" title=\"... et encore plus \u00e9l\u00e9gant quand c&#039;est inutile.\" width=\"101\" height=\"57\" class=\"skip-lazy fg-image\" data-src-fg=\"https:\/\/alpavista.ch\/Alp11\/wp-content\/uploads\/cache\/wildstrub_19_034\/1169213461.jpg\" src=\"data:image\/svg+xml,%3Csvg%20xmlns%3D%22http%3A%2F%2Fwww.w3.org%2F2000%2Fsvg%22%20width%3D%22101%22%20height%3D%2257%22%20viewBox%3D%220%200%20101%2057%22%3E%3C%2Fsvg%3E\" loading=\"eager\"><\/span><span class=\"fg-image-overlay\"><\/span><\/a><figcaption class=\"fg-caption\"><div class=\"fg-caption-inner\"><div class=\"fg-caption-desc\">... et encore plus \u00e9l\u00e9gant quand c'est inutile.<\/div><\/div><\/figcaption><\/figure><div class=\"fg-loader\"><\/div><\/div><div class=\"fg-item fg-type-image fg-idle\"><figure class=\"fg-item-inner\"><a href=\"https:\/\/alpavista.ch\/Alp11\/wp-content\/uploads\/wildstrub_19_035.jpg\" data-caption-title=\"Autres amusements un peu secouants, les perr\u00e9s sup\u00e9rieurs de l&#039;alpage d&#039;Armillon.\" data-caption-desc=\"Autres amusements un peu secouants, les perr\u00e9s sup\u00e9rieurs de l&#039;alpage d&#039;Armillon.\" data-attachment-id=\"29157\" data-type=\"image\" class=\"fg-thumb\"><span class=\"fg-image-wrap\"><img decoding=\"async\" alt=\"wildstrub_19_035\" title=\"Autres amusements un peu secouants, les perr\u00e9s sup\u00e9rieurs de l&#039;alpage d&#039;Armillon.\" width=\"101\" height=\"57\" class=\"skip-lazy fg-image\" data-src-fg=\"https:\/\/alpavista.ch\/Alp11\/wp-content\/uploads\/cache\/wildstrub_19_035\/3782252436.jpg\" src=\"data:image\/svg+xml,%3Csvg%20xmlns%3D%22http%3A%2F%2Fwww.w3.org%2F2000%2Fsvg%22%20width%3D%22101%22%20height%3D%2257%22%20viewBox%3D%220%200%20101%2057%22%3E%3C%2Fsvg%3E\" loading=\"eager\"><\/span><span class=\"fg-image-overlay\"><\/span><\/a><figcaption class=\"fg-caption\"><div class=\"fg-caption-inner\"><div class=\"fg-caption-desc\">Autres amusements un peu secouants, les perr\u00e9s sup\u00e9rieurs de l'alpage d'Armillon.<\/div><\/div><\/figcaption><\/figure><div class=\"fg-loader\"><\/div><\/div><div class=\"fg-item fg-type-image fg-idle\"><figure class=\"fg-item-inner\"><a href=\"https:\/\/alpavista.ch\/Alp11\/wp-content\/uploads\/wildstrub_19_036.jpg\" data-caption-title=\"Grandes roues et suspat&#039; molles y seront vos meilleurs atouts, mais un pilotage dynamique et pr\u00e9cis, aussi.\" data-caption-desc=\"Grandes roues et suspat&#039; molles y seront vos meilleurs atouts, mais un pilotage dynamique et pr\u00e9cis, aussi.\" data-attachment-id=\"29156\" data-type=\"image\" class=\"fg-thumb\"><span class=\"fg-image-wrap\"><img decoding=\"async\" alt=\"wildstrub_19_036\" title=\"Grandes roues et suspat&#039; molles y seront vos meilleurs atouts, mais un pilotage dynamique et pr\u00e9cis, aussi.\" width=\"101\" height=\"57\" class=\"skip-lazy fg-image\" data-src-fg=\"https:\/\/alpavista.ch\/Alp11\/wp-content\/uploads\/cache\/wildstrub_19_036\/158837843.jpg\" src=\"data:image\/svg+xml,%3Csvg%20xmlns%3D%22http%3A%2F%2Fwww.w3.org%2F2000%2Fsvg%22%20width%3D%22101%22%20height%3D%2257%22%20viewBox%3D%220%200%20101%2057%22%3E%3C%2Fsvg%3E\" loading=\"eager\"><\/span><span class=\"fg-image-overlay\"><\/span><\/a><figcaption class=\"fg-caption\"><div class=\"fg-caption-inner\"><div class=\"fg-caption-desc\">Grandes roues et suspat' molles y seront vos meilleurs atouts, mais un pilotage dynamique et pr\u00e9cis, aussi.<\/div><\/div><\/figcaption><\/figure><div class=\"fg-loader\"><\/div><\/div><div class=\"fg-item fg-type-image fg-idle\"><figure class=\"fg-item-inner\"><a href=\"https:\/\/alpavista.ch\/Alp11\/wp-content\/uploads\/wildstrub_19_037.jpg\" data-caption-title=\"Dans le nord de la France, on rencontre pas souvent des g\u00e9nisses d&#039;H\u00e9rens. Alors forc\u00e9ment, quelques photos s&#039;imposent.\" data-caption-desc=\"Dans le nord de la France, on rencontre pas souvent des g\u00e9nisses d&#039;H\u00e9rens. Alors forc\u00e9ment, quelques photos s&#039;imposent.\" data-attachment-id=\"29155\" data-type=\"image\" class=\"fg-thumb\"><span class=\"fg-image-wrap\"><img decoding=\"async\" alt=\"wildstrub_19_037\" title=\"Dans le nord de la France, on rencontre pas souvent des g\u00e9nisses d&#039;H\u00e9rens. Alors forc\u00e9ment, quelques photos s&#039;imposent.\" width=\"101\" height=\"57\" class=\"skip-lazy fg-image\" data-src-fg=\"https:\/\/alpavista.ch\/Alp11\/wp-content\/uploads\/cache\/wildstrub_19_037\/1850075297.jpg\" src=\"data:image\/svg+xml,%3Csvg%20xmlns%3D%22http%3A%2F%2Fwww.w3.org%2F2000%2Fsvg%22%20width%3D%22101%22%20height%3D%2257%22%20viewBox%3D%220%200%20101%2057%22%3E%3C%2Fsvg%3E\" loading=\"eager\"><\/span><span class=\"fg-image-overlay\"><\/span><\/a><figcaption class=\"fg-caption\"><div class=\"fg-caption-inner\"><div class=\"fg-caption-desc\">Dans le nord de la France, on rencontre pas souvent des g\u00e9nisses d'H\u00e9rens. Alors forc\u00e9ment, quelques photos s'imposent.<\/div><\/div><\/figcaption><\/figure><div class=\"fg-loader\"><\/div><\/div><div class=\"fg-item fg-type-image fg-idle\"><figure class=\"fg-item-inner\"><a href=\"https:\/\/alpavista.ch\/Alp11\/wp-content\/uploads\/wildstrub_19_038.jpg\" data-caption-title=\"Comment passer des douces p\u00e2tures d&#039;alpage aux vertigineuses falaises du Rawil : par un tunnel pardi !\" data-caption-desc=\"Comment passer des douces p\u00e2tures d&#039;alpage aux vertigineuses falaises du Rawil : par un tunnel pardi !\" data-attachment-id=\"29154\" data-type=\"image\" class=\"fg-thumb\"><span class=\"fg-image-wrap\"><img decoding=\"async\" alt=\"wildstrub_19_038\" title=\"Comment passer des douces p\u00e2tures d&#039;alpage aux vertigineuses falaises du Rawil : par un tunnel pardi !\" width=\"101\" height=\"57\" class=\"skip-lazy fg-image\" data-src-fg=\"https:\/\/alpavista.ch\/Alp11\/wp-content\/uploads\/cache\/wildstrub_19_038\/3522020905.jpg\" src=\"data:image\/svg+xml,%3Csvg%20xmlns%3D%22http%3A%2F%2Fwww.w3.org%2F2000%2Fsvg%22%20width%3D%22101%22%20height%3D%2257%22%20viewBox%3D%220%200%20101%2057%22%3E%3C%2Fsvg%3E\" loading=\"eager\"><\/span><span class=\"fg-image-overlay\"><\/span><\/a><figcaption class=\"fg-caption\"><div class=\"fg-caption-inner\"><div class=\"fg-caption-desc\">Comment passer des douces p\u00e2tures d'alpage aux vertigineuses falaises du Rawil : par un tunnel pardi !<\/div><\/div><\/figcaption><\/figure><div class=\"fg-loader\"><\/div><\/div><div class=\"fg-item fg-type-image fg-idle\"><figure class=\"fg-item-inner\"><a href=\"https:\/\/alpavista.ch\/Alp11\/wp-content\/uploads\/wildstrub_19_039.jpg\" data-caption-title=\"De plus en plus de vert, de bleu, mais toujours autant de caillasse.\" data-caption-desc=\"De plus en plus de vert, de bleu, mais toujours autant de caillasse.\" data-attachment-id=\"29153\" data-type=\"image\" class=\"fg-thumb\"><span class=\"fg-image-wrap\"><img decoding=\"async\" alt=\"wildstrub_19_039\" title=\"De plus en plus de vert, de bleu, mais toujours autant de caillasse.\" width=\"101\" height=\"57\" class=\"skip-lazy fg-image\" data-src-fg=\"https:\/\/alpavista.ch\/Alp11\/wp-content\/uploads\/cache\/wildstrub_19_039\/4153308170.jpg\" src=\"data:image\/svg+xml,%3Csvg%20xmlns%3D%22http%3A%2F%2Fwww.w3.org%2F2000%2Fsvg%22%20width%3D%22101%22%20height%3D%2257%22%20viewBox%3D%220%200%20101%2057%22%3E%3C%2Fsvg%3E\" loading=\"eager\"><\/span><span class=\"fg-image-overlay\"><\/span><\/a><figcaption class=\"fg-caption\"><div class=\"fg-caption-inner\"><div class=\"fg-caption-desc\">De plus en plus de vert, de bleu, mais toujours autant de caillasse.<\/div><\/div><\/figcaption><\/figure><div class=\"fg-loader\"><\/div><\/div><div class=\"fg-item fg-type-image fg-idle\"><figure class=\"fg-item-inner\"><a href=\"https:\/\/alpavista.ch\/Alp11\/wp-content\/uploads\/wildstrub_19_040.jpg\" data-caption-title=\"Le bonheur est dans le pr\u00e9, mais notre itin\u00e9raire encore et toujours sur le chemin rocailleux.\" data-caption-desc=\"Le bonheur est dans le pr\u00e9, mais notre itin\u00e9raire encore et toujours sur le chemin rocailleux.\" data-attachment-id=\"29152\" data-type=\"image\" class=\"fg-thumb\"><span class=\"fg-image-wrap\"><img decoding=\"async\" alt=\"wildstrub_19_040\" title=\"Le bonheur est dans le pr\u00e9, mais notre itin\u00e9raire encore et toujours sur le chemin rocailleux.\" width=\"101\" height=\"57\" class=\"skip-lazy fg-image\" data-src-fg=\"https:\/\/alpavista.ch\/Alp11\/wp-content\/uploads\/cache\/wildstrub_19_040\/3928506060.jpg\" src=\"data:image\/svg+xml,%3Csvg%20xmlns%3D%22http%3A%2F%2Fwww.w3.org%2F2000%2Fsvg%22%20width%3D%22101%22%20height%3D%2257%22%20viewBox%3D%220%200%20101%2057%22%3E%3C%2Fsvg%3E\" loading=\"eager\"><\/span><span class=\"fg-image-overlay\"><\/span><\/a><figcaption class=\"fg-caption\"><div class=\"fg-caption-inner\"><div class=\"fg-caption-desc\">Le bonheur est dans le pr\u00e9, mais notre itin\u00e9raire encore et toujours sur le chemin rocailleux.<\/div><\/div><\/figcaption><\/figure><div class=\"fg-loader\"><\/div><\/div><div class=\"fg-item fg-type-image fg-idle\"><figure class=\"fg-item-inner\"><a href=\"https:\/\/alpavista.ch\/Alp11\/wp-content\/uploads\/wildstrub_19_041.jpg\" data-caption-title=\"L&#039;incontournable arr\u00eat Celsius et &quot;refaisage&quot; de mondes.\" data-caption-desc=\"L&#039;incontournable arr\u00eat Celsius et &quot;refaisage&quot; de mondes.\" data-attachment-id=\"29151\" data-type=\"image\" class=\"fg-thumb\"><span class=\"fg-image-wrap\"><img decoding=\"async\" alt=\"wildstrub_19_041\" title=\"L&#039;incontournable arr\u00eat Celsius et &quot;refaisage&quot; de mondes.\" width=\"101\" height=\"57\" class=\"skip-lazy fg-image\" data-src-fg=\"https:\/\/alpavista.ch\/Alp11\/wp-content\/uploads\/cache\/wildstrub_19_041\/2367322686.jpg\" src=\"data:image\/svg+xml,%3Csvg%20xmlns%3D%22http%3A%2F%2Fwww.w3.org%2F2000%2Fsvg%22%20width%3D%22101%22%20height%3D%2257%22%20viewBox%3D%220%200%20101%2057%22%3E%3C%2Fsvg%3E\" loading=\"eager\"><\/span><span class=\"fg-image-overlay\"><\/span><\/a><figcaption class=\"fg-caption\"><div class=\"fg-caption-inner\"><div class=\"fg-caption-desc\">L'incontournable arr\u00eat Celsius et \"refaisage\" de mondes.<\/div><\/div><\/figcaption><\/figure><div class=\"fg-loader\"><\/div><\/div><div class=\"fg-item fg-type-image fg-idle\"><figure class=\"fg-item-inner\"><a href=\"https:\/\/alpavista.ch\/Alp11\/wp-content\/uploads\/wildstrub_19_042.jpg\" data-caption-title=\"Red\u00e9marrage in\u00e9dit via les passerelles ...\" data-caption-desc=\"Red\u00e9marrage in\u00e9dit via les passerelles ...\" data-attachment-id=\"29150\" data-type=\"image\" class=\"fg-thumb\"><span class=\"fg-image-wrap\"><img decoding=\"async\" alt=\"wildstrub_19_042\" title=\"Red\u00e9marrage in\u00e9dit via les passerelles ...\" width=\"101\" height=\"57\" class=\"skip-lazy fg-image\" data-src-fg=\"https:\/\/alpavista.ch\/Alp11\/wp-content\/uploads\/cache\/wildstrub_19_042\/1696416249.jpg\" src=\"data:image\/svg+xml,%3Csvg%20xmlns%3D%22http%3A%2F%2Fwww.w3.org%2F2000%2Fsvg%22%20width%3D%22101%22%20height%3D%2257%22%20viewBox%3D%220%200%20101%2057%22%3E%3C%2Fsvg%3E\" loading=\"eager\"><\/span><span class=\"fg-image-overlay\"><\/span><\/a><figcaption class=\"fg-caption\"><div class=\"fg-caption-inner\"><div class=\"fg-caption-desc\">Red\u00e9marrage in\u00e9dit via les passerelles ...<\/div><\/div><\/figcaption><\/figure><div class=\"fg-loader\"><\/div><\/div><div class=\"fg-item fg-type-image fg-idle\"><figure class=\"fg-item-inner\"><a href=\"https:\/\/alpavista.ch\/Alp11\/wp-content\/uploads\/wildstrub_19_043.jpg\" data-caption-title=\"... et la douce d\u00e9clivit\u00e9 du bisse de Sion...\" data-caption-desc=\"... et la douce d\u00e9clivit\u00e9 du bisse de Sion...\" data-attachment-id=\"29149\" data-type=\"image\" class=\"fg-thumb\"><span class=\"fg-image-wrap\"><img decoding=\"async\" alt=\"wildstrub_19_043\" title=\"... et la douce d\u00e9clivit\u00e9 du bisse de Sion...\" width=\"101\" height=\"57\" class=\"skip-lazy fg-image\" data-src-fg=\"https:\/\/alpavista.ch\/Alp11\/wp-content\/uploads\/cache\/wildstrub_19_043\/1912208396.jpg\" src=\"data:image\/svg+xml,%3Csvg%20xmlns%3D%22http%3A%2F%2Fwww.w3.org%2F2000%2Fsvg%22%20width%3D%22101%22%20height%3D%2257%22%20viewBox%3D%220%200%20101%2057%22%3E%3C%2Fsvg%3E\" loading=\"eager\"><\/span><span class=\"fg-image-overlay\"><\/span><\/a><figcaption class=\"fg-caption\"><div class=\"fg-caption-inner\"><div class=\"fg-caption-desc\">... et la douce d\u00e9clivit\u00e9 du bisse de Sion...<\/div><\/div><\/figcaption><\/figure><div class=\"fg-loader\"><\/div><\/div><div class=\"fg-item fg-type-image fg-idle\"><figure class=\"fg-item-inner\"><a href=\"https:\/\/alpavista.ch\/Alp11\/wp-content\/uploads\/wildstrub_19_044.jpg\" data-caption-title=\"... avant de changer d&#039;\u00e9tage pour descendre voir son petit fr\u00e8re turbulent d&#039;Ayent.\" data-caption-desc=\"... avant de changer d&#039;\u00e9tage pour descendre voir son petit fr\u00e8re turbulent d&#039;Ayent.\" data-attachment-id=\"29148\" data-type=\"image\" class=\"fg-thumb\"><span class=\"fg-image-wrap\"><img decoding=\"async\" alt=\"wildstrub_19_044\" title=\"... avant de changer d&#039;\u00e9tage pour descendre voir son petit fr\u00e8re turbulent d&#039;Ayent.\" width=\"101\" height=\"57\" class=\"skip-lazy fg-image\" data-src-fg=\"https:\/\/alpavista.ch\/Alp11\/wp-content\/uploads\/cache\/wildstrub_19_044\/498387249.jpg\" src=\"data:image\/svg+xml,%3Csvg%20xmlns%3D%22http%3A%2F%2Fwww.w3.org%2F2000%2Fsvg%22%20width%3D%22101%22%20height%3D%2257%22%20viewBox%3D%220%200%20101%2057%22%3E%3C%2Fsvg%3E\" loading=\"eager\"><\/span><span class=\"fg-image-overlay\"><\/span><\/a><figcaption class=\"fg-caption\"><div class=\"fg-caption-inner\"><div class=\"fg-caption-desc\">... avant de changer d'\u00e9tage pour descendre voir son petit fr\u00e8re turbulent d'Ayent.<\/div><\/div><\/figcaption><\/figure><div class=\"fg-loader\"><\/div><\/div><div class=\"fg-item fg-type-image fg-idle\"><figure class=\"fg-item-inner\"><a href=\"https:\/\/alpavista.ch\/Alp11\/wp-content\/uploads\/wildstrub_19_045.jpg\" data-caption-title=\"Et toujours ces satan\u00e9es cordes mal plac\u00e9es...\" data-caption-desc=\"Et toujours ces satan\u00e9es cordes mal plac\u00e9es...\" data-attachment-id=\"29147\" data-type=\"image\" class=\"fg-thumb\"><span class=\"fg-image-wrap\"><img decoding=\"async\" alt=\"wildstrub_19_045\" title=\"Et toujours ces satan\u00e9es cordes mal plac\u00e9es...\" width=\"101\" height=\"57\" class=\"skip-lazy fg-image\" data-src-fg=\"https:\/\/alpavista.ch\/Alp11\/wp-content\/uploads\/cache\/wildstrub_19_045\/3111425712.jpg\" src=\"data:image\/svg+xml,%3Csvg%20xmlns%3D%22http%3A%2F%2Fwww.w3.org%2F2000%2Fsvg%22%20width%3D%22101%22%20height%3D%2257%22%20viewBox%3D%220%200%20101%2057%22%3E%3C%2Fsvg%3E\" loading=\"eager\"><\/span><span class=\"fg-image-overlay\"><\/span><\/a><figcaption class=\"fg-caption\"><div class=\"fg-caption-inner\"><div class=\"fg-caption-desc\">Et toujours ces satan\u00e9es cordes mal plac\u00e9es...<\/div><\/div><\/figcaption><\/figure><div class=\"fg-loader\"><\/div><\/div><div class=\"fg-item fg-type-image fg-idle\"><figure class=\"fg-item-inner\"><a href=\"https:\/\/alpavista.ch\/Alp11\/wp-content\/uploads\/wildstrub_19_046.jpg\" data-caption-title=\"... enfin, pas pour tout le monde, visiblement.\" data-caption-desc=\"... enfin, pas pour tout le monde, visiblement.\" data-attachment-id=\"29146\" data-type=\"image\" class=\"fg-thumb\"><span class=\"fg-image-wrap\"><img decoding=\"async\" alt=\"wildstrub_19_046\" title=\"... enfin, pas pour tout le monde, visiblement.\" width=\"101\" height=\"57\" class=\"skip-lazy fg-image\" data-src-fg=\"https:\/\/alpavista.ch\/Alp11\/wp-content\/uploads\/cache\/wildstrub_19_046\/1366535543.jpg\" src=\"data:image\/svg+xml,%3Csvg%20xmlns%3D%22http%3A%2F%2Fwww.w3.org%2F2000%2Fsvg%22%20width%3D%22101%22%20height%3D%2257%22%20viewBox%3D%220%200%20101%2057%22%3E%3C%2Fsvg%3E\" loading=\"eager\"><\/span><span class=\"fg-image-overlay\"><\/span><\/a><figcaption class=\"fg-caption\"><div class=\"fg-caption-inner\"><div class=\"fg-caption-desc\">... enfin, pas pour tout le monde, visiblement.<\/div><\/div><\/figcaption><\/figure><div class=\"fg-loader\"><\/div><\/div><div class=\"fg-item fg-type-image fg-idle\"><figure class=\"fg-item-inner\"><a href=\"https:\/\/alpavista.ch\/Alp11\/wp-content\/uploads\/wildstrub_19_047.jpg\" data-caption-title=\"Tunnel du bisse de Clavaux, ou comment expliquer \u00e0 nos amis suisses-allemands qu&#039;ils doivent enlever leur roue avant pour continuer...\" data-caption-desc=\"Tunnel du bisse de Clavaux, ou comment expliquer \u00e0 nos amis suisses-allemands qu&#039;ils doivent enlever leur roue avant pour continuer...\" data-attachment-id=\"29145\" data-type=\"image\" class=\"fg-thumb\"><span class=\"fg-image-wrap\"><img decoding=\"async\" alt=\"wildstrub_19_047\" title=\"Tunnel du bisse de Clavaux, ou comment expliquer \u00e0 nos amis suisses-allemands qu&#039;ils doivent enlever leur roue avant pour continuer...\" width=\"101\" height=\"57\" class=\"skip-lazy fg-image\" data-src-fg=\"https:\/\/alpavista.ch\/Alp11\/wp-content\/uploads\/cache\/wildstrub_19_047\/910289285.jpg\" src=\"data:image\/svg+xml,%3Csvg%20xmlns%3D%22http%3A%2F%2Fwww.w3.org%2F2000%2Fsvg%22%20width%3D%22101%22%20height%3D%2257%22%20viewBox%3D%220%200%20101%2057%22%3E%3C%2Fsvg%3E\" loading=\"eager\"><\/span><span class=\"fg-image-overlay\"><\/span><\/a><figcaption class=\"fg-caption\"><div class=\"fg-caption-inner\"><div class=\"fg-caption-desc\">Tunnel du bisse de Clavaux, ou comment expliquer \u00e0 nos amis suisses-allemands qu'ils doivent enlever leur roue avant pour continuer...<\/div><\/div><\/figcaption><\/figure><div class=\"fg-loader\"><\/div><\/div><div class=\"fg-item fg-type-image fg-idle\"><figure class=\"fg-item-inner\"><a href=\"https:\/\/alpavista.ch\/Alp11\/wp-content\/uploads\/wildstrub_19_048.jpg\" data-caption-title=\"... et ne pas s&#039;inqui\u00e9ter du manque de planches des passerelles trou\u00e9es par les \u00e9boulements.\" data-caption-desc=\"... et ne pas s&#039;inqui\u00e9ter du manque de planches des passerelles trou\u00e9es par les \u00e9boulements.\" data-attachment-id=\"29144\" data-type=\"image\" class=\"fg-thumb\"><span class=\"fg-image-wrap\"><img decoding=\"async\" alt=\"wildstrub_19_048\" title=\"... et ne pas s&#039;inqui\u00e9ter du manque de planches des passerelles trou\u00e9es par les \u00e9boulements.\" width=\"101\" height=\"57\" class=\"skip-lazy fg-image\" data-src-fg=\"https:\/\/alpavista.ch\/Alp11\/wp-content\/uploads\/cache\/wildstrub_19_048\/2313799437.jpg\" src=\"data:image\/svg+xml,%3Csvg%20xmlns%3D%22http%3A%2F%2Fwww.w3.org%2F2000%2Fsvg%22%20width%3D%22101%22%20height%3D%2257%22%20viewBox%3D%220%200%20101%2057%22%3E%3C%2Fsvg%3E\" loading=\"eager\"><\/span><span class=\"fg-image-overlay\"><\/span><\/a><figcaption class=\"fg-caption\"><div class=\"fg-caption-inner\"><div class=\"fg-caption-desc\">... et ne pas s'inqui\u00e9ter du manque de planches des passerelles trou\u00e9es par les \u00e9boulements.<\/div><\/div><\/figcaption><\/figure><div class=\"fg-loader\"><\/div><\/div><div class=\"fg-item fg-type-image fg-idle\"><figure class=\"fg-item-inner\"><a href=\"https:\/\/alpavista.ch\/Alp11\/wp-content\/uploads\/wildstrub_19_049.jpg\" data-caption-title=\"Le vignoble de St-L\u00e9onard, \u00e9cras\u00e9 de chaleur mais doucement berc\u00e9 par le glouglou de son bisse f\u00e9tiche. Fin des hostilit\u00e9s !\" data-caption-desc=\"Le vignoble de St-L\u00e9onard, \u00e9cras\u00e9 de chaleur mais doucement berc\u00e9 par le glouglou de son bisse f\u00e9tiche. Fin des hostilit\u00e9s !\" data-attachment-id=\"29143\" data-type=\"image\" class=\"fg-thumb\"><span class=\"fg-image-wrap\"><img decoding=\"async\" alt=\"wildstrub_19_049\" title=\"Le vignoble de St-L\u00e9onard, \u00e9cras\u00e9 de chaleur mais doucement berc\u00e9 par le glouglou de son bisse f\u00e9tiche. Fin des hostilit\u00e9s !\" width=\"101\" height=\"57\" class=\"skip-lazy fg-image\" data-src-fg=\"https:\/\/alpavista.ch\/Alp11\/wp-content\/uploads\/cache\/wildstrub_19_049\/2945086766.jpg\" src=\"data:image\/svg+xml,%3Csvg%20xmlns%3D%22http%3A%2F%2Fwww.w3.org%2F2000%2Fsvg%22%20width%3D%22101%22%20height%3D%2257%22%20viewBox%3D%220%200%20101%2057%22%3E%3C%2Fsvg%3E\" loading=\"eager\"><\/span><span class=\"fg-image-overlay\"><\/span><\/a><figcaption class=\"fg-caption\"><div class=\"fg-caption-inner\"><div class=\"fg-caption-desc\">Le vignoble de St-L\u00e9onard, \u00e9cras\u00e9 de chaleur mais doucement berc\u00e9 par le glouglou de son bisse f\u00e9tiche. Fin des hostilit\u00e9s !<\/div><\/div><\/figcaption><\/figure><div class=\"fg-loader\"><\/div><\/div><\/div>\n\n<input class=\"fooboxshare_post_id\" type=\"hidden\" value=\"11240\"\/>","protected":false},"excerpt":{"rendered":"<p>Saison apr\u00e8s saison, cet itin\u00e9raire hors-normes s\u2019impose comme la sortie de tous les superlatifs. Par son d\u00e9nivel\u00e9 n\u00e9gatif d\u2019abord, 2400 m\u00e8tres d\u2019un seul tenant, entre le col du Wisshore et St-L\u00e9onard, difficilement \u00e9galable ailleurs en Valais. Par la vari\u00e9t\u00e9 et la beaut\u00e9 des environnements propos\u00e9s, allant de la rudesse de sa haute montagne, de ses glaciers et de ses abrupts pans rocheux, \u00e0 la douce promesse de son vignoble en terrasse, en passant par l\u2019aust\u00e9rit\u00e9 de ses vastes plateaux d\u00e9nud\u00e9s, [&hellip;]<\/p>\n","protected":false},"author":2,"featured_media":11239,"comment_status":"open","ping_status":"open","sticky":false,"template":"","format":"standard","meta":{"footnotes":""},"categories":[658,4],"tags":[1120,1119,1121,1091,1141,1427,1380,1245,1457,1527,1246],"class_list":["post-11240","post","type-post","status-publish","format-standard","has-post-thumbnail","hentry","category-outdoor","category-vtt","tag-anzere","tag-arbaz","tag-ayent","tag-gemmi","tag-montana","tag-plaine-morte","tag-pochet","tag-rawyl","tag-wildstrubel","tag-wisshore","tag-zeuzier"],"_links":{"self":[{"href":"https:\/\/alpavista.ch\/Alp11\/wp-json\/wp\/v2\/posts\/11240","targetHints":{"allow":["GET"]}}],"collection":[{"href":"https:\/\/alpavista.ch\/Alp11\/wp-json\/wp\/v2\/posts"}],"about":[{"href":"https:\/\/alpavista.ch\/Alp11\/wp-json\/wp\/v2\/types\/post"}],"author":[{"embeddable":true,"href":"https:\/\/alpavista.ch\/Alp11\/wp-json\/wp\/v2\/users\/2"}],"replies":[{"embeddable":true,"href":"https:\/\/alpavista.ch\/Alp11\/wp-json\/wp\/v2\/comments?post=11240"}],"version-history":[{"count":0,"href":"https:\/\/alpavista.ch\/Alp11\/wp-json\/wp\/v2\/posts\/11240\/revisions"}],"wp:featuredmedia":[{"embeddable":true,"href":"https:\/\/alpavista.ch\/Alp11\/wp-json\/wp\/v2\/media\/11239"}],"wp:attachment":[{"href":"https:\/\/alpavista.ch\/Alp11\/wp-json\/wp\/v2\/media?parent=11240"}],"wp:term":[{"taxonomy":"category","embeddable":true,"href":"https:\/\/alpavista.ch\/Alp11\/wp-json\/wp\/v2\/categories?post=11240"},{"taxonomy":"post_tag","embeddable":true,"href":"https:\/\/alpavista.ch\/Alp11\/wp-json\/wp\/v2\/tags?post=11240"}],"curies":[{"name":"wp","href":"https:\/\/api.w.org\/{rel}","templated":true}]}}