{"id":11386,"date":"2020-03-29T16:02:51","date_gmt":"2020-03-29T15:02:51","guid":{"rendered":"http:\/\/alpavista.ch\/Alp11\/?p=11386"},"modified":"2020-03-29T21:06:01","modified_gmt":"2020-03-29T20:06:01","slug":"confinement-jour-13","status":"publish","type":"post","link":"https:\/\/alpavista.ch\/Alp11\/2020\/03\/29\/confinement-jour-13\/","title":{"rendered":"Confinement &#8211; Jour 13"},"content":{"rendered":"<p><em>Confinement, vous avez dit con, fin(al)ement ?<\/em><\/p>\n<p>En allant apporter mon pain sec \u00e0 mes amis \u00ab \u00e2nes \u00bb, les vrais, \u00e0 quatre pattes et grandes oreilles, pas ceux que je c\u00f4toie parfois sur Internet, ou en \u00ab live \u00bb (ce qui est de moins en moins le cas, ces temps-ci), je me disais que, finalement, le confinement n\u2019est pas nouveau. Quoiqu\u2019on en pense, quoiqu&rsquo;on en dise, on est tous, toujours plus ou moins confin\u00e9. Quand ce n\u2019est pas administrativement, comme c&rsquo;est le cas ces jours-ci, c&rsquo;est physiquement, par une fronti\u00e8re, une barri\u00e8re ou un fil \u00e9lectrique. Mais cela peut aussi \u00eatre un confinement sous forme naturelle, comme avec cette neige qui r\u00e9duit, pour le moment encore, mon terrain de jeu VTT \u00e0 sa portion congrue. Mais, la pire forme de confinement auquel on peut \u00eatre confront\u00e9, ne serait-ce pas le confinement intellectuel, que de nombreuses personnes choisissent ou subissent ? Cette forme de confinement-l\u00e0 est certainement la plus grave, car souvent sournoise et \u00ab train\u00e9e \u00bb tout au long de son existence.<br \/>\n<!--more--><\/p>\n<p>Une fois les baudets rassasi\u00e9s, je me suis ensuite dit que p\u00e9daler un peu me ferait du bien et que je r\u00e9fl\u00e9chirai mieux, le corps en effort et la t\u00eate en qu\u00eate d&rsquo;\u00e9vasion. Outre le fait que j\u2019ai rapidement ressenti les effets des premiers jours de confinement, sous sa forme la plus connue, aussi appel\u00e9e \u00ab syndrome d\u2019avril \u00bb, jambes molles et de couleur \u00ab aspirine \u00bb (m\u00eame si cela n\u2019est pas recommand\u00e9) et cul qui pique, j\u2019ai poursuivi mes r\u00e9flexions. Et comme parfois, je r\u00e9fl\u00e9chis un peu \u00ab con \u00bb, j\u2019en suis arriv\u00e9 \u00e0 ces trois conclusions. (Je vous \u00e9pargne les autres pour le moment).<\/p>\n<p>Que pensent les d\u00e9tenus des \u00e9tablissement p\u00e9nitenciers de ce confinement qui leur est impos\u00e9 ? Ce n\u2019est pas comme s\u2019ils devaient d\u00e9j\u00e0 passer leurs journ\u00e9es dans leur cellule respective, avoir une seule petite heure pour se d\u00e9gourdir les jambes et devoir effectuer un travail communautaire obligatoire ? Non ? Si ?<\/p>\n<p>Et les SDF de nos grandes villes ? Eux pour qui on a de compassion que les jours o\u00f9 les temp\u00e9ratures sont plus n\u00e9gatives que les commentaires FB actuellement. Que choisissent-ils quand on leur demande de rester confin\u00e9s chez eux ? Le trottoir qu\u2019ils occupent durant la journ\u00e9e ? Le banc public qui les accueille pour la nuit ? Ou l\u2019abri du pont des jours de pluie ? <\/p>\n<p>Enfin, j\u2019ai pens\u00e9 aux habitant du village de l\u2019Oberland Bernois, Mitholz. Il y a quelques semaines, le Conseil F\u00e9d\u00e9ral, par Viola Amherd, la cheffe du d\u00e9partement militaire, leurs annoncent qu\u2019ils doivent quitter leurs habitations, pour une dur\u00e9e d&rsquo;environ 10 ans, juste le temps que l\u2019arm\u00e9e neutralise un ancien d\u00e9p\u00f4t de munitions, oubli\u00e9 sous les falaises de la Flue et qui menace, aujourd\u2019hui, de soudainement exploser. Aujourd&rsquo;hui, toujours ce m\u00eame Conseil F\u00e9d\u00e9ral, par l\u2019ami Berset, cette fois, les conjure de rester confin\u00e9s chez eux, pour une dur\u00e9e ind\u00e9termin\u00e9e. <\/p>\n<p>Comment dit-on \u00ab Faudrait savoir \u00bb en B\u00e4rnd\u00fctsch ?  <\/p>\n<input class=\"fooboxshare_post_id\" type=\"hidden\" value=\"11386\"\/>","protected":false},"excerpt":{"rendered":"<p>Confinement, vous avez dit con, fin(al)ement ? En allant apporter mon pain sec \u00e0 mes amis \u00ab \u00e2nes \u00bb, les vrais, \u00e0 quatre pattes et grandes oreilles, pas ceux que je c\u00f4toie parfois sur Internet, ou en \u00ab live \u00bb (ce qui est de moins en moins le cas, ces temps-ci), je me disais que, finalement, le confinement n\u2019est pas nouveau. Quoiqu\u2019on en pense, quoiqu&rsquo;on en dise, on est tous, toujours plus ou moins confin\u00e9. Quand ce n\u2019est pas administrativement, [&hellip;]<\/p>\n","protected":false},"author":2,"featured_media":11385,"comment_status":"open","ping_status":"open","sticky":false,"template":"","format":"standard","meta":{"footnotes":""},"categories":[3,356],"tags":[2509,2507,2508,2511,2510],"class_list":["post-11386","post","type-post","status-publish","format-standard","has-post-thumbnail","hentry","category-chroniques","category-en-haut-chroniques","tag-confinement","tag-coronavirus","tag-covid-19","tag-pandemie","tag-tele-travail"],"_links":{"self":[{"href":"https:\/\/alpavista.ch\/Alp11\/wp-json\/wp\/v2\/posts\/11386","targetHints":{"allow":["GET"]}}],"collection":[{"href":"https:\/\/alpavista.ch\/Alp11\/wp-json\/wp\/v2\/posts"}],"about":[{"href":"https:\/\/alpavista.ch\/Alp11\/wp-json\/wp\/v2\/types\/post"}],"author":[{"embeddable":true,"href":"https:\/\/alpavista.ch\/Alp11\/wp-json\/wp\/v2\/users\/2"}],"replies":[{"embeddable":true,"href":"https:\/\/alpavista.ch\/Alp11\/wp-json\/wp\/v2\/comments?post=11386"}],"version-history":[{"count":0,"href":"https:\/\/alpavista.ch\/Alp11\/wp-json\/wp\/v2\/posts\/11386\/revisions"}],"wp:featuredmedia":[{"embeddable":true,"href":"https:\/\/alpavista.ch\/Alp11\/wp-json\/wp\/v2\/media\/11385"}],"wp:attachment":[{"href":"https:\/\/alpavista.ch\/Alp11\/wp-json\/wp\/v2\/media?parent=11386"}],"wp:term":[{"taxonomy":"category","embeddable":true,"href":"https:\/\/alpavista.ch\/Alp11\/wp-json\/wp\/v2\/categories?post=11386"},{"taxonomy":"post_tag","embeddable":true,"href":"https:\/\/alpavista.ch\/Alp11\/wp-json\/wp\/v2\/tags?post=11386"}],"curies":[{"name":"wp","href":"https:\/\/api.w.org\/{rel}","templated":true}]}}