{"id":11463,"date":"2020-08-12T17:32:00","date_gmt":"2020-08-12T15:32:00","guid":{"rendered":"https:\/\/alpavista.ch\/Alp11\/?p=11463"},"modified":"2022-12-09T17:40:53","modified_gmt":"2022-12-09T16:40:53","slug":"wildstrubelhutte-2020","status":"publish","type":"post","link":"https:\/\/alpavista.ch\/Alp11\/2020\/08\/12\/wildstrubelhutte-2020\/","title":{"rendered":"Wildstrubelh\u00fctte 2020"},"content":{"rendered":"<p>Ceux qui se souviennent de l&rsquo;\u00e9poque o\u00f9 les responsables des remont\u00e9es m\u00e9caniques de Crans-Montana <a href=\"https:\/\/alpavista.ch\/Alp11\/2009\/08\/30\/col-de-pochet-09\/\" rel=\"noopener noreferrer\" target=\"_blank\"><strong>interdisaient aux bikers, l\u2019acc\u00e8s au \u00ab funi \u00bb<\/strong><\/a> (apr\u00e8s, \u00e9videmment, leurs avoir vendu un abonnement journalier), sous pr\u00e9texte que les sentiers d\u00e9marrant de la Plaine-Morte \u00e9taient impraticables \u00e0 VTT, vont peut-\u00eatre avoir, \u00e0 nouveau, du grain \u00e0 moudre.<\/p>\n<p>M\u00eame si le changement d&rsquo;attitude de CMA, il y a une petite dizaine d&rsquo;ann\u00e9es, a ouvert la Plaine-Morte aux VTT et fait connaitre l\u2019itin\u00e9raire de la Wildstrubelh\u00fctte bien au-del\u00e0 des fronti\u00e8res helv\u00e9tiques, le temps o\u00f9 il \u00e9tait parcouru chaque jour de beau temps, entre juillet et septembre, par nombre de bikers, est peut-\u00eatre bel et bien r\u00e9volu.<br \/>\n<!--more--><\/p>\n<p>En effet, si les 2&rsquo;837 m\u00e8tres de d\u00e9nivel\u00e9 n\u00e9gatifs sont toujours au rendez-vous, les paysages lunaires du Rawyl, toujours aussi magiques et la succession de sentiers permettant de regagner la plaine, toujours aussi tortueux et rocailleux, les bikers semblent avoir, d\u00e9sormais, d\u00e9sert\u00e9 l\u2019itin\u00e9raire. En ce qui me concerne, c\u2019\u00e9tait m\u00eame la premi\u00e8re fois que je ne croisais aucun VTT entre le radar de la Plaine Morte et St-L\u00e9onard. <\/p>\n<p>Alors, on peut \u00e9videmment invoquer le hasard, mais on peut aussi soup\u00e7onner que l&rsquo;exorbitante augmentation du prix de la mont\u00e9e jusqu\u2019\u00e0 la Plaine Morte, pass\u00e9e de 30.&#8211; \u00e0 55.&#8211;, entre l&rsquo;\u00e9t\u00e9 2019 et l&rsquo;\u00e9t\u00e9 2020, a incit\u00e9 certains VTTistes \u00e0 aller poser leurs roues cramponn\u00e9es ailleurs que sur des chemins pav\u00e9s d&rsquo;or tch\u00e8que.<\/p>\n<style type=\"text\/css\">\n#foogallery-gallery-27859 .fg-image { width: 101px; }\n#foogallery-gallery-27859 { --fg-gutter: 1px; }<\/style>\n\t\t\t<div class=\"foogallery foogallery-container foogallery-default foogallery-lightbox-none fg-left fg-default fg-ready fg-light fg-loading-default fg-loaded-fade-in fg-preset fg-selena fg-preset-small fg-preset fg-selena fg-preset-small\" id=\"foogallery-gallery-27859\" data-foogallery=\"{&quot;item&quot;:{&quot;showCaptionTitle&quot;:false,&quot;showCaptionDescription&quot;:true},&quot;lazy&quot;:true,&quot;state&quot;:{&quot;enabled&quot;:true,&quot;mask&quot;:&quot;foogallery-{id}&quot;}}\" style=\"--fg-title-line-clamp: 0; --fg-description-line-clamp: 0;\" >\n\t<div class=\"fg-item fg-type-image fg-idle\"><figure class=\"fg-item-inner\"><a href=\"https:\/\/alpavista.ch\/Alp11\/wp-content\/uploads\/wildstrubelhuette_20_001.jpg\" data-caption-title=\"Apr\u00e8s la mauvaise surprise, aux caisses de CMA, la bonne, une superbe lumi\u00e8re matinale nous accueille pour entamer notre itin\u00e9raire.\" data-caption-desc=\"Apr\u00e8s la mauvaise surprise, aux caisses de CMA, la bonne, une superbe lumi\u00e8re matinale nous accueille pour entamer notre itin\u00e9raire.\" data-attachment-id=\"27901\" data-type=\"image\" class=\"fg-thumb\"><span class=\"fg-image-wrap\"><img decoding=\"async\" alt=\"wildstrubelhuette_20_001\" title=\"Apr\u00e8s la mauvaise surprise, aux caisses de CMA, la bonne, une superbe lumi\u00e8re matinale nous accueille pour entamer notre itin\u00e9raire.\" width=\"101\" height=\"57\" class=\"skip-lazy fg-image\" data-src-fg=\"https:\/\/alpavista.ch\/Alp11\/wp-content\/uploads\/cache\/wildstrubelhuette_20_001\/2064494849.jpg\" src=\"data:image\/svg+xml,%3Csvg%20xmlns%3D%22http%3A%2F%2Fwww.w3.org%2F2000%2Fsvg%22%20width%3D%22101%22%20height%3D%2257%22%20viewBox%3D%220%200%20101%2057%22%3E%3C%2Fsvg%3E\" loading=\"eager\"><\/span><span class=\"fg-image-overlay\"><\/span><\/a><figcaption class=\"fg-caption\"><div class=\"fg-caption-inner\"><div class=\"fg-caption-desc\">Apr\u00e8s la mauvaise surprise, aux caisses de CMA, la bonne, une superbe lumi\u00e8re matinale nous accueille pour entamer notre itin\u00e9raire.<\/div><\/div><\/figcaption><\/figure><div class=\"fg-loader\"><\/div><\/div><div class=\"fg-item fg-type-image fg-idle\"><figure class=\"fg-item-inner\"><a href=\"https:\/\/alpavista.ch\/Alp11\/wp-content\/uploads\/wildstrubelhuette_20_002.jpg\" data-caption-title=\"Police l&#039;avait \u00e9crit. Nous l&#039;avons juste r\u00e9-adpat\u00e9 : Riding On The Moon.\" data-caption-desc=\"Police l&#039;avait \u00e9crit. Nous l&#039;avons juste r\u00e9-adpat\u00e9 : Riding On The Moon.\" data-attachment-id=\"27900\" data-type=\"image\" class=\"fg-thumb\"><span class=\"fg-image-wrap\"><img decoding=\"async\" alt=\"wildstrubelhuette_20_002\" title=\"Police l&#039;avait \u00e9crit. Nous l&#039;avons juste r\u00e9-adpat\u00e9 : Riding On The Moon.\" width=\"101\" height=\"57\" class=\"skip-lazy fg-image\" data-src-fg=\"https:\/\/alpavista.ch\/Alp11\/wp-content\/uploads\/cache\/wildstrubelhuette_20_002\/2645126061.jpg\" src=\"data:image\/svg+xml,%3Csvg%20xmlns%3D%22http%3A%2F%2Fwww.w3.org%2F2000%2Fsvg%22%20width%3D%22101%22%20height%3D%2257%22%20viewBox%3D%220%200%20101%2057%22%3E%3C%2Fsvg%3E\" loading=\"eager\"><\/span><span class=\"fg-image-overlay\"><\/span><\/a><figcaption class=\"fg-caption\"><div class=\"fg-caption-inner\"><div class=\"fg-caption-desc\">Police l'avait \u00e9crit. Nous l'avons juste r\u00e9-adpat\u00e9 : Riding On The Moon.<\/div><\/div><\/figcaption><\/figure><div class=\"fg-loader\"><\/div><\/div><div class=\"fg-item fg-type-image fg-idle\"><figure class=\"fg-item-inner\"><a href=\"https:\/\/alpavista.ch\/Alp11\/wp-content\/uploads\/wildstrubelhuette_20_003.jpg\" data-caption-title=\"Pas de grande bleu, comme pour beaucoup de Suisses, cet \u00e9t\u00e9, mais juste un petit blanc, toujours vaillant.\" data-caption-desc=\"Pas de grande bleu, comme pour beaucoup de Suisses, cet \u00e9t\u00e9, mais juste un petit blanc, toujours vaillant.\" data-attachment-id=\"27899\" data-type=\"image\" class=\"fg-thumb\"><span class=\"fg-image-wrap\"><img decoding=\"async\" alt=\"wildstrubelhuette_20_003\" title=\"Pas de grande bleu, comme pour beaucoup de Suisses, cet \u00e9t\u00e9, mais juste un petit blanc, toujours vaillant.\" width=\"101\" height=\"57\" class=\"skip-lazy fg-image\" data-src-fg=\"https:\/\/alpavista.ch\/Alp11\/wp-content\/uploads\/cache\/wildstrubelhuette_20_003\/4202894646.jpg\" src=\"data:image\/svg+xml,%3Csvg%20xmlns%3D%22http%3A%2F%2Fwww.w3.org%2F2000%2Fsvg%22%20width%3D%22101%22%20height%3D%2257%22%20viewBox%3D%220%200%20101%2057%22%3E%3C%2Fsvg%3E\" loading=\"eager\"><\/span><span class=\"fg-image-overlay\"><\/span><\/a><figcaption class=\"fg-caption\"><div class=\"fg-caption-inner\"><div class=\"fg-caption-desc\">Pas de grande bleu, comme pour beaucoup de Suisses, cet \u00e9t\u00e9, mais juste un petit blanc, toujours vaillant.<\/div><\/div><\/figcaption><\/figure><div class=\"fg-loader\"><\/div><\/div><div class=\"fg-item fg-type-image fg-idle\"><figure class=\"fg-item-inner\"><a href=\"https:\/\/alpavista.ch\/Alp11\/wp-content\/uploads\/wildstrubelhuette_20_004.jpg\" data-caption-title=\"La premi\u00e8re cassure de pente est toujours \u00e0 sa place, charg\u00e9e de d\u00e9coller les paupi\u00e8res des adeptes de grass&#039;mat.\" data-caption-desc=\"La premi\u00e8re cassure de pente est toujours \u00e0 sa place, charg\u00e9e de d\u00e9coller les paupi\u00e8res des adeptes de grass&#039;mat.\" data-attachment-id=\"27898\" data-type=\"image\" class=\"fg-thumb\"><span class=\"fg-image-wrap\"><img decoding=\"async\" alt=\"wildstrubelhuette_20_004\" title=\"La premi\u00e8re cassure de pente est toujours \u00e0 sa place, charg\u00e9e de d\u00e9coller les paupi\u00e8res des adeptes de grass&#039;mat.\" width=\"101\" height=\"57\" class=\"skip-lazy fg-image\" data-src-fg=\"https:\/\/alpavista.ch\/Alp11\/wp-content\/uploads\/cache\/wildstrubelhuette_20_004\/2557329760.jpg\" src=\"data:image\/svg+xml,%3Csvg%20xmlns%3D%22http%3A%2F%2Fwww.w3.org%2F2000%2Fsvg%22%20width%3D%22101%22%20height%3D%2257%22%20viewBox%3D%220%200%20101%2057%22%3E%3C%2Fsvg%3E\" loading=\"eager\"><\/span><span class=\"fg-image-overlay\"><\/span><\/a><figcaption class=\"fg-caption\"><div class=\"fg-caption-inner\"><div class=\"fg-caption-desc\">La premi\u00e8re cassure de pente est toujours \u00e0 sa place, charg\u00e9e de d\u00e9coller les paupi\u00e8res des adeptes de grass'mat.<\/div><\/div><\/figcaption><\/figure><div class=\"fg-loader\"><\/div><\/div><div class=\"fg-item fg-type-image fg-idle\"><figure class=\"fg-item-inner\"><a href=\"https:\/\/alpavista.ch\/Alp11\/wp-content\/uploads\/wildstrubelhuette_20_005.jpg\" data-caption-title=\"D\u00e9coller les yeux, d&#039;accord, mais les lever, non. Ou en tout cas, pas trop. Les am\u00e9nagements militaires du sommet du Wisshore sont top secrets.\" data-caption-desc=\"D\u00e9coller les yeux, d&#039;accord, mais les lever, non. Ou en tout cas, pas trop. Les am\u00e9nagements militaires du sommet du Wisshore sont top secrets.\" data-attachment-id=\"27897\" data-type=\"image\" class=\"fg-thumb\"><span class=\"fg-image-wrap\"><img decoding=\"async\" alt=\"wildstrubelhuette_20_005\" title=\"D\u00e9coller les yeux, d&#039;accord, mais les lever, non. Ou en tout cas, pas trop. Les am\u00e9nagements militaires du sommet du Wisshore sont top secrets.\" width=\"101\" height=\"57\" class=\"skip-lazy fg-image\" data-src-fg=\"https:\/\/alpavista.ch\/Alp11\/wp-content\/uploads\/cache\/wildstrubelhuette_20_005\/1624847272.jpg\" src=\"data:image\/svg+xml,%3Csvg%20xmlns%3D%22http%3A%2F%2Fwww.w3.org%2F2000%2Fsvg%22%20width%3D%22101%22%20height%3D%2257%22%20viewBox%3D%220%200%20101%2057%22%3E%3C%2Fsvg%3E\" loading=\"eager\"><\/span><span class=\"fg-image-overlay\"><\/span><\/a><figcaption class=\"fg-caption\"><div class=\"fg-caption-inner\"><div class=\"fg-caption-desc\">D\u00e9coller les yeux, d'accord, mais les lever, non. Ou en tout cas, pas trop. Les am\u00e9nagements militaires du sommet du Wisshore sont top secrets.<\/div><\/div><\/figcaption><\/figure><div class=\"fg-loader\"><\/div><\/div><div class=\"fg-item fg-type-image fg-idle\"><figure class=\"fg-item-inner\"><a href=\"https:\/\/alpavista.ch\/Alp11\/wp-content\/uploads\/wildstrubelhuette_20_006.jpg\" data-caption-title=\"Moins de neige que la saison pass\u00e9e, \u00e7a signifie aussi, plus de selle.\" data-caption-desc=\"Moins de neige que la saison pass\u00e9e, \u00e7a signifie aussi, plus de selle.\" data-attachment-id=\"27896\" data-type=\"image\" class=\"fg-thumb\"><span class=\"fg-image-wrap\"><img decoding=\"async\" alt=\"wildstrubelhuette_20_006\" title=\"Moins de neige que la saison pass\u00e9e, \u00e7a signifie aussi, plus de selle.\" width=\"101\" height=\"57\" class=\"skip-lazy fg-image\" data-src-fg=\"https:\/\/alpavista.ch\/Alp11\/wp-content\/uploads\/cache\/wildstrubelhuette_20_006\/2256398596.jpg\" src=\"data:image\/svg+xml,%3Csvg%20xmlns%3D%22http%3A%2F%2Fwww.w3.org%2F2000%2Fsvg%22%20width%3D%22101%22%20height%3D%2257%22%20viewBox%3D%220%200%20101%2057%22%3E%3C%2Fsvg%3E\" loading=\"eager\"><\/span><span class=\"fg-image-overlay\"><\/span><\/a><figcaption class=\"fg-caption\"><div class=\"fg-caption-inner\"><div class=\"fg-caption-desc\">Moins de neige que la saison pass\u00e9e, \u00e7a signifie aussi, plus de selle.<\/div><\/div><\/figcaption><\/figure><div class=\"fg-loader\"><\/div><\/div><div class=\"fg-item fg-type-image fg-idle\"><figure class=\"fg-item-inner\"><a href=\"https:\/\/alpavista.ch\/Alp11\/wp-content\/uploads\/wildstrubelhuette_20_007.jpg\" data-caption-title=\"Du c\u00f4t\u00e9 du sud-ouest, \u00e7a cumule et \u00e7a fume aussi rapidement qu&#039;annonc\u00e9.\" data-caption-desc=\"Du c\u00f4t\u00e9 du sud-ouest, \u00e7a cumule et \u00e7a fume aussi rapidement qu&#039;annonc\u00e9.\" data-attachment-id=\"27895\" data-type=\"image\" class=\"fg-thumb\"><span class=\"fg-image-wrap\"><img decoding=\"async\" alt=\"wildstrubelhuette_20_007\" title=\"Du c\u00f4t\u00e9 du sud-ouest, \u00e7a cumule et \u00e7a fume aussi rapidement qu&#039;annonc\u00e9.\" width=\"101\" height=\"57\" class=\"skip-lazy fg-image\" data-src-fg=\"https:\/\/alpavista.ch\/Alp11\/wp-content\/uploads\/cache\/wildstrubelhuette_20_007\/4071329355.jpg\" src=\"data:image\/svg+xml,%3Csvg%20xmlns%3D%22http%3A%2F%2Fwww.w3.org%2F2000%2Fsvg%22%20width%3D%22101%22%20height%3D%2257%22%20viewBox%3D%220%200%20101%2057%22%3E%3C%2Fsvg%3E\" loading=\"eager\"><\/span><span class=\"fg-image-overlay\"><\/span><\/a><figcaption class=\"fg-caption\"><div class=\"fg-caption-inner\"><div class=\"fg-caption-desc\">Du c\u00f4t\u00e9 du sud-ouest, \u00e7a cumule et \u00e7a fume aussi rapidement qu'annonc\u00e9.<\/div><\/div><\/figcaption><\/figure><div class=\"fg-loader\"><\/div><\/div><div class=\"fg-item fg-type-image fg-idle\"><figure class=\"fg-item-inner\"><a href=\"https:\/\/alpavista.ch\/Alp11\/wp-content\/uploads\/wildstrubelhuette_20_008.jpg\" data-caption-title=\"D\u00e9marrer t\u00f4t et rouler vite vont peut-\u00eatre nous \u00e9pargner d&#039;avoir \u00e0 K-Wayter.\" data-caption-desc=\"D\u00e9marrer t\u00f4t et rouler vite vont peut-\u00eatre nous \u00e9pargner d&#039;avoir \u00e0 K-Wayter.\" data-attachment-id=\"27894\" data-type=\"image\" class=\"fg-thumb\"><span class=\"fg-image-wrap\"><img decoding=\"async\" alt=\"wildstrubelhuette_20_008\" title=\"D\u00e9marrer t\u00f4t et rouler vite vont peut-\u00eatre nous \u00e9pargner d&#039;avoir \u00e0 K-Wayter.\" width=\"101\" height=\"57\" class=\"skip-lazy fg-image\" data-src-fg=\"https:\/\/alpavista.ch\/Alp11\/wp-content\/uploads\/cache\/wildstrubelhuette_20_008\/1134576040.jpg\" src=\"data:image\/svg+xml,%3Csvg%20xmlns%3D%22http%3A%2F%2Fwww.w3.org%2F2000%2Fsvg%22%20width%3D%22101%22%20height%3D%2257%22%20viewBox%3D%220%200%20101%2057%22%3E%3C%2Fsvg%3E\" loading=\"eager\"><\/span><span class=\"fg-image-overlay\"><\/span><\/a><figcaption class=\"fg-caption\"><div class=\"fg-caption-inner\"><div class=\"fg-caption-desc\">D\u00e9marrer t\u00f4t et rouler vite vont peut-\u00eatre nous \u00e9pargner d'avoir \u00e0 K-Wayter.<\/div><\/div><\/figcaption><\/figure><div class=\"fg-loader\"><\/div><\/div><div class=\"fg-item fg-type-image fg-idle\"><figure class=\"fg-item-inner\"><a href=\"https:\/\/alpavista.ch\/Alp11\/wp-content\/uploads\/wildstrubelhuette_20_009.jpg\" data-caption-title=\"Totalement d\u00e9neig\u00e9s, les 2&#039;851 m\u00e8tres du Wisshorel\u00fccke sont rapidement aval\u00e9s...\" data-caption-desc=\"Totalement d\u00e9neig\u00e9s, les 2&#039;851 m\u00e8tres du Wisshorel\u00fccke sont rapidement aval\u00e9s...\" data-attachment-id=\"27893\" data-type=\"image\" class=\"fg-thumb\"><span class=\"fg-image-wrap\"><img decoding=\"async\" alt=\"wildstrubelhuette_20_009\" title=\"Totalement d\u00e9neig\u00e9s, les 2&#039;851 m\u00e8tres du Wisshorel\u00fccke sont rapidement aval\u00e9s...\" width=\"101\" height=\"57\" class=\"skip-lazy fg-image\" data-src-fg=\"https:\/\/alpavista.ch\/Alp11\/wp-content\/uploads\/cache\/wildstrubelhuette_20_009\/1286100378.jpg\" src=\"data:image\/svg+xml,%3Csvg%20xmlns%3D%22http%3A%2F%2Fwww.w3.org%2F2000%2Fsvg%22%20width%3D%22101%22%20height%3D%2257%22%20viewBox%3D%220%200%20101%2057%22%3E%3C%2Fsvg%3E\" loading=\"eager\"><\/span><span class=\"fg-image-overlay\"><\/span><\/a><figcaption class=\"fg-caption\"><div class=\"fg-caption-inner\"><div class=\"fg-caption-desc\">Totalement d\u00e9neig\u00e9s, les 2'851 m\u00e8tres du Wisshorel\u00fccke sont rapidement aval\u00e9s...<\/div><\/div><\/figcaption><\/figure><div class=\"fg-loader\"><\/div><\/div><div class=\"fg-item fg-type-image fg-idle\"><figure class=\"fg-item-inner\"><a href=\"https:\/\/alpavista.ch\/Alp11\/wp-content\/uploads\/wildstrubelhuette_20_010.jpg\" data-caption-title=\"... et le grand basculement, d\u00e9j\u00e0 d&#039;actualit\u00e9.\" data-caption-desc=\"... et le grand basculement, d\u00e9j\u00e0 d&#039;actualit\u00e9.\" data-attachment-id=\"27892\" data-type=\"image\" class=\"fg-thumb\"><span class=\"fg-image-wrap\"><img decoding=\"async\" alt=\"wildstrubelhuette_20_010\" title=\"... et le grand basculement, d\u00e9j\u00e0 d&#039;actualit\u00e9.\" width=\"101\" height=\"57\" class=\"skip-lazy fg-image\" data-src-fg=\"https:\/\/alpavista.ch\/Alp11\/wp-content\/uploads\/cache\/wildstrubelhuette_20_010\/750225341.jpg\" src=\"data:image\/svg+xml,%3Csvg%20xmlns%3D%22http%3A%2F%2Fwww.w3.org%2F2000%2Fsvg%22%20width%3D%22101%22%20height%3D%2257%22%20viewBox%3D%220%200%20101%2057%22%3E%3C%2Fsvg%3E\" loading=\"eager\"><\/span><span class=\"fg-image-overlay\"><\/span><\/a><figcaption class=\"fg-caption\"><div class=\"fg-caption-inner\"><div class=\"fg-caption-desc\">... et le grand basculement, d\u00e9j\u00e0 d'actualit\u00e9.<\/div><\/div><\/figcaption><\/figure><div class=\"fg-loader\"><\/div><\/div><div class=\"fg-item fg-type-image fg-idle\"><figure class=\"fg-item-inner\"><a href=\"https:\/\/alpavista.ch\/Alp11\/wp-content\/uploads\/wildstrubelhuette_20_011.jpg\" data-caption-title=\"Franchement, \u00e7a se voit que nous roulons (provisoirement) en terres bernoises ?\" data-caption-desc=\"Franchement, \u00e7a se voit que nous roulons (provisoirement) en terres bernoises ?\" data-attachment-id=\"27891\" data-type=\"image\" class=\"fg-thumb\"><span class=\"fg-image-wrap\"><img decoding=\"async\" alt=\"wildstrubelhuette_20_011\" title=\"Franchement, \u00e7a se voit que nous roulons (provisoirement) en terres bernoises ?\" width=\"101\" height=\"57\" class=\"skip-lazy fg-image\" data-src-fg=\"https:\/\/alpavista.ch\/Alp11\/wp-content\/uploads\/cache\/wildstrubelhuette_20_011\/1482809586.jpg\" src=\"data:image\/svg+xml,%3Csvg%20xmlns%3D%22http%3A%2F%2Fwww.w3.org%2F2000%2Fsvg%22%20width%3D%22101%22%20height%3D%2257%22%20viewBox%3D%220%200%20101%2057%22%3E%3C%2Fsvg%3E\" loading=\"eager\"><\/span><span class=\"fg-image-overlay\"><\/span><\/a><figcaption class=\"fg-caption\"><div class=\"fg-caption-inner\"><div class=\"fg-caption-desc\">Franchement, \u00e7a se voit que nous roulons (provisoirement) en terres bernoises ?<\/div><\/div><\/figcaption><\/figure><div class=\"fg-loader\"><\/div><\/div><div class=\"fg-item fg-type-image fg-idle\"><figure class=\"fg-item-inner\"><a href=\"https:\/\/alpavista.ch\/Alp11\/wp-content\/uploads\/wildstrubelhuette_20_012.jpg\" data-caption-title=\"Y a quand m\u00eame beaucoup de caillasse et de gravier ! Non ?\" data-caption-desc=\"Y a quand m\u00eame beaucoup de caillasse et de gravier ! Non ?\" data-attachment-id=\"27890\" data-type=\"image\" class=\"fg-thumb\"><span class=\"fg-image-wrap\"><img decoding=\"async\" alt=\"wildstrubelhuette_20_012\" title=\"Y a quand m\u00eame beaucoup de caillasse et de gravier ! Non ?\" width=\"101\" height=\"57\" class=\"skip-lazy fg-image\" data-src-fg=\"https:\/\/alpavista.ch\/Alp11\/wp-content\/uploads\/cache\/wildstrubelhuette_20_012\/3200596574.jpg\" src=\"data:image\/svg+xml,%3Csvg%20xmlns%3D%22http%3A%2F%2Fwww.w3.org%2F2000%2Fsvg%22%20width%3D%22101%22%20height%3D%2257%22%20viewBox%3D%220%200%20101%2057%22%3E%3C%2Fsvg%3E\" loading=\"eager\"><\/span><span class=\"fg-image-overlay\"><\/span><\/a><figcaption class=\"fg-caption\"><div class=\"fg-caption-inner\"><div class=\"fg-caption-desc\">Y a quand m\u00eame beaucoup de caillasse et de gravier ! Non ?<\/div><\/div><\/figcaption><\/figure><div class=\"fg-loader\"><\/div><\/div><div class=\"fg-item fg-type-image fg-idle\"><figure class=\"fg-item-inner\"><a href=\"https:\/\/alpavista.ch\/Alp11\/wp-content\/uploads\/wildstrubelhuette_20_013.jpg\" data-caption-title=\"On se serait bien arr\u00eat\u00e9 pour un petit caf\u00e9, mais avec la nouvelle politique de prix de M. Vitek, on a plus vraiment d&#039;argent \u00e0 d\u00e9penser.\" data-caption-desc=\"On se serait bien arr\u00eat\u00e9 pour un petit caf\u00e9, mais avec la nouvelle politique de prix de M. Vitek, on a plus vraiment d&#039;argent \u00e0 d\u00e9penser.\" data-attachment-id=\"27889\" data-type=\"image\" class=\"fg-thumb\"><span class=\"fg-image-wrap\"><img decoding=\"async\" alt=\"wildstrubelhuette_20_013\" title=\"On se serait bien arr\u00eat\u00e9 pour un petit caf\u00e9, mais avec la nouvelle politique de prix de M. Vitek, on a plus vraiment d&#039;argent \u00e0 d\u00e9penser.\" width=\"101\" height=\"57\" class=\"skip-lazy fg-image\" data-src-fg=\"https:\/\/alpavista.ch\/Alp11\/wp-content\/uploads\/cache\/wildstrubelhuette_20_013\/200505001.jpg\" src=\"data:image\/svg+xml,%3Csvg%20xmlns%3D%22http%3A%2F%2Fwww.w3.org%2F2000%2Fsvg%22%20width%3D%22101%22%20height%3D%2257%22%20viewBox%3D%220%200%20101%2057%22%3E%3C%2Fsvg%3E\" loading=\"eager\"><\/span><span class=\"fg-image-overlay\"><\/span><\/a><figcaption class=\"fg-caption\"><div class=\"fg-caption-inner\"><div class=\"fg-caption-desc\">On se serait bien arr\u00eat\u00e9 pour un petit caf\u00e9, mais avec la nouvelle politique de prix de M. Vitek, on a plus vraiment d'argent \u00e0 d\u00e9penser.<\/div><\/div><\/figcaption><\/figure><div class=\"fg-loader\"><\/div><\/div><div class=\"fg-item fg-type-image fg-idle\"><figure class=\"fg-item-inner\"><a href=\"https:\/\/alpavista.ch\/Alp11\/wp-content\/uploads\/wildstrubelhuette_20_014.jpg\" data-caption-title=\"Qu&#039;est-ce qui peut bien donner cette couleur aux cailloux ? Le t\u00e9l\u00e9ph\u00e9rique militaire ?\" data-caption-desc=\"Qu&#039;est-ce qui peut bien donner cette couleur aux cailloux ? Le t\u00e9l\u00e9ph\u00e9rique militaire ?\" data-attachment-id=\"27888\" data-type=\"image\" class=\"fg-thumb\"><span class=\"fg-image-wrap\"><img decoding=\"async\" alt=\"wildstrubelhuette_20_014\" title=\"Qu&#039;est-ce qui peut bien donner cette couleur aux cailloux ? Le t\u00e9l\u00e9ph\u00e9rique militaire ?\" width=\"101\" height=\"57\" class=\"skip-lazy fg-image\" data-src-fg=\"https:\/\/alpavista.ch\/Alp11\/wp-content\/uploads\/cache\/wildstrubelhuette_20_014\/1763549951.jpg\" src=\"data:image\/svg+xml,%3Csvg%20xmlns%3D%22http%3A%2F%2Fwww.w3.org%2F2000%2Fsvg%22%20width%3D%22101%22%20height%3D%2257%22%20viewBox%3D%220%200%20101%2057%22%3E%3C%2Fsvg%3E\" loading=\"eager\"><\/span><span class=\"fg-image-overlay\"><\/span><\/a><figcaption class=\"fg-caption\"><div class=\"fg-caption-inner\"><div class=\"fg-caption-desc\">Qu'est-ce qui peut bien donner cette couleur aux cailloux ? Le t\u00e9l\u00e9ph\u00e9rique militaire ?<\/div><\/div><\/figcaption><\/figure><div class=\"fg-loader\"><\/div><\/div><div class=\"fg-item fg-type-image fg-idle\"><figure class=\"fg-item-inner\"><a href=\"https:\/\/alpavista.ch\/Alp11\/wp-content\/uploads\/wildstrubelhuette_20_015.jpg\" data-caption-title=\"Si les Rawilseeleni pointent d\u00e9j\u00e0 leur turquoise \u00e0 l&#039;horizon, le plan inclin\u00e9 qui nous en s\u00e9pare impose le respect et la prudence.\" data-caption-desc=\"Si les Rawilseeleni pointent d\u00e9j\u00e0 leur turquoise \u00e0 l&#039;horizon, le plan inclin\u00e9 qui nous en s\u00e9pare impose le respect et la prudence.\" data-attachment-id=\"27887\" data-type=\"image\" class=\"fg-thumb\"><span class=\"fg-image-wrap\"><img decoding=\"async\" alt=\"wildstrubelhuette_20_015\" title=\"Si les Rawilseeleni pointent d\u00e9j\u00e0 leur turquoise \u00e0 l&#039;horizon, le plan inclin\u00e9 qui nous en s\u00e9pare impose le respect et la prudence.\" width=\"101\" height=\"57\" class=\"skip-lazy fg-image\" data-src-fg=\"https:\/\/alpavista.ch\/Alp11\/wp-content\/uploads\/cache\/wildstrubelhuette_20_015\/2443792439.jpg\" src=\"data:image\/svg+xml,%3Csvg%20xmlns%3D%22http%3A%2F%2Fwww.w3.org%2F2000%2Fsvg%22%20width%3D%22101%22%20height%3D%2257%22%20viewBox%3D%220%200%20101%2057%22%3E%3C%2Fsvg%3E\" loading=\"eager\"><\/span><span class=\"fg-image-overlay\"><\/span><\/a><figcaption class=\"fg-caption\"><div class=\"fg-caption-inner\"><div class=\"fg-caption-desc\">Si les Rawilseeleni pointent d\u00e9j\u00e0 leur turquoise \u00e0 l'horizon, le plan inclin\u00e9 qui nous en s\u00e9pare impose le respect et la prudence.<\/div><\/div><\/figcaption><\/figure><div class=\"fg-loader\"><\/div><\/div><div class=\"fg-item fg-type-image fg-idle\"><figure class=\"fg-item-inner\"><a href=\"https:\/\/alpavista.ch\/Alp11\/wp-content\/uploads\/wildstrubelhuette_20_016.jpg\" data-caption-title=\"Sa d\u00e9clivit\u00e9 g\u00e9n\u00e9rale est largement sup\u00e9rieure \u00e0 ce que rendent les photos.\" data-caption-desc=\"Sa d\u00e9clivit\u00e9 g\u00e9n\u00e9rale est largement sup\u00e9rieure \u00e0 ce que rendent les photos.\" data-attachment-id=\"27886\" data-type=\"image\" class=\"fg-thumb\"><span class=\"fg-image-wrap\"><img decoding=\"async\" alt=\"wildstrubelhuette_20_016\" title=\"Sa d\u00e9clivit\u00e9 g\u00e9n\u00e9rale est largement sup\u00e9rieure \u00e0 ce que rendent les photos.\" width=\"101\" height=\"57\" class=\"skip-lazy fg-image\" data-src-fg=\"https:\/\/alpavista.ch\/Alp11\/wp-content\/uploads\/cache\/wildstrubelhuette_20_016\/1997376155.jpg\" src=\"data:image\/svg+xml,%3Csvg%20xmlns%3D%22http%3A%2F%2Fwww.w3.org%2F2000%2Fsvg%22%20width%3D%22101%22%20height%3D%2257%22%20viewBox%3D%220%200%20101%2057%22%3E%3C%2Fsvg%3E\" loading=\"eager\"><\/span><span class=\"fg-image-overlay\"><\/span><\/a><figcaption class=\"fg-caption\"><div class=\"fg-caption-inner\"><div class=\"fg-caption-desc\">Sa d\u00e9clivit\u00e9 g\u00e9n\u00e9rale est largement sup\u00e9rieure \u00e0 ce que rendent les photos.<\/div><\/div><\/figcaption><\/figure><div class=\"fg-loader\"><\/div><\/div><div class=\"fg-item fg-type-image fg-idle\"><figure class=\"fg-item-inner\"><a href=\"https:\/\/alpavista.ch\/Alp11\/wp-content\/uploads\/wildstrubelhuette_20_017.jpg\" data-caption-title=\"Heureusement, \u00e0 force d&#039;\u00eatre roul\u00e9, son chemin gagne en &quot;bike-compatibilit\u00e9&quot;.\" data-caption-desc=\"Heureusement, \u00e0 force d&#039;\u00eatre roul\u00e9, son chemin gagne en &quot;bike-compatibilit\u00e9&quot;.\" data-attachment-id=\"27885\" data-type=\"image\" class=\"fg-thumb\"><span class=\"fg-image-wrap\"><img decoding=\"async\" alt=\"wildstrubelhuette_20_017\" title=\"Heureusement, \u00e0 force d&#039;\u00eatre roul\u00e9, son chemin gagne en &quot;bike-compatibilit\u00e9&quot;.\" width=\"101\" height=\"57\" class=\"skip-lazy fg-image\" data-src-fg=\"https:\/\/alpavista.ch\/Alp11\/wp-content\/uploads\/cache\/wildstrubelhuette_20_017\/64744916.jpg\" src=\"data:image\/svg+xml,%3Csvg%20xmlns%3D%22http%3A%2F%2Fwww.w3.org%2F2000%2Fsvg%22%20width%3D%22101%22%20height%3D%2257%22%20viewBox%3D%220%200%20101%2057%22%3E%3C%2Fsvg%3E\" loading=\"eager\"><\/span><span class=\"fg-image-overlay\"><\/span><\/a><figcaption class=\"fg-caption\"><div class=\"fg-caption-inner\"><div class=\"fg-caption-desc\">Heureusement, \u00e0 force d'\u00eatre roul\u00e9, son chemin gagne en \"bike-compatibilit\u00e9\".<\/div><\/div><\/figcaption><\/figure><div class=\"fg-loader\"><\/div><\/div><div class=\"fg-item fg-type-image fg-idle\"><figure class=\"fg-item-inner\"><a href=\"https:\/\/alpavista.ch\/Alp11\/wp-content\/uploads\/wildstrubelhuette_20_018.jpg\" data-caption-title=\"Ce qui n&#039;emp\u00eache pas de conserver les sens des priorit\u00e9s,\" data-caption-desc=\"Ce qui n&#039;emp\u00eache pas de conserver les sens des priorit\u00e9s,\" data-attachment-id=\"27884\" data-type=\"image\" class=\"fg-thumb\"><span class=\"fg-image-wrap\"><img decoding=\"async\" alt=\"wildstrubelhuette_20_018\" title=\"Ce qui n&#039;emp\u00eache pas de conserver les sens des priorit\u00e9s,\" width=\"101\" height=\"57\" class=\"skip-lazy fg-image\" data-src-fg=\"https:\/\/alpavista.ch\/Alp11\/wp-content\/uploads\/cache\/wildstrubelhuette_20_018\/2999984695.jpg\" src=\"data:image\/svg+xml,%3Csvg%20xmlns%3D%22http%3A%2F%2Fwww.w3.org%2F2000%2Fsvg%22%20width%3D%22101%22%20height%3D%2257%22%20viewBox%3D%220%200%20101%2057%22%3E%3C%2Fsvg%3E\" loading=\"eager\"><\/span><span class=\"fg-image-overlay\"><\/span><\/a><figcaption class=\"fg-caption\"><div class=\"fg-caption-inner\"><div class=\"fg-caption-desc\">Ce qui n'emp\u00eache pas de conserver les sens des priorit\u00e9s,<\/div><\/div><\/figcaption><\/figure><div class=\"fg-loader\"><\/div><\/div><div class=\"fg-item fg-type-image fg-idle\"><figure class=\"fg-item-inner\"><a href=\"https:\/\/alpavista.ch\/Alp11\/wp-content\/uploads\/wildstrubelhuette_20_019.jpg\" data-caption-title=\"D\u00e9j\u00e0 du vert \u00e0 l&#039;horizon ? Et on n&#039;est pas encore en p\u00e9riode d&#039;\u00e9lections.\" data-caption-desc=\"D\u00e9j\u00e0 du vert \u00e0 l&#039;horizon ? Et on n&#039;est pas encore en p\u00e9riode d&#039;\u00e9lections.\" data-attachment-id=\"27883\" data-type=\"image\" class=\"fg-thumb\"><span class=\"fg-image-wrap\"><img decoding=\"async\" alt=\"wildstrubelhuette_20_019\" title=\"D\u00e9j\u00e0 du vert \u00e0 l&#039;horizon ? Et on n&#039;est pas encore en p\u00e9riode d&#039;\u00e9lections.\" width=\"101\" height=\"57\" class=\"skip-lazy fg-image\" data-src-fg=\"https:\/\/alpavista.ch\/Alp11\/wp-content\/uploads\/cache\/wildstrubelhuette_20_019\/3185063429.jpg\" src=\"data:image\/svg+xml,%3Csvg%20xmlns%3D%22http%3A%2F%2Fwww.w3.org%2F2000%2Fsvg%22%20width%3D%22101%22%20height%3D%2257%22%20viewBox%3D%220%200%20101%2057%22%3E%3C%2Fsvg%3E\" loading=\"eager\"><\/span><span class=\"fg-image-overlay\"><\/span><\/a><figcaption class=\"fg-caption\"><div class=\"fg-caption-inner\"><div class=\"fg-caption-desc\">D\u00e9j\u00e0 du vert \u00e0 l'horizon ? Et on n'est pas encore en p\u00e9riode d'\u00e9lections.<\/div><\/div><\/figcaption><\/figure><div class=\"fg-loader\"><\/div><\/div><div class=\"fg-item fg-type-image fg-idle\"><figure class=\"fg-item-inner\"><a href=\"https:\/\/alpavista.ch\/Alp11\/wp-content\/uploads\/wildstrubelhuette_20_020.jpg\" data-caption-title=\"Bien nettoy\u00e9 (!!!) par le passage des deux roues, le chemin de la &quot;H\u00fctte&quot; devient chaque ann\u00e9e plus roulable dans son int\u00e9gralit\u00e9.\" data-caption-desc=\"Bien nettoy\u00e9 (!!!) par le passage des deux roues, le chemin de la &quot;H\u00fctte&quot; devient chaque ann\u00e9e plus roulable dans son int\u00e9gralit\u00e9.\" data-attachment-id=\"27882\" data-type=\"image\" class=\"fg-thumb\"><span class=\"fg-image-wrap\"><img decoding=\"async\" alt=\"wildstrubelhuette_20_020\" title=\"Bien nettoy\u00e9 (!!!) par le passage des deux roues, le chemin de la &quot;H\u00fctte&quot; devient chaque ann\u00e9e plus roulable dans son int\u00e9gralit\u00e9.\" width=\"101\" height=\"57\" class=\"skip-lazy fg-image\" data-src-fg=\"https:\/\/alpavista.ch\/Alp11\/wp-content\/uploads\/cache\/wildstrubelhuette_20_020\/4080127140.jpg\" src=\"data:image\/svg+xml,%3Csvg%20xmlns%3D%22http%3A%2F%2Fwww.w3.org%2F2000%2Fsvg%22%20width%3D%22101%22%20height%3D%2257%22%20viewBox%3D%220%200%20101%2057%22%3E%3C%2Fsvg%3E\" loading=\"eager\"><\/span><span class=\"fg-image-overlay\"><\/span><\/a><figcaption class=\"fg-caption\"><div class=\"fg-caption-inner\"><div class=\"fg-caption-desc\">Bien nettoy\u00e9 (!!!) par le passage des deux roues, le chemin de la \"H\u00fctte\" devient chaque ann\u00e9e plus roulable dans son int\u00e9gralit\u00e9.<\/div><\/div><\/figcaption><\/figure><div class=\"fg-loader\"><\/div><\/div><div class=\"fg-item fg-type-image fg-idle\"><figure class=\"fg-item-inner\"><a href=\"https:\/\/alpavista.ch\/Alp11\/wp-content\/uploads\/wildstrubelhuette_20_021.jpg\" data-caption-title=\"Il faut juste \u00e9viter d&#039;emprunter ses tron\u00e7ons enti\u00e8rement en rocher.\" data-caption-desc=\"Il faut juste \u00e9viter d&#039;emprunter ses tron\u00e7ons enti\u00e8rement en rocher.\" data-attachment-id=\"27881\" data-type=\"image\" class=\"fg-thumb\"><span class=\"fg-image-wrap\"><img decoding=\"async\" alt=\"wildstrubelhuette_20_021\" title=\"Il faut juste \u00e9viter d&#039;emprunter ses tron\u00e7ons enti\u00e8rement en rocher.\" width=\"101\" height=\"57\" class=\"skip-lazy fg-image\" data-src-fg=\"https:\/\/alpavista.ch\/Alp11\/wp-content\/uploads\/cache\/wildstrubelhuette_20_021\/2280106987.jpg\" src=\"data:image\/svg+xml,%3Csvg%20xmlns%3D%22http%3A%2F%2Fwww.w3.org%2F2000%2Fsvg%22%20width%3D%22101%22%20height%3D%2257%22%20viewBox%3D%220%200%20101%2057%22%3E%3C%2Fsvg%3E\" loading=\"eager\"><\/span><span class=\"fg-image-overlay\"><\/span><\/a><figcaption class=\"fg-caption\"><div class=\"fg-caption-inner\"><div class=\"fg-caption-desc\">Il faut juste \u00e9viter d'emprunter ses tron\u00e7ons enti\u00e8rement en rocher.<\/div><\/div><\/figcaption><\/figure><div class=\"fg-loader\"><\/div><\/div><div class=\"fg-item fg-type-image fg-idle\"><figure class=\"fg-item-inner\"><a href=\"https:\/\/alpavista.ch\/Alp11\/wp-content\/uploads\/wildstrubelhuette_20_022.jpg\" data-caption-title=\"Le cas du pan sommital, r\u00e9gl\u00e9, reste la zone de moraines \u00e0 traverser.\" data-caption-desc=\"Le cas du pan sommital, r\u00e9gl\u00e9, reste la zone de moraines \u00e0 traverser.\" data-attachment-id=\"27880\" data-type=\"image\" class=\"fg-thumb\"><span class=\"fg-image-wrap\"><img decoding=\"async\" alt=\"wildstrubelhuette_20_022\" title=\"Le cas du pan sommital, r\u00e9gl\u00e9, reste la zone de moraines \u00e0 traverser.\" width=\"101\" height=\"57\" class=\"skip-lazy fg-image\" data-src-fg=\"https:\/\/alpavista.ch\/Alp11\/wp-content\/uploads\/cache\/wildstrubelhuette_20_022\/1631809863.jpg\" src=\"data:image\/svg+xml,%3Csvg%20xmlns%3D%22http%3A%2F%2Fwww.w3.org%2F2000%2Fsvg%22%20width%3D%22101%22%20height%3D%2257%22%20viewBox%3D%220%200%20101%2057%22%3E%3C%2Fsvg%3E\" loading=\"eager\"><\/span><span class=\"fg-image-overlay\"><\/span><\/a><figcaption class=\"fg-caption\"><div class=\"fg-caption-inner\"><div class=\"fg-caption-desc\">Le cas du pan sommital, r\u00e9gl\u00e9, reste la zone de moraines \u00e0 traverser.<\/div><\/div><\/figcaption><\/figure><div class=\"fg-loader\"><\/div><\/div><div class=\"fg-item fg-type-image fg-idle\"><figure class=\"fg-item-inner\"><a href=\"https:\/\/alpavista.ch\/Alp11\/wp-content\/uploads\/wildstrubelhuette_20_023.jpg\" data-caption-title=\"Moraines qui ont d\u00fb faire instable en premi\u00e8re langue. Si, si, peut-\u00eatre m\u00eame avant leur B\u00e4rnd\u00fctsch natal.\" data-caption-desc=\"Moraines qui ont d\u00fb faire instable en premi\u00e8re langue. Si, si, peut-\u00eatre m\u00eame avant leur B\u00e4rnd\u00fctsch natal.\" data-attachment-id=\"27879\" data-type=\"image\" class=\"fg-thumb\"><span class=\"fg-image-wrap\"><img decoding=\"async\" alt=\"wildstrubelhuette_20_023\" title=\"Moraines qui ont d\u00fb faire instable en premi\u00e8re langue. Si, si, peut-\u00eatre m\u00eame avant leur B\u00e4rnd\u00fctsch natal.\" width=\"101\" height=\"57\" class=\"skip-lazy fg-image\" data-src-fg=\"https:\/\/alpavista.ch\/Alp11\/wp-content\/uploads\/cache\/wildstrubelhuette_20_023\/2957156447.jpg\" src=\"data:image\/svg+xml,%3Csvg%20xmlns%3D%22http%3A%2F%2Fwww.w3.org%2F2000%2Fsvg%22%20width%3D%22101%22%20height%3D%2257%22%20viewBox%3D%220%200%20101%2057%22%3E%3C%2Fsvg%3E\" loading=\"eager\"><\/span><span class=\"fg-image-overlay\"><\/span><\/a><figcaption class=\"fg-caption\"><div class=\"fg-caption-inner\"><div class=\"fg-caption-desc\">Moraines qui ont d\u00fb faire instable en premi\u00e8re langue. Si, si, peut-\u00eatre m\u00eame avant leur B\u00e4rnd\u00fctsch natal.<\/div><\/div><\/figcaption><\/figure><div class=\"fg-loader\"><\/div><\/div><div class=\"fg-item fg-type-image fg-idle\"><figure class=\"fg-item-inner\"><a href=\"https:\/\/alpavista.ch\/Alp11\/wp-content\/uploads\/wildstrubelhuette_20_024.jpg\" data-caption-title=\"Mais tout a une fin, m\u00eame les derniers hectom\u00e8tres de &quot;gravier&quot; bernois.\" data-caption-desc=\"Mais tout a une fin, m\u00eame les derniers hectom\u00e8tres de &quot;gravier&quot; bernois.\" data-attachment-id=\"27878\" data-type=\"image\" class=\"fg-thumb\"><span class=\"fg-image-wrap\"><img decoding=\"async\" alt=\"wildstrubelhuette_20_024\" title=\"Mais tout a une fin, m\u00eame les derniers hectom\u00e8tres de &quot;gravier&quot; bernois.\" width=\"101\" height=\"57\" class=\"skip-lazy fg-image\" data-src-fg=\"https:\/\/alpavista.ch\/Alp11\/wp-content\/uploads\/cache\/wildstrubelhuette_20_024\/3534517257.jpg\" src=\"data:image\/svg+xml,%3Csvg%20xmlns%3D%22http%3A%2F%2Fwww.w3.org%2F2000%2Fsvg%22%20width%3D%22101%22%20height%3D%2257%22%20viewBox%3D%220%200%20101%2057%22%3E%3C%2Fsvg%3E\" loading=\"eager\"><\/span><span class=\"fg-image-overlay\"><\/span><\/a><figcaption class=\"fg-caption\"><div class=\"fg-caption-inner\"><div class=\"fg-caption-desc\">Mais tout a une fin, m\u00eame les derniers hectom\u00e8tres de \"gravier\" bernois.<\/div><\/div><\/figcaption><\/figure><div class=\"fg-loader\"><\/div><\/div><div class=\"fg-item fg-type-image fg-idle\"><figure class=\"fg-item-inner\"><a href=\"https:\/\/alpavista.ch\/Alp11\/wp-content\/uploads\/wildstrubelhuette_20_025.jpg\" data-caption-title=\"Qu&#039;il est vert mon Valais, et meuble sa terre !\" data-caption-desc=\"Qu&#039;il est vert mon Valais, et meuble sa terre !\" data-attachment-id=\"27877\" data-type=\"image\" class=\"fg-thumb\"><span class=\"fg-image-wrap\"><img decoding=\"async\" alt=\"wildstrubelhuette_20_025\" title=\"Qu&#039;il est vert mon Valais, et meuble sa terre !\" width=\"101\" height=\"57\" class=\"skip-lazy fg-image\" data-src-fg=\"https:\/\/alpavista.ch\/Alp11\/wp-content\/uploads\/cache\/wildstrubelhuette_20_025\/706250433.jpg\" src=\"data:image\/svg+xml,%3Csvg%20xmlns%3D%22http%3A%2F%2Fwww.w3.org%2F2000%2Fsvg%22%20width%3D%22101%22%20height%3D%2257%22%20viewBox%3D%220%200%20101%2057%22%3E%3C%2Fsvg%3E\" loading=\"eager\"><\/span><span class=\"fg-image-overlay\"><\/span><\/a><figcaption class=\"fg-caption\"><div class=\"fg-caption-inner\"><div class=\"fg-caption-desc\">Qu'il est vert mon Valais, et meuble sa terre !<\/div><\/div><\/figcaption><\/figure><div class=\"fg-loader\"><\/div><\/div><div class=\"fg-item fg-type-image fg-idle\"><figure class=\"fg-item-inner\"><a href=\"https:\/\/alpavista.ch\/Alp11\/wp-content\/uploads\/wildstrubelhuette_20_026.jpg\" data-caption-title=\"On y retrouve rapidement nos rep\u00e8res ...\" data-caption-desc=\"On y retrouve rapidement nos rep\u00e8res ...\" data-attachment-id=\"27876\" data-type=\"image\" class=\"fg-thumb\"><span class=\"fg-image-wrap\"><img decoding=\"async\" alt=\"wildstrubelhuette_20_026\" title=\"On y retrouve rapidement nos rep\u00e8res ...\" width=\"101\" height=\"57\" class=\"skip-lazy fg-image\" data-src-fg=\"https:\/\/alpavista.ch\/Alp11\/wp-content\/uploads\/cache\/wildstrubelhuette_20_026\/3434896493.jpg\" src=\"data:image\/svg+xml,%3Csvg%20xmlns%3D%22http%3A%2F%2Fwww.w3.org%2F2000%2Fsvg%22%20width%3D%22101%22%20height%3D%2257%22%20viewBox%3D%220%200%20101%2057%22%3E%3C%2Fsvg%3E\" loading=\"eager\"><\/span><span class=\"fg-image-overlay\"><\/span><\/a><figcaption class=\"fg-caption\"><div class=\"fg-caption-inner\"><div class=\"fg-caption-desc\">On y retrouve rapidement nos rep\u00e8res ...<\/div><\/div><\/figcaption><\/figure><div class=\"fg-loader\"><\/div><\/div><div class=\"fg-item fg-type-image fg-idle\"><figure class=\"fg-item-inner\"><a href=\"https:\/\/alpavista.ch\/Alp11\/wp-content\/uploads\/wildstrubelhuette_20_027.jpg\" data-caption-title=\"... et des puls&#039; pour en vaincre tous les verrous qui nous s\u00e9parent du Rawyl.\" data-caption-desc=\"... et des puls&#039; pour en vaincre tous les verrous qui nous s\u00e9parent du Rawyl.\" data-attachment-id=\"27875\" data-type=\"image\" class=\"fg-thumb\"><span class=\"fg-image-wrap\"><img decoding=\"async\" alt=\"wildstrubelhuette_20_027\" title=\"... et des puls&#039; pour en vaincre tous les verrous qui nous s\u00e9parent du Rawyl.\" width=\"101\" height=\"57\" class=\"skip-lazy fg-image\" data-src-fg=\"https:\/\/alpavista.ch\/Alp11\/wp-content\/uploads\/cache\/wildstrubelhuette_20_027\/3093969698.jpg\" src=\"data:image\/svg+xml,%3Csvg%20xmlns%3D%22http%3A%2F%2Fwww.w3.org%2F2000%2Fsvg%22%20width%3D%22101%22%20height%3D%2257%22%20viewBox%3D%220%200%20101%2057%22%3E%3C%2Fsvg%3E\" loading=\"eager\"><\/span><span class=\"fg-image-overlay\"><\/span><\/a><figcaption class=\"fg-caption\"><div class=\"fg-caption-inner\"><div class=\"fg-caption-desc\">... et des puls' pour en vaincre tous les verrous qui nous s\u00e9parent du Rawyl.<\/div><\/div><\/figcaption><\/figure><div class=\"fg-loader\"><\/div><\/div><div class=\"fg-item fg-type-image fg-idle\"><figure class=\"fg-item-inner\"><a href=\"https:\/\/alpavista.ch\/Alp11\/wp-content\/uploads\/wildstrubelhuette_20_028.jpg\" data-caption-title=\"Et vous, vous avez pass\u00e9 o\u00f9 votre \u00e9t\u00e9 ?\" data-caption-desc=\"Et vous, vous avez pass\u00e9 o\u00f9 votre \u00e9t\u00e9 ?\" data-attachment-id=\"27874\" data-type=\"image\" class=\"fg-thumb\"><span class=\"fg-image-wrap\"><img decoding=\"async\" alt=\"wildstrubelhuette_20_028\" title=\"Et vous, vous avez pass\u00e9 o\u00f9 votre \u00e9t\u00e9 ?\" width=\"101\" height=\"57\" class=\"skip-lazy fg-image\" data-src-fg=\"https:\/\/alpavista.ch\/Alp11\/wp-content\/uploads\/cache\/wildstrubelhuette_20_028\/157414593.jpg\" src=\"data:image\/svg+xml,%3Csvg%20xmlns%3D%22http%3A%2F%2Fwww.w3.org%2F2000%2Fsvg%22%20width%3D%22101%22%20height%3D%2257%22%20viewBox%3D%220%200%20101%2057%22%3E%3C%2Fsvg%3E\" loading=\"eager\"><\/span><span class=\"fg-image-overlay\"><\/span><\/a><figcaption class=\"fg-caption\"><div class=\"fg-caption-inner\"><div class=\"fg-caption-desc\">Et vous, vous avez pass\u00e9 o\u00f9 votre \u00e9t\u00e9 ?<\/div><\/div><\/figcaption><\/figure><div class=\"fg-loader\"><\/div><\/div><div class=\"fg-item fg-type-image fg-idle\"><figure class=\"fg-item-inner\"><a href=\"https:\/\/alpavista.ch\/Alp11\/wp-content\/uploads\/wildstrubelhuette_20_029.jpg\" data-caption-title=\"Le long &quot;faux-plat&quot; du Rawyl et ses innombrables bras de rivi\u00e8res \u00e0 g\u00e9rer, soit en douceur, soit en force, selon leur configuration topographique.\" data-caption-desc=\"Le long &quot;faux-plat&quot; du Rawyl et ses innombrables bras de rivi\u00e8res \u00e0 g\u00e9rer, soit en douceur, soit en force, selon leur configuration topographique.\" data-attachment-id=\"27873\" data-type=\"image\" class=\"fg-thumb\"><span class=\"fg-image-wrap\"><img decoding=\"async\" alt=\"wildstrubelhuette_20_029\" title=\"Le long &quot;faux-plat&quot; du Rawyl et ses innombrables bras de rivi\u00e8res \u00e0 g\u00e9rer, soit en douceur, soit en force, selon leur configuration topographique.\" width=\"101\" height=\"57\" class=\"skip-lazy fg-image\" data-src-fg=\"https:\/\/alpavista.ch\/Alp11\/wp-content\/uploads\/cache\/wildstrubelhuette_20_029\/107602163.jpg\" src=\"data:image\/svg+xml,%3Csvg%20xmlns%3D%22http%3A%2F%2Fwww.w3.org%2F2000%2Fsvg%22%20width%3D%22101%22%20height%3D%2257%22%20viewBox%3D%220%200%20101%2057%22%3E%3C%2Fsvg%3E\" loading=\"eager\"><\/span><span class=\"fg-image-overlay\"><\/span><\/a><figcaption class=\"fg-caption\"><div class=\"fg-caption-inner\"><div class=\"fg-caption-desc\">Le long \"faux-plat\" du Rawyl et ses innombrables bras de rivi\u00e8res \u00e0 g\u00e9rer, soit en douceur, soit en force, selon leur configuration topographique.<\/div><\/div><\/figcaption><\/figure><div class=\"fg-loader\"><\/div><\/div><div class=\"fg-item fg-type-image fg-idle\"><figure class=\"fg-item-inner\"><a href=\"https:\/\/alpavista.ch\/Alp11\/wp-content\/uploads\/wildstrubelhuette_20_030.jpg\" data-caption-title=\"M\u00eame les &quot;plages&quot; du lac du Plan des Roses d\u00e9sert\u00e9es ? Sacr\u00e9 Covid !\" data-caption-desc=\"M\u00eame les &quot;plages&quot; du lac du Plan des Roses d\u00e9sert\u00e9es ? Sacr\u00e9 Covid !\" data-attachment-id=\"27872\" data-type=\"image\" class=\"fg-thumb\"><span class=\"fg-image-wrap\"><img decoding=\"async\" alt=\"wildstrubelhuette_20_030\" title=\"M\u00eame les &quot;plages&quot; du lac du Plan des Roses d\u00e9sert\u00e9es ? Sacr\u00e9 Covid !\" width=\"101\" height=\"57\" class=\"skip-lazy fg-image\" data-src-fg=\"https:\/\/alpavista.ch\/Alp11\/wp-content\/uploads\/cache\/wildstrubelhuette_20_030\/1719022292.jpg\" src=\"data:image\/svg+xml,%3Csvg%20xmlns%3D%22http%3A%2F%2Fwww.w3.org%2F2000%2Fsvg%22%20width%3D%22101%22%20height%3D%2257%22%20viewBox%3D%220%200%20101%2057%22%3E%3C%2Fsvg%3E\" loading=\"eager\"><\/span><span class=\"fg-image-overlay\"><\/span><\/a><figcaption class=\"fg-caption\"><div class=\"fg-caption-inner\"><div class=\"fg-caption-desc\">M\u00eame les \"plages\" du lac du Plan des Roses d\u00e9sert\u00e9es ? Sacr\u00e9 Covid !<\/div><\/div><\/figcaption><\/figure><div class=\"fg-loader\"><\/div><\/div><div class=\"fg-item fg-type-image fg-idle\"><figure class=\"fg-item-inner\"><a href=\"https:\/\/alpavista.ch\/Alp11\/wp-content\/uploads\/wildstrubelhuette_20_031.jpg\" data-caption-title=\"Filons droit, d&#039;autant qu&#039;on est surveill\u00e9.\" data-caption-desc=\"Filons droit, d&#039;autant qu&#039;on est surveill\u00e9.\" data-attachment-id=\"27871\" data-type=\"image\" class=\"fg-thumb\"><span class=\"fg-image-wrap\"><img decoding=\"async\" alt=\"wildstrubelhuette_20_031\" title=\"Filons droit, d&#039;autant qu&#039;on est surveill\u00e9.\" width=\"101\" height=\"57\" class=\"skip-lazy fg-image\" data-src-fg=\"https:\/\/alpavista.ch\/Alp11\/wp-content\/uploads\/cache\/wildstrubelhuette_20_031\/312497563.jpg\" src=\"data:image\/svg+xml,%3Csvg%20xmlns%3D%22http%3A%2F%2Fwww.w3.org%2F2000%2Fsvg%22%20width%3D%22101%22%20height%3D%2257%22%20viewBox%3D%220%200%20101%2057%22%3E%3C%2Fsvg%3E\" loading=\"eager\"><\/span><span class=\"fg-image-overlay\"><\/span><\/a><figcaption class=\"fg-caption\"><div class=\"fg-caption-inner\"><div class=\"fg-caption-desc\">Filons droit, d'autant qu'on est surveill\u00e9.<\/div><\/div><\/figcaption><\/figure><div class=\"fg-loader\"><\/div><\/div><div class=\"fg-item fg-type-image fg-idle\"><figure class=\"fg-item-inner\"><a href=\"https:\/\/alpavista.ch\/Alp11\/wp-content\/uploads\/wildstrubelhuette_20_032.jpg\" data-caption-title=\"La d\u00e9sescalade des falaises d&#039;Armillon se fait par paliers...\" data-caption-desc=\"La d\u00e9sescalade des falaises d&#039;Armillon se fait par paliers...\" data-attachment-id=\"27870\" data-type=\"image\" class=\"fg-thumb\"><span class=\"fg-image-wrap\"><img decoding=\"async\" alt=\"wildstrubelhuette_20_032\" title=\"La d\u00e9sescalade des falaises d&#039;Armillon se fait par paliers...\" width=\"101\" height=\"57\" class=\"skip-lazy fg-image\" data-src-fg=\"https:\/\/alpavista.ch\/Alp11\/wp-content\/uploads\/cache\/wildstrubelhuette_20_032\/4093939511.jpg\" src=\"data:image\/svg+xml,%3Csvg%20xmlns%3D%22http%3A%2F%2Fwww.w3.org%2F2000%2Fsvg%22%20width%3D%22101%22%20height%3D%2257%22%20viewBox%3D%220%200%20101%2057%22%3E%3C%2Fsvg%3E\" loading=\"eager\"><\/span><span class=\"fg-image-overlay\"><\/span><\/a><figcaption class=\"fg-caption\"><div class=\"fg-caption-inner\"><div class=\"fg-caption-desc\">La d\u00e9sescalade des falaises d'Armillon se fait par paliers...<\/div><\/div><\/figcaption><\/figure><div class=\"fg-loader\"><\/div><\/div><div class=\"fg-item fg-type-image fg-idle\"><figure class=\"fg-item-inner\"><a href=\"https:\/\/alpavista.ch\/Alp11\/wp-content\/uploads\/wildstrubelhuette_20_033.jpg\" data-caption-title=\"... mais localement aussi, par escaliers.\" data-caption-desc=\"... mais localement aussi, par escaliers.\" data-attachment-id=\"27869\" data-type=\"image\" class=\"fg-thumb\"><span class=\"fg-image-wrap\"><img decoding=\"async\" alt=\"wildstrubelhuette_20_033\" title=\"... mais localement aussi, par escaliers.\" width=\"101\" height=\"57\" class=\"skip-lazy fg-image\" data-src-fg=\"https:\/\/alpavista.ch\/Alp11\/wp-content\/uploads\/cache\/wildstrubelhuette_20_033\/1093845952.jpg\" src=\"data:image\/svg+xml,%3Csvg%20xmlns%3D%22http%3A%2F%2Fwww.w3.org%2F2000%2Fsvg%22%20width%3D%22101%22%20height%3D%2257%22%20viewBox%3D%220%200%20101%2057%22%3E%3C%2Fsvg%3E\" loading=\"eager\"><\/span><span class=\"fg-image-overlay\"><\/span><\/a><figcaption class=\"fg-caption\"><div class=\"fg-caption-inner\"><div class=\"fg-caption-desc\">... mais localement aussi, par escaliers.<\/div><\/div><\/figcaption><\/figure><div class=\"fg-loader\"><\/div><\/div><div class=\"fg-item fg-type-image fg-idle\"><figure class=\"fg-item-inner\"><a href=\"https:\/\/alpavista.ch\/Alp11\/wp-content\/uploads\/wildstrubelhuette_20_034.jpg\" data-caption-title=\"Face au Six des Eaux Froides, aussi appel\u00e9 Rawilhorn. La langue fran\u00e7aise est quand m\u00eame autrement plus romantique... et satyrique.\" data-caption-desc=\"Face au Six des Eaux Froides, aussi appel\u00e9 Rawilhorn. La langue fran\u00e7aise est quand m\u00eame autrement plus romantique... et satyrique.\" data-attachment-id=\"27868\" data-type=\"image\" class=\"fg-thumb\"><span class=\"fg-image-wrap\"><img decoding=\"async\" alt=\"wildstrubelhuette_20_034\" title=\"Face au Six des Eaux Froides, aussi appel\u00e9 Rawilhorn. La langue fran\u00e7aise est quand m\u00eame autrement plus romantique... et satyrique.\" width=\"101\" height=\"57\" class=\"skip-lazy fg-image\" data-src-fg=\"https:\/\/alpavista.ch\/Alp11\/wp-content\/uploads\/cache\/wildstrubelhuette_20_034\/601626518.jpg\" src=\"data:image\/svg+xml,%3Csvg%20xmlns%3D%22http%3A%2F%2Fwww.w3.org%2F2000%2Fsvg%22%20width%3D%22101%22%20height%3D%2257%22%20viewBox%3D%220%200%20101%2057%22%3E%3C%2Fsvg%3E\" loading=\"eager\"><\/span><span class=\"fg-image-overlay\"><\/span><\/a><figcaption class=\"fg-caption\"><div class=\"fg-caption-inner\"><div class=\"fg-caption-desc\">Face au Six des Eaux Froides, aussi appel\u00e9 Rawilhorn. La langue fran\u00e7aise est quand m\u00eame autrement plus romantique... et satyrique.<\/div><\/div><\/figcaption><\/figure><div class=\"fg-loader\"><\/div><\/div><div class=\"fg-item fg-type-image fg-idle\"><figure class=\"fg-item-inner\"><a href=\"https:\/\/alpavista.ch\/Alp11\/wp-content\/uploads\/wildstrubelhuette_20_035.jpg\" data-caption-title=\"Large et roulant, le chemin contournant les falaises ne propose rien de vraiment int\u00e9ressant. Juste, peut-\u00eatre, nous \u00e9vite-t-il une petite s\u00e9ance de rappel.\" data-caption-desc=\"Large et roulant, le chemin contournant les falaises ne propose rien de vraiment int\u00e9ressant. Juste, peut-\u00eatre, nous \u00e9vite-t-il une petite s\u00e9ance de rappel.\" data-attachment-id=\"27867\" data-type=\"image\" class=\"fg-thumb\"><span class=\"fg-image-wrap\"><img decoding=\"async\" alt=\"wildstrubelhuette_20_035\" title=\"Large et roulant, le chemin contournant les falaises ne propose rien de vraiment int\u00e9ressant. Juste, peut-\u00eatre, nous \u00e9vite-t-il une petite s\u00e9ance de rappel.\" width=\"101\" height=\"57\" class=\"skip-lazy fg-image\" data-src-fg=\"https:\/\/alpavista.ch\/Alp11\/wp-content\/uploads\/cache\/wildstrubelhuette_20_035\/3681084766.jpg\" src=\"data:image\/svg+xml,%3Csvg%20xmlns%3D%22http%3A%2F%2Fwww.w3.org%2F2000%2Fsvg%22%20width%3D%22101%22%20height%3D%2257%22%20viewBox%3D%220%200%20101%2057%22%3E%3C%2Fsvg%3E\" loading=\"eager\"><\/span><span class=\"fg-image-overlay\"><\/span><\/a><figcaption class=\"fg-caption\"><div class=\"fg-caption-inner\"><div class=\"fg-caption-desc\">Large et roulant, le chemin contournant les falaises ne propose rien de vraiment int\u00e9ressant. Juste, peut-\u00eatre, nous \u00e9vite-t-il une petite s\u00e9ance de rappel.<\/div><\/div><\/figcaption><\/figure><div class=\"fg-loader\"><\/div><\/div><div class=\"fg-item fg-type-image fg-idle\"><figure class=\"fg-item-inner\"><a href=\"https:\/\/alpavista.ch\/Alp11\/wp-content\/uploads\/wildstrubelhuette_20_036.jpg\" data-caption-title=\"De bleu, de bleu !\" data-caption-desc=\"De bleu, de bleu !\" data-attachment-id=\"27866\" data-type=\"image\" class=\"fg-thumb\"><span class=\"fg-image-wrap\"><img decoding=\"async\" alt=\"wildstrubelhuette_20_036\" title=\"De bleu, de bleu !\" width=\"101\" height=\"57\" class=\"skip-lazy fg-image\" data-src-fg=\"https:\/\/alpavista.ch\/Alp11\/wp-content\/uploads\/cache\/wildstrubelhuette_20_036\/1036795890.jpg\" src=\"data:image\/svg+xml,%3Csvg%20xmlns%3D%22http%3A%2F%2Fwww.w3.org%2F2000%2Fsvg%22%20width%3D%22101%22%20height%3D%2257%22%20viewBox%3D%220%200%20101%2057%22%3E%3C%2Fsvg%3E\" loading=\"eager\"><\/span><span class=\"fg-image-overlay\"><\/span><\/a><figcaption class=\"fg-caption\"><div class=\"fg-caption-inner\"><div class=\"fg-caption-desc\">De bleu, de bleu !<\/div><\/div><\/figcaption><\/figure><div class=\"fg-loader\"><\/div><\/div><div class=\"fg-item fg-type-image fg-idle\"><figure class=\"fg-item-inner\"><a href=\"https:\/\/alpavista.ch\/Alp11\/wp-content\/uploads\/wildstrubelhuette_20_037.jpg\" data-caption-title=\"Les premiers hectom\u00e8tres du bisse de Sion, ou une bonne occasion d&#039;apprendre aux randonneurs motoris\u00e9s l&#039;art des chemins partag\u00e9s.\" data-caption-desc=\"Les premiers hectom\u00e8tres du bisse de Sion, ou une bonne occasion d&#039;apprendre aux randonneurs motoris\u00e9s l&#039;art des chemins partag\u00e9s.\" data-attachment-id=\"27865\" data-type=\"image\" class=\"fg-thumb\"><span class=\"fg-image-wrap\"><img decoding=\"async\" alt=\"wildstrubelhuette_20_037\" title=\"Les premiers hectom\u00e8tres du bisse de Sion, ou une bonne occasion d&#039;apprendre aux randonneurs motoris\u00e9s l&#039;art des chemins partag\u00e9s.\" width=\"101\" height=\"57\" class=\"skip-lazy fg-image\" data-src-fg=\"https:\/\/alpavista.ch\/Alp11\/wp-content\/uploads\/cache\/wildstrubelhuette_20_037\/1226463421.jpg\" src=\"data:image\/svg+xml,%3Csvg%20xmlns%3D%22http%3A%2F%2Fwww.w3.org%2F2000%2Fsvg%22%20width%3D%22101%22%20height%3D%2257%22%20viewBox%3D%220%200%20101%2057%22%3E%3C%2Fsvg%3E\" loading=\"eager\"><\/span><span class=\"fg-image-overlay\"><\/span><\/a><figcaption class=\"fg-caption\"><div class=\"fg-caption-inner\"><div class=\"fg-caption-desc\">Les premiers hectom\u00e8tres du bisse de Sion, ou une bonne occasion d'apprendre aux randonneurs motoris\u00e9s l'art des chemins partag\u00e9s.<\/div><\/div><\/figcaption><\/figure><div class=\"fg-loader\"><\/div><\/div><div class=\"fg-item fg-type-image fg-idle\"><figure class=\"fg-item-inner\"><a href=\"https:\/\/alpavista.ch\/Alp11\/wp-content\/uploads\/wildstrubelhuette_20_038.jpg\" data-caption-title=\"Tout le contraire de son voisin de l&#039;\u00e9tage du dessous, le bisse d&#039;Ayent, qui fait plus dans l&#039;exclusivit\u00e9 (peut-\u00eatre en raison de son manque d&#039;acc\u00e8s motoris\u00e9 ?)\" data-caption-desc=\"Tout le contraire de son voisin de l&#039;\u00e9tage du dessous, le bisse d&#039;Ayent, qui fait plus dans l&#039;exclusivit\u00e9 (peut-\u00eatre en raison de son manque d&#039;acc\u00e8s motoris\u00e9 ?)\" data-attachment-id=\"27864\" data-type=\"image\" class=\"fg-thumb\"><span class=\"fg-image-wrap\"><img decoding=\"async\" alt=\"wildstrubelhuette_20_038\" title=\"Tout le contraire de son voisin de l&#039;\u00e9tage du dessous, le bisse d&#039;Ayent, qui fait plus dans l&#039;exclusivit\u00e9 (peut-\u00eatre en raison de son manque d&#039;acc\u00e8s motoris\u00e9 ?)\" width=\"101\" height=\"57\" class=\"skip-lazy fg-image\" data-src-fg=\"https:\/\/alpavista.ch\/Alp11\/wp-content\/uploads\/cache\/wildstrubelhuette_20_038\/4161902430.jpg\" src=\"data:image\/svg+xml,%3Csvg%20xmlns%3D%22http%3A%2F%2Fwww.w3.org%2F2000%2Fsvg%22%20width%3D%22101%22%20height%3D%2257%22%20viewBox%3D%220%200%20101%2057%22%3E%3C%2Fsvg%3E\" loading=\"eager\"><\/span><span class=\"fg-image-overlay\"><\/span><\/a><figcaption class=\"fg-caption\"><div class=\"fg-caption-inner\"><div class=\"fg-caption-desc\">Tout le contraire de son voisin de l'\u00e9tage du dessous, le bisse d'Ayent, qui fait plus dans l'exclusivit\u00e9 (peut-\u00eatre en raison de son manque d'acc\u00e8s motoris\u00e9 ?)<\/div><\/div><\/figcaption><\/figure><div class=\"fg-loader\"><\/div><\/div><div class=\"fg-item fg-type-image fg-idle\"><figure class=\"fg-item-inner\"><a href=\"https:\/\/alpavista.ch\/Alp11\/wp-content\/uploads\/wildstrubelhuette_20_039.jpg\" data-caption-title=\"Entre deux verticalit\u00e9s, laquelle vous fait le plus flipper ?\" data-caption-desc=\"Entre deux verticalit\u00e9s, laquelle vous fait le plus flipper ?\" data-attachment-id=\"27863\" data-type=\"image\" class=\"fg-thumb\"><span class=\"fg-image-wrap\"><img decoding=\"async\" alt=\"wildstrubelhuette_20_039\" title=\"Entre deux verticalit\u00e9s, laquelle vous fait le plus flipper ?\" width=\"101\" height=\"57\" class=\"skip-lazy fg-image\" data-src-fg=\"https:\/\/alpavista.ch\/Alp11\/wp-content\/uploads\/cache\/wildstrubelhuette_20_039\/4145644396.jpg\" src=\"data:image\/svg+xml,%3Csvg%20xmlns%3D%22http%3A%2F%2Fwww.w3.org%2F2000%2Fsvg%22%20width%3D%22101%22%20height%3D%2257%22%20viewBox%3D%220%200%20101%2057%22%3E%3C%2Fsvg%3E\" loading=\"eager\"><\/span><span class=\"fg-image-overlay\"><\/span><\/a><figcaption class=\"fg-caption\"><div class=\"fg-caption-inner\"><div class=\"fg-caption-desc\">Entre deux verticalit\u00e9s, laquelle vous fait le plus flipper ?<\/div><\/div><\/figcaption><\/figure><div class=\"fg-loader\"><\/div><\/div><div class=\"fg-item fg-type-image fg-idle\"><figure class=\"fg-item-inner\"><a href=\"https:\/\/alpavista.ch\/Alp11\/wp-content\/uploads\/wildstrubelhuette_20_040.jpg\" data-caption-title=\"Ni l&#039;une, ni l&#039;autre. Seule l&#039;\u00e9troitesse du garde-eau nous emp\u00eache d&#039;y rouler.\" data-caption-desc=\"Ni l&#039;une, ni l&#039;autre. Seule l&#039;\u00e9troitesse du garde-eau nous emp\u00eache d&#039;y rouler.\" data-attachment-id=\"27862\" data-type=\"image\" class=\"fg-thumb\"><span class=\"fg-image-wrap\"><img decoding=\"async\" alt=\"wildstrubelhuette_20_040\" title=\"Ni l&#039;une, ni l&#039;autre. Seule l&#039;\u00e9troitesse du garde-eau nous emp\u00eache d&#039;y rouler.\" width=\"101\" height=\"57\" class=\"skip-lazy fg-image\" data-src-fg=\"https:\/\/alpavista.ch\/Alp11\/wp-content\/uploads\/cache\/wildstrubelhuette_20_040\/3827050689.jpg\" src=\"data:image\/svg+xml,%3Csvg%20xmlns%3D%22http%3A%2F%2Fwww.w3.org%2F2000%2Fsvg%22%20width%3D%22101%22%20height%3D%2257%22%20viewBox%3D%220%200%20101%2057%22%3E%3C%2Fsvg%3E\" loading=\"eager\"><\/span><span class=\"fg-image-overlay\"><\/span><\/a><figcaption class=\"fg-caption\"><div class=\"fg-caption-inner\"><div class=\"fg-caption-desc\">Ni l'une, ni l'autre. Seule l'\u00e9troitesse du garde-eau nous emp\u00eache d'y rouler.<\/div><\/div><\/figcaption><\/figure><div class=\"fg-loader\"><\/div><\/div><div class=\"fg-item fg-type-image fg-idle\"><figure class=\"fg-item-inner\"><a href=\"https:\/\/alpavista.ch\/Alp11\/wp-content\/uploads\/wildstrubelhuette_20_041.jpg\" data-caption-title=\"Autre &quot;monument&quot; historique du VTT, le chemin de la Combette ...\" data-caption-desc=\"Autre &quot;monument&quot; historique du VTT, le chemin de la Combette ...\" data-attachment-id=\"27861\" data-type=\"image\" class=\"fg-thumb\"><span class=\"fg-image-wrap\"><img decoding=\"async\" alt=\"wildstrubelhuette_20_041\" title=\"Autre &quot;monument&quot; historique du VTT, le chemin de la Combette ...\" width=\"101\" height=\"57\" class=\"skip-lazy fg-image\" data-src-fg=\"https:\/\/alpavista.ch\/Alp11\/wp-content\/uploads\/cache\/wildstrubelhuette_20_041\/2429177742.jpg\" src=\"data:image\/svg+xml,%3Csvg%20xmlns%3D%22http%3A%2F%2Fwww.w3.org%2F2000%2Fsvg%22%20width%3D%22101%22%20height%3D%2257%22%20viewBox%3D%220%200%20101%2057%22%3E%3C%2Fsvg%3E\" loading=\"eager\"><\/span><span class=\"fg-image-overlay\"><\/span><\/a><figcaption class=\"fg-caption\"><div class=\"fg-caption-inner\"><div class=\"fg-caption-desc\">Autre \"monument\" historique du VTT, le chemin de la Combette ...<\/div><\/div><\/figcaption><\/figure><div class=\"fg-loader\"><\/div><\/div><div class=\"fg-item fg-type-image fg-idle\"><figure class=\"fg-item-inner\"><a href=\"https:\/\/alpavista.ch\/Alp11\/wp-content\/uploads\/wildstrubelhuette_20_042.jpg\" data-caption-title=\"... et sa jonction &quot;particuli\u00e8re&quot; avec le bisse de Clavau.\" data-caption-desc=\"... et sa jonction &quot;particuli\u00e8re&quot; avec le bisse de Clavau.\" data-attachment-id=\"27860\" data-type=\"image\" class=\"fg-thumb\"><span class=\"fg-image-wrap\"><img decoding=\"async\" alt=\"wildstrubelhuette_20_042\" title=\"... et sa jonction &quot;particuli\u00e8re&quot; avec le bisse de Clavau.\" width=\"101\" height=\"57\" class=\"skip-lazy fg-image\" data-src-fg=\"https:\/\/alpavista.ch\/Alp11\/wp-content\/uploads\/cache\/wildstrubelhuette_20_042\/1986958626.jpg\" src=\"data:image\/svg+xml,%3Csvg%20xmlns%3D%22http%3A%2F%2Fwww.w3.org%2F2000%2Fsvg%22%20width%3D%22101%22%20height%3D%2257%22%20viewBox%3D%220%200%20101%2057%22%3E%3C%2Fsvg%3E\" loading=\"eager\"><\/span><span class=\"fg-image-overlay\"><\/span><\/a><figcaption class=\"fg-caption\"><div class=\"fg-caption-inner\"><div class=\"fg-caption-desc\">... et sa jonction \"particuli\u00e8re\" avec le bisse de Clavau.<\/div><\/div><\/figcaption><\/figure><div class=\"fg-loader\"><\/div><\/div><\/div>\n\n<input class=\"fooboxshare_post_id\" type=\"hidden\" value=\"11463\"\/>","protected":false},"excerpt":{"rendered":"<p>Ceux qui se souviennent de l&rsquo;\u00e9poque o\u00f9 les responsables des remont\u00e9es m\u00e9caniques de Crans-Montana interdisaient aux bikers, l\u2019acc\u00e8s au \u00ab funi \u00bb (apr\u00e8s, \u00e9videmment, leurs avoir vendu un abonnement journalier), sous pr\u00e9texte que les sentiers d\u00e9marrant de la Plaine-Morte \u00e9taient impraticables \u00e0 VTT, vont peut-\u00eatre avoir, \u00e0 nouveau, du grain \u00e0 moudre. M\u00eame si le changement d&rsquo;attitude de CMA, il y a une petite dizaine d&rsquo;ann\u00e9es, a ouvert la Plaine-Morte aux VTT et fait connaitre l\u2019itin\u00e9raire de la Wildstrubelh\u00fctte bien [&hellip;]<\/p>\n","protected":false},"author":2,"featured_media":11462,"comment_status":"open","ping_status":"open","sticky":false,"template":"","format":"standard","meta":{"footnotes":""},"categories":[658,4],"tags":[1120,1119,1121,1091,1141,1427,1380,1245,1457,1527,1246],"class_list":["post-11463","post","type-post","status-publish","format-standard","has-post-thumbnail","hentry","category-outdoor","category-vtt","tag-anzere","tag-arbaz","tag-ayent","tag-gemmi","tag-montana","tag-plaine-morte","tag-pochet","tag-rawyl","tag-wildstrubel","tag-wisshore","tag-zeuzier"],"_links":{"self":[{"href":"https:\/\/alpavista.ch\/Alp11\/wp-json\/wp\/v2\/posts\/11463","targetHints":{"allow":["GET"]}}],"collection":[{"href":"https:\/\/alpavista.ch\/Alp11\/wp-json\/wp\/v2\/posts"}],"about":[{"href":"https:\/\/alpavista.ch\/Alp11\/wp-json\/wp\/v2\/types\/post"}],"author":[{"embeddable":true,"href":"https:\/\/alpavista.ch\/Alp11\/wp-json\/wp\/v2\/users\/2"}],"replies":[{"embeddable":true,"href":"https:\/\/alpavista.ch\/Alp11\/wp-json\/wp\/v2\/comments?post=11463"}],"version-history":[{"count":0,"href":"https:\/\/alpavista.ch\/Alp11\/wp-json\/wp\/v2\/posts\/11463\/revisions"}],"wp:featuredmedia":[{"embeddable":true,"href":"https:\/\/alpavista.ch\/Alp11\/wp-json\/wp\/v2\/media\/11462"}],"wp:attachment":[{"href":"https:\/\/alpavista.ch\/Alp11\/wp-json\/wp\/v2\/media?parent=11463"}],"wp:term":[{"taxonomy":"category","embeddable":true,"href":"https:\/\/alpavista.ch\/Alp11\/wp-json\/wp\/v2\/categories?post=11463"},{"taxonomy":"post_tag","embeddable":true,"href":"https:\/\/alpavista.ch\/Alp11\/wp-json\/wp\/v2\/tags?post=11463"}],"curies":[{"name":"wp","href":"https:\/\/api.w.org\/{rel}","templated":true}]}}