{"id":11643,"date":"2021-06-19T21:25:59","date_gmt":"2021-06-19T19:25:59","guid":{"rendered":"https:\/\/alpavista.ch\/Alp11\/?p=11643"},"modified":"2022-12-09T17:40:52","modified_gmt":"2022-12-09T16:40:52","slug":"varneralp-2021-i","status":"publish","type":"post","link":"https:\/\/alpavista.ch\/Alp11\/2021\/06\/19\/varneralp-2021-i\/","title":{"rendered":"Varneralp 2021-I"},"content":{"rendered":"<p><strong>\u00ab Varner un jour, Varner toujours \u00bb !<\/strong><\/p>\n<p>Ceci dit, une \u00ab Varner \u00bb en juin, n\u2019est (justement) pas toujours exempte de surprises. Du coup, pour assurer nos arri\u00e8res, nous avions envoy\u00e9 nos amis \u00ab dzoz \u00bb, Oli et Thierry, en \u00e9claireurs, le week-end pass\u00e9, pendant qu\u2019on suait (et grelottait) pour faire passer le \u00ab Moderna \u00bb de bras \u00e0 tr\u00e9pas. Bilan des courses, \u00e7a manque de \u00ab passerelles \u00bb, mais une fois les pieds mouill\u00e9s, \u00e7a passe \u00e0 peu pr\u00e8s bien. Alors, comme la \u00ab Varner \u00bb reste la favorite de l\u2019ami Fran\u00e7ois, en dehors de sa douce et tendre s\u2019entend, comme \u00ab Tintin \u00bb qui l\u2019avait \u00e9galement d\u00e9j\u00e0 faite, ne se souvient g\u00e9n\u00e9ralement de rien et comme Denis d\u00e9couvrait le Vieux-Pays, c\u2019\u00e9tait l\u2019occasion de remettre au programme cet itin\u00e9raire mythique qui transforme la terre en gravier, les chemins en \u00ab wanderweg \u00bb et la sueur en sourire.<br \/>\n<!--more--><\/p>\n<p>Si on a pas mal \u00ab crapahut\u00e9 \u00bb, p\u00e9dal\u00e9 et su\u00e9, on a surtout vann\u00e9, rigol\u00e9, bu, rebu, re-rebu et mang\u00e9 largement plus que de raison. Avec cette \u00ab gang \u00bb du nord, le bike n\u2019est souvent que la porte d\u2019entr\u00e9e d\u2019une belle et (tr\u00e8s) longue journ\u00e9e d\u2019amiti\u00e9 et de bons moments partag\u00e9s. <\/p>\n<p>Les gars, vous revenez quand vous voulez. On a encore, en r\u00e9serve, des chemins et des produits du terroir que vous n&rsquo;avez encore jamais d\u00e9gust\u00e9s.<\/p>\n<style type=\"text\/css\">\n#foogallery-gallery-27513 .fg-image { width: 101px; }\n#foogallery-gallery-27513 { --fg-gutter: 1px; }<\/style>\n\t\t\t<div class=\"foogallery foogallery-container foogallery-default foogallery-lightbox-none fg-left fg-default fg-ready fg-light fg-loading-default fg-loaded-fade-in fg-preset fg-selena fg-preset-small fg-preset fg-selena fg-preset-small\" id=\"foogallery-gallery-27513\" data-foogallery=\"{&quot;item&quot;:{&quot;showCaptionTitle&quot;:false,&quot;showCaptionDescription&quot;:true},&quot;lazy&quot;:true,&quot;state&quot;:{&quot;enabled&quot;:true,&quot;mask&quot;:&quot;foogallery-{id}&quot;}}\" style=\"--fg-title-line-clamp: 0; --fg-description-line-clamp: 0;\" >\n\t<div class=\"fg-item fg-type-image fg-idle\"><figure class=\"fg-item-inner\"><a href=\"https:\/\/alpavista.ch\/Alp11\/wp-content\/uploads\/varneralp_2021_1_001.png\" data-caption-title=\"Caravane du matin ne craint pas ce (nouveau) sable a\u00e9rien en provenance de son Sahara natal.\" data-caption-desc=\"Caravane du matin ne craint pas ce (nouveau) sable a\u00e9rien en provenance de son Sahara natal.\" data-attachment-id=\"27548\" data-type=\"image\" class=\"fg-thumb\"><span class=\"fg-image-wrap\"><img decoding=\"async\" alt=\"varneralp_2021_1_001\" title=\"Caravane du matin ne craint pas ce (nouveau) sable a\u00e9rien en provenance de son Sahara natal.\" width=\"101\" height=\"57\" class=\"skip-lazy fg-image\" data-src-fg=\"https:\/\/alpavista.ch\/Alp11\/wp-content\/uploads\/cache\/varneralp_2021_1_001\/1643976074.png\" src=\"data:image\/svg+xml,%3Csvg%20xmlns%3D%22http%3A%2F%2Fwww.w3.org%2F2000%2Fsvg%22%20width%3D%22101%22%20height%3D%2257%22%20viewBox%3D%220%200%20101%2057%22%3E%3C%2Fsvg%3E\" loading=\"eager\"><\/span><span class=\"fg-image-overlay\"><\/span><\/a><figcaption class=\"fg-caption\"><div class=\"fg-caption-inner\"><div class=\"fg-caption-desc\">Caravane du matin ne craint pas ce (nouveau) sable a\u00e9rien en provenance de son Sahara natal.<\/div><\/div><\/figcaption><\/figure><div class=\"fg-loader\"><\/div><\/div><div class=\"fg-item fg-type-image fg-idle\"><figure class=\"fg-item-inner\"><a href=\"https:\/\/alpavista.ch\/Alp11\/wp-content\/uploads\/varneralp_2021_1_002.png\" data-caption-title=\"Montana Tourisme ayant d\u00e9cid\u00e9 d&#039;interdire aux VTT l&#039;acc\u00e8s au bisse de Tsittoret, c&#039;est, une fois encore en direction de la Ti\u00e8che que nous continuons \u00e0 nous \u00e9lever.\" data-caption-desc=\"Montana Tourisme ayant d\u00e9cid\u00e9 d&#039;interdire aux VTT l&#039;acc\u00e8s au bisse de Tsittoret, c&#039;est, une fois encore en direction de la Ti\u00e8che que nous continuons \u00e0 nous \u00e9lever.\" data-attachment-id=\"27547\" data-type=\"image\" class=\"fg-thumb\"><span class=\"fg-image-wrap\"><img decoding=\"async\" alt=\"varneralp_2021_1_002\" title=\"Montana Tourisme ayant d\u00e9cid\u00e9 d&#039;interdire aux VTT l&#039;acc\u00e8s au bisse de Tsittoret, c&#039;est, une fois encore en direction de la Ti\u00e8che que nous continuons \u00e0 nous \u00e9lever.\" width=\"101\" height=\"57\" class=\"skip-lazy fg-image\" data-src-fg=\"https:\/\/alpavista.ch\/Alp11\/wp-content\/uploads\/cache\/varneralp_2021_1_002\/1992860311.png\" src=\"data:image\/svg+xml,%3Csvg%20xmlns%3D%22http%3A%2F%2Fwww.w3.org%2F2000%2Fsvg%22%20width%3D%22101%22%20height%3D%2257%22%20viewBox%3D%220%200%20101%2057%22%3E%3C%2Fsvg%3E\" loading=\"eager\"><\/span><span class=\"fg-image-overlay\"><\/span><\/a><figcaption class=\"fg-caption\"><div class=\"fg-caption-inner\"><div class=\"fg-caption-desc\">Montana Tourisme ayant d\u00e9cid\u00e9 d'interdire aux VTT l'acc\u00e8s au bisse de Tsittoret, c'est, une fois encore en direction de la Ti\u00e8che que nous continuons \u00e0 nous \u00e9lever.<\/div><\/div><\/figcaption><\/figure><div class=\"fg-loader\"><\/div><\/div><div class=\"fg-item fg-type-image fg-idle\"><figure class=\"fg-item-inner\"><a href=\"https:\/\/alpavista.ch\/Alp11\/wp-content\/uploads\/varneralp_2021_1_003.png\" data-caption-title=\"En 2 semaines, tout ici a chang\u00e9, ou presque. Les murs de neige ont c\u00e9d\u00e9 la place \u00e0 de l&#039;herbe tendre, mais les redoutables pourcentages, eux, ne se sont pas \u00e9vapor\u00e9s.\" data-caption-desc=\"En 2 semaines, tout ici a chang\u00e9, ou presque. Les murs de neige ont c\u00e9d\u00e9 la place \u00e0 de l&#039;herbe tendre, mais les redoutables pourcentages, eux, ne se sont pas \u00e9vapor\u00e9s.\" data-attachment-id=\"27546\" data-type=\"image\" class=\"fg-thumb\"><span class=\"fg-image-wrap\"><img decoding=\"async\" alt=\"varneralp_2021_1_003\" title=\"En 2 semaines, tout ici a chang\u00e9, ou presque. Les murs de neige ont c\u00e9d\u00e9 la place \u00e0 de l&#039;herbe tendre, mais les redoutables pourcentages, eux, ne se sont pas \u00e9vapor\u00e9s.\" width=\"101\" height=\"57\" class=\"skip-lazy fg-image\" data-src-fg=\"https:\/\/alpavista.ch\/Alp11\/wp-content\/uploads\/cache\/varneralp_2021_1_003\/3898600141.png\" src=\"data:image\/svg+xml,%3Csvg%20xmlns%3D%22http%3A%2F%2Fwww.w3.org%2F2000%2Fsvg%22%20width%3D%22101%22%20height%3D%2257%22%20viewBox%3D%220%200%20101%2057%22%3E%3C%2Fsvg%3E\" loading=\"eager\"><\/span><span class=\"fg-image-overlay\"><\/span><\/a><figcaption class=\"fg-caption\"><div class=\"fg-caption-inner\"><div class=\"fg-caption-desc\">En 2 semaines, tout ici a chang\u00e9, ou presque. Les murs de neige ont c\u00e9d\u00e9 la place \u00e0 de l'herbe tendre, mais les redoutables pourcentages, eux, ne se sont pas \u00e9vapor\u00e9s.<\/div><\/div><\/figcaption><\/figure><div class=\"fg-loader\"><\/div><\/div><div class=\"fg-item fg-type-image fg-idle\"><figure class=\"fg-item-inner\"><a href=\"https:\/\/alpavista.ch\/Alp11\/wp-content\/uploads\/varneralp_2021_1_004.png\" data-caption-title=\"Le premier chemin du matin ? Rendez-vous en terre connue pour les fid\u00e8les, totale d\u00e9couverte pour les autres.\" data-caption-desc=\"Le premier chemin du matin ? Rendez-vous en terre connue pour les fid\u00e8les, totale d\u00e9couverte pour les autres.\" data-attachment-id=\"27545\" data-type=\"image\" class=\"fg-thumb\"><span class=\"fg-image-wrap\"><img decoding=\"async\" alt=\"varneralp_2021_1_004\" title=\"Le premier chemin du matin ? Rendez-vous en terre connue pour les fid\u00e8les, totale d\u00e9couverte pour les autres.\" width=\"101\" height=\"57\" class=\"skip-lazy fg-image\" data-src-fg=\"https:\/\/alpavista.ch\/Alp11\/wp-content\/uploads\/cache\/varneralp_2021_1_004\/350042776.png\" src=\"data:image\/svg+xml,%3Csvg%20xmlns%3D%22http%3A%2F%2Fwww.w3.org%2F2000%2Fsvg%22%20width%3D%22101%22%20height%3D%2257%22%20viewBox%3D%220%200%20101%2057%22%3E%3C%2Fsvg%3E\" loading=\"eager\"><\/span><span class=\"fg-image-overlay\"><\/span><\/a><figcaption class=\"fg-caption\"><div class=\"fg-caption-inner\"><div class=\"fg-caption-desc\">Le premier chemin du matin ? Rendez-vous en terre connue pour les fid\u00e8les, totale d\u00e9couverte pour les autres.<\/div><\/div><\/figcaption><\/figure><div class=\"fg-loader\"><\/div><\/div><div class=\"fg-item fg-type-image fg-idle\"><figure class=\"fg-item-inner\"><a href=\"https:\/\/alpavista.ch\/Alp11\/wp-content\/uploads\/varneralp_2021_1_005.png\" data-caption-title=\"Dans la vaste cuvette de la Ti\u00e8che, miracle, la neige s&#039;est transform\u00e9e en eau. De l\u00e0 \u00e0 la voir se changer en vin, va falloir encore p\u00e9daler quelques heures.\" data-caption-desc=\"Dans la vaste cuvette de la Ti\u00e8che, miracle, la neige s&#039;est transform\u00e9e en eau. De l\u00e0 \u00e0 la voir se changer en vin, va falloir encore p\u00e9daler quelques heures.\" data-attachment-id=\"27544\" data-type=\"image\" class=\"fg-thumb\"><span class=\"fg-image-wrap\"><img decoding=\"async\" alt=\"varneralp_2021_1_005\" title=\"Dans la vaste cuvette de la Ti\u00e8che, miracle, la neige s&#039;est transform\u00e9e en eau. De l\u00e0 \u00e0 la voir se changer en vin, va falloir encore p\u00e9daler quelques heures.\" width=\"101\" height=\"57\" class=\"skip-lazy fg-image\" data-src-fg=\"https:\/\/alpavista.ch\/Alp11\/wp-content\/uploads\/cache\/varneralp_2021_1_005\/2320134850.png\" src=\"data:image\/svg+xml,%3Csvg%20xmlns%3D%22http%3A%2F%2Fwww.w3.org%2F2000%2Fsvg%22%20width%3D%22101%22%20height%3D%2257%22%20viewBox%3D%220%200%20101%2057%22%3E%3C%2Fsvg%3E\" loading=\"eager\"><\/span><span class=\"fg-image-overlay\"><\/span><\/a><figcaption class=\"fg-caption\"><div class=\"fg-caption-inner\"><div class=\"fg-caption-desc\">Dans la vaste cuvette de la Ti\u00e8che, miracle, la neige s'est transform\u00e9e en eau. De l\u00e0 \u00e0 la voir se changer en vin, va falloir encore p\u00e9daler quelques heures.<\/div><\/div><\/figcaption><\/figure><div class=\"fg-loader\"><\/div><\/div><div class=\"fg-item fg-type-image fg-idle\"><figure class=\"fg-item-inner\"><a href=\"https:\/\/alpavista.ch\/Alp11\/wp-content\/uploads\/varneralp_2021_1_006.png\" data-caption-title=\"La mont\u00e9e impossible, qui ne l&#039;est d\u00e9sormais plus, encore plus belle \u00e0 vaincre quand elle ne fait pas vraiment partie de l&#039;itin\u00e9raire du jour.\" data-caption-desc=\"La mont\u00e9e impossible, qui ne l&#039;est d\u00e9sormais plus, encore plus belle \u00e0 vaincre quand elle ne fait pas vraiment partie de l&#039;itin\u00e9raire du jour.\" data-attachment-id=\"27543\" data-type=\"image\" class=\"fg-thumb\"><span class=\"fg-image-wrap\"><img decoding=\"async\" alt=\"varneralp_2021_1_006\" title=\"La mont\u00e9e impossible, qui ne l&#039;est d\u00e9sormais plus, encore plus belle \u00e0 vaincre quand elle ne fait pas vraiment partie de l&#039;itin\u00e9raire du jour.\" width=\"101\" height=\"57\" class=\"skip-lazy fg-image\" data-src-fg=\"https:\/\/alpavista.ch\/Alp11\/wp-content\/uploads\/cache\/varneralp_2021_1_006\/1627818300.png\" src=\"data:image\/svg+xml,%3Csvg%20xmlns%3D%22http%3A%2F%2Fwww.w3.org%2F2000%2Fsvg%22%20width%3D%22101%22%20height%3D%2257%22%20viewBox%3D%220%200%20101%2057%22%3E%3C%2Fsvg%3E\" loading=\"eager\"><\/span><span class=\"fg-image-overlay\"><\/span><\/a><figcaption class=\"fg-caption\"><div class=\"fg-caption-inner\"><div class=\"fg-caption-desc\">La mont\u00e9e impossible, qui ne l'est d\u00e9sormais plus, encore plus belle \u00e0 vaincre quand elle ne fait pas vraiment partie de l'itin\u00e9raire du jour.<\/div><\/div><\/figcaption><\/figure><div class=\"fg-loader\"><\/div><\/div><div class=\"fg-item fg-type-image fg-idle\"><figure class=\"fg-item-inner\"><a href=\"https:\/\/alpavista.ch\/Alp11\/wp-content\/uploads\/varneralp_2021_1_007.png\" data-caption-title=\"Pas mal de boue, mais pas de n\u00e9cessit\u00e9 de se mouiller les pieds, toutes les passerelles \u00e9tant finalement au rendez-vous.\" data-caption-desc=\"Pas mal de boue, mais pas de n\u00e9cessit\u00e9 de se mouiller les pieds, toutes les passerelles \u00e9tant finalement au rendez-vous.\" data-attachment-id=\"27542\" data-type=\"image\" class=\"fg-thumb\"><span class=\"fg-image-wrap\"><img decoding=\"async\" alt=\"varneralp_2021_1_007\" title=\"Pas mal de boue, mais pas de n\u00e9cessit\u00e9 de se mouiller les pieds, toutes les passerelles \u00e9tant finalement au rendez-vous.\" width=\"101\" height=\"57\" class=\"skip-lazy fg-image\" data-src-fg=\"https:\/\/alpavista.ch\/Alp11\/wp-content\/uploads\/cache\/varneralp_2021_1_007\/4287742310.png\" src=\"data:image\/svg+xml,%3Csvg%20xmlns%3D%22http%3A%2F%2Fwww.w3.org%2F2000%2Fsvg%22%20width%3D%22101%22%20height%3D%2257%22%20viewBox%3D%220%200%20101%2057%22%3E%3C%2Fsvg%3E\" loading=\"eager\"><\/span><span class=\"fg-image-overlay\"><\/span><\/a><figcaption class=\"fg-caption\"><div class=\"fg-caption-inner\"><div class=\"fg-caption-desc\">Pas mal de boue, mais pas de n\u00e9cessit\u00e9 de se mouiller les pieds, toutes les passerelles \u00e9tant finalement au rendez-vous.<\/div><\/div><\/figcaption><\/figure><div class=\"fg-loader\"><\/div><\/div><div class=\"fg-item fg-type-image fg-idle\"><figure class=\"fg-item-inner\"><a href=\"https:\/\/alpavista.ch\/Alp11\/wp-content\/uploads\/varneralp_2021_1_008.png\" data-caption-title=\"Si quelques stigmates de l&#039;hiver sont encore d&#039;actualit\u00e9...\" data-caption-desc=\"Si quelques stigmates de l&#039;hiver sont encore d&#039;actualit\u00e9...\" data-attachment-id=\"27541\" data-type=\"image\" class=\"fg-thumb\"><span class=\"fg-image-wrap\"><img decoding=\"async\" alt=\"varneralp_2021_1_008\" title=\"Si quelques stigmates de l&#039;hiver sont encore d&#039;actualit\u00e9...\" width=\"101\" height=\"57\" class=\"skip-lazy fg-image\" data-src-fg=\"https:\/\/alpavista.ch\/Alp11\/wp-content\/uploads\/cache\/varneralp_2021_1_008\/3505785478.png\" src=\"data:image\/svg+xml,%3Csvg%20xmlns%3D%22http%3A%2F%2Fwww.w3.org%2F2000%2Fsvg%22%20width%3D%22101%22%20height%3D%2257%22%20viewBox%3D%220%200%20101%2057%22%3E%3C%2Fsvg%3E\" loading=\"eager\"><\/span><span class=\"fg-image-overlay\"><\/span><\/a><figcaption class=\"fg-caption\"><div class=\"fg-caption-inner\"><div class=\"fg-caption-desc\">Si quelques stigmates de l'hiver sont encore d'actualit\u00e9...<\/div><\/div><\/figcaption><\/figure><div class=\"fg-loader\"><\/div><\/div><div class=\"fg-item fg-type-image fg-idle\"><figure class=\"fg-item-inner\"><a href=\"https:\/\/alpavista.ch\/Alp11\/wp-content\/uploads\/varneralp_2021_1_009.png\" data-caption-title=\"... il n&#039;y a plus vraiment de raisons, la selle de quitter.\" data-caption-desc=\"... il n&#039;y a plus vraiment de raisons, la selle de quitter.\" data-attachment-id=\"27540\" data-type=\"image\" class=\"fg-thumb\"><span class=\"fg-image-wrap\"><img decoding=\"async\" alt=\"varneralp_2021_1_009\" title=\"... il n&#039;y a plus vraiment de raisons, la selle de quitter.\" width=\"101\" height=\"57\" class=\"skip-lazy fg-image\" data-src-fg=\"https:\/\/alpavista.ch\/Alp11\/wp-content\/uploads\/cache\/varneralp_2021_1_009\/1314996956.png\" src=\"data:image\/svg+xml,%3Csvg%20xmlns%3D%22http%3A%2F%2Fwww.w3.org%2F2000%2Fsvg%22%20width%3D%22101%22%20height%3D%2257%22%20viewBox%3D%220%200%20101%2057%22%3E%3C%2Fsvg%3E\" loading=\"eager\"><\/span><span class=\"fg-image-overlay\"><\/span><\/a><figcaption class=\"fg-caption\"><div class=\"fg-caption-inner\"><div class=\"fg-caption-desc\">... il n'y a plus vraiment de raisons, la selle de quitter.<\/div><\/div><\/figcaption><\/figure><div class=\"fg-loader\"><\/div><\/div><div class=\"fg-item fg-type-image fg-idle\"><figure class=\"fg-item-inner\"><a href=\"https:\/\/alpavista.ch\/Alp11\/wp-content\/uploads\/varneralp_2021_1_010.png\" data-caption-title=\"Jusqu&#039;\u00e0 Nuschelet, \u00e7a passe d\u00e9j\u00e0 \u00ab cr\u00e8me \u00bb et un peu \u00ab boue \u00bb aussi.\" data-caption-desc=\"Jusqu&#039;\u00e0 Nuschelet, \u00e7a passe d\u00e9j\u00e0 \u00ab cr\u00e8me \u00bb et un peu \u00ab boue \u00bb aussi.\" data-attachment-id=\"27539\" data-type=\"image\" class=\"fg-thumb\"><span class=\"fg-image-wrap\"><img decoding=\"async\" alt=\"varneralp_2021_1_010\" title=\"Jusqu&#039;\u00e0 Nuschelet, \u00e7a passe d\u00e9j\u00e0 \u00ab cr\u00e8me \u00bb et un peu \u00ab boue \u00bb aussi.\" width=\"101\" height=\"57\" class=\"skip-lazy fg-image\" data-src-fg=\"https:\/\/alpavista.ch\/Alp11\/wp-content\/uploads\/cache\/varneralp_2021_1_010\/2339563190.png\" src=\"data:image\/svg+xml,%3Csvg%20xmlns%3D%22http%3A%2F%2Fwww.w3.org%2F2000%2Fsvg%22%20width%3D%22101%22%20height%3D%2257%22%20viewBox%3D%220%200%20101%2057%22%3E%3C%2Fsvg%3E\" loading=\"eager\"><\/span><span class=\"fg-image-overlay\"><\/span><\/a><figcaption class=\"fg-caption\"><div class=\"fg-caption-inner\"><div class=\"fg-caption-desc\">Jusqu'\u00e0 Nuschelet, \u00e7a passe d\u00e9j\u00e0 \u00ab cr\u00e8me \u00bb et un peu \u00ab boue \u00bb aussi.<\/div><\/div><\/figcaption><\/figure><div class=\"fg-loader\"><\/div><\/div><div class=\"fg-item fg-type-image fg-idle\"><figure class=\"fg-item-inner\"><a href=\"https:\/\/alpavista.ch\/Alp11\/wp-content\/uploads\/varneralp_2021_1_011.png\" data-caption-title=\"Assortir son T-Shirt aux teintes de son v\u00e9lo, c&#039;est d\u00e9j\u00e0 classe, mais accorder le tout aux t\u00f4les du chalet pour la photo, c&#039;est carr\u00e9ment magique. Alors que certains vendent des fringues, d&#039;autres les assemblent avec go\u00fbt. (Ou pas).\" data-caption-desc=\"Assortir son T-Shirt aux teintes de son v\u00e9lo, c&#039;est d\u00e9j\u00e0 classe, mais accorder le tout aux t\u00f4les du chalet pour la photo, c&#039;est carr\u00e9ment magique. Alors que certains vendent des fringues, d&#039;autres les assemblent avec go\u00fbt. (Ou pas).\" data-attachment-id=\"27538\" data-type=\"image\" class=\"fg-thumb\"><span class=\"fg-image-wrap\"><img decoding=\"async\" alt=\"varneralp_2021_1_011\" title=\"Assortir son T-Shirt aux teintes de son v\u00e9lo, c&#039;est d\u00e9j\u00e0 classe, mais accorder le tout aux t\u00f4les du chalet pour la photo, c&#039;est carr\u00e9ment magique. Alors que certains vendent des fringues, d&#039;autres les assemblent avec go\u00fbt. (Ou pas).\" width=\"101\" height=\"57\" class=\"skip-lazy fg-image\" data-src-fg=\"https:\/\/alpavista.ch\/Alp11\/wp-content\/uploads\/cache\/varneralp_2021_1_011\/367374060.png\" src=\"data:image\/svg+xml,%3Csvg%20xmlns%3D%22http%3A%2F%2Fwww.w3.org%2F2000%2Fsvg%22%20width%3D%22101%22%20height%3D%2257%22%20viewBox%3D%220%200%20101%2057%22%3E%3C%2Fsvg%3E\" loading=\"eager\"><\/span><span class=\"fg-image-overlay\"><\/span><\/a><figcaption class=\"fg-caption\"><div class=\"fg-caption-inner\"><div class=\"fg-caption-desc\">Assortir son T-Shirt aux teintes de son v\u00e9lo, c'est d\u00e9j\u00e0 classe, mais accorder le tout aux t\u00f4les du chalet pour la photo, c'est carr\u00e9ment magique. Alors que certains vendent des fringues, d'autres les assemblent avec go\u00fbt. (Ou pas).<\/div><\/div><\/figcaption><\/figure><div class=\"fg-loader\"><\/div><\/div><div class=\"fg-item fg-type-image fg-idle\"><figure class=\"fg-item-inner\"><a href=\"https:\/\/alpavista.ch\/Alp11\/wp-content\/uploads\/varneralp_2021_1_012.png\" data-caption-title=\"La deuxi\u00e8me mont\u00e9e impossible a finalement veng\u00e9 sa grande soeur. L&#039;ami Alex, apr\u00e8s avoir subi la boue a refus\u00e9 l&#039;obstacle de la neige...\" data-caption-desc=\"La deuxi\u00e8me mont\u00e9e impossible a finalement veng\u00e9 sa grande soeur. L&#039;ami Alex, apr\u00e8s avoir subi la boue a refus\u00e9 l&#039;obstacle de la neige...\" data-attachment-id=\"27537\" data-type=\"image\" class=\"fg-thumb\"><span class=\"fg-image-wrap\"><img decoding=\"async\" alt=\"varneralp_2021_1_012\" title=\"La deuxi\u00e8me mont\u00e9e impossible a finalement veng\u00e9 sa grande soeur. L&#039;ami Alex, apr\u00e8s avoir subi la boue a refus\u00e9 l&#039;obstacle de la neige...\" width=\"101\" height=\"57\" class=\"skip-lazy fg-image\" data-src-fg=\"https:\/\/alpavista.ch\/Alp11\/wp-content\/uploads\/cache\/varneralp_2021_1_012\/47192561.png\" src=\"data:image\/svg+xml,%3Csvg%20xmlns%3D%22http%3A%2F%2Fwww.w3.org%2F2000%2Fsvg%22%20width%3D%22101%22%20height%3D%2257%22%20viewBox%3D%220%200%20101%2057%22%3E%3C%2Fsvg%3E\" loading=\"eager\"><\/span><span class=\"fg-image-overlay\"><\/span><\/a><figcaption class=\"fg-caption\"><div class=\"fg-caption-inner\"><div class=\"fg-caption-desc\">La deuxi\u00e8me mont\u00e9e impossible a finalement veng\u00e9 sa grande soeur. L'ami Alex, apr\u00e8s avoir subi la boue a refus\u00e9 l'obstacle de la neige...<\/div><\/div><\/figcaption><\/figure><div class=\"fg-loader\"><\/div><\/div><div class=\"fg-item fg-type-image fg-idle\"><figure class=\"fg-item-inner\"><a href=\"https:\/\/alpavista.ch\/Alp11\/wp-content\/uploads\/varneralp_2021_1_013.png\" data-caption-title=\"Le verrou d&#039;acc\u00e8s au plateau de Varneralp n&#039;a pas encore c\u00e9d\u00e9, pour cette ann\u00e9e.\" data-caption-desc=\"Le verrou d&#039;acc\u00e8s au plateau de Varneralp n&#039;a pas encore c\u00e9d\u00e9, pour cette ann\u00e9e.\" data-attachment-id=\"27536\" data-type=\"image\" class=\"fg-thumb\"><span class=\"fg-image-wrap\"><img decoding=\"async\" alt=\"varneralp_2021_1_013\" title=\"Le verrou d&#039;acc\u00e8s au plateau de Varneralp n&#039;a pas encore c\u00e9d\u00e9, pour cette ann\u00e9e.\" width=\"101\" height=\"57\" class=\"skip-lazy fg-image\" data-src-fg=\"https:\/\/alpavista.ch\/Alp11\/wp-content\/uploads\/cache\/varneralp_2021_1_013\/2621919659.png\" src=\"data:image\/svg+xml,%3Csvg%20xmlns%3D%22http%3A%2F%2Fwww.w3.org%2F2000%2Fsvg%22%20width%3D%22101%22%20height%3D%2257%22%20viewBox%3D%220%200%20101%2057%22%3E%3C%2Fsvg%3E\" loading=\"eager\"><\/span><span class=\"fg-image-overlay\"><\/span><\/a><figcaption class=\"fg-caption\"><div class=\"fg-caption-inner\"><div class=\"fg-caption-desc\">Le verrou d'acc\u00e8s au plateau de Varneralp n'a pas encore c\u00e9d\u00e9, pour cette ann\u00e9e.<\/div><\/div><\/figcaption><\/figure><div class=\"fg-loader\"><\/div><\/div><div class=\"fg-item fg-type-image fg-idle\"><figure class=\"fg-item-inner\"><a href=\"https:\/\/alpavista.ch\/Alp11\/wp-content\/uploads\/varneralp_2021_1_014.png\" data-caption-title=\"Fran\u00e7ois C., l&#039;homme qui aplanit les fronti\u00e8res et les moraines, \u00e0 d\u00e9faut de montagnes...\" data-caption-desc=\"Fran\u00e7ois C., l&#039;homme qui aplanit les fronti\u00e8res et les moraines, \u00e0 d\u00e9faut de montagnes...\" data-attachment-id=\"27535\" data-type=\"image\" class=\"fg-thumb\"><span class=\"fg-image-wrap\"><img decoding=\"async\" alt=\"varneralp_2021_1_014\" title=\"Fran\u00e7ois C., l&#039;homme qui aplanit les fronti\u00e8res et les moraines, \u00e0 d\u00e9faut de montagnes...\" width=\"101\" height=\"57\" class=\"skip-lazy fg-image\" data-src-fg=\"https:\/\/alpavista.ch\/Alp11\/wp-content\/uploads\/cache\/varneralp_2021_1_014\/1623556606.png\" src=\"data:image\/svg+xml,%3Csvg%20xmlns%3D%22http%3A%2F%2Fwww.w3.org%2F2000%2Fsvg%22%20width%3D%22101%22%20height%3D%2257%22%20viewBox%3D%220%200%20101%2057%22%3E%3C%2Fsvg%3E\" loading=\"eager\"><\/span><span class=\"fg-image-overlay\"><\/span><\/a><figcaption class=\"fg-caption\"><div class=\"fg-caption-inner\"><div class=\"fg-caption-desc\">Fran\u00e7ois C., l'homme qui aplanit les fronti\u00e8res et les moraines, \u00e0 d\u00e9faut de montagnes...<\/div><\/div><\/figcaption><\/figure><div class=\"fg-loader\"><\/div><\/div><div class=\"fg-item fg-type-image fg-idle\"><figure class=\"fg-item-inner\"><a href=\"https:\/\/alpavista.ch\/Alp11\/wp-content\/uploads\/varneralp_2021_1_015.png\" data-caption-title=\"... m\u00eame s&#039;il doit en \u00ab chier \u00bb jusqu&#039;\u00e0 la derni\u00e8re mont\u00e9e.\" data-caption-desc=\"... m\u00eame s&#039;il doit en \u00ab chier \u00bb jusqu&#039;\u00e0 la derni\u00e8re mont\u00e9e.\" data-attachment-id=\"27534\" data-type=\"image\" class=\"fg-thumb\"><span class=\"fg-image-wrap\"><img decoding=\"async\" alt=\"varneralp_2021_1_015\" title=\"... m\u00eame s&#039;il doit en \u00ab chier \u00bb jusqu&#039;\u00e0 la derni\u00e8re mont\u00e9e.\" width=\"101\" height=\"57\" class=\"skip-lazy fg-image\" data-src-fg=\"https:\/\/alpavista.ch\/Alp11\/wp-content\/uploads\/cache\/varneralp_2021_1_015\/4266838436.png\" src=\"data:image\/svg+xml,%3Csvg%20xmlns%3D%22http%3A%2F%2Fwww.w3.org%2F2000%2Fsvg%22%20width%3D%22101%22%20height%3D%2257%22%20viewBox%3D%220%200%20101%2057%22%3E%3C%2Fsvg%3E\" loading=\"eager\"><\/span><span class=\"fg-image-overlay\"><\/span><\/a><figcaption class=\"fg-caption\"><div class=\"fg-caption-inner\"><div class=\"fg-caption-desc\">... m\u00eame s'il doit en \u00ab chier \u00bb jusqu'\u00e0 la derni\u00e8re mont\u00e9e.<\/div><\/div><\/figcaption><\/figure><div class=\"fg-loader\"><\/div><\/div><div class=\"fg-item fg-type-image fg-idle\"><figure class=\"fg-item-inner\"><a href=\"https:\/\/alpavista.ch\/Alp11\/wp-content\/uploads\/varneralp_2021_1_016.png\" data-caption-title=\"Conciliabule pour une bifurcation : droit en haut ou outre \u00e0 plat ? Comprenne qui pourra.\" data-caption-desc=\"Conciliabule pour une bifurcation : droit en haut ou outre \u00e0 plat ? Comprenne qui pourra.\" data-attachment-id=\"27533\" data-type=\"image\" class=\"fg-thumb\"><span class=\"fg-image-wrap\"><img decoding=\"async\" alt=\"varneralp_2021_1_016\" title=\"Conciliabule pour une bifurcation : droit en haut ou outre \u00e0 plat ? Comprenne qui pourra.\" width=\"101\" height=\"57\" class=\"skip-lazy fg-image\" data-src-fg=\"https:\/\/alpavista.ch\/Alp11\/wp-content\/uploads\/cache\/varneralp_2021_1_016\/354300506.png\" src=\"data:image\/svg+xml,%3Csvg%20xmlns%3D%22http%3A%2F%2Fwww.w3.org%2F2000%2Fsvg%22%20width%3D%22101%22%20height%3D%2257%22%20viewBox%3D%220%200%20101%2057%22%3E%3C%2Fsvg%3E\" loading=\"eager\"><\/span><span class=\"fg-image-overlay\"><\/span><\/a><figcaption class=\"fg-caption\"><div class=\"fg-caption-inner\"><div class=\"fg-caption-desc\">Conciliabule pour une bifurcation : droit en haut ou outre \u00e0 plat ? Comprenne qui pourra.<\/div><\/div><\/figcaption><\/figure><div class=\"fg-loader\"><\/div><\/div><div class=\"fg-item fg-type-image fg-idle\"><figure class=\"fg-item-inner\"><a href=\"https:\/\/alpavista.ch\/Alp11\/wp-content\/uploads\/varneralp_2021_1_017.png\" data-caption-title=\"R\u00e9ponse : Dri H\u00f4 !\" data-caption-desc=\"R\u00e9ponse : Dri H\u00f4 !\" data-attachment-id=\"27532\" data-type=\"image\" class=\"fg-thumb\"><span class=\"fg-image-wrap\"><img decoding=\"async\" alt=\"varneralp_2021_1_017\" title=\"R\u00e9ponse : Dri H\u00f4 !\" width=\"101\" height=\"57\" class=\"skip-lazy fg-image\" data-src-fg=\"https:\/\/alpavista.ch\/Alp11\/wp-content\/uploads\/cache\/varneralp_2021_1_017\/2341042688.png\" src=\"data:image\/svg+xml,%3Csvg%20xmlns%3D%22http%3A%2F%2Fwww.w3.org%2F2000%2Fsvg%22%20width%3D%22101%22%20height%3D%2257%22%20viewBox%3D%220%200%20101%2057%22%3E%3C%2Fsvg%3E\" loading=\"eager\"><\/span><span class=\"fg-image-overlay\"><\/span><\/a><figcaption class=\"fg-caption\"><div class=\"fg-caption-inner\"><div class=\"fg-caption-desc\">R\u00e9ponse : Dri H\u00f4 !<\/div><\/div><\/figcaption><\/figure><div class=\"fg-loader\"><\/div><\/div><div class=\"fg-item fg-type-image fg-idle\"><figure class=\"fg-item-inner\"><a href=\"https:\/\/alpavista.ch\/Alp11\/wp-content\/uploads\/varneralp_2021_1_018.png\" data-caption-title=\"M\u00eame s&#039;il reste pas mal de neige \u00e0 contourner.\" data-caption-desc=\"M\u00eame s&#039;il reste pas mal de neige \u00e0 contourner.\" data-attachment-id=\"27531\" data-type=\"image\" class=\"fg-thumb\"><span class=\"fg-image-wrap\"><img decoding=\"async\" alt=\"varneralp_2021_1_018\" title=\"M\u00eame s&#039;il reste pas mal de neige \u00e0 contourner.\" width=\"101\" height=\"57\" class=\"skip-lazy fg-image\" data-src-fg=\"https:\/\/alpavista.ch\/Alp11\/wp-content\/uploads\/cache\/varneralp_2021_1_018\/2767106528.png\" src=\"data:image\/svg+xml,%3Csvg%20xmlns%3D%22http%3A%2F%2Fwww.w3.org%2F2000%2Fsvg%22%20width%3D%22101%22%20height%3D%2257%22%20viewBox%3D%220%200%20101%2057%22%3E%3C%2Fsvg%3E\" loading=\"eager\"><\/span><span class=\"fg-image-overlay\"><\/span><\/a><figcaption class=\"fg-caption\"><div class=\"fg-caption-inner\"><div class=\"fg-caption-desc\">M\u00eame s'il reste pas mal de neige \u00e0 contourner.<\/div><\/div><\/figcaption><\/figure><div class=\"fg-loader\"><\/div><\/div><div class=\"fg-item fg-type-image fg-idle\"><figure class=\"fg-item-inner\"><a href=\"https:\/\/alpavista.ch\/Alp11\/wp-content\/uploads\/varneralp_2021_1_019.png\" data-caption-title=\"Notre \u00ab gang \u00bb du Nord, sous un ciel gris, c&#039;est assez habituel, mais sur un tapis de crocus c&#039;est d\u00e9j\u00e0 moins commun.\" data-caption-desc=\"Notre \u00ab gang \u00bb du Nord, sous un ciel gris, c&#039;est assez habituel, mais sur un tapis de crocus c&#039;est d\u00e9j\u00e0 moins commun.\" data-attachment-id=\"27530\" data-type=\"image\" class=\"fg-thumb\"><span class=\"fg-image-wrap\"><img decoding=\"async\" alt=\"varneralp_2021_1_019\" title=\"Notre \u00ab gang \u00bb du Nord, sous un ciel gris, c&#039;est assez habituel, mais sur un tapis de crocus c&#039;est d\u00e9j\u00e0 moins commun.\" width=\"101\" height=\"57\" class=\"skip-lazy fg-image\" data-src-fg=\"https:\/\/alpavista.ch\/Alp11\/wp-content\/uploads\/cache\/varneralp_2021_1_019\/981072314.png\" src=\"data:image\/svg+xml,%3Csvg%20xmlns%3D%22http%3A%2F%2Fwww.w3.org%2F2000%2Fsvg%22%20width%3D%22101%22%20height%3D%2257%22%20viewBox%3D%220%200%20101%2057%22%3E%3C%2Fsvg%3E\" loading=\"eager\"><\/span><span class=\"fg-image-overlay\"><\/span><\/a><figcaption class=\"fg-caption\"><div class=\"fg-caption-inner\"><div class=\"fg-caption-desc\">Notre \u00ab gang \u00bb du Nord, sous un ciel gris, c'est assez habituel, mais sur un tapis de crocus c'est d\u00e9j\u00e0 moins commun.<\/div><\/div><\/figcaption><\/figure><div class=\"fg-loader\"><\/div><\/div><div class=\"fg-item fg-type-image fg-idle\"><figure class=\"fg-item-inner\"><a href=\"https:\/\/alpavista.ch\/Alp11\/wp-content\/uploads\/varneralp_2021_1_020.png\" data-caption-title=\"Un Scott bicolore comme les bras de son vaillant pilote.\" data-caption-desc=\"Un Scott bicolore comme les bras de son vaillant pilote.\" data-attachment-id=\"27529\" data-type=\"image\" class=\"fg-thumb\"><span class=\"fg-image-wrap\"><img decoding=\"async\" alt=\"varneralp_2021_1_020\" title=\"Un Scott bicolore comme les bras de son vaillant pilote.\" width=\"101\" height=\"57\" class=\"skip-lazy fg-image\" data-src-fg=\"https:\/\/alpavista.ch\/Alp11\/wp-content\/uploads\/cache\/varneralp_2021_1_020\/782557586.png\" src=\"data:image\/svg+xml,%3Csvg%20xmlns%3D%22http%3A%2F%2Fwww.w3.org%2F2000%2Fsvg%22%20width%3D%22101%22%20height%3D%2257%22%20viewBox%3D%220%200%20101%2057%22%3E%3C%2Fsvg%3E\" loading=\"eager\"><\/span><span class=\"fg-image-overlay\"><\/span><\/a><figcaption class=\"fg-caption\"><div class=\"fg-caption-inner\"><div class=\"fg-caption-desc\">Un Scott bicolore comme les bras de son vaillant pilote.<\/div><\/div><\/figcaption><\/figure><div class=\"fg-loader\"><\/div><\/div><div class=\"fg-item fg-type-image fg-idle\"><figure class=\"fg-item-inner\"><a href=\"https:\/\/alpavista.ch\/Alp11\/wp-content\/uploads\/varneralp_2021_1_021.png\" data-caption-title=\"Toujours du sable, dans le ciel, mais de plus en plus de gravier, sur notre \u00ab Wanderweg \u00bb...\" data-caption-desc=\"Toujours du sable, dans le ciel, mais de plus en plus de gravier, sur notre \u00ab Wanderweg \u00bb...\" data-attachment-id=\"27528\" data-type=\"image\" class=\"fg-thumb\"><span class=\"fg-image-wrap\"><img decoding=\"async\" alt=\"varneralp_2021_1_021\" title=\"Toujours du sable, dans le ciel, mais de plus en plus de gravier, sur notre \u00ab Wanderweg \u00bb...\" width=\"101\" height=\"57\" class=\"skip-lazy fg-image\" data-src-fg=\"https:\/\/alpavista.ch\/Alp11\/wp-content\/uploads\/cache\/varneralp_2021_1_021\/2956175816.png\" src=\"data:image\/svg+xml,%3Csvg%20xmlns%3D%22http%3A%2F%2Fwww.w3.org%2F2000%2Fsvg%22%20width%3D%22101%22%20height%3D%2257%22%20viewBox%3D%220%200%20101%2057%22%3E%3C%2Fsvg%3E\" loading=\"eager\"><\/span><span class=\"fg-image-overlay\"><\/span><\/a><figcaption class=\"fg-caption\"><div class=\"fg-caption-inner\"><div class=\"fg-caption-desc\">Toujours du sable, dans le ciel, mais de plus en plus de gravier, sur notre \u00ab Wanderweg \u00bb...<\/div><\/div><\/figcaption><\/figure><div class=\"fg-loader\"><\/div><\/div><div class=\"fg-item fg-type-image fg-idle\"><figure class=\"fg-item-inner\"><a href=\"https:\/\/alpavista.ch\/Alp11\/wp-content\/uploads\/varneralp_2021_1_022.png\" data-caption-title=\"... et encore quelques derniers n\u00e9v\u00e9s qui se transforment, en temps r\u00e9el, en boue liquide.\" data-caption-desc=\"... et encore quelques derniers n\u00e9v\u00e9s qui se transforment, en temps r\u00e9el, en boue liquide.\" data-attachment-id=\"27527\" data-type=\"image\" class=\"fg-thumb\"><span class=\"fg-image-wrap\"><img decoding=\"async\" alt=\"varneralp_2021_1_022\" title=\"... et encore quelques derniers n\u00e9v\u00e9s qui se transforment, en temps r\u00e9el, en boue liquide.\" width=\"101\" height=\"57\" class=\"skip-lazy fg-image\" data-src-fg=\"https:\/\/alpavista.ch\/Alp11\/wp-content\/uploads\/cache\/varneralp_2021_1_022\/2802196181.png\" src=\"data:image\/svg+xml,%3Csvg%20xmlns%3D%22http%3A%2F%2Fwww.w3.org%2F2000%2Fsvg%22%20width%3D%22101%22%20height%3D%2257%22%20viewBox%3D%220%200%20101%2057%22%3E%3C%2Fsvg%3E\" loading=\"eager\"><\/span><span class=\"fg-image-overlay\"><\/span><\/a><figcaption class=\"fg-caption\"><div class=\"fg-caption-inner\"><div class=\"fg-caption-desc\">... et encore quelques derniers n\u00e9v\u00e9s qui se transforment, en temps r\u00e9el, en boue liquide.<\/div><\/div><\/figcaption><\/figure><div class=\"fg-loader\"><\/div><\/div><div class=\"fg-item fg-type-image fg-idle\"><figure class=\"fg-item-inner\"><a href=\"https:\/\/alpavista.ch\/Alp11\/wp-content\/uploads\/varneralp_2021_1_023.png\" data-caption-title=\"Plammis Beach et sa plage de sable blanc ... et froid.\" data-caption-desc=\"Plammis Beach et sa plage de sable blanc ... et froid.\" data-attachment-id=\"27526\" data-type=\"image\" class=\"fg-thumb\"><span class=\"fg-image-wrap\"><img decoding=\"async\" alt=\"varneralp_2021_1_023\" title=\"Plammis Beach et sa plage de sable blanc ... et froid.\" width=\"101\" height=\"57\" class=\"skip-lazy fg-image\" data-src-fg=\"https:\/\/alpavista.ch\/Alp11\/wp-content\/uploads\/cache\/varneralp_2021_1_023\/965826191.png\" src=\"data:image\/svg+xml,%3Csvg%20xmlns%3D%22http%3A%2F%2Fwww.w3.org%2F2000%2Fsvg%22%20width%3D%22101%22%20height%3D%2257%22%20viewBox%3D%220%200%20101%2057%22%3E%3C%2Fsvg%3E\" loading=\"eager\"><\/span><span class=\"fg-image-overlay\"><\/span><\/a><figcaption class=\"fg-caption\"><div class=\"fg-caption-inner\"><div class=\"fg-caption-desc\">Plammis Beach et sa plage de sable blanc ... et froid.<\/div><\/div><\/figcaption><\/figure><div class=\"fg-loader\"><\/div><\/div><div class=\"fg-item fg-type-image fg-idle\"><figure class=\"fg-item-inner\"><a href=\"https:\/\/alpavista.ch\/Alp11\/wp-content\/uploads\/varneralp_2021_1_024.png\" data-caption-title=\"La \u00ab Chevauch\u00e9e Fantastique \u00bb, 2021, le \u00ab remake  \u00bb du \u00ab remake  \u00bb.\" data-caption-desc=\"La \u00ab Chevauch\u00e9e Fantastique \u00bb, 2021, le \u00ab remake  \u00bb du \u00ab remake  \u00bb.\" data-attachment-id=\"27525\" data-type=\"image\" class=\"fg-thumb\"><span class=\"fg-image-wrap\"><img decoding=\"async\" alt=\"varneralp_2021_1_024\" title=\"La \u00ab Chevauch\u00e9e Fantastique \u00bb, 2021, le \u00ab remake  \u00bb du \u00ab remake  \u00bb.\" width=\"101\" height=\"57\" class=\"skip-lazy fg-image\" data-src-fg=\"https:\/\/alpavista.ch\/Alp11\/wp-content\/uploads\/cache\/varneralp_2021_1_024\/3306391258.png\" src=\"data:image\/svg+xml,%3Csvg%20xmlns%3D%22http%3A%2F%2Fwww.w3.org%2F2000%2Fsvg%22%20width%3D%22101%22%20height%3D%2257%22%20viewBox%3D%220%200%20101%2057%22%3E%3C%2Fsvg%3E\" loading=\"eager\"><\/span><span class=\"fg-image-overlay\"><\/span><\/a><figcaption class=\"fg-caption\"><div class=\"fg-caption-inner\"><div class=\"fg-caption-desc\">La \u00ab Chevauch\u00e9e Fantastique \u00bb, 2021, le \u00ab remake  \u00bb du \u00ab remake  \u00bb.<\/div><\/div><\/figcaption><\/figure><div class=\"fg-loader\"><\/div><\/div><div class=\"fg-item fg-type-image fg-idle\"><figure class=\"fg-item-inner\"><a href=\"https:\/\/alpavista.ch\/Alp11\/wp-content\/uploads\/varneralp_2021_1_025.png\" data-caption-title=\"D\u00e9cor grandiose ...\" data-caption-desc=\"D\u00e9cor grandiose ...\" data-attachment-id=\"27524\" data-type=\"image\" class=\"fg-thumb\"><span class=\"fg-image-wrap\"><img decoding=\"async\" alt=\"varneralp_2021_1_025\" title=\"D\u00e9cor grandiose ...\" width=\"101\" height=\"57\" class=\"skip-lazy fg-image\" data-src-fg=\"https:\/\/alpavista.ch\/Alp11\/wp-content\/uploads\/cache\/varneralp_2021_1_025\/1535430272.png\" src=\"data:image\/svg+xml,%3Csvg%20xmlns%3D%22http%3A%2F%2Fwww.w3.org%2F2000%2Fsvg%22%20width%3D%22101%22%20height%3D%2257%22%20viewBox%3D%220%200%20101%2057%22%3E%3C%2Fsvg%3E\" loading=\"eager\"><\/span><span class=\"fg-image-overlay\"><\/span><\/a><figcaption class=\"fg-caption\"><div class=\"fg-caption-inner\"><div class=\"fg-caption-desc\">D\u00e9cor grandiose ...<\/div><\/div><\/figcaption><\/figure><div class=\"fg-loader\"><\/div><\/div><div class=\"fg-item fg-type-image fg-idle\"><figure class=\"fg-item-inner\"><a href=\"https:\/\/alpavista.ch\/Alp11\/wp-content\/uploads\/varneralp_2021_1_026.png\" data-caption-title=\"... et casting de r\u00eave.\" data-caption-desc=\"... et casting de r\u00eave.\" data-attachment-id=\"27523\" data-type=\"image\" class=\"fg-thumb\"><span class=\"fg-image-wrap\"><img decoding=\"async\" alt=\"varneralp_2021_1_026\" title=\"... et casting de r\u00eave.\" width=\"101\" height=\"57\" class=\"skip-lazy fg-image\" data-src-fg=\"https:\/\/alpavista.ch\/Alp11\/wp-content\/uploads\/cache\/varneralp_2021_1_026\/2965910910.png\" src=\"data:image\/svg+xml,%3Csvg%20xmlns%3D%22http%3A%2F%2Fwww.w3.org%2F2000%2Fsvg%22%20width%3D%22101%22%20height%3D%2257%22%20viewBox%3D%220%200%20101%2057%22%3E%3C%2Fsvg%3E\" loading=\"eager\"><\/span><span class=\"fg-image-overlay\"><\/span><\/a><figcaption class=\"fg-caption\"><div class=\"fg-caption-inner\"><div class=\"fg-caption-desc\">... et casting de r\u00eave.<\/div><\/div><\/figcaption><\/figure><div class=\"fg-loader\"><\/div><\/div><div class=\"fg-item fg-type-image fg-idle\"><figure class=\"fg-item-inner\"><a href=\"https:\/\/alpavista.ch\/Alp11\/wp-content\/uploads\/varneralp_2021_1_027.png\" data-caption-title=\"Lignes de v\u00eatement ou lignes tout court : qui peut le plus, peut le moins.\" data-caption-desc=\"Lignes de v\u00eatement ou lignes tout court : qui peut le plus, peut le moins.\" data-attachment-id=\"27522\" data-type=\"image\" class=\"fg-thumb\"><span class=\"fg-image-wrap\"><img decoding=\"async\" alt=\"varneralp_2021_1_027\" title=\"Lignes de v\u00eatement ou lignes tout court : qui peut le plus, peut le moins.\" width=\"101\" height=\"57\" class=\"skip-lazy fg-image\" data-src-fg=\"https:\/\/alpavista.ch\/Alp11\/wp-content\/uploads\/cache\/varneralp_2021_1_027\/778009892.png\" src=\"data:image\/svg+xml,%3Csvg%20xmlns%3D%22http%3A%2F%2Fwww.w3.org%2F2000%2Fsvg%22%20width%3D%22101%22%20height%3D%2257%22%20viewBox%3D%220%200%20101%2057%22%3E%3C%2Fsvg%3E\" loading=\"eager\"><\/span><span class=\"fg-image-overlay\"><\/span><\/a><figcaption class=\"fg-caption\"><div class=\"fg-caption-inner\"><div class=\"fg-caption-desc\">Lignes de v\u00eatement ou lignes tout court : qui peut le plus, peut le moins.<\/div><\/div><\/figcaption><\/figure><div class=\"fg-loader\"><\/div><\/div><div class=\"fg-item fg-type-image fg-idle\"><figure class=\"fg-item-inner\"><a href=\"https:\/\/alpavista.ch\/Alp11\/wp-content\/uploads\/varneralp_2021_1_028.png\" data-caption-title=\"Et pas de lignes ?  C&#039;est aussi un style ?\" data-caption-desc=\"Et pas de lignes ?  C&#039;est aussi un style ?\" data-attachment-id=\"27521\" data-type=\"image\" class=\"fg-thumb\"><span class=\"fg-image-wrap\"><img decoding=\"async\" alt=\"varneralp_2021_1_028\" title=\"Et pas de lignes ?  C&#039;est aussi un style ?\" width=\"101\" height=\"57\" class=\"skip-lazy fg-image\" data-src-fg=\"https:\/\/alpavista.ch\/Alp11\/wp-content\/uploads\/cache\/varneralp_2021_1_028\/20494020.png\" src=\"data:image\/svg+xml,%3Csvg%20xmlns%3D%22http%3A%2F%2Fwww.w3.org%2F2000%2Fsvg%22%20width%3D%22101%22%20height%3D%2257%22%20viewBox%3D%220%200%20101%2057%22%3E%3C%2Fsvg%3E\" loading=\"eager\"><\/span><span class=\"fg-image-overlay\"><\/span><\/a><figcaption class=\"fg-caption\"><div class=\"fg-caption-inner\"><div class=\"fg-caption-desc\">Et pas de lignes ?  C'est aussi un style ?<\/div><\/div><\/figcaption><\/figure><div class=\"fg-loader\"><\/div><\/div><div class=\"fg-item fg-type-image fg-idle\"><figure class=\"fg-item-inner\"><a href=\"https:\/\/alpavista.ch\/Alp11\/wp-content\/uploads\/varneralp_2021_1_029.png\" data-caption-title=\"Chaleur \u00e9touffante et pluie de vannes : les cons\u00e9quences du d\u00e9r\u00e8glement climatiques sont parfois plus surprenantes qu&#039;on ne l&#039;imagine.\" data-caption-desc=\"Chaleur \u00e9touffante et pluie de vannes : les cons\u00e9quences du d\u00e9r\u00e8glement climatiques sont parfois plus surprenantes qu&#039;on ne l&#039;imagine.\" data-attachment-id=\"27520\" data-type=\"image\" class=\"fg-thumb\"><span class=\"fg-image-wrap\"><img decoding=\"async\" alt=\"varneralp_2021_1_029\" title=\"Chaleur \u00e9touffante et pluie de vannes : les cons\u00e9quences du d\u00e9r\u00e8glement climatiques sont parfois plus surprenantes qu&#039;on ne l&#039;imagine.\" width=\"101\" height=\"57\" class=\"skip-lazy fg-image\" data-src-fg=\"https:\/\/alpavista.ch\/Alp11\/wp-content\/uploads\/cache\/varneralp_2021_1_029\/2679111326.png\" src=\"data:image\/svg+xml,%3Csvg%20xmlns%3D%22http%3A%2F%2Fwww.w3.org%2F2000%2Fsvg%22%20width%3D%22101%22%20height%3D%2257%22%20viewBox%3D%220%200%20101%2057%22%3E%3C%2Fsvg%3E\" loading=\"eager\"><\/span><span class=\"fg-image-overlay\"><\/span><\/a><figcaption class=\"fg-caption\"><div class=\"fg-caption-inner\"><div class=\"fg-caption-desc\">Chaleur \u00e9touffante et pluie de vannes : les cons\u00e9quences du d\u00e9r\u00e8glement climatiques sont parfois plus surprenantes qu'on ne l'imagine.<\/div><\/div><\/figcaption><\/figure><div class=\"fg-loader\"><\/div><\/div><div class=\"fg-item fg-type-image fg-idle\"><figure class=\"fg-item-inner\"><a href=\"https:\/\/alpavista.ch\/Alp11\/wp-content\/uploads\/varneralp_2021_1_030.png\" data-caption-title=\"\u00ab Gorettage \u00bb d&#039;\u00e9pingle demand\u00e9 par le photographe n&#039;est pas un d\u00e9lit punissable. A condition, de savoir rentrer dans le rang rapidement.\" data-caption-desc=\"\u00ab Gorettage \u00bb d&#039;\u00e9pingle demand\u00e9 par le photographe n&#039;est pas un d\u00e9lit punissable. A condition, de savoir rentrer dans le rang rapidement.\" data-attachment-id=\"27519\" data-type=\"image\" class=\"fg-thumb\"><span class=\"fg-image-wrap\"><img decoding=\"async\" alt=\"varneralp_2021_1_030\" title=\"\u00ab Gorettage \u00bb d&#039;\u00e9pingle demand\u00e9 par le photographe n&#039;est pas un d\u00e9lit punissable. A condition, de savoir rentrer dans le rang rapidement.\" width=\"101\" height=\"57\" class=\"skip-lazy fg-image\" data-src-fg=\"https:\/\/alpavista.ch\/Alp11\/wp-content\/uploads\/cache\/varneralp_2021_1_030\/1178845107.png\" src=\"data:image\/svg+xml,%3Csvg%20xmlns%3D%22http%3A%2F%2Fwww.w3.org%2F2000%2Fsvg%22%20width%3D%22101%22%20height%3D%2257%22%20viewBox%3D%220%200%20101%2057%22%3E%3C%2Fsvg%3E\" loading=\"eager\"><\/span><span class=\"fg-image-overlay\"><\/span><\/a><figcaption class=\"fg-caption\"><div class=\"fg-caption-inner\"><div class=\"fg-caption-desc\">\u00ab Gorettage \u00bb d'\u00e9pingle demand\u00e9 par le photographe n'est pas un d\u00e9lit punissable. A condition, de savoir rentrer dans le rang rapidement.<\/div><\/div><\/figcaption><\/figure><div class=\"fg-loader\"><\/div><\/div><div class=\"fg-item fg-type-image fg-idle\"><figure class=\"fg-item-inner\"><a href=\"https:\/\/alpavista.ch\/Alp11\/wp-content\/uploads\/varneralp_2021_1_031.png\" data-caption-title=\"A Ch\u00e4ller, la fameuse chapelle d&#039;Alex, on a fini par retrouver.\" data-caption-desc=\"A Ch\u00e4ller, la fameuse chapelle d&#039;Alex, on a fini par retrouver.\" data-attachment-id=\"27518\" data-type=\"image\" class=\"fg-thumb\"><span class=\"fg-image-wrap\"><img decoding=\"async\" alt=\"varneralp_2021_1_031\" title=\"A Ch\u00e4ller, la fameuse chapelle d&#039;Alex, on a fini par retrouver.\" width=\"101\" height=\"57\" class=\"skip-lazy fg-image\" data-src-fg=\"https:\/\/alpavista.ch\/Alp11\/wp-content\/uploads\/cache\/varneralp_2021_1_031\/3637835753.png\" src=\"data:image\/svg+xml,%3Csvg%20xmlns%3D%22http%3A%2F%2Fwww.w3.org%2F2000%2Fsvg%22%20width%3D%22101%22%20height%3D%2257%22%20viewBox%3D%220%200%20101%2057%22%3E%3C%2Fsvg%3E\" loading=\"eager\"><\/span><span class=\"fg-image-overlay\"><\/span><\/a><figcaption class=\"fg-caption\"><div class=\"fg-caption-inner\"><div class=\"fg-caption-desc\">A Ch\u00e4ller, la fameuse chapelle d'Alex, on a fini par retrouver.<\/div><\/div><\/figcaption><\/figure><div class=\"fg-loader\"><\/div><\/div><div class=\"fg-item fg-type-image fg-idle\"><figure class=\"fg-item-inner\"><a href=\"https:\/\/alpavista.ch\/Alp11\/wp-content\/uploads\/varneralp_2021_1_032.png\" data-caption-title=\"De plus en plus marqu\u00e9e par les passages r\u00e9p\u00e9t\u00e9s (et les ascensions motoris\u00e9es), l&#039;itin\u00e9raire de la \u00ab Varner  \u00bb gagne chaque ann\u00e9e en caract\u00e8re.\" data-caption-desc=\"De plus en plus marqu\u00e9e par les passages r\u00e9p\u00e9t\u00e9s (et les ascensions motoris\u00e9es), l&#039;itin\u00e9raire de la \u00ab Varner  \u00bb gagne chaque ann\u00e9e en caract\u00e8re.\" data-attachment-id=\"27517\" data-type=\"image\" class=\"fg-thumb\"><span class=\"fg-image-wrap\"><img decoding=\"async\" alt=\"varneralp_2021_1_032\" title=\"De plus en plus marqu\u00e9e par les passages r\u00e9p\u00e9t\u00e9s (et les ascensions motoris\u00e9es), l&#039;itin\u00e9raire de la \u00ab Varner  \u00bb gagne chaque ann\u00e9e en caract\u00e8re.\" width=\"101\" height=\"57\" class=\"skip-lazy fg-image\" data-src-fg=\"https:\/\/alpavista.ch\/Alp11\/wp-content\/uploads\/cache\/varneralp_2021_1_032\/3487645940.png\" src=\"data:image\/svg+xml,%3Csvg%20xmlns%3D%22http%3A%2F%2Fwww.w3.org%2F2000%2Fsvg%22%20width%3D%22101%22%20height%3D%2257%22%20viewBox%3D%220%200%20101%2057%22%3E%3C%2Fsvg%3E\" loading=\"eager\"><\/span><span class=\"fg-image-overlay\"><\/span><\/a><figcaption class=\"fg-caption\"><div class=\"fg-caption-inner\"><div class=\"fg-caption-desc\">De plus en plus marqu\u00e9e par les passages r\u00e9p\u00e9t\u00e9s (et les ascensions motoris\u00e9es), l'itin\u00e9raire de la \u00ab Varner  \u00bb gagne chaque ann\u00e9e en caract\u00e8re.<\/div><\/div><\/figcaption><\/figure><div class=\"fg-loader\"><\/div><\/div><div class=\"fg-item fg-type-image fg-idle\"><figure class=\"fg-item-inner\"><a href=\"https:\/\/alpavista.ch\/Alp11\/wp-content\/uploads\/varneralp_2021_1_033.png\" data-caption-title=\"L&#039;\u00e9pingle \u00ab Jockerless  \u00bb, une simple formalit\u00e9 pour le nouveau \u00ab Chris Porter  \u00bb de Martu\u00e9.\" data-caption-desc=\"L&#039;\u00e9pingle \u00ab Jockerless  \u00bb, une simple formalit\u00e9 pour le nouveau \u00ab Chris Porter  \u00bb de Martu\u00e9.\" data-attachment-id=\"27516\" data-type=\"image\" class=\"fg-thumb\"><span class=\"fg-image-wrap\"><img decoding=\"async\" alt=\"varneralp_2021_1_033\" title=\"L&#039;\u00e9pingle \u00ab Jockerless  \u00bb, une simple formalit\u00e9 pour le nouveau \u00ab Chris Porter  \u00bb de Martu\u00e9.\" width=\"101\" height=\"57\" class=\"skip-lazy fg-image\" data-src-fg=\"https:\/\/alpavista.ch\/Alp11\/wp-content\/uploads\/cache\/varneralp_2021_1_033\/1366689966.png\" src=\"data:image\/svg+xml,%3Csvg%20xmlns%3D%22http%3A%2F%2Fwww.w3.org%2F2000%2Fsvg%22%20width%3D%22101%22%20height%3D%2257%22%20viewBox%3D%220%200%20101%2057%22%3E%3C%2Fsvg%3E\" loading=\"eager\"><\/span><span class=\"fg-image-overlay\"><\/span><\/a><figcaption class=\"fg-caption\"><div class=\"fg-caption-inner\"><div class=\"fg-caption-desc\">L'\u00e9pingle \u00ab Jockerless  \u00bb, une simple formalit\u00e9 pour le nouveau \u00ab Chris Porter  \u00bb de Martu\u00e9.<\/div><\/div><\/figcaption><\/figure><div class=\"fg-loader\"><\/div><\/div><div class=\"fg-item fg-type-image fg-idle\"><figure class=\"fg-item-inner\"><a href=\"https:\/\/alpavista.ch\/Alp11\/wp-content\/uploads\/varneralp_2021_1_034.png\" data-caption-title=\"Le VTT a l&#039;art de savoir cr\u00e9er des ponts (et des passerelles) entre les gens.\" data-caption-desc=\"Le VTT a l&#039;art de savoir cr\u00e9er des ponts (et des passerelles) entre les gens.\" data-attachment-id=\"27515\" data-type=\"image\" class=\"fg-thumb\"><span class=\"fg-image-wrap\"><img decoding=\"async\" alt=\"varneralp_2021_1_034\" title=\"Le VTT a l&#039;art de savoir cr\u00e9er des ponts (et des passerelles) entre les gens.\" width=\"101\" height=\"57\" class=\"skip-lazy fg-image\" data-src-fg=\"https:\/\/alpavista.ch\/Alp11\/wp-content\/uploads\/cache\/varneralp_2021_1_034\/2918504699.png\" src=\"data:image\/svg+xml,%3Csvg%20xmlns%3D%22http%3A%2F%2Fwww.w3.org%2F2000%2Fsvg%22%20width%3D%22101%22%20height%3D%2257%22%20viewBox%3D%220%200%20101%2057%22%3E%3C%2Fsvg%3E\" loading=\"eager\"><\/span><span class=\"fg-image-overlay\"><\/span><\/a><figcaption class=\"fg-caption\"><div class=\"fg-caption-inner\"><div class=\"fg-caption-desc\">Le VTT a l'art de savoir cr\u00e9er des ponts (et des passerelles) entre les gens.<\/div><\/div><\/figcaption><\/figure><div class=\"fg-loader\"><\/div><\/div><div class=\"fg-item fg-type-image fg-idle\"><figure class=\"fg-item-inner\"><a href=\"https:\/\/alpavista.ch\/Alp11\/wp-content\/uploads\/varneralp_2021_1_035.png\" data-caption-title=\"Next Target : faire encore un bout de chemin tous ensemble avant que tout ne se liqu\u00e9fie d\u00e9finitivement.\" data-caption-desc=\"Next Target : faire encore un bout de chemin tous ensemble avant que tout ne se liqu\u00e9fie d\u00e9finitivement.\" data-attachment-id=\"27514\" data-type=\"image\" class=\"fg-thumb\"><span class=\"fg-image-wrap\"><img decoding=\"async\" alt=\"varneralp_2021_1_035\" title=\"Next Target : faire encore un bout de chemin tous ensemble avant que tout ne se liqu\u00e9fie d\u00e9finitivement.\" width=\"101\" height=\"57\" class=\"skip-lazy fg-image\" data-src-fg=\"https:\/\/alpavista.ch\/Alp11\/wp-content\/uploads\/cache\/varneralp_2021_1_035\/862163105.png\" src=\"data:image\/svg+xml,%3Csvg%20xmlns%3D%22http%3A%2F%2Fwww.w3.org%2F2000%2Fsvg%22%20width%3D%22101%22%20height%3D%2257%22%20viewBox%3D%220%200%20101%2057%22%3E%3C%2Fsvg%3E\" loading=\"eager\"><\/span><span class=\"fg-image-overlay\"><\/span><\/a><figcaption class=\"fg-caption\"><div class=\"fg-caption-inner\"><div class=\"fg-caption-desc\">Next Target : faire encore un bout de chemin tous ensemble avant que tout ne se liqu\u00e9fie d\u00e9finitivement.<\/div><\/div><\/figcaption><\/figure><div class=\"fg-loader\"><\/div><\/div><\/div>\n\n<input class=\"fooboxshare_post_id\" type=\"hidden\" value=\"11643\"\/>","protected":false},"excerpt":{"rendered":"<p>\u00ab Varner un jour, Varner toujours \u00bb ! Ceci dit, une \u00ab Varner \u00bb en juin, n\u2019est (justement) pas toujours exempte de surprises. Du coup, pour assurer nos arri\u00e8res, nous avions envoy\u00e9 nos amis \u00ab dzoz \u00bb, Oli et Thierry, en \u00e9claireurs, le week-end pass\u00e9, pendant qu\u2019on suait (et grelottait) pour faire passer le \u00ab Moderna \u00bb de bras \u00e0 tr\u00e9pas. Bilan des courses, \u00e7a manque de \u00ab passerelles \u00bb, mais une fois les pieds mouill\u00e9s, \u00e7a passe \u00e0 peu [&hellip;]<\/p>\n","protected":false},"author":2,"featured_media":11642,"comment_status":"open","ping_status":"open","sticky":false,"template":"","format":"standard","meta":{"footnotes":""},"categories":[658,4],"tags":[1373,1375,1092,1141,1182,1374,1264,1341,1168,1144],"class_list":["post-11643","post","type-post","status-publish","format-standard","has-post-thumbnail","hentry","category-outdoor","category-vtt","tag-aprili","tag-challer","tag-loeche","tag-montana","tag-nuschelet","tag-plammis","tag-salquenen","tag-tieche","tag-varen","tag-varneralp"],"_links":{"self":[{"href":"https:\/\/alpavista.ch\/Alp11\/wp-json\/wp\/v2\/posts\/11643","targetHints":{"allow":["GET"]}}],"collection":[{"href":"https:\/\/alpavista.ch\/Alp11\/wp-json\/wp\/v2\/posts"}],"about":[{"href":"https:\/\/alpavista.ch\/Alp11\/wp-json\/wp\/v2\/types\/post"}],"author":[{"embeddable":true,"href":"https:\/\/alpavista.ch\/Alp11\/wp-json\/wp\/v2\/users\/2"}],"replies":[{"embeddable":true,"href":"https:\/\/alpavista.ch\/Alp11\/wp-json\/wp\/v2\/comments?post=11643"}],"version-history":[{"count":0,"href":"https:\/\/alpavista.ch\/Alp11\/wp-json\/wp\/v2\/posts\/11643\/revisions"}],"wp:featuredmedia":[{"embeddable":true,"href":"https:\/\/alpavista.ch\/Alp11\/wp-json\/wp\/v2\/media\/11642"}],"wp:attachment":[{"href":"https:\/\/alpavista.ch\/Alp11\/wp-json\/wp\/v2\/media?parent=11643"}],"wp:term":[{"taxonomy":"category","embeddable":true,"href":"https:\/\/alpavista.ch\/Alp11\/wp-json\/wp\/v2\/categories?post=11643"},{"taxonomy":"post_tag","embeddable":true,"href":"https:\/\/alpavista.ch\/Alp11\/wp-json\/wp\/v2\/tags?post=11643"}],"curies":[{"name":"wp","href":"https:\/\/api.w.org\/{rel}","templated":true}]}}