{"id":11782,"date":"2022-06-26T20:54:06","date_gmt":"2022-06-26T18:54:06","guid":{"rendered":"https:\/\/alpavista.ch\/Alp11\/?p=11782"},"modified":"2022-12-09T17:40:50","modified_gmt":"2022-12-09T16:40:50","slug":"fenetre-de-durand-2022","status":"publish","type":"post","link":"https:\/\/alpavista.ch\/Alp11\/2022\/06\/26\/fenetre-de-durand-2022\/","title":{"rendered":"Fen\u00eatre de Durand 2022"},"content":{"rendered":"<p>Grand classique de fin d\u2019\u00e9t\u00e9, cet itin\u00e9raire transfrontalier, sur le point de devenir \u00ab vintage \u00bb \u00e0 cause de la logistique qu\u2019il n\u00e9cessite, n\u2019avait plus vu nos roues, ou certaines de nos roues, rouler ses deux versants depuis bient\u00f4t 6 ans. La faute \u00e0 une \u00e9dition 2019 tr\u00e8s (trop) tardive qui l\u2019avait transform\u00e9e en \u00ab hivernale \u00bb malgr\u00e9 elle, \u00e0 des \u00e9ditions 2018 et 2020 en \u00ab aller-retour \u00bb sur le versant bagnard en raison du manque de logistique disponible ou carr\u00e9ment \u00e0 des \u00ab trous \u00bb dans le calendrier, comme en 2017 et 2021.<br \/>\n<!--more--><\/p>\n<p>Alors, pour rem\u00e9dier \u00e0 un manque grandissant et pour \u00e9viter que la \u00ab Durand \u00bb ne finisse d\u00e9finitivement \u00ab Has Been \u00bb, nous l\u2019avons, une fois n\u2019est pas coutume, mise au programme de notre d\u00e9but d\u2019\u00e9t\u00e9. D\u2019abord parce que les conditions de fonte des neiges ont rarement \u00e9t\u00e9 aussi favorables que cette ann\u00e9e, mais aussi pour mettre un peu de Val d\u2019Aoste dans une saison qui, pour l\u2019instant, en manque cruellement.<\/p>\n<style type=\"text\/css\">\n#foogallery-gallery-26424 .fg-image { width: 101px; }\n#foogallery-gallery-26424 { --fg-gutter: 1px; }<\/style>\n\t\t\t<div class=\"foogallery foogallery-container foogallery-default foogallery-lightbox-none fg-left fg-default fg-ready fg-light fg-loading-default fg-loaded-fade-in fg-preset fg-selena fg-preset-small fg-preset fg-selena fg-preset-small\" id=\"foogallery-gallery-26424\" data-foogallery=\"{&quot;item&quot;:{&quot;showCaptionTitle&quot;:false,&quot;showCaptionDescription&quot;:true},&quot;lazy&quot;:true,&quot;state&quot;:{&quot;enabled&quot;:true,&quot;mask&quot;:&quot;foogallery-{id}&quot;}}\" style=\"--fg-title-line-clamp: 0; --fg-description-line-clamp: 0;\" >\n\t<div class=\"fg-item fg-type-image fg-idle\"><figure class=\"fg-item-inner\"><a href=\"https:\/\/alpavista.ch\/Alp11\/wp-content\/uploads\/durand_22_001.png\" data-caption-title=\"R\u00e9-alignement \u00ab on the fly \u00bb de plaquettes neuves, l\u00e8chantes et \u00ab chantantes \u00bb.\" data-caption-desc=\"R\u00e9-alignement \u00ab on the fly \u00bb de plaquettes neuves, l\u00e8chantes et \u00ab chantantes \u00bb.\" data-attachment-id=\"26466\" data-type=\"image\" class=\"fg-thumb\"><span class=\"fg-image-wrap\"><img decoding=\"async\" alt=\"durand_22_001\" title=\"R\u00e9-alignement \u00ab on the fly \u00bb de plaquettes neuves, l\u00e8chantes et \u00ab chantantes \u00bb.\" width=\"101\" height=\"57\" class=\"skip-lazy fg-image\" data-src-fg=\"https:\/\/alpavista.ch\/Alp11\/wp-content\/uploads\/cache\/durand_22_001\/822868023.png\" src=\"data:image\/svg+xml,%3Csvg%20xmlns%3D%22http%3A%2F%2Fwww.w3.org%2F2000%2Fsvg%22%20width%3D%22101%22%20height%3D%2257%22%20viewBox%3D%220%200%20101%2057%22%3E%3C%2Fsvg%3E\" loading=\"eager\"><\/span><span class=\"fg-image-overlay\"><\/span><\/a><figcaption class=\"fg-caption\"><div class=\"fg-caption-inner\"><div class=\"fg-caption-desc\">R\u00e9-alignement \u00ab on the fly \u00bb de plaquettes neuves, l\u00e8chantes et \u00ab chantantes \u00bb.<\/div><\/div><\/figcaption><\/figure><div class=\"fg-loader\"><\/div><\/div><div class=\"fg-item fg-type-image fg-idle\"><figure class=\"fg-item-inner\"><a href=\"https:\/\/alpavista.ch\/Alp11\/wp-content\/uploads\/durand_22_002.png\" data-caption-title=\"Fen\u00eatre sur un haut Val de Bagnes bien frais et ventil\u00e9 en ce premier dimanche \u00ab post-r\u00e9fchauffement \u00bb.\" data-caption-desc=\"Fen\u00eatre sur un haut Val de Bagnes bien frais et ventil\u00e9 en ce premier dimanche \u00ab post-r\u00e9fchauffement \u00bb.\" data-attachment-id=\"26465\" data-type=\"image\" class=\"fg-thumb\"><span class=\"fg-image-wrap\"><img decoding=\"async\" alt=\"durand_22_002\" title=\"Fen\u00eatre sur un haut Val de Bagnes bien frais et ventil\u00e9 en ce premier dimanche \u00ab post-r\u00e9fchauffement \u00bb.\" width=\"101\" height=\"57\" class=\"skip-lazy fg-image\" data-src-fg=\"https:\/\/alpavista.ch\/Alp11\/wp-content\/uploads\/cache\/durand_22_002\/396116814.png\" src=\"data:image\/svg+xml,%3Csvg%20xmlns%3D%22http%3A%2F%2Fwww.w3.org%2F2000%2Fsvg%22%20width%3D%22101%22%20height%3D%2257%22%20viewBox%3D%220%200%20101%2057%22%3E%3C%2Fsvg%3E\" loading=\"eager\"><\/span><span class=\"fg-image-overlay\"><\/span><\/a><figcaption class=\"fg-caption\"><div class=\"fg-caption-inner\"><div class=\"fg-caption-desc\">Fen\u00eatre sur un haut Val de Bagnes bien frais et ventil\u00e9 en ce premier dimanche \u00ab post-r\u00e9fchauffement \u00bb.<\/div><\/div><\/figcaption><\/figure><div class=\"fg-loader\"><\/div><\/div><div class=\"fg-item fg-type-image fg-idle\"><figure class=\"fg-item-inner\"><a href=\"https:\/\/alpavista.ch\/Alp11\/wp-content\/uploads\/durand_22_003.png\" data-caption-title=\"Ciel mena\u00e7ant en phase d&#039;envahissement d&#039;un fond de vall\u00e9e toujours pr\u00e9serv\u00e9e.\" data-caption-desc=\"Ciel mena\u00e7ant en phase d&#039;envahissement d&#039;un fond de vall\u00e9e toujours pr\u00e9serv\u00e9e.\" data-attachment-id=\"26464\" data-type=\"image\" class=\"fg-thumb\"><span class=\"fg-image-wrap\"><img decoding=\"async\" alt=\"durand_22_003\" title=\"Ciel mena\u00e7ant en phase d&#039;envahissement d&#039;un fond de vall\u00e9e toujours pr\u00e9serv\u00e9e.\" width=\"101\" height=\"57\" class=\"skip-lazy fg-image\" data-src-fg=\"https:\/\/alpavista.ch\/Alp11\/wp-content\/uploads\/cache\/durand_22_003\/3166820262.png\" src=\"data:image\/svg+xml,%3Csvg%20xmlns%3D%22http%3A%2F%2Fwww.w3.org%2F2000%2Fsvg%22%20width%3D%22101%22%20height%3D%2257%22%20viewBox%3D%220%200%20101%2057%22%3E%3C%2Fsvg%3E\" loading=\"eager\"><\/span><span class=\"fg-image-overlay\"><\/span><\/a><figcaption class=\"fg-caption\"><div class=\"fg-caption-inner\"><div class=\"fg-caption-desc\">Ciel mena\u00e7ant en phase d'envahissement d'un fond de vall\u00e9e toujours pr\u00e9serv\u00e9e.<\/div><\/div><\/figcaption><\/figure><div class=\"fg-loader\"><\/div><\/div><div class=\"fg-item fg-type-image fg-idle\"><figure class=\"fg-item-inner\"><a href=\"https:\/\/alpavista.ch\/Alp11\/wp-content\/uploads\/durand_22_004.png\" data-caption-title=\"Pas de pont du Lancet, premier jalon d&#039;une longue ascension, mais une fragile passerelle sur les eaux d&#039;une Dranse d\u00e9j\u00e0 couleur caf\u00e9, pour cette \u00e9dition de juin.\" data-caption-desc=\"Pas de pont du Lancet, premier jalon d&#039;une longue ascension, mais une fragile passerelle sur les eaux d&#039;une Dranse d\u00e9j\u00e0 couleur caf\u00e9, pour cette \u00e9dition de juin.\" data-attachment-id=\"26463\" data-type=\"image\" class=\"fg-thumb\"><span class=\"fg-image-wrap\"><img decoding=\"async\" alt=\"durand_22_004\" title=\"Pas de pont du Lancet, premier jalon d&#039;une longue ascension, mais une fragile passerelle sur les eaux d&#039;une Dranse d\u00e9j\u00e0 couleur caf\u00e9, pour cette \u00e9dition de juin.\" width=\"101\" height=\"57\" class=\"skip-lazy fg-image\" data-src-fg=\"https:\/\/alpavista.ch\/Alp11\/wp-content\/uploads\/cache\/durand_22_004\/1521694140.png\" src=\"data:image\/svg+xml,%3Csvg%20xmlns%3D%22http%3A%2F%2Fwww.w3.org%2F2000%2Fsvg%22%20width%3D%22101%22%20height%3D%2257%22%20viewBox%3D%220%200%20101%2057%22%3E%3C%2Fsvg%3E\" loading=\"eager\"><\/span><span class=\"fg-image-overlay\"><\/span><\/a><figcaption class=\"fg-caption\"><div class=\"fg-caption-inner\"><div class=\"fg-caption-desc\">Pas de pont du Lancet, premier jalon d'une longue ascension, mais une fragile passerelle sur les eaux d'une Dranse d\u00e9j\u00e0 couleur caf\u00e9, pour cette \u00e9dition de juin.<\/div><\/div><\/figcaption><\/figure><div class=\"fg-loader\"><\/div><\/div><div class=\"fg-item fg-type-image fg-idle\"><figure class=\"fg-item-inner\"><a href=\"https:\/\/alpavista.ch\/Alp11\/wp-content\/uploads\/durand_22_005.png\" data-caption-title=\"Le gris est de mise, pour l&#039;instant, mais comme le vent est aussi de la partie, on peut esp\u00e9rer le voir aller d\u00e9corer le ciel ailleurs que sur nos t\u00eates.\" data-caption-desc=\"Le gris est de mise, pour l&#039;instant, mais comme le vent est aussi de la partie, on peut esp\u00e9rer le voir aller d\u00e9corer le ciel ailleurs que sur nos t\u00eates.\" data-attachment-id=\"26462\" data-type=\"image\" class=\"fg-thumb\"><span class=\"fg-image-wrap\"><img decoding=\"async\" alt=\"durand_22_005\" title=\"Le gris est de mise, pour l&#039;instant, mais comme le vent est aussi de la partie, on peut esp\u00e9rer le voir aller d\u00e9corer le ciel ailleurs que sur nos t\u00eates.\" width=\"101\" height=\"57\" class=\"skip-lazy fg-image\" data-src-fg=\"https:\/\/alpavista.ch\/Alp11\/wp-content\/uploads\/cache\/durand_22_005\/4058947924.png\" src=\"data:image\/svg+xml,%3Csvg%20xmlns%3D%22http%3A%2F%2Fwww.w3.org%2F2000%2Fsvg%22%20width%3D%22101%22%20height%3D%2257%22%20viewBox%3D%220%200%20101%2057%22%3E%3C%2Fsvg%3E\" loading=\"eager\"><\/span><span class=\"fg-image-overlay\"><\/span><\/a><figcaption class=\"fg-caption\"><div class=\"fg-caption-inner\"><div class=\"fg-caption-desc\">Le gris est de mise, pour l'instant, mais comme le vent est aussi de la partie, on peut esp\u00e9rer le voir aller d\u00e9corer le ciel ailleurs que sur nos t\u00eates.<\/div><\/div><\/figcaption><\/figure><div class=\"fg-loader\"><\/div><\/div><div class=\"fg-item fg-type-image fg-idle\"><figure class=\"fg-item-inner\"><a href=\"https:\/\/alpavista.ch\/Alp11\/wp-content\/uploads\/durand_22_006.png\" data-caption-title=\"Alpage de  Grand Charmotane : un premier rayon de soleil semble vouloir r\u00e9aliser notre souhait.\" data-caption-desc=\"Alpage de  Grand Charmotane : un premier rayon de soleil semble vouloir r\u00e9aliser notre souhait.\" data-attachment-id=\"26461\" data-type=\"image\" class=\"fg-thumb\"><span class=\"fg-image-wrap\"><img decoding=\"async\" alt=\"durand_22_006\" title=\"Alpage de  Grand Charmotane : un premier rayon de soleil semble vouloir r\u00e9aliser notre souhait.\" width=\"101\" height=\"57\" class=\"skip-lazy fg-image\" data-src-fg=\"https:\/\/alpavista.ch\/Alp11\/wp-content\/uploads\/cache\/durand_22_006\/3615037997.png\" src=\"data:image\/svg+xml,%3Csvg%20xmlns%3D%22http%3A%2F%2Fwww.w3.org%2F2000%2Fsvg%22%20width%3D%22101%22%20height%3D%2257%22%20viewBox%3D%220%200%20101%2057%22%3E%3C%2Fsvg%3E\" loading=\"eager\"><\/span><span class=\"fg-image-overlay\"><\/span><\/a><figcaption class=\"fg-caption\"><div class=\"fg-caption-inner\"><div class=\"fg-caption-desc\">Alpage de  Grand Charmotane : un premier rayon de soleil semble vouloir r\u00e9aliser notre souhait.<\/div><\/div><\/figcaption><\/figure><div class=\"fg-loader\"><\/div><\/div><div class=\"fg-item fg-type-image fg-idle\"><figure class=\"fg-item-inner\"><a href=\"https:\/\/alpavista.ch\/Alp11\/wp-content\/uploads\/durand_22_007.png\" data-caption-title=\"Charmotane, c&#039;est aussi la fin de la piste et le d\u00e9but d&#039;une kyrielle de chemins bagnards, puis valdotains.\" data-caption-desc=\"Charmotane, c&#039;est aussi la fin de la piste et le d\u00e9but d&#039;une kyrielle de chemins bagnards, puis valdotains.\" data-attachment-id=\"26460\" data-type=\"image\" class=\"fg-thumb\"><span class=\"fg-image-wrap\"><img decoding=\"async\" alt=\"durand_22_007\" title=\"Charmotane, c&#039;est aussi la fin de la piste et le d\u00e9but d&#039;une kyrielle de chemins bagnards, puis valdotains.\" width=\"101\" height=\"57\" class=\"skip-lazy fg-image\" data-src-fg=\"https:\/\/alpavista.ch\/Alp11\/wp-content\/uploads\/cache\/durand_22_007\/2082770629.png\" src=\"data:image\/svg+xml,%3Csvg%20xmlns%3D%22http%3A%2F%2Fwww.w3.org%2F2000%2Fsvg%22%20width%3D%22101%22%20height%3D%2257%22%20viewBox%3D%220%200%20101%2057%22%3E%3C%2Fsvg%3E\" loading=\"eager\"><\/span><span class=\"fg-image-overlay\"><\/span><\/a><figcaption class=\"fg-caption\"><div class=\"fg-caption-inner\"><div class=\"fg-caption-desc\">Charmotane, c'est aussi la fin de la piste et le d\u00e9but d'une kyrielle de chemins bagnards, puis valdotains.<\/div><\/div><\/figcaption><\/figure><div class=\"fg-loader\"><\/div><\/div><div class=\"fg-item fg-type-image fg-idle\"><figure class=\"fg-item-inner\"><a href=\"https:\/\/alpavista.ch\/Alp11\/wp-content\/uploads\/durand_22_008.png\" data-caption-title=\"A commencer par le toujours exigeant raidard de Plan Petit Gi\u00e9tro, difficile \u00e0 rouler dans sa partie inf\u00e9rieure...\" data-caption-desc=\"A commencer par le toujours exigeant raidard de Plan Petit Gi\u00e9tro, difficile \u00e0 rouler dans sa partie inf\u00e9rieure...\" data-attachment-id=\"26459\" data-type=\"image\" class=\"fg-thumb\"><span class=\"fg-image-wrap\"><img decoding=\"async\" alt=\"durand_22_008\" title=\"A commencer par le toujours exigeant raidard de Plan Petit Gi\u00e9tro, difficile \u00e0 rouler dans sa partie inf\u00e9rieure...\" width=\"101\" height=\"57\" class=\"skip-lazy fg-image\" data-src-fg=\"https:\/\/alpavista.ch\/Alp11\/wp-content\/uploads\/cache\/durand_22_008\/1541391819.png\" src=\"data:image\/svg+xml,%3Csvg%20xmlns%3D%22http%3A%2F%2Fwww.w3.org%2F2000%2Fsvg%22%20width%3D%22101%22%20height%3D%2257%22%20viewBox%3D%220%200%20101%2057%22%3E%3C%2Fsvg%3E\" loading=\"eager\"><\/span><span class=\"fg-image-overlay\"><\/span><\/a><figcaption class=\"fg-caption\"><div class=\"fg-caption-inner\"><div class=\"fg-caption-desc\">A commencer par le toujours exigeant raidard de Plan Petit Gi\u00e9tro, difficile \u00e0 rouler dans sa partie inf\u00e9rieure...<\/div><\/div><\/figcaption><\/figure><div class=\"fg-loader\"><\/div><\/div><div class=\"fg-item fg-type-image fg-idle\"><figure class=\"fg-item-inner\"><a href=\"https:\/\/alpavista.ch\/Alp11\/wp-content\/uploads\/durand_22_009.png\" data-caption-title=\"... mais localement plus conciliant en s&#039;\u00e9levant.\" data-caption-desc=\"... mais localement plus conciliant en s&#039;\u00e9levant.\" data-attachment-id=\"26458\" data-type=\"image\" class=\"fg-thumb\"><span class=\"fg-image-wrap\"><img decoding=\"async\" alt=\"durand_22_009\" title=\"... mais localement plus conciliant en s&#039;\u00e9levant.\" width=\"101\" height=\"57\" class=\"skip-lazy fg-image\" data-src-fg=\"https:\/\/alpavista.ch\/Alp11\/wp-content\/uploads\/cache\/durand_22_009\/4035072291.png\" src=\"data:image\/svg+xml,%3Csvg%20xmlns%3D%22http%3A%2F%2Fwww.w3.org%2F2000%2Fsvg%22%20width%3D%22101%22%20height%3D%2257%22%20viewBox%3D%220%200%20101%2057%22%3E%3C%2Fsvg%3E\" loading=\"eager\"><\/span><span class=\"fg-image-overlay\"><\/span><\/a><figcaption class=\"fg-caption\"><div class=\"fg-caption-inner\"><div class=\"fg-caption-desc\">... mais localement plus conciliant en s'\u00e9levant.<\/div><\/div><\/figcaption><\/figure><div class=\"fg-loader\"><\/div><\/div><div class=\"fg-item fg-type-image fg-idle\"><figure class=\"fg-item-inner\"><a href=\"https:\/\/alpavista.ch\/Alp11\/wp-content\/uploads\/durand_22_010.png\" data-caption-title=\"Il serait m\u00eame fort sympathique, si son sillon n&#039;\u00e9tait pas chaque ann\u00e9e plus profond et ses rigoles extractrices d&#039;eau, toujours aussi retorses \u00e0 franchir.\" data-caption-desc=\"Il serait m\u00eame fort sympathique, si son sillon n&#039;\u00e9tait pas chaque ann\u00e9e plus profond et ses rigoles extractrices d&#039;eau, toujours aussi retorses \u00e0 franchir.\" data-attachment-id=\"26457\" data-type=\"image\" class=\"fg-thumb\"><span class=\"fg-image-wrap\"><img decoding=\"async\" alt=\"durand_22_010\" title=\"Il serait m\u00eame fort sympathique, si son sillon n&#039;\u00e9tait pas chaque ann\u00e9e plus profond et ses rigoles extractrices d&#039;eau, toujours aussi retorses \u00e0 franchir.\" width=\"101\" height=\"57\" class=\"skip-lazy fg-image\" data-src-fg=\"https:\/\/alpavista.ch\/Alp11\/wp-content\/uploads\/cache\/durand_22_010\/2640255610.png\" src=\"data:image\/svg+xml,%3Csvg%20xmlns%3D%22http%3A%2F%2Fwww.w3.org%2F2000%2Fsvg%22%20width%3D%22101%22%20height%3D%2257%22%20viewBox%3D%220%200%20101%2057%22%3E%3C%2Fsvg%3E\" loading=\"eager\"><\/span><span class=\"fg-image-overlay\"><\/span><\/a><figcaption class=\"fg-caption\"><div class=\"fg-caption-inner\"><div class=\"fg-caption-desc\">Il serait m\u00eame fort sympathique, si son sillon n'\u00e9tait pas chaque ann\u00e9e plus profond et ses rigoles extractrices d'eau, toujours aussi retorses \u00e0 franchir.<\/div><\/div><\/figcaption><\/figure><div class=\"fg-loader\"><\/div><\/div><div class=\"fg-item fg-type-image fg-idle\"><figure class=\"fg-item-inner\"><a href=\"https:\/\/alpavista.ch\/Alp11\/wp-content\/uploads\/durand_22_011.png\" data-caption-title=\"D&#039;ailleurs, souvent, la meilleure solution pour rester en selle, consiste \u00e0 privil\u00e9gier le pr\u00e9...\" data-caption-desc=\"D&#039;ailleurs, souvent, la meilleure solution pour rester en selle, consiste \u00e0 privil\u00e9gier le pr\u00e9...\" data-attachment-id=\"26456\" data-type=\"image\" class=\"fg-thumb\"><span class=\"fg-image-wrap\"><img decoding=\"async\" alt=\"durand_22_011\" title=\"D&#039;ailleurs, souvent, la meilleure solution pour rester en selle, consiste \u00e0 privil\u00e9gier le pr\u00e9...\" width=\"101\" height=\"57\" class=\"skip-lazy fg-image\" data-src-fg=\"https:\/\/alpavista.ch\/Alp11\/wp-content\/uploads\/cache\/durand_22_011\/906137234.png\" src=\"data:image\/svg+xml,%3Csvg%20xmlns%3D%22http%3A%2F%2Fwww.w3.org%2F2000%2Fsvg%22%20width%3D%22101%22%20height%3D%2257%22%20viewBox%3D%220%200%20101%2057%22%3E%3C%2Fsvg%3E\" loading=\"eager\"><\/span><span class=\"fg-image-overlay\"><\/span><\/a><figcaption class=\"fg-caption\"><div class=\"fg-caption-inner\"><div class=\"fg-caption-desc\">D'ailleurs, souvent, la meilleure solution pour rester en selle, consiste \u00e0 privil\u00e9gier le pr\u00e9...<\/div><\/div><\/figcaption><\/figure><div class=\"fg-loader\"><\/div><\/div><div class=\"fg-item fg-type-image fg-idle\"><figure class=\"fg-item-inner\"><a href=\"https:\/\/alpavista.ch\/Alp11\/wp-content\/uploads\/durand_22_012.png\" data-caption-title=\"... m\u00eame quand il est particuli\u00e8rement bossel\u00e9.\" data-caption-desc=\"... m\u00eame quand il est particuli\u00e8rement bossel\u00e9.\" data-attachment-id=\"26455\" data-type=\"image\" class=\"fg-thumb\"><span class=\"fg-image-wrap\"><img decoding=\"async\" alt=\"durand_22_012\" title=\"... m\u00eame quand il est particuli\u00e8rement bossel\u00e9.\" width=\"101\" height=\"57\" class=\"skip-lazy fg-image\" data-src-fg=\"https:\/\/alpavista.ch\/Alp11\/wp-content\/uploads\/cache\/durand_22_012\/278214123.png\" src=\"data:image\/svg+xml,%3Csvg%20xmlns%3D%22http%3A%2F%2Fwww.w3.org%2F2000%2Fsvg%22%20width%3D%22101%22%20height%3D%2257%22%20viewBox%3D%220%200%20101%2057%22%3E%3C%2Fsvg%3E\" loading=\"eager\"><\/span><span class=\"fg-image-overlay\"><\/span><\/a><figcaption class=\"fg-caption\"><div class=\"fg-caption-inner\"><div class=\"fg-caption-desc\">... m\u00eame quand il est particuli\u00e8rement bossel\u00e9.<\/div><\/div><\/figcaption><\/figure><div class=\"fg-loader\"><\/div><\/div><div class=\"fg-item fg-type-image fg-idle\"><figure class=\"fg-item-inner\"><a href=\"https:\/\/alpavista.ch\/Alp11\/wp-content\/uploads\/durand_22_013.png\" data-caption-title=\"Petit \u00ab biker \u00bb deviendra grand, s&#039;il continue \u00e0 p\u00e9daler courageusement.\" data-caption-desc=\"Petit \u00ab biker \u00bb deviendra grand, s&#039;il continue \u00e0 p\u00e9daler courageusement.\" data-attachment-id=\"26454\" data-type=\"image\" class=\"fg-thumb\"><span class=\"fg-image-wrap\"><img decoding=\"async\" alt=\"durand_22_013\" title=\"Petit \u00ab biker \u00bb deviendra grand, s&#039;il continue \u00e0 p\u00e9daler courageusement.\" width=\"101\" height=\"57\" class=\"skip-lazy fg-image\" data-src-fg=\"https:\/\/alpavista.ch\/Alp11\/wp-content\/uploads\/cache\/durand_22_013\/3150487811.png\" src=\"data:image\/svg+xml,%3Csvg%20xmlns%3D%22http%3A%2F%2Fwww.w3.org%2F2000%2Fsvg%22%20width%3D%22101%22%20height%3D%2257%22%20viewBox%3D%220%200%20101%2057%22%3E%3C%2Fsvg%3E\" loading=\"eager\"><\/span><span class=\"fg-image-overlay\"><\/span><\/a><figcaption class=\"fg-caption\"><div class=\"fg-caption-inner\"><div class=\"fg-caption-desc\">Petit \u00ab biker \u00bb deviendra grand, s'il continue \u00e0 p\u00e9daler courageusement.<\/div><\/div><\/figcaption><\/figure><div class=\"fg-loader\"><\/div><\/div><div class=\"fg-item fg-type-image fg-idle\"><figure class=\"fg-item-inner\"><a href=\"https:\/\/alpavista.ch\/Alp11\/wp-content\/uploads\/durand_22_014.png\" data-caption-title=\"Courageusement et habilement pour \u00e9viter de cogner ses manivelles dans le profond sillon.\" data-caption-desc=\"Courageusement et habilement pour \u00e9viter de cogner ses manivelles dans le profond sillon.\" data-attachment-id=\"26453\" data-type=\"image\" class=\"fg-thumb\"><span class=\"fg-image-wrap\"><img decoding=\"async\" alt=\"durand_22_014\" title=\"Courageusement et habilement pour \u00e9viter de cogner ses manivelles dans le profond sillon.\" width=\"101\" height=\"57\" class=\"skip-lazy fg-image\" data-src-fg=\"https:\/\/alpavista.ch\/Alp11\/wp-content\/uploads\/cache\/durand_22_014\/1572487961.png\" src=\"data:image\/svg+xml,%3Csvg%20xmlns%3D%22http%3A%2F%2Fwww.w3.org%2F2000%2Fsvg%22%20width%3D%22101%22%20height%3D%2257%22%20viewBox%3D%220%200%20101%2057%22%3E%3C%2Fsvg%3E\" loading=\"eager\"><\/span><span class=\"fg-image-overlay\"><\/span><\/a><figcaption class=\"fg-caption\"><div class=\"fg-caption-inner\"><div class=\"fg-caption-desc\">Courageusement et habilement pour \u00e9viter de cogner ses manivelles dans le profond sillon.<\/div><\/div><\/figcaption><\/figure><div class=\"fg-loader\"><\/div><\/div><div class=\"fg-item fg-type-image fg-idle\"><figure class=\"fg-item-inner\"><a href=\"https:\/\/alpavista.ch\/Alp11\/wp-content\/uploads\/durand_22_015.png\" data-caption-title=\"Le min\u00e9ral gagne du terrain, en m\u00eame temps que, pour notre bonheur, le chemin d\u00e9laisse le versant pour le fond de vallon.\" data-caption-desc=\"Le min\u00e9ral gagne du terrain, en m\u00eame temps que, pour notre bonheur, le chemin d\u00e9laisse le versant pour le fond de vallon.\" data-attachment-id=\"26452\" data-type=\"image\" class=\"fg-thumb\"><span class=\"fg-image-wrap\"><img decoding=\"async\" alt=\"durand_22_015\" title=\"Le min\u00e9ral gagne du terrain, en m\u00eame temps que, pour notre bonheur, le chemin d\u00e9laisse le versant pour le fond de vallon.\" width=\"101\" height=\"57\" class=\"skip-lazy fg-image\" data-src-fg=\"https:\/\/alpavista.ch\/Alp11\/wp-content\/uploads\/cache\/durand_22_015\/4142389233.png\" src=\"data:image\/svg+xml,%3Csvg%20xmlns%3D%22http%3A%2F%2Fwww.w3.org%2F2000%2Fsvg%22%20width%3D%22101%22%20height%3D%2257%22%20viewBox%3D%220%200%20101%2057%22%3E%3C%2Fsvg%3E\" loading=\"eager\"><\/span><span class=\"fg-image-overlay\"><\/span><\/a><figcaption class=\"fg-caption\"><div class=\"fg-caption-inner\"><div class=\"fg-caption-desc\">Le min\u00e9ral gagne du terrain, en m\u00eame temps que, pour notre bonheur, le chemin d\u00e9laisse le versant pour le fond de vallon.<\/div><\/div><\/figcaption><\/figure><div class=\"fg-loader\"><\/div><\/div><div class=\"fg-item fg-type-image fg-idle\"><figure class=\"fg-item-inner\"><a href=\"https:\/\/alpavista.ch\/Alp11\/wp-content\/uploads\/durand_22_016.png\" data-caption-title=\"L&#039;ascension des \u00ab dalles \u00bb sommitales est presque une formalit\u00e9 en assist\u00e9s.\" data-caption-desc=\"L&#039;ascension des \u00ab dalles \u00bb sommitales est presque une formalit\u00e9 en assist\u00e9s.\" data-attachment-id=\"26451\" data-type=\"image\" class=\"fg-thumb\"><span class=\"fg-image-wrap\"><img decoding=\"async\" alt=\"durand_22_016\" title=\"L&#039;ascension des \u00ab dalles \u00bb sommitales est presque une formalit\u00e9 en assist\u00e9s.\" width=\"101\" height=\"57\" class=\"skip-lazy fg-image\" data-src-fg=\"https:\/\/alpavista.ch\/Alp11\/wp-content\/uploads\/cache\/durand_22_016\/3497028744.png\" src=\"data:image\/svg+xml,%3Csvg%20xmlns%3D%22http%3A%2F%2Fwww.w3.org%2F2000%2Fsvg%22%20width%3D%22101%22%20height%3D%2257%22%20viewBox%3D%220%200%20101%2057%22%3E%3C%2Fsvg%3E\" loading=\"eager\"><\/span><span class=\"fg-image-overlay\"><\/span><\/a><figcaption class=\"fg-caption\"><div class=\"fg-caption-inner\"><div class=\"fg-caption-desc\">L'ascension des \u00ab dalles \u00bb sommitales est presque une formalit\u00e9 en assist\u00e9s.<\/div><\/div><\/figcaption><\/figure><div class=\"fg-loader\"><\/div><\/div><div class=\"fg-item fg-type-image fg-idle\"><figure class=\"fg-item-inner\"><a href=\"https:\/\/alpavista.ch\/Alp11\/wp-content\/uploads\/durand_22_017.png\" data-caption-title=\"Sauf que dans ce \u00ab presque \u00bb il y a beaucoup de \u00ab pulses  \u00bb et quelques bons coups de mollets.\" data-caption-desc=\"Sauf que dans ce \u00ab presque \u00bb il y a beaucoup de \u00ab pulses  \u00bb et quelques bons coups de mollets.\" data-attachment-id=\"26450\" data-type=\"image\" class=\"fg-thumb\"><span class=\"fg-image-wrap\"><img decoding=\"async\" alt=\"durand_22_017\" title=\"Sauf que dans ce \u00ab presque \u00bb il y a beaucoup de \u00ab pulses  \u00bb et quelques bons coups de mollets.\" width=\"101\" height=\"57\" class=\"skip-lazy fg-image\" data-src-fg=\"https:\/\/alpavista.ch\/Alp11\/wp-content\/uploads\/cache\/durand_22_017\/2066610272.png\" src=\"data:image\/svg+xml,%3Csvg%20xmlns%3D%22http%3A%2F%2Fwww.w3.org%2F2000%2Fsvg%22%20width%3D%22101%22%20height%3D%2257%22%20viewBox%3D%220%200%20101%2057%22%3E%3C%2Fsvg%3E\" loading=\"eager\"><\/span><span class=\"fg-image-overlay\"><\/span><\/a><figcaption class=\"fg-caption\"><div class=\"fg-caption-inner\"><div class=\"fg-caption-desc\">Sauf que dans ce \u00ab presque \u00bb il y a beaucoup de \u00ab pulses  \u00bb et quelques bons coups de mollets.<\/div><\/div><\/figcaption><\/figure><div class=\"fg-loader\"><\/div><\/div><div class=\"fg-item fg-type-image fg-idle\"><figure class=\"fg-item-inner\"><a href=\"https:\/\/alpavista.ch\/Alp11\/wp-content\/uploads\/durand_22_018.png\" data-caption-title=\"M\u00eame \u00e0 2&#039;800 m\u00e8tres, le pr\u00e9 vaut parfois mieux que le chemin mal pav\u00e9.\" data-caption-desc=\"M\u00eame \u00e0 2&#039;800 m\u00e8tres, le pr\u00e9 vaut parfois mieux que le chemin mal pav\u00e9.\" data-attachment-id=\"26449\" data-type=\"image\" class=\"fg-thumb\"><span class=\"fg-image-wrap\"><img decoding=\"async\" alt=\"durand_22_018\" title=\"M\u00eame \u00e0 2&#039;800 m\u00e8tres, le pr\u00e9 vaut parfois mieux que le chemin mal pav\u00e9.\" width=\"101\" height=\"57\" class=\"skip-lazy fg-image\" data-src-fg=\"https:\/\/alpavista.ch\/Alp11\/wp-content\/uploads\/cache\/durand_22_018\/4121293333.png\" src=\"data:image\/svg+xml,%3Csvg%20xmlns%3D%22http%3A%2F%2Fwww.w3.org%2F2000%2Fsvg%22%20width%3D%22101%22%20height%3D%2257%22%20viewBox%3D%220%200%20101%2057%22%3E%3C%2Fsvg%3E\" loading=\"eager\"><\/span><span class=\"fg-image-overlay\"><\/span><\/a><figcaption class=\"fg-caption\"><div class=\"fg-caption-inner\"><div class=\"fg-caption-desc\">M\u00eame \u00e0 2'800 m\u00e8tres, le pr\u00e9 vaut parfois mieux que le chemin mal pav\u00e9.<\/div><\/div><\/figcaption><\/figure><div class=\"fg-loader\"><\/div><\/div><div class=\"fg-item fg-type-image fg-idle\"><figure class=\"fg-item-inner\"><a href=\"https:\/\/alpavista.ch\/Alp11\/wp-content\/uploads\/durand_22_019.png\" data-caption-title=\"Sauf si vous \u00eates un \u00ab bikers \u00bb motiv\u00e9 ou born\u00e9.\" data-caption-desc=\"Sauf si vous \u00eates un \u00ab bikers \u00bb motiv\u00e9 ou born\u00e9.\" data-attachment-id=\"26448\" data-type=\"image\" class=\"fg-thumb\"><span class=\"fg-image-wrap\"><img decoding=\"async\" alt=\"durand_22_019\" title=\"Sauf si vous \u00eates un \u00ab bikers \u00bb motiv\u00e9 ou born\u00e9.\" width=\"101\" height=\"57\" class=\"skip-lazy fg-image\" data-src-fg=\"https:\/\/alpavista.ch\/Alp11\/wp-content\/uploads\/cache\/durand_22_019\/1593337597.png\" src=\"data:image\/svg+xml,%3Csvg%20xmlns%3D%22http%3A%2F%2Fwww.w3.org%2F2000%2Fsvg%22%20width%3D%22101%22%20height%3D%2257%22%20viewBox%3D%220%200%20101%2057%22%3E%3C%2Fsvg%3E\" loading=\"eager\"><\/span><span class=\"fg-image-overlay\"><\/span><\/a><figcaption class=\"fg-caption\"><div class=\"fg-caption-inner\"><div class=\"fg-caption-desc\">Sauf si vous \u00eates un \u00ab bikers \u00bb motiv\u00e9 ou born\u00e9.<\/div><\/div><\/figcaption><\/figure><div class=\"fg-loader\"><\/div><\/div><div class=\"fg-item fg-type-image fg-idle\"><figure class=\"fg-item-inner\"><a href=\"https:\/\/alpavista.ch\/Alp11\/wp-content\/uploads\/durand_22_020.png\" data-caption-title=\"Hors de l&#039;ombre du Mont-Gel\u00e9, aucun r\u00e9sidu neigeux pour nous mouiller les pieds, cette ann\u00e9e. Alors que, g\u00e9n\u00e9ralement, avant fin ao\u00fbt, il n&#039;y a pas de Durand sans n\u00e9v\u00e9s.\" data-caption-desc=\"Hors de l&#039;ombre du Mont-Gel\u00e9, aucun r\u00e9sidu neigeux pour nous mouiller les pieds, cette ann\u00e9e. Alors que, g\u00e9n\u00e9ralement, avant fin ao\u00fbt, il n&#039;y a pas de Durand sans n\u00e9v\u00e9s.\" data-attachment-id=\"26447\" data-type=\"image\" class=\"fg-thumb\"><span class=\"fg-image-wrap\"><img decoding=\"async\" alt=\"durand_22_020\" title=\"Hors de l&#039;ombre du Mont-Gel\u00e9, aucun r\u00e9sidu neigeux pour nous mouiller les pieds, cette ann\u00e9e. Alors que, g\u00e9n\u00e9ralement, avant fin ao\u00fbt, il n&#039;y a pas de Durand sans n\u00e9v\u00e9s.\" width=\"101\" height=\"57\" class=\"skip-lazy fg-image\" data-src-fg=\"https:\/\/alpavista.ch\/Alp11\/wp-content\/uploads\/cache\/durand_22_020\/500368674.png\" src=\"data:image\/svg+xml,%3Csvg%20xmlns%3D%22http%3A%2F%2Fwww.w3.org%2F2000%2Fsvg%22%20width%3D%22101%22%20height%3D%2257%22%20viewBox%3D%220%200%20101%2057%22%3E%3C%2Fsvg%3E\" loading=\"eager\"><\/span><span class=\"fg-image-overlay\"><\/span><\/a><figcaption class=\"fg-caption\"><div class=\"fg-caption-inner\"><div class=\"fg-caption-desc\">Hors de l'ombre du Mont-Gel\u00e9, aucun r\u00e9sidu neigeux pour nous mouiller les pieds, cette ann\u00e9e. Alors que, g\u00e9n\u00e9ralement, avant fin ao\u00fbt, il n'y a pas de Durand sans n\u00e9v\u00e9s.<\/div><\/div><\/figcaption><\/figure><div class=\"fg-loader\"><\/div><\/div><div class=\"fg-item fg-type-image fg-idle\"><figure class=\"fg-item-inner\"><a href=\"https:\/\/alpavista.ch\/Alp11\/wp-content\/uploads\/durand_22_021.png\" data-caption-title=\"Pareil pour le versant italien : si l&#039;ardoise locale est toujours omnipr\u00e9sente, la neige squatte loin du chemin.\" data-caption-desc=\"Pareil pour le versant italien : si l&#039;ardoise locale est toujours omnipr\u00e9sente, la neige squatte loin du chemin.\" data-attachment-id=\"26446\" data-type=\"image\" class=\"fg-thumb\"><span class=\"fg-image-wrap\"><img decoding=\"async\" alt=\"durand_22_021\" title=\"Pareil pour le versant italien : si l&#039;ardoise locale est toujours omnipr\u00e9sente, la neige squatte loin du chemin.\" width=\"101\" height=\"57\" class=\"skip-lazy fg-image\" data-src-fg=\"https:\/\/alpavista.ch\/Alp11\/wp-content\/uploads\/cache\/durand_22_021\/3062796746.png\" src=\"data:image\/svg+xml,%3Csvg%20xmlns%3D%22http%3A%2F%2Fwww.w3.org%2F2000%2Fsvg%22%20width%3D%22101%22%20height%3D%2257%22%20viewBox%3D%220%200%20101%2057%22%3E%3C%2Fsvg%3E\" loading=\"eager\"><\/span><span class=\"fg-image-overlay\"><\/span><\/a><figcaption class=\"fg-caption\"><div class=\"fg-caption-inner\"><div class=\"fg-caption-desc\">Pareil pour le versant italien : si l'ardoise locale est toujours omnipr\u00e9sente, la neige squatte loin du chemin.<\/div><\/div><\/figcaption><\/figure><div class=\"fg-loader\"><\/div><\/div><div class=\"fg-item fg-type-image fg-idle\"><figure class=\"fg-item-inner\"><a href=\"https:\/\/alpavista.ch\/Alp11\/wp-content\/uploads\/durand_22_022.png\" data-caption-title=\"A chaque Fen\u00eatre son ou ses lacs. Si les \u00ab Ferret \u00bb sont des eaux valaisannes, le \u00ab Durand \u00bb est du turquoise valdotain.\" data-caption-desc=\"A chaque Fen\u00eatre son ou ses lacs. Si les \u00ab Ferret \u00bb sont des eaux valaisannes, le \u00ab Durand \u00bb est du turquoise valdotain.\" data-attachment-id=\"26445\" data-type=\"image\" class=\"fg-thumb\"><span class=\"fg-image-wrap\"><img decoding=\"async\" alt=\"durand_22_022\" title=\"A chaque Fen\u00eatre son ou ses lacs. Si les \u00ab Ferret \u00bb sont des eaux valaisannes, le \u00ab Durand \u00bb est du turquoise valdotain.\" width=\"101\" height=\"57\" class=\"skip-lazy fg-image\" data-src-fg=\"https:\/\/alpavista.ch\/Alp11\/wp-content\/uploads\/cache\/durand_22_022\/2417568435.png\" src=\"data:image\/svg+xml,%3Csvg%20xmlns%3D%22http%3A%2F%2Fwww.w3.org%2F2000%2Fsvg%22%20width%3D%22101%22%20height%3D%2257%22%20viewBox%3D%220%200%20101%2057%22%3E%3C%2Fsvg%3E\" loading=\"eager\"><\/span><span class=\"fg-image-overlay\"><\/span><\/a><figcaption class=\"fg-caption\"><div class=\"fg-caption-inner\"><div class=\"fg-caption-desc\">A chaque Fen\u00eatre son ou ses lacs. Si les \u00ab Ferret \u00bb sont des eaux valaisannes, le \u00ab Durand \u00bb est du turquoise valdotain.<\/div><\/div><\/figcaption><\/figure><div class=\"fg-loader\"><\/div><\/div><div class=\"fg-item fg-type-image fg-idle\"><figure class=\"fg-item-inner\"><a href=\"https:\/\/alpavista.ch\/Alp11\/wp-content\/uploads\/durand_22_023.png\" data-caption-title=\"Attirant, mais pas au point de s&#039;y baigner. De l&#039;eau de fonte de n\u00e9v\u00e9 associ\u00e9e \u00e0 un vent toujours forcissant, un cocktail n&#039;inspire pas forc\u00e9ment au plongeon.\" data-caption-desc=\"Attirant, mais pas au point de s&#039;y baigner. De l&#039;eau de fonte de n\u00e9v\u00e9 associ\u00e9e \u00e0 un vent toujours forcissant, un cocktail n&#039;inspire pas forc\u00e9ment au plongeon.\" data-attachment-id=\"26444\" data-type=\"image\" class=\"fg-thumb\"><span class=\"fg-image-wrap\"><img decoding=\"async\" alt=\"durand_22_023\" title=\"Attirant, mais pas au point de s&#039;y baigner. De l&#039;eau de fonte de n\u00e9v\u00e9 associ\u00e9e \u00e0 un vent toujours forcissant, un cocktail n&#039;inspire pas forc\u00e9ment au plongeon.\" width=\"101\" height=\"57\" class=\"skip-lazy fg-image\" data-src-fg=\"https:\/\/alpavista.ch\/Alp11\/wp-content\/uploads\/cache\/durand_22_023\/994360923.png\" src=\"data:image\/svg+xml,%3Csvg%20xmlns%3D%22http%3A%2F%2Fwww.w3.org%2F2000%2Fsvg%22%20width%3D%22101%22%20height%3D%2257%22%20viewBox%3D%220%200%20101%2057%22%3E%3C%2Fsvg%3E\" loading=\"eager\"><\/span><span class=\"fg-image-overlay\"><\/span><\/a><figcaption class=\"fg-caption\"><div class=\"fg-caption-inner\"><div class=\"fg-caption-desc\">Attirant, mais pas au point de s'y baigner. De l'eau de fonte de n\u00e9v\u00e9 associ\u00e9e \u00e0 un vent toujours forcissant, un cocktail n'inspire pas forc\u00e9ment au plongeon.<\/div><\/div><\/figcaption><\/figure><div class=\"fg-loader\"><\/div><\/div><div class=\"fg-item fg-type-image fg-idle\"><figure class=\"fg-item-inner\"><a href=\"https:\/\/alpavista.ch\/Alp11\/wp-content\/uploads\/durand_22_024.png\" data-caption-title=\"Quelques dalles humides mais plus adh\u00e9rentes qu&#039;on ne pourrait le penser ...\" data-caption-desc=\"Quelques dalles humides mais plus adh\u00e9rentes qu&#039;on ne pourrait le penser ...\" data-attachment-id=\"26443\" data-type=\"image\" class=\"fg-thumb\"><span class=\"fg-image-wrap\"><img decoding=\"async\" alt=\"durand_22_024\" title=\"Quelques dalles humides mais plus adh\u00e9rentes qu&#039;on ne pourrait le penser ...\" width=\"101\" height=\"57\" class=\"skip-lazy fg-image\" data-src-fg=\"https:\/\/alpavista.ch\/Alp11\/wp-content\/uploads\/cache\/durand_22_024\/3711327297.png\" src=\"data:image\/svg+xml,%3Csvg%20xmlns%3D%22http%3A%2F%2Fwww.w3.org%2F2000%2Fsvg%22%20width%3D%22101%22%20height%3D%2257%22%20viewBox%3D%220%200%20101%2057%22%3E%3C%2Fsvg%3E\" loading=\"eager\"><\/span><span class=\"fg-image-overlay\"><\/span><\/a><figcaption class=\"fg-caption\"><div class=\"fg-caption-inner\"><div class=\"fg-caption-desc\">Quelques dalles humides mais plus adh\u00e9rentes qu'on ne pourrait le penser ...<\/div><\/div><\/figcaption><\/figure><div class=\"fg-loader\"><\/div><\/div><div class=\"fg-item fg-type-image fg-idle\"><figure class=\"fg-item-inner\"><a href=\"https:\/\/alpavista.ch\/Alp11\/wp-content\/uploads\/durand_22_025.png\" data-caption-title=\"... mais surtout un long ruban terreux, \u00ab sommitalement \u00bb accueillant.\" data-caption-desc=\"... mais surtout un long ruban terreux, \u00ab sommitalement \u00bb accueillant.\" data-attachment-id=\"26442\" data-type=\"image\" class=\"fg-thumb\"><span class=\"fg-image-wrap\"><img decoding=\"async\" alt=\"durand_22_025\" title=\"... mais surtout un long ruban terreux, \u00ab sommitalement \u00bb accueillant.\" width=\"101\" height=\"57\" class=\"skip-lazy fg-image\" data-src-fg=\"https:\/\/alpavista.ch\/Alp11\/wp-content\/uploads\/cache\/durand_22_025\/1986775209.png\" src=\"data:image\/svg+xml,%3Csvg%20xmlns%3D%22http%3A%2F%2Fwww.w3.org%2F2000%2Fsvg%22%20width%3D%22101%22%20height%3D%2257%22%20viewBox%3D%220%200%20101%2057%22%3E%3C%2Fsvg%3E\" loading=\"eager\"><\/span><span class=\"fg-image-overlay\"><\/span><\/a><figcaption class=\"fg-caption\"><div class=\"fg-caption-inner\"><div class=\"fg-caption-desc\">... mais surtout un long ruban terreux, \u00ab sommitalement \u00bb accueillant.<\/div><\/div><\/figcaption><\/figure><div class=\"fg-loader\"><\/div><\/div><div class=\"fg-item fg-type-image fg-idle\"><figure class=\"fg-item-inner\"><a href=\"https:\/\/alpavista.ch\/Alp11\/wp-content\/uploads\/durand_22_026.png\" data-caption-title=\"Quand on transporte des croquettes dans son sac \u00e0 dos, c&#039;est plus simple de partager son pic nique avec le premier chien venu. Quoique, celui-ci se serait s\u00fbrement adapt\u00e9 au sandwich aussi.\" data-caption-desc=\"Quand on transporte des croquettes dans son sac \u00e0 dos, c&#039;est plus simple de partager son pic nique avec le premier chien venu. Quoique, celui-ci se serait s\u00fbrement adapt\u00e9 au sandwich aussi.\" data-attachment-id=\"26441\" data-type=\"image\" class=\"fg-thumb\"><span class=\"fg-image-wrap\"><img decoding=\"async\" alt=\"durand_22_026\" title=\"Quand on transporte des croquettes dans son sac \u00e0 dos, c&#039;est plus simple de partager son pic nique avec le premier chien venu. Quoique, celui-ci se serait s\u00fbrement adapt\u00e9 au sandwich aussi.\" width=\"101\" height=\"57\" class=\"skip-lazy fg-image\" data-src-fg=\"https:\/\/alpavista.ch\/Alp11\/wp-content\/uploads\/cache\/durand_22_026\/1358722000.png\" src=\"data:image\/svg+xml,%3Csvg%20xmlns%3D%22http%3A%2F%2Fwww.w3.org%2F2000%2Fsvg%22%20width%3D%22101%22%20height%3D%2257%22%20viewBox%3D%220%200%20101%2057%22%3E%3C%2Fsvg%3E\" loading=\"eager\"><\/span><span class=\"fg-image-overlay\"><\/span><\/a><figcaption class=\"fg-caption\"><div class=\"fg-caption-inner\"><div class=\"fg-caption-desc\">Quand on transporte des croquettes dans son sac \u00e0 dos, c'est plus simple de partager son pic nique avec le premier chien venu. Quoique, celui-ci se serait s\u00fbrement adapt\u00e9 au sandwich aussi.<\/div><\/div><\/figcaption><\/figure><div class=\"fg-loader\"><\/div><\/div><div class=\"fg-item fg-type-image fg-idle\"><figure class=\"fg-item-inner\"><a href=\"https:\/\/alpavista.ch\/Alp11\/wp-content\/uploads\/durand_22_027.png\" data-caption-title=\"Le \u00ab sentiero \u00bb de Thoules, souvent r\u00e9calcitrant et, visiblement de moins en moins entretenu. Le petit \u00ab b\u00e9mol \u00bb de la journ\u00e9e.\" data-caption-desc=\"Le \u00ab sentiero \u00bb de Thoules, souvent r\u00e9calcitrant et, visiblement de moins en moins entretenu. Le petit \u00ab b\u00e9mol \u00bb de la journ\u00e9e.\" data-attachment-id=\"26440\" data-type=\"image\" class=\"fg-thumb\"><span class=\"fg-image-wrap\"><img decoding=\"async\" alt=\"durand_22_027\" title=\"Le \u00ab sentiero \u00bb de Thoules, souvent r\u00e9calcitrant et, visiblement de moins en moins entretenu. Le petit \u00ab b\u00e9mol \u00bb de la journ\u00e9e.\" width=\"101\" height=\"57\" class=\"skip-lazy fg-image\" data-src-fg=\"https:\/\/alpavista.ch\/Alp11\/wp-content\/uploads\/cache\/durand_22_027\/4221691704.png\" src=\"data:image\/svg+xml,%3Csvg%20xmlns%3D%22http%3A%2F%2Fwww.w3.org%2F2000%2Fsvg%22%20width%3D%22101%22%20height%3D%2257%22%20viewBox%3D%220%200%20101%2057%22%3E%3C%2Fsvg%3E\" loading=\"eager\"><\/span><span class=\"fg-image-overlay\"><\/span><\/a><figcaption class=\"fg-caption\"><div class=\"fg-caption-inner\"><div class=\"fg-caption-desc\">Le \u00ab sentiero \u00bb de Thoules, souvent r\u00e9calcitrant et, visiblement de moins en moins entretenu. Le petit \u00ab b\u00e9mol \u00bb de la journ\u00e9e.<\/div><\/div><\/figcaption><\/figure><div class=\"fg-loader\"><\/div><\/div><div class=\"fg-item fg-type-image fg-idle\"><figure class=\"fg-item-inner\"><a href=\"https:\/\/alpavista.ch\/Alp11\/wp-content\/uploads\/durand_22_028.png\" data-caption-title=\"En revanche, en mati\u00e8re de \u00ab di\u00e8ze \u00bb, le Lombardin-Balme de Bal reste une valeur s\u00fbre ...\" data-caption-desc=\"En revanche, en mati\u00e8re de \u00ab di\u00e8ze \u00bb, le Lombardin-Balme de Bal reste une valeur s\u00fbre ...\" data-attachment-id=\"26439\" data-type=\"image\" class=\"fg-thumb\"><span class=\"fg-image-wrap\"><img decoding=\"async\" alt=\"durand_22_028\" title=\"En revanche, en mati\u00e8re de \u00ab di\u00e8ze \u00bb, le Lombardin-Balme de Bal reste une valeur s\u00fbre ...\" width=\"101\" height=\"57\" class=\"skip-lazy fg-image\" data-src-fg=\"https:\/\/alpavista.ch\/Alp11\/wp-content\/uploads\/cache\/durand_22_028\/1439508609.png\" src=\"data:image\/svg+xml,%3Csvg%20xmlns%3D%22http%3A%2F%2Fwww.w3.org%2F2000%2Fsvg%22%20width%3D%22101%22%20height%3D%2257%22%20viewBox%3D%220%200%20101%2057%22%3E%3C%2Fsvg%3E\" loading=\"eager\"><\/span><span class=\"fg-image-overlay\"><\/span><\/a><figcaption class=\"fg-caption\"><div class=\"fg-caption-inner\"><div class=\"fg-caption-desc\">En revanche, en mati\u00e8re de \u00ab di\u00e8ze \u00bb, le Lombardin-Balme de Bal reste une valeur s\u00fbre ...<\/div><\/div><\/figcaption><\/figure><div class=\"fg-loader\"><\/div><\/div><div class=\"fg-item fg-type-image fg-idle\"><figure class=\"fg-item-inner\"><a href=\"https:\/\/alpavista.ch\/Alp11\/wp-content\/uploads\/durand_22_029.png\" data-caption-title=\"... et particuli\u00e8rement fleurie en cette p\u00e9riode de s\u00e9cheresse d\u00e9j\u00e0 \u00ab oubli\u00e9e \u00bb.\" data-caption-desc=\"... et particuli\u00e8rement fleurie en cette p\u00e9riode de s\u00e9cheresse d\u00e9j\u00e0 \u00ab oubli\u00e9e \u00bb.\" data-attachment-id=\"26438\" data-type=\"image\" class=\"fg-thumb\"><span class=\"fg-image-wrap\"><img decoding=\"async\" alt=\"durand_22_029\" title=\"... et particuli\u00e8rement fleurie en cette p\u00e9riode de s\u00e9cheresse d\u00e9j\u00e0 \u00ab oubli\u00e9e \u00bb.\" width=\"101\" height=\"57\" class=\"skip-lazy fg-image\" data-src-fg=\"https:\/\/alpavista.ch\/Alp11\/wp-content\/uploads\/cache\/durand_22_029\/4270898281.png\" src=\"data:image\/svg+xml,%3Csvg%20xmlns%3D%22http%3A%2F%2Fwww.w3.org%2F2000%2Fsvg%22%20width%3D%22101%22%20height%3D%2257%22%20viewBox%3D%220%200%20101%2057%22%3E%3C%2Fsvg%3E\" loading=\"eager\"><\/span><span class=\"fg-image-overlay\"><\/span><\/a><figcaption class=\"fg-caption\"><div class=\"fg-caption-inner\"><div class=\"fg-caption-desc\">... et particuli\u00e8rement fleurie en cette p\u00e9riode de s\u00e9cheresse d\u00e9j\u00e0 \u00ab oubli\u00e9e \u00bb.<\/div><\/div><\/figcaption><\/figure><div class=\"fg-loader\"><\/div><\/div><div class=\"fg-item fg-type-image fg-idle\"><figure class=\"fg-item-inner\"><a href=\"https:\/\/alpavista.ch\/Alp11\/wp-content\/uploads\/durand_22_030.png\" data-caption-title=\"En allant vers le sud, le soleil gagne du terrain. Ca para\u00eet logique, dit comme \u00e7a, sauf que \u00e7a va \u00e0 l&#039;encontre de la m\u00e9t\u00e9o annonc\u00e9e. Tant mieux !\" data-caption-desc=\"En allant vers le sud, le soleil gagne du terrain. Ca para\u00eet logique, dit comme \u00e7a, sauf que \u00e7a va \u00e0 l&#039;encontre de la m\u00e9t\u00e9o annonc\u00e9e. Tant mieux !\" data-attachment-id=\"26437\" data-type=\"image\" class=\"fg-thumb\"><span class=\"fg-image-wrap\"><img decoding=\"async\" alt=\"durand_22_030\" title=\"En allant vers le sud, le soleil gagne du terrain. Ca para\u00eet logique, dit comme \u00e7a, sauf que \u00e7a va \u00e0 l&#039;encontre de la m\u00e9t\u00e9o annonc\u00e9e. Tant mieux !\" width=\"101\" height=\"57\" class=\"skip-lazy fg-image\" data-src-fg=\"https:\/\/alpavista.ch\/Alp11\/wp-content\/uploads\/cache\/durand_22_030\/2471360304.png\" src=\"data:image\/svg+xml,%3Csvg%20xmlns%3D%22http%3A%2F%2Fwww.w3.org%2F2000%2Fsvg%22%20width%3D%22101%22%20height%3D%2257%22%20viewBox%3D%220%200%20101%2057%22%3E%3C%2Fsvg%3E\" loading=\"eager\"><\/span><span class=\"fg-image-overlay\"><\/span><\/a><figcaption class=\"fg-caption\"><div class=\"fg-caption-inner\"><div class=\"fg-caption-desc\">En allant vers le sud, le soleil gagne du terrain. Ca para\u00eet logique, dit comme \u00e7a, sauf que \u00e7a va \u00e0 l'encontre de la m\u00e9t\u00e9o annonc\u00e9e. Tant mieux !<\/div><\/div><\/figcaption><\/figure><div class=\"fg-loader\"><\/div><\/div><div class=\"fg-item fg-type-image fg-idle\"><figure class=\"fg-item-inner\"><a href=\"https:\/\/alpavista.ch\/Alp11\/wp-content\/uploads\/durand_22_031.png\" data-caption-title=\"La rebutante ascension de Porch\u00e8re, pour se hisser jusqu&#039;au \u00ab R\u00fb de By \u00bb reste un beau morceau de \u00ab pulses dans le rouge \u00bb m\u00eame bien \u00e9paul\u00e9 par Herr Brose.\" data-caption-desc=\"La rebutante ascension de Porch\u00e8re, pour se hisser jusqu&#039;au \u00ab R\u00fb de By \u00bb reste un beau morceau de \u00ab pulses dans le rouge \u00bb m\u00eame bien \u00e9paul\u00e9 par Herr Brose.\" data-attachment-id=\"26436\" data-type=\"image\" class=\"fg-thumb\"><span class=\"fg-image-wrap\"><img decoding=\"async\" alt=\"durand_22_031\" title=\"La rebutante ascension de Porch\u00e8re, pour se hisser jusqu&#039;au \u00ab R\u00fb de By \u00bb reste un beau morceau de \u00ab pulses dans le rouge \u00bb m\u00eame bien \u00e9paul\u00e9 par Herr Brose.\" width=\"101\" height=\"57\" class=\"skip-lazy fg-image\" data-src-fg=\"https:\/\/alpavista.ch\/Alp11\/wp-content\/uploads\/cache\/durand_22_031\/940598232.png\" src=\"data:image\/svg+xml,%3Csvg%20xmlns%3D%22http%3A%2F%2Fwww.w3.org%2F2000%2Fsvg%22%20width%3D%22101%22%20height%3D%2257%22%20viewBox%3D%220%200%20101%2057%22%3E%3C%2Fsvg%3E\" loading=\"eager\"><\/span><span class=\"fg-image-overlay\"><\/span><\/a><figcaption class=\"fg-caption\"><div class=\"fg-caption-inner\"><div class=\"fg-caption-desc\">La rebutante ascension de Porch\u00e8re, pour se hisser jusqu'au \u00ab R\u00fb de By \u00bb reste un beau morceau de \u00ab pulses dans le rouge \u00bb m\u00eame bien \u00e9paul\u00e9 par Herr Brose.<\/div><\/div><\/figcaption><\/figure><div class=\"fg-loader\"><\/div><\/div><div class=\"fg-item fg-type-image fg-idle\"><figure class=\"fg-item-inner\"><a href=\"https:\/\/alpavista.ch\/Alp11\/wp-content\/uploads\/durand_22_032.png\" data-caption-title=\"Tant qu&#039;il reste de la corde pour se raccrocher, il faut toujours tenter.\" data-caption-desc=\"Tant qu&#039;il reste de la corde pour se raccrocher, il faut toujours tenter.\" data-attachment-id=\"26435\" data-type=\"image\" class=\"fg-thumb\"><span class=\"fg-image-wrap\"><img decoding=\"async\" alt=\"durand_22_032\" title=\"Tant qu&#039;il reste de la corde pour se raccrocher, il faut toujours tenter.\" width=\"101\" height=\"57\" class=\"skip-lazy fg-image\" data-src-fg=\"https:\/\/alpavista.ch\/Alp11\/wp-content\/uploads\/cache\/durand_22_032\/512219297.png\" src=\"data:image\/svg+xml,%3Csvg%20xmlns%3D%22http%3A%2F%2Fwww.w3.org%2F2000%2Fsvg%22%20width%3D%22101%22%20height%3D%2257%22%20viewBox%3D%220%200%20101%2057%22%3E%3C%2Fsvg%3E\" loading=\"eager\"><\/span><span class=\"fg-image-overlay\"><\/span><\/a><figcaption class=\"fg-caption\"><div class=\"fg-caption-inner\"><div class=\"fg-caption-desc\">Tant qu'il reste de la corde pour se raccrocher, il faut toujours tenter.<\/div><\/div><\/figcaption><\/figure><div class=\"fg-loader\"><\/div><\/div><div class=\"fg-item fg-type-image fg-idle\"><figure class=\"fg-item-inner\"><a href=\"https:\/\/alpavista.ch\/Alp11\/wp-content\/uploads\/durand_22_033.png\" data-caption-title=\"le \u00ab R\u00fb de By \u00bb ne serait pas le \u00ab R\u00fb de By \u00bb sans son habituel saign\u00e9e entre rochers.\" data-caption-desc=\"le \u00ab R\u00fb de By \u00bb ne serait pas le \u00ab R\u00fb de By \u00bb sans son habituel saign\u00e9e entre rochers.\" data-attachment-id=\"26434\" data-type=\"image\" class=\"fg-thumb\"><span class=\"fg-image-wrap\"><img decoding=\"async\" alt=\"durand_22_033\" title=\"le \u00ab R\u00fb de By \u00bb ne serait pas le \u00ab R\u00fb de By \u00bb sans son habituel saign\u00e9e entre rochers.\" width=\"101\" height=\"57\" class=\"skip-lazy fg-image\" data-src-fg=\"https:\/\/alpavista.ch\/Alp11\/wp-content\/uploads\/cache\/durand_22_033\/3050982473.png\" src=\"data:image\/svg+xml,%3Csvg%20xmlns%3D%22http%3A%2F%2Fwww.w3.org%2F2000%2Fsvg%22%20width%3D%22101%22%20height%3D%2257%22%20viewBox%3D%220%200%20101%2057%22%3E%3C%2Fsvg%3E\" loading=\"eager\"><\/span><span class=\"fg-image-overlay\"><\/span><\/a><figcaption class=\"fg-caption\"><div class=\"fg-caption-inner\"><div class=\"fg-caption-desc\">le \u00ab R\u00fb de By \u00bb ne serait pas le \u00ab R\u00fb de By \u00bb sans son habituel saign\u00e9e entre rochers.<\/div><\/div><\/figcaption><\/figure><div class=\"fg-loader\"><\/div><\/div><div class=\"fg-item fg-type-image fg-idle\"><figure class=\"fg-item-inner\"><a href=\"https:\/\/alpavista.ch\/Alp11\/wp-content\/uploads\/durand_22_034.png\" data-caption-title=\"C&#039;est en s&#039;approchant de Champillon qu&#039;on voit mieux qu&#039;on (re)vient de vraiment loin.\" data-caption-desc=\"C&#039;est en s&#039;approchant de Champillon qu&#039;on voit mieux qu&#039;on (re)vient de vraiment loin.\" data-attachment-id=\"26433\" data-type=\"image\" class=\"fg-thumb\"><span class=\"fg-image-wrap\"><img decoding=\"async\" alt=\"durand_22_034\" title=\"C&#039;est en s&#039;approchant de Champillon qu&#039;on voit mieux qu&#039;on (re)vient de vraiment loin.\" width=\"101\" height=\"57\" class=\"skip-lazy fg-image\" data-src-fg=\"https:\/\/alpavista.ch\/Alp11\/wp-content\/uploads\/cache\/durand_22_034\/1403563603.png\" src=\"data:image\/svg+xml,%3Csvg%20xmlns%3D%22http%3A%2F%2Fwww.w3.org%2F2000%2Fsvg%22%20width%3D%22101%22%20height%3D%2257%22%20viewBox%3D%220%200%20101%2057%22%3E%3C%2Fsvg%3E\" loading=\"eager\"><\/span><span class=\"fg-image-overlay\"><\/span><\/a><figcaption class=\"fg-caption\"><div class=\"fg-caption-inner\"><div class=\"fg-caption-desc\">C'est en s'approchant de Champillon qu'on voit mieux qu'on (re)vient de vraiment loin.<\/div><\/div><\/figcaption><\/figure><div class=\"fg-loader\"><\/div><\/div><div class=\"fg-item fg-type-image fg-idle\"><figure class=\"fg-item-inner\"><a href=\"https:\/\/alpavista.ch\/Alp11\/wp-content\/uploads\/durand_22_035.png\" data-caption-title=\"Autant de fleurs ne pouvaient d\u00e9cemment pas \u00e9chapper \u00e0 un clich\u00e9 \u00e0 la JP.\" data-caption-desc=\"Autant de fleurs ne pouvaient d\u00e9cemment pas \u00e9chapper \u00e0 un clich\u00e9 \u00e0 la JP.\" data-attachment-id=\"26432\" data-type=\"image\" class=\"fg-thumb\"><span class=\"fg-image-wrap\"><img decoding=\"async\" alt=\"durand_22_035\" title=\"Autant de fleurs ne pouvaient d\u00e9cemment pas \u00e9chapper \u00e0 un clich\u00e9 \u00e0 la JP.\" width=\"101\" height=\"57\" class=\"skip-lazy fg-image\" data-src-fg=\"https:\/\/alpavista.ch\/Alp11\/wp-content\/uploads\/cache\/durand_22_035\/4176820923.png\" src=\"data:image\/svg+xml,%3Csvg%20xmlns%3D%22http%3A%2F%2Fwww.w3.org%2F2000%2Fsvg%22%20width%3D%22101%22%20height%3D%2257%22%20viewBox%3D%220%200%20101%2057%22%3E%3C%2Fsvg%3E\" loading=\"eager\"><\/span><span class=\"fg-image-overlay\"><\/span><\/a><figcaption class=\"fg-caption\"><div class=\"fg-caption-inner\"><div class=\"fg-caption-desc\">Autant de fleurs ne pouvaient d\u00e9cemment pas \u00e9chapper \u00e0 un clich\u00e9 \u00e0 la JP.<\/div><\/div><\/figcaption><\/figure><div class=\"fg-loader\"><\/div><\/div><div class=\"fg-item fg-type-image fg-idle\"><figure class=\"fg-item-inner\"><a href=\"https:\/\/alpavista.ch\/Alp11\/wp-content\/uploads\/durand_22_036.png\" data-caption-title=\"Surtout quand leur jaune est coordonn\u00e9e \u00e0 celui de son fid\u00e8le casque Spe.\" data-caption-desc=\"Surtout quand leur jaune est coordonn\u00e9e \u00e0 celui de son fid\u00e8le casque Spe.\" data-attachment-id=\"26431\" data-type=\"image\" class=\"fg-thumb\"><span class=\"fg-image-wrap\"><img decoding=\"async\" alt=\"durand_22_036\" title=\"Surtout quand leur jaune est coordonn\u00e9e \u00e0 celui de son fid\u00e8le casque Spe.\" width=\"101\" height=\"57\" class=\"skip-lazy fg-image\" data-src-fg=\"https:\/\/alpavista.ch\/Alp11\/wp-content\/uploads\/cache\/durand_22_036\/3730997698.png\" src=\"data:image\/svg+xml,%3Csvg%20xmlns%3D%22http%3A%2F%2Fwww.w3.org%2F2000%2Fsvg%22%20width%3D%22101%22%20height%3D%2257%22%20viewBox%3D%220%200%20101%2057%22%3E%3C%2Fsvg%3E\" loading=\"eager\"><\/span><span class=\"fg-image-overlay\"><\/span><\/a><figcaption class=\"fg-caption\"><div class=\"fg-caption-inner\"><div class=\"fg-caption-desc\">Surtout quand leur jaune est coordonn\u00e9e \u00e0 celui de son fid\u00e8le casque Spe.<\/div><\/div><\/figcaption><\/figure><div class=\"fg-loader\"><\/div><\/div><div class=\"fg-item fg-type-image fg-idle\"><figure class=\"fg-item-inner\"><a href=\"https:\/\/alpavista.ch\/Alp11\/wp-content\/uploads\/durand_22_037.png\" data-caption-title=\"Aujourd&#039;hui la \u00ab partie \u00bb logistique voit la vie en rose.\" data-caption-desc=\"Aujourd&#039;hui la \u00ab partie \u00bb logistique voit la vie en rose.\" data-attachment-id=\"26430\" data-type=\"image\" class=\"fg-thumb\"><span class=\"fg-image-wrap\"><img decoding=\"async\" alt=\"durand_22_037\" title=\"Aujourd&#039;hui la \u00ab partie \u00bb logistique voit la vie en rose.\" width=\"101\" height=\"57\" class=\"skip-lazy fg-image\" data-src-fg=\"https:\/\/alpavista.ch\/Alp11\/wp-content\/uploads\/cache\/durand_22_037\/1967068458.png\" src=\"data:image\/svg+xml,%3Csvg%20xmlns%3D%22http%3A%2F%2Fwww.w3.org%2F2000%2Fsvg%22%20width%3D%22101%22%20height%3D%2257%22%20viewBox%3D%220%200%20101%2057%22%3E%3C%2Fsvg%3E\" loading=\"eager\"><\/span><span class=\"fg-image-overlay\"><\/span><\/a><figcaption class=\"fg-caption\"><div class=\"fg-caption-inner\"><div class=\"fg-caption-desc\">Aujourd'hui la \u00ab partie \u00bb logistique voit la vie en rose.<\/div><\/div><\/figcaption><\/figure><div class=\"fg-loader\"><\/div><\/div><div class=\"fg-item fg-type-image fg-idle\"><figure class=\"fg-item-inner\"><a href=\"https:\/\/alpavista.ch\/Alp11\/wp-content\/uploads\/durand_22_038.png\" data-caption-title=\"Arp de Praz marque la fin du \u00ab R\u00fb  \u00bb et la transition vers le c\u00e9l\u00e8bre chemin du Bois des Fontaines.\" data-caption-desc=\"Arp de Praz marque la fin du \u00ab R\u00fb  \u00bb et la transition vers le c\u00e9l\u00e8bre chemin du Bois des Fontaines.\" data-attachment-id=\"26429\" data-type=\"image\" class=\"fg-thumb\"><span class=\"fg-image-wrap\"><img decoding=\"async\" alt=\"durand_22_038\" title=\"Arp de Praz marque la fin du \u00ab R\u00fb  \u00bb et la transition vers le c\u00e9l\u00e8bre chemin du Bois des Fontaines.\" width=\"101\" height=\"57\" class=\"skip-lazy fg-image\" data-src-fg=\"https:\/\/alpavista.ch\/Alp11\/wp-content\/uploads\/cache\/durand_22_038\/4223082335.png\" src=\"data:image\/svg+xml,%3Csvg%20xmlns%3D%22http%3A%2F%2Fwww.w3.org%2F2000%2Fsvg%22%20width%3D%22101%22%20height%3D%2257%22%20viewBox%3D%220%200%20101%2057%22%3E%3C%2Fsvg%3E\" loading=\"eager\"><\/span><span class=\"fg-image-overlay\"><\/span><\/a><figcaption class=\"fg-caption\"><div class=\"fg-caption-inner\"><div class=\"fg-caption-desc\">Arp de Praz marque la fin du \u00ab R\u00fb  \u00bb et la transition vers le c\u00e9l\u00e8bre chemin du Bois des Fontaines.<\/div><\/div><\/figcaption><\/figure><div class=\"fg-loader\"><\/div><\/div><div class=\"fg-item fg-type-image fg-idle\"><figure class=\"fg-item-inner\"><a href=\"https:\/\/alpavista.ch\/Alp11\/wp-content\/uploads\/durand_22_039.png\" data-caption-title=\"Un chemin qui, pour l&#039;occasion, s&#039;est visiblement inspir\u00e9 de son lointain cousin \u00ab Brazilian \u00bb.\" data-caption-desc=\"Un chemin qui, pour l&#039;occasion, s&#039;est visiblement inspir\u00e9 de son lointain cousin \u00ab Brazilian \u00bb.\" data-attachment-id=\"26428\" data-type=\"image\" class=\"fg-thumb\"><span class=\"fg-image-wrap\"><img decoding=\"async\" alt=\"durand_22_039\" title=\"Un chemin qui, pour l&#039;occasion, s&#039;est visiblement inspir\u00e9 de son lointain cousin \u00ab Brazilian \u00bb.\" width=\"101\" height=\"57\" class=\"skip-lazy fg-image\" data-src-fg=\"https:\/\/alpavista.ch\/Alp11\/wp-content\/uploads\/cache\/durand_22_039\/1357548471.png\" src=\"data:image\/svg+xml,%3Csvg%20xmlns%3D%22http%3A%2F%2Fwww.w3.org%2F2000%2Fsvg%22%20width%3D%22101%22%20height%3D%2257%22%20viewBox%3D%220%200%20101%2057%22%3E%3C%2Fsvg%3E\" loading=\"eager\"><\/span><span class=\"fg-image-overlay\"><\/span><\/a><figcaption class=\"fg-caption\"><div class=\"fg-caption-inner\"><div class=\"fg-caption-desc\">Un chemin qui, pour l'occasion, s'est visiblement inspir\u00e9 de son lointain cousin \u00ab Brazilian \u00bb.<\/div><\/div><\/figcaption><\/figure><div class=\"fg-loader\"><\/div><\/div><div class=\"fg-item fg-type-image fg-idle\"><figure class=\"fg-item-inner\"><a href=\"https:\/\/alpavista.ch\/Alp11\/wp-content\/uploads\/durand_22_040.png\" data-caption-title=\"A force de plonger, on finit par suer et avaler de la poussi\u00e8re.\" data-caption-desc=\"A force de plonger, on finit par suer et avaler de la poussi\u00e8re.\" data-attachment-id=\"26427\" data-type=\"image\" class=\"fg-thumb\"><span class=\"fg-image-wrap\"><img decoding=\"async\" alt=\"durand_22_040\" title=\"A force de plonger, on finit par suer et avaler de la poussi\u00e8re.\" width=\"101\" height=\"57\" class=\"skip-lazy fg-image\" data-src-fg=\"https:\/\/alpavista.ch\/Alp11\/wp-content\/uploads\/cache\/durand_22_040\/1311619428.png\" src=\"data:image\/svg+xml,%3Csvg%20xmlns%3D%22http%3A%2F%2Fwww.w3.org%2F2000%2Fsvg%22%20width%3D%22101%22%20height%3D%2257%22%20viewBox%3D%220%200%20101%2057%22%3E%3C%2Fsvg%3E\" loading=\"eager\"><\/span><span class=\"fg-image-overlay\"><\/span><\/a><figcaption class=\"fg-caption\"><div class=\"fg-caption-inner\"><div class=\"fg-caption-desc\">A force de plonger, on finit par suer et avaler de la poussi\u00e8re.<\/div><\/div><\/figcaption><\/figure><div class=\"fg-loader\"><\/div><\/div><div class=\"fg-item fg-type-image fg-idle\"><figure class=\"fg-item-inner\"><a href=\"https:\/\/alpavista.ch\/Alp11\/wp-content\/uploads\/durand_22_041.png\" data-caption-title=\"La \u00ab Cerisey \u00bb sur le g\u00e2teau : le tortillard final du m\u00eame nom, toujours aussi  sympa ...\" data-caption-desc=\"La \u00ab Cerisey \u00bb sur le g\u00e2teau : le tortillard final du m\u00eame nom, toujours aussi  sympa ...\" data-attachment-id=\"26426\" data-type=\"image\" class=\"fg-thumb\"><span class=\"fg-image-wrap\"><img decoding=\"async\" alt=\"durand_22_041\" title=\"La \u00ab Cerisey \u00bb sur le g\u00e2teau : le tortillard final du m\u00eame nom, toujours aussi  sympa ...\" width=\"101\" height=\"57\" class=\"skip-lazy fg-image\" data-src-fg=\"https:\/\/alpavista.ch\/Alp11\/wp-content\/uploads\/cache\/durand_22_041\/3849334156.png\" src=\"data:image\/svg+xml,%3Csvg%20xmlns%3D%22http%3A%2F%2Fwww.w3.org%2F2000%2Fsvg%22%20width%3D%22101%22%20height%3D%2257%22%20viewBox%3D%220%200%20101%2057%22%3E%3C%2Fsvg%3E\" loading=\"eager\"><\/span><span class=\"fg-image-overlay\"><\/span><\/a><figcaption class=\"fg-caption\"><div class=\"fg-caption-inner\"><div class=\"fg-caption-desc\">La \u00ab Cerisey \u00bb sur le g\u00e2teau : le tortillard final du m\u00eame nom, toujours aussi  sympa ...<\/div><\/div><\/figcaption><\/figure><div class=\"fg-loader\"><\/div><\/div><div class=\"fg-item fg-type-image fg-idle\"><figure class=\"fg-item-inner\"><a href=\"https:\/\/alpavista.ch\/Alp11\/wp-content\/uploads\/durand_22_042.png\" data-caption-title=\"... mais jamais compl\u00e8tement conciliant pour autant.\" data-caption-desc=\"... mais jamais compl\u00e8tement conciliant pour autant.\" data-attachment-id=\"26425\" data-type=\"image\" class=\"fg-thumb\"><span class=\"fg-image-wrap\"><img decoding=\"async\" alt=\"durand_22_042\" title=\"... mais jamais compl\u00e8tement conciliant pour autant.\" width=\"101\" height=\"57\" class=\"skip-lazy fg-image\" data-src-fg=\"https:\/\/alpavista.ch\/Alp11\/wp-content\/uploads\/cache\/durand_22_042\/3286734581.png\" src=\"data:image\/svg+xml,%3Csvg%20xmlns%3D%22http%3A%2F%2Fwww.w3.org%2F2000%2Fsvg%22%20width%3D%22101%22%20height%3D%2257%22%20viewBox%3D%220%200%20101%2057%22%3E%3C%2Fsvg%3E\" loading=\"eager\"><\/span><span class=\"fg-image-overlay\"><\/span><\/a><figcaption class=\"fg-caption\"><div class=\"fg-caption-inner\"><div class=\"fg-caption-desc\">... mais jamais compl\u00e8tement conciliant pour autant.<\/div><\/div><\/figcaption><\/figure><div class=\"fg-loader\"><\/div><\/div><\/div>\n\n<input class=\"fooboxshare_post_id\" type=\"hidden\" value=\"11782\"\/>","protected":false},"excerpt":{"rendered":"<p>Grand classique de fin d\u2019\u00e9t\u00e9, cet itin\u00e9raire transfrontalier, sur le point de devenir \u00ab vintage \u00bb \u00e0 cause de la logistique qu\u2019il n\u00e9cessite, n\u2019avait plus vu nos roues, ou certaines de nos roues, rouler ses deux versants depuis bient\u00f4t 6 ans. La faute \u00e0 une \u00e9dition 2019 tr\u00e8s (trop) tardive qui l\u2019avait transform\u00e9e en \u00ab hivernale \u00bb malgr\u00e9 elle, \u00e0 des \u00e9ditions 2018 et 2020 en \u00ab aller-retour \u00bb sur le versant bagnard en raison du manque de logistique disponible [&hellip;]<\/p>\n","protected":false},"author":2,"featured_media":11781,"comment_status":"open","ping_status":"open","sticky":false,"template":"","format":"standard","meta":{"footnotes":""},"categories":[658,4],"tags":[1071,1079,1392,1198,1359,1250,1358,1357,1199,1391],"class_list":["post-11782","post","type-post","status-publish","format-standard","has-post-thumbnail","hentry","category-outdoor","category-vtt","tag-aoste","tag-bagnes","tag-champillon","tag-chanrion","tag-charmotane","tag-etroubles","tag-fenetre-de-durand","tag-mauvoisin","tag-ollomont","tag-thoule"],"_links":{"self":[{"href":"https:\/\/alpavista.ch\/Alp11\/wp-json\/wp\/v2\/posts\/11782","targetHints":{"allow":["GET"]}}],"collection":[{"href":"https:\/\/alpavista.ch\/Alp11\/wp-json\/wp\/v2\/posts"}],"about":[{"href":"https:\/\/alpavista.ch\/Alp11\/wp-json\/wp\/v2\/types\/post"}],"author":[{"embeddable":true,"href":"https:\/\/alpavista.ch\/Alp11\/wp-json\/wp\/v2\/users\/2"}],"replies":[{"embeddable":true,"href":"https:\/\/alpavista.ch\/Alp11\/wp-json\/wp\/v2\/comments?post=11782"}],"version-history":[{"count":0,"href":"https:\/\/alpavista.ch\/Alp11\/wp-json\/wp\/v2\/posts\/11782\/revisions"}],"wp:featuredmedia":[{"embeddable":true,"href":"https:\/\/alpavista.ch\/Alp11\/wp-json\/wp\/v2\/media\/11781"}],"wp:attachment":[{"href":"https:\/\/alpavista.ch\/Alp11\/wp-json\/wp\/v2\/media?parent=11782"}],"wp:term":[{"taxonomy":"category","embeddable":true,"href":"https:\/\/alpavista.ch\/Alp11\/wp-json\/wp\/v2\/categories?post=11782"},{"taxonomy":"post_tag","embeddable":true,"href":"https:\/\/alpavista.ch\/Alp11\/wp-json\/wp\/v2\/tags?post=11782"}],"curies":[{"name":"wp","href":"https:\/\/api.w.org\/{rel}","templated":true}]}}