{"id":141,"date":"2006-06-19T19:18:39","date_gmt":"2006-06-19T18:18:39","guid":{"rendered":"http:\/\/www.alpavista.ch\/Alp11\/?p=141"},"modified":"2022-12-09T17:41:22","modified_gmt":"2022-12-09T16:41:22","slug":"la-berra-schwyberg","status":"publish","type":"post","link":"https:\/\/alpavista.ch\/Alp11\/2006\/06\/19\/la-berra-schwyberg\/","title":{"rendered":"La Berra &#8211; Schwyberg"},"content":{"rendered":"<p>Alors que d&rsquo;aucuns ont profit\u00e9 du catholicisme de leur canton pour aller s&rsquo;\u00e9clater sur les pentes Anz\u00e8roises en pleine F\u00eate-Dieu, je profite \u00e0 mon tour d&rsquo;un jour de cong\u00e9 pour aller titiller les alpages fribourgeois quelque peu \u00e9loign\u00e9s des cr\u00eates jurassiennes que je fr\u00e9quente assid\u00fbment. Ce grand tour de la Berra et du Schwyberg, que j&rsquo;avais tent\u00e9 en octobre dernier et que l&rsquo;orage avait malencontreusement interrompu, me tendait les bras depuis longtemps. Car le pays de Fribourg, et plus particuli\u00e8rement les alpages des Pr\u00e9alpes, est un merveilleux terrain de jeux pour tout v\u00e9t\u00e9tiste crapahuteur et quelque peu curieux d&rsquo;user ses crampons sur la barri\u00e8re de r\u00f6stis, cette ligne th\u00e9orique et fluctuante qui marque la fronti\u00e8re entre la Suisse germanique et son pendant gaulois et francophone. Le m\u00e9lange d&rsquo;une m\u00e9t\u00e9o incertaine, d&rsquo;un roadbook pas compl\u00e8tement ma\u00eetris\u00e9 et d&rsquo;auberges d&rsquo;alpages peut-\u00eatre pas encore ouvertes est un puissant r\u00e9v\u00e9lateur qui m&rsquo;incite \u00e0 grignoter mes heures suppl\u00e9mentaires et enfourcher mon fid\u00e8le compagnon, malgr\u00e9 la perspective de rouler seul&#8230;<\/p>\n<p><!--more--><br \/>\nParti de Plasselb en pleine Singine germanophone je m&rsquo;\u00e9l\u00e8ve rapidement pour atteindre la Francophonie et la cr\u00eate de la Berra \u00e0 Crau. S&rsquo;ensuit une succession de rudes mont\u00e9es et de descentes bien techniques en des lieux qui chantent agr\u00e9ablement aux oreilles de tous les Zozets : le Cousimbert, la Berra, l&rsquo;Auta Chia, la Patta, les Schwyberg,\u2026 Malgr\u00e9 un temps mena\u00e7ant et des conditions peu propices aux photos (ciel brumeux et laiteux) les paysages sont grandioses et la vue surprenante sur toute la Gruy\u00e8re et le Plateau, avec par endroits des for\u00eats ravag\u00e9es, cuisants souvenirs du terrible Lothard de d\u00e9cembre 1999. Au final un tour grandiose et exigeant, agr\u00e9ment\u00e9 d&rsquo;un excellent repas dans une de ces auberges dont Fribourg est g\u00e9n\u00e9reusement garni. Qu&rsquo;exiger de plus avant les grillades du week-end ?<\/p>\n<p>Pour la trace GPS: courriel \u00e0 farenj@hispeed.ch<\/p>\n<style type=\"text\/css\">\n#foogallery-gallery-14581 .fg-image { width: 101px; }\n#foogallery-gallery-14581 { --fg-gutter: 1px; }<\/style>\n\t\t\t<div class=\"foogallery foogallery-container foogallery-default foogallery-lightbox-none fg-left fg-default fg-ready fg-light fg-loading-default fg-loaded-fade-in fg-preset fg-selena fg-preset-small fg-preset fg-selena fg-preset-small\" id=\"foogallery-gallery-14581\" data-foogallery=\"{&quot;item&quot;:{&quot;showCaptionTitle&quot;:false,&quot;showCaptionDescription&quot;:true},&quot;lazy&quot;:true,&quot;state&quot;:{&quot;enabled&quot;:true,&quot;mask&quot;:&quot;foogallery-{id}&quot;}}\" style=\"--fg-title-line-clamp: 0; --fg-description-line-clamp: 0;\" >\n\t<div class=\"fg-item fg-type-image fg-idle\"><figure class=\"fg-item-inner\"><a href=\"https:\/\/alpavista.ch\/Alp11\/wp-content\/uploads\/La_Berra_06_01.jpg\" data-caption-title=\"Longue mont\u00e9e de pr\u00e8s de 600m entre Bonnefontaine et Crau, histoire de se mettre en jambes.\" data-caption-desc=\"Longue mont\u00e9e de pr\u00e8s de 600m entre Bonnefontaine et Crau, histoire de se mettre en jambes.\" data-attachment-id=\"14600\" data-type=\"image\" class=\"fg-thumb\"><span class=\"fg-image-wrap\"><img decoding=\"async\" alt=\"La_Berra_06_01.jpg\" title=\"Longue mont\u00e9e de pr\u00e8s de 600m entre Bonnefontaine et Crau, histoire de se mettre en jambes.\" width=\"101\" height=\"57\" class=\"skip-lazy fg-image\" data-src-fg=\"https:\/\/alpavista.ch\/Alp11\/wp-content\/uploads\/cache\/La_Berra_06_01\/1808709505.jpg\" src=\"data:image\/svg+xml,%3Csvg%20xmlns%3D%22http%3A%2F%2Fwww.w3.org%2F2000%2Fsvg%22%20width%3D%22101%22%20height%3D%2257%22%20viewBox%3D%220%200%20101%2057%22%3E%3C%2Fsvg%3E\" loading=\"eager\"><\/span><span class=\"fg-image-overlay\"><\/span><\/a><figcaption class=\"fg-caption\"><div class=\"fg-caption-inner\"><div class=\"fg-caption-desc\">Longue mont\u00e9e de pr\u00e8s de 600m entre Bonnefontaine et Crau, histoire de se mettre en jambes.<\/div><\/div><\/figcaption><\/figure><div class=\"fg-loader\"><\/div><\/div><div class=\"fg-item fg-type-image fg-idle\"><figure class=\"fg-item-inner\"><a href=\"https:\/\/alpavista.ch\/Alp11\/wp-content\/uploads\/La_Berra_06_02.jpg\" data-caption-title=\"La ferme-auberge de Crau qui domine tout le Plasselbschlund. On y prendrait bien un petit remontant maison mais les kilom\u00e8tres restant exigent sobri\u00e9t\u00e9 et concentration, deux vertus peu compatibles avec les breuvages roboratifs locaux\u2026\" data-caption-desc=\"La ferme-auberge de Crau qui domine tout le Plasselbschlund. On y prendrait bien un petit remontant maison mais les kilom\u00e8tres restant exigent sobri\u00e9t\u00e9 et concentration, deux vertus peu compatibles avec les breuvages roboratifs locaux\u2026\" data-attachment-id=\"14599\" data-type=\"image\" class=\"fg-thumb\"><span class=\"fg-image-wrap\"><img decoding=\"async\" alt=\"La_Berra_06_02.jpg\" title=\"La ferme-auberge de Crau qui domine tout le Plasselbschlund. On y prendrait bien un petit remontant maison mais les kilom\u00e8tres restant exigent sobri\u00e9t\u00e9 et concentration, deux vertus peu compatibles avec les breuvages roboratifs locaux\u2026\" width=\"101\" height=\"57\" class=\"skip-lazy fg-image\" data-src-fg=\"https:\/\/alpavista.ch\/Alp11\/wp-content\/uploads\/cache\/La_Berra_06_02\/446190896.jpg\" src=\"data:image\/svg+xml,%3Csvg%20xmlns%3D%22http%3A%2F%2Fwww.w3.org%2F2000%2Fsvg%22%20width%3D%22101%22%20height%3D%2257%22%20viewBox%3D%220%200%20101%2057%22%3E%3C%2Fsvg%3E\" loading=\"eager\"><\/span><span class=\"fg-image-overlay\"><\/span><\/a><figcaption class=\"fg-caption\"><div class=\"fg-caption-inner\"><div class=\"fg-caption-desc\">La ferme-auberge de Crau qui domine tout le Plasselbschlund. On y prendrait bien un petit remontant maison mais les kilom\u00e8tres restant exigent sobri\u00e9t\u00e9 et concentration, deux vertus peu compatibles avec les breuvages roboratifs locaux\u2026<\/div><\/div><\/figcaption><\/figure><div class=\"fg-loader\"><\/div><\/div><div class=\"fg-item fg-type-image fg-idle\"><figure class=\"fg-item-inner\"><a href=\"https:\/\/alpavista.ch\/Alp11\/wp-content\/uploads\/La_Berra_06_03.jpg\" data-caption-title=\"La Berra, reine des lieux dominant la plaine de ses 1719m, est en vue au milieu des rhododendrons.\" data-caption-desc=\"La Berra, reine des lieux dominant la plaine de ses 1719m, est en vue au milieu des rhododendrons.\" data-attachment-id=\"14598\" data-type=\"image\" class=\"fg-thumb\"><span class=\"fg-image-wrap\"><img decoding=\"async\" alt=\"La_Berra_06_03.jpg\" title=\"La Berra, reine des lieux dominant la plaine de ses 1719m, est en vue au milieu des rhododendrons.\" width=\"101\" height=\"57\" class=\"skip-lazy fg-image\" data-src-fg=\"https:\/\/alpavista.ch\/Alp11\/wp-content\/uploads\/cache\/La_Berra_06_03\/1865643571.jpg\" src=\"data:image\/svg+xml,%3Csvg%20xmlns%3D%22http%3A%2F%2Fwww.w3.org%2F2000%2Fsvg%22%20width%3D%22101%22%20height%3D%2257%22%20viewBox%3D%220%200%20101%2057%22%3E%3C%2Fsvg%3E\" loading=\"eager\"><\/span><span class=\"fg-image-overlay\"><\/span><\/a><figcaption class=\"fg-caption\"><div class=\"fg-caption-inner\"><div class=\"fg-caption-desc\">La Berra, reine des lieux dominant la plaine de ses 1719m, est en vue au milieu des rhododendrons.<\/div><\/div><\/figcaption><\/figure><div class=\"fg-loader\"><\/div><\/div><div class=\"fg-item fg-type-image fg-idle\"><figure class=\"fg-item-inner\"><a href=\"https:\/\/alpavista.ch\/Alp11\/wp-content\/uploads\/La_Berra_06_04.jpg\" data-caption-title=\"Le paysage est grandiose depuis Supilette vers le Gantrisch et les Pr\u00e9alpes bernoises.\" data-caption-desc=\"Le paysage est grandiose depuis Supilette vers le Gantrisch et les Pr\u00e9alpes bernoises.\" data-attachment-id=\"14597\" data-type=\"image\" class=\"fg-thumb\"><span class=\"fg-image-wrap\"><img decoding=\"async\" alt=\"La_Berra_06_04.jpg\" title=\"Le paysage est grandiose depuis Supilette vers le Gantrisch et les Pr\u00e9alpes bernoises.\" width=\"101\" height=\"57\" class=\"skip-lazy fg-image\" data-src-fg=\"https:\/\/alpavista.ch\/Alp11\/wp-content\/uploads\/cache\/La_Berra_06_04\/877499988.jpg\" src=\"data:image\/svg+xml,%3Csvg%20xmlns%3D%22http%3A%2F%2Fwww.w3.org%2F2000%2Fsvg%22%20width%3D%22101%22%20height%3D%2257%22%20viewBox%3D%220%200%20101%2057%22%3E%3C%2Fsvg%3E\" loading=\"eager\"><\/span><span class=\"fg-image-overlay\"><\/span><\/a><figcaption class=\"fg-caption\"><div class=\"fg-caption-inner\"><div class=\"fg-caption-desc\">Le paysage est grandiose depuis Supilette vers le Gantrisch et les Pr\u00e9alpes bernoises.<\/div><\/div><\/figcaption><\/figure><div class=\"fg-loader\"><\/div><\/div><div class=\"fg-item fg-type-image fg-idle\"><figure class=\"fg-item-inner\"><a href=\"https:\/\/alpavista.ch\/Alp11\/wp-content\/uploads\/La_Berra_06_05.jpg\" data-caption-title=\"Ferme-auberge tentante pour v\u00e9t\u00e9tiste \u00e0 la langue pendante, mais \u00e0 la Berra jamais tu ne boiras.\" data-caption-desc=\"Ferme-auberge tentante pour v\u00e9t\u00e9tiste \u00e0 la langue pendante, mais \u00e0 la Berra jamais tu ne boiras.\" data-attachment-id=\"14596\" data-type=\"image\" class=\"fg-thumb\"><span class=\"fg-image-wrap\"><img decoding=\"async\" alt=\"La_Berra_06_05.jpg\" title=\"Ferme-auberge tentante pour v\u00e9t\u00e9tiste \u00e0 la langue pendante, mais \u00e0 la Berra jamais tu ne boiras.\" width=\"101\" height=\"57\" class=\"skip-lazy fg-image\" data-src-fg=\"https:\/\/alpavista.ch\/Alp11\/wp-content\/uploads\/cache\/La_Berra_06_05\/1105638743.jpg\" src=\"data:image\/svg+xml,%3Csvg%20xmlns%3D%22http%3A%2F%2Fwww.w3.org%2F2000%2Fsvg%22%20width%3D%22101%22%20height%3D%2257%22%20viewBox%3D%220%200%20101%2057%22%3E%3C%2Fsvg%3E\" loading=\"eager\"><\/span><span class=\"fg-image-overlay\"><\/span><\/a><figcaption class=\"fg-caption\"><div class=\"fg-caption-inner\"><div class=\"fg-caption-desc\">Ferme-auberge tentante pour v\u00e9t\u00e9tiste \u00e0 la langue pendante, mais \u00e0 la Berra jamais tu ne boiras.<\/div><\/div><\/figcaption><\/figure><div class=\"fg-loader\"><\/div><\/div><div class=\"fg-item fg-type-image fg-idle\"><figure class=\"fg-item-inner\"><a href=\"https:\/\/alpavista.ch\/Alp11\/wp-content\/uploads\/La_Berra_06_06.jpg\" data-caption-title=\"Le Cousimbert, presque 100m moins haut que la Berra, semble bien facile vue d&amp;#039;ici. Mais la bataille fut rude sur 900m.\" data-caption-desc=\"Le Cousimbert, presque 100m moins haut que la Berra, semble bien facile vue d&amp;#039;ici. Mais la bataille fut rude sur 900m.\" data-attachment-id=\"14595\" data-type=\"image\" class=\"fg-thumb\"><span class=\"fg-image-wrap\"><img decoding=\"async\" alt=\"La_Berra_06_06.jpg\" title=\"Le Cousimbert, presque 100m moins haut que la Berra, semble bien facile vue d&amp;#039;ici. Mais la bataille fut rude sur 900m.\" width=\"101\" height=\"57\" class=\"skip-lazy fg-image\" data-src-fg=\"https:\/\/alpavista.ch\/Alp11\/wp-content\/uploads\/cache\/La_Berra_06_06\/3743141970.jpg\" src=\"data:image\/svg+xml,%3Csvg%20xmlns%3D%22http%3A%2F%2Fwww.w3.org%2F2000%2Fsvg%22%20width%3D%22101%22%20height%3D%2257%22%20viewBox%3D%220%200%20101%2057%22%3E%3C%2Fsvg%3E\" loading=\"eager\"><\/span><span class=\"fg-image-overlay\"><\/span><\/a><figcaption class=\"fg-caption\"><div class=\"fg-caption-inner\"><div class=\"fg-caption-desc\">Le Cousimbert, presque 100m moins haut que la Berra, semble bien facile vue d&#039;ici. Mais la bataille fut rude sur 900m.<\/div><\/div><\/figcaption><\/figure><div class=\"fg-loader\"><\/div><\/div><div class=\"fg-item fg-type-image fg-idle\"><figure class=\"fg-item-inner\"><a href=\"https:\/\/alpavista.ch\/Alp11\/wp-content\/uploads\/La_Berra_06_07.jpg\" data-caption-title=\"Un superbe single de cr\u00eate qui passe successivement par le Cousimbert, la Berra et qui poursuit vers l&amp;#039;Auta Chia dominant le couvent de la Valsainte.\" data-caption-desc=\"Un superbe single de cr\u00eate qui passe successivement par le Cousimbert, la Berra et qui poursuit vers l&amp;#039;Auta Chia dominant le couvent de la Valsainte.\" data-attachment-id=\"14594\" data-type=\"image\" class=\"fg-thumb\"><span class=\"fg-image-wrap\"><img decoding=\"async\" alt=\"La_Berra_06_07.jpg\" title=\"Un superbe single de cr\u00eate qui passe successivement par le Cousimbert, la Berra et qui poursuit vers l&amp;#039;Auta Chia dominant le couvent de la Valsainte.\" width=\"101\" height=\"57\" class=\"skip-lazy fg-image\" data-src-fg=\"https:\/\/alpavista.ch\/Alp11\/wp-content\/uploads\/cache\/La_Berra_06_07\/2863723345.jpg\" src=\"data:image\/svg+xml,%3Csvg%20xmlns%3D%22http%3A%2F%2Fwww.w3.org%2F2000%2Fsvg%22%20width%3D%22101%22%20height%3D%2257%22%20viewBox%3D%220%200%20101%2057%22%3E%3C%2Fsvg%3E\" loading=\"eager\"><\/span><span class=\"fg-image-overlay\"><\/span><\/a><figcaption class=\"fg-caption\"><div class=\"fg-caption-inner\"><div class=\"fg-caption-desc\">Un superbe single de cr\u00eate qui passe successivement par le Cousimbert, la Berra et qui poursuit vers l&#039;Auta Chia dominant le couvent de la Valsainte.<\/div><\/div><\/figcaption><\/figure><div class=\"fg-loader\"><\/div><\/div><div class=\"fg-item fg-type-image fg-idle\"><figure class=\"fg-item-inner\"><a href=\"https:\/\/alpavista.ch\/Alp11\/wp-content\/uploads\/La_Berra_06_08.jpg\" data-caption-title=\"La cuvette du Kapberg et les cr\u00eates qu&amp;#039;il me reste \u00e0 vaincre, avec toujours les terribles cicatrices de Lothard sur leurs flancs.\" data-caption-desc=\"La cuvette du Kapberg et les cr\u00eates qu&amp;#039;il me reste \u00e0 vaincre, avec toujours les terribles cicatrices de Lothard sur leurs flancs.\" data-attachment-id=\"14593\" data-type=\"image\" class=\"fg-thumb\"><span class=\"fg-image-wrap\"><img decoding=\"async\" alt=\"La_Berra_06_08.jpg\" title=\"La cuvette du Kapberg et les cr\u00eates qu&amp;#039;il me reste \u00e0 vaincre, avec toujours les terribles cicatrices de Lothard sur leurs flancs.\" width=\"101\" height=\"57\" class=\"skip-lazy fg-image\" data-src-fg=\"https:\/\/alpavista.ch\/Alp11\/wp-content\/uploads\/cache\/La_Berra_06_08\/3933538220.jpg\" src=\"data:image\/svg+xml,%3Csvg%20xmlns%3D%22http%3A%2F%2Fwww.w3.org%2F2000%2Fsvg%22%20width%3D%22101%22%20height%3D%2257%22%20viewBox%3D%220%200%20101%2057%22%3E%3C%2Fsvg%3E\" loading=\"eager\"><\/span><span class=\"fg-image-overlay\"><\/span><\/a><figcaption class=\"fg-caption\"><div class=\"fg-caption-inner\"><div class=\"fg-caption-desc\">La cuvette du Kapberg et les cr\u00eates qu&#039;il me reste \u00e0 vaincre, avec toujours les terribles cicatrices de Lothard sur leurs flancs.<\/div><\/div><\/figcaption><\/figure><div class=\"fg-loader\"><\/div><\/div><div class=\"fg-item fg-type-image fg-idle\"><figure class=\"fg-item-inner\"><a href=\"https:\/\/alpavista.ch\/Alp11\/wp-content\/uploads\/La_Berra_06_09.jpg\" data-caption-title=\"Difficile n\u00e9gociation de barbel\u00e9s et d&amp;#039;obstacles bovins au point 1687 ou lorsque le g\u00e9nie des bergers fribourgeois est largement \u00e0 la hauteur de celui de leurs coll\u00e8gues jurassien. P\u2026 de barb&amp;#039;l\u00e9s!\" data-caption-desc=\"Difficile n\u00e9gociation de barbel\u00e9s et d&amp;#039;obstacles bovins au point 1687 ou lorsque le g\u00e9nie des bergers fribourgeois est largement \u00e0 la hauteur de celui de leurs coll\u00e8gues jurassien. P\u2026 de barb&amp;#039;l\u00e9s!\" data-attachment-id=\"14592\" data-type=\"image\" class=\"fg-thumb\"><span class=\"fg-image-wrap\"><img decoding=\"async\" alt=\"La_Berra_06_09.jpg\" title=\"Difficile n\u00e9gociation de barbel\u00e9s et d&amp;#039;obstacles bovins au point 1687 ou lorsque le g\u00e9nie des bergers fribourgeois est largement \u00e0 la hauteur de celui de leurs coll\u00e8gues jurassien. P\u2026 de barb&amp;#039;l\u00e9s!\" width=\"101\" height=\"57\" class=\"skip-lazy fg-image\" data-src-fg=\"https:\/\/alpavista.ch\/Alp11\/wp-content\/uploads\/cache\/La_Berra_06_09\/2682135727.jpg\" src=\"data:image\/svg+xml,%3Csvg%20xmlns%3D%22http%3A%2F%2Fwww.w3.org%2F2000%2Fsvg%22%20width%3D%22101%22%20height%3D%2257%22%20viewBox%3D%220%200%20101%2057%22%3E%3C%2Fsvg%3E\" loading=\"eager\"><\/span><span class=\"fg-image-overlay\"><\/span><\/a><figcaption class=\"fg-caption\"><div class=\"fg-caption-inner\"><div class=\"fg-caption-desc\">Difficile n\u00e9gociation de barbel\u00e9s et d&#039;obstacles bovins au point 1687 ou lorsque le g\u00e9nie des bergers fribourgeois est largement \u00e0 la hauteur de celui de leurs coll\u00e8gues jurassien. P\u2026 de barb&#039;l\u00e9s!<\/div><\/div><\/figcaption><\/figure><div class=\"fg-loader\"><\/div><\/div><div class=\"fg-item fg-type-image fg-idle\"><figure class=\"fg-item-inner\"><a href=\"https:\/\/alpavista.ch\/Alp11\/wp-content\/uploads\/La_Berra_06_10.jpg\" data-caption-title=\"L&amp;#039;Auta Chia d&amp;#039;en Haut(1458m) ou comment transformer une simple loge de montagne en auberge des plus accueillantes \u00e0 la carte r\u00e9solument apte \u00e0 requinquer le plus us\u00e9 des v\u00e9t\u00e9tistes de passage. Sans parler de la vue imprenable sur moult Vanils et autres sommets gruy\u00e9riens.\" data-caption-desc=\"L&amp;#039;Auta Chia d&amp;#039;en Haut(1458m) ou comment transformer une simple loge de montagne en auberge des plus accueillantes \u00e0 la carte r\u00e9solument apte \u00e0 requinquer le plus us\u00e9 des v\u00e9t\u00e9tistes de passage. Sans parler de la vue imprenable sur moult Vanils et autres sommets gruy\u00e9riens.\" data-attachment-id=\"14591\" data-type=\"image\" class=\"fg-thumb\"><span class=\"fg-image-wrap\"><img decoding=\"async\" alt=\"La_Berra_06_10.jpg\" title=\"L&amp;#039;Auta Chia d&amp;#039;en Haut(1458m) ou comment transformer une simple loge de montagne en auberge des plus accueillantes \u00e0 la carte r\u00e9solument apte \u00e0 requinquer le plus us\u00e9 des v\u00e9t\u00e9tistes de passage. Sans parler de la vue imprenable sur moult Vanils et autres sommets gruy\u00e9riens.\" width=\"101\" height=\"57\" class=\"skip-lazy fg-image\" data-src-fg=\"https:\/\/alpavista.ch\/Alp11\/wp-content\/uploads\/cache\/La_Berra_06_10\/2274904353.jpg\" src=\"data:image\/svg+xml,%3Csvg%20xmlns%3D%22http%3A%2F%2Fwww.w3.org%2F2000%2Fsvg%22%20width%3D%22101%22%20height%3D%2257%22%20viewBox%3D%220%200%20101%2057%22%3E%3C%2Fsvg%3E\" loading=\"eager\"><\/span><span class=\"fg-image-overlay\"><\/span><\/a><figcaption class=\"fg-caption\"><div class=\"fg-caption-inner\"><div class=\"fg-caption-desc\">L&#039;Auta Chia d&#039;en Haut(1458m) ou comment transformer une simple loge de montagne en auberge des plus accueillantes \u00e0 la carte r\u00e9solument apte \u00e0 requinquer le plus us\u00e9 des v\u00e9t\u00e9tistes de passage. Sans parler de la vue imprenable sur moult Vanils et autres sommets gruy\u00e9riens.<\/div><\/div><\/figcaption><\/figure><div class=\"fg-loader\"><\/div><\/div><div class=\"fg-item fg-type-image fg-idle\"><figure class=\"fg-item-inner\"><a href=\"https:\/\/alpavista.ch\/Alp11\/wp-content\/uploads\/La_Berra_06_11.jpg\" data-caption-title=\"Les hauts de Charmey et leurs nombreuses pistes et singles sont \u00e0 port\u00e9e de crampons mais le tour du jour limite mes ambitions gruy\u00e9riennes.\r\nImage 11 sur 19\" data-caption-desc=\"Les hauts de Charmey et leurs nombreuses pistes et singles sont \u00e0 port\u00e9e de crampons mais le tour du jour limite mes ambitions gruy\u00e9riennes.\r\nImage 11 sur 19\" data-attachment-id=\"14590\" data-type=\"image\" class=\"fg-thumb\"><span class=\"fg-image-wrap\"><img decoding=\"async\" alt=\"La_Berra_06_11.jpg\" title=\"Les hauts de Charmey et leurs nombreuses pistes et singles sont \u00e0 port\u00e9e de crampons mais le tour du jour limite mes ambitions gruy\u00e9riennes.\r\nImage 11 sur 19\" width=\"101\" height=\"57\" class=\"skip-lazy fg-image\" data-src-fg=\"https:\/\/alpavista.ch\/Alp11\/wp-content\/uploads\/cache\/La_Berra_06_11\/4063455778.jpg\" src=\"data:image\/svg+xml,%3Csvg%20xmlns%3D%22http%3A%2F%2Fwww.w3.org%2F2000%2Fsvg%22%20width%3D%22101%22%20height%3D%2257%22%20viewBox%3D%220%200%20101%2057%22%3E%3C%2Fsvg%3E\" loading=\"eager\"><\/span><span class=\"fg-image-overlay\"><\/span><\/a><figcaption class=\"fg-caption\"><div class=\"fg-caption-inner\"><div class=\"fg-caption-desc\">Les hauts de Charmey et leurs nombreuses pistes et singles sont \u00e0 port\u00e9e de crampons mais le tour du jour limite mes ambitions gruy\u00e9riennes.\r\nImage 11 sur 19<\/div><\/div><\/figcaption><\/figure><div class=\"fg-loader\"><\/div><\/div><div class=\"fg-item fg-type-image fg-idle\"><figure class=\"fg-item-inner\"><a href=\"https:\/\/alpavista.ch\/Alp11\/wp-content\/uploads\/La_Berra_06_12.jpg\" data-caption-title=\"Singles et p\u00e2turages sont les deux mamelles du v\u00e9t\u00e9tiste du jour, avec en point de mire la cr\u00eate du Fuchses Schwyberg vu du sommet de la Patta.\" data-caption-desc=\"Singles et p\u00e2turages sont les deux mamelles du v\u00e9t\u00e9tiste du jour, avec en point de mire la cr\u00eate du Fuchses Schwyberg vu du sommet de la Patta.\" data-attachment-id=\"14589\" data-type=\"image\" class=\"fg-thumb\"><span class=\"fg-image-wrap\"><img decoding=\"async\" alt=\"La_Berra_06_12.jpg\" title=\"Singles et p\u00e2turages sont les deux mamelles du v\u00e9t\u00e9tiste du jour, avec en point de mire la cr\u00eate du Fuchses Schwyberg vu du sommet de la Patta.\" width=\"101\" height=\"57\" class=\"skip-lazy fg-image\" data-src-fg=\"https:\/\/alpavista.ch\/Alp11\/wp-content\/uploads\/cache\/La_Berra_06_12\/2212802473.jpg\" src=\"data:image\/svg+xml,%3Csvg%20xmlns%3D%22http%3A%2F%2Fwww.w3.org%2F2000%2Fsvg%22%20width%3D%22101%22%20height%3D%2257%22%20viewBox%3D%220%200%20101%2057%22%3E%3C%2Fsvg%3E\" loading=\"eager\"><\/span><span class=\"fg-image-overlay\"><\/span><\/a><figcaption class=\"fg-caption\"><div class=\"fg-caption-inner\"><div class=\"fg-caption-desc\">Singles et p\u00e2turages sont les deux mamelles du v\u00e9t\u00e9tiste du jour, avec en point de mire la cr\u00eate du Fuchses Schwyberg vu du sommet de la Patta.<\/div><\/div><\/figcaption><\/figure><div class=\"fg-loader\"><\/div><\/div><div class=\"fg-item fg-type-image fg-idle\"><figure class=\"fg-item-inner\"><a href=\"https:\/\/alpavista.ch\/Alp11\/wp-content\/uploads\/La_Berra_06_13.jpg\" data-caption-title=\"Le paysage (ici la Patta) rappelle beaucoup les cr\u00eates jurassiennes ou les ballons alsaciens. On est loin des sentiers alpins escarp\u00e9s mais le terrain gras demande un effort constant.\" data-caption-desc=\"Le paysage (ici la Patta) rappelle beaucoup les cr\u00eates jurassiennes ou les ballons alsaciens. On est loin des sentiers alpins escarp\u00e9s mais le terrain gras demande un effort constant.\" data-attachment-id=\"14588\" data-type=\"image\" class=\"fg-thumb\"><span class=\"fg-image-wrap\"><img decoding=\"async\" alt=\"La_Berra_06_13.jpg\" title=\"Le paysage (ici la Patta) rappelle beaucoup les cr\u00eates jurassiennes ou les ballons alsaciens. On est loin des sentiers alpins escarp\u00e9s mais le terrain gras demande un effort constant.\" width=\"101\" height=\"57\" class=\"skip-lazy fg-image\" data-src-fg=\"https:\/\/alpavista.ch\/Alp11\/wp-content\/uploads\/cache\/La_Berra_06_13\/4132408490.jpg\" src=\"data:image\/svg+xml,%3Csvg%20xmlns%3D%22http%3A%2F%2Fwww.w3.org%2F2000%2Fsvg%22%20width%3D%22101%22%20height%3D%2257%22%20viewBox%3D%220%200%20101%2057%22%3E%3C%2Fsvg%3E\" loading=\"eager\"><\/span><span class=\"fg-image-overlay\"><\/span><\/a><figcaption class=\"fg-caption\"><div class=\"fg-caption-inner\"><div class=\"fg-caption-desc\">Le paysage (ici la Patta) rappelle beaucoup les cr\u00eates jurassiennes ou les ballons alsaciens. On est loin des sentiers alpins escarp\u00e9s mais le terrain gras demande un effort constant.<\/div><\/div><\/figcaption><\/figure><div class=\"fg-loader\"><\/div><\/div><div class=\"fg-item fg-type-image fg-idle\"><figure class=\"fg-item-inner\"><a href=\"https:\/\/alpavista.ch\/Alp11\/wp-content\/uploads\/La_Berra_06_14.jpg\" data-caption-title=\"Les kilom\u00e8tres sont aval\u00e9s rapidement (oubli\u00e9e le rude portage de la Patta qui a suivi la copieuse assiette b\u00fbcheronne\u2026) et la Berra s&amp;#039;\u00e9loigne irr\u00e9m\u00e9diablement.\" data-caption-desc=\"Les kilom\u00e8tres sont aval\u00e9s rapidement (oubli\u00e9e le rude portage de la Patta qui a suivi la copieuse assiette b\u00fbcheronne\u2026) et la Berra s&amp;#039;\u00e9loigne irr\u00e9m\u00e9diablement.\" data-attachment-id=\"14587\" data-type=\"image\" class=\"fg-thumb\"><span class=\"fg-image-wrap\"><img decoding=\"async\" alt=\"La_Berra_06_14.jpg\" title=\"Les kilom\u00e8tres sont aval\u00e9s rapidement (oubli\u00e9e le rude portage de la Patta qui a suivi la copieuse assiette b\u00fbcheronne\u2026) et la Berra s&amp;#039;\u00e9loigne irr\u00e9m\u00e9diablement.\" width=\"101\" height=\"57\" class=\"skip-lazy fg-image\" data-src-fg=\"https:\/\/alpavista.ch\/Alp11\/wp-content\/uploads\/cache\/La_Berra_06_14\/2905697485.jpg\" src=\"data:image\/svg+xml,%3Csvg%20xmlns%3D%22http%3A%2F%2Fwww.w3.org%2F2000%2Fsvg%22%20width%3D%22101%22%20height%3D%2257%22%20viewBox%3D%220%200%20101%2057%22%3E%3C%2Fsvg%3E\" loading=\"eager\"><\/span><span class=\"fg-image-overlay\"><\/span><\/a><figcaption class=\"fg-caption\"><div class=\"fg-caption-inner\"><div class=\"fg-caption-desc\">Les kilom\u00e8tres sont aval\u00e9s rapidement (oubli\u00e9e le rude portage de la Patta qui a suivi la copieuse assiette b\u00fbcheronne\u2026) et la Berra s&#039;\u00e9loigne irr\u00e9m\u00e9diablement.<\/div><\/div><\/figcaption><\/figure><div class=\"fg-loader\"><\/div><\/div><div class=\"fg-item fg-type-image fg-idle\"><figure class=\"fg-item-inner\"><a href=\"https:\/\/alpavista.ch\/Alp11\/wp-content\/uploads\/La_Berra_06_15.jpg\" data-caption-title=\"Les alpages du Schwyberg se suivent mais ne se ressemblent pas, mis \u00e0 part par leur nom. Fuchses, Schalters, Hapferen, Hohi et enfin Gross, toutes sont \u00e0 Schwyberg ce que le chasselas est au Valais : indispensables.\" data-caption-desc=\"Les alpages du Schwyberg se suivent mais ne se ressemblent pas, mis \u00e0 part par leur nom. Fuchses, Schalters, Hapferen, Hohi et enfin Gross, toutes sont \u00e0 Schwyberg ce que le chasselas est au Valais : indispensables.\" data-attachment-id=\"14586\" data-type=\"image\" class=\"fg-thumb\"><span class=\"fg-image-wrap\"><img decoding=\"async\" alt=\"La_Berra_06_15.jpg\" title=\"Les alpages du Schwyberg se suivent mais ne se ressemblent pas, mis \u00e0 part par leur nom. Fuchses, Schalters, Hapferen, Hohi et enfin Gross, toutes sont \u00e0 Schwyberg ce que le chasselas est au Valais : indispensables.\" width=\"101\" height=\"57\" class=\"skip-lazy fg-image\" data-src-fg=\"https:\/\/alpavista.ch\/Alp11\/wp-content\/uploads\/cache\/La_Berra_06_15\/3633991630.jpg\" src=\"data:image\/svg+xml,%3Csvg%20xmlns%3D%22http%3A%2F%2Fwww.w3.org%2F2000%2Fsvg%22%20width%3D%22101%22%20height%3D%2257%22%20viewBox%3D%220%200%20101%2057%22%3E%3C%2Fsvg%3E\" loading=\"eager\"><\/span><span class=\"fg-image-overlay\"><\/span><\/a><figcaption class=\"fg-caption\"><div class=\"fg-caption-inner\"><div class=\"fg-caption-desc\">Les alpages du Schwyberg se suivent mais ne se ressemblent pas, mis \u00e0 part par leur nom. Fuchses, Schalters, Hapferen, Hohi et enfin Gross, toutes sont \u00e0 Schwyberg ce que le chasselas est au Valais : indispensables.<\/div><\/div><\/figcaption><\/figure><div class=\"fg-loader\"><\/div><\/div><div class=\"fg-item fg-type-image fg-idle\"><figure class=\"fg-item-inner\"><a href=\"https:\/\/alpavista.ch\/Alp11\/wp-content\/uploads\/La_Berra_06_16.jpg\" data-caption-title=\"Moins de deux mois auparavant on skiait en ces lieux au d\u00e9part du Lac Noir. Aujourd&amp;#039;hui je suis seul en ces lieux mythiques \u00e0 profiter du calme et de conditions id\u00e9ales pour rouler.\" data-caption-desc=\"Moins de deux mois auparavant on skiait en ces lieux au d\u00e9part du Lac Noir. Aujourd&amp;#039;hui je suis seul en ces lieux mythiques \u00e0 profiter du calme et de conditions id\u00e9ales pour rouler.\" data-attachment-id=\"14585\" data-type=\"image\" class=\"fg-thumb\"><span class=\"fg-image-wrap\"><img decoding=\"async\" alt=\"La_Berra_06_16.jpg\" title=\"Moins de deux mois auparavant on skiait en ces lieux au d\u00e9part du Lac Noir. Aujourd&amp;#039;hui je suis seul en ces lieux mythiques \u00e0 profiter du calme et de conditions id\u00e9ales pour rouler.\" width=\"101\" height=\"57\" class=\"skip-lazy fg-image\" data-src-fg=\"https:\/\/alpavista.ch\/Alp11\/wp-content\/uploads\/cache\/La_Berra_06_16\/1181166283.jpg\" src=\"data:image\/svg+xml,%3Csvg%20xmlns%3D%22http%3A%2F%2Fwww.w3.org%2F2000%2Fsvg%22%20width%3D%22101%22%20height%3D%2257%22%20viewBox%3D%220%200%20101%2057%22%3E%3C%2Fsvg%3E\" loading=\"eager\"><\/span><span class=\"fg-image-overlay\"><\/span><\/a><figcaption class=\"fg-caption\"><div class=\"fg-caption-inner\"><div class=\"fg-caption-desc\">Moins de deux mois auparavant on skiait en ces lieux au d\u00e9part du Lac Noir. Aujourd&#039;hui je suis seul en ces lieux mythiques \u00e0 profiter du calme et de conditions id\u00e9ales pour rouler.<\/div><\/div><\/figcaption><\/figure><div class=\"fg-loader\"><\/div><\/div><div class=\"fg-item fg-type-image fg-idle\"><figure class=\"fg-item-inner\"><a href=\"https:\/\/alpavista.ch\/Alp11\/wp-content\/uploads\/La_Berra_06_17.jpg\" data-caption-title=\"Derniers regards sur un monde \u00e0 part, avant une descente longue et par instant tr\u00e8s difficile (chemin empierr\u00e9 de blocs concass\u00e9s, single mis \u00e0 mal par les sabots de vaches peu scrupuleuses) sur la plaine et les boissons roboratives et r\u00e9g\u00e9n\u00e9ratrices.\" data-caption-desc=\"Derniers regards sur un monde \u00e0 part, avant une descente longue et par instant tr\u00e8s difficile (chemin empierr\u00e9 de blocs concass\u00e9s, single mis \u00e0 mal par les sabots de vaches peu scrupuleuses) sur la plaine et les boissons roboratives et r\u00e9g\u00e9n\u00e9ratrices.\" data-attachment-id=\"14584\" data-type=\"image\" class=\"fg-thumb\"><span class=\"fg-image-wrap\"><img decoding=\"async\" alt=\"La_Berra_06_17.jpg\" title=\"Derniers regards sur un monde \u00e0 part, avant une descente longue et par instant tr\u00e8s difficile (chemin empierr\u00e9 de blocs concass\u00e9s, single mis \u00e0 mal par les sabots de vaches peu scrupuleuses) sur la plaine et les boissons roboratives et r\u00e9g\u00e9n\u00e9ratrices.\" width=\"101\" height=\"57\" class=\"skip-lazy fg-image\" data-src-fg=\"https:\/\/alpavista.ch\/Alp11\/wp-content\/uploads\/cache\/La_Berra_06_17\/869009864.jpg\" src=\"data:image\/svg+xml,%3Csvg%20xmlns%3D%22http%3A%2F%2Fwww.w3.org%2F2000%2Fsvg%22%20width%3D%22101%22%20height%3D%2257%22%20viewBox%3D%220%200%20101%2057%22%3E%3C%2Fsvg%3E\" loading=\"eager\"><\/span><span class=\"fg-image-overlay\"><\/span><\/a><figcaption class=\"fg-caption\"><div class=\"fg-caption-inner\"><div class=\"fg-caption-desc\">Derniers regards sur un monde \u00e0 part, avant une descente longue et par instant tr\u00e8s difficile (chemin empierr\u00e9 de blocs concass\u00e9s, single mis \u00e0 mal par les sabots de vaches peu scrupuleuses) sur la plaine et les boissons roboratives et r\u00e9g\u00e9n\u00e9ratrices.<\/div><\/div><\/figcaption><\/figure><div class=\"fg-loader\"><\/div><\/div><div class=\"fg-item fg-type-image fg-idle\"><figure class=\"fg-item-inner\"><a href=\"https:\/\/alpavista.ch\/Alp11\/wp-content\/uploads\/La_Berra_06_18.jpg\" data-caption-title=\"Toute la cha\u00eene de la Gruy\u00e8re aux Pr\u00e9alpes bernoises en passant par les sommets du Lac Noir (Ch\u00f6rblispitz, Kayseregg, M\u00e4re,\u2026).\" data-caption-desc=\"Toute la cha\u00eene de la Gruy\u00e8re aux Pr\u00e9alpes bernoises en passant par les sommets du Lac Noir (Ch\u00f6rblispitz, Kayseregg, M\u00e4re,\u2026).\" data-attachment-id=\"14583\" data-type=\"image\" class=\"fg-thumb\"><span class=\"fg-image-wrap\"><img decoding=\"async\" alt=\"La_Berra_06_18.jpg\" title=\"Toute la cha\u00eene de la Gruy\u00e8re aux Pr\u00e9alpes bernoises en passant par les sommets du Lac Noir (Ch\u00f6rblispitz, Kayseregg, M\u00e4re,\u2026).\" width=\"101\" height=\"57\" class=\"skip-lazy fg-image\" data-src-fg=\"https:\/\/alpavista.ch\/Alp11\/wp-content\/uploads\/cache\/La_Berra_06_18\/1930034485.jpg\" src=\"data:image\/svg+xml,%3Csvg%20xmlns%3D%22http%3A%2F%2Fwww.w3.org%2F2000%2Fsvg%22%20width%3D%22101%22%20height%3D%2257%22%20viewBox%3D%220%200%20101%2057%22%3E%3C%2Fsvg%3E\" loading=\"eager\"><\/span><span class=\"fg-image-overlay\"><\/span><\/a><figcaption class=\"fg-caption\"><div class=\"fg-caption-inner\"><div class=\"fg-caption-desc\">Toute la cha\u00eene de la Gruy\u00e8re aux Pr\u00e9alpes bernoises en passant par les sommets du Lac Noir (Ch\u00f6rblispitz, Kayseregg, M\u00e4re,\u2026).<\/div><\/div><\/figcaption><\/figure><div class=\"fg-loader\"><\/div><\/div><div class=\"fg-item fg-type-image fg-idle\"><figure class=\"fg-item-inner\"><a href=\"https:\/\/alpavista.ch\/Alp11\/wp-content\/uploads\/La_Berra_06_19.jpg\" data-caption-title=\"Derni\u00e8re vue vers le d\u00e9but de la rando avant la plong\u00e9e finale sur Plasselb.\" data-caption-desc=\"Derni\u00e8re vue vers le d\u00e9but de la rando avant la plong\u00e9e finale sur Plasselb.\" data-attachment-id=\"14582\" data-type=\"image\" class=\"fg-thumb\"><span class=\"fg-image-wrap\"><img decoding=\"async\" alt=\"La_Berra_06_19.jpg\" title=\"Derni\u00e8re vue vers le d\u00e9but de la rando avant la plong\u00e9e finale sur Plasselb.\" width=\"101\" height=\"57\" class=\"skip-lazy fg-image\" data-src-fg=\"https:\/\/alpavista.ch\/Alp11\/wp-content\/uploads\/cache\/La_Berra_06_19\/111337014.jpg\" src=\"data:image\/svg+xml,%3Csvg%20xmlns%3D%22http%3A%2F%2Fwww.w3.org%2F2000%2Fsvg%22%20width%3D%22101%22%20height%3D%2257%22%20viewBox%3D%220%200%20101%2057%22%3E%3C%2Fsvg%3E\" loading=\"eager\"><\/span><span class=\"fg-image-overlay\"><\/span><\/a><figcaption class=\"fg-caption\"><div class=\"fg-caption-inner\"><div class=\"fg-caption-desc\">Derni\u00e8re vue vers le d\u00e9but de la rando avant la plong\u00e9e finale sur Plasselb.<\/div><\/div><\/figcaption><\/figure><div class=\"fg-loader\"><\/div><\/div><\/div>\n\n<input class=\"fooboxshare_post_id\" type=\"hidden\" value=\"141\"\/>","protected":false},"excerpt":{"rendered":"<p>Alors que d&rsquo;aucuns ont profit\u00e9 du catholicisme de leur canton pour aller s&rsquo;\u00e9clater sur les pentes Anz\u00e8roises en pleine F\u00eate-Dieu, je profite \u00e0 mon tour d&rsquo;un jour de cong\u00e9 pour aller titiller les alpages fribourgeois quelque peu \u00e9loign\u00e9s des cr\u00eates jurassiennes que je fr\u00e9quente assid\u00fbment. Ce grand tour de la Berra et du Schwyberg, que j&rsquo;avais tent\u00e9 en octobre dernier et que l&rsquo;orage avait malencontreusement interrompu, me tendait les bras depuis longtemps. Car le pays de Fribourg, et plus particuli\u00e8rement [&hellip;]<\/p>\n","protected":false},"author":4,"featured_media":8538,"comment_status":"open","ping_status":"open","sticky":false,"template":"","format":"standard","meta":{"footnotes":""},"categories":[658,4],"tags":[217,195,199,216],"class_list":["post-141","post","type-post","status-publish","format-standard","has-post-thumbnail","hentry","category-outdoor","category-vtt","tag-berra","tag-fribourg","tag-gruyere","tag-prealpes"],"_links":{"self":[{"href":"https:\/\/alpavista.ch\/Alp11\/wp-json\/wp\/v2\/posts\/141","targetHints":{"allow":["GET"]}}],"collection":[{"href":"https:\/\/alpavista.ch\/Alp11\/wp-json\/wp\/v2\/posts"}],"about":[{"href":"https:\/\/alpavista.ch\/Alp11\/wp-json\/wp\/v2\/types\/post"}],"author":[{"embeddable":true,"href":"https:\/\/alpavista.ch\/Alp11\/wp-json\/wp\/v2\/users\/4"}],"replies":[{"embeddable":true,"href":"https:\/\/alpavista.ch\/Alp11\/wp-json\/wp\/v2\/comments?post=141"}],"version-history":[{"count":0,"href":"https:\/\/alpavista.ch\/Alp11\/wp-json\/wp\/v2\/posts\/141\/revisions"}],"wp:featuredmedia":[{"embeddable":true,"href":"https:\/\/alpavista.ch\/Alp11\/wp-json\/wp\/v2\/media\/8538"}],"wp:attachment":[{"href":"https:\/\/alpavista.ch\/Alp11\/wp-json\/wp\/v2\/media?parent=141"}],"wp:term":[{"taxonomy":"category","embeddable":true,"href":"https:\/\/alpavista.ch\/Alp11\/wp-json\/wp\/v2\/categories?post=141"},{"taxonomy":"post_tag","embeddable":true,"href":"https:\/\/alpavista.ch\/Alp11\/wp-json\/wp\/v2\/tags?post=141"}],"curies":[{"name":"wp","href":"https:\/\/api.w.org\/{rel}","templated":true}]}}