{"id":150,"date":"2006-09-10T18:35:17","date_gmt":"2006-09-10T17:35:17","guid":{"rendered":"http:\/\/www.alpavista.ch\/Alp11\/?p=150"},"modified":"2022-12-09T17:41:22","modified_gmt":"2022-12-09T16:41:22","slug":"baltschiedertal","status":"publish","type":"post","link":"https:\/\/alpavista.ch\/Alp11\/2006\/09\/10\/baltschiedertal\/","title":{"rendered":"Baltschiedertal"},"content":{"rendered":"<p>Deuxi\u00e8me \u00e9tape de notre trilogie de vall\u00e9es\/vallons situ\u00e9es entre Gampel et Vi\u00e8ge, le Baltschiedertal, comme ses voisins le Bietschtal et le Gredetschtal, est  pos\u00e9 sur la rive droite, perpendiculairement \u00e0 la vall\u00e9e du Rh\u00f4ne et ferm\u00e9 au Nord par les flancs du c\u00e9l\u00e8bre Loetschental. La particularit\u00e9 des ces vall\u00e9es, outre de ne poss\u00e9der aucune voie de communication,  de ne comporter aucun village habit\u00e9, peu de mayens et d\u2019alpages, d\u2019\u00eatre cern\u00e9s de hautes et abruptes falaises de granit et d\u2019afficher un caract\u00e8re particuli\u00e8rement sauvage, est d\u2019offrir en tr\u00e8s peu de kilom\u00e8tres, une compl\u00e8te transition entre la plaine et la \u00ab haute \u00bb montagne. Pas d\u2019approche fastidieuse, pas de route d\u2019acc\u00e8s interminable, dans ce genre de vallons on entre imm\u00e9diatement dans le vif du sujet.<br \/>\n<!--more--><\/p>\n<p>Apr\u00e8s la d\u00e9couverte de St-German et d\u2019Ausserberg, superbes villages baign\u00e9s de soleil, perch\u00e9s au-dessus de l\u2019a\u00e9roport militaire de Rarogne, notre itin\u00e9raire du jour s\u2019engage dans le Balstchiedertal proprement dit, par le Nirvach, hallucinant bisse taill\u00e9 dans le rocher, plusieurs centaines de m\u00e8tres au-dessus des eaux tumultueuses du Baltschiederbach. C\u0153ur bien accroch\u00e9 et pilotage s\u00fbr sont des atouts sur cet \u00e9troit ruban de roche, trac\u00e9 entre ciel et terre, par la \u00ab folle \u00bb volont\u00e9 des hommes. Premier contraste par rapport \u00e0 son cousin le Bietschtal, le Baltschiedertal est moins pentu, et par-l\u00e0 m\u00eame mieux adapt\u00e9 \u00e0 la pratique du VTT. M\u00eame, \u00e0 partir de Ze Steinu, lieu de naissance du bisse de Nirvach, le single-track reste presque int\u00e9gralement roulable, malgr\u00e9 son trac\u00e9 qui monte parall\u00e8lement au torrent en fond de vall\u00e9e. C\u2019est seulement \u00e0 partir de E\u00fcltini, que l\u2019exercice du deux-roues devient plus d\u00e9licat, non pas en raison de la d\u00e9clivit\u00e9, mais des innombrables blocs et pierriers essaim\u00e9s un peu partout dans les p\u00e2turages.<\/p>\n<p>Rep\u00e9r\u00e9 \u00e0 la mont\u00e9e, le chemin du retour, est plus hallucinant encore que celui de l\u2019aller. Le Gorperi Suon, bisse de la rive gauche du Baltschiedertal est une pure merveille \u00e0 parcourir en bike. Parfaitement roulable, il offre une succession de petits tunnels, perc\u00e9s dans le granit, et de portions de chemin en terrasse qui offrent de magnifiques points de vue sur tous les pics environnant l\u2019\u00e9troite vall\u00e9e. Jusqu\u2019aux villages fleuris de Eggen et de Eggerberg, l\u2019itin\u00e9raire n\u2019est que plaisirs : plaisir d\u2019\u00e9voluer dans une nature sauvage et pr\u00e9serv\u00e9e, plaisir d\u2019enrouler souplement un chemin sinueux et mutin, plaisir d\u2019entendre le brouhaha des eaux furieuses du torrent alternativement, monter, puis s\u2019\u00e9touffer, \u00e0 chaque d\u00e9tour du sentier, plaisir de pratiquer notre activit\u00e9 de plein air pr\u00e9f\u00e9r\u00e9 dans la douceur d\u2019un \u00e9t\u00e9 retrouv\u00e9.<\/p>\n<style type=\"text\/css\">\n#foogallery-gallery-14308 .fg-image { width: 101px; }\n#foogallery-gallery-14308 { --fg-gutter: 1px; }<\/style>\n\t\t\t<div class=\"foogallery foogallery-container foogallery-default foogallery-lightbox-none fg-left fg-default fg-ready fg-light fg-loading-default fg-loaded-fade-in fg-preset fg-selena fg-preset-small fg-preset fg-selena fg-preset-small\" id=\"foogallery-gallery-14308\" data-foogallery=\"{&quot;item&quot;:{&quot;showCaptionTitle&quot;:false,&quot;showCaptionDescription&quot;:true},&quot;lazy&quot;:true,&quot;state&quot;:{&quot;enabled&quot;:true,&quot;mask&quot;:&quot;foogallery-{id}&quot;}}\" style=\"--fg-title-line-clamp: 0; --fg-description-line-clamp: 0;\" >\n\t<div class=\"fg-item fg-type-image fg-idle\"><figure class=\"fg-item-inner\"><a href=\"https:\/\/alpavista.ch\/Alp11\/wp-content\/uploads\/Baltschiedertal_001.jpg\" data-caption-title=\"Ausserberg : des fa\u00e7ades de brois brunies par le soleil, surmont\u00e9es de l&amp;#039;incournable clocher de granit. Le village haut-valaisan typique de la rive droite r\u00e9sum\u00e9 sur une seule image.\" data-caption-desc=\"Ausserberg : des fa\u00e7ades de brois brunies par le soleil, surmont\u00e9es de l&amp;#039;incournable clocher de granit. Le village haut-valaisan typique de la rive droite r\u00e9sum\u00e9 sur une seule image.\" data-attachment-id=\"14340\" data-type=\"image\" class=\"fg-thumb\"><span class=\"fg-image-wrap\"><img decoding=\"async\" alt=\"Baltschiedertal_001.jpg\" title=\"Ausserberg : des fa\u00e7ades de brois brunies par le soleil, surmont\u00e9es de l&amp;#039;incournable clocher de granit. Le village haut-valaisan typique de la rive droite r\u00e9sum\u00e9 sur une seule image.\" width=\"101\" height=\"57\" class=\"skip-lazy fg-image\" data-src-fg=\"https:\/\/alpavista.ch\/Alp11\/wp-content\/uploads\/cache\/Baltschiedertal_001\/195351761.jpg\" src=\"data:image\/svg+xml,%3Csvg%20xmlns%3D%22http%3A%2F%2Fwww.w3.org%2F2000%2Fsvg%22%20width%3D%22101%22%20height%3D%2257%22%20viewBox%3D%220%200%20101%2057%22%3E%3C%2Fsvg%3E\" loading=\"eager\"><\/span><span class=\"fg-image-overlay\"><\/span><\/a><figcaption class=\"fg-caption\"><div class=\"fg-caption-inner\"><div class=\"fg-caption-desc\">Ausserberg : des fa\u00e7ades de brois brunies par le soleil, surmont\u00e9es de l&#039;incournable clocher de granit. Le village haut-valaisan typique de la rive droite r\u00e9sum\u00e9 sur une seule image.<\/div><\/div><\/figcaption><\/figure><div class=\"fg-loader\"><\/div><\/div><div class=\"fg-item fg-type-image fg-idle\"><figure class=\"fg-item-inner\"><a href=\"https:\/\/alpavista.ch\/Alp11\/wp-content\/uploads\/Baltschiedertal_002.jpg\" data-caption-title=\"Petite s\u00e9ance de jardinage matinale entre Ausserberg et Nirv\u00e4rch, \u00e0 la recherche d&amp;#039;un hypoth\u00e9tique prolongement hors Baltschiedertal du bisse sup\u00e9rieur.\" data-caption-desc=\"Petite s\u00e9ance de jardinage matinale entre Ausserberg et Nirv\u00e4rch, \u00e0 la recherche d&amp;#039;un hypoth\u00e9tique prolongement hors Baltschiedertal du bisse sup\u00e9rieur.\" data-attachment-id=\"14339\" data-type=\"image\" class=\"fg-thumb\"><span class=\"fg-image-wrap\"><img decoding=\"async\" alt=\"Baltschiedertal_002.jpg\" title=\"Petite s\u00e9ance de jardinage matinale entre Ausserberg et Nirv\u00e4rch, \u00e0 la recherche d&amp;#039;un hypoth\u00e9tique prolongement hors Baltschiedertal du bisse sup\u00e9rieur.\" width=\"101\" height=\"57\" class=\"skip-lazy fg-image\" data-src-fg=\"https:\/\/alpavista.ch\/Alp11\/wp-content\/uploads\/cache\/Baltschiedertal_002\/657023650.jpg\" src=\"data:image\/svg+xml,%3Csvg%20xmlns%3D%22http%3A%2F%2Fwww.w3.org%2F2000%2Fsvg%22%20width%3D%22101%22%20height%3D%2257%22%20viewBox%3D%220%200%20101%2057%22%3E%3C%2Fsvg%3E\" loading=\"eager\"><\/span><span class=\"fg-image-overlay\"><\/span><\/a><figcaption class=\"fg-caption\"><div class=\"fg-caption-inner\"><div class=\"fg-caption-desc\">Petite s\u00e9ance de jardinage matinale entre Ausserberg et Nirv\u00e4rch, \u00e0 la recherche d&#039;un hypoth\u00e9tique prolongement hors Baltschiedertal du bisse sup\u00e9rieur.<\/div><\/div><\/figcaption><\/figure><div class=\"fg-loader\"><\/div><\/div><div class=\"fg-item fg-type-image fg-idle\"><figure class=\"fg-item-inner\"><a href=\"https:\/\/alpavista.ch\/Alp11\/wp-content\/uploads\/Baltschiedertal_003.jpg\" data-caption-title=\"Apr\u00e8s quelques injures (en patoi local) bien senties, nous finissons par le d\u00e9nicher ce kopf....... de bisse.\" data-caption-desc=\"Apr\u00e8s quelques injures (en patoi local) bien senties, nous finissons par le d\u00e9nicher ce kopf....... de bisse.\" data-attachment-id=\"14338\" data-type=\"image\" class=\"fg-thumb\"><span class=\"fg-image-wrap\"><img decoding=\"async\" alt=\"Baltschiedertal_003.jpg\" title=\"Apr\u00e8s quelques injures (en patoi local) bien senties, nous finissons par le d\u00e9nicher ce kopf....... de bisse.\" width=\"101\" height=\"57\" class=\"skip-lazy fg-image\" data-src-fg=\"https:\/\/alpavista.ch\/Alp11\/wp-content\/uploads\/cache\/Baltschiedertal_003\/1146617483.jpg\" src=\"data:image\/svg+xml,%3Csvg%20xmlns%3D%22http%3A%2F%2Fwww.w3.org%2F2000%2Fsvg%22%20width%3D%22101%22%20height%3D%2257%22%20viewBox%3D%220%200%20101%2057%22%3E%3C%2Fsvg%3E\" loading=\"eager\"><\/span><span class=\"fg-image-overlay\"><\/span><\/a><figcaption class=\"fg-caption\"><div class=\"fg-caption-inner\"><div class=\"fg-caption-desc\">Apr\u00e8s quelques injures (en patoi local) bien senties, nous finissons par le d\u00e9nicher ce kopf....... de bisse.<\/div><\/div><\/figcaption><\/figure><div class=\"fg-loader\"><\/div><\/div><div class=\"fg-item fg-type-image fg-idle\"><figure class=\"fg-item-inner\"><a href=\"https:\/\/alpavista.ch\/Alp11\/wp-content\/uploads\/Baltschiedertal_004.jpg\" data-caption-title=\"Enfin de l&amp;#039;air, au-dessus, forc\u00e9ment..., devant, c&amp;#039;est utile pour rouler, derri\u00e8re, \u00e0 droite, mais surtout, au-dessous, et c&amp;#039;est plus rare, quoique de moins en moins inhabituel.\" data-caption-desc=\"Enfin de l&amp;#039;air, au-dessus, forc\u00e9ment..., devant, c&amp;#039;est utile pour rouler, derri\u00e8re, \u00e0 droite, mais surtout, au-dessous, et c&amp;#039;est plus rare, quoique de moins en moins inhabituel.\" data-attachment-id=\"14337\" data-type=\"image\" class=\"fg-thumb\"><span class=\"fg-image-wrap\"><img decoding=\"async\" alt=\"Baltschiedertal_004.jpg\" title=\"Enfin de l&amp;#039;air, au-dessus, forc\u00e9ment..., devant, c&amp;#039;est utile pour rouler, derri\u00e8re, \u00e0 droite, mais surtout, au-dessous, et c&amp;#039;est plus rare, quoique de moins en moins inhabituel.\" width=\"101\" height=\"57\" class=\"skip-lazy fg-image\" data-src-fg=\"https:\/\/alpavista.ch\/Alp11\/wp-content\/uploads\/cache\/Baltschiedertal_004\/3383548522.jpg\" src=\"data:image\/svg+xml,%3Csvg%20xmlns%3D%22http%3A%2F%2Fwww.w3.org%2F2000%2Fsvg%22%20width%3D%22101%22%20height%3D%2257%22%20viewBox%3D%220%200%20101%2057%22%3E%3C%2Fsvg%3E\" loading=\"eager\"><\/span><span class=\"fg-image-overlay\"><\/span><\/a><figcaption class=\"fg-caption\"><div class=\"fg-caption-inner\"><div class=\"fg-caption-desc\">Enfin de l&#039;air, au-dessus, forc\u00e9ment..., devant, c&#039;est utile pour rouler, derri\u00e8re, \u00e0 droite, mais surtout, au-dessous, et c&#039;est plus rare, quoique de moins en moins inhabituel.<\/div><\/div><\/figcaption><\/figure><div class=\"fg-loader\"><\/div><\/div><div class=\"fg-item fg-type-image fg-idle\"><figure class=\"fg-item-inner\"><a href=\"https:\/\/alpavista.ch\/Alp11\/wp-content\/uploads\/Baltschiedertal_005.jpg\" data-caption-title=\"Le bisse alpin, \u00e0 l&amp;#039;usage des nuls : 1.Respirer calmement mais profond\u00e9ment. 2.Conserver une attitude relax en toute circonstance. 3.Rajouter une once de concentration si n\u00e9cessaire. 4.Adopter un p\u00e9dalage souple mais d\u00e9cid\u00e9. 5.DEGUSTER avec un destrier mill\u00e9sim\u00e9. Une fois que vous y aurez go\u00fbt\u00e9, vous ne pourrez plus vous en passer.\" data-caption-desc=\"Le bisse alpin, \u00e0 l&amp;#039;usage des nuls : 1.Respirer calmement mais profond\u00e9ment. 2.Conserver une attitude relax en toute circonstance. 3.Rajouter une once de concentration si n\u00e9cessaire. 4.Adopter un p\u00e9dalage souple mais d\u00e9cid\u00e9. 5.DEGUSTER avec un destrier mill\u00e9sim\u00e9. Une fois que vous y aurez go\u00fbt\u00e9, vous ne pourrez plus vous en passer.\" data-attachment-id=\"14336\" data-type=\"image\" class=\"fg-thumb\"><span class=\"fg-image-wrap\"><img decoding=\"async\" alt=\"Baltschiedertal_005.jpg\" title=\"Le bisse alpin, \u00e0 l&amp;#039;usage des nuls : 1.Respirer calmement mais profond\u00e9ment. 2.Conserver une attitude relax en toute circonstance. 3.Rajouter une once de concentration si n\u00e9cessaire. 4.Adopter un p\u00e9dalage souple mais d\u00e9cid\u00e9. 5.DEGUSTER avec un destrier mill\u00e9sim\u00e9. Une fois que vous y aurez go\u00fbt\u00e9, vous ne pourrez plus vous en passer.\" width=\"101\" height=\"57\" class=\"skip-lazy fg-image\" data-src-fg=\"https:\/\/alpavista.ch\/Alp11\/wp-content\/uploads\/cache\/Baltschiedertal_005\/2865907267.jpg\" src=\"data:image\/svg+xml,%3Csvg%20xmlns%3D%22http%3A%2F%2Fwww.w3.org%2F2000%2Fsvg%22%20width%3D%22101%22%20height%3D%2257%22%20viewBox%3D%220%200%20101%2057%22%3E%3C%2Fsvg%3E\" loading=\"eager\"><\/span><span class=\"fg-image-overlay\"><\/span><\/a><figcaption class=\"fg-caption\"><div class=\"fg-caption-inner\"><div class=\"fg-caption-desc\">Le bisse alpin, \u00e0 l&#039;usage des nuls : 1.Respirer calmement mais profond\u00e9ment. 2.Conserver une attitude relax en toute circonstance. 3.Rajouter une once de concentration si n\u00e9cessaire. 4.Adopter un p\u00e9dalage souple mais d\u00e9cid\u00e9. 5.DEGUSTER avec un destrier mill\u00e9sim\u00e9. Une fois que vous y aurez go\u00fbt\u00e9, vous ne pourrez plus vous en passer.<\/div><\/div><\/figcaption><\/figure><div class=\"fg-loader\"><\/div><\/div><div class=\"fg-item fg-type-image fg-idle\"><figure class=\"fg-item-inner\"><a href=\"https:\/\/alpavista.ch\/Alp11\/wp-content\/uploads\/Baltschiedertal_006.jpg\" data-caption-title=\"Ouuupppss ! Rajouter encore quelques grammes de concentration, ou de d\u00e9contraction, selon les sympt\u00f4mes.\" data-caption-desc=\"Ouuupppss ! Rajouter encore quelques grammes de concentration, ou de d\u00e9contraction, selon les sympt\u00f4mes.\" data-attachment-id=\"14335\" data-type=\"image\" class=\"fg-thumb\"><span class=\"fg-image-wrap\"><img decoding=\"async\" alt=\"Baltschiedertal_006.jpg\" title=\"Ouuupppss ! Rajouter encore quelques grammes de concentration, ou de d\u00e9contraction, selon les sympt\u00f4mes.\" width=\"101\" height=\"57\" class=\"skip-lazy fg-image\" data-src-fg=\"https:\/\/alpavista.ch\/Alp11\/wp-content\/uploads\/cache\/Baltschiedertal_006\/257024568.jpg\" src=\"data:image\/svg+xml,%3Csvg%20xmlns%3D%22http%3A%2F%2Fwww.w3.org%2F2000%2Fsvg%22%20width%3D%22101%22%20height%3D%2257%22%20viewBox%3D%220%200%20101%2057%22%3E%3C%2Fsvg%3E\" loading=\"eager\"><\/span><span class=\"fg-image-overlay\"><\/span><\/a><figcaption class=\"fg-caption\"><div class=\"fg-caption-inner\"><div class=\"fg-caption-desc\">Ouuupppss ! Rajouter encore quelques grammes de concentration, ou de d\u00e9contraction, selon les sympt\u00f4mes.<\/div><\/div><\/figcaption><\/figure><div class=\"fg-loader\"><\/div><\/div><div class=\"fg-item fg-type-image fg-idle\"><figure class=\"fg-item-inner\"><a href=\"https:\/\/alpavista.ch\/Alp11\/wp-content\/uploads\/Baltschiedertal_007.jpg\" data-caption-title=\"Autre recette qui marche pas mal : rester naturel et rouler \u00e0 l&amp;#039;instinct... Attention, \u00e7a ne r\u00e9ussit, ni \u00e0 tous les coups, et encore moins \u00e0 tout le monde.\" data-caption-desc=\"Autre recette qui marche pas mal : rester naturel et rouler \u00e0 l&amp;#039;instinct... Attention, \u00e7a ne r\u00e9ussit, ni \u00e0 tous les coups, et encore moins \u00e0 tout le monde.\" data-attachment-id=\"14334\" data-type=\"image\" class=\"fg-thumb\"><span class=\"fg-image-wrap\"><img decoding=\"async\" alt=\"Baltschiedertal_007.jpg\" title=\"Autre recette qui marche pas mal : rester naturel et rouler \u00e0 l&amp;#039;instinct... Attention, \u00e7a ne r\u00e9ussit, ni \u00e0 tous les coups, et encore moins \u00e0 tout le monde.\" width=\"101\" height=\"57\" class=\"skip-lazy fg-image\" data-src-fg=\"https:\/\/alpavista.ch\/Alp11\/wp-content\/uploads\/cache\/Baltschiedertal_007\/1815051793.jpg\" src=\"data:image\/svg+xml,%3Csvg%20xmlns%3D%22http%3A%2F%2Fwww.w3.org%2F2000%2Fsvg%22%20width%3D%22101%22%20height%3D%2257%22%20viewBox%3D%220%200%20101%2057%22%3E%3C%2Fsvg%3E\" loading=\"eager\"><\/span><span class=\"fg-image-overlay\"><\/span><\/a><figcaption class=\"fg-caption\"><div class=\"fg-caption-inner\"><div class=\"fg-caption-desc\">Autre recette qui marche pas mal : rester naturel et rouler \u00e0 l&#039;instinct... Attention, \u00e7a ne r\u00e9ussit, ni \u00e0 tous les coups, et encore moins \u00e0 tout le monde.<\/div><\/div><\/figcaption><\/figure><div class=\"fg-loader\"><\/div><\/div><div class=\"fg-item fg-type-image fg-idle\"><figure class=\"fg-item-inner\"><a href=\"https:\/\/alpavista.ch\/Alp11\/wp-content\/uploads\/Baltschiedertal_008.jpg\" data-caption-title=\"Une rando par temps de pluie. No problem ! Il suffit de choisir le bisse appropri\u00e9 et ainsi, de marcher, ou mieux de rouler couvert.\" data-caption-desc=\"Une rando par temps de pluie. No problem ! Il suffit de choisir le bisse appropri\u00e9 et ainsi, de marcher, ou mieux de rouler couvert.\" data-attachment-id=\"14333\" data-type=\"image\" class=\"fg-thumb\"><span class=\"fg-image-wrap\"><img decoding=\"async\" alt=\"Baltschiedertal_008.jpg\" title=\"Une rando par temps de pluie. No problem ! Il suffit de choisir le bisse appropri\u00e9 et ainsi, de marcher, ou mieux de rouler couvert.\" width=\"101\" height=\"57\" class=\"skip-lazy fg-image\" data-src-fg=\"https:\/\/alpavista.ch\/Alp11\/wp-content\/uploads\/cache\/Baltschiedertal_008\/1287829306.jpg\" src=\"data:image\/svg+xml,%3Csvg%20xmlns%3D%22http%3A%2F%2Fwww.w3.org%2F2000%2Fsvg%22%20width%3D%22101%22%20height%3D%2257%22%20viewBox%3D%220%200%20101%2057%22%3E%3C%2Fsvg%3E\" loading=\"eager\"><\/span><span class=\"fg-image-overlay\"><\/span><\/a><figcaption class=\"fg-caption\"><div class=\"fg-caption-inner\"><div class=\"fg-caption-desc\">Une rando par temps de pluie. No problem ! Il suffit de choisir le bisse appropri\u00e9 et ainsi, de marcher, ou mieux de rouler couvert.<\/div><\/div><\/figcaption><\/figure><div class=\"fg-loader\"><\/div><\/div><div class=\"fg-item fg-type-image fg-idle\"><figure class=\"fg-item-inner\"><a href=\"https:\/\/alpavista.ch\/Alp11\/wp-content\/uploads\/Baltschiedertal_009.jpg\" data-caption-title=\"Le Nirv\u00e4rch \u00e0 contre courant : exercice finalement plus p\u00e9rilleux pour la t\u00eate que pour les jambes.\" data-caption-desc=\"Le Nirv\u00e4rch \u00e0 contre courant : exercice finalement plus p\u00e9rilleux pour la t\u00eate que pour les jambes.\" data-attachment-id=\"14332\" data-type=\"image\" class=\"fg-thumb\"><span class=\"fg-image-wrap\"><img decoding=\"async\" alt=\"Baltschiedertal_009.jpg\" title=\"Le Nirv\u00e4rch \u00e0 contre courant : exercice finalement plus p\u00e9rilleux pour la t\u00eate que pour les jambes.\" width=\"101\" height=\"57\" class=\"skip-lazy fg-image\" data-src-fg=\"https:\/\/alpavista.ch\/Alp11\/wp-content\/uploads\/cache\/Baltschiedertal_009\/800860947.jpg\" src=\"data:image\/svg+xml,%3Csvg%20xmlns%3D%22http%3A%2F%2Fwww.w3.org%2F2000%2Fsvg%22%20width%3D%22101%22%20height%3D%2257%22%20viewBox%3D%220%200%20101%2057%22%3E%3C%2Fsvg%3E\" loading=\"eager\"><\/span><span class=\"fg-image-overlay\"><\/span><\/a><figcaption class=\"fg-caption\"><div class=\"fg-caption-inner\"><div class=\"fg-caption-desc\">Le Nirv\u00e4rch \u00e0 contre courant : exercice finalement plus p\u00e9rilleux pour la t\u00eate que pour les jambes.<\/div><\/div><\/figcaption><\/figure><div class=\"fg-loader\"><\/div><\/div><div class=\"fg-item fg-type-image fg-idle\"><figure class=\"fg-item-inner\"><a href=\"https:\/\/alpavista.ch\/Alp11\/wp-content\/uploads\/Baltschiedertal_010.jpg\" data-caption-title=\"Apr\u00e8s Ze Steinu, point de naissance du Nirv\u00e4rch \u00e0 partir des eaux tumultueuses du Baltschiederbach, le chemin file directement vers le haut du Baltschiedertal, mais, agr\u00e9able surprise, ne n\u00e9cessite pas de mettre pied \u00e0 terre.\" data-caption-desc=\"Apr\u00e8s Ze Steinu, point de naissance du Nirv\u00e4rch \u00e0 partir des eaux tumultueuses du Baltschiederbach, le chemin file directement vers le haut du Baltschiedertal, mais, agr\u00e9able surprise, ne n\u00e9cessite pas de mettre pied \u00e0 terre.\" data-attachment-id=\"14331\" data-type=\"image\" class=\"fg-thumb\"><span class=\"fg-image-wrap\"><img decoding=\"async\" alt=\"Baltschiedertal_010.jpg\" title=\"Apr\u00e8s Ze Steinu, point de naissance du Nirv\u00e4rch \u00e0 partir des eaux tumultueuses du Baltschiederbach, le chemin file directement vers le haut du Baltschiedertal, mais, agr\u00e9able surprise, ne n\u00e9cessite pas de mettre pied \u00e0 terre.\" width=\"101\" height=\"57\" class=\"skip-lazy fg-image\" data-src-fg=\"https:\/\/alpavista.ch\/Alp11\/wp-content\/uploads\/cache\/Baltschiedertal_010\/210012131.jpg\" src=\"data:image\/svg+xml,%3Csvg%20xmlns%3D%22http%3A%2F%2Fwww.w3.org%2F2000%2Fsvg%22%20width%3D%22101%22%20height%3D%2257%22%20viewBox%3D%220%200%20101%2057%22%3E%3C%2Fsvg%3E\" loading=\"eager\"><\/span><span class=\"fg-image-overlay\"><\/span><\/a><figcaption class=\"fg-caption\"><div class=\"fg-caption-inner\"><div class=\"fg-caption-desc\">Apr\u00e8s Ze Steinu, point de naissance du Nirv\u00e4rch \u00e0 partir des eaux tumultueuses du Baltschiederbach, le chemin file directement vers le haut du Baltschiedertal, mais, agr\u00e9able surprise, ne n\u00e9cessite pas de mettre pied \u00e0 terre.<\/div><\/div><\/figcaption><\/figure><div class=\"fg-loader\"><\/div><\/div><div class=\"fg-item fg-type-image fg-idle\"><figure class=\"fg-item-inner\"><a href=\"https:\/\/alpavista.ch\/Alp11\/wp-content\/uploads\/Baltschiedertal_011.jpg\" data-caption-title=\"Le Stockhorn, du haut de ses 3&amp;#039;211 m\u00e8tres de falaises granitiques ne semble s&amp;#039;avouer imm\u00e9diatement vaincu malgr\u00e9 notre grosse d\u00e9termination du jour.\" data-caption-desc=\"Le Stockhorn, du haut de ses 3&amp;#039;211 m\u00e8tres de falaises granitiques ne semble s&amp;#039;avouer imm\u00e9diatement vaincu malgr\u00e9 notre grosse d\u00e9termination du jour.\" data-attachment-id=\"14330\" data-type=\"image\" class=\"fg-thumb\"><span class=\"fg-image-wrap\"><img decoding=\"async\" alt=\"Baltschiedertal_011.jpg\" title=\"Le Stockhorn, du haut de ses 3&amp;#039;211 m\u00e8tres de falaises granitiques ne semble s&amp;#039;avouer imm\u00e9diatement vaincu malgr\u00e9 notre grosse d\u00e9termination du jour.\" width=\"101\" height=\"57\" class=\"skip-lazy fg-image\" data-src-fg=\"https:\/\/alpavista.ch\/Alp11\/wp-content\/uploads\/cache\/Baltschiedertal_011\/1878662090.jpg\" src=\"data:image\/svg+xml,%3Csvg%20xmlns%3D%22http%3A%2F%2Fwww.w3.org%2F2000%2Fsvg%22%20width%3D%22101%22%20height%3D%2257%22%20viewBox%3D%220%200%20101%2057%22%3E%3C%2Fsvg%3E\" loading=\"eager\"><\/span><span class=\"fg-image-overlay\"><\/span><\/a><figcaption class=\"fg-caption\"><div class=\"fg-caption-inner\"><div class=\"fg-caption-desc\">Le Stockhorn, du haut de ses 3&#039;211 m\u00e8tres de falaises granitiques ne semble s&#039;avouer imm\u00e9diatement vaincu malgr\u00e9 notre grosse d\u00e9termination du jour.<\/div><\/div><\/figcaption><\/figure><div class=\"fg-loader\"><\/div><\/div><div class=\"fg-item fg-type-image fg-idle\"><figure class=\"fg-item-inner\"><a href=\"https:\/\/alpavista.ch\/Alp11\/wp-content\/uploads\/Baltschiedertal_012.jpg\" data-caption-title=\"Regard en arri\u00e8re, pour admirer la magistrale silhouette du massif des Mischabel, et, accessoirement, juger de notre d\u00e9nivel\u00e9.\" data-caption-desc=\"Regard en arri\u00e8re, pour admirer la magistrale silhouette du massif des Mischabel, et, accessoirement, juger de notre d\u00e9nivel\u00e9.\" data-attachment-id=\"14329\" data-type=\"image\" class=\"fg-thumb\"><span class=\"fg-image-wrap\"><img decoding=\"async\" alt=\"Baltschiedertal_012.jpg\" title=\"Regard en arri\u00e8re, pour admirer la magistrale silhouette du massif des Mischabel, et, accessoirement, juger de notre d\u00e9nivel\u00e9.\" width=\"101\" height=\"57\" class=\"skip-lazy fg-image\" data-src-fg=\"https:\/\/alpavista.ch\/Alp11\/wp-content\/uploads\/cache\/Baltschiedertal_012\/1710785618.jpg\" src=\"data:image\/svg+xml,%3Csvg%20xmlns%3D%22http%3A%2F%2Fwww.w3.org%2F2000%2Fsvg%22%20width%3D%22101%22%20height%3D%2257%22%20viewBox%3D%220%200%20101%2057%22%3E%3C%2Fsvg%3E\" loading=\"eager\"><\/span><span class=\"fg-image-overlay\"><\/span><\/a><figcaption class=\"fg-caption\"><div class=\"fg-caption-inner\"><div class=\"fg-caption-desc\">Regard en arri\u00e8re, pour admirer la magistrale silhouette du massif des Mischabel, et, accessoirement, juger de notre d\u00e9nivel\u00e9.<\/div><\/div><\/figcaption><\/figure><div class=\"fg-loader\"><\/div><\/div><div class=\"fg-item fg-type-image fg-idle\"><figure class=\"fg-item-inner\"><a href=\"https:\/\/alpavista.ch\/Alp11\/wp-content\/uploads\/Baltschiedertal_013.jpg\" data-caption-title=\"Mieux que des mots, le Baltschiedertal r\u00e9sum\u00e9 en une seule image. Le reste est une histoire de go\u00fbts et de couleurs. Perso, je suis assez fan, mais, si vous n&amp;#039;y go\u00fbtez que mod\u00e9r\u00e9ment, ce n&amp;#039;est pas grave, en l&amp;#039;occurence, moins on est de fous, et plus on rit.\" data-caption-desc=\"Mieux que des mots, le Baltschiedertal r\u00e9sum\u00e9 en une seule image. Le reste est une histoire de go\u00fbts et de couleurs. Perso, je suis assez fan, mais, si vous n&amp;#039;y go\u00fbtez que mod\u00e9r\u00e9ment, ce n&amp;#039;est pas grave, en l&amp;#039;occurence, moins on est de fous, et plus on rit.\" data-attachment-id=\"14328\" data-type=\"image\" class=\"fg-thumb\"><span class=\"fg-image-wrap\"><img decoding=\"async\" alt=\"Baltschiedertal_013.jpg\" title=\"Mieux que des mots, le Baltschiedertal r\u00e9sum\u00e9 en une seule image. Le reste est une histoire de go\u00fbts et de couleurs. Perso, je suis assez fan, mais, si vous n&amp;#039;y go\u00fbtez que mod\u00e9r\u00e9ment, ce n&amp;#039;est pas grave, en l&amp;#039;occurence, moins on est de fous, et plus on rit.\" width=\"101\" height=\"57\" class=\"skip-lazy fg-image\" data-src-fg=\"https:\/\/alpavista.ch\/Alp11\/wp-content\/uploads\/cache\/Baltschiedertal_013\/109451387.jpg\" src=\"data:image\/svg+xml,%3Csvg%20xmlns%3D%22http%3A%2F%2Fwww.w3.org%2F2000%2Fsvg%22%20width%3D%22101%22%20height%3D%2257%22%20viewBox%3D%220%200%20101%2057%22%3E%3C%2Fsvg%3E\" loading=\"eager\"><\/span><span class=\"fg-image-overlay\"><\/span><\/a><figcaption class=\"fg-caption\"><div class=\"fg-caption-inner\"><div class=\"fg-caption-desc\">Mieux que des mots, le Baltschiedertal r\u00e9sum\u00e9 en une seule image. Le reste est une histoire de go\u00fbts et de couleurs. Perso, je suis assez fan, mais, si vous n&#039;y go\u00fbtez que mod\u00e9r\u00e9ment, ce n&#039;est pas grave, en l&#039;occurence, moins on est de fous, et plus on rit.<\/div><\/div><\/figcaption><\/figure><div class=\"fg-loader\"><\/div><\/div><div class=\"fg-item fg-type-image fg-idle\"><figure class=\"fg-item-inner\"><a href=\"https:\/\/alpavista.ch\/Alp11\/wp-content\/uploads\/Baltschiedertal_014.jpg\" data-caption-title=\"A partir de E\u00fcltini, le haut vallon, aussi appel\u00e9 Senntum, devient rapidement plus pentu, les falaises plus abruptes et le sentier plus d\u00e9licat \u00e0 vaincre on the bike.\" data-caption-desc=\"A partir de E\u00fcltini, le haut vallon, aussi appel\u00e9 Senntum, devient rapidement plus pentu, les falaises plus abruptes et le sentier plus d\u00e9licat \u00e0 vaincre on the bike.\" data-attachment-id=\"14327\" data-type=\"image\" class=\"fg-thumb\"><span class=\"fg-image-wrap\"><img decoding=\"async\" alt=\"Baltschiedertal_014.jpg\" title=\"A partir de E\u00fcltini, le haut vallon, aussi appel\u00e9 Senntum, devient rapidement plus pentu, les falaises plus abruptes et le sentier plus d\u00e9licat \u00e0 vaincre on the bike.\" width=\"101\" height=\"57\" class=\"skip-lazy fg-image\" data-src-fg=\"https:\/\/alpavista.ch\/Alp11\/wp-content\/uploads\/cache\/Baltschiedertal_014\/2340240538.jpg\" src=\"data:image\/svg+xml,%3Csvg%20xmlns%3D%22http%3A%2F%2Fwww.w3.org%2F2000%2Fsvg%22%20width%3D%22101%22%20height%3D%2257%22%20viewBox%3D%220%200%20101%2057%22%3E%3C%2Fsvg%3E\" loading=\"eager\"><\/span><span class=\"fg-image-overlay\"><\/span><\/a><figcaption class=\"fg-caption\"><div class=\"fg-caption-inner\"><div class=\"fg-caption-desc\">A partir de E\u00fcltini, le haut vallon, aussi appel\u00e9 Senntum, devient rapidement plus pentu, les falaises plus abruptes et le sentier plus d\u00e9licat \u00e0 vaincre on the bike.<\/div><\/div><\/figcaption><\/figure><div class=\"fg-loader\"><\/div><\/div><div class=\"fg-item fg-type-image fg-idle\"><figure class=\"fg-item-inner\"><a href=\"https:\/\/alpavista.ch\/Alp11\/wp-content\/uploads\/Baltschiedertal_015.jpg\" data-caption-title=\"Le seul point gris clair de ce genre de rando en cul-de-sac, la descente doit parfois s&amp;#039;effectuer sur le m\u00eame chemin que la mont\u00e9e. Y a pire comme perspective, surtout en sachant qu&amp;#039;\u00e0 partir de Ze Steinu, ce ne sera plus le cas.\" data-caption-desc=\"Le seul point gris clair de ce genre de rando en cul-de-sac, la descente doit parfois s&amp;#039;effectuer sur le m\u00eame chemin que la mont\u00e9e. Y a pire comme perspective, surtout en sachant qu&amp;#039;\u00e0 partir de Ze Steinu, ce ne sera plus le cas.\" data-attachment-id=\"14326\" data-type=\"image\" class=\"fg-thumb\"><span class=\"fg-image-wrap\"><img decoding=\"async\" alt=\"Baltschiedertal_015.jpg\" title=\"Le seul point gris clair de ce genre de rando en cul-de-sac, la descente doit parfois s&amp;#039;effectuer sur le m\u00eame chemin que la mont\u00e9e. Y a pire comme perspective, surtout en sachant qu&amp;#039;\u00e0 partir de Ze Steinu, ce ne sera plus le cas.\" width=\"101\" height=\"57\" class=\"skip-lazy fg-image\" data-src-fg=\"https:\/\/alpavista.ch\/Alp11\/wp-content\/uploads\/cache\/Baltschiedertal_015\/3892551859.jpg\" src=\"data:image\/svg+xml,%3Csvg%20xmlns%3D%22http%3A%2F%2Fwww.w3.org%2F2000%2Fsvg%22%20width%3D%22101%22%20height%3D%2257%22%20viewBox%3D%220%200%20101%2057%22%3E%3C%2Fsvg%3E\" loading=\"eager\"><\/span><span class=\"fg-image-overlay\"><\/span><\/a><figcaption class=\"fg-caption\"><div class=\"fg-caption-inner\"><div class=\"fg-caption-desc\">Le seul point gris clair de ce genre de rando en cul-de-sac, la descente doit parfois s&#039;effectuer sur le m\u00eame chemin que la mont\u00e9e. Y a pire comme perspective, surtout en sachant qu&#039;\u00e0 partir de Ze Steinu, ce ne sera plus le cas.<\/div><\/div><\/figcaption><\/figure><div class=\"fg-loader\"><\/div><\/div><div class=\"fg-item fg-type-image fg-idle\"><figure class=\"fg-item-inner\"><a href=\"https:\/\/alpavista.ch\/Alp11\/wp-content\/uploads\/Baltschiedertal_016.jpg\" data-caption-title=\"La toute nouvelle passerelle haubann\u00e9e de E\u00fcltini. Les constructeurs ont pouss\u00e9 le luxe jusqu&amp;#039;\u00e0 en recouvrir le platelage de terre battue. Plus VTTesque, tu meurs.\" data-caption-desc=\"La toute nouvelle passerelle haubann\u00e9e de E\u00fcltini. Les constructeurs ont pouss\u00e9 le luxe jusqu&amp;#039;\u00e0 en recouvrir le platelage de terre battue. Plus VTTesque, tu meurs.\" data-attachment-id=\"14325\" data-type=\"image\" class=\"fg-thumb\"><span class=\"fg-image-wrap\"><img decoding=\"async\" alt=\"Baltschiedertal_016.jpg\" title=\"La toute nouvelle passerelle haubann\u00e9e de E\u00fcltini. Les constructeurs ont pouss\u00e9 le luxe jusqu&amp;#039;\u00e0 en recouvrir le platelage de terre battue. Plus VTTesque, tu meurs.\" width=\"101\" height=\"57\" class=\"skip-lazy fg-image\" data-src-fg=\"https:\/\/alpavista.ch\/Alp11\/wp-content\/uploads\/cache\/Baltschiedertal_016\/1300235464.jpg\" src=\"data:image\/svg+xml,%3Csvg%20xmlns%3D%22http%3A%2F%2Fwww.w3.org%2F2000%2Fsvg%22%20width%3D%22101%22%20height%3D%2257%22%20viewBox%3D%220%200%20101%2057%22%3E%3C%2Fsvg%3E\" loading=\"eager\"><\/span><span class=\"fg-image-overlay\"><\/span><\/a><figcaption class=\"fg-caption\"><div class=\"fg-caption-inner\"><div class=\"fg-caption-desc\">La toute nouvelle passerelle haubann\u00e9e de E\u00fcltini. Les constructeurs ont pouss\u00e9 le luxe jusqu&#039;\u00e0 en recouvrir le platelage de terre battue. Plus VTTesque, tu meurs.<\/div><\/div><\/figcaption><\/figure><div class=\"fg-loader\"><\/div><\/div><div class=\"fg-item fg-type-image fg-idle\"><figure class=\"fg-item-inner\"><a href=\"https:\/\/alpavista.ch\/Alp11\/wp-content\/uploads\/Baltschiedertal_017.jpg\" data-caption-title=\"A vaincre sans p\u00e9ril, on meurt sans gloire. Le Stockhorn, toujours imperturbable, nous vois rebrousser chemin sans avoir trembler.\" data-caption-desc=\"A vaincre sans p\u00e9ril, on meurt sans gloire. Le Stockhorn, toujours imperturbable, nous vois rebrousser chemin sans avoir trembler.\" data-attachment-id=\"14324\" data-type=\"image\" class=\"fg-thumb\"><span class=\"fg-image-wrap\"><img decoding=\"async\" alt=\"Baltschiedertal_017.jpg\" title=\"A vaincre sans p\u00e9ril, on meurt sans gloire. Le Stockhorn, toujours imperturbable, nous vois rebrousser chemin sans avoir trembler.\" width=\"101\" height=\"57\" class=\"skip-lazy fg-image\" data-src-fg=\"https:\/\/alpavista.ch\/Alp11\/wp-content\/uploads\/cache\/Baltschiedertal_017\/788437217.jpg\" src=\"data:image\/svg+xml,%3Csvg%20xmlns%3D%22http%3A%2F%2Fwww.w3.org%2F2000%2Fsvg%22%20width%3D%22101%22%20height%3D%2257%22%20viewBox%3D%220%200%20101%2057%22%3E%3C%2Fsvg%3E\" loading=\"eager\"><\/span><span class=\"fg-image-overlay\"><\/span><\/a><figcaption class=\"fg-caption\"><div class=\"fg-caption-inner\"><div class=\"fg-caption-desc\">A vaincre sans p\u00e9ril, on meurt sans gloire. Le Stockhorn, toujours imperturbable, nous vois rebrousser chemin sans avoir trembler.<\/div><\/div><\/figcaption><\/figure><div class=\"fg-loader\"><\/div><\/div><div class=\"fg-item fg-type-image fg-idle\"><figure class=\"fg-item-inner\"><a href=\"https:\/\/alpavista.ch\/Alp11\/wp-content\/uploads\/Baltschiedertal_018.jpg\" data-caption-title=\"Par d\u00e9finition, un chemin roulable \u00e0 la mont\u00e9e, l&amp;#039;est naturellement aussi \u00e0 la descente.\" data-caption-desc=\"Par d\u00e9finition, un chemin roulable \u00e0 la mont\u00e9e, l&amp;#039;est naturellement aussi \u00e0 la descente.\" data-attachment-id=\"14323\" data-type=\"image\" class=\"fg-thumb\"><span class=\"fg-image-wrap\"><img decoding=\"async\" alt=\"Baltschiedertal_018.jpg\" title=\"Par d\u00e9finition, un chemin roulable \u00e0 la mont\u00e9e, l&amp;#039;est naturellement aussi \u00e0 la descente.\" width=\"101\" height=\"57\" class=\"skip-lazy fg-image\" data-src-fg=\"https:\/\/alpavista.ch\/Alp11\/wp-content\/uploads\/cache\/Baltschiedertal_018\/236147146.jpg\" src=\"data:image\/svg+xml,%3Csvg%20xmlns%3D%22http%3A%2F%2Fwww.w3.org%2F2000%2Fsvg%22%20width%3D%22101%22%20height%3D%2257%22%20viewBox%3D%220%200%20101%2057%22%3E%3C%2Fsvg%3E\" loading=\"eager\"><\/span><span class=\"fg-image-overlay\"><\/span><\/a><figcaption class=\"fg-caption\"><div class=\"fg-caption-inner\"><div class=\"fg-caption-desc\">Par d\u00e9finition, un chemin roulable \u00e0 la mont\u00e9e, l&#039;est naturellement aussi \u00e0 la descente.<\/div><\/div><\/figcaption><\/figure><div class=\"fg-loader\"><\/div><\/div><div class=\"fg-item fg-type-image fg-idle\"><figure class=\"fg-item-inner\"><a href=\"https:\/\/alpavista.ch\/Alp11\/wp-content\/uploads\/Baltschiedertal_019.jpg\" data-caption-title=\"Une descente roulante, localement cassante, mais toujours incroyablement gratifiante.\" data-caption-desc=\"Une descente roulante, localement cassante, mais toujours incroyablement gratifiante.\" data-attachment-id=\"14322\" data-type=\"image\" class=\"fg-thumb\"><span class=\"fg-image-wrap\"><img decoding=\"async\" alt=\"Baltschiedertal_019.jpg\" title=\"Une descente roulante, localement cassante, mais toujours incroyablement gratifiante.\" width=\"101\" height=\"57\" class=\"skip-lazy fg-image\" data-src-fg=\"https:\/\/alpavista.ch\/Alp11\/wp-content\/uploads\/cache\/Baltschiedertal_019\/1835912675.jpg\" src=\"data:image\/svg+xml,%3Csvg%20xmlns%3D%22http%3A%2F%2Fwww.w3.org%2F2000%2Fsvg%22%20width%3D%22101%22%20height%3D%2257%22%20viewBox%3D%220%200%20101%2057%22%3E%3C%2Fsvg%3E\" loading=\"eager\"><\/span><span class=\"fg-image-overlay\"><\/span><\/a><figcaption class=\"fg-caption\"><div class=\"fg-caption-inner\"><div class=\"fg-caption-desc\">Une descente roulante, localement cassante, mais toujours incroyablement gratifiante.<\/div><\/div><\/figcaption><\/figure><div class=\"fg-loader\"><\/div><\/div><div class=\"fg-item fg-type-image fg-idle\"><figure class=\"fg-item-inner\"><a href=\"https:\/\/alpavista.ch\/Alp11\/wp-content\/uploads\/Baltschiedertal_020.jpg\" data-caption-title=\"Just Ride It.\" data-caption-desc=\"Just Ride It.\" data-attachment-id=\"14321\" data-type=\"image\" class=\"fg-thumb\"><span class=\"fg-image-wrap\"><img decoding=\"async\" alt=\"Baltschiedertal_020.jpg\" title=\"Just Ride It.\" width=\"101\" height=\"57\" class=\"skip-lazy fg-image\" data-src-fg=\"https:\/\/alpavista.ch\/Alp11\/wp-content\/uploads\/cache\/Baltschiedertal_020\/1621313941.jpg\" src=\"data:image\/svg+xml,%3Csvg%20xmlns%3D%22http%3A%2F%2Fwww.w3.org%2F2000%2Fsvg%22%20width%3D%22101%22%20height%3D%2257%22%20viewBox%3D%220%200%20101%2057%22%3E%3C%2Fsvg%3E\" loading=\"eager\"><\/span><span class=\"fg-image-overlay\"><\/span><\/a><figcaption class=\"fg-caption\"><div class=\"fg-caption-inner\"><div class=\"fg-caption-desc\">Just Ride It.<\/div><\/div><\/figcaption><\/figure><div class=\"fg-loader\"><\/div><\/div><div class=\"fg-item fg-type-image fg-idle\"><figure class=\"fg-item-inner\"><a href=\"https:\/\/alpavista.ch\/Alp11\/wp-content\/uploads\/Baltschiedertal_021.jpg\" data-caption-title=\"\u00c4lum : changement de rive et changement de partition.\" data-caption-desc=\"\u00c4lum : changement de rive et changement de partition.\" data-attachment-id=\"14320\" data-type=\"image\" class=\"fg-thumb\"><span class=\"fg-image-wrap\"><img decoding=\"async\" alt=\"Baltschiedertal_021.jpg\" title=\"\u00c4lum : changement de rive et changement de partition.\" width=\"101\" height=\"57\" class=\"skip-lazy fg-image\" data-src-fg=\"https:\/\/alpavista.ch\/Alp11\/wp-content\/uploads\/cache\/Baltschiedertal_021\/64869820.jpg\" src=\"data:image\/svg+xml,%3Csvg%20xmlns%3D%22http%3A%2F%2Fwww.w3.org%2F2000%2Fsvg%22%20width%3D%22101%22%20height%3D%2257%22%20viewBox%3D%220%200%20101%2057%22%3E%3C%2Fsvg%3E\" loading=\"eager\"><\/span><span class=\"fg-image-overlay\"><\/span><\/a><figcaption class=\"fg-caption\"><div class=\"fg-caption-inner\"><div class=\"fg-caption-desc\">\u00c4lum : changement de rive et changement de partition.<\/div><\/div><\/figcaption><\/figure><div class=\"fg-loader\"><\/div><\/div><div class=\"fg-item fg-type-image fg-idle\"><figure class=\"fg-item-inner\"><a href=\"https:\/\/alpavista.ch\/Alp11\/wp-content\/uploads\/Baltschiedertal_022.jpg\" data-caption-title=\"Le Gorperi Suon, bisse de la rive gauche du Baltschiedertal : une telle somme de beaut\u00e9s et un tel niveau de jouablilit\u00e9, ce n&amp;#039;est m\u00eame plus du plaisir, \u00e7a touche au vice. C&amp;#039;est bien simple, on devrait obliger tous les heureux bikers qui y poseront leurs crampons, \u00e0 aller \u00e0 confesse une fois de retour dans la plaine du Rh\u00f4ne.\" data-caption-desc=\"Le Gorperi Suon, bisse de la rive gauche du Baltschiedertal : une telle somme de beaut\u00e9s et un tel niveau de jouablilit\u00e9, ce n&amp;#039;est m\u00eame plus du plaisir, \u00e7a touche au vice. C&amp;#039;est bien simple, on devrait obliger tous les heureux bikers qui y poseront leurs crampons, \u00e0 aller \u00e0 confesse une fois de retour dans la plaine du Rh\u00f4ne.\" data-attachment-id=\"14319\" data-type=\"image\" class=\"fg-thumb\"><span class=\"fg-image-wrap\"><img decoding=\"async\" alt=\"Baltschiedertal_022.jpg\" title=\"Le Gorperi Suon, bisse de la rive gauche du Baltschiedertal : une telle somme de beaut\u00e9s et un tel niveau de jouablilit\u00e9, ce n&amp;#039;est m\u00eame plus du plaisir, \u00e7a touche au vice. C&amp;#039;est bien simple, on devrait obliger tous les heureux bikers qui y poseront leurs crampons, \u00e0 aller \u00e0 confesse une fois de retour dans la plaine du Rh\u00f4ne.\" width=\"101\" height=\"57\" class=\"skip-lazy fg-image\" data-src-fg=\"https:\/\/alpavista.ch\/Alp11\/wp-content\/uploads\/cache\/Baltschiedertal_022\/2726997826.jpg\" src=\"data:image\/svg+xml,%3Csvg%20xmlns%3D%22http%3A%2F%2Fwww.w3.org%2F2000%2Fsvg%22%20width%3D%22101%22%20height%3D%2257%22%20viewBox%3D%220%200%20101%2057%22%3E%3C%2Fsvg%3E\" loading=\"eager\"><\/span><span class=\"fg-image-overlay\"><\/span><\/a><figcaption class=\"fg-caption\"><div class=\"fg-caption-inner\"><div class=\"fg-caption-desc\">Le Gorperi Suon, bisse de la rive gauche du Baltschiedertal : une telle somme de beaut\u00e9s et un tel niveau de jouablilit\u00e9, ce n&#039;est m\u00eame plus du plaisir, \u00e7a touche au vice. C&#039;est bien simple, on devrait obliger tous les heureux bikers qui y poseront leurs crampons, \u00e0 aller \u00e0 confesse une fois de retour dans la plaine du Rh\u00f4ne.<\/div><\/div><\/figcaption><\/figure><div class=\"fg-loader\"><\/div><\/div><div class=\"fg-item fg-type-image fg-idle\"><figure class=\"fg-item-inner\"><a href=\"https:\/\/alpavista.ch\/Alp11\/wp-content\/uploads\/Baltschiedertal_023.jpg\" data-caption-title=\"Le village de Eggen est encore loin, et le potentiel plaisir du single-track, loin d&amp;#039;avoir livrer tous ces secrets. Smile &amp;#038; Ride.\" data-caption-desc=\"Le village de Eggen est encore loin, et le potentiel plaisir du single-track, loin d&amp;#039;avoir livrer tous ces secrets. Smile &amp;#038; Ride.\" data-attachment-id=\"14318\" data-type=\"image\" class=\"fg-thumb\"><span class=\"fg-image-wrap\"><img decoding=\"async\" alt=\"Baltschiedertal_023.jpg\" title=\"Le village de Eggen est encore loin, et le potentiel plaisir du single-track, loin d&amp;#039;avoir livrer tous ces secrets. Smile &amp;#038; Ride.\" width=\"101\" height=\"57\" class=\"skip-lazy fg-image\" data-src-fg=\"https:\/\/alpavista.ch\/Alp11\/wp-content\/uploads\/cache\/Baltschiedertal_023\/3254006635.jpg\" src=\"data:image\/svg+xml,%3Csvg%20xmlns%3D%22http%3A%2F%2Fwww.w3.org%2F2000%2Fsvg%22%20width%3D%22101%22%20height%3D%2257%22%20viewBox%3D%220%200%20101%2057%22%3E%3C%2Fsvg%3E\" loading=\"eager\"><\/span><span class=\"fg-image-overlay\"><\/span><\/a><figcaption class=\"fg-caption\"><div class=\"fg-caption-inner\"><div class=\"fg-caption-desc\">Le village de Eggen est encore loin, et le potentiel plaisir du single-track, loin d&#039;avoir livrer tous ces secrets. Smile &#038; Ride.<\/div><\/div><\/figcaption><\/figure><div class=\"fg-loader\"><\/div><\/div><div class=\"fg-item fg-type-image fg-idle\"><figure class=\"fg-item-inner\"><a href=\"https:\/\/alpavista.ch\/Alp11\/wp-content\/uploads\/Baltschiedertal_024.jpg\" data-caption-title=\"Course-poursuite avec les eaux, localement d\u00e9cha\u00een\u00e9es, du Gorperi Suon. Le gagnant n&amp;#039;est pas forc\u00e9ment celui que l&amp;#039;on croit.\" data-caption-desc=\"Course-poursuite avec les eaux, localement d\u00e9cha\u00een\u00e9es, du Gorperi Suon. Le gagnant n&amp;#039;est pas forc\u00e9ment celui que l&amp;#039;on croit.\" data-attachment-id=\"14317\" data-type=\"image\" class=\"fg-thumb\"><span class=\"fg-image-wrap\"><img decoding=\"async\" alt=\"Baltschiedertal_024.jpg\" title=\"Course-poursuite avec les eaux, localement d\u00e9cha\u00een\u00e9es, du Gorperi Suon. Le gagnant n&amp;#039;est pas forc\u00e9ment celui que l&amp;#039;on croit.\" width=\"101\" height=\"57\" class=\"skip-lazy fg-image\" data-src-fg=\"https:\/\/alpavista.ch\/Alp11\/wp-content\/uploads\/cache\/Baltschiedertal_024\/1276057482.jpg\" src=\"data:image\/svg+xml,%3Csvg%20xmlns%3D%22http%3A%2F%2Fwww.w3.org%2F2000%2Fsvg%22%20width%3D%22101%22%20height%3D%2257%22%20viewBox%3D%220%200%20101%2057%22%3E%3C%2Fsvg%3E\" loading=\"eager\"><\/span><span class=\"fg-image-overlay\"><\/span><\/a><figcaption class=\"fg-caption\"><div class=\"fg-caption-inner\"><div class=\"fg-caption-desc\">Course-poursuite avec les eaux, localement d\u00e9cha\u00een\u00e9es, du Gorperi Suon. Le gagnant n&#039;est pas forc\u00e9ment celui que l&#039;on croit.<\/div><\/div><\/figcaption><\/figure><div class=\"fg-loader\"><\/div><\/div><div class=\"fg-item fg-type-image fg-idle\"><figure class=\"fg-item-inner\"><a href=\"https:\/\/alpavista.ch\/Alp11\/wp-content\/uploads\/Baltschiedertal_025.jpg\" data-caption-title=\"Le jeu est parfois plus ais\u00e9. Mais en contrepartie, l&amp;#039;exercice de purement technique devient alors plus physique.\" data-caption-desc=\"Le jeu est parfois plus ais\u00e9. Mais en contrepartie, l&amp;#039;exercice de purement technique devient alors plus physique.\" data-attachment-id=\"14316\" data-type=\"image\" class=\"fg-thumb\"><span class=\"fg-image-wrap\"><img decoding=\"async\" alt=\"Baltschiedertal_025.jpg\" title=\"Le jeu est parfois plus ais\u00e9. Mais en contrepartie, l&amp;#039;exercice de purement technique devient alors plus physique.\" width=\"101\" height=\"57\" class=\"skip-lazy fg-image\" data-src-fg=\"https:\/\/alpavista.ch\/Alp11\/wp-content\/uploads\/cache\/Baltschiedertal_025\/795970467.jpg\" src=\"data:image\/svg+xml,%3Csvg%20xmlns%3D%22http%3A%2F%2Fwww.w3.org%2F2000%2Fsvg%22%20width%3D%22101%22%20height%3D%2257%22%20viewBox%3D%220%200%20101%2057%22%3E%3C%2Fsvg%3E\" loading=\"eager\"><\/span><span class=\"fg-image-overlay\"><\/span><\/a><figcaption class=\"fg-caption\"><div class=\"fg-caption-inner\"><div class=\"fg-caption-desc\">Le jeu est parfois plus ais\u00e9. Mais en contrepartie, l&#039;exercice de purement technique devient alors plus physique.<\/div><\/div><\/figcaption><\/figure><div class=\"fg-loader\"><\/div><\/div><div class=\"fg-item fg-type-image fg-idle\"><figure class=\"fg-item-inner\"><a href=\"https:\/\/alpavista.ch\/Alp11\/wp-content\/uploads\/Baltschiedertal_026.jpg\" data-caption-title=\"Difficult\u00e9s impr\u00e9vues :si les eaux filent sans ralentir \u00e0 travers les petits tunnels taill\u00e9s dans le granit, leurs faibles hauteurs nous obligent \u00e0 les aborder avec prudence, et \u00e0 les traverser avec circonspection.\" data-caption-desc=\"Difficult\u00e9s impr\u00e9vues :si les eaux filent sans ralentir \u00e0 travers les petits tunnels taill\u00e9s dans le granit, leurs faibles hauteurs nous obligent \u00e0 les aborder avec prudence, et \u00e0 les traverser avec circonspection.\" data-attachment-id=\"14315\" data-type=\"image\" class=\"fg-thumb\"><span class=\"fg-image-wrap\"><img decoding=\"async\" alt=\"Baltschiedertal_026.jpg\" title=\"Difficult\u00e9s impr\u00e9vues :si les eaux filent sans ralentir \u00e0 travers les petits tunnels taill\u00e9s dans le granit, leurs faibles hauteurs nous obligent \u00e0 les aborder avec prudence, et \u00e0 les traverser avec circonspection.\" width=\"101\" height=\"57\" class=\"skip-lazy fg-image\" data-src-fg=\"https:\/\/alpavista.ch\/Alp11\/wp-content\/uploads\/cache\/Baltschiedertal_026\/2331127768.jpg\" src=\"data:image\/svg+xml,%3Csvg%20xmlns%3D%22http%3A%2F%2Fwww.w3.org%2F2000%2Fsvg%22%20width%3D%22101%22%20height%3D%2257%22%20viewBox%3D%220%200%20101%2057%22%3E%3C%2Fsvg%3E\" loading=\"eager\"><\/span><span class=\"fg-image-overlay\"><\/span><\/a><figcaption class=\"fg-caption\"><div class=\"fg-caption-inner\"><div class=\"fg-caption-desc\">Difficult\u00e9s impr\u00e9vues :si les eaux filent sans ralentir \u00e0 travers les petits tunnels taill\u00e9s dans le granit, leurs faibles hauteurs nous obligent \u00e0 les aborder avec prudence, et \u00e0 les traverser avec circonspection.<\/div><\/div><\/figcaption><\/figure><div class=\"fg-loader\"><\/div><\/div><div class=\"fg-item fg-type-image fg-idle\"><figure class=\"fg-item-inner\"><a href=\"https:\/\/alpavista.ch\/Alp11\/wp-content\/uploads\/Baltschiedertal_027.jpg\" data-caption-title=\"Autre difficut\u00e9 cach\u00e9e : les eaux du Gorperi Suon empruntent parfois un itin\u00e9raire souterrain et polyvinyl\u00e9 qu&amp;#039;il est bien difficile de suivre.\" data-caption-desc=\"Autre difficut\u00e9 cach\u00e9e : les eaux du Gorperi Suon empruntent parfois un itin\u00e9raire souterrain et polyvinyl\u00e9 qu&amp;#039;il est bien difficile de suivre.\" data-attachment-id=\"14314\" data-type=\"image\" class=\"fg-thumb\"><span class=\"fg-image-wrap\"><img decoding=\"async\" alt=\"Baltschiedertal_027.jpg\" title=\"Autre difficut\u00e9 cach\u00e9e : les eaux du Gorperi Suon empruntent parfois un itin\u00e9raire souterrain et polyvinyl\u00e9 qu&amp;#039;il est bien difficile de suivre.\" width=\"101\" height=\"57\" class=\"skip-lazy fg-image\" data-src-fg=\"https:\/\/alpavista.ch\/Alp11\/wp-content\/uploads\/cache\/Baltschiedertal_027\/3918312433.jpg\" src=\"data:image\/svg+xml,%3Csvg%20xmlns%3D%22http%3A%2F%2Fwww.w3.org%2F2000%2Fsvg%22%20width%3D%22101%22%20height%3D%2257%22%20viewBox%3D%220%200%20101%2057%22%3E%3C%2Fsvg%3E\" loading=\"eager\"><\/span><span class=\"fg-image-overlay\"><\/span><\/a><figcaption class=\"fg-caption\"><div class=\"fg-caption-inner\"><div class=\"fg-caption-desc\">Autre difficut\u00e9 cach\u00e9e : les eaux du Gorperi Suon empruntent parfois un itin\u00e9raire souterrain et polyvinyl\u00e9 qu&#039;il est bien difficile de suivre.<\/div><\/div><\/figcaption><\/figure><div class=\"fg-loader\"><\/div><\/div><div class=\"fg-item fg-type-image fg-idle\"><figure class=\"fg-item-inner\"><a href=\"https:\/\/alpavista.ch\/Alp11\/wp-content\/uploads\/Baltschiedertal_028.jpg\" data-caption-title=\"Last But Not Least: les eaux du Gorperi Suon n&amp;#039;ont pas le vertige, et finissent par remporter le match, aux points. C&amp;#039;est toujours mieux qu&amp;#039;un KO.\" data-caption-desc=\"Last But Not Least: les eaux du Gorperi Suon n&amp;#039;ont pas le vertige, et finissent par remporter le match, aux points. C&amp;#039;est toujours mieux qu&amp;#039;un KO.\" data-attachment-id=\"14313\" data-type=\"image\" class=\"fg-thumb\"><span class=\"fg-image-wrap\"><img decoding=\"async\" alt=\"Baltschiedertal_028.jpg\" title=\"Last But Not Least: les eaux du Gorperi Suon n&amp;#039;ont pas le vertige, et finissent par remporter le match, aux points. C&amp;#039;est toujours mieux qu&amp;#039;un KO.\" width=\"101\" height=\"57\" class=\"skip-lazy fg-image\" data-src-fg=\"https:\/\/alpavista.ch\/Alp11\/wp-content\/uploads\/cache\/Baltschiedertal_028\/3378608858.jpg\" src=\"data:image\/svg+xml,%3Csvg%20xmlns%3D%22http%3A%2F%2Fwww.w3.org%2F2000%2Fsvg%22%20width%3D%22101%22%20height%3D%2257%22%20viewBox%3D%220%200%20101%2057%22%3E%3C%2Fsvg%3E\" loading=\"eager\"><\/span><span class=\"fg-image-overlay\"><\/span><\/a><figcaption class=\"fg-caption\"><div class=\"fg-caption-inner\"><div class=\"fg-caption-desc\">Last But Not Least: les eaux du Gorperi Suon n&#039;ont pas le vertige, et finissent par remporter le match, aux points. C&#039;est toujours mieux qu&#039;un KO.<\/div><\/div><\/figcaption><\/figure><div class=\"fg-loader\"><\/div><\/div><div class=\"fg-item fg-type-image fg-idle\"><figure class=\"fg-item-inner\"><a href=\"https:\/\/alpavista.ch\/Alp11\/wp-content\/uploads\/Baltschiedertal_029.jpg\" data-caption-title=\"Eggen Dorf : village tellement suisse que m\u00eame le sentier a \u00e9t\u00e9 recouvert une \u00e9paisse couche de gazon bien taill\u00e9 pour adoucir notre fin de parcours.\" data-caption-desc=\"Eggen Dorf : village tellement suisse que m\u00eame le sentier a \u00e9t\u00e9 recouvert une \u00e9paisse couche de gazon bien taill\u00e9 pour adoucir notre fin de parcours.\" data-attachment-id=\"14312\" data-type=\"image\" class=\"fg-thumb\"><span class=\"fg-image-wrap\"><img decoding=\"async\" alt=\"Baltschiedertal_029.jpg\" title=\"Eggen Dorf : village tellement suisse que m\u00eame le sentier a \u00e9t\u00e9 recouvert une \u00e9paisse couche de gazon bien taill\u00e9 pour adoucir notre fin de parcours.\" width=\"101\" height=\"57\" class=\"skip-lazy fg-image\" data-src-fg=\"https:\/\/alpavista.ch\/Alp11\/wp-content\/uploads\/cache\/Baltschiedertal_029\/2854217459.jpg\" src=\"data:image\/svg+xml,%3Csvg%20xmlns%3D%22http%3A%2F%2Fwww.w3.org%2F2000%2Fsvg%22%20width%3D%22101%22%20height%3D%2257%22%20viewBox%3D%220%200%20101%2057%22%3E%3C%2Fsvg%3E\" loading=\"eager\"><\/span><span class=\"fg-image-overlay\"><\/span><\/a><figcaption class=\"fg-caption\"><div class=\"fg-caption-inner\"><div class=\"fg-caption-desc\">Eggen Dorf : village tellement suisse que m\u00eame le sentier a \u00e9t\u00e9 recouvert une \u00e9paisse couche de gazon bien taill\u00e9 pour adoucir notre fin de parcours.<\/div><\/div><\/figcaption><\/figure><div class=\"fg-loader\"><\/div><\/div><div class=\"fg-item fg-type-image fg-idle\"><figure class=\"fg-item-inner\"><a href=\"https:\/\/alpavista.ch\/Alp11\/wp-content\/uploads\/Baltschiedertal_030.jpg\" data-caption-title=\"Eggerberg : Heidiland \u00e0 l&amp;#039;heure des paraboles.\" data-caption-desc=\"Eggerberg : Heidiland \u00e0 l&amp;#039;heure des paraboles.\" data-attachment-id=\"14311\" data-type=\"image\" class=\"fg-thumb\"><span class=\"fg-image-wrap\"><img decoding=\"async\" alt=\"Baltschiedertal_030.jpg\" title=\"Eggerberg : Heidiland \u00e0 l&amp;#039;heure des paraboles.\" width=\"101\" height=\"57\" class=\"skip-lazy fg-image\" data-src-fg=\"https:\/\/alpavista.ch\/Alp11\/wp-content\/uploads\/cache\/Baltschiedertal_030\/2301053443.jpg\" src=\"data:image\/svg+xml,%3Csvg%20xmlns%3D%22http%3A%2F%2Fwww.w3.org%2F2000%2Fsvg%22%20width%3D%22101%22%20height%3D%2257%22%20viewBox%3D%220%200%20101%2057%22%3E%3C%2Fsvg%3E\" loading=\"eager\"><\/span><span class=\"fg-image-overlay\"><\/span><\/a><figcaption class=\"fg-caption\"><div class=\"fg-caption-inner\"><div class=\"fg-caption-desc\">Eggerberg : Heidiland \u00e0 l&#039;heure des paraboles.<\/div><\/div><\/figcaption><\/figure><div class=\"fg-loader\"><\/div><\/div><div class=\"fg-item fg-type-image fg-idle\"><figure class=\"fg-item-inner\"><a href=\"https:\/\/alpavista.ch\/Alp11\/wp-content\/uploads\/Baltschiedertal_031.jpg\" data-caption-title=\"Une meute de bobtails herbivores. Elevage rare et exclusivement Oberwalliser...\" data-caption-desc=\"Une meute de bobtails herbivores. Elevage rare et exclusivement Oberwalliser...\" data-attachment-id=\"14310\" data-type=\"image\" class=\"fg-thumb\"><span class=\"fg-image-wrap\"><img decoding=\"async\" alt=\"Baltschiedertal_031.jpg\" title=\"Une meute de bobtails herbivores. Elevage rare et exclusivement Oberwalliser...\" width=\"101\" height=\"57\" class=\"skip-lazy fg-image\" data-src-fg=\"https:\/\/alpavista.ch\/Alp11\/wp-content\/uploads\/cache\/Baltschiedertal_031\/3931756074.jpg\" src=\"data:image\/svg+xml,%3Csvg%20xmlns%3D%22http%3A%2F%2Fwww.w3.org%2F2000%2Fsvg%22%20width%3D%22101%22%20height%3D%2257%22%20viewBox%3D%220%200%20101%2057%22%3E%3C%2Fsvg%3E\" loading=\"eager\"><\/span><span class=\"fg-image-overlay\"><\/span><\/a><figcaption class=\"fg-caption\"><div class=\"fg-caption-inner\"><div class=\"fg-caption-desc\">Une meute de bobtails herbivores. Elevage rare et exclusivement Oberwalliser...<\/div><\/div><\/figcaption><\/figure><div class=\"fg-loader\"><\/div><\/div><div class=\"fg-item fg-type-image fg-idle\"><figure class=\"fg-item-inner\"><a href=\"https:\/\/alpavista.ch\/Alp11\/wp-content\/uploads\/Baltschiedertal_032.jpg\" data-caption-title=\"Toutes les belles histoires ont une fin, (sauf le saucisson qui en a deux). M\u00eame pas grave. Play Again Next Week End. (surtout si dame m\u00e9t\u00e9o daigne rester cl\u00e9mente.)\" data-caption-desc=\"Toutes les belles histoires ont une fin, (sauf le saucisson qui en a deux). M\u00eame pas grave. Play Again Next Week End. (surtout si dame m\u00e9t\u00e9o daigne rester cl\u00e9mente.)\" data-attachment-id=\"14309\" data-type=\"image\" class=\"fg-thumb\"><span class=\"fg-image-wrap\"><img decoding=\"async\" alt=\"Baltschiedertal_032.jpg\" title=\"Toutes les belles histoires ont une fin, (sauf le saucisson qui en a deux). M\u00eame pas grave. Play Again Next Week End. (surtout si dame m\u00e9t\u00e9o daigne rester cl\u00e9mente.)\" width=\"101\" height=\"57\" class=\"skip-lazy fg-image\" data-src-fg=\"https:\/\/alpavista.ch\/Alp11\/wp-content\/uploads\/cache\/Baltschiedertal_032\/3764079026.jpg\" src=\"data:image\/svg+xml,%3Csvg%20xmlns%3D%22http%3A%2F%2Fwww.w3.org%2F2000%2Fsvg%22%20width%3D%22101%22%20height%3D%2257%22%20viewBox%3D%220%200%20101%2057%22%3E%3C%2Fsvg%3E\" loading=\"eager\"><\/span><span class=\"fg-image-overlay\"><\/span><\/a><figcaption class=\"fg-caption\"><div class=\"fg-caption-inner\"><div class=\"fg-caption-desc\">Toutes les belles histoires ont une fin, (sauf le saucisson qui en a deux). M\u00eame pas grave. Play Again Next Week End. (surtout si dame m\u00e9t\u00e9o daigne rester cl\u00e9mente.)<\/div><\/div><\/figcaption><\/figure><div class=\"fg-loader\"><\/div><\/div><\/div>\n\n<input class=\"fooboxshare_post_id\" type=\"hidden\" value=\"150\"\/>","protected":false},"excerpt":{"rendered":"<p>Deuxi\u00e8me \u00e9tape de notre trilogie de vall\u00e9es\/vallons situ\u00e9es entre Gampel et Vi\u00e8ge, le Baltschiedertal, comme ses voisins le Bietschtal et le Gredetschtal, est pos\u00e9 sur la rive droite, perpendiculairement \u00e0 la vall\u00e9e du Rh\u00f4ne et ferm\u00e9 au Nord par les flancs du c\u00e9l\u00e8bre Loetschental. La particularit\u00e9 des ces vall\u00e9es, outre de ne poss\u00e9der aucune voie de communication, de ne comporter aucun village habit\u00e9, peu de mayens et d\u2019alpages, d\u2019\u00eatre cern\u00e9s de hautes et abruptes falaises de granit et d\u2019afficher un [&hellip;]<\/p>\n","protected":false},"author":2,"featured_media":8528,"comment_status":"open","ping_status":"open","sticky":false,"template":"","format":"standard","meta":{"footnotes":""},"categories":[658,4],"tags":[1232,1097,1094,1153,1211],"class_list":["post-150","post","type-post","status-publish","format-standard","has-post-thumbnail","hentry","category-outdoor","category-vtt","tag-baltschiedertal","tag-gampel","tag-loetschental","tag-turtmann","tag-visp"],"_links":{"self":[{"href":"https:\/\/alpavista.ch\/Alp11\/wp-json\/wp\/v2\/posts\/150","targetHints":{"allow":["GET"]}}],"collection":[{"href":"https:\/\/alpavista.ch\/Alp11\/wp-json\/wp\/v2\/posts"}],"about":[{"href":"https:\/\/alpavista.ch\/Alp11\/wp-json\/wp\/v2\/types\/post"}],"author":[{"embeddable":true,"href":"https:\/\/alpavista.ch\/Alp11\/wp-json\/wp\/v2\/users\/2"}],"replies":[{"embeddable":true,"href":"https:\/\/alpavista.ch\/Alp11\/wp-json\/wp\/v2\/comments?post=150"}],"version-history":[{"count":0,"href":"https:\/\/alpavista.ch\/Alp11\/wp-json\/wp\/v2\/posts\/150\/revisions"}],"wp:featuredmedia":[{"embeddable":true,"href":"https:\/\/alpavista.ch\/Alp11\/wp-json\/wp\/v2\/media\/8528"}],"wp:attachment":[{"href":"https:\/\/alpavista.ch\/Alp11\/wp-json\/wp\/v2\/media?parent=150"}],"wp:term":[{"taxonomy":"category","embeddable":true,"href":"https:\/\/alpavista.ch\/Alp11\/wp-json\/wp\/v2\/categories?post=150"},{"taxonomy":"post_tag","embeddable":true,"href":"https:\/\/alpavista.ch\/Alp11\/wp-json\/wp\/v2\/tags?post=150"}],"curies":[{"name":"wp","href":"https:\/\/api.w.org\/{rel}","templated":true}]}}