{"id":152,"date":"2006-09-24T21:51:23","date_gmt":"2006-09-24T20:51:23","guid":{"rendered":"http:\/\/www.alpavista.ch\/Alp11\/?p=152"},"modified":"2022-12-09T17:41:22","modified_gmt":"2022-12-09T16:41:22","slug":"le-gredetschtal","status":"publish","type":"post","link":"https:\/\/alpavista.ch\/Alp11\/2006\/09\/24\/le-gredetschtal\/","title":{"rendered":"Gredetschtal"},"content":{"rendered":"<p>Derni\u00e8re \u00e9tape de notre trilogie haut-valaisanne 2006, le Gredetschtal, au-dessus du c\u00e9l\u00e8bre village de Mund, nous a lui aussi r\u00e9serv\u00e9 quelques surprises, dont la temp\u00e9rature quasi estivale, ne fut pas la moindre. Alors que toute la fa\u00e7ade ouest du continent est arros\u00e9e par les pluies d\u2019une succession de d\u00e9pressions issues des restes du cyclone Gordon, le massif alpin et le Valais en particulier se dorent au soleil d\u2019un \u00e9t\u00e9 indien, solidement prot\u00e9g\u00e9s par le souffle infatigable d\u2019un r\u00e9gime de foehn persistant. Durant toute l\u2019ascension vers Mund, il \u00e9tait assez fascinant de voir les nuages charg\u00e9s d\u2019humidit\u00e9 s\u2019enrouler le long des cr\u00eates en tentant de d\u00e9border sans succ\u00e8s des contreforts du versant sud du col du Simplon.<br \/>\n<!--more--><\/p>\n<p>Comme pour ses voisins, le Bietschtal et le Baltschiedertal, l\u2019acc\u00e8s au Gredetschtal se fait via un bisse \u00e0 partir des hauteurs du versant nord de la vall\u00e9e du Rh\u00f4ne. En l\u2019occurrence, le Stigwasser, dont le d\u00e9part se dissimule au c\u0153ur m\u00eame du village de Mund, n\u2019est visiblement pas l\u2019itin\u00e9raire privil\u00e9gi\u00e9 par le randonneurs locaux, qui lui pr\u00e9f\u00e8rent probablement la Wyssa ou le chemin p\u00e9destre montant depuis Breite Acher. Pratiquement laiss\u00e9 \u00e0 l\u2019abandon, l\u2019\u00e9troit et irr\u00e9gulier sentier n\u2019est pas \u00e9vident \u00e0 rouler. Pourtant une fois parvenu \u00e0 la source du Stigwasser, sur les bords de la Mundbach, la randonn\u00e9e prend une toute autre tournure. Des trois vallons de la rive droite du Rh\u00f4ne, le Gredetschtal est probablement celui dont la pente naturelle est la plus mod\u00e9r\u00e9e. Malgr\u00e9 quelques secteurs o\u00f9 les copieux pourcentages forcent au poussage, son chemin p\u00e9destre principal est large et bien adapt\u00e9 \u00e0 la pratique du VTT. De Stafelbode, \u00e0 Chiestelli, et jusque bien au-del\u00e0 des superbes enclos de pierres de Strick, le sentier est une pure merveille \u00e0 rouler, \u00e0 la d\u00e9couverte des beaut\u00e9s cach\u00e9es de l\u2019\u00e9troite vall\u00e9e.<\/p>\n<p>Comme ses deux homologues, le Gredetschtal comportent plusieurs bisses sur chacun de ses deux versants. Pour la descente, mettant en pratique l\u2019adage qui dit qu\u2019on ne change pas un sc\u00e9nario gagnant, nous avons opt\u00e9 pour un second bisse, l\u2019Obersta, taill\u00e9 dans les apiques de la rive gauche du Gredetschtal. Une fois encore, le choix fut judicieux. L\u2019Obersta ne peut certes par rivaliser avec le somptueux Gorperi Suon du Baltschiedertal, mais n\u2019en reste pas moins un itin\u00e9raire de choix pour rejoindre la plaine du Rh\u00f4ne de mani\u00e8re ludique et sympathique.<\/p>\n<p>P.S. Trilogie, fait \u00e9videmment r\u00e9f\u00e9rence au chiffre trois. Trois, comme trois vall\u00e9es, le Bietschtal, le Baltschiedertal et le Gredetschtal, mais aussi, trois, comme trois v\u00e9los, le Mountain Cylce Zen, l\u2019Intense Spider et le r\u00e9cent GT I-drive 5.0. En mati\u00e8re de bikes comme en mati\u00e8re de vall\u00e9es, mes pr\u00e9f\u00e9rences vont vers le deuxi\u00e8me cit\u00e9.<\/p>\n<style type=\"text\/css\">\n#foogallery-gallery-14248 .fg-image { width: 101px; }\n#foogallery-gallery-14248 { --fg-gutter: 1px; }<\/style>\n\t\t\t<div class=\"foogallery foogallery-container foogallery-default foogallery-lightbox-none fg-left fg-default fg-ready fg-light fg-loading-default fg-loaded-fade-in fg-preset fg-selena fg-preset-small fg-preset fg-selena fg-preset-small\" id=\"foogallery-gallery-14248\" data-foogallery=\"{&quot;item&quot;:{&quot;showCaptionTitle&quot;:false,&quot;showCaptionDescription&quot;:true},&quot;lazy&quot;:true,&quot;state&quot;:{&quot;enabled&quot;:true,&quot;mask&quot;:&quot;foogallery-{id}&quot;}}\" style=\"--fg-title-line-clamp: 0; --fg-description-line-clamp: 0;\" >\n\t<div class=\"fg-item fg-type-image fg-idle\"><figure class=\"fg-item-inner\"><a href=\"https:\/\/alpavista.ch\/Alp11\/wp-content\/uploads\/Gredetschtal_001.jpg\" data-caption-title=\"Le complexe chimique de l&amp;#039;agglom\u00e9ration vi\u00e8goise n&amp;#039;est d\u00e9j\u00e0 plus qu&amp;#039;un lointain souvenir, la rude ascension vers Gstein, puis Mund requiert d\u00e9sormais toute notre attention et tous nos moyens physiques.\" data-caption-desc=\"Le complexe chimique de l&amp;#039;agglom\u00e9ration vi\u00e8goise n&amp;#039;est d\u00e9j\u00e0 plus qu&amp;#039;un lointain souvenir, la rude ascension vers Gstein, puis Mund requiert d\u00e9sormais toute notre attention et tous nos moyens physiques.\" data-attachment-id=\"14279\" data-type=\"image\" class=\"fg-thumb\"><span class=\"fg-image-wrap\"><img decoding=\"async\" alt=\"Gredetschtal_001.jpg\" title=\"Le complexe chimique de l&amp;#039;agglom\u00e9ration vi\u00e8goise n&amp;#039;est d\u00e9j\u00e0 plus qu&amp;#039;un lointain souvenir, la rude ascension vers Gstein, puis Mund requiert d\u00e9sormais toute notre attention et tous nos moyens physiques.\" width=\"101\" height=\"57\" class=\"skip-lazy fg-image\" data-src-fg=\"https:\/\/alpavista.ch\/Alp11\/wp-content\/uploads\/cache\/Gredetschtal_001\/2905782852.jpg\" src=\"data:image\/svg+xml,%3Csvg%20xmlns%3D%22http%3A%2F%2Fwww.w3.org%2F2000%2Fsvg%22%20width%3D%22101%22%20height%3D%2257%22%20viewBox%3D%220%200%20101%2057%22%3E%3C%2Fsvg%3E\" loading=\"eager\"><\/span><span class=\"fg-image-overlay\"><\/span><\/a><figcaption class=\"fg-caption\"><div class=\"fg-caption-inner\"><div class=\"fg-caption-desc\">Le complexe chimique de l&#039;agglom\u00e9ration vi\u00e8goise n&#039;est d\u00e9j\u00e0 plus qu&#039;un lointain souvenir, la rude ascension vers Gstein, puis Mund requiert d\u00e9sormais toute notre attention et tous nos moyens physiques.<\/div><\/div><\/figcaption><\/figure><div class=\"fg-loader\"><\/div><\/div><div class=\"fg-item fg-type-image fg-idle\"><figure class=\"fg-item-inner\"><a href=\"https:\/\/alpavista.ch\/Alp11\/wp-content\/uploads\/Gredetschtal_002.jpg\" data-caption-title=\"A mi-coteau un bisse salvateur vient nous proposer un bref et ludique r\u00e9pit. Proposition adopt\u00e9e \u00e0 l&amp;#039;unanimit\u00e9 tant la surprenante chaleur est accablante.\" data-caption-desc=\"A mi-coteau un bisse salvateur vient nous proposer un bref et ludique r\u00e9pit. Proposition adopt\u00e9e \u00e0 l&amp;#039;unanimit\u00e9 tant la surprenante chaleur est accablante.\" data-attachment-id=\"14278\" data-type=\"image\" class=\"fg-thumb\"><span class=\"fg-image-wrap\"><img decoding=\"async\" alt=\"Gredetschtal_002.jpg\" title=\"A mi-coteau un bisse salvateur vient nous proposer un bref et ludique r\u00e9pit. Proposition adopt\u00e9e \u00e0 l&amp;#039;unanimit\u00e9 tant la surprenante chaleur est accablante.\" width=\"101\" height=\"57\" class=\"skip-lazy fg-image\" data-src-fg=\"https:\/\/alpavista.ch\/Alp11\/wp-content\/uploads\/cache\/Gredetschtal_002\/1161134467.jpg\" src=\"data:image\/svg+xml,%3Csvg%20xmlns%3D%22http%3A%2F%2Fwww.w3.org%2F2000%2Fsvg%22%20width%3D%22101%22%20height%3D%2257%22%20viewBox%3D%220%200%20101%2057%22%3E%3C%2Fsvg%3E\" loading=\"eager\"><\/span><span class=\"fg-image-overlay\"><\/span><\/a><figcaption class=\"fg-caption\"><div class=\"fg-caption-inner\"><div class=\"fg-caption-desc\">A mi-coteau un bisse salvateur vient nous proposer un bref et ludique r\u00e9pit. Proposition adopt\u00e9e \u00e0 l&#039;unanimit\u00e9 tant la surprenante chaleur est accablante.<\/div><\/div><\/figcaption><\/figure><div class=\"fg-loader\"><\/div><\/div><div class=\"fg-item fg-type-image fg-idle\"><figure class=\"fg-item-inner\"><a href=\"https:\/\/alpavista.ch\/Alp11\/wp-content\/uploads\/Gredetschtal_003.jpg\" data-caption-title=\"Les nuages gorg\u00e9s d&amp;#039;humidit\u00e9 tentent inutilement de vaincre la barri\u00e8re naturelle du col du Simplon. Peine perdue ! Notre foehn salvateur ne daignera pas leurs accorder de passe-droit avant la nuit prochaine, pour notre plus grand bonheur.\" data-caption-desc=\"Les nuages gorg\u00e9s d&amp;#039;humidit\u00e9 tentent inutilement de vaincre la barri\u00e8re naturelle du col du Simplon. Peine perdue ! Notre foehn salvateur ne daignera pas leurs accorder de passe-droit avant la nuit prochaine, pour notre plus grand bonheur.\" data-attachment-id=\"14277\" data-type=\"image\" class=\"fg-thumb\"><span class=\"fg-image-wrap\"><img decoding=\"async\" alt=\"Gredetschtal_003.jpg\" title=\"Les nuages gorg\u00e9s d&amp;#039;humidit\u00e9 tentent inutilement de vaincre la barri\u00e8re naturelle du col du Simplon. Peine perdue ! Notre foehn salvateur ne daignera pas leurs accorder de passe-droit avant la nuit prochaine, pour notre plus grand bonheur.\" width=\"101\" height=\"57\" class=\"skip-lazy fg-image\" data-src-fg=\"https:\/\/alpavista.ch\/Alp11\/wp-content\/uploads\/cache\/Gredetschtal_003\/3790986754.jpg\" src=\"data:image\/svg+xml,%3Csvg%20xmlns%3D%22http%3A%2F%2Fwww.w3.org%2F2000%2Fsvg%22%20width%3D%22101%22%20height%3D%2257%22%20viewBox%3D%220%200%20101%2057%22%3E%3C%2Fsvg%3E\" loading=\"eager\"><\/span><span class=\"fg-image-overlay\"><\/span><\/a><figcaption class=\"fg-caption\"><div class=\"fg-caption-inner\"><div class=\"fg-caption-desc\">Les nuages gorg\u00e9s d&#039;humidit\u00e9 tentent inutilement de vaincre la barri\u00e8re naturelle du col du Simplon. Peine perdue ! Notre foehn salvateur ne daignera pas leurs accorder de passe-droit avant la nuit prochaine, pour notre plus grand bonheur.<\/div><\/div><\/figcaption><\/figure><div class=\"fg-loader\"><\/div><\/div><div class=\"fg-item fg-type-image fg-idle\"><figure class=\"fg-item-inner\"><a href=\"https:\/\/alpavista.ch\/Alp11\/wp-content\/uploads\/Gredetschtal_004.jpg\" data-caption-title=\"Apr\u00e8s un douloureux portage, le sentier qui sert aussi de chemin de croix, redevient plus coop\u00e9ratif \u00e0 l&amp;#039;approche du hameau de Gstein.\" data-caption-desc=\"Apr\u00e8s un douloureux portage, le sentier qui sert aussi de chemin de croix, redevient plus coop\u00e9ratif \u00e0 l&amp;#039;approche du hameau de Gstein.\" data-attachment-id=\"14276\" data-type=\"image\" class=\"fg-thumb\"><span class=\"fg-image-wrap\"><img decoding=\"async\" alt=\"Gredetschtal_004.jpg\" title=\"Apr\u00e8s un douloureux portage, le sentier qui sert aussi de chemin de croix, redevient plus coop\u00e9ratif \u00e0 l&amp;#039;approche du hameau de Gstein.\" width=\"101\" height=\"57\" class=\"skip-lazy fg-image\" data-src-fg=\"https:\/\/alpavista.ch\/Alp11\/wp-content\/uploads\/cache\/Gredetschtal_004\/2377706303.jpg\" src=\"data:image\/svg+xml,%3Csvg%20xmlns%3D%22http%3A%2F%2Fwww.w3.org%2F2000%2Fsvg%22%20width%3D%22101%22%20height%3D%2257%22%20viewBox%3D%220%200%20101%2057%22%3E%3C%2Fsvg%3E\" loading=\"eager\"><\/span><span class=\"fg-image-overlay\"><\/span><\/a><figcaption class=\"fg-caption\"><div class=\"fg-caption-inner\"><div class=\"fg-caption-desc\">Apr\u00e8s un douloureux portage, le sentier qui sert aussi de chemin de croix, redevient plus coop\u00e9ratif \u00e0 l&#039;approche du hameau de Gstein.<\/div><\/div><\/figcaption><\/figure><div class=\"fg-loader\"><\/div><\/div><div class=\"fg-item fg-type-image fg-idle\"><figure class=\"fg-item-inner\"><a href=\"https:\/\/alpavista.ch\/Alp11\/wp-content\/uploads\/Gredetschtal_005.jpg\" data-caption-title=\"Le village de Mund, g\u00e9n\u00e9ralement connu pour sa production de safran, offre ses fa\u00e7ades de madriers burin\u00e9s aux chauds rayons d&amp;#039;un inesp\u00e9r\u00e9 soleil automnal.\" data-caption-desc=\"Le village de Mund, g\u00e9n\u00e9ralement connu pour sa production de safran, offre ses fa\u00e7ades de madriers burin\u00e9s aux chauds rayons d&amp;#039;un inesp\u00e9r\u00e9 soleil automnal.\" data-attachment-id=\"14275\" data-type=\"image\" class=\"fg-thumb\"><span class=\"fg-image-wrap\"><img decoding=\"async\" alt=\"Gredetschtal_005.jpg\" title=\"Le village de Mund, g\u00e9n\u00e9ralement connu pour sa production de safran, offre ses fa\u00e7ades de madriers burin\u00e9s aux chauds rayons d&amp;#039;un inesp\u00e9r\u00e9 soleil automnal.\" width=\"101\" height=\"57\" class=\"skip-lazy fg-image\" data-src-fg=\"https:\/\/alpavista.ch\/Alp11\/wp-content\/uploads\/cache\/Gredetschtal_005\/3934957517.jpg\" src=\"data:image\/svg+xml,%3Csvg%20xmlns%3D%22http%3A%2F%2Fwww.w3.org%2F2000%2Fsvg%22%20width%3D%22101%22%20height%3D%2257%22%20viewBox%3D%220%200%20101%2057%22%3E%3C%2Fsvg%3E\" loading=\"eager\"><\/span><span class=\"fg-image-overlay\"><\/span><\/a><figcaption class=\"fg-caption\"><div class=\"fg-caption-inner\"><div class=\"fg-caption-desc\">Le village de Mund, g\u00e9n\u00e9ralement connu pour sa production de safran, offre ses fa\u00e7ades de madriers burin\u00e9s aux chauds rayons d&#039;un inesp\u00e9r\u00e9 soleil automnal.<\/div><\/div><\/figcaption><\/figure><div class=\"fg-loader\"><\/div><\/div><div class=\"fg-item fg-type-image fg-idle\"><figure class=\"fg-item-inner\"><a href=\"https:\/\/alpavista.ch\/Alp11\/wp-content\/uploads\/Gredetschtal_006.jpg\" data-caption-title=\"Le Stigwasser, ou plut\u00f4t ce qu&amp;#039;il en reste, fera n\u00e9anmoins office de chemin d&amp;#039;acc\u00e8s au Gredeschtal pour notre rando dominicale.\" data-caption-desc=\"Le Stigwasser, ou plut\u00f4t ce qu&amp;#039;il en reste, fera n\u00e9anmoins office de chemin d&amp;#039;acc\u00e8s au Gredeschtal pour notre rando dominicale.\" data-attachment-id=\"14274\" data-type=\"image\" class=\"fg-thumb\"><span class=\"fg-image-wrap\"><img decoding=\"async\" alt=\"Gredetschtal_006.jpg\" title=\"Le Stigwasser, ou plut\u00f4t ce qu&amp;#039;il en reste, fera n\u00e9anmoins office de chemin d&amp;#039;acc\u00e8s au Gredeschtal pour notre rando dominicale.\" width=\"101\" height=\"57\" class=\"skip-lazy fg-image\" data-src-fg=\"https:\/\/alpavista.ch\/Alp11\/wp-content\/uploads\/cache\/Gredetschtal_006\/42832906.jpg\" src=\"data:image\/svg+xml,%3Csvg%20xmlns%3D%22http%3A%2F%2Fwww.w3.org%2F2000%2Fsvg%22%20width%3D%22101%22%20height%3D%2257%22%20viewBox%3D%220%200%20101%2057%22%3E%3C%2Fsvg%3E\" loading=\"eager\"><\/span><span class=\"fg-image-overlay\"><\/span><\/a><figcaption class=\"fg-caption\"><div class=\"fg-caption-inner\"><div class=\"fg-caption-desc\">Le Stigwasser, ou plut\u00f4t ce qu&#039;il en reste, fera n\u00e9anmoins office de chemin d&#039;acc\u00e8s au Gredeschtal pour notre rando dominicale.<\/div><\/div><\/figcaption><\/figure><div class=\"fg-loader\"><\/div><\/div><div class=\"fg-item fg-type-image fg-idle\"><figure class=\"fg-item-inner\"><a href=\"https:\/\/alpavista.ch\/Alp11\/wp-content\/uploads\/Gredetschtal_007.jpg\" data-caption-title=\"Une fois qu&amp;#039;ils \u00e9mergent de la for\u00eat, le sentier et le bisse, mis sous tuyaux, ne font qu&amp;#039;un et offrent des possibilit\u00e9s de rouler beaucoup moins pr\u00e9caires.\" data-caption-desc=\"Une fois qu&amp;#039;ils \u00e9mergent de la for\u00eat, le sentier et le bisse, mis sous tuyaux, ne font qu&amp;#039;un et offrent des possibilit\u00e9s de rouler beaucoup moins pr\u00e9caires.\" data-attachment-id=\"14273\" data-type=\"image\" class=\"fg-thumb\"><span class=\"fg-image-wrap\"><img decoding=\"async\" alt=\"Gredetschtal_007.jpg\" title=\"Une fois qu&amp;#039;ils \u00e9mergent de la for\u00eat, le sentier et le bisse, mis sous tuyaux, ne font qu&amp;#039;un et offrent des possibilit\u00e9s de rouler beaucoup moins pr\u00e9caires.\" width=\"101\" height=\"57\" class=\"skip-lazy fg-image\" data-src-fg=\"https:\/\/alpavista.ch\/Alp11\/wp-content\/uploads\/cache\/Gredetschtal_007\/619587113.jpg\" src=\"data:image\/svg+xml,%3Csvg%20xmlns%3D%22http%3A%2F%2Fwww.w3.org%2F2000%2Fsvg%22%20width%3D%22101%22%20height%3D%2257%22%20viewBox%3D%220%200%20101%2057%22%3E%3C%2Fsvg%3E\" loading=\"eager\"><\/span><span class=\"fg-image-overlay\"><\/span><\/a><figcaption class=\"fg-caption\"><div class=\"fg-caption-inner\"><div class=\"fg-caption-desc\">Une fois qu&#039;ils \u00e9mergent de la for\u00eat, le sentier et le bisse, mis sous tuyaux, ne font qu&#039;un et offrent des possibilit\u00e9s de rouler beaucoup moins pr\u00e9caires.<\/div><\/div><\/figcaption><\/figure><div class=\"fg-loader\"><\/div><\/div><div class=\"fg-item fg-type-image fg-idle\"><figure class=\"fg-item-inner\"><a href=\"https:\/\/alpavista.ch\/Alp11\/wp-content\/uploads\/Gredetschtal_008.jpg\" data-caption-title=\"Le d\u00e9but de l&amp;#039;ascension le long du Mundbach, n&amp;#039;est pas sp\u00e9cialement ais\u00e9, en raison de l&amp;#039;omnipr\u00e9sence de la caillasse.\" data-caption-desc=\"Le d\u00e9but de l&amp;#039;ascension le long du Mundbach, n&amp;#039;est pas sp\u00e9cialement ais\u00e9, en raison de l&amp;#039;omnipr\u00e9sence de la caillasse.\" data-attachment-id=\"14272\" data-type=\"image\" class=\"fg-thumb\"><span class=\"fg-image-wrap\"><img decoding=\"async\" alt=\"Gredetschtal_008.jpg\" title=\"Le d\u00e9but de l&amp;#039;ascension le long du Mundbach, n&amp;#039;est pas sp\u00e9cialement ais\u00e9, en raison de l&amp;#039;omnipr\u00e9sence de la caillasse.\" width=\"101\" height=\"57\" class=\"skip-lazy fg-image\" data-src-fg=\"https:\/\/alpavista.ch\/Alp11\/wp-content\/uploads\/cache\/Gredetschtal_008\/2605058209.jpg\" src=\"data:image\/svg+xml,%3Csvg%20xmlns%3D%22http%3A%2F%2Fwww.w3.org%2F2000%2Fsvg%22%20width%3D%22101%22%20height%3D%2257%22%20viewBox%3D%220%200%20101%2057%22%3E%3C%2Fsvg%3E\" loading=\"eager\"><\/span><span class=\"fg-image-overlay\"><\/span><\/a><figcaption class=\"fg-caption\"><div class=\"fg-caption-inner\"><div class=\"fg-caption-desc\">Le d\u00e9but de l&#039;ascension le long du Mundbach, n&#039;est pas sp\u00e9cialement ais\u00e9, en raison de l&#039;omnipr\u00e9sence de la caillasse.<\/div><\/div><\/figcaption><\/figure><div class=\"fg-loader\"><\/div><\/div><div class=\"fg-item fg-type-image fg-idle\"><figure class=\"fg-item-inner\"><a href=\"https:\/\/alpavista.ch\/Alp11\/wp-content\/uploads\/Gredetschtal_009.jpg\" data-caption-title=\"Montant par paliers, le chemin du Gredeschtal, offre r\u00e9guli\u00e8rement la possibilit\u00e9 aux organismes de r\u00e9cup\u00e9rer.\" data-caption-desc=\"Montant par paliers, le chemin du Gredeschtal, offre r\u00e9guli\u00e8rement la possibilit\u00e9 aux organismes de r\u00e9cup\u00e9rer.\" data-attachment-id=\"14271\" data-type=\"image\" class=\"fg-thumb\"><span class=\"fg-image-wrap\"><img decoding=\"async\" alt=\"Gredetschtal_009.jpg\" title=\"Montant par paliers, le chemin du Gredeschtal, offre r\u00e9guli\u00e8rement la possibilit\u00e9 aux organismes de r\u00e9cup\u00e9rer.\" width=\"101\" height=\"57\" class=\"skip-lazy fg-image\" data-src-fg=\"https:\/\/alpavista.ch\/Alp11\/wp-content\/uploads\/cache\/Gredetschtal_009\/4235480147.jpg\" src=\"data:image\/svg+xml,%3Csvg%20xmlns%3D%22http%3A%2F%2Fwww.w3.org%2F2000%2Fsvg%22%20width%3D%22101%22%20height%3D%2257%22%20viewBox%3D%220%200%20101%2057%22%3E%3C%2Fsvg%3E\" loading=\"eager\"><\/span><span class=\"fg-image-overlay\"><\/span><\/a><figcaption class=\"fg-caption\"><div class=\"fg-caption-inner\"><div class=\"fg-caption-desc\">Montant par paliers, le chemin du Gredeschtal, offre r\u00e9guli\u00e8rement la possibilit\u00e9 aux organismes de r\u00e9cup\u00e9rer.<\/div><\/div><\/figcaption><\/figure><div class=\"fg-loader\"><\/div><\/div><div class=\"fg-item fg-type-image fg-idle\"><figure class=\"fg-item-inner\"><a href=\"https:\/\/alpavista.ch\/Alp11\/wp-content\/uploads\/Gredetschtal_010.jpg\" data-caption-title=\"Le bisse sup\u00e9rieur de Wyssa est maintenant en vue, et atteindre son trac\u00e9 en pente douce n&amp;#039;est plus qu&amp;#039;une question de minutes et de sueur.\" data-caption-desc=\"Le bisse sup\u00e9rieur de Wyssa est maintenant en vue, et atteindre son trac\u00e9 en pente douce n&amp;#039;est plus qu&amp;#039;une question de minutes et de sueur.\" data-attachment-id=\"14270\" data-type=\"image\" class=\"fg-thumb\"><span class=\"fg-image-wrap\"><img decoding=\"async\" alt=\"Gredetschtal_010.jpg\" title=\"Le bisse sup\u00e9rieur de Wyssa est maintenant en vue, et atteindre son trac\u00e9 en pente douce n&amp;#039;est plus qu&amp;#039;une question de minutes et de sueur.\" width=\"101\" height=\"57\" class=\"skip-lazy fg-image\" data-src-fg=\"https:\/\/alpavista.ch\/Alp11\/wp-content\/uploads\/cache\/Gredetschtal_010\/2462613279.jpg\" src=\"data:image\/svg+xml,%3Csvg%20xmlns%3D%22http%3A%2F%2Fwww.w3.org%2F2000%2Fsvg%22%20width%3D%22101%22%20height%3D%2257%22%20viewBox%3D%220%200%20101%2057%22%3E%3C%2Fsvg%3E\" loading=\"eager\"><\/span><span class=\"fg-image-overlay\"><\/span><\/a><figcaption class=\"fg-caption\"><div class=\"fg-caption-inner\"><div class=\"fg-caption-desc\">Le bisse sup\u00e9rieur de Wyssa est maintenant en vue, et atteindre son trac\u00e9 en pente douce n&#039;est plus qu&#039;une question de minutes et de sueur.<\/div><\/div><\/figcaption><\/figure><div class=\"fg-loader\"><\/div><\/div><div class=\"fg-item fg-type-image fg-idle\"><figure class=\"fg-item-inner\"><a href=\"https:\/\/alpavista.ch\/Alp11\/wp-content\/uploads\/Gredetschtal_011.jpg\" data-caption-title=\"Les derniers coup de p\u00e9dales avant d&amp;#039;acc\u00e9der aux faibles d\u00e9clivit\u00e9s de la piste ne sont pas forc\u00e9ment les plus faciles, mais certainement les plus valorisants.\" data-caption-desc=\"Les derniers coup de p\u00e9dales avant d&amp;#039;acc\u00e9der aux faibles d\u00e9clivit\u00e9s de la piste ne sont pas forc\u00e9ment les plus faciles, mais certainement les plus valorisants.\" data-attachment-id=\"14269\" data-type=\"image\" class=\"fg-thumb\"><span class=\"fg-image-wrap\"><img decoding=\"async\" alt=\"Gredetschtal_011.jpg\" title=\"Les derniers coup de p\u00e9dales avant d&amp;#039;acc\u00e9der aux faibles d\u00e9clivit\u00e9s de la piste ne sont pas forc\u00e9ment les plus faciles, mais certainement les plus valorisants.\" width=\"101\" height=\"57\" class=\"skip-lazy fg-image\" data-src-fg=\"https:\/\/alpavista.ch\/Alp11\/wp-content\/uploads\/cache\/Gredetschtal_011\/2251080426.jpg\" src=\"data:image\/svg+xml,%3Csvg%20xmlns%3D%22http%3A%2F%2Fwww.w3.org%2F2000%2Fsvg%22%20width%3D%22101%22%20height%3D%2257%22%20viewBox%3D%220%200%20101%2057%22%3E%3C%2Fsvg%3E\" loading=\"eager\"><\/span><span class=\"fg-image-overlay\"><\/span><\/a><figcaption class=\"fg-caption\"><div class=\"fg-caption-inner\"><div class=\"fg-caption-desc\">Les derniers coup de p\u00e9dales avant d&#039;acc\u00e9der aux faibles d\u00e9clivit\u00e9s de la piste ne sont pas forc\u00e9ment les plus faciles, mais certainement les plus valorisants.<\/div><\/div><\/figcaption><\/figure><div class=\"fg-loader\"><\/div><\/div><div class=\"fg-item fg-type-image fg-idle\"><figure class=\"fg-item-inner\"><a href=\"https:\/\/alpavista.ch\/Alp11\/wp-content\/uploads\/Gredetschtal_012.jpg\" data-caption-title=\"Le r\u00e9pit offert par le Wyssa ne dure qu&amp;#039;un temps. Une fois \u00e0 sa source, le chemin, mis \u00e0 mal par les r\u00e9cents orages, reprend ses m\u00e9andres dans le vallon qui s&amp;#039;\u00e9largit et alterne \u00e0 nouveau les tron\u00e7ons ais\u00e9s avec les tron\u00e7ons plus exigeants.\" data-caption-desc=\"Le r\u00e9pit offert par le Wyssa ne dure qu&amp;#039;un temps. Une fois \u00e0 sa source, le chemin, mis \u00e0 mal par les r\u00e9cents orages, reprend ses m\u00e9andres dans le vallon qui s&amp;#039;\u00e9largit et alterne \u00e0 nouveau les tron\u00e7ons ais\u00e9s avec les tron\u00e7ons plus exigeants.\" data-attachment-id=\"14268\" data-type=\"image\" class=\"fg-thumb\"><span class=\"fg-image-wrap\"><img decoding=\"async\" alt=\"Gredetschtal_012.jpg\" title=\"Le r\u00e9pit offert par le Wyssa ne dure qu&amp;#039;un temps. Une fois \u00e0 sa source, le chemin, mis \u00e0 mal par les r\u00e9cents orages, reprend ses m\u00e9andres dans le vallon qui s&amp;#039;\u00e9largit et alterne \u00e0 nouveau les tron\u00e7ons ais\u00e9s avec les tron\u00e7ons plus exigeants.\" width=\"101\" height=\"57\" class=\"skip-lazy fg-image\" data-src-fg=\"https:\/\/alpavista.ch\/Alp11\/wp-content\/uploads\/cache\/Gredetschtal_012\/1848375597.jpg\" src=\"data:image\/svg+xml,%3Csvg%20xmlns%3D%22http%3A%2F%2Fwww.w3.org%2F2000%2Fsvg%22%20width%3D%22101%22%20height%3D%2257%22%20viewBox%3D%220%200%20101%2057%22%3E%3C%2Fsvg%3E\" loading=\"eager\"><\/span><span class=\"fg-image-overlay\"><\/span><\/a><figcaption class=\"fg-caption\"><div class=\"fg-caption-inner\"><div class=\"fg-caption-desc\">Le r\u00e9pit offert par le Wyssa ne dure qu&#039;un temps. Une fois \u00e0 sa source, le chemin, mis \u00e0 mal par les r\u00e9cents orages, reprend ses m\u00e9andres dans le vallon qui s&#039;\u00e9largit et alterne \u00e0 nouveau les tron\u00e7ons ais\u00e9s avec les tron\u00e7ons plus exigeants.<\/div><\/div><\/figcaption><\/figure><div class=\"fg-loader\"><\/div><\/div><div class=\"fg-item fg-type-image fg-idle\"><figure class=\"fg-item-inner\"><a href=\"https:\/\/alpavista.ch\/Alp11\/wp-content\/uploads\/Gredetschtal_013.jpg\" data-caption-title=\"Le petit oratoire de Stafelbode n&amp;#039;aurait certainement pas trouv\u00e9 suffisamment d&amp;#039;arguments pour nous inciter \u00e0 un petit arr\u00eat, par contre la fontaine contigue et son eau de source, oui, l&amp;#039;insolite chaleur associ\u00e9e aux effets ass\u00e9chants du foehn ayant passablement mis \u00e0 mal les r\u00e9serves d&amp;#039;eau de nos Camelbaks.\" data-caption-desc=\"Le petit oratoire de Stafelbode n&amp;#039;aurait certainement pas trouv\u00e9 suffisamment d&amp;#039;arguments pour nous inciter \u00e0 un petit arr\u00eat, par contre la fontaine contigue et son eau de source, oui, l&amp;#039;insolite chaleur associ\u00e9e aux effets ass\u00e9chants du foehn ayant passablement mis \u00e0 mal les r\u00e9serves d&amp;#039;eau de nos Camelbaks.\" data-attachment-id=\"14267\" data-type=\"image\" class=\"fg-thumb\"><span class=\"fg-image-wrap\"><img decoding=\"async\" alt=\"Gredetschtal_013.jpg\" title=\"Le petit oratoire de Stafelbode n&amp;#039;aurait certainement pas trouv\u00e9 suffisamment d&amp;#039;arguments pour nous inciter \u00e0 un petit arr\u00eat, par contre la fontaine contigue et son eau de source, oui, l&amp;#039;insolite chaleur associ\u00e9e aux effets ass\u00e9chants du foehn ayant passablement mis \u00e0 mal les r\u00e9serves d&amp;#039;eau de nos Camelbaks.\" width=\"101\" height=\"57\" class=\"skip-lazy fg-image\" data-src-fg=\"https:\/\/alpavista.ch\/Alp11\/wp-content\/uploads\/cache\/Gredetschtal_013\/3404441260.jpg\" src=\"data:image\/svg+xml,%3Csvg%20xmlns%3D%22http%3A%2F%2Fwww.w3.org%2F2000%2Fsvg%22%20width%3D%22101%22%20height%3D%2257%22%20viewBox%3D%220%200%20101%2057%22%3E%3C%2Fsvg%3E\" loading=\"eager\"><\/span><span class=\"fg-image-overlay\"><\/span><\/a><figcaption class=\"fg-caption\"><div class=\"fg-caption-inner\"><div class=\"fg-caption-desc\">Le petit oratoire de Stafelbode n&#039;aurait certainement pas trouv\u00e9 suffisamment d&#039;arguments pour nous inciter \u00e0 un petit arr\u00eat, par contre la fontaine contigue et son eau de source, oui, l&#039;insolite chaleur associ\u00e9e aux effets ass\u00e9chants du foehn ayant passablement mis \u00e0 mal les r\u00e9serves d&#039;eau de nos Camelbaks.<\/div><\/div><\/figcaption><\/figure><div class=\"fg-loader\"><\/div><\/div><div class=\"fg-item fg-type-image fg-idle\"><figure class=\"fg-item-inner\"><a href=\"https:\/\/alpavista.ch\/Alp11\/wp-content\/uploads\/Gredetschtal_014.jpg\" data-caption-title=\"Peu apr\u00e8s Chiestelli, nous venons buter sur les premiers contreforts marquant le fond du Gredeschtal. L&amp;#039;heure de rebrousser chemin a sonn\u00e9.\" data-caption-desc=\"Peu apr\u00e8s Chiestelli, nous venons buter sur les premiers contreforts marquant le fond du Gredeschtal. L&amp;#039;heure de rebrousser chemin a sonn\u00e9.\" data-attachment-id=\"14266\" data-type=\"image\" class=\"fg-thumb\"><span class=\"fg-image-wrap\"><img decoding=\"async\" alt=\"Gredetschtal_014.jpg\" title=\"Peu apr\u00e8s Chiestelli, nous venons buter sur les premiers contreforts marquant le fond du Gredeschtal. L&amp;#039;heure de rebrousser chemin a sonn\u00e9.\" width=\"101\" height=\"57\" class=\"skip-lazy fg-image\" data-src-fg=\"https:\/\/alpavista.ch\/Alp11\/wp-content\/uploads\/cache\/Gredetschtal_014\/2795934609.jpg\" src=\"data:image\/svg+xml,%3Csvg%20xmlns%3D%22http%3A%2F%2Fwww.w3.org%2F2000%2Fsvg%22%20width%3D%22101%22%20height%3D%2257%22%20viewBox%3D%220%200%20101%2057%22%3E%3C%2Fsvg%3E\" loading=\"eager\"><\/span><span class=\"fg-image-overlay\"><\/span><\/a><figcaption class=\"fg-caption\"><div class=\"fg-caption-inner\"><div class=\"fg-caption-desc\">Peu apr\u00e8s Chiestelli, nous venons buter sur les premiers contreforts marquant le fond du Gredeschtal. L&#039;heure de rebrousser chemin a sonn\u00e9.<\/div><\/div><\/figcaption><\/figure><div class=\"fg-loader\"><\/div><\/div><div class=\"fg-item fg-type-image fg-idle\"><figure class=\"fg-item-inner\"><a href=\"https:\/\/alpavista.ch\/Alp11\/wp-content\/uploads\/Gredetschtal_015.jpg\" data-caption-title=\"Nous repassons, bien plus v\u00e9loc\u00e9ment qu&amp;#039;\u00e0 la mont\u00e9e, devant les splendides enclos de pierres de Strick.\" data-caption-desc=\"Nous repassons, bien plus v\u00e9loc\u00e9ment qu&amp;#039;\u00e0 la mont\u00e9e, devant les splendides enclos de pierres de Strick.\" data-attachment-id=\"14265\" data-type=\"image\" class=\"fg-thumb\"><span class=\"fg-image-wrap\"><img decoding=\"async\" alt=\"Gredetschtal_015.jpg\" title=\"Nous repassons, bien plus v\u00e9loc\u00e9ment qu&amp;#039;\u00e0 la mont\u00e9e, devant les splendides enclos de pierres de Strick.\" width=\"101\" height=\"57\" class=\"skip-lazy fg-image\" data-src-fg=\"https:\/\/alpavista.ch\/Alp11\/wp-content\/uploads\/cache\/Gredetschtal_015\/3247757155.jpg\" src=\"data:image\/svg+xml,%3Csvg%20xmlns%3D%22http%3A%2F%2Fwww.w3.org%2F2000%2Fsvg%22%20width%3D%22101%22%20height%3D%2257%22%20viewBox%3D%220%200%20101%2057%22%3E%3C%2Fsvg%3E\" loading=\"eager\"><\/span><span class=\"fg-image-overlay\"><\/span><\/a><figcaption class=\"fg-caption\"><div class=\"fg-caption-inner\"><div class=\"fg-caption-desc\">Nous repassons, bien plus v\u00e9loc\u00e9ment qu&#039;\u00e0 la mont\u00e9e, devant les splendides enclos de pierres de Strick.<\/div><\/div><\/figcaption><\/figure><div class=\"fg-loader\"><\/div><\/div><div class=\"fg-item fg-type-image fg-idle\"><figure class=\"fg-item-inner\"><a href=\"https:\/\/alpavista.ch\/Alp11\/wp-content\/uploads\/Gredetschtal_016.jpg\" data-caption-title=\"Assez exigeant \u00e0 l&amp;#039;aller, le chemin du Gredeschtal n&amp;#039;est qu&amp;#039;une simple formalit\u00e9 au retour. Seuls les tron\u00e7ons ayant n\u00e9cessit\u00e9 un poussage n\u00e9cessitent un poil de mod\u00e9ration, le reste s&amp;#039;aborde full gaz.\" data-caption-desc=\"Assez exigeant \u00e0 l&amp;#039;aller, le chemin du Gredeschtal n&amp;#039;est qu&amp;#039;une simple formalit\u00e9 au retour. Seuls les tron\u00e7ons ayant n\u00e9cessit\u00e9 un poussage n\u00e9cessitent un poil de mod\u00e9ration, le reste s&amp;#039;aborde full gaz.\" data-attachment-id=\"14264\" data-type=\"image\" class=\"fg-thumb\"><span class=\"fg-image-wrap\"><img decoding=\"async\" alt=\"Gredetschtal_016.jpg\" title=\"Assez exigeant \u00e0 l&amp;#039;aller, le chemin du Gredeschtal n&amp;#039;est qu&amp;#039;une simple formalit\u00e9 au retour. Seuls les tron\u00e7ons ayant n\u00e9cessit\u00e9 un poussage n\u00e9cessitent un poil de mod\u00e9ration, le reste s&amp;#039;aborde full gaz.\" width=\"101\" height=\"57\" class=\"skip-lazy fg-image\" data-src-fg=\"https:\/\/alpavista.ch\/Alp11\/wp-content\/uploads\/cache\/Gredetschtal_016\/697560228.jpg\" src=\"data:image\/svg+xml,%3Csvg%20xmlns%3D%22http%3A%2F%2Fwww.w3.org%2F2000%2Fsvg%22%20width%3D%22101%22%20height%3D%2257%22%20viewBox%3D%220%200%20101%2057%22%3E%3C%2Fsvg%3E\" loading=\"eager\"><\/span><span class=\"fg-image-overlay\"><\/span><\/a><figcaption class=\"fg-caption\"><div class=\"fg-caption-inner\"><div class=\"fg-caption-desc\">Assez exigeant \u00e0 l&#039;aller, le chemin du Gredeschtal n&#039;est qu&#039;une simple formalit\u00e9 au retour. Seuls les tron\u00e7ons ayant n\u00e9cessit\u00e9 un poussage n\u00e9cessitent un poil de mod\u00e9ration, le reste s&#039;aborde full gaz.<\/div><\/div><\/figcaption><\/figure><div class=\"fg-loader\"><\/div><\/div><div class=\"fg-item fg-type-image fg-idle\"><figure class=\"fg-item-inner\"><a href=\"https:\/\/alpavista.ch\/Alp11\/wp-content\/uploads\/Gredetschtal_017.jpg\" data-caption-title=\"A la hauteur de la source du Stigwasser, cette maginfique passerelle nous offre l&amp;#039;opportunit\u00e9 de changer de rive sans nous mouiller les pieds. Opportunit\u00e9 aussit\u00f4t transform\u00e9e, d&amp;#039;autant que la rive gauche du Mundbach offre un second bisse, l&amp;#039;Obersta, que nous avons bien l&amp;#039;intention de mettre \u00e0 profit pour regagner la plaine.\" data-caption-desc=\"A la hauteur de la source du Stigwasser, cette maginfique passerelle nous offre l&amp;#039;opportunit\u00e9 de changer de rive sans nous mouiller les pieds. Opportunit\u00e9 aussit\u00f4t transform\u00e9e, d&amp;#039;autant que la rive gauche du Mundbach offre un second bisse, l&amp;#039;Obersta, que nous avons bien l&amp;#039;intention de mettre \u00e0 profit pour regagner la plaine.\" data-attachment-id=\"14263\" data-type=\"image\" class=\"fg-thumb\"><span class=\"fg-image-wrap\"><img decoding=\"async\" alt=\"Gredetschtal_017.jpg\" title=\"A la hauteur de la source du Stigwasser, cette maginfique passerelle nous offre l&amp;#039;opportunit\u00e9 de changer de rive sans nous mouiller les pieds. Opportunit\u00e9 aussit\u00f4t transform\u00e9e, d&amp;#039;autant que la rive gauche du Mundbach offre un second bisse, l&amp;#039;Obersta, que nous avons bien l&amp;#039;intention de mettre \u00e0 profit pour regagner la plaine.\" width=\"101\" height=\"57\" class=\"skip-lazy fg-image\" data-src-fg=\"https:\/\/alpavista.ch\/Alp11\/wp-content\/uploads\/cache\/Gredetschtal_017\/267411079.jpg\" src=\"data:image\/svg+xml,%3Csvg%20xmlns%3D%22http%3A%2F%2Fwww.w3.org%2F2000%2Fsvg%22%20width%3D%22101%22%20height%3D%2257%22%20viewBox%3D%220%200%20101%2057%22%3E%3C%2Fsvg%3E\" loading=\"eager\"><\/span><span class=\"fg-image-overlay\"><\/span><\/a><figcaption class=\"fg-caption\"><div class=\"fg-caption-inner\"><div class=\"fg-caption-desc\">A la hauteur de la source du Stigwasser, cette maginfique passerelle nous offre l&#039;opportunit\u00e9 de changer de rive sans nous mouiller les pieds. Opportunit\u00e9 aussit\u00f4t transform\u00e9e, d&#039;autant que la rive gauche du Mundbach offre un second bisse, l&#039;Obersta, que nous avons bien l&#039;intention de mettre \u00e0 profit pour regagner la plaine.<\/div><\/div><\/figcaption><\/figure><div class=\"fg-loader\"><\/div><\/div><div class=\"fg-item fg-type-image fg-idle\"><figure class=\"fg-item-inner\"><a href=\"https:\/\/alpavista.ch\/Alp11\/wp-content\/uploads\/Gredetschtal_018.jpg\" data-caption-title=\"Concurrenc\u00e9s par les nombreux chemins p\u00e9destres, les bords de l&amp;#039;Obesta sont peu fr\u00e9quent\u00e9s et localement d\u00e9licats \u00e0 rouler. Rien d&amp;#039;insurmontable, juste de quoi conserver concentration et rigueur de pilotage.\" data-caption-desc=\"Concurrenc\u00e9s par les nombreux chemins p\u00e9destres, les bords de l&amp;#039;Obesta sont peu fr\u00e9quent\u00e9s et localement d\u00e9licats \u00e0 rouler. Rien d&amp;#039;insurmontable, juste de quoi conserver concentration et rigueur de pilotage.\" data-attachment-id=\"14262\" data-type=\"image\" class=\"fg-thumb\"><span class=\"fg-image-wrap\"><img decoding=\"async\" alt=\"Gredetschtal_018.jpg\" title=\"Concurrenc\u00e9s par les nombreux chemins p\u00e9destres, les bords de l&amp;#039;Obesta sont peu fr\u00e9quent\u00e9s et localement d\u00e9licats \u00e0 rouler. Rien d&amp;#039;insurmontable, juste de quoi conserver concentration et rigueur de pilotage.\" width=\"101\" height=\"57\" class=\"skip-lazy fg-image\" data-src-fg=\"https:\/\/alpavista.ch\/Alp11\/wp-content\/uploads\/cache\/Gredetschtal_018\/2958585871.jpg\" src=\"data:image\/svg+xml,%3Csvg%20xmlns%3D%22http%3A%2F%2Fwww.w3.org%2F2000%2Fsvg%22%20width%3D%22101%22%20height%3D%2257%22%20viewBox%3D%220%200%20101%2057%22%3E%3C%2Fsvg%3E\" loading=\"eager\"><\/span><span class=\"fg-image-overlay\"><\/span><\/a><figcaption class=\"fg-caption\"><div class=\"fg-caption-inner\"><div class=\"fg-caption-desc\">Concurrenc\u00e9s par les nombreux chemins p\u00e9destres, les bords de l&#039;Obesta sont peu fr\u00e9quent\u00e9s et localement d\u00e9licats \u00e0 rouler. Rien d&#039;insurmontable, juste de quoi conserver concentration et rigueur de pilotage.<\/div><\/div><\/figcaption><\/figure><div class=\"fg-loader\"><\/div><\/div><div class=\"fg-item fg-type-image fg-idle\"><figure class=\"fg-item-inner\"><a href=\"https:\/\/alpavista.ch\/Alp11\/wp-content\/uploads\/Gredetschtal_019.jpg\" data-caption-title=\"Comme son homologue de la rive gauche du Baltschiedertal, le Gorperi Suon, l&amp;#039;Obersta s&amp;#039;offre r\u00e9guli\u00e8rement quelques escapades intra-granitiques.\" data-caption-desc=\"Comme son homologue de la rive gauche du Baltschiedertal, le Gorperi Suon, l&amp;#039;Obersta s&amp;#039;offre r\u00e9guli\u00e8rement quelques escapades intra-granitiques.\" data-attachment-id=\"14261\" data-type=\"image\" class=\"fg-thumb\"><span class=\"fg-image-wrap\"><img decoding=\"async\" alt=\"Gredetschtal_019.jpg\" title=\"Comme son homologue de la rive gauche du Baltschiedertal, le Gorperi Suon, l&amp;#039;Obersta s&amp;#039;offre r\u00e9guli\u00e8rement quelques escapades intra-granitiques.\" width=\"101\" height=\"57\" class=\"skip-lazy fg-image\" data-src-fg=\"https:\/\/alpavista.ch\/Alp11\/wp-content\/uploads\/cache\/Gredetschtal_019\/3614061821.jpg\" src=\"data:image\/svg+xml,%3Csvg%20xmlns%3D%22http%3A%2F%2Fwww.w3.org%2F2000%2Fsvg%22%20width%3D%22101%22%20height%3D%2257%22%20viewBox%3D%220%200%20101%2057%22%3E%3C%2Fsvg%3E\" loading=\"eager\"><\/span><span class=\"fg-image-overlay\"><\/span><\/a><figcaption class=\"fg-caption\"><div class=\"fg-caption-inner\"><div class=\"fg-caption-desc\">Comme son homologue de la rive gauche du Baltschiedertal, le Gorperi Suon, l&#039;Obersta s&#039;offre r\u00e9guli\u00e8rement quelques escapades intra-granitiques.<\/div><\/div><\/figcaption><\/figure><div class=\"fg-loader\"><\/div><\/div><div class=\"fg-item fg-type-image fg-idle\"><figure class=\"fg-item-inner\"><a href=\"https:\/\/alpavista.ch\/Alp11\/wp-content\/uploads\/Gredetschtal_020.jpg\" data-caption-title=\"Petites nuances, par rapport \u00e0 son cousin de la vall\u00e9e voisine, ici les galeries sont beaucoup plus longues et par cons\u00e9quent plus sombres et humides.\" data-caption-desc=\"Petites nuances, par rapport \u00e0 son cousin de la vall\u00e9e voisine, ici les galeries sont beaucoup plus longues et par cons\u00e9quent plus sombres et humides.\" data-attachment-id=\"14260\" data-type=\"image\" class=\"fg-thumb\"><span class=\"fg-image-wrap\"><img decoding=\"async\" alt=\"Gredetschtal_020.jpg\" title=\"Petites nuances, par rapport \u00e0 son cousin de la vall\u00e9e voisine, ici les galeries sont beaucoup plus longues et par cons\u00e9quent plus sombres et humides.\" width=\"101\" height=\"57\" class=\"skip-lazy fg-image\" data-src-fg=\"https:\/\/alpavista.ch\/Alp11\/wp-content\/uploads\/cache\/Gredetschtal_020\/2535468855.jpg\" src=\"data:image\/svg+xml,%3Csvg%20xmlns%3D%22http%3A%2F%2Fwww.w3.org%2F2000%2Fsvg%22%20width%3D%22101%22%20height%3D%2257%22%20viewBox%3D%220%200%20101%2057%22%3E%3C%2Fsvg%3E\" loading=\"eager\"><\/span><span class=\"fg-image-overlay\"><\/span><\/a><figcaption class=\"fg-caption\"><div class=\"fg-caption-inner\"><div class=\"fg-caption-desc\">Petites nuances, par rapport \u00e0 son cousin de la vall\u00e9e voisine, ici les galeries sont beaucoup plus longues et par cons\u00e9quent plus sombres et humides.<\/div><\/div><\/figcaption><\/figure><div class=\"fg-loader\"><\/div><\/div><div class=\"fg-item fg-type-image fg-idle\"><figure class=\"fg-item-inner\"><a href=\"https:\/\/alpavista.ch\/Alp11\/wp-content\/uploads\/Gredetschtal_021.jpg\" data-caption-title=\"Fort heureusement, les courageux ouvriers-mineurs de l&amp;#039;\u00e9poque ont pouss\u00e9 l&amp;#039;ing\u00e9niosit\u00e9 jusqu&amp;#039;\u00e0 cr\u00e9er localement de petites ouvertures dans la paroi pour donner un peu de lumi\u00e8res aux randonneurs angoiss\u00e9s ou clostrophobes.\" data-caption-desc=\"Fort heureusement, les courageux ouvriers-mineurs de l&amp;#039;\u00e9poque ont pouss\u00e9 l&amp;#039;ing\u00e9niosit\u00e9 jusqu&amp;#039;\u00e0 cr\u00e9er localement de petites ouvertures dans la paroi pour donner un peu de lumi\u00e8res aux randonneurs angoiss\u00e9s ou clostrophobes.\" data-attachment-id=\"14259\" data-type=\"image\" class=\"fg-thumb\"><span class=\"fg-image-wrap\"><img decoding=\"async\" alt=\"Gredetschtal_021.jpg\" title=\"Fort heureusement, les courageux ouvriers-mineurs de l&amp;#039;\u00e9poque ont pouss\u00e9 l&amp;#039;ing\u00e9niosit\u00e9 jusqu&amp;#039;\u00e0 cr\u00e9er localement de petites ouvertures dans la paroi pour donner un peu de lumi\u00e8res aux randonneurs angoiss\u00e9s ou clostrophobes.\" width=\"101\" height=\"57\" class=\"skip-lazy fg-image\" data-src-fg=\"https:\/\/alpavista.ch\/Alp11\/wp-content\/uploads\/cache\/Gredetschtal_021\/4212017944.jpg\" src=\"data:image\/svg+xml,%3Csvg%20xmlns%3D%22http%3A%2F%2Fwww.w3.org%2F2000%2Fsvg%22%20width%3D%22101%22%20height%3D%2257%22%20viewBox%3D%220%200%20101%2057%22%3E%3C%2Fsvg%3E\" loading=\"eager\"><\/span><span class=\"fg-image-overlay\"><\/span><\/a><figcaption class=\"fg-caption\"><div class=\"fg-caption-inner\"><div class=\"fg-caption-desc\">Fort heureusement, les courageux ouvriers-mineurs de l&#039;\u00e9poque ont pouss\u00e9 l&#039;ing\u00e9niosit\u00e9 jusqu&#039;\u00e0 cr\u00e9er localement de petites ouvertures dans la paroi pour donner un peu de lumi\u00e8res aux randonneurs angoiss\u00e9s ou clostrophobes.<\/div><\/div><\/figcaption><\/figure><div class=\"fg-loader\"><\/div><\/div><div class=\"fg-item fg-type-image fg-idle\"><figure class=\"fg-item-inner\"><a href=\"https:\/\/alpavista.ch\/Alp11\/wp-content\/uploads\/Gredetschtal_022.jpg\" data-caption-title=\"A l&amp;#039;approche de la vall\u00e9e du Rh\u00f4ne, l&amp;#039;Obersta devient plus praticable, tout en restant localement exigeant.\" data-caption-desc=\"A l&amp;#039;approche de la vall\u00e9e du Rh\u00f4ne, l&amp;#039;Obersta devient plus praticable, tout en restant localement exigeant.\" data-attachment-id=\"14258\" data-type=\"image\" class=\"fg-thumb\"><span class=\"fg-image-wrap\"><img decoding=\"async\" alt=\"Gredetschtal_022.jpg\" title=\"A l&amp;#039;approche de la vall\u00e9e du Rh\u00f4ne, l&amp;#039;Obersta devient plus praticable, tout en restant localement exigeant.\" width=\"101\" height=\"57\" class=\"skip-lazy fg-image\" data-src-fg=\"https:\/\/alpavista.ch\/Alp11\/wp-content\/uploads\/cache\/Gredetschtal_022\/319385823.jpg\" src=\"data:image\/svg+xml,%3Csvg%20xmlns%3D%22http%3A%2F%2Fwww.w3.org%2F2000%2Fsvg%22%20width%3D%22101%22%20height%3D%2257%22%20viewBox%3D%220%200%20101%2057%22%3E%3C%2Fsvg%3E\" loading=\"eager\"><\/span><span class=\"fg-image-overlay\"><\/span><\/a><figcaption class=\"fg-caption\"><div class=\"fg-caption-inner\"><div class=\"fg-caption-desc\">A l&#039;approche de la vall\u00e9e du Rh\u00f4ne, l&#039;Obersta devient plus praticable, tout en restant localement exigeant.<\/div><\/div><\/figcaption><\/figure><div class=\"fg-loader\"><\/div><\/div><div class=\"fg-item fg-type-image fg-idle\"><figure class=\"fg-item-inner\"><a href=\"https:\/\/alpavista.ch\/Alp11\/wp-content\/uploads\/Gredetschtal_023.jpg\" data-caption-title=\"Notre retour vers la plaine s&amp;#039;accompagne aussi du retour vers la chaleur et le souffle chaud du foehn.\" data-caption-desc=\"Notre retour vers la plaine s&amp;#039;accompagne aussi du retour vers la chaleur et le souffle chaud du foehn.\" data-attachment-id=\"14257\" data-type=\"image\" class=\"fg-thumb\"><span class=\"fg-image-wrap\"><img decoding=\"async\" alt=\"Gredetschtal_023.jpg\" title=\"Notre retour vers la plaine s&amp;#039;accompagne aussi du retour vers la chaleur et le souffle chaud du foehn.\" width=\"101\" height=\"57\" class=\"skip-lazy fg-image\" data-src-fg=\"https:\/\/alpavista.ch\/Alp11\/wp-content\/uploads\/cache\/Gredetschtal_023\/3083415390.jpg\" src=\"data:image\/svg+xml,%3Csvg%20xmlns%3D%22http%3A%2F%2Fwww.w3.org%2F2000%2Fsvg%22%20width%3D%22101%22%20height%3D%2257%22%20viewBox%3D%220%200%20101%2057%22%3E%3C%2Fsvg%3E\" loading=\"eager\"><\/span><span class=\"fg-image-overlay\"><\/span><\/a><figcaption class=\"fg-caption\"><div class=\"fg-caption-inner\"><div class=\"fg-caption-desc\">Notre retour vers la plaine s&#039;accompagne aussi du retour vers la chaleur et le souffle chaud du foehn.<\/div><\/div><\/figcaption><\/figure><div class=\"fg-loader\"><\/div><\/div><div class=\"fg-item fg-type-image fg-idle\"><figure class=\"fg-item-inner\"><a href=\"https:\/\/alpavista.ch\/Alp11\/wp-content\/uploads\/Gredetschtal_024.jpg\" data-caption-title=\"Bucolique ! Isn&amp;#039;t It ?\" data-caption-desc=\"Bucolique ! Isn&amp;#039;t It ?\" data-attachment-id=\"14256\" data-type=\"image\" class=\"fg-thumb\"><span class=\"fg-image-wrap\"><img decoding=\"async\" alt=\"Gredetschtal_024.jpg\" title=\"Bucolique ! Isn&amp;#039;t It ?\" width=\"101\" height=\"57\" class=\"skip-lazy fg-image\" data-src-fg=\"https:\/\/alpavista.ch\/Alp11\/wp-content\/uploads\/cache\/Gredetschtal_024\/3682867811.jpg\" src=\"data:image\/svg+xml,%3Csvg%20xmlns%3D%22http%3A%2F%2Fwww.w3.org%2F2000%2Fsvg%22%20width%3D%22101%22%20height%3D%2257%22%20viewBox%3D%220%200%20101%2057%22%3E%3C%2Fsvg%3E\" loading=\"eager\"><\/span><span class=\"fg-image-overlay\"><\/span><\/a><figcaption class=\"fg-caption\"><div class=\"fg-caption-inner\"><div class=\"fg-caption-desc\">Bucolique ! Isn&#039;t It ?<\/div><\/div><\/figcaption><\/figure><div class=\"fg-loader\"><\/div><\/div><div class=\"fg-item fg-type-image fg-idle\"><figure class=\"fg-item-inner\"><a href=\"https:\/\/alpavista.ch\/Alp11\/wp-content\/uploads\/Gredetschtal_025.jpg\" data-caption-title=\"Quelques ultimes lacets pour nous extraire d\u00e9finitivement du Gredeschtal et attaquer les tron\u00e7ons de bisse accroch\u00e9s au flanc nord de la vall\u00e9e du Rh\u00f4ne, face au Nantztal.\" data-caption-desc=\"Quelques ultimes lacets pour nous extraire d\u00e9finitivement du Gredeschtal et attaquer les tron\u00e7ons de bisse accroch\u00e9s au flanc nord de la vall\u00e9e du Rh\u00f4ne, face au Nantztal.\" data-attachment-id=\"14255\" data-type=\"image\" class=\"fg-thumb\"><span class=\"fg-image-wrap\"><img decoding=\"async\" alt=\"Gredetschtal_025.jpg\" title=\"Quelques ultimes lacets pour nous extraire d\u00e9finitivement du Gredeschtal et attaquer les tron\u00e7ons de bisse accroch\u00e9s au flanc nord de la vall\u00e9e du Rh\u00f4ne, face au Nantztal.\" width=\"101\" height=\"57\" class=\"skip-lazy fg-image\" data-src-fg=\"https:\/\/alpavista.ch\/Alp11\/wp-content\/uploads\/cache\/Gredetschtal_025\/3166068369.jpg\" src=\"data:image\/svg+xml,%3Csvg%20xmlns%3D%22http%3A%2F%2Fwww.w3.org%2F2000%2Fsvg%22%20width%3D%22101%22%20height%3D%2257%22%20viewBox%3D%220%200%20101%2057%22%3E%3C%2Fsvg%3E\" loading=\"eager\"><\/span><span class=\"fg-image-overlay\"><\/span><\/a><figcaption class=\"fg-caption\"><div class=\"fg-caption-inner\"><div class=\"fg-caption-desc\">Quelques ultimes lacets pour nous extraire d\u00e9finitivement du Gredeschtal et attaquer les tron\u00e7ons de bisse accroch\u00e9s au flanc nord de la vall\u00e9e du Rh\u00f4ne, face au Nantztal.<\/div><\/div><\/figcaption><\/figure><div class=\"fg-loader\"><\/div><\/div><div class=\"fg-item fg-type-image fg-idle\"><figure class=\"fg-item-inner\"><a href=\"https:\/\/alpavista.ch\/Alp11\/wp-content\/uploads\/Gredetschtal_026.jpg\" data-caption-title=\"L&amp;#039;Obersta y est sympathique en diable et incroyablement onctueux \u00e0 rouler\" data-caption-desc=\"L&amp;#039;Obersta y est sympathique en diable et incroyablement onctueux \u00e0 rouler\" data-attachment-id=\"14254\" data-type=\"image\" class=\"fg-thumb\"><span class=\"fg-image-wrap\"><img decoding=\"async\" alt=\"Gredetschtal_026.jpg\" title=\"L&amp;#039;Obersta y est sympathique en diable et incroyablement onctueux \u00e0 rouler\" width=\"101\" height=\"57\" class=\"skip-lazy fg-image\" data-src-fg=\"https:\/\/alpavista.ch\/Alp11\/wp-content\/uploads\/cache\/Gredetschtal_026\/1420911958.jpg\" src=\"data:image\/svg+xml,%3Csvg%20xmlns%3D%22http%3A%2F%2Fwww.w3.org%2F2000%2Fsvg%22%20width%3D%22101%22%20height%3D%2257%22%20viewBox%3D%220%200%20101%2057%22%3E%3C%2Fsvg%3E\" loading=\"eager\"><\/span><span class=\"fg-image-overlay\"><\/span><\/a><figcaption class=\"fg-caption\"><div class=\"fg-caption-inner\"><div class=\"fg-caption-desc\">L&#039;Obersta y est sympathique en diable et incroyablement onctueux \u00e0 rouler<\/div><\/div><\/figcaption><\/figure><div class=\"fg-loader\"><\/div><\/div><div class=\"fg-item fg-type-image fg-idle\"><figure class=\"fg-item-inner\"><a href=\"https:\/\/alpavista.ch\/Alp11\/wp-content\/uploads\/Gredetschtal_027.jpg\" data-caption-title=\"The Last Mile comme diraient nos amis de Swisscom. En l&amp;#039;occurence point de tron\u00e7on strat\u00e9gique et f\u00e9rocement conserv\u00e9, juste un long ruban herbeux et bien entretenu qui se d\u00e9roule suavement sous nos crampons.\" data-caption-desc=\"The Last Mile comme diraient nos amis de Swisscom. En l&amp;#039;occurence point de tron\u00e7on strat\u00e9gique et f\u00e9rocement conserv\u00e9, juste un long ruban herbeux et bien entretenu qui se d\u00e9roule suavement sous nos crampons.\" data-attachment-id=\"14253\" data-type=\"image\" class=\"fg-thumb\"><span class=\"fg-image-wrap\"><img decoding=\"async\" alt=\"Gredetschtal_027.jpg\" title=\"The Last Mile comme diraient nos amis de Swisscom. En l&amp;#039;occurence point de tron\u00e7on strat\u00e9gique et f\u00e9rocement conserv\u00e9, juste un long ruban herbeux et bien entretenu qui se d\u00e9roule suavement sous nos crampons.\" width=\"101\" height=\"57\" class=\"skip-lazy fg-image\" data-src-fg=\"https:\/\/alpavista.ch\/Alp11\/wp-content\/uploads\/cache\/Gredetschtal_027\/1926420341.jpg\" src=\"data:image\/svg+xml,%3Csvg%20xmlns%3D%22http%3A%2F%2Fwww.w3.org%2F2000%2Fsvg%22%20width%3D%22101%22%20height%3D%2257%22%20viewBox%3D%220%200%20101%2057%22%3E%3C%2Fsvg%3E\" loading=\"eager\"><\/span><span class=\"fg-image-overlay\"><\/span><\/a><figcaption class=\"fg-caption\"><div class=\"fg-caption-inner\"><div class=\"fg-caption-desc\">The Last Mile comme diraient nos amis de Swisscom. En l&#039;occurence point de tron\u00e7on strat\u00e9gique et f\u00e9rocement conserv\u00e9, juste un long ruban herbeux et bien entretenu qui se d\u00e9roule suavement sous nos crampons.<\/div><\/div><\/figcaption><\/figure><div class=\"fg-loader\"><\/div><\/div><div class=\"fg-item fg-type-image fg-idle\"><figure class=\"fg-item-inner\"><a href=\"https:\/\/alpavista.ch\/Alp11\/wp-content\/uploads\/Gredetschtal_028.jpg\" data-caption-title=\"La banlieue est de Mund ? Plus simplement, quelques vieux chalets de bois brunis par les ans, \u00e9rig\u00e9s sur la rive gauche du Mundbach.\" data-caption-desc=\"La banlieue est de Mund ? Plus simplement, quelques vieux chalets de bois brunis par les ans, \u00e9rig\u00e9s sur la rive gauche du Mundbach.\" data-attachment-id=\"14252\" data-type=\"image\" class=\"fg-thumb\"><span class=\"fg-image-wrap\"><img decoding=\"async\" alt=\"Gredetschtal_028.jpg\" title=\"La banlieue est de Mund ? Plus simplement, quelques vieux chalets de bois brunis par les ans, \u00e9rig\u00e9s sur la rive gauche du Mundbach.\" width=\"101\" height=\"57\" class=\"skip-lazy fg-image\" data-src-fg=\"https:\/\/alpavista.ch\/Alp11\/wp-content\/uploads\/cache\/Gredetschtal_028\/3447388669.jpg\" src=\"data:image\/svg+xml,%3Csvg%20xmlns%3D%22http%3A%2F%2Fwww.w3.org%2F2000%2Fsvg%22%20width%3D%22101%22%20height%3D%2257%22%20viewBox%3D%220%200%20101%2057%22%3E%3C%2Fsvg%3E\" loading=\"eager\"><\/span><span class=\"fg-image-overlay\"><\/span><\/a><figcaption class=\"fg-caption\"><div class=\"fg-caption-inner\"><div class=\"fg-caption-desc\">La banlieue est de Mund ? Plus simplement, quelques vieux chalets de bois brunis par les ans, \u00e9rig\u00e9s sur la rive gauche du Mundbach.<\/div><\/div><\/figcaption><\/figure><div class=\"fg-loader\"><\/div><\/div><div class=\"fg-item fg-type-image fg-idle\"><figure class=\"fg-item-inner\"><a href=\"https:\/\/alpavista.ch\/Alp11\/wp-content\/uploads\/Gredetschtal_029.jpg\" data-caption-title=\"La d\u00e9gringolade Gstein-Lalden : rien \u00e0 voir avec les affres de la mont\u00e9e. Le single-track du chemin de croix s&amp;#039;avale bille en t\u00eate, surtout que le foehn faiblissant, les m\u00e9chants nuages commencent \u00e0 nous cerner de leur masse humide et mena\u00e7ante.\" data-caption-desc=\"La d\u00e9gringolade Gstein-Lalden : rien \u00e0 voir avec les affres de la mont\u00e9e. Le single-track du chemin de croix s&amp;#039;avale bille en t\u00eate, surtout que le foehn faiblissant, les m\u00e9chants nuages commencent \u00e0 nous cerner de leur masse humide et mena\u00e7ante.\" data-attachment-id=\"14251\" data-type=\"image\" class=\"fg-thumb\"><span class=\"fg-image-wrap\"><img decoding=\"async\" alt=\"Gredetschtal_029.jpg\" title=\"La d\u00e9gringolade Gstein-Lalden : rien \u00e0 voir avec les affres de la mont\u00e9e. Le single-track du chemin de croix s&amp;#039;avale bille en t\u00eate, surtout que le foehn faiblissant, les m\u00e9chants nuages commencent \u00e0 nous cerner de leur masse humide et mena\u00e7ante.\" width=\"101\" height=\"57\" class=\"skip-lazy fg-image\" data-src-fg=\"https:\/\/alpavista.ch\/Alp11\/wp-content\/uploads\/cache\/Gredetschtal_029\/2856893711.jpg\" src=\"data:image\/svg+xml,%3Csvg%20xmlns%3D%22http%3A%2F%2Fwww.w3.org%2F2000%2Fsvg%22%20width%3D%22101%22%20height%3D%2257%22%20viewBox%3D%220%200%20101%2057%22%3E%3C%2Fsvg%3E\" loading=\"eager\"><\/span><span class=\"fg-image-overlay\"><\/span><\/a><figcaption class=\"fg-caption\"><div class=\"fg-caption-inner\"><div class=\"fg-caption-desc\">La d\u00e9gringolade Gstein-Lalden : rien \u00e0 voir avec les affres de la mont\u00e9e. Le single-track du chemin de croix s&#039;avale bille en t\u00eate, surtout que le foehn faiblissant, les m\u00e9chants nuages commencent \u00e0 nous cerner de leur masse humide et mena\u00e7ante.<\/div><\/div><\/figcaption><\/figure><div class=\"fg-loader\"><\/div><\/div><div class=\"fg-item fg-type-image fg-idle\"><figure class=\"fg-item-inner\"><a href=\"https:\/\/alpavista.ch\/Alp11\/wp-content\/uploads\/Gredetschtal_030.jpg\" data-caption-title=\"Vi\u00e8ge est rapidement en vue, et comble de bonheur, sera atteint avant les premi\u00e8res gouttes.\" data-caption-desc=\"Vi\u00e8ge est rapidement en vue, et comble de bonheur, sera atteint avant les premi\u00e8res gouttes.\" data-attachment-id=\"14250\" data-type=\"image\" class=\"fg-thumb\"><span class=\"fg-image-wrap\"><img decoding=\"async\" alt=\"Gredetschtal_030.jpg\" title=\"Vi\u00e8ge est rapidement en vue, et comble de bonheur, sera atteint avant les premi\u00e8res gouttes.\" width=\"101\" height=\"57\" class=\"skip-lazy fg-image\" data-src-fg=\"https:\/\/alpavista.ch\/Alp11\/wp-content\/uploads\/cache\/Gredetschtal_030\/3304361539.jpg\" src=\"data:image\/svg+xml,%3Csvg%20xmlns%3D%22http%3A%2F%2Fwww.w3.org%2F2000%2Fsvg%22%20width%3D%22101%22%20height%3D%2257%22%20viewBox%3D%220%200%20101%2057%22%3E%3C%2Fsvg%3E\" loading=\"eager\"><\/span><span class=\"fg-image-overlay\"><\/span><\/a><figcaption class=\"fg-caption\"><div class=\"fg-caption-inner\"><div class=\"fg-caption-desc\">Vi\u00e8ge est rapidement en vue, et comble de bonheur, sera atteint avant les premi\u00e8res gouttes.<\/div><\/div><\/figcaption><\/figure><div class=\"fg-loader\"><\/div><\/div><div class=\"fg-item fg-type-image fg-idle\"><figure class=\"fg-item-inner\"><a href=\"https:\/\/alpavista.ch\/Alp11\/wp-content\/uploads\/Gredetschtal_032.jpg\" data-caption-title=\"Dans la foul\u00e9e, les derni\u00e8res difficult\u00e9s techniques peinent \u00e0 nous ralentir et sont aval\u00e9es sans coup f\u00e9rir.\" data-caption-desc=\"Dans la foul\u00e9e, les derni\u00e8res difficult\u00e9s techniques peinent \u00e0 nous ralentir et sont aval\u00e9es sans coup f\u00e9rir.\" data-attachment-id=\"14249\" data-type=\"image\" class=\"fg-thumb\"><span class=\"fg-image-wrap\"><img decoding=\"async\" alt=\"Gredetschtal_032.jpg\" title=\"Dans la foul\u00e9e, les derni\u00e8res difficult\u00e9s techniques peinent \u00e0 nous ralentir et sont aval\u00e9es sans coup f\u00e9rir.\" width=\"101\" height=\"57\" class=\"skip-lazy fg-image\" data-src-fg=\"https:\/\/alpavista.ch\/Alp11\/wp-content\/uploads\/cache\/Gredetschtal_032\/1587491925.jpg\" src=\"data:image\/svg+xml,%3Csvg%20xmlns%3D%22http%3A%2F%2Fwww.w3.org%2F2000%2Fsvg%22%20width%3D%22101%22%20height%3D%2257%22%20viewBox%3D%220%200%20101%2057%22%3E%3C%2Fsvg%3E\" loading=\"eager\"><\/span><span class=\"fg-image-overlay\"><\/span><\/a><figcaption class=\"fg-caption\"><div class=\"fg-caption-inner\"><div class=\"fg-caption-desc\">Dans la foul\u00e9e, les derni\u00e8res difficult\u00e9s techniques peinent \u00e0 nous ralentir et sont aval\u00e9es sans coup f\u00e9rir.<\/div><\/div><\/figcaption><\/figure><div class=\"fg-loader\"><\/div><\/div><\/div>\n\n<input class=\"fooboxshare_post_id\" type=\"hidden\" value=\"152\"\/>","protected":false},"excerpt":{"rendered":"<p>Derni\u00e8re \u00e9tape de notre trilogie haut-valaisanne 2006, le Gredetschtal, au-dessus du c\u00e9l\u00e8bre village de Mund, nous a lui aussi r\u00e9serv\u00e9 quelques surprises, dont la temp\u00e9rature quasi estivale, ne fut pas la moindre. Alors que toute la fa\u00e7ade ouest du continent est arros\u00e9e par les pluies d\u2019une succession de d\u00e9pressions issues des restes du cyclone Gordon, le massif alpin et le Valais en particulier se dorent au soleil d\u2019un \u00e9t\u00e9 indien, solidement prot\u00e9g\u00e9s par le souffle infatigable d\u2019un r\u00e9gime de foehn [&hellip;]<\/p>\n","protected":false},"author":2,"featured_media":8526,"comment_status":"open","ping_status":"open","sticky":false,"template":"","format":"standard","meta":{"footnotes":""},"categories":[658,4],"tags":[1097,1094,1093,1153,1211],"class_list":["post-152","post","type-post","status-publish","format-standard","has-post-thumbnail","hentry","category-outdoor","category-vtt","tag-gampel","tag-loetschental","tag-restipass","tag-turtmann","tag-visp"],"_links":{"self":[{"href":"https:\/\/alpavista.ch\/Alp11\/wp-json\/wp\/v2\/posts\/152","targetHints":{"allow":["GET"]}}],"collection":[{"href":"https:\/\/alpavista.ch\/Alp11\/wp-json\/wp\/v2\/posts"}],"about":[{"href":"https:\/\/alpavista.ch\/Alp11\/wp-json\/wp\/v2\/types\/post"}],"author":[{"embeddable":true,"href":"https:\/\/alpavista.ch\/Alp11\/wp-json\/wp\/v2\/users\/2"}],"replies":[{"embeddable":true,"href":"https:\/\/alpavista.ch\/Alp11\/wp-json\/wp\/v2\/comments?post=152"}],"version-history":[{"count":0,"href":"https:\/\/alpavista.ch\/Alp11\/wp-json\/wp\/v2\/posts\/152\/revisions"}],"wp:featuredmedia":[{"embeddable":true,"href":"https:\/\/alpavista.ch\/Alp11\/wp-json\/wp\/v2\/media\/8526"}],"wp:attachment":[{"href":"https:\/\/alpavista.ch\/Alp11\/wp-json\/wp\/v2\/media?parent=152"}],"wp:term":[{"taxonomy":"category","embeddable":true,"href":"https:\/\/alpavista.ch\/Alp11\/wp-json\/wp\/v2\/categories?post=152"},{"taxonomy":"post_tag","embeddable":true,"href":"https:\/\/alpavista.ch\/Alp11\/wp-json\/wp\/v2\/tags?post=152"}],"curies":[{"name":"wp","href":"https:\/\/api.w.org\/{rel}","templated":true}]}}