{"id":169,"date":"2007-06-24T18:22:52","date_gmt":"2007-06-24T17:22:52","guid":{"rendered":"http:\/\/www.alpavista.ch\/Alp11\/?p=169"},"modified":"2022-12-09T17:41:21","modified_gmt":"2022-12-09T16:41:21","slug":"mont-arpille","status":"publish","type":"post","link":"https:\/\/alpavista.ch\/Alp11\/2007\/06\/24\/mont-arpille\/","title":{"rendered":"Mont de l&rsquo;Arpille"},"content":{"rendered":"<p>L\u2019endroit est couru, l\u2019itin\u00e9raire reconnu, mais le plaisir de s\u2019y rendre toujours aussi extraordinaire. L\u2019ascension du Mont de l\u2019Arpille, \u00e0 pied, \u00e0 ski ou en raquettes \u00e0 neige reste un but de randonn\u00e9e appr\u00e9ci\u00e9 pour le ph\u00e9nom\u00e9nal panorama qu\u2019offre son ar\u00eate sommitale. En atteindre les 2&rsquo;085 m\u00e8tres d\u2019altitude de son point culminant ne repr\u00e9sente que peu de difficult\u00e9s, et accessoirement, assez peu d\u2019efforts physiques, \u00e0 condition de court-circuiter une partie de l\u2019itin\u00e9raire d\u2019approche \u00e0 l\u2019aide d\u2019un moyen de locomotion motoris\u00e9.<br \/>\n<!--more--><br \/>\nA VTT, son ascension int\u00e9grale prend une toute autre envergure, d\u2019abord et avant tout, \u00e0 cause justement de son interminable mont\u00e9e initiale, via les villages du Sommet des Vignes, Planojean, Ravoire, les Rapperins ou encore chez Pillet. Si les noms des hameaux chantent aussi suavement qu\u2019un gouleyant Fendant m\u00fbri au soleil de leurs flancs, la d\u00e9pense d&rsquo;\u00e9nergie n\u00e9cessaire pour en vaincre d\u00e9nivel\u00e9 et d\u00e9clivit\u00e9 laisse un tout autre go\u00fbt en bouche, surtout sous la chaleur accablante d\u2019un soleil pr\u00e9sent des les premi\u00e8res heures de la journ\u00e9e. Apr\u00e8s une entr\u00e9e en mati\u00e8re aussi ardue, nous avons d\u00e9gust\u00e9 l\u2019ombre offerte par la piste foresti\u00e8re sup\u00e9rieure avec autant de plaisir que sa pente plus douce. Ensuite, et comme la plupart des randonneurs, nous n&rsquo;avons pass\u00e9 toute la travers\u00e9e du p\u00e2turage de l\u2019Arpille \u00e0 nous extasier devant les superbes panoramas des massifs du Mont-Blanc et des Combins, au lieu d&rsquo;en profiter pour r\u00e9cup\u00e9rer. R\u00e9sultat, l\u2019ascension finale, v\u00e9lo sur le dos, \u00e0 travers m\u00e9l\u00e8zes et rhododendrons s&rsquo;est un peu transform\u00e9 en chemin de croix. Qu\u2019importe, une fois la table sommitale atteinte, tous les maux se sont instantan\u00e9ment effac\u00e9s face \u00e0 la grandiose et imprenable vue p\u00e9riph\u00e9rique. Enfin, last but not least, la singularit\u00e9 d&rsquo;une rando \u00e0 VTT au Mont de l\u2019Arpille, tient aussi et surtout, aux d\u00e9lices de la vertigineuse descente de son versant Nord, vers les hameaux du Rev\u00e9, de la Cr\u00eata, puis de Gueuroz. <\/p>\n<style type=\"text\/css\">\n#foogallery-gallery-13017 .fg-image { width: 101px; }\n#foogallery-gallery-13017 { --fg-gutter: 1px; }<\/style>\n\t\t\t<div class=\"foogallery foogallery-container foogallery-default foogallery-lightbox-none fg-left fg-default fg-ready fg-light fg-loading-default fg-loaded-fade-in fg-preset fg-selena fg-preset-small fg-preset fg-selena fg-preset-small\" id=\"foogallery-gallery-13017\" data-foogallery=\"{&quot;item&quot;:{&quot;showCaptionTitle&quot;:false,&quot;showCaptionDescription&quot;:true},&quot;lazy&quot;:true,&quot;state&quot;:{&quot;enabled&quot;:true,&quot;mask&quot;:&quot;foogallery-{id}&quot;}}\" style=\"--fg-title-line-clamp: 0; --fg-description-line-clamp: 0;\" >\n\t<div class=\"fg-item fg-type-image fg-idle\"><figure class=\"fg-item-inner\"><a href=\"https:\/\/alpavista.ch\/Alp11\/wp-content\/uploads\/Mont_Arpille_001.jpg\" data-caption-title=\"J&amp;#039;ai toujours pens\u00e9 que Ravoire \u00e9tait situ\u00e9 en Valais. Visiblement, les propri\u00e9taires de chalet en sont moins persuad\u00e9s, puisqu&amp;#039;ils ont opt\u00e9 pour une d\u00e9coration sans \u00e9quivoque.\" data-caption-desc=\"J&amp;#039;ai toujours pens\u00e9 que Ravoire \u00e9tait situ\u00e9 en Valais. Visiblement, les propri\u00e9taires de chalet en sont moins persuad\u00e9s, puisqu&amp;#039;ils ont opt\u00e9 pour une d\u00e9coration sans \u00e9quivoque.\" data-attachment-id=\"13049\" data-type=\"image\" class=\"fg-thumb\"><span class=\"fg-image-wrap\"><img decoding=\"async\" alt=\"Mont_Arpille_001.jpg\" title=\"J&amp;#039;ai toujours pens\u00e9 que Ravoire \u00e9tait situ\u00e9 en Valais. Visiblement, les propri\u00e9taires de chalet en sont moins persuad\u00e9s, puisqu&amp;#039;ils ont opt\u00e9 pour une d\u00e9coration sans \u00e9quivoque.\" width=\"101\" height=\"57\" class=\"skip-lazy fg-image\" data-src-fg=\"https:\/\/alpavista.ch\/Alp11\/wp-content\/uploads\/cache\/Mont_Arpille_001\/4203180569.jpg\" src=\"data:image\/svg+xml,%3Csvg%20xmlns%3D%22http%3A%2F%2Fwww.w3.org%2F2000%2Fsvg%22%20width%3D%22101%22%20height%3D%2257%22%20viewBox%3D%220%200%20101%2057%22%3E%3C%2Fsvg%3E\" loading=\"eager\"><\/span><span class=\"fg-image-overlay\"><\/span><\/a><figcaption class=\"fg-caption\"><div class=\"fg-caption-inner\"><div class=\"fg-caption-desc\">J&#039;ai toujours pens\u00e9 que Ravoire \u00e9tait situ\u00e9 en Valais. Visiblement, les propri\u00e9taires de chalet en sont moins persuad\u00e9s, puisqu&#039;ils ont opt\u00e9 pour une d\u00e9coration sans \u00e9quivoque.<\/div><\/div><\/figcaption><\/figure><div class=\"fg-loader\"><\/div><\/div><div class=\"fg-item fg-type-image fg-idle\"><figure class=\"fg-item-inner\"><a href=\"https:\/\/alpavista.ch\/Alp11\/wp-content\/uploads\/Mont_Arpille_002.jpg\" data-caption-title=\"Fra\u00eecheur de la for\u00eat et pentes douces, une seconde partie de mont\u00e9e en mode plaisir.\" data-caption-desc=\"Fra\u00eecheur de la for\u00eat et pentes douces, une seconde partie de mont\u00e9e en mode plaisir.\" data-attachment-id=\"13048\" data-type=\"image\" class=\"fg-thumb\"><span class=\"fg-image-wrap\"><img decoding=\"async\" alt=\"Mont_Arpille_002.jpg\" title=\"Fra\u00eecheur de la for\u00eat et pentes douces, une seconde partie de mont\u00e9e en mode plaisir.\" width=\"101\" height=\"57\" class=\"skip-lazy fg-image\" data-src-fg=\"https:\/\/alpavista.ch\/Alp11\/wp-content\/uploads\/cache\/Mont_Arpille_002\/310397406.jpg\" src=\"data:image\/svg+xml,%3Csvg%20xmlns%3D%22http%3A%2F%2Fwww.w3.org%2F2000%2Fsvg%22%20width%3D%22101%22%20height%3D%2257%22%20viewBox%3D%220%200%20101%2057%22%3E%3C%2Fsvg%3E\" loading=\"eager\"><\/span><span class=\"fg-image-overlay\"><\/span><\/a><figcaption class=\"fg-caption\"><div class=\"fg-caption-inner\"><div class=\"fg-caption-desc\">Fra\u00eecheur de la for\u00eat et pentes douces, une seconde partie de mont\u00e9e en mode plaisir.<\/div><\/div><\/figcaption><\/figure><div class=\"fg-loader\"><\/div><\/div><div class=\"fg-item fg-type-image fg-idle\"><figure class=\"fg-item-inner\"><a href=\"https:\/\/alpavista.ch\/Alp11\/wp-content\/uploads\/Mont_Arpille_003.jpg\" data-caption-title=\"La for\u00eat s&amp;#039;\u00e9claircit, l&amp;#039;\u00e9tendue des p\u00e2turages agumentent et le ciel s&amp;#039;ouvre. L&amp;#039;arriv\u00e9e \u00e0 l&amp;#039;alpage de l&amp;#039;Arpille reste toujours un grand moment.\" data-caption-desc=\"La for\u00eat s&amp;#039;\u00e9claircit, l&amp;#039;\u00e9tendue des p\u00e2turages agumentent et le ciel s&amp;#039;ouvre. L&amp;#039;arriv\u00e9e \u00e0 l&amp;#039;alpage de l&amp;#039;Arpille reste toujours un grand moment.\" data-attachment-id=\"13047\" data-type=\"image\" class=\"fg-thumb\"><span class=\"fg-image-wrap\"><img decoding=\"async\" alt=\"Mont_Arpille_003.jpg\" title=\"La for\u00eat s&amp;#039;\u00e9claircit, l&amp;#039;\u00e9tendue des p\u00e2turages agumentent et le ciel s&amp;#039;ouvre. L&amp;#039;arriv\u00e9e \u00e0 l&amp;#039;alpage de l&amp;#039;Arpille reste toujours un grand moment.\" width=\"101\" height=\"57\" class=\"skip-lazy fg-image\" data-src-fg=\"https:\/\/alpavista.ch\/Alp11\/wp-content\/uploads\/cache\/Mont_Arpille_003\/3057653343.jpg\" src=\"data:image\/svg+xml,%3Csvg%20xmlns%3D%22http%3A%2F%2Fwww.w3.org%2F2000%2Fsvg%22%20width%3D%22101%22%20height%3D%2257%22%20viewBox%3D%220%200%20101%2057%22%3E%3C%2Fsvg%3E\" loading=\"eager\"><\/span><span class=\"fg-image-overlay\"><\/span><\/a><figcaption class=\"fg-caption\"><div class=\"fg-caption-inner\"><div class=\"fg-caption-desc\">La for\u00eat s&#039;\u00e9claircit, l&#039;\u00e9tendue des p\u00e2turages agumentent et le ciel s&#039;ouvre. L&#039;arriv\u00e9e \u00e0 l&#039;alpage de l&#039;Arpille reste toujours un grand moment.<\/div><\/div><\/figcaption><\/figure><div class=\"fg-loader\"><\/div><\/div><div class=\"fg-item fg-type-image fg-idle\"><figure class=\"fg-item-inner\"><a href=\"https:\/\/alpavista.ch\/Alp11\/wp-content\/uploads\/Mont_Arpille_004.jpg\" data-caption-title=\"Nostalgie, ou lorsqu&amp;#039;un ex-chauffeur de l&amp;#039;arm\u00e9e suisse retrouve son rustique compagnon de jeunesse en cours de reconversion.\" data-caption-desc=\"Nostalgie, ou lorsqu&amp;#039;un ex-chauffeur de l&amp;#039;arm\u00e9e suisse retrouve son rustique compagnon de jeunesse en cours de reconversion.\" data-attachment-id=\"13046\" data-type=\"image\" class=\"fg-thumb\"><span class=\"fg-image-wrap\"><img decoding=\"async\" alt=\"Mont_Arpille_004.jpg\" title=\"Nostalgie, ou lorsqu&amp;#039;un ex-chauffeur de l&amp;#039;arm\u00e9e suisse retrouve son rustique compagnon de jeunesse en cours de reconversion.\" width=\"101\" height=\"57\" class=\"skip-lazy fg-image\" data-src-fg=\"https:\/\/alpavista.ch\/Alp11\/wp-content\/uploads\/cache\/Mont_Arpille_004\/3658294114.jpg\" src=\"data:image\/svg+xml,%3Csvg%20xmlns%3D%22http%3A%2F%2Fwww.w3.org%2F2000%2Fsvg%22%20width%3D%22101%22%20height%3D%2257%22%20viewBox%3D%220%200%20101%2057%22%3E%3C%2Fsvg%3E\" loading=\"eager\"><\/span><span class=\"fg-image-overlay\"><\/span><\/a><figcaption class=\"fg-caption\"><div class=\"fg-caption-inner\"><div class=\"fg-caption-desc\">Nostalgie, ou lorsqu&#039;un ex-chauffeur de l&#039;arm\u00e9e suisse retrouve son rustique compagnon de jeunesse en cours de reconversion.<\/div><\/div><\/figcaption><\/figure><div class=\"fg-loader\"><\/div><\/div><div class=\"fg-item fg-type-image fg-idle\"><figure class=\"fg-item-inner\"><a href=\"https:\/\/alpavista.ch\/Alp11\/wp-content\/uploads\/Mont_Arpille_005.jpg\" data-caption-title=\"Public luxuriant, color\u00e9 mais silencieux pour biker recherchant son bonheur loin de la comp\u00e9tition et des applaudissements.\" data-caption-desc=\"Public luxuriant, color\u00e9 mais silencieux pour biker recherchant son bonheur loin de la comp\u00e9tition et des applaudissements.\" data-attachment-id=\"13045\" data-type=\"image\" class=\"fg-thumb\"><span class=\"fg-image-wrap\"><img decoding=\"async\" alt=\"Mont_Arpille_005.jpg\" title=\"Public luxuriant, color\u00e9 mais silencieux pour biker recherchant son bonheur loin de la comp\u00e9tition et des applaudissements.\" width=\"101\" height=\"57\" class=\"skip-lazy fg-image\" data-src-fg=\"https:\/\/alpavista.ch\/Alp11\/wp-content\/uploads\/cache\/Mont_Arpille_005\/3175049104.jpg\" src=\"data:image\/svg+xml,%3Csvg%20xmlns%3D%22http%3A%2F%2Fwww.w3.org%2F2000%2Fsvg%22%20width%3D%22101%22%20height%3D%2257%22%20viewBox%3D%220%200%20101%2057%22%3E%3C%2Fsvg%3E\" loading=\"eager\"><\/span><span class=\"fg-image-overlay\"><\/span><\/a><figcaption class=\"fg-caption\"><div class=\"fg-caption-inner\"><div class=\"fg-caption-desc\">Public luxuriant, color\u00e9 mais silencieux pour biker recherchant son bonheur loin de la comp\u00e9tition et des applaudissements.<\/div><\/div><\/figcaption><\/figure><div class=\"fg-loader\"><\/div><\/div><div class=\"fg-item fg-type-image fg-idle\"><figure class=\"fg-item-inner\"><a href=\"https:\/\/alpavista.ch\/Alp11\/wp-content\/uploads\/Mont_Arpille_006.jpg\" data-caption-title=\"Alpage de l&amp;#039;Arpille, un d\u00e9licat tapis herbeux \u00e0 l&amp;#039;usage de bikers respectueux.\" data-caption-desc=\"Alpage de l&amp;#039;Arpille, un d\u00e9licat tapis herbeux \u00e0 l&amp;#039;usage de bikers respectueux.\" data-attachment-id=\"13044\" data-type=\"image\" class=\"fg-thumb\"><span class=\"fg-image-wrap\"><img decoding=\"async\" alt=\"Mont_Arpille_006.jpg\" title=\"Alpage de l&amp;#039;Arpille, un d\u00e9licat tapis herbeux \u00e0 l&amp;#039;usage de bikers respectueux.\" width=\"101\" height=\"57\" class=\"skip-lazy fg-image\" data-src-fg=\"https:\/\/alpavista.ch\/Alp11\/wp-content\/uploads\/cache\/Mont_Arpille_006\/1429757015.jpg\" src=\"data:image\/svg+xml,%3Csvg%20xmlns%3D%22http%3A%2F%2Fwww.w3.org%2F2000%2Fsvg%22%20width%3D%22101%22%20height%3D%2257%22%20viewBox%3D%220%200%20101%2057%22%3E%3C%2Fsvg%3E\" loading=\"eager\"><\/span><span class=\"fg-image-overlay\"><\/span><\/a><figcaption class=\"fg-caption\"><div class=\"fg-caption-inner\"><div class=\"fg-caption-desc\">Alpage de l&#039;Arpille, un d\u00e9licat tapis herbeux \u00e0 l&#039;usage de bikers respectueux.<\/div><\/div><\/figcaption><\/figure><div class=\"fg-loader\"><\/div><\/div><div class=\"fg-item fg-type-image fg-idle\"><figure class=\"fg-item-inner\"><a href=\"https:\/\/alpavista.ch\/Alp11\/wp-content\/uploads\/Mont_Arpille_007.jpg\" data-caption-title=\"Pointe Ronde et Aiguille du Tour en point de mire, les mollets douloureux ne sont plus qu&amp;#039;un souvenir.\" data-caption-desc=\"Pointe Ronde et Aiguille du Tour en point de mire, les mollets douloureux ne sont plus qu&amp;#039;un souvenir.\" data-attachment-id=\"13043\" data-type=\"image\" class=\"fg-thumb\"><span class=\"fg-image-wrap\"><img decoding=\"async\" alt=\"Mont_Arpille_007.jpg\" title=\"Pointe Ronde et Aiguille du Tour en point de mire, les mollets douloureux ne sont plus qu&amp;#039;un souvenir.\" width=\"101\" height=\"57\" class=\"skip-lazy fg-image\" data-src-fg=\"https:\/\/alpavista.ch\/Alp11\/wp-content\/uploads\/cache\/Mont_Arpille_007\/1935404660.jpg\" src=\"data:image\/svg+xml,%3Csvg%20xmlns%3D%22http%3A%2F%2Fwww.w3.org%2F2000%2Fsvg%22%20width%3D%22101%22%20height%3D%2257%22%20viewBox%3D%220%200%20101%2057%22%3E%3C%2Fsvg%3E\" loading=\"eager\"><\/span><span class=\"fg-image-overlay\"><\/span><\/a><figcaption class=\"fg-caption\"><div class=\"fg-caption-inner\"><div class=\"fg-caption-desc\">Pointe Ronde et Aiguille du Tour en point de mire, les mollets douloureux ne sont plus qu&#039;un souvenir.<\/div><\/div><\/figcaption><\/figure><div class=\"fg-loader\"><\/div><\/div><div class=\"fg-item fg-type-image fg-idle\"><figure class=\"fg-item-inner\"><a href=\"https:\/\/alpavista.ch\/Alp11\/wp-content\/uploads\/Mont_Arpille_008.jpg\" data-caption-title=\"Balcon sur Valais.\" data-caption-desc=\"Balcon sur Valais.\" data-attachment-id=\"13042\" data-type=\"image\" class=\"fg-thumb\"><span class=\"fg-image-wrap\"><img decoding=\"async\" alt=\"Mont_Arpille_008.jpg\" title=\"Balcon sur Valais.\" width=\"101\" height=\"57\" class=\"skip-lazy fg-image\" data-src-fg=\"https:\/\/alpavista.ch\/Alp11\/wp-content\/uploads\/cache\/Mont_Arpille_008\/3438526716.jpg\" src=\"data:image\/svg+xml,%3Csvg%20xmlns%3D%22http%3A%2F%2Fwww.w3.org%2F2000%2Fsvg%22%20width%3D%22101%22%20height%3D%2257%22%20viewBox%3D%220%200%20101%2057%22%3E%3C%2Fsvg%3E\" loading=\"eager\"><\/span><span class=\"fg-image-overlay\"><\/span><\/a><figcaption class=\"fg-caption\"><div class=\"fg-caption-inner\"><div class=\"fg-caption-desc\">Balcon sur Valais.<\/div><\/div><\/figcaption><\/figure><div class=\"fg-loader\"><\/div><\/div><div class=\"fg-item fg-type-image fg-idle\"><figure class=\"fg-item-inner\"><a href=\"https:\/\/alpavista.ch\/Alp11\/wp-content\/uploads\/Mont_Arpille_009.jpg\" data-caption-title=\"VTT champ\u00eatre.\" data-caption-desc=\"VTT champ\u00eatre.\" data-attachment-id=\"13041\" data-type=\"image\" class=\"fg-thumb\"><span class=\"fg-image-wrap\"><img decoding=\"async\" alt=\"Mont_Arpille_009.jpg\" title=\"VTT champ\u00eatre.\" width=\"101\" height=\"57\" class=\"skip-lazy fg-image\" data-src-fg=\"https:\/\/alpavista.ch\/Alp11\/wp-content\/uploads\/cache\/Mont_Arpille_009\/2881586190.jpg\" src=\"data:image\/svg+xml,%3Csvg%20xmlns%3D%22http%3A%2F%2Fwww.w3.org%2F2000%2Fsvg%22%20width%3D%22101%22%20height%3D%2257%22%20viewBox%3D%220%200%20101%2057%22%3E%3C%2Fsvg%3E\" loading=\"eager\"><\/span><span class=\"fg-image-overlay\"><\/span><\/a><figcaption class=\"fg-caption\"><div class=\"fg-caption-inner\"><div class=\"fg-caption-desc\">VTT champ\u00eatre.<\/div><\/div><\/figcaption><\/figure><div class=\"fg-loader\"><\/div><\/div><div class=\"fg-item fg-type-image fg-idle\"><figure class=\"fg-item-inner\"><a href=\"https:\/\/alpavista.ch\/Alp11\/wp-content\/uploads\/Mont_Arpille_010.jpg\" data-caption-title=\"Bref r\u00e9pit accord\u00e9 par un itin\u00e9raire soucieux de faire profiter de ses magistraux \u00e0-c\u00f4t\u00e9s.\" data-caption-desc=\"Bref r\u00e9pit accord\u00e9 par un itin\u00e9raire soucieux de faire profiter de ses magistraux \u00e0-c\u00f4t\u00e9s.\" data-attachment-id=\"13040\" data-type=\"image\" class=\"fg-thumb\"><span class=\"fg-image-wrap\"><img decoding=\"async\" alt=\"Mont_Arpille_010.jpg\" title=\"Bref r\u00e9pit accord\u00e9 par un itin\u00e9raire soucieux de faire profiter de ses magistraux \u00e0-c\u00f4t\u00e9s.\" width=\"101\" height=\"57\" class=\"skip-lazy fg-image\" data-src-fg=\"https:\/\/alpavista.ch\/Alp11\/wp-content\/uploads\/cache\/Mont_Arpille_010\/3313350466.jpg\" src=\"data:image\/svg+xml,%3Csvg%20xmlns%3D%22http%3A%2F%2Fwww.w3.org%2F2000%2Fsvg%22%20width%3D%22101%22%20height%3D%2257%22%20viewBox%3D%220%200%20101%2057%22%3E%3C%2Fsvg%3E\" loading=\"eager\"><\/span><span class=\"fg-image-overlay\"><\/span><\/a><figcaption class=\"fg-caption\"><div class=\"fg-caption-inner\"><div class=\"fg-caption-desc\">Bref r\u00e9pit accord\u00e9 par un itin\u00e9raire soucieux de faire profiter de ses magistraux \u00e0-c\u00f4t\u00e9s.<\/div><\/div><\/figcaption><\/figure><div class=\"fg-loader\"><\/div><\/div><div class=\"fg-item fg-type-image fg-idle\"><figure class=\"fg-item-inner\"><a href=\"https:\/\/alpavista.ch\/Alp11\/wp-content\/uploads\/Mont_Arpille_011.jpg\" data-caption-title=\"La piste s&amp;#039;estompe, la pente s&amp;#039;accentue et la vraie rando vers le Mont de l&amp;#039;Arpille d\u00e9bute.\" data-caption-desc=\"La piste s&amp;#039;estompe, la pente s&amp;#039;accentue et la vraie rando vers le Mont de l&amp;#039;Arpille d\u00e9bute.\" data-attachment-id=\"13039\" data-type=\"image\" class=\"fg-thumb\"><span class=\"fg-image-wrap\"><img decoding=\"async\" alt=\"Mont_Arpille_011.jpg\" title=\"La piste s&amp;#039;estompe, la pente s&amp;#039;accentue et la vraie rando vers le Mont de l&amp;#039;Arpille d\u00e9bute.\" width=\"101\" height=\"57\" class=\"skip-lazy fg-image\" data-src-fg=\"https:\/\/alpavista.ch\/Alp11\/wp-content\/uploads\/cache\/Mont_Arpille_011\/1489395929.jpg\" src=\"data:image\/svg+xml,%3Csvg%20xmlns%3D%22http%3A%2F%2Fwww.w3.org%2F2000%2Fsvg%22%20width%3D%22101%22%20height%3D%2257%22%20viewBox%3D%220%200%20101%2057%22%3E%3C%2Fsvg%3E\" loading=\"eager\"><\/span><span class=\"fg-image-overlay\"><\/span><\/a><figcaption class=\"fg-caption\"><div class=\"fg-caption-inner\"><div class=\"fg-caption-desc\">La piste s&#039;estompe, la pente s&#039;accentue et la vraie rando vers le Mont de l&#039;Arpille d\u00e9bute.<\/div><\/div><\/figcaption><\/figure><div class=\"fg-loader\"><\/div><\/div><div class=\"fg-item fg-type-image fg-idle\"><figure class=\"fg-item-inner\"><a href=\"https:\/\/alpavista.ch\/Alp11\/wp-content\/uploads\/Mont_Arpille_012.jpg\" data-caption-title=\"Au d\u00e9tour d&amp;#039;un bouquet de rhodos, le sommet est en vue.\" data-caption-desc=\"Au d\u00e9tour d&amp;#039;un bouquet de rhodos, le sommet est en vue.\" data-attachment-id=\"13038\" data-type=\"image\" class=\"fg-thumb\"><span class=\"fg-image-wrap\"><img decoding=\"async\" alt=\"Mont_Arpille_012.jpg\" title=\"Au d\u00e9tour d&amp;#039;un bouquet de rhodos, le sommet est en vue.\" width=\"101\" height=\"57\" class=\"skip-lazy fg-image\" data-src-fg=\"https:\/\/alpavista.ch\/Alp11\/wp-content\/uploads\/cache\/Mont_Arpille_012\/2965461790.jpg\" src=\"data:image\/svg+xml,%3Csvg%20xmlns%3D%22http%3A%2F%2Fwww.w3.org%2F2000%2Fsvg%22%20width%3D%22101%22%20height%3D%2257%22%20viewBox%3D%220%200%20101%2057%22%3E%3C%2Fsvg%3E\" loading=\"eager\"><\/span><span class=\"fg-image-overlay\"><\/span><\/a><figcaption class=\"fg-caption\"><div class=\"fg-caption-inner\"><div class=\"fg-caption-desc\">Au d\u00e9tour d&#039;un bouquet de rhodos, le sommet est en vue.<\/div><\/div><\/figcaption><\/figure><div class=\"fg-loader\"><\/div><\/div><div class=\"fg-item fg-type-image fg-idle\"><figure class=\"fg-item-inner\"><a href=\"https:\/\/alpavista.ch\/Alp11\/wp-content\/uploads\/Mont_Arpille_013.jpg\" data-caption-title=\"La vue est \u00e9poustoufflante, le chemin ludique \u00e0 souhait et la m\u00e9t\u00e9o au beau fixe. Y a pire comme dimanche apr\u00e8s-midi.\" data-caption-desc=\"La vue est \u00e9poustoufflante, le chemin ludique \u00e0 souhait et la m\u00e9t\u00e9o au beau fixe. Y a pire comme dimanche apr\u00e8s-midi.\" data-attachment-id=\"13037\" data-type=\"image\" class=\"fg-thumb\"><span class=\"fg-image-wrap\"><img decoding=\"async\" alt=\"Mont_Arpille_013.jpg\" title=\"La vue est \u00e9poustoufflante, le chemin ludique \u00e0 souhait et la m\u00e9t\u00e9o au beau fixe. Y a pire comme dimanche apr\u00e8s-midi.\" width=\"101\" height=\"57\" class=\"skip-lazy fg-image\" data-src-fg=\"https:\/\/alpavista.ch\/Alp11\/wp-content\/uploads\/cache\/Mont_Arpille_013\/335611039.jpg\" src=\"data:image\/svg+xml,%3Csvg%20xmlns%3D%22http%3A%2F%2Fwww.w3.org%2F2000%2Fsvg%22%20width%3D%22101%22%20height%3D%2257%22%20viewBox%3D%220%200%20101%2057%22%3E%3C%2Fsvg%3E\" loading=\"eager\"><\/span><span class=\"fg-image-overlay\"><\/span><\/a><figcaption class=\"fg-caption\"><div class=\"fg-caption-inner\"><div class=\"fg-caption-desc\">La vue est \u00e9poustoufflante, le chemin ludique \u00e0 souhait et la m\u00e9t\u00e9o au beau fixe. Y a pire comme dimanche apr\u00e8s-midi.<\/div><\/div><\/figcaption><\/figure><div class=\"fg-loader\"><\/div><\/div><div class=\"fg-item fg-type-image fg-idle\"><figure class=\"fg-item-inner\"><a href=\"https:\/\/alpavista.ch\/Alp11\/wp-content\/uploads\/Mont_Arpille_014.jpg\" data-caption-title=\"Les derniers coups de p\u00e9dales.\" data-caption-desc=\"Les derniers coups de p\u00e9dales.\" data-attachment-id=\"13036\" data-type=\"image\" class=\"fg-thumb\"><span class=\"fg-image-wrap\"><img decoding=\"async\" alt=\"Mont_Arpille_014.jpg\" title=\"Les derniers coups de p\u00e9dales.\" width=\"101\" height=\"57\" class=\"skip-lazy fg-image\" data-src-fg=\"https:\/\/alpavista.ch\/Alp11\/wp-content\/uploads\/cache\/Mont_Arpille_014\/2018259362.jpg\" src=\"data:image\/svg+xml,%3Csvg%20xmlns%3D%22http%3A%2F%2Fwww.w3.org%2F2000%2Fsvg%22%20width%3D%22101%22%20height%3D%2257%22%20viewBox%3D%220%200%20101%2057%22%3E%3C%2Fsvg%3E\" loading=\"eager\"><\/span><span class=\"fg-image-overlay\"><\/span><\/a><figcaption class=\"fg-caption\"><div class=\"fg-caption-inner\"><div class=\"fg-caption-desc\">Les derniers coups de p\u00e9dales.<\/div><\/div><\/figcaption><\/figure><div class=\"fg-loader\"><\/div><\/div><div class=\"fg-item fg-type-image fg-idle\"><figure class=\"fg-item-inner\"><a href=\"https:\/\/alpavista.ch\/Alp11\/wp-content\/uploads\/Mont_Arpille_015.jpg\" data-caption-title=\"Rester en selle est dor\u00e9navant plus une question de volont\u00e9 que de trac\u00e9.\" data-caption-desc=\"Rester en selle est dor\u00e9navant plus une question de volont\u00e9 que de trac\u00e9.\" data-attachment-id=\"13035\" data-type=\"image\" class=\"fg-thumb\"><span class=\"fg-image-wrap\"><img decoding=\"async\" alt=\"Mont_Arpille_015.jpg\" title=\"Rester en selle est dor\u00e9navant plus une question de volont\u00e9 que de trac\u00e9.\" width=\"101\" height=\"57\" class=\"skip-lazy fg-image\" data-src-fg=\"https:\/\/alpavista.ch\/Alp11\/wp-content\/uploads\/cache\/Mont_Arpille_015\/528381264.jpg\" src=\"data:image\/svg+xml,%3Csvg%20xmlns%3D%22http%3A%2F%2Fwww.w3.org%2F2000%2Fsvg%22%20width%3D%22101%22%20height%3D%2257%22%20viewBox%3D%220%200%20101%2057%22%3E%3C%2Fsvg%3E\" loading=\"eager\"><\/span><span class=\"fg-image-overlay\"><\/span><\/a><figcaption class=\"fg-caption\"><div class=\"fg-caption-inner\"><div class=\"fg-caption-desc\">Rester en selle est dor\u00e9navant plus une question de volont\u00e9 que de trac\u00e9.<\/div><\/div><\/figcaption><\/figure><div class=\"fg-loader\"><\/div><\/div><div class=\"fg-item fg-type-image fg-idle\"><figure class=\"fg-item-inner\"><a href=\"https:\/\/alpavista.ch\/Alp11\/wp-content\/uploads\/Mont_Arpille_016.jpg\" data-caption-title=\"La bataille du dernier kilom\u00e8tre : un stage de sherpa, ardu et suffocant.\" data-caption-desc=\"La bataille du dernier kilom\u00e8tre : un stage de sherpa, ardu et suffocant.\" data-attachment-id=\"13034\" data-type=\"image\" class=\"fg-thumb\"><span class=\"fg-image-wrap\"><img decoding=\"async\" alt=\"Mont_Arpille_016.jpg\" title=\"La bataille du dernier kilom\u00e8tre : un stage de sherpa, ardu et suffocant.\" width=\"101\" height=\"57\" class=\"skip-lazy fg-image\" data-src-fg=\"https:\/\/alpavista.ch\/Alp11\/wp-content\/uploads\/cache\/Mont_Arpille_016\/4151922327.jpg\" src=\"data:image\/svg+xml,%3Csvg%20xmlns%3D%22http%3A%2F%2Fwww.w3.org%2F2000%2Fsvg%22%20width%3D%22101%22%20height%3D%2257%22%20viewBox%3D%220%200%20101%2057%22%3E%3C%2Fsvg%3E\" loading=\"eager\"><\/span><span class=\"fg-image-overlay\"><\/span><\/a><figcaption class=\"fg-caption\"><div class=\"fg-caption-inner\"><div class=\"fg-caption-desc\">La bataille du dernier kilom\u00e8tre : un stage de sherpa, ardu et suffocant.<\/div><\/div><\/figcaption><\/figure><div class=\"fg-loader\"><\/div><\/div><div class=\"fg-item fg-type-image fg-idle\"><figure class=\"fg-item-inner\"><a href=\"https:\/\/alpavista.ch\/Alp11\/wp-content\/uploads\/Mont_Arpille_017.jpg\" data-caption-title=\"L&amp;#039;ar\u00eate sommitale nous offre, en plus d&amp;#039;un panorama \u00e9poustoufflant, l&amp;#039;opportunit\u00e9 d&amp;#039;un retour en selle inesp\u00e9r\u00e9. Ou quand le mieux n&amp;#039;est pas l&amp;#039;ennemi du bien.\" data-caption-desc=\"L&amp;#039;ar\u00eate sommitale nous offre, en plus d&amp;#039;un panorama \u00e9poustoufflant, l&amp;#039;opportunit\u00e9 d&amp;#039;un retour en selle inesp\u00e9r\u00e9. Ou quand le mieux n&amp;#039;est pas l&amp;#039;ennemi du bien.\" data-attachment-id=\"13033\" data-type=\"image\" class=\"fg-thumb\"><span class=\"fg-image-wrap\"><img decoding=\"async\" alt=\"Mont_Arpille_017.jpg\" title=\"L&amp;#039;ar\u00eate sommitale nous offre, en plus d&amp;#039;un panorama \u00e9poustoufflant, l&amp;#039;opportunit\u00e9 d&amp;#039;un retour en selle inesp\u00e9r\u00e9. Ou quand le mieux n&amp;#039;est pas l&amp;#039;ennemi du bien.\" width=\"101\" height=\"57\" class=\"skip-lazy fg-image\" data-src-fg=\"https:\/\/alpavista.ch\/Alp11\/wp-content\/uploads\/cache\/Mont_Arpille_017\/3508206772.jpg\" src=\"data:image\/svg+xml,%3Csvg%20xmlns%3D%22http%3A%2F%2Fwww.w3.org%2F2000%2Fsvg%22%20width%3D%22101%22%20height%3D%2257%22%20viewBox%3D%220%200%20101%2057%22%3E%3C%2Fsvg%3E\" loading=\"eager\"><\/span><span class=\"fg-image-overlay\"><\/span><\/a><figcaption class=\"fg-caption\"><div class=\"fg-caption-inner\"><div class=\"fg-caption-desc\">L&#039;ar\u00eate sommitale nous offre, en plus d&#039;un panorama \u00e9poustoufflant, l&#039;opportunit\u00e9 d&#039;un retour en selle inesp\u00e9r\u00e9. Ou quand le mieux n&#039;est pas l&#039;ennemi du bien.<\/div><\/div><\/figcaption><\/figure><div class=\"fg-loader\"><\/div><\/div><div class=\"fg-item fg-type-image fg-idle\"><figure class=\"fg-item-inner\"><a href=\"https:\/\/alpavista.ch\/Alp11\/wp-content\/uploads\/Mont_Arpille_018.jpg\" data-caption-title=\"Demi-lune d&amp;#039;infos et de granit pour panorama hors-du-commun.\" data-caption-desc=\"Demi-lune d&amp;#039;infos et de granit pour panorama hors-du-commun.\" data-attachment-id=\"13032\" data-type=\"image\" class=\"fg-thumb\"><span class=\"fg-image-wrap\"><img decoding=\"async\" alt=\"Mont_Arpille_018.jpg\" title=\"Demi-lune d&amp;#039;infos et de granit pour panorama hors-du-commun.\" width=\"101\" height=\"57\" class=\"skip-lazy fg-image\" data-src-fg=\"https:\/\/alpavista.ch\/Alp11\/wp-content\/uploads\/cache\/Mont_Arpille_018\/1857212988.jpg\" src=\"data:image\/svg+xml,%3Csvg%20xmlns%3D%22http%3A%2F%2Fwww.w3.org%2F2000%2Fsvg%22%20width%3D%22101%22%20height%3D%2257%22%20viewBox%3D%220%200%20101%2057%22%3E%3C%2Fsvg%3E\" loading=\"eager\"><\/span><span class=\"fg-image-overlay\"><\/span><\/a><figcaption class=\"fg-caption\"><div class=\"fg-caption-inner\"><div class=\"fg-caption-desc\">Demi-lune d&#039;infos et de granit pour panorama hors-du-commun.<\/div><\/div><\/figcaption><\/figure><div class=\"fg-loader\"><\/div><\/div><div class=\"fg-item fg-type-image fg-idle\"><figure class=\"fg-item-inner\"><a href=\"https:\/\/alpavista.ch\/Alp11\/wp-content\/uploads\/Mont_Arpille_019.jpg\" data-caption-title=\"Plus c&amp;#039;est haut... plus c&amp;#039;est haut. Proverbe JiPiste du XXI\u00e8me si\u00e8cle.\" data-caption-desc=\"Plus c&amp;#039;est haut... plus c&amp;#039;est haut. Proverbe JiPiste du XXI\u00e8me si\u00e8cle.\" data-attachment-id=\"13031\" data-type=\"image\" class=\"fg-thumb\"><span class=\"fg-image-wrap\"><img decoding=\"async\" alt=\"Mont_Arpille_019.jpg\" title=\"Plus c&amp;#039;est haut... plus c&amp;#039;est haut. Proverbe JiPiste du XXI\u00e8me si\u00e8cle.\" width=\"101\" height=\"57\" class=\"skip-lazy fg-image\" data-src-fg=\"https:\/\/alpavista.ch\/Alp11\/wp-content\/uploads\/cache\/Mont_Arpille_019\/159422158.jpg\" src=\"data:image\/svg+xml,%3Csvg%20xmlns%3D%22http%3A%2F%2Fwww.w3.org%2F2000%2Fsvg%22%20width%3D%22101%22%20height%3D%2257%22%20viewBox%3D%220%200%20101%2057%22%3E%3C%2Fsvg%3E\" loading=\"eager\"><\/span><span class=\"fg-image-overlay\"><\/span><\/a><figcaption class=\"fg-caption\"><div class=\"fg-caption-inner\"><div class=\"fg-caption-desc\">Plus c&#039;est haut... plus c&#039;est haut. Proverbe JiPiste du XXI\u00e8me si\u00e8cle.<\/div><\/div><\/figcaption><\/figure><div class=\"fg-loader\"><\/div><\/div><div class=\"fg-item fg-type-image fg-idle\"><figure class=\"fg-item-inner\"><a href=\"https:\/\/alpavista.ch\/Alp11\/wp-content\/uploads\/Mont_Arpille_020.jpg\" data-caption-title=\"Du Mont de l&amp;#039;Arpille, on s&amp;#039;engage dans la descente comme on entre en religion, avec ferveur et conviction.\" data-caption-desc=\"Du Mont de l&amp;#039;Arpille, on s&amp;#039;engage dans la descente comme on entre en religion, avec ferveur et conviction.\" data-attachment-id=\"13030\" data-type=\"image\" class=\"fg-thumb\"><span class=\"fg-image-wrap\"><img decoding=\"async\" alt=\"Mont_Arpille_020.jpg\" title=\"Du Mont de l&amp;#039;Arpille, on s&amp;#039;engage dans la descente comme on entre en religion, avec ferveur et conviction.\" width=\"101\" height=\"57\" class=\"skip-lazy fg-image\" data-src-fg=\"https:\/\/alpavista.ch\/Alp11\/wp-content\/uploads\/cache\/Mont_Arpille_020\/1238011140.jpg\" src=\"data:image\/svg+xml,%3Csvg%20xmlns%3D%22http%3A%2F%2Fwww.w3.org%2F2000%2Fsvg%22%20width%3D%22101%22%20height%3D%2257%22%20viewBox%3D%220%200%20101%2057%22%3E%3C%2Fsvg%3E\" loading=\"eager\"><\/span><span class=\"fg-image-overlay\"><\/span><\/a><figcaption class=\"fg-caption\"><div class=\"fg-caption-inner\"><div class=\"fg-caption-desc\">Du Mont de l&#039;Arpille, on s&#039;engage dans la descente comme on entre en religion, avec ferveur et conviction.<\/div><\/div><\/figcaption><\/figure><div class=\"fg-loader\"><\/div><\/div><div class=\"fg-item fg-type-image fg-idle\"><figure class=\"fg-item-inner\"><a href=\"https:\/\/alpavista.ch\/Alp11\/wp-content\/uploads\/Mont_Arpille_021.jpg\" data-caption-title=\"Devant un tel spectacle, les vocations religieuses et descendeuses n&amp;#039;ont finalement que peu de m\u00e9rite.\" data-caption-desc=\"Devant un tel spectacle, les vocations religieuses et descendeuses n&amp;#039;ont finalement que peu de m\u00e9rite.\" data-attachment-id=\"13029\" data-type=\"image\" class=\"fg-thumb\"><span class=\"fg-image-wrap\"><img decoding=\"async\" alt=\"Mont_Arpille_021.jpg\" title=\"Devant un tel spectacle, les vocations religieuses et descendeuses n&amp;#039;ont finalement que peu de m\u00e9rite.\" width=\"101\" height=\"57\" class=\"skip-lazy fg-image\" data-src-fg=\"https:\/\/alpavista.ch\/Alp11\/wp-content\/uploads\/cache\/Mont_Arpille_021\/1563308273.jpg\" src=\"data:image\/svg+xml,%3Csvg%20xmlns%3D%22http%3A%2F%2Fwww.w3.org%2F2000%2Fsvg%22%20width%3D%22101%22%20height%3D%2257%22%20viewBox%3D%220%200%20101%2057%22%3E%3C%2Fsvg%3E\" loading=\"eager\"><\/span><span class=\"fg-image-overlay\"><\/span><\/a><figcaption class=\"fg-caption\"><div class=\"fg-caption-inner\"><div class=\"fg-caption-desc\">Devant un tel spectacle, les vocations religieuses et descendeuses n&#039;ont finalement que peu de m\u00e9rite.<\/div><\/div><\/figcaption><\/figure><div class=\"fg-loader\"><\/div><\/div><div class=\"fg-item fg-type-image fg-idle\"><figure class=\"fg-item-inner\"><a href=\"https:\/\/alpavista.ch\/Alp11\/wp-content\/uploads\/Mont_Arpille_022.jpg\" data-caption-title=\"Tapis de rhododhendrons, g\u00e9n\u00e9vriers et myrtillers pour un itin\u00e9raire furtif et joueur.\" data-caption-desc=\"Tapis de rhododhendrons, g\u00e9n\u00e9vriers et myrtillers pour un itin\u00e9raire furtif et joueur.\" data-attachment-id=\"13028\" data-type=\"image\" class=\"fg-thumb\"><span class=\"fg-image-wrap\"><img decoding=\"async\" alt=\"Mont_Arpille_022.jpg\" title=\"Tapis de rhododhendrons, g\u00e9n\u00e9vriers et myrtillers pour un itin\u00e9raire furtif et joueur.\" width=\"101\" height=\"57\" class=\"skip-lazy fg-image\" data-src-fg=\"https:\/\/alpavista.ch\/Alp11\/wp-content\/uploads\/cache\/Mont_Arpille_022\/3039365942.jpg\" src=\"data:image\/svg+xml,%3Csvg%20xmlns%3D%22http%3A%2F%2Fwww.w3.org%2F2000%2Fsvg%22%20width%3D%22101%22%20height%3D%2257%22%20viewBox%3D%220%200%20101%2057%22%3E%3C%2Fsvg%3E\" loading=\"eager\"><\/span><span class=\"fg-image-overlay\"><\/span><\/a><figcaption class=\"fg-caption\"><div class=\"fg-caption-inner\"><div class=\"fg-caption-desc\">Tapis de rhododhendrons, g\u00e9n\u00e9vriers et myrtillers pour un itin\u00e9raire furtif et joueur.<\/div><\/div><\/figcaption><\/figure><div class=\"fg-loader\"><\/div><\/div><div class=\"fg-item fg-type-image fg-idle\"><figure class=\"fg-item-inner\"><a href=\"https:\/\/alpavista.ch\/Alp11\/wp-content\/uploads\/Mont_Arpille_023.jpg\" data-caption-title=\"Rod\u00e9o pour deux-roues.\" data-caption-desc=\"Rod\u00e9o pour deux-roues.\" data-attachment-id=\"13027\" data-type=\"image\" class=\"fg-thumb\"><span class=\"fg-image-wrap\"><img decoding=\"async\" alt=\"Mont_Arpille_023.jpg\" title=\"Rod\u00e9o pour deux-roues.\" width=\"101\" height=\"57\" class=\"skip-lazy fg-image\" data-src-fg=\"https:\/\/alpavista.ch\/Alp11\/wp-content\/uploads\/cache\/Mont_Arpille_023\/300504247.jpg\" src=\"data:image\/svg+xml,%3Csvg%20xmlns%3D%22http%3A%2F%2Fwww.w3.org%2F2000%2Fsvg%22%20width%3D%22101%22%20height%3D%2257%22%20viewBox%3D%220%200%20101%2057%22%3E%3C%2Fsvg%3E\" loading=\"eager\"><\/span><span class=\"fg-image-overlay\"><\/span><\/a><figcaption class=\"fg-caption\"><div class=\"fg-caption-inner\"><div class=\"fg-caption-desc\">Rod\u00e9o pour deux-roues.<\/div><\/div><\/figcaption><\/figure><div class=\"fg-loader\"><\/div><\/div><div class=\"fg-item fg-type-image fg-idle\"><figure class=\"fg-item-inner\"><a href=\"https:\/\/alpavista.ch\/Alp11\/wp-content\/uploads\/Mont_Arpille_024.jpg\" data-caption-title=\"Virage avec vue pour biker sachant garder sa concentration.\" data-caption-desc=\"Virage avec vue pour biker sachant garder sa concentration.\" data-attachment-id=\"13026\" data-type=\"image\" class=\"fg-thumb\"><span class=\"fg-image-wrap\"><img decoding=\"async\" alt=\"Mont_Arpille_024.jpg\" title=\"Virage avec vue pour biker sachant garder sa concentration.\" width=\"101\" height=\"57\" class=\"skip-lazy fg-image\" data-src-fg=\"https:\/\/alpavista.ch\/Alp11\/wp-content\/uploads\/cache\/Mont_Arpille_024\/2107924874.jpg\" src=\"data:image\/svg+xml,%3Csvg%20xmlns%3D%22http%3A%2F%2Fwww.w3.org%2F2000%2Fsvg%22%20width%3D%22101%22%20height%3D%2257%22%20viewBox%3D%220%200%20101%2057%22%3E%3C%2Fsvg%3E\" loading=\"eager\"><\/span><span class=\"fg-image-overlay\"><\/span><\/a><figcaption class=\"fg-caption\"><div class=\"fg-caption-inner\"><div class=\"fg-caption-desc\">Virage avec vue pour biker sachant garder sa concentration.<\/div><\/div><\/figcaption><\/figure><div class=\"fg-loader\"><\/div><\/div><div class=\"fg-item fg-type-image fg-idle\"><figure class=\"fg-item-inner\"><a href=\"https:\/\/alpavista.ch\/Alp11\/wp-content\/uploads\/Mont_Arpille_025.jpg\" data-caption-title=\"Des lacets et des marches, pour un itin\u00e9raire moins \u00e9vident que suppos\u00e9 lors de sa d\u00e9couverte hivernale.\" data-caption-desc=\"Des lacets et des marches, pour un itin\u00e9raire moins \u00e9vident que suppos\u00e9 lors de sa d\u00e9couverte hivernale.\" data-attachment-id=\"13025\" data-type=\"image\" class=\"fg-thumb\"><span class=\"fg-image-wrap\"><img decoding=\"async\" alt=\"Mont_Arpille_025.jpg\" title=\"Des lacets et des marches, pour un itin\u00e9raire moins \u00e9vident que suppos\u00e9 lors de sa d\u00e9couverte hivernale.\" width=\"101\" height=\"57\" class=\"skip-lazy fg-image\" data-src-fg=\"https:\/\/alpavista.ch\/Alp11\/wp-content\/uploads\/cache\/Mont_Arpille_025\/446047608.jpg\" src=\"data:image\/svg+xml,%3Csvg%20xmlns%3D%22http%3A%2F%2Fwww.w3.org%2F2000%2Fsvg%22%20width%3D%22101%22%20height%3D%2257%22%20viewBox%3D%220%200%20101%2057%22%3E%3C%2Fsvg%3E\" loading=\"eager\"><\/span><span class=\"fg-image-overlay\"><\/span><\/a><figcaption class=\"fg-caption\"><div class=\"fg-caption-inner\"><div class=\"fg-caption-desc\">Des lacets et des marches, pour un itin\u00e9raire moins \u00e9vident que suppos\u00e9 lors de sa d\u00e9couverte hivernale.<\/div><\/div><\/figcaption><\/figure><div class=\"fg-loader\"><\/div><\/div><div class=\"fg-item fg-type-image fg-idle\"><figure class=\"fg-item-inner\"><a href=\"https:\/\/alpavista.ch\/Alp11\/wp-content\/uploads\/Mont_Arpille_026.jpg\" data-attachment-id=\"13024\" data-type=\"image\" class=\"fg-thumb\"><span class=\"fg-image-wrap\"><img decoding=\"async\" alt=\"Mont_Arpille_026.jpg\" width=\"101\" height=\"57\" class=\"skip-lazy fg-image\" data-src-fg=\"https:\/\/alpavista.ch\/Alp11\/wp-content\/uploads\/cache\/Mont_Arpille_026\/4069596863.jpg\" src=\"data:image\/svg+xml,%3Csvg%20xmlns%3D%22http%3A%2F%2Fwww.w3.org%2F2000%2Fsvg%22%20width%3D%22101%22%20height%3D%2257%22%20viewBox%3D%220%200%20101%2057%22%3E%3C%2Fsvg%3E\" loading=\"eager\"><\/span><span class=\"fg-image-overlay\"><\/span><\/a><\/figure><div class=\"fg-loader\"><\/div><\/div><div class=\"fg-item fg-type-image fg-idle\"><figure class=\"fg-item-inner\"><a href=\"https:\/\/alpavista.ch\/Alp11\/wp-content\/uploads\/Mont_Arpille_027.jpg\" data-attachment-id=\"13023\" data-type=\"image\" class=\"fg-thumb\"><span class=\"fg-image-wrap\"><img decoding=\"async\" alt=\"Mont_Arpille_027.jpg\" width=\"101\" height=\"57\" class=\"skip-lazy fg-image\" data-src-fg=\"https:\/\/alpavista.ch\/Alp11\/wp-content\/uploads\/cache\/Mont_Arpille_027\/3572673692.jpg\" src=\"data:image\/svg+xml,%3Csvg%20xmlns%3D%22http%3A%2F%2Fwww.w3.org%2F2000%2Fsvg%22%20width%3D%22101%22%20height%3D%2257%22%20viewBox%3D%220%200%20101%2057%22%3E%3C%2Fsvg%3E\" loading=\"eager\"><\/span><span class=\"fg-image-overlay\"><\/span><\/a><\/figure><div class=\"fg-loader\"><\/div><\/div><div class=\"fg-item fg-type-image fg-idle\"><figure class=\"fg-item-inner\"><a href=\"https:\/\/alpavista.ch\/Alp11\/wp-content\/uploads\/Mont_Arpille_028.jpg\" data-attachment-id=\"13022\" data-type=\"image\" class=\"fg-thumb\"><span class=\"fg-image-wrap\"><img decoding=\"async\" alt=\"Mont_Arpille_028.jpg\" width=\"101\" height=\"57\" class=\"skip-lazy fg-image\" data-src-fg=\"https:\/\/alpavista.ch\/Alp11\/wp-content\/uploads\/cache\/Mont_Arpille_028\/1801093652.jpg\" src=\"data:image\/svg+xml,%3Csvg%20xmlns%3D%22http%3A%2F%2Fwww.w3.org%2F2000%2Fsvg%22%20width%3D%22101%22%20height%3D%2257%22%20viewBox%3D%220%200%20101%2057%22%3E%3C%2Fsvg%3E\" loading=\"eager\"><\/span><span class=\"fg-image-overlay\"><\/span><\/a><\/figure><div class=\"fg-loader\"><\/div><\/div><div class=\"fg-item fg-type-image fg-idle\"><figure class=\"fg-item-inner\"><a href=\"https:\/\/alpavista.ch\/Alp11\/wp-content\/uploads\/Mont_Arpille_029.jpg\" data-caption-title=\"A la recherche du sentier perdu. En l&amp;#039;occurence, le d\u00e9part de celui du Rev\u00e9-la Cr\u00eata, cach\u00e9 dans l&amp;#039;abondant herbage de l&amp;#039;alpage de l&amp;#039;Arpille.\" data-caption-desc=\"A la recherche du sentier perdu. En l&amp;#039;occurence, le d\u00e9part de celui du Rev\u00e9-la Cr\u00eata, cach\u00e9 dans l&amp;#039;abondant herbage de l&amp;#039;alpage de l&amp;#039;Arpille.\" data-attachment-id=\"13021\" data-type=\"image\" class=\"fg-thumb\"><span class=\"fg-image-wrap\"><img decoding=\"async\" alt=\"Mont_Arpille_029.jpg\" title=\"A la recherche du sentier perdu. En l&amp;#039;occurence, le d\u00e9part de celui du Rev\u00e9-la Cr\u00eata, cach\u00e9 dans l&amp;#039;abondant herbage de l&amp;#039;alpage de l&amp;#039;Arpille.\" width=\"101\" height=\"57\" class=\"skip-lazy fg-image\" data-src-fg=\"https:\/\/alpavista.ch\/Alp11\/wp-content\/uploads\/cache\/Mont_Arpille_029\/208193254.jpg\" src=\"data:image\/svg+xml,%3Csvg%20xmlns%3D%22http%3A%2F%2Fwww.w3.org%2F2000%2Fsvg%22%20width%3D%22101%22%20height%3D%2257%22%20viewBox%3D%220%200%20101%2057%22%3E%3C%2Fsvg%3E\" loading=\"eager\"><\/span><span class=\"fg-image-overlay\"><\/span><\/a><figcaption class=\"fg-caption\"><div class=\"fg-caption-inner\"><div class=\"fg-caption-desc\">A la recherche du sentier perdu. En l&#039;occurence, le d\u00e9part de celui du Rev\u00e9-la Cr\u00eata, cach\u00e9 dans l&#039;abondant herbage de l&#039;alpage de l&#039;Arpille.<\/div><\/div><\/figcaption><\/figure><div class=\"fg-loader\"><\/div><\/div><div class=\"fg-item fg-type-image fg-idle\"><figure class=\"fg-item-inner\"><a href=\"https:\/\/alpavista.ch\/Alp11\/wp-content\/uploads\/Mont_Arpille_030.jpg\" data-caption-title=\"Si le versant Nord du massif de l&amp;#039;Arpille est r\u00e9put\u00e9 pour ses apics, le single du Rev\u00e9 reste parfaitement n\u00e9gociable \u00e0 VTT.\" data-caption-desc=\"Si le versant Nord du massif de l&amp;#039;Arpille est r\u00e9put\u00e9 pour ses apics, le single du Rev\u00e9 reste parfaitement n\u00e9gociable \u00e0 VTT.\" data-attachment-id=\"13020\" data-type=\"image\" class=\"fg-thumb\"><span class=\"fg-image-wrap\"><img decoding=\"async\" alt=\"Mont_Arpille_030.jpg\" title=\"Si le versant Nord du massif de l&amp;#039;Arpille est r\u00e9put\u00e9 pour ses apics, le single du Rev\u00e9 reste parfaitement n\u00e9gociable \u00e0 VTT.\" width=\"101\" height=\"57\" class=\"skip-lazy fg-image\" data-src-fg=\"https:\/\/alpavista.ch\/Alp11\/wp-content\/uploads\/cache\/Mont_Arpille_030\/1658123690.jpg\" src=\"data:image\/svg+xml,%3Csvg%20xmlns%3D%22http%3A%2F%2Fwww.w3.org%2F2000%2Fsvg%22%20width%3D%22101%22%20height%3D%2257%22%20viewBox%3D%220%200%20101%2057%22%3E%3C%2Fsvg%3E\" loading=\"eager\"><\/span><span class=\"fg-image-overlay\"><\/span><\/a><figcaption class=\"fg-caption\"><div class=\"fg-caption-inner\"><div class=\"fg-caption-desc\">Si le versant Nord du massif de l&#039;Arpille est r\u00e9put\u00e9 pour ses apics, le single du Rev\u00e9 reste parfaitement n\u00e9gociable \u00e0 VTT.<\/div><\/div><\/figcaption><\/figure><div class=\"fg-loader\"><\/div><\/div><div class=\"fg-item fg-type-image fg-idle\"><figure class=\"fg-item-inner\"><a href=\"https:\/\/alpavista.ch\/Alp11\/wp-content\/uploads\/Mont_Arpille_031.jpg\" data-caption-title=\"Le Rev\u00e9 : une clairi\u00e8re, trois mazots, mais un nom et une orientation \u00e0 fuir d\u00e8s les premiers frimas venus.\" data-caption-desc=\"Le Rev\u00e9 : une clairi\u00e8re, trois mazots, mais un nom et une orientation \u00e0 fuir d\u00e8s les premiers frimas venus.\" data-attachment-id=\"13019\" data-type=\"image\" class=\"fg-thumb\"><span class=\"fg-image-wrap\"><img decoding=\"async\" alt=\"Mont_Arpille_031.jpg\" title=\"Le Rev\u00e9 : une clairi\u00e8re, trois mazots, mais un nom et une orientation \u00e0 fuir d\u00e8s les premiers frimas venus.\" width=\"101\" height=\"57\" class=\"skip-lazy fg-image\" data-src-fg=\"https:\/\/alpavista.ch\/Alp11\/wp-content\/uploads\/cache\/Mont_Arpille_031\/251302277.jpg\" src=\"data:image\/svg+xml,%3Csvg%20xmlns%3D%22http%3A%2F%2Fwww.w3.org%2F2000%2Fsvg%22%20width%3D%22101%22%20height%3D%2257%22%20viewBox%3D%220%200%20101%2057%22%3E%3C%2Fsvg%3E\" loading=\"eager\"><\/span><span class=\"fg-image-overlay\"><\/span><\/a><figcaption class=\"fg-caption\"><div class=\"fg-caption-inner\"><div class=\"fg-caption-desc\">Le Rev\u00e9 : une clairi\u00e8re, trois mazots, mais un nom et une orientation \u00e0 fuir d\u00e8s les premiers frimas venus.<\/div><\/div><\/figcaption><\/figure><div class=\"fg-loader\"><\/div><\/div><div class=\"fg-item fg-type-image fg-idle\"><figure class=\"fg-item-inner\"><a href=\"https:\/\/alpavista.ch\/Alp11\/wp-content\/uploads\/Mont_Arpille_032.jpg\" data-caption-title=\"A partir de la Cr\u00eata, le retour vers la plaine est moins exigeant, et corollaire imm\u00e9diat, moins int\u00e9ressant.\" data-caption-desc=\"A partir de la Cr\u00eata, le retour vers la plaine est moins exigeant, et corollaire imm\u00e9diat, moins int\u00e9ressant.\" data-attachment-id=\"13018\" data-type=\"image\" class=\"fg-thumb\"><span class=\"fg-image-wrap\"><img decoding=\"async\" alt=\"Mont_Arpille_032.jpg\" title=\"A partir de la Cr\u00eata, le retour vers la plaine est moins exigeant, et corollaire imm\u00e9diat, moins int\u00e9ressant.\" width=\"101\" height=\"57\" class=\"skip-lazy fg-image\" data-src-fg=\"https:\/\/alpavista.ch\/Alp11\/wp-content\/uploads\/cache\/Mont_Arpille_032\/3875383874.jpg\" src=\"data:image\/svg+xml,%3Csvg%20xmlns%3D%22http%3A%2F%2Fwww.w3.org%2F2000%2Fsvg%22%20width%3D%22101%22%20height%3D%2257%22%20viewBox%3D%220%200%20101%2057%22%3E%3C%2Fsvg%3E\" loading=\"eager\"><\/span><span class=\"fg-image-overlay\"><\/span><\/a><figcaption class=\"fg-caption\"><div class=\"fg-caption-inner\"><div class=\"fg-caption-desc\">A partir de la Cr\u00eata, le retour vers la plaine est moins exigeant, et corollaire imm\u00e9diat, moins int\u00e9ressant.<\/div><\/div><\/figcaption><\/figure><div class=\"fg-loader\"><\/div><\/div><\/div>\n\n<input class=\"fooboxshare_post_id\" type=\"hidden\" value=\"169\"\/>","protected":false},"excerpt":{"rendered":"<p>L\u2019endroit est couru, l\u2019itin\u00e9raire reconnu, mais le plaisir de s\u2019y rendre toujours aussi extraordinaire. L\u2019ascension du Mont de l\u2019Arpille, \u00e0 pied, \u00e0 ski ou en raquettes \u00e0 neige reste un but de randonn\u00e9e appr\u00e9ci\u00e9 pour le ph\u00e9nom\u00e9nal panorama qu\u2019offre son ar\u00eate sommitale. En atteindre les 2&rsquo;085 m\u00e8tres d\u2019altitude de son point culminant ne repr\u00e9sente que peu de difficult\u00e9s, et accessoirement, assez peu d\u2019efforts physiques, \u00e0 condition de court-circuiter une partie de l\u2019itin\u00e9raire d\u2019approche \u00e0 l\u2019aide d\u2019un moyen de locomotion motoris\u00e9.<\/p>\n","protected":false},"author":2,"featured_media":8507,"comment_status":"open","ping_status":"open","sticky":false,"template":"","format":"standard","meta":{"footnotes":""},"categories":[658,4],"tags":[1233,1082,1086,233,1096,1064,1085,1067,248,1204,74,85],"class_list":["post-169","post","type-post","status-publish","format-standard","has-post-thumbnail","hentry","category-outdoor","category-vtt","tag-arpille","tag-chamonix","tag-chatelard","tag-creusaz","tag-emaney","tag-emosson","tag-finhaut","tag-forclaz","tag-golette","tag-marecottes","tag-salvan","tag-tretien"],"_links":{"self":[{"href":"https:\/\/alpavista.ch\/Alp11\/wp-json\/wp\/v2\/posts\/169","targetHints":{"allow":["GET"]}}],"collection":[{"href":"https:\/\/alpavista.ch\/Alp11\/wp-json\/wp\/v2\/posts"}],"about":[{"href":"https:\/\/alpavista.ch\/Alp11\/wp-json\/wp\/v2\/types\/post"}],"author":[{"embeddable":true,"href":"https:\/\/alpavista.ch\/Alp11\/wp-json\/wp\/v2\/users\/2"}],"replies":[{"embeddable":true,"href":"https:\/\/alpavista.ch\/Alp11\/wp-json\/wp\/v2\/comments?post=169"}],"version-history":[{"count":0,"href":"https:\/\/alpavista.ch\/Alp11\/wp-json\/wp\/v2\/posts\/169\/revisions"}],"wp:featuredmedia":[{"embeddable":true,"href":"https:\/\/alpavista.ch\/Alp11\/wp-json\/wp\/v2\/media\/8507"}],"wp:attachment":[{"href":"https:\/\/alpavista.ch\/Alp11\/wp-json\/wp\/v2\/media?parent=169"}],"wp:term":[{"taxonomy":"category","embeddable":true,"href":"https:\/\/alpavista.ch\/Alp11\/wp-json\/wp\/v2\/categories?post=169"},{"taxonomy":"post_tag","embeddable":true,"href":"https:\/\/alpavista.ch\/Alp11\/wp-json\/wp\/v2\/tags?post=169"}],"curies":[{"name":"wp","href":"https:\/\/api.w.org\/{rel}","templated":true}]}}