{"id":1748,"date":"2009-09-06T20:24:19","date_gmt":"2009-09-06T19:24:19","guid":{"rendered":"http:\/\/www.alpavista.ch\/Alp11\/?p=1748"},"modified":"2022-12-09T17:41:16","modified_gmt":"2022-12-09T16:41:16","slug":"1748","status":"publish","type":"post","link":"https:\/\/alpavista.ch\/Alp11\/2009\/09\/06\/1748\/","title":{"rendered":"Forcletta"},"content":{"rendered":"<p>Les cols permettant de relier Anniviers au Turtmanntal sont certes nombreux, l\u2019Illpass*, le Pas du B\u0153uf, le Meidpass, le col de Vijivi, la Forcletta, le col des Arpettes, mais pas forc\u00e9ment tous adapt\u00e9s au VTT. Si on savait que les \u00ab pass \u00bb passaient plut\u00f4t bien en bike, pour les cols, \u00e0 consonance plus francophone, c&rsquo;\u00e9tait plus incertain. Du coup, on a d\u00e9cid\u00e9 d\u2019aller en v\u00e9rifier la roulabilit\u00e9 sur place. Au programme de ce premier dimanche de septembre, donc, la Forcletta : une appellation gentillette &#8211; sorte de petite Forcla &#8211; mais deux versants plut\u00f4t abrupts et surtout 2&rsquo;874 m\u00e8tres au garrot. Un joli \u00ab morceau \u00bb comme dirait un chihuahua devant un os de dinosaure.<br \/>\n<!--more--><br \/>\nApr\u00e8s une mont\u00e9e d\u2019approche longue comme une journ\u00e9e sans frasques de la tribu Kadhafi, le portage du jour, depuis l\u2019alpage de Nava, s\u2019est av\u00e9r\u00e9 aussi exigeant que le faible \u00e9cartement des courbes de niveau du SwissMap 25 l\u2019avait laiss\u00e9 pr\u00e9sag\u00e9, mais finalement plus vite exp\u00e9di\u00e9 que pr\u00e9vu. De quoi attaquer la p\u00e9rilleuse descente du Bl\u00fcommatt\u00e4lli, certes fatigu\u00e9s, mais avec suffisamment de marge sur la course d\u2019un soleil devenu automnal,  pour envisager sereinement le prometteur crochet \u00ab single-trackeux \u00bb vers le bassin de retenue sur la Turtm\u00e4nna. Une fois cet apart\u00e9 aero-aquatique asouvi et le long ruban bitumeux du Haut-Turtmanntal aval\u00e9 d&rsquo;un trait, c\u2019est avec grand bonheur que nous avons retrouv\u00e9 les charmes terreux de l\u2019ancestral chemin menant \u00e0 Unterems, puis les folles et joueuses circonvolutions du \u00ab toboggan \u00bb d\u2019Agarn, pour boucler une journ\u00e9e d&rsquo;anthologie.<\/p>\n<p>* <em>L\u2019Illpass de donne pas directement acc\u00e8s au Turtmanntal, mais avec un peu de pers\u00e9v\u00e9rance, vous parviendrez n\u00e9anmoins \u00e0 atteindre de la bas de cette vall\u00e9e en transitant par les flancs du Brunnethorn.<\/em><\/p>\n<style type=\"text\/css\">\n#foogallery-gallery-17551 .fg-image { width: 101px; }\n#foogallery-gallery-17551 { --fg-gutter: 1px; }<\/style>\n\t\t\t<div class=\"foogallery foogallery-container foogallery-default foogallery-lightbox-none fg-left fg-default fg-ready fg-light fg-loading-default fg-loaded-fade-in fg-preset fg-selena fg-preset-small fg-preset fg-selena fg-preset-small\" id=\"foogallery-gallery-17551\" data-foogallery=\"{&quot;item&quot;:{&quot;showCaptionTitle&quot;:false,&quot;showCaptionDescription&quot;:true},&quot;lazy&quot;:true,&quot;state&quot;:{&quot;enabled&quot;:true,&quot;mask&quot;:&quot;foogallery-{id}&quot;}}\" style=\"--fg-title-line-clamp: 0; --fg-description-line-clamp: 0;\" >\n\t<div class=\"fg-item fg-type-image fg-idle\"><figure class=\"fg-item-inner\"><a href=\"https:\/\/alpavista.ch\/Alp11\/wp-content\/uploads\/Forcletta_09_001.jpg\" data-caption-title=\"Nouvel \u00e9pisode du concours de chasse au(x) nuage(s) et toujours pas de gagnants. D\u00e9cid\u00e9ment, c\u00f4t\u00e9 m\u00e9t\u00e9o, les dimanches se suivent et se ressemblent depuis la mi-juillet. Pourvu que \u00e7a dure.\" data-caption-desc=\"Nouvel \u00e9pisode du concours de chasse au(x) nuage(s) et toujours pas de gagnants. D\u00e9cid\u00e9ment, c\u00f4t\u00e9 m\u00e9t\u00e9o, les dimanches se suivent et se ressemblent depuis la mi-juillet. Pourvu que \u00e7a dure.\" data-attachment-id=\"17586\" data-type=\"image\" class=\"fg-thumb\"><span class=\"fg-image-wrap\"><img decoding=\"async\" alt=\"Forcletta_09_001\" title=\"Nouvel \u00e9pisode du concours de chasse au(x) nuage(s) et toujours pas de gagnants. D\u00e9cid\u00e9ment, c\u00f4t\u00e9 m\u00e9t\u00e9o, les dimanches se suivent et se ressemblent depuis la mi-juillet. Pourvu que \u00e7a dure.\" width=\"101\" height=\"57\" class=\"skip-lazy fg-image\" data-src-fg=\"https:\/\/alpavista.ch\/Alp11\/wp-content\/uploads\/cache\/Forcletta_09_001\/791645524.jpg\" src=\"data:image\/svg+xml,%3Csvg%20xmlns%3D%22http%3A%2F%2Fwww.w3.org%2F2000%2Fsvg%22%20width%3D%22101%22%20height%3D%2257%22%20viewBox%3D%220%200%20101%2057%22%3E%3C%2Fsvg%3E\" loading=\"eager\"><\/span><span class=\"fg-image-overlay\"><\/span><\/a><figcaption class=\"fg-caption\"><div class=\"fg-caption-inner\"><div class=\"fg-caption-desc\">Nouvel \u00e9pisode du concours de chasse au(x) nuage(s) et toujours pas de gagnants. D\u00e9cid\u00e9ment, c\u00f4t\u00e9 m\u00e9t\u00e9o, les dimanches se suivent et se ressemblent depuis la mi-juillet. Pourvu que \u00e7a dure.<\/div><\/div><\/figcaption><\/figure><div class=\"fg-loader\"><\/div><\/div><div class=\"fg-item fg-type-image fg-idle\"><figure class=\"fg-item-inner\"><a href=\"https:\/\/alpavista.ch\/Alp11\/wp-content\/uploads\/Forcletta_09_002.jpg\" data-caption-title=\"Notre piste de mont\u00e9e est rev\u00eache, pentue, caillouteuse, mais son cadre, riche en 4&#039;000, de plus en plus grandiose.\" data-caption-desc=\"Notre piste de mont\u00e9e est rev\u00eache, pentue, caillouteuse, mais son cadre, riche en 4&#039;000, de plus en plus grandiose.\" data-attachment-id=\"17585\" data-type=\"image\" class=\"fg-thumb\"><span class=\"fg-image-wrap\"><img decoding=\"async\" alt=\"Forcletta_09_002\" title=\"Notre piste de mont\u00e9e est rev\u00eache, pentue, caillouteuse, mais son cadre, riche en 4&#039;000, de plus en plus grandiose.\" width=\"101\" height=\"57\" class=\"skip-lazy fg-image\" data-src-fg=\"https:\/\/alpavista.ch\/Alp11\/wp-content\/uploads\/cache\/Forcletta_09_002\/171495131.jpg\" src=\"data:image\/svg+xml,%3Csvg%20xmlns%3D%22http%3A%2F%2Fwww.w3.org%2F2000%2Fsvg%22%20width%3D%22101%22%20height%3D%2257%22%20viewBox%3D%220%200%20101%2057%22%3E%3C%2Fsvg%3E\" loading=\"eager\"><\/span><span class=\"fg-image-overlay\"><\/span><\/a><figcaption class=\"fg-caption\"><div class=\"fg-caption-inner\"><div class=\"fg-caption-desc\">Notre piste de mont\u00e9e est rev\u00eache, pentue, caillouteuse, mais son cadre, riche en 4'000, de plus en plus grandiose.<\/div><\/div><\/figcaption><\/figure><div class=\"fg-loader\"><\/div><\/div><div class=\"fg-item fg-type-image fg-idle\"><figure class=\"fg-item-inner\"><a href=\"https:\/\/alpavista.ch\/Alp11\/wp-content\/uploads\/Forcletta_09_003.jpg\" data-caption-title=\"C&#039;est pas cool ces nouveaux compacts avec super t\u00e9l\u00e9objectifs, on en peut m\u00eame plus rouler en somnolant tranquillement.\" data-caption-desc=\"C&#039;est pas cool ces nouveaux compacts avec super t\u00e9l\u00e9objectifs, on en peut m\u00eame plus rouler en somnolant tranquillement.\" data-attachment-id=\"17584\" data-type=\"image\" class=\"fg-thumb\"><span class=\"fg-image-wrap\"><img decoding=\"async\" alt=\"Forcletta_09_003\" title=\"C&#039;est pas cool ces nouveaux compacts avec super t\u00e9l\u00e9objectifs, on en peut m\u00eame plus rouler en somnolant tranquillement.\" width=\"101\" height=\"57\" class=\"skip-lazy fg-image\" data-src-fg=\"https:\/\/alpavista.ch\/Alp11\/wp-content\/uploads\/cache\/Forcletta_09_003\/2686120545.jpg\" src=\"data:image\/svg+xml,%3Csvg%20xmlns%3D%22http%3A%2F%2Fwww.w3.org%2F2000%2Fsvg%22%20width%3D%22101%22%20height%3D%2257%22%20viewBox%3D%220%200%20101%2057%22%3E%3C%2Fsvg%3E\" loading=\"eager\"><\/span><span class=\"fg-image-overlay\"><\/span><\/a><figcaption class=\"fg-caption\"><div class=\"fg-caption-inner\"><div class=\"fg-caption-desc\">C'est pas cool ces nouveaux compacts avec super t\u00e9l\u00e9objectifs, on en peut m\u00eame plus rouler en somnolant tranquillement.<\/div><\/div><\/figcaption><\/figure><div class=\"fg-loader\"><\/div><\/div><div class=\"fg-item fg-type-image fg-idle\"><figure class=\"fg-item-inner\"><a href=\"https:\/\/alpavista.ch\/Alp11\/wp-content\/uploads\/Forcletta_09_004.jpg\" data-caption-title=\"Alpage du Chiesso : la piste est interminable, mais sa pente et son rev\u00eatement enfin plus conciliants.\" data-caption-desc=\"Alpage du Chiesso : la piste est interminable, mais sa pente et son rev\u00eatement enfin plus conciliants.\" data-attachment-id=\"17583\" data-type=\"image\" class=\"fg-thumb\"><span class=\"fg-image-wrap\"><img decoding=\"async\" alt=\"Forcletta_09_004\" title=\"Alpage du Chiesso : la piste est interminable, mais sa pente et son rev\u00eatement enfin plus conciliants.\" width=\"101\" height=\"57\" class=\"skip-lazy fg-image\" data-src-fg=\"https:\/\/alpavista.ch\/Alp11\/wp-content\/uploads\/cache\/Forcletta_09_004\/1075202501.jpg\" src=\"data:image\/svg+xml,%3Csvg%20xmlns%3D%22http%3A%2F%2Fwww.w3.org%2F2000%2Fsvg%22%20width%3D%22101%22%20height%3D%2257%22%20viewBox%3D%220%200%20101%2057%22%3E%3C%2Fsvg%3E\" loading=\"eager\"><\/span><span class=\"fg-image-overlay\"><\/span><\/a><figcaption class=\"fg-caption\"><div class=\"fg-caption-inner\"><div class=\"fg-caption-desc\">Alpage du Chiesso : la piste est interminable, mais sa pente et son rev\u00eatement enfin plus conciliants.<\/div><\/div><\/figcaption><\/figure><div class=\"fg-loader\"><\/div><\/div><div class=\"fg-item fg-type-image fg-idle\"><figure class=\"fg-item-inner\"><a href=\"https:\/\/alpavista.ch\/Alp11\/wp-content\/uploads\/Forcletta_09_005.jpg\" data-caption-title=\"Zinalrothorn, Obergabelhorn, Cervin, Dent-Blanche, on ne sait \u00e0 quel 4&#039;000 se vouer ?\" data-caption-desc=\"Zinalrothorn, Obergabelhorn, Cervin, Dent-Blanche, on ne sait \u00e0 quel 4&#039;000 se vouer ?\" data-attachment-id=\"17582\" data-type=\"image\" class=\"fg-thumb\"><span class=\"fg-image-wrap\"><img decoding=\"async\" alt=\"Forcletta_09_005\" title=\"Zinalrothorn, Obergabelhorn, Cervin, Dent-Blanche, on ne sait \u00e0 quel 4&#039;000 se vouer ?\" width=\"101\" height=\"57\" class=\"skip-lazy fg-image\" data-src-fg=\"https:\/\/alpavista.ch\/Alp11\/wp-content\/uploads\/cache\/Forcletta_09_005\/3929306495.jpg\" src=\"data:image\/svg+xml,%3Csvg%20xmlns%3D%22http%3A%2F%2Fwww.w3.org%2F2000%2Fsvg%22%20width%3D%22101%22%20height%3D%2257%22%20viewBox%3D%220%200%20101%2057%22%3E%3C%2Fsvg%3E\" loading=\"eager\"><\/span><span class=\"fg-image-overlay\"><\/span><\/a><figcaption class=\"fg-caption\"><div class=\"fg-caption-inner\"><div class=\"fg-caption-desc\">Zinalrothorn, Obergabelhorn, Cervin, Dent-Blanche, on ne sait \u00e0 quel 4'000 se vouer ?<\/div><\/div><\/figcaption><\/figure><div class=\"fg-loader\"><\/div><\/div><div class=\"fg-item fg-type-image fg-idle\"><figure class=\"fg-item-inner\"><a href=\"https:\/\/alpavista.ch\/Alp11\/wp-content\/uploads\/Forcletta_09_006.jpg\" data-caption-title=\"L&#039;alpage de Nava est en vue. C&#039;est enfin l&#039;occasion de repasser un 32 dents qui a vraiment peu servi jusque l\u00e0.\" data-caption-desc=\"L&#039;alpage de Nava est en vue. C&#039;est enfin l&#039;occasion de repasser un 32 dents qui a vraiment peu servi jusque l\u00e0.\" data-attachment-id=\"17581\" data-type=\"image\" class=\"fg-thumb\"><span class=\"fg-image-wrap\"><img decoding=\"async\" alt=\"Forcletta_09_006\" title=\"L&#039;alpage de Nava est en vue. C&#039;est enfin l&#039;occasion de repasser un 32 dents qui a vraiment peu servi jusque l\u00e0.\" width=\"101\" height=\"57\" class=\"skip-lazy fg-image\" data-src-fg=\"https:\/\/alpavista.ch\/Alp11\/wp-content\/uploads\/cache\/Forcletta_09_006\/3475191536.jpg\" src=\"data:image\/svg+xml,%3Csvg%20xmlns%3D%22http%3A%2F%2Fwww.w3.org%2F2000%2Fsvg%22%20width%3D%22101%22%20height%3D%2257%22%20viewBox%3D%220%200%20101%2057%22%3E%3C%2Fsvg%3E\" loading=\"eager\"><\/span><span class=\"fg-image-overlay\"><\/span><\/a><figcaption class=\"fg-caption\"><div class=\"fg-caption-inner\"><div class=\"fg-caption-desc\">L'alpage de Nava est en vue. C'est enfin l'occasion de repasser un 32 dents qui a vraiment peu servi jusque l\u00e0.<\/div><\/div><\/figcaption><\/figure><div class=\"fg-loader\"><\/div><\/div><div class=\"fg-item fg-type-image fg-idle\"><figure class=\"fg-item-inner\"><a href=\"https:\/\/alpavista.ch\/Alp11\/wp-content\/uploads\/Forcletta_09_007.jpg\" data-caption-title=\"Hmmmmm... \u00e7a sent la fin de la piste. En m\u00eame temps, \u00e0 2&#039;523 m\u00e8tres, \u00e7a parait logique.\" data-caption-desc=\"Hmmmmm... \u00e7a sent la fin de la piste. En m\u00eame temps, \u00e0 2&#039;523 m\u00e8tres, \u00e7a parait logique.\" data-attachment-id=\"17580\" data-type=\"image\" class=\"fg-thumb\"><span class=\"fg-image-wrap\"><img decoding=\"async\" alt=\"Forcletta_09_007\" title=\"Hmmmmm... \u00e7a sent la fin de la piste. En m\u00eame temps, \u00e0 2&#039;523 m\u00e8tres, \u00e7a parait logique.\" width=\"101\" height=\"57\" class=\"skip-lazy fg-image\" data-src-fg=\"https:\/\/alpavista.ch\/Alp11\/wp-content\/uploads\/cache\/Forcletta_09_007\/1694566986.jpg\" src=\"data:image\/svg+xml,%3Csvg%20xmlns%3D%22http%3A%2F%2Fwww.w3.org%2F2000%2Fsvg%22%20width%3D%22101%22%20height%3D%2257%22%20viewBox%3D%220%200%20101%2057%22%3E%3C%2Fsvg%3E\" loading=\"eager\"><\/span><span class=\"fg-image-overlay\"><\/span><\/a><figcaption class=\"fg-caption\"><div class=\"fg-caption-inner\"><div class=\"fg-caption-desc\">Hmmmmm... \u00e7a sent la fin de la piste. En m\u00eame temps, \u00e0 2'523 m\u00e8tres, \u00e7a parait logique.<\/div><\/div><\/figcaption><\/figure><div class=\"fg-loader\"><\/div><\/div><div class=\"fg-item fg-type-image fg-idle\"><figure class=\"fg-item-inner\"><a href=\"https:\/\/alpavista.ch\/Alp11\/wp-content\/uploads\/Forcletta_09_008.jpg\" data-caption-title=\"Piste ou pas, s&#039;il y a encore moyen de rester un peu en selle, on est \u00e9videmment preneur.\" data-caption-desc=\"Piste ou pas, s&#039;il y a encore moyen de rester un peu en selle, on est \u00e9videmment preneur.\" data-attachment-id=\"17579\" data-type=\"image\" class=\"fg-thumb\"><span class=\"fg-image-wrap\"><img decoding=\"async\" alt=\"Forcletta_09_008\" title=\"Piste ou pas, s&#039;il y a encore moyen de rester un peu en selle, on est \u00e9videmment preneur.\" width=\"101\" height=\"57\" class=\"skip-lazy fg-image\" data-src-fg=\"https:\/\/alpavista.ch\/Alp11\/wp-content\/uploads\/cache\/Forcletta_09_008\/3580538570.jpg\" src=\"data:image\/svg+xml,%3Csvg%20xmlns%3D%22http%3A%2F%2Fwww.w3.org%2F2000%2Fsvg%22%20width%3D%22101%22%20height%3D%2257%22%20viewBox%3D%220%200%20101%2057%22%3E%3C%2Fsvg%3E\" loading=\"eager\"><\/span><span class=\"fg-image-overlay\"><\/span><\/a><figcaption class=\"fg-caption\"><div class=\"fg-caption-inner\"><div class=\"fg-caption-desc\">Piste ou pas, s'il y a encore moyen de rester un peu en selle, on est \u00e9videmment preneur.<\/div><\/div><\/figcaption><\/figure><div class=\"fg-loader\"><\/div><\/div><div class=\"fg-item fg-type-image fg-idle\"><figure class=\"fg-item-inner\"><a href=\"https:\/\/alpavista.ch\/Alp11\/wp-content\/uploads\/Forcletta_09_009.jpg\" data-caption-title=\"Ouaip, mais m\u00eame la meilleure bonne volont\u00e9 du monde a parfois ses limites....\" data-caption-desc=\"Ouaip, mais m\u00eame la meilleure bonne volont\u00e9 du monde a parfois ses limites....\" data-attachment-id=\"17578\" data-type=\"image\" class=\"fg-thumb\"><span class=\"fg-image-wrap\"><img decoding=\"async\" alt=\"Forcletta_09_009\" title=\"Ouaip, mais m\u00eame la meilleure bonne volont\u00e9 du monde a parfois ses limites....\" width=\"101\" height=\"57\" class=\"skip-lazy fg-image\" data-src-fg=\"https:\/\/alpavista.ch\/Alp11\/wp-content\/uploads\/cache\/Forcletta_09_009\/2135462512.jpg\" src=\"data:image\/svg+xml,%3Csvg%20xmlns%3D%22http%3A%2F%2Fwww.w3.org%2F2000%2Fsvg%22%20width%3D%22101%22%20height%3D%2257%22%20viewBox%3D%220%200%20101%2057%22%3E%3C%2Fsvg%3E\" loading=\"eager\"><\/span><span class=\"fg-image-overlay\"><\/span><\/a><figcaption class=\"fg-caption\"><div class=\"fg-caption-inner\"><div class=\"fg-caption-desc\">Ouaip, mais m\u00eame la meilleure bonne volont\u00e9 du monde a parfois ses limites....<\/div><\/div><\/figcaption><\/figure><div class=\"fg-loader\"><\/div><\/div><div class=\"fg-item fg-type-image fg-idle\"><figure class=\"fg-item-inner\"><a href=\"https:\/\/alpavista.ch\/Alp11\/wp-content\/uploads\/Forcletta_09_010.jpg\" data-caption-title=\"Bingo ! De toute mani\u00e8re, il aurait \u00e9t\u00e9 illusoire d&#039;esp\u00e9rer passer la Forcletta &quot;on the bike&quot;.\" data-caption-desc=\"Bingo ! De toute mani\u00e8re, il aurait \u00e9t\u00e9 illusoire d&#039;esp\u00e9rer passer la Forcletta &quot;on the bike&quot;.\" data-attachment-id=\"17577\" data-type=\"image\" class=\"fg-thumb\"><span class=\"fg-image-wrap\"><img decoding=\"async\" alt=\"Forcletta_09_010\" title=\"Bingo ! De toute mani\u00e8re, il aurait \u00e9t\u00e9 illusoire d&#039;esp\u00e9rer passer la Forcletta &quot;on the bike&quot;.\" width=\"101\" height=\"57\" class=\"skip-lazy fg-image\" data-src-fg=\"https:\/\/alpavista.ch\/Alp11\/wp-content\/uploads\/cache\/Forcletta_09_010\/521585159.jpg\" src=\"data:image\/svg+xml,%3Csvg%20xmlns%3D%22http%3A%2F%2Fwww.w3.org%2F2000%2Fsvg%22%20width%3D%22101%22%20height%3D%2257%22%20viewBox%3D%220%200%20101%2057%22%3E%3C%2Fsvg%3E\" loading=\"eager\"><\/span><span class=\"fg-image-overlay\"><\/span><\/a><figcaption class=\"fg-caption\"><div class=\"fg-caption-inner\"><div class=\"fg-caption-desc\">Bingo ! De toute mani\u00e8re, il aurait \u00e9t\u00e9 illusoire d'esp\u00e9rer passer la Forcletta \"on the bike\".<\/div><\/div><\/figcaption><\/figure><div class=\"fg-loader\"><\/div><\/div><div class=\"fg-item fg-type-image fg-idle\"><figure class=\"fg-item-inner\"><a href=\"https:\/\/alpavista.ch\/Alp11\/wp-content\/uploads\/Forcletta_09_011.jpg\" data-caption-title=\"M\u00eame si les p\u00e2turages d&#039;approche sont plus conciliants qu&#039;esp\u00e9r\u00e9s, le mur final annonce d\u00e9j\u00e0 sa couleur &quot;sherpa&quot;. (C&#039;est la nouvelle teinte branch\u00e9e dans le milieu du VTT estival)\" data-caption-desc=\"M\u00eame si les p\u00e2turages d&#039;approche sont plus conciliants qu&#039;esp\u00e9r\u00e9s, le mur final annonce d\u00e9j\u00e0 sa couleur &quot;sherpa&quot;. (C&#039;est la nouvelle teinte branch\u00e9e dans le milieu du VTT estival)\" data-attachment-id=\"17576\" data-type=\"image\" class=\"fg-thumb\"><span class=\"fg-image-wrap\"><img decoding=\"async\" alt=\"Forcletta_09_011\" title=\"M\u00eame si les p\u00e2turages d&#039;approche sont plus conciliants qu&#039;esp\u00e9r\u00e9s, le mur final annonce d\u00e9j\u00e0 sa couleur &quot;sherpa&quot;. (C&#039;est la nouvelle teinte branch\u00e9e dans le milieu du VTT estival)\" width=\"101\" height=\"57\" class=\"skip-lazy fg-image\" data-src-fg=\"https:\/\/alpavista.ch\/Alp11\/wp-content\/uploads\/cache\/Forcletta_09_011\/3040149181.jpg\" src=\"data:image\/svg+xml,%3Csvg%20xmlns%3D%22http%3A%2F%2Fwww.w3.org%2F2000%2Fsvg%22%20width%3D%22101%22%20height%3D%2257%22%20viewBox%3D%220%200%20101%2057%22%3E%3C%2Fsvg%3E\" loading=\"eager\"><\/span><span class=\"fg-image-overlay\"><\/span><\/a><figcaption class=\"fg-caption\"><div class=\"fg-caption-inner\"><div class=\"fg-caption-desc\">M\u00eame si les p\u00e2turages d'approche sont plus conciliants qu'esp\u00e9r\u00e9s, le mur final annonce d\u00e9j\u00e0 sa couleur \"sherpa\". (C'est la nouvelle teinte branch\u00e9e dans le milieu du VTT estival)<\/div><\/div><\/figcaption><\/figure><div class=\"fg-loader\"><\/div><\/div><div class=\"fg-item fg-type-image fg-idle\"><figure class=\"fg-item-inner\"><a href=\"https:\/\/alpavista.ch\/Alp11\/wp-content\/uploads\/Forcletta_09_012.jpg\" data-caption-title=\"Malgr\u00e9 cette perspective, on ne va quand m\u00eame bouder le plaisir de quelques derniers hectom\u00e8tres en selle.\" data-caption-desc=\"Malgr\u00e9 cette perspective, on ne va quand m\u00eame bouder le plaisir de quelques derniers hectom\u00e8tres en selle.\" data-attachment-id=\"17575\" data-type=\"image\" class=\"fg-thumb\"><span class=\"fg-image-wrap\"><img decoding=\"async\" alt=\"Forcletta_09_012\" title=\"Malgr\u00e9 cette perspective, on ne va quand m\u00eame bouder le plaisir de quelques derniers hectom\u00e8tres en selle.\" width=\"101\" height=\"57\" class=\"skip-lazy fg-image\" data-src-fg=\"https:\/\/alpavista.ch\/Alp11\/wp-content\/uploads\/cache\/Forcletta_09_012\/2418261298.jpg\" src=\"data:image\/svg+xml,%3Csvg%20xmlns%3D%22http%3A%2F%2Fwww.w3.org%2F2000%2Fsvg%22%20width%3D%22101%22%20height%3D%2257%22%20viewBox%3D%220%200%20101%2057%22%3E%3C%2Fsvg%3E\" loading=\"eager\"><\/span><span class=\"fg-image-overlay\"><\/span><\/a><figcaption class=\"fg-caption\"><div class=\"fg-caption-inner\"><div class=\"fg-caption-desc\">Malgr\u00e9 cette perspective, on ne va quand m\u00eame bouder le plaisir de quelques derniers hectom\u00e8tres en selle.<\/div><\/div><\/figcaption><\/figure><div class=\"fg-loader\"><\/div><\/div><div class=\"fg-item fg-type-image fg-idle\"><figure class=\"fg-item-inner\"><a href=\"https:\/\/alpavista.ch\/Alp11\/wp-content\/uploads\/Forcletta_09_013.jpg\" data-caption-title=\"D&#039;autant que le single est suffisamment joueur et roulant pour permettre \u00e0 nos muscles meurtris d&#039;oulbier momentan\u00e9ment les efforts de l&#039;ascension.\" data-caption-desc=\"D&#039;autant que le single est suffisamment joueur et roulant pour permettre \u00e0 nos muscles meurtris d&#039;oulbier momentan\u00e9ment les efforts de l&#039;ascension.\" data-attachment-id=\"17574\" data-type=\"image\" class=\"fg-thumb\"><span class=\"fg-image-wrap\"><img decoding=\"async\" alt=\"Forcletta_09_013\" title=\"D&#039;autant que le single est suffisamment joueur et roulant pour permettre \u00e0 nos muscles meurtris d&#039;oulbier momentan\u00e9ment les efforts de l&#039;ascension.\" width=\"101\" height=\"57\" class=\"skip-lazy fg-image\" data-src-fg=\"https:\/\/alpavista.ch\/Alp11\/wp-content\/uploads\/cache\/Forcletta_09_013\/973177224.jpg\" src=\"data:image\/svg+xml,%3Csvg%20xmlns%3D%22http%3A%2F%2Fwww.w3.org%2F2000%2Fsvg%22%20width%3D%22101%22%20height%3D%2257%22%20viewBox%3D%220%200%20101%2057%22%3E%3C%2Fsvg%3E\" loading=\"eager\"><\/span><span class=\"fg-image-overlay\"><\/span><\/a><figcaption class=\"fg-caption\"><div class=\"fg-caption-inner\"><div class=\"fg-caption-desc\">D'autant que le single est suffisamment joueur et roulant pour permettre \u00e0 nos muscles meurtris d'oulbier momentan\u00e9ment les efforts de l'ascension.<\/div><\/div><\/figcaption><\/figure><div class=\"fg-loader\"><\/div><\/div><div class=\"fg-item fg-type-image fg-idle\"><figure class=\"fg-item-inner\"><a href=\"https:\/\/alpavista.ch\/Alp11\/wp-content\/uploads\/Forcletta_09_014.jpg\" data-caption-title=\"Mais tous les chemins ont malheureusement une fin, m\u00eame les plus sympas, Et les 300 m\u00e8tres de D+ qui nous s\u00e9parent de la Forcletta sont aujourd&#039;hui, l\u00e0 pour nous le rappeler.\" data-caption-desc=\"Mais tous les chemins ont malheureusement une fin, m\u00eame les plus sympas, Et les 300 m\u00e8tres de D+ qui nous s\u00e9parent de la Forcletta sont aujourd&#039;hui, l\u00e0 pour nous le rappeler.\" data-attachment-id=\"17573\" data-type=\"image\" class=\"fg-thumb\"><span class=\"fg-image-wrap\"><img decoding=\"async\" alt=\"Forcletta_09_014\" title=\"Mais tous les chemins ont malheureusement une fin, m\u00eame les plus sympas, Et les 300 m\u00e8tres de D+ qui nous s\u00e9parent de la Forcletta sont aujourd&#039;hui, l\u00e0 pour nous le rappeler.\" width=\"101\" height=\"57\" class=\"skip-lazy fg-image\" data-src-fg=\"https:\/\/alpavista.ch\/Alp11\/wp-content\/uploads\/cache\/Forcletta_09_014\/3658299948.jpg\" src=\"data:image\/svg+xml,%3Csvg%20xmlns%3D%22http%3A%2F%2Fwww.w3.org%2F2000%2Fsvg%22%20width%3D%22101%22%20height%3D%2257%22%20viewBox%3D%220%200%20101%2057%22%3E%3C%2Fsvg%3E\" loading=\"eager\"><\/span><span class=\"fg-image-overlay\"><\/span><\/a><figcaption class=\"fg-caption\"><div class=\"fg-caption-inner\"><div class=\"fg-caption-desc\">Mais tous les chemins ont malheureusement une fin, m\u00eame les plus sympas, Et les 300 m\u00e8tres de D+ qui nous s\u00e9parent de la Forcletta sont aujourd'hui, l\u00e0 pour nous le rappeler.<\/div><\/div><\/figcaption><\/figure><div class=\"fg-loader\"><\/div><\/div><div class=\"fg-item fg-type-image fg-idle\"><figure class=\"fg-item-inner\"><a href=\"https:\/\/alpavista.ch\/Alp11\/wp-content\/uploads\/Forcletta_09_015.jpg\" data-caption-title=\"Col de la Bella Vourda : photo &quot;post-it&quot;, dont le seul but est de nous rappeler que \u00e7a a l&#039;air superbe et que nous ne l&#039;avons encore jamais pass\u00e9 \u00e0 VTT.\" data-caption-desc=\"Col de la Bella Vourda : photo &quot;post-it&quot;, dont le seul but est de nous rappeler que \u00e7a a l&#039;air superbe et que nous ne l&#039;avons encore jamais pass\u00e9 \u00e0 VTT.\" data-attachment-id=\"17572\" data-type=\"image\" class=\"fg-thumb\"><span class=\"fg-image-wrap\"><img decoding=\"async\" alt=\"Forcletta_09_015\" title=\"Col de la Bella Vourda : photo &quot;post-it&quot;, dont le seul but est de nous rappeler que \u00e7a a l&#039;air superbe et que nous ne l&#039;avons encore jamais pass\u00e9 \u00e0 VTT.\" width=\"101\" height=\"57\" class=\"skip-lazy fg-image\" data-src-fg=\"https:\/\/alpavista.ch\/Alp11\/wp-content\/uploads\/cache\/Forcletta_09_015\/1882130070.jpg\" src=\"data:image\/svg+xml,%3Csvg%20xmlns%3D%22http%3A%2F%2Fwww.w3.org%2F2000%2Fsvg%22%20width%3D%22101%22%20height%3D%2257%22%20viewBox%3D%220%200%20101%2057%22%3E%3C%2Fsvg%3E\" loading=\"eager\"><\/span><span class=\"fg-image-overlay\"><\/span><\/a><figcaption class=\"fg-caption\"><div class=\"fg-caption-inner\"><div class=\"fg-caption-desc\">Col de la Bella Vourda : photo \"post-it\", dont le seul but est de nous rappeler que \u00e7a a l'air superbe et que nous ne l'avons encore jamais pass\u00e9 \u00e0 VTT.<\/div><\/div><\/figcaption><\/figure><div class=\"fg-loader\"><\/div><\/div><div class=\"fg-item fg-type-image fg-idle\"><figure class=\"fg-item-inner\"><a href=\"https:\/\/alpavista.ch\/Alp11\/wp-content\/uploads\/Forcletta_09_016.jpg\" data-caption-title=\"Quand la t\u00eate veut, le corps peut... Ouaip, \u00e7a doit \u00eatre pour \u00e7a qu&#039;un randonneur parisien crois\u00e9 en chemin, m&#039;a conseill\u00e9, sans rire, d&#039;aller voir un psy.\" data-caption-desc=\"Quand la t\u00eate veut, le corps peut... Ouaip, \u00e7a doit \u00eatre pour \u00e7a qu&#039;un randonneur parisien crois\u00e9 en chemin, m&#039;a conseill\u00e9, sans rire, d&#039;aller voir un psy.\" data-attachment-id=\"17571\" data-type=\"image\" class=\"fg-thumb\"><span class=\"fg-image-wrap\"><img decoding=\"async\" alt=\"Forcletta_09_016\" title=\"Quand la t\u00eate veut, le corps peut... Ouaip, \u00e7a doit \u00eatre pour \u00e7a qu&#039;un randonneur parisien crois\u00e9 en chemin, m&#039;a conseill\u00e9, sans rire, d&#039;aller voir un psy.\" width=\"101\" height=\"57\" class=\"skip-lazy fg-image\" data-src-fg=\"https:\/\/alpavista.ch\/Alp11\/wp-content\/uploads\/cache\/Forcletta_09_016\/1429751065.jpg\" src=\"data:image\/svg+xml,%3Csvg%20xmlns%3D%22http%3A%2F%2Fwww.w3.org%2F2000%2Fsvg%22%20width%3D%22101%22%20height%3D%2257%22%20viewBox%3D%220%200%20101%2057%22%3E%3C%2Fsvg%3E\" loading=\"eager\"><\/span><span class=\"fg-image-overlay\"><\/span><\/a><figcaption class=\"fg-caption\"><div class=\"fg-caption-inner\"><div class=\"fg-caption-desc\">Quand la t\u00eate veut, le corps peut... Ouaip, \u00e7a doit \u00eatre pour \u00e7a qu'un randonneur parisien crois\u00e9 en chemin, m'a conseill\u00e9, sans rire, d'aller voir un psy.<\/div><\/div><\/figcaption><\/figure><div class=\"fg-loader\"><\/div><\/div><div class=\"fg-item fg-type-image fg-idle\"><figure class=\"fg-item-inner\"><a href=\"https:\/\/alpavista.ch\/Alp11\/wp-content\/uploads\/Forcletta_09_017.jpg\" data-caption-title=\"Forcletta, 2&#039;874 m\u00e8tres, dont les 4 derniers en selle.\" data-caption-desc=\"Forcletta, 2&#039;874 m\u00e8tres, dont les 4 derniers en selle.\" data-attachment-id=\"17570\" data-type=\"image\" class=\"fg-thumb\"><span class=\"fg-image-wrap\"><img decoding=\"async\" alt=\"Forcletta_09_017\" title=\"Forcletta, 2&#039;874 m\u00e8tres, dont les 4 derniers en selle.\" width=\"101\" height=\"57\" class=\"skip-lazy fg-image\" data-src-fg=\"https:\/\/alpavista.ch\/Alp11\/wp-content\/uploads\/cache\/Forcletta_09_017\/4279925155.jpg\" src=\"data:image\/svg+xml,%3Csvg%20xmlns%3D%22http%3A%2F%2Fwww.w3.org%2F2000%2Fsvg%22%20width%3D%22101%22%20height%3D%2257%22%20viewBox%3D%220%200%20101%2057%22%3E%3C%2Fsvg%3E\" loading=\"eager\"><\/span><span class=\"fg-image-overlay\"><\/span><\/a><figcaption class=\"fg-caption\"><div class=\"fg-caption-inner\"><div class=\"fg-caption-desc\">Forcletta, 2'874 m\u00e8tres, dont les 4 derniers en selle.<\/div><\/div><\/figcaption><\/figure><div class=\"fg-loader\"><\/div><\/div><div class=\"fg-item fg-type-image fg-idle\"><figure class=\"fg-item-inner\"><a href=\"https:\/\/alpavista.ch\/Alp11\/wp-content\/uploads\/Forcletta_09_018.jpg\" data-caption-title=\"Un chemin, pardon un &quot;wanderweg&quot; de descente prometteur...\" data-caption-desc=\"Un chemin, pardon un &quot;wanderweg&quot; de descente prometteur...\" data-attachment-id=\"17569\" data-type=\"image\" class=\"fg-thumb\"><span class=\"fg-image-wrap\"><img decoding=\"async\" alt=\"Forcletta_09_018\" title=\"Un chemin, pardon un &quot;wanderweg&quot; de descente prometteur...\" width=\"101\" height=\"57\" class=\"skip-lazy fg-image\" data-src-fg=\"https:\/\/alpavista.ch\/Alp11\/wp-content\/uploads\/cache\/Forcletta_09_018\/4269069924.jpg\" src=\"data:image\/svg+xml,%3Csvg%20xmlns%3D%22http%3A%2F%2Fwww.w3.org%2F2000%2Fsvg%22%20width%3D%22101%22%20height%3D%2257%22%20viewBox%3D%220%200%20101%2057%22%3E%3C%2Fsvg%3E\" loading=\"eager\"><\/span><span class=\"fg-image-overlay\"><\/span><\/a><figcaption class=\"fg-caption\"><div class=\"fg-caption-inner\"><div class=\"fg-caption-desc\">Un chemin, pardon un \"wanderweg\" de descente prometteur...<\/div><\/div><\/figcaption><\/figure><div class=\"fg-loader\"><\/div><\/div><div class=\"fg-item fg-type-image fg-idle\"><figure class=\"fg-item-inner\"><a href=\"https:\/\/alpavista.ch\/Alp11\/wp-content\/uploads\/Forcletta_09_019.jpg\" data-caption-title=\"... mais avec un d\u00e9but glaiseux et d\u00e9licat...\" data-caption-desc=\"... mais avec un d\u00e9but glaiseux et d\u00e9licat...\" data-attachment-id=\"17568\" data-type=\"image\" class=\"fg-thumb\"><span class=\"fg-image-wrap\"><img decoding=\"async\" alt=\"Forcletta_09_019\" title=\"... mais avec un d\u00e9but glaiseux et d\u00e9licat...\" width=\"101\" height=\"57\" class=\"skip-lazy fg-image\" data-src-fg=\"https:\/\/alpavista.ch\/Alp11\/wp-content\/uploads\/cache\/Forcletta_09_019\/1414982366.jpg\" src=\"data:image\/svg+xml,%3Csvg%20xmlns%3D%22http%3A%2F%2Fwww.w3.org%2F2000%2Fsvg%22%20width%3D%22101%22%20height%3D%2257%22%20viewBox%3D%220%200%20101%2057%22%3E%3C%2Fsvg%3E\" loading=\"eager\"><\/span><span class=\"fg-image-overlay\"><\/span><\/a><figcaption class=\"fg-caption\"><div class=\"fg-caption-inner\"><div class=\"fg-caption-desc\">... mais avec un d\u00e9but glaiseux et d\u00e9licat...<\/div><\/div><\/figcaption><\/figure><div class=\"fg-loader\"><\/div><\/div><div class=\"fg-item fg-type-image fg-idle\"><figure class=\"fg-item-inner\"><a href=\"https:\/\/alpavista.ch\/Alp11\/wp-content\/uploads\/Forcletta_09_020.jpg\" data-caption-title=\"... quelques tron\u00e7ons de pierriers biens velus ...\" data-caption-desc=\"... quelques tron\u00e7ons de pierriers biens velus ...\" data-attachment-id=\"17567\" data-type=\"image\" class=\"fg-thumb\"><span class=\"fg-image-wrap\"><img decoding=\"async\" alt=\"Forcletta_09_020\" title=\"... quelques tron\u00e7ons de pierriers biens velus ...\" width=\"101\" height=\"57\" class=\"skip-lazy fg-image\" data-src-fg=\"https:\/\/alpavista.ch\/Alp11\/wp-content\/uploads\/cache\/Forcletta_09_020\/452891183.jpg\" src=\"data:image\/svg+xml,%3Csvg%20xmlns%3D%22http%3A%2F%2Fwww.w3.org%2F2000%2Fsvg%22%20width%3D%22101%22%20height%3D%2257%22%20viewBox%3D%220%200%20101%2057%22%3E%3C%2Fsvg%3E\" loading=\"eager\"><\/span><span class=\"fg-image-overlay\"><\/span><\/a><figcaption class=\"fg-caption\"><div class=\"fg-caption-inner\"><div class=\"fg-caption-desc\">... quelques tron\u00e7ons de pierriers biens velus ...<\/div><\/div><\/figcaption><\/figure><div class=\"fg-loader\"><\/div><\/div><div class=\"fg-item fg-type-image fg-idle\"><figure class=\"fg-item-inner\"><a href=\"https:\/\/alpavista.ch\/Alp11\/wp-content\/uploads\/Forcletta_09_021.jpg\" data-caption-title=\"... des d\u00e9vers en veux-tu en voil\u00e0 ...\" data-caption-desc=\"... des d\u00e9vers en veux-tu en voil\u00e0 ...\" data-attachment-id=\"17566\" data-type=\"image\" class=\"fg-thumb\"><span class=\"fg-image-wrap\"><img decoding=\"async\" alt=\"Forcletta_09_021\" title=\"... des d\u00e9vers en veux-tu en voil\u00e0 ...\" width=\"101\" height=\"57\" class=\"skip-lazy fg-image\" data-src-fg=\"https:\/\/alpavista.ch\/Alp11\/wp-content\/uploads\/cache\/Forcletta_09_021\/2967252629.jpg\" src=\"data:image\/svg+xml,%3Csvg%20xmlns%3D%22http%3A%2F%2Fwww.w3.org%2F2000%2Fsvg%22%20width%3D%22101%22%20height%3D%2257%22%20viewBox%3D%220%200%20101%2057%22%3E%3C%2Fsvg%3E\" loading=\"eager\"><\/span><span class=\"fg-image-overlay\"><\/span><\/a><figcaption class=\"fg-caption\"><div class=\"fg-caption-inner\"><div class=\"fg-caption-desc\">... des d\u00e9vers en veux-tu en voil\u00e0 ...<\/div><\/div><\/figcaption><\/figure><div class=\"fg-loader\"><\/div><\/div><div class=\"fg-item fg-type-image fg-idle\"><figure class=\"fg-item-inner\"><a href=\"https:\/\/alpavista.ch\/Alp11\/wp-content\/uploads\/Forcletta_09_022.jpg\" data-caption-title=\"... et pas mal de marches pi\u00e9geuses \u00e0 g\u00e9rer...\" data-caption-desc=\"... et pas mal de marches pi\u00e9geuses \u00e0 g\u00e9rer...\" data-attachment-id=\"17565\" data-type=\"image\" class=\"fg-thumb\"><span class=\"fg-image-wrap\"><img decoding=\"async\" alt=\"Forcletta_09_022\" title=\"... et pas mal de marches pi\u00e9geuses \u00e0 g\u00e9rer...\" width=\"101\" height=\"57\" class=\"skip-lazy fg-image\" data-src-fg=\"https:\/\/alpavista.ch\/Alp11\/wp-content\/uploads\/cache\/Forcletta_09_022\/2513169690.jpg\" src=\"data:image\/svg+xml,%3Csvg%20xmlns%3D%22http%3A%2F%2Fwww.w3.org%2F2000%2Fsvg%22%20width%3D%22101%22%20height%3D%2257%22%20viewBox%3D%220%200%20101%2057%22%3E%3C%2Fsvg%3E\" loading=\"eager\"><\/span><span class=\"fg-image-overlay\"><\/span><\/a><figcaption class=\"fg-caption\"><div class=\"fg-caption-inner\"><div class=\"fg-caption-desc\">... et pas mal de marches pi\u00e9geuses \u00e0 g\u00e9rer...<\/div><\/div><\/figcaption><\/figure><div class=\"fg-loader\"><\/div><\/div><div class=\"fg-item fg-type-image fg-idle\"><figure class=\"fg-item-inner\"><a href=\"https:\/\/alpavista.ch\/Alp11\/wp-content\/uploads\/Forcletta_09_023.jpg\" data-caption-title=\"... que l&#039;arriv\u00e9e dans les premiers p\u00e2turages de Salzbedu rel\u00e8gue imm\u00e9diatement aux oubliettes.\" data-caption-desc=\"... que l&#039;arriv\u00e9e dans les premiers p\u00e2turages de Salzbedu rel\u00e8gue imm\u00e9diatement aux oubliettes.\" data-attachment-id=\"17564\" data-type=\"image\" class=\"fg-thumb\"><span class=\"fg-image-wrap\"><img decoding=\"async\" alt=\"Forcletta_09_023\" title=\"... que l&#039;arriv\u00e9e dans les premiers p\u00e2turages de Salzbedu rel\u00e8gue imm\u00e9diatement aux oubliettes.\" width=\"101\" height=\"57\" class=\"skip-lazy fg-image\" data-src-fg=\"https:\/\/alpavista.ch\/Alp11\/wp-content\/uploads\/cache\/Forcletta_09_023\/1072288160.jpg\" src=\"data:image\/svg+xml,%3Csvg%20xmlns%3D%22http%3A%2F%2Fwww.w3.org%2F2000%2Fsvg%22%20width%3D%22101%22%20height%3D%2257%22%20viewBox%3D%220%200%20101%2057%22%3E%3C%2Fsvg%3E\" loading=\"eager\"><\/span><span class=\"fg-image-overlay\"><\/span><\/a><figcaption class=\"fg-caption\"><div class=\"fg-caption-inner\"><div class=\"fg-caption-desc\">... que l'arriv\u00e9e dans les premiers p\u00e2turages de Salzbedu rel\u00e8gue imm\u00e9diatement aux oubliettes.<\/div><\/div><\/figcaption><\/figure><div class=\"fg-loader\"><\/div><\/div><div class=\"fg-item fg-type-image fg-idle\"><figure class=\"fg-item-inner\"><a href=\"https:\/\/alpavista.ch\/Alp11\/wp-content\/uploads\/Forcletta_09_024.jpg\" data-caption-title=\"On n&#039;acc\u00e8de pas tous les jours dans le Turtmanntal via un col anniviard, Pourtant on devrait, la d\u00e9marche est tr\u00e8s gratifiante et cette vall\u00e9e m\u00e9connue, tout simplement splendide.\" data-caption-desc=\"On n&#039;acc\u00e8de pas tous les jours dans le Turtmanntal via un col anniviard, Pourtant on devrait, la d\u00e9marche est tr\u00e8s gratifiante et cette vall\u00e9e m\u00e9connue, tout simplement splendide.\" data-attachment-id=\"17563\" data-type=\"image\" class=\"fg-thumb\"><span class=\"fg-image-wrap\"><img decoding=\"async\" alt=\"Forcletta_09_024\" title=\"On n&#039;acc\u00e8de pas tous les jours dans le Turtmanntal via un col anniviard, Pourtant on devrait, la d\u00e9marche est tr\u00e8s gratifiante et cette vall\u00e9e m\u00e9connue, tout simplement splendide.\" width=\"101\" height=\"57\" class=\"skip-lazy fg-image\" data-src-fg=\"https:\/\/alpavista.ch\/Alp11\/wp-content\/uploads\/cache\/Forcletta_09_024\/3756354052.jpg\" src=\"data:image\/svg+xml,%3Csvg%20xmlns%3D%22http%3A%2F%2Fwww.w3.org%2F2000%2Fsvg%22%20width%3D%22101%22%20height%3D%2257%22%20viewBox%3D%220%200%20101%2057%22%3E%3C%2Fsvg%3E\" loading=\"eager\"><\/span><span class=\"fg-image-overlay\"><\/span><\/a><figcaption class=\"fg-caption\"><div class=\"fg-caption-inner\"><div class=\"fg-caption-desc\">On n'acc\u00e8de pas tous les jours dans le Turtmanntal via un col anniviard, Pourtant on devrait, la d\u00e9marche est tr\u00e8s gratifiante et cette vall\u00e9e m\u00e9connue, tout simplement splendide.<\/div><\/div><\/figcaption><\/figure><div class=\"fg-loader\"><\/div><\/div><div class=\"fg-item fg-type-image fg-idle\"><figure class=\"fg-item-inner\"><a href=\"https:\/\/alpavista.ch\/Alp11\/wp-content\/uploads\/Forcletta_09_025.jpg\" data-caption-title=\"L&#039;alpage de Chalte Berg : premiers signes de civilisation depuis que nous avons quitt\u00e9 Nava. Mais peut-\u00eatre que parler de civilisation est ici, un poil exag\u00e9r\u00e9.\" data-caption-desc=\"L&#039;alpage de Chalte Berg : premiers signes de civilisation depuis que nous avons quitt\u00e9 Nava. Mais peut-\u00eatre que parler de civilisation est ici, un poil exag\u00e9r\u00e9.\" data-attachment-id=\"17562\" data-type=\"image\" class=\"fg-thumb\"><span class=\"fg-image-wrap\"><img decoding=\"async\" alt=\"Forcletta_09_025\" title=\"L&#039;alpage de Chalte Berg : premiers signes de civilisation depuis que nous avons quitt\u00e9 Nava. Mais peut-\u00eatre que parler de civilisation est ici, un poil exag\u00e9r\u00e9.\" width=\"101\" height=\"57\" class=\"skip-lazy fg-image\" data-src-fg=\"https:\/\/alpavista.ch\/Alp11\/wp-content\/uploads\/cache\/Forcletta_09_025\/1975998142.jpg\" src=\"data:image\/svg+xml,%3Csvg%20xmlns%3D%22http%3A%2F%2Fwww.w3.org%2F2000%2Fsvg%22%20width%3D%22101%22%20height%3D%2257%22%20viewBox%3D%220%200%20101%2057%22%3E%3C%2Fsvg%3E\" loading=\"eager\"><\/span><span class=\"fg-image-overlay\"><\/span><\/a><figcaption class=\"fg-caption\"><div class=\"fg-caption-inner\"><div class=\"fg-caption-desc\">L'alpage de Chalte Berg : premiers signes de civilisation depuis que nous avons quitt\u00e9 Nava. Mais peut-\u00eatre que parler de civilisation est ici, un poil exag\u00e9r\u00e9.<\/div><\/div><\/figcaption><\/figure><div class=\"fg-loader\"><\/div><\/div><div class=\"fg-item fg-type-image fg-idle\"><figure class=\"fg-item-inner\"><a href=\"https:\/\/alpavista.ch\/Alp11\/wp-content\/uploads\/Forcletta_09_026.jpg\" data-caption-title=\"Autre photo &quot;post-it&quot; du jour, le Bishorn tout proche, et ses 4&#039;153 m\u00e8tres &quot;pour dames&quot;. A faire une fois, mais peut-\u00eatre pas \u00e0 v\u00e9lo...\" data-caption-desc=\"Autre photo &quot;post-it&quot; du jour, le Bishorn tout proche, et ses 4&#039;153 m\u00e8tres &quot;pour dames&quot;. A faire une fois, mais peut-\u00eatre pas \u00e0 v\u00e9lo...\" data-attachment-id=\"17561\" data-type=\"image\" class=\"fg-thumb\"><span class=\"fg-image-wrap\"><img decoding=\"async\" alt=\"Forcletta_09_026\" title=\"Autre photo &quot;post-it&quot; du jour, le Bishorn tout proche, et ses 4&#039;153 m\u00e8tres &quot;pour dames&quot;. A faire une fois, mais peut-\u00eatre pas \u00e0 v\u00e9lo...\" width=\"101\" height=\"57\" class=\"skip-lazy fg-image\" data-src-fg=\"https:\/\/alpavista.ch\/Alp11\/wp-content\/uploads\/cache\/Forcletta_09_026\/1355814193.jpg\" src=\"data:image\/svg+xml,%3Csvg%20xmlns%3D%22http%3A%2F%2Fwww.w3.org%2F2000%2Fsvg%22%20width%3D%22101%22%20height%3D%2257%22%20viewBox%3D%220%200%20101%2057%22%3E%3C%2Fsvg%3E\" loading=\"eager\"><\/span><span class=\"fg-image-overlay\"><\/span><\/a><figcaption class=\"fg-caption\"><div class=\"fg-caption-inner\"><div class=\"fg-caption-desc\">Autre photo \"post-it\" du jour, le Bishorn tout proche, et ses 4'153 m\u00e8tres \"pour dames\". A faire une fois, mais peut-\u00eatre pas \u00e0 v\u00e9lo...<\/div><\/div><\/figcaption><\/figure><div class=\"fg-loader\"><\/div><\/div><div class=\"fg-item fg-type-image fg-idle\"><figure class=\"fg-item-inner\"><a href=\"https:\/\/alpavista.ch\/Alp11\/wp-content\/uploads\/Forcletta_09_027.jpg\" data-caption-title=\"La journ\u00e9e est d\u00e9j\u00e0 avanc\u00e9e, mais le &quot;Gletscherpfad&quot; vraiment trop tentant pour \u00eatre &quot;by-passer&quot;. Je suis s\u00fbr qu&#039;en voyant cette photo, certains visiteurs nous comprendront.\" data-caption-desc=\"La journ\u00e9e est d\u00e9j\u00e0 avanc\u00e9e, mais le &quot;Gletscherpfad&quot; vraiment trop tentant pour \u00eatre &quot;by-passer&quot;. Je suis s\u00fbr qu&#039;en voyant cette photo, certains visiteurs nous comprendront.\" data-attachment-id=\"17560\" data-type=\"image\" class=\"fg-thumb\"><span class=\"fg-image-wrap\"><img decoding=\"async\" alt=\"Forcletta_09_027\" title=\"La journ\u00e9e est d\u00e9j\u00e0 avanc\u00e9e, mais le &quot;Gletscherpfad&quot; vraiment trop tentant pour \u00eatre &quot;by-passer&quot;. Je suis s\u00fbr qu&#039;en voyant cette photo, certains visiteurs nous comprendront.\" width=\"101\" height=\"57\" class=\"skip-lazy fg-image\" data-src-fg=\"https:\/\/alpavista.ch\/Alp11\/wp-content\/uploads\/cache\/Forcletta_09_027\/4210174347.jpg\" src=\"data:image\/svg+xml,%3Csvg%20xmlns%3D%22http%3A%2F%2Fwww.w3.org%2F2000%2Fsvg%22%20width%3D%22101%22%20height%3D%2257%22%20viewBox%3D%220%200%20101%2057%22%3E%3C%2Fsvg%3E\" loading=\"eager\"><\/span><span class=\"fg-image-overlay\"><\/span><\/a><figcaption class=\"fg-caption\"><div class=\"fg-caption-inner\"><div class=\"fg-caption-desc\">La journ\u00e9e est d\u00e9j\u00e0 avanc\u00e9e, mais le \"Gletscherpfad\" vraiment trop tentant pour \u00eatre \"by-passer\". Je suis s\u00fbr qu'en voyant cette photo, certains visiteurs nous comprendront.<\/div><\/div><\/figcaption><\/figure><div class=\"fg-loader\"><\/div><\/div><div class=\"fg-item fg-type-image fg-idle\"><figure class=\"fg-item-inner\"><a href=\"https:\/\/alpavista.ch\/Alp11\/wp-content\/uploads\/Forcletta_09_028.jpg\" data-caption-title=\"Ce chemin est une &quot;tuerie&quot; : juste inclin\u00e9 comme il faut, quasiment roulant de part en part et spectaculaire comme rarement j&#039;en ai vu.\" data-caption-desc=\"Ce chemin est une &quot;tuerie&quot; : juste inclin\u00e9 comme il faut, quasiment roulant de part en part et spectaculaire comme rarement j&#039;en ai vu.\" data-attachment-id=\"17559\" data-type=\"image\" class=\"fg-thumb\"><span class=\"fg-image-wrap\"><img decoding=\"async\" alt=\"Forcletta_09_028\" title=\"Ce chemin est une &quot;tuerie&quot; : juste inclin\u00e9 comme il faut, quasiment roulant de part en part et spectaculaire comme rarement j&#039;en ai vu.\" width=\"101\" height=\"57\" class=\"skip-lazy fg-image\" data-src-fg=\"https:\/\/alpavista.ch\/Alp11\/wp-content\/uploads\/cache\/Forcletta_09_028\/2203475862.jpg\" src=\"data:image\/svg+xml,%3Csvg%20xmlns%3D%22http%3A%2F%2Fwww.w3.org%2F2000%2Fsvg%22%20width%3D%22101%22%20height%3D%2257%22%20viewBox%3D%220%200%20101%2057%22%3E%3C%2Fsvg%3E\" loading=\"eager\"><\/span><span class=\"fg-image-overlay\"><\/span><\/a><figcaption class=\"fg-caption\"><div class=\"fg-caption-inner\"><div class=\"fg-caption-desc\">Ce chemin est une \"tuerie\" : juste inclin\u00e9 comme il faut, quasiment roulant de part en part et spectaculaire comme rarement j'en ai vu.<\/div><\/div><\/figcaption><\/figure><div class=\"fg-loader\"><\/div><\/div><div class=\"fg-item fg-type-image fg-idle\"><figure class=\"fg-item-inner\"><a href=\"https:\/\/alpavista.ch\/Alp11\/wp-content\/uploads\/Forcletta_09_029.jpg\" data-caption-title=\"Bon, faut quand m\u00eame localement se concentrer, sous peine de rejoindre plus rapidement que pr\u00e9vu l&#039;amas de voitures des touristes du dimanche, 400 m\u00e8tres plus bas.\" data-caption-desc=\"Bon, faut quand m\u00eame localement se concentrer, sous peine de rejoindre plus rapidement que pr\u00e9vu l&#039;amas de voitures des touristes du dimanche, 400 m\u00e8tres plus bas.\" data-attachment-id=\"17558\" data-type=\"image\" class=\"fg-thumb\"><span class=\"fg-image-wrap\"><img decoding=\"async\" alt=\"Forcletta_09_029\" title=\"Bon, faut quand m\u00eame localement se concentrer, sous peine de rejoindre plus rapidement que pr\u00e9vu l&#039;amas de voitures des touristes du dimanche, 400 m\u00e8tres plus bas.\" width=\"101\" height=\"57\" class=\"skip-lazy fg-image\" data-src-fg=\"https:\/\/alpavista.ch\/Alp11\/wp-content\/uploads\/cache\/Forcletta_09_029\/695493420.jpg\" src=\"data:image\/svg+xml,%3Csvg%20xmlns%3D%22http%3A%2F%2Fwww.w3.org%2F2000%2Fsvg%22%20width%3D%22101%22%20height%3D%2257%22%20viewBox%3D%220%200%20101%2057%22%3E%3C%2Fsvg%3E\" loading=\"eager\"><\/span><span class=\"fg-image-overlay\"><\/span><\/a><figcaption class=\"fg-caption\"><div class=\"fg-caption-inner\"><div class=\"fg-caption-desc\">Bon, faut quand m\u00eame localement se concentrer, sous peine de rejoindre plus rapidement que pr\u00e9vu l'amas de voitures des touristes du dimanche, 400 m\u00e8tres plus bas.<\/div><\/div><\/figcaption><\/figure><div class=\"fg-loader\"><\/div><\/div><div class=\"fg-item fg-type-image fg-idle\"><figure class=\"fg-item-inner\"><a href=\"https:\/\/alpavista.ch\/Alp11\/wp-content\/uploads\/Forcletta_09_030.jpg\" data-caption-title=\"Ah ouaip, j&#039;allais oublier. Quand la conduite d&#039;amen\u00e9e d&#039;eau coupe \u00e0 travers le rocher, le chemin, lui, le contourne ou pire, le surmonte... Mais ici, un ni\u00e8me portage de fin de journ\u00e9e, n&#039;a plus tout-\u00e0-fait la m\u00eame saveur. Allez savoir pourquoi.\" data-caption-desc=\"Ah ouaip, j&#039;allais oublier. Quand la conduite d&#039;amen\u00e9e d&#039;eau coupe \u00e0 travers le rocher, le chemin, lui, le contourne ou pire, le surmonte... Mais ici, un ni\u00e8me portage de fin de journ\u00e9e, n&#039;a plus tout-\u00e0-fait la m\u00eame saveur. Allez savoir pourquoi.\" data-attachment-id=\"17557\" data-type=\"image\" class=\"fg-thumb\"><span class=\"fg-image-wrap\"><img decoding=\"async\" alt=\"Forcletta_09_030\" title=\"Ah ouaip, j&#039;allais oublier. Quand la conduite d&#039;amen\u00e9e d&#039;eau coupe \u00e0 travers le rocher, le chemin, lui, le contourne ou pire, le surmonte... Mais ici, un ni\u00e8me portage de fin de journ\u00e9e, n&#039;a plus tout-\u00e0-fait la m\u00eame saveur. Allez savoir pourquoi.\" width=\"101\" height=\"57\" class=\"skip-lazy fg-image\" data-src-fg=\"https:\/\/alpavista.ch\/Alp11\/wp-content\/uploads\/cache\/Forcletta_09_030\/1227502427.jpg\" src=\"data:image\/svg+xml,%3Csvg%20xmlns%3D%22http%3A%2F%2Fwww.w3.org%2F2000%2Fsvg%22%20width%3D%22101%22%20height%3D%2257%22%20viewBox%3D%220%200%20101%2057%22%3E%3C%2Fsvg%3E\" loading=\"eager\"><\/span><span class=\"fg-image-overlay\"><\/span><\/a><figcaption class=\"fg-caption\"><div class=\"fg-caption-inner\"><div class=\"fg-caption-desc\">Ah ouaip, j'allais oublier. Quand la conduite d'amen\u00e9e d'eau coupe \u00e0 travers le rocher, le chemin, lui, le contourne ou pire, le surmonte... Mais ici, un ni\u00e8me portage de fin de journ\u00e9e, n'a plus tout-\u00e0-fait la m\u00eame saveur. Allez savoir pourquoi.<\/div><\/div><\/figcaption><\/figure><div class=\"fg-loader\"><\/div><\/div><div class=\"fg-item fg-type-image fg-idle\"><figure class=\"fg-item-inner\"><a href=\"https:\/\/alpavista.ch\/Alp11\/wp-content\/uploads\/Forcletta_09_031.jpg\" data-caption-title=\"Oups... m\u00eame si c&#039;est pour f\u00eater notre d\u00e9finitif retour en selle, on va se calmer, parce que je suis s\u00fbr que cette eau gris-bleue doit \u00eatre particuli\u00e8rement glaciale.\" data-caption-desc=\"Oups... m\u00eame si c&#039;est pour f\u00eater notre d\u00e9finitif retour en selle, on va se calmer, parce que je suis s\u00fbr que cette eau gris-bleue doit \u00eatre particuli\u00e8rement glaciale.\" data-attachment-id=\"17556\" data-type=\"image\" class=\"fg-thumb\"><span class=\"fg-image-wrap\"><img decoding=\"async\" alt=\"Forcletta_09_031\" title=\"Oups... m\u00eame si c&#039;est pour f\u00eater notre d\u00e9finitif retour en selle, on va se calmer, parce que je suis s\u00fbr que cette eau gris-bleue doit \u00eatre particuli\u00e8rement glaciale.\" width=\"101\" height=\"57\" class=\"skip-lazy fg-image\" data-src-fg=\"https:\/\/alpavista.ch\/Alp11\/wp-content\/uploads\/cache\/Forcletta_09_031\/3808956385.jpg\" src=\"data:image\/svg+xml,%3Csvg%20xmlns%3D%22http%3A%2F%2Fwww.w3.org%2F2000%2Fsvg%22%20width%3D%22101%22%20height%3D%2257%22%20viewBox%3D%220%200%20101%2057%22%3E%3C%2Fsvg%3E\" loading=\"eager\"><\/span><span class=\"fg-image-overlay\"><\/span><\/a><figcaption class=\"fg-caption\"><div class=\"fg-caption-inner\"><div class=\"fg-caption-desc\">Oups... m\u00eame si c'est pour f\u00eater notre d\u00e9finitif retour en selle, on va se calmer, parce que je suis s\u00fbr que cette eau gris-bleue doit \u00eatre particuli\u00e8rement glaciale.<\/div><\/div><\/figcaption><\/figure><div class=\"fg-loader\"><\/div><\/div><div class=\"fg-item fg-type-image fg-idle\"><figure class=\"fg-item-inner\"><a href=\"https:\/\/alpavista.ch\/Alp11\/wp-content\/uploads\/Forcletta_09_032.jpg\" data-caption-title=\"Lumi\u00e8re de fin de journ\u00e9e pour un single d&#039;anthologie.\" data-caption-desc=\"Lumi\u00e8re de fin de journ\u00e9e pour un single d&#039;anthologie.\" data-attachment-id=\"17555\" data-type=\"image\" class=\"fg-thumb\"><span class=\"fg-image-wrap\"><img decoding=\"async\" alt=\"Forcletta_09_032\" title=\"Lumi\u00e8re de fin de journ\u00e9e pour un single d&#039;anthologie.\" width=\"101\" height=\"57\" class=\"skip-lazy fg-image\" data-src-fg=\"https:\/\/alpavista.ch\/Alp11\/wp-content\/uploads\/cache\/Forcletta_09_032\/3323939950.jpg\" src=\"data:image\/svg+xml,%3Csvg%20xmlns%3D%22http%3A%2F%2Fwww.w3.org%2F2000%2Fsvg%22%20width%3D%22101%22%20height%3D%2257%22%20viewBox%3D%220%200%20101%2057%22%3E%3C%2Fsvg%3E\" loading=\"eager\"><\/span><span class=\"fg-image-overlay\"><\/span><\/a><figcaption class=\"fg-caption\"><div class=\"fg-caption-inner\"><div class=\"fg-caption-desc\">Lumi\u00e8re de fin de journ\u00e9e pour un single d'anthologie.<\/div><\/div><\/figcaption><\/figure><div class=\"fg-loader\"><\/div><\/div><div class=\"fg-item fg-type-image fg-idle\"><figure class=\"fg-item-inner\"><a href=\"https:\/\/alpavista.ch\/Alp11\/wp-content\/uploads\/Forcletta_09_033.jpg\" data-caption-title=\"Le bassin de retenue sur la Turm\u00e4nna : joyau d&#039;\u00e9meraude d&#039;un cirque naturel grandiose et v\u00e9ritablement impressionnant.\" data-caption-desc=\"Le bassin de retenue sur la Turm\u00e4nna : joyau d&#039;\u00e9meraude d&#039;un cirque naturel grandiose et v\u00e9ritablement impressionnant.\" data-attachment-id=\"17554\" data-type=\"image\" class=\"fg-thumb\"><span class=\"fg-image-wrap\"><img decoding=\"async\" alt=\"Forcletta_09_033\" title=\"Le bassin de retenue sur la Turm\u00e4nna : joyau d&#039;\u00e9meraude d&#039;un cirque naturel grandiose et v\u00e9ritablement impressionnant.\" width=\"101\" height=\"57\" class=\"skip-lazy fg-image\" data-src-fg=\"https:\/\/alpavista.ch\/Alp11\/wp-content\/uploads\/cache\/Forcletta_09_033\/1815965908.jpg\" src=\"data:image\/svg+xml,%3Csvg%20xmlns%3D%22http%3A%2F%2Fwww.w3.org%2F2000%2Fsvg%22%20width%3D%22101%22%20height%3D%2257%22%20viewBox%3D%220%200%20101%2057%22%3E%3C%2Fsvg%3E\" loading=\"eager\"><\/span><span class=\"fg-image-overlay\"><\/span><\/a><figcaption class=\"fg-caption\"><div class=\"fg-caption-inner\"><div class=\"fg-caption-desc\">Le bassin de retenue sur la Turm\u00e4nna : joyau d'\u00e9meraude d'un cirque naturel grandiose et v\u00e9ritablement impressionnant.<\/div><\/div><\/figcaption><\/figure><div class=\"fg-loader\"><\/div><\/div><div class=\"fg-item fg-type-image fg-idle\"><figure class=\"fg-item-inner\"><a href=\"https:\/\/alpavista.ch\/Alp11\/wp-content\/uploads\/Forcletta_09_034.jpg\" data-caption-title=\"15 kilom\u00e8tres de bitume et de chemins plus tard, nous r\u00e9-\u00e9mergeons \u00e0 nouveau dans douce chaleur de la vall\u00e9e du Rh\u00f4ne. 17 heures sonnent au clocher d&#039;Unterems. Cela fait exactement 7 heures que nous avons quitt\u00e9 Vissoie. Reste \u00e0 regagner Sierre face au vent de vall\u00e9e, cher aux routeux.\" data-caption-desc=\"15 kilom\u00e8tres de bitume et de chemins plus tard, nous r\u00e9-\u00e9mergeons \u00e0 nouveau dans douce chaleur de la vall\u00e9e du Rh\u00f4ne. 17 heures sonnent au clocher d&#039;Unterems. Cela fait exactement 7 heures que nous avons quitt\u00e9 Vissoie. Reste \u00e0 regagner Sierre face au vent de vall\u00e9e, cher aux routeux.\" data-attachment-id=\"17553\" data-type=\"image\" class=\"fg-thumb\"><span class=\"fg-image-wrap\"><img decoding=\"async\" alt=\"Forcletta_09_034\" title=\"15 kilom\u00e8tres de bitume et de chemins plus tard, nous r\u00e9-\u00e9mergeons \u00e0 nouveau dans douce chaleur de la vall\u00e9e du Rh\u00f4ne. 17 heures sonnent au clocher d&#039;Unterems. Cela fait exactement 7 heures que nous avons quitt\u00e9 Vissoie. Reste \u00e0 regagner Sierre face au vent de vall\u00e9e, cher aux routeux.\" width=\"101\" height=\"57\" class=\"skip-lazy fg-image\" data-src-fg=\"https:\/\/alpavista.ch\/Alp11\/wp-content\/uploads\/cache\/Forcletta_09_034\/2352073584.jpg\" src=\"data:image\/svg+xml,%3Csvg%20xmlns%3D%22http%3A%2F%2Fwww.w3.org%2F2000%2Fsvg%22%20width%3D%22101%22%20height%3D%2257%22%20viewBox%3D%220%200%20101%2057%22%3E%3C%2Fsvg%3E\" loading=\"eager\"><\/span><span class=\"fg-image-overlay\"><\/span><\/a><figcaption class=\"fg-caption\"><div class=\"fg-caption-inner\"><div class=\"fg-caption-desc\">15 kilom\u00e8tres de bitume et de chemins plus tard, nous r\u00e9-\u00e9mergeons \u00e0 nouveau dans douce chaleur de la vall\u00e9e du Rh\u00f4ne. 17 heures sonnent au clocher d'Unterems. Cela fait exactement 7 heures que nous avons quitt\u00e9 Vissoie. Reste \u00e0 regagner Sierre face au vent de vall\u00e9e, cher aux routeux.<\/div><\/div><\/figcaption><\/figure><div class=\"fg-loader\"><\/div><\/div><div class=\"fg-item fg-type-image fg-idle\"><figure class=\"fg-item-inner\"><a href=\"https:\/\/alpavista.ch\/Alp11\/wp-content\/uploads\/Forcletta_09_035.jpg\" data-caption-title=\"L&#039;incroyable toboggan d&#039;Agarn nous propose heureusement une alternative initiale ludique et appr\u00e9ciable.\" data-caption-desc=\"L&#039;incroyable toboggan d&#039;Agarn nous propose heureusement une alternative initiale ludique et appr\u00e9ciable.\" data-attachment-id=\"17552\" data-type=\"image\" class=\"fg-thumb\"><span class=\"fg-image-wrap\"><img decoding=\"async\" alt=\"Forcletta_09_035\" title=\"L&#039;incroyable toboggan d&#039;Agarn nous propose heureusement une alternative initiale ludique et appr\u00e9ciable.\" width=\"101\" height=\"57\" class=\"skip-lazy fg-image\" data-src-fg=\"https:\/\/alpavista.ch\/Alp11\/wp-content\/uploads\/cache\/Forcletta_09_035\/638842826.jpg\" src=\"data:image\/svg+xml,%3Csvg%20xmlns%3D%22http%3A%2F%2Fwww.w3.org%2F2000%2Fsvg%22%20width%3D%22101%22%20height%3D%2257%22%20viewBox%3D%220%200%20101%2057%22%3E%3C%2Fsvg%3E\" loading=\"eager\"><\/span><span class=\"fg-image-overlay\"><\/span><\/a><figcaption class=\"fg-caption\"><div class=\"fg-caption-inner\"><div class=\"fg-caption-desc\">L'incroyable toboggan d'Agarn nous propose heureusement une alternative initiale ludique et appr\u00e9ciable.<\/div><\/div><\/figcaption><\/figure><div class=\"fg-loader\"><\/div><\/div><\/div>\n\n<input class=\"fooboxshare_post_id\" type=\"hidden\" value=\"1748\"\/>","protected":false},"excerpt":{"rendered":"<p>Les cols permettant de relier Anniviers au Turtmanntal sont certes nombreux, l\u2019Illpass*, le Pas du B\u0153uf, le Meidpass, le col de Vijivi, la Forcletta, le col des Arpettes, mais pas forc\u00e9ment tous adapt\u00e9s au VTT. Si on savait que les \u00ab pass \u00bb passaient plut\u00f4t bien en bike, pour les cols, \u00e0 consonance plus francophone, c&rsquo;\u00e9tait plus incertain. Du coup, on a d\u00e9cid\u00e9 d\u2019aller en v\u00e9rifier la roulabilit\u00e9 sur place. Au programme de ce premier dimanche de septembre, donc, la [&hellip;]<\/p>\n","protected":false},"author":2,"featured_media":8386,"comment_status":"open","ping_status":"closed","sticky":false,"template":"","format":"standard","meta":{"footnotes":""},"categories":[658,4],"tags":[1220,1060,1383,1386,1384,1385,1387,1280,1217,1318,1176],"class_list":["post-1748","post","type-post","status-publish","format-standard","has-post-thumbnail","hentry","category-outdoor","category-vtt","tag-agarn","tag-anniviers","tag-ayer","tag-bluomatt","tag-chiesso","tag-forcletta","tag-gruben","tag-nava","tag-oberems","tag-turtmanntal","tag-vissoie"],"_links":{"self":[{"href":"https:\/\/alpavista.ch\/Alp11\/wp-json\/wp\/v2\/posts\/1748","targetHints":{"allow":["GET"]}}],"collection":[{"href":"https:\/\/alpavista.ch\/Alp11\/wp-json\/wp\/v2\/posts"}],"about":[{"href":"https:\/\/alpavista.ch\/Alp11\/wp-json\/wp\/v2\/types\/post"}],"author":[{"embeddable":true,"href":"https:\/\/alpavista.ch\/Alp11\/wp-json\/wp\/v2\/users\/2"}],"replies":[{"embeddable":true,"href":"https:\/\/alpavista.ch\/Alp11\/wp-json\/wp\/v2\/comments?post=1748"}],"version-history":[{"count":0,"href":"https:\/\/alpavista.ch\/Alp11\/wp-json\/wp\/v2\/posts\/1748\/revisions"}],"wp:featuredmedia":[{"embeddable":true,"href":"https:\/\/alpavista.ch\/Alp11\/wp-json\/wp\/v2\/media\/8386"}],"wp:attachment":[{"href":"https:\/\/alpavista.ch\/Alp11\/wp-json\/wp\/v2\/media?parent=1748"}],"wp:term":[{"taxonomy":"category","embeddable":true,"href":"https:\/\/alpavista.ch\/Alp11\/wp-json\/wp\/v2\/categories?post=1748"},{"taxonomy":"post_tag","embeddable":true,"href":"https:\/\/alpavista.ch\/Alp11\/wp-json\/wp\/v2\/tags?post=1748"}],"curies":[{"name":"wp","href":"https:\/\/api.w.org\/{rel}","templated":true}]}}