{"id":19,"date":"2002-08-21T19:45:51","date_gmt":"2002-08-21T18:45:51","guid":{"rendered":"http:\/\/www.alpavista.ch\/Alp11\/?p=19"},"modified":"2022-12-09T17:41:26","modified_gmt":"2022-12-09T16:41:26","slug":"rando-vtt-fionnay-etroubles-par-la-fenetre-de-durand","status":"publish","type":"post","link":"https:\/\/alpavista.ch\/Alp11\/2002\/08\/21\/rando-vtt-fionnay-etroubles-par-la-fenetre-de-durand\/","title":{"rendered":"Fen\u00eatre de Durand 02"},"content":{"rendered":"<p>Je pense que personne ne me contredira si je dis avoir la chance de pratiquer mon sport favori dans une r\u00e9gion b\u00e9nie des dieux. Le Valais est un petit paradis pour le VTT. Pourtant, lors de cette superbe rando autour du Grand Combin, je crois que j\u2019ai d\u00e9couvert encore mieux : le  paradis \u00ab tout court \u00bb. Le fond du Val de Bagnes fait certainement partie des r\u00e9gions les plus sauvages et les plus pr\u00e9serv\u00e9es des Alpes, \u00e0 tel point qu\u2019un projet de parc nationnal y est m\u00eame envisag\u00e9. Que dire alors de son pendant valdotain ? Le Haut Val d\u2019Ollomont est une petite perle de la nature. Massifs abupts et rocailleux, neiges \u00e9ternelles et glaciers suspendus, vastes prairies verdoyantes ondulant de combes profondes en cr\u00eates potel\u00e9es, sa topographie r\u00e9unit dans un espace restreint tous les ingr\u00e9dients n\u00e9cessaires pour en faire un lieu \u00e9tourdissant de beaut\u00e9 sauvage et de paysages puissants.<\/p>\n<p><!--more--><br \/>\nJe regrette de ne pas avoir pu partager ces merveilleux moments de bonheur avec les autres particpants inscrits pour le Tour du Grand Combin organis\u00e9 par Farenj. Mais je suis pratiquement certain que ce n\u2019est que partie remise, car je crois bien que je suis tomb\u00e9 amoureux&#8230;. de ce petit coin de plan\u00e8te. Je ne me vois pas continuer \u00e0 faire du VTT sans y reposer un jour ou l\u2019autre les crampons de mon spad pr\u00e9f\u00e9r\u00e9.<\/p>\n<p>Bon, je vais m\u2019arr\u00eater l\u00e0, sinon il y en encore qui vont affirmer que j\u2019ai abus\u00e9 de Grappa Valdotaine&#8230; (suivez mon regard) Et le pire c\u2019est que j\u2019aurais pu&#8230;.<\/p>\n<p>En nous arr\u00eatant pour faire le plein de nos Camelback dans un petit chalet de pierres, son sympathique propri\u00e9taire nous a en effet propos\u00e9 le plus s\u00e9rieusement du monde, de remplacer \u00ab l\u2019acqua \u00bb par de la \u00ab grappa \u00bb&#8230;. Juste 2 litres par personne, comme \u00e7a, tout simplement&#8230;.<\/p>\n<p>Beau pays et, en plus, beau peuple.. Je suis fier d\u2019\u00eatre un de vos \u00ab cousins \u00bb, amis Valdotains. ;o))<\/p>\n<style type=\"text\/css\">\n#foogallery-gallery-16059 .fg-image { width: 101px; }\n#foogallery-gallery-16059 { --fg-gutter: 1px; }<\/style>\n\t\t\t<div class=\"foogallery foogallery-container foogallery-default foogallery-lightbox-none fg-left fg-default fg-ready fg-light fg-loading-default fg-loaded-fade-in fg-preset fg-selena fg-preset-small fg-preset fg-selena fg-preset-small\" id=\"foogallery-gallery-16059\" data-foogallery=\"{&quot;item&quot;:{&quot;showCaptionTitle&quot;:false,&quot;showCaptionDescription&quot;:true},&quot;lazy&quot;:true,&quot;state&quot;:{&quot;enabled&quot;:true,&quot;mask&quot;:&quot;foogallery-{id}&quot;}}\" style=\"--fg-title-line-clamp: 0; --fg-description-line-clamp: 0;\" >\n\t<div class=\"fg-item fg-type-image fg-idle\"><figure class=\"fg-item-inner\"><a href=\"https:\/\/alpavista.ch\/Alp11\/wp-content\/uploads\/Fenetre_Durand_001.jpg\" data-caption-title=\"Les in\u00e9vitables kilom\u00e8tres de bitume entre Fionnay et le couronnement du barrage de Mauvoisin sont rapidement aval\u00e9s pour acc\u00e9der \u00e0 la piste de la cabane Chanrion, longeant le lac artificiel sur sa rive gauche.\" data-caption-desc=\"Les in\u00e9vitables kilom\u00e8tres de bitume entre Fionnay et le couronnement du barrage de Mauvoisin sont rapidement aval\u00e9s pour acc\u00e9der \u00e0 la piste de la cabane Chanrion, longeant le lac artificiel sur sa rive gauche.\" data-attachment-id=\"16079\" data-type=\"image\" class=\"fg-thumb\"><span class=\"fg-image-wrap\"><img decoding=\"async\" alt=\"Fenetre_Durand_001.jpg\" title=\"Les in\u00e9vitables kilom\u00e8tres de bitume entre Fionnay et le couronnement du barrage de Mauvoisin sont rapidement aval\u00e9s pour acc\u00e9der \u00e0 la piste de la cabane Chanrion, longeant le lac artificiel sur sa rive gauche.\" width=\"101\" height=\"57\" class=\"skip-lazy fg-image\" data-src-fg=\"https:\/\/alpavista.ch\/Alp11\/wp-content\/uploads\/cache\/Fenetre_Durand_001\/1628912346.jpg\" src=\"data:image\/svg+xml,%3Csvg%20xmlns%3D%22http%3A%2F%2Fwww.w3.org%2F2000%2Fsvg%22%20width%3D%22101%22%20height%3D%2257%22%20viewBox%3D%220%200%20101%2057%22%3E%3C%2Fsvg%3E\" loading=\"eager\"><\/span><span class=\"fg-image-overlay\"><\/span><\/a><figcaption class=\"fg-caption\"><div class=\"fg-caption-inner\"><div class=\"fg-caption-desc\">Les in\u00e9vitables kilom\u00e8tres de bitume entre Fionnay et le couronnement du barrage de Mauvoisin sont rapidement aval\u00e9s pour acc\u00e9der \u00e0 la piste de la cabane Chanrion, longeant le lac artificiel sur sa rive gauche.<\/div><\/div><\/figcaption><\/figure><div class=\"fg-loader\"><\/div><\/div><div class=\"fg-item fg-type-image fg-idle\"><figure class=\"fg-item-inner\"><a href=\"https:\/\/alpavista.ch\/Alp11\/wp-content\/uploads\/Fenetre_Durand_002.jpg\" data-caption-title=\"Comme la piste est \u00e0 profil descendant dans sa plus grande partie, le mur de b\u00e9ton au pied du Mont Pleureur s\u2019\u00e9loigne \u00e0 la vitesse grand V. Ce premier tron\u00e7on interminable pour les randonneurs p\u00e9destres, est une simple formalit\u00e9 \u00e0 VTT.\" data-caption-desc=\"Comme la piste est \u00e0 profil descendant dans sa plus grande partie, le mur de b\u00e9ton au pied du Mont Pleureur s\u2019\u00e9loigne \u00e0 la vitesse grand V. Ce premier tron\u00e7on interminable pour les randonneurs p\u00e9destres, est une simple formalit\u00e9 \u00e0 VTT.\" data-attachment-id=\"16078\" data-type=\"image\" class=\"fg-thumb\"><span class=\"fg-image-wrap\"><img decoding=\"async\" alt=\"Fenetre_Durand_002.jpg\" title=\"Comme la piste est \u00e0 profil descendant dans sa plus grande partie, le mur de b\u00e9ton au pied du Mont Pleureur s\u2019\u00e9loigne \u00e0 la vitesse grand V. Ce premier tron\u00e7on interminable pour les randonneurs p\u00e9destres, est une simple formalit\u00e9 \u00e0 VTT.\" width=\"101\" height=\"57\" class=\"skip-lazy fg-image\" data-src-fg=\"https:\/\/alpavista.ch\/Alp11\/wp-content\/uploads\/cache\/Fenetre_Durand_002\/824166032.jpg\" src=\"data:image\/svg+xml,%3Csvg%20xmlns%3D%22http%3A%2F%2Fwww.w3.org%2F2000%2Fsvg%22%20width%3D%22101%22%20height%3D%2257%22%20viewBox%3D%220%200%20101%2057%22%3E%3C%2Fsvg%3E\" loading=\"eager\"><\/span><span class=\"fg-image-overlay\"><\/span><\/a><figcaption class=\"fg-caption\"><div class=\"fg-caption-inner\"><div class=\"fg-caption-desc\">Comme la piste est \u00e0 profil descendant dans sa plus grande partie, le mur de b\u00e9ton au pied du Mont Pleureur s\u2019\u00e9loigne \u00e0 la vitesse grand V. Ce premier tron\u00e7on interminable pour les randonneurs p\u00e9destres, est une simple formalit\u00e9 \u00e0 VTT.<\/div><\/div><\/figcaption><\/figure><div class=\"fg-loader\"><\/div><\/div><div class=\"fg-item fg-type-image fg-idle\"><figure class=\"fg-item-inner\"><a href=\"https:\/\/alpavista.ch\/Alp11\/wp-content\/uploads\/Fenetre_Durand_003.jpg\" data-caption-title=\"L\u2019arriv\u00e9e \u00e0 l\u2019alpage de Grande Charmotane marque le d\u00e9but des hostilit\u00e9s. Nous abandonnons la piste qui suit le fond du Val de Bagnes pour nous hisser sur son flanc gauche. Apr\u00e8s un long portage pour gravir les premi\u00e8res pentes abruptes, l\u2019arriv\u00e9e \u00e0 Plan Fen\u00eatre nous remet en selle.\" data-caption-desc=\"L\u2019arriv\u00e9e \u00e0 l\u2019alpage de Grande Charmotane marque le d\u00e9but des hostilit\u00e9s. Nous abandonnons la piste qui suit le fond du Val de Bagnes pour nous hisser sur son flanc gauche. Apr\u00e8s un long portage pour gravir les premi\u00e8res pentes abruptes, l\u2019arriv\u00e9e \u00e0 Plan Fen\u00eatre nous remet en selle.\" data-attachment-id=\"16077\" data-type=\"image\" class=\"fg-thumb\"><span class=\"fg-image-wrap\"><img decoding=\"async\" alt=\"Fenetre_Durand_003.jpg\" title=\"L\u2019arriv\u00e9e \u00e0 l\u2019alpage de Grande Charmotane marque le d\u00e9but des hostilit\u00e9s. Nous abandonnons la piste qui suit le fond du Val de Bagnes pour nous hisser sur son flanc gauche. Apr\u00e8s un long portage pour gravir les premi\u00e8res pentes abruptes, l\u2019arriv\u00e9e \u00e0 Plan Fen\u00eatre nous remet en selle.\" width=\"101\" height=\"57\" class=\"skip-lazy fg-image\" data-src-fg=\"https:\/\/alpavista.ch\/Alp11\/wp-content\/uploads\/cache\/Fenetre_Durand_003\/3409702047.jpg\" src=\"data:image\/svg+xml,%3Csvg%20xmlns%3D%22http%3A%2F%2Fwww.w3.org%2F2000%2Fsvg%22%20width%3D%22101%22%20height%3D%2257%22%20viewBox%3D%220%200%20101%2057%22%3E%3C%2Fsvg%3E\" loading=\"eager\"><\/span><span class=\"fg-image-overlay\"><\/span><\/a><figcaption class=\"fg-caption\"><div class=\"fg-caption-inner\"><div class=\"fg-caption-desc\">L\u2019arriv\u00e9e \u00e0 l\u2019alpage de Grande Charmotane marque le d\u00e9but des hostilit\u00e9s. Nous abandonnons la piste qui suit le fond du Val de Bagnes pour nous hisser sur son flanc gauche. Apr\u00e8s un long portage pour gravir les premi\u00e8res pentes abruptes, l\u2019arriv\u00e9e \u00e0 Plan Fen\u00eatre nous remet en selle.<\/div><\/div><\/figcaption><\/figure><div class=\"fg-loader\"><\/div><\/div><div class=\"fg-item fg-type-image fg-idle\"><figure class=\"fg-item-inner\"><a href=\"https:\/\/alpavista.ch\/Alp11\/wp-content\/uploads\/Fenetre_Durand_004.jpg\" data-caption-title=\"Le chemin figurant sur le tour du Grand Combin est parfaitement entretenu et par cons\u00e9quent roulable sur toute la 2\u00e8me partie. Il y a juste quelques raidillons pour pas oublier de p\u00e9daler et quelques pierres sournoises pour emp\u00eacher de s\u2019extasier b\u00e9atement devant la beaut\u00e9 sauvage du petit vallon.\" data-caption-desc=\"Le chemin figurant sur le tour du Grand Combin est parfaitement entretenu et par cons\u00e9quent roulable sur toute la 2\u00e8me partie. Il y a juste quelques raidillons pour pas oublier de p\u00e9daler et quelques pierres sournoises pour emp\u00eacher de s\u2019extasier b\u00e9atement devant la beaut\u00e9 sauvage du petit vallon.\" data-attachment-id=\"16076\" data-type=\"image\" class=\"fg-thumb\"><span class=\"fg-image-wrap\"><img decoding=\"async\" alt=\"Fenetre_Durand_004.jpg\" title=\"Le chemin figurant sur le tour du Grand Combin est parfaitement entretenu et par cons\u00e9quent roulable sur toute la 2\u00e8me partie. Il y a juste quelques raidillons pour pas oublier de p\u00e9daler et quelques pierres sournoises pour emp\u00eacher de s\u2019extasier b\u00e9atement devant la beaut\u00e9 sauvage du petit vallon.\" width=\"101\" height=\"57\" class=\"skip-lazy fg-image\" data-src-fg=\"https:\/\/alpavista.ch\/Alp11\/wp-content\/uploads\/cache\/Fenetre_Durand_004\/528031279.jpg\" src=\"data:image\/svg+xml,%3Csvg%20xmlns%3D%22http%3A%2F%2Fwww.w3.org%2F2000%2Fsvg%22%20width%3D%22101%22%20height%3D%2257%22%20viewBox%3D%220%200%20101%2057%22%3E%3C%2Fsvg%3E\" loading=\"eager\"><\/span><span class=\"fg-image-overlay\"><\/span><\/a><figcaption class=\"fg-caption\"><div class=\"fg-caption-inner\"><div class=\"fg-caption-desc\">Le chemin figurant sur le tour du Grand Combin est parfaitement entretenu et par cons\u00e9quent roulable sur toute la 2\u00e8me partie. Il y a juste quelques raidillons pour pas oublier de p\u00e9daler et quelques pierres sournoises pour emp\u00eacher de s\u2019extasier b\u00e9atement devant la beaut\u00e9 sauvage du petit vallon.<\/div><\/div><\/figcaption><\/figure><div class=\"fg-loader\"><\/div><\/div><div class=\"fg-item fg-type-image fg-idle\"><figure class=\"fg-item-inner\"><a href=\"https:\/\/alpavista.ch\/Alp11\/wp-content\/uploads\/Fenetre_Durand_005.jpg\" data-attachment-id=\"16075\" data-type=\"image\" class=\"fg-thumb\"><span class=\"fg-image-wrap\"><img decoding=\"async\" alt=\"Fenetre_Durand_005.jpg\" width=\"101\" height=\"57\" class=\"skip-lazy fg-image\" data-src-fg=\"https:\/\/alpavista.ch\/Alp11\/wp-content\/uploads\/cache\/Fenetre_Durand_005\/1797919755.jpg\" src=\"data:image\/svg+xml,%3Csvg%20xmlns%3D%22http%3A%2F%2Fwww.w3.org%2F2000%2Fsvg%22%20width%3D%22101%22%20height%3D%2257%22%20viewBox%3D%220%200%20101%2057%22%3E%3C%2Fsvg%3E\" loading=\"eager\"><\/span><span class=\"fg-image-overlay\"><\/span><\/a><\/figure><div class=\"fg-loader\"><\/div><\/div><div class=\"fg-item fg-type-image fg-idle\"><figure class=\"fg-item-inner\"><a href=\"https:\/\/alpavista.ch\/Alp11\/wp-content\/uploads\/Fenetre_Durand_006.jpg\" data-caption-title=\"Le Mont Gel\u00e9 et ce qu\u2019il reste du glacier du m\u00eame nom annonce l\u2019approche du col.\" data-caption-desc=\"Le Mont Gel\u00e9 et ce qu\u2019il reste du glacier du m\u00eame nom annonce l\u2019approche du col.\" data-attachment-id=\"16074\" data-type=\"image\" class=\"fg-thumb\"><span class=\"fg-image-wrap\"><img decoding=\"async\" alt=\"Fenetre_Durand_006.jpg\" title=\"Le Mont Gel\u00e9 et ce qu\u2019il reste du glacier du m\u00eame nom annonce l\u2019approche du col.\" width=\"101\" height=\"57\" class=\"skip-lazy fg-image\" data-src-fg=\"https:\/\/alpavista.ch\/Alp11\/wp-content\/uploads\/cache\/Fenetre_Durand_006\/992143425.jpg\" src=\"data:image\/svg+xml,%3Csvg%20xmlns%3D%22http%3A%2F%2Fwww.w3.org%2F2000%2Fsvg%22%20width%3D%22101%22%20height%3D%2257%22%20viewBox%3D%220%200%20101%2057%22%3E%3C%2Fsvg%3E\" loading=\"eager\"><\/span><span class=\"fg-image-overlay\"><\/span><\/a><figcaption class=\"fg-caption\"><div class=\"fg-caption-inner\"><div class=\"fg-caption-desc\">Le Mont Gel\u00e9 et ce qu\u2019il reste du glacier du m\u00eame nom annonce l\u2019approche du col.<\/div><\/div><\/figcaption><\/figure><div class=\"fg-loader\"><\/div><\/div><div class=\"fg-item fg-type-image fg-idle\"><figure class=\"fg-item-inner\"><a href=\"https:\/\/alpavista.ch\/Alp11\/wp-content\/uploads\/Fenetre_Durand_007.jpg\" data-caption-title=\"Un dernier regard vers le fond du Val de Bagnes, le glacier et le Bec d\u2019Epicoune et puis direction Italie.\" data-caption-desc=\"Un dernier regard vers le fond du Val de Bagnes, le glacier et le Bec d\u2019Epicoune et puis direction Italie.\" data-attachment-id=\"16073\" data-type=\"image\" class=\"fg-thumb\"><span class=\"fg-image-wrap\"><img decoding=\"async\" alt=\"Fenetre_Durand_007.jpg\" title=\"Un dernier regard vers le fond du Val de Bagnes, le glacier et le Bec d\u2019Epicoune et puis direction Italie.\" width=\"101\" height=\"57\" class=\"skip-lazy fg-image\" data-src-fg=\"https:\/\/alpavista.ch\/Alp11\/wp-content\/uploads\/cache\/Fenetre_Durand_007\/2206990403.jpg\" src=\"data:image\/svg+xml,%3Csvg%20xmlns%3D%22http%3A%2F%2Fwww.w3.org%2F2000%2Fsvg%22%20width%3D%22101%22%20height%3D%2257%22%20viewBox%3D%220%200%20101%2057%22%3E%3C%2Fsvg%3E\" loading=\"eager\"><\/span><span class=\"fg-image-overlay\"><\/span><\/a><figcaption class=\"fg-caption\"><div class=\"fg-caption-inner\"><div class=\"fg-caption-desc\">Un dernier regard vers le fond du Val de Bagnes, le glacier et le Bec d\u2019Epicoune et puis direction Italie.<\/div><\/div><\/figcaption><\/figure><div class=\"fg-loader\"><\/div><\/div><div class=\"fg-item fg-type-image fg-idle\"><figure class=\"fg-item-inner\"><a href=\"https:\/\/alpavista.ch\/Alp11\/wp-content\/uploads\/Fenetre_Durand_008.jpg\" data-caption-title=\"La voil\u00e0 enfin en vue cette fameuse Fen\u00eatre de Durand, au pied de l\u2019ar\u00eate Est du Mont Gel\u00e9.\" data-caption-desc=\"La voil\u00e0 enfin en vue cette fameuse Fen\u00eatre de Durand, au pied de l\u2019ar\u00eate Est du Mont Gel\u00e9.\" data-attachment-id=\"16072\" data-type=\"image\" class=\"fg-thumb\"><span class=\"fg-image-wrap\"><img decoding=\"async\" alt=\"Fenetre_Durand_008.jpg\" title=\"La voil\u00e0 enfin en vue cette fameuse Fen\u00eatre de Durand, au pied de l\u2019ar\u00eate Est du Mont Gel\u00e9.\" width=\"101\" height=\"57\" class=\"skip-lazy fg-image\" data-src-fg=\"https:\/\/alpavista.ch\/Alp11\/wp-content\/uploads\/cache\/Fenetre_Durand_008\/2217470278.jpg\" src=\"data:image\/svg+xml,%3Csvg%20xmlns%3D%22http%3A%2F%2Fwww.w3.org%2F2000%2Fsvg%22%20width%3D%22101%22%20height%3D%2257%22%20viewBox%3D%220%200%20101%2057%22%3E%3C%2Fsvg%3E\" loading=\"eager\"><\/span><span class=\"fg-image-overlay\"><\/span><\/a><figcaption class=\"fg-caption\"><div class=\"fg-caption-inner\"><div class=\"fg-caption-desc\">La voil\u00e0 enfin en vue cette fameuse Fen\u00eatre de Durand, au pied de l\u2019ar\u00eate Est du Mont Gel\u00e9.<\/div><\/div><\/figcaption><\/figure><div class=\"fg-loader\"><\/div><\/div><div class=\"fg-item fg-type-image fg-idle\"><figure class=\"fg-item-inner\"><a href=\"https:\/\/alpavista.ch\/Alp11\/wp-content\/uploads\/Fenetre_Durand_009.jpg\" data-caption-title=\"Comme le chemin serpente sur le c\u00f4t\u00e9 du vallon, il reste parfaitement roulable, malgr\u00e9 les moraines et les pierriers de plus en plus omnipr\u00e9sents.\" data-caption-desc=\"Comme le chemin serpente sur le c\u00f4t\u00e9 du vallon, il reste parfaitement roulable, malgr\u00e9 les moraines et les pierriers de plus en plus omnipr\u00e9sents.\" data-attachment-id=\"16071\" data-type=\"image\" class=\"fg-thumb\"><span class=\"fg-image-wrap\"><img decoding=\"async\" alt=\"Fenetre_Durand_009.jpg\" title=\"Comme le chemin serpente sur le c\u00f4t\u00e9 du vallon, il reste parfaitement roulable, malgr\u00e9 les moraines et les pierriers de plus en plus omnipr\u00e9sents.\" width=\"101\" height=\"57\" class=\"skip-lazy fg-image\" data-src-fg=\"https:\/\/alpavista.ch\/Alp11\/wp-content\/uploads\/cache\/Fenetre_Durand_009\/4034454370.jpg\" src=\"data:image\/svg+xml,%3Csvg%20xmlns%3D%22http%3A%2F%2Fwww.w3.org%2F2000%2Fsvg%22%20width%3D%22101%22%20height%3D%2257%22%20viewBox%3D%220%200%20101%2057%22%3E%3C%2Fsvg%3E\" loading=\"eager\"><\/span><span class=\"fg-image-overlay\"><\/span><\/a><figcaption class=\"fg-caption\"><div class=\"fg-caption-inner\"><div class=\"fg-caption-desc\">Comme le chemin serpente sur le c\u00f4t\u00e9 du vallon, il reste parfaitement roulable, malgr\u00e9 les moraines et les pierriers de plus en plus omnipr\u00e9sents.<\/div><\/div><\/figcaption><\/figure><div class=\"fg-loader\"><\/div><\/div><div class=\"fg-item fg-type-image fg-idle\"><figure class=\"fg-item-inner\"><a href=\"https:\/\/alpavista.ch\/Alp11\/wp-content\/uploads\/Fenetre_Durand_010.jpg\" data-caption-title=\"A partir de 2700 m\u00e8tres d\u2019altitude, la nature devient de plus en plus hostile. Nous entrons dans le royaume des neiges \u00e9ternelles et des apics vertigineux. Pourtant le chemin reste partiellement roulable.\" data-caption-desc=\"A partir de 2700 m\u00e8tres d\u2019altitude, la nature devient de plus en plus hostile. Nous entrons dans le royaume des neiges \u00e9ternelles et des apics vertigineux. Pourtant le chemin reste partiellement roulable.\" data-attachment-id=\"16070\" data-type=\"image\" class=\"fg-thumb\"><span class=\"fg-image-wrap\"><img decoding=\"async\" alt=\"Fenetre_Durand_010.jpg\" title=\"A partir de 2700 m\u00e8tres d\u2019altitude, la nature devient de plus en plus hostile. Nous entrons dans le royaume des neiges \u00e9ternelles et des apics vertigineux. Pourtant le chemin reste partiellement roulable.\" width=\"101\" height=\"57\" class=\"skip-lazy fg-image\" data-src-fg=\"https:\/\/alpavista.ch\/Alp11\/wp-content\/uploads\/cache\/Fenetre_Durand_010\/650844067.jpg\" src=\"data:image\/svg+xml,%3Csvg%20xmlns%3D%22http%3A%2F%2Fwww.w3.org%2F2000%2Fsvg%22%20width%3D%22101%22%20height%3D%2257%22%20viewBox%3D%220%200%20101%2057%22%3E%3C%2Fsvg%3E\" loading=\"eager\"><\/span><span class=\"fg-image-overlay\"><\/span><\/a><figcaption class=\"fg-caption\"><div class=\"fg-caption-inner\"><div class=\"fg-caption-desc\">A partir de 2700 m\u00e8tres d\u2019altitude, la nature devient de plus en plus hostile. Nous entrons dans le royaume des neiges \u00e9ternelles et des apics vertigineux. Pourtant le chemin reste partiellement roulable.<\/div><\/div><\/figcaption><\/figure><div class=\"fg-loader\"><\/div><\/div><div class=\"fg-item fg-type-image fg-idle\"><figure class=\"fg-item-inner\"><a href=\"https:\/\/alpavista.ch\/Alp11\/wp-content\/uploads\/Fenetre_Durand_011.jpg\" data-caption-title=\"La pente s\u2019accentue de plus en plus, mais nous sommes \u00e0 nouveau \u00ab on the bike \u00bb, et cette fois, plus question de remettre pied \u00e0 terre avant l\u2019arriv\u00e9e au col. Sur le versant Nord, le Val de Bagnes dresse ses derniers pics montagneux, la Ruinette et la Pointe d\u2019Otemma, comme des soldats charg\u00e9s d\u2019en garder l\u2019entr\u00e9e.\" data-caption-desc=\"La pente s\u2019accentue de plus en plus, mais nous sommes \u00e0 nouveau \u00ab on the bike \u00bb, et cette fois, plus question de remettre pied \u00e0 terre avant l\u2019arriv\u00e9e au col. Sur le versant Nord, le Val de Bagnes dresse ses derniers pics montagneux, la Ruinette et la Pointe d\u2019Otemma, comme des soldats charg\u00e9s d\u2019en garder l\u2019entr\u00e9e.\" data-attachment-id=\"16069\" data-type=\"image\" class=\"fg-thumb\"><span class=\"fg-image-wrap\"><img decoding=\"async\" alt=\"Fenetre_Durand_011.jpg\" title=\"La pente s\u2019accentue de plus en plus, mais nous sommes \u00e0 nouveau \u00ab on the bike \u00bb, et cette fois, plus question de remettre pied \u00e0 terre avant l\u2019arriv\u00e9e au col. Sur le versant Nord, le Val de Bagnes dresse ses derniers pics montagneux, la Ruinette et la Pointe d\u2019Otemma, comme des soldats charg\u00e9s d\u2019en garder l\u2019entr\u00e9e.\" width=\"101\" height=\"57\" class=\"skip-lazy fg-image\" data-src-fg=\"https:\/\/alpavista.ch\/Alp11\/wp-content\/uploads\/cache\/Fenetre_Durand_011\/3652760110.jpg\" src=\"data:image\/svg+xml,%3Csvg%20xmlns%3D%22http%3A%2F%2Fwww.w3.org%2F2000%2Fsvg%22%20width%3D%22101%22%20height%3D%2257%22%20viewBox%3D%220%200%20101%2057%22%3E%3C%2Fsvg%3E\" loading=\"eager\"><\/span><span class=\"fg-image-overlay\"><\/span><\/a><figcaption class=\"fg-caption\"><div class=\"fg-caption-inner\"><div class=\"fg-caption-desc\">La pente s\u2019accentue de plus en plus, mais nous sommes \u00e0 nouveau \u00ab on the bike \u00bb, et cette fois, plus question de remettre pied \u00e0 terre avant l\u2019arriv\u00e9e au col. Sur le versant Nord, le Val de Bagnes dresse ses derniers pics montagneux, la Ruinette et la Pointe d\u2019Otemma, comme des soldats charg\u00e9s d\u2019en garder l\u2019entr\u00e9e.<\/div><\/div><\/figcaption><\/figure><div class=\"fg-loader\"><\/div><\/div><div class=\"fg-item fg-type-image fg-idle\"><figure class=\"fg-item-inner\"><a href=\"https:\/\/alpavista.ch\/Alp11\/wp-content\/uploads\/Fenetre_Durand_012.jpg\" data-caption-title=\"2797 m, l\u2019arriv\u00e9e au col. Le passage en Italie m\u00e9ritait bien un petit \u00ab weelhing \u00bb, non ?\" data-caption-desc=\"2797 m, l\u2019arriv\u00e9e au col. Le passage en Italie m\u00e9ritait bien un petit \u00ab weelhing \u00bb, non ?\" data-attachment-id=\"16068\" data-type=\"image\" class=\"fg-thumb\"><span class=\"fg-image-wrap\"><img decoding=\"async\" alt=\"Fenetre_Durand_012.jpg\" title=\"2797 m, l\u2019arriv\u00e9e au col. Le passage en Italie m\u00e9ritait bien un petit \u00ab weelhing \u00bb, non ?\" width=\"101\" height=\"57\" class=\"skip-lazy fg-image\" data-src-fg=\"https:\/\/alpavista.ch\/Alp11\/wp-content\/uploads\/cache\/Fenetre_Durand_012\/2310032996.jpg\" src=\"data:image\/svg+xml,%3Csvg%20xmlns%3D%22http%3A%2F%2Fwww.w3.org%2F2000%2Fsvg%22%20width%3D%22101%22%20height%3D%2257%22%20viewBox%3D%220%200%20101%2057%22%3E%3C%2Fsvg%3E\" loading=\"eager\"><\/span><span class=\"fg-image-overlay\"><\/span><\/a><figcaption class=\"fg-caption\"><div class=\"fg-caption-inner\"><div class=\"fg-caption-desc\">2797 m, l\u2019arriv\u00e9e au col. Le passage en Italie m\u00e9ritait bien un petit \u00ab weelhing \u00bb, non ?<\/div><\/div><\/figcaption><\/figure><div class=\"fg-loader\"><\/div><\/div><div class=\"fg-item fg-type-image fg-idle\"><figure class=\"fg-item-inner\"><a href=\"https:\/\/alpavista.ch\/Alp11\/wp-content\/uploads\/Fenetre_Durand_013.jpg\" data-caption-title=\"Le Lago Fen\u00eatre nous souhaite la bienvenue dans le Val d\u2019Aoste. Le premier tron\u00e7on de descente sur le versant transalpin est plus accessible que pr\u00e9vu. Rouler \u00e0 travers l\u2019immense pierrier est tout-\u00e0-fait possible, en \u00e9vitant de quitter le trac\u00e9 du sentier.\" data-caption-desc=\"Le Lago Fen\u00eatre nous souhaite la bienvenue dans le Val d\u2019Aoste. Le premier tron\u00e7on de descente sur le versant transalpin est plus accessible que pr\u00e9vu. Rouler \u00e0 travers l\u2019immense pierrier est tout-\u00e0-fait possible, en \u00e9vitant de quitter le trac\u00e9 du sentier.\" data-attachment-id=\"16067\" data-type=\"image\" class=\"fg-thumb\"><span class=\"fg-image-wrap\"><img decoding=\"async\" alt=\"Fenetre_Durand_013.jpg\" title=\"Le Lago Fen\u00eatre nous souhaite la bienvenue dans le Val d\u2019Aoste. Le premier tron\u00e7on de descente sur le versant transalpin est plus accessible que pr\u00e9vu. Rouler \u00e0 travers l\u2019immense pierrier est tout-\u00e0-fait possible, en \u00e9vitant de quitter le trac\u00e9 du sentier.\" width=\"101\" height=\"57\" class=\"skip-lazy fg-image\" data-src-fg=\"https:\/\/alpavista.ch\/Alp11\/wp-content\/uploads\/cache\/Fenetre_Durand_013\/1939104875.jpg\" src=\"data:image\/svg+xml,%3Csvg%20xmlns%3D%22http%3A%2F%2Fwww.w3.org%2F2000%2Fsvg%22%20width%3D%22101%22%20height%3D%2257%22%20viewBox%3D%220%200%20101%2057%22%3E%3C%2Fsvg%3E\" loading=\"eager\"><\/span><span class=\"fg-image-overlay\"><\/span><\/a><figcaption class=\"fg-caption\"><div class=\"fg-caption-inner\"><div class=\"fg-caption-desc\">Le Lago Fen\u00eatre nous souhaite la bienvenue dans le Val d\u2019Aoste. Le premier tron\u00e7on de descente sur le versant transalpin est plus accessible que pr\u00e9vu. Rouler \u00e0 travers l\u2019immense pierrier est tout-\u00e0-fait possible, en \u00e9vitant de quitter le trac\u00e9 du sentier.<\/div><\/div><\/figcaption><\/figure><div class=\"fg-loader\"><\/div><\/div><div class=\"fg-item fg-type-image fg-idle\"><figure class=\"fg-item-inner\"><a href=\"https:\/\/alpavista.ch\/Alp11\/wp-content\/uploads\/Fenetre_Durand_014.jpg\" data-attachment-id=\"16066\" data-type=\"image\" class=\"fg-thumb\"><span class=\"fg-image-wrap\"><img decoding=\"async\" alt=\"Fenetre_Durand_014.jpg\" width=\"101\" height=\"57\" class=\"skip-lazy fg-image\" data-src-fg=\"https:\/\/alpavista.ch\/Alp11\/wp-content\/uploads\/cache\/Fenetre_Durand_014\/2815858395.jpg\" src=\"data:image\/svg+xml,%3Csvg%20xmlns%3D%22http%3A%2F%2Fwww.w3.org%2F2000%2Fsvg%22%20width%3D%22101%22%20height%3D%2257%22%20viewBox%3D%220%200%20101%2057%22%3E%3C%2Fsvg%3E\" loading=\"eager\"><\/span><span class=\"fg-image-overlay\"><\/span><\/a><\/figure><div class=\"fg-loader\"><\/div><\/div><div class=\"fg-item fg-type-image fg-idle\"><figure class=\"fg-item-inner\"><a href=\"https:\/\/alpavista.ch\/Alp11\/wp-content\/uploads\/Fenetre_Durand_015.jpg\" data-caption-title=\"Le Mont-V\u00e9lan et son ar\u00eate se prolongeant plein Sud, nous indique le chemin qu\u2019il reste \u00e0 parcourir pour basculer sur le versant amenant \u00e0 \u00ab Etroubles \u00bb. Profitons-en, pour le moment la piste est descendante.\" data-caption-desc=\"Le Mont-V\u00e9lan et son ar\u00eate se prolongeant plein Sud, nous indique le chemin qu\u2019il reste \u00e0 parcourir pour basculer sur le versant amenant \u00e0 \u00ab Etroubles \u00bb. Profitons-en, pour le moment la piste est descendante.\" data-attachment-id=\"16065\" data-type=\"image\" class=\"fg-thumb\"><span class=\"fg-image-wrap\"><img decoding=\"async\" alt=\"Fenetre_Durand_015.jpg\" title=\"Le Mont-V\u00e9lan et son ar\u00eate se prolongeant plein Sud, nous indique le chemin qu\u2019il reste \u00e0 parcourir pour basculer sur le versant amenant \u00e0 \u00ab Etroubles \u00bb. Profitons-en, pour le moment la piste est descendante.\" width=\"101\" height=\"57\" class=\"skip-lazy fg-image\" data-src-fg=\"https:\/\/alpavista.ch\/Alp11\/wp-content\/uploads\/cache\/Fenetre_Durand_015\/3548749055.jpg\" src=\"data:image\/svg+xml,%3Csvg%20xmlns%3D%22http%3A%2F%2Fwww.w3.org%2F2000%2Fsvg%22%20width%3D%22101%22%20height%3D%2257%22%20viewBox%3D%220%200%20101%2057%22%3E%3C%2Fsvg%3E\" loading=\"eager\"><\/span><span class=\"fg-image-overlay\"><\/span><\/a><figcaption class=\"fg-caption\"><div class=\"fg-caption-inner\"><div class=\"fg-caption-desc\">Le Mont-V\u00e9lan et son ar\u00eate se prolongeant plein Sud, nous indique le chemin qu\u2019il reste \u00e0 parcourir pour basculer sur le versant amenant \u00e0 \u00ab Etroubles \u00bb. Profitons-en, pour le moment la piste est descendante.<\/div><\/div><\/figcaption><\/figure><div class=\"fg-loader\"><\/div><\/div><div class=\"fg-item fg-type-image fg-idle\"><figure class=\"fg-item-inner\"><a href=\"https:\/\/alpavista.ch\/Alp11\/wp-content\/uploads\/Fenetre_Durand_016.jpg\" data-caption-title=\"Tr\u00e8s rapidement, nous r\u00e9cup\u00e9rons la piste, destination \u00ab Etroubles \u00bb. Le seul \u00ab hic \u00bb c\u2019est que le village terminal de notre rando, se situe au-del\u00e0 de la derni\u00e8re cha\u00eene de montagnes visible sur la photo. Je sens qu\u2019on a pas vraiment finit de \u00ab p\u00e9daler \u00bb pour aujourd\u2019hui.\" data-caption-desc=\"Tr\u00e8s rapidement, nous r\u00e9cup\u00e9rons la piste, destination \u00ab Etroubles \u00bb. Le seul \u00ab hic \u00bb c\u2019est que le village terminal de notre rando, se situe au-del\u00e0 de la derni\u00e8re cha\u00eene de montagnes visible sur la photo. Je sens qu\u2019on a pas vraiment finit de \u00ab p\u00e9daler \u00bb pour aujourd\u2019hui.\" data-attachment-id=\"16064\" data-type=\"image\" class=\"fg-thumb\"><span class=\"fg-image-wrap\"><img decoding=\"async\" alt=\"Fenetre_Durand_016.jpg\" title=\"Tr\u00e8s rapidement, nous r\u00e9cup\u00e9rons la piste, destination \u00ab Etroubles \u00bb. Le seul \u00ab hic \u00bb c\u2019est que le village terminal de notre rando, se situe au-del\u00e0 de la derni\u00e8re cha\u00eene de montagnes visible sur la photo. Je sens qu\u2019on a pas vraiment finit de \u00ab p\u00e9daler \u00bb pour aujourd\u2019hui.\" width=\"101\" height=\"57\" class=\"skip-lazy fg-image\" data-src-fg=\"https:\/\/alpavista.ch\/Alp11\/wp-content\/uploads\/cache\/Fenetre_Durand_016\/2207080629.jpg\" src=\"data:image\/svg+xml,%3Csvg%20xmlns%3D%22http%3A%2F%2Fwww.w3.org%2F2000%2Fsvg%22%20width%3D%22101%22%20height%3D%2257%22%20viewBox%3D%220%200%20101%2057%22%3E%3C%2Fsvg%3E\" loading=\"eager\"><\/span><span class=\"fg-image-overlay\"><\/span><\/a><figcaption class=\"fg-caption\"><div class=\"fg-caption-inner\"><div class=\"fg-caption-desc\">Tr\u00e8s rapidement, nous r\u00e9cup\u00e9rons la piste, destination \u00ab Etroubles \u00bb. Le seul \u00ab hic \u00bb c\u2019est que le village terminal de notre rando, se situe au-del\u00e0 de la derni\u00e8re cha\u00eene de montagnes visible sur la photo. Je sens qu\u2019on a pas vraiment finit de \u00ab p\u00e9daler \u00bb pour aujourd\u2019hui.<\/div><\/div><\/figcaption><\/figure><div class=\"fg-loader\"><\/div><\/div><div class=\"fg-item fg-type-image fg-idle\"><figure class=\"fg-item-inner\"><a href=\"https:\/\/alpavista.ch\/Alp11\/wp-content\/uploads\/Fenetre_Durand_017.jpg\" data-caption-title=\"Le paysage du Haut Val d\u2019Ollomont est v\u00e9ritablement splendide. Heureusement, parce que la piste y est interminable. En suivant tous les plis et replis du terrains, elle nous entra\u00eene de combes profondes en cr\u00eates suspendues dans une \u00e9tonnante farandole de m\u00e9andres poussi\u00e9reux.\" data-caption-desc=\"Le paysage du Haut Val d\u2019Ollomont est v\u00e9ritablement splendide. Heureusement, parce que la piste y est interminable. En suivant tous les plis et replis du terrains, elle nous entra\u00eene de combes profondes en cr\u00eates suspendues dans une \u00e9tonnante farandole de m\u00e9andres poussi\u00e9reux.\" data-attachment-id=\"16063\" data-type=\"image\" class=\"fg-thumb\"><span class=\"fg-image-wrap\"><img decoding=\"async\" alt=\"Fenetre_Durand_017.jpg\" title=\"Le paysage du Haut Val d\u2019Ollomont est v\u00e9ritablement splendide. Heureusement, parce que la piste y est interminable. En suivant tous les plis et replis du terrains, elle nous entra\u00eene de combes profondes en cr\u00eates suspendues dans une \u00e9tonnante farandole de m\u00e9andres poussi\u00e9reux.\" width=\"101\" height=\"57\" class=\"skip-lazy fg-image\" data-src-fg=\"https:\/\/alpavista.ch\/Alp11\/wp-content\/uploads\/cache\/Fenetre_Durand_017\/992184503.jpg\" src=\"data:image\/svg+xml,%3Csvg%20xmlns%3D%22http%3A%2F%2Fwww.w3.org%2F2000%2Fsvg%22%20width%3D%22101%22%20height%3D%2257%22%20viewBox%3D%220%200%20101%2057%22%3E%3C%2Fsvg%3E\" loading=\"eager\"><\/span><span class=\"fg-image-overlay\"><\/span><\/a><figcaption class=\"fg-caption\"><div class=\"fg-caption-inner\"><div class=\"fg-caption-desc\">Le paysage du Haut Val d\u2019Ollomont est v\u00e9ritablement splendide. Heureusement, parce que la piste y est interminable. En suivant tous les plis et replis du terrains, elle nous entra\u00eene de combes profondes en cr\u00eates suspendues dans une \u00e9tonnante farandole de m\u00e9andres poussi\u00e9reux.<\/div><\/div><\/figcaption><\/figure><div class=\"fg-loader\"><\/div><\/div><div class=\"fg-item fg-type-image fg-idle\"><figure class=\"fg-item-inner\"><a href=\"https:\/\/alpavista.ch\/Alp11\/wp-content\/uploads\/Fenetre_Durand_018.jpg\" data-caption-title=\"Le versant valdotain de la Fen\u00eatre de Durant est une petite perle de la nature, sauvage, rude, limite hostile. La cha\u00eene du Monte Morion nous s\u00e9pare de la Valpelline semble presque mena\u00e7ante tapie dans l\u2019ombre d\u2019un nuage d\u2019orage.\" data-caption-desc=\"Le versant valdotain de la Fen\u00eatre de Durant est une petite perle de la nature, sauvage, rude, limite hostile. La cha\u00eene du Monte Morion nous s\u00e9pare de la Valpelline semble presque mena\u00e7ante tapie dans l\u2019ombre d\u2019un nuage d\u2019orage.\" data-attachment-id=\"16062\" data-type=\"image\" class=\"fg-thumb\"><span class=\"fg-image-wrap\"><img decoding=\"async\" alt=\"Fenetre_Durand_018.jpg\" title=\"Le versant valdotain de la Fen\u00eatre de Durant est une petite perle de la nature, sauvage, rude, limite hostile. La cha\u00eene du Monte Morion nous s\u00e9pare de la Valpelline semble presque mena\u00e7ante tapie dans l\u2019ombre d\u2019un nuage d\u2019orage.\" width=\"101\" height=\"57\" class=\"skip-lazy fg-image\" data-src-fg=\"https:\/\/alpavista.ch\/Alp11\/wp-content\/uploads\/cache\/Fenetre_Durand_018\/1015308722.jpg\" src=\"data:image\/svg+xml,%3Csvg%20xmlns%3D%22http%3A%2F%2Fwww.w3.org%2F2000%2Fsvg%22%20width%3D%22101%22%20height%3D%2257%22%20viewBox%3D%220%200%20101%2057%22%3E%3C%2Fsvg%3E\" loading=\"eager\"><\/span><span class=\"fg-image-overlay\"><\/span><\/a><figcaption class=\"fg-caption\"><div class=\"fg-caption-inner\"><div class=\"fg-caption-desc\">Le versant valdotain de la Fen\u00eatre de Durant est une petite perle de la nature, sauvage, rude, limite hostile. La cha\u00eene du Monte Morion nous s\u00e9pare de la Valpelline semble presque mena\u00e7ante tapie dans l\u2019ombre d\u2019un nuage d\u2019orage.<\/div><\/div><\/figcaption><\/figure><div class=\"fg-loader\"><\/div><\/div><div class=\"fg-item fg-type-image fg-idle\"><figure class=\"fg-item-inner\"><a href=\"https:\/\/alpavista.ch\/Alp11\/wp-content\/uploads\/Fenetre_Durand_019.jpg\" data-caption-title=\"La Conca di By et le Ch Blanc.... No Comment... Y a plus de mots.\" data-caption-desc=\"La Conca di By et le Ch Blanc.... No Comment... Y a plus de mots.\" data-attachment-id=\"16061\" data-type=\"image\" class=\"fg-thumb\"><span class=\"fg-image-wrap\"><img decoding=\"async\" alt=\"Fenetre_Durand_019.jpg\" title=\"La Conca di By et le Cheval Blanc.... No Comment... Y a plus de mots.\" width=\"101\" height=\"57\" class=\"skip-lazy fg-image\" data-src-fg=\"https:\/\/alpavista.ch\/Alp11\/wp-content\/uploads\/cache\/Fenetre_Durand_019\/1222077334.jpg\" src=\"data:image\/svg+xml,%3Csvg%20xmlns%3D%22http%3A%2F%2Fwww.w3.org%2F2000%2Fsvg%22%20width%3D%22101%22%20height%3D%2257%22%20viewBox%3D%220%200%20101%2057%22%3E%3C%2Fsvg%3E\" loading=\"eager\"><\/span><span class=\"fg-image-overlay\"><\/span><\/a><figcaption class=\"fg-caption\"><div class=\"fg-caption-inner\"><div class=\"fg-caption-desc\">La Conca di By et le Ch Blanc.... No Comment... Y a plus de mots.<\/div><\/div><\/figcaption><\/figure><div class=\"fg-loader\"><\/div><\/div><div class=\"fg-item fg-type-image fg-idle\"><figure class=\"fg-item-inner\"><a href=\"https:\/\/alpavista.ch\/Alp11\/wp-content\/uploads\/Fenetre_Durand_020.jpg\" data-caption-title=\"Apr\u00e8s d\u2019innombrables circonvolutions harmonieusement d\u00e9coup\u00e9es dans l\u2019immense p\u00e2turage, nous finissons enfin par nous extraire du Val d\u2019Ollomont. La Fen\u00eatre de Durand, semble terriblement loin, presque hors de port\u00e9e. Pourtant nous en venons.\" data-caption-desc=\"Apr\u00e8s d\u2019innombrables circonvolutions harmonieusement d\u00e9coup\u00e9es dans l\u2019immense p\u00e2turage, nous finissons enfin par nous extraire du Val d\u2019Ollomont. La Fen\u00eatre de Durand, semble terriblement loin, presque hors de port\u00e9e. Pourtant nous en venons.\" data-attachment-id=\"16060\" data-type=\"image\" class=\"fg-thumb\"><span class=\"fg-image-wrap\"><img decoding=\"async\" alt=\"Fenetre_Durand_020.jpg\" title=\"Apr\u00e8s d\u2019innombrables circonvolutions harmonieusement d\u00e9coup\u00e9es dans l\u2019immense p\u00e2turage, nous finissons enfin par nous extraire du Val d\u2019Ollomont. La Fen\u00eatre de Durand, semble terriblement loin, presque hors de port\u00e9e. Pourtant nous en venons.\" width=\"101\" height=\"57\" class=\"skip-lazy fg-image\" data-src-fg=\"https:\/\/alpavista.ch\/Alp11\/wp-content\/uploads\/cache\/Fenetre_Durand_020\/2962405329.jpg\" src=\"data:image\/svg+xml,%3Csvg%20xmlns%3D%22http%3A%2F%2Fwww.w3.org%2F2000%2Fsvg%22%20width%3D%22101%22%20height%3D%2257%22%20viewBox%3D%220%200%20101%2057%22%3E%3C%2Fsvg%3E\" loading=\"eager\"><\/span><span class=\"fg-image-overlay\"><\/span><\/a><figcaption class=\"fg-caption\"><div class=\"fg-caption-inner\"><div class=\"fg-caption-desc\">Apr\u00e8s d\u2019innombrables circonvolutions harmonieusement d\u00e9coup\u00e9es dans l\u2019immense p\u00e2turage, nous finissons enfin par nous extraire du Val d\u2019Ollomont. La Fen\u00eatre de Durand, semble terriblement loin, presque hors de port\u00e9e. Pourtant nous en venons.<\/div><\/div><\/figcaption><\/figure><div class=\"fg-loader\"><\/div><\/div><\/div>\n\n<input class=\"fooboxshare_post_id\" type=\"hidden\" value=\"19\"\/>","protected":false},"excerpt":{"rendered":"<p>Je pense que personne ne me contredira si je dis avoir la chance de pratiquer mon sport favori dans une r\u00e9gion b\u00e9nie des dieux. Le Valais est un petit paradis pour le VTT. Pourtant, lors de cette superbe rando autour du Grand Combin, je crois que j\u2019ai d\u00e9couvert encore mieux : le paradis \u00ab tout court \u00bb. Le fond du Val de Bagnes fait certainement partie des r\u00e9gions les plus sauvages et les plus pr\u00e9serv\u00e9es des Alpes, \u00e0 tel point [&hellip;]<\/p>\n","protected":false},"author":2,"featured_media":8666,"comment_status":"open","ping_status":"open","sticky":false,"template":"","format":"standard","meta":{"footnotes":""},"categories":[658,4],"tags":[1071,1079,1198,1180,1358,1136,1357,1199],"class_list":["post-19","post","type-post","status-publish","format-standard","has-post-thumbnail","hentry","category-outdoor","category-vtt","tag-aoste","tag-bagnes","tag-chanrion","tag-dranse","tag-fenetre-de-durand","tag-grand-st-bernard","tag-mauvoisin","tag-ollomont"],"_links":{"self":[{"href":"https:\/\/alpavista.ch\/Alp11\/wp-json\/wp\/v2\/posts\/19","targetHints":{"allow":["GET"]}}],"collection":[{"href":"https:\/\/alpavista.ch\/Alp11\/wp-json\/wp\/v2\/posts"}],"about":[{"href":"https:\/\/alpavista.ch\/Alp11\/wp-json\/wp\/v2\/types\/post"}],"author":[{"embeddable":true,"href":"https:\/\/alpavista.ch\/Alp11\/wp-json\/wp\/v2\/users\/2"}],"replies":[{"embeddable":true,"href":"https:\/\/alpavista.ch\/Alp11\/wp-json\/wp\/v2\/comments?post=19"}],"version-history":[{"count":0,"href":"https:\/\/alpavista.ch\/Alp11\/wp-json\/wp\/v2\/posts\/19\/revisions"}],"wp:featuredmedia":[{"embeddable":true,"href":"https:\/\/alpavista.ch\/Alp11\/wp-json\/wp\/v2\/media\/8666"}],"wp:attachment":[{"href":"https:\/\/alpavista.ch\/Alp11\/wp-json\/wp\/v2\/media?parent=19"}],"wp:term":[{"taxonomy":"category","embeddable":true,"href":"https:\/\/alpavista.ch\/Alp11\/wp-json\/wp\/v2\/categories?post=19"},{"taxonomy":"post_tag","embeddable":true,"href":"https:\/\/alpavista.ch\/Alp11\/wp-json\/wp\/v2\/tags?post=19"}],"curies":[{"name":"wp","href":"https:\/\/api.w.org\/{rel}","templated":true}]}}