{"id":201,"date":"2008-04-27T18:45:59","date_gmt":"2008-04-27T17:45:59","guid":{"rendered":"http:\/\/www.alpavista.ch\/Alp11\/?p=201"},"modified":"2022-12-09T17:41:19","modified_gmt":"2022-12-09T16:41:19","slug":"back-on-the-bikes","status":"publish","type":"post","link":"https:\/\/alpavista.ch\/Alp11\/2008\/04\/27\/back-on-the-bikes\/","title":{"rendered":"Back on the bike"},"content":{"rendered":"<p>Les jambes blanches, le cul sensible, les avant-bras et les poignets douloureux, les mollets un peu an\u00e9miques et un gros manque de feeling\u2026<br \/>\n&#8211; C\u2019est grave, docteur ?<br \/>\n&#8211; Ca d\u00e9pend. Vous avez d\u2019autres sympt\u00f4mes ? Les pulsations ? Le souffle ?<br \/>\n&#8211; De ce c\u00f4t\u00e9-l\u00e0, c\u2019\u00e9tait plut\u00f4t \u00ab moins pire \u00bb que d&rsquo;hab \u00e0 cette saison.<br \/>\n&#8211; Mmmhh\u2026 Je pencherai pour le syndrome du B.R.S.*<br \/>\n&#8211; Ah bon ! Et \u00e7a se soigne comment docteur ?<br \/>\n&#8211; C&rsquo;est tr\u00e8s simple. Faites une cure de VTT, 2 \u00e0 3 fois par semaines, par exemple, mercredi, vendredi et dimanche. Dans 6 \u00e0 7 mois votre organisme devrait avoir vaincu cette pathologie.<br \/>\n&#8211; Merci docteur. Pour une fois, je pense que je vais suivre vos conseils \u00e0 la lettre.<br \/>\n<!--more--><\/p>\n<p>Trop chaud, trop raide, trop dur, mais trop bon. Chaque printemps, le retour dans la poussi\u00e8re des chemins est comme une petite renaissance. Finis l\u2019obscurit\u00e9, le froid, la neige et \u2026. la glisse, place \u00e0 la lumi\u00e8re, \u00e0 la douceur, \u00e0 la terre et \u2026. \u00e0 la sueur. Quel bonheur de retrouver les chemins poussi\u00e9reux furetant \u00e0 travers le Bois de Finges, les racines tra\u00eetresses des rives du grand Bisse de Varen, les enfilades pi\u00e9geuses des m\u00e9andres du Bisse-Neuf et \u2026 les terribles pourcentages du sentier Mollens-Cordona. Un retour en selle d\u2019autant plus appr\u00e9ci\u00e9 qu\u2019il se faisait, pour moi, avec un nouveau et, je l&rsquo;esp\u00e8re, fid\u00e8le compagnon \u00e0 deux roues, directement import\u00e9 de sa Californie natale. Si l\u2019<strong><a href=\"http:\/\/www.alpavista.ch\/Alp11\/?page_id=1158\">Ibis<\/a><\/strong> ne vole pas encore tr\u00e8s agilement, moteur poussif et c\u00e2blage approximatif, les premi\u00e8res sensations entrevues \u00e0 son guidon laissent pr\u00e9sager d\u2019une belle et grande saison en sa compagnie.<\/p>\n<p>* (Brusque Retour en Selle)<\/p>\n<style type=\"text\/css\">\n#foogallery-gallery-12839 .fg-image { width: 101px; }\n#foogallery-gallery-12839 { --fg-gutter: 1px; }<\/style>\n\t\t\t<div class=\"foogallery foogallery-container foogallery-default foogallery-lightbox-none fg-left fg-default fg-ready fg-light fg-loading-default fg-loaded-fade-in fg-preset fg-selena fg-preset-small fg-preset fg-selena fg-preset-small\" id=\"foogallery-gallery-12839\" data-foogallery=\"{&quot;item&quot;:{&quot;showCaptionTitle&quot;:false,&quot;showCaptionDescription&quot;:true},&quot;lazy&quot;:true,&quot;state&quot;:{&quot;enabled&quot;:true,&quot;mask&quot;:&quot;foogallery-{id}&quot;}}\" style=\"--fg-title-line-clamp: 0; --fg-description-line-clamp: 0;\" >\n\t<div class=\"fg-item fg-type-image fg-idle\"><figure class=\"fg-item-inner\"><a href=\"https:\/\/alpavista.ch\/Alp11\/wp-content\/uploads\/Varen_Mollens_001.jpg\" data-caption-title=\"Ce n&amp;#039;est pas vraiment un chemin, mais c&amp;#039;est bien pratique pour rejoindre La Souste en \u00e9vitant l&amp;#039;ancienne route cantonale.\" data-caption-desc=\"Ce n&amp;#039;est pas vraiment un chemin, mais c&amp;#039;est bien pratique pour rejoindre La Souste en \u00e9vitant l&amp;#039;ancienne route cantonale.\" data-attachment-id=\"12851\" data-type=\"image\" class=\"fg-thumb\"><span class=\"fg-image-wrap\"><img decoding=\"async\" alt=\"Varen_Mollens_001.jpg\" title=\"Ce n&amp;#039;est pas vraiment un chemin, mais c&amp;#039;est bien pratique pour rejoindre La Souste en \u00e9vitant l&amp;#039;ancienne route cantonale.\" width=\"101\" height=\"57\" class=\"skip-lazy fg-image\" data-src-fg=\"https:\/\/alpavista.ch\/Alp11\/wp-content\/uploads\/cache\/Varen_Mollens_001\/3057200563.jpg\" src=\"data:image\/svg+xml,%3Csvg%20xmlns%3D%22http%3A%2F%2Fwww.w3.org%2F2000%2Fsvg%22%20width%3D%22101%22%20height%3D%2257%22%20viewBox%3D%220%200%20101%2057%22%3E%3C%2Fsvg%3E\" loading=\"eager\"><\/span><span class=\"fg-image-overlay\"><\/span><\/a><figcaption class=\"fg-caption\"><div class=\"fg-caption-inner\"><div class=\"fg-caption-desc\">Ce n&#039;est pas vraiment un chemin, mais c&#039;est bien pratique pour rejoindre La Souste en \u00e9vitant l&#039;ancienne route cantonale.<\/div><\/div><\/figcaption><\/figure><div class=\"fg-loader\"><\/div><\/div><div class=\"fg-item fg-type-image fg-idle\"><figure class=\"fg-item-inner\"><a href=\"https:\/\/alpavista.ch\/Alp11\/wp-content\/uploads\/Varen_Mollens_002.jpg\" data-caption-title=\"For\u00eat de Finges ou for\u00eat vierge ? La question m\u00e9rite localement d&amp;#039;\u00eatre pos\u00e9e, surtout si vous d\u00e9cidez de quitter les sentiers balis\u00e9s.\" data-caption-desc=\"For\u00eat de Finges ou for\u00eat vierge ? La question m\u00e9rite localement d&amp;#039;\u00eatre pos\u00e9e, surtout si vous d\u00e9cidez de quitter les sentiers balis\u00e9s.\" data-attachment-id=\"12850\" data-type=\"image\" class=\"fg-thumb\"><span class=\"fg-image-wrap\"><img decoding=\"async\" alt=\"Varen_Mollens_002.jpg\" title=\"For\u00eat de Finges ou for\u00eat vierge ? La question m\u00e9rite localement d&amp;#039;\u00eatre pos\u00e9e, surtout si vous d\u00e9cidez de quitter les sentiers balis\u00e9s.\" width=\"101\" height=\"57\" class=\"skip-lazy fg-image\" data-src-fg=\"https:\/\/alpavista.ch\/Alp11\/wp-content\/uploads\/cache\/Varen_Mollens_002\/80955069.jpg\" src=\"data:image\/svg+xml,%3Csvg%20xmlns%3D%22http%3A%2F%2Fwww.w3.org%2F2000%2Fsvg%22%20width%3D%22101%22%20height%3D%2257%22%20viewBox%3D%220%200%20101%2057%22%3E%3C%2Fsvg%3E\" loading=\"eager\"><\/span><span class=\"fg-image-overlay\"><\/span><\/a><figcaption class=\"fg-caption\"><div class=\"fg-caption-inner\"><div class=\"fg-caption-desc\">For\u00eat de Finges ou for\u00eat vierge ? La question m\u00e9rite localement d&#039;\u00eatre pos\u00e9e, surtout si vous d\u00e9cidez de quitter les sentiers balis\u00e9s.<\/div><\/div><\/figcaption><\/figure><div class=\"fg-loader\"><\/div><\/div><div class=\"fg-item fg-type-image fg-idle\"><figure class=\"fg-item-inner\"><a href=\"https:\/\/alpavista.ch\/Alp11\/wp-content\/uploads\/Varen_Mollens_003.jpg\" data-caption-title=\"D\u00e9but de printemps sur les rives du grand bisse de Varen. Un rendez-vous que nous ne manquerions pour rien au monde.\" data-caption-desc=\"D\u00e9but de printemps sur les rives du grand bisse de Varen. Un rendez-vous que nous ne manquerions pour rien au monde.\" data-attachment-id=\"12849\" data-type=\"image\" class=\"fg-thumb\"><span class=\"fg-image-wrap\"><img decoding=\"async\" alt=\"Varen_Mollens_003.jpg\" title=\"D\u00e9but de printemps sur les rives du grand bisse de Varen. Un rendez-vous que nous ne manquerions pour rien au monde.\" width=\"101\" height=\"57\" class=\"skip-lazy fg-image\" data-src-fg=\"https:\/\/alpavista.ch\/Alp11\/wp-content\/uploads\/cache\/Varen_Mollens_003\/314683470.jpg\" src=\"data:image\/svg+xml,%3Csvg%20xmlns%3D%22http%3A%2F%2Fwww.w3.org%2F2000%2Fsvg%22%20width%3D%22101%22%20height%3D%2257%22%20viewBox%3D%220%200%20101%2057%22%3E%3C%2Fsvg%3E\" loading=\"eager\"><\/span><span class=\"fg-image-overlay\"><\/span><\/a><figcaption class=\"fg-caption\"><div class=\"fg-caption-inner\"><div class=\"fg-caption-desc\">D\u00e9but de printemps sur les rives du grand bisse de Varen. Un rendez-vous que nous ne manquerions pour rien au monde.<\/div><\/div><\/figcaption><\/figure><div class=\"fg-loader\"><\/div><\/div><div class=\"fg-item fg-type-image fg-idle\"><figure class=\"fg-item-inner\"><a href=\"https:\/\/alpavista.ch\/Alp11\/wp-content\/uploads\/Varen_Mollens_004.jpg\" data-caption-title=\"Dans la douceur d&amp;#039;une for\u00eat de pins et avec le joyeux gargouillis de l&amp;#039;eau, les premiers coups de p\u00e9dales d&amp;#039;une saison sont forc\u00e9ment moins difficiles.\" data-caption-desc=\"Dans la douceur d&amp;#039;une for\u00eat de pins et avec le joyeux gargouillis de l&amp;#039;eau, les premiers coups de p\u00e9dales d&amp;#039;une saison sont forc\u00e9ment moins difficiles.\" data-attachment-id=\"12848\" data-type=\"image\" class=\"fg-thumb\"><span class=\"fg-image-wrap\"><img decoding=\"async\" alt=\"Varen_Mollens_004.jpg\" title=\"Dans la douceur d&amp;#039;une for\u00eat de pins et avec le joyeux gargouillis de l&amp;#039;eau, les premiers coups de p\u00e9dales d&amp;#039;une saison sont forc\u00e9ment moins difficiles.\" width=\"101\" height=\"57\" class=\"skip-lazy fg-image\" data-src-fg=\"https:\/\/alpavista.ch\/Alp11\/wp-content\/uploads\/cache\/Varen_Mollens_004\/610391482.jpg\" src=\"data:image\/svg+xml,%3Csvg%20xmlns%3D%22http%3A%2F%2Fwww.w3.org%2F2000%2Fsvg%22%20width%3D%22101%22%20height%3D%2257%22%20viewBox%3D%220%200%20101%2057%22%3E%3C%2Fsvg%3E\" loading=\"eager\"><\/span><span class=\"fg-image-overlay\"><\/span><\/a><figcaption class=\"fg-caption\"><div class=\"fg-caption-inner\"><div class=\"fg-caption-desc\">Dans la douceur d&#039;une for\u00eat de pins et avec le joyeux gargouillis de l&#039;eau, les premiers coups de p\u00e9dales d&#039;une saison sont forc\u00e9ment moins difficiles.<\/div><\/div><\/figcaption><\/figure><div class=\"fg-loader\"><\/div><\/div><div class=\"fg-item fg-type-image fg-idle\"><figure class=\"fg-item-inner\"><a href=\"https:\/\/alpavista.ch\/Alp11\/wp-content\/uploads\/Varen_Mollens_005.jpg\" data-caption-title=\"V\u00e9lo et pilote d&amp;#039;un autre si\u00e8cle, mais technique irr\u00e9prochable et toujours d&amp;#039;actualit\u00e9.\" data-caption-desc=\"V\u00e9lo et pilote d&amp;#039;un autre si\u00e8cle, mais technique irr\u00e9prochable et toujours d&amp;#039;actualit\u00e9.\" data-attachment-id=\"12847\" data-type=\"image\" class=\"fg-thumb\"><span class=\"fg-image-wrap\"><img decoding=\"async\" alt=\"Varen_Mollens_005.jpg\" title=\"V\u00e9lo et pilote d&amp;#039;un autre si\u00e8cle, mais technique irr\u00e9prochable et toujours d&amp;#039;actualit\u00e9.\" width=\"101\" height=\"57\" class=\"skip-lazy fg-image\" data-src-fg=\"https:\/\/alpavista.ch\/Alp11\/wp-content\/uploads\/cache\/Varen_Mollens_005\/1705751182.jpg\" src=\"data:image\/svg+xml,%3Csvg%20xmlns%3D%22http%3A%2F%2Fwww.w3.org%2F2000%2Fsvg%22%20width%3D%22101%22%20height%3D%2257%22%20viewBox%3D%220%200%20101%2057%22%3E%3C%2Fsvg%3E\" loading=\"eager\"><\/span><span class=\"fg-image-overlay\"><\/span><\/a><figcaption class=\"fg-caption\"><div class=\"fg-caption-inner\"><div class=\"fg-caption-desc\">V\u00e9lo et pilote d&#039;un autre si\u00e8cle, mais technique irr\u00e9prochable et toujours d&#039;actualit\u00e9.<\/div><\/div><\/figcaption><\/figure><div class=\"fg-loader\"><\/div><\/div><div class=\"fg-item fg-type-image fg-idle\"><figure class=\"fg-item-inner\"><a href=\"https:\/\/alpavista.ch\/Alp11\/wp-content\/uploads\/Varen_Mollens_006.jpg\" data-caption-title=\"Le premier, et assur\u00e9ment pas le dernier, portage de la saison.\" data-caption-desc=\"Le premier, et assur\u00e9ment pas le dernier, portage de la saison.\" data-attachment-id=\"12846\" data-type=\"image\" class=\"fg-thumb\"><span class=\"fg-image-wrap\"><img decoding=\"async\" alt=\"Varen_Mollens_006.jpg\" title=\"Le premier, et assur\u00e9ment pas le dernier, portage de la saison.\" width=\"101\" height=\"57\" class=\"skip-lazy fg-image\" data-src-fg=\"https:\/\/alpavista.ch\/Alp11\/wp-content\/uploads\/cache\/Varen_Mollens_006\/3611416960.jpg\" src=\"data:image\/svg+xml,%3Csvg%20xmlns%3D%22http%3A%2F%2Fwww.w3.org%2F2000%2Fsvg%22%20width%3D%22101%22%20height%3D%2257%22%20viewBox%3D%220%200%20101%2057%22%3E%3C%2Fsvg%3E\" loading=\"eager\"><\/span><span class=\"fg-image-overlay\"><\/span><\/a><figcaption class=\"fg-caption\"><div class=\"fg-caption-inner\"><div class=\"fg-caption-desc\">Le premier, et assur\u00e9ment pas le dernier, portage de la saison.<\/div><\/div><\/figcaption><\/figure><div class=\"fg-loader\"><\/div><\/div><div class=\"fg-item fg-type-image fg-idle\"><figure class=\"fg-item-inner\"><a href=\"https:\/\/alpavista.ch\/Alp11\/wp-content\/uploads\/Varen_Mollens_007.jpg\" data-caption-title=\"Le single-track Mollens-Cordonna : pr\u00e9voyez une bonne r\u00e9serve de jambes, de puls et de technique.\" data-caption-desc=\"Le single-track Mollens-Cordonna : pr\u00e9voyez une bonne r\u00e9serve de jambes, de puls et de technique.\" data-attachment-id=\"12845\" data-type=\"image\" class=\"fg-thumb\"><span class=\"fg-image-wrap\"><img decoding=\"async\" alt=\"Varen_Mollens_007.jpg\" title=\"Le single-track Mollens-Cordonna : pr\u00e9voyez une bonne r\u00e9serve de jambes, de puls et de technique.\" width=\"101\" height=\"57\" class=\"skip-lazy fg-image\" data-src-fg=\"https:\/\/alpavista.ch\/Alp11\/wp-content\/uploads\/cache\/Varen_Mollens_007\/1598319657.jpg\" src=\"data:image\/svg+xml,%3Csvg%20xmlns%3D%22http%3A%2F%2Fwww.w3.org%2F2000%2Fsvg%22%20width%3D%22101%22%20height%3D%2257%22%20viewBox%3D%220%200%20101%2057%22%3E%3C%2Fsvg%3E\" loading=\"eager\"><\/span><span class=\"fg-image-overlay\"><\/span><\/a><figcaption class=\"fg-caption\"><div class=\"fg-caption-inner\"><div class=\"fg-caption-desc\">Le single-track Mollens-Cordonna : pr\u00e9voyez une bonne r\u00e9serve de jambes, de puls et de technique.<\/div><\/div><\/figcaption><\/figure><div class=\"fg-loader\"><\/div><\/div><div class=\"fg-item fg-type-image fg-idle\"><figure class=\"fg-item-inner\"><a href=\"https:\/\/alpavista.ch\/Alp11\/wp-content\/uploads\/Varen_Mollens_008.jpg\" data-caption-title=\"Un chemin au profil en dents de scie n&amp;#039;a \u00e9videmment pas que des inconv\u00e9nients.\" data-caption-desc=\"Un chemin au profil en dents de scie n&amp;#039;a \u00e9videmment pas que des inconv\u00e9nients.\" data-attachment-id=\"12844\" data-type=\"image\" class=\"fg-thumb\"><span class=\"fg-image-wrap\"><img decoding=\"async\" alt=\"Varen_Mollens_008.jpg\" title=\"Un chemin au profil en dents de scie n&amp;#039;a \u00e9videmment pas que des inconv\u00e9nients.\" width=\"101\" height=\"57\" class=\"skip-lazy fg-image\" data-src-fg=\"https:\/\/alpavista.ch\/Alp11\/wp-content\/uploads\/cache\/Varen_Mollens_008\/3120632424.jpg\" src=\"data:image\/svg+xml,%3Csvg%20xmlns%3D%22http%3A%2F%2Fwww.w3.org%2F2000%2Fsvg%22%20width%3D%22101%22%20height%3D%2257%22%20viewBox%3D%220%200%20101%2057%22%3E%3C%2Fsvg%3E\" loading=\"eager\"><\/span><span class=\"fg-image-overlay\"><\/span><\/a><figcaption class=\"fg-caption\"><div class=\"fg-caption-inner\"><div class=\"fg-caption-desc\">Un chemin au profil en dents de scie n&#039;a \u00e9videmment pas que des inconv\u00e9nients.<\/div><\/div><\/figcaption><\/figure><div class=\"fg-loader\"><\/div><\/div><div class=\"fg-item fg-type-image fg-idle\"><figure class=\"fg-item-inner\"><a href=\"https:\/\/alpavista.ch\/Alp11\/wp-content\/uploads\/Varen_Mollens_009.jpg\" data-caption-title=\"D\u00e8s que la for\u00eat se rar\u00e9fie, la chaleur devient accablante. Passer d&amp;#039;une fourchette -5\u00b0\/+5\u00b0 \u00e0 plus de 25\u00b0 en moins d&amp;#039;une semaine demanderait un temps d&amp;#039;adaptation que le printemps 08 ne semble pas vouloir nous offrir.\" data-caption-desc=\"D\u00e8s que la for\u00eat se rar\u00e9fie, la chaleur devient accablante. Passer d&amp;#039;une fourchette -5\u00b0\/+5\u00b0 \u00e0 plus de 25\u00b0 en moins d&amp;#039;une semaine demanderait un temps d&amp;#039;adaptation que le printemps 08 ne semble pas vouloir nous offrir.\" data-attachment-id=\"12843\" data-type=\"image\" class=\"fg-thumb\"><span class=\"fg-image-wrap\"><img decoding=\"async\" alt=\"Varen_Mollens_009.jpg\" title=\"D\u00e8s que la for\u00eat se rar\u00e9fie, la chaleur devient accablante. Passer d&amp;#039;une fourchette -5\u00b0\/+5\u00b0 \u00e0 plus de 25\u00b0 en moins d&amp;#039;une semaine demanderait un temps d&amp;#039;adaptation que le printemps 08 ne semble pas vouloir nous offrir.\" width=\"101\" height=\"57\" class=\"skip-lazy fg-image\" data-src-fg=\"https:\/\/alpavista.ch\/Alp11\/wp-content\/uploads\/cache\/Varen_Mollens_009\/3281065077.jpg\" src=\"data:image\/svg+xml,%3Csvg%20xmlns%3D%22http%3A%2F%2Fwww.w3.org%2F2000%2Fsvg%22%20width%3D%22101%22%20height%3D%2257%22%20viewBox%3D%220%200%20101%2057%22%3E%3C%2Fsvg%3E\" loading=\"eager\"><\/span><span class=\"fg-image-overlay\"><\/span><\/a><figcaption class=\"fg-caption\"><div class=\"fg-caption-inner\"><div class=\"fg-caption-desc\">D\u00e8s que la for\u00eat se rar\u00e9fie, la chaleur devient accablante. Passer d&#039;une fourchette -5\u00b0\/+5\u00b0 \u00e0 plus de 25\u00b0 en moins d&#039;une semaine demanderait un temps d&#039;adaptation que le printemps 08 ne semble pas vouloir nous offrir.<\/div><\/div><\/figcaption><\/figure><div class=\"fg-loader\"><\/div><\/div><div class=\"fg-item fg-type-image fg-idle\"><figure class=\"fg-item-inner\"><a href=\"https:\/\/alpavista.ch\/Alp11\/wp-content\/uploads\/Varen_Mollens_010.jpg\" data-caption-title=\"Un terrain pratiquement aussi sec que nos organismes encore peu accoutum\u00e9s aux fortes variations de temp\u00e9ratures.\" data-caption-desc=\"Un terrain pratiquement aussi sec que nos organismes encore peu accoutum\u00e9s aux fortes variations de temp\u00e9ratures.\" data-attachment-id=\"12842\" data-type=\"image\" class=\"fg-thumb\"><span class=\"fg-image-wrap\"><img decoding=\"async\" alt=\"Varen_Mollens_010.jpg\" title=\"Un terrain pratiquement aussi sec que nos organismes encore peu accoutum\u00e9s aux fortes variations de temp\u00e9ratures.\" width=\"101\" height=\"57\" class=\"skip-lazy fg-image\" data-src-fg=\"https:\/\/alpavista.ch\/Alp11\/wp-content\/uploads\/cache\/Varen_Mollens_010\/4156585968.jpg\" src=\"data:image\/svg+xml,%3Csvg%20xmlns%3D%22http%3A%2F%2Fwww.w3.org%2F2000%2Fsvg%22%20width%3D%22101%22%20height%3D%2257%22%20viewBox%3D%220%200%20101%2057%22%3E%3C%2Fsvg%3E\" loading=\"eager\"><\/span><span class=\"fg-image-overlay\"><\/span><\/a><figcaption class=\"fg-caption\"><div class=\"fg-caption-inner\"><div class=\"fg-caption-desc\">Un terrain pratiquement aussi sec que nos organismes encore peu accoutum\u00e9s aux fortes variations de temp\u00e9ratures.<\/div><\/div><\/figcaption><\/figure><div class=\"fg-loader\"><\/div><\/div><div class=\"fg-item fg-type-image fg-idle\"><figure class=\"fg-item-inner\"><a href=\"https:\/\/alpavista.ch\/Alp11\/wp-content\/uploads\/Varen_Mollens_011.jpg\" data-caption-title=\"Fort heureusement, la descente finale sur Salquenen se profile enfin \u00e0 l&amp;#039;horizon.\" data-caption-desc=\"Fort heureusement, la descente finale sur Salquenen se profile enfin \u00e0 l&amp;#039;horizon.\" data-attachment-id=\"12841\" data-type=\"image\" class=\"fg-thumb\"><span class=\"fg-image-wrap\"><img decoding=\"async\" alt=\"Varen_Mollens_011.jpg\" title=\"Fort heureusement, la descente finale sur Salquenen se profile enfin \u00e0 l&amp;#039;horizon.\" width=\"101\" height=\"57\" class=\"skip-lazy fg-image\" data-src-fg=\"https:\/\/alpavista.ch\/Alp11\/wp-content\/uploads\/cache\/Varen_Mollens_011\/2143666777.jpg\" src=\"data:image\/svg+xml,%3Csvg%20xmlns%3D%22http%3A%2F%2Fwww.w3.org%2F2000%2Fsvg%22%20width%3D%22101%22%20height%3D%2257%22%20viewBox%3D%220%200%20101%2057%22%3E%3C%2Fsvg%3E\" loading=\"eager\"><\/span><span class=\"fg-image-overlay\"><\/span><\/a><figcaption class=\"fg-caption\"><div class=\"fg-caption-inner\"><div class=\"fg-caption-desc\">Fort heureusement, la descente finale sur Salquenen se profile enfin \u00e0 l&#039;horizon.<\/div><\/div><\/figcaption><\/figure><div class=\"fg-loader\"><\/div><\/div><div class=\"fg-item fg-type-image fg-idle\"><figure class=\"fg-item-inner\"><a href=\"https:\/\/alpavista.ch\/Alp11\/wp-content\/uploads\/Varen_Mollens_012.jpg\" data-caption-title=\"Les derniers coups de p\u00e9dales pour atteindre le point culminant de notre itin\u00e9raire du jour.\" data-caption-desc=\"Les derniers coups de p\u00e9dales pour atteindre le point culminant de notre itin\u00e9raire du jour.\" data-attachment-id=\"12840\" data-type=\"image\" class=\"fg-thumb\"><span class=\"fg-image-wrap\"><img decoding=\"async\" alt=\"Varen_Mollens_012.jpg\" title=\"Les derniers coups de p\u00e9dales pour atteindre le point culminant de notre itin\u00e9raire du jour.\" width=\"101\" height=\"57\" class=\"skip-lazy fg-image\" data-src-fg=\"https:\/\/alpavista.ch\/Alp11\/wp-content\/uploads\/cache\/Varen_Mollens_012\/3442452823.jpg\" src=\"data:image\/svg+xml,%3Csvg%20xmlns%3D%22http%3A%2F%2Fwww.w3.org%2F2000%2Fsvg%22%20width%3D%22101%22%20height%3D%2257%22%20viewBox%3D%220%200%20101%2057%22%3E%3C%2Fsvg%3E\" loading=\"eager\"><\/span><span class=\"fg-image-overlay\"><\/span><\/a><figcaption class=\"fg-caption\"><div class=\"fg-caption-inner\"><div class=\"fg-caption-desc\">Les derniers coups de p\u00e9dales pour atteindre le point culminant de notre itin\u00e9raire du jour.<\/div><\/div><\/figcaption><\/figure><div class=\"fg-loader\"><\/div><\/div><\/div>\n\n<input class=\"fooboxshare_post_id\" type=\"hidden\" value=\"201\"\/>","protected":false},"excerpt":{"rendered":"<p>Les jambes blanches, le cul sensible, les avant-bras et les poignets douloureux, les mollets un peu an\u00e9miques et un gros manque de feeling\u2026 &#8211; C\u2019est grave, docteur ? &#8211; Ca d\u00e9pend. Vous avez d\u2019autres sympt\u00f4mes ? Les pulsations ? Le souffle ? &#8211; De ce c\u00f4t\u00e9-l\u00e0, c\u2019\u00e9tait plut\u00f4t \u00ab moins pire \u00bb que d&rsquo;hab \u00e0 cette saison. &#8211; Mmmhh\u2026 Je pencherai pour le syndrome du B.R.S.* &#8211; Ah bon ! Et \u00e7a se soigne comment docteur ? &#8211; C&rsquo;est tr\u00e8s [&hellip;]<\/p>\n","protected":false},"author":2,"featured_media":8469,"comment_status":"closed","ping_status":"open","sticky":false,"template":"","format":"standard","meta":{"footnotes":""},"categories":[658,4],"tags":[1230,1401,1174,1266,1141,1182,1264,1168,1144],"class_list":["post-201","post","type-post","status-publish","format-standard","has-post-thumbnail","hentry","category-outdoor","category-vtt","tag-bisse","tag-cordona","tag-finges","tag-mollens","tag-montana","tag-nuschelet","tag-salquenen","tag-varen","tag-varneralp"],"_links":{"self":[{"href":"https:\/\/alpavista.ch\/Alp11\/wp-json\/wp\/v2\/posts\/201","targetHints":{"allow":["GET"]}}],"collection":[{"href":"https:\/\/alpavista.ch\/Alp11\/wp-json\/wp\/v2\/posts"}],"about":[{"href":"https:\/\/alpavista.ch\/Alp11\/wp-json\/wp\/v2\/types\/post"}],"author":[{"embeddable":true,"href":"https:\/\/alpavista.ch\/Alp11\/wp-json\/wp\/v2\/users\/2"}],"replies":[{"embeddable":true,"href":"https:\/\/alpavista.ch\/Alp11\/wp-json\/wp\/v2\/comments?post=201"}],"version-history":[{"count":0,"href":"https:\/\/alpavista.ch\/Alp11\/wp-json\/wp\/v2\/posts\/201\/revisions"}],"wp:featuredmedia":[{"embeddable":true,"href":"https:\/\/alpavista.ch\/Alp11\/wp-json\/wp\/v2\/media\/8469"}],"wp:attachment":[{"href":"https:\/\/alpavista.ch\/Alp11\/wp-json\/wp\/v2\/media?parent=201"}],"wp:term":[{"taxonomy":"category","embeddable":true,"href":"https:\/\/alpavista.ch\/Alp11\/wp-json\/wp\/v2\/categories?post=201"},{"taxonomy":"post_tag","embeddable":true,"href":"https:\/\/alpavista.ch\/Alp11\/wp-json\/wp\/v2\/tags?post=201"}],"curies":[{"name":"wp","href":"https:\/\/api.w.org\/{rel}","templated":true}]}}