{"id":204,"date":"2008-06-01T22:32:27","date_gmt":"2008-06-01T21:32:27","guid":{"rendered":"http:\/\/www.alpavista.ch\/Alp11\/?p=204"},"modified":"2022-12-09T17:41:19","modified_gmt":"2022-12-09T16:41:19","slug":"bratsch-jeizinen","status":"publish","type":"post","link":"https:\/\/alpavista.ch\/Alp11\/2008\/06\/01\/bratsch-jeizinen\/","title":{"rendered":"Bratsch !"},"content":{"rendered":"<p>Lanc\u00e9 comme \u00e7a, hors contexte, \u00e7a fait un peu penser \u00e0 une onomatop\u00e9e de BD, dont le h\u00e9ros serait en train de \u00ab boter \u00bb* son mauvais alcool dans l&rsquo;arri\u00e8re-cour d&rsquo;un troquet sombre et douteux.<br \/>\nRemis dans son contexte, Bratsch, c\u2019est le nom d\u2019un village que nombre de GPS biologiques ** ne contiennent g\u00e9n\u00e9ralement pas dans leur base.<br \/>\n&#8211; En rajoutant Erschmatt et Engersch, votre GPS commence-t-il \u00e0 retrouver ses satellites ?<br \/>\n&#8211; Toujours pas !<br \/>\n&#8211; Bon, allons-y, l\u00e2chons du lourd, de l\u2019illustre, du renomm\u00e9 : Feschel, Brentschen, Jeizinen.<br \/>\n&#8211; Encore dans les choux ?<br \/>\nVa s\u00e9rieusement falloir songer \u00e0 t\u00e9l\u00e9charger une nouvelle mise \u00e0 jour de votre cartographie embarqu\u00e9e, parce que la r\u00e9gion regorge de single-tracks \u00ab haut valaisans \u00bb***, bien velus, qu\u2019il serait p\u00e9ch\u00e9 de ne jamais avoir parcouru \u00e0 VTT.<br \/>\n<!--more--><\/p>\n<p>Fid\u00e8les parmi les fid\u00e8les, il \u00e9tait bien \u00e9videmment hors de question que nous vivions plus longtemps dans cette transgression. Notre qu\u00eate de repentir a d\u00e9but\u00e9 sur l\u2019insoup\u00e7onn\u00e9 et superbe chemin de la rive droite du Rh\u00f4ne, pardon Rotten, entre la Souste, pardon Susten, et Gampel. Imm\u00e9diatement apr\u00e8s cette douce entr\u00e9e en mati\u00e8re, notre p\u00e8lerinage de r\u00e9demption s&rsquo;est poursuivi par l\u2019ascension de l\u2019ancien chemin de Jeizinen, si souvent d\u00e9val\u00e9 nez dans le guidon, lors de nos pr\u00e9c\u00e9dentes saisons p\u00e9cheresses. Premier haut-fait de la liturgie selon Saint-Sentier, notre rite d&rsquo;adoration a \u00e9t\u00e9 de vaincre le descendant de cet incroyable ap\u00f4tre, accroch\u00e9 aux flancs arides et rocailleux de T\u00e4nnji, et devant hypoth\u00e9tiquement nous mener vers Bratsch. Une c\u00e9r\u00e9monie religieuse sans p\u00e9nitence n&rsquo;est pas vraiment une c\u00e9r\u00e9monie religieuse. La n\u00f4tre a consist\u00e9 \u00e0 nous \u00e9lever jusqu&rsquo;\u00e0 Jeizinen via sa tortueuse mais asphalt\u00e9e route de montagne. Et le rituel final ? me direz-vous. Et bien, pour cl\u00f4turer ce culte dominical, nous avons choisi du grand, du beau, du pieux, du mystique : le ph\u00e9nom\u00e9nal single-track qui plonge du Hohe Br\u00fccke de Rotafen directement vers les eaux b\u00e9nies, ou b\u00e9nites allez savoir, du Rh\u00f4ne, pardon Rotten.<br \/>\nUne journ\u00e9e enti\u00e8re d\u00e9di\u00e9e \u00e0 la religion VTT. Que c&rsquo;est beau la foi !<\/p>\n<p>* Pas la peine d\u2019incriminer le correcteur de Word, ou pire encore, mes \u00e9ventuelles d\u00e9ficiences orthographiques cong\u00e9nitales, contentez-vous d&rsquo;approfondir les particularismes linguistiques locaux.<br \/>\n** Le GPS biologique n\u2019est pas int\u00e9gr\u00e9 dans un petit bo\u00eetier en plastic \u00e0 la voix suavement obstin\u00e9e et programm\u00e9e pour vous contrarier m\u00e9thodiquement \u00e0 chaque intersection, mais est g\u00e9n\u00e9ralement situ\u00e9 entre les deux oreilles de la plupart des personnes.<br \/>\n*** Qualifiant un sentier p\u00e9destre, le terme \u00ab haut-valaisan \u00bb  n\u2019est pas consid\u00e9r\u00e9 comme p\u00e9joratif ou injurieux. Ce serait plut\u00f4t le contraire.<br \/>\n<style type=\"text\/css\">\n#foogallery-gallery-12761 .fg-image { width: 101px; }\n#foogallery-gallery-12761 { --fg-gutter: 1px; }<\/style>\n\t\t\t<div class=\"foogallery foogallery-container foogallery-default foogallery-lightbox-none fg-left fg-default fg-ready fg-light fg-loading-default fg-loaded-fade-in fg-preset fg-selena fg-preset-small fg-preset fg-selena fg-preset-small\" id=\"foogallery-gallery-12761\" data-foogallery=\"{&quot;item&quot;:{&quot;showCaptionTitle&quot;:false,&quot;showCaptionDescription&quot;:true},&quot;lazy&quot;:true,&quot;state&quot;:{&quot;enabled&quot;:true,&quot;mask&quot;:&quot;foogallery-{id}&quot;}}\" style=\"--fg-title-line-clamp: 0; --fg-description-line-clamp: 0;\" >\n\t<div class=\"fg-item fg-type-image fg-idle\"><figure class=\"fg-item-inner\"><a href=\"https:\/\/alpavista.ch\/Alp11\/wp-content\/uploads\/Bratsch_Jeizinen_001.jpg\" data-caption-title=\"Premier passage technique de la journ\u00e9e pour biker mal inspir\u00e9 ou mal r\u00e9veill\u00e9. Je vous \u00e9pargnerai la photo suivante, trop humiliante ou trop hilarante, selon de quel c\u00f4t\u00e9 d&amp;#039;objectif on se situe.\" data-caption-desc=\"Premier passage technique de la journ\u00e9e pour biker mal inspir\u00e9 ou mal r\u00e9veill\u00e9. Je vous \u00e9pargnerai la photo suivante, trop humiliante ou trop hilarante, selon de quel c\u00f4t\u00e9 d&amp;#039;objectif on se situe.\" data-attachment-id=\"12799\" data-type=\"image\" class=\"fg-thumb\"><span class=\"fg-image-wrap\"><img decoding=\"async\" alt=\"Bratsch_Jeizinen_001.jpg\" title=\"Premier passage technique de la journ\u00e9e pour biker mal inspir\u00e9 ou mal r\u00e9veill\u00e9. Je vous \u00e9pargnerai la photo suivante, trop humiliante ou trop hilarante, selon de quel c\u00f4t\u00e9 d&amp;#039;objectif on se situe.\" width=\"101\" height=\"57\" class=\"skip-lazy fg-image\" data-src-fg=\"https:\/\/alpavista.ch\/Alp11\/wp-content\/uploads\/cache\/Bratsch_Jeizinen_001\/3045153774.jpg\" src=\"data:image\/svg+xml,%3Csvg%20xmlns%3D%22http%3A%2F%2Fwww.w3.org%2F2000%2Fsvg%22%20width%3D%22101%22%20height%3D%2257%22%20viewBox%3D%220%200%20101%2057%22%3E%3C%2Fsvg%3E\" loading=\"eager\"><\/span><span class=\"fg-image-overlay\"><\/span><\/a><figcaption class=\"fg-caption\"><div class=\"fg-caption-inner\"><div class=\"fg-caption-desc\">Premier passage technique de la journ\u00e9e pour biker mal inspir\u00e9 ou mal r\u00e9veill\u00e9. Je vous \u00e9pargnerai la photo suivante, trop humiliante ou trop hilarante, selon de quel c\u00f4t\u00e9 d&#039;objectif on se situe.<\/div><\/div><\/figcaption><\/figure><div class=\"fg-loader\"><\/div><\/div><div class=\"fg-item fg-type-image fg-idle\"><figure class=\"fg-item-inner\"><a href=\"https:\/\/alpavista.ch\/Alp11\/wp-content\/uploads\/Bratsch_Jeizinen_002.jpg\" data-caption-title=\"Pfffff ! M\u00eame pas eu peur.\" data-caption-desc=\"Pfffff ! M\u00eame pas eu peur.\" data-attachment-id=\"12798\" data-type=\"image\" class=\"fg-thumb\"><span class=\"fg-image-wrap\"><img decoding=\"async\" alt=\"Bratsch_Jeizinen_002.jpg\" title=\"Pfffff ! M\u00eame pas eu peur.\" width=\"101\" height=\"57\" class=\"skip-lazy fg-image\" data-src-fg=\"https:\/\/alpavista.ch\/Alp11\/wp-content\/uploads\/cache\/Bratsch_Jeizinen_002\/1764955337.jpg\" src=\"data:image\/svg+xml,%3Csvg%20xmlns%3D%22http%3A%2F%2Fwww.w3.org%2F2000%2Fsvg%22%20width%3D%22101%22%20height%3D%2257%22%20viewBox%3D%220%200%20101%2057%22%3E%3C%2Fsvg%3E\" loading=\"eager\"><\/span><span class=\"fg-image-overlay\"><\/span><\/a><figcaption class=\"fg-caption\"><div class=\"fg-caption-inner\"><div class=\"fg-caption-desc\">Pfffff ! M\u00eame pas eu peur.<\/div><\/div><\/figcaption><\/figure><div class=\"fg-loader\"><\/div><\/div><div class=\"fg-item fg-type-image fg-idle\"><figure class=\"fg-item-inner\"><a href=\"https:\/\/alpavista.ch\/Alp11\/wp-content\/uploads\/Bratsch_Jeizinen_003.jpg\" data-caption-title=\"Comment un tel single-track put-il encore \u00eatre inconnu de nos roues \u00e0\u00a0 crampons ?\" data-caption-desc=\"Comment un tel single-track put-il encore \u00eatre inconnu de nos roues \u00e0\u00a0 crampons ?\" data-attachment-id=\"12797\" data-type=\"image\" class=\"fg-thumb\"><span class=\"fg-image-wrap\"><img decoding=\"async\" alt=\"Bratsch_Jeizinen_003.jpg\" title=\"Comment un tel single-track put-il encore \u00eatre inconnu de nos roues \u00e0\u00a0 crampons ?\" width=\"101\" height=\"57\" class=\"skip-lazy fg-image\" data-src-fg=\"https:\/\/alpavista.ch\/Alp11\/wp-content\/uploads\/cache\/Bratsch_Jeizinen_003\/1008968873.jpg\" src=\"data:image\/svg+xml,%3Csvg%20xmlns%3D%22http%3A%2F%2Fwww.w3.org%2F2000%2Fsvg%22%20width%3D%22101%22%20height%3D%2257%22%20viewBox%3D%220%200%20101%2057%22%3E%3C%2Fsvg%3E\" loading=\"eager\"><\/span><span class=\"fg-image-overlay\"><\/span><\/a><figcaption class=\"fg-caption\"><div class=\"fg-caption-inner\"><div class=\"fg-caption-desc\">Comment un tel single-track put-il encore \u00eatre inconnu de nos roues \u00e0\u00a0 crampons ?<\/div><\/div><\/figcaption><\/figure><div class=\"fg-loader\"><\/div><\/div><div class=\"fg-item fg-type-image fg-idle\"><figure class=\"fg-item-inner\"><a href=\"https:\/\/alpavista.ch\/Alp11\/wp-content\/uploads\/Bratsch_Jeizinen_004.jpg\" data-caption-title=\"Ondulant entre roche et Rh\u00f4ne, de simple transition, le tron\u00e7aon Susten-Gampel se transforme rapidement en festin \u00e0\u00a0 part enti\u00e8re.\" data-caption-desc=\"Ondulant entre roche et Rh\u00f4ne, de simple transition, le tron\u00e7aon Susten-Gampel se transforme rapidement en festin \u00e0\u00a0 part enti\u00e8re.\" data-attachment-id=\"12796\" data-type=\"image\" class=\"fg-thumb\"><span class=\"fg-image-wrap\"><img decoding=\"async\" alt=\"Bratsch_Jeizinen_004.jpg\" title=\"Ondulant entre roche et Rh\u00f4ne, de simple transition, le tron\u00e7aon Susten-Gampel se transforme rapidement en festin \u00e0\u00a0 part enti\u00e8re.\" width=\"101\" height=\"57\" class=\"skip-lazy fg-image\" data-src-fg=\"https:\/\/alpavista.ch\/Alp11\/wp-content\/uploads\/cache\/Bratsch_Jeizinen_004\/1692132724.jpg\" src=\"data:image\/svg+xml,%3Csvg%20xmlns%3D%22http%3A%2F%2Fwww.w3.org%2F2000%2Fsvg%22%20width%3D%22101%22%20height%3D%2257%22%20viewBox%3D%220%200%20101%2057%22%3E%3C%2Fsvg%3E\" loading=\"eager\"><\/span><span class=\"fg-image-overlay\"><\/span><\/a><figcaption class=\"fg-caption\"><div class=\"fg-caption-inner\"><div class=\"fg-caption-desc\">Ondulant entre roche et Rh\u00f4ne, de simple transition, le tron\u00e7aon Susten-Gampel se transforme rapidement en festin \u00e0\u00a0 part enti\u00e8re.<\/div><\/div><\/figcaption><\/figure><div class=\"fg-loader\"><\/div><\/div><div class=\"fg-item fg-type-image fg-idle\"><figure class=\"fg-item-inner\"><a href=\"https:\/\/alpavista.ch\/Alp11\/wp-content\/uploads\/Bratsch_Jeizinen_005.jpg\" data-caption-title=\"Trop fastoche ! T&amp;#039;as essay\u00e9 sans les mains ?\" data-caption-desc=\"Trop fastoche ! T&amp;#039;as essay\u00e9 sans les mains ?\" data-attachment-id=\"12795\" data-type=\"image\" class=\"fg-thumb\"><span class=\"fg-image-wrap\"><img decoding=\"async\" alt=\"Bratsch_Jeizinen_005.jpg\" title=\"Trop fastoche ! T&amp;#039;as essay\u00e9 sans les mains ?\" width=\"101\" height=\"57\" class=\"skip-lazy fg-image\" data-src-fg=\"https:\/\/alpavista.ch\/Alp11\/wp-content\/uploads\/cache\/Bratsch_Jeizinen_005\/1580612774.jpg\" src=\"data:image\/svg+xml,%3Csvg%20xmlns%3D%22http%3A%2F%2Fwww.w3.org%2F2000%2Fsvg%22%20width%3D%22101%22%20height%3D%2257%22%20viewBox%3D%220%200%20101%2057%22%3E%3C%2Fsvg%3E\" loading=\"eager\"><\/span><span class=\"fg-image-overlay\"><\/span><\/a><figcaption class=\"fg-caption\"><div class=\"fg-caption-inner\"><div class=\"fg-caption-desc\">Trop fastoche ! T&#039;as essay\u00e9 sans les mains ?<\/div><\/div><\/figcaption><\/figure><div class=\"fg-loader\"><\/div><\/div><div class=\"fg-item fg-type-image fg-idle\"><figure class=\"fg-item-inner\"><a href=\"https:\/\/alpavista.ch\/Alp11\/wp-content\/uploads\/Bratsch_Jeizinen_006.jpg\" data-caption-title=\"L&amp;#039;appel du vert ! Pas difficile \u00e0\u00a0 trouver en ce printemps 08 dont arros\u00e9 n&amp;#039;est m\u00eame pas le pr\u00e9nom.\" data-caption-desc=\"L&amp;#039;appel du vert ! Pas difficile \u00e0\u00a0 trouver en ce printemps 08 dont arros\u00e9 n&amp;#039;est m\u00eame pas le pr\u00e9nom.\" data-attachment-id=\"12794\" data-type=\"image\" class=\"fg-thumb\"><span class=\"fg-image-wrap\"><img decoding=\"async\" alt=\"Bratsch_Jeizinen_006.jpg\" title=\"L&amp;#039;appel du vert ! Pas difficile \u00e0\u00a0 trouver en ce printemps 08 dont arros\u00e9 n&amp;#039;est m\u00eame pas le pr\u00e9nom.\" width=\"101\" height=\"57\" class=\"skip-lazy fg-image\" data-src-fg=\"https:\/\/alpavista.ch\/Alp11\/wp-content\/uploads\/cache\/Bratsch_Jeizinen_006\/2189718401.jpg\" src=\"data:image\/svg+xml,%3Csvg%20xmlns%3D%22http%3A%2F%2Fwww.w3.org%2F2000%2Fsvg%22%20width%3D%22101%22%20height%3D%2257%22%20viewBox%3D%220%200%20101%2057%22%3E%3C%2Fsvg%3E\" loading=\"eager\"><\/span><span class=\"fg-image-overlay\"><\/span><\/a><figcaption class=\"fg-caption\"><div class=\"fg-caption-inner\"><div class=\"fg-caption-desc\">L&#039;appel du vert ! Pas difficile \u00e0\u00a0 trouver en ce printemps 08 dont arros\u00e9 n&#039;est m\u00eame pas le pr\u00e9nom.<\/div><\/div><\/figcaption><\/figure><div class=\"fg-loader\"><\/div><\/div><div class=\"fg-item fg-type-image fg-idle\"><figure class=\"fg-item-inner\"><a href=\"https:\/\/alpavista.ch\/Alp11\/wp-content\/uploads\/Bratsch_Jeizinen_007.jpg\" data-caption-title=\"La zone mar\u00e9cageuse de Radet : une seule r\u00e8gle, \u00e9viter de mettre le pied \u00e0\u00a0 terre, ou plus pr\u00e9cis\u00e9ment, dans la vase humide.\" data-caption-desc=\"La zone mar\u00e9cageuse de Radet : une seule r\u00e8gle, \u00e9viter de mettre le pied \u00e0\u00a0 terre, ou plus pr\u00e9cis\u00e9ment, dans la vase humide.\" data-attachment-id=\"12793\" data-type=\"image\" class=\"fg-thumb\"><span class=\"fg-image-wrap\"><img decoding=\"async\" alt=\"Bratsch_Jeizinen_007.jpg\" title=\"La zone mar\u00e9cageuse de Radet : une seule r\u00e8gle, \u00e9viter de mettre le pied \u00e0\u00a0 terre, ou plus pr\u00e9cis\u00e9ment, dans la vase humide.\" width=\"101\" height=\"57\" class=\"skip-lazy fg-image\" data-src-fg=\"https:\/\/alpavista.ch\/Alp11\/wp-content\/uploads\/cache\/Bratsch_Jeizinen_007\/736988930.jpg\" src=\"data:image\/svg+xml,%3Csvg%20xmlns%3D%22http%3A%2F%2Fwww.w3.org%2F2000%2Fsvg%22%20width%3D%22101%22%20height%3D%2257%22%20viewBox%3D%220%200%20101%2057%22%3E%3C%2Fsvg%3E\" loading=\"eager\"><\/span><span class=\"fg-image-overlay\"><\/span><\/a><figcaption class=\"fg-caption\"><div class=\"fg-caption-inner\"><div class=\"fg-caption-desc\">La zone mar\u00e9cageuse de Radet : une seule r\u00e8gle, \u00e9viter de mettre le pied \u00e0\u00a0 terre, ou plus pr\u00e9cis\u00e9ment, dans la vase humide.<\/div><\/div><\/figcaption><\/figure><div class=\"fg-loader\"><\/div><\/div><div class=\"fg-item fg-type-image fg-idle\"><figure class=\"fg-item-inner\"><a href=\"https:\/\/alpavista.ch\/Alp11\/wp-content\/uploads\/Bratsch_Jeizinen_008.jpg\" data-caption-title=\"Chemin de Jeizinen et\/ou chemin de croix ? Les deux propositions sont av\u00e9r\u00e9es, au sens propre, comme au sens figur\u00e9.\" data-caption-desc=\"Chemin de Jeizinen et\/ou chemin de croix ? Les deux propositions sont av\u00e9r\u00e9es, au sens propre, comme au sens figur\u00e9.\" data-attachment-id=\"12792\" data-type=\"image\" class=\"fg-thumb\"><span class=\"fg-image-wrap\"><img decoding=\"async\" alt=\"Bratsch_Jeizinen_008.jpg\" title=\"Chemin de Jeizinen et\/ou chemin de croix ? Les deux propositions sont av\u00e9r\u00e9es, au sens propre, comme au sens figur\u00e9.\" width=\"101\" height=\"57\" class=\"skip-lazy fg-image\" data-src-fg=\"https:\/\/alpavista.ch\/Alp11\/wp-content\/uploads\/cache\/Bratsch_Jeizinen_008\/2700137834.jpg\" src=\"data:image\/svg+xml,%3Csvg%20xmlns%3D%22http%3A%2F%2Fwww.w3.org%2F2000%2Fsvg%22%20width%3D%22101%22%20height%3D%2257%22%20viewBox%3D%220%200%20101%2057%22%3E%3C%2Fsvg%3E\" loading=\"eager\"><\/span><span class=\"fg-image-overlay\"><\/span><\/a><figcaption class=\"fg-caption\"><div class=\"fg-caption-inner\"><div class=\"fg-caption-desc\">Chemin de Jeizinen et\/ou chemin de croix ? Les deux propositions sont av\u00e9r\u00e9es, au sens propre, comme au sens figur\u00e9.<\/div><\/div><\/figcaption><\/figure><div class=\"fg-loader\"><\/div><\/div><div class=\"fg-item fg-type-image fg-idle\"><figure class=\"fg-item-inner\"><a href=\"https:\/\/alpavista.ch\/Alp11\/wp-content\/uploads\/Bratsch_Jeizinen_009.jpg\" data-caption-title=\"La petite \u00e9glise de Herruviertil : l&amp;#039;endroit id\u00e9al pour faire une petite pause ombrag\u00e9e, pieuse ou ludique selon les convictions de chacun... Qu&amp;#039;est qu&amp;#039;on a pu se marrer ...\" data-caption-desc=\"La petite \u00e9glise de Herruviertil : l&amp;#039;endroit id\u00e9al pour faire une petite pause ombrag\u00e9e, pieuse ou ludique selon les convictions de chacun... Qu&amp;#039;est qu&amp;#039;on a pu se marrer ...\" data-attachment-id=\"12791\" data-type=\"image\" class=\"fg-thumb\"><span class=\"fg-image-wrap\"><img decoding=\"async\" alt=\"Bratsch_Jeizinen_009.jpg\" title=\"La petite \u00e9glise de Herruviertil : l&amp;#039;endroit id\u00e9al pour faire une petite pause ombrag\u00e9e, pieuse ou ludique selon les convictions de chacun... Qu&amp;#039;est qu&amp;#039;on a pu se marrer ...\" width=\"101\" height=\"57\" class=\"skip-lazy fg-image\" data-src-fg=\"https:\/\/alpavista.ch\/Alp11\/wp-content\/uploads\/cache\/Bratsch_Jeizinen_009\/2585595064.jpg\" src=\"data:image\/svg+xml,%3Csvg%20xmlns%3D%22http%3A%2F%2Fwww.w3.org%2F2000%2Fsvg%22%20width%3D%22101%22%20height%3D%2257%22%20viewBox%3D%220%200%20101%2057%22%3E%3C%2Fsvg%3E\" loading=\"eager\"><\/span><span class=\"fg-image-overlay\"><\/span><\/a><figcaption class=\"fg-caption\"><div class=\"fg-caption-inner\"><div class=\"fg-caption-desc\">La petite \u00e9glise de Herruviertil : l&#039;endroit id\u00e9al pour faire une petite pause ombrag\u00e9e, pieuse ou ludique selon les convictions de chacun... Qu&#039;est qu&#039;on a pu se marrer ...<\/div><\/div><\/figcaption><\/figure><div class=\"fg-loader\"><\/div><\/div><div class=\"fg-item fg-type-image fg-idle\"><figure class=\"fg-item-inner\"><a href=\"https:\/\/alpavista.ch\/Alp11\/wp-content\/uploads\/Bratsch_Jeizinen_010.jpg\" data-caption-title=\"Malgr\u00e9 la copieuse pente du large sentier, le fond de la vall\u00e9e du Rh\u00f4ne ne s&amp;#039;enfonce mahleureusement jamais assez vite.\" data-caption-desc=\"Malgr\u00e9 la copieuse pente du large sentier, le fond de la vall\u00e9e du Rh\u00f4ne ne s&amp;#039;enfonce mahleureusement jamais assez vite.\" data-attachment-id=\"12790\" data-type=\"image\" class=\"fg-thumb\"><span class=\"fg-image-wrap\"><img decoding=\"async\" alt=\"Bratsch_Jeizinen_010.jpg\" title=\"Malgr\u00e9 la copieuse pente du large sentier, le fond de la vall\u00e9e du Rh\u00f4ne ne s&amp;#039;enfonce mahleureusement jamais assez vite.\" width=\"101\" height=\"57\" class=\"skip-lazy fg-image\" data-src-fg=\"https:\/\/alpavista.ch\/Alp11\/wp-content\/uploads\/cache\/Bratsch_Jeizinen_010\/3222555412.jpg\" src=\"data:image\/svg+xml,%3Csvg%20xmlns%3D%22http%3A%2F%2Fwww.w3.org%2F2000%2Fsvg%22%20width%3D%22101%22%20height%3D%2257%22%20viewBox%3D%220%200%20101%2057%22%3E%3C%2Fsvg%3E\" loading=\"eager\"><\/span><span class=\"fg-image-overlay\"><\/span><\/a><figcaption class=\"fg-caption\"><div class=\"fg-caption-inner\"><div class=\"fg-caption-desc\">Malgr\u00e9 la copieuse pente du large sentier, le fond de la vall\u00e9e du Rh\u00f4ne ne s&#039;enfonce mahleureusement jamais assez vite.<\/div><\/div><\/figcaption><\/figure><div class=\"fg-loader\"><\/div><\/div><div class=\"fg-item fg-type-image fg-idle\"><figure class=\"fg-item-inner\"><a href=\"https:\/\/alpavista.ch\/Alp11\/wp-content\/uploads\/Bratsch_Jeizinen_011.jpg\" data-caption-title=\"Pfffff ! Et dire qu&amp;#039;il y a justement une cabine qui monte \u00e0\u00a0 l&amp;#039;instant vers Jeizinen. Ah, si seulement je connaissais l&amp;#039;incomp\u00e9tent organisteur de cette rando bancale.\" data-caption-desc=\"Pfffff ! Et dire qu&amp;#039;il y a justement une cabine qui monte \u00e0\u00a0 l&amp;#039;instant vers Jeizinen. Ah, si seulement je connaissais l&amp;#039;incomp\u00e9tent organisteur de cette rando bancale.\" data-attachment-id=\"12789\" data-type=\"image\" class=\"fg-thumb\"><span class=\"fg-image-wrap\"><img decoding=\"async\" alt=\"Bratsch_Jeizinen_011.jpg\" title=\"Pfffff ! Et dire qu&amp;#039;il y a justement une cabine qui monte \u00e0\u00a0 l&amp;#039;instant vers Jeizinen. Ah, si seulement je connaissais l&amp;#039;incomp\u00e9tent organisteur de cette rando bancale.\" width=\"101\" height=\"57\" class=\"skip-lazy fg-image\" data-src-fg=\"https:\/\/alpavista.ch\/Alp11\/wp-content\/uploads\/cache\/Bratsch_Jeizinen_011\/1050768460.jpg\" src=\"data:image\/svg+xml,%3Csvg%20xmlns%3D%22http%3A%2F%2Fwww.w3.org%2F2000%2Fsvg%22%20width%3D%22101%22%20height%3D%2257%22%20viewBox%3D%220%200%20101%2057%22%3E%3C%2Fsvg%3E\" loading=\"eager\"><\/span><span class=\"fg-image-overlay\"><\/span><\/a><figcaption class=\"fg-caption\"><div class=\"fg-caption-inner\"><div class=\"fg-caption-desc\">Pfffff ! Et dire qu&#039;il y a justement une cabine qui monte \u00e0\u00a0 l&#039;instant vers Jeizinen. Ah, si seulement je connaissais l&#039;incomp\u00e9tent organisteur de cette rando bancale.<\/div><\/div><\/figcaption><\/figure><div class=\"fg-loader\"><\/div><\/div><div class=\"fg-item fg-type-image fg-idle\"><figure class=\"fg-item-inner\"><a href=\"https:\/\/alpavista.ch\/Alp11\/wp-content\/uploads\/Bratsch_Jeizinen_012.jpg\" data-caption-title=\"Sous les pav\u00e9s, la caillasse. Le rev\u00eatement change, la pente demeure.\" data-caption-desc=\"Sous les pav\u00e9s, la caillasse. Le rev\u00eatement change, la pente demeure.\" data-attachment-id=\"12788\" data-type=\"image\" class=\"fg-thumb\"><span class=\"fg-image-wrap\"><img decoding=\"async\" alt=\"Bratsch_Jeizinen_012.jpg\" title=\"Sous les pav\u00e9s, la caillasse. Le rev\u00eatement change, la pente demeure.\" width=\"101\" height=\"57\" class=\"skip-lazy fg-image\" data-src-fg=\"https:\/\/alpavista.ch\/Alp11\/wp-content\/uploads\/cache\/Bratsch_Jeizinen_012\/3792911211.jpg\" src=\"data:image\/svg+xml,%3Csvg%20xmlns%3D%22http%3A%2F%2Fwww.w3.org%2F2000%2Fsvg%22%20width%3D%22101%22%20height%3D%2257%22%20viewBox%3D%220%200%20101%2057%22%3E%3C%2Fsvg%3E\" loading=\"eager\"><\/span><span class=\"fg-image-overlay\"><\/span><\/a><figcaption class=\"fg-caption\"><div class=\"fg-caption-inner\"><div class=\"fg-caption-desc\">Sous les pav\u00e9s, la caillasse. Le rev\u00eatement change, la pente demeure.<\/div><\/div><\/figcaption><\/figure><div class=\"fg-loader\"><\/div><\/div><div class=\"fg-item fg-type-image fg-idle\"><figure class=\"fg-item-inner\"><a href=\"https:\/\/alpavista.ch\/Alp11\/wp-content\/uploads\/Bratsch_Jeizinen_013.jpg\" data-caption-title=\"La troisi\u00e8me \u00e9pingle ! Pas trop t\u00f4t, \u00e7a devenait franchement trop facile.\" data-caption-desc=\"La troisi\u00e8me \u00e9pingle ! Pas trop t\u00f4t, \u00e7a devenait franchement trop facile.\" data-attachment-id=\"12787\" data-type=\"image\" class=\"fg-thumb\"><span class=\"fg-image-wrap\"><img decoding=\"async\" alt=\"Bratsch_Jeizinen_013.jpg\" title=\"La troisi\u00e8me \u00e9pingle ! Pas trop t\u00f4t, \u00e7a devenait franchement trop facile.\" width=\"101\" height=\"57\" class=\"skip-lazy fg-image\" data-src-fg=\"https:\/\/alpavista.ch\/Alp11\/wp-content\/uploads\/cache\/Bratsch_Jeizinen_013\/3070462731.jpg\" src=\"data:image\/svg+xml,%3Csvg%20xmlns%3D%22http%3A%2F%2Fwww.w3.org%2F2000%2Fsvg%22%20width%3D%22101%22%20height%3D%2257%22%20viewBox%3D%220%200%20101%2057%22%3E%3C%2Fsvg%3E\" loading=\"eager\"><\/span><span class=\"fg-image-overlay\"><\/span><\/a><figcaption class=\"fg-caption\"><div class=\"fg-caption-inner\"><div class=\"fg-caption-desc\">La troisi\u00e8me \u00e9pingle ! Pas trop t\u00f4t, \u00e7a devenait franchement trop facile.<\/div><\/div><\/figcaption><\/figure><div class=\"fg-loader\"><\/div><\/div><div class=\"fg-item fg-type-image fg-idle\"><figure class=\"fg-item-inner\"><a href=\"https:\/\/alpavista.ch\/Alp11\/wp-content\/uploads\/Bratsch_Jeizinen_014.jpg\" data-caption-title=\"Ah ! En voil\u00e0\u00a0 enfin du single-track pour adulte.\" data-caption-desc=\"Ah ! En voil\u00e0\u00a0 enfin du single-track pour adulte.\" data-attachment-id=\"12786\" data-type=\"image\" class=\"fg-thumb\"><span class=\"fg-image-wrap\"><img decoding=\"async\" alt=\"Bratsch_Jeizinen_014.jpg\" title=\"Ah ! En voil\u00e0\u00a0 enfin du single-track pour adulte.\" width=\"101\" height=\"57\" class=\"skip-lazy fg-image\" data-src-fg=\"https:\/\/alpavista.ch\/Alp11\/wp-content\/uploads\/cache\/Bratsch_Jeizinen_014\/4026256086.jpg\" src=\"data:image\/svg+xml,%3Csvg%20xmlns%3D%22http%3A%2F%2Fwww.w3.org%2F2000%2Fsvg%22%20width%3D%22101%22%20height%3D%2257%22%20viewBox%3D%220%200%20101%2057%22%3E%3C%2Fsvg%3E\" loading=\"eager\"><\/span><span class=\"fg-image-overlay\"><\/span><\/a><figcaption class=\"fg-caption\"><div class=\"fg-caption-inner\"><div class=\"fg-caption-desc\">Ah ! En voil\u00e0\u00a0 enfin du single-track pour adulte.<\/div><\/div><\/figcaption><\/figure><div class=\"fg-loader\"><\/div><\/div><div class=\"fg-item fg-type-image fg-idle\"><figure class=\"fg-item-inner\"><a href=\"https:\/\/alpavista.ch\/Alp11\/wp-content\/uploads\/Bratsch_Jeizinen_015.jpg\" data-caption-title=\"Equilibre, respiration, concentration et motivation : l&amp;#039;art du single-track, version ascentionnelle, r\u00e9sum\u00e9 en quatre mots.\" data-caption-desc=\"Equilibre, respiration, concentration et motivation : l&amp;#039;art du single-track, version ascentionnelle, r\u00e9sum\u00e9 en quatre mots.\" data-attachment-id=\"12785\" data-type=\"image\" class=\"fg-thumb\"><span class=\"fg-image-wrap\"><img decoding=\"async\" alt=\"Bratsch_Jeizinen_015.jpg\" title=\"Equilibre, respiration, concentration et motivation : l&amp;#039;art du single-track, version ascentionnelle, r\u00e9sum\u00e9 en quatre mots.\" width=\"101\" height=\"57\" class=\"skip-lazy fg-image\" data-src-fg=\"https:\/\/alpavista.ch\/Alp11\/wp-content\/uploads\/cache\/Bratsch_Jeizinen_015\/3574993668.jpg\" src=\"data:image\/svg+xml,%3Csvg%20xmlns%3D%22http%3A%2F%2Fwww.w3.org%2F2000%2Fsvg%22%20width%3D%22101%22%20height%3D%2257%22%20viewBox%3D%220%200%20101%2057%22%3E%3C%2Fsvg%3E\" loading=\"eager\"><\/span><span class=\"fg-image-overlay\"><\/span><\/a><figcaption class=\"fg-caption\"><div class=\"fg-caption-inner\"><div class=\"fg-caption-desc\">Equilibre, respiration, concentration et motivation : l&#039;art du single-track, version ascentionnelle, r\u00e9sum\u00e9 en quatre mots.<\/div><\/div><\/figcaption><\/figure><div class=\"fg-loader\"><\/div><\/div><div class=\"fg-item fg-type-image fg-idle\"><figure class=\"fg-item-inner\"><a href=\"https:\/\/alpavista.ch\/Alp11\/wp-content\/uploads\/Bratsch_Jeizinen_016.jpg\" data-caption-title=\"S&amp;#039;il en fallait un cinqui\u00e8me, on pourrait rajouter anticipation.\" data-caption-desc=\"S&amp;#039;il en fallait un cinqui\u00e8me, on pourrait rajouter anticipation.\" data-attachment-id=\"12784\" data-type=\"image\" class=\"fg-thumb\"><span class=\"fg-image-wrap\"><img decoding=\"async\" alt=\"Bratsch_Jeizinen_016.jpg\" title=\"S&amp;#039;il en fallait un cinqui\u00e8me, on pourrait rajouter anticipation.\" width=\"101\" height=\"57\" class=\"skip-lazy fg-image\" data-src-fg=\"https:\/\/alpavista.ch\/Alp11\/wp-content\/uploads\/cache\/Bratsch_Jeizinen_016\/161766435.jpg\" src=\"data:image\/svg+xml,%3Csvg%20xmlns%3D%22http%3A%2F%2Fwww.w3.org%2F2000%2Fsvg%22%20width%3D%22101%22%20height%3D%2257%22%20viewBox%3D%220%200%20101%2057%22%3E%3C%2Fsvg%3E\" loading=\"eager\"><\/span><span class=\"fg-image-overlay\"><\/span><\/a><figcaption class=\"fg-caption\"><div class=\"fg-caption-inner\"><div class=\"fg-caption-desc\">S&#039;il en fallait un cinqui\u00e8me, on pourrait rajouter anticipation.<\/div><\/div><\/figcaption><\/figure><div class=\"fg-loader\"><\/div><\/div><div class=\"fg-item fg-type-image fg-idle\"><figure class=\"fg-item-inner\"><a href=\"https:\/\/alpavista.ch\/Alp11\/wp-content\/uploads\/Bratsch_Jeizinen_017.jpg\" data-caption-title=\"Pouss\u00e9s par le souffle puissant et chaud du foehn d\u00e9bordant du Simplon, nous cheminons le plus adroitement possible face aux al\u00e9as topographiques locaux. (Que c&amp;#039;est beau une phrase pleine de mots ... mais totalement d\u00e9nu\u00e9e de sens.)\" data-caption-desc=\"Pouss\u00e9s par le souffle puissant et chaud du foehn d\u00e9bordant du Simplon, nous cheminons le plus adroitement possible face aux al\u00e9as topographiques locaux. (Que c&amp;#039;est beau une phrase pleine de mots ... mais totalement d\u00e9nu\u00e9e de sens.)\" data-attachment-id=\"12783\" data-type=\"image\" class=\"fg-thumb\"><span class=\"fg-image-wrap\"><img decoding=\"async\" alt=\"Bratsch_Jeizinen_017.jpg\" title=\"Pouss\u00e9s par le souffle puissant et chaud du foehn d\u00e9bordant du Simplon, nous cheminons le plus adroitement possible face aux al\u00e9as topographiques locaux. (Que c&amp;#039;est beau une phrase pleine de mots ... mais totalement d\u00e9nu\u00e9e de sens.)\" width=\"101\" height=\"57\" class=\"skip-lazy fg-image\" data-src-fg=\"https:\/\/alpavista.ch\/Alp11\/wp-content\/uploads\/cache\/Bratsch_Jeizinen_017\/2697830560.jpg\" src=\"data:image\/svg+xml,%3Csvg%20xmlns%3D%22http%3A%2F%2Fwww.w3.org%2F2000%2Fsvg%22%20width%3D%22101%22%20height%3D%2257%22%20viewBox%3D%220%200%20101%2057%22%3E%3C%2Fsvg%3E\" loading=\"eager\"><\/span><span class=\"fg-image-overlay\"><\/span><\/a><figcaption class=\"fg-caption\"><div class=\"fg-caption-inner\"><div class=\"fg-caption-desc\">Pouss\u00e9s par le souffle puissant et chaud du foehn d\u00e9bordant du Simplon, nous cheminons le plus adroitement possible face aux al\u00e9as topographiques locaux. (Que c&#039;est beau une phrase pleine de mots ... mais totalement d\u00e9nu\u00e9e de sens.)<\/div><\/div><\/figcaption><\/figure><div class=\"fg-loader\"><\/div><\/div><div class=\"fg-item fg-type-image fg-idle\"><figure class=\"fg-item-inner\"><a href=\"https:\/\/alpavista.ch\/Alp11\/wp-content\/uploads\/Bratsch_Jeizinen_018.jpg\" data-caption-title=\"Un chemin menant au royaume de JP ? Non, pas vraiment ! Le royaume de JP n&amp;#039;est pas l\u00e0\u00a0 o\u00f9 le chemin m\u00e8ne, mais le chemin lui-m\u00eame.\" data-caption-desc=\"Un chemin menant au royaume de JP ? Non, pas vraiment ! Le royaume de JP n&amp;#039;est pas l\u00e0\u00a0 o\u00f9 le chemin m\u00e8ne, mais le chemin lui-m\u00eame.\" data-attachment-id=\"12782\" data-type=\"image\" class=\"fg-thumb\"><span class=\"fg-image-wrap\"><img decoding=\"async\" alt=\"Bratsch_Jeizinen_018.jpg\" title=\"Un chemin menant au royaume de JP ? Non, pas vraiment ! Le royaume de JP n&amp;#039;est pas l\u00e0\u00a0 o\u00f9 le chemin m\u00e8ne, mais le chemin lui-m\u00eame.\" width=\"101\" height=\"57\" class=\"skip-lazy fg-image\" data-src-fg=\"https:\/\/alpavista.ch\/Alp11\/wp-content\/uploads\/cache\/Bratsch_Jeizinen_018\/735115976.jpg\" src=\"data:image\/svg+xml,%3Csvg%20xmlns%3D%22http%3A%2F%2Fwww.w3.org%2F2000%2Fsvg%22%20width%3D%22101%22%20height%3D%2257%22%20viewBox%3D%220%200%20101%2057%22%3E%3C%2Fsvg%3E\" loading=\"eager\"><\/span><span class=\"fg-image-overlay\"><\/span><\/a><figcaption class=\"fg-caption\"><div class=\"fg-caption-inner\"><div class=\"fg-caption-desc\">Un chemin menant au royaume de JP ? Non, pas vraiment ! Le royaume de JP n&#039;est pas l\u00e0\u00a0 o\u00f9 le chemin m\u00e8ne, mais le chemin lui-m\u00eame.<\/div><\/div><\/figcaption><\/figure><div class=\"fg-loader\"><\/div><\/div><div class=\"fg-item fg-type-image fg-idle\"><figure class=\"fg-item-inner\"><a href=\"https:\/\/alpavista.ch\/Alp11\/wp-content\/uploads\/Bratsch_Jeizinen_019.jpg\" data-caption-title=\"C&amp;#039;est \u00e9troit, c&amp;#039;est pi\u00e9geux, c&amp;#039;est pentu, mais qu&amp;#039;est-ce que c&amp;#039;est gratifiant, surtout quand c&amp;#039;est franchi sans poser ni pieds, ni mains. (si,si \u00e7a se fait, j&amp;#039;ai les noms)\" data-caption-desc=\"C&amp;#039;est \u00e9troit, c&amp;#039;est pi\u00e9geux, c&amp;#039;est pentu, mais qu&amp;#039;est-ce que c&amp;#039;est gratifiant, surtout quand c&amp;#039;est franchi sans poser ni pieds, ni mains. (si,si \u00e7a se fait, j&amp;#039;ai les noms)\" data-attachment-id=\"12781\" data-type=\"image\" class=\"fg-thumb\"><span class=\"fg-image-wrap\"><img decoding=\"async\" alt=\"Bratsch_Jeizinen_019.jpg\" title=\"C&amp;#039;est \u00e9troit, c&amp;#039;est pi\u00e9geux, c&amp;#039;est pentu, mais qu&amp;#039;est-ce que c&amp;#039;est gratifiant, surtout quand c&amp;#039;est franchi sans poser ni pieds, ni mains. (si,si \u00e7a se fait, j&amp;#039;ai les noms)\" width=\"101\" height=\"57\" class=\"skip-lazy fg-image\" data-src-fg=\"https:\/\/alpavista.ch\/Alp11\/wp-content\/uploads\/cache\/Bratsch_Jeizinen_019\/289219354.jpg\" src=\"data:image\/svg+xml,%3Csvg%20xmlns%3D%22http%3A%2F%2Fwww.w3.org%2F2000%2Fsvg%22%20width%3D%22101%22%20height%3D%2257%22%20viewBox%3D%220%200%20101%2057%22%3E%3C%2Fsvg%3E\" loading=\"eager\"><\/span><span class=\"fg-image-overlay\"><\/span><\/a><figcaption class=\"fg-caption\"><div class=\"fg-caption-inner\"><div class=\"fg-caption-desc\">C&#039;est \u00e9troit, c&#039;est pi\u00e9geux, c&#039;est pentu, mais qu&#039;est-ce que c&#039;est gratifiant, surtout quand c&#039;est franchi sans poser ni pieds, ni mains. (si,si \u00e7a se fait, j&#039;ai les noms)<\/div><\/div><\/figcaption><\/figure><div class=\"fg-loader\"><\/div><\/div><div class=\"fg-item fg-type-image fg-idle\"><figure class=\"fg-item-inner\"><a href=\"https:\/\/alpavista.ch\/Alp11\/wp-content\/uploads\/Bratsch_Jeizinen_020.jpg\" data-caption-title=\"Tout single-track qui se respecte comporte forc\u00e9ment un tron\u00e7aon de portage, non ? Si, si !\" data-caption-desc=\"Tout single-track qui se respecte comporte forc\u00e9ment un tron\u00e7aon de portage, non ? Si, si !\" data-attachment-id=\"12780\" data-type=\"image\" class=\"fg-thumb\"><span class=\"fg-image-wrap\"><img decoding=\"async\" alt=\"Bratsch_Jeizinen_020.jpg\" title=\"Tout single-track qui se respecte comporte forc\u00e9ment un tron\u00e7aon de portage, non ? Si, si !\" width=\"101\" height=\"57\" class=\"skip-lazy fg-image\" data-src-fg=\"https:\/\/alpavista.ch\/Alp11\/wp-content\/uploads\/cache\/Bratsch_Jeizinen_020\/1707232304.jpg\" src=\"data:image\/svg+xml,%3Csvg%20xmlns%3D%22http%3A%2F%2Fwww.w3.org%2F2000%2Fsvg%22%20width%3D%22101%22%20height%3D%2257%22%20viewBox%3D%220%200%20101%2057%22%3E%3C%2Fsvg%3E\" loading=\"eager\"><\/span><span class=\"fg-image-overlay\"><\/span><\/a><figcaption class=\"fg-caption\"><div class=\"fg-caption-inner\"><div class=\"fg-caption-desc\">Tout single-track qui se respecte comporte forc\u00e9ment un tron\u00e7aon de portage, non ? Si, si !<\/div><\/div><\/figcaption><\/figure><div class=\"fg-loader\"><\/div><\/div><div class=\"fg-item fg-type-image fg-idle\"><figure class=\"fg-item-inner\"><a href=\"https:\/\/alpavista.ch\/Alp11\/wp-content\/uploads\/Bratsch_Jeizinen_021.jpg\" data-caption-title=\"Que peuvent bien se dire un descendant des Roitsch\u00e4gg\u00e4t\u00e4 du Loetschental et un quadrup\u00e8de \u00e0\u00a0 grandes oreilles originaire de Bartsch quand ils se rencontrent ? On ne le saura jamais car les voix de l&amp;#039;Oberwalliser Dialekt sont imp\u00e9n\u00e9trables aux communs des mortels.\" data-caption-desc=\"Que peuvent bien se dire un descendant des Roitsch\u00e4gg\u00e4t\u00e4 du Loetschental et un quadrup\u00e8de \u00e0\u00a0 grandes oreilles originaire de Bartsch quand ils se rencontrent ? On ne le saura jamais car les voix de l&amp;#039;Oberwalliser Dialekt sont imp\u00e9n\u00e9trables aux communs des mortels.\" data-attachment-id=\"12779\" data-type=\"image\" class=\"fg-thumb\"><span class=\"fg-image-wrap\"><img decoding=\"async\" alt=\"Bratsch_Jeizinen_021.jpg\" title=\"Que peuvent bien se dire un descendant des Roitsch\u00e4gg\u00e4t\u00e4 du Loetschental et un quadrup\u00e8de \u00e0\u00a0 grandes oreilles originaire de Bartsch quand ils se rencontrent ? On ne le saura jamais car les voix de l&amp;#039;Oberwalliser Dialekt sont imp\u00e9n\u00e9trables aux communs des mortels.\" width=\"101\" height=\"57\" class=\"skip-lazy fg-image\" data-src-fg=\"https:\/\/alpavista.ch\/Alp11\/wp-content\/uploads\/cache\/Bratsch_Jeizinen_021\/1571826978.jpg\" src=\"data:image\/svg+xml,%3Csvg%20xmlns%3D%22http%3A%2F%2Fwww.w3.org%2F2000%2Fsvg%22%20width%3D%22101%22%20height%3D%2257%22%20viewBox%3D%220%200%20101%2057%22%3E%3C%2Fsvg%3E\" loading=\"eager\"><\/span><span class=\"fg-image-overlay\"><\/span><\/a><figcaption class=\"fg-caption\"><div class=\"fg-caption-inner\"><div class=\"fg-caption-desc\">Que peuvent bien se dire un descendant des Roitsch\u00e4gg\u00e4t\u00e4 du Loetschental et un quadrup\u00e8de \u00e0\u00a0 grandes oreilles originaire de Bartsch quand ils se rencontrent ? On ne le saura jamais car les voix de l&#039;Oberwalliser Dialekt sont imp\u00e9n\u00e9trables aux communs des mortels.<\/div><\/div><\/figcaption><\/figure><div class=\"fg-loader\"><\/div><\/div><div class=\"fg-item fg-type-image fg-idle\"><figure class=\"fg-item-inner\"><a href=\"https:\/\/alpavista.ch\/Alp11\/wp-content\/uploads\/Bratsch_Jeizinen_022.jpg\" data-caption-title=\"Bratsch ! Ca fait un peu mal aux oreilles, mais \u00e7a ne manque ni de pittoresque, ni de charme.\" data-caption-desc=\"Bratsch ! Ca fait un peu mal aux oreilles, mais \u00e7a ne manque ni de pittoresque, ni de charme.\" data-attachment-id=\"12778\" data-type=\"image\" class=\"fg-thumb\"><span class=\"fg-image-wrap\"><img decoding=\"async\" alt=\"Bratsch_Jeizinen_022.jpg\" title=\"Bratsch ! Ca fait un peu mal aux oreilles, mais \u00e7a ne manque ni de pittoresque, ni de charme.\" width=\"101\" height=\"57\" class=\"skip-lazy fg-image\" data-src-fg=\"https:\/\/alpavista.ch\/Alp11\/wp-content\/uploads\/cache\/Bratsch_Jeizinen_022\/2164417029.jpg\" src=\"data:image\/svg+xml,%3Csvg%20xmlns%3D%22http%3A%2F%2Fwww.w3.org%2F2000%2Fsvg%22%20width%3D%22101%22%20height%3D%2257%22%20viewBox%3D%220%200%20101%2057%22%3E%3C%2Fsvg%3E\" loading=\"eager\"><\/span><span class=\"fg-image-overlay\"><\/span><\/a><figcaption class=\"fg-caption\"><div class=\"fg-caption-inner\"><div class=\"fg-caption-desc\">Bratsch ! Ca fait un peu mal aux oreilles, mais \u00e7a ne manque ni de pittoresque, ni de charme.<\/div><\/div><\/figcaption><\/figure><div class=\"fg-loader\"><\/div><\/div><div class=\"fg-item fg-type-image fg-idle\"><figure class=\"fg-item-inner\"><a href=\"https:\/\/alpavista.ch\/Alp11\/wp-content\/uploads\/Bratsch_Jeizinen_023.jpg\" data-caption-title=\"Le quartier des affaires.\" data-caption-desc=\"Le quartier des affaires.\" data-attachment-id=\"12777\" data-type=\"image\" class=\"fg-thumb\"><span class=\"fg-image-wrap\"><img decoding=\"async\" alt=\"Bratsch_Jeizinen_023.jpg\" title=\"Le quartier des affaires.\" width=\"101\" height=\"57\" class=\"skip-lazy fg-image\" data-src-fg=\"https:\/\/alpavista.ch\/Alp11\/wp-content\/uploads\/cache\/Bratsch_Jeizinen_023\/3558003301.jpg\" src=\"data:image\/svg+xml,%3Csvg%20xmlns%3D%22http%3A%2F%2Fwww.w3.org%2F2000%2Fsvg%22%20width%3D%22101%22%20height%3D%2257%22%20viewBox%3D%220%200%20101%2057%22%3E%3C%2Fsvg%3E\" loading=\"eager\"><\/span><span class=\"fg-image-overlay\"><\/span><\/a><figcaption class=\"fg-caption\"><div class=\"fg-caption-inner\"><div class=\"fg-caption-desc\">Le quartier des affaires.<\/div><\/div><\/figcaption><\/figure><div class=\"fg-loader\"><\/div><\/div><div class=\"fg-item fg-type-image fg-idle\"><figure class=\"fg-item-inner\"><a href=\"https:\/\/alpavista.ch\/Alp11\/wp-content\/uploads\/Bratsch_Jeizinen_024.jpg\" data-caption-title=\"Erschmatt : s\u00e9ance carte ou baillement, selon les pr\u00e9occupations.\" data-caption-desc=\"Erschmatt : s\u00e9ance carte ou baillement, selon les pr\u00e9occupations.\" data-attachment-id=\"12776\" data-type=\"image\" class=\"fg-thumb\"><span class=\"fg-image-wrap\"><img decoding=\"async\" alt=\"Bratsch_Jeizinen_024.jpg\" title=\"Erschmatt : s\u00e9ance carte ou baillement, selon les pr\u00e9occupations.\" width=\"101\" height=\"57\" class=\"skip-lazy fg-image\" data-src-fg=\"https:\/\/alpavista.ch\/Alp11\/wp-content\/uploads\/cache\/Bratsch_Jeizinen_024\/2364183480.jpg\" src=\"data:image\/svg+xml,%3Csvg%20xmlns%3D%22http%3A%2F%2Fwww.w3.org%2F2000%2Fsvg%22%20width%3D%22101%22%20height%3D%2257%22%20viewBox%3D%220%200%20101%2057%22%3E%3C%2Fsvg%3E\" loading=\"eager\"><\/span><span class=\"fg-image-overlay\"><\/span><\/a><figcaption class=\"fg-caption\"><div class=\"fg-caption-inner\"><div class=\"fg-caption-desc\">Erschmatt : s\u00e9ance carte ou baillement, selon les pr\u00e9occupations.<\/div><\/div><\/figcaption><\/figure><div class=\"fg-loader\"><\/div><\/div><div class=\"fg-item fg-type-image fg-idle\"><figure class=\"fg-item-inner\"><a href=\"https:\/\/alpavista.ch\/Alp11\/wp-content\/uploads\/Bratsch_Jeizinen_025.jpg\" data-caption-title=\"Engersch Freeway, next stage, down, down et encore down.\" data-caption-desc=\"Engersch Freeway, next stage, down, down et encore down.\" data-attachment-id=\"12775\" data-type=\"image\" class=\"fg-thumb\"><span class=\"fg-image-wrap\"><img decoding=\"async\" alt=\"Bratsch_Jeizinen_025.jpg\" title=\"Engersch Freeway, next stage, down, down et encore down.\" width=\"101\" height=\"57\" class=\"skip-lazy fg-image\" data-src-fg=\"https:\/\/alpavista.ch\/Alp11\/wp-content\/uploads\/cache\/Bratsch_Jeizinen_025\/3053931114.jpg\" src=\"data:image\/svg+xml,%3Csvg%20xmlns%3D%22http%3A%2F%2Fwww.w3.org%2F2000%2Fsvg%22%20width%3D%22101%22%20height%3D%2257%22%20viewBox%3D%220%200%20101%2057%22%3E%3C%2Fsvg%3E\" loading=\"eager\"><\/span><span class=\"fg-image-overlay\"><\/span><\/a><figcaption class=\"fg-caption\"><div class=\"fg-caption-inner\"><div class=\"fg-caption-desc\">Engersch Freeway, next stage, down, down et encore down.<\/div><\/div><\/figcaption><\/figure><div class=\"fg-loader\"><\/div><\/div><div class=\"fg-item fg-type-image fg-idle\"><figure class=\"fg-item-inner\"><a href=\"https:\/\/alpavista.ch\/Alp11\/wp-content\/uploads\/Bratsch_Jeizinen_026.jpg\" data-caption-title=\"Finalement, le sourire c&amp;#039;est aussi un peu rattach\u00e9 au sens de la pente selon laquelle le VTT est pratiqu\u00e9.\" data-caption-desc=\"Finalement, le sourire c&amp;#039;est aussi un peu rattach\u00e9 au sens de la pente selon laquelle le VTT est pratiqu\u00e9.\" data-attachment-id=\"12774\" data-type=\"image\" class=\"fg-thumb\"><span class=\"fg-image-wrap\"><img decoding=\"async\" alt=\"Bratsch_Jeizinen_026.jpg\" title=\"Finalement, le sourire c&amp;#039;est aussi un peu rattach\u00e9 au sens de la pente selon laquelle le VTT est pratiqu\u00e9.\" width=\"101\" height=\"57\" class=\"skip-lazy fg-image\" data-src-fg=\"https:\/\/alpavista.ch\/Alp11\/wp-content\/uploads\/cache\/Bratsch_Jeizinen_026\/1790248269.jpg\" src=\"data:image\/svg+xml,%3Csvg%20xmlns%3D%22http%3A%2F%2Fwww.w3.org%2F2000%2Fsvg%22%20width%3D%22101%22%20height%3D%2257%22%20viewBox%3D%220%200%20101%2057%22%3E%3C%2Fsvg%3E\" loading=\"eager\"><\/span><span class=\"fg-image-overlay\"><\/span><\/a><figcaption class=\"fg-caption\"><div class=\"fg-caption-inner\"><div class=\"fg-caption-desc\">Finalement, le sourire c&#039;est aussi un peu rattach\u00e9 au sens de la pente selon laquelle le VTT est pratiqu\u00e9.<\/div><\/div><\/figcaption><\/figure><div class=\"fg-loader\"><\/div><\/div><div class=\"fg-item fg-type-image fg-idle\"><figure class=\"fg-item-inner\"><a href=\"https:\/\/alpavista.ch\/Alp11\/wp-content\/uploads\/Bratsch_Jeizinen_027.jpg\" data-caption-title=\"Application, concentration et retenue, ou quand les exp\u00e9riences malheureuses de d\u00e9but de rando sont mises \u00e0\u00a0 profit.\" data-caption-desc=\"Application, concentration et retenue, ou quand les exp\u00e9riences malheureuses de d\u00e9but de rando sont mises \u00e0\u00a0 profit.\" data-attachment-id=\"12773\" data-type=\"image\" class=\"fg-thumb\"><span class=\"fg-image-wrap\"><img decoding=\"async\" alt=\"Bratsch_Jeizinen_027.jpg\" title=\"Application, concentration et retenue, ou quand les exp\u00e9riences malheureuses de d\u00e9but de rando sont mises \u00e0\u00a0 profit.\" width=\"101\" height=\"57\" class=\"skip-lazy fg-image\" data-src-fg=\"https:\/\/alpavista.ch\/Alp11\/wp-content\/uploads\/cache\/Bratsch_Jeizinen_027\/3286038990.jpg\" src=\"data:image\/svg+xml,%3Csvg%20xmlns%3D%22http%3A%2F%2Fwww.w3.org%2F2000%2Fsvg%22%20width%3D%22101%22%20height%3D%2257%22%20viewBox%3D%220%200%20101%2057%22%3E%3C%2Fsvg%3E\" loading=\"eager\"><\/span><span class=\"fg-image-overlay\"><\/span><\/a><figcaption class=\"fg-caption\"><div class=\"fg-caption-inner\"><div class=\"fg-caption-desc\">Application, concentration et retenue, ou quand les exp\u00e9riences malheureuses de d\u00e9but de rando sont mises \u00e0\u00a0 profit.<\/div><\/div><\/figcaption><\/figure><div class=\"fg-loader\"><\/div><\/div><div class=\"fg-item fg-type-image fg-idle\"><figure class=\"fg-item-inner\"><a href=\"https:\/\/alpavista.ch\/Alp11\/wp-content\/uploads\/Bratsch_Jeizinen_028.jpg\" data-caption-title=\"Banza\u00ef ! Euh, non, je r\u00e9p\u00e8te, les exp\u00e9riences malheureuses de d\u00e9but de rando sont mises \u00e0\u00a0 profit.\" data-caption-desc=\"Banza\u00ef ! Euh, non, je r\u00e9p\u00e8te, les exp\u00e9riences malheureuses de d\u00e9but de rando sont mises \u00e0\u00a0 profit.\" data-attachment-id=\"12772\" data-type=\"image\" class=\"fg-thumb\"><span class=\"fg-image-wrap\"><img decoding=\"async\" alt=\"Bratsch_Jeizinen_028.jpg\" title=\"Banza\u00ef ! Euh, non, je r\u00e9p\u00e8te, les exp\u00e9riences malheureuses de d\u00e9but de rando sont mises \u00e0\u00a0 profit.\" width=\"101\" height=\"57\" class=\"skip-lazy fg-image\" data-src-fg=\"https:\/\/alpavista.ch\/Alp11\/wp-content\/uploads\/cache\/Bratsch_Jeizinen_028\/1220649894.jpg\" src=\"data:image\/svg+xml,%3Csvg%20xmlns%3D%22http%3A%2F%2Fwww.w3.org%2F2000%2Fsvg%22%20width%3D%22101%22%20height%3D%2257%22%20viewBox%3D%220%200%20101%2057%22%3E%3C%2Fsvg%3E\" loading=\"eager\"><\/span><span class=\"fg-image-overlay\"><\/span><\/a><figcaption class=\"fg-caption\"><div class=\"fg-caption-inner\"><div class=\"fg-caption-desc\">Banza\u00ef ! Euh, non, je r\u00e9p\u00e8te, les exp\u00e9riences malheureuses de d\u00e9but de rando sont mises \u00e0\u00a0 profit.<\/div><\/div><\/figcaption><\/figure><div class=\"fg-loader\"><\/div><\/div><div class=\"fg-item fg-type-image fg-idle\"><figure class=\"fg-item-inner\"><a href=\"https:\/\/alpavista.ch\/Alp11\/wp-content\/uploads\/Bratsch_Jeizinen_029.jpg\" data-caption-title=\"Biker en herbe(s) ! Vu sous cet angle, \u00e7a n&amp;#039;est pas forc\u00e9ment p\u00e9joratif de l&amp;#039;affirmer.\" data-caption-desc=\"Biker en herbe(s) ! Vu sous cet angle, \u00e7a n&amp;#039;est pas forc\u00e9ment p\u00e9joratif de l&amp;#039;affirmer.\" data-attachment-id=\"12771\" data-type=\"image\" class=\"fg-thumb\"><span class=\"fg-image-wrap\"><img decoding=\"async\" alt=\"Bratsch_Jeizinen_029.jpg\" title=\"Biker en herbe(s) ! Vu sous cet angle, \u00e7a n&amp;#039;est pas forc\u00e9ment p\u00e9joratif de l&amp;#039;affirmer.\" width=\"101\" height=\"57\" class=\"skip-lazy fg-image\" data-src-fg=\"https:\/\/alpavista.ch\/Alp11\/wp-content\/uploads\/cache\/Bratsch_Jeizinen_029\/1915517556.jpg\" src=\"data:image\/svg+xml,%3Csvg%20xmlns%3D%22http%3A%2F%2Fwww.w3.org%2F2000%2Fsvg%22%20width%3D%22101%22%20height%3D%2257%22%20viewBox%3D%220%200%20101%2057%22%3E%3C%2Fsvg%3E\" loading=\"eager\"><\/span><span class=\"fg-image-overlay\"><\/span><\/a><figcaption class=\"fg-caption\"><div class=\"fg-caption-inner\"><div class=\"fg-caption-desc\">Biker en herbe(s) ! Vu sous cet angle, \u00e7a n&#039;est pas forc\u00e9ment p\u00e9joratif de l&#039;affirmer.<\/div><\/div><\/figcaption><\/figure><div class=\"fg-loader\"><\/div><\/div><div class=\"fg-item fg-type-image fg-idle\"><figure class=\"fg-item-inner\"><a href=\"https:\/\/alpavista.ch\/Alp11\/wp-content\/uploads\/Bratsch_Jeizinen_030.jpg\" data-caption-title=\"Le single-track avec un grand C, comme Chemin : Rotafen Hohe Bruecke - Baljen.\" data-caption-desc=\"Le single-track avec un grand C, comme Chemin : Rotafen Hohe Bruecke - Baljen.\" data-attachment-id=\"12770\" data-type=\"image\" class=\"fg-thumb\"><span class=\"fg-image-wrap\"><img decoding=\"async\" alt=\"Bratsch_Jeizinen_030.jpg\" title=\"Le single-track avec un grand C, comme Chemin : Rotafen Hohe Bruecke - Baljen.\" width=\"101\" height=\"57\" class=\"skip-lazy fg-image\" data-src-fg=\"https:\/\/alpavista.ch\/Alp11\/wp-content\/uploads\/cache\/Bratsch_Jeizinen_030\/673529304.jpg\" src=\"data:image\/svg+xml,%3Csvg%20xmlns%3D%22http%3A%2F%2Fwww.w3.org%2F2000%2Fsvg%22%20width%3D%22101%22%20height%3D%2257%22%20viewBox%3D%220%200%20101%2057%22%3E%3C%2Fsvg%3E\" loading=\"eager\"><\/span><span class=\"fg-image-overlay\"><\/span><\/a><figcaption class=\"fg-caption\"><div class=\"fg-caption-inner\"><div class=\"fg-caption-desc\">Le single-track avec un grand C, comme Chemin : Rotafen Hohe Bruecke - Baljen.<\/div><\/div><\/figcaption><\/figure><div class=\"fg-loader\"><\/div><\/div><div class=\"fg-item fg-type-image fg-idle\"><figure class=\"fg-item-inner\"><a href=\"https:\/\/alpavista.ch\/Alp11\/wp-content\/uploads\/Bratsch_Jeizinen_031.jpg\" data-caption-title=\"Ah oui ! J&amp;#039;ai oubli\u00e9 de pr\u00e9ciser : \u00e7a secoue un peu...\" data-caption-desc=\"Ah oui ! J&amp;#039;ai oubli\u00e9 de pr\u00e9ciser : \u00e7a secoue un peu...\" data-attachment-id=\"12769\" data-type=\"image\" class=\"fg-thumb\"><span class=\"fg-image-wrap\"><img decoding=\"async\" alt=\"Bratsch_Jeizinen_031.jpg\" title=\"Ah oui ! J&amp;#039;ai oubli\u00e9 de pr\u00e9ciser : \u00e7a secoue un peu...\" width=\"101\" height=\"57\" class=\"skip-lazy fg-image\" data-src-fg=\"https:\/\/alpavista.ch\/Alp11\/wp-content\/uploads\/cache\/Bratsch_Jeizinen_031\/3599762048.jpg\" src=\"data:image\/svg+xml,%3Csvg%20xmlns%3D%22http%3A%2F%2Fwww.w3.org%2F2000%2Fsvg%22%20width%3D%22101%22%20height%3D%2257%22%20viewBox%3D%220%200%20101%2057%22%3E%3C%2Fsvg%3E\" loading=\"eager\"><\/span><span class=\"fg-image-overlay\"><\/span><\/a><figcaption class=\"fg-caption\"><div class=\"fg-caption-inner\"><div class=\"fg-caption-desc\">Ah oui ! J&#039;ai oubli\u00e9 de pr\u00e9ciser : \u00e7a secoue un peu...<\/div><\/div><\/figcaption><\/figure><div class=\"fg-loader\"><\/div><\/div><div class=\"fg-item fg-type-image fg-idle\"><figure class=\"fg-item-inner\"><a href=\"https:\/\/alpavista.ch\/Alp11\/wp-content\/uploads\/Bratsch_Jeizinen_032.jpg\" data-caption-title=\"Ca glisse pas mal ...\" data-caption-desc=\"Ca glisse pas mal ...\" data-attachment-id=\"12768\" data-type=\"image\" class=\"fg-thumb\"><span class=\"fg-image-wrap\"><img decoding=\"async\" alt=\"Bratsch_Jeizinen_032.jpg\" title=\"Ca glisse pas mal ...\" width=\"101\" height=\"57\" class=\"skip-lazy fg-image\" data-src-fg=\"https:\/\/alpavista.ch\/Alp11\/wp-content\/uploads\/cache\/Bratsch_Jeizinen_032\/170020263.jpg\" src=\"data:image\/svg+xml,%3Csvg%20xmlns%3D%22http%3A%2F%2Fwww.w3.org%2F2000%2Fsvg%22%20width%3D%22101%22%20height%3D%2257%22%20viewBox%3D%220%200%20101%2057%22%3E%3C%2Fsvg%3E\" loading=\"eager\"><\/span><span class=\"fg-image-overlay\"><\/span><\/a><figcaption class=\"fg-caption\"><div class=\"fg-caption-inner\"><div class=\"fg-caption-desc\">Ca glisse pas mal ...<\/div><\/div><\/figcaption><\/figure><div class=\"fg-loader\"><\/div><\/div><div class=\"fg-item fg-type-image fg-idle\"><figure class=\"fg-item-inner\"><a href=\"https:\/\/alpavista.ch\/Alp11\/wp-content\/uploads\/Bratsch_Jeizinen_033.jpg\" data-caption-title=\"Ca tournicote beaucoup ...\" data-caption-desc=\"Ca tournicote beaucoup ...\" data-attachment-id=\"12767\" data-type=\"image\" class=\"fg-thumb\"><span class=\"fg-image-wrap\"><img decoding=\"async\" alt=\"Bratsch_Jeizinen_033.jpg\" title=\"Ca tournicote beaucoup ...\" width=\"101\" height=\"57\" class=\"skip-lazy fg-image\" data-src-fg=\"https:\/\/alpavista.ch\/Alp11\/wp-content\/uploads\/cache\/Bratsch_Jeizinen_033\/1597177287.jpg\" src=\"data:image\/svg+xml,%3Csvg%20xmlns%3D%22http%3A%2F%2Fwww.w3.org%2F2000%2Fsvg%22%20width%3D%22101%22%20height%3D%2257%22%20viewBox%3D%220%200%20101%2057%22%3E%3C%2Fsvg%3E\" loading=\"eager\"><\/span><span class=\"fg-image-overlay\"><\/span><\/a><figcaption class=\"fg-caption\"><div class=\"fg-caption-inner\"><div class=\"fg-caption-desc\">Ca tournicote beaucoup ...<\/div><\/div><\/figcaption><\/figure><div class=\"fg-loader\"><\/div><\/div><div class=\"fg-item fg-type-image fg-idle\"><figure class=\"fg-item-inner\"><a href=\"https:\/\/alpavista.ch\/Alp11\/wp-content\/uploads\/Bratsch_Jeizinen_034.jpg\" data-caption-title=\"Ca d\u00e9roule parfois \u00e0\u00a0 la folie ...\" data-caption-desc=\"Ca d\u00e9roule parfois \u00e0\u00a0 la folie ...\" data-attachment-id=\"12766\" data-type=\"image\" class=\"fg-thumb\"><span class=\"fg-image-wrap\"><img decoding=\"async\" alt=\"Bratsch_Jeizinen_034.jpg\" title=\"Ca d\u00e9roule parfois \u00e0\u00a0 la folie ...\" width=\"101\" height=\"57\" class=\"skip-lazy fg-image\" data-src-fg=\"https:\/\/alpavista.ch\/Alp11\/wp-content\/uploads\/cache\/Bratsch_Jeizinen_034\/130726938.jpg\" src=\"data:image\/svg+xml,%3Csvg%20xmlns%3D%22http%3A%2F%2Fwww.w3.org%2F2000%2Fsvg%22%20width%3D%22101%22%20height%3D%2257%22%20viewBox%3D%220%200%20101%2057%22%3E%3C%2Fsvg%3E\" loading=\"eager\"><\/span><span class=\"fg-image-overlay\"><\/span><\/a><figcaption class=\"fg-caption\"><div class=\"fg-caption-inner\"><div class=\"fg-caption-desc\">Ca d\u00e9roule parfois \u00e0\u00a0 la folie ...<\/div><\/div><\/figcaption><\/figure><div class=\"fg-loader\"><\/div><\/div><div class=\"fg-item fg-type-image fg-idle\"><figure class=\"fg-item-inner\"><a href=\"https:\/\/alpavista.ch\/Alp11\/wp-content\/uploads\/Bratsch_Jeizinen_035.jpg\" data-caption-title=\"Que du bonheur ? Pas du tout !\" data-caption-desc=\"Que du bonheur ? Pas du tout !\" data-attachment-id=\"12765\" data-type=\"image\" class=\"fg-thumb\"><span class=\"fg-image-wrap\"><img decoding=\"async\" alt=\"Bratsch_Jeizinen_035.jpg\" title=\"Que du bonheur ? Pas du tout !\" width=\"101\" height=\"57\" class=\"skip-lazy fg-image\" data-src-fg=\"https:\/\/alpavista.ch\/Alp11\/wp-content\/uploads\/cache\/Bratsch_Jeizinen_035\/1025992136.jpg\" src=\"data:image\/svg+xml,%3Csvg%20xmlns%3D%22http%3A%2F%2Fwww.w3.org%2F2000%2Fsvg%22%20width%3D%22101%22%20height%3D%2257%22%20viewBox%3D%220%200%20101%2057%22%3E%3C%2Fsvg%3E\" loading=\"eager\"><\/span><span class=\"fg-image-overlay\"><\/span><\/a><figcaption class=\"fg-caption\"><div class=\"fg-caption-inner\"><div class=\"fg-caption-desc\">Que du bonheur ? Pas du tout !<\/div><\/div><\/figcaption><\/figure><div class=\"fg-loader\"><\/div><\/div><div class=\"fg-item fg-type-image fg-idle\"><figure class=\"fg-item-inner\"><a href=\"https:\/\/alpavista.ch\/Alp11\/wp-content\/uploads\/Bratsch_Jeizinen_036.jpg\" data-caption-title=\"Pas mal de technique aussi, de la conviction et de l&amp;#039;estomac en sus.\" data-caption-desc=\"Pas mal de technique aussi, de la conviction et de l&amp;#039;estomac en sus.\" data-attachment-id=\"12764\" data-type=\"image\" class=\"fg-thumb\"><span class=\"fg-image-wrap\"><img decoding=\"async\" alt=\"Bratsch_Jeizinen_036.jpg\" title=\"Pas mal de technique aussi, de la conviction et de l&amp;#039;estomac en sus.\" width=\"101\" height=\"57\" class=\"skip-lazy fg-image\" data-src-fg=\"https:\/\/alpavista.ch\/Alp11\/wp-content\/uploads\/cache\/Bratsch_Jeizinen_036\/3784649455.jpg\" src=\"data:image\/svg+xml,%3Csvg%20xmlns%3D%22http%3A%2F%2Fwww.w3.org%2F2000%2Fsvg%22%20width%3D%22101%22%20height%3D%2257%22%20viewBox%3D%220%200%20101%2057%22%3E%3C%2Fsvg%3E\" loading=\"eager\"><\/span><span class=\"fg-image-overlay\"><\/span><\/a><figcaption class=\"fg-caption\"><div class=\"fg-caption-inner\"><div class=\"fg-caption-desc\">Pas mal de technique aussi, de la conviction et de l&#039;estomac en sus.<\/div><\/div><\/figcaption><\/figure><div class=\"fg-loader\"><\/div><\/div><div class=\"fg-item fg-type-image fg-idle\"><figure class=\"fg-item-inner\"><a href=\"https:\/\/alpavista.ch\/Alp11\/wp-content\/uploads\/Bratsch_Jeizinen_037.jpg\" data-caption-title=\"Certains bikers ont tendance \u00e0\u00a0 confondre estomac et inconscience. Evidemment pas sieur Christian, mais certains bikers.\" data-caption-desc=\"Certains bikers ont tendance \u00e0\u00a0 confondre estomac et inconscience. Evidemment pas sieur Christian, mais certains bikers.\" data-attachment-id=\"12763\" data-type=\"image\" class=\"fg-thumb\"><span class=\"fg-image-wrap\"><img decoding=\"async\" alt=\"Bratsch_Jeizinen_037.jpg\" title=\"Certains bikers ont tendance \u00e0\u00a0 confondre estomac et inconscience. Evidemment pas sieur Christian, mais certains bikers.\" width=\"101\" height=\"57\" class=\"skip-lazy fg-image\" data-src-fg=\"https:\/\/alpavista.ch\/Alp11\/wp-content\/uploads\/cache\/Bratsch_Jeizinen_037\/1224529516.jpg\" src=\"data:image\/svg+xml,%3Csvg%20xmlns%3D%22http%3A%2F%2Fwww.w3.org%2F2000%2Fsvg%22%20width%3D%22101%22%20height%3D%2257%22%20viewBox%3D%220%200%20101%2057%22%3E%3C%2Fsvg%3E\" loading=\"eager\"><\/span><span class=\"fg-image-overlay\"><\/span><\/a><figcaption class=\"fg-caption\"><div class=\"fg-caption-inner\"><div class=\"fg-caption-desc\">Certains bikers ont tendance \u00e0\u00a0 confondre estomac et inconscience. Evidemment pas sieur Christian, mais certains bikers.<\/div><\/div><\/figcaption><\/figure><div class=\"fg-loader\"><\/div><\/div><div class=\"fg-item fg-type-image fg-idle\"><figure class=\"fg-item-inner\"><a href=\"https:\/\/alpavista.ch\/Alp11\/wp-content\/uploads\/Bratsch_Jeizinen_038.jpg\" data-caption-title=\"Les derniers m\u00e9andres du divin chemin. Amen !\" data-caption-desc=\"Les derniers m\u00e9andres du divin chemin. Amen !\" data-attachment-id=\"12762\" data-type=\"image\" class=\"fg-thumb\"><span class=\"fg-image-wrap\"><img decoding=\"async\" alt=\"Bratsch_Jeizinen_038.jpg\" title=\"Les derniers m\u00e9andres du divin chemin. Amen !\" width=\"101\" height=\"57\" class=\"skip-lazy fg-image\" data-src-fg=\"https:\/\/alpavista.ch\/Alp11\/wp-content\/uploads\/cache\/Bratsch_Jeizinen_038\/3286338564.jpg\" src=\"data:image\/svg+xml,%3Csvg%20xmlns%3D%22http%3A%2F%2Fwww.w3.org%2F2000%2Fsvg%22%20width%3D%22101%22%20height%3D%2257%22%20viewBox%3D%220%200%20101%2057%22%3E%3C%2Fsvg%3E\" loading=\"eager\"><\/span><span class=\"fg-image-overlay\"><\/span><\/a><figcaption class=\"fg-caption\"><div class=\"fg-caption-inner\"><div class=\"fg-caption-desc\">Les derniers m\u00e9andres du divin chemin. Amen !<\/div><\/div><\/figcaption><\/figure><div class=\"fg-loader\"><\/div><\/div><\/div>\n<\/p>\n<input class=\"fooboxshare_post_id\" type=\"hidden\" value=\"204\"\/>","protected":false},"excerpt":{"rendered":"<p>Lanc\u00e9 comme \u00e7a, hors contexte, \u00e7a fait un peu penser \u00e0 une onomatop\u00e9e de BD, dont le h\u00e9ros serait en train de \u00ab boter \u00bb* son mauvais alcool dans l&rsquo;arri\u00e8re-cour d&rsquo;un troquet sombre et douteux. Remis dans son contexte, Bratsch, c\u2019est le nom d\u2019un village que nombre de GPS biologiques ** ne contiennent g\u00e9n\u00e9ralement pas dans leur base. &#8211; En rajoutant Erschmatt et Engersch, votre GPS commence-t-il \u00e0 retrouver ses satellites ? &#8211; Toujours pas ! &#8211; Bon, allons-y, l\u00e2chons [&hellip;]<\/p>\n","protected":false},"author":2,"featured_media":8465,"comment_status":"open","ping_status":"open","sticky":false,"template":"","format":"standard","meta":{"footnotes":""},"categories":[658,4],"tags":[1220,1224,1222,1097,1345,1092,1094,1130,1347,1217,1223,1093,1153],"class_list":["post-204","post","type-post","status-publish","format-standard","has-post-thumbnail","hentry","category-outdoor","category-vtt","tag-agarn","tag-faldumalp","tag-ferden","tag-gampel","tag-jeizinen","tag-loeche","tag-loetschental","tag-nantztal","tag-niwenalp","tag-oberems","tag-restialp","tag-restipass","tag-turtmann"],"_links":{"self":[{"href":"https:\/\/alpavista.ch\/Alp11\/wp-json\/wp\/v2\/posts\/204","targetHints":{"allow":["GET"]}}],"collection":[{"href":"https:\/\/alpavista.ch\/Alp11\/wp-json\/wp\/v2\/posts"}],"about":[{"href":"https:\/\/alpavista.ch\/Alp11\/wp-json\/wp\/v2\/types\/post"}],"author":[{"embeddable":true,"href":"https:\/\/alpavista.ch\/Alp11\/wp-json\/wp\/v2\/users\/2"}],"replies":[{"embeddable":true,"href":"https:\/\/alpavista.ch\/Alp11\/wp-json\/wp\/v2\/comments?post=204"}],"version-history":[{"count":0,"href":"https:\/\/alpavista.ch\/Alp11\/wp-json\/wp\/v2\/posts\/204\/revisions"}],"wp:featuredmedia":[{"embeddable":true,"href":"https:\/\/alpavista.ch\/Alp11\/wp-json\/wp\/v2\/media\/8465"}],"wp:attachment":[{"href":"https:\/\/alpavista.ch\/Alp11\/wp-json\/wp\/v2\/media?parent=204"}],"wp:term":[{"taxonomy":"category","embeddable":true,"href":"https:\/\/alpavista.ch\/Alp11\/wp-json\/wp\/v2\/categories?post=204"},{"taxonomy":"post_tag","embeddable":true,"href":"https:\/\/alpavista.ch\/Alp11\/wp-json\/wp\/v2\/tags?post=204"}],"curies":[{"name":"wp","href":"https:\/\/api.w.org\/{rel}","templated":true}]}}