{"id":38986,"date":"2023-10-22T17:11:31","date_gmt":"2023-10-22T15:11:31","guid":{"rendered":"https:\/\/alpavista.ch\/Alp11\/?p=38986"},"modified":"2023-10-23T14:09:54","modified_gmt":"2023-10-23T12:09:54","slug":"home-sweet-home","status":"publish","type":"post","link":"https:\/\/alpavista.ch\/Alp11\/2023\/10\/22\/home-sweet-home\/","title":{"rendered":"Home Sweet Home"},"content":{"rendered":"<p>Enfin \u00ab <strong>Sweet<\/strong> \u00bb n\u2019est peut-\u00eatre pas le qualificatif appropri\u00e9.<br \/>\n\u00ab <strong>Home, Cold Home<\/strong> \u00bb ou \u00ab <strong>Home, Wet Home<\/strong> \u00bb seraient clairement mieux adapt\u00e9s \u00e0 la nouvelle donne. Parce que depuis notre incroyable semaine valdotaine, la m\u00e9t\u00e9o a revu sa copie. Et, fin octobre, les r\u00e9visions m\u00e9t\u00e9orologiques g\u00e9n\u00e8rent souvent d&rsquo;importantes amplitudes thermiques. De notre \u00ab \u00e9t\u00e9 indien \u00bb valdotain \u00e0 notre sortie dominicale, locale et pr\u00e9 hivernale, il n\u2019y a qu\u2019une petite semaine, mais aussi, 20\u00b0 \u00e9vapor\u00e9s, de l\u2019humidit\u00e9 retrouv\u00e9e et m\u00eame quelques premiers flocons (d\u00e9j\u00e0) crach\u00e9s. Pas de quoi nous emp\u00eacher de rouler, mais assez pour nous forcer \u00e0 revoir des tenues vestimentaires inadapt\u00e9es \u00e0 une saison enfin de saison.<br \/>\n<!--more--><\/p>\n<p>M\u00eame si, d\u00e9sormais, nos sorties VTT sont compt\u00e9es, une seule devise \u00ab <strong>Carpe Diem<\/strong> \u00bb !<br \/>\nEt une Chaux, une ! Ou plut\u00f4t une (pas tr\u00e8s) Chaux, une !<\/p>\n<style type=\"text\/css\">\n#foogallery-gallery-38985 .fg-image { width: 101px; }\n#foogallery-gallery-38985 { --fg-gutter: 1px; }<\/style>\n\t\t\t<div class=\"foogallery foogallery-container foogallery-default foogallery-lightbox-none fg-left fg-default fg-ready fg-light fg-loading-default fg-loaded-fade-in fg-preset fg-selena fg-preset-small fg-preset fg-selena fg-preset-small\" id=\"foogallery-gallery-38985\" data-foogallery=\"{&quot;item&quot;:{&quot;showCaptionTitle&quot;:false,&quot;showCaptionDescription&quot;:true},&quot;lazy&quot;:true,&quot;state&quot;:{&quot;enabled&quot;:true,&quot;mask&quot;:&quot;foogallery-{id}&quot;}}\" style=\"--fg-title-line-clamp: 0; --fg-description-line-clamp: 0;\" >\n\t<div class=\"fg-item fg-type-image fg-idle\"><figure class=\"fg-item-inner\"><a href=\"https:\/\/alpavista.ch\/Alp11\/wp-content\/uploads\/Chaux_23_001.png\" data-caption-title=\"Passer du Cervin et du Mont-Blanc \u00e0 \u00ab notre \u00bb belle Ruinette, c&#039;est aussi retrouver nos p\u00e9nates, et surtout nos chemins.\" data-caption-desc=\"Passer du Cervin et du Mont-Blanc \u00e0 \u00ab notre \u00bb belle Ruinette, c&#039;est aussi retrouver nos p\u00e9nates, et surtout nos chemins.\" data-attachment-id=\"38957\" data-type=\"image\" class=\"fg-thumb\"><span class=\"fg-image-wrap\"><img decoding=\"async\" title=\"Passer du Cervin et du Mont-Blanc \u00e0 \u00ab notre \u00bb belle Ruinette, c&#039;est aussi retrouver nos p\u00e9nates, et surtout nos chemins.\" width=\"101\" height=\"57\" class=\"skip-lazy fg-image\" data-src-fg=\"https:\/\/alpavista.ch\/Alp11\/wp-content\/uploads\/cache\/Chaux_23_001\/3856410788.png\" src=\"data:image\/svg+xml,%3Csvg%20xmlns%3D%22http%3A%2F%2Fwww.w3.org%2F2000%2Fsvg%22%20width%3D%22101%22%20height%3D%2257%22%20viewBox%3D%220%200%20101%2057%22%3E%3C%2Fsvg%3E\" loading=\"eager\"><\/span><span class=\"fg-image-overlay\"><\/span><\/a><figcaption class=\"fg-caption\"><div class=\"fg-caption-inner\"><div class=\"fg-caption-desc\">Passer du Cervin et du Mont-Blanc \u00e0 \u00ab notre \u00bb belle Ruinette, c'est aussi retrouver nos p\u00e9nates, et surtout nos chemins.<\/div><\/div><\/figcaption><\/figure><div class=\"fg-loader\"><\/div><\/div><div class=\"fg-item fg-type-image fg-idle\"><figure class=\"fg-item-inner\"><a href=\"https:\/\/alpavista.ch\/Alp11\/wp-content\/uploads\/Chaux_23_002.png\" data-caption-title=\"D&#039;ailleurs le Mont-Blanc, ou en tout cas son massif, ne sont jamais tr\u00e8s loin quand on s&#039;\u00e9l\u00e8ve sur ce bel adret.\" data-caption-desc=\"D&#039;ailleurs le Mont-Blanc, ou en tout cas son massif, ne sont jamais tr\u00e8s loin quand on s&#039;\u00e9l\u00e8ve sur ce bel adret.\" data-attachment-id=\"38958\" data-type=\"image\" class=\"fg-thumb\"><span class=\"fg-image-wrap\"><img decoding=\"async\" title=\"D&#039;ailleurs le Mont-Blanc, ou en tout cas son massif, ne sont jamais tr\u00e8s loin quand on s&#039;\u00e9l\u00e8ve sur ce bel adret.\" width=\"101\" height=\"57\" class=\"skip-lazy fg-image\" data-src-fg=\"https:\/\/alpavista.ch\/Alp11\/wp-content\/uploads\/cache\/Chaux_23_002\/852416543.png\" src=\"data:image\/svg+xml,%3Csvg%20xmlns%3D%22http%3A%2F%2Fwww.w3.org%2F2000%2Fsvg%22%20width%3D%22101%22%20height%3D%2257%22%20viewBox%3D%220%200%20101%2057%22%3E%3C%2Fsvg%3E\" loading=\"eager\"><\/span><span class=\"fg-image-overlay\"><\/span><\/a><figcaption class=\"fg-caption\"><div class=\"fg-caption-inner\"><div class=\"fg-caption-desc\">D'ailleurs le Mont-Blanc, ou en tout cas son massif, ne sont jamais tr\u00e8s loin quand on s'\u00e9l\u00e8ve sur ce bel adret.<\/div><\/div><\/figcaption><\/figure><div class=\"fg-loader\"><\/div><\/div><div class=\"fg-item fg-type-image fg-idle\"><figure class=\"fg-item-inner\"><a href=\"https:\/\/alpavista.ch\/Alp11\/wp-content\/uploads\/Chaux_23_003.png\" data-caption-title=\"D\u00e8s les 2&#039;000 m\u00e8tres atteints, on prend v\u00e9ritablement conscience du changement de saison. Aussi bien au niveau visuel, qu&#039;au niveau du ressenti.\" data-caption-desc=\"D\u00e8s les 2&#039;000 m\u00e8tres atteints, on prend v\u00e9ritablement conscience du changement de saison. Aussi bien au niveau visuel, qu&#039;au niveau du ressenti.\" data-attachment-id=\"38959\" data-type=\"image\" class=\"fg-thumb\"><span class=\"fg-image-wrap\"><img decoding=\"async\" title=\"D\u00e8s les 2&#039;000 m\u00e8tres atteints, on prend v\u00e9ritablement conscience du changement de saison. Aussi bien au niveau visuel, qu&#039;au niveau du ressenti.\" width=\"101\" height=\"57\" class=\"skip-lazy fg-image\" data-src-fg=\"https:\/\/alpavista.ch\/Alp11\/wp-content\/uploads\/cache\/Chaux_23_003\/3568984602.png\" src=\"data:image\/svg+xml,%3Csvg%20xmlns%3D%22http%3A%2F%2Fwww.w3.org%2F2000%2Fsvg%22%20width%3D%22101%22%20height%3D%2257%22%20viewBox%3D%220%200%20101%2057%22%3E%3C%2Fsvg%3E\" loading=\"eager\"><\/span><span class=\"fg-image-overlay\"><\/span><\/a><figcaption class=\"fg-caption\"><div class=\"fg-caption-inner\"><div class=\"fg-caption-desc\">D\u00e8s les 2'000 m\u00e8tres atteints, on prend v\u00e9ritablement conscience du changement de saison. Aussi bien au niveau visuel, qu'au niveau du ressenti.<\/div><\/div><\/figcaption><\/figure><div class=\"fg-loader\"><\/div><\/div><div class=\"fg-item fg-type-image fg-idle\"><figure class=\"fg-item-inner\"><a href=\"https:\/\/alpavista.ch\/Alp11\/wp-content\/uploads\/Chaux_23_004.png\" data-caption-title=\"Ciel (d\u00e9j\u00e0) voil\u00e9 sur nos \u00ab grands \u00bb voisins les Combins. La prochaine \u00ab crach\u00e9e \u00bb est d\u00e9j\u00e0 dans le \u00ab pipe-line \u00bb m\u00e9t\u00e9orologique ?\" data-caption-desc=\"Ciel (d\u00e9j\u00e0) voil\u00e9 sur nos \u00ab grands \u00bb voisins les Combins. La prochaine \u00ab crach\u00e9e \u00bb est d\u00e9j\u00e0 dans le \u00ab pipe-line \u00bb m\u00e9t\u00e9orologique ?\" data-attachment-id=\"38960\" data-type=\"image\" class=\"fg-thumb\"><span class=\"fg-image-wrap\"><img decoding=\"async\" title=\"Ciel (d\u00e9j\u00e0) voil\u00e9 sur nos \u00ab grands \u00bb voisins les Combins. La prochaine \u00ab crach\u00e9e \u00bb est d\u00e9j\u00e0 dans le \u00ab pipe-line \u00bb m\u00e9t\u00e9orologique ?\" width=\"101\" height=\"57\" class=\"skip-lazy fg-image\" data-src-fg=\"https:\/\/alpavista.ch\/Alp11\/wp-content\/uploads\/cache\/Chaux_23_004\/3510484891.png\" src=\"data:image\/svg+xml,%3Csvg%20xmlns%3D%22http%3A%2F%2Fwww.w3.org%2F2000%2Fsvg%22%20width%3D%22101%22%20height%3D%2257%22%20viewBox%3D%220%200%20101%2057%22%3E%3C%2Fsvg%3E\" loading=\"eager\"><\/span><span class=\"fg-image-overlay\"><\/span><\/a><figcaption class=\"fg-caption\"><div class=\"fg-caption-inner\"><div class=\"fg-caption-desc\">Ciel (d\u00e9j\u00e0) voil\u00e9 sur nos \u00ab grands \u00bb voisins les Combins. La prochaine \u00ab crach\u00e9e \u00bb est d\u00e9j\u00e0 dans le \u00ab pipe-line \u00bb m\u00e9t\u00e9orologique ?<\/div><\/div><\/figcaption><\/figure><div class=\"fg-loader\"><\/div><\/div><div class=\"fg-item fg-type-image fg-idle\"><figure class=\"fg-item-inner\"><a href=\"https:\/\/alpavista.ch\/Alp11\/wp-content\/uploads\/Chaux_23_005.png\" data-caption-title=\"Le z\u00e9ro degr\u00e9 \u00e0 2&#039;200 m\u00e8tres est confirm\u00e9 par le point de ros\u00e9e des petites nappes de brouillard qui s&#039;y forment.\" data-caption-desc=\"Le z\u00e9ro degr\u00e9 \u00e0 2&#039;200 m\u00e8tres est confirm\u00e9 par le point de ros\u00e9e des petites nappes de brouillard qui s&#039;y forment.\" data-attachment-id=\"38961\" data-type=\"image\" class=\"fg-thumb\"><span class=\"fg-image-wrap\"><img decoding=\"async\" title=\"Le z\u00e9ro degr\u00e9 \u00e0 2&#039;200 m\u00e8tres est confirm\u00e9 par le point de ros\u00e9e des petites nappes de brouillard qui s&#039;y forment.\" width=\"101\" height=\"57\" class=\"skip-lazy fg-image\" data-src-fg=\"https:\/\/alpavista.ch\/Alp11\/wp-content\/uploads\/cache\/Chaux_23_005\/927532446.png\" src=\"data:image\/svg+xml,%3Csvg%20xmlns%3D%22http%3A%2F%2Fwww.w3.org%2F2000%2Fsvg%22%20width%3D%22101%22%20height%3D%2257%22%20viewBox%3D%220%200%20101%2057%22%3E%3C%2Fsvg%3E\" loading=\"eager\"><\/span><span class=\"fg-image-overlay\"><\/span><\/a><figcaption class=\"fg-caption\"><div class=\"fg-caption-inner\"><div class=\"fg-caption-desc\">Le z\u00e9ro degr\u00e9 \u00e0 2'200 m\u00e8tres est confirm\u00e9 par le point de ros\u00e9e des petites nappes de brouillard qui s'y forment.<\/div><\/div><\/figcaption><\/figure><div class=\"fg-loader\"><\/div><\/div><div class=\"fg-item fg-type-image fg-idle\"><figure class=\"fg-item-inner\"><a href=\"https:\/\/alpavista.ch\/Alp11\/wp-content\/uploads\/Chaux_23_006.png\" data-caption-title=\"Le premier chemin du matin est forc\u00e9ment divin.\" data-caption-desc=\"Le premier chemin du matin est forc\u00e9ment divin.\" data-attachment-id=\"38962\" data-type=\"image\" class=\"fg-thumb\"><span class=\"fg-image-wrap\"><img decoding=\"async\" title=\"Le premier chemin du matin est forc\u00e9ment divin.\" width=\"101\" height=\"57\" class=\"skip-lazy fg-image\" data-src-fg=\"https:\/\/alpavista.ch\/Alp11\/wp-content\/uploads\/cache\/Chaux_23_006\/3332754896.png\" src=\"data:image\/svg+xml,%3Csvg%20xmlns%3D%22http%3A%2F%2Fwww.w3.org%2F2000%2Fsvg%22%20width%3D%22101%22%20height%3D%2257%22%20viewBox%3D%220%200%20101%2057%22%3E%3C%2Fsvg%3E\" loading=\"eager\"><\/span><span class=\"fg-image-overlay\"><\/span><\/a><figcaption class=\"fg-caption\"><div class=\"fg-caption-inner\"><div class=\"fg-caption-desc\">Le premier chemin du matin est forc\u00e9ment divin.<\/div><\/div><\/figcaption><\/figure><div class=\"fg-loader\"><\/div><\/div><div class=\"fg-item fg-type-image fg-idle\"><figure class=\"fg-item-inner\"><a href=\"https:\/\/alpavista.ch\/Alp11\/wp-content\/uploads\/Chaux_23_007.png\" data-caption-title=\"Divin, mais pas que. Un peu neigeux aussi.\" data-caption-desc=\"Divin, mais pas que. Un peu neigeux aussi.\" data-attachment-id=\"38963\" data-type=\"image\" class=\"fg-thumb\"><span class=\"fg-image-wrap\"><img decoding=\"async\" title=\"Divin, mais pas que. Un peu neigeux aussi.\" width=\"101\" height=\"57\" class=\"skip-lazy fg-image\" data-src-fg=\"https:\/\/alpavista.ch\/Alp11\/wp-content\/uploads\/cache\/Chaux_23_007\/550598613.png\" src=\"data:image\/svg+xml,%3Csvg%20xmlns%3D%22http%3A%2F%2Fwww.w3.org%2F2000%2Fsvg%22%20width%3D%22101%22%20height%3D%2257%22%20viewBox%3D%220%200%20101%2057%22%3E%3C%2Fsvg%3E\" loading=\"eager\"><\/span><span class=\"fg-image-overlay\"><\/span><\/a><figcaption class=\"fg-caption\"><div class=\"fg-caption-inner\"><div class=\"fg-caption-desc\">Divin, mais pas que. Un peu neigeux aussi.<\/div><\/div><\/figcaption><\/figure><div class=\"fg-loader\"><\/div><\/div><div class=\"fg-item fg-type-image fg-idle\"><figure class=\"fg-item-inner\"><a href=\"https:\/\/alpavista.ch\/Alp11\/wp-content\/uploads\/Chaux_23_008.png\" data-caption-title=\"Du \u00ab Ru \u00bb au \u00ab Bisse \u00bb il n&#039;y a qu&#039;une petite vingtaine de kilom\u00e8tres \u00e0 vol d&#039;oiseau.\" data-caption-desc=\"Du \u00ab Ru \u00bb au \u00ab Bisse \u00bb il n&#039;y a qu&#039;une petite vingtaine de kilom\u00e8tres \u00e0 vol d&#039;oiseau.\" data-attachment-id=\"38964\" data-type=\"image\" class=\"fg-thumb\"><span class=\"fg-image-wrap\"><img decoding=\"async\" title=\"Du \u00ab Ru \u00bb au \u00ab Bisse \u00bb il n&#039;y a qu&#039;une petite vingtaine de kilom\u00e8tres \u00e0 vol d&#039;oiseau.\" width=\"101\" height=\"57\" class=\"skip-lazy fg-image\" data-src-fg=\"https:\/\/alpavista.ch\/Alp11\/wp-content\/uploads\/cache\/Chaux_23_008\/770195640.png\" src=\"data:image\/svg+xml,%3Csvg%20xmlns%3D%22http%3A%2F%2Fwww.w3.org%2F2000%2Fsvg%22%20width%3D%22101%22%20height%3D%2257%22%20viewBox%3D%220%200%20101%2057%22%3E%3C%2Fsvg%3E\" loading=\"eager\"><\/span><span class=\"fg-image-overlay\"><\/span><\/a><figcaption class=\"fg-caption\"><div class=\"fg-caption-inner\"><div class=\"fg-caption-desc\">Du \u00ab Ru \u00bb au \u00ab Bisse \u00bb il n'y a qu'une petite vingtaine de kilom\u00e8tres \u00e0 vol d'oiseau.<\/div><\/div><\/figcaption><\/figure><div class=\"fg-loader\"><\/div><\/div><div class=\"fg-item fg-type-image fg-idle\"><figure class=\"fg-item-inner\"><a href=\"https:\/\/alpavista.ch\/Alp11\/wp-content\/uploads\/Chaux_23_009.png\" data-caption-title=\"Quel que soit le versant des Alpes, le savoir faire est de mise dans l&#039;art ing\u00e9nieux d&#039;utiliser l&#039;horizontalit\u00e9 pour irriguer.\" data-caption-desc=\"Quel que soit le versant des Alpes, le savoir faire est de mise dans l&#039;art ing\u00e9nieux d&#039;utiliser l&#039;horizontalit\u00e9 pour irriguer.\" data-attachment-id=\"38965\" data-type=\"image\" class=\"fg-thumb\"><span class=\"fg-image-wrap\"><img decoding=\"async\" title=\"Quel que soit le versant des Alpes, le savoir faire est de mise dans l&#039;art ing\u00e9nieux d&#039;utiliser l&#039;horizontalit\u00e9 pour irriguer.\" width=\"101\" height=\"57\" class=\"skip-lazy fg-image\" data-src-fg=\"https:\/\/alpavista.ch\/Alp11\/wp-content\/uploads\/cache\/Chaux_23_009\/3416062653.png\" src=\"data:image\/svg+xml,%3Csvg%20xmlns%3D%22http%3A%2F%2Fwww.w3.org%2F2000%2Fsvg%22%20width%3D%22101%22%20height%3D%2257%22%20viewBox%3D%220%200%20101%2057%22%3E%3C%2Fsvg%3E\" loading=\"eager\"><\/span><span class=\"fg-image-overlay\"><\/span><\/a><figcaption class=\"fg-caption\"><div class=\"fg-caption-inner\"><div class=\"fg-caption-desc\">Quel que soit le versant des Alpes, le savoir faire est de mise dans l'art ing\u00e9nieux d'utiliser l'horizontalit\u00e9 pour irriguer.<\/div><\/div><\/figcaption><\/figure><div class=\"fg-loader\"><\/div><\/div><div class=\"fg-item fg-type-image fg-idle\"><figure class=\"fg-item-inner\"><a href=\"https:\/\/alpavista.ch\/Alp11\/wp-content\/uploads\/Chaux_23_010.png\" data-caption-title=\"De l&#039;ocre au blanc, il n&#039;y a souvent qu&#039;un bref laps de temps, une fois la mi-octobre pass\u00e9e.\" data-caption-desc=\"De l&#039;ocre au blanc, il n&#039;y a souvent qu&#039;un bref laps de temps, une fois la mi-octobre pass\u00e9e.\" data-attachment-id=\"38966\" data-type=\"image\" class=\"fg-thumb\"><span class=\"fg-image-wrap\"><img decoding=\"async\" title=\"De l&#039;ocre au blanc, il n&#039;y a souvent qu&#039;un bref laps de temps, une fois la mi-octobre pass\u00e9e.\" width=\"101\" height=\"57\" class=\"skip-lazy fg-image\" data-src-fg=\"https:\/\/alpavista.ch\/Alp11\/wp-content\/uploads\/cache\/Chaux_23_010\/3167435384.png\" src=\"data:image\/svg+xml,%3Csvg%20xmlns%3D%22http%3A%2F%2Fwww.w3.org%2F2000%2Fsvg%22%20width%3D%22101%22%20height%3D%2257%22%20viewBox%3D%220%200%20101%2057%22%3E%3C%2Fsvg%3E\" loading=\"eager\"><\/span><span class=\"fg-image-overlay\"><\/span><\/a><figcaption class=\"fg-caption\"><div class=\"fg-caption-inner\"><div class=\"fg-caption-desc\">De l'ocre au blanc, il n'y a souvent qu'un bref laps de temps, une fois la mi-octobre pass\u00e9e.<\/div><\/div><\/figcaption><\/figure><div class=\"fg-loader\"><\/div><\/div><div class=\"fg-item fg-type-image fg-idle\"><figure class=\"fg-item-inner\"><a href=\"https:\/\/alpavista.ch\/Alp11\/wp-content\/uploads\/Chaux_23_011.png\" data-caption-title=\"Il est souvent Midi quand on roule ici et qu&#039;on commence \u00e0 avoir les crocs (ou la Dent).\" data-caption-desc=\"Il est souvent Midi quand on roule ici et qu&#039;on commence \u00e0 avoir les crocs (ou la Dent).\" data-attachment-id=\"38967\" data-type=\"image\" class=\"fg-thumb\"><span class=\"fg-image-wrap\"><img decoding=\"async\" title=\"Il est souvent Midi quand on roule ici et qu&#039;on commence \u00e0 avoir les crocs (ou la Dent).\" width=\"101\" height=\"57\" class=\"skip-lazy fg-image\" data-src-fg=\"https:\/\/alpavista.ch\/Alp11\/wp-content\/uploads\/cache\/Chaux_23_011\/1522499709.png\" src=\"data:image\/svg+xml,%3Csvg%20xmlns%3D%22http%3A%2F%2Fwww.w3.org%2F2000%2Fsvg%22%20width%3D%22101%22%20height%3D%2257%22%20viewBox%3D%220%200%20101%2057%22%3E%3C%2Fsvg%3E\" loading=\"eager\"><\/span><span class=\"fg-image-overlay\"><\/span><\/a><figcaption class=\"fg-caption\"><div class=\"fg-caption-inner\"><div class=\"fg-caption-desc\">Il est souvent Midi quand on roule ici et qu'on commence \u00e0 avoir les crocs (ou la Dent).<\/div><\/div><\/figcaption><\/figure><div class=\"fg-loader\"><\/div><\/div><div class=\"fg-item fg-type-image fg-idle\"><figure class=\"fg-item-inner\"><a href=\"https:\/\/alpavista.ch\/Alp11\/wp-content\/uploads\/Chaux_23_012.png\" data-caption-title=\"Bref retour sur nos roues pour retrouver la descente qui va bien et, accessoirement, r\u00e9cup\u00e9rer quelques degr\u00e9s perdus avec l&#039;altitude.\" data-caption-desc=\"Bref retour sur nos roues pour retrouver la descente qui va bien et, accessoirement, r\u00e9cup\u00e9rer quelques degr\u00e9s perdus avec l&#039;altitude.\" data-attachment-id=\"38968\" data-type=\"image\" class=\"fg-thumb\"><span class=\"fg-image-wrap\"><img decoding=\"async\" title=\"Bref retour sur nos roues pour retrouver la descente qui va bien et, accessoirement, r\u00e9cup\u00e9rer quelques degr\u00e9s perdus avec l&#039;altitude.\" width=\"101\" height=\"57\" class=\"skip-lazy fg-image\" data-src-fg=\"https:\/\/alpavista.ch\/Alp11\/wp-content\/uploads\/cache\/Chaux_23_012\/2376954054.png\" src=\"data:image\/svg+xml,%3Csvg%20xmlns%3D%22http%3A%2F%2Fwww.w3.org%2F2000%2Fsvg%22%20width%3D%22101%22%20height%3D%2257%22%20viewBox%3D%220%200%20101%2057%22%3E%3C%2Fsvg%3E\" loading=\"eager\"><\/span><span class=\"fg-image-overlay\"><\/span><\/a><figcaption class=\"fg-caption\"><div class=\"fg-caption-inner\"><div class=\"fg-caption-desc\">Bref retour sur nos roues pour retrouver la descente qui va bien et, accessoirement, r\u00e9cup\u00e9rer quelques degr\u00e9s perdus avec l'altitude.<\/div><\/div><\/figcaption><\/figure><div class=\"fg-loader\"><\/div><\/div><div class=\"fg-item fg-type-image fg-idle\"><figure class=\"fg-item-inner\"><a href=\"https:\/\/alpavista.ch\/Alp11\/wp-content\/uploads\/Chaux_23_013.png\" data-caption-title=\"Une descente  \u00ab qui va bien \u00bb clairement victime de son succ\u00e8s.\" data-caption-desc=\"Une descente  \u00ab qui va bien \u00bb clairement victime de son succ\u00e8s.\" data-attachment-id=\"38969\" data-type=\"image\" class=\"fg-thumb\"><span class=\"fg-image-wrap\"><img decoding=\"async\" title=\"Une descente  \u00ab qui va bien \u00bb clairement victime de son succ\u00e8s.\" width=\"101\" height=\"57\" class=\"skip-lazy fg-image\" data-src-fg=\"https:\/\/alpavista.ch\/Alp11\/wp-content\/uploads\/cache\/Chaux_23_013\/1809435331.png\" src=\"data:image\/svg+xml,%3Csvg%20xmlns%3D%22http%3A%2F%2Fwww.w3.org%2F2000%2Fsvg%22%20width%3D%22101%22%20height%3D%2257%22%20viewBox%3D%220%200%20101%2057%22%3E%3C%2Fsvg%3E\" loading=\"eager\"><\/span><span class=\"fg-image-overlay\"><\/span><\/a><figcaption class=\"fg-caption\"><div class=\"fg-caption-inner\"><div class=\"fg-caption-desc\">Une descente  \u00ab qui va bien \u00bb clairement victime de son succ\u00e8s.<\/div><\/div><\/figcaption><\/figure><div class=\"fg-loader\"><\/div><\/div><div class=\"fg-item fg-type-image fg-idle\"><figure class=\"fg-item-inner\"><a href=\"https:\/\/alpavista.ch\/Alp11\/wp-content\/uploads\/Chaux_23_014.png\" data-caption-title=\"L&#039;entr\u00e9e en mati\u00e8re parfaite pour r\u00e9chauffer le haut du corps.\" data-caption-desc=\"L&#039;entr\u00e9e en mati\u00e8re parfaite pour r\u00e9chauffer le haut du corps.\" data-attachment-id=\"38970\" data-type=\"image\" class=\"fg-thumb\"><span class=\"fg-image-wrap\"><img decoding=\"async\" title=\"L&#039;entr\u00e9e en mati\u00e8re parfaite pour r\u00e9chauffer le haut du corps.\" width=\"101\" height=\"57\" class=\"skip-lazy fg-image\" data-src-fg=\"https:\/\/alpavista.ch\/Alp11\/wp-content\/uploads\/cache\/Chaux_23_014\/2712747950.png\" src=\"data:image\/svg+xml,%3Csvg%20xmlns%3D%22http%3A%2F%2Fwww.w3.org%2F2000%2Fsvg%22%20width%3D%22101%22%20height%3D%2257%22%20viewBox%3D%220%200%20101%2057%22%3E%3C%2Fsvg%3E\" loading=\"eager\"><\/span><span class=\"fg-image-overlay\"><\/span><\/a><figcaption class=\"fg-caption\"><div class=\"fg-caption-inner\"><div class=\"fg-caption-desc\">L'entr\u00e9e en mati\u00e8re parfaite pour r\u00e9chauffer le haut du corps.<\/div><\/div><\/figcaption><\/figure><div class=\"fg-loader\"><\/div><\/div><div class=\"fg-item fg-type-image fg-idle\"><figure class=\"fg-item-inner\"><a href=\"https:\/\/alpavista.ch\/Alp11\/wp-content\/uploads\/Chaux_23_015.png\" data-caption-title=\"La section \u00ab Orangina \u00bb exp\u00e9di\u00e9e, nous retrouvons avec bonheur la suite, clairement plus  \u00ab flowy \u00bb, car mieux entretenue.\" data-caption-desc=\"La section \u00ab Orangina \u00bb exp\u00e9di\u00e9e, nous retrouvons avec bonheur la suite, clairement plus  \u00ab flowy \u00bb, car mieux entretenue.\" data-attachment-id=\"38971\" data-type=\"image\" class=\"fg-thumb\"><span class=\"fg-image-wrap\"><img decoding=\"async\" title=\"La section \u00ab Orangina \u00bb exp\u00e9di\u00e9e, nous retrouvons avec bonheur la suite, clairement plus  \u00ab flowy \u00bb, car mieux entretenue.\" width=\"101\" height=\"57\" class=\"skip-lazy fg-image\" data-src-fg=\"https:\/\/alpavista.ch\/Alp11\/wp-content\/uploads\/cache\/Chaux_23_015\/1204127147.png\" src=\"data:image\/svg+xml,%3Csvg%20xmlns%3D%22http%3A%2F%2Fwww.w3.org%2F2000%2Fsvg%22%20width%3D%22101%22%20height%3D%2257%22%20viewBox%3D%220%200%20101%2057%22%3E%3C%2Fsvg%3E\" loading=\"eager\"><\/span><span class=\"fg-image-overlay\"><\/span><\/a><figcaption class=\"fg-caption\"><div class=\"fg-caption-inner\"><div class=\"fg-caption-desc\">La section \u00ab Orangina \u00bb exp\u00e9di\u00e9e, nous retrouvons avec bonheur la suite, clairement plus  \u00ab flowy \u00bb, car mieux entretenue.<\/div><\/div><\/figcaption><\/figure><div class=\"fg-loader\"><\/div><\/div><div class=\"fg-item fg-type-image fg-idle\"><figure class=\"fg-item-inner\"><a href=\"https:\/\/alpavista.ch\/Alp11\/wp-content\/uploads\/Chaux_23_016.png\" data-caption-title=\"M\u00ealant subtilement rocher et terre, elle est bien plus adh\u00e9rente que toute l&#039;humidit\u00e9 r\u00e9cemment tomb\u00e9e aurait pu le laisser penser.\" data-caption-desc=\"M\u00ealant subtilement rocher et terre, elle est bien plus adh\u00e9rente que toute l&#039;humidit\u00e9 r\u00e9cemment tomb\u00e9e aurait pu le laisser penser.\" data-attachment-id=\"38972\" data-type=\"image\" class=\"fg-thumb\"><span class=\"fg-image-wrap\"><img decoding=\"async\" title=\"M\u00ealant subtilement rocher et terre, elle est bien plus adh\u00e9rente que toute l&#039;humidit\u00e9 r\u00e9cemment tomb\u00e9e aurait pu le laisser penser.\" width=\"101\" height=\"57\" class=\"skip-lazy fg-image\" data-src-fg=\"https:\/\/alpavista.ch\/Alp11\/wp-content\/uploads\/cache\/Chaux_23_016\/3056160229.png\" src=\"data:image\/svg+xml,%3Csvg%20xmlns%3D%22http%3A%2F%2Fwww.w3.org%2F2000%2Fsvg%22%20width%3D%22101%22%20height%3D%2257%22%20viewBox%3D%220%200%20101%2057%22%3E%3C%2Fsvg%3E\" loading=\"eager\"><\/span><span class=\"fg-image-overlay\"><\/span><\/a><figcaption class=\"fg-caption\"><div class=\"fg-caption-inner\"><div class=\"fg-caption-desc\">M\u00ealant subtilement rocher et terre, elle est bien plus adh\u00e9rente que toute l'humidit\u00e9 r\u00e9cemment tomb\u00e9e aurait pu le laisser penser.<\/div><\/div><\/figcaption><\/figure><div class=\"fg-loader\"><\/div><\/div><div class=\"fg-item fg-type-image fg-idle\"><figure class=\"fg-item-inner\"><a href=\"https:\/\/alpavista.ch\/Alp11\/wp-content\/uploads\/Chaux_23_017.png\" data-caption-title=\"Sympathique partie de \u00ab tricot \u00bb. Une maille \u00e0 gauche ....\" data-caption-desc=\"Sympathique partie de \u00ab tricot \u00bb. Une maille \u00e0 gauche ....\" data-attachment-id=\"38973\" data-type=\"image\" class=\"fg-thumb\"><span class=\"fg-image-wrap\"><img decoding=\"async\" title=\"Sympathique partie de \u00ab tricot \u00bb. Une maille \u00e0 gauche ....\" width=\"101\" height=\"57\" class=\"skip-lazy fg-image\" data-src-fg=\"https:\/\/alpavista.ch\/Alp11\/wp-content\/uploads\/cache\/Chaux_23_017\/1348335584.png\" src=\"data:image\/svg+xml,%3Csvg%20xmlns%3D%22http%3A%2F%2Fwww.w3.org%2F2000%2Fsvg%22%20width%3D%22101%22%20height%3D%2257%22%20viewBox%3D%220%200%20101%2057%22%3E%3C%2Fsvg%3E\" loading=\"eager\"><\/span><span class=\"fg-image-overlay\"><\/span><\/a><figcaption class=\"fg-caption\"><div class=\"fg-caption-inner\"><div class=\"fg-caption-desc\">Sympathique partie de \u00ab tricot \u00bb. Une maille \u00e0 gauche ....<\/div><\/div><\/figcaption><\/figure><div class=\"fg-loader\"><\/div><\/div><div class=\"fg-item fg-type-image fg-idle\"><figure class=\"fg-item-inner\"><a href=\"https:\/\/alpavista.ch\/Alp11\/wp-content\/uploads\/Chaux_23_018.png\" data-caption-title=\"Passer au rouge est-il r\u00e9ellement punissable \u00e0 v\u00e9lo ?\" data-caption-desc=\"Passer au rouge est-il r\u00e9ellement punissable \u00e0 v\u00e9lo ?\" data-attachment-id=\"38974\" data-type=\"image\" class=\"fg-thumb\"><span class=\"fg-image-wrap\"><img decoding=\"async\" title=\"Passer au rouge est-il r\u00e9ellement punissable \u00e0 v\u00e9lo ?\" width=\"101\" height=\"57\" class=\"skip-lazy fg-image\" data-src-fg=\"https:\/\/alpavista.ch\/Alp11\/wp-content\/uploads\/cache\/Chaux_23_018\/1566883981.png\" src=\"data:image\/svg+xml,%3Csvg%20xmlns%3D%22http%3A%2F%2Fwww.w3.org%2F2000%2Fsvg%22%20width%3D%22101%22%20height%3D%2257%22%20viewBox%3D%220%200%20101%2057%22%3E%3C%2Fsvg%3E\" loading=\"eager\"><\/span><span class=\"fg-image-overlay\"><\/span><\/a><figcaption class=\"fg-caption\"><div class=\"fg-caption-inner\"><div class=\"fg-caption-desc\">Passer au rouge est-il r\u00e9ellement punissable \u00e0 v\u00e9lo ?<\/div><\/div><\/figcaption><\/figure><div class=\"fg-loader\"><\/div><\/div><div class=\"fg-item fg-type-image fg-idle\"><figure class=\"fg-item-inner\"><a href=\"https:\/\/alpavista.ch\/Alp11\/wp-content\/uploads\/Chaux_23_019.png\" data-caption-title=\"En perdant de l&#039;altitude nous retrouvons un terrain plus aride, ou en tout cas, moins impr\u00e9gn\u00e9 d&#039;humidit\u00e9.\" data-caption-desc=\"En perdant de l&#039;altitude nous retrouvons un terrain plus aride, ou en tout cas, moins impr\u00e9gn\u00e9 d&#039;humidit\u00e9.\" data-attachment-id=\"38975\" data-type=\"image\" class=\"fg-thumb\"><span class=\"fg-image-wrap\"><img decoding=\"async\" title=\"En perdant de l&#039;altitude nous retrouvons un terrain plus aride, ou en tout cas, moins impr\u00e9gn\u00e9 d&#039;humidit\u00e9.\" width=\"101\" height=\"57\" class=\"skip-lazy fg-image\" data-src-fg=\"https:\/\/alpavista.ch\/Alp11\/wp-content\/uploads\/cache\/Chaux_23_019\/3138419336.png\" src=\"data:image\/svg+xml,%3Csvg%20xmlns%3D%22http%3A%2F%2Fwww.w3.org%2F2000%2Fsvg%22%20width%3D%22101%22%20height%3D%2257%22%20viewBox%3D%220%200%20101%2057%22%3E%3C%2Fsvg%3E\" loading=\"eager\"><\/span><span class=\"fg-image-overlay\"><\/span><\/a><figcaption class=\"fg-caption\"><div class=\"fg-caption-inner\"><div class=\"fg-caption-desc\">En perdant de l'altitude nous retrouvons un terrain plus aride, ou en tout cas, moins impr\u00e9gn\u00e9 d'humidit\u00e9.<\/div><\/div><\/figcaption><\/figure><div class=\"fg-loader\"><\/div><\/div><div class=\"fg-item fg-type-image fg-idle\"><figure class=\"fg-item-inner\"><a href=\"https:\/\/alpavista.ch\/Alp11\/wp-content\/uploads\/Chaux_23_020.png\" data-caption-title=\"Si le ruban \u00e0 rouler n&#039;est pas un sport olympique, contrairement \u00e0 son cousin \u00e0 lancer, il reste n\u00e9anmoins une activit\u00e9 fort sympathique \u00e0 pratiquer.\" data-caption-desc=\"Si le ruban \u00e0 rouler n&#039;est pas un sport olympique, contrairement \u00e0 son cousin \u00e0 lancer, il reste n\u00e9anmoins une activit\u00e9 fort sympathique \u00e0 pratiquer.\" data-attachment-id=\"38976\" data-type=\"image\" class=\"fg-thumb\"><span class=\"fg-image-wrap\"><img decoding=\"async\" title=\"Si le ruban \u00e0 rouler n&#039;est pas un sport olympique, contrairement \u00e0 son cousin \u00e0 lancer, il reste n\u00e9anmoins une activit\u00e9 fort sympathique \u00e0 pratiquer.\" width=\"101\" height=\"57\" class=\"skip-lazy fg-image\" data-src-fg=\"https:\/\/alpavista.ch\/Alp11\/wp-content\/uploads\/cache\/Chaux_23_020\/3803288267.png\" src=\"data:image\/svg+xml,%3Csvg%20xmlns%3D%22http%3A%2F%2Fwww.w3.org%2F2000%2Fsvg%22%20width%3D%22101%22%20height%3D%2257%22%20viewBox%3D%220%200%20101%2057%22%3E%3C%2Fsvg%3E\" loading=\"eager\"><\/span><span class=\"fg-image-overlay\"><\/span><\/a><figcaption class=\"fg-caption\"><div class=\"fg-caption-inner\"><div class=\"fg-caption-desc\">Si le ruban \u00e0 rouler n'est pas un sport olympique, contrairement \u00e0 son cousin \u00e0 lancer, il reste n\u00e9anmoins une activit\u00e9 fort sympathique \u00e0 pratiquer.<\/div><\/div><\/figcaption><\/figure><div class=\"fg-loader\"><\/div><\/div><div class=\"fg-item fg-type-image fg-idle\"><figure class=\"fg-item-inner\"><a href=\"https:\/\/alpavista.ch\/Alp11\/wp-content\/uploads\/Chaux_23_021.png\" data-caption-title=\"De la caillasse valdotaine au pav\u00e9 valaisan, il n&#039;y a qu&#039;un pas et un art du pilotage \u00e0 revoir en raison de la meilleure stabilit\u00e9 du dernier cit\u00e9.\" data-caption-desc=\"De la caillasse valdotaine au pav\u00e9 valaisan, il n&#039;y a qu&#039;un pas et un art du pilotage \u00e0 revoir en raison de la meilleure stabilit\u00e9 du dernier cit\u00e9.\" data-attachment-id=\"38977\" data-type=\"image\" class=\"fg-thumb\"><span class=\"fg-image-wrap\"><img decoding=\"async\" title=\"De la caillasse valdotaine au pav\u00e9 valaisan, il n&#039;y a qu&#039;un pas et un art du pilotage \u00e0 revoir en raison de la meilleure stabilit\u00e9 du dernier cit\u00e9.\" width=\"101\" height=\"57\" class=\"skip-lazy fg-image\" data-src-fg=\"https:\/\/alpavista.ch\/Alp11\/wp-content\/uploads\/cache\/Chaux_23_021\/80029902.png\" src=\"data:image\/svg+xml,%3Csvg%20xmlns%3D%22http%3A%2F%2Fwww.w3.org%2F2000%2Fsvg%22%20width%3D%22101%22%20height%3D%2257%22%20viewBox%3D%220%200%20101%2057%22%3E%3C%2Fsvg%3E\" loading=\"eager\"><\/span><span class=\"fg-image-overlay\"><\/span><\/a><figcaption class=\"fg-caption\"><div class=\"fg-caption-inner\"><div class=\"fg-caption-desc\">De la caillasse valdotaine au pav\u00e9 valaisan, il n'y a qu'un pas et un art du pilotage \u00e0 revoir en raison de la meilleure stabilit\u00e9 du dernier cit\u00e9.<\/div><\/div><\/figcaption><\/figure><div class=\"fg-loader\"><\/div><\/div><div class=\"fg-item fg-type-image fg-idle\"><figure class=\"fg-item-inner\"><a href=\"https:\/\/alpavista.ch\/Alp11\/wp-content\/uploads\/Chaux_23_022.png\" data-caption-title=\"Belle \u00e9chapp\u00e9e ! Les t\u00e9l\u00e9spectateurs attentifs reconnaitront.\" data-caption-desc=\"Belle \u00e9chapp\u00e9e ! Les t\u00e9l\u00e9spectateurs attentifs reconnaitront.\" data-attachment-id=\"38978\" data-type=\"image\" class=\"fg-thumb\"><span class=\"fg-image-wrap\"><img decoding=\"async\" title=\"Belle \u00e9chapp\u00e9e ! Les t\u00e9l\u00e9spectateurs attentifs reconnaitront.\" width=\"101\" height=\"57\" class=\"skip-lazy fg-image\" data-src-fg=\"https:\/\/alpavista.ch\/Alp11\/wp-content\/uploads\/cache\/Chaux_23_022\/3554138229.png\" src=\"data:image\/svg+xml,%3Csvg%20xmlns%3D%22http%3A%2F%2Fwww.w3.org%2F2000%2Fsvg%22%20width%3D%22101%22%20height%3D%2257%22%20viewBox%3D%220%200%20101%2057%22%3E%3C%2Fsvg%3E\" loading=\"eager\"><\/span><span class=\"fg-image-overlay\"><\/span><\/a><figcaption class=\"fg-caption\"><div class=\"fg-caption-inner\"><div class=\"fg-caption-desc\">Belle \u00e9chapp\u00e9e ! Les t\u00e9l\u00e9spectateurs attentifs reconnaitront.<\/div><\/div><\/figcaption><\/figure><div class=\"fg-loader\"><\/div><\/div><div class=\"fg-item fg-type-image fg-idle\"><figure class=\"fg-item-inner\"><a href=\"https:\/\/alpavista.ch\/Alp11\/wp-content\/uploads\/Chaux_23_023.png\" data-caption-title=\"Le comit\u00e9 d&#039;accueil est plus curieux que r\u00e9ellement enthousiaste \u00e0 partager son pr\u00e9 carr\u00e9 avec le premier VTT crois\u00e9.\" data-caption-desc=\"Le comit\u00e9 d&#039;accueil est plus curieux que r\u00e9ellement enthousiaste \u00e0 partager son pr\u00e9 carr\u00e9 avec le premier VTT crois\u00e9.\" data-attachment-id=\"38979\" data-type=\"image\" class=\"fg-thumb\"><span class=\"fg-image-wrap\"><img decoding=\"async\" title=\"Le comit\u00e9 d&#039;accueil est plus curieux que r\u00e9ellement enthousiaste \u00e0 partager son pr\u00e9 carr\u00e9 avec le premier VTT crois\u00e9.\" width=\"101\" height=\"57\" class=\"skip-lazy fg-image\" data-src-fg=\"https:\/\/alpavista.ch\/Alp11\/wp-content\/uploads\/cache\/Chaux_23_023\/899900016.png\" src=\"data:image\/svg+xml,%3Csvg%20xmlns%3D%22http%3A%2F%2Fwww.w3.org%2F2000%2Fsvg%22%20width%3D%22101%22%20height%3D%2257%22%20viewBox%3D%220%200%20101%2057%22%3E%3C%2Fsvg%3E\" loading=\"eager\"><\/span><span class=\"fg-image-overlay\"><\/span><\/a><figcaption class=\"fg-caption\"><div class=\"fg-caption-inner\"><div class=\"fg-caption-desc\">Le comit\u00e9 d'accueil est plus curieux que r\u00e9ellement enthousiaste \u00e0 partager son pr\u00e9 carr\u00e9 avec le premier VTT crois\u00e9.<\/div><\/div><\/figcaption><\/figure><div class=\"fg-loader\"><\/div><\/div><div class=\"fg-item fg-type-image fg-idle\"><figure class=\"fg-item-inner\"><a href=\"https:\/\/alpavista.ch\/Alp11\/wp-content\/uploads\/Chaux_23_024.png\" data-caption-title=\"Comme tu as de grandes oreilles.\" data-caption-desc=\"Comme tu as de grandes oreilles.\" data-attachment-id=\"38980\" data-type=\"image\" class=\"fg-thumb\"><span class=\"fg-image-wrap\"><img decoding=\"async\" title=\"Comme tu as de grandes oreilles.\" width=\"101\" height=\"57\" class=\"skip-lazy fg-image\" data-src-fg=\"https:\/\/alpavista.ch\/Alp11\/wp-content\/uploads\/cache\/Chaux_23_024\/4258613082.png\" src=\"data:image\/svg+xml,%3Csvg%20xmlns%3D%22http%3A%2F%2Fwww.w3.org%2F2000%2Fsvg%22%20width%3D%22101%22%20height%3D%2257%22%20viewBox%3D%220%200%20101%2057%22%3E%3C%2Fsvg%3E\" loading=\"eager\"><\/span><span class=\"fg-image-overlay\"><\/span><\/a><figcaption class=\"fg-caption\"><div class=\"fg-caption-inner\"><div class=\"fg-caption-desc\">Comme tu as de grandes oreilles.<\/div><\/div><\/figcaption><\/figure><div class=\"fg-loader\"><\/div><\/div><div class=\"fg-item fg-type-image fg-idle\"><figure class=\"fg-item-inner\"><a href=\"https:\/\/alpavista.ch\/Alp11\/wp-content\/uploads\/Chaux_23_025.png\" data-caption-title=\"Flagrant d\u00e9lit de coupe \u00e0 travers pr\u00e9s.\" data-caption-desc=\"Flagrant d\u00e9lit de coupe \u00e0 travers pr\u00e9s.\" data-attachment-id=\"38981\" data-type=\"image\" class=\"fg-thumb\"><span class=\"fg-image-wrap\"><img decoding=\"async\" title=\"Flagrant d\u00e9lit de coupe \u00e0 travers pr\u00e9s.\" width=\"101\" height=\"57\" class=\"skip-lazy fg-image\" data-src-fg=\"https:\/\/alpavista.ch\/Alp11\/wp-content\/uploads\/cache\/Chaux_23_025\/463600991.png\" src=\"data:image\/svg+xml,%3Csvg%20xmlns%3D%22http%3A%2F%2Fwww.w3.org%2F2000%2Fsvg%22%20width%3D%22101%22%20height%3D%2257%22%20viewBox%3D%220%200%20101%2057%22%3E%3C%2Fsvg%3E\" loading=\"eager\"><\/span><span class=\"fg-image-overlay\"><\/span><\/a><figcaption class=\"fg-caption\"><div class=\"fg-caption-inner\"><div class=\"fg-caption-desc\">Flagrant d\u00e9lit de coupe \u00e0 travers pr\u00e9s.<\/div><\/div><\/figcaption><\/figure><div class=\"fg-loader\"><\/div><\/div><div class=\"fg-item fg-type-image fg-idle\"><figure class=\"fg-item-inner\"><a href=\"https:\/\/alpavista.ch\/Alp11\/wp-content\/uploads\/Chaux_23_026.png\" data-caption-title=\"Mais quand c&#039;est pour profiter d&#039;un petit caf\u00e9 improvis\u00e9, c&#039;est (\u00e0 moiti\u00e9) pardonn\u00e9.\" data-caption-desc=\"Mais quand c&#039;est pour profiter d&#039;un petit caf\u00e9 improvis\u00e9, c&#039;est (\u00e0 moiti\u00e9) pardonn\u00e9.\" data-attachment-id=\"38982\" data-type=\"image\" class=\"fg-thumb\"><span class=\"fg-image-wrap\"><img decoding=\"async\" title=\"Mais quand c&#039;est pour profiter d&#039;un petit caf\u00e9 improvis\u00e9, c&#039;est (\u00e0 moiti\u00e9) pardonn\u00e9.\" width=\"101\" height=\"57\" class=\"skip-lazy fg-image\" data-src-fg=\"https:\/\/alpavista.ch\/Alp11\/wp-content\/uploads\/cache\/Chaux_23_026\/3930928401.png\" src=\"data:image\/svg+xml,%3Csvg%20xmlns%3D%22http%3A%2F%2Fwww.w3.org%2F2000%2Fsvg%22%20width%3D%22101%22%20height%3D%2257%22%20viewBox%3D%220%200%20101%2057%22%3E%3C%2Fsvg%3E\" loading=\"eager\"><\/span><span class=\"fg-image-overlay\"><\/span><\/a><figcaption class=\"fg-caption\"><div class=\"fg-caption-inner\"><div class=\"fg-caption-desc\">Mais quand c'est pour profiter d'un petit caf\u00e9 improvis\u00e9, c'est (\u00e0 moiti\u00e9) pardonn\u00e9.<\/div><\/div><\/figcaption><\/figure><div class=\"fg-loader\"><\/div><\/div><div class=\"fg-item fg-type-image fg-idle\"><figure class=\"fg-item-inner\"><a href=\"https:\/\/alpavista.ch\/Alp11\/wp-content\/uploads\/Chaux_23_027.png\" data-caption-title=\"Passer son dimanche \u00e0 faire du tricot ? Une passion (presque) comme une autre.\" data-caption-desc=\"Passer son dimanche \u00e0 faire du tricot ? Une passion (presque) comme une autre.\" data-attachment-id=\"38983\" data-type=\"image\" class=\"fg-thumb\"><span class=\"fg-image-wrap\"><img decoding=\"async\" title=\"Passer son dimanche \u00e0 faire du tricot ? Une passion (presque) comme une autre.\" width=\"101\" height=\"57\" class=\"skip-lazy fg-image\" data-src-fg=\"https:\/\/alpavista.ch\/Alp11\/wp-content\/uploads\/cache\/Chaux_23_027\/205098772.png\" src=\"data:image\/svg+xml,%3Csvg%20xmlns%3D%22http%3A%2F%2Fwww.w3.org%2F2000%2Fsvg%22%20width%3D%22101%22%20height%3D%2257%22%20viewBox%3D%220%200%20101%2057%22%3E%3C%2Fsvg%3E\" loading=\"eager\"><\/span><span class=\"fg-image-overlay\"><\/span><\/a><figcaption class=\"fg-caption\"><div class=\"fg-caption-inner\"><div class=\"fg-caption-desc\">Passer son dimanche \u00e0 faire du tricot ? Une passion (presque) comme une autre.<\/div><\/div><\/figcaption><\/figure><div class=\"fg-loader\"><\/div><\/div><div class=\"fg-item fg-type-image fg-idle\"><figure class=\"fg-item-inner\"><a href=\"https:\/\/alpavista.ch\/Alp11\/wp-content\/uploads\/Chaux_23_028.png\" data-caption-title=\"Pas s\u00fbr que le b\u00e9tail encore \u00ab alp\u00e9 \u00bb  pense la m\u00eame chose que nous (vous ?) \u00e0 propos du changement climatique. Un novembre au pr\u00e9 vaut bien des octobres \u00e0 l&#039;\u00e9curie.\" data-caption-desc=\"Pas s\u00fbr que le b\u00e9tail encore \u00ab alp\u00e9 \u00bb  pense la m\u00eame chose que nous (vous ?) \u00e0 propos du changement climatique. Un novembre au pr\u00e9 vaut bien des octobres \u00e0 l&#039;\u00e9curie.\" data-attachment-id=\"38984\" data-type=\"image\" class=\"fg-thumb\"><span class=\"fg-image-wrap\"><img decoding=\"async\" title=\"Pas s\u00fbr que le b\u00e9tail encore \u00ab alp\u00e9 \u00bb  pense la m\u00eame chose que nous (vous ?) \u00e0 propos du changement climatique. Un novembre au pr\u00e9 vaut bien des octobres \u00e0 l&#039;\u00e9curie.\" width=\"101\" height=\"57\" class=\"skip-lazy fg-image\" data-src-fg=\"https:\/\/alpavista.ch\/Alp11\/wp-content\/uploads\/cache\/Chaux_23_028\/16824441.png\" src=\"data:image\/svg+xml,%3Csvg%20xmlns%3D%22http%3A%2F%2Fwww.w3.org%2F2000%2Fsvg%22%20width%3D%22101%22%20height%3D%2257%22%20viewBox%3D%220%200%20101%2057%22%3E%3C%2Fsvg%3E\" loading=\"eager\"><\/span><span class=\"fg-image-overlay\"><\/span><\/a><figcaption class=\"fg-caption\"><div class=\"fg-caption-inner\"><div class=\"fg-caption-desc\">Pas s\u00fbr que le b\u00e9tail encore \u00ab alp\u00e9 \u00bb  pense la m\u00eame chose que nous (vous ?) \u00e0 propos du changement climatique. Un novembre au pr\u00e9 vaut bien des octobres \u00e0 l'\u00e9curie.<\/div><\/div><\/figcaption><\/figure><div class=\"fg-loader\"><\/div><\/div><\/div>\n\n<input class=\"fooboxshare_post_id\" type=\"hidden\" value=\"38986\"\/>","protected":false},"excerpt":{"rendered":"<p>Enfin \u00ab Sweet \u00bb n\u2019est peut-\u00eatre pas le qualificatif appropri\u00e9. \u00ab Home, Cold Home \u00bb ou \u00ab Home, Wet Home \u00bb seraient clairement mieux adapt\u00e9s \u00e0 la nouvelle donne. Parce que depuis notre incroyable semaine valdotaine, la m\u00e9t\u00e9o a revu sa copie. Et, fin octobre, les r\u00e9visions m\u00e9t\u00e9orologiques g\u00e9n\u00e8rent souvent d&rsquo;importantes amplitudes thermiques. De notre \u00ab \u00e9t\u00e9 indien \u00bb valdotain \u00e0 notre sortie dominicale, locale et pr\u00e9 hivernale, il n\u2019y a qu\u2019une petite semaine, mais aussi, 20\u00b0 \u00e9vapor\u00e9s, de l\u2019humidit\u00e9 [&hellip;]<\/p>\n","protected":false},"author":2,"featured_media":38987,"comment_status":"open","ping_status":"open","sticky":false,"template":"","format":"standard","meta":{"footnotes":""},"categories":[658,4],"tags":[1079,2000,2206,2389,1146,2001,2205,1238,2896],"class_list":["post-38986","post","type-post","status-publish","format-standard","has-post-thumbnail","hentry","category-outdoor","category-vtt","tag-bagnes","tag-la-chaux","tag-mayens-de-sarreyer","tag-mintzet","tag-mont-fort","tag-schlerondes","tag-sies","tag-verbier","tag-vertigo"],"_links":{"self":[{"href":"https:\/\/alpavista.ch\/Alp11\/wp-json\/wp\/v2\/posts\/38986","targetHints":{"allow":["GET"]}}],"collection":[{"href":"https:\/\/alpavista.ch\/Alp11\/wp-json\/wp\/v2\/posts"}],"about":[{"href":"https:\/\/alpavista.ch\/Alp11\/wp-json\/wp\/v2\/types\/post"}],"author":[{"embeddable":true,"href":"https:\/\/alpavista.ch\/Alp11\/wp-json\/wp\/v2\/users\/2"}],"replies":[{"embeddable":true,"href":"https:\/\/alpavista.ch\/Alp11\/wp-json\/wp\/v2\/comments?post=38986"}],"version-history":[{"count":0,"href":"https:\/\/alpavista.ch\/Alp11\/wp-json\/wp\/v2\/posts\/38986\/revisions"}],"wp:featuredmedia":[{"embeddable":true,"href":"https:\/\/alpavista.ch\/Alp11\/wp-json\/wp\/v2\/media\/38987"}],"wp:attachment":[{"href":"https:\/\/alpavista.ch\/Alp11\/wp-json\/wp\/v2\/media?parent=38986"}],"wp:term":[{"taxonomy":"category","embeddable":true,"href":"https:\/\/alpavista.ch\/Alp11\/wp-json\/wp\/v2\/categories?post=38986"},{"taxonomy":"post_tag","embeddable":true,"href":"https:\/\/alpavista.ch\/Alp11\/wp-json\/wp\/v2\/tags?post=38986"}],"curies":[{"name":"wp","href":"https:\/\/api.w.org\/{rel}","templated":true}]}}