{"id":39632,"date":"2024-07-14T18:27:11","date_gmt":"2024-07-14T16:27:11","guid":{"rendered":"https:\/\/alpavista.ch\/Alp11\/?p=39632"},"modified":"2024-07-14T20:29:22","modified_gmt":"2024-07-14T18:29:22","slug":"col-de-mille-2024-i","status":"publish","type":"post","link":"https:\/\/alpavista.ch\/Alp11\/2024\/07\/14\/col-de-mille-2024-i\/","title":{"rendered":"Col de Mille 2024-I"},"content":{"rendered":"<p>Maintenant qu\u2019il ne fait pratiquement plus jamais beau.<br \/>\nMaintenant que le gris est ancr\u00e9 dans nos vies.<br \/>\nMaintenant que la pluie n\u2019est plus b\u00e9nie, mais honnie.<br \/>\nEh bien, maintenant, continuer \u00e0 faire du VTT reste, plus que jamais, d\u2019actualit\u00e9.<br \/>\nD\u2019actualit\u00e9 pour continuer \u00e0 appr\u00e9cier une nature d\u00e9sormais imbib\u00e9e d\u2019humidit\u00e9, souvent embrum\u00e9e, voire m\u00eame, parfois, faisant preuve d\u2019hostilit\u00e9.<br \/>\n<!--more--><\/p>\n<p>Ce qui est aussi d\u2019actualit\u00e9, c\u2019est que le Col de Mille, roi de la vall\u00e9e, est enfin lib\u00e9r\u00e9 (d\u00e9livr\u00e9) de ses derniers n\u00e9v\u00e9s. Du coup, pour tenir compte des nouvelles contraintes logistiques de notre belle vall\u00e9e (un peu caboss\u00e9e), nous avons opt\u00e9 pour une sortie \u00ab locale \u00bb, permettant \u00e0 notre petit groupe de rouler de concert.<\/p>\n<p>Apr\u00e8s le \u00ab Half \u00bb, il y a tout juste deux semaines, voil\u00e0 enfin le \u00ab Full \u00bb, pas forc\u00e9ment plus exigeant, mais offrant n\u00e9anmoins deux tron\u00e7ons suppl\u00e9mentaires de chemins vraiment divins. Le \u00ab Militaire \u00bb, pour l\u2019ascension \u00e0 partir de l\u2019alpage de Mille et les \u00ab Oujets \u00bb en suppl\u00e9ment \u00ab premium \u00bb de la descente \u00e0 partir du \u00ab Half \u00bb et de sa \u00ab Remointze \u00bb.<\/p>\n<p>En revanche, pas de \u00ab Momin \u00bb pour la fin de la descente, mais une transition vers \u00ab Posodziet \u00bb, histoire de soutenir une \u00e9conomie h\u00f4teli\u00e8re locale, durement frapp\u00e9e par les r\u00e9centes catastrophes \u00ab plus ou moins \u00bb naturelles, \u00e0 l\u2019heure de la bi\u00e8re bien m\u00e9rit\u00e9e.<\/p>\n<style type=\"text\/css\">\n#foogallery-gallery-39631 .fg-image { width: 101px; }\n#foogallery-gallery-39631 { --fg-gutter: 1px; }<\/style>\n\t\t\t<div class=\"foogallery foogallery-container foogallery-default foogallery-lightbox-none fg-left fg-default fg-ready fg-light fg-loading-default fg-loaded-fade-in fg-preset fg-selena fg-preset-small fg-preset fg-selena fg-preset-small\" id=\"foogallery-gallery-39631\" data-foogallery=\"{&quot;item&quot;:{&quot;showCaptionTitle&quot;:false,&quot;showCaptionDescription&quot;:true},&quot;lazy&quot;:true,&quot;state&quot;:{&quot;enabled&quot;:true,&quot;mask&quot;:&quot;foogallery-{id}&quot;}}\" style=\"--fg-title-line-clamp: 0; --fg-description-line-clamp: 0;\" >\n\t<div class=\"fg-item fg-type-image fg-idle\"><figure class=\"fg-item-inner\"><a href=\"https:\/\/alpavista.ch\/Alp11\/wp-content\/uploads\/Col_de_Mille_2024_1_001.png\" data-caption-title=\"C&#039;est pas tous les jours qu&#039;on rencontre Cl\u00e9opatre, au bord du chemin.  Alors, autant en profiter pour immortaliser sa rencontre avec JP.\" data-caption-desc=\"C&#039;est pas tous les jours qu&#039;on rencontre Cl\u00e9opatre, au bord du chemin.  Alors, autant en profiter pour immortaliser sa rencontre avec JP.\" data-attachment-id=\"39596\" data-type=\"image\" class=\"fg-thumb\"><span class=\"fg-image-wrap\"><img decoding=\"async\" title=\"C&#039;est pas tous les jours qu&#039;on rencontre Cl\u00e9opatre, au bord du chemin.  Alors, autant en profiter pour immortaliser sa rencontre avec JP.\" width=\"101\" height=\"57\" class=\"skip-lazy fg-image\" data-src-fg=\"https:\/\/alpavista.ch\/Alp11\/wp-content\/uploads\/cache\/Col_de_Mille_2024_1_001\/560109966.png\" src=\"data:image\/svg+xml,%3Csvg%20xmlns%3D%22http%3A%2F%2Fwww.w3.org%2F2000%2Fsvg%22%20width%3D%22101%22%20height%3D%2257%22%20viewBox%3D%220%200%20101%2057%22%3E%3C%2Fsvg%3E\" loading=\"eager\"><\/span><span class=\"fg-image-overlay\"><\/span><\/a><figcaption class=\"fg-caption\"><div class=\"fg-caption-inner\"><div class=\"fg-caption-desc\">C'est pas tous les jours qu'on rencontre Cl\u00e9opatre, au bord du chemin.  Alors, autant en profiter pour immortaliser sa rencontre avec JP.<\/div><\/div><\/figcaption><\/figure><div class=\"fg-loader\"><\/div><\/div><div class=\"fg-item fg-type-image fg-idle\"><figure class=\"fg-item-inner\"><a href=\"https:\/\/alpavista.ch\/Alp11\/wp-content\/uploads\/Col_de_Mille_2024_1_002.png\" data-caption-title=\"L&#039;entr\u00e9e dans le fameux chemin des \u00c2nes reste un moment toujours appr\u00e9ci\u00e9. Mais, quand il est fleuri comme cette ann\u00e9e, c&#039;est carr\u00e9ment un bonheur.\" data-caption-desc=\"L&#039;entr\u00e9e dans le fameux chemin des \u00c2nes reste un moment toujours appr\u00e9ci\u00e9. Mais, quand il est fleuri comme cette ann\u00e9e, c&#039;est carr\u00e9ment un bonheur.\" data-attachment-id=\"39597\" data-type=\"image\" class=\"fg-thumb\"><span class=\"fg-image-wrap\"><img decoding=\"async\" title=\"L&#039;entr\u00e9e dans le fameux chemin des \u00c2nes reste un moment toujours appr\u00e9ci\u00e9. Mais, quand il est fleuri comme cette ann\u00e9e, c&#039;est carr\u00e9ment un bonheur.\" width=\"101\" height=\"57\" class=\"skip-lazy fg-image\" data-src-fg=\"https:\/\/alpavista.ch\/Alp11\/wp-content\/uploads\/cache\/Col_de_Mille_2024_1_002\/1501768127.png\" src=\"data:image\/svg+xml,%3Csvg%20xmlns%3D%22http%3A%2F%2Fwww.w3.org%2F2000%2Fsvg%22%20width%3D%22101%22%20height%3D%2257%22%20viewBox%3D%220%200%20101%2057%22%3E%3C%2Fsvg%3E\" loading=\"eager\"><\/span><span class=\"fg-image-overlay\"><\/span><\/a><figcaption class=\"fg-caption\"><div class=\"fg-caption-inner\"><div class=\"fg-caption-desc\">L'entr\u00e9e dans le fameux chemin des \u00c2nes reste un moment toujours appr\u00e9ci\u00e9. Mais, quand il est fleuri comme cette ann\u00e9e, c'est carr\u00e9ment un bonheur.<\/div><\/div><\/figcaption><\/figure><div class=\"fg-loader\"><\/div><\/div><div class=\"fg-item fg-type-image fg-idle\"><figure class=\"fg-item-inner\"><a href=\"https:\/\/alpavista.ch\/Alp11\/wp-content\/uploads\/Col_de_Mille_2024_1_003.png\" data-caption-title=\"Un bonheur, mais, rapidement aussi, un peu de sueur et de science du pilotage. son fameux \u00ab Z \u00bb ascendant en reste encore et toujours le juge de paix initial.\" data-caption-desc=\"Un bonheur, mais, rapidement aussi, un peu de sueur et de science du pilotage. son fameux \u00ab Z \u00bb ascendant en reste encore et toujours le juge de paix initial.\" data-attachment-id=\"39598\" data-type=\"image\" class=\"fg-thumb\"><span class=\"fg-image-wrap\"><img decoding=\"async\" title=\"Un bonheur, mais, rapidement aussi, un peu de sueur et de science du pilotage. son fameux \u00ab Z \u00bb ascendant en reste encore et toujours le juge de paix initial.\" width=\"101\" height=\"57\" class=\"skip-lazy fg-image\" data-src-fg=\"https:\/\/alpavista.ch\/Alp11\/wp-content\/uploads\/cache\/Col_de_Mille_2024_1_003\/3842147144.png\" src=\"data:image\/svg+xml,%3Csvg%20xmlns%3D%22http%3A%2F%2Fwww.w3.org%2F2000%2Fsvg%22%20width%3D%22101%22%20height%3D%2257%22%20viewBox%3D%220%200%20101%2057%22%3E%3C%2Fsvg%3E\" loading=\"eager\"><\/span><span class=\"fg-image-overlay\"><\/span><\/a><figcaption class=\"fg-caption\"><div class=\"fg-caption-inner\"><div class=\"fg-caption-desc\">Un bonheur, mais, rapidement aussi, un peu de sueur et de science du pilotage. son fameux \u00ab Z \u00bb ascendant en reste encore et toujours le juge de paix initial.<\/div><\/div><\/figcaption><\/figure><div class=\"fg-loader\"><\/div><\/div><div class=\"fg-item fg-type-image fg-idle\"><figure class=\"fg-item-inner\"><a href=\"https:\/\/alpavista.ch\/Alp11\/wp-content\/uploads\/Col_de_Mille_2024_1_004.png\" data-caption-title=\"Les premiers rhodos d&#039;une journ\u00e9e qui en comptera d&#039;innombrables autres, dispers\u00e9s tout au long du parcours.\" data-caption-desc=\"Les premiers rhodos d&#039;une journ\u00e9e qui en comptera d&#039;innombrables autres, dispers\u00e9s tout au long du parcours.\" data-attachment-id=\"39599\" data-type=\"image\" class=\"fg-thumb\"><span class=\"fg-image-wrap\"><img decoding=\"async\" title=\"Les premiers rhodos d&#039;une journ\u00e9e qui en comptera d&#039;innombrables autres, dispers\u00e9s tout au long du parcours.\" width=\"101\" height=\"57\" class=\"skip-lazy fg-image\" data-src-fg=\"https:\/\/alpavista.ch\/Alp11\/wp-content\/uploads\/cache\/Col_de_Mille_2024_1_004\/430521731.png\" src=\"data:image\/svg+xml,%3Csvg%20xmlns%3D%22http%3A%2F%2Fwww.w3.org%2F2000%2Fsvg%22%20width%3D%22101%22%20height%3D%2257%22%20viewBox%3D%220%200%20101%2057%22%3E%3C%2Fsvg%3E\" loading=\"eager\"><\/span><span class=\"fg-image-overlay\"><\/span><\/a><figcaption class=\"fg-caption\"><div class=\"fg-caption-inner\"><div class=\"fg-caption-desc\">Les premiers rhodos d'une journ\u00e9e qui en comptera d'innombrables autres, dispers\u00e9s tout au long du parcours.<\/div><\/div><\/figcaption><\/figure><div class=\"fg-loader\"><\/div><\/div><div class=\"fg-item fg-type-image fg-idle\"><figure class=\"fg-item-inner\"><a href=\"https:\/\/alpavista.ch\/Alp11\/wp-content\/uploads\/Col_de_Mille_2024_1_005.png\" data-caption-title=\"La terre des flancs de la Payanne doit avoir un pH particuli\u00e8rement acide, pour \u00eatre autant colonis\u00e9e par les rhodos.\" data-caption-desc=\"La terre des flancs de la Payanne doit avoir un pH particuli\u00e8rement acide, pour \u00eatre autant colonis\u00e9e par les rhodos.\" data-attachment-id=\"39600\" data-type=\"image\" class=\"fg-thumb\"><span class=\"fg-image-wrap\"><img decoding=\"async\" title=\"La terre des flancs de la Payanne doit avoir un pH particuli\u00e8rement acide, pour \u00eatre autant colonis\u00e9e par les rhodos.\" width=\"101\" height=\"57\" class=\"skip-lazy fg-image\" data-src-fg=\"https:\/\/alpavista.ch\/Alp11\/wp-content\/uploads\/cache\/Col_de_Mille_2024_1_005\/2468841675.png\" src=\"data:image\/svg+xml,%3Csvg%20xmlns%3D%22http%3A%2F%2Fwww.w3.org%2F2000%2Fsvg%22%20width%3D%22101%22%20height%3D%2257%22%20viewBox%3D%220%200%20101%2057%22%3E%3C%2Fsvg%3E\" loading=\"eager\"><\/span><span class=\"fg-image-overlay\"><\/span><\/a><figcaption class=\"fg-caption\"><div class=\"fg-caption-inner\"><div class=\"fg-caption-desc\">La terre des flancs de la Payanne doit avoir un pH particuli\u00e8rement acide, pour \u00eatre autant colonis\u00e9e par les rhodos.<\/div><\/div><\/figcaption><\/figure><div class=\"fg-loader\"><\/div><\/div><div class=\"fg-item fg-type-image fg-idle\"><figure class=\"fg-item-inner\"><a href=\"https:\/\/alpavista.ch\/Alp11\/wp-content\/uploads\/Col_de_Mille_2024_1_006.png\" data-caption-title=\"Beaucoup de  rhodos, mais pas que. 2024, une ann\u00e9e \u00e0 fleurs ? Pas vraiment \u00e9tonnant avec tous ces records de pluie explos\u00e9s.\" data-caption-desc=\"Beaucoup de  rhodos, mais pas que. 2024, une ann\u00e9e \u00e0 fleurs ? Pas vraiment \u00e9tonnant avec tous ces records de pluie explos\u00e9s.\" data-attachment-id=\"39601\" data-type=\"image\" class=\"fg-thumb\"><span class=\"fg-image-wrap\"><img decoding=\"async\" title=\"Beaucoup de  rhodos, mais pas que. 2024, une ann\u00e9e \u00e0 fleurs ? Pas vraiment \u00e9tonnant avec tous ces records de pluie explos\u00e9s.\" width=\"101\" height=\"57\" class=\"skip-lazy fg-image\" data-src-fg=\"https:\/\/alpavista.ch\/Alp11\/wp-content\/uploads\/cache\/Col_de_Mille_2024_1_006\/3955636474.png\" src=\"data:image\/svg+xml,%3Csvg%20xmlns%3D%22http%3A%2F%2Fwww.w3.org%2F2000%2Fsvg%22%20width%3D%22101%22%20height%3D%2257%22%20viewBox%3D%220%200%20101%2057%22%3E%3C%2Fsvg%3E\" loading=\"eager\"><\/span><span class=\"fg-image-overlay\"><\/span><\/a><figcaption class=\"fg-caption\"><div class=\"fg-caption-inner\"><div class=\"fg-caption-desc\">Beaucoup de  rhodos, mais pas que. 2024, une ann\u00e9e \u00e0 fleurs ? Pas vraiment \u00e9tonnant avec tous ces records de pluie explos\u00e9s.<\/div><\/div><\/figcaption><\/figure><div class=\"fg-loader\"><\/div><\/div><div class=\"fg-item fg-type-image fg-idle\"><figure class=\"fg-item-inner\"><a href=\"https:\/\/alpavista.ch\/Alp11\/wp-content\/uploads\/Col_de_Mille_2024_1_007.png\" data-caption-title=\"Autre indice d&#039;une pluviom\u00e9trie abondante, le vert des p\u00e2turages. Pour trouver une herbe s\u00e8che, il va falloir se lever t\u00f4t, ou alors, la couper et attendre.\" data-caption-desc=\"Autre indice d&#039;une pluviom\u00e9trie abondante, le vert des p\u00e2turages. Pour trouver une herbe s\u00e8che, il va falloir se lever t\u00f4t, ou alors, la couper et attendre.\" data-attachment-id=\"39602\" data-type=\"image\" class=\"fg-thumb\"><span class=\"fg-image-wrap\"><img decoding=\"async\" title=\"Autre indice d&#039;une pluviom\u00e9trie abondante, le vert des p\u00e2turages. Pour trouver une herbe s\u00e8che, il va falloir se lever t\u00f4t, ou alors, la couper et attendre.\" width=\"101\" height=\"57\" class=\"skip-lazy fg-image\" data-src-fg=\"https:\/\/alpavista.ch\/Alp11\/wp-content\/uploads\/cache\/Col_de_Mille_2024_1_007\/3870221907.png\" src=\"data:image\/svg+xml,%3Csvg%20xmlns%3D%22http%3A%2F%2Fwww.w3.org%2F2000%2Fsvg%22%20width%3D%22101%22%20height%3D%2257%22%20viewBox%3D%220%200%20101%2057%22%3E%3C%2Fsvg%3E\" loading=\"eager\"><\/span><span class=\"fg-image-overlay\"><\/span><\/a><figcaption class=\"fg-caption\"><div class=\"fg-caption-inner\"><div class=\"fg-caption-desc\">Autre indice d'une pluviom\u00e9trie abondante, le vert des p\u00e2turages. Pour trouver une herbe s\u00e8che, il va falloir se lever t\u00f4t, ou alors, la couper et attendre.<\/div><\/div><\/figcaption><\/figure><div class=\"fg-loader\"><\/div><\/div><div class=\"fg-item fg-type-image fg-idle\"><figure class=\"fg-item-inner\"><a href=\"https:\/\/alpavista.ch\/Alp11\/wp-content\/uploads\/Col_de_Mille_2024_1_008.png\" data-caption-title=\"Le chemin militaire du Mont-Br\u00fbl\u00e9 : un trac\u00e9 b\u00e9ni pour continuer \u00e0 s&#039;\u00e9lever. Surtout si vous roulez assist\u00e9s. Parce que sinon, attendez vous \u00e0 pulser et \u00e0 pousser.\" data-caption-desc=\"Le chemin militaire du Mont-Br\u00fbl\u00e9 : un trac\u00e9 b\u00e9ni pour continuer \u00e0 s&#039;\u00e9lever. Surtout si vous roulez assist\u00e9s. Parce que sinon, attendez vous \u00e0 pulser et \u00e0 pousser.\" data-attachment-id=\"39603\" data-type=\"image\" class=\"fg-thumb\"><span class=\"fg-image-wrap\"><img decoding=\"async\" title=\"Le chemin militaire du Mont-Br\u00fbl\u00e9 : un trac\u00e9 b\u00e9ni pour continuer \u00e0 s&#039;\u00e9lever. Surtout si vous roulez assist\u00e9s. Parce que sinon, attendez vous \u00e0 pulser et \u00e0 pousser.\" width=\"101\" height=\"57\" class=\"skip-lazy fg-image\" data-src-fg=\"https:\/\/alpavista.ch\/Alp11\/wp-content\/uploads\/cache\/Col_de_Mille_2024_1_008\/3386917677.png\" src=\"data:image\/svg+xml,%3Csvg%20xmlns%3D%22http%3A%2F%2Fwww.w3.org%2F2000%2Fsvg%22%20width%3D%22101%22%20height%3D%2257%22%20viewBox%3D%220%200%20101%2057%22%3E%3C%2Fsvg%3E\" loading=\"eager\"><\/span><span class=\"fg-image-overlay\"><\/span><\/a><figcaption class=\"fg-caption\"><div class=\"fg-caption-inner\"><div class=\"fg-caption-desc\">Le chemin militaire du Mont-Br\u00fbl\u00e9 : un trac\u00e9 b\u00e9ni pour continuer \u00e0 s'\u00e9lever. Surtout si vous roulez assist\u00e9s. Parce que sinon, attendez vous \u00e0 pulser et \u00e0 pousser.<\/div><\/div><\/figcaption><\/figure><div class=\"fg-loader\"><\/div><\/div><div class=\"fg-item fg-type-image fg-idle\"><figure class=\"fg-item-inner\"><a href=\"https:\/\/alpavista.ch\/Alp11\/wp-content\/uploads\/Col_de_Mille_2024_1_009.png\" data-caption-title=\"Le titre de plus beau village de la vall\u00e9e reste d&#039;actualit\u00e9, m\u00eame si le sage torrent du Fregnoley s&#039;est d\u00e9sormais transform\u00e9 en tumultueux cours d&#039;eau canadien.\" data-caption-desc=\"Le titre de plus beau village de la vall\u00e9e reste d&#039;actualit\u00e9, m\u00eame si le sage torrent du Fregnoley s&#039;est d\u00e9sormais transform\u00e9 en tumultueux cours d&#039;eau canadien.\" data-attachment-id=\"39604\" data-type=\"image\" class=\"fg-thumb\"><span class=\"fg-image-wrap\"><img decoding=\"async\" title=\"Le titre de plus beau village de la vall\u00e9e reste d&#039;actualit\u00e9, m\u00eame si le sage torrent du Fregnoley s&#039;est d\u00e9sormais transform\u00e9 en tumultueux cours d&#039;eau canadien.\" width=\"101\" height=\"57\" class=\"skip-lazy fg-image\" data-src-fg=\"https:\/\/alpavista.ch\/Alp11\/wp-content\/uploads\/cache\/Col_de_Mille_2024_1_009\/2882555470.png\" src=\"data:image\/svg+xml,%3Csvg%20xmlns%3D%22http%3A%2F%2Fwww.w3.org%2F2000%2Fsvg%22%20width%3D%22101%22%20height%3D%2257%22%20viewBox%3D%220%200%20101%2057%22%3E%3C%2Fsvg%3E\" loading=\"eager\"><\/span><span class=\"fg-image-overlay\"><\/span><\/a><figcaption class=\"fg-caption\"><div class=\"fg-caption-inner\"><div class=\"fg-caption-desc\">Le titre de plus beau village de la vall\u00e9e reste d'actualit\u00e9, m\u00eame si le sage torrent du Fregnoley s'est d\u00e9sormais transform\u00e9 en tumultueux cours d'eau canadien.<\/div><\/div><\/figcaption><\/figure><div class=\"fg-loader\"><\/div><\/div><div class=\"fg-item fg-type-image fg-idle\"><figure class=\"fg-item-inner\"><a href=\"https:\/\/alpavista.ch\/Alp11\/wp-content\/uploads\/Col_de_Mille_2024_1_010.png\" data-caption-title=\"Vu sous cet angle, Ma\u00eetre Rogneux pourrait \u00eatre pris pour un volcan pas compl\u00e8tement endormi.\" data-caption-desc=\"Vu sous cet angle, Ma\u00eetre Rogneux pourrait \u00eatre pris pour un volcan pas compl\u00e8tement endormi.\" data-attachment-id=\"39605\" data-type=\"image\" class=\"fg-thumb\"><span class=\"fg-image-wrap\"><img decoding=\"async\" title=\"Vu sous cet angle, Ma\u00eetre Rogneux pourrait \u00eatre pris pour un volcan pas compl\u00e8tement endormi.\" width=\"101\" height=\"57\" class=\"skip-lazy fg-image\" data-src-fg=\"https:\/\/alpavista.ch\/Alp11\/wp-content\/uploads\/cache\/Col_de_Mille_2024_1_010\/1435170548.png\" src=\"data:image\/svg+xml,%3Csvg%20xmlns%3D%22http%3A%2F%2Fwww.w3.org%2F2000%2Fsvg%22%20width%3D%22101%22%20height%3D%2257%22%20viewBox%3D%220%200%20101%2057%22%3E%3C%2Fsvg%3E\" loading=\"eager\"><\/span><span class=\"fg-image-overlay\"><\/span><\/a><figcaption class=\"fg-caption\"><div class=\"fg-caption-inner\"><div class=\"fg-caption-desc\">Vu sous cet angle, Ma\u00eetre Rogneux pourrait \u00eatre pris pour un volcan pas compl\u00e8tement endormi.<\/div><\/div><\/figcaption><\/figure><div class=\"fg-loader\"><\/div><\/div><div class=\"fg-item fg-type-image fg-idle\"><figure class=\"fg-item-inner\"><a href=\"https:\/\/alpavista.ch\/Alp11\/wp-content\/uploads\/Col_de_Mille_2024_1_011.png\" data-caption-title=\"Le dernier n\u00e9v\u00e9 de l&#039;ann\u00e9e ? Ca aurait pu passer avec un poil de chance et quelques crampons en plus sur la roue arri\u00e8re.\" data-caption-desc=\"Le dernier n\u00e9v\u00e9 de l&#039;ann\u00e9e ? Ca aurait pu passer avec un poil de chance et quelques crampons en plus sur la roue arri\u00e8re.\" data-attachment-id=\"39606\" data-type=\"image\" class=\"fg-thumb\"><span class=\"fg-image-wrap\"><img decoding=\"async\" title=\"Le dernier n\u00e9v\u00e9 de l&#039;ann\u00e9e ? Ca aurait pu passer avec un poil de chance et quelques crampons en plus sur la roue arri\u00e8re.\" width=\"101\" height=\"57\" class=\"skip-lazy fg-image\" data-src-fg=\"https:\/\/alpavista.ch\/Alp11\/wp-content\/uploads\/cache\/Col_de_Mille_2024_1_011\/1491216477.png\" src=\"data:image\/svg+xml,%3Csvg%20xmlns%3D%22http%3A%2F%2Fwww.w3.org%2F2000%2Fsvg%22%20width%3D%22101%22%20height%3D%2257%22%20viewBox%3D%220%200%20101%2057%22%3E%3C%2Fsvg%3E\" loading=\"eager\"><\/span><span class=\"fg-image-overlay\"><\/span><\/a><figcaption class=\"fg-caption\"><div class=\"fg-caption-inner\"><div class=\"fg-caption-desc\">Le dernier n\u00e9v\u00e9 de l'ann\u00e9e ? Ca aurait pu passer avec un poil de chance et quelques crampons en plus sur la roue arri\u00e8re.<\/div><\/div><\/figcaption><\/figure><div class=\"fg-loader\"><\/div><\/div><div class=\"fg-item fg-type-image fg-idle\"><figure class=\"fg-item-inner\"><a href=\"https:\/\/alpavista.ch\/Alp11\/wp-content\/uploads\/Col_de_Mille_2024_1_012.png\" data-caption-title=\"Sur le militaire, tous les lacets sont \u00e0 tenter. A force d&#039;insister, ils finissent tous par passer.\" data-caption-desc=\"Sur le militaire, tous les lacets sont \u00e0 tenter. A force d&#039;insister, ils finissent tous par passer.\" data-attachment-id=\"39607\" data-type=\"image\" class=\"fg-thumb\"><span class=\"fg-image-wrap\"><img decoding=\"async\" title=\"Sur le militaire, tous les lacets sont \u00e0 tenter. A force d&#039;insister, ils finissent tous par passer.\" width=\"101\" height=\"57\" class=\"skip-lazy fg-image\" data-src-fg=\"https:\/\/alpavista.ch\/Alp11\/wp-content\/uploads\/cache\/Col_de_Mille_2024_1_012\/537106540.png\" src=\"data:image\/svg+xml,%3Csvg%20xmlns%3D%22http%3A%2F%2Fwww.w3.org%2F2000%2Fsvg%22%20width%3D%22101%22%20height%3D%2257%22%20viewBox%3D%220%200%20101%2057%22%3E%3C%2Fsvg%3E\" loading=\"eager\"><\/span><span class=\"fg-image-overlay\"><\/span><\/a><figcaption class=\"fg-caption\"><div class=\"fg-caption-inner\"><div class=\"fg-caption-desc\">Sur le militaire, tous les lacets sont \u00e0 tenter. A force d'insister, ils finissent tous par passer.<\/div><\/div><\/figcaption><\/figure><div class=\"fg-loader\"><\/div><\/div><div class=\"fg-item fg-type-image fg-idle\"><figure class=\"fg-item-inner\"><a href=\"https:\/\/alpavista.ch\/Alp11\/wp-content\/uploads\/Col_de_Mille_2024_1_013.png\" data-caption-title=\"Regardez bien la position de JP avant de juger de la d\u00e9clivit\u00e9 \u00e0 affronter.\" data-caption-desc=\"Regardez bien la position de JP avant de juger de la d\u00e9clivit\u00e9 \u00e0 affronter.\" data-attachment-id=\"39608\" data-type=\"image\" class=\"fg-thumb\"><span class=\"fg-image-wrap\"><img decoding=\"async\" title=\"Regardez bien la position de JP avant de juger de la d\u00e9clivit\u00e9 \u00e0 affronter.\" width=\"101\" height=\"57\" class=\"skip-lazy fg-image\" data-src-fg=\"https:\/\/alpavista.ch\/Alp11\/wp-content\/uploads\/cache\/Col_de_Mille_2024_1_013\/2625778331.png\" src=\"data:image\/svg+xml,%3Csvg%20xmlns%3D%22http%3A%2F%2Fwww.w3.org%2F2000%2Fsvg%22%20width%3D%22101%22%20height%3D%2257%22%20viewBox%3D%220%200%20101%2057%22%3E%3C%2Fsvg%3E\" loading=\"eager\"><\/span><span class=\"fg-image-overlay\"><\/span><\/a><figcaption class=\"fg-caption\"><div class=\"fg-caption-inner\"><div class=\"fg-caption-desc\">Regardez bien la position de JP avant de juger de la d\u00e9clivit\u00e9 \u00e0 affronter.<\/div><\/div><\/figcaption><\/figure><div class=\"fg-loader\"><\/div><\/div><div class=\"fg-item fg-type-image fg-idle\"><figure class=\"fg-item-inner\"><a href=\"https:\/\/alpavista.ch\/Alp11\/wp-content\/uploads\/Col_de_Mille_2024_1_014.png\" data-caption-title=\"Chacun sa route, chacun son chemin. Sentier p\u00e9destre VS Chemin militaire.\" data-caption-desc=\"Chacun sa route, chacun son chemin. Sentier p\u00e9destre VS Chemin militaire.\" data-attachment-id=\"39609\" data-type=\"image\" class=\"fg-thumb\"><span class=\"fg-image-wrap\"><img decoding=\"async\" title=\"Chacun sa route, chacun son chemin. Sentier p\u00e9destre VS Chemin militaire.\" width=\"101\" height=\"57\" class=\"skip-lazy fg-image\" data-src-fg=\"https:\/\/alpavista.ch\/Alp11\/wp-content\/uploads\/cache\/Col_de_Mille_2024_1_014\/1613335632.png\" src=\"data:image\/svg+xml,%3Csvg%20xmlns%3D%22http%3A%2F%2Fwww.w3.org%2F2000%2Fsvg%22%20width%3D%22101%22%20height%3D%2257%22%20viewBox%3D%220%200%20101%2057%22%3E%3C%2Fsvg%3E\" loading=\"eager\"><\/span><span class=\"fg-image-overlay\"><\/span><\/a><figcaption class=\"fg-caption\"><div class=\"fg-caption-inner\"><div class=\"fg-caption-desc\">Chacun sa route, chacun son chemin. Sentier p\u00e9destre VS Chemin militaire.<\/div><\/div><\/figcaption><\/figure><div class=\"fg-loader\"><\/div><\/div><div class=\"fg-item fg-type-image fg-idle\"><figure class=\"fg-item-inner\"><a href=\"https:\/\/alpavista.ch\/Alp11\/wp-content\/uploads\/Col_de_Mille_2024_1_015.png\" data-caption-title=\"Le dernier lacet. de l&#039;ascension est de loin le plus retors. La meilleure mani\u00e8re de le rater est encore de l&#039;aborder en mode bourrin.\" data-caption-desc=\"Le dernier lacet. de l&#039;ascension est de loin le plus retors. La meilleure mani\u00e8re de le rater est encore de l&#039;aborder en mode bourrin.\" data-attachment-id=\"39610\" data-type=\"image\" class=\"fg-thumb\"><span class=\"fg-image-wrap\"><img decoding=\"async\" title=\"Le dernier lacet. de l&#039;ascension est de loin le plus retors. La meilleure mani\u00e8re de le rater est encore de l&#039;aborder en mode bourrin.\" width=\"101\" height=\"57\" class=\"skip-lazy fg-image\" data-src-fg=\"https:\/\/alpavista.ch\/Alp11\/wp-content\/uploads\/cache\/Col_de_Mille_2024_1_015\/3967238599.png\" src=\"data:image\/svg+xml,%3Csvg%20xmlns%3D%22http%3A%2F%2Fwww.w3.org%2F2000%2Fsvg%22%20width%3D%22101%22%20height%3D%2257%22%20viewBox%3D%220%200%20101%2057%22%3E%3C%2Fsvg%3E\" loading=\"eager\"><\/span><span class=\"fg-image-overlay\"><\/span><\/a><figcaption class=\"fg-caption\"><div class=\"fg-caption-inner\"><div class=\"fg-caption-desc\">Le dernier lacet. de l'ascension est de loin le plus retors. La meilleure mani\u00e8re de le rater est encore de l'aborder en mode bourrin.<\/div><\/div><\/figcaption><\/figure><div class=\"fg-loader\"><\/div><\/div><div class=\"fg-item fg-type-image fg-idle\"><figure class=\"fg-item-inner\"><a href=\"https:\/\/alpavista.ch\/Alp11\/wp-content\/uploads\/Col_de_Mille_2024_1_016.png\" data-caption-title=\"Quand le V\u00e9lan s&#039;incruste dans votre champ de vision, c&#039;est que vous n&#039;\u00eatre plus tr\u00e8s loin de vous extraire du \u00ab militaire \u00bb.\" data-caption-desc=\"Quand le V\u00e9lan s&#039;incruste dans votre champ de vision, c&#039;est que vous n&#039;\u00eatre plus tr\u00e8s loin de vous extraire du \u00ab militaire \u00bb.\" data-attachment-id=\"39611\" data-type=\"image\" class=\"fg-thumb\"><span class=\"fg-image-wrap\"><img decoding=\"async\" title=\"Quand le V\u00e9lan s&#039;incruste dans votre champ de vision, c&#039;est que vous n&#039;\u00eatre plus tr\u00e8s loin de vous extraire du \u00ab militaire \u00bb.\" width=\"101\" height=\"57\" class=\"skip-lazy fg-image\" data-src-fg=\"https:\/\/alpavista.ch\/Alp11\/wp-content\/uploads\/cache\/Col_de_Mille_2024_1_016\/2492920310.png\" src=\"data:image\/svg+xml,%3Csvg%20xmlns%3D%22http%3A%2F%2Fwww.w3.org%2F2000%2Fsvg%22%20width%3D%22101%22%20height%3D%2257%22%20viewBox%3D%220%200%20101%2057%22%3E%3C%2Fsvg%3E\" loading=\"eager\"><\/span><span class=\"fg-image-overlay\"><\/span><\/a><figcaption class=\"fg-caption\"><div class=\"fg-caption-inner\"><div class=\"fg-caption-desc\">Quand le V\u00e9lan s'incruste dans votre champ de vision, c'est que vous n'\u00eatre plus tr\u00e8s loin de vous extraire du \u00ab militaire \u00bb.<\/div><\/div><\/figcaption><\/figure><div class=\"fg-loader\"><\/div><\/div><div class=\"fg-item fg-type-image fg-idle\"><figure class=\"fg-item-inner\"><a href=\"https:\/\/alpavista.ch\/Alp11\/wp-content\/uploads\/Col_de_Mille_2024_1_017.png\" data-caption-title=\"F\u00eate Nationale \u00ab franchouillarde \u00bb oblige, on ne pouvait quand m\u00eame pas couper \u00e0 un petit clich\u00e9 sur son plus c\u00e9l\u00e8bre massif montagneux.\" data-caption-desc=\"F\u00eate Nationale \u00ab franchouillarde \u00bb oblige, on ne pouvait quand m\u00eame pas couper \u00e0 un petit clich\u00e9 sur son plus c\u00e9l\u00e8bre massif montagneux.\" data-attachment-id=\"39612\" data-type=\"image\" class=\"fg-thumb\"><span class=\"fg-image-wrap\"><img decoding=\"async\" title=\"F\u00eate Nationale \u00ab franchouillarde \u00bb oblige, on ne pouvait quand m\u00eame pas couper \u00e0 un petit clich\u00e9 sur son plus c\u00e9l\u00e8bre massif montagneux.\" width=\"101\" height=\"57\" class=\"skip-lazy fg-image\" data-src-fg=\"https:\/\/alpavista.ch\/Alp11\/wp-content\/uploads\/cache\/Col_de_Mille_2024_1_017\/2583572319.png\" src=\"data:image\/svg+xml,%3Csvg%20xmlns%3D%22http%3A%2F%2Fwww.w3.org%2F2000%2Fsvg%22%20width%3D%22101%22%20height%3D%2257%22%20viewBox%3D%220%200%20101%2057%22%3E%3C%2Fsvg%3E\" loading=\"eager\"><\/span><span class=\"fg-image-overlay\"><\/span><\/a><figcaption class=\"fg-caption\"><div class=\"fg-caption-inner\"><div class=\"fg-caption-desc\">F\u00eate Nationale \u00ab franchouillarde \u00bb oblige, on ne pouvait quand m\u00eame pas couper \u00e0 un petit clich\u00e9 sur son plus c\u00e9l\u00e8bre massif montagneux.<\/div><\/div><\/figcaption><\/figure><div class=\"fg-loader\"><\/div><\/div><div class=\"fg-item fg-type-image fg-idle\"><figure class=\"fg-item-inner\"><a href=\"https:\/\/alpavista.ch\/Alp11\/wp-content\/uploads\/Col_de_Mille_2024_1_018.png\" data-caption-title=\"50 m\u00e8tres de D- pour pouvoir \u00ab afoner \u00bb quelques d\u00e9cilitres de boissons houblonn\u00e9es. Honn\u00eatement, faudrait \u00eatre con pour h\u00e9siter.\" data-caption-desc=\"50 m\u00e8tres de D- pour pouvoir \u00ab afoner \u00bb quelques d\u00e9cilitres de boissons houblonn\u00e9es. Honn\u00eatement, faudrait \u00eatre con pour h\u00e9siter.\" data-attachment-id=\"39613\" data-type=\"image\" class=\"fg-thumb\"><span class=\"fg-image-wrap\"><img decoding=\"async\" title=\"50 m\u00e8tres de D- pour pouvoir \u00ab afoner \u00bb quelques d\u00e9cilitres de boissons houblonn\u00e9es. Honn\u00eatement, faudrait \u00eatre con pour h\u00e9siter.\" width=\"101\" height=\"57\" class=\"skip-lazy fg-image\" data-src-fg=\"https:\/\/alpavista.ch\/Alp11\/wp-content\/uploads\/cache\/Col_de_Mille_2024_1_018\/3065023009.png\" src=\"data:image\/svg+xml,%3Csvg%20xmlns%3D%22http%3A%2F%2Fwww.w3.org%2F2000%2Fsvg%22%20width%3D%22101%22%20height%3D%2257%22%20viewBox%3D%220%200%20101%2057%22%3E%3C%2Fsvg%3E\" loading=\"eager\"><\/span><span class=\"fg-image-overlay\"><\/span><\/a><figcaption class=\"fg-caption\"><div class=\"fg-caption-inner\"><div class=\"fg-caption-desc\">50 m\u00e8tres de D- pour pouvoir \u00ab afoner \u00bb quelques d\u00e9cilitres de boissons houblonn\u00e9es. Honn\u00eatement, faudrait \u00eatre con pour h\u00e9siter.<\/div><\/div><\/figcaption><\/figure><div class=\"fg-loader\"><\/div><\/div><div class=\"fg-item fg-type-image fg-idle\"><figure class=\"fg-item-inner\"><a href=\"https:\/\/alpavista.ch\/Alp11\/wp-content\/uploads\/Col_de_Mille_2024_1_019.png\" data-caption-title=\"Tous les chemins ne sont pas \u00e9gaux face \u00e0 l&#039;arri\u00e8re plan qu&#039;ils proposent.\" data-caption-desc=\"Tous les chemins ne sont pas \u00e9gaux face \u00e0 l&#039;arri\u00e8re plan qu&#039;ils proposent.\" data-attachment-id=\"39614\" data-type=\"image\" class=\"fg-thumb\"><span class=\"fg-image-wrap\"><img decoding=\"async\" title=\"Tous les chemins ne sont pas \u00e9gaux face \u00e0 l&#039;arri\u00e8re plan qu&#039;ils proposent.\" width=\"101\" height=\"57\" class=\"skip-lazy fg-image\" data-src-fg=\"https:\/\/alpavista.ch\/Alp11\/wp-content\/uploads\/cache\/Col_de_Mille_2024_1_019\/3565193026.png\" src=\"data:image\/svg+xml,%3Csvg%20xmlns%3D%22http%3A%2F%2Fwww.w3.org%2F2000%2Fsvg%22%20width%3D%22101%22%20height%3D%2257%22%20viewBox%3D%220%200%20101%2057%22%3E%3C%2Fsvg%3E\" loading=\"eager\"><\/span><span class=\"fg-image-overlay\"><\/span><\/a><figcaption class=\"fg-caption\"><div class=\"fg-caption-inner\"><div class=\"fg-caption-desc\">Tous les chemins ne sont pas \u00e9gaux face \u00e0 l'arri\u00e8re plan qu'ils proposent.<\/div><\/div><\/figcaption><\/figure><div class=\"fg-loader\"><\/div><\/div><div class=\"fg-item fg-type-image fg-idle\"><figure class=\"fg-item-inner\"><a href=\"https:\/\/alpavista.ch\/Alp11\/wp-content\/uploads\/Col_de_Mille_2024_1_020.png\" data-caption-title=\"Ni en ce qui concerne les perspectives.\" data-caption-desc=\"Ni en ce qui concerne les perspectives.\" data-attachment-id=\"39615\" data-type=\"image\" class=\"fg-thumb\"><span class=\"fg-image-wrap\"><img decoding=\"async\" title=\"Ni en ce qui concerne les perspectives.\" width=\"101\" height=\"57\" class=\"skip-lazy fg-image\" data-src-fg=\"https:\/\/alpavista.ch\/Alp11\/wp-content\/uploads\/cache\/Col_de_Mille_2024_1_020\/69998462.png\" src=\"data:image\/svg+xml,%3Csvg%20xmlns%3D%22http%3A%2F%2Fwww.w3.org%2F2000%2Fsvg%22%20width%3D%22101%22%20height%3D%2257%22%20viewBox%3D%220%200%20101%2057%22%3E%3C%2Fsvg%3E\" loading=\"eager\"><\/span><span class=\"fg-image-overlay\"><\/span><\/a><figcaption class=\"fg-caption\"><div class=\"fg-caption-inner\"><div class=\"fg-caption-desc\">Ni en ce qui concerne les perspectives.<\/div><\/div><\/figcaption><\/figure><div class=\"fg-loader\"><\/div><\/div><div class=\"fg-item fg-type-image fg-idle\"><figure class=\"fg-item-inner\"><a href=\"https:\/\/alpavista.ch\/Alp11\/wp-content\/uploads\/Col_de_Mille_2024_1_021.png\" data-caption-title=\"Les trois heures d&#039;attente pour un roesti mal cuit sont imm\u00e9diatement oubli\u00e9es quand le chemin des \u00ab Oujets \u00bb d\u00e9roule son ruban de terre sous nos roues.\" data-caption-desc=\"Les trois heures d&#039;attente pour un roesti mal cuit sont imm\u00e9diatement oubli\u00e9es quand le chemin des \u00ab Oujets \u00bb d\u00e9roule son ruban de terre sous nos roues.\" data-attachment-id=\"39616\" data-type=\"image\" class=\"fg-thumb\"><span class=\"fg-image-wrap\"><img decoding=\"async\" title=\"Les trois heures d&#039;attente pour un roesti mal cuit sont imm\u00e9diatement oubli\u00e9es quand le chemin des \u00ab Oujets \u00bb d\u00e9roule son ruban de terre sous nos roues.\" width=\"101\" height=\"57\" class=\"skip-lazy fg-image\" data-src-fg=\"https:\/\/alpavista.ch\/Alp11\/wp-content\/uploads\/cache\/Col_de_Mille_2024_1_021\/155503063.png\" src=\"data:image\/svg+xml,%3Csvg%20xmlns%3D%22http%3A%2F%2Fwww.w3.org%2F2000%2Fsvg%22%20width%3D%22101%22%20height%3D%2257%22%20viewBox%3D%220%200%20101%2057%22%3E%3C%2Fsvg%3E\" loading=\"eager\"><\/span><span class=\"fg-image-overlay\"><\/span><\/a><figcaption class=\"fg-caption\"><div class=\"fg-caption-inner\"><div class=\"fg-caption-desc\">Les trois heures d'attente pour un roesti mal cuit sont imm\u00e9diatement oubli\u00e9es quand le chemin des \u00ab Oujets \u00bb d\u00e9roule son ruban de terre sous nos roues.<\/div><\/div><\/figcaption><\/figure><div class=\"fg-loader\"><\/div><\/div><div class=\"fg-item fg-type-image fg-idle\"><figure class=\"fg-item-inner\"><a href=\"https:\/\/alpavista.ch\/Alp11\/wp-content\/uploads\/Col_de_Mille_2024_1_022.png\" data-caption-title=\"Le vert est dans le pr\u00e9 et le bonheur, une fois n&#039;est pas coutume, sur le chemin.\" data-caption-desc=\"Le vert est dans le pr\u00e9 et le bonheur, une fois n&#039;est pas coutume, sur le chemin.\" data-attachment-id=\"39617\" data-type=\"image\" class=\"fg-thumb\"><span class=\"fg-image-wrap\"><img decoding=\"async\" title=\"Le vert est dans le pr\u00e9 et le bonheur, une fois n&#039;est pas coutume, sur le chemin.\" width=\"101\" height=\"57\" class=\"skip-lazy fg-image\" data-src-fg=\"https:\/\/alpavista.ch\/Alp11\/wp-content\/uploads\/cache\/Col_de_Mille_2024_1_022\/1906670054.png\" src=\"data:image\/svg+xml,%3Csvg%20xmlns%3D%22http%3A%2F%2Fwww.w3.org%2F2000%2Fsvg%22%20width%3D%22101%22%20height%3D%2257%22%20viewBox%3D%220%200%20101%2057%22%3E%3C%2Fsvg%3E\" loading=\"eager\"><\/span><span class=\"fg-image-overlay\"><\/span><\/a><figcaption class=\"fg-caption\"><div class=\"fg-caption-inner\"><div class=\"fg-caption-desc\">Le vert est dans le pr\u00e9 et le bonheur, une fois n'est pas coutume, sur le chemin.<\/div><\/div><\/figcaption><\/figure><div class=\"fg-loader\"><\/div><\/div><div class=\"fg-item fg-type-image fg-idle\"><figure class=\"fg-item-inner\"><a href=\"https:\/\/alpavista.ch\/Alp11\/wp-content\/uploads\/Col_de_Mille_2024_1_023.png\" data-caption-title=\"L&#039;entr\u00e9e en mati\u00e8re montre quelques vell\u00e9it\u00e9s parfois rocailleuses ....\" data-caption-desc=\"L&#039;entr\u00e9e en mati\u00e8re montre quelques vell\u00e9it\u00e9s parfois rocailleuses ....\" data-attachment-id=\"39618\" data-type=\"image\" class=\"fg-thumb\"><span class=\"fg-image-wrap\"><img decoding=\"async\" title=\"L&#039;entr\u00e9e en mati\u00e8re montre quelques vell\u00e9it\u00e9s parfois rocailleuses ....\" width=\"101\" height=\"57\" class=\"skip-lazy fg-image\" data-src-fg=\"https:\/\/alpavista.ch\/Alp11\/wp-content\/uploads\/cache\/Col_de_Mille_2024_1_023\/3441742609.png\" src=\"data:image\/svg+xml,%3Csvg%20xmlns%3D%22http%3A%2F%2Fwww.w3.org%2F2000%2Fsvg%22%20width%3D%22101%22%20height%3D%2257%22%20viewBox%3D%220%200%20101%2057%22%3E%3C%2Fsvg%3E\" loading=\"eager\"><\/span><span class=\"fg-image-overlay\"><\/span><\/a><figcaption class=\"fg-caption\"><div class=\"fg-caption-inner\"><div class=\"fg-caption-desc\">L'entr\u00e9e en mati\u00e8re montre quelques vell\u00e9it\u00e9s parfois rocailleuses ....<\/div><\/div><\/figcaption><\/figure><div class=\"fg-loader\"><\/div><\/div><div class=\"fg-item fg-type-image fg-idle\"><figure class=\"fg-item-inner\"><a href=\"https:\/\/alpavista.ch\/Alp11\/wp-content\/uploads\/Col_de_Mille_2024_1_024.png\" data-caption-title=\"... ou cassantes. Mais c&#039;est avant tout l&#039;\u00e9troitesse et l&#039;exposition du chemin qui n\u00e9cessitent concentration et pr\u00e9cision.\" data-caption-desc=\"... ou cassantes. Mais c&#039;est avant tout l&#039;\u00e9troitesse et l&#039;exposition du chemin qui n\u00e9cessitent concentration et pr\u00e9cision.\" data-attachment-id=\"39636\" data-type=\"image\" class=\"fg-thumb\"><span class=\"fg-image-wrap\"><img decoding=\"async\" title=\"... ou cassantes. Mais c&#039;est avant tout l&#039;\u00e9troitesse et l&#039;exposition du chemin qui n\u00e9cessitent concentration et pr\u00e9cision.\" width=\"101\" height=\"57\" class=\"skip-lazy fg-image\" data-src-fg=\"https:\/\/alpavista.ch\/Alp11\/wp-content\/uploads\/cache\/Col_de_Mille_2024_1_024\/2448653613.png\" src=\"data:image\/svg+xml,%3Csvg%20xmlns%3D%22http%3A%2F%2Fwww.w3.org%2F2000%2Fsvg%22%20width%3D%22101%22%20height%3D%2257%22%20viewBox%3D%220%200%20101%2057%22%3E%3C%2Fsvg%3E\" loading=\"eager\"><\/span><span class=\"fg-image-overlay\"><\/span><\/a><figcaption class=\"fg-caption\"><div class=\"fg-caption-inner\"><div class=\"fg-caption-desc\">... ou cassantes. Mais c'est avant tout l'\u00e9troitesse et l'exposition du chemin qui n\u00e9cessitent concentration et pr\u00e9cision.<\/div><\/div><\/figcaption><\/figure><div class=\"fg-loader\"><\/div><\/div><div class=\"fg-item fg-type-image fg-idle\"><figure class=\"fg-item-inner\"><a href=\"https:\/\/alpavista.ch\/Alp11\/wp-content\/uploads\/Col_de_Mille_2024_1_025.png\" data-caption-title=\"Peu importe tout ce qu&#039;on a d\u00e9j\u00e0 fait, quand on voit tout ce (chemin) qui reste \u00e0 faire, on ne peut que sourire.\" data-caption-desc=\"Peu importe tout ce qu&#039;on a d\u00e9j\u00e0 fait, quand on voit tout ce (chemin) qui reste \u00e0 faire, on ne peut que sourire.\" data-attachment-id=\"39620\" data-type=\"image\" class=\"fg-thumb\"><span class=\"fg-image-wrap\"><img decoding=\"async\" title=\"Peu importe tout ce qu&#039;on a d\u00e9j\u00e0 fait, quand on voit tout ce (chemin) qui reste \u00e0 faire, on ne peut que sourire.\" width=\"101\" height=\"57\" class=\"skip-lazy fg-image\" data-src-fg=\"https:\/\/alpavista.ch\/Alp11\/wp-content\/uploads\/cache\/Col_de_Mille_2024_1_025\/1837505235.png\" src=\"data:image\/svg+xml,%3Csvg%20xmlns%3D%22http%3A%2F%2Fwww.w3.org%2F2000%2Fsvg%22%20width%3D%22101%22%20height%3D%2257%22%20viewBox%3D%220%200%20101%2057%22%3E%3C%2Fsvg%3E\" loading=\"eager\"><\/span><span class=\"fg-image-overlay\"><\/span><\/a><figcaption class=\"fg-caption\"><div class=\"fg-caption-inner\"><div class=\"fg-caption-desc\">Peu importe tout ce qu'on a d\u00e9j\u00e0 fait, quand on voit tout ce (chemin) qui reste \u00e0 faire, on ne peut que sourire.<\/div><\/div><\/figcaption><\/figure><div class=\"fg-loader\"><\/div><\/div><div class=\"fg-item fg-type-image fg-idle\"><figure class=\"fg-item-inner\"><a href=\"https:\/\/alpavista.ch\/Alp11\/wp-content\/uploads\/Col_de_Mille_2024_1_026.png\" data-caption-title=\"Malgr\u00e9 des pierres mises \u00e0 nu chaque ann\u00e9e plus nombreuses,  ce sympathique tortillard reste un pur bonheur \u00e0 d\u00e9tricoter.\" data-caption-desc=\"Malgr\u00e9 des pierres mises \u00e0 nu chaque ann\u00e9e plus nombreuses,  ce sympathique tortillard reste un pur bonheur \u00e0 d\u00e9tricoter.\" data-attachment-id=\"39621\" data-type=\"image\" class=\"fg-thumb\"><span class=\"fg-image-wrap\"><img decoding=\"async\" title=\"Malgr\u00e9 des pierres mises \u00e0 nu chaque ann\u00e9e plus nombreuses,  ce sympathique tortillard reste un pur bonheur \u00e0 d\u00e9tricoter.\" width=\"101\" height=\"57\" class=\"skip-lazy fg-image\" data-src-fg=\"https:\/\/alpavista.ch\/Alp11\/wp-content\/uploads\/cache\/Col_de_Mille_2024_1_026\/359115490.png\" src=\"data:image\/svg+xml,%3Csvg%20xmlns%3D%22http%3A%2F%2Fwww.w3.org%2F2000%2Fsvg%22%20width%3D%22101%22%20height%3D%2257%22%20viewBox%3D%220%200%20101%2057%22%3E%3C%2Fsvg%3E\" loading=\"eager\"><\/span><span class=\"fg-image-overlay\"><\/span><\/a><figcaption class=\"fg-caption\"><div class=\"fg-caption-inner\"><div class=\"fg-caption-desc\">Malgr\u00e9 des pierres mises \u00e0 nu chaque ann\u00e9e plus nombreuses,  ce sympathique tortillard reste un pur bonheur \u00e0 d\u00e9tricoter.<\/div><\/div><\/figcaption><\/figure><div class=\"fg-loader\"><\/div><\/div><div class=\"fg-item fg-type-image fg-idle\"><figure class=\"fg-item-inner\"><a href=\"https:\/\/alpavista.ch\/Alp11\/wp-content\/uploads\/Col_de_Mille_2024_1_027.png\" data-caption-title=\"Il n&#039;y a que \u00ab Mailles \u00bb qui m&#039;aillent !\" data-caption-desc=\"Il n&#039;y a que \u00ab Mailles \u00bb qui m&#039;aillent !\" data-attachment-id=\"39622\" data-type=\"image\" class=\"fg-thumb\"><span class=\"fg-image-wrap\"><img decoding=\"async\" title=\"Il n&#039;y a que \u00ab Mailles \u00bb qui m&#039;aillent !\" width=\"101\" height=\"57\" class=\"skip-lazy fg-image\" data-src-fg=\"https:\/\/alpavista.ch\/Alp11\/wp-content\/uploads\/cache\/Col_de_Mille_2024_1_027\/403665995.png\" src=\"data:image\/svg+xml,%3Csvg%20xmlns%3D%22http%3A%2F%2Fwww.w3.org%2F2000%2Fsvg%22%20width%3D%22101%22%20height%3D%2257%22%20viewBox%3D%220%200%20101%2057%22%3E%3C%2Fsvg%3E\" loading=\"eager\"><\/span><span class=\"fg-image-overlay\"><\/span><\/a><figcaption class=\"fg-caption\"><div class=\"fg-caption-inner\"><div class=\"fg-caption-desc\">Il n'y a que \u00ab Mailles \u00bb qui m'aillent !<\/div><\/div><\/figcaption><\/figure><div class=\"fg-loader\"><\/div><\/div><div class=\"fg-item fg-type-image fg-idle\"><figure class=\"fg-item-inner\"><a href=\"https:\/\/alpavista.ch\/Alp11\/wp-content\/uploads\/Col_de_Mille_2024_1_028.png\" data-caption-title=\"La moraine la plus photographi\u00e9e d&#039;Europe vu sous un angle singulier et fleuri, gr\u00e2ce \u00e0 l&#039;oeil de JP:\" data-caption-desc=\"La moraine la plus photographi\u00e9e d&#039;Europe vu sous un angle singulier et fleuri, gr\u00e2ce \u00e0 l&#039;oeil de JP:\" data-attachment-id=\"39623\" data-type=\"image\" class=\"fg-thumb\"><span class=\"fg-image-wrap\"><img decoding=\"async\" title=\"La moraine la plus photographi\u00e9e d&#039;Europe vu sous un angle singulier et fleuri, gr\u00e2ce \u00e0 l&#039;oeil de JP:\" width=\"101\" height=\"57\" class=\"skip-lazy fg-image\" data-src-fg=\"https:\/\/alpavista.ch\/Alp11\/wp-content\/uploads\/cache\/Col_de_Mille_2024_1_028\/927060277.png\" src=\"data:image\/svg+xml,%3Csvg%20xmlns%3D%22http%3A%2F%2Fwww.w3.org%2F2000%2Fsvg%22%20width%3D%22101%22%20height%3D%2257%22%20viewBox%3D%220%200%20101%2057%22%3E%3C%2Fsvg%3E\" loading=\"eager\"><\/span><span class=\"fg-image-overlay\"><\/span><\/a><figcaption class=\"fg-caption\"><div class=\"fg-caption-inner\"><div class=\"fg-caption-desc\">La moraine la plus photographi\u00e9e d'Europe vu sous un angle singulier et fleuri, gr\u00e2ce \u00e0 l'oeil de JP:<\/div><\/div><\/figcaption><\/figure><div class=\"fg-loader\"><\/div><\/div><div class=\"fg-item fg-type-image fg-idle\"><figure class=\"fg-item-inner\"><a href=\"https:\/\/alpavista.ch\/Alp11\/wp-content\/uploads\/Col_de_Mille_2024_1_029.png\" data-caption-title=\"Quand \u00e7a penche, c&#039;est que \u00e7a avance.\" data-caption-desc=\"Quand \u00e7a penche, c&#039;est que \u00e7a avance.\" data-attachment-id=\"39624\" data-type=\"image\" class=\"fg-thumb\"><span class=\"fg-image-wrap\"><img decoding=\"async\" title=\"Quand \u00e7a penche, c&#039;est que \u00e7a avance.\" width=\"101\" height=\"57\" class=\"skip-lazy fg-image\" data-src-fg=\"https:\/\/alpavista.ch\/Alp11\/wp-content\/uploads\/cache\/Col_de_Mille_2024_1_029\/1433525334.png\" src=\"data:image\/svg+xml,%3Csvg%20xmlns%3D%22http%3A%2F%2Fwww.w3.org%2F2000%2Fsvg%22%20width%3D%22101%22%20height%3D%2257%22%20viewBox%3D%220%200%20101%2057%22%3E%3C%2Fsvg%3E\" loading=\"eager\"><\/span><span class=\"fg-image-overlay\"><\/span><\/a><figcaption class=\"fg-caption\"><div class=\"fg-caption-inner\"><div class=\"fg-caption-desc\">Quand \u00e7a penche, c'est que \u00e7a avance.<\/div><\/div><\/figcaption><\/figure><div class=\"fg-loader\"><\/div><\/div><div class=\"fg-item fg-type-image fg-idle\"><figure class=\"fg-item-inner\"><a href=\"https:\/\/alpavista.ch\/Alp11\/wp-content\/uploads\/Col_de_Mille_2024_1_030.png\" data-caption-title=\"M\u00eame si elle n&#039;est pas forc\u00e9ment encourageante, il n&#039;y a que cette ligne qui permet de traverser ce juv\u00e9nile affluent du torrent de Verseg\u00e8res, sans faire \u00ab pied(s) \u00bb.\" data-caption-desc=\"M\u00eame si elle n&#039;est pas forc\u00e9ment encourageante, il n&#039;y a que cette ligne qui permet de traverser ce juv\u00e9nile affluent du torrent de Verseg\u00e8res, sans faire \u00ab pied(s) \u00bb.\" data-attachment-id=\"39625\" data-type=\"image\" class=\"fg-thumb\"><span class=\"fg-image-wrap\"><img decoding=\"async\" title=\"M\u00eame si elle n&#039;est pas forc\u00e9ment encourageante, il n&#039;y a que cette ligne qui permet de traverser ce juv\u00e9nile affluent du torrent de Verseg\u00e8res, sans faire \u00ab pied(s) \u00bb.\" width=\"101\" height=\"57\" class=\"skip-lazy fg-image\" data-src-fg=\"https:\/\/alpavista.ch\/Alp11\/wp-content\/uploads\/cache\/Col_de_Mille_2024_1_030\/2871747820.png\" src=\"data:image\/svg+xml,%3Csvg%20xmlns%3D%22http%3A%2F%2Fwww.w3.org%2F2000%2Fsvg%22%20width%3D%22101%22%20height%3D%2257%22%20viewBox%3D%220%200%20101%2057%22%3E%3C%2Fsvg%3E\" loading=\"eager\"><\/span><span class=\"fg-image-overlay\"><\/span><\/a><figcaption class=\"fg-caption\"><div class=\"fg-caption-inner\"><div class=\"fg-caption-desc\">M\u00eame si elle n'est pas forc\u00e9ment encourageante, il n'y a que cette ligne qui permet de traverser ce juv\u00e9nile affluent du torrent de Verseg\u00e8res, sans faire \u00ab pied(s) \u00bb.<\/div><\/div><\/figcaption><\/figure><div class=\"fg-loader\"><\/div><\/div><div class=\"fg-item fg-type-image fg-idle\"><figure class=\"fg-item-inner\"><a href=\"https:\/\/alpavista.ch\/Alp11\/wp-content\/uploads\/Col_de_Mille_2024_1_031.png\" data-caption-title=\"Vu sous cet angle, \u00e7a parait compliqu\u00e9. En vrai, il n&#039;en est rien, \u00e0 condition de bien d\u00e9velopper.\" data-caption-desc=\"Vu sous cet angle, \u00e7a parait compliqu\u00e9. En vrai, il n&#039;en est rien, \u00e0 condition de bien d\u00e9velopper.\" data-attachment-id=\"39626\" data-type=\"image\" class=\"fg-thumb\"><span class=\"fg-image-wrap\"><img decoding=\"async\" title=\"Vu sous cet angle, \u00e7a parait compliqu\u00e9. En vrai, il n&#039;en est rien, \u00e0 condition de bien d\u00e9velopper.\" width=\"101\" height=\"57\" class=\"skip-lazy fg-image\" data-src-fg=\"https:\/\/alpavista.ch\/Alp11\/wp-content\/uploads\/cache\/Col_de_Mille_2024_1_031\/2789456453.png\" src=\"data:image\/svg+xml,%3Csvg%20xmlns%3D%22http%3A%2F%2Fwww.w3.org%2F2000%2Fsvg%22%20width%3D%22101%22%20height%3D%2257%22%20viewBox%3D%220%200%20101%2057%22%3E%3C%2Fsvg%3E\" loading=\"eager\"><\/span><span class=\"fg-image-overlay\"><\/span><\/a><figcaption class=\"fg-caption\"><div class=\"fg-caption-inner\"><div class=\"fg-caption-desc\">Vu sous cet angle, \u00e7a parait compliqu\u00e9. En vrai, il n'en est rien, \u00e0 condition de bien d\u00e9velopper.<\/div><\/div><\/figcaption><\/figure><div class=\"fg-loader\"><\/div><\/div><div class=\"fg-item fg-type-image fg-idle\"><figure class=\"fg-item-inner\"><a href=\"https:\/\/alpavista.ch\/Alp11\/wp-content\/uploads\/Col_de_Mille_2024_1_032.png\" data-caption-title=\"L&#039;arnica n&#039;est pas uniquement dans la pharma embarqu\u00e9e. Ici, elle est aussi dans le pr\u00e9.\" data-caption-desc=\"L&#039;arnica n&#039;est pas uniquement dans la pharma embarqu\u00e9e. Ici, elle est aussi dans le pr\u00e9.\" data-attachment-id=\"39627\" data-type=\"image\" class=\"fg-thumb\"><span class=\"fg-image-wrap\"><img decoding=\"async\" title=\"L&#039;arnica n&#039;est pas uniquement dans la pharma embarqu\u00e9e. Ici, elle est aussi dans le pr\u00e9.\" width=\"101\" height=\"57\" class=\"skip-lazy fg-image\" data-src-fg=\"https:\/\/alpavista.ch\/Alp11\/wp-content\/uploads\/cache\/Col_de_Mille_2024_1_032\/3735161460.png\" src=\"data:image\/svg+xml,%3Csvg%20xmlns%3D%22http%3A%2F%2Fwww.w3.org%2F2000%2Fsvg%22%20width%3D%22101%22%20height%3D%2257%22%20viewBox%3D%220%200%20101%2057%22%3E%3C%2Fsvg%3E\" loading=\"eager\"><\/span><span class=\"fg-image-overlay\"><\/span><\/a><figcaption class=\"fg-caption\"><div class=\"fg-caption-inner\"><div class=\"fg-caption-desc\">L'arnica n'est pas uniquement dans la pharma embarqu\u00e9e. Ici, elle est aussi dans le pr\u00e9.<\/div><\/div><\/figcaption><\/figure><div class=\"fg-loader\"><\/div><\/div><div class=\"fg-item fg-type-image fg-idle\"><figure class=\"fg-item-inner\"><a href=\"https:\/\/alpavista.ch\/Alp11\/wp-content\/uploads\/Col_de_Mille_2024_1_033.png\" data-caption-title=\"Les Beutsons et sa multitude de lacets judicieusement rajout\u00e9s.\" data-caption-desc=\"Les Beutsons et sa multitude de lacets judicieusement rajout\u00e9s.\" data-attachment-id=\"39628\" data-type=\"image\" class=\"fg-thumb\"><span class=\"fg-image-wrap\"><img decoding=\"async\" title=\"Les Beutsons et sa multitude de lacets judicieusement rajout\u00e9s.\" width=\"101\" height=\"57\" class=\"skip-lazy fg-image\" data-src-fg=\"https:\/\/alpavista.ch\/Alp11\/wp-content\/uploads\/cache\/Col_de_Mille_2024_1_033\/1646502019.png\" src=\"data:image\/svg+xml,%3Csvg%20xmlns%3D%22http%3A%2F%2Fwww.w3.org%2F2000%2Fsvg%22%20width%3D%22101%22%20height%3D%2257%22%20viewBox%3D%220%200%20101%2057%22%3E%3C%2Fsvg%3E\" loading=\"eager\"><\/span><span class=\"fg-image-overlay\"><\/span><\/a><figcaption class=\"fg-caption\"><div class=\"fg-caption-inner\"><div class=\"fg-caption-desc\">Les Beutsons et sa multitude de lacets judicieusement rajout\u00e9s.<\/div><\/div><\/figcaption><\/figure><div class=\"fg-loader\"><\/div><\/div><div class=\"fg-item fg-type-image fg-idle\"><figure class=\"fg-item-inner\"><a href=\"https:\/\/alpavista.ch\/Alp11\/wp-content\/uploads\/Col_de_Mille_2024_1_034.png\" data-caption-title=\"Ce n&#039;est plus un pr\u00e9, mais un v\u00e9ritable champs de fleurs. Je connais quelques bovid\u00e9s qui vont se r\u00e9galer.\" data-caption-desc=\"Ce n&#039;est plus un pr\u00e9, mais un v\u00e9ritable champs de fleurs. Je connais quelques bovid\u00e9s qui vont se r\u00e9galer.\" data-attachment-id=\"39629\" data-type=\"image\" class=\"fg-thumb\"><span class=\"fg-image-wrap\"><img decoding=\"async\" title=\"Ce n&#039;est plus un pr\u00e9, mais un v\u00e9ritable champs de fleurs. Je connais quelques bovid\u00e9s qui vont se r\u00e9galer.\" width=\"101\" height=\"57\" class=\"skip-lazy fg-image\" data-src-fg=\"https:\/\/alpavista.ch\/Alp11\/wp-content\/uploads\/cache\/Col_de_Mille_2024_1_034\/2659720776.png\" src=\"data:image\/svg+xml,%3Csvg%20xmlns%3D%22http%3A%2F%2Fwww.w3.org%2F2000%2Fsvg%22%20width%3D%22101%22%20height%3D%2257%22%20viewBox%3D%220%200%20101%2057%22%3E%3C%2Fsvg%3E\" loading=\"eager\"><\/span><span class=\"fg-image-overlay\"><\/span><\/a><figcaption class=\"fg-caption\"><div class=\"fg-caption-inner\"><div class=\"fg-caption-desc\">Ce n'est plus un pr\u00e9, mais un v\u00e9ritable champs de fleurs. Je connais quelques bovid\u00e9s qui vont se r\u00e9galer.<\/div><\/div><\/figcaption><\/figure><div class=\"fg-loader\"><\/div><\/div><div class=\"fg-item fg-type-image fg-idle\"><figure class=\"fg-item-inner\"><a href=\"https:\/\/alpavista.ch\/Alp11\/wp-content\/uploads\/Col_de_Mille_2024_1_035.png\" data-caption-title=\"Les fameux escaliers finaux. Moins m\u00e9chants qu&#039;il n&#039;y para\u00eet.\" data-caption-desc=\"Les fameux escaliers finaux. Moins m\u00e9chants qu&#039;il n&#039;y para\u00eet.\" data-attachment-id=\"39630\" data-type=\"image\" class=\"fg-thumb\"><span class=\"fg-image-wrap\"><img decoding=\"async\" title=\"Les fameux escaliers finaux. Moins m\u00e9chants qu&#039;il n&#039;y para\u00eet.\" width=\"101\" height=\"57\" class=\"skip-lazy fg-image\" data-src-fg=\"https:\/\/alpavista.ch\/Alp11\/wp-content\/uploads\/cache\/Col_de_Mille_2024_1_035\/316068831.png\" src=\"data:image\/svg+xml,%3Csvg%20xmlns%3D%22http%3A%2F%2Fwww.w3.org%2F2000%2Fsvg%22%20width%3D%22101%22%20height%3D%2257%22%20viewBox%3D%220%200%20101%2057%22%3E%3C%2Fsvg%3E\" loading=\"eager\"><\/span><span class=\"fg-image-overlay\"><\/span><\/a><figcaption class=\"fg-caption\"><div class=\"fg-caption-inner\"><div class=\"fg-caption-desc\">Les fameux escaliers finaux. Moins m\u00e9chants qu'il n'y para\u00eet.<\/div><\/div><\/figcaption><\/figure><div class=\"fg-loader\"><\/div><\/div><\/div>\n\n<input class=\"fooboxshare_post_id\" type=\"hidden\" value=\"39632\"\/>","protected":false},"excerpt":{"rendered":"<p>Maintenant qu\u2019il ne fait pratiquement plus jamais beau. Maintenant que le gris est ancr\u00e9 dans nos vies. Maintenant que la pluie n\u2019est plus b\u00e9nie, mais honnie. Eh bien, maintenant, continuer \u00e0 faire du VTT reste, plus que jamais, d\u2019actualit\u00e9. D\u2019actualit\u00e9 pour continuer \u00e0 appr\u00e9cier une nature d\u00e9sormais imbib\u00e9e d\u2019humidit\u00e9, souvent embrum\u00e9e, voire m\u00eame, parfois, faisant preuve d\u2019hostilit\u00e9.<\/p>\n","protected":false},"author":2,"featured_media":39633,"comment_status":"open","ping_status":"open","sticky":false,"template":"","format":"standard","meta":{"footnotes":""},"categories":[658,4],"tags":[1079,3803,1240,1180,2138,1558,2463,1273,3804,1560,1651],"class_list":["post-39632","post","type-post","status-publish","format-standard","has-post-thumbnail","hentry","category-outdoor","category-vtt","tag-bagnes","tag-beutsons","tag-bruson","tag-dranse","tag-mille","tag-moay","tag-momin","tag-mont-brule","tag-posodziet","tag-servay","tag-tseppi"],"_links":{"self":[{"href":"https:\/\/alpavista.ch\/Alp11\/wp-json\/wp\/v2\/posts\/39632","targetHints":{"allow":["GET"]}}],"collection":[{"href":"https:\/\/alpavista.ch\/Alp11\/wp-json\/wp\/v2\/posts"}],"about":[{"href":"https:\/\/alpavista.ch\/Alp11\/wp-json\/wp\/v2\/types\/post"}],"author":[{"embeddable":true,"href":"https:\/\/alpavista.ch\/Alp11\/wp-json\/wp\/v2\/users\/2"}],"replies":[{"embeddable":true,"href":"https:\/\/alpavista.ch\/Alp11\/wp-json\/wp\/v2\/comments?post=39632"}],"version-history":[{"count":0,"href":"https:\/\/alpavista.ch\/Alp11\/wp-json\/wp\/v2\/posts\/39632\/revisions"}],"wp:featuredmedia":[{"embeddable":true,"href":"https:\/\/alpavista.ch\/Alp11\/wp-json\/wp\/v2\/media\/39633"}],"wp:attachment":[{"href":"https:\/\/alpavista.ch\/Alp11\/wp-json\/wp\/v2\/media?parent=39632"}],"wp:term":[{"taxonomy":"category","embeddable":true,"href":"https:\/\/alpavista.ch\/Alp11\/wp-json\/wp\/v2\/categories?post=39632"},{"taxonomy":"post_tag","embeddable":true,"href":"https:\/\/alpavista.ch\/Alp11\/wp-json\/wp\/v2\/tags?post=39632"}],"curies":[{"name":"wp","href":"https:\/\/api.w.org\/{rel}","templated":true}]}}