{"id":40150,"date":"2024-11-01T16:37:33","date_gmt":"2024-11-01T15:37:33","guid":{"rendered":"https:\/\/alpavista.ch\/Alp11\/?p=40150"},"modified":"2024-11-02T07:47:47","modified_gmt":"2024-11-02T06:47:47","slug":"toussaint-au-mont-brule","status":"publish","type":"post","link":"https:\/\/alpavista.ch\/Alp11\/2024\/11\/01\/toussaint-au-mont-brule\/","title":{"rendered":"Toussaint au Mont-Br\u00fbl\u00e9"},"content":{"rendered":"<p>M\u00eame si une haute pression a finalement r\u00e9ussi \u00e0 s&rsquo;installer sur les Alpes, m\u00eame si notre \u00ab indien \u00bb pr\u00e9f\u00e9r\u00e9 s\u2019est visiblement octroy\u00e9 un CDI, m\u00eame si l\u2019inversion des temp\u00e9ratures affole tous les compteurs, avec l\u2019habituelle froidure glauque et humide r\u00e9gnant sous le stratus et un 0\u00b0 perch\u00e9 au-dessus des 4&rsquo;000 m\u00e8tres, en montagne, novembre est l\u00e0. Et, pour continuer \u00e0 rouler, il faut privil\u00e9gier les adrets. <\/p>\n<p>Ca tombe bien, le Valais n\u2019en manque pas. Et certains ont m\u00eame la bonne id\u00e9e de proposer des chemins en tous points divins.<br \/>\n<!--more--><\/p>\n<p>Si la r\u00e9putation du Col de Mille est d\u00e9sormais bien \u00e9tablie, en mati\u00e8re de VTT, c\u2019est principalement en raison des chemins qui ont \u00e9t\u00e9 am\u00e9nag\u00e9s sur son versant nord, par la Commune du Val de Bagnes. Mais, pour autant, si les chemins de son adret n\u2019ont pas la chance de b\u00e9n\u00e9ficier du travail expert de l\u2019\u00e9quipe de \u00ab shapers \u00bb bagnards, ils n\u2019en restent pas moins parfaitement \u00ab bikables \u00bb. Juste un peu plus \u00ab roots \u00bb par manque d\u2019entretien.<\/p>\n<p>Passer chaque ann\u00e9e la Toussaint au Mont-Br\u00fbl\u00e9 ? Je signe imm\u00e9diatement !<\/p>\n<style type=\"text\/css\">\n#foogallery-gallery-40149 .fg-image { width: 101px; }\n#foogallery-gallery-40149 { --fg-gutter: 1px; }<\/style>\n\t\t\t<div class=\"foogallery foogallery-container foogallery-default foogallery-lightbox-none fg-left fg-default fg-ready fg-light fg-loading-default fg-loaded-fade-in fg-preset fg-selena fg-preset-small fg-preset fg-selena fg-preset-small\" id=\"foogallery-gallery-40149\" data-foogallery=\"{&quot;item&quot;:{&quot;showCaptionTitle&quot;:false,&quot;showCaptionDescription&quot;:true},&quot;lazy&quot;:true,&quot;state&quot;:{&quot;enabled&quot;:true,&quot;mask&quot;:&quot;foogallery-{id}&quot;}}\" style=\"--fg-title-line-clamp: 0; --fg-description-line-clamp: 0;\" >\n\t<div class=\"fg-item fg-type-image fg-idle\"><figure class=\"fg-item-inner\"><a href=\"https:\/\/alpavista.ch\/Alp11\/wp-content\/uploads\/Mont-Brule_24_001.png\" data-caption-title=\"De mille (m\u00e8tres) \u00e0 Mille (le col), il y a exactement 1471 m\u00e8tres \u00e0 escalader et quelques litres \u00e0 suer par ce 1er novembre \u00e0 la temp\u00e9rature singuli\u00e8re.\" data-caption-desc=\"De mille (m\u00e8tres) \u00e0 Mille (le col), il y a exactement 1471 m\u00e8tres \u00e0 escalader et quelques litres \u00e0 suer par ce 1er novembre \u00e0 la temp\u00e9rature singuli\u00e8re.\" data-attachment-id=\"40120\" data-type=\"image\" class=\"fg-thumb\"><span class=\"fg-image-wrap\"><img decoding=\"async\" title=\"De mille (m\u00e8tres) \u00e0 Mille (le col), il y a exactement 1471 m\u00e8tres \u00e0 escalader et quelques litres \u00e0 suer par ce 1er novembre \u00e0 la temp\u00e9rature singuli\u00e8re.\" width=\"101\" height=\"57\" class=\"skip-lazy fg-image\" data-src-fg=\"https:\/\/alpavista.ch\/Alp11\/wp-content\/uploads\/cache\/Mont-Brule_24_001\/4024499412.png\" src=\"data:image\/svg+xml,%3Csvg%20xmlns%3D%22http%3A%2F%2Fwww.w3.org%2F2000%2Fsvg%22%20width%3D%22101%22%20height%3D%2257%22%20viewBox%3D%220%200%20101%2057%22%3E%3C%2Fsvg%3E\" loading=\"eager\"><\/span><span class=\"fg-image-overlay\"><\/span><\/a><figcaption class=\"fg-caption\"><div class=\"fg-caption-inner\"><div class=\"fg-caption-desc\">De mille (m\u00e8tres) \u00e0 Mille (le col), il y a exactement 1471 m\u00e8tres \u00e0 escalader et quelques litres \u00e0 suer par ce 1er novembre \u00e0 la temp\u00e9rature singuli\u00e8re.<\/div><\/div><\/figcaption><\/figure><div class=\"fg-loader\"><\/div><\/div><div class=\"fg-item fg-type-image fg-idle\"><figure class=\"fg-item-inner\"><a href=\"https:\/\/alpavista.ch\/Alp11\/wp-content\/uploads\/Mont-Brule_24_002.png\" data-caption-title=\"La \u00ab Dzoz\u2019 Connection \u00bb et leur \u00ab petit \u00bbTransition d&#039;un jour.\" data-caption-desc=\"La \u00ab Dzoz\u2019 Connection \u00bb et leur \u00ab petit \u00bbTransition d&#039;un jour.\" data-attachment-id=\"40121\" data-type=\"image\" class=\"fg-thumb\"><span class=\"fg-image-wrap\"><img decoding=\"async\" title=\"La \u00ab Dzoz\u2019 Connection \u00bb et leur \u00ab petit \u00bbTransition d&#039;un jour.\" width=\"101\" height=\"57\" class=\"skip-lazy fg-image\" data-src-fg=\"https:\/\/alpavista.ch\/Alp11\/wp-content\/uploads\/cache\/Mont-Brule_24_002\/1560975322.png\" src=\"data:image\/svg+xml,%3Csvg%20xmlns%3D%22http%3A%2F%2Fwww.w3.org%2F2000%2Fsvg%22%20width%3D%22101%22%20height%3D%2257%22%20viewBox%3D%220%200%20101%2057%22%3E%3C%2Fsvg%3E\" loading=\"eager\"><\/span><span class=\"fg-image-overlay\"><\/span><\/a><figcaption class=\"fg-caption\"><div class=\"fg-caption-inner\"><div class=\"fg-caption-desc\">La \u00ab Dzoz\u2019 Connection \u00bb et leur \u00ab petit \u00bbTransition d'un jour.<\/div><\/div><\/figcaption><\/figure><div class=\"fg-loader\"><\/div><\/div><div class=\"fg-item fg-type-image fg-idle\"><figure class=\"fg-item-inner\"><a href=\"https:\/\/alpavista.ch\/Alp11\/wp-content\/uploads\/Mont-Brule_24_003.png\" data-caption-title=\"Tourner le dos au Coeur pour mieux mettre dans le Mille.\" data-caption-desc=\"Tourner le dos au Coeur pour mieux mettre dans le Mille.\" data-attachment-id=\"40122\" data-type=\"image\" class=\"fg-thumb\"><span class=\"fg-image-wrap\"><img decoding=\"async\" title=\"Tourner le dos au Coeur pour mieux mettre dans le Mille.\" width=\"101\" height=\"57\" class=\"skip-lazy fg-image\" data-src-fg=\"https:\/\/alpavista.ch\/Alp11\/wp-content\/uploads\/cache\/Mont-Brule_24_003\/3574538867.png\" src=\"data:image\/svg+xml,%3Csvg%20xmlns%3D%22http%3A%2F%2Fwww.w3.org%2F2000%2Fsvg%22%20width%3D%22101%22%20height%3D%2257%22%20viewBox%3D%220%200%20101%2057%22%3E%3C%2Fsvg%3E\" loading=\"eager\"><\/span><span class=\"fg-image-overlay\"><\/span><\/a><figcaption class=\"fg-caption\"><div class=\"fg-caption-inner\"><div class=\"fg-caption-desc\">Tourner le dos au Coeur pour mieux mettre dans le Mille.<\/div><\/div><\/figcaption><\/figure><div class=\"fg-loader\"><\/div><\/div><div class=\"fg-item fg-type-image fg-idle\"><figure class=\"fg-item-inner\"><a href=\"https:\/\/alpavista.ch\/Alp11\/wp-content\/uploads\/Mont-Brule_24_004.png\" data-caption-title=\"Je ne roule pas qu&#039;avec des grands, mais l\u00e0, les mecs, vous avez vraiment l&#039;air tout petits.\" data-caption-desc=\"Je ne roule pas qu&#039;avec des grands, mais l\u00e0, les mecs, vous avez vraiment l&#039;air tout petits.\" data-attachment-id=\"40123\" data-type=\"image\" class=\"fg-thumb\"><span class=\"fg-image-wrap\"><img decoding=\"async\" title=\"Je ne roule pas qu&#039;avec des grands, mais l\u00e0, les mecs, vous avez vraiment l&#039;air tout petits.\" width=\"101\" height=\"57\" class=\"skip-lazy fg-image\" data-src-fg=\"https:\/\/alpavista.ch\/Alp11\/wp-content\/uploads\/cache\/Mont-Brule_24_004\/3819915143.png\" src=\"data:image\/svg+xml,%3Csvg%20xmlns%3D%22http%3A%2F%2Fwww.w3.org%2F2000%2Fsvg%22%20width%3D%22101%22%20height%3D%2257%22%20viewBox%3D%220%200%20101%2057%22%3E%3C%2Fsvg%3E\" loading=\"eager\"><\/span><span class=\"fg-image-overlay\"><\/span><\/a><figcaption class=\"fg-caption\"><div class=\"fg-caption-inner\"><div class=\"fg-caption-desc\">Je ne roule pas qu'avec des grands, mais l\u00e0, les mecs, vous avez vraiment l'air tout petits.<\/div><\/div><\/figcaption><\/figure><div class=\"fg-loader\"><\/div><\/div><div class=\"fg-item fg-type-image fg-idle\"><figure class=\"fg-item-inner\"><a href=\"https:\/\/alpavista.ch\/Alp11\/wp-content\/uploads\/Mont-Brule_24_005.png\" data-caption-title=\"Apr\u00e8s les 1&#039;300 premiers m\u00e8tres d&#039;ascension, c&#039;est la fin des pistes....\" data-caption-desc=\"Apr\u00e8s les 1&#039;300 premiers m\u00e8tres d&#039;ascension, c&#039;est la fin des pistes....\" data-attachment-id=\"40124\" data-type=\"image\" class=\"fg-thumb\"><span class=\"fg-image-wrap\"><img decoding=\"async\" title=\"Apr\u00e8s les 1&#039;300 premiers m\u00e8tres d&#039;ascension, c&#039;est la fin des pistes....\" width=\"101\" height=\"57\" class=\"skip-lazy fg-image\" data-src-fg=\"https:\/\/alpavista.ch\/Alp11\/wp-content\/uploads\/cache\/Mont-Brule_24_005\/2587836826.png\" src=\"data:image\/svg+xml,%3Csvg%20xmlns%3D%22http%3A%2F%2Fwww.w3.org%2F2000%2Fsvg%22%20width%3D%22101%22%20height%3D%2257%22%20viewBox%3D%220%200%20101%2057%22%3E%3C%2Fsvg%3E\" loading=\"eager\"><\/span><span class=\"fg-image-overlay\"><\/span><\/a><figcaption class=\"fg-caption\"><div class=\"fg-caption-inner\"><div class=\"fg-caption-desc\">Apr\u00e8s les 1'300 premiers m\u00e8tres d'ascension, c'est la fin des pistes....<\/div><\/div><\/figcaption><\/figure><div class=\"fg-loader\"><\/div><\/div><div class=\"fg-item fg-type-image fg-idle\"><figure class=\"fg-item-inner\"><a href=\"https:\/\/alpavista.ch\/Alp11\/wp-content\/uploads\/Mont-Brule_24_006.png\" data-caption-title=\"... et, cons\u00e9quence imparable, le d\u00e9but des chemins.\" data-caption-desc=\"... et, cons\u00e9quence imparable, le d\u00e9but des chemins.\" data-attachment-id=\"40125\" data-type=\"image\" class=\"fg-thumb\"><span class=\"fg-image-wrap\"><img decoding=\"async\" title=\"... et, cons\u00e9quence imparable, le d\u00e9but des chemins.\" width=\"101\" height=\"57\" class=\"skip-lazy fg-image\" data-src-fg=\"https:\/\/alpavista.ch\/Alp11\/wp-content\/uploads\/cache\/Mont-Brule_24_006\/685058708.png\" src=\"data:image\/svg+xml,%3Csvg%20xmlns%3D%22http%3A%2F%2Fwww.w3.org%2F2000%2Fsvg%22%20width%3D%22101%22%20height%3D%2257%22%20viewBox%3D%220%200%20101%2057%22%3E%3C%2Fsvg%3E\" loading=\"eager\"><\/span><span class=\"fg-image-overlay\"><\/span><\/a><figcaption class=\"fg-caption\"><div class=\"fg-caption-inner\"><div class=\"fg-caption-desc\">... et, cons\u00e9quence imparable, le d\u00e9but des chemins.<\/div><\/div><\/figcaption><\/figure><div class=\"fg-loader\"><\/div><\/div><div class=\"fg-item fg-type-image fg-idle\"><figure class=\"fg-item-inner\"><a href=\"https:\/\/alpavista.ch\/Alp11\/wp-content\/uploads\/Mont-Brule_24_007.png\" data-caption-title=\"Celui qui m\u00e8ne de l&#039;alpage d&#039;Erra d&#039;en Haut au Col de Mille, est du genre \u00ab dr\u00e8 dans l\u2019pentu \u00bb.\" data-caption-desc=\"Celui qui m\u00e8ne de l&#039;alpage d&#039;Erra d&#039;en Haut au Col de Mille, est du genre \u00ab dr\u00e8 dans l\u2019pentu \u00bb.\" data-attachment-id=\"40126\" data-type=\"image\" class=\"fg-thumb\"><span class=\"fg-image-wrap\"><img decoding=\"async\" title=\"Celui qui m\u00e8ne de l&#039;alpage d&#039;Erra d&#039;en Haut au Col de Mille, est du genre \u00ab dr\u00e8 dans l\u2019pentu \u00bb.\" width=\"101\" height=\"57\" class=\"skip-lazy fg-image\" data-src-fg=\"https:\/\/alpavista.ch\/Alp11\/wp-content\/uploads\/cache\/Mont-Brule_24_007\/2698026813.png\" src=\"data:image\/svg+xml,%3Csvg%20xmlns%3D%22http%3A%2F%2Fwww.w3.org%2F2000%2Fsvg%22%20width%3D%22101%22%20height%3D%2257%22%20viewBox%3D%220%200%20101%2057%22%3E%3C%2Fsvg%3E\" loading=\"eager\"><\/span><span class=\"fg-image-overlay\"><\/span><\/a><figcaption class=\"fg-caption\"><div class=\"fg-caption-inner\"><div class=\"fg-caption-desc\">Celui qui m\u00e8ne de l'alpage d'Erra d'en Haut au Col de Mille, est du genre \u00ab dr\u00e8 dans l\u2019pentu \u00bb.<\/div><\/div><\/figcaption><\/figure><div class=\"fg-loader\"><\/div><\/div><div class=\"fg-item fg-type-image fg-idle\"><figure class=\"fg-item-inner\"><a href=\"https:\/\/alpavista.ch\/Alp11\/wp-content\/uploads\/Mont-Brule_24_008.png\" data-caption-title=\"Le final id\u00e9al pour confirmer les capacit\u00e9s ascensionnelles du Relay et de son \u00ab petit \u00bb  moteur Fazua.\" data-caption-desc=\"Le final id\u00e9al pour confirmer les capacit\u00e9s ascensionnelles du Relay et de son \u00ab petit \u00bb  moteur Fazua.\" data-attachment-id=\"40127\" data-type=\"image\" class=\"fg-thumb\"><span class=\"fg-image-wrap\"><img decoding=\"async\" title=\"Le final id\u00e9al pour confirmer les capacit\u00e9s ascensionnelles du Relay et de son \u00ab petit \u00bb  moteur Fazua.\" width=\"101\" height=\"57\" class=\"skip-lazy fg-image\" data-src-fg=\"https:\/\/alpavista.ch\/Alp11\/wp-content\/uploads\/cache\/Mont-Brule_24_008\/1167450492.png\" src=\"data:image\/svg+xml,%3Csvg%20xmlns%3D%22http%3A%2F%2Fwww.w3.org%2F2000%2Fsvg%22%20width%3D%22101%22%20height%3D%2257%22%20viewBox%3D%220%200%20101%2057%22%3E%3C%2Fsvg%3E\" loading=\"eager\"><\/span><span class=\"fg-image-overlay\"><\/span><\/a><figcaption class=\"fg-caption\"><div class=\"fg-caption-inner\"><div class=\"fg-caption-desc\">Le final id\u00e9al pour confirmer les capacit\u00e9s ascensionnelles du Relay et de son \u00ab petit \u00bb  moteur Fazua.<\/div><\/div><\/figcaption><\/figure><div class=\"fg-loader\"><\/div><\/div><div class=\"fg-item fg-type-image fg-idle\"><figure class=\"fg-item-inner\"><a href=\"https:\/\/alpavista.ch\/Alp11\/wp-content\/uploads\/Mont-Brule_24_009.png\" data-caption-title=\"Rapidement, on voit o\u00f9 l&#039;on va, mais il faut encore un peu \u00ab pulser \u00bb  pour s&#039;y hisser.\" data-caption-desc=\"Rapidement, on voit o\u00f9 l&#039;on va, mais il faut encore un peu \u00ab pulser \u00bb  pour s&#039;y hisser.\" data-attachment-id=\"40128\" data-type=\"image\" class=\"fg-thumb\"><span class=\"fg-image-wrap\"><img decoding=\"async\" title=\"Rapidement, on voit o\u00f9 l&#039;on va, mais il faut encore un peu \u00ab pulser \u00bb  pour s&#039;y hisser.\" width=\"101\" height=\"57\" class=\"skip-lazy fg-image\" data-src-fg=\"https:\/\/alpavista.ch\/Alp11\/wp-content\/uploads\/cache\/Mont-Brule_24_009\/73369160.png\" src=\"data:image\/svg+xml,%3Csvg%20xmlns%3D%22http%3A%2F%2Fwww.w3.org%2F2000%2Fsvg%22%20width%3D%22101%22%20height%3D%2257%22%20viewBox%3D%220%200%20101%2057%22%3E%3C%2Fsvg%3E\" loading=\"eager\"><\/span><span class=\"fg-image-overlay\"><\/span><\/a><figcaption class=\"fg-caption\"><div class=\"fg-caption-inner\"><div class=\"fg-caption-desc\">Rapidement, on voit o\u00f9 l'on va, mais il faut encore un peu \u00ab pulser \u00bb  pour s'y hisser.<\/div><\/div><\/figcaption><\/figure><div class=\"fg-loader\"><\/div><\/div><div class=\"fg-item fg-type-image fg-idle\"><figure class=\"fg-item-inner\"><a href=\"https:\/\/alpavista.ch\/Alp11\/wp-content\/uploads\/Mont-Brule_24_010.png\" data-caption-title=\"15\u00b0 bien tass\u00e9s et soleil de plomb ! Une Toussaint en mode \u00ab indien \u00bb, \u00e7a fait du bien, apr\u00e8s une ann\u00e9e largement trop arros\u00e9e.\" data-caption-desc=\"15\u00b0 bien tass\u00e9s et soleil de plomb ! Une Toussaint en mode \u00ab indien \u00bb, \u00e7a fait du bien, apr\u00e8s une ann\u00e9e largement trop arros\u00e9e.\" data-attachment-id=\"40129\" data-type=\"image\" class=\"fg-thumb\"><span class=\"fg-image-wrap\"><img decoding=\"async\" title=\"15\u00b0 bien tass\u00e9s et soleil de plomb ! Une Toussaint en mode \u00ab indien \u00bb, \u00e7a fait du bien, apr\u00e8s une ann\u00e9e largement trop arros\u00e9e.\" width=\"101\" height=\"57\" class=\"skip-lazy fg-image\" data-src-fg=\"https:\/\/alpavista.ch\/Alp11\/wp-content\/uploads\/cache\/Mont-Brule_24_010\/806282701.png\" src=\"data:image\/svg+xml,%3Csvg%20xmlns%3D%22http%3A%2F%2Fwww.w3.org%2F2000%2Fsvg%22%20width%3D%22101%22%20height%3D%2257%22%20viewBox%3D%220%200%20101%2057%22%3E%3C%2Fsvg%3E\" loading=\"eager\"><\/span><span class=\"fg-image-overlay\"><\/span><\/a><figcaption class=\"fg-caption\"><div class=\"fg-caption-inner\"><div class=\"fg-caption-desc\">15\u00b0 bien tass\u00e9s et soleil de plomb ! Une Toussaint en mode \u00ab indien \u00bb, \u00e7a fait du bien, apr\u00e8s une ann\u00e9e largement trop arros\u00e9e.<\/div><\/div><\/figcaption><\/figure><div class=\"fg-loader\"><\/div><\/div><div class=\"fg-item fg-type-image fg-idle\"><figure class=\"fg-item-inner\"><a href=\"https:\/\/alpavista.ch\/Alp11\/wp-content\/uploads\/Mont-Brule_24_011.png\" data-caption-title=\"P\u00e2ture d&#039;ocre et chemin \u00ab pulsant \u00bb, le point culminant de notre longue ascension matinale.\" data-caption-desc=\"P\u00e2ture d&#039;ocre et chemin \u00ab pulsant \u00bb, le point culminant de notre longue ascension matinale.\" data-attachment-id=\"40130\" data-type=\"image\" class=\"fg-thumb\"><span class=\"fg-image-wrap\"><img decoding=\"async\" title=\"P\u00e2ture d&#039;ocre et chemin \u00ab pulsant \u00bb, le point culminant de notre longue ascension matinale.\" width=\"101\" height=\"57\" class=\"skip-lazy fg-image\" data-src-fg=\"https:\/\/alpavista.ch\/Alp11\/wp-content\/uploads\/cache\/Mont-Brule_24_011\/639374142.png\" src=\"data:image\/svg+xml,%3Csvg%20xmlns%3D%22http%3A%2F%2Fwww.w3.org%2F2000%2Fsvg%22%20width%3D%22101%22%20height%3D%2257%22%20viewBox%3D%220%200%20101%2057%22%3E%3C%2Fsvg%3E\" loading=\"eager\"><\/span><span class=\"fg-image-overlay\"><\/span><\/a><figcaption class=\"fg-caption\"><div class=\"fg-caption-inner\"><div class=\"fg-caption-desc\">P\u00e2ture d'ocre et chemin \u00ab pulsant \u00bb, le point culminant de notre longue ascension matinale.<\/div><\/div><\/figcaption><\/figure><div class=\"fg-loader\"><\/div><\/div><div class=\"fg-item fg-type-image fg-idle\"><figure class=\"fg-item-inner\"><a href=\"https:\/\/alpavista.ch\/Alp11\/wp-content\/uploads\/Mont-Brule_24_012.png\" data-caption-title=\"Une fois de plus, le bonheur est dans le pr\u00e9, mais d\u00e9sormais, le pr\u00e9 en adret, de pr\u00e9f\u00e9rence.\" data-caption-desc=\"Une fois de plus, le bonheur est dans le pr\u00e9, mais d\u00e9sormais, le pr\u00e9 en adret, de pr\u00e9f\u00e9rence.\" data-attachment-id=\"40131\" data-type=\"image\" class=\"fg-thumb\"><span class=\"fg-image-wrap\"><img decoding=\"async\" title=\"Une fois de plus, le bonheur est dans le pr\u00e9, mais d\u00e9sormais, le pr\u00e9 en adret, de pr\u00e9f\u00e9rence.\" width=\"101\" height=\"57\" class=\"skip-lazy fg-image\" data-src-fg=\"https:\/\/alpavista.ch\/Alp11\/wp-content\/uploads\/cache\/Mont-Brule_24_012\/2499180592.png\" src=\"data:image\/svg+xml,%3Csvg%20xmlns%3D%22http%3A%2F%2Fwww.w3.org%2F2000%2Fsvg%22%20width%3D%22101%22%20height%3D%2257%22%20viewBox%3D%220%200%20101%2057%22%3E%3C%2Fsvg%3E\" loading=\"eager\"><\/span><span class=\"fg-image-overlay\"><\/span><\/a><figcaption class=\"fg-caption\"><div class=\"fg-caption-inner\"><div class=\"fg-caption-desc\">Une fois de plus, le bonheur est dans le pr\u00e9, mais d\u00e9sormais, le pr\u00e9 en adret, de pr\u00e9f\u00e9rence.<\/div><\/div><\/figcaption><\/figure><div class=\"fg-loader\"><\/div><\/div><div class=\"fg-item fg-type-image fg-idle\"><figure class=\"fg-item-inner\"><a href=\"https:\/\/alpavista.ch\/Alp11\/wp-content\/uploads\/Mont-Brule_24_013.png\" data-caption-title=\"La Cabane du Col de Mille n&#039;est plus \u00ab gardienn\u00e9e \u00bb ? Honn\u00eatement, ce n&#039;est pas la pire nouvelle de la journ\u00e9e....\" data-caption-desc=\"La Cabane du Col de Mille n&#039;est plus \u00ab gardienn\u00e9e \u00bb ? Honn\u00eatement, ce n&#039;est pas la pire nouvelle de la journ\u00e9e....\" data-attachment-id=\"40132\" data-type=\"image\" class=\"fg-thumb\"><span class=\"fg-image-wrap\"><img decoding=\"async\" title=\"La Cabane du Col de Mille n&#039;est plus \u00ab gardienn\u00e9e \u00bb ? Honn\u00eatement, ce n&#039;est pas la pire nouvelle de la journ\u00e9e....\" width=\"101\" height=\"57\" class=\"skip-lazy fg-image\" data-src-fg=\"https:\/\/alpavista.ch\/Alp11\/wp-content\/uploads\/cache\/Mont-Brule_24_013\/485739929.png\" src=\"data:image\/svg+xml,%3Csvg%20xmlns%3D%22http%3A%2F%2Fwww.w3.org%2F2000%2Fsvg%22%20width%3D%22101%22%20height%3D%2257%22%20viewBox%3D%220%200%20101%2057%22%3E%3C%2Fsvg%3E\" loading=\"eager\"><\/span><span class=\"fg-image-overlay\"><\/span><\/a><figcaption class=\"fg-caption\"><div class=\"fg-caption-inner\"><div class=\"fg-caption-desc\">La Cabane du Col de Mille n'est plus \u00ab gardienn\u00e9e \u00bb ? Honn\u00eatement, ce n'est pas la pire nouvelle de la journ\u00e9e....<\/div><\/div><\/figcaption><\/figure><div class=\"fg-loader\"><\/div><\/div><div class=\"fg-item fg-type-image fg-idle\"><figure class=\"fg-item-inner\"><a href=\"https:\/\/alpavista.ch\/Alp11\/wp-content\/uploads\/Mont-Brule_24_014.png\" data-caption-title=\"Apr\u00e8s la \u00ab dalle \u00bb cass\u00e9e, \u00e7a continue de monter ?\" data-caption-desc=\"Apr\u00e8s la \u00ab dalle \u00bb cass\u00e9e, \u00e7a continue de monter ?\" data-attachment-id=\"40133\" data-type=\"image\" class=\"fg-thumb\"><span class=\"fg-image-wrap\"><img decoding=\"async\" title=\"Apr\u00e8s la \u00ab dalle \u00bb cass\u00e9e, \u00e7a continue de monter ?\" width=\"101\" height=\"57\" class=\"skip-lazy fg-image\" data-src-fg=\"https:\/\/alpavista.ch\/Alp11\/wp-content\/uploads\/cache\/Mont-Brule_24_014\/710125677.png\" src=\"data:image\/svg+xml,%3Csvg%20xmlns%3D%22http%3A%2F%2Fwww.w3.org%2F2000%2Fsvg%22%20width%3D%22101%22%20height%3D%2257%22%20viewBox%3D%220%200%20101%2057%22%3E%3C%2Fsvg%3E\" loading=\"eager\"><\/span><span class=\"fg-image-overlay\"><\/span><\/a><figcaption class=\"fg-caption\"><div class=\"fg-caption-inner\"><div class=\"fg-caption-desc\">Apr\u00e8s la \u00ab dalle \u00bb cass\u00e9e, \u00e7a continue de monter ?<\/div><\/div><\/figcaption><\/figure><div class=\"fg-loader\"><\/div><\/div><div class=\"fg-item fg-type-image fg-idle\"><figure class=\"fg-item-inner\"><a href=\"https:\/\/alpavista.ch\/Alp11\/wp-content\/uploads\/Mont-Brule_24_015.png\" data-caption-title=\"Eh oui, pour se hisser jusqu&#039;au Mont-Br\u00fbl\u00e9, le bien nomm\u00e9, il faut encore (un peu) suer. Suer, mais surtout, admirer !\" data-caption-desc=\"Eh oui, pour se hisser jusqu&#039;au Mont-Br\u00fbl\u00e9, le bien nomm\u00e9, il faut encore (un peu) suer. Suer, mais surtout, admirer !\" data-attachment-id=\"40134\" data-type=\"image\" class=\"fg-thumb\"><span class=\"fg-image-wrap\"><img decoding=\"async\" title=\"Eh oui, pour se hisser jusqu&#039;au Mont-Br\u00fbl\u00e9, le bien nomm\u00e9, il faut encore (un peu) suer. Suer, mais surtout, admirer !\" width=\"101\" height=\"57\" class=\"skip-lazy fg-image\" data-src-fg=\"https:\/\/alpavista.ch\/Alp11\/wp-content\/uploads\/cache\/Mont-Brule_24_015\/1405333104.png\" src=\"data:image\/svg+xml,%3Csvg%20xmlns%3D%22http%3A%2F%2Fwww.w3.org%2F2000%2Fsvg%22%20width%3D%22101%22%20height%3D%2257%22%20viewBox%3D%220%200%20101%2057%22%3E%3C%2Fsvg%3E\" loading=\"eager\"><\/span><span class=\"fg-image-overlay\"><\/span><\/a><figcaption class=\"fg-caption\"><div class=\"fg-caption-inner\"><div class=\"fg-caption-desc\">Eh oui, pour se hisser jusqu'au Mont-Br\u00fbl\u00e9, le bien nomm\u00e9, il faut encore (un peu) suer. Suer, mais surtout, admirer !<\/div><\/div><\/figcaption><\/figure><div class=\"fg-loader\"><\/div><\/div><div class=\"fg-item fg-type-image fg-idle\"><figure class=\"fg-item-inner\"><a href=\"https:\/\/alpavista.ch\/Alp11\/wp-content\/uploads\/Mont-Brule_24_016.png\" data-caption-title=\"Plut\u00f4t que d&#039;avoir \u00e0 pousser via sa directissime, nous optons pour une courte descente sur le c\u00e9l\u00e8bre chemin militaire...\" data-caption-desc=\"Plut\u00f4t que d&#039;avoir \u00e0 pousser via sa directissime, nous optons pour une courte descente sur le c\u00e9l\u00e8bre chemin militaire...\" data-attachment-id=\"40135\" data-type=\"image\" class=\"fg-thumb\"><span class=\"fg-image-wrap\"><img decoding=\"async\" title=\"Plut\u00f4t que d&#039;avoir \u00e0 pousser via sa directissime, nous optons pour une courte descente sur le c\u00e9l\u00e8bre chemin militaire...\" width=\"101\" height=\"57\" class=\"skip-lazy fg-image\" data-src-fg=\"https:\/\/alpavista.ch\/Alp11\/wp-content\/uploads\/cache\/Mont-Brule_24_016\/3777611134.png\" src=\"data:image\/svg+xml,%3Csvg%20xmlns%3D%22http%3A%2F%2Fwww.w3.org%2F2000%2Fsvg%22%20width%3D%22101%22%20height%3D%2257%22%20viewBox%3D%220%200%20101%2057%22%3E%3C%2Fsvg%3E\" loading=\"eager\"><\/span><span class=\"fg-image-overlay\"><\/span><\/a><figcaption class=\"fg-caption\"><div class=\"fg-caption-inner\"><div class=\"fg-caption-desc\">Plut\u00f4t que d'avoir \u00e0 pousser via sa directissime, nous optons pour une courte descente sur le c\u00e9l\u00e8bre chemin militaire...<\/div><\/div><\/figcaption><\/figure><div class=\"fg-loader\"><\/div><\/div><div class=\"fg-item fg-type-image fg-idle\"><figure class=\"fg-item-inner\"><a href=\"https:\/\/alpavista.ch\/Alp11\/wp-content\/uploads\/Mont-Brule_24_017.png\" data-caption-title=\"Histoire d&#039;enfin d\u00e9couvrir sa branche cach\u00e9e menant au sommet du Mont-Br\u00fbl\u00e9.\" data-caption-desc=\"Histoire d&#039;enfin d\u00e9couvrir sa branche cach\u00e9e menant au sommet du Mont-Br\u00fbl\u00e9.\" data-attachment-id=\"40136\" data-type=\"image\" class=\"fg-thumb\"><span class=\"fg-image-wrap\"><img decoding=\"async\" title=\"Histoire d&#039;enfin d\u00e9couvrir sa branche cach\u00e9e menant au sommet du Mont-Br\u00fbl\u00e9.\" width=\"101\" height=\"57\" class=\"skip-lazy fg-image\" data-src-fg=\"https:\/\/alpavista.ch\/Alp11\/wp-content\/uploads\/cache\/Mont-Brule_24_017\/1764520151.png\" src=\"data:image\/svg+xml,%3Csvg%20xmlns%3D%22http%3A%2F%2Fwww.w3.org%2F2000%2Fsvg%22%20width%3D%22101%22%20height%3D%2257%22%20viewBox%3D%220%200%20101%2057%22%3E%3C%2Fsvg%3E\" loading=\"eager\"><\/span><span class=\"fg-image-overlay\"><\/span><\/a><figcaption class=\"fg-caption\"><div class=\"fg-caption-inner\"><div class=\"fg-caption-desc\">Histoire d'enfin d\u00e9couvrir sa branche cach\u00e9e menant au sommet du Mont-Br\u00fbl\u00e9.<\/div><\/div><\/figcaption><\/figure><div class=\"fg-loader\"><\/div><\/div><div class=\"fg-item fg-type-image fg-idle\"><figure class=\"fg-item-inner\"><a href=\"https:\/\/alpavista.ch\/Alp11\/wp-content\/uploads\/Mont-Brule_24_018.png\" data-caption-title=\"Je ne me souviens pas d&#039;avoir fait l&#039;int\u00e9gralit\u00e9 du Mont-Br\u00fbl\u00e9 \u00ab sell\u00e9 \u00bb. Mais il faut bien un d\u00e9but \u00e0 tout.\" data-caption-desc=\"Je ne me souviens pas d&#039;avoir fait l&#039;int\u00e9gralit\u00e9 du Mont-Br\u00fbl\u00e9 \u00ab sell\u00e9 \u00bb. Mais il faut bien un d\u00e9but \u00e0 tout.\" data-attachment-id=\"40137\" data-type=\"image\" class=\"fg-thumb\"><span class=\"fg-image-wrap\"><img decoding=\"async\" title=\"Je ne me souviens pas d&#039;avoir fait l&#039;int\u00e9gralit\u00e9 du Mont-Br\u00fbl\u00e9 \u00ab sell\u00e9 \u00bb. Mais il faut bien un d\u00e9but \u00e0 tout.\" width=\"101\" height=\"57\" class=\"skip-lazy fg-image\" data-src-fg=\"https:\/\/alpavista.ch\/Alp11\/wp-content\/uploads\/cache\/Mont-Brule_24_018\/2355695254.png\" src=\"data:image\/svg+xml,%3Csvg%20xmlns%3D%22http%3A%2F%2Fwww.w3.org%2F2000%2Fsvg%22%20width%3D%22101%22%20height%3D%2257%22%20viewBox%3D%220%200%20101%2057%22%3E%3C%2Fsvg%3E\" loading=\"eager\"><\/span><span class=\"fg-image-overlay\"><\/span><\/a><figcaption class=\"fg-caption\"><div class=\"fg-caption-inner\"><div class=\"fg-caption-desc\">Je ne me souviens pas d'avoir fait l'int\u00e9gralit\u00e9 du Mont-Br\u00fbl\u00e9 \u00ab sell\u00e9 \u00bb. Mais il faut bien un d\u00e9but \u00e0 tout.<\/div><\/div><\/figcaption><\/figure><div class=\"fg-loader\"><\/div><\/div><div class=\"fg-item fg-type-image fg-idle\"><figure class=\"fg-item-inner\"><a href=\"https:\/\/alpavista.ch\/Alp11\/wp-content\/uploads\/Mont-Brule_24_019.png\" data-caption-title=\"Nouveau chemin test\u00e9 et adopt\u00e9, il ne reste d\u00e9sormais plus qu&#039;\u00e0 plonger.\" data-caption-desc=\"Nouveau chemin test\u00e9 et adopt\u00e9, il ne reste d\u00e9sormais plus qu&#039;\u00e0 plonger.\" data-attachment-id=\"40138\" data-type=\"image\" class=\"fg-thumb\"><span class=\"fg-image-wrap\"><img decoding=\"async\" title=\"Nouveau chemin test\u00e9 et adopt\u00e9, il ne reste d\u00e9sormais plus qu&#039;\u00e0 plonger.\" width=\"101\" height=\"57\" class=\"skip-lazy fg-image\" data-src-fg=\"https:\/\/alpavista.ch\/Alp11\/wp-content\/uploads\/cache\/Mont-Brule_24_019\/3450038690.png\" src=\"data:image\/svg+xml,%3Csvg%20xmlns%3D%22http%3A%2F%2Fwww.w3.org%2F2000%2Fsvg%22%20width%3D%22101%22%20height%3D%2257%22%20viewBox%3D%220%200%20101%2057%22%3E%3C%2Fsvg%3E\" loading=\"eager\"><\/span><span class=\"fg-image-overlay\"><\/span><\/a><figcaption class=\"fg-caption\"><div class=\"fg-caption-inner\"><div class=\"fg-caption-desc\">Nouveau chemin test\u00e9 et adopt\u00e9, il ne reste d\u00e9sormais plus qu'\u00e0 plonger.<\/div><\/div><\/figcaption><\/figure><div class=\"fg-loader\"><\/div><\/div><div class=\"fg-item fg-type-image fg-idle\"><figure class=\"fg-item-inner\"><a href=\"https:\/\/alpavista.ch\/Alp11\/wp-content\/uploads\/Mont-Brule_24_020.png\" data-caption-title=\"Il est presque midi, aux Dents et \u00e0 l&#039;heure d\u00e9sormais d&#039;hiver, la bien mal nomm\u00e9e.\" data-caption-desc=\"Il est presque midi, aux Dents et \u00e0 l&#039;heure d\u00e9sormais d&#039;hiver, la bien mal nomm\u00e9e.\" data-attachment-id=\"40139\" data-type=\"image\" class=\"fg-thumb\"><span class=\"fg-image-wrap\"><img decoding=\"async\" title=\"Il est presque midi, aux Dents et \u00e0 l&#039;heure d\u00e9sormais d&#039;hiver, la bien mal nomm\u00e9e.\" width=\"101\" height=\"57\" class=\"skip-lazy fg-image\" data-src-fg=\"https:\/\/alpavista.ch\/Alp11\/wp-content\/uploads\/cache\/Mont-Brule_24_020\/3607372449.png\" src=\"data:image\/svg+xml,%3Csvg%20xmlns%3D%22http%3A%2F%2Fwww.w3.org%2F2000%2Fsvg%22%20width%3D%22101%22%20height%3D%2257%22%20viewBox%3D%220%200%20101%2057%22%3E%3C%2Fsvg%3E\" loading=\"eager\"><\/span><span class=\"fg-image-overlay\"><\/span><\/a><figcaption class=\"fg-caption\"><div class=\"fg-caption-inner\"><div class=\"fg-caption-desc\">Il est presque midi, aux Dents et \u00e0 l'heure d\u00e9sormais d'hiver, la bien mal nomm\u00e9e.<\/div><\/div><\/figcaption><\/figure><div class=\"fg-loader\"><\/div><\/div><div class=\"fg-item fg-type-image fg-idle\"><figure class=\"fg-item-inner\"><a href=\"https:\/\/alpavista.ch\/Alp11\/wp-content\/uploads\/Mont-Brule_24_021.png\" data-caption-title=\"Autre bien mal nomm\u00e9, un Six-Blanc particuli\u00e8rement dor\u00e9.\" data-caption-desc=\"Autre bien mal nomm\u00e9, un Six-Blanc particuli\u00e8rement dor\u00e9.\" data-attachment-id=\"40140\" data-type=\"image\" class=\"fg-thumb\"><span class=\"fg-image-wrap\"><img decoding=\"async\" title=\"Autre bien mal nomm\u00e9, un Six-Blanc particuli\u00e8rement dor\u00e9.\" width=\"101\" height=\"57\" class=\"skip-lazy fg-image\" data-src-fg=\"https:\/\/alpavista.ch\/Alp11\/wp-content\/uploads\/cache\/Mont-Brule_24_021\/1804978023.png\" src=\"data:image\/svg+xml,%3Csvg%20xmlns%3D%22http%3A%2F%2Fwww.w3.org%2F2000%2Fsvg%22%20width%3D%22101%22%20height%3D%2257%22%20viewBox%3D%220%200%20101%2057%22%3E%3C%2Fsvg%3E\" loading=\"eager\"><\/span><span class=\"fg-image-overlay\"><\/span><\/a><figcaption class=\"fg-caption\"><div class=\"fg-caption-inner\"><div class=\"fg-caption-desc\">Autre bien mal nomm\u00e9, un Six-Blanc particuli\u00e8rement dor\u00e9.<\/div><\/div><\/figcaption><\/figure><div class=\"fg-loader\"><\/div><\/div><div class=\"fg-item fg-type-image fg-idle\"><figure class=\"fg-item-inner\"><a href=\"https:\/\/alpavista.ch\/Alp11\/wp-content\/uploads\/Mont-Brule_24_022.png\" data-caption-title=\"Quand il faut plonger en apn\u00e9e, la \u00ab Dzoz\u2019 Connection \u00bb n&#039;est jamais \u00e0 la traine, m\u00eame (ou surtout) avec des v\u00e9los d&#039;emprunt.\" data-caption-desc=\"Quand il faut plonger en apn\u00e9e, la \u00ab Dzoz\u2019 Connection \u00bb n&#039;est jamais \u00e0 la traine, m\u00eame (ou surtout) avec des v\u00e9los d&#039;emprunt.\" data-attachment-id=\"40141\" data-type=\"image\" class=\"fg-thumb\"><span class=\"fg-image-wrap\"><img decoding=\"async\" title=\"Quand il faut plonger en apn\u00e9e, la \u00ab Dzoz\u2019 Connection \u00bb n&#039;est jamais \u00e0 la traine, m\u00eame (ou surtout) avec des v\u00e9los d&#039;emprunt.\" width=\"101\" height=\"57\" class=\"skip-lazy fg-image\" data-src-fg=\"https:\/\/alpavista.ch\/Alp11\/wp-content\/uploads\/cache\/Mont-Brule_24_022\/3649023081.png\" src=\"data:image\/svg+xml,%3Csvg%20xmlns%3D%22http%3A%2F%2Fwww.w3.org%2F2000%2Fsvg%22%20width%3D%22101%22%20height%3D%2257%22%20viewBox%3D%220%200%20101%2057%22%3E%3C%2Fsvg%3E\" loading=\"eager\"><\/span><span class=\"fg-image-overlay\"><\/span><\/a><figcaption class=\"fg-caption\"><div class=\"fg-caption-inner\"><div class=\"fg-caption-desc\">Quand il faut plonger en apn\u00e9e, la \u00ab Dzoz\u2019 Connection \u00bb n'est jamais \u00e0 la traine, m\u00eame (ou surtout) avec des v\u00e9los d'emprunt.<\/div><\/div><\/figcaption><\/figure><div class=\"fg-loader\"><\/div><\/div><div class=\"fg-item fg-type-image fg-idle\"><figure class=\"fg-item-inner\"><a href=\"https:\/\/alpavista.ch\/Alp11\/wp-content\/uploads\/Mont-Brule_24_023.png\" data-caption-title=\"Des chemins un peu \u00ab roots \u00bb  pour une journ\u00e9e b\u00e9nie. Forc\u00e9ment, un jour de Toussaint.\" data-caption-desc=\"Des chemins un peu \u00ab roots \u00bb  pour une journ\u00e9e b\u00e9nie. Forc\u00e9ment, un jour de Toussaint.\" data-attachment-id=\"40142\" data-type=\"image\" class=\"fg-thumb\"><span class=\"fg-image-wrap\"><img decoding=\"async\" title=\"Des chemins un peu \u00ab roots \u00bb  pour une journ\u00e9e b\u00e9nie. Forc\u00e9ment, un jour de Toussaint.\" width=\"101\" height=\"57\" class=\"skip-lazy fg-image\" data-src-fg=\"https:\/\/alpavista.ch\/Alp11\/wp-content\/uploads\/cache\/Mont-Brule_24_023\/1366956480.png\" src=\"data:image\/svg+xml,%3Csvg%20xmlns%3D%22http%3A%2F%2Fwww.w3.org%2F2000%2Fsvg%22%20width%3D%22101%22%20height%3D%2257%22%20viewBox%3D%220%200%20101%2057%22%3E%3C%2Fsvg%3E\" loading=\"eager\"><\/span><span class=\"fg-image-overlay\"><\/span><\/a><figcaption class=\"fg-caption\"><div class=\"fg-caption-inner\"><div class=\"fg-caption-desc\">Des chemins un peu \u00ab roots \u00bb  pour une journ\u00e9e b\u00e9nie. Forc\u00e9ment, un jour de Toussaint.<\/div><\/div><\/figcaption><\/figure><div class=\"fg-loader\"><\/div><\/div><div class=\"fg-item fg-type-image fg-idle\"><figure class=\"fg-item-inner\"><a href=\"https:\/\/alpavista.ch\/Alp11\/wp-content\/uploads\/Mont-Brule_24_024.png\" data-caption-title=\"Contre-jour pour une \u00ab Basset \u00bb aval\u00e9 sans dans la foul\u00e9e.\" data-caption-desc=\"Contre-jour pour une \u00ab Basset \u00bb aval\u00e9 sans dans la foul\u00e9e.\" data-attachment-id=\"40143\" data-type=\"image\" class=\"fg-thumb\"><span class=\"fg-image-wrap\"><img decoding=\"async\" title=\"Contre-jour pour une \u00ab Basset \u00bb aval\u00e9 sans dans la foul\u00e9e.\" width=\"101\" height=\"57\" class=\"skip-lazy fg-image\" data-src-fg=\"https:\/\/alpavista.ch\/Alp11\/wp-content\/uploads\/cache\/Mont-Brule_24_024\/1742371892.png\" src=\"data:image\/svg+xml,%3Csvg%20xmlns%3D%22http%3A%2F%2Fwww.w3.org%2F2000%2Fsvg%22%20width%3D%22101%22%20height%3D%2257%22%20viewBox%3D%220%200%20101%2057%22%3E%3C%2Fsvg%3E\" loading=\"eager\"><\/span><span class=\"fg-image-overlay\"><\/span><\/a><figcaption class=\"fg-caption\"><div class=\"fg-caption-inner\"><div class=\"fg-caption-desc\">Contre-jour pour une \u00ab Basset \u00bb aval\u00e9 sans dans la foul\u00e9e.<\/div><\/div><\/figcaption><\/figure><div class=\"fg-loader\"><\/div><\/div><div class=\"fg-item fg-type-image fg-idle\"><figure class=\"fg-item-inner\"><a href=\"https:\/\/alpavista.ch\/Alp11\/wp-content\/uploads\/Mont-Brule_24_025.png\" data-caption-title=\"Pas de Chargerat, ni de Payanne, \u00e0 notre menu de la Toussaint, mais une plong\u00e9e directe sur l&#039;Arpalle.\" data-caption-desc=\"Pas de Chargerat, ni de Payanne, \u00e0 notre menu de la Toussaint, mais une plong\u00e9e directe sur l&#039;Arpalle.\" data-attachment-id=\"40144\" data-type=\"image\" class=\"fg-thumb\"><span class=\"fg-image-wrap\"><img decoding=\"async\" title=\"Pas de Chargerat, ni de Payanne, \u00e0 notre menu de la Toussaint, mais une plong\u00e9e directe sur l&#039;Arpalle.\" width=\"101\" height=\"57\" class=\"skip-lazy fg-image\" data-src-fg=\"https:\/\/alpavista.ch\/Alp11\/wp-content\/uploads\/cache\/Mont-Brule_24_025\/508197417.png\" src=\"data:image\/svg+xml,%3Csvg%20xmlns%3D%22http%3A%2F%2Fwww.w3.org%2F2000%2Fsvg%22%20width%3D%22101%22%20height%3D%2257%22%20viewBox%3D%220%200%20101%2057%22%3E%3C%2Fsvg%3E\" loading=\"eager\"><\/span><span class=\"fg-image-overlay\"><\/span><\/a><figcaption class=\"fg-caption\"><div class=\"fg-caption-inner\"><div class=\"fg-caption-desc\">Pas de Chargerat, ni de Payanne, \u00e0 notre menu de la Toussaint, mais une plong\u00e9e directe sur l'Arpalle.<\/div><\/div><\/figcaption><\/figure><div class=\"fg-loader\"><\/div><\/div><div class=\"fg-item fg-type-image fg-idle\"><figure class=\"fg-item-inner\"><a href=\"https:\/\/alpavista.ch\/Alp11\/wp-content\/uploads\/Mont-Brule_24_026.png\" data-caption-title=\"Voir d&#039;o\u00f9 l&#039;on vient et savoir o\u00f9 l&#039;on va, c&#039;est le B.A.-ba du biker inspir\u00e9.\" data-caption-desc=\"Voir d&#039;o\u00f9 l&#039;on vient et savoir o\u00f9 l&#039;on va, c&#039;est le B.A.-ba du biker inspir\u00e9.\" data-attachment-id=\"40145\" data-type=\"image\" class=\"fg-thumb\"><span class=\"fg-image-wrap\"><img decoding=\"async\" title=\"Voir d&#039;o\u00f9 l&#039;on vient et savoir o\u00f9 l&#039;on va, c&#039;est le B.A.-ba du biker inspir\u00e9.\" width=\"101\" height=\"57\" class=\"skip-lazy fg-image\" data-src-fg=\"https:\/\/alpavista.ch\/Alp11\/wp-content\/uploads\/cache\/Mont-Brule_24_026\/2896171303.png\" src=\"data:image\/svg+xml,%3Csvg%20xmlns%3D%22http%3A%2F%2Fwww.w3.org%2F2000%2Fsvg%22%20width%3D%22101%22%20height%3D%2257%22%20viewBox%3D%220%200%20101%2057%22%3E%3C%2Fsvg%3E\" loading=\"eager\"><\/span><span class=\"fg-image-overlay\"><\/span><\/a><figcaption class=\"fg-caption\"><div class=\"fg-caption-inner\"><div class=\"fg-caption-desc\">Voir d'o\u00f9 l'on vient et savoir o\u00f9 l'on va, c'est le B.A.-ba du biker inspir\u00e9.<\/div><\/div><\/figcaption><\/figure><div class=\"fg-loader\"><\/div><\/div><div class=\"fg-item fg-type-image fg-idle\"><figure class=\"fg-item-inner\"><a href=\"https:\/\/alpavista.ch\/Alp11\/wp-content\/uploads\/Mont-Brule_24_027.png\" data-caption-title=\"A ce rythme l\u00e0, le d\u00e9nivel\u00e9 est (tr\u00e8s) vite aval\u00e9.\" data-caption-desc=\"A ce rythme l\u00e0, le d\u00e9nivel\u00e9 est (tr\u00e8s) vite aval\u00e9.\" data-attachment-id=\"40146\" data-type=\"image\" class=\"fg-thumb\"><span class=\"fg-image-wrap\"><img decoding=\"async\" title=\"A ce rythme l\u00e0, le d\u00e9nivel\u00e9 est (tr\u00e8s) vite aval\u00e9.\" width=\"101\" height=\"57\" class=\"skip-lazy fg-image\" data-src-fg=\"https:\/\/alpavista.ch\/Alp11\/wp-content\/uploads\/cache\/Mont-Brule_24_027\/614835342.png\" src=\"data:image\/svg+xml,%3Csvg%20xmlns%3D%22http%3A%2F%2Fwww.w3.org%2F2000%2Fsvg%22%20width%3D%22101%22%20height%3D%2257%22%20viewBox%3D%220%200%20101%2057%22%3E%3C%2Fsvg%3E\" loading=\"eager\"><\/span><span class=\"fg-image-overlay\"><\/span><\/a><figcaption class=\"fg-caption\"><div class=\"fg-caption-inner\"><div class=\"fg-caption-desc\">A ce rythme l\u00e0, le d\u00e9nivel\u00e9 est (tr\u00e8s) vite aval\u00e9.<\/div><\/div><\/figcaption><\/figure><div class=\"fg-loader\"><\/div><\/div><div class=\"fg-item fg-type-image fg-idle\"><figure class=\"fg-item-inner\"><a href=\"https:\/\/alpavista.ch\/Alp11\/wp-content\/uploads\/Mont-Brule_24_028.png\" data-caption-title=\"Beaucoup de bleu, de l&#039;ocre envahissant, quelques pointes d&#039;or et des coul\u00e9es de vert. Quand Dame Nature joue aux impressionnistes, on ne peut qu&#039;admirer.\" data-caption-desc=\"Beaucoup de bleu, de l&#039;ocre envahissant, quelques pointes d&#039;or et des coul\u00e9es de vert. Quand Dame Nature joue aux impressionnistes, on ne peut qu&#039;admirer.\" data-attachment-id=\"40147\" data-type=\"image\" class=\"fg-thumb\"><span class=\"fg-image-wrap\"><img decoding=\"async\" title=\"Beaucoup de bleu, de l&#039;ocre envahissant, quelques pointes d&#039;or et des coul\u00e9es de vert. Quand Dame Nature joue aux impressionnistes, on ne peut qu&#039;admirer.\" width=\"101\" height=\"57\" class=\"skip-lazy fg-image\" data-src-fg=\"https:\/\/alpavista.ch\/Alp11\/wp-content\/uploads\/cache\/Mont-Brule_24_028\/3252738767.png\" src=\"data:image\/svg+xml,%3Csvg%20xmlns%3D%22http%3A%2F%2Fwww.w3.org%2F2000%2Fsvg%22%20width%3D%22101%22%20height%3D%2257%22%20viewBox%3D%220%200%20101%2057%22%3E%3C%2Fsvg%3E\" loading=\"eager\"><\/span><span class=\"fg-image-overlay\"><\/span><\/a><figcaption class=\"fg-caption\"><div class=\"fg-caption-inner\"><div class=\"fg-caption-desc\">Beaucoup de bleu, de l'ocre envahissant, quelques pointes d'or et des coul\u00e9es de vert. Quand Dame Nature joue aux impressionnistes, on ne peut qu'admirer.<\/div><\/div><\/figcaption><\/figure><div class=\"fg-loader\"><\/div><\/div><\/div>\n\n<input class=\"fooboxshare_post_id\" type=\"hidden\" value=\"40150\"\/>","protected":false},"excerpt":{"rendered":"<p>M\u00eame si une haute pression a finalement r\u00e9ussi \u00e0 s&rsquo;installer sur les Alpes, m\u00eame si notre \u00ab indien \u00bb pr\u00e9f\u00e9r\u00e9 s\u2019est visiblement octroy\u00e9 un CDI, m\u00eame si l\u2019inversion des temp\u00e9ratures affole tous les compteurs, avec l\u2019habituelle froidure glauque et humide r\u00e9gnant sous le stratus et un 0\u00b0 perch\u00e9 au-dessus des 4&rsquo;000 m\u00e8tres, en montagne, novembre est l\u00e0. Et, pour continuer \u00e0 rouler, il faut privil\u00e9gier les adrets. Ca tombe bien, le Valais n\u2019en manque pas. Et certains ont m\u00eame la [&hellip;]<\/p>\n","protected":false},"author":2,"featured_media":40148,"comment_status":"open","ping_status":"open","sticky":false,"template":"","format":"standard","meta":{"footnotes":""},"categories":[658,4],"tags":[1543,2727,1525,1364,1541,2284,2486,1952,1139,1273,1148,1524,1523,1241,1274,1363],"class_list":["post-40150","post","type-post","status-publish","format-standard","has-post-thumbnail","hentry","category-outdoor","category-vtt","tag-arpalle","tag-bisse-vieux","tag-chandonne","tag-col-de-mille","tag-commeire","tag-coeur","tag-eperviers","tag-erra","tag-liddes","tag-mont-brule","tag-orsieres","tag-reppaz","tag-la-rosiere","tag-six-blanc","tag-tete-de-la-payanne","tag-la-vuardette"],"_links":{"self":[{"href":"https:\/\/alpavista.ch\/Alp11\/wp-json\/wp\/v2\/posts\/40150","targetHints":{"allow":["GET"]}}],"collection":[{"href":"https:\/\/alpavista.ch\/Alp11\/wp-json\/wp\/v2\/posts"}],"about":[{"href":"https:\/\/alpavista.ch\/Alp11\/wp-json\/wp\/v2\/types\/post"}],"author":[{"embeddable":true,"href":"https:\/\/alpavista.ch\/Alp11\/wp-json\/wp\/v2\/users\/2"}],"replies":[{"embeddable":true,"href":"https:\/\/alpavista.ch\/Alp11\/wp-json\/wp\/v2\/comments?post=40150"}],"version-history":[{"count":0,"href":"https:\/\/alpavista.ch\/Alp11\/wp-json\/wp\/v2\/posts\/40150\/revisions"}],"wp:featuredmedia":[{"embeddable":true,"href":"https:\/\/alpavista.ch\/Alp11\/wp-json\/wp\/v2\/media\/40148"}],"wp:attachment":[{"href":"https:\/\/alpavista.ch\/Alp11\/wp-json\/wp\/v2\/media?parent=40150"}],"wp:term":[{"taxonomy":"category","embeddable":true,"href":"https:\/\/alpavista.ch\/Alp11\/wp-json\/wp\/v2\/categories?post=40150"},{"taxonomy":"post_tag","embeddable":true,"href":"https:\/\/alpavista.ch\/Alp11\/wp-json\/wp\/v2\/tags?post=40150"}],"curies":[{"name":"wp","href":"https:\/\/api.w.org\/{rel}","templated":true}]}}