{"id":40451,"date":"2025-05-16T17:43:26","date_gmt":"2025-05-16T15:43:26","guid":{"rendered":"https:\/\/alpavista.ch\/Alp11\/?p=40451"},"modified":"2025-05-17T07:35:32","modified_gmt":"2025-05-17T05:35:32","slug":"cpod-2025","status":"publish","type":"post","link":"https:\/\/alpavista.ch\/Alp11\/2025\/05\/16\/cpod-2025\/","title":{"rendered":"CCPOD 2025"},"content":{"rendered":"<p>M\u00eame si la situation du r\u00e9seau p\u00e9destre valaisan se d\u00e9tend peu \u00e0 peu, il reste encore beaucoup de travail de d\u00e9blaiement forestier pour que nous retrouvions l\u2019int\u00e9gralit\u00e9 de notre terrain de jeu pr\u00e9f\u00e9r\u00e9. Et comme la communication de certaines communes n\u2019est pas tr\u00e8s proactive, il est pour l&rsquo;instant tr\u00e8s compliqu\u00e9 de connaitre l\u2019\u00e9tat de certains secteurs et par cons\u00e9quent, les possibilit\u00e9s d\u2019y rouler. Pour autant, avec du beau temps r\u00e9guli\u00e8rement au rendez-vous de nos week-ends, nous nous effor\u00e7ons de pers\u00e9v\u00e9rer un selle, m\u00eame si nous devons, momentan\u00e9ment, multiplier les sorties proches de nos bases.<br \/>\n<!--more--><\/p>\n<p>Pour ceux qui ne parleraient pas l\u2019acronyme couramment, \u00ab CCPOD \u00bb correspond \u00e0 4 c\u00e9l\u00e8bres chemins VTT de la rive droite du Val de Bagnes. Dans l\u2019ordre de leur apparition sous nos roues, le \u00ab pseudo-interdit \u00bb de la Croix-de-C\u0153ur, le tortillard des Plannards, le \u00ab family line \u00bb du Oindu et l\u2019imparable \u00ab MAC \u00bb de la Dent.<\/p>\n<p>Tr\u00e8s bonne pioche dans l\u2019ensemble, avec une bonne surprise dans la bonne surprise, le tron\u00e7on inf\u00e9rieur de la Dent, g\u00e9r\u00e9 par le grincheux service forestier, aussi praticable que son voisin sup\u00e9rieur, int\u00e9gr\u00e9, lui, au r\u00e9seau touristique local. Relativement \u00e9pargn\u00e9 par les chutes d\u2019arbres ou d\u00e9j\u00e0 d\u00e9gag\u00e9 par les b\u00fbcherons communaux, peu importe, la Dent est d\u00e9j\u00e0 int\u00e9gralement roulable, et c&rsquo;est de bonne augure pour la suite.<\/p>\n<p><a href=\"https:\/\/map.geo.admin.ch\/#\/map?lang=fr&#038;center=2606002.36,1123432.64&#038;z=3.932&#038;topic=ech&#038;layers=ch.swisstopo.zeitreihen@year=1864,f;ch.bfs.gebaeude_wohnungs_register,f;ch.bav.haltestellen-oev,f;ch.swisstopo.swisstlm3d-wanderwege,f;ch.vbs.schiessanzeigen,f;ch.astra.wanderland-sperrungen_umleitungen&#038;bgLayer=ch.swisstopo.pixelkarte-farbe\" target=\"_blank\"><strong>Le point de la situation sur l&rsquo;\u00e9tat des chemins du Vieux-Pays.<\/strong><\/a><\/p>\n<style type=\"text\/css\">\n#foogallery-gallery-40450 .fg-image { width: 101px; }\n#foogallery-gallery-40450 { --fg-gutter: 1px; }<\/style>\n\t\t\t<div class=\"foogallery foogallery-container foogallery-default foogallery-lightbox-none fg-left fg-default fg-ready fg-light fg-loading-default fg-loaded-fade-in fg-preset fg-selena fg-preset-small fg-preset fg-selena fg-preset-small\" id=\"foogallery-gallery-40450\" data-foogallery=\"{&quot;item&quot;:{&quot;showCaptionTitle&quot;:false,&quot;showCaptionDescription&quot;:true},&quot;lazy&quot;:true,&quot;state&quot;:{&quot;enabled&quot;:true,&quot;mask&quot;:&quot;foogallery-{id}&quot;}}\" style=\"--fg-title-line-clamp: 0; --fg-description-line-clamp: 0;\" >\n\t<div class=\"fg-item fg-type-image fg-idle\"><figure class=\"fg-item-inner\"><a href=\"https:\/\/alpavista.ch\/Alp11\/wp-content\/uploads\/CPOD_25_001.png\" data-caption-title=\"Aux Plannards, les travaux de la gare interm\u00e9diaire du TMX Savoleyres vont d\u00e9j\u00e0 bon train.\" data-caption-desc=\"Aux Plannards, les travaux de la gare interm\u00e9diaire du TMX Savoleyres vont d\u00e9j\u00e0 bon train.\" data-attachment-id=\"40422\" data-type=\"image\" class=\"fg-thumb\"><span class=\"fg-image-wrap\"><img decoding=\"async\" title=\"Aux Plannards, les travaux de la gare interm\u00e9diaire du TMX Savoleyres vont d\u00e9j\u00e0 bon train.\" width=\"101\" height=\"57\" class=\"skip-lazy fg-image\" data-src-fg=\"https:\/\/alpavista.ch\/Alp11\/wp-content\/uploads\/cache\/CPOD_25_001\/3416456364.png\" src=\"data:image\/svg+xml,%3Csvg%20xmlns%3D%22http%3A%2F%2Fwww.w3.org%2F2000%2Fsvg%22%20width%3D%22101%22%20height%3D%2257%22%20viewBox%3D%220%200%20101%2057%22%3E%3C%2Fsvg%3E\" loading=\"eager\"><\/span><span class=\"fg-image-overlay\"><\/span><\/a><figcaption class=\"fg-caption\"><div class=\"fg-caption-inner\"><div class=\"fg-caption-desc\">Aux Plannards, les travaux de la gare interm\u00e9diaire du TMX Savoleyres vont d\u00e9j\u00e0 bon train.<\/div><\/div><\/figcaption><\/figure><div class=\"fg-loader\"><\/div><\/div><div class=\"fg-item fg-type-image fg-idle\"><figure class=\"fg-item-inner\"><a href=\"https:\/\/alpavista.ch\/Alp11\/wp-content\/uploads\/CPOD_25_002.png\" data-caption-title=\"Mais peu importe le nombre de grues, aujourd&#039;hui, notre journ\u00e9e est d\u00e9di\u00e9e aux sentiers et pas aux chantiers.\" data-caption-desc=\"Mais peu importe le nombre de grues, aujourd&#039;hui, notre journ\u00e9e est d\u00e9di\u00e9e aux sentiers et pas aux chantiers.\" data-attachment-id=\"40423\" data-type=\"image\" class=\"fg-thumb\"><span class=\"fg-image-wrap\"><img decoding=\"async\" title=\"Mais peu importe le nombre de grues, aujourd&#039;hui, notre journ\u00e9e est d\u00e9di\u00e9e aux sentiers et pas aux chantiers.\" width=\"101\" height=\"57\" class=\"skip-lazy fg-image\" data-src-fg=\"https:\/\/alpavista.ch\/Alp11\/wp-content\/uploads\/cache\/CPOD_25_002\/4106024116.png\" src=\"data:image\/svg+xml,%3Csvg%20xmlns%3D%22http%3A%2F%2Fwww.w3.org%2F2000%2Fsvg%22%20width%3D%22101%22%20height%3D%2257%22%20viewBox%3D%220%200%20101%2057%22%3E%3C%2Fsvg%3E\" loading=\"eager\"><\/span><span class=\"fg-image-overlay\"><\/span><\/a><figcaption class=\"fg-caption\"><div class=\"fg-caption-inner\"><div class=\"fg-caption-desc\">Mais peu importe le nombre de grues, aujourd'hui, notre journ\u00e9e est d\u00e9di\u00e9e aux sentiers et pas aux chantiers.<\/div><\/div><\/figcaption><\/figure><div class=\"fg-loader\"><\/div><\/div><div class=\"fg-item fg-type-image fg-idle\"><figure class=\"fg-item-inner\"><a href=\"https:\/\/alpavista.ch\/Alp11\/wp-content\/uploads\/CPOD_25_003.png\" data-caption-title=\"Apr\u00e8s une longue transition bitumineuse, nous nous \u00e9levons enfin en chemins.\" data-caption-desc=\"Apr\u00e8s une longue transition bitumineuse, nous nous \u00e9levons enfin en chemins.\" data-attachment-id=\"40424\" data-type=\"image\" class=\"fg-thumb\"><span class=\"fg-image-wrap\"><img decoding=\"async\" title=\"Apr\u00e8s une longue transition bitumineuse, nous nous \u00e9levons enfin en chemins.\" width=\"101\" height=\"57\" class=\"skip-lazy fg-image\" data-src-fg=\"https:\/\/alpavista.ch\/Alp11\/wp-content\/uploads\/cache\/CPOD_25_003\/2583942985.png\" src=\"data:image\/svg+xml,%3Csvg%20xmlns%3D%22http%3A%2F%2Fwww.w3.org%2F2000%2Fsvg%22%20width%3D%22101%22%20height%3D%2257%22%20viewBox%3D%220%200%20101%2057%22%3E%3C%2Fsvg%3E\" loading=\"eager\"><\/span><span class=\"fg-image-overlay\"><\/span><\/a><figcaption class=\"fg-caption\"><div class=\"fg-caption-inner\"><div class=\"fg-caption-desc\">Apr\u00e8s une longue transition bitumineuse, nous nous \u00e9levons enfin en chemins.<\/div><\/div><\/figcaption><\/figure><div class=\"fg-loader\"><\/div><\/div><div class=\"fg-item fg-type-image fg-idle\"><figure class=\"fg-item-inner\"><a href=\"https:\/\/alpavista.ch\/Alp11\/wp-content\/uploads\/CPOD_25_004.png\" data-caption-title=\"Et notre premier chemin du matin, m\u00eame s&#039;il ne donne rien, pique plus les yeux que les jambes.\" data-caption-desc=\"Et notre premier chemin du matin, m\u00eame s&#039;il ne donne rien, pique plus les yeux que les jambes.\" data-attachment-id=\"40425\" data-type=\"image\" class=\"fg-thumb\"><span class=\"fg-image-wrap\"><img decoding=\"async\" title=\"Et notre premier chemin du matin, m\u00eame s&#039;il ne donne rien, pique plus les yeux que les jambes.\" width=\"101\" height=\"57\" class=\"skip-lazy fg-image\" data-src-fg=\"https:\/\/alpavista.ch\/Alp11\/wp-content\/uploads\/cache\/CPOD_25_004\/559403435.png\" src=\"data:image\/svg+xml,%3Csvg%20xmlns%3D%22http%3A%2F%2Fwww.w3.org%2F2000%2Fsvg%22%20width%3D%22101%22%20height%3D%2257%22%20viewBox%3D%220%200%20101%2057%22%3E%3C%2Fsvg%3E\" loading=\"eager\"><\/span><span class=\"fg-image-overlay\"><\/span><\/a><figcaption class=\"fg-caption\"><div class=\"fg-caption-inner\"><div class=\"fg-caption-desc\">Et notre premier chemin du matin, m\u00eame s'il ne donne rien, pique plus les yeux que les jambes.<\/div><\/div><\/figcaption><\/figure><div class=\"fg-loader\"><\/div><\/div><div class=\"fg-item fg-type-image fg-idle\"><figure class=\"fg-item-inner\"><a href=\"https:\/\/alpavista.ch\/Alp11\/wp-content\/uploads\/CPOD_25_005.png\" data-caption-title=\"Avaler du d\u00e9nivel\u00e9 sans avoir recours aux routes ou aux pistes ? Peut-\u00eatre le plus grand atout du E-bike.\" data-caption-desc=\"Avaler du d\u00e9nivel\u00e9 sans avoir recours aux routes ou aux pistes ? Peut-\u00eatre le plus grand atout du E-bike.\" data-attachment-id=\"40426\" data-type=\"image\" class=\"fg-thumb\"><span class=\"fg-image-wrap\"><img decoding=\"async\" title=\"Avaler du d\u00e9nivel\u00e9 sans avoir recours aux routes ou aux pistes ? Peut-\u00eatre le plus grand atout du E-bike.\" width=\"101\" height=\"57\" class=\"skip-lazy fg-image\" data-src-fg=\"https:\/\/alpavista.ch\/Alp11\/wp-content\/uploads\/cache\/CPOD_25_005\/3829385081.png\" src=\"data:image\/svg+xml,%3Csvg%20xmlns%3D%22http%3A%2F%2Fwww.w3.org%2F2000%2Fsvg%22%20width%3D%22101%22%20height%3D%2257%22%20viewBox%3D%220%200%20101%2057%22%3E%3C%2Fsvg%3E\" loading=\"eager\"><\/span><span class=\"fg-image-overlay\"><\/span><\/a><figcaption class=\"fg-caption\"><div class=\"fg-caption-inner\"><div class=\"fg-caption-desc\">Avaler du d\u00e9nivel\u00e9 sans avoir recours aux routes ou aux pistes ? Peut-\u00eatre le plus grand atout du E-bike.<\/div><\/div><\/figcaption><\/figure><div class=\"fg-loader\"><\/div><\/div><div class=\"fg-item fg-type-image fg-idle\"><figure class=\"fg-item-inner\"><a href=\"https:\/\/alpavista.ch\/Alp11\/wp-content\/uploads\/CPOD_25_006.png\" data-caption-title=\"En prenant de l&#039;altitude et en variant les orientations...\" data-caption-desc=\"En prenant de l&#039;altitude et en variant les orientations...\" data-attachment-id=\"40427\" data-type=\"image\" class=\"fg-thumb\"><span class=\"fg-image-wrap\"><img decoding=\"async\" title=\"En prenant de l&#039;altitude et en variant les orientations...\" width=\"101\" height=\"57\" class=\"skip-lazy fg-image\" data-src-fg=\"https:\/\/alpavista.ch\/Alp11\/wp-content\/uploads\/cache\/CPOD_25_006\/3676426081.png\" src=\"data:image\/svg+xml,%3Csvg%20xmlns%3D%22http%3A%2F%2Fwww.w3.org%2F2000%2Fsvg%22%20width%3D%22101%22%20height%3D%2257%22%20viewBox%3D%220%200%20101%2057%22%3E%3C%2Fsvg%3E\" loading=\"eager\"><\/span><span class=\"fg-image-overlay\"><\/span><\/a><figcaption class=\"fg-caption\"><div class=\"fg-caption-inner\"><div class=\"fg-caption-desc\">En prenant de l'altitude et en variant les orientations...<\/div><\/div><\/figcaption><\/figure><div class=\"fg-loader\"><\/div><\/div><div class=\"fg-item fg-type-image fg-idle\"><figure class=\"fg-item-inner\"><a href=\"https:\/\/alpavista.ch\/Alp11\/wp-content\/uploads\/CPOD_25_007.png\" data-caption-title=\"... notre chemin finit par se retrouver confront\u00e9 aux premiers (ou derniers) n\u00e9v\u00e9s.\" data-caption-desc=\"... notre chemin finit par se retrouver confront\u00e9 aux premiers (ou derniers) n\u00e9v\u00e9s.\" data-attachment-id=\"40428\" data-type=\"image\" class=\"fg-thumb\"><span class=\"fg-image-wrap\"><img decoding=\"async\" title=\"... notre chemin finit par se retrouver confront\u00e9 aux premiers (ou derniers) n\u00e9v\u00e9s.\" width=\"101\" height=\"57\" class=\"skip-lazy fg-image\" data-src-fg=\"https:\/\/alpavista.ch\/Alp11\/wp-content\/uploads\/cache\/CPOD_25_007\/960594051.png\" src=\"data:image\/svg+xml,%3Csvg%20xmlns%3D%22http%3A%2F%2Fwww.w3.org%2F2000%2Fsvg%22%20width%3D%22101%22%20height%3D%2257%22%20viewBox%3D%220%200%20101%2057%22%3E%3C%2Fsvg%3E\" loading=\"eager\"><\/span><span class=\"fg-image-overlay\"><\/span><\/a><figcaption class=\"fg-caption\"><div class=\"fg-caption-inner\"><div class=\"fg-caption-desc\">... notre chemin finit par se retrouver confront\u00e9 aux premiers (ou derniers) n\u00e9v\u00e9s.<\/div><\/div><\/figcaption><\/figure><div class=\"fg-loader\"><\/div><\/div><div class=\"fg-item fg-type-image fg-idle\"><figure class=\"fg-item-inner\"><a href=\"https:\/\/alpavista.ch\/Alp11\/wp-content\/uploads\/CPOD_25_008.png\" data-caption-title=\"Pieds mouill\u00e9s et bise d\u00e9coiffante se chargent, une fois encore, de nous rappeler les charmes du mois de mai.\" data-caption-desc=\"Pieds mouill\u00e9s et bise d\u00e9coiffante se chargent, une fois encore, de nous rappeler les charmes du mois de mai.\" data-attachment-id=\"40429\" data-type=\"image\" class=\"fg-thumb\"><span class=\"fg-image-wrap\"><img decoding=\"async\" title=\"Pieds mouill\u00e9s et bise d\u00e9coiffante se chargent, une fois encore, de nous rappeler les charmes du mois de mai.\" width=\"101\" height=\"57\" class=\"skip-lazy fg-image\" data-src-fg=\"https:\/\/alpavista.ch\/Alp11\/wp-content\/uploads\/cache\/CPOD_25_008\/1374723540.png\" src=\"data:image\/svg+xml,%3Csvg%20xmlns%3D%22http%3A%2F%2Fwww.w3.org%2F2000%2Fsvg%22%20width%3D%22101%22%20height%3D%2257%22%20viewBox%3D%220%200%20101%2057%22%3E%3C%2Fsvg%3E\" loading=\"eager\"><\/span><span class=\"fg-image-overlay\"><\/span><\/a><figcaption class=\"fg-caption\"><div class=\"fg-caption-inner\"><div class=\"fg-caption-desc\">Pieds mouill\u00e9s et bise d\u00e9coiffante se chargent, une fois encore, de nous rappeler les charmes du mois de mai.<\/div><\/div><\/figcaption><\/figure><div class=\"fg-loader\"><\/div><\/div><div class=\"fg-item fg-type-image fg-idle\"><figure class=\"fg-item-inner\"><a href=\"https:\/\/alpavista.ch\/Alp11\/wp-content\/uploads\/CPOD_25_009.png\" data-caption-title=\"La derni\u00e8re section de l&#039;ascension : les puls&#039; dans le rouge, mais le mollet toujours vaillant.\" data-caption-desc=\"La derni\u00e8re section de l&#039;ascension : les puls&#039; dans le rouge, mais le mollet toujours vaillant.\" data-attachment-id=\"40430\" data-type=\"image\" class=\"fg-thumb\"><span class=\"fg-image-wrap\"><img decoding=\"async\" title=\"La derni\u00e8re section de l&#039;ascension : les puls&#039; dans le rouge, mais le mollet toujours vaillant.\" width=\"101\" height=\"57\" class=\"skip-lazy fg-image\" data-src-fg=\"https:\/\/alpavista.ch\/Alp11\/wp-content\/uploads\/cache\/CPOD_25_009\/2328511541.png\" src=\"data:image\/svg+xml,%3Csvg%20xmlns%3D%22http%3A%2F%2Fwww.w3.org%2F2000%2Fsvg%22%20width%3D%22101%22%20height%3D%2257%22%20viewBox%3D%220%200%20101%2057%22%3E%3C%2Fsvg%3E\" loading=\"eager\"><\/span><span class=\"fg-image-overlay\"><\/span><\/a><figcaption class=\"fg-caption\"><div class=\"fg-caption-inner\"><div class=\"fg-caption-desc\">La derni\u00e8re section de l'ascension : les puls' dans le rouge, mais le mollet toujours vaillant.<\/div><\/div><\/figcaption><\/figure><div class=\"fg-loader\"><\/div><\/div><div class=\"fg-item fg-type-image fg-idle\"><figure class=\"fg-item-inner\"><a href=\"https:\/\/alpavista.ch\/Alp11\/wp-content\/uploads\/CPOD_25_010.png\" data-caption-title=\"Pour l&#039;instant, la Croix de Coeur ne propose qu&#039;un seul versant. En tout cas pour la pratique du VTT. Parce que, si vous aimez skier, y a encore moyen de carver un peu en direction de la Tsoumaz.\" data-caption-desc=\"Pour l&#039;instant, la Croix de Coeur ne propose qu&#039;un seul versant. En tout cas pour la pratique du VTT. Parce que, si vous aimez skier, y a encore moyen de carver un peu en direction de la Tsoumaz.\" data-attachment-id=\"40431\" data-type=\"image\" class=\"fg-thumb\"><span class=\"fg-image-wrap\"><img decoding=\"async\" title=\"Pour l&#039;instant, la Croix de Coeur ne propose qu&#039;un seul versant. En tout cas pour la pratique du VTT. Parce que, si vous aimez skier, y a encore moyen de carver un peu en direction de la Tsoumaz.\" width=\"101\" height=\"57\" class=\"skip-lazy fg-image\" data-src-fg=\"https:\/\/alpavista.ch\/Alp11\/wp-content\/uploads\/cache\/CPOD_25_010\/862930086.png\" src=\"data:image\/svg+xml,%3Csvg%20xmlns%3D%22http%3A%2F%2Fwww.w3.org%2F2000%2Fsvg%22%20width%3D%22101%22%20height%3D%2257%22%20viewBox%3D%220%200%20101%2057%22%3E%3C%2Fsvg%3E\" loading=\"eager\"><\/span><span class=\"fg-image-overlay\"><\/span><\/a><figcaption class=\"fg-caption\"><div class=\"fg-caption-inner\"><div class=\"fg-caption-desc\">Pour l'instant, la Croix de Coeur ne propose qu'un seul versant. En tout cas pour la pratique du VTT. Parce que, si vous aimez skier, y a encore moyen de carver un peu en direction de la Tsoumaz.<\/div><\/div><\/figcaption><\/figure><div class=\"fg-loader\"><\/div><\/div><div class=\"fg-item fg-type-image fg-idle\"><figure class=\"fg-item-inner\"><a href=\"https:\/\/alpavista.ch\/Alp11\/wp-content\/uploads\/CPOD_25_011.png\" data-caption-title=\"Le \u00ab single \u00bb faussement interdit de Plachuets, une entr\u00e9e en mati\u00e8re aussi rectiligne que \u00ab flowy \u00bb.\" data-caption-desc=\"Le \u00ab single \u00bb faussement interdit de Plachuets, une entr\u00e9e en mati\u00e8re aussi rectiligne que \u00ab flowy \u00bb.\" data-attachment-id=\"40432\" data-type=\"image\" class=\"fg-thumb\"><span class=\"fg-image-wrap\"><img decoding=\"async\" title=\"Le \u00ab single \u00bb faussement interdit de Plachuets, une entr\u00e9e en mati\u00e8re aussi rectiligne que \u00ab flowy \u00bb.\" width=\"101\" height=\"57\" class=\"skip-lazy fg-image\" data-src-fg=\"https:\/\/alpavista.ch\/Alp11\/wp-content\/uploads\/cache\/CPOD_25_011\/4127674996.png\" src=\"data:image\/svg+xml,%3Csvg%20xmlns%3D%22http%3A%2F%2Fwww.w3.org%2F2000%2Fsvg%22%20width%3D%22101%22%20height%3D%2257%22%20viewBox%3D%220%200%20101%2057%22%3E%3C%2Fsvg%3E\" loading=\"eager\"><\/span><span class=\"fg-image-overlay\"><\/span><\/a><figcaption class=\"fg-caption\"><div class=\"fg-caption-inner\"><div class=\"fg-caption-desc\">Le \u00ab single \u00bb faussement interdit de Plachuets, une entr\u00e9e en mati\u00e8re aussi rectiligne que \u00ab flowy \u00bb.<\/div><\/div><\/figcaption><\/figure><div class=\"fg-loader\"><\/div><\/div><div class=\"fg-item fg-type-image fg-idle\"><figure class=\"fg-item-inner\"><a href=\"https:\/\/alpavista.ch\/Alp11\/wp-content\/uploads\/CPOD_25_012.png\" data-caption-title=\"Enfin, \u00ab flowy \u00bb, c&#039;est vite dit.\" data-caption-desc=\"Enfin, \u00ab flowy \u00bb, c&#039;est vite dit.\" data-attachment-id=\"40433\" data-type=\"image\" class=\"fg-thumb\"><span class=\"fg-image-wrap\"><img decoding=\"async\" title=\"Enfin, \u00ab flowy \u00bb, c&#039;est vite dit.\" width=\"101\" height=\"57\" class=\"skip-lazy fg-image\" data-src-fg=\"https:\/\/alpavista.ch\/Alp11\/wp-content\/uploads\/cache\/CPOD_25_012\/3373881964.png\" src=\"data:image\/svg+xml,%3Csvg%20xmlns%3D%22http%3A%2F%2Fwww.w3.org%2F2000%2Fsvg%22%20width%3D%22101%22%20height%3D%2257%22%20viewBox%3D%220%200%20101%2057%22%3E%3C%2Fsvg%3E\" loading=\"eager\"><\/span><span class=\"fg-image-overlay\"><\/span><\/a><figcaption class=\"fg-caption\"><div class=\"fg-caption-inner\"><div class=\"fg-caption-desc\">Enfin, \u00ab flowy \u00bb, c'est vite dit.<\/div><\/div><\/figcaption><\/figure><div class=\"fg-loader\"><\/div><\/div><div class=\"fg-item fg-type-image fg-idle\"><figure class=\"fg-item-inner\"><a href=\"https:\/\/alpavista.ch\/Alp11\/wp-content\/uploads\/CPOD_25_013.png\" data-caption-title=\"Ses deux secteurs \u00ab mal pav\u00e9s \u00bb se chargent rapidement de v\u00e9rifier si vos suspensions sont bien r\u00e9gl\u00e9es.\" data-caption-desc=\"Ses deux secteurs \u00ab mal pav\u00e9s \u00bb se chargent rapidement de v\u00e9rifier si vos suspensions sont bien r\u00e9gl\u00e9es.\" data-attachment-id=\"40434\" data-type=\"image\" class=\"fg-thumb\"><span class=\"fg-image-wrap\"><img decoding=\"async\" title=\"Ses deux secteurs \u00ab mal pav\u00e9s \u00bb se chargent rapidement de v\u00e9rifier si vos suspensions sont bien r\u00e9gl\u00e9es.\" width=\"101\" height=\"57\" class=\"skip-lazy fg-image\" data-src-fg=\"https:\/\/alpavista.ch\/Alp11\/wp-content\/uploads\/cache\/CPOD_25_013\/2812705169.png\" src=\"data:image\/svg+xml,%3Csvg%20xmlns%3D%22http%3A%2F%2Fwww.w3.org%2F2000%2Fsvg%22%20width%3D%22101%22%20height%3D%2257%22%20viewBox%3D%220%200%20101%2057%22%3E%3C%2Fsvg%3E\" loading=\"eager\"><\/span><span class=\"fg-image-overlay\"><\/span><\/a><figcaption class=\"fg-caption\"><div class=\"fg-caption-inner\"><div class=\"fg-caption-desc\">Ses deux secteurs \u00ab mal pav\u00e9s \u00bb se chargent rapidement de v\u00e9rifier si vos suspensions sont bien r\u00e9gl\u00e9es.<\/div><\/div><\/figcaption><\/figure><div class=\"fg-loader\"><\/div><\/div><div class=\"fg-item fg-type-image fg-idle\"><figure class=\"fg-item-inner\"><a href=\"https:\/\/alpavista.ch\/Alp11\/wp-content\/uploads\/CPOD_25_014.png\" data-caption-title=\"En revanche, sa d\u00e9clivit\u00e9, elle, est id\u00e9ale. Jamais vraiment pentue, mais (presque) jamais trop plate pour n\u00e9cessiter du p\u00e9dalage.\" data-caption-desc=\"En revanche, sa d\u00e9clivit\u00e9, elle, est id\u00e9ale. Jamais vraiment pentue, mais (presque) jamais trop plate pour n\u00e9cessiter du p\u00e9dalage.\" data-attachment-id=\"40435\" data-type=\"image\" class=\"fg-thumb\"><span class=\"fg-image-wrap\"><img decoding=\"async\" title=\"En revanche, sa d\u00e9clivit\u00e9, elle, est id\u00e9ale. Jamais vraiment pentue, mais (presque) jamais trop plate pour n\u00e9cessiter du p\u00e9dalage.\" width=\"101\" height=\"57\" class=\"skip-lazy fg-image\" data-src-fg=\"https:\/\/alpavista.ch\/Alp11\/wp-content\/uploads\/cache\/CPOD_25_014\/485654387.png\" src=\"data:image\/svg+xml,%3Csvg%20xmlns%3D%22http%3A%2F%2Fwww.w3.org%2F2000%2Fsvg%22%20width%3D%22101%22%20height%3D%2257%22%20viewBox%3D%220%200%20101%2057%22%3E%3C%2Fsvg%3E\" loading=\"eager\"><\/span><span class=\"fg-image-overlay\"><\/span><\/a><figcaption class=\"fg-caption\"><div class=\"fg-caption-inner\"><div class=\"fg-caption-desc\">En revanche, sa d\u00e9clivit\u00e9, elle, est id\u00e9ale. Jamais vraiment pentue, mais (presque) jamais trop plate pour n\u00e9cessiter du p\u00e9dalage.<\/div><\/div><\/figcaption><\/figure><div class=\"fg-loader\"><\/div><\/div><div class=\"fg-item fg-type-image fg-idle\"><figure class=\"fg-item-inner\"><a href=\"https:\/\/alpavista.ch\/Alp11\/wp-content\/uploads\/CPOD_25_015.png\" data-caption-title=\"Sur un chemin aussi divin, notre retour sur le trac\u00e9 de mont\u00e9e survient forc\u00e9ment vite et bien.\" data-caption-desc=\"Sur un chemin aussi divin, notre retour sur le trac\u00e9 de mont\u00e9e survient forc\u00e9ment vite et bien.\" data-attachment-id=\"40436\" data-type=\"image\" class=\"fg-thumb\"><span class=\"fg-image-wrap\"><img decoding=\"async\" title=\"Sur un chemin aussi divin, notre retour sur le trac\u00e9 de mont\u00e9e survient forc\u00e9ment vite et bien.\" width=\"101\" height=\"57\" class=\"skip-lazy fg-image\" data-src-fg=\"https:\/\/alpavista.ch\/Alp11\/wp-content\/uploads\/cache\/CPOD_25_015\/3650775457.png\" src=\"data:image\/svg+xml,%3Csvg%20xmlns%3D%22http%3A%2F%2Fwww.w3.org%2F2000%2Fsvg%22%20width%3D%22101%22%20height%3D%2257%22%20viewBox%3D%220%200%20101%2057%22%3E%3C%2Fsvg%3E\" loading=\"eager\"><\/span><span class=\"fg-image-overlay\"><\/span><\/a><figcaption class=\"fg-caption\"><div class=\"fg-caption-inner\"><div class=\"fg-caption-desc\">Sur un chemin aussi divin, notre retour sur le trac\u00e9 de mont\u00e9e survient forc\u00e9ment vite et bien.<\/div><\/div><\/figcaption><\/figure><div class=\"fg-loader\"><\/div><\/div><div class=\"fg-item fg-type-image fg-idle\"><figure class=\"fg-item-inner\"><a href=\"https:\/\/alpavista.ch\/Alp11\/wp-content\/uploads\/CPOD_25_016.png\" data-caption-title=\"Back to the Plannards, avec qu&#039;une seule h\u00e2te, retrouver son fameux tortillard.\" data-caption-desc=\"Back to the Plannards, avec qu&#039;une seule h\u00e2te, retrouver son fameux tortillard.\" data-attachment-id=\"40437\" data-type=\"image\" class=\"fg-thumb\"><span class=\"fg-image-wrap\"><img decoding=\"async\" title=\"Back to the Plannards, avec qu&#039;une seule h\u00e2te, retrouver son fameux tortillard.\" width=\"101\" height=\"57\" class=\"skip-lazy fg-image\" data-src-fg=\"https:\/\/alpavista.ch\/Alp11\/wp-content\/uploads\/cache\/CPOD_25_016\/3867435449.png\" src=\"data:image\/svg+xml,%3Csvg%20xmlns%3D%22http%3A%2F%2Fwww.w3.org%2F2000%2Fsvg%22%20width%3D%22101%22%20height%3D%2257%22%20viewBox%3D%220%200%20101%2057%22%3E%3C%2Fsvg%3E\" loading=\"eager\"><\/span><span class=\"fg-image-overlay\"><\/span><\/a><figcaption class=\"fg-caption\"><div class=\"fg-caption-inner\"><div class=\"fg-caption-desc\">Back to the Plannards, avec qu'une seule h\u00e2te, retrouver son fameux tortillard.<\/div><\/div><\/figcaption><\/figure><div class=\"fg-loader\"><\/div><\/div><div class=\"fg-item fg-type-image fg-idle\"><figure class=\"fg-item-inner\"><a href=\"https:\/\/alpavista.ch\/Alp11\/wp-content\/uploads\/CPOD_25_017.png\" data-caption-title=\"Un tortillard qui perd chaque ann\u00e9e un peu plus son caract\u00e8re \u00ab flowy \u00bb ....\" data-caption-desc=\"Un tortillard qui perd chaque ann\u00e9e un peu plus son caract\u00e8re \u00ab flowy \u00bb ....\" data-attachment-id=\"40438\" data-type=\"image\" class=\"fg-thumb\"><span class=\"fg-image-wrap\"><img decoding=\"async\" title=\"Un tortillard qui perd chaque ann\u00e9e un peu plus son caract\u00e8re \u00ab flowy \u00bb ....\" width=\"101\" height=\"57\" class=\"skip-lazy fg-image\" data-src-fg=\"https:\/\/alpavista.ch\/Alp11\/wp-content\/uploads\/cache\/CPOD_25_017\/82062939.png\" src=\"data:image\/svg+xml,%3Csvg%20xmlns%3D%22http%3A%2F%2Fwww.w3.org%2F2000%2Fsvg%22%20width%3D%22101%22%20height%3D%2257%22%20viewBox%3D%220%200%20101%2057%22%3E%3C%2Fsvg%3E\" loading=\"eager\"><\/span><span class=\"fg-image-overlay\"><\/span><\/a><figcaption class=\"fg-caption\"><div class=\"fg-caption-inner\"><div class=\"fg-caption-desc\">Un tortillard qui perd chaque ann\u00e9e un peu plus son caract\u00e8re \u00ab flowy \u00bb ....<\/div><\/div><\/figcaption><\/figure><div class=\"fg-loader\"><\/div><\/div><div class=\"fg-item fg-type-image fg-idle\"><figure class=\"fg-item-inner\"><a href=\"https:\/\/alpavista.ch\/Alp11\/wp-content\/uploads\/CPOD_25_018.png\" data-caption-title=\"... mais qui n&#039;en demeure pas moins int\u00e9ressant \u00e0 rouler, \u00e0 condition de bien choisir ses lignes.\" data-caption-desc=\"... mais qui n&#039;en demeure pas moins int\u00e9ressant \u00e0 rouler, \u00e0 condition de bien choisir ses lignes.\" data-attachment-id=\"40439\" data-type=\"image\" class=\"fg-thumb\"><span class=\"fg-image-wrap\"><img decoding=\"async\" title=\"... mais qui n&#039;en demeure pas moins int\u00e9ressant \u00e0 rouler, \u00e0 condition de bien choisir ses lignes.\" width=\"101\" height=\"57\" class=\"skip-lazy fg-image\" data-src-fg=\"https:\/\/alpavista.ch\/Alp11\/wp-content\/uploads\/cache\/CPOD_25_018\/1817522956.png\" src=\"data:image\/svg+xml,%3Csvg%20xmlns%3D%22http%3A%2F%2Fwww.w3.org%2F2000%2Fsvg%22%20width%3D%22101%22%20height%3D%2257%22%20viewBox%3D%220%200%20101%2057%22%3E%3C%2Fsvg%3E\" loading=\"eager\"><\/span><span class=\"fg-image-overlay\"><\/span><\/a><figcaption class=\"fg-caption\"><div class=\"fg-caption-inner\"><div class=\"fg-caption-desc\">... mais qui n'en demeure pas moins int\u00e9ressant \u00e0 rouler, \u00e0 condition de bien choisir ses lignes.<\/div><\/div><\/figcaption><\/figure><div class=\"fg-loader\"><\/div><\/div><div class=\"fg-item fg-type-image fg-idle\"><figure class=\"fg-item-inner\"><a href=\"https:\/\/alpavista.ch\/Alp11\/wp-content\/uploads\/CPOD_25_019.png\" data-caption-title=\"Effectivement, \u00ab flowy \u00bb n&#039;est clairement plus le qualificatif le mieux adapt\u00e9 \u00e0 ce sinueux trac\u00e9.\" data-caption-desc=\"Effectivement, \u00ab flowy \u00bb n&#039;est clairement plus le qualificatif le mieux adapt\u00e9 \u00e0 ce sinueux trac\u00e9.\" data-attachment-id=\"40440\" data-type=\"image\" class=\"fg-thumb\"><span class=\"fg-image-wrap\"><img decoding=\"async\" title=\"Effectivement, \u00ab flowy \u00bb n&#039;est clairement plus le qualificatif le mieux adapt\u00e9 \u00e0 ce sinueux trac\u00e9.\" width=\"101\" height=\"57\" class=\"skip-lazy fg-image\" data-src-fg=\"https:\/\/alpavista.ch\/Alp11\/wp-content\/uploads\/cache\/CPOD_25_019\/1235776951.png\" src=\"data:image\/svg+xml,%3Csvg%20xmlns%3D%22http%3A%2F%2Fwww.w3.org%2F2000%2Fsvg%22%20width%3D%22101%22%20height%3D%2257%22%20viewBox%3D%220%200%20101%2057%22%3E%3C%2Fsvg%3E\" loading=\"eager\"><\/span><span class=\"fg-image-overlay\"><\/span><\/a><figcaption class=\"fg-caption\"><div class=\"fg-caption-inner\"><div class=\"fg-caption-desc\">Effectivement, \u00ab flowy \u00bb n'est clairement plus le qualificatif le mieux adapt\u00e9 \u00e0 ce sinueux trac\u00e9.<\/div><\/div><\/figcaption><\/figure><div class=\"fg-loader\"><\/div><\/div><div class=\"fg-item fg-type-image fg-idle\"><figure class=\"fg-item-inner\"><a href=\"https:\/\/alpavista.ch\/Alp11\/wp-content\/uploads\/CPOD_25_020.png\" data-caption-title=\"A quel moment un chemin passe-t-il du statut de \u00ab ex-flowy \u00bb \u00e0 celui de \u00ab rocky garden \u00bb ? A l&#039;approche des Esserts r\u00e9pondrons en choeur les connaisseurs des lieux.\" data-caption-desc=\"A quel moment un chemin passe-t-il du statut de \u00ab ex-flowy \u00bb \u00e0 celui de \u00ab rocky garden \u00bb ? A l&#039;approche des Esserts r\u00e9pondrons en choeur les connaisseurs des lieux.\" data-attachment-id=\"40441\" data-type=\"image\" class=\"fg-thumb\"><span class=\"fg-image-wrap\"><img decoding=\"async\" title=\"A quel moment un chemin passe-t-il du statut de \u00ab ex-flowy \u00bb \u00e0 celui de \u00ab rocky garden \u00bb ? A l&#039;approche des Esserts r\u00e9pondrons en choeur les connaisseurs des lieux.\" width=\"101\" height=\"57\" class=\"skip-lazy fg-image\" data-src-fg=\"https:\/\/alpavista.ch\/Alp11\/wp-content\/uploads\/cache\/CPOD_25_020\/3741015458.png\" src=\"data:image\/svg+xml,%3Csvg%20xmlns%3D%22http%3A%2F%2Fwww.w3.org%2F2000%2Fsvg%22%20width%3D%22101%22%20height%3D%2257%22%20viewBox%3D%220%200%20101%2057%22%3E%3C%2Fsvg%3E\" loading=\"eager\"><\/span><span class=\"fg-image-overlay\"><\/span><\/a><figcaption class=\"fg-caption\"><div class=\"fg-caption-inner\"><div class=\"fg-caption-desc\">A quel moment un chemin passe-t-il du statut de \u00ab ex-flowy \u00bb \u00e0 celui de \u00ab rocky garden \u00bb ? A l'approche des Esserts r\u00e9pondrons en choeur les connaisseurs des lieux.<\/div><\/div><\/figcaption><\/figure><div class=\"fg-loader\"><\/div><\/div><div class=\"fg-item fg-type-image fg-idle\"><figure class=\"fg-item-inner\"><a href=\"https:\/\/alpavista.ch\/Alp11\/wp-content\/uploads\/CPOD_25_021.png\" data-caption-title=\"Contempler ou voyager ? Le banc ou la selle, il faut choisir.\" data-caption-desc=\"Contempler ou voyager ? Le banc ou la selle, il faut choisir.\" data-attachment-id=\"40442\" data-type=\"image\" class=\"fg-thumb\"><span class=\"fg-image-wrap\"><img decoding=\"async\" title=\"Contempler ou voyager ? Le banc ou la selle, il faut choisir.\" width=\"101\" height=\"57\" class=\"skip-lazy fg-image\" data-src-fg=\"https:\/\/alpavista.ch\/Alp11\/wp-content\/uploads\/cache\/CPOD_25_021\/462637936.png\" src=\"data:image\/svg+xml,%3Csvg%20xmlns%3D%22http%3A%2F%2Fwww.w3.org%2F2000%2Fsvg%22%20width%3D%22101%22%20height%3D%2257%22%20viewBox%3D%220%200%20101%2057%22%3E%3C%2Fsvg%3E\" loading=\"eager\"><\/span><span class=\"fg-image-overlay\"><\/span><\/a><figcaption class=\"fg-caption\"><div class=\"fg-caption-inner\"><div class=\"fg-caption-desc\">Contempler ou voyager ? Le banc ou la selle, il faut choisir.<\/div><\/div><\/figcaption><\/figure><div class=\"fg-loader\"><\/div><\/div><div class=\"fg-item fg-type-image fg-idle\"><figure class=\"fg-item-inner\"><a href=\"https:\/\/alpavista.ch\/Alp11\/wp-content\/uploads\/CPOD_25_022.png\" data-caption-title=\"M\u00eame s&#039;il n&#039;en a pas officiellement l&#039;appellation, le chemin du Oindu joue clairement dans la douce cour des \u00ab family lines \u00bb.\" data-caption-desc=\"M\u00eame s&#039;il n&#039;en a pas officiellement l&#039;appellation, le chemin du Oindu joue clairement dans la douce cour des \u00ab family lines \u00bb.\" data-attachment-id=\"40443\" data-type=\"image\" class=\"fg-thumb\"><span class=\"fg-image-wrap\"><img decoding=\"async\" title=\"M\u00eame s&#039;il n&#039;en a pas officiellement l&#039;appellation, le chemin du Oindu joue clairement dans la douce cour des \u00ab family lines \u00bb.\" width=\"101\" height=\"57\" class=\"skip-lazy fg-image\" data-src-fg=\"https:\/\/alpavista.ch\/Alp11\/wp-content\/uploads\/cache\/CPOD_25_022\/613237608.png\" src=\"data:image\/svg+xml,%3Csvg%20xmlns%3D%22http%3A%2F%2Fwww.w3.org%2F2000%2Fsvg%22%20width%3D%22101%22%20height%3D%2257%22%20viewBox%3D%220%200%20101%2057%22%3E%3C%2Fsvg%3E\" loading=\"eager\"><\/span><span class=\"fg-image-overlay\"><\/span><\/a><figcaption class=\"fg-caption\"><div class=\"fg-caption-inner\"><div class=\"fg-caption-desc\">M\u00eame s'il n'en a pas officiellement l'appellation, le chemin du Oindu joue clairement dans la douce cour des \u00ab family lines \u00bb.<\/div><\/div><\/figcaption><\/figure><div class=\"fg-loader\"><\/div><\/div><div class=\"fg-item fg-type-image fg-idle\"><figure class=\"fg-item-inner\"><a href=\"https:\/\/alpavista.ch\/Alp11\/wp-content\/uploads\/CPOD_25_023.png\" data-caption-title=\"La travers\u00e9e du verdoyant p\u00e2turage de Clambin, face aux Combins, nos proches voisins.\" data-caption-desc=\"La travers\u00e9e du verdoyant p\u00e2turage de Clambin, face aux Combins, nos proches voisins.\" data-attachment-id=\"40444\" data-type=\"image\" class=\"fg-thumb\"><span class=\"fg-image-wrap\"><img decoding=\"async\" title=\"La travers\u00e9e du verdoyant p\u00e2turage de Clambin, face aux Combins, nos proches voisins.\" width=\"101\" height=\"57\" class=\"skip-lazy fg-image\" data-src-fg=\"https:\/\/alpavista.ch\/Alp11\/wp-content\/uploads\/cache\/CPOD_25_023\/1244815509.png\" src=\"data:image\/svg+xml,%3Csvg%20xmlns%3D%22http%3A%2F%2Fwww.w3.org%2F2000%2Fsvg%22%20width%3D%22101%22%20height%3D%2257%22%20viewBox%3D%220%200%20101%2057%22%3E%3C%2Fsvg%3E\" loading=\"eager\"><\/span><span class=\"fg-image-overlay\"><\/span><\/a><figcaption class=\"fg-caption\"><div class=\"fg-caption-inner\"><div class=\"fg-caption-desc\">La travers\u00e9e du verdoyant p\u00e2turage de Clambin, face aux Combins, nos proches voisins.<\/div><\/div><\/figcaption><\/figure><div class=\"fg-loader\"><\/div><\/div><div class=\"fg-item fg-type-image fg-idle\"><figure class=\"fg-item-inner\"><a href=\"https:\/\/alpavista.ch\/Alp11\/wp-content\/uploads\/CPOD_25_024.png\" data-caption-title=\"Premi\u00e8re Dent d&#039;une saison qui, on l&#039;esp\u00e8re, en comptera beaucoup d&#039;autres.\" data-caption-desc=\"Premi\u00e8re Dent d&#039;une saison qui, on l&#039;esp\u00e8re, en comptera beaucoup d&#039;autres.\" data-attachment-id=\"40445\" data-type=\"image\" class=\"fg-thumb\"><span class=\"fg-image-wrap\"><img decoding=\"async\" title=\"Premi\u00e8re Dent d&#039;une saison qui, on l&#039;esp\u00e8re, en comptera beaucoup d&#039;autres.\" width=\"101\" height=\"57\" class=\"skip-lazy fg-image\" data-src-fg=\"https:\/\/alpavista.ch\/Alp11\/wp-content\/uploads\/cache\/CPOD_25_024\/4050019959.png\" src=\"data:image\/svg+xml,%3Csvg%20xmlns%3D%22http%3A%2F%2Fwww.w3.org%2F2000%2Fsvg%22%20width%3D%22101%22%20height%3D%2257%22%20viewBox%3D%220%200%20101%2057%22%3E%3C%2Fsvg%3E\" loading=\"eager\"><\/span><span class=\"fg-image-overlay\"><\/span><\/a><figcaption class=\"fg-caption\"><div class=\"fg-caption-inner\"><div class=\"fg-caption-desc\">Premi\u00e8re Dent d'une saison qui, on l'esp\u00e8re, en comptera beaucoup d'autres.<\/div><\/div><\/figcaption><\/figure><div class=\"fg-loader\"><\/div><\/div><div class=\"fg-item fg-type-image fg-idle\"><figure class=\"fg-item-inner\"><a href=\"https:\/\/alpavista.ch\/Alp11\/wp-content\/uploads\/CPOD_25_025.png\" data-caption-title=\"A son caract\u00e8re de \u00ab MAC \u00bb bien affirm\u00e9, ce chemin perch\u00e9 rajoute chaque ann\u00e9e de nouvelles difficult\u00e9s.\" data-caption-desc=\"A son caract\u00e8re de \u00ab MAC \u00bb bien affirm\u00e9, ce chemin perch\u00e9 rajoute chaque ann\u00e9e de nouvelles difficult\u00e9s.\" data-attachment-id=\"40446\" data-type=\"image\" class=\"fg-thumb\"><span class=\"fg-image-wrap\"><img decoding=\"async\" title=\"A son caract\u00e8re de \u00ab MAC \u00bb bien affirm\u00e9, ce chemin perch\u00e9 rajoute chaque ann\u00e9e de nouvelles difficult\u00e9s.\" width=\"101\" height=\"57\" class=\"skip-lazy fg-image\" data-src-fg=\"https:\/\/alpavista.ch\/Alp11\/wp-content\/uploads\/cache\/CPOD_25_025\/873361573.png\" src=\"data:image\/svg+xml,%3Csvg%20xmlns%3D%22http%3A%2F%2Fwww.w3.org%2F2000%2Fsvg%22%20width%3D%22101%22%20height%3D%2257%22%20viewBox%3D%220%200%20101%2057%22%3E%3C%2Fsvg%3E\" loading=\"eager\"><\/span><span class=\"fg-image-overlay\"><\/span><\/a><figcaption class=\"fg-caption\"><div class=\"fg-caption-inner\"><div class=\"fg-caption-desc\">A son caract\u00e8re de \u00ab MAC \u00bb bien affirm\u00e9, ce chemin perch\u00e9 rajoute chaque ann\u00e9e de nouvelles difficult\u00e9s.<\/div><\/div><\/figcaption><\/figure><div class=\"fg-loader\"><\/div><\/div><div class=\"fg-item fg-type-image fg-idle\"><figure class=\"fg-item-inner\"><a href=\"https:\/\/alpavista.ch\/Alp11\/wp-content\/uploads\/CPOD_25_026.png\" data-caption-title=\"Du coup, si vous n&#039;aimez pas tricoter, \u00e9vitez de vous jeter dans sa folle plong\u00e9e.\" data-caption-desc=\"Du coup, si vous n&#039;aimez pas tricoter, \u00e9vitez de vous jeter dans sa folle plong\u00e9e.\" data-attachment-id=\"40447\" data-type=\"image\" class=\"fg-thumb\"><span class=\"fg-image-wrap\"><img decoding=\"async\" title=\"Du coup, si vous n&#039;aimez pas tricoter, \u00e9vitez de vous jeter dans sa folle plong\u00e9e.\" width=\"101\" height=\"57\" class=\"skip-lazy fg-image\" data-src-fg=\"https:\/\/alpavista.ch\/Alp11\/wp-content\/uploads\/cache\/CPOD_25_026\/185628861.png\" src=\"data:image\/svg+xml,%3Csvg%20xmlns%3D%22http%3A%2F%2Fwww.w3.org%2F2000%2Fsvg%22%20width%3D%22101%22%20height%3D%2257%22%20viewBox%3D%220%200%20101%2057%22%3E%3C%2Fsvg%3E\" loading=\"eager\"><\/span><span class=\"fg-image-overlay\"><\/span><\/a><figcaption class=\"fg-caption\"><div class=\"fg-caption-inner\"><div class=\"fg-caption-desc\">Du coup, si vous n'aimez pas tricoter, \u00e9vitez de vous jeter dans sa folle plong\u00e9e.<\/div><\/div><\/figcaption><\/figure><div class=\"fg-loader\"><\/div><\/div><div class=\"fg-item fg-type-image fg-idle\"><figure class=\"fg-item-inner\"><a href=\"https:\/\/alpavista.ch\/Alp11\/wp-content\/uploads\/CPOD_25_027.png\" data-caption-title=\"Le secteur inf\u00e9rieur, g\u00e9r\u00e9 par les forestiers, \u00e0 lui aussi \u00e9t\u00e9 visit\u00e9 par les b\u00fbcherons charg\u00e9s de d\u00e9gager son trac\u00e9. Bel effort d&#039;un Service pas toujours au diapason du tourisme.\" data-caption-desc=\"Le secteur inf\u00e9rieur, g\u00e9r\u00e9 par les forestiers, \u00e0 lui aussi \u00e9t\u00e9 visit\u00e9 par les b\u00fbcherons charg\u00e9s de d\u00e9gager son trac\u00e9. Bel effort d&#039;un Service pas toujours au diapason du tourisme.\" data-attachment-id=\"40448\" data-type=\"image\" class=\"fg-thumb\"><span class=\"fg-image-wrap\"><img decoding=\"async\" title=\"Le secteur inf\u00e9rieur, g\u00e9r\u00e9 par les forestiers, \u00e0 lui aussi \u00e9t\u00e9 visit\u00e9 par les b\u00fbcherons charg\u00e9s de d\u00e9gager son trac\u00e9. Bel effort d&#039;un Service pas toujours au diapason du tourisme.\" width=\"101\" height=\"57\" class=\"skip-lazy fg-image\" data-src-fg=\"https:\/\/alpavista.ch\/Alp11\/wp-content\/uploads\/cache\/CPOD_25_027\/3916445535.png\" src=\"data:image\/svg+xml,%3Csvg%20xmlns%3D%22http%3A%2F%2Fwww.w3.org%2F2000%2Fsvg%22%20width%3D%22101%22%20height%3D%2257%22%20viewBox%3D%220%200%20101%2057%22%3E%3C%2Fsvg%3E\" loading=\"eager\"><\/span><span class=\"fg-image-overlay\"><\/span><\/a><figcaption class=\"fg-caption\"><div class=\"fg-caption-inner\"><div class=\"fg-caption-desc\">Le secteur inf\u00e9rieur, g\u00e9r\u00e9 par les forestiers, \u00e0 lui aussi \u00e9t\u00e9 visit\u00e9 par les b\u00fbcherons charg\u00e9s de d\u00e9gager son trac\u00e9. Bel effort d'un Service pas toujours au diapason du tourisme.<\/div><\/div><\/figcaption><\/figure><div class=\"fg-loader\"><\/div><\/div><div class=\"fg-item fg-type-image fg-idle\"><figure class=\"fg-item-inner\"><a href=\"https:\/\/alpavista.ch\/Alp11\/wp-content\/uploads\/CPOD_25_028.png\" data-caption-title=\"Une Dent int\u00e9gralement roulable ? La bonne surprise de printemps passablement chahut\u00e9.\" data-caption-desc=\"Une Dent int\u00e9gralement roulable ? La bonne surprise de printemps passablement chahut\u00e9.\" data-attachment-id=\"40449\" data-type=\"image\" class=\"fg-thumb\"><span class=\"fg-image-wrap\"><img decoding=\"async\" title=\"Une Dent int\u00e9gralement roulable ? La bonne surprise de printemps passablement chahut\u00e9.\" width=\"101\" height=\"57\" class=\"skip-lazy fg-image\" data-src-fg=\"https:\/\/alpavista.ch\/Alp11\/wp-content\/uploads\/cache\/CPOD_25_028\/2176920072.png\" src=\"data:image\/svg+xml,%3Csvg%20xmlns%3D%22http%3A%2F%2Fwww.w3.org%2F2000%2Fsvg%22%20width%3D%22101%22%20height%3D%2257%22%20viewBox%3D%220%200%20101%2057%22%3E%3C%2Fsvg%3E\" loading=\"eager\"><\/span><span class=\"fg-image-overlay\"><\/span><\/a><figcaption class=\"fg-caption\"><div class=\"fg-caption-inner\"><div class=\"fg-caption-desc\">Une Dent int\u00e9gralement roulable ? La bonne surprise de printemps passablement chahut\u00e9.<\/div><\/div><\/figcaption><\/figure><div class=\"fg-loader\"><\/div><\/div><\/div>\n\n<input class=\"fooboxshare_post_id\" type=\"hidden\" value=\"40451\"\/>","protected":false},"excerpt":{"rendered":"<p>M\u00eame si la situation du r\u00e9seau p\u00e9destre valaisan se d\u00e9tend peu \u00e0 peu, il reste encore beaucoup de travail de d\u00e9blaiement forestier pour que nous retrouvions l\u2019int\u00e9gralit\u00e9 de notre terrain de jeu pr\u00e9f\u00e9r\u00e9. Et comme la communication de certaines communes n\u2019est pas tr\u00e8s proactive, il est pour l&rsquo;instant tr\u00e8s compliqu\u00e9 de connaitre l\u2019\u00e9tat de certains secteurs et par cons\u00e9quent, les possibilit\u00e9s d\u2019y rouler. Pour autant, avec du beau temps r\u00e9guli\u00e8rement au rendez-vous de nos week-ends, nous nous effor\u00e7ons de pers\u00e9v\u00e9rer [&hellip;]<\/p>\n","protected":false},"author":2,"featured_media":40421,"comment_status":"open","ping_status":"open","sticky":false,"template":"","format":"standard","meta":{"footnotes":""},"categories":[658,4],"tags":[1079,2394,2668,2520,3715,2758,1283,3624,1238],"class_list":["post-40451","post","type-post","status-publish","format-standard","has-post-thumbnail","hentry","category-outdoor","category-vtt","tag-bagnes","tag-clambin","tag-croix-de-coeur","tag-dent","tag-oindu","tag-plannards","tag-sarreyer","tag-savoleyres","tag-verbier"],"_links":{"self":[{"href":"https:\/\/alpavista.ch\/Alp11\/wp-json\/wp\/v2\/posts\/40451","targetHints":{"allow":["GET"]}}],"collection":[{"href":"https:\/\/alpavista.ch\/Alp11\/wp-json\/wp\/v2\/posts"}],"about":[{"href":"https:\/\/alpavista.ch\/Alp11\/wp-json\/wp\/v2\/types\/post"}],"author":[{"embeddable":true,"href":"https:\/\/alpavista.ch\/Alp11\/wp-json\/wp\/v2\/users\/2"}],"replies":[{"embeddable":true,"href":"https:\/\/alpavista.ch\/Alp11\/wp-json\/wp\/v2\/comments?post=40451"}],"version-history":[{"count":0,"href":"https:\/\/alpavista.ch\/Alp11\/wp-json\/wp\/v2\/posts\/40451\/revisions"}],"wp:featuredmedia":[{"embeddable":true,"href":"https:\/\/alpavista.ch\/Alp11\/wp-json\/wp\/v2\/media\/40421"}],"wp:attachment":[{"href":"https:\/\/alpavista.ch\/Alp11\/wp-json\/wp\/v2\/media?parent=40451"}],"wp:term":[{"taxonomy":"category","embeddable":true,"href":"https:\/\/alpavista.ch\/Alp11\/wp-json\/wp\/v2\/categories?post=40451"},{"taxonomy":"post_tag","embeddable":true,"href":"https:\/\/alpavista.ch\/Alp11\/wp-json\/wp\/v2\/tags?post=40451"}],"curies":[{"name":"wp","href":"https:\/\/api.w.org\/{rel}","templated":true}]}}