{"id":40490,"date":"2025-05-24T19:57:55","date_gmt":"2025-05-24T17:57:55","guid":{"rendered":"https:\/\/alpavista.ch\/Alp11\/?p=40490"},"modified":"2025-05-29T19:55:28","modified_gmt":"2025-05-29T17:55:28","slug":"niwenalp","status":"publish","type":"post","link":"https:\/\/alpavista.ch\/Alp11\/2025\/05\/24\/niwenalp\/","title":{"rendered":"Niwenalp"},"content":{"rendered":"<p>Ah le joli mois de mai..rde !<\/p>\n<p>M\u00eame si ce mois de mai sera, une fois encore, immanquablement annonc\u00e9 comme l\u2019un des plus chauds depuis le d\u00e9but des mesures, il n\u2019emp\u00eache qu\u2019on se caille et qu\u2019on se mouille chaque jour qu\u2019il fait. Mai n\u2019est certes pas encore boucl\u00e9, mais je ne me souviens pas d\u2019une seule de ses journ\u00e9es qui m\u2019ait \u00ab \u00e9cras\u00e9 \u00bb de sa chaleur. En revanche, ses petits matins gris, pisseux et froids, je n&rsquo;ai pas assez de doigts, mains et pieds associ\u00e9s, pour les compter.<\/p>\n<p>Et ce n\u2019est clairement pas ce beau samedi ensoleill\u00e9, mais copieusement ventil\u00e9 par une bise glaciale, qui va d\u00e9mentir notre ressenti.<br \/>\n<!--more--><\/p>\n<p>Faute de grives on mange des merles, et faute de temp\u00e9ratures printani\u00e8res on roule quand m\u00eame.<br \/>\nApr\u00e8s quelques appels pour nous assurer que l\u2019\u00e9tat des chemins de la r\u00e9gion de Jeizinen n\u2019\u00e9tait pas aussi \u00ab rouge \u00bb qu\u2019indiqu\u00e9 sur SwissMap, nous avons d\u00e9cid\u00e9 d\u2019aller valider les infos directement sur place. <\/p>\n<p>Niwenalp et sa fontaine \u00ab magique \u00bb sont connus pour bon nombre de bikers. Mais cet alpage panoramique et d\u00e9salt\u00e9rant n&rsquo;est g\u00e9n\u00e9ralement qu&rsquo;un point de passage sur la transition entre Bachalp et F\u00e4silalpu. Il n&rsquo;est, pour ainsi dire, jamais d\u00e9fini comme point culminant d&rsquo;un itin\u00e9raire qui d\u00e9marrerait de la plaine du Rh\u00f4ne, probablement en raison des 1567 m\u00e8tres de D+ \u00e0 avaler avant d&rsquo;acc\u00e9der au premier \u00ab wanderweg \u00bb de la journ\u00e9e.<\/p>\n<p>Mais comme c&rsquo;\u00e9tait finalement notre menu du jour, voil\u00e0 le compte-rendu sur l\u2019\u00e9tat des chemins emprunt\u00e9s :<br \/>\n&#8211;\t<strong>Niwenalp-F\u00e4silapu<\/strong>\t: \u00e0 l\u2019exception d\u2019un bouquet d\u2019arbres renvers\u00e9s, mais contournables, \u00e0 l&rsquo;amont de l\u2019alpage de F\u00e4silalpu, \u00e7a passe partout.<br \/>\n&#8211;\t<strong>F\u00e4silalpu-Brentschen<\/strong> : quelques arbres en cours de d\u00e9gagement et quelques autres facilement franchissables.<br \/>\n&#8211;\t<strong>Brentschen-Engersch<\/strong> : aucun souci en dehors de ses habituelles difficult\u00e9s techniques.<br \/>\n&#8211;\t<strong>Engersch-Erschmatt<\/strong> : int\u00e9gralement d\u00e9gag\u00e9.<br \/>\n&#8211;\t<strong>Erschmatt-Bratsch<\/strong> : beaucoup de gravier fuyant sur les lignes, mais plus aucun arbre en travers du chemin.<br \/>\n&#8211;\t<strong>Bratsch- Niedergampel<\/strong> : de la poussi\u00e8re et des ardoises effil\u00e9es, mais aucun arbre renvers\u00e9.<\/p>\n<style type=\"text\/css\">\n#foogallery-gallery-40489 .fg-image { width: 101px; }\n#foogallery-gallery-40489 { --fg-gutter: 1px; }<\/style>\n\t\t\t<div class=\"foogallery foogallery-container foogallery-default foogallery-lightbox-none fg-left fg-default fg-ready fg-light fg-loading-default fg-loaded-fade-in fg-preset fg-selena fg-preset-small fg-preset fg-selena fg-preset-small\" id=\"foogallery-gallery-40489\" data-foogallery=\"{&quot;item&quot;:{&quot;showCaptionTitle&quot;:false,&quot;showCaptionDescription&quot;:true},&quot;lazy&quot;:true,&quot;state&quot;:{&quot;enabled&quot;:true,&quot;mask&quot;:&quot;foogallery-{id}&quot;}}\" style=\"--fg-title-line-clamp: 0; --fg-description-line-clamp: 0;\" >\n\t<div class=\"fg-item fg-type-image fg-idle\"><figure class=\"fg-item-inner\"><a href=\"https:\/\/alpavista.ch\/Alp11\/wp-content\/uploads\/Niwenalp_25_001.png\" data-caption-title=\"1400 m\u00e8tres de d\u00e9nivel\u00e9 aval\u00e9s et un labyrinthe \u00e0 mouton \u00e0 g\u00e9rer pour acc\u00e9der au premier sentier de la journ\u00e9e. C&#039;est cher pay\u00e9 ? Pas forc\u00e9ment, quand on aime p\u00e9daler.\" data-caption-desc=\"1400 m\u00e8tres de d\u00e9nivel\u00e9 aval\u00e9s et un labyrinthe \u00e0 mouton \u00e0 g\u00e9rer pour acc\u00e9der au premier sentier de la journ\u00e9e. C&#039;est cher pay\u00e9 ? Pas forc\u00e9ment, quand on aime p\u00e9daler.\" data-attachment-id=\"40454\" data-type=\"image\" class=\"fg-thumb\"><span class=\"fg-image-wrap\"><img decoding=\"async\" title=\"1400 m\u00e8tres de d\u00e9nivel\u00e9 aval\u00e9s et un labyrinthe \u00e0 mouton \u00e0 g\u00e9rer pour acc\u00e9der au premier sentier de la journ\u00e9e. C&#039;est cher pay\u00e9 ? Pas forc\u00e9ment, quand on aime p\u00e9daler.\" width=\"101\" height=\"57\" class=\"skip-lazy fg-image\" data-src-fg=\"https:\/\/alpavista.ch\/Alp11\/wp-content\/uploads\/cache\/Niwenalp_25_001\/3898224214.png\" src=\"data:image\/svg+xml,%3Csvg%20xmlns%3D%22http%3A%2F%2Fwww.w3.org%2F2000%2Fsvg%22%20width%3D%22101%22%20height%3D%2257%22%20viewBox%3D%220%200%20101%2057%22%3E%3C%2Fsvg%3E\" loading=\"eager\"><\/span><span class=\"fg-image-overlay\"><\/span><\/a><figcaption class=\"fg-caption\"><div class=\"fg-caption-inner\"><div class=\"fg-caption-desc\">1400 m\u00e8tres de d\u00e9nivel\u00e9 aval\u00e9s et un labyrinthe \u00e0 mouton \u00e0 g\u00e9rer pour acc\u00e9der au premier sentier de la journ\u00e9e. C'est cher pay\u00e9 ? Pas forc\u00e9ment, quand on aime p\u00e9daler.<\/div><\/div><\/figcaption><\/figure><div class=\"fg-loader\"><\/div><\/div><div class=\"fg-item fg-type-image fg-idle\"><figure class=\"fg-item-inner\"><a href=\"https:\/\/alpavista.ch\/Alp11\/wp-content\/uploads\/Niwenalp_25_002.png\" data-caption-title=\"Le premier chemin, mais aussi le premier pr\u00e9 de la journ\u00e9e. Un pr\u00e9 tr\u00e8s vert, temps de mai.de oblige.\" data-caption-desc=\"Le premier chemin, mais aussi le premier pr\u00e9 de la journ\u00e9e. Un pr\u00e9 tr\u00e8s vert, temps de mai.de oblige.\" data-attachment-id=\"40455\" data-type=\"image\" class=\"fg-thumb\"><span class=\"fg-image-wrap\"><img decoding=\"async\" title=\"Le premier chemin, mais aussi le premier pr\u00e9 de la journ\u00e9e. Un pr\u00e9 tr\u00e8s vert, temps de mai.de oblige.\" width=\"101\" height=\"57\" class=\"skip-lazy fg-image\" data-src-fg=\"https:\/\/alpavista.ch\/Alp11\/wp-content\/uploads\/cache\/Niwenalp_25_002\/3906127727.png\" src=\"data:image\/svg+xml,%3Csvg%20xmlns%3D%22http%3A%2F%2Fwww.w3.org%2F2000%2Fsvg%22%20width%3D%22101%22%20height%3D%2257%22%20viewBox%3D%220%200%20101%2057%22%3E%3C%2Fsvg%3E\" loading=\"eager\"><\/span><span class=\"fg-image-overlay\"><\/span><\/a><figcaption class=\"fg-caption\"><div class=\"fg-caption-inner\"><div class=\"fg-caption-desc\">Le premier chemin, mais aussi le premier pr\u00e9 de la journ\u00e9e. Un pr\u00e9 tr\u00e8s vert, temps de mai.de oblige.<\/div><\/div><\/figcaption><\/figure><div class=\"fg-loader\"><\/div><\/div><div class=\"fg-item fg-type-image fg-idle\"><figure class=\"fg-item-inner\"><a href=\"https:\/\/alpavista.ch\/Alp11\/wp-content\/uploads\/Niwenalp_25_003.png\" data-caption-title=\"On aborde la travers\u00e9e de Niwenalp vers F\u00e4silalpu un peu comme sur des oeufs. L&#039;incertitude sur l&#039;\u00e9tat du tron\u00e7on est totale.\" data-caption-desc=\"On aborde la travers\u00e9e de Niwenalp vers F\u00e4silalpu un peu comme sur des oeufs. L&#039;incertitude sur l&#039;\u00e9tat du tron\u00e7on est totale.\" data-attachment-id=\"40456\" data-type=\"image\" class=\"fg-thumb\"><span class=\"fg-image-wrap\"><img decoding=\"async\" title=\"On aborde la travers\u00e9e de Niwenalp vers F\u00e4silalpu un peu comme sur des oeufs. L&#039;incertitude sur l&#039;\u00e9tat du tron\u00e7on est totale.\" width=\"101\" height=\"57\" class=\"skip-lazy fg-image\" data-src-fg=\"https:\/\/alpavista.ch\/Alp11\/wp-content\/uploads\/cache\/Niwenalp_25_003\/1828844254.png\" src=\"data:image\/svg+xml,%3Csvg%20xmlns%3D%22http%3A%2F%2Fwww.w3.org%2F2000%2Fsvg%22%20width%3D%22101%22%20height%3D%2257%22%20viewBox%3D%220%200%20101%2057%22%3E%3C%2Fsvg%3E\" loading=\"eager\"><\/span><span class=\"fg-image-overlay\"><\/span><\/a><figcaption class=\"fg-caption\"><div class=\"fg-caption-inner\"><div class=\"fg-caption-desc\">On aborde la travers\u00e9e de Niwenalp vers F\u00e4silalpu un peu comme sur des oeufs. L'incertitude sur l'\u00e9tat du tron\u00e7on est totale.<\/div><\/div><\/figcaption><\/figure><div class=\"fg-loader\"><\/div><\/div><div class=\"fg-item fg-type-image fg-idle\"><figure class=\"fg-item-inner\"><a href=\"https:\/\/alpavista.ch\/Alp11\/wp-content\/uploads\/Niwenalp_25_004.png\" data-caption-title=\"Et de fait, les premiers d\u00e9g\u00e2ts de la folle journ\u00e9e du 17 avril sont rapidement visibles.\" data-caption-desc=\"Et de fait, les premiers d\u00e9g\u00e2ts de la folle journ\u00e9e du 17 avril sont rapidement visibles.\" data-attachment-id=\"40457\" data-type=\"image\" class=\"fg-thumb\"><span class=\"fg-image-wrap\"><img decoding=\"async\" title=\"Et de fait, les premiers d\u00e9g\u00e2ts de la folle journ\u00e9e du 17 avril sont rapidement visibles.\" width=\"101\" height=\"57\" class=\"skip-lazy fg-image\" data-src-fg=\"https:\/\/alpavista.ch\/Alp11\/wp-content\/uploads\/cache\/Niwenalp_25_004\/3921876253.png\" src=\"data:image\/svg+xml,%3Csvg%20xmlns%3D%22http%3A%2F%2Fwww.w3.org%2F2000%2Fsvg%22%20width%3D%22101%22%20height%3D%2257%22%20viewBox%3D%220%200%20101%2057%22%3E%3C%2Fsvg%3E\" loading=\"eager\"><\/span><span class=\"fg-image-overlay\"><\/span><\/a><figcaption class=\"fg-caption\"><div class=\"fg-caption-inner\"><div class=\"fg-caption-desc\">Et de fait, les premiers d\u00e9g\u00e2ts de la folle journ\u00e9e du 17 avril sont rapidement visibles.<\/div><\/div><\/figcaption><\/figure><div class=\"fg-loader\"><\/div><\/div><div class=\"fg-item fg-type-image fg-idle\"><figure class=\"fg-item-inner\"><a href=\"https:\/\/alpavista.ch\/Alp11\/wp-content\/uploads\/Niwenalp_25_005.png\" data-caption-title=\"Visibles, mais jamais v\u00e9ritablement en travers du chemin.\" data-caption-desc=\"Visibles, mais jamais v\u00e9ritablement en travers du chemin.\" data-attachment-id=\"40458\" data-type=\"image\" class=\"fg-thumb\"><span class=\"fg-image-wrap\"><img decoding=\"async\" title=\"Visibles, mais jamais v\u00e9ritablement en travers du chemin.\" width=\"101\" height=\"57\" class=\"skip-lazy fg-image\" data-src-fg=\"https:\/\/alpavista.ch\/Alp11\/wp-content\/uploads\/cache\/Niwenalp_25_005\/2458251857.png\" src=\"data:image\/svg+xml,%3Csvg%20xmlns%3D%22http%3A%2F%2Fwww.w3.org%2F2000%2Fsvg%22%20width%3D%22101%22%20height%3D%2257%22%20viewBox%3D%220%200%20101%2057%22%3E%3C%2Fsvg%3E\" loading=\"eager\"><\/span><span class=\"fg-image-overlay\"><\/span><\/a><figcaption class=\"fg-caption\"><div class=\"fg-caption-inner\"><div class=\"fg-caption-desc\">Visibles, mais jamais v\u00e9ritablement en travers du chemin.<\/div><\/div><\/figcaption><\/figure><div class=\"fg-loader\"><\/div><\/div><div class=\"fg-item fg-type-image fg-idle\"><figure class=\"fg-item-inner\"><a href=\"https:\/\/alpavista.ch\/Alp11\/wp-content\/uploads\/Niwenalp_25_006.png\" data-caption-title=\"Du coup, on d\u00e9bouche sur le p\u00e2turage de F\u00e4isalpu, le coeur plus l\u00e9ger et l&#039;esprit apais\u00e9.\" data-caption-desc=\"Du coup, on d\u00e9bouche sur le p\u00e2turage de F\u00e4isalpu, le coeur plus l\u00e9ger et l&#039;esprit apais\u00e9.\" data-attachment-id=\"40459\" data-type=\"image\" class=\"fg-thumb\"><span class=\"fg-image-wrap\"><img decoding=\"async\" title=\"Du coup, on d\u00e9bouche sur le p\u00e2turage de F\u00e4isalpu, le coeur plus l\u00e9ger et l&#039;esprit apais\u00e9.\" width=\"101\" height=\"57\" class=\"skip-lazy fg-image\" data-src-fg=\"https:\/\/alpavista.ch\/Alp11\/wp-content\/uploads\/cache\/Niwenalp_25_006\/2450332520.png\" src=\"data:image\/svg+xml,%3Csvg%20xmlns%3D%22http%3A%2F%2Fwww.w3.org%2F2000%2Fsvg%22%20width%3D%22101%22%20height%3D%2257%22%20viewBox%3D%220%200%20101%2057%22%3E%3C%2Fsvg%3E\" loading=\"eager\"><\/span><span class=\"fg-image-overlay\"><\/span><\/a><figcaption class=\"fg-caption\"><div class=\"fg-caption-inner\"><div class=\"fg-caption-desc\">Du coup, on d\u00e9bouche sur le p\u00e2turage de F\u00e4isalpu, le coeur plus l\u00e9ger et l'esprit apais\u00e9.<\/div><\/div><\/figcaption><\/figure><div class=\"fg-loader\"><\/div><\/div><div class=\"fg-item fg-type-image fg-idle\"><figure class=\"fg-item-inner\"><a href=\"https:\/\/alpavista.ch\/Alp11\/wp-content\/uploads\/Niwenalp_25_007.png\" data-caption-title=\"Sauf, qu&#039;en fait, les d\u00e9g\u00e2ts occasionn\u00e9s par les incroyables chutes de neige, sont concentr\u00e9s l\u00e0, sur le chemin qui contourne l&#039;alpage par le haut. D&#039;o\u00f9 notre plong\u00e9e par l&#039;ancien itin\u00e9raire pour les contourner.\" data-caption-desc=\"Sauf, qu&#039;en fait, les d\u00e9g\u00e2ts occasionn\u00e9s par les incroyables chutes de neige, sont concentr\u00e9s l\u00e0, sur le chemin qui contourne l&#039;alpage par le haut. D&#039;o\u00f9 notre plong\u00e9e par l&#039;ancien itin\u00e9raire pour les contourner.\" data-attachment-id=\"40460\" data-type=\"image\" class=\"fg-thumb\"><span class=\"fg-image-wrap\"><img decoding=\"async\" title=\"Sauf, qu&#039;en fait, les d\u00e9g\u00e2ts occasionn\u00e9s par les incroyables chutes de neige, sont concentr\u00e9s l\u00e0, sur le chemin qui contourne l&#039;alpage par le haut. D&#039;o\u00f9 notre plong\u00e9e par l&#039;ancien itin\u00e9raire pour les contourner.\" width=\"101\" height=\"57\" class=\"skip-lazy fg-image\" data-src-fg=\"https:\/\/alpavista.ch\/Alp11\/wp-content\/uploads\/cache\/Niwenalp_25_007\/3491877398.png\" src=\"data:image\/svg+xml,%3Csvg%20xmlns%3D%22http%3A%2F%2Fwww.w3.org%2F2000%2Fsvg%22%20width%3D%22101%22%20height%3D%2257%22%20viewBox%3D%220%200%20101%2057%22%3E%3C%2Fsvg%3E\" loading=\"eager\"><\/span><span class=\"fg-image-overlay\"><\/span><\/a><figcaption class=\"fg-caption\"><div class=\"fg-caption-inner\"><div class=\"fg-caption-desc\">Sauf, qu'en fait, les d\u00e9g\u00e2ts occasionn\u00e9s par les incroyables chutes de neige, sont concentr\u00e9s l\u00e0, sur le chemin qui contourne l'alpage par le haut. D'o\u00f9 notre plong\u00e9e par l'ancien itin\u00e9raire pour les contourner.<\/div><\/div><\/figcaption><\/figure><div class=\"fg-loader\"><\/div><\/div><div class=\"fg-item fg-type-image fg-idle\"><figure class=\"fg-item-inner\"><a href=\"https:\/\/alpavista.ch\/Alp11\/wp-content\/uploads\/Niwenalp_25_008.png\" data-caption-title=\"Vues les temp\u00e9ratures, une petite \u00ab pause-caf\u00e9 \u00bb au restaruant Tr\u00e4chu Hittu s&#039;impose.\" data-caption-desc=\"Vues les temp\u00e9ratures, une petite \u00ab pause-caf\u00e9 \u00bb au restaruant Tr\u00e4chu Hittu s&#039;impose.\" data-attachment-id=\"40461\" data-type=\"image\" class=\"fg-thumb\"><span class=\"fg-image-wrap\"><img decoding=\"async\" title=\"Vues les temp\u00e9ratures, une petite \u00ab pause-caf\u00e9 \u00bb au restaruant Tr\u00e4chu Hittu s&#039;impose.\" width=\"101\" height=\"57\" class=\"skip-lazy fg-image\" data-src-fg=\"https:\/\/alpavista.ch\/Alp11\/wp-content\/uploads\/cache\/Niwenalp_25_008\/2265329248.png\" src=\"data:image\/svg+xml,%3Csvg%20xmlns%3D%22http%3A%2F%2Fwww.w3.org%2F2000%2Fsvg%22%20width%3D%22101%22%20height%3D%2257%22%20viewBox%3D%220%200%20101%2057%22%3E%3C%2Fsvg%3E\" loading=\"eager\"><\/span><span class=\"fg-image-overlay\"><\/span><\/a><figcaption class=\"fg-caption\"><div class=\"fg-caption-inner\"><div class=\"fg-caption-desc\">Vues les temp\u00e9ratures, une petite \u00ab pause-caf\u00e9 \u00bb au restaruant Tr\u00e4chu Hittu s'impose.<\/div><\/div><\/figcaption><\/figure><div class=\"fg-loader\"><\/div><\/div><div class=\"fg-item fg-type-image fg-idle\"><figure class=\"fg-item-inner\"><a href=\"https:\/\/alpavista.ch\/Alp11\/wp-content\/uploads\/Niwenalp_25_009.png\" data-caption-title=\"M\u00eame pour son jour de r\u00e9-ouverture, les habitu\u00e9s sont fid\u00e8les au rendez-vous.\" data-caption-desc=\"M\u00eame pour son jour de r\u00e9-ouverture, les habitu\u00e9s sont fid\u00e8les au rendez-vous.\" data-attachment-id=\"40462\" data-type=\"image\" class=\"fg-thumb\"><span class=\"fg-image-wrap\"><img decoding=\"async\" title=\"M\u00eame pour son jour de r\u00e9-ouverture, les habitu\u00e9s sont fid\u00e8les au rendez-vous.\" width=\"101\" height=\"57\" class=\"skip-lazy fg-image\" data-src-fg=\"https:\/\/alpavista.ch\/Alp11\/wp-content\/uploads\/cache\/Niwenalp_25_009\/47520721.png\" src=\"data:image\/svg+xml,%3Csvg%20xmlns%3D%22http%3A%2F%2Fwww.w3.org%2F2000%2Fsvg%22%20width%3D%22101%22%20height%3D%2257%22%20viewBox%3D%220%200%20101%2057%22%3E%3C%2Fsvg%3E\" loading=\"eager\"><\/span><span class=\"fg-image-overlay\"><\/span><\/a><figcaption class=\"fg-caption\"><div class=\"fg-caption-inner\"><div class=\"fg-caption-desc\">M\u00eame pour son jour de r\u00e9-ouverture, les habitu\u00e9s sont fid\u00e8les au rendez-vous.<\/div><\/div><\/figcaption><\/figure><div class=\"fg-loader\"><\/div><\/div><div class=\"fg-item fg-type-image fg-idle\"><figure class=\"fg-item-inner\"><a href=\"https:\/\/alpavista.ch\/Alp11\/wp-content\/uploads\/Niwenalp_25_010.png\" data-caption-title=\"Si le tron\u00e7on F\u00e4silalpu-Brentschen d\u00e9marre dans le cadre habituel avec le contournement des d\u00e9g\u00e2ts de l&#039;ann\u00e9e pr\u00e9c\u00e9dente...\" data-caption-desc=\"Si le tron\u00e7on F\u00e4silalpu-Brentschen d\u00e9marre dans le cadre habituel avec le contournement des d\u00e9g\u00e2ts de l&#039;ann\u00e9e pr\u00e9c\u00e9dente...\" data-attachment-id=\"40463\" data-type=\"image\" class=\"fg-thumb\"><span class=\"fg-image-wrap\"><img decoding=\"async\" title=\"Si le tron\u00e7on F\u00e4silalpu-Brentschen d\u00e9marre dans le cadre habituel avec le contournement des d\u00e9g\u00e2ts de l&#039;ann\u00e9e pr\u00e9c\u00e9dente...\" width=\"101\" height=\"57\" class=\"skip-lazy fg-image\" data-src-fg=\"https:\/\/alpavista.ch\/Alp11\/wp-content\/uploads\/cache\/Niwenalp_25_010\/2229729891.png\" src=\"data:image\/svg+xml,%3Csvg%20xmlns%3D%22http%3A%2F%2Fwww.w3.org%2F2000%2Fsvg%22%20width%3D%22101%22%20height%3D%2257%22%20viewBox%3D%220%200%20101%2057%22%3E%3C%2Fsvg%3E\" loading=\"eager\"><\/span><span class=\"fg-image-overlay\"><\/span><\/a><figcaption class=\"fg-caption\"><div class=\"fg-caption-inner\"><div class=\"fg-caption-desc\">Si le tron\u00e7on F\u00e4silalpu-Brentschen d\u00e9marre dans le cadre habituel avec le contournement des d\u00e9g\u00e2ts de l'ann\u00e9e pr\u00e9c\u00e9dente...<\/div><\/div><\/figcaption><\/figure><div class=\"fg-loader\"><\/div><\/div><div class=\"fg-item fg-type-image fg-idle\"><figure class=\"fg-item-inner\"><a href=\"https:\/\/alpavista.ch\/Alp11\/wp-content\/uploads\/Niwenalp_25_011.png\" data-caption-title=\"... il se poursuite rapidement sous les meilleurs auspices.\" data-caption-desc=\"... il se poursuite rapidement sous les meilleurs auspices.\" data-attachment-id=\"40464\" data-type=\"image\" class=\"fg-thumb\"><span class=\"fg-image-wrap\"><img decoding=\"async\" title=\"... il se poursuite rapidement sous les meilleurs auspices.\" width=\"101\" height=\"57\" class=\"skip-lazy fg-image\" data-src-fg=\"https:\/\/alpavista.ch\/Alp11\/wp-content\/uploads\/cache\/Niwenalp_25_011\/1421442681.png\" src=\"data:image\/svg+xml,%3Csvg%20xmlns%3D%22http%3A%2F%2Fwww.w3.org%2F2000%2Fsvg%22%20width%3D%22101%22%20height%3D%2257%22%20viewBox%3D%220%200%20101%2057%22%3E%3C%2Fsvg%3E\" loading=\"eager\"><\/span><span class=\"fg-image-overlay\"><\/span><\/a><figcaption class=\"fg-caption\"><div class=\"fg-caption-inner\"><div class=\"fg-caption-desc\">... il se poursuite rapidement sous les meilleurs auspices.<\/div><\/div><\/figcaption><\/figure><div class=\"fg-loader\"><\/div><\/div><div class=\"fg-item fg-type-image fg-idle\"><figure class=\"fg-item-inner\"><a href=\"https:\/\/alpavista.ch\/Alp11\/wp-content\/uploads\/Niwenalp_25_012.png\" data-caption-title=\"Sa partie sup\u00e9rieure ne pr\u00e9sente aucun d\u00e9g\u00e2t affectant directement son trac\u00e9.\" data-caption-desc=\"Sa partie sup\u00e9rieure ne pr\u00e9sente aucun d\u00e9g\u00e2t affectant directement son trac\u00e9.\" data-attachment-id=\"40465\" data-type=\"image\" class=\"fg-thumb\"><span class=\"fg-image-wrap\"><img decoding=\"async\" title=\"Sa partie sup\u00e9rieure ne pr\u00e9sente aucun d\u00e9g\u00e2t affectant directement son trac\u00e9.\" width=\"101\" height=\"57\" class=\"skip-lazy fg-image\" data-src-fg=\"https:\/\/alpavista.ch\/Alp11\/wp-content\/uploads\/cache\/Niwenalp_25_012\/1412536128.png\" src=\"data:image\/svg+xml,%3Csvg%20xmlns%3D%22http%3A%2F%2Fwww.w3.org%2F2000%2Fsvg%22%20width%3D%22101%22%20height%3D%2257%22%20viewBox%3D%220%200%20101%2057%22%3E%3C%2Fsvg%3E\" loading=\"eager\"><\/span><span class=\"fg-image-overlay\"><\/span><\/a><figcaption class=\"fg-caption\"><div class=\"fg-caption-inner\"><div class=\"fg-caption-desc\">Sa partie sup\u00e9rieure ne pr\u00e9sente aucun d\u00e9g\u00e2t affectant directement son trac\u00e9.<\/div><\/div><\/figcaption><\/figure><div class=\"fg-loader\"><\/div><\/div><div class=\"fg-item fg-type-image fg-idle\"><figure class=\"fg-item-inner\"><a href=\"https:\/\/alpavista.ch\/Alp11\/wp-content\/uploads\/Niwenalp_25_013.png\" data-caption-title=\"Du coup, chacun y reprend ses marques...\" data-caption-desc=\"Du coup, chacun y reprend ses marques...\" data-attachment-id=\"40466\" data-type=\"image\" class=\"fg-thumb\"><span class=\"fg-image-wrap\"><img decoding=\"async\" title=\"Du coup, chacun y reprend ses marques...\" width=\"101\" height=\"57\" class=\"skip-lazy fg-image\" data-src-fg=\"https:\/\/alpavista.ch\/Alp11\/wp-content\/uploads\/cache\/Niwenalp_25_013\/3521290993.png\" src=\"data:image\/svg+xml,%3Csvg%20xmlns%3D%22http%3A%2F%2Fwww.w3.org%2F2000%2Fsvg%22%20width%3D%22101%22%20height%3D%2257%22%20viewBox%3D%220%200%20101%2057%22%3E%3C%2Fsvg%3E\" loading=\"eager\"><\/span><span class=\"fg-image-overlay\"><\/span><\/a><figcaption class=\"fg-caption\"><div class=\"fg-caption-inner\"><div class=\"fg-caption-desc\">Du coup, chacun y reprend ses marques...<\/div><\/div><\/figcaption><\/figure><div class=\"fg-loader\"><\/div><\/div><div class=\"fg-item fg-type-image fg-idle\"><figure class=\"fg-item-inner\"><a href=\"https:\/\/alpavista.ch\/Alp11\/wp-content\/uploads\/Niwenalp_25_014.png\" data-caption-title=\"... \u00e0 son rythme ...\" data-caption-desc=\"... \u00e0 son rythme ...\" data-attachment-id=\"40467\" data-type=\"image\" class=\"fg-thumb\"><span class=\"fg-image-wrap\"><img decoding=\"async\" title=\"... \u00e0 son rythme ...\" width=\"101\" height=\"57\" class=\"skip-lazy fg-image\" data-src-fg=\"https:\/\/alpavista.ch\/Alp11\/wp-content\/uploads\/cache\/Niwenalp_25_014\/1428178226.png\" src=\"data:image\/svg+xml,%3Csvg%20xmlns%3D%22http%3A%2F%2Fwww.w3.org%2F2000%2Fsvg%22%20width%3D%22101%22%20height%3D%2257%22%20viewBox%3D%220%200%20101%2057%22%3E%3C%2Fsvg%3E\" loading=\"eager\"><\/span><span class=\"fg-image-overlay\"><\/span><\/a><figcaption class=\"fg-caption\"><div class=\"fg-caption-inner\"><div class=\"fg-caption-desc\">... \u00e0 son rythme ...<\/div><\/div><\/figcaption><\/figure><div class=\"fg-loader\"><\/div><\/div><div class=\"fg-item fg-type-image fg-idle\"><figure class=\"fg-item-inner\"><a href=\"https:\/\/alpavista.ch\/Alp11\/wp-content\/uploads\/Niwenalp_25_015.png\" data-caption-title=\"... et selon ses comp\u00e9tences.\" data-caption-desc=\"... et selon ses comp\u00e9tences.\" data-attachment-id=\"40468\" data-type=\"image\" class=\"fg-thumb\"><span class=\"fg-image-wrap\"><img decoding=\"async\" title=\"... et selon ses comp\u00e9tences.\" width=\"101\" height=\"57\" class=\"skip-lazy fg-image\" data-src-fg=\"https:\/\/alpavista.ch\/Alp11\/wp-content\/uploads\/cache\/Niwenalp_25_015\/778478206.png\" src=\"data:image\/svg+xml,%3Csvg%20xmlns%3D%22http%3A%2F%2Fwww.w3.org%2F2000%2Fsvg%22%20width%3D%22101%22%20height%3D%2257%22%20viewBox%3D%220%200%20101%2057%22%3E%3C%2Fsvg%3E\" loading=\"eager\"><\/span><span class=\"fg-image-overlay\"><\/span><\/a><figcaption class=\"fg-caption\"><div class=\"fg-caption-inner\"><div class=\"fg-caption-desc\">... et selon ses comp\u00e9tences.<\/div><\/div><\/figcaption><\/figure><div class=\"fg-loader\"><\/div><\/div><div class=\"fg-item fg-type-image fg-idle\"><figure class=\"fg-item-inner\"><a href=\"https:\/\/alpavista.ch\/Alp11\/wp-content\/uploads\/Niwenalp_25_016.png\" data-caption-title=\"Si le chemin est un peu \u00ab dans son jus \u00bb, \u00e0 la sortie d&#039;un hiver doux mais d&#039;un printemps mouvement\u00e9, il n&#039;en demeure pas moins toujours aussi amusant \u00e0 rouler.\" data-caption-desc=\"Si le chemin est un peu \u00ab dans son jus \u00bb, \u00e0 la sortie d&#039;un hiver doux mais d&#039;un printemps mouvement\u00e9, il n&#039;en demeure pas moins toujours aussi amusant \u00e0 rouler.\" data-attachment-id=\"40469\" data-type=\"image\" class=\"fg-thumb\"><span class=\"fg-image-wrap\"><img decoding=\"async\" title=\"Si le chemin est un peu \u00ab dans son jus \u00bb, \u00e0 la sortie d&#039;un hiver doux mais d&#039;un printemps mouvement\u00e9, il n&#039;en demeure pas moins toujours aussi amusant \u00e0 rouler.\" width=\"101\" height=\"57\" class=\"skip-lazy fg-image\" data-src-fg=\"https:\/\/alpavista.ch\/Alp11\/wp-content\/uploads\/cache\/Niwenalp_25_016\/787368775.png\" src=\"data:image\/svg+xml,%3Csvg%20xmlns%3D%22http%3A%2F%2Fwww.w3.org%2F2000%2Fsvg%22%20width%3D%22101%22%20height%3D%2257%22%20viewBox%3D%220%200%20101%2057%22%3E%3C%2Fsvg%3E\" loading=\"eager\"><\/span><span class=\"fg-image-overlay\"><\/span><\/a><figcaption class=\"fg-caption\"><div class=\"fg-caption-inner\"><div class=\"fg-caption-desc\">Si le chemin est un peu \u00ab dans son jus \u00bb, \u00e0 la sortie d'un hiver doux mais d'un printemps mouvement\u00e9, il n'en demeure pas moins toujours aussi amusant \u00e0 rouler.<\/div><\/div><\/figcaption><\/figure><div class=\"fg-loader\"><\/div><\/div><div class=\"fg-item fg-type-image fg-idle\"><figure class=\"fg-item-inner\"><a href=\"https:\/\/alpavista.ch\/Alp11\/wp-content\/uploads\/Niwenalp_25_017.png\" data-caption-title=\"A l&#039;approche du bisse d&#039;Engersch, des bruits de tron\u00e7onneuse nous incite \u00e0 calmer le jeu.\" data-caption-desc=\"A l&#039;approche du bisse d&#039;Engersch, des bruits de tron\u00e7onneuse nous incite \u00e0 calmer le jeu.\" data-attachment-id=\"40470\" data-type=\"image\" class=\"fg-thumb\"><span class=\"fg-image-wrap\"><img decoding=\"async\" title=\"A l&#039;approche du bisse d&#039;Engersch, des bruits de tron\u00e7onneuse nous incite \u00e0 calmer le jeu.\" width=\"101\" height=\"57\" class=\"skip-lazy fg-image\" data-src-fg=\"https:\/\/alpavista.ch\/Alp11\/wp-content\/uploads\/cache\/Niwenalp_25_017\/2714958449.png\" src=\"data:image\/svg+xml,%3Csvg%20xmlns%3D%22http%3A%2F%2Fwww.w3.org%2F2000%2Fsvg%22%20width%3D%22101%22%20height%3D%2257%22%20viewBox%3D%220%200%20101%2057%22%3E%3C%2Fsvg%3E\" loading=\"eager\"><\/span><span class=\"fg-image-overlay\"><\/span><\/a><figcaption class=\"fg-caption\"><div class=\"fg-caption-inner\"><div class=\"fg-caption-desc\">A l'approche du bisse d'Engersch, des bruits de tron\u00e7onneuse nous incite \u00e0 calmer le jeu.<\/div><\/div><\/figcaption><\/figure><div class=\"fg-loader\"><\/div><\/div><div class=\"fg-item fg-type-image fg-idle\"><figure class=\"fg-item-inner\"><a href=\"https:\/\/alpavista.ch\/Alp11\/wp-content\/uploads\/Niwenalp_25_018.png\" data-caption-title=\"Malgr\u00e9 le travail acharn\u00e9 de ce b\u00fbcheron du samedi, les premiers obstacles arboricoles nous imposent de mettre pied \u00e0 terre.\" data-caption-desc=\"Malgr\u00e9 le travail acharn\u00e9 de ce b\u00fbcheron du samedi, les premiers obstacles arboricoles nous imposent de mettre pied \u00e0 terre.\" data-attachment-id=\"40471\" data-type=\"image\" class=\"fg-thumb\"><span class=\"fg-image-wrap\"><img decoding=\"async\" title=\"Malgr\u00e9 le travail acharn\u00e9 de ce b\u00fbcheron du samedi, les premiers obstacles arboricoles nous imposent de mettre pied \u00e0 terre.\" width=\"101\" height=\"57\" class=\"skip-lazy fg-image\" data-src-fg=\"https:\/\/alpavista.ch\/Alp11\/wp-content\/uploads\/cache\/Niwenalp_25_018\/4143252999.png\" src=\"data:image\/svg+xml,%3Csvg%20xmlns%3D%22http%3A%2F%2Fwww.w3.org%2F2000%2Fsvg%22%20width%3D%22101%22%20height%3D%2257%22%20viewBox%3D%220%200%20101%2057%22%3E%3C%2Fsvg%3E\" loading=\"eager\"><\/span><span class=\"fg-image-overlay\"><\/span><\/a><figcaption class=\"fg-caption\"><div class=\"fg-caption-inner\"><div class=\"fg-caption-desc\">Malgr\u00e9 le travail acharn\u00e9 de ce b\u00fbcheron du samedi, les premiers obstacles arboricoles nous imposent de mettre pied \u00e0 terre.<\/div><\/div><\/figcaption><\/figure><div class=\"fg-loader\"><\/div><\/div><div class=\"fg-item fg-type-image fg-idle\"><figure class=\"fg-item-inner\"><a href=\"https:\/\/alpavista.ch\/Alp11\/wp-content\/uploads\/Niwenalp_25_019.png\" data-caption-title=\"Pour autant, la suite du secteur reste parfaitement g\u00e9rable. Quelques courbettes pour passer sous certains \u00ab bascul\u00e9s \u00bb, quelques \u00ab saute-moutons \u00bb pour en enjamber d&#039;autres...\" data-caption-desc=\"Pour autant, la suite du secteur reste parfaitement g\u00e9rable. Quelques courbettes pour passer sous certains \u00ab bascul\u00e9s \u00bb, quelques \u00ab saute-moutons \u00bb pour en enjamber d&#039;autres...\" data-attachment-id=\"40472\" data-type=\"image\" class=\"fg-thumb\"><span class=\"fg-image-wrap\"><img decoding=\"async\" title=\"Pour autant, la suite du secteur reste parfaitement g\u00e9rable. Quelques courbettes pour passer sous certains \u00ab bascul\u00e9s \u00bb, quelques \u00ab saute-moutons \u00bb pour en enjamber d&#039;autres...\" width=\"101\" height=\"57\" class=\"skip-lazy fg-image\" data-src-fg=\"https:\/\/alpavista.ch\/Alp11\/wp-content\/uploads\/cache\/Niwenalp_25_019\/1931883446.png\" src=\"data:image\/svg+xml,%3Csvg%20xmlns%3D%22http%3A%2F%2Fwww.w3.org%2F2000%2Fsvg%22%20width%3D%22101%22%20height%3D%2257%22%20viewBox%3D%220%200%20101%2057%22%3E%3C%2Fsvg%3E\" loading=\"eager\"><\/span><span class=\"fg-image-overlay\"><\/span><\/a><figcaption class=\"fg-caption\"><div class=\"fg-caption-inner\"><div class=\"fg-caption-desc\">Pour autant, la suite du secteur reste parfaitement g\u00e9rable. Quelques courbettes pour passer sous certains \u00ab bascul\u00e9s \u00bb, quelques \u00ab saute-moutons \u00bb pour en enjamber d'autres...<\/div><\/div><\/figcaption><\/figure><div class=\"fg-loader\"><\/div><\/div><div class=\"fg-item fg-type-image fg-idle\"><figure class=\"fg-item-inner\"><a href=\"https:\/\/alpavista.ch\/Alp11\/wp-content\/uploads\/Niwenalp_25_020.png\" data-caption-title=\"... et on finit par s&#039;extraire du tron\u00e7on le plus \u00ab meurtri \u00bb de notre journ\u00e9e.\" data-caption-desc=\"... et on finit par s&#039;extraire du tron\u00e7on le plus \u00ab meurtri \u00bb de notre journ\u00e9e.\" data-attachment-id=\"40473\" data-type=\"image\" class=\"fg-thumb\"><span class=\"fg-image-wrap\"><img decoding=\"async\" title=\"... et on finit par s&#039;extraire du tron\u00e7on le plus \u00ab meurtri \u00bb de notre journ\u00e9e.\" width=\"101\" height=\"57\" class=\"skip-lazy fg-image\" data-src-fg=\"https:\/\/alpavista.ch\/Alp11\/wp-content\/uploads\/cache\/Niwenalp_25_020\/3689151106.png\" src=\"data:image\/svg+xml,%3Csvg%20xmlns%3D%22http%3A%2F%2Fwww.w3.org%2F2000%2Fsvg%22%20width%3D%22101%22%20height%3D%2257%22%20viewBox%3D%220%200%20101%2057%22%3E%3C%2Fsvg%3E\" loading=\"eager\"><\/span><span class=\"fg-image-overlay\"><\/span><\/a><figcaption class=\"fg-caption\"><div class=\"fg-caption-inner\"><div class=\"fg-caption-desc\">... et on finit par s'extraire du tron\u00e7on le plus \u00ab meurtri \u00bb de notre journ\u00e9e.<\/div><\/div><\/figcaption><\/figure><div class=\"fg-loader\"><\/div><\/div><div class=\"fg-item fg-type-image fg-idle\"><figure class=\"fg-item-inner\"><a href=\"https:\/\/alpavista.ch\/Alp11\/wp-content\/uploads\/Niwenalp_25_021.png\" data-caption-title=\"Ensuite, la large et roulante plong\u00e9e sur Brentschen ne vient en rien d\u00e9mentir notre sentiment de bonne fortune.\" data-caption-desc=\"Ensuite, la large et roulante plong\u00e9e sur Brentschen ne vient en rien d\u00e9mentir notre sentiment de bonne fortune.\" data-attachment-id=\"40474\" data-type=\"image\" class=\"fg-thumb\"><span class=\"fg-image-wrap\"><img decoding=\"async\" title=\"Ensuite, la large et roulante plong\u00e9e sur Brentschen ne vient en rien d\u00e9mentir notre sentiment de bonne fortune.\" width=\"101\" height=\"57\" class=\"skip-lazy fg-image\" data-src-fg=\"https:\/\/alpavista.ch\/Alp11\/wp-content\/uploads\/cache\/Niwenalp_25_021\/196902552.png\" src=\"data:image\/svg+xml,%3Csvg%20xmlns%3D%22http%3A%2F%2Fwww.w3.org%2F2000%2Fsvg%22%20width%3D%22101%22%20height%3D%2257%22%20viewBox%3D%220%200%20101%2057%22%3E%3C%2Fsvg%3E\" loading=\"eager\"><\/span><span class=\"fg-image-overlay\"><\/span><\/a><figcaption class=\"fg-caption\"><div class=\"fg-caption-inner\"><div class=\"fg-caption-desc\">Ensuite, la large et roulante plong\u00e9e sur Brentschen ne vient en rien d\u00e9mentir notre sentiment de bonne fortune.<\/div><\/div><\/figcaption><\/figure><div class=\"fg-loader\"><\/div><\/div><div class=\"fg-item fg-type-image fg-idle\"><figure class=\"fg-item-inner\"><a href=\"https:\/\/alpavista.ch\/Alp11\/wp-content\/uploads\/Niwenalp_25_022.png\" data-caption-title=\"Du coup, l&#039;ondulant chemin de retour vers Engersch est abord\u00e9 dans la s\u00e9r\u00e9nit\u00e9.\" data-caption-desc=\"Du coup, l&#039;ondulant chemin de retour vers Engersch est abord\u00e9 dans la s\u00e9r\u00e9nit\u00e9.\" data-attachment-id=\"40475\" data-type=\"image\" class=\"fg-thumb\"><span class=\"fg-image-wrap\"><img decoding=\"async\" title=\"Du coup, l&#039;ondulant chemin de retour vers Engersch est abord\u00e9 dans la s\u00e9r\u00e9nit\u00e9.\" width=\"101\" height=\"57\" class=\"skip-lazy fg-image\" data-src-fg=\"https:\/\/alpavista.ch\/Alp11\/wp-content\/uploads\/cache\/Niwenalp_25_022\/187996065.png\" src=\"data:image\/svg+xml,%3Csvg%20xmlns%3D%22http%3A%2F%2Fwww.w3.org%2F2000%2Fsvg%22%20width%3D%22101%22%20height%3D%2257%22%20viewBox%3D%220%200%20101%2057%22%3E%3C%2Fsvg%3E\" loading=\"eager\"><\/span><span class=\"fg-image-overlay\"><\/span><\/a><figcaption class=\"fg-caption\"><div class=\"fg-caption-inner\"><div class=\"fg-caption-desc\">Du coup, l'ondulant chemin de retour vers Engersch est abord\u00e9 dans la s\u00e9r\u00e9nit\u00e9.<\/div><\/div><\/figcaption><\/figure><div class=\"fg-loader\"><\/div><\/div><div class=\"fg-item fg-type-image fg-idle\"><figure class=\"fg-item-inner\"><a href=\"https:\/\/alpavista.ch\/Alp11\/wp-content\/uploads\/Niwenalp_25_023.png\" data-caption-title=\"Ce monotrace ondulant et joueur d\u00e9livre toujours autant de bonheur aux bikers motiv\u00e9s et volontaires.\" data-caption-desc=\"Ce monotrace ondulant et joueur d\u00e9livre toujours autant de bonheur aux bikers motiv\u00e9s et volontaires.\" data-attachment-id=\"40476\" data-type=\"image\" class=\"fg-thumb\"><span class=\"fg-image-wrap\"><img decoding=\"async\" title=\"Ce monotrace ondulant et joueur d\u00e9livre toujours autant de bonheur aux bikers motiv\u00e9s et volontaires.\" width=\"101\" height=\"57\" class=\"skip-lazy fg-image\" data-src-fg=\"https:\/\/alpavista.ch\/Alp11\/wp-content\/uploads\/cache\/Niwenalp_25_023\/2397544976.png\" src=\"data:image\/svg+xml,%3Csvg%20xmlns%3D%22http%3A%2F%2Fwww.w3.org%2F2000%2Fsvg%22%20width%3D%22101%22%20height%3D%2257%22%20viewBox%3D%220%200%20101%2057%22%3E%3C%2Fsvg%3E\" loading=\"eager\"><\/span><span class=\"fg-image-overlay\"><\/span><\/a><figcaption class=\"fg-caption\"><div class=\"fg-caption-inner\"><div class=\"fg-caption-desc\">Ce monotrace ondulant et joueur d\u00e9livre toujours autant de bonheur aux bikers motiv\u00e9s et volontaires.<\/div><\/div><\/figcaption><\/figure><div class=\"fg-loader\"><\/div><\/div><div class=\"fg-item fg-type-image fg-idle\"><figure class=\"fg-item-inner\"><a href=\"https:\/\/alpavista.ch\/Alp11\/wp-content\/uploads\/Niwenalp_25_024.png\" data-caption-title=\"Souvent conciliant mais jamais compl\u00e8tement roulant, il demande, localement, d&#039;avoir le coeur bien accroch\u00e9 pour le dominer sans buter.\" data-caption-desc=\"Souvent conciliant mais jamais compl\u00e8tement roulant, il demande, localement, d&#039;avoir le coeur bien accroch\u00e9 pour le dominer sans buter.\" data-attachment-id=\"40477\" data-type=\"image\" class=\"fg-thumb\"><span class=\"fg-image-wrap\"><img decoding=\"async\" title=\"Souvent conciliant mais jamais compl\u00e8tement roulant, il demande, localement, d&#039;avoir le coeur bien accroch\u00e9 pour le dominer sans buter.\" width=\"101\" height=\"57\" class=\"skip-lazy fg-image\" data-src-fg=\"https:\/\/alpavista.ch\/Alp11\/wp-content\/uploads\/cache\/Niwenalp_25_024\/170214867.png\" src=\"data:image\/svg+xml,%3Csvg%20xmlns%3D%22http%3A%2F%2Fwww.w3.org%2F2000%2Fsvg%22%20width%3D%22101%22%20height%3D%2257%22%20viewBox%3D%220%200%20101%2057%22%3E%3C%2Fsvg%3E\" loading=\"eager\"><\/span><span class=\"fg-image-overlay\"><\/span><\/a><figcaption class=\"fg-caption\"><div class=\"fg-caption-inner\"><div class=\"fg-caption-desc\">Souvent conciliant mais jamais compl\u00e8tement roulant, il demande, localement, d'avoir le coeur bien accroch\u00e9 pour le dominer sans buter.<\/div><\/div><\/figcaption><\/figure><div class=\"fg-loader\"><\/div><\/div><div class=\"fg-item fg-type-image fg-idle\"><figure class=\"fg-item-inner\"><a href=\"https:\/\/alpavista.ch\/Alp11\/wp-content\/uploads\/Niwenalp_25_025.png\" data-caption-title=\"Plus panoramique que vertigineux et plus joueur que plongeur, il d\u00e9roule son ruban de terre ocre, accroch\u00e9 au plus \u00ab bikable \u00bb des adrets du Vieux-Pays.\" data-caption-desc=\"Plus panoramique que vertigineux et plus joueur que plongeur, il d\u00e9roule son ruban de terre ocre, accroch\u00e9 au plus \u00ab bikable \u00bb des adrets du Vieux-Pays.\" data-attachment-id=\"40478\" data-type=\"image\" class=\"fg-thumb\"><span class=\"fg-image-wrap\"><img decoding=\"async\" title=\"Plus panoramique que vertigineux et plus joueur que plongeur, il d\u00e9roule son ruban de terre ocre, accroch\u00e9 au plus \u00ab bikable \u00bb des adrets du Vieux-Pays.\" width=\"101\" height=\"57\" class=\"skip-lazy fg-image\" data-src-fg=\"https:\/\/alpavista.ch\/Alp11\/wp-content\/uploads\/cache\/Niwenalp_25_025\/1902355103.png\" src=\"data:image\/svg+xml,%3Csvg%20xmlns%3D%22http%3A%2F%2Fwww.w3.org%2F2000%2Fsvg%22%20width%3D%22101%22%20height%3D%2257%22%20viewBox%3D%220%200%20101%2057%22%3E%3C%2Fsvg%3E\" loading=\"eager\"><\/span><span class=\"fg-image-overlay\"><\/span><\/a><figcaption class=\"fg-caption\"><div class=\"fg-caption-inner\"><div class=\"fg-caption-desc\">Plus panoramique que vertigineux et plus joueur que plongeur, il d\u00e9roule son ruban de terre ocre, accroch\u00e9 au plus \u00ab bikable \u00bb des adrets du Vieux-Pays.<\/div><\/div><\/figcaption><\/figure><div class=\"fg-loader\"><\/div><\/div><div class=\"fg-item fg-type-image fg-idle\"><figure class=\"fg-item-inner\"><a href=\"https:\/\/alpavista.ch\/Alp11\/wp-content\/uploads\/Niwenalp_25_026.png\" data-caption-title=\"Un peu le m\u00eame profil que le \u00ab Erschmatt Express \u00bb, la vitesse et la largeur en moins.\" data-caption-desc=\"Un peu le m\u00eame profil que le \u00ab Erschmatt Express \u00bb, la vitesse et la largeur en moins.\" data-attachment-id=\"40479\" data-type=\"image\" class=\"fg-thumb\"><span class=\"fg-image-wrap\"><img decoding=\"async\" title=\"Un peu le m\u00eame profil que le \u00ab Erschmatt Express \u00bb, la vitesse et la largeur en moins.\" width=\"101\" height=\"57\" class=\"skip-lazy fg-image\" data-src-fg=\"https:\/\/alpavista.ch\/Alp11\/wp-content\/uploads\/cache\/Niwenalp_25_026\/1911245734.png\" src=\"data:image\/svg+xml,%3Csvg%20xmlns%3D%22http%3A%2F%2Fwww.w3.org%2F2000%2Fsvg%22%20width%3D%22101%22%20height%3D%2257%22%20viewBox%3D%220%200%20101%2057%22%3E%3C%2Fsvg%3E\" loading=\"eager\"><\/span><span class=\"fg-image-overlay\"><\/span><\/a><figcaption class=\"fg-caption\"><div class=\"fg-caption-inner\"><div class=\"fg-caption-desc\">Un peu le m\u00eame profil que le \u00ab Erschmatt Express \u00bb, la vitesse et la largeur en moins.<\/div><\/div><\/figcaption><\/figure><div class=\"fg-loader\"><\/div><\/div><div class=\"fg-item fg-type-image fg-idle\"><figure class=\"fg-item-inner\"><a href=\"https:\/\/alpavista.ch\/Alp11\/wp-content\/uploads\/Niwenalp_25_027.png\" data-caption-title=\"Pour rouler vite il faut bien savoir choisir ses appuis. Ici, c&#039;est facile, il sont souvent ardois\u00e9s.\" data-caption-desc=\"Pour rouler vite il faut bien savoir choisir ses appuis. Ici, c&#039;est facile, il sont souvent ardois\u00e9s.\" data-attachment-id=\"40480\" data-type=\"image\" class=\"fg-thumb\"><span class=\"fg-image-wrap\"><img decoding=\"async\" title=\"Pour rouler vite il faut bien savoir choisir ses appuis. Ici, c&#039;est facile, il sont souvent ardois\u00e9s.\" width=\"101\" height=\"57\" class=\"skip-lazy fg-image\" data-src-fg=\"https:\/\/alpavista.ch\/Alp11\/wp-content\/uploads\/cache\/Niwenalp_25_027\/4030044587.png\" src=\"data:image\/svg+xml,%3Csvg%20xmlns%3D%22http%3A%2F%2Fwww.w3.org%2F2000%2Fsvg%22%20width%3D%22101%22%20height%3D%2257%22%20viewBox%3D%220%200%20101%2057%22%3E%3C%2Fsvg%3E\" loading=\"eager\"><\/span><span class=\"fg-image-overlay\"><\/span><\/a><figcaption class=\"fg-caption\"><div class=\"fg-caption-inner\"><div class=\"fg-caption-desc\">Pour rouler vite il faut bien savoir choisir ses appuis. Ici, c'est facile, il sont souvent ardois\u00e9s.<\/div><\/div><\/figcaption><\/figure><div class=\"fg-loader\"><\/div><\/div><div class=\"fg-item fg-type-image fg-idle\"><figure class=\"fg-item-inner\"><a href=\"https:\/\/alpavista.ch\/Alp11\/wp-content\/uploads\/Niwenalp_25_028.png\" data-caption-title=\"Une fois n&#039;est pas coutume, plut\u00f4t que traverser les quartiers \u00ab compliqu\u00e9s \u00bb d&#039;Erschmatt, nous optons pour sa rocade orientale.\" data-caption-desc=\"Une fois n&#039;est pas coutume, plut\u00f4t que traverser les quartiers \u00ab compliqu\u00e9s \u00bb d&#039;Erschmatt, nous optons pour sa rocade orientale.\" data-attachment-id=\"40481\" data-type=\"image\" class=\"fg-thumb\"><span class=\"fg-image-wrap\"><img decoding=\"async\" title=\"Une fois n&#039;est pas coutume, plut\u00f4t que traverser les quartiers \u00ab compliqu\u00e9s \u00bb d&#039;Erschmatt, nous optons pour sa rocade orientale.\" width=\"101\" height=\"57\" class=\"skip-lazy fg-image\" data-src-fg=\"https:\/\/alpavista.ch\/Alp11\/wp-content\/uploads\/cache\/Niwenalp_25_028\/2803000797.png\" src=\"data:image\/svg+xml,%3Csvg%20xmlns%3D%22http%3A%2F%2Fwww.w3.org%2F2000%2Fsvg%22%20width%3D%22101%22%20height%3D%2257%22%20viewBox%3D%220%200%20101%2057%22%3E%3C%2Fsvg%3E\" loading=\"eager\"><\/span><span class=\"fg-image-overlay\"><\/span><\/a><figcaption class=\"fg-caption\"><div class=\"fg-caption-inner\"><div class=\"fg-caption-desc\">Une fois n'est pas coutume, plut\u00f4t que traverser les quartiers \u00ab compliqu\u00e9s \u00bb d'Erschmatt, nous optons pour sa rocade orientale.<\/div><\/div><\/figcaption><\/figure><div class=\"fg-loader\"><\/div><\/div><div class=\"fg-item fg-type-image fg-idle\"><figure class=\"fg-item-inner\"><a href=\"https:\/\/alpavista.ch\/Alp11\/wp-content\/uploads\/Niwenalp_25_029.png\" data-caption-title=\"Du coup, nous arrivons dans le rugueux Niedergampelweg, avec un peu de retard sur l&#039;horaire, mais avec une d\u00e9couverte suppl\u00e9mentaire \u00e0 inscrire dans notre carnet de chemins.\" data-caption-desc=\"Du coup, nous arrivons dans le rugueux Niedergampelweg, avec un peu de retard sur l&#039;horaire, mais avec une d\u00e9couverte suppl\u00e9mentaire \u00e0 inscrire dans notre carnet de chemins.\" data-attachment-id=\"40482\" data-type=\"image\" class=\"fg-thumb\"><span class=\"fg-image-wrap\"><img decoding=\"async\" title=\"Du coup, nous arrivons dans le rugueux Niedergampelweg, avec un peu de retard sur l&#039;horaire, mais avec une d\u00e9couverte suppl\u00e9mentaire \u00e0 inscrire dans notre carnet de chemins.\" width=\"101\" height=\"57\" class=\"skip-lazy fg-image\" data-src-fg=\"https:\/\/alpavista.ch\/Alp11\/wp-content\/uploads\/cache\/Niwenalp_25_029\/583094380.png\" src=\"data:image\/svg+xml,%3Csvg%20xmlns%3D%22http%3A%2F%2Fwww.w3.org%2F2000%2Fsvg%22%20width%3D%22101%22%20height%3D%2257%22%20viewBox%3D%220%200%20101%2057%22%3E%3C%2Fsvg%3E\" loading=\"eager\"><\/span><span class=\"fg-image-overlay\"><\/span><\/a><figcaption class=\"fg-caption\"><div class=\"fg-caption-inner\"><div class=\"fg-caption-desc\">Du coup, nous arrivons dans le rugueux Niedergampelweg, avec un peu de retard sur l'horaire, mais avec une d\u00e9couverte suppl\u00e9mentaire \u00e0 inscrire dans notre carnet de chemins.<\/div><\/div><\/figcaption><\/figure><div class=\"fg-loader\"><\/div><\/div><div class=\"fg-item fg-type-image fg-idle\"><figure class=\"fg-item-inner\"><a href=\"https:\/\/alpavista.ch\/Alp11\/wp-content\/uploads\/Niwenalp_25_030.png\" data-caption-title=\"Un Niedergampelweg fid\u00e8le \u00e0 lui-m\u00eame. Sinueux, graveleux mais toujours partant pour jouer un peu.\" data-caption-desc=\"Un Niedergampelweg fid\u00e8le \u00e0 lui-m\u00eame. Sinueux, graveleux mais toujours partant pour jouer un peu.\" data-attachment-id=\"40483\" data-type=\"image\" class=\"fg-thumb\"><span class=\"fg-image-wrap\"><img decoding=\"async\" title=\"Un Niedergampelweg fid\u00e8le \u00e0 lui-m\u00eame. Sinueux, graveleux mais toujours partant pour jouer un peu.\" width=\"101\" height=\"57\" class=\"skip-lazy fg-image\" data-src-fg=\"https:\/\/alpavista.ch\/Alp11\/wp-content\/uploads\/cache\/Niwenalp_25_030\/2767368670.png\" src=\"data:image\/svg+xml,%3Csvg%20xmlns%3D%22http%3A%2F%2Fwww.w3.org%2F2000%2Fsvg%22%20width%3D%22101%22%20height%3D%2257%22%20viewBox%3D%220%200%20101%2057%22%3E%3C%2Fsvg%3E\" loading=\"eager\"><\/span><span class=\"fg-image-overlay\"><\/span><\/a><figcaption class=\"fg-caption\"><div class=\"fg-caption-inner\"><div class=\"fg-caption-desc\">Un Niedergampelweg fid\u00e8le \u00e0 lui-m\u00eame. Sinueux, graveleux mais toujours partant pour jouer un peu.<\/div><\/div><\/figcaption><\/figure><div class=\"fg-loader\"><\/div><\/div><div class=\"fg-item fg-type-image fg-idle\"><figure class=\"fg-item-inner\"><a href=\"https:\/\/alpavista.ch\/Alp11\/wp-content\/uploads\/Niwenalp_25_031.png\" data-caption-title=\"Taill\u00e9 dans la roche, il fait corps avec l&#039;\u00e9l\u00e9ment min\u00e9ral.\" data-caption-desc=\"Taill\u00e9 dans la roche, il fait corps avec l&#039;\u00e9l\u00e9ment min\u00e9ral.\" data-attachment-id=\"40484\" data-type=\"image\" class=\"fg-thumb\"><span class=\"fg-image-wrap\"><img decoding=\"async\" title=\"Taill\u00e9 dans la roche, il fait corps avec l&#039;\u00e9l\u00e9ment min\u00e9ral.\" width=\"101\" height=\"57\" class=\"skip-lazy fg-image\" data-src-fg=\"https:\/\/alpavista.ch\/Alp11\/wp-content\/uploads\/cache\/Niwenalp_25_031\/1957508548.png\" src=\"data:image\/svg+xml,%3Csvg%20xmlns%3D%22http%3A%2F%2Fwww.w3.org%2F2000%2Fsvg%22%20width%3D%22101%22%20height%3D%2257%22%20viewBox%3D%220%200%20101%2057%22%3E%3C%2Fsvg%3E\" loading=\"eager\"><\/span><span class=\"fg-image-overlay\"><\/span><\/a><figcaption class=\"fg-caption\"><div class=\"fg-caption-inner\"><div class=\"fg-caption-desc\">Taill\u00e9 dans la roche, il fait corps avec l'\u00e9l\u00e9ment min\u00e9ral.<\/div><\/div><\/figcaption><\/figure><div class=\"fg-loader\"><\/div><\/div><div class=\"fg-item fg-type-image fg-idle\"><figure class=\"fg-item-inner\"><a href=\"https:\/\/alpavista.ch\/Alp11\/wp-content\/uploads\/Niwenalp_25_032.png\" data-caption-title=\"\u00ab Rock Slab \u00bb  du pauvre n&#039;emp\u00eache ni le plaisir, ni la qualit\u00e9 de la photo.\" data-caption-desc=\"\u00ab Rock Slab \u00bb  du pauvre n&#039;emp\u00eache ni le plaisir, ni la qualit\u00e9 de la photo.\" data-attachment-id=\"40485\" data-type=\"image\" class=\"fg-thumb\"><span class=\"fg-image-wrap\"><img decoding=\"async\" title=\"\u00ab Rock Slab \u00bb  du pauvre n&#039;emp\u00eache ni le plaisir, ni la qualit\u00e9 de la photo.\" width=\"101\" height=\"57\" class=\"skip-lazy fg-image\" data-src-fg=\"https:\/\/alpavista.ch\/Alp11\/wp-content\/uploads\/cache\/Niwenalp_25_032\/1948638461.png\" src=\"data:image\/svg+xml,%3Csvg%20xmlns%3D%22http%3A%2F%2Fwww.w3.org%2F2000%2Fsvg%22%20width%3D%22101%22%20height%3D%2257%22%20viewBox%3D%220%200%20101%2057%22%3E%3C%2Fsvg%3E\" loading=\"eager\"><\/span><span class=\"fg-image-overlay\"><\/span><\/a><figcaption class=\"fg-caption\"><div class=\"fg-caption-inner\"><div class=\"fg-caption-desc\">\u00ab Rock Slab \u00bb  du pauvre n'emp\u00eache ni le plaisir, ni la qualit\u00e9 de la photo.<\/div><\/div><\/figcaption><\/figure><div class=\"fg-loader\"><\/div><\/div><div class=\"fg-item fg-type-image fg-idle\"><figure class=\"fg-item-inner\"><a href=\"https:\/\/alpavista.ch\/Alp11\/wp-content\/uploads\/Niwenalp_25_033.png\" data-caption-title=\"La plong\u00e9e finale sur Niedergampel, habituellement \u00e9touffante de chaleur, n&#039;est aujourd&#039;hui qu&#039;agr\u00e9ablement ventil\u00e9e et agr\u00e9ment\u00e9e par la musique de la 81. Bezirksmusikfest des Bezirkes Leuk.\" data-caption-desc=\"La plong\u00e9e finale sur Niedergampel, habituellement \u00e9touffante de chaleur, n&#039;est aujourd&#039;hui qu&#039;agr\u00e9ablement ventil\u00e9e et agr\u00e9ment\u00e9e par la musique de la 81. Bezirksmusikfest des Bezirkes Leuk.\" data-attachment-id=\"40486\" data-type=\"image\" class=\"fg-thumb\"><span class=\"fg-image-wrap\"><img decoding=\"async\" title=\"La plong\u00e9e finale sur Niedergampel, habituellement \u00e9touffante de chaleur, n&#039;est aujourd&#039;hui qu&#039;agr\u00e9ablement ventil\u00e9e et agr\u00e9ment\u00e9e par la musique de la 81. Bezirksmusikfest des Bezirkes Leuk.\" width=\"101\" height=\"57\" class=\"skip-lazy fg-image\" data-src-fg=\"https:\/\/alpavista.ch\/Alp11\/wp-content\/uploads\/cache\/Niwenalp_25_033\/4059490636.png\" src=\"data:image\/svg+xml,%3Csvg%20xmlns%3D%22http%3A%2F%2Fwww.w3.org%2F2000%2Fsvg%22%20width%3D%22101%22%20height%3D%2257%22%20viewBox%3D%220%200%20101%2057%22%3E%3C%2Fsvg%3E\" loading=\"eager\"><\/span><span class=\"fg-image-overlay\"><\/span><\/a><figcaption class=\"fg-caption\"><div class=\"fg-caption-inner\"><div class=\"fg-caption-desc\">La plong\u00e9e finale sur Niedergampel, habituellement \u00e9touffante de chaleur, n'est aujourd'hui qu'agr\u00e9ablement ventil\u00e9e et agr\u00e9ment\u00e9e par la musique de la 81. Bezirksmusikfest des Bezirkes Leuk.<\/div><\/div><\/figcaption><\/figure><div class=\"fg-loader\"><\/div><\/div><div class=\"fg-item fg-type-image fg-idle\"><figure class=\"fg-item-inner\"><a href=\"https:\/\/alpavista.ch\/Alp11\/wp-content\/uploads\/Niwenalp_25_034.png\" data-caption-title=\"Accessoirement, elle propose un environnement d&#039;une rare verdeur, sur un versant aussi ensoleill\u00e9 et rocheux.\" data-caption-desc=\"Accessoirement, elle propose un environnement d&#039;une rare verdeur, sur un versant aussi ensoleill\u00e9 et rocheux.\" data-attachment-id=\"40487\" data-type=\"image\" class=\"fg-thumb\"><span class=\"fg-image-wrap\"><img decoding=\"async\" title=\"Accessoirement, elle propose un environnement d&#039;une rare verdeur, sur un versant aussi ensoleill\u00e9 et rocheux.\" width=\"101\" height=\"57\" class=\"skip-lazy fg-image\" data-src-fg=\"https:\/\/alpavista.ch\/Alp11\/wp-content\/uploads\/cache\/Niwenalp_25_034\/1966345871.png\" src=\"data:image\/svg+xml,%3Csvg%20xmlns%3D%22http%3A%2F%2Fwww.w3.org%2F2000%2Fsvg%22%20width%3D%22101%22%20height%3D%2257%22%20viewBox%3D%220%200%20101%2057%22%3E%3C%2Fsvg%3E\" loading=\"eager\"><\/span><span class=\"fg-image-overlay\"><\/span><\/a><figcaption class=\"fg-caption\"><div class=\"fg-caption-inner\"><div class=\"fg-caption-desc\">Accessoirement, elle propose un environnement d'une rare verdeur, sur un versant aussi ensoleill\u00e9 et rocheux.<\/div><\/div><\/figcaption><\/figure><div class=\"fg-loader\"><\/div><\/div><div class=\"fg-item fg-type-image fg-idle\"><figure class=\"fg-item-inner\"><a href=\"https:\/\/alpavista.ch\/Alp11\/wp-content\/uploads\/Niwenalp_25_035.png\" data-caption-title=\"Le combo parfait pour terminer une journ\u00e9e particuli\u00e8rement inspir\u00e9e.\" data-caption-desc=\"Le combo parfait pour terminer une journ\u00e9e particuli\u00e8rement inspir\u00e9e.\" data-attachment-id=\"40488\" data-type=\"image\" class=\"fg-thumb\"><span class=\"fg-image-wrap\"><img decoding=\"async\" title=\"Le combo parfait pour terminer une journ\u00e9e particuli\u00e8rement inspir\u00e9e.\" width=\"101\" height=\"57\" class=\"skip-lazy fg-image\" data-src-fg=\"https:\/\/alpavista.ch\/Alp11\/wp-content\/uploads\/cache\/Niwenalp_25_035\/242411971.png\" src=\"data:image\/svg+xml,%3Csvg%20xmlns%3D%22http%3A%2F%2Fwww.w3.org%2F2000%2Fsvg%22%20width%3D%22101%22%20height%3D%2257%22%20viewBox%3D%220%200%20101%2057%22%3E%3C%2Fsvg%3E\" loading=\"eager\"><\/span><span class=\"fg-image-overlay\"><\/span><\/a><figcaption class=\"fg-caption\"><div class=\"fg-caption-inner\"><div class=\"fg-caption-desc\">Le combo parfait pour terminer une journ\u00e9e particuli\u00e8rement inspir\u00e9e.<\/div><\/div><\/figcaption><\/figure><div class=\"fg-loader\"><\/div><\/div><\/div>\n\n<input class=\"fooboxshare_post_id\" type=\"hidden\" value=\"40490\"\/>","protected":false},"excerpt":{"rendered":"<p>Ah le joli mois de mai..rde ! M\u00eame si ce mois de mai sera, une fois encore, immanquablement annonc\u00e9 comme l\u2019un des plus chauds depuis le d\u00e9but des mesures, il n\u2019emp\u00eache qu\u2019on se caille et qu\u2019on se mouille chaque jour qu\u2019il fait. Mai n\u2019est certes pas encore boucl\u00e9, mais je ne me souviens pas d\u2019une seule de ses journ\u00e9es qui m\u2019ait \u00ab \u00e9cras\u00e9 \u00bb de sa chaleur. En revanche, ses petits matins gris, pisseux et froids, je n&rsquo;ai pas assez [&hellip;]<\/p>\n","protected":false},"author":2,"featured_media":40453,"comment_status":"open","ping_status":"open","sticky":false,"template":"","format":"standard","meta":{"footnotes":""},"categories":[658,4],"tags":[3867,1329,1327,1328,1326,1346,1325,1097,1345,1330,1347],"class_list":["post-40490","post","type-post","status-publish","format-standard","has-post-thumbnail","hentry","category-outdoor","category-vtt","tag-achalp","tag-bratsch","tag-brentschen","tag-engersch","tag-erschmatt","tag-fasilalpu","tag-feschel","tag-gampel","tag-jeizinen","tag-mettje","tag-niwenalp"],"_links":{"self":[{"href":"https:\/\/alpavista.ch\/Alp11\/wp-json\/wp\/v2\/posts\/40490","targetHints":{"allow":["GET"]}}],"collection":[{"href":"https:\/\/alpavista.ch\/Alp11\/wp-json\/wp\/v2\/posts"}],"about":[{"href":"https:\/\/alpavista.ch\/Alp11\/wp-json\/wp\/v2\/types\/post"}],"author":[{"embeddable":true,"href":"https:\/\/alpavista.ch\/Alp11\/wp-json\/wp\/v2\/users\/2"}],"replies":[{"embeddable":true,"href":"https:\/\/alpavista.ch\/Alp11\/wp-json\/wp\/v2\/comments?post=40490"}],"version-history":[{"count":0,"href":"https:\/\/alpavista.ch\/Alp11\/wp-json\/wp\/v2\/posts\/40490\/revisions"}],"wp:featuredmedia":[{"embeddable":true,"href":"https:\/\/alpavista.ch\/Alp11\/wp-json\/wp\/v2\/media\/40453"}],"wp:attachment":[{"href":"https:\/\/alpavista.ch\/Alp11\/wp-json\/wp\/v2\/media?parent=40490"}],"wp:term":[{"taxonomy":"category","embeddable":true,"href":"https:\/\/alpavista.ch\/Alp11\/wp-json\/wp\/v2\/categories?post=40490"},{"taxonomy":"post_tag","embeddable":true,"href":"https:\/\/alpavista.ch\/Alp11\/wp-json\/wp\/v2\/tags?post=40490"}],"curies":[{"name":"wp","href":"https:\/\/api.w.org\/{rel}","templated":true}]}}