{"id":40774,"date":"2025-06-29T17:15:24","date_gmt":"2025-06-29T15:15:24","guid":{"rendered":"https:\/\/alpavista.ch\/Alp11\/?p=40774"},"modified":"2025-06-30T12:40:53","modified_gmt":"2025-06-30T10:40:53","slug":"col-de-mille-2025-1","status":"publish","type":"post","link":"https:\/\/alpavista.ch\/Alp11\/2025\/06\/29\/col-de-mille-2025-1\/","title":{"rendered":"Col de Mille 2025-1"},"content":{"rendered":"<p>Derni\u00e8re sortie d\u2019un mois de juin riche en kilom\u00e8tres, en d\u00e9nivel\u00e9 et en chaleur, le col de Mille postule chaque ann\u00e9e un peu plus au titre de centre de gravit\u00e9 de notre saison. En raison de sa situation g\u00e9ographique, proche de nos bases respectives, mais aussi, \u00e0 cause de sa topographie. Pos\u00e9 \u00e0 2&rsquo;471 m\u00e8tres d\u2019altitude, entre les communes de Liddes et de Bagnes, nous en roulons, la plupart du temps, son versant nord. Alors, d\u00e8s qu&rsquo;il est d\u00e9barrass\u00e9 de ses derniers n\u00e9v\u00e9s, on peut en d\u00e9duire que, pratiquement, tous nos itin\u00e9raires habituels le sont aussi.<br \/>\n<!--more--><br \/>\nA journ\u00e9e caniculaire av\u00e9r\u00e9e et d\u00e9nivel\u00e9 positif important, d\u00e9part matinal conseill\u00e9, m\u00eame si, du c\u00f4t\u00e9 de Mille, le soleil se l\u00e8ve t\u00f4t, surtout quand les plus longues journ\u00e9es de l\u2019ann\u00e9e sont au menu. Mais r\u00e9veil matin sur \u00ab ON \u00bb ou \u00ab grass\u2019mat \u00bb assum\u00e9e, le Col de Mille reste incontournable. M\u00eame \u00e9cras\u00e9 de chaleur, m\u00eame d\u00e9j\u00e0 poussi\u00e9reux et glissant, m\u00eame en phase de surfr\u00e9quentation, c\u2019est le \u00ab spot \u00bb \u00e0 rouler dans toute saison qui se respecte. En premier lieu, pour les panoramas \u00e9blouissants qu\u2019il propose. Mais aussi parce qu\u2019il n\u2019est accessible qu\u2019\u00e0 la p\u00e9dale. Et maintenant que les compagnies de \u00ab shuttle \u00bb se multiplient, \u00e7a devient vraiment appr\u00e9ciable. Et enfin et surtout, parce que, quel que soit le versant choisi, il offre une brochette de chemins, ascendants ou descendants, tous plus gratifiants les uns que les autres.<\/p>\n<p>Ce col de Mille, tant que nous ne l\u2019aurons pas roul\u00e9 au moins 1&rsquo;000 fois, nous y retournerons !<\/p>\n<style type=\"text\/css\">\n#foogallery-gallery-40773 .fg-image { width: 101px; }\n#foogallery-gallery-40773 { --fg-gutter: 1px; }<\/style>\n\t\t\t<div class=\"foogallery foogallery-container foogallery-default foogallery-lightbox-none fg-left fg-default fg-ready fg-light fg-loading-default fg-loaded-fade-in fg-preset fg-selena fg-preset-small fg-preset fg-selena fg-preset-small\" id=\"foogallery-gallery-40773\" data-foogallery=\"{&quot;item&quot;:{&quot;showCaptionTitle&quot;:false,&quot;showCaptionDescription&quot;:true},&quot;lazy&quot;:true,&quot;state&quot;:{&quot;enabled&quot;:true,&quot;mask&quot;:&quot;foogallery-{id}&quot;}}\" style=\"--fg-title-line-clamp: 0; --fg-description-line-clamp: 0;\" >\n\t<div class=\"fg-item fg-type-image fg-idle\"><figure class=\"fg-item-inner\"><a href=\"https:\/\/alpavista.ch\/Alp11\/wp-content\/uploads\/Col_de_Mille_2025_1_001.png\" data-caption-title=\"Journ\u00e9e caniculaire oblige, il y a foule \u00e0 la piscine municipale de Bruson.\" data-caption-desc=\"Journ\u00e9e caniculaire oblige, il y a foule \u00e0 la piscine municipale de Bruson.\" data-attachment-id=\"40738\" data-type=\"image\" class=\"fg-thumb\"><span class=\"fg-image-wrap\"><img decoding=\"async\" title=\"Journ\u00e9e caniculaire oblige, il y a foule \u00e0 la piscine municipale de Bruson.\" width=\"101\" height=\"57\" class=\"skip-lazy fg-image\" data-src-fg=\"https:\/\/alpavista.ch\/Alp11\/wp-content\/uploads\/cache\/Col_de_Mille_2025_1_001\/1908064123.png\" src=\"data:image\/svg+xml,%3Csvg%20xmlns%3D%22http%3A%2F%2Fwww.w3.org%2F2000%2Fsvg%22%20width%3D%22101%22%20height%3D%2257%22%20viewBox%3D%220%200%20101%2057%22%3E%3C%2Fsvg%3E\" loading=\"eager\"><\/span><span class=\"fg-image-overlay\"><\/span><\/a><figcaption class=\"fg-caption\"><div class=\"fg-caption-inner\"><div class=\"fg-caption-desc\">Journ\u00e9e caniculaire oblige, il y a foule \u00e0 la piscine municipale de Bruson.<\/div><\/div><\/figcaption><\/figure><div class=\"fg-loader\"><\/div><\/div><div class=\"fg-item fg-type-image fg-idle\"><figure class=\"fg-item-inner\"><a href=\"https:\/\/alpavista.ch\/Alp11\/wp-content\/uploads\/Col_de_Mille_2025_1_002.png\" data-caption-title=\"Acc\u00e9der \u00e0 l&#039;alpage de Mille, via le chemin des Anes, reste un privil\u00e8ge, m\u00eame quand on a de petites oreilles.\" data-caption-desc=\"Acc\u00e9der \u00e0 l&#039;alpage de Mille, via le chemin des Anes, reste un privil\u00e8ge, m\u00eame quand on a de petites oreilles.\" data-attachment-id=\"40739\" data-type=\"image\" class=\"fg-thumb\"><span class=\"fg-image-wrap\"><img decoding=\"async\" title=\"Acc\u00e9der \u00e0 l&#039;alpage de Mille, via le chemin des Anes, reste un privil\u00e8ge, m\u00eame quand on a de petites oreilles.\" width=\"101\" height=\"57\" class=\"skip-lazy fg-image\" data-src-fg=\"https:\/\/alpavista.ch\/Alp11\/wp-content\/uploads\/cache\/Col_de_Mille_2025_1_002\/156962634.png\" src=\"data:image\/svg+xml,%3Csvg%20xmlns%3D%22http%3A%2F%2Fwww.w3.org%2F2000%2Fsvg%22%20width%3D%22101%22%20height%3D%2257%22%20viewBox%3D%220%200%20101%2057%22%3E%3C%2Fsvg%3E\" loading=\"eager\"><\/span><span class=\"fg-image-overlay\"><\/span><\/a><figcaption class=\"fg-caption\"><div class=\"fg-caption-inner\"><div class=\"fg-caption-desc\">Acc\u00e9der \u00e0 l'alpage de Mille, via le chemin des Anes, reste un privil\u00e8ge, m\u00eame quand on a de petites oreilles.<\/div><\/div><\/figcaption><\/figure><div class=\"fg-loader\"><\/div><\/div><div class=\"fg-item fg-type-image fg-idle\"><figure class=\"fg-item-inner\"><a href=\"https:\/\/alpavista.ch\/Alp11\/wp-content\/uploads\/Col_de_Mille_2025_1_003.png\" data-caption-title=\"Un privil\u00e8ge, et, localement, un gageure, en raison de certains raidillons initiaux bien velus et mal pav\u00e9s.\" data-caption-desc=\"Un privil\u00e8ge, et, localement, un gageure, en raison de certains raidillons initiaux bien velus et mal pav\u00e9s.\" data-attachment-id=\"40740\" data-type=\"image\" class=\"fg-thumb\"><span class=\"fg-image-wrap\"><img decoding=\"async\" title=\"Un privil\u00e8ge, et, localement, un gageure, en raison de certains raidillons initiaux bien velus et mal pav\u00e9s.\" width=\"101\" height=\"57\" class=\"skip-lazy fg-image\" data-src-fg=\"https:\/\/alpavista.ch\/Alp11\/wp-content\/uploads\/cache\/Col_de_Mille_2025_1_003\/780929854.png\" src=\"data:image\/svg+xml,%3Csvg%20xmlns%3D%22http%3A%2F%2Fwww.w3.org%2F2000%2Fsvg%22%20width%3D%22101%22%20height%3D%2257%22%20viewBox%3D%220%200%20101%2057%22%3E%3C%2Fsvg%3E\" loading=\"eager\"><\/span><span class=\"fg-image-overlay\"><\/span><\/a><figcaption class=\"fg-caption\"><div class=\"fg-caption-inner\"><div class=\"fg-caption-desc\">Un privil\u00e8ge, et, localement, un gageure, en raison de certains raidillons initiaux bien velus et mal pav\u00e9s.<\/div><\/div><\/figcaption><\/figure><div class=\"fg-loader\"><\/div><\/div><div class=\"fg-item fg-type-image fg-idle\"><figure class=\"fg-item-inner\"><a href=\"https:\/\/alpavista.ch\/Alp11\/wp-content\/uploads\/Col_de_Mille_2025_1_004.png\" data-caption-title=\"A printemps bien arros\u00e9, flore alpine luxuriante. Et, en 2025, les rhododendrons n&#039;y font pas exception.\" data-caption-desc=\"A printemps bien arros\u00e9, flore alpine luxuriante. Et, en 2025, les rhododendrons n&#039;y font pas exception.\" data-attachment-id=\"40741\" data-type=\"image\" class=\"fg-thumb\"><span class=\"fg-image-wrap\"><img decoding=\"async\" title=\"A printemps bien arros\u00e9, flore alpine luxuriante. Et, en 2025, les rhododendrons n&#039;y font pas exception.\" width=\"101\" height=\"57\" class=\"skip-lazy fg-image\" data-src-fg=\"https:\/\/alpavista.ch\/Alp11\/wp-content\/uploads\/cache\/Col_de_Mille_2025_1_004\/3525817845.png\" src=\"data:image\/svg+xml,%3Csvg%20xmlns%3D%22http%3A%2F%2Fwww.w3.org%2F2000%2Fsvg%22%20width%3D%22101%22%20height%3D%2257%22%20viewBox%3D%220%200%20101%2057%22%3E%3C%2Fsvg%3E\" loading=\"eager\"><\/span><span class=\"fg-image-overlay\"><\/span><\/a><figcaption class=\"fg-caption\"><div class=\"fg-caption-inner\"><div class=\"fg-caption-desc\">A printemps bien arros\u00e9, flore alpine luxuriante. Et, en 2025, les rhododendrons n'y font pas exception.<\/div><\/div><\/figcaption><\/figure><div class=\"fg-loader\"><\/div><\/div><div class=\"fg-item fg-type-image fg-idle\"><figure class=\"fg-item-inner\"><a href=\"https:\/\/alpavista.ch\/Alp11\/wp-content\/uploads\/Col_de_Mille_2025_1_005.png\" data-caption-title=\"Apr\u00e8s le pont du Fregnoley, en phase de mise en service, le chemin militaire du Mont-Br\u00fbl\u00e9. Ou quand l&#039;arm\u00e9e ne fait pas que dans l&#039;inutilit\u00e9.\" data-caption-desc=\"Apr\u00e8s le pont du Fregnoley, en phase de mise en service, le chemin militaire du Mont-Br\u00fbl\u00e9. Ou quand l&#039;arm\u00e9e ne fait pas que dans l&#039;inutilit\u00e9.\" data-attachment-id=\"40742\" data-type=\"image\" class=\"fg-thumb\"><span class=\"fg-image-wrap\"><img decoding=\"async\" title=\"Apr\u00e8s le pont du Fregnoley, en phase de mise en service, le chemin militaire du Mont-Br\u00fbl\u00e9. Ou quand l&#039;arm\u00e9e ne fait pas que dans l&#039;inutilit\u00e9.\" width=\"101\" height=\"57\" class=\"skip-lazy fg-image\" data-src-fg=\"https:\/\/alpavista.ch\/Alp11\/wp-content\/uploads\/cache\/Col_de_Mille_2025_1_005\/3746523996.png\" src=\"data:image\/svg+xml,%3Csvg%20xmlns%3D%22http%3A%2F%2Fwww.w3.org%2F2000%2Fsvg%22%20width%3D%22101%22%20height%3D%2257%22%20viewBox%3D%220%200%20101%2057%22%3E%3C%2Fsvg%3E\" loading=\"eager\"><\/span><span class=\"fg-image-overlay\"><\/span><\/a><figcaption class=\"fg-caption\"><div class=\"fg-caption-inner\"><div class=\"fg-caption-desc\">Apr\u00e8s le pont du Fregnoley, en phase de mise en service, le chemin militaire du Mont-Br\u00fbl\u00e9. Ou quand l'arm\u00e9e ne fait pas que dans l'inutilit\u00e9.<\/div><\/div><\/figcaption><\/figure><div class=\"fg-loader\"><\/div><\/div><div class=\"fg-item fg-type-image fg-idle\"><figure class=\"fg-item-inner\"><a href=\"https:\/\/alpavista.ch\/Alp11\/wp-content\/uploads\/Col_de_Mille_2025_1_006.png\" data-caption-title=\"A jamais le plus bel arri\u00e8re-plan jamais photographi\u00e9 !\" data-caption-desc=\"A jamais le plus bel arri\u00e8re-plan jamais photographi\u00e9 !\" data-attachment-id=\"40743\" data-type=\"image\" class=\"fg-thumb\"><span class=\"fg-image-wrap\"><img decoding=\"async\" title=\"A jamais le plus bel arri\u00e8re-plan jamais photographi\u00e9 !\" width=\"101\" height=\"57\" class=\"skip-lazy fg-image\" data-src-fg=\"https:\/\/alpavista.ch\/Alp11\/wp-content\/uploads\/cache\/Col_de_Mille_2025_1_006\/2813254509.png\" src=\"data:image\/svg+xml,%3Csvg%20xmlns%3D%22http%3A%2F%2Fwww.w3.org%2F2000%2Fsvg%22%20width%3D%22101%22%20height%3D%2257%22%20viewBox%3D%220%200%20101%2057%22%3E%3C%2Fsvg%3E\" loading=\"eager\"><\/span><span class=\"fg-image-overlay\"><\/span><\/a><figcaption class=\"fg-caption\"><div class=\"fg-caption-inner\"><div class=\"fg-caption-desc\">A jamais le plus bel arri\u00e8re-plan jamais photographi\u00e9 !<\/div><\/div><\/figcaption><\/figure><div class=\"fg-loader\"><\/div><\/div><div class=\"fg-item fg-type-image fg-idle\"><figure class=\"fg-item-inner\"><a href=\"https:\/\/alpavista.ch\/Alp11\/wp-content\/uploads\/Col_de_Mille_2025_1_007.png\" data-caption-title=\"L&#039;ascension int\u00e9grale du sinueux sentier trac\u00e9 par l&#039;arm\u00e9e, reste chaque ann\u00e9e un d\u00e9fi \u00e0 relever.\" data-caption-desc=\"L&#039;ascension int\u00e9grale du sinueux sentier trac\u00e9 par l&#039;arm\u00e9e, reste chaque ann\u00e9e un d\u00e9fi \u00e0 relever.\" data-attachment-id=\"40744\" data-type=\"image\" class=\"fg-thumb\"><span class=\"fg-image-wrap\"><img decoding=\"async\" title=\"L&#039;ascension int\u00e9grale du sinueux sentier trac\u00e9 par l&#039;arm\u00e9e, reste chaque ann\u00e9e un d\u00e9fi \u00e0 relever.\" width=\"101\" height=\"57\" class=\"skip-lazy fg-image\" data-src-fg=\"https:\/\/alpavista.ch\/Alp11\/wp-content\/uploads\/cache\/Col_de_Mille_2025_1_007\/3315521038.png\" src=\"data:image\/svg+xml,%3Csvg%20xmlns%3D%22http%3A%2F%2Fwww.w3.org%2F2000%2Fsvg%22%20width%3D%22101%22%20height%3D%2257%22%20viewBox%3D%220%200%20101%2057%22%3E%3C%2Fsvg%3E\" loading=\"eager\"><\/span><span class=\"fg-image-overlay\"><\/span><\/a><figcaption class=\"fg-caption\"><div class=\"fg-caption-inner\"><div class=\"fg-caption-desc\">L'ascension int\u00e9grale du sinueux sentier trac\u00e9 par l'arm\u00e9e, reste chaque ann\u00e9e un d\u00e9fi \u00e0 relever.<\/div><\/div><\/figcaption><\/figure><div class=\"fg-loader\"><\/div><\/div><div class=\"fg-item fg-type-image fg-idle\"><figure class=\"fg-item-inner\"><a href=\"https:\/\/alpavista.ch\/Alp11\/wp-content\/uploads\/Col_de_Mille_2025_1_008.png\" data-caption-title=\"Tant que tu y fais \u00ab pied \u00bb, il faut recommencer. Ca tombe bien, on adore y retourner.\" data-caption-desc=\"Tant que tu y fais \u00ab pied \u00bb, il faut recommencer. Ca tombe bien, on adore y retourner.\" data-attachment-id=\"40745\" data-type=\"image\" class=\"fg-thumb\"><span class=\"fg-image-wrap\"><img decoding=\"async\" title=\"Tant que tu y fais \u00ab pied \u00bb, il faut recommencer. Ca tombe bien, on adore y retourner.\" width=\"101\" height=\"57\" class=\"skip-lazy fg-image\" data-src-fg=\"https:\/\/alpavista.ch\/Alp11\/wp-content\/uploads\/cache\/Col_de_Mille_2025_1_008\/3939529584.png\" src=\"data:image\/svg+xml,%3Csvg%20xmlns%3D%22http%3A%2F%2Fwww.w3.org%2F2000%2Fsvg%22%20width%3D%22101%22%20height%3D%2257%22%20viewBox%3D%220%200%20101%2057%22%3E%3C%2Fsvg%3E\" loading=\"eager\"><\/span><span class=\"fg-image-overlay\"><\/span><\/a><figcaption class=\"fg-caption\"><div class=\"fg-caption-inner\"><div class=\"fg-caption-desc\">Tant que tu y fais \u00ab pied \u00bb, il faut recommencer. Ca tombe bien, on adore y retourner.<\/div><\/div><\/figcaption><\/figure><div class=\"fg-loader\"><\/div><\/div><div class=\"fg-item fg-type-image fg-idle\"><figure class=\"fg-item-inner\"><a href=\"https:\/\/alpavista.ch\/Alp11\/wp-content\/uploads\/Col_de_Mille_2025_1_009.png\" data-caption-title=\"Son lacet le plus d\u00e9versant, n&#039;est pas forc\u00e9ment le plus r\u00e9calcitrant.\" data-caption-desc=\"Son lacet le plus d\u00e9versant, n&#039;est pas forc\u00e9ment le plus r\u00e9calcitrant.\" data-attachment-id=\"40746\" data-type=\"image\" class=\"fg-thumb\"><span class=\"fg-image-wrap\"><img decoding=\"async\" title=\"Son lacet le plus d\u00e9versant, n&#039;est pas forc\u00e9ment le plus r\u00e9calcitrant.\" width=\"101\" height=\"57\" class=\"skip-lazy fg-image\" data-src-fg=\"https:\/\/alpavista.ch\/Alp11\/wp-content\/uploads\/cache\/Col_de_Mille_2025_1_009\/3887640025.png\" src=\"data:image\/svg+xml,%3Csvg%20xmlns%3D%22http%3A%2F%2Fwww.w3.org%2F2000%2Fsvg%22%20width%3D%22101%22%20height%3D%2257%22%20viewBox%3D%220%200%20101%2057%22%3E%3C%2Fsvg%3E\" loading=\"eager\"><\/span><span class=\"fg-image-overlay\"><\/span><\/a><figcaption class=\"fg-caption\"><div class=\"fg-caption-inner\"><div class=\"fg-caption-desc\">Son lacet le plus d\u00e9versant, n'est pas forc\u00e9ment le plus r\u00e9calcitrant.<\/div><\/div><\/figcaption><\/figure><div class=\"fg-loader\"><\/div><\/div><div class=\"fg-item fg-type-image fg-idle\"><figure class=\"fg-item-inner\"><a href=\"https:\/\/alpavista.ch\/Alp11\/wp-content\/uploads\/Col_de_Mille_2025_1_010.png\" data-caption-title=\"Dans le petit monde des \u00e9pingles ascendantes, voil\u00e0 un chemin qui en propose toute une palette...\" data-caption-desc=\"Dans le petit monde des \u00e9pingles ascendantes, voil\u00e0 un chemin qui en propose toute une palette...\" data-attachment-id=\"40747\" data-type=\"image\" class=\"fg-thumb\"><span class=\"fg-image-wrap\"><img decoding=\"async\" title=\"Dans le petit monde des \u00e9pingles ascendantes, voil\u00e0 un chemin qui en propose toute une palette...\" width=\"101\" height=\"57\" class=\"skip-lazy fg-image\" data-src-fg=\"https:\/\/alpavista.ch\/Alp11\/wp-content\/uploads\/cache\/Col_de_Mille_2025_1_010\/434247011.png\" src=\"data:image\/svg+xml,%3Csvg%20xmlns%3D%22http%3A%2F%2Fwww.w3.org%2F2000%2Fsvg%22%20width%3D%22101%22%20height%3D%2257%22%20viewBox%3D%220%200%20101%2057%22%3E%3C%2Fsvg%3E\" loading=\"eager\"><\/span><span class=\"fg-image-overlay\"><\/span><\/a><figcaption class=\"fg-caption\"><div class=\"fg-caption-inner\"><div class=\"fg-caption-desc\">Dans le petit monde des \u00e9pingles ascendantes, voil\u00e0 un chemin qui en propose toute une palette...<\/div><\/div><\/figcaption><\/figure><div class=\"fg-loader\"><\/div><\/div><div class=\"fg-item fg-type-image fg-idle\"><figure class=\"fg-item-inner\"><a href=\"https:\/\/alpavista.ch\/Alp11\/wp-content\/uploads\/Col_de_Mille_2025_1_011.png\" data-caption-title=\"... dont les deux ultimes ne sont de loin pas les plus accueillantes.\" data-caption-desc=\"... dont les deux ultimes ne sont de loin pas les plus accueillantes.\" data-attachment-id=\"40748\" data-type=\"image\" class=\"fg-thumb\"><span class=\"fg-image-wrap\"><img decoding=\"async\" title=\"... dont les deux ultimes ne sont de loin pas les plus accueillantes.\" width=\"101\" height=\"57\" class=\"skip-lazy fg-image\" data-src-fg=\"https:\/\/alpavista.ch\/Alp11\/wp-content\/uploads\/cache\/Col_de_Mille_2025_1_011\/2774777748.png\" src=\"data:image\/svg+xml,%3Csvg%20xmlns%3D%22http%3A%2F%2Fwww.w3.org%2F2000%2Fsvg%22%20width%3D%22101%22%20height%3D%2257%22%20viewBox%3D%220%200%20101%2057%22%3E%3C%2Fsvg%3E\" loading=\"eager\"><\/span><span class=\"fg-image-overlay\"><\/span><\/a><figcaption class=\"fg-caption\"><div class=\"fg-caption-inner\"><div class=\"fg-caption-desc\">... dont les deux ultimes ne sont de loin pas les plus accueillantes.<\/div><\/div><\/figcaption><\/figure><div class=\"fg-loader\"><\/div><\/div><div class=\"fg-item fg-type-image fg-idle\"><figure class=\"fg-item-inner\"><a href=\"https:\/\/alpavista.ch\/Alp11\/wp-content\/uploads\/Col_de_Mille_2025_1_012.png\" data-caption-title=\"En plus, ce n&#039;est pas comme si ses tron\u00e7ons \u00e0 peu pr\u00e8s rectilignes faisaient dans la pente douce.\" data-caption-desc=\"En plus, ce n&#039;est pas comme si ses tron\u00e7ons \u00e0 peu pr\u00e8s rectilignes faisaient dans la pente douce.\" data-attachment-id=\"40749\" data-type=\"image\" class=\"fg-thumb\"><span class=\"fg-image-wrap\"><img decoding=\"async\" title=\"En plus, ce n&#039;est pas comme si ses tron\u00e7ons \u00e0 peu pr\u00e8s rectilignes faisaient dans la pente douce.\" width=\"101\" height=\"57\" class=\"skip-lazy fg-image\" data-src-fg=\"https:\/\/alpavista.ch\/Alp11\/wp-content\/uploads\/cache\/Col_de_Mille_2025_1_012\/3716288421.png\" src=\"data:image\/svg+xml,%3Csvg%20xmlns%3D%22http%3A%2F%2Fwww.w3.org%2F2000%2Fsvg%22%20width%3D%22101%22%20height%3D%2257%22%20viewBox%3D%220%200%20101%2057%22%3E%3C%2Fsvg%3E\" loading=\"eager\"><\/span><span class=\"fg-image-overlay\"><\/span><\/a><figcaption class=\"fg-caption\"><div class=\"fg-caption-inner\"><div class=\"fg-caption-desc\">En plus, ce n'est pas comme si ses tron\u00e7ons \u00e0 peu pr\u00e8s rectilignes faisaient dans la pente douce.<\/div><\/div><\/figcaption><\/figure><div class=\"fg-loader\"><\/div><\/div><div class=\"fg-item fg-type-image fg-idle\"><figure class=\"fg-item-inner\"><a href=\"https:\/\/alpavista.ch\/Alp11\/wp-content\/uploads\/Col_de_Mille_2025_1_013.png\" data-caption-title=\"Quand le dernier et le plus retors des lacets est pass\u00e9 ....\" data-caption-desc=\"Quand le dernier et le plus retors des lacets est pass\u00e9 ....\" data-attachment-id=\"40750\" data-type=\"image\" class=\"fg-thumb\"><span class=\"fg-image-wrap\"><img decoding=\"async\" title=\"Quand le dernier et le plus retors des lacets est pass\u00e9 ....\" width=\"101\" height=\"57\" class=\"skip-lazy fg-image\" data-src-fg=\"https:\/\/alpavista.ch\/Alp11\/wp-content\/uploads\/cache\/Col_de_Mille_2025_1_013\/1373422130.png\" src=\"data:image\/svg+xml,%3Csvg%20xmlns%3D%22http%3A%2F%2Fwww.w3.org%2F2000%2Fsvg%22%20width%3D%22101%22%20height%3D%2257%22%20viewBox%3D%220%200%20101%2057%22%3E%3C%2Fsvg%3E\" loading=\"eager\"><\/span><span class=\"fg-image-overlay\"><\/span><\/a><figcaption class=\"fg-caption\"><div class=\"fg-caption-inner\"><div class=\"fg-caption-desc\">Quand le dernier et le plus retors des lacets est pass\u00e9 ....<\/div><\/div><\/figcaption><\/figure><div class=\"fg-loader\"><\/div><\/div><div class=\"fg-item fg-type-image fg-idle\"><figure class=\"fg-item-inner\"><a href=\"https:\/\/alpavista.ch\/Alp11\/wp-content\/uploads\/Col_de_Mille_2025_1_014.png\" data-caption-title=\"... il faut continuer \u00e0 pulser pour esp\u00e9rer encore s&#039;\u00e9lever.\" data-caption-desc=\"... il faut continuer \u00e0 pulser pour esp\u00e9rer encore s&#039;\u00e9lever.\" data-attachment-id=\"40751\" data-type=\"image\" class=\"fg-thumb\"><span class=\"fg-image-wrap\"><img decoding=\"async\" title=\"... il faut continuer \u00e0 pulser pour esp\u00e9rer encore s&#039;\u00e9lever.\" width=\"101\" height=\"57\" class=\"skip-lazy fg-image\" data-src-fg=\"https:\/\/alpavista.ch\/Alp11\/wp-content\/uploads\/cache\/Col_de_Mille_2025_1_014\/2910289145.png\" src=\"data:image\/svg+xml,%3Csvg%20xmlns%3D%22http%3A%2F%2Fwww.w3.org%2F2000%2Fsvg%22%20width%3D%22101%22%20height%3D%2257%22%20viewBox%3D%220%200%20101%2057%22%3E%3C%2Fsvg%3E\" loading=\"eager\"><\/span><span class=\"fg-image-overlay\"><\/span><\/a><figcaption class=\"fg-caption\"><div class=\"fg-caption-inner\"><div class=\"fg-caption-desc\">... il faut continuer \u00e0 pulser pour esp\u00e9rer encore s'\u00e9lever.<\/div><\/div><\/figcaption><\/figure><div class=\"fg-loader\"><\/div><\/div><div class=\"fg-item fg-type-image fg-idle\"><figure class=\"fg-item-inner\"><a href=\"https:\/\/alpavista.ch\/Alp11\/wp-content\/uploads\/Col_de_Mille_2025_1_015.png\" data-caption-title=\"2&#039;536 m\u00e8tres, et, enfin, un peu d&#039;horizontalit\u00e9. Ici plus qu&#039;ailleurs, il ne faut jamais d\u00e9sep\u00e9rer.\" data-caption-desc=\"2&#039;536 m\u00e8tres, et, enfin, un peu d&#039;horizontalit\u00e9. Ici plus qu&#039;ailleurs, il ne faut jamais d\u00e9sep\u00e9rer.\" data-attachment-id=\"40752\" data-type=\"image\" class=\"fg-thumb\"><span class=\"fg-image-wrap\"><img decoding=\"async\" title=\"2&#039;536 m\u00e8tres, et, enfin, un peu d&#039;horizontalit\u00e9. Ici plus qu&#039;ailleurs, il ne faut jamais d\u00e9sep\u00e9rer.\" width=\"101\" height=\"57\" class=\"skip-lazy fg-image\" data-src-fg=\"https:\/\/alpavista.ch\/Alp11\/wp-content\/uploads\/cache\/Col_de_Mille_2025_1_015\/2686427728.png\" src=\"data:image\/svg+xml,%3Csvg%20xmlns%3D%22http%3A%2F%2Fwww.w3.org%2F2000%2Fsvg%22%20width%3D%22101%22%20height%3D%2257%22%20viewBox%3D%220%200%20101%2057%22%3E%3C%2Fsvg%3E\" loading=\"eager\"><\/span><span class=\"fg-image-overlay\"><\/span><\/a><figcaption class=\"fg-caption\"><div class=\"fg-caption-inner\"><div class=\"fg-caption-desc\">2'536 m\u00e8tres, et, enfin, un peu d'horizontalit\u00e9. Ici plus qu'ailleurs, il ne faut jamais d\u00e9sep\u00e9rer.<\/div><\/div><\/figcaption><\/figure><div class=\"fg-loader\"><\/div><\/div><div class=\"fg-item fg-type-image fg-idle\"><figure class=\"fg-item-inner\"><a href=\"https:\/\/alpavista.ch\/Alp11\/wp-content\/uploads\/Col_de_Mille_2025_1_016.png\" data-caption-title=\"Il est Midi et on commence \u00e0 avoir la Dent.\" data-caption-desc=\"Il est Midi et on commence \u00e0 avoir la Dent.\" data-attachment-id=\"40753\" data-type=\"image\" class=\"fg-thumb\"><span class=\"fg-image-wrap\"><img decoding=\"async\" title=\"Il est Midi et on commence \u00e0 avoir la Dent.\" width=\"101\" height=\"57\" class=\"skip-lazy fg-image\" data-src-fg=\"https:\/\/alpavista.ch\/Alp11\/wp-content\/uploads\/cache\/Col_de_Mille_2025_1_016\/3640529505.png\" src=\"data:image\/svg+xml,%3Csvg%20xmlns%3D%22http%3A%2F%2Fwww.w3.org%2F2000%2Fsvg%22%20width%3D%22101%22%20height%3D%2257%22%20viewBox%3D%220%200%20101%2057%22%3E%3C%2Fsvg%3E\" loading=\"eager\"><\/span><span class=\"fg-image-overlay\"><\/span><\/a><figcaption class=\"fg-caption\"><div class=\"fg-caption-inner\"><div class=\"fg-caption-desc\">Il est Midi et on commence \u00e0 avoir la Dent.<\/div><\/div><\/figcaption><\/figure><div class=\"fg-loader\"><\/div><\/div><div class=\"fg-item fg-type-image fg-idle\"><figure class=\"fg-item-inner\"><a href=\"https:\/\/alpavista.ch\/Alp11\/wp-content\/uploads\/Col_de_Mille_2025_1_017.png\" data-caption-title=\"Direction la cabane du Col de Mille, m\u00eame si, provisoirement, les Combins semblent vouloir faire barrage.\" data-caption-desc=\"Direction la cabane du Col de Mille, m\u00eame si, provisoirement, les Combins semblent vouloir faire barrage.\" data-attachment-id=\"40754\" data-type=\"image\" class=\"fg-thumb\"><span class=\"fg-image-wrap\"><img decoding=\"async\" title=\"Direction la cabane du Col de Mille, m\u00eame si, provisoirement, les Combins semblent vouloir faire barrage.\" width=\"101\" height=\"57\" class=\"skip-lazy fg-image\" data-src-fg=\"https:\/\/alpavista.ch\/Alp11\/wp-content\/uploads\/cache\/Col_de_Mille_2025_1_017\/3134070530.png\" src=\"data:image\/svg+xml,%3Csvg%20xmlns%3D%22http%3A%2F%2Fwww.w3.org%2F2000%2Fsvg%22%20width%3D%22101%22%20height%3D%2257%22%20viewBox%3D%220%200%20101%2057%22%3E%3C%2Fsvg%3E\" loading=\"eager\"><\/span><span class=\"fg-image-overlay\"><\/span><\/a><figcaption class=\"fg-caption\"><div class=\"fg-caption-inner\"><div class=\"fg-caption-desc\">Direction la cabane du Col de Mille, m\u00eame si, provisoirement, les Combins semblent vouloir faire barrage.<\/div><\/div><\/figcaption><\/figure><div class=\"fg-loader\"><\/div><\/div><div class=\"fg-item fg-type-image fg-idle\"><figure class=\"fg-item-inner\"><a href=\"https:\/\/alpavista.ch\/Alp11\/wp-content\/uploads\/Col_de_Mille_2025_1_018.png\" data-caption-title=\"En mati\u00e8re de panoramas alpins, il y a peu d&#039;endroits qui peuvent rivaliser avec cet \u00e9paulement \u00e9tourdissant.\" data-caption-desc=\"En mati\u00e8re de panoramas alpins, il y a peu d&#039;endroits qui peuvent rivaliser avec cet \u00e9paulement \u00e9tourdissant.\" data-attachment-id=\"40755\" data-type=\"image\" class=\"fg-thumb\"><span class=\"fg-image-wrap\"><img decoding=\"async\" title=\"En mati\u00e8re de panoramas alpins, il y a peu d&#039;endroits qui peuvent rivaliser avec cet \u00e9paulement \u00e9tourdissant.\" width=\"101\" height=\"57\" class=\"skip-lazy fg-image\" data-src-fg=\"https:\/\/alpavista.ch\/Alp11\/wp-content\/uploads\/cache\/Col_de_Mille_2025_1_018\/2508241532.png\" src=\"data:image\/svg+xml,%3Csvg%20xmlns%3D%22http%3A%2F%2Fwww.w3.org%2F2000%2Fsvg%22%20width%3D%22101%22%20height%3D%2257%22%20viewBox%3D%220%200%20101%2057%22%3E%3C%2Fsvg%3E\" loading=\"eager\"><\/span><span class=\"fg-image-overlay\"><\/span><\/a><figcaption class=\"fg-caption\"><div class=\"fg-caption-inner\"><div class=\"fg-caption-desc\">En mati\u00e8re de panoramas alpins, il y a peu d'endroits qui peuvent rivaliser avec cet \u00e9paulement \u00e9tourdissant.<\/div><\/div><\/figcaption><\/figure><div class=\"fg-loader\"><\/div><\/div><div class=\"fg-item fg-type-image fg-idle\"><figure class=\"fg-item-inner\"><a href=\"https:\/\/alpavista.ch\/Alp11\/wp-content\/uploads\/Col_de_Mille_2025_1_019.png\" data-caption-title=\"Estomacs cal\u00e9s et gorges d\u00e9poussi\u00e9r\u00e9es, il est temps de plonger.\" data-caption-desc=\"Estomacs cal\u00e9s et gorges d\u00e9poussi\u00e9r\u00e9es, il est temps de plonger.\" data-attachment-id=\"40756\" data-type=\"image\" class=\"fg-thumb\"><span class=\"fg-image-wrap\"><img decoding=\"async\" title=\"Estomacs cal\u00e9s et gorges d\u00e9poussi\u00e9r\u00e9es, il est temps de plonger.\" width=\"101\" height=\"57\" class=\"skip-lazy fg-image\" data-src-fg=\"https:\/\/alpavista.ch\/Alp11\/wp-content\/uploads\/cache\/Col_de_Mille_2025_1_019\/2565366997.png\" src=\"data:image\/svg+xml,%3Csvg%20xmlns%3D%22http%3A%2F%2Fwww.w3.org%2F2000%2Fsvg%22%20width%3D%22101%22%20height%3D%2257%22%20viewBox%3D%220%200%20101%2057%22%3E%3C%2Fsvg%3E\" loading=\"eager\"><\/span><span class=\"fg-image-overlay\"><\/span><\/a><figcaption class=\"fg-caption\"><div class=\"fg-caption-inner\"><div class=\"fg-caption-desc\">Estomacs cal\u00e9s et gorges d\u00e9poussi\u00e9r\u00e9es, il est temps de plonger.<\/div><\/div><\/figcaption><\/figure><div class=\"fg-loader\"><\/div><\/div><div class=\"fg-item fg-type-image fg-idle\"><figure class=\"fg-item-inner\"><a href=\"https:\/\/alpavista.ch\/Alp11\/wp-content\/uploads\/Col_de_Mille_2025_1_020.png\" data-caption-title=\"Un exercice \u00e0 la fois motivant, gr\u00e2ce aux atouts d&#039;un chemin parmi les plus int\u00e9ressant \u00e0 rouler ....\" data-caption-desc=\"Un exercice \u00e0 la fois motivant, gr\u00e2ce aux atouts d&#039;un chemin parmi les plus int\u00e9ressant \u00e0 rouler ....\" data-attachment-id=\"40757\" data-type=\"image\" class=\"fg-thumb\"><span class=\"fg-image-wrap\"><img decoding=\"async\" title=\"Un exercice \u00e0 la fois motivant, gr\u00e2ce aux atouts d&#039;un chemin parmi les plus int\u00e9ressant \u00e0 rouler ....\" width=\"101\" height=\"57\" class=\"skip-lazy fg-image\" data-src-fg=\"https:\/\/alpavista.ch\/Alp11\/wp-content\/uploads\/cache\/Col_de_Mille_2025_1_020\/1212478697.png\" src=\"data:image\/svg+xml,%3Csvg%20xmlns%3D%22http%3A%2F%2Fwww.w3.org%2F2000%2Fsvg%22%20width%3D%22101%22%20height%3D%2257%22%20viewBox%3D%220%200%20101%2057%22%3E%3C%2Fsvg%3E\" loading=\"eager\"><\/span><span class=\"fg-image-overlay\"><\/span><\/a><figcaption class=\"fg-caption\"><div class=\"fg-caption-inner\"><div class=\"fg-caption-desc\">Un exercice \u00e0 la fois motivant, gr\u00e2ce aux atouts d'un chemin parmi les plus int\u00e9ressant \u00e0 rouler ....<\/div><\/div><\/figcaption><\/figure><div class=\"fg-loader\"><\/div><\/div><div class=\"fg-item fg-type-image fg-idle\"><figure class=\"fg-item-inner\"><a href=\"https:\/\/alpavista.ch\/Alp11\/wp-content\/uploads\/Col_de_Mille_2025_1_021.png\" data-caption-title=\".... mais forc\u00e9ment, un peu d\u00e9courageant aussi. Perdre de l&#039;altitude, c&#039;est retrouver la fournaise de la vall\u00e9e.\" data-caption-desc=\".... mais forc\u00e9ment, un peu d\u00e9courageant aussi. Perdre de l&#039;altitude, c&#039;est retrouver la fournaise de la vall\u00e9e.\" data-attachment-id=\"40758\" data-type=\"image\" class=\"fg-thumb\"><span class=\"fg-image-wrap\"><img decoding=\"async\" title=\".... mais forc\u00e9ment, un peu d\u00e9courageant aussi. Perdre de l&#039;altitude, c&#039;est retrouver la fournaise de la vall\u00e9e.\" width=\"101\" height=\"57\" class=\"skip-lazy fg-image\" data-src-fg=\"https:\/\/alpavista.ch\/Alp11\/wp-content\/uploads\/cache\/Col_de_Mille_2025_1_021\/4106575390.png\" src=\"data:image\/svg+xml,%3Csvg%20xmlns%3D%22http%3A%2F%2Fwww.w3.org%2F2000%2Fsvg%22%20width%3D%22101%22%20height%3D%2257%22%20viewBox%3D%220%200%20101%2057%22%3E%3C%2Fsvg%3E\" loading=\"eager\"><\/span><span class=\"fg-image-overlay\"><\/span><\/a><figcaption class=\"fg-caption\"><div class=\"fg-caption-inner\"><div class=\"fg-caption-desc\">.... mais forc\u00e9ment, un peu d\u00e9courageant aussi. Perdre de l'altitude, c'est retrouver la fournaise de la vall\u00e9e.<\/div><\/div><\/figcaption><\/figure><div class=\"fg-loader\"><\/div><\/div><div class=\"fg-item fg-type-image fg-idle\"><figure class=\"fg-item-inner\"><a href=\"https:\/\/alpavista.ch\/Alp11\/wp-content\/uploads\/Col_de_Mille_2025_1_022.png\" data-caption-title=\"Carpe Diem ! Vivons d\u00e9j\u00e0 l&#039;instant pr\u00e9sent. Et, en la mati\u00e8re, y a d\u00e9j\u00e0 pas mal \u00e0 faire.\" data-caption-desc=\"Carpe Diem ! Vivons d\u00e9j\u00e0 l&#039;instant pr\u00e9sent. Et, en la mati\u00e8re, y a d\u00e9j\u00e0 pas mal \u00e0 faire.\" data-attachment-id=\"40759\" data-type=\"image\" class=\"fg-thumb\"><span class=\"fg-image-wrap\"><img decoding=\"async\" title=\"Carpe Diem ! Vivons d\u00e9j\u00e0 l&#039;instant pr\u00e9sent. Et, en la mati\u00e8re, y a d\u00e9j\u00e0 pas mal \u00e0 faire.\" width=\"101\" height=\"57\" class=\"skip-lazy fg-image\" data-src-fg=\"https:\/\/alpavista.ch\/Alp11\/wp-content\/uploads\/cache\/Col_de_Mille_2025_1_022\/2351230511.png\" src=\"data:image\/svg+xml,%3Csvg%20xmlns%3D%22http%3A%2F%2Fwww.w3.org%2F2000%2Fsvg%22%20width%3D%22101%22%20height%3D%2257%22%20viewBox%3D%220%200%20101%2057%22%3E%3C%2Fsvg%3E\" loading=\"eager\"><\/span><span class=\"fg-image-overlay\"><\/span><\/a><figcaption class=\"fg-caption\"><div class=\"fg-caption-inner\"><div class=\"fg-caption-desc\">Carpe Diem ! Vivons d\u00e9j\u00e0 l'instant pr\u00e9sent. Et, en la mati\u00e8re, y a d\u00e9j\u00e0 pas mal \u00e0 faire.<\/div><\/div><\/figcaption><\/figure><div class=\"fg-loader\"><\/div><\/div><div class=\"fg-item fg-type-image fg-idle\"><figure class=\"fg-item-inner\"><a href=\"https:\/\/alpavista.ch\/Alp11\/wp-content\/uploads\/Col_de_Mille_2025_1_023.png\" data-caption-title=\"Ce qui ressemble \u00e0 un \u00ab gorettage \u00bb de virage, n&#039;est qu&#039;une simple perspective sur les nombreux lacets d&#039;un chemin, localement, tr\u00e8s sinuant.\" data-caption-desc=\"Ce qui ressemble \u00e0 un \u00ab gorettage \u00bb de virage, n&#039;est qu&#039;une simple perspective sur les nombreux lacets d&#039;un chemin, localement, tr\u00e8s sinuant.\" data-attachment-id=\"40760\" data-type=\"image\" class=\"fg-thumb\"><span class=\"fg-image-wrap\"><img decoding=\"async\" title=\"Ce qui ressemble \u00e0 un \u00ab gorettage \u00bb de virage, n&#039;est qu&#039;une simple perspective sur les nombreux lacets d&#039;un chemin, localement, tr\u00e8s sinuant.\" width=\"101\" height=\"57\" class=\"skip-lazy fg-image\" data-src-fg=\"https:\/\/alpavista.ch\/Alp11\/wp-content\/uploads\/cache\/Col_de_Mille_2025_1_023\/3492649254.png\" src=\"data:image\/svg+xml,%3Csvg%20xmlns%3D%22http%3A%2F%2Fwww.w3.org%2F2000%2Fsvg%22%20width%3D%22101%22%20height%3D%2257%22%20viewBox%3D%220%200%20101%2057%22%3E%3C%2Fsvg%3E\" loading=\"eager\"><\/span><span class=\"fg-image-overlay\"><\/span><\/a><figcaption class=\"fg-caption\"><div class=\"fg-caption-inner\"><div class=\"fg-caption-desc\">Ce qui ressemble \u00e0 un \u00ab gorettage \u00bb de virage, n'est qu'une simple perspective sur les nombreux lacets d'un chemin, localement, tr\u00e8s sinuant.<\/div><\/div><\/figcaption><\/figure><div class=\"fg-loader\"><\/div><\/div><div class=\"fg-item fg-type-image fg-idle\"><figure class=\"fg-item-inner\"><a href=\"https:\/\/alpavista.ch\/Alp11\/wp-content\/uploads\/Col_de_Mille_2025_1_024.png\" data-caption-title=\"Ripolin\u00e9 par l&#039;admirable \u00e9quipe des \u00ab shapers \u00bb, le Mille-Servay est pr\u00eat pour l&#039;Enduro2 de Verbier, le week-end prochain.\" data-caption-desc=\"Ripolin\u00e9 par l&#039;admirable \u00e9quipe des \u00ab shapers \u00bb, le Mille-Servay est pr\u00eat pour l&#039;Enduro2 de Verbier, le week-end prochain.\" data-attachment-id=\"40761\" data-type=\"image\" class=\"fg-thumb\"><span class=\"fg-image-wrap\"><img decoding=\"async\" title=\"Ripolin\u00e9 par l&#039;admirable \u00e9quipe des \u00ab shapers \u00bb, le Mille-Servay est pr\u00eat pour l&#039;Enduro2 de Verbier, le week-end prochain.\" width=\"101\" height=\"57\" class=\"skip-lazy fg-image\" data-src-fg=\"https:\/\/alpavista.ch\/Alp11\/wp-content\/uploads\/cache\/Col_de_Mille_2025_1_024\/746989549.png\" src=\"data:image\/svg+xml,%3Csvg%20xmlns%3D%22http%3A%2F%2Fwww.w3.org%2F2000%2Fsvg%22%20width%3D%22101%22%20height%3D%2257%22%20viewBox%3D%220%200%20101%2057%22%3E%3C%2Fsvg%3E\" loading=\"eager\"><\/span><span class=\"fg-image-overlay\"><\/span><\/a><figcaption class=\"fg-caption\"><div class=\"fg-caption-inner\"><div class=\"fg-caption-desc\">Ripolin\u00e9 par l'admirable \u00e9quipe des \u00ab shapers \u00bb, le Mille-Servay est pr\u00eat pour l'Enduro2 de Verbier, le week-end prochain.<\/div><\/div><\/figcaption><\/figure><div class=\"fg-loader\"><\/div><\/div><div class=\"fg-item fg-type-image fg-idle\"><figure class=\"fg-item-inner\"><a href=\"https:\/\/alpavista.ch\/Alp11\/wp-content\/uploads\/Col_de_Mille_2025_1_025.png\" data-caption-title=\"En attendant que les pilotes le d\u00e9valent \u00e0 toute allure, nous profitons de chaque portion d&#039;un chemin particuli\u00e8rement divin.\" data-caption-desc=\"En attendant que les pilotes le d\u00e9valent \u00e0 toute allure, nous profitons de chaque portion d&#039;un chemin particuli\u00e8rement divin.\" data-attachment-id=\"40762\" data-type=\"image\" class=\"fg-thumb\"><span class=\"fg-image-wrap\"><img decoding=\"async\" title=\"En attendant que les pilotes le d\u00e9valent \u00e0 toute allure, nous profitons de chaque portion d&#039;un chemin particuli\u00e8rement divin.\" width=\"101\" height=\"57\" class=\"skip-lazy fg-image\" data-src-fg=\"https:\/\/alpavista.ch\/Alp11\/wp-content\/uploads\/cache\/Col_de_Mille_2025_1_025\/569309508.png\" src=\"data:image\/svg+xml,%3Csvg%20xmlns%3D%22http%3A%2F%2Fwww.w3.org%2F2000%2Fsvg%22%20width%3D%22101%22%20height%3D%2257%22%20viewBox%3D%220%200%20101%2057%22%3E%3C%2Fsvg%3E\" loading=\"eager\"><\/span><span class=\"fg-image-overlay\"><\/span><\/a><figcaption class=\"fg-caption\"><div class=\"fg-caption-inner\"><div class=\"fg-caption-desc\">En attendant que les pilotes le d\u00e9valent \u00e0 toute allure, nous profitons de chaque portion d'un chemin particuli\u00e8rement divin.<\/div><\/div><\/figcaption><\/figure><div class=\"fg-loader\"><\/div><\/div><div class=\"fg-item fg-type-image fg-idle\"><figure class=\"fg-item-inner\"><a href=\"https:\/\/alpavista.ch\/Alp11\/wp-content\/uploads\/Col_de_Mille_2025_1_026.png\" data-caption-title=\"Divin, mais pas que. Un peu espi\u00e8gle, aussi.\" data-caption-desc=\"Divin, mais pas que. Un peu espi\u00e8gle, aussi.\" data-attachment-id=\"40763\" data-type=\"image\" class=\"fg-thumb\"><span class=\"fg-image-wrap\"><img decoding=\"async\" title=\"Divin, mais pas que. Un peu espi\u00e8gle, aussi.\" width=\"101\" height=\"57\" class=\"skip-lazy fg-image\" data-src-fg=\"https:\/\/alpavista.ch\/Alp11\/wp-content\/uploads\/cache\/Col_de_Mille_2025_1_026\/1494174069.png\" src=\"data:image\/svg+xml,%3Csvg%20xmlns%3D%22http%3A%2F%2Fwww.w3.org%2F2000%2Fsvg%22%20width%3D%22101%22%20height%3D%2257%22%20viewBox%3D%220%200%20101%2057%22%3E%3C%2Fsvg%3E\" loading=\"eager\"><\/span><span class=\"fg-image-overlay\"><\/span><\/a><figcaption class=\"fg-caption\"><div class=\"fg-caption-inner\"><div class=\"fg-caption-desc\">Divin, mais pas que. Un peu espi\u00e8gle, aussi.<\/div><\/div><\/figcaption><\/figure><div class=\"fg-loader\"><\/div><\/div><div class=\"fg-item fg-type-image fg-idle\"><figure class=\"fg-item-inner\"><a href=\"https:\/\/alpavista.ch\/Alp11\/wp-content\/uploads\/Col_de_Mille_2025_1_027.png\" data-caption-title=\"La fameuse moraine des Oujets : d&#039;abord sous un angle in\u00e9dit.\" data-caption-desc=\"La fameuse moraine des Oujets : d&#039;abord sous un angle in\u00e9dit.\" data-attachment-id=\"40764\" data-type=\"image\" class=\"fg-thumb\"><span class=\"fg-image-wrap\"><img decoding=\"async\" title=\"La fameuse moraine des Oujets : d&#039;abord sous un angle in\u00e9dit.\" width=\"101\" height=\"57\" class=\"skip-lazy fg-image\" data-src-fg=\"https:\/\/alpavista.ch\/Alp11\/wp-content\/uploads\/cache\/Col_de_Mille_2025_1_027\/994001942.png\" src=\"data:image\/svg+xml,%3Csvg%20xmlns%3D%22http%3A%2F%2Fwww.w3.org%2F2000%2Fsvg%22%20width%3D%22101%22%20height%3D%2257%22%20viewBox%3D%220%200%20101%2057%22%3E%3C%2Fsvg%3E\" loading=\"eager\"><\/span><span class=\"fg-image-overlay\"><\/span><\/a><figcaption class=\"fg-caption\"><div class=\"fg-caption-inner\"><div class=\"fg-caption-desc\">La fameuse moraine des Oujets : d'abord sous un angle in\u00e9dit.<\/div><\/div><\/figcaption><\/figure><div class=\"fg-loader\"><\/div><\/div><div class=\"fg-item fg-type-image fg-idle\"><figure class=\"fg-item-inner\"><a href=\"https:\/\/alpavista.ch\/Alp11\/wp-content\/uploads\/Col_de_Mille_2025_1_028.png\" data-caption-title=\"Puis, en version fleurie.\" data-caption-desc=\"Puis, en version fleurie.\" data-attachment-id=\"40765\" data-type=\"image\" class=\"fg-thumb\"><span class=\"fg-image-wrap\"><img decoding=\"async\" title=\"Puis, en version fleurie.\" width=\"101\" height=\"57\" class=\"skip-lazy fg-image\" data-src-fg=\"https:\/\/alpavista.ch\/Alp11\/wp-content\/uploads\/cache\/Col_de_Mille_2025_1_028\/343007592.png\" src=\"data:image\/svg+xml,%3Csvg%20xmlns%3D%22http%3A%2F%2Fwww.w3.org%2F2000%2Fsvg%22%20width%3D%22101%22%20height%3D%2257%22%20viewBox%3D%220%200%20101%2057%22%3E%3C%2Fsvg%3E\" loading=\"eager\"><\/span><span class=\"fg-image-overlay\"><\/span><\/a><figcaption class=\"fg-caption\"><div class=\"fg-caption-inner\"><div class=\"fg-caption-desc\">Puis, en version fleurie.<\/div><\/div><\/figcaption><\/figure><div class=\"fg-loader\"><\/div><\/div><div class=\"fg-item fg-type-image fg-idle\"><figure class=\"fg-item-inner\"><a href=\"https:\/\/alpavista.ch\/Alp11\/wp-content\/uploads\/Col_de_Mille_2025_1_029.png\" data-caption-title=\"Et enfin, comme vous avez pris l&#039;habitude de la voir, au fil des saisons. La poussi\u00e8re de ce d\u00e9but d&#039;\u00e9t\u00e9 caniculaire, en prime.\" data-caption-desc=\"Et enfin, comme vous avez pris l&#039;habitude de la voir, au fil des saisons. La poussi\u00e8re de ce d\u00e9but d&#039;\u00e9t\u00e9 caniculaire, en prime.\" data-attachment-id=\"40766\" data-type=\"image\" class=\"fg-thumb\"><span class=\"fg-image-wrap\"><img decoding=\"async\" title=\"Et enfin, comme vous avez pris l&#039;habitude de la voir, au fil des saisons. La poussi\u00e8re de ce d\u00e9but d&#039;\u00e9t\u00e9 caniculaire, en prime.\" width=\"101\" height=\"57\" class=\"skip-lazy fg-image\" data-src-fg=\"https:\/\/alpavista.ch\/Alp11\/wp-content\/uploads\/cache\/Col_de_Mille_2025_1_029\/421085121.png\" src=\"data:image\/svg+xml,%3Csvg%20xmlns%3D%22http%3A%2F%2Fwww.w3.org%2F2000%2Fsvg%22%20width%3D%22101%22%20height%3D%2257%22%20viewBox%3D%220%200%20101%2057%22%3E%3C%2Fsvg%3E\" loading=\"eager\"><\/span><span class=\"fg-image-overlay\"><\/span><\/a><figcaption class=\"fg-caption\"><div class=\"fg-caption-inner\"><div class=\"fg-caption-desc\">Et enfin, comme vous avez pris l'habitude de la voir, au fil des saisons. La poussi\u00e8re de ce d\u00e9but d'\u00e9t\u00e9 caniculaire, en prime.<\/div><\/div><\/figcaption><\/figure><div class=\"fg-loader\"><\/div><\/div><div class=\"fg-item fg-type-image fg-idle\"><figure class=\"fg-item-inner\"><a href=\"https:\/\/alpavista.ch\/Alp11\/wp-content\/uploads\/Col_de_Mille_2025_1_030.png\" data-caption-title=\"Quitter la moraine pour le pr\u00e9, c&#039;est s&#039;appr\u00eater \u00e0 aborder la remont\u00e9e vers Servay.\" data-caption-desc=\"Quitter la moraine pour le pr\u00e9, c&#039;est s&#039;appr\u00eater \u00e0 aborder la remont\u00e9e vers Servay.\" data-attachment-id=\"40767\" data-type=\"image\" class=\"fg-thumb\"><span class=\"fg-image-wrap\"><img decoding=\"async\" title=\"Quitter la moraine pour le pr\u00e9, c&#039;est s&#039;appr\u00eater \u00e0 aborder la remont\u00e9e vers Servay.\" width=\"101\" height=\"57\" class=\"skip-lazy fg-image\" data-src-fg=\"https:\/\/alpavista.ch\/Alp11\/wp-content\/uploads\/cache\/Col_de_Mille_2025_1_030\/3879962491.png\" src=\"data:image\/svg+xml,%3Csvg%20xmlns%3D%22http%3A%2F%2Fwww.w3.org%2F2000%2Fsvg%22%20width%3D%22101%22%20height%3D%2257%22%20viewBox%3D%220%200%20101%2057%22%3E%3C%2Fsvg%3E\" loading=\"eager\"><\/span><span class=\"fg-image-overlay\"><\/span><\/a><figcaption class=\"fg-caption\"><div class=\"fg-caption-inner\"><div class=\"fg-caption-desc\">Quitter la moraine pour le pr\u00e9, c'est s'appr\u00eater \u00e0 aborder la remont\u00e9e vers Servay.<\/div><\/div><\/figcaption><\/figure><div class=\"fg-loader\"><\/div><\/div><div class=\"fg-item fg-type-image fg-idle\"><figure class=\"fg-item-inner\"><a href=\"https:\/\/alpavista.ch\/Alp11\/wp-content\/uploads\/Col_de_Mille_2025_1_031.png\" data-caption-title=\"Une remont\u00e9e toujours aussi int\u00e9ressante \u00e0 rouler, et qui se termine par l&#039;in\u00e9vitable \u00ab Rock Slab \u00bb terminal.\" data-caption-desc=\"Une remont\u00e9e toujours aussi int\u00e9ressante \u00e0 rouler, et qui se termine par l&#039;in\u00e9vitable \u00ab Rock Slab \u00bb terminal.\" data-attachment-id=\"40768\" data-type=\"image\" class=\"fg-thumb\"><span class=\"fg-image-wrap\"><img decoding=\"async\" title=\"Une remont\u00e9e toujours aussi int\u00e9ressante \u00e0 rouler, et qui se termine par l&#039;in\u00e9vitable \u00ab Rock Slab \u00bb terminal.\" width=\"101\" height=\"57\" class=\"skip-lazy fg-image\" data-src-fg=\"https:\/\/alpavista.ch\/Alp11\/wp-content\/uploads\/cache\/Col_de_Mille_2025_1_031\/1539452300.png\" src=\"data:image\/svg+xml,%3Csvg%20xmlns%3D%22http%3A%2F%2Fwww.w3.org%2F2000%2Fsvg%22%20width%3D%22101%22%20height%3D%2257%22%20viewBox%3D%220%200%20101%2057%22%3E%3C%2Fsvg%3E\" loading=\"eager\"><\/span><span class=\"fg-image-overlay\"><\/span><\/a><figcaption class=\"fg-caption\"><div class=\"fg-caption-inner\"><div class=\"fg-caption-desc\">Une remont\u00e9e toujours aussi int\u00e9ressante \u00e0 rouler, et qui se termine par l'in\u00e9vitable \u00ab Rock Slab \u00bb terminal.<\/div><\/div><\/figcaption><\/figure><div class=\"fg-loader\"><\/div><\/div><div class=\"fg-item fg-type-image fg-idle\"><figure class=\"fg-item-inner\"><a href=\"https:\/\/alpavista.ch\/Alp11\/wp-content\/uploads\/Col_de_Mille_2025_1_032.png\" data-caption-title=\"Direction les \u00ab Beutsons \u00bb, option \u00ab Full Gaz \u00bb.\" data-caption-desc=\"Direction les \u00ab Beutsons \u00bb, option \u00ab Full Gaz \u00bb.\" data-attachment-id=\"40769\" data-type=\"image\" class=\"fg-thumb\"><span class=\"fg-image-wrap\"><img decoding=\"async\" title=\"Direction les \u00ab Beutsons \u00bb, option \u00ab Full Gaz \u00bb.\" width=\"101\" height=\"57\" class=\"skip-lazy fg-image\" data-src-fg=\"https:\/\/alpavista.ch\/Alp11\/wp-content\/uploads\/cache\/Col_de_Mille_2025_1_032\/589536701.png\" src=\"data:image\/svg+xml,%3Csvg%20xmlns%3D%22http%3A%2F%2Fwww.w3.org%2F2000%2Fsvg%22%20width%3D%22101%22%20height%3D%2257%22%20viewBox%3D%220%200%20101%2057%22%3E%3C%2Fsvg%3E\" loading=\"eager\"><\/span><span class=\"fg-image-overlay\"><\/span><\/a><figcaption class=\"fg-caption\"><div class=\"fg-caption-inner\"><div class=\"fg-caption-desc\">Direction les \u00ab Beutsons \u00bb, option \u00ab Full Gaz \u00bb.<\/div><\/div><\/figcaption><\/figure><div class=\"fg-loader\"><\/div><\/div><div class=\"fg-item fg-type-image fg-idle\"><figure class=\"fg-item-inner\"><a href=\"https:\/\/alpavista.ch\/Alp11\/wp-content\/uploads\/Col_de_Mille_2025_1_033.png\" data-caption-title=\"L&#039;explication du nom local ? Clairement oui, pour peu que vous ayez quelques notions de patois valaisan.\" data-caption-desc=\"L&#039;explication du nom local ? Clairement oui, pour peu que vous ayez quelques notions de patois valaisan.\" data-attachment-id=\"40770\" data-type=\"image\" class=\"fg-thumb\"><span class=\"fg-image-wrap\"><img decoding=\"async\" title=\"L&#039;explication du nom local ? Clairement oui, pour peu que vous ayez quelques notions de patois valaisan.\" width=\"101\" height=\"57\" class=\"skip-lazy fg-image\" data-src-fg=\"https:\/\/alpavista.ch\/Alp11\/wp-content\/uploads\/cache\/Col_de_Mille_2025_1_033\/2944225322.png\" src=\"data:image\/svg+xml,%3Csvg%20xmlns%3D%22http%3A%2F%2Fwww.w3.org%2F2000%2Fsvg%22%20width%3D%22101%22%20height%3D%2257%22%20viewBox%3D%220%200%20101%2057%22%3E%3C%2Fsvg%3E\" loading=\"eager\"><\/span><span class=\"fg-image-overlay\"><\/span><\/a><figcaption class=\"fg-caption\"><div class=\"fg-caption-inner\"><div class=\"fg-caption-desc\">L'explication du nom local ? Clairement oui, pour peu que vous ayez quelques notions de patois valaisan.<\/div><\/div><\/figcaption><\/figure><div class=\"fg-loader\"><\/div><\/div><div class=\"fg-item fg-type-image fg-idle\"><figure class=\"fg-item-inner\"><a href=\"https:\/\/alpavista.ch\/Alp11\/wp-content\/uploads\/Col_de_Mille_2025_1_034.png\" data-caption-title=\"De retour \u00e0 l&#039;\u00e9tage des for\u00eats... et de la chaleur accablante.\" data-caption-desc=\"De retour \u00e0 l&#039;\u00e9tage des for\u00eats... et de la chaleur accablante.\" data-attachment-id=\"40771\" data-type=\"image\" class=\"fg-thumb\"><span class=\"fg-image-wrap\"><img decoding=\"async\" title=\"De retour \u00e0 l&#039;\u00e9tage des for\u00eats... et de la chaleur accablante.\" width=\"101\" height=\"57\" class=\"skip-lazy fg-image\" data-src-fg=\"https:\/\/alpavista.ch\/Alp11\/wp-content\/uploads\/cache\/Col_de_Mille_2025_1_034\/1406594785.png\" src=\"data:image\/svg+xml,%3Csvg%20xmlns%3D%22http%3A%2F%2Fwww.w3.org%2F2000%2Fsvg%22%20width%3D%22101%22%20height%3D%2257%22%20viewBox%3D%220%200%20101%2057%22%3E%3C%2Fsvg%3E\" loading=\"eager\"><\/span><span class=\"fg-image-overlay\"><\/span><\/a><figcaption class=\"fg-caption\"><div class=\"fg-caption-inner\"><div class=\"fg-caption-desc\">De retour \u00e0 l'\u00e9tage des for\u00eats... et de la chaleur accablante.<\/div><\/div><\/figcaption><\/figure><div class=\"fg-loader\"><\/div><\/div><div class=\"fg-item fg-type-image fg-idle\"><figure class=\"fg-item-inner\"><a href=\"https:\/\/alpavista.ch\/Alp11\/wp-content\/uploads\/Col_de_Mille_2025_1_035.png\" data-caption-title=\"Il y a au moins mille raisons de revenir rouler de ce c\u00f4t\u00e9. Et probablement d\u00e9j\u00e0 avant la fin de la saison.\" data-caption-desc=\"Il y a au moins mille raisons de revenir rouler de ce c\u00f4t\u00e9. Et probablement d\u00e9j\u00e0 avant la fin de la saison.\" data-attachment-id=\"40772\" data-type=\"image\" class=\"fg-thumb\"><span class=\"fg-image-wrap\"><img decoding=\"async\" title=\"Il y a au moins mille raisons de revenir rouler de ce c\u00f4t\u00e9. Et probablement d\u00e9j\u00e0 avant la fin de la saison.\" width=\"101\" height=\"57\" class=\"skip-lazy fg-image\" data-src-fg=\"https:\/\/alpavista.ch\/Alp11\/wp-content\/uploads\/cache\/Col_de_Mille_2025_1_035\/1589522504.png\" src=\"data:image\/svg+xml,%3Csvg%20xmlns%3D%22http%3A%2F%2Fwww.w3.org%2F2000%2Fsvg%22%20width%3D%22101%22%20height%3D%2257%22%20viewBox%3D%220%200%20101%2057%22%3E%3C%2Fsvg%3E\" loading=\"eager\"><\/span><span class=\"fg-image-overlay\"><\/span><\/a><figcaption class=\"fg-caption\"><div class=\"fg-caption-inner\"><div class=\"fg-caption-desc\">Il y a au moins mille raisons de revenir rouler de ce c\u00f4t\u00e9. Et probablement d\u00e9j\u00e0 avant la fin de la saison.<\/div><\/div><\/figcaption><\/figure><div class=\"fg-loader\"><\/div><\/div><\/div>\n\n<input class=\"fooboxshare_post_id\" type=\"hidden\" value=\"40774\"\/>","protected":false},"excerpt":{"rendered":"<p>Derni\u00e8re sortie d\u2019un mois de juin riche en kilom\u00e8tres, en d\u00e9nivel\u00e9 et en chaleur, le col de Mille postule chaque ann\u00e9e un peu plus au titre de centre de gravit\u00e9 de notre saison. En raison de sa situation g\u00e9ographique, proche de nos bases respectives, mais aussi, \u00e0 cause de sa topographie. Pos\u00e9 \u00e0 2&rsquo;471 m\u00e8tres d\u2019altitude, entre les communes de Liddes et de Bagnes, nous en roulons, la plupart du temps, son versant nord. Alors, d\u00e8s qu&rsquo;il est d\u00e9barrass\u00e9 de [&hellip;]<\/p>\n","protected":false},"author":2,"featured_media":40737,"comment_status":"open","ping_status":"open","sticky":false,"template":"","format":"standard","meta":{"footnotes":""},"categories":[658,4],"tags":[1079,3803,1240,1364,3829,2138,1558,1273,3804,1560,1241,1274,1651],"class_list":["post-40774","post","type-post","status-publish","format-standard","has-post-thumbnail","hentry","category-outdoor","category-vtt","tag-bagnes","tag-beutsons","tag-bruson","tag-col-de-mille","tag-la-cot","tag-mille","tag-moay","tag-mont-brule","tag-posodziet","tag-servay","tag-six-blanc","tag-tete-de-la-payanne","tag-tseppi"],"_links":{"self":[{"href":"https:\/\/alpavista.ch\/Alp11\/wp-json\/wp\/v2\/posts\/40774","targetHints":{"allow":["GET"]}}],"collection":[{"href":"https:\/\/alpavista.ch\/Alp11\/wp-json\/wp\/v2\/posts"}],"about":[{"href":"https:\/\/alpavista.ch\/Alp11\/wp-json\/wp\/v2\/types\/post"}],"author":[{"embeddable":true,"href":"https:\/\/alpavista.ch\/Alp11\/wp-json\/wp\/v2\/users\/2"}],"replies":[{"embeddable":true,"href":"https:\/\/alpavista.ch\/Alp11\/wp-json\/wp\/v2\/comments?post=40774"}],"version-history":[{"count":0,"href":"https:\/\/alpavista.ch\/Alp11\/wp-json\/wp\/v2\/posts\/40774\/revisions"}],"wp:featuredmedia":[{"embeddable":true,"href":"https:\/\/alpavista.ch\/Alp11\/wp-json\/wp\/v2\/media\/40737"}],"wp:attachment":[{"href":"https:\/\/alpavista.ch\/Alp11\/wp-json\/wp\/v2\/media?parent=40774"}],"wp:term":[{"taxonomy":"category","embeddable":true,"href":"https:\/\/alpavista.ch\/Alp11\/wp-json\/wp\/v2\/categories?post=40774"},{"taxonomy":"post_tag","embeddable":true,"href":"https:\/\/alpavista.ch\/Alp11\/wp-json\/wp\/v2\/tags?post=40774"}],"curies":[{"name":"wp","href":"https:\/\/api.w.org\/{rel}","templated":true}]}}