{"id":40878,"date":"2025-08-03T16:29:35","date_gmt":"2025-08-03T14:29:35","guid":{"rendered":"https:\/\/alpavista.ch\/Alp11\/?p=40878"},"modified":"2025-08-04T21:00:36","modified_gmt":"2025-08-04T19:00:36","slug":"mille-en-aout","status":"publish","type":"post","link":"https:\/\/alpavista.ch\/Alp11\/2025\/08\/03\/mille-en-aout\/","title":{"rendered":"Mille en ao\u00fbt"},"content":{"rendered":"<p>Certains d\u2019entre vous, cin\u00e9philes avertis, connaissent certainement le film de Louis Malle, \u00ab Milou en mai \u00bb. Eh bien, pour f\u00eater le retour de l\u2019\u00e9t\u00e9, de notre c\u00f4t\u00e9, nous avons entrepris de r\u00e9aliser \u00ab Mille en ao\u00fbt \u00bb. <\/p>\n<p>Apr\u00e8s un mois de juillet en dessous de tout, m\u00eame des fameuses normes climatiques, et qui s\u2019est r\u00e9guli\u00e8rement pris pour un mauvais octobre, remettant du m\u00eame coup un peu de calme \u00e0 l&#8217;emballement m\u00e9diatique engendr\u00e9 par les \u00ab caniculettes \u00bb du r\u00e9cent mois de juin, il \u00e9tait temps qu\u2019ao\u00fbt vienne enfin donner une deuxi\u00e8me vie \u00e0 cet \u00e9t\u00e9 d\u2019ores et d\u00e9j\u00e0 amput\u00e9 de son tiers.<br \/>\n<!--more--><\/p>\n<p>Pour plein de mauvaises raisons, notre premier et unique \u00ab Mille \u00bb de la saison n\u2019avait pas enti\u00e8rement r\u00e9pondu \u00e0 nos attentes. Indisponibilit\u00e9 pour les uns, itin\u00e9raire tronqu\u00e9 les autres, l\u2019id\u00e9e de remettre le couvert et le c\u00e9l\u00e8bre col au nom de nombre au centre de nos pr\u00e9occupations dominicales n\u2019a pas vraiment pein\u00e9 \u00e0 convaincre.<\/p>\n<p>Si l\u2019ascension de son fameux chemin \u00ab militaire \u00bb reste toujours un beau morceau de motivation et de technique VTT, que dire de sa descente ? Que sa succession de chemins postule clairement au titre de plus beaux \u00ab singles \u00bb des Alpes Valaisannes ? Surtout avec les modifications r\u00e9cemment apport\u00e9es dans le secteur de Momin. Que ses 2000 m\u00e8tres de d\u00e9nivel\u00e9 n\u00e9gatifs sont parmi les plus vari\u00e9s et les mieux entretenus de tout le Vieux-Pays ?<\/p>\n<p>On peut dire beaucoup de choses du Col de Mille, mais le mieux, reste encore d\u2019aller y rouler.<\/p>\n<style type=\"text\/css\">\n#foogallery-gallery-40877 .fg-image { width: 101px; }\n#foogallery-gallery-40877 { --fg-gutter: 1px; }<\/style>\n\t\t\t<div class=\"foogallery foogallery-container foogallery-default foogallery-lightbox-none fg-left fg-default fg-ready fg-light fg-loading-default fg-loaded-fade-in fg-preset fg-selena fg-preset-small fg-preset fg-selena fg-preset-small\" id=\"foogallery-gallery-40877\" data-foogallery=\"{&quot;item&quot;:{&quot;showCaptionTitle&quot;:false,&quot;showCaptionDescription&quot;:true},&quot;lazy&quot;:true,&quot;state&quot;:{&quot;enabled&quot;:true,&quot;mask&quot;:&quot;foogallery-{id}&quot;}}\" style=\"--fg-title-line-clamp: 0; --fg-description-line-clamp: 0;\" >\n\t<div class=\"fg-item fg-type-image fg-idle\"><figure class=\"fg-item-inner\"><a href=\"https:\/\/alpavista.ch\/Alp11\/wp-content\/uploads\/Col_de_Mille_2025_II_001.png\" data-caption-title=\"Flagrant d\u00e9lit de \u00ab gorettage \u00bb d&#039;\u00e9pingle ou entr\u00e9e dans le chemin des \u00c2nes comme tout le monde ? Les deux !\" data-caption-desc=\"Flagrant d\u00e9lit de \u00ab gorettage \u00bb d&#039;\u00e9pingle ou entr\u00e9e dans le chemin des \u00c2nes comme tout le monde ? Les deux !\" data-attachment-id=\"40849\" data-type=\"image\" class=\"fg-thumb\"><span class=\"fg-image-wrap\"><img decoding=\"async\" title=\"Flagrant d\u00e9lit de \u00ab gorettage \u00bb d&#039;\u00e9pingle ou entr\u00e9e dans le chemin des \u00c2nes comme tout le monde ? Les deux !\" width=\"101\" height=\"57\" class=\"skip-lazy fg-image\" data-src-fg=\"https:\/\/alpavista.ch\/Alp11\/wp-content\/uploads\/cache\/Col_de_Mille_2025_II_001\/606439774.png\" src=\"data:image\/svg+xml,%3Csvg%20xmlns%3D%22http%3A%2F%2Fwww.w3.org%2F2000%2Fsvg%22%20width%3D%22101%22%20height%3D%2257%22%20viewBox%3D%220%200%20101%2057%22%3E%3C%2Fsvg%3E\" loading=\"eager\"><\/span><span class=\"fg-image-overlay\"><\/span><\/a><figcaption class=\"fg-caption\"><div class=\"fg-caption-inner\"><div class=\"fg-caption-desc\">Flagrant d\u00e9lit de \u00ab gorettage \u00bb d'\u00e9pingle ou entr\u00e9e dans le chemin des \u00c2nes comme tout le monde ? Les deux !<\/div><\/div><\/figcaption><\/figure><div class=\"fg-loader\"><\/div><\/div><div class=\"fg-item fg-type-image fg-idle\"><figure class=\"fg-item-inner\"><a href=\"https:\/\/alpavista.ch\/Alp11\/wp-content\/uploads\/Col_de_Mille_2025_II_002.png\" data-caption-title=\"Le soleil est encore timide, l&#039;air frais et le terrain en phase d&#039;ass\u00e8chement : chronique d&#039;une nouvelle belle journ\u00e9e \u00ab sell\u00e9e \u00bb.\" data-caption-desc=\"Le soleil est encore timide, l&#039;air frais et le terrain en phase d&#039;ass\u00e8chement : chronique d&#039;une nouvelle belle journ\u00e9e \u00ab sell\u00e9e \u00bb.\" data-attachment-id=\"40850\" data-type=\"image\" class=\"fg-thumb\"><span class=\"fg-image-wrap\"><img decoding=\"async\" title=\"Le soleil est encore timide, l&#039;air frais et le terrain en phase d&#039;ass\u00e8chement : chronique d&#039;une nouvelle belle journ\u00e9e \u00ab sell\u00e9e \u00bb.\" width=\"101\" height=\"57\" class=\"skip-lazy fg-image\" data-src-fg=\"https:\/\/alpavista.ch\/Alp11\/wp-content\/uploads\/cache\/Col_de_Mille_2025_II_002\/3543581396.png\" src=\"data:image\/svg+xml,%3Csvg%20xmlns%3D%22http%3A%2F%2Fwww.w3.org%2F2000%2Fsvg%22%20width%3D%22101%22%20height%3D%2257%22%20viewBox%3D%220%200%20101%2057%22%3E%3C%2Fsvg%3E\" loading=\"eager\"><\/span><span class=\"fg-image-overlay\"><\/span><\/a><figcaption class=\"fg-caption\"><div class=\"fg-caption-inner\"><div class=\"fg-caption-desc\">Le soleil est encore timide, l'air frais et le terrain en phase d'ass\u00e8chement : chronique d'une nouvelle belle journ\u00e9e \u00ab sell\u00e9e \u00bb.<\/div><\/div><\/figcaption><\/figure><div class=\"fg-loader\"><\/div><\/div><div class=\"fg-item fg-type-image fg-idle\"><figure class=\"fg-item-inner\"><a href=\"https:\/\/alpavista.ch\/Alp11\/wp-content\/uploads\/Col_de_Mille_2025_II_003.png\" data-caption-title=\"La poussi\u00e8re de juin est oubli\u00e9e. Sa chaleur aussi.\" data-caption-desc=\"La poussi\u00e8re de juin est oubli\u00e9e. Sa chaleur aussi.\" data-attachment-id=\"40851\" data-type=\"image\" class=\"fg-thumb\"><span class=\"fg-image-wrap\"><img decoding=\"async\" title=\"La poussi\u00e8re de juin est oubli\u00e9e. Sa chaleur aussi.\" width=\"101\" height=\"57\" class=\"skip-lazy fg-image\" data-src-fg=\"https:\/\/alpavista.ch\/Alp11\/wp-content\/uploads\/cache\/Col_de_Mille_2025_II_003\/2008489733.png\" src=\"data:image\/svg+xml,%3Csvg%20xmlns%3D%22http%3A%2F%2Fwww.w3.org%2F2000%2Fsvg%22%20width%3D%22101%22%20height%3D%2257%22%20viewBox%3D%220%200%20101%2057%22%3E%3C%2Fsvg%3E\" loading=\"eager\"><\/span><span class=\"fg-image-overlay\"><\/span><\/a><figcaption class=\"fg-caption\"><div class=\"fg-caption-inner\"><div class=\"fg-caption-desc\">La poussi\u00e8re de juin est oubli\u00e9e. Sa chaleur aussi.<\/div><\/div><\/figcaption><\/figure><div class=\"fg-loader\"><\/div><\/div><div class=\"fg-item fg-type-image fg-idle\"><figure class=\"fg-item-inner\"><a href=\"https:\/\/alpavista.ch\/Alp11\/wp-content\/uploads\/Col_de_Mille_2025_II_004.png\" data-caption-title=\"Le chemin militaire du Mont-Br\u00fbl\u00e9, ni balis\u00e9, ni entretenu, mais de plus en plus fr\u00e9quent\u00e9, surtout par les \u00ab assist\u00e9s \u00bb, pour qui sa remont\u00e9e reste accessible.\" data-caption-desc=\"Le chemin militaire du Mont-Br\u00fbl\u00e9, ni balis\u00e9, ni entretenu, mais de plus en plus fr\u00e9quent\u00e9, surtout par les \u00ab assist\u00e9s \u00bb, pour qui sa remont\u00e9e reste accessible.\" data-attachment-id=\"40852\" data-type=\"image\" class=\"fg-thumb\"><span class=\"fg-image-wrap\"><img decoding=\"async\" title=\"Le chemin militaire du Mont-Br\u00fbl\u00e9, ni balis\u00e9, ni entretenu, mais de plus en plus fr\u00e9quent\u00e9, surtout par les \u00ab assist\u00e9s \u00bb, pour qui sa remont\u00e9e reste accessible.\" width=\"101\" height=\"57\" class=\"skip-lazy fg-image\" data-src-fg=\"https:\/\/alpavista.ch\/Alp11\/wp-content\/uploads\/cache\/Col_de_Mille_2025_II_004\/3306058189.png\" src=\"data:image\/svg+xml,%3Csvg%20xmlns%3D%22http%3A%2F%2Fwww.w3.org%2F2000%2Fsvg%22%20width%3D%22101%22%20height%3D%2257%22%20viewBox%3D%220%200%20101%2057%22%3E%3C%2Fsvg%3E\" loading=\"eager\"><\/span><span class=\"fg-image-overlay\"><\/span><\/a><figcaption class=\"fg-caption\"><div class=\"fg-caption-inner\"><div class=\"fg-caption-desc\">Le chemin militaire du Mont-Br\u00fbl\u00e9, ni balis\u00e9, ni entretenu, mais de plus en plus fr\u00e9quent\u00e9, surtout par les \u00ab assist\u00e9s \u00bb, pour qui sa remont\u00e9e reste accessible.<\/div><\/div><\/figcaption><\/figure><div class=\"fg-loader\"><\/div><\/div><div class=\"fg-item fg-type-image fg-idle\"><figure class=\"fg-item-inner\"><a href=\"https:\/\/alpavista.ch\/Alp11\/wp-content\/uploads\/Col_de_Mille_2025_II_005.png\" data-caption-title=\"Accessible, mais pas toujours donn\u00e9e. Oh hisse ! Poser devant le plus beau village de la vall\u00e9e, \u00e7a se m\u00e9rite.\" data-caption-desc=\"Accessible, mais pas toujours donn\u00e9e. Oh hisse ! Poser devant le plus beau village de la vall\u00e9e, \u00e7a se m\u00e9rite.\" data-attachment-id=\"40853\" data-type=\"image\" class=\"fg-thumb\"><span class=\"fg-image-wrap\"><img decoding=\"async\" title=\"Accessible, mais pas toujours donn\u00e9e. Oh hisse ! Poser devant le plus beau village de la vall\u00e9e, \u00e7a se m\u00e9rite.\" width=\"101\" height=\"57\" class=\"skip-lazy fg-image\" data-src-fg=\"https:\/\/alpavista.ch\/Alp11\/wp-content\/uploads\/cache\/Col_de_Mille_2025_II_005\/1636805660.png\" src=\"data:image\/svg+xml,%3Csvg%20xmlns%3D%22http%3A%2F%2Fwww.w3.org%2F2000%2Fsvg%22%20width%3D%22101%22%20height%3D%2257%22%20viewBox%3D%220%200%20101%2057%22%3E%3C%2Fsvg%3E\" loading=\"eager\"><\/span><span class=\"fg-image-overlay\"><\/span><\/a><figcaption class=\"fg-caption\"><div class=\"fg-caption-inner\"><div class=\"fg-caption-desc\">Accessible, mais pas toujours donn\u00e9e. Oh hisse ! Poser devant le plus beau village de la vall\u00e9e, \u00e7a se m\u00e9rite.<\/div><\/div><\/figcaption><\/figure><div class=\"fg-loader\"><\/div><\/div><div class=\"fg-item fg-type-image fg-idle\"><figure class=\"fg-item-inner\"><a href=\"https:\/\/alpavista.ch\/Alp11\/wp-content\/uploads\/Col_de_Mille_2025_II_006.png\" data-caption-title=\"Apr\u00e8s chaque lacet pass\u00e9, ou rat\u00e9, il faut \u00ab d\u00e9pulser \u00bb,  faire le point puis se reconcentrer sur la suite.\" data-caption-desc=\"Apr\u00e8s chaque lacet pass\u00e9, ou rat\u00e9, il faut \u00ab d\u00e9pulser \u00bb,  faire le point puis se reconcentrer sur la suite.\" data-attachment-id=\"40854\" data-type=\"image\" class=\"fg-thumb\"><span class=\"fg-image-wrap\"><img decoding=\"async\" title=\"Apr\u00e8s chaque lacet pass\u00e9, ou rat\u00e9, il faut \u00ab d\u00e9pulser \u00bb,  faire le point puis se reconcentrer sur la suite.\" width=\"101\" height=\"57\" class=\"skip-lazy fg-image\" data-src-fg=\"https:\/\/alpavista.ch\/Alp11\/wp-content\/uploads\/cache\/Col_de_Mille_2025_II_006\/748863315.png\" src=\"data:image\/svg+xml,%3Csvg%20xmlns%3D%22http%3A%2F%2Fwww.w3.org%2F2000%2Fsvg%22%20width%3D%22101%22%20height%3D%2257%22%20viewBox%3D%220%200%20101%2057%22%3E%3C%2Fsvg%3E\" loading=\"eager\"><\/span><span class=\"fg-image-overlay\"><\/span><\/a><figcaption class=\"fg-caption\"><div class=\"fg-caption-inner\"><div class=\"fg-caption-desc\">Apr\u00e8s chaque lacet pass\u00e9, ou rat\u00e9, il faut \u00ab d\u00e9pulser \u00bb,  faire le point puis se reconcentrer sur la suite.<\/div><\/div><\/figcaption><\/figure><div class=\"fg-loader\"><\/div><\/div><div class=\"fg-item fg-type-image fg-idle\"><figure class=\"fg-item-inner\"><a href=\"https:\/\/alpavista.ch\/Alp11\/wp-content\/uploads\/Col_de_Mille_2025_II_007.png\" data-caption-title=\"Fr\u00f4ler n&#039;est pas toucher. Et friser, c&#039;est quand m\u00eame passer.\" data-caption-desc=\"Fr\u00f4ler n&#039;est pas toucher. Et friser, c&#039;est quand m\u00eame passer.\" data-attachment-id=\"40855\" data-type=\"image\" class=\"fg-thumb\"><span class=\"fg-image-wrap\"><img decoding=\"async\" title=\"Fr\u00f4ler n&#039;est pas toucher. Et friser, c&#039;est quand m\u00eame passer.\" width=\"101\" height=\"57\" class=\"skip-lazy fg-image\" data-src-fg=\"https:\/\/alpavista.ch\/Alp11\/wp-content\/uploads\/cache\/Col_de_Mille_2025_II_007\/2284020354.png\" src=\"data:image\/svg+xml,%3Csvg%20xmlns%3D%22http%3A%2F%2Fwww.w3.org%2F2000%2Fsvg%22%20width%3D%22101%22%20height%3D%2257%22%20viewBox%3D%220%200%20101%2057%22%3E%3C%2Fsvg%3E\" loading=\"eager\"><\/span><span class=\"fg-image-overlay\"><\/span><\/a><figcaption class=\"fg-caption\"><div class=\"fg-caption-inner\"><div class=\"fg-caption-desc\">Fr\u00f4ler n'est pas toucher. Et friser, c'est quand m\u00eame passer.<\/div><\/div><\/figcaption><\/figure><div class=\"fg-loader\"><\/div><\/div><div class=\"fg-item fg-type-image fg-idle\"><figure class=\"fg-item-inner\"><a href=\"https:\/\/alpavista.ch\/Alp11\/wp-content\/uploads\/Col_de_Mille_2025_II_008.png\" data-caption-title=\"Tous les lacets \u00ab militaires \u00bb sont \u00e0 tenter. Mais tous les \u00ab sortir \u00bb reste une gageure.\" data-caption-desc=\"Tous les lacets \u00ab militaires \u00bb sont \u00e0 tenter. Mais tous les \u00ab sortir \u00bb reste une gageure.\" data-attachment-id=\"40856\" data-type=\"image\" class=\"fg-thumb\"><span class=\"fg-image-wrap\"><img decoding=\"async\" title=\"Tous les lacets \u00ab militaires \u00bb sont \u00e0 tenter. Mais tous les \u00ab sortir \u00bb reste une gageure.\" width=\"101\" height=\"57\" class=\"skip-lazy fg-image\" data-src-fg=\"https:\/\/alpavista.ch\/Alp11\/wp-content\/uploads\/cache\/Col_de_Mille_2025_II_008\/3917420543.png\" src=\"data:image\/svg+xml,%3Csvg%20xmlns%3D%22http%3A%2F%2Fwww.w3.org%2F2000%2Fsvg%22%20width%3D%22101%22%20height%3D%2257%22%20viewBox%3D%220%200%20101%2057%22%3E%3C%2Fsvg%3E\" loading=\"eager\"><\/span><span class=\"fg-image-overlay\"><\/span><\/a><figcaption class=\"fg-caption\"><div class=\"fg-caption-inner\"><div class=\"fg-caption-desc\">Tous les lacets \u00ab militaires \u00bb sont \u00e0 tenter. Mais tous les \u00ab sortir \u00bb reste une gageure.<\/div><\/div><\/figcaption><\/figure><div class=\"fg-loader\"><\/div><\/div><div class=\"fg-item fg-type-image fg-idle\"><figure class=\"fg-item-inner\"><a href=\"https:\/\/alpavista.ch\/Alp11\/wp-content\/uploads\/Col_de_Mille_2025_II_009.png\" data-caption-title=\"Quand la derni\u00e8re transition \u00e0 flanc du Mont-Br\u00fbl\u00e9 vient enfin calmer le jeu, c&#039;est qu&#039;il est temps de respirer \u00e0 nouveau.\" data-caption-desc=\"Quand la derni\u00e8re transition \u00e0 flanc du Mont-Br\u00fbl\u00e9 vient enfin calmer le jeu, c&#039;est qu&#039;il est temps de respirer \u00e0 nouveau.\" data-attachment-id=\"40857\" data-type=\"image\" class=\"fg-thumb\"><span class=\"fg-image-wrap\"><img decoding=\"async\" title=\"Quand la derni\u00e8re transition \u00e0 flanc du Mont-Br\u00fbl\u00e9 vient enfin calmer le jeu, c&#039;est qu&#039;il est temps de respirer \u00e0 nouveau.\" width=\"101\" height=\"57\" class=\"skip-lazy fg-image\" data-src-fg=\"https:\/\/alpavista.ch\/Alp11\/wp-content\/uploads\/cache\/Col_de_Mille_2025_II_009\/1308543534.png\" src=\"data:image\/svg+xml,%3Csvg%20xmlns%3D%22http%3A%2F%2Fwww.w3.org%2F2000%2Fsvg%22%20width%3D%22101%22%20height%3D%2257%22%20viewBox%3D%220%200%20101%2057%22%3E%3C%2Fsvg%3E\" loading=\"eager\"><\/span><span class=\"fg-image-overlay\"><\/span><\/a><figcaption class=\"fg-caption\"><div class=\"fg-caption-inner\"><div class=\"fg-caption-desc\">Quand la derni\u00e8re transition \u00e0 flanc du Mont-Br\u00fbl\u00e9 vient enfin calmer le jeu, c'est qu'il est temps de respirer \u00e0 nouveau.<\/div><\/div><\/figcaption><\/figure><div class=\"fg-loader\"><\/div><\/div><div class=\"fg-item fg-type-image fg-idle\"><figure class=\"fg-item-inner\"><a href=\"https:\/\/alpavista.ch\/Alp11\/wp-content\/uploads\/Col_de_Mille_2025_II_010.png\" data-caption-title=\"Juillet 2025 en image : froid, gris, humide, brumeux et neigeux en altitude. Ao\u00fbt, pour le moment, peine \u00e0 inverser la tendance.\" data-caption-desc=\"Juillet 2025 en image : froid, gris, humide, brumeux et neigeux en altitude. Ao\u00fbt, pour le moment, peine \u00e0 inverser la tendance.\" data-attachment-id=\"40858\" data-type=\"image\" class=\"fg-thumb\"><span class=\"fg-image-wrap\"><img decoding=\"async\" title=\"Juillet 2025 en image : froid, gris, humide, brumeux et neigeux en altitude. Ao\u00fbt, pour le moment, peine \u00e0 inverser la tendance.\" width=\"101\" height=\"57\" class=\"skip-lazy fg-image\" data-src-fg=\"https:\/\/alpavista.ch\/Alp11\/wp-content\/uploads\/cache\/Col_de_Mille_2025_II_010\/1909733136.png\" src=\"data:image\/svg+xml,%3Csvg%20xmlns%3D%22http%3A%2F%2Fwww.w3.org%2F2000%2Fsvg%22%20width%3D%22101%22%20height%3D%2257%22%20viewBox%3D%220%200%20101%2057%22%3E%3C%2Fsvg%3E\" loading=\"eager\"><\/span><span class=\"fg-image-overlay\"><\/span><\/a><figcaption class=\"fg-caption\"><div class=\"fg-caption-inner\"><div class=\"fg-caption-desc\">Juillet 2025 en image : froid, gris, humide, brumeux et neigeux en altitude. Ao\u00fbt, pour le moment, peine \u00e0 inverser la tendance.<\/div><\/div><\/figcaption><\/figure><div class=\"fg-loader\"><\/div><\/div><div class=\"fg-item fg-type-image fg-idle\"><figure class=\"fg-item-inner\"><a href=\"https:\/\/alpavista.ch\/Alp11\/wp-content\/uploads\/Col_de_Mille_2025_II_011.png\" data-caption-title=\"La pause caf\u00e9ine n&#039;est d\u00e9sormais plus qu&#039;\u00e0 quelques tours de roues.\" data-caption-desc=\"La pause caf\u00e9ine n&#039;est d\u00e9sormais plus qu&#039;\u00e0 quelques tours de roues.\" data-attachment-id=\"40859\" data-type=\"image\" class=\"fg-thumb\"><span class=\"fg-image-wrap\"><img decoding=\"async\" title=\"La pause caf\u00e9ine n&#039;est d\u00e9sormais plus qu&#039;\u00e0 quelques tours de roues.\" width=\"101\" height=\"57\" class=\"skip-lazy fg-image\" data-src-fg=\"https:\/\/alpavista.ch\/Alp11\/wp-content\/uploads\/cache\/Col_de_Mille_2025_II_011\/3579177665.png\" src=\"data:image\/svg+xml,%3Csvg%20xmlns%3D%22http%3A%2F%2Fwww.w3.org%2F2000%2Fsvg%22%20width%3D%22101%22%20height%3D%2257%22%20viewBox%3D%220%200%20101%2057%22%3E%3C%2Fsvg%3E\" loading=\"eager\"><\/span><span class=\"fg-image-overlay\"><\/span><\/a><figcaption class=\"fg-caption\"><div class=\"fg-caption-inner\"><div class=\"fg-caption-desc\">La pause caf\u00e9ine n'est d\u00e9sormais plus qu'\u00e0 quelques tours de roues.<\/div><\/div><\/figcaption><\/figure><div class=\"fg-loader\"><\/div><\/div><div class=\"fg-item fg-type-image fg-idle\"><figure class=\"fg-item-inner\"><a href=\"https:\/\/alpavista.ch\/Alp11\/wp-content\/uploads\/Col_de_Mille_2025_II_012.png\" data-caption-title=\"Le chemin des Oujets : une appellation improbable pour un monotrace plus que divin.\" data-caption-desc=\"Le chemin des Oujets : une appellation improbable pour un monotrace plus que divin.\" data-attachment-id=\"40860\" data-type=\"image\" class=\"fg-thumb\"><span class=\"fg-image-wrap\"><img decoding=\"async\" title=\"Le chemin des Oujets : une appellation improbable pour un monotrace plus que divin.\" width=\"101\" height=\"57\" class=\"skip-lazy fg-image\" data-src-fg=\"https:\/\/alpavista.ch\/Alp11\/wp-content\/uploads\/cache\/Col_de_Mille_2025_II_012\/891373746.png\" src=\"data:image\/svg+xml,%3Csvg%20xmlns%3D%22http%3A%2F%2Fwww.w3.org%2F2000%2Fsvg%22%20width%3D%22101%22%20height%3D%2257%22%20viewBox%3D%220%200%20101%2057%22%3E%3C%2Fsvg%3E\" loading=\"eager\"><\/span><span class=\"fg-image-overlay\"><\/span><\/a><figcaption class=\"fg-caption\"><div class=\"fg-caption-inner\"><div class=\"fg-caption-desc\">Le chemin des Oujets : une appellation improbable pour un monotrace plus que divin.<\/div><\/div><\/figcaption><\/figure><div class=\"fg-loader\"><\/div><\/div><div class=\"fg-item fg-type-image fg-idle\"><figure class=\"fg-item-inner\"><a href=\"https:\/\/alpavista.ch\/Alp11\/wp-content\/uploads\/Col_de_Mille_2025_II_013.png\" data-caption-title=\"Les \u00ab petits basques \u00bb peuvent y d\u00e9ployer toutes leurs aptitudes : maniabilit\u00e9, facilit\u00e9, l\u00e9g\u00e8ret\u00e9.\" data-caption-desc=\"Les \u00ab petits basques \u00bb peuvent y d\u00e9ployer toutes leurs aptitudes : maniabilit\u00e9, facilit\u00e9, l\u00e9g\u00e8ret\u00e9.\" data-attachment-id=\"40861\" data-type=\"image\" class=\"fg-thumb\"><span class=\"fg-image-wrap\"><img decoding=\"async\" title=\"Les \u00ab petits basques \u00bb peuvent y d\u00e9ployer toutes leurs aptitudes : maniabilit\u00e9, facilit\u00e9, l\u00e9g\u00e8ret\u00e9.\" width=\"101\" height=\"57\" class=\"skip-lazy fg-image\" data-src-fg=\"https:\/\/alpavista.ch\/Alp11\/wp-content\/uploads\/cache\/Col_de_Mille_2025_II_013\/2443220323.png\" src=\"data:image\/svg+xml,%3Csvg%20xmlns%3D%22http%3A%2F%2Fwww.w3.org%2F2000%2Fsvg%22%20width%3D%22101%22%20height%3D%2257%22%20viewBox%3D%220%200%20101%2057%22%3E%3C%2Fsvg%3E\" loading=\"eager\"><\/span><span class=\"fg-image-overlay\"><\/span><\/a><figcaption class=\"fg-caption\"><div class=\"fg-caption-inner\"><div class=\"fg-caption-desc\">Les \u00ab petits basques \u00bb peuvent y d\u00e9ployer toutes leurs aptitudes : maniabilit\u00e9, facilit\u00e9, l\u00e9g\u00e8ret\u00e9.<\/div><\/div><\/figcaption><\/figure><div class=\"fg-loader\"><\/div><\/div><div class=\"fg-item fg-type-image fg-idle\"><figure class=\"fg-item-inner\"><a href=\"https:\/\/alpavista.ch\/Alp11\/wp-content\/uploads\/Col_de_Mille_2025_II_014.png\" data-caption-title=\"Ici plus qu&#039;ailleurs, au guidon du Rise, tout parait plus simple.\" data-caption-desc=\"Ici plus qu&#039;ailleurs, au guidon du Rise, tout parait plus simple.\" data-attachment-id=\"40862\" data-type=\"image\" class=\"fg-thumb\"><span class=\"fg-image-wrap\"><img decoding=\"async\" title=\"Ici plus qu&#039;ailleurs, au guidon du Rise, tout parait plus simple.\" width=\"101\" height=\"57\" class=\"skip-lazy fg-image\" data-src-fg=\"https:\/\/alpavista.ch\/Alp11\/wp-content\/uploads\/cache\/Col_de_Mille_2025_II_014\/588905387.png\" src=\"data:image\/svg+xml,%3Csvg%20xmlns%3D%22http%3A%2F%2Fwww.w3.org%2F2000%2Fsvg%22%20width%3D%22101%22%20height%3D%2257%22%20viewBox%3D%220%200%20101%2057%22%3E%3C%2Fsvg%3E\" loading=\"eager\"><\/span><span class=\"fg-image-overlay\"><\/span><\/a><figcaption class=\"fg-caption\"><div class=\"fg-caption-inner\"><div class=\"fg-caption-desc\">Ici plus qu'ailleurs, au guidon du Rise, tout parait plus simple.<\/div><\/div><\/figcaption><\/figure><div class=\"fg-loader\"><\/div><\/div><div class=\"fg-item fg-type-image fg-idle\"><figure class=\"fg-item-inner\"><a href=\"https:\/\/alpavista.ch\/Alp11\/wp-content\/uploads\/Col_de_Mille_2025_II_015.png\" data-caption-title=\"La moraine la plus photographi\u00e9e du Valais voit sa cr\u00eate, peu \u00e0 peu, s&#039;\u00e9roder. Pilotage de bourrins et gros freinages alimentent les vid\u00e9os mais d\u00e9truisent les chemins.\" data-caption-desc=\"La moraine la plus photographi\u00e9e du Valais voit sa cr\u00eate, peu \u00e0 peu, s&#039;\u00e9roder. Pilotage de bourrins et gros freinages alimentent les vid\u00e9os mais d\u00e9truisent les chemins.\" data-attachment-id=\"40863\" data-type=\"image\" class=\"fg-thumb\"><span class=\"fg-image-wrap\"><img decoding=\"async\" title=\"La moraine la plus photographi\u00e9e du Valais voit sa cr\u00eate, peu \u00e0 peu, s&#039;\u00e9roder. Pilotage de bourrins et gros freinages alimentent les vid\u00e9os mais d\u00e9truisent les chemins.\" width=\"101\" height=\"57\" class=\"skip-lazy fg-image\" data-src-fg=\"https:\/\/alpavista.ch\/Alp11\/wp-content\/uploads\/cache\/Col_de_Mille_2025_II_015\/2274895482.png\" src=\"data:image\/svg+xml,%3Csvg%20xmlns%3D%22http%3A%2F%2Fwww.w3.org%2F2000%2Fsvg%22%20width%3D%22101%22%20height%3D%2257%22%20viewBox%3D%220%200%20101%2057%22%3E%3C%2Fsvg%3E\" loading=\"eager\"><\/span><span class=\"fg-image-overlay\"><\/span><\/a><figcaption class=\"fg-caption\"><div class=\"fg-caption-inner\"><div class=\"fg-caption-desc\">La moraine la plus photographi\u00e9e du Valais voit sa cr\u00eate, peu \u00e0 peu, s'\u00e9roder. Pilotage de bourrins et gros freinages alimentent les vid\u00e9os mais d\u00e9truisent les chemins.<\/div><\/div><\/figcaption><\/figure><div class=\"fg-loader\"><\/div><\/div><div class=\"fg-item fg-type-image fg-idle\"><figure class=\"fg-item-inner\"><a href=\"https:\/\/alpavista.ch\/Alp11\/wp-content\/uploads\/Col_de_Mille_2025_II_016.png\" data-caption-title=\"De la cr\u00eate au pr\u00e9, il n&#039;y a qu&#039;un dernier virage \u00e0 facile \u00e0 n\u00e9gocier.\" data-caption-desc=\"De la cr\u00eate au pr\u00e9, il n&#039;y a qu&#039;un dernier virage \u00e0 facile \u00e0 n\u00e9gocier.\" data-attachment-id=\"40864\" data-type=\"image\" class=\"fg-thumb\"><span class=\"fg-image-wrap\"><img decoding=\"async\" title=\"De la cr\u00eate au pr\u00e9, il n&#039;y a qu&#039;un dernier virage \u00e0 facile \u00e0 n\u00e9gocier.\" width=\"101\" height=\"57\" class=\"skip-lazy fg-image\" data-src-fg=\"https:\/\/alpavista.ch\/Alp11\/wp-content\/uploads\/cache\/Col_de_Mille_2025_II_016\/3400873269.png\" src=\"data:image\/svg+xml,%3Csvg%20xmlns%3D%22http%3A%2F%2Fwww.w3.org%2F2000%2Fsvg%22%20width%3D%22101%22%20height%3D%2257%22%20viewBox%3D%220%200%20101%2057%22%3E%3C%2Fsvg%3E\" loading=\"eager\"><\/span><span class=\"fg-image-overlay\"><\/span><\/a><figcaption class=\"fg-caption\"><div class=\"fg-caption-inner\"><div class=\"fg-caption-desc\">De la cr\u00eate au pr\u00e9, il n'y a qu'un dernier virage \u00e0 facile \u00e0 n\u00e9gocier.<\/div><\/div><\/figcaption><\/figure><div class=\"fg-loader\"><\/div><\/div><div class=\"fg-item fg-type-image fg-idle\"><figure class=\"fg-item-inner\"><a href=\"https:\/\/alpavista.ch\/Alp11\/wp-content\/uploads\/Col_de_Mille_2025_II_017.png\" data-caption-title=\"L&#039;incroyable floraison de juin n&#039;est d\u00e9sormais plus qu&#039;un souvenir et les fleurs qui aimaient les soleil ont maintenant d\u00e9sert\u00e9 les p\u00e2turages, apr\u00e8s ce mauvais juillet.\" data-caption-desc=\"L&#039;incroyable floraison de juin n&#039;est d\u00e9sormais plus qu&#039;un souvenir et les fleurs qui aimaient les soleil ont maintenant d\u00e9sert\u00e9 les p\u00e2turages, apr\u00e8s ce mauvais juillet.\" data-attachment-id=\"40865\" data-type=\"image\" class=\"fg-thumb\"><span class=\"fg-image-wrap\"><img decoding=\"async\" title=\"L&#039;incroyable floraison de juin n&#039;est d\u00e9sormais plus qu&#039;un souvenir et les fleurs qui aimaient les soleil ont maintenant d\u00e9sert\u00e9 les p\u00e2turages, apr\u00e8s ce mauvais juillet.\" width=\"101\" height=\"57\" class=\"skip-lazy fg-image\" data-src-fg=\"https:\/\/alpavista.ch\/Alp11\/wp-content\/uploads\/cache\/Col_de_Mille_2025_II_017\/1848961252.png\" src=\"data:image\/svg+xml,%3Csvg%20xmlns%3D%22http%3A%2F%2Fwww.w3.org%2F2000%2Fsvg%22%20width%3D%22101%22%20height%3D%2257%22%20viewBox%3D%220%200%20101%2057%22%3E%3C%2Fsvg%3E\" loading=\"eager\"><\/span><span class=\"fg-image-overlay\"><\/span><\/a><figcaption class=\"fg-caption\"><div class=\"fg-caption-inner\"><div class=\"fg-caption-desc\">L'incroyable floraison de juin n'est d\u00e9sormais plus qu'un souvenir et les fleurs qui aimaient les soleil ont maintenant d\u00e9sert\u00e9 les p\u00e2turages, apr\u00e8s ce mauvais juillet.<\/div><\/div><\/figcaption><\/figure><div class=\"fg-loader\"><\/div><\/div><div class=\"fg-item fg-type-image fg-idle\"><figure class=\"fg-item-inner\"><a href=\"https:\/\/alpavista.ch\/Alp11\/wp-content\/uploads\/Col_de_Mille_2025_II_018.png\" data-caption-title=\"Le grand bleu n&#039;est clairement pas encore au rendez vous. La chaleur estivale, non plus. Ou quand l&#039;inf\u00e2me juillet 2025 d\u00e9borde sur ao\u00fbt.\" data-caption-desc=\"Le grand bleu n&#039;est clairement pas encore au rendez vous. La chaleur estivale, non plus. Ou quand l&#039;inf\u00e2me juillet 2025 d\u00e9borde sur ao\u00fbt.\" data-attachment-id=\"40866\" data-type=\"image\" class=\"fg-thumb\"><span class=\"fg-image-wrap\"><img decoding=\"async\" title=\"Le grand bleu n&#039;est clairement pas encore au rendez vous. La chaleur estivale, non plus. Ou quand l&#039;inf\u00e2me juillet 2025 d\u00e9borde sur ao\u00fbt.\" width=\"101\" height=\"57\" class=\"skip-lazy fg-image\" data-src-fg=\"https:\/\/alpavista.ch\/Alp11\/wp-content\/uploads\/cache\/Col_de_Mille_2025_II_018\/258514329.png\" src=\"data:image\/svg+xml,%3Csvg%20xmlns%3D%22http%3A%2F%2Fwww.w3.org%2F2000%2Fsvg%22%20width%3D%22101%22%20height%3D%2257%22%20viewBox%3D%220%200%20101%2057%22%3E%3C%2Fsvg%3E\" loading=\"eager\"><\/span><span class=\"fg-image-overlay\"><\/span><\/a><figcaption class=\"fg-caption\"><div class=\"fg-caption-inner\"><div class=\"fg-caption-desc\">Le grand bleu n'est clairement pas encore au rendez vous. La chaleur estivale, non plus. Ou quand l'inf\u00e2me juillet 2025 d\u00e9borde sur ao\u00fbt.<\/div><\/div><\/figcaption><\/figure><div class=\"fg-loader\"><\/div><\/div><div class=\"fg-item fg-type-image fg-idle\"><figure class=\"fg-item-inner\"><a href=\"https:\/\/alpavista.ch\/Alp11\/wp-content\/uploads\/Col_de_Mille_2025_II_019.png\" data-caption-title=\"Croisement risqu\u00e9sen vue. Si un des deux bovid\u00e9s couch\u00e9s d\u00e9cide de se lever, c&#039;est la collision et la gamelle assur\u00e9e.\" data-caption-desc=\"Croisement risqu\u00e9sen vue. Si un des deux bovid\u00e9s couch\u00e9s d\u00e9cide de se lever, c&#039;est la collision et la gamelle assur\u00e9e.\" data-attachment-id=\"40867\" data-type=\"image\" class=\"fg-thumb\"><span class=\"fg-image-wrap\"><img decoding=\"async\" title=\"Croisement risqu\u00e9sen vue. Si un des deux bovid\u00e9s couch\u00e9s d\u00e9cide de se lever, c&#039;est la collision et la gamelle assur\u00e9e.\" width=\"101\" height=\"57\" class=\"skip-lazy fg-image\" data-src-fg=\"https:\/\/alpavista.ch\/Alp11\/wp-content\/uploads\/cache\/Col_de_Mille_2025_II_019\/2884190280.png\" src=\"data:image\/svg+xml,%3Csvg%20xmlns%3D%22http%3A%2F%2Fwww.w3.org%2F2000%2Fsvg%22%20width%3D%22101%22%20height%3D%2257%22%20viewBox%3D%220%200%20101%2057%22%3E%3C%2Fsvg%3E\" loading=\"eager\"><\/span><span class=\"fg-image-overlay\"><\/span><\/a><figcaption class=\"fg-caption\"><div class=\"fg-caption-inner\"><div class=\"fg-caption-desc\">Croisement risqu\u00e9sen vue. Si un des deux bovid\u00e9s couch\u00e9s d\u00e9cide de se lever, c'est la collision et la gamelle assur\u00e9e.<\/div><\/div><\/figcaption><\/figure><div class=\"fg-loader\"><\/div><\/div><div class=\"fg-item fg-type-image fg-idle\"><figure class=\"fg-item-inner\"><a href=\"https:\/\/alpavista.ch\/Alp11\/wp-content\/uploads\/Col_de_Mille_2025_II_020.png\" data-caption-title=\"La remont\u00e9e vers Servay : la derni\u00e8re ascension de l&#039;itin\u00e9raire est aussi la plus joueuse et gratifiante.\" data-caption-desc=\"La remont\u00e9e vers Servay : la derni\u00e8re ascension de l&#039;itin\u00e9raire est aussi la plus joueuse et gratifiante.\" data-attachment-id=\"40868\" data-type=\"image\" class=\"fg-thumb\"><span class=\"fg-image-wrap\"><img decoding=\"async\" title=\"La remont\u00e9e vers Servay : la derni\u00e8re ascension de l&#039;itin\u00e9raire est aussi la plus joueuse et gratifiante.\" width=\"101\" height=\"57\" class=\"skip-lazy fg-image\" data-src-fg=\"https:\/\/alpavista.ch\/Alp11\/wp-content\/uploads\/cache\/Col_de_Mille_2025_II_020\/3107296752.png\" src=\"data:image\/svg+xml,%3Csvg%20xmlns%3D%22http%3A%2F%2Fwww.w3.org%2F2000%2Fsvg%22%20width%3D%22101%22%20height%3D%2257%22%20viewBox%3D%220%200%20101%2057%22%3E%3C%2Fsvg%3E\" loading=\"eager\"><\/span><span class=\"fg-image-overlay\"><\/span><\/a><figcaption class=\"fg-caption\"><div class=\"fg-caption-inner\"><div class=\"fg-caption-desc\">La remont\u00e9e vers Servay : la derni\u00e8re ascension de l'itin\u00e9raire est aussi la plus joueuse et gratifiante.<\/div><\/div><\/figcaption><\/figure><div class=\"fg-loader\"><\/div><\/div><div class=\"fg-item fg-type-image fg-idle\"><figure class=\"fg-item-inner\"><a href=\"https:\/\/alpavista.ch\/Alp11\/wp-content\/uploads\/Col_de_Mille_2025_II_021.png\" data-caption-title=\"Et son rocher final, toujours aussi photog\u00e9nique.\" data-caption-desc=\"Et son rocher final, toujours aussi photog\u00e9nique.\" data-attachment-id=\"40869\" data-type=\"image\" class=\"fg-thumb\"><span class=\"fg-image-wrap\"><img decoding=\"async\" title=\"Et son rocher final, toujours aussi photog\u00e9nique.\" width=\"101\" height=\"57\" class=\"skip-lazy fg-image\" data-src-fg=\"https:\/\/alpavista.ch\/Alp11\/wp-content\/uploads\/cache\/Col_de_Mille_2025_II_021\/498354209.png\" src=\"data:image\/svg+xml,%3Csvg%20xmlns%3D%22http%3A%2F%2Fwww.w3.org%2F2000%2Fsvg%22%20width%3D%22101%22%20height%3D%2257%22%20viewBox%3D%220%200%20101%2057%22%3E%3C%2Fsvg%3E\" loading=\"eager\"><\/span><span class=\"fg-image-overlay\"><\/span><\/a><figcaption class=\"fg-caption\"><div class=\"fg-caption-inner\"><div class=\"fg-caption-desc\">Et son rocher final, toujours aussi photog\u00e9nique.<\/div><\/div><\/figcaption><\/figure><div class=\"fg-loader\"><\/div><\/div><div class=\"fg-item fg-type-image fg-idle\"><figure class=\"fg-item-inner\"><a href=\"https:\/\/alpavista.ch\/Alp11\/wp-content\/uploads\/Col_de_Mille_2025_II_022.png\" data-caption-title=\"Le \u00ab U-turn \u00bb qui va bien, direction, les \u00ab Beutzons \u00bb\" data-caption-desc=\"Le \u00ab U-turn \u00bb qui va bien, direction, les \u00ab Beutzons \u00bb\" data-attachment-id=\"40870\" data-type=\"image\" class=\"fg-thumb\"><span class=\"fg-image-wrap\"><img decoding=\"async\" title=\"Le \u00ab U-turn \u00bb qui va bien, direction, les \u00ab Beutzons \u00bb\" width=\"101\" height=\"57\" class=\"skip-lazy fg-image\" data-src-fg=\"https:\/\/alpavista.ch\/Alp11\/wp-content\/uploads\/cache\/Col_de_Mille_2025_II_022\/3936813995.png\" src=\"data:image\/svg+xml,%3Csvg%20xmlns%3D%22http%3A%2F%2Fwww.w3.org%2F2000%2Fsvg%22%20width%3D%22101%22%20height%3D%2257%22%20viewBox%3D%220%200%20101%2057%22%3E%3C%2Fsvg%3E\" loading=\"eager\"><\/span><span class=\"fg-image-overlay\"><\/span><\/a><figcaption class=\"fg-caption\"><div class=\"fg-caption-inner\"><div class=\"fg-caption-desc\">Le \u00ab U-turn \u00bb qui va bien, direction, les \u00ab Beutzons \u00bb<\/div><\/div><\/figcaption><\/figure><div class=\"fg-loader\"><\/div><\/div><div class=\"fg-item fg-type-image fg-idle\"><figure class=\"fg-item-inner\"><a href=\"https:\/\/alpavista.ch\/Alp11\/wp-content\/uploads\/Col_de_Mille_2025_II_023.png\" data-caption-title=\"Avec les sillons qui s&#039;y creusent et les cassures qui s&#039;y multiplient, le choix de la ligne devient chaque saison plus important....\" data-caption-desc=\"Avec les sillons qui s&#039;y creusent et les cassures qui s&#039;y multiplient, le choix de la ligne devient chaque saison plus important....\" data-attachment-id=\"40871\" data-type=\"image\" class=\"fg-thumb\"><span class=\"fg-image-wrap\"><img decoding=\"async\" title=\"Avec les sillons qui s&#039;y creusent et les cassures qui s&#039;y multiplient, le choix de la ligne devient chaque saison plus important....\" width=\"101\" height=\"57\" class=\"skip-lazy fg-image\" data-src-fg=\"https:\/\/alpavista.ch\/Alp11\/wp-content\/uploads\/cache\/Col_de_Mille_2025_II_023\/1311170170.png\" src=\"data:image\/svg+xml,%3Csvg%20xmlns%3D%22http%3A%2F%2Fwww.w3.org%2F2000%2Fsvg%22%20width%3D%22101%22%20height%3D%2257%22%20viewBox%3D%220%200%20101%2057%22%3E%3C%2Fsvg%3E\" loading=\"eager\"><\/span><span class=\"fg-image-overlay\"><\/span><\/a><figcaption class=\"fg-caption\"><div class=\"fg-caption-inner\"><div class=\"fg-caption-desc\">Avec les sillons qui s'y creusent et les cassures qui s'y multiplient, le choix de la ligne devient chaque saison plus important....<\/div><\/div><\/figcaption><\/figure><div class=\"fg-loader\"><\/div><\/div><div class=\"fg-item fg-type-image fg-idle\"><figure class=\"fg-item-inner\"><a href=\"https:\/\/alpavista.ch\/Alp11\/wp-content\/uploads\/Col_de_Mille_2025_II_024.png\" data-caption-title=\"... pour en boucler tous ses lacets.\" data-caption-desc=\"... pour en boucler tous ses lacets.\" data-attachment-id=\"40872\" data-type=\"image\" class=\"fg-thumb\"><span class=\"fg-image-wrap\"><img decoding=\"async\" title=\"... pour en boucler tous ses lacets.\" width=\"101\" height=\"57\" class=\"skip-lazy fg-image\" data-src-fg=\"https:\/\/alpavista.ch\/Alp11\/wp-content\/uploads\/cache\/Col_de_Mille_2025_II_024\/4238323890.png\" src=\"data:image\/svg+xml,%3Csvg%20xmlns%3D%22http%3A%2F%2Fwww.w3.org%2F2000%2Fsvg%22%20width%3D%22101%22%20height%3D%2257%22%20viewBox%3D%220%200%20101%2057%22%3E%3C%2Fsvg%3E\" loading=\"eager\"><\/span><span class=\"fg-image-overlay\"><\/span><\/a><figcaption class=\"fg-caption\"><div class=\"fg-caption-inner\"><div class=\"fg-caption-desc\">... pour en boucler tous ses lacets.<\/div><\/div><\/figcaption><\/figure><div class=\"fg-loader\"><\/div><\/div><div class=\"fg-item fg-type-image fg-idle\"><figure class=\"fg-item-inner\"><a href=\"https:\/\/alpavista.ch\/Alp11\/wp-content\/uploads\/Col_de_Mille_2025_II_025.png\" data-caption-title=\"Du beau chemin, sinon rien !\" data-caption-desc=\"Du beau chemin, sinon rien !\" data-attachment-id=\"40873\" data-type=\"image\" class=\"fg-thumb\"><span class=\"fg-image-wrap\"><img decoding=\"async\" title=\"Du beau chemin, sinon rien !\" width=\"101\" height=\"57\" class=\"skip-lazy fg-image\" data-src-fg=\"https:\/\/alpavista.ch\/Alp11\/wp-content\/uploads\/cache\/Col_de_Mille_2025_II_025\/1478389091.png\" src=\"data:image\/svg+xml,%3Csvg%20xmlns%3D%22http%3A%2F%2Fwww.w3.org%2F2000%2Fsvg%22%20width%3D%22101%22%20height%3D%2257%22%20viewBox%3D%220%200%20101%2057%22%3E%3C%2Fsvg%3E\" loading=\"eager\"><\/span><span class=\"fg-image-overlay\"><\/span><\/a><figcaption class=\"fg-caption\"><div class=\"fg-caption-inner\"><div class=\"fg-caption-desc\">Du beau chemin, sinon rien !<\/div><\/div><\/figcaption><\/figure><div class=\"fg-loader\"><\/div><\/div><div class=\"fg-item fg-type-image fg-idle\"><figure class=\"fg-item-inner\"><a href=\"https:\/\/alpavista.ch\/Alp11\/wp-content\/uploads\/Col_de_Mille_2025_II_026.png\" data-caption-title=\"Yaka demander !\" data-caption-desc=\"Yaka demander !\" data-attachment-id=\"40874\" data-type=\"image\" class=\"fg-thumb\"><span class=\"fg-image-wrap\"><img decoding=\"async\" title=\"Yaka demander !\" width=\"101\" height=\"57\" class=\"skip-lazy fg-image\" data-src-fg=\"https:\/\/alpavista.ch\/Alp11\/wp-content\/uploads\/cache\/Col_de_Mille_2025_II_026\/355696172.png\" src=\"data:image\/svg+xml,%3Csvg%20xmlns%3D%22http%3A%2F%2Fwww.w3.org%2F2000%2Fsvg%22%20width%3D%22101%22%20height%3D%2257%22%20viewBox%3D%220%200%20101%2057%22%3E%3C%2Fsvg%3E\" loading=\"eager\"><\/span><span class=\"fg-image-overlay\"><\/span><\/a><figcaption class=\"fg-caption\"><div class=\"fg-caption-inner\"><div class=\"fg-caption-desc\">Yaka demander !<\/div><\/div><\/figcaption><\/figure><div class=\"fg-loader\"><\/div><\/div><div class=\"fg-item fg-type-image fg-idle\"><figure class=\"fg-item-inner\"><a href=\"https:\/\/alpavista.ch\/Alp11\/wp-content\/uploads\/Col_de_Mille_2025_II_027.png\" data-caption-title=\"Le terme \u00ab carver \u00bb adapt\u00e9 au VTT.\" data-caption-desc=\"Le terme \u00ab carver \u00bb adapt\u00e9 au VTT.\" data-attachment-id=\"40875\" data-type=\"image\" class=\"fg-thumb\"><span class=\"fg-image-wrap\"><img decoding=\"async\" title=\"Le terme \u00ab carver \u00bb adapt\u00e9 au VTT.\" width=\"101\" height=\"57\" class=\"skip-lazy fg-image\" data-src-fg=\"https:\/\/alpavista.ch\/Alp11\/wp-content\/uploads\/cache\/Col_de_Mille_2025_II_027\/2981274621.png\" src=\"data:image\/svg+xml,%3Csvg%20xmlns%3D%22http%3A%2F%2Fwww.w3.org%2F2000%2Fsvg%22%20width%3D%22101%22%20height%3D%2257%22%20viewBox%3D%220%200%20101%2057%22%3E%3C%2Fsvg%3E\" loading=\"eager\"><\/span><span class=\"fg-image-overlay\"><\/span><\/a><figcaption class=\"fg-caption\"><div class=\"fg-caption-inner\"><div class=\"fg-caption-desc\">Le terme \u00ab carver \u00bb adapt\u00e9 au VTT.<\/div><\/div><\/figcaption><\/figure><div class=\"fg-loader\"><\/div><\/div><div class=\"fg-item fg-type-image fg-idle\"><figure class=\"fg-item-inner\"><a href=\"https:\/\/alpavista.ch\/Alp11\/wp-content\/uploads\/Col_de_Mille_2025_II_028.png\" data-caption-title=\"L&#039;entr\u00e9e dans le premier des deux tron\u00e7ons retravaill\u00e9s dans le secteur de Momin.\" data-caption-desc=\"L&#039;entr\u00e9e dans le premier des deux tron\u00e7ons retravaill\u00e9s dans le secteur de Momin.\" data-attachment-id=\"40876\" data-type=\"image\" class=\"fg-thumb\"><span class=\"fg-image-wrap\"><img decoding=\"async\" title=\"L&#039;entr\u00e9e dans le premier des deux tron\u00e7ons retravaill\u00e9s dans le secteur de Momin.\" width=\"101\" height=\"57\" class=\"skip-lazy fg-image\" data-src-fg=\"https:\/\/alpavista.ch\/Alp11\/wp-content\/uploads\/cache\/Col_de_Mille_2025_II_028\/3505313408.png\" src=\"data:image\/svg+xml,%3Csvg%20xmlns%3D%22http%3A%2F%2Fwww.w3.org%2F2000%2Fsvg%22%20width%3D%22101%22%20height%3D%2257%22%20viewBox%3D%220%200%20101%2057%22%3E%3C%2Fsvg%3E\" loading=\"eager\"><\/span><span class=\"fg-image-overlay\"><\/span><\/a><figcaption class=\"fg-caption\"><div class=\"fg-caption-inner\"><div class=\"fg-caption-desc\">L'entr\u00e9e dans le premier des deux tron\u00e7ons retravaill\u00e9s dans le secteur de Momin.<\/div><\/div><\/figcaption><\/figure><div class=\"fg-loader\"><\/div><\/div><\/div>\n\n<input class=\"fooboxshare_post_id\" type=\"hidden\" value=\"40878\"\/>","protected":false},"excerpt":{"rendered":"<p>Certains d\u2019entre vous, cin\u00e9philes avertis, connaissent certainement le film de Louis Malle, \u00ab Milou en mai \u00bb. Eh bien, pour f\u00eater le retour de l\u2019\u00e9t\u00e9, de notre c\u00f4t\u00e9, nous avons entrepris de r\u00e9aliser \u00ab Mille en ao\u00fbt \u00bb. Apr\u00e8s un mois de juillet en dessous de tout, m\u00eame des fameuses normes climatiques, et qui s\u2019est r\u00e9guli\u00e8rement pris pour un mauvais octobre, remettant du m\u00eame coup un peu de calme \u00e0 l&#8217;emballement m\u00e9diatique engendr\u00e9 par les \u00ab caniculettes \u00bb du r\u00e9cent [&hellip;]<\/p>\n","protected":false},"author":2,"featured_media":40848,"comment_status":"open","ping_status":"open","sticky":false,"template":"","format":"standard","meta":{"footnotes":""},"categories":[658,4],"tags":[1079,3803,1240,1364,3829,2138,1558,1273,3804,1560,1241,1274,1651],"class_list":["post-40878","post","type-post","status-publish","format-standard","has-post-thumbnail","hentry","category-outdoor","category-vtt","tag-bagnes","tag-beutsons","tag-bruson","tag-col-de-mille","tag-la-cot","tag-mille","tag-moay","tag-mont-brule","tag-posodziet","tag-servay","tag-six-blanc","tag-tete-de-la-payanne","tag-tseppi"],"_links":{"self":[{"href":"https:\/\/alpavista.ch\/Alp11\/wp-json\/wp\/v2\/posts\/40878","targetHints":{"allow":["GET"]}}],"collection":[{"href":"https:\/\/alpavista.ch\/Alp11\/wp-json\/wp\/v2\/posts"}],"about":[{"href":"https:\/\/alpavista.ch\/Alp11\/wp-json\/wp\/v2\/types\/post"}],"author":[{"embeddable":true,"href":"https:\/\/alpavista.ch\/Alp11\/wp-json\/wp\/v2\/users\/2"}],"replies":[{"embeddable":true,"href":"https:\/\/alpavista.ch\/Alp11\/wp-json\/wp\/v2\/comments?post=40878"}],"version-history":[{"count":0,"href":"https:\/\/alpavista.ch\/Alp11\/wp-json\/wp\/v2\/posts\/40878\/revisions"}],"wp:featuredmedia":[{"embeddable":true,"href":"https:\/\/alpavista.ch\/Alp11\/wp-json\/wp\/v2\/media\/40848"}],"wp:attachment":[{"href":"https:\/\/alpavista.ch\/Alp11\/wp-json\/wp\/v2\/media?parent=40878"}],"wp:term":[{"taxonomy":"category","embeddable":true,"href":"https:\/\/alpavista.ch\/Alp11\/wp-json\/wp\/v2\/categories?post=40878"},{"taxonomy":"post_tag","embeddable":true,"href":"https:\/\/alpavista.ch\/Alp11\/wp-json\/wp\/v2\/tags?post=40878"}],"curies":[{"name":"wp","href":"https:\/\/api.w.org\/{rel}","templated":true}]}}