{"id":41131,"date":"2025-08-30T17:58:35","date_gmt":"2025-08-30T15:58:35","guid":{"rendered":"https:\/\/alpavista.ch\/Alp11\/?p=41131"},"modified":"2025-08-31T14:33:49","modified_gmt":"2025-08-31T12:33:49","slug":"gebidum-2025","status":"publish","type":"post","link":"https:\/\/alpavista.ch\/Alp11\/2025\/08\/30\/gebidum-2025\/","title":{"rendered":"Gebidum 2025"},"content":{"rendered":"<p>Finies les chaudes et longues journ\u00e9es ensoleill\u00e9es !<br \/>\nOubli\u00e9es les canicules que certains m\u00e9\u00aedias \u00ab putaclics \u00bb aiment tant mettre en texte d\u2019accroche !<br \/>\nM\u00eame si le calendrier pr\u00e9tend qu\u2019il reste encore trois semaines, soi-disant estivales, l\u2019\u00e9t\u00e9 est bel et bien termin\u00e9. <\/p>\n<p>Malgr\u00e9 le fait que nous soyons encore provisoirement en ao\u00fbt, l\u2019automne a d\u2019ores et d\u00e9j\u00e0 pris ses quartiers. Sa m\u00e9t\u00e9o changeante en bandouli\u00e8re, l&rsquo;arri\u00e8re-saison qui tend \u00e0 d\u00e9plumer les arbres et \u00e0 jaunir les pr\u00e9s, a d\u00e9j\u00e0 plant\u00e9 ses premiers jalons. Soleil d\u00e9clinant, chemin\u00e9es qui fument et nuits rallong\u00e9es. La suite n\u2019est plus qu\u2019une question d\u2019inclinaison de la sph\u00e8re terrestre.<br \/>\n<!--more--><\/p>\n<p>Ceci dit, il n\u2019y a l\u00e0 aucune bonne raison de ranger le VTT, mais il faut d\u00e9sormais rajouter du textile sur sa peau ou dans le sac \u00e0 dos, renoncer aux gla\u00e7ons dans l\u2019eau des gourdes et se faire \u00e0 l\u2019id\u00e9e que le casque ne s\u00e9chera pas quelle que soit la dur\u00e9e des pauses. Une fois, ces \u00e9l\u00e9ments int\u00e9gr\u00e9s, on peut continuer \u00e0 aller rouler. Comme par exemple du c\u00f4t\u00e9 du Gebidum, col de sortie Ouest du Nanztal, \u00e9paulement panoramique et ventil\u00e9, cher aux mod\u00e9listes et haut-lieu du VTT inspir\u00e9 par des chemins de qualit\u00e9.<\/p>\n<style type=\"text\/css\">\n#foogallery-gallery-41130 .fg-image { width: 101px; }\n#foogallery-gallery-41130 { --fg-gutter: 1px; }<\/style>\n\t\t\t<div class=\"foogallery foogallery-container foogallery-default foogallery-lightbox-none fg-left fg-default fg-ready fg-light fg-loading-default fg-loaded-fade-in fg-preset fg-selena fg-preset-small fg-preset fg-selena fg-preset-small\" id=\"foogallery-gallery-41130\" data-foogallery=\"{&quot;item&quot;:{&quot;showCaptionTitle&quot;:false,&quot;showCaptionDescription&quot;:true},&quot;lazy&quot;:true,&quot;state&quot;:{&quot;enabled&quot;:true,&quot;mask&quot;:&quot;foogallery-{id}&quot;}}\" style=\"--fg-title-line-clamp: 0; --fg-description-line-clamp: 0;\" >\n\t<div class=\"fg-item fg-type-image fg-idle\"><figure class=\"fg-item-inner\"><a href=\"https:\/\/alpavista.ch\/Alp11\/wp-content\/uploads\/Gebidum_2025_001.png\" data-caption-title=\"L&#039;habituel d\u00e9marrage \u00e0 partir du village de Gspon est toujours un mod\u00e8le de progressivit\u00e9. Une sorte de mise en route tout en douceur. Ou pas !\" data-caption-desc=\"L&#039;habituel d\u00e9marrage \u00e0 partir du village de Gspon est toujours un mod\u00e8le de progressivit\u00e9. Une sorte de mise en route tout en douceur. Ou pas !\" data-attachment-id=\"41088\" data-type=\"image\" class=\"fg-thumb\"><span class=\"fg-image-wrap\"><img decoding=\"async\" title=\"L&#039;habituel d\u00e9marrage \u00e0 partir du village de Gspon est toujours un mod\u00e8le de progressivit\u00e9. Une sorte de mise en route tout en douceur. Ou pas !\" width=\"101\" height=\"57\" class=\"skip-lazy fg-image\" data-src-fg=\"https:\/\/alpavista.ch\/Alp11\/wp-content\/uploads\/cache\/Gebidum_2025_001\/2308357863.png\" src=\"data:image\/svg+xml,%3Csvg%20xmlns%3D%22http%3A%2F%2Fwww.w3.org%2F2000%2Fsvg%22%20width%3D%22101%22%20height%3D%2257%22%20viewBox%3D%220%200%20101%2057%22%3E%3C%2Fsvg%3E\" loading=\"eager\"><\/span><span class=\"fg-image-overlay\"><\/span><\/a><figcaption class=\"fg-caption\"><div class=\"fg-caption-inner\"><div class=\"fg-caption-desc\">L'habituel d\u00e9marrage \u00e0 partir du village de Gspon est toujours un mod\u00e8le de progressivit\u00e9. Une sorte de mise en route tout en douceur. Ou pas !<\/div><\/div><\/figcaption><\/figure><div class=\"fg-loader\"><\/div><\/div><div class=\"fg-item fg-type-image fg-idle\"><figure class=\"fg-item-inner\"><a href=\"https:\/\/alpavista.ch\/Alp11\/wp-content\/uploads\/Gebidum_2025_002.png\" data-caption-title=\"Douceur qui se prolonge en bugnes multiples et crasseuses jusqu&#039;\u00e0 la belle clairi\u00e8re de S\u00e4dolti.\" data-caption-desc=\"Douceur qui se prolonge en bugnes multiples et crasseuses jusqu&#039;\u00e0 la belle clairi\u00e8re de S\u00e4dolti.\" data-attachment-id=\"41089\" data-type=\"image\" class=\"fg-thumb\"><span class=\"fg-image-wrap\"><img decoding=\"async\" title=\"Douceur qui se prolonge en bugnes multiples et crasseuses jusqu&#039;\u00e0 la belle clairi\u00e8re de S\u00e4dolti.\" width=\"101\" height=\"57\" class=\"skip-lazy fg-image\" data-src-fg=\"https:\/\/alpavista.ch\/Alp11\/wp-content\/uploads\/cache\/Gebidum_2025_002\/1636926752.png\" src=\"data:image\/svg+xml,%3Csvg%20xmlns%3D%22http%3A%2F%2Fwww.w3.org%2F2000%2Fsvg%22%20width%3D%22101%22%20height%3D%2257%22%20viewBox%3D%220%200%20101%2057%22%3E%3C%2Fsvg%3E\" loading=\"eager\"><\/span><span class=\"fg-image-overlay\"><\/span><\/a><figcaption class=\"fg-caption\"><div class=\"fg-caption-inner\"><div class=\"fg-caption-desc\">Douceur qui se prolonge en bugnes multiples et crasseuses jusqu'\u00e0 la belle clairi\u00e8re de S\u00e4dolti.<\/div><\/div><\/figcaption><\/figure><div class=\"fg-loader\"><\/div><\/div><div class=\"fg-item fg-type-image fg-idle\"><figure class=\"fg-item-inner\"><a href=\"https:\/\/alpavista.ch\/Alp11\/wp-content\/uploads\/Gebidum_2025_003.png\" data-caption-title=\"M\u00eame si octobre semble encore loin, rouler \u00ab kwayt\u00e9s \u00bb est une n\u00e9cessit\u00e9 en cet fin ao\u00fbt clairement non caniculaire.\" data-caption-desc=\"M\u00eame si octobre semble encore loin, rouler \u00ab kwayt\u00e9s \u00bb est une n\u00e9cessit\u00e9 en cet fin ao\u00fbt clairement non caniculaire.\" data-attachment-id=\"41090\" data-type=\"image\" class=\"fg-thumb\"><span class=\"fg-image-wrap\"><img decoding=\"async\" title=\"M\u00eame si octobre semble encore loin, rouler \u00ab kwayt\u00e9s \u00bb est une n\u00e9cessit\u00e9 en cet fin ao\u00fbt clairement non caniculaire.\" width=\"101\" height=\"57\" class=\"skip-lazy fg-image\" data-src-fg=\"https:\/\/alpavista.ch\/Alp11\/wp-content\/uploads\/cache\/Gebidum_2025_003\/1970616533.png\" src=\"data:image\/svg+xml,%3Csvg%20xmlns%3D%22http%3A%2F%2Fwww.w3.org%2F2000%2Fsvg%22%20width%3D%22101%22%20height%3D%2257%22%20viewBox%3D%220%200%20101%2057%22%3E%3C%2Fsvg%3E\" loading=\"eager\"><\/span><span class=\"fg-image-overlay\"><\/span><\/a><figcaption class=\"fg-caption\"><div class=\"fg-caption-inner\"><div class=\"fg-caption-desc\">M\u00eame si octobre semble encore loin, rouler \u00ab kwayt\u00e9s \u00bb est une n\u00e9cessit\u00e9 en cet fin ao\u00fbt clairement non caniculaire.<\/div><\/div><\/figcaption><\/figure><div class=\"fg-loader\"><\/div><\/div><div class=\"fg-item fg-type-image fg-idle\"><figure class=\"fg-item-inner\"><a href=\"https:\/\/alpavista.ch\/Alp11\/wp-content\/uploads\/Gebidum_2025_004.png\" data-caption-title=\"Si les \u00e9claircies annonc\u00e9es sont peu \u00e0 peu au rendez-vous, la temp\u00e9rature reste encore largement en dessous des normes de saison.\" data-caption-desc=\"Si les \u00e9claircies annonc\u00e9es sont peu \u00e0 peu au rendez-vous, la temp\u00e9rature reste encore largement en dessous des normes de saison.\" data-attachment-id=\"41091\" data-type=\"image\" class=\"fg-thumb\"><span class=\"fg-image-wrap\"><img decoding=\"async\" title=\"Si les \u00e9claircies annonc\u00e9es sont peu \u00e0 peu au rendez-vous, la temp\u00e9rature reste encore largement en dessous des normes de saison.\" width=\"101\" height=\"57\" class=\"skip-lazy fg-image\" data-src-fg=\"https:\/\/alpavista.ch\/Alp11\/wp-content\/uploads\/cache\/Gebidum_2025_004\/423103976.png\" src=\"data:image\/svg+xml,%3Csvg%20xmlns%3D%22http%3A%2F%2Fwww.w3.org%2F2000%2Fsvg%22%20width%3D%22101%22%20height%3D%2257%22%20viewBox%3D%220%200%20101%2057%22%3E%3C%2Fsvg%3E\" loading=\"eager\"><\/span><span class=\"fg-image-overlay\"><\/span><\/a><figcaption class=\"fg-caption\"><div class=\"fg-caption-inner\"><div class=\"fg-caption-desc\">Si les \u00e9claircies annonc\u00e9es sont peu \u00e0 peu au rendez-vous, la temp\u00e9rature reste encore largement en dessous des normes de saison.<\/div><\/div><\/figcaption><\/figure><div class=\"fg-loader\"><\/div><\/div><div class=\"fg-item fg-type-image fg-idle\"><figure class=\"fg-item-inner\"><a href=\"https:\/\/alpavista.ch\/Alp11\/wp-content\/uploads\/Gebidum_2025_005.png\" data-caption-title=\"Alors, forc\u00e9ment, la premi\u00e8re descente de l&#039;itin\u00e9raire, en plus d&#039;\u00eatre rugueuse, est aussi \u00ab gla\u00e7ieuse \u00bb.\" data-caption-desc=\"Alors, forc\u00e9ment, la premi\u00e8re descente de l&#039;itin\u00e9raire, en plus d&#039;\u00eatre rugueuse, est aussi \u00ab gla\u00e7ieuse \u00bb.\" data-attachment-id=\"41092\" data-type=\"image\" class=\"fg-thumb\"><span class=\"fg-image-wrap\"><img decoding=\"async\" title=\"Alors, forc\u00e9ment, la premi\u00e8re descente de l&#039;itin\u00e9raire, en plus d&#039;\u00eatre rugueuse, est aussi \u00ab gla\u00e7ieuse \u00bb.\" width=\"101\" height=\"57\" class=\"skip-lazy fg-image\" data-src-fg=\"https:\/\/alpavista.ch\/Alp11\/wp-content\/uploads\/cache\/Gebidum_2025_005\/2114603290.png\" src=\"data:image\/svg+xml,%3Csvg%20xmlns%3D%22http%3A%2F%2Fwww.w3.org%2F2000%2Fsvg%22%20width%3D%22101%22%20height%3D%2257%22%20viewBox%3D%220%200%20101%2057%22%3E%3C%2Fsvg%3E\" loading=\"eager\"><\/span><span class=\"fg-image-overlay\"><\/span><\/a><figcaption class=\"fg-caption\"><div class=\"fg-caption-inner\"><div class=\"fg-caption-desc\">Alors, forc\u00e9ment, la premi\u00e8re descente de l'itin\u00e9raire, en plus d'\u00eatre rugueuse, est aussi \u00ab gla\u00e7ieuse \u00bb.<\/div><\/div><\/figcaption><\/figure><div class=\"fg-loader\"><\/div><\/div><div class=\"fg-item fg-type-image fg-idle\"><figure class=\"fg-item-inner\"><a href=\"https:\/\/alpavista.ch\/Alp11\/wp-content\/uploads\/Gebidum_2025_006.png\" data-caption-title=\"Heureusement, elle ne dure que le temps de l&#039;\u00e9crire.\" data-caption-desc=\"Heureusement, elle ne dure que le temps de l&#039;\u00e9crire.\" data-attachment-id=\"41093\" data-type=\"image\" class=\"fg-thumb\"><span class=\"fg-image-wrap\"><img decoding=\"async\" title=\"Heureusement, elle ne dure que le temps de l&#039;\u00e9crire.\" width=\"101\" height=\"57\" class=\"skip-lazy fg-image\" data-src-fg=\"https:\/\/alpavista.ch\/Alp11\/wp-content\/uploads\/cache\/Gebidum_2025_006\/2517463773.png\" src=\"data:image\/svg+xml,%3Csvg%20xmlns%3D%22http%3A%2F%2Fwww.w3.org%2F2000%2Fsvg%22%20width%3D%22101%22%20height%3D%2257%22%20viewBox%3D%220%200%20101%2057%22%3E%3C%2Fsvg%3E\" loading=\"eager\"><\/span><span class=\"fg-image-overlay\"><\/span><\/a><figcaption class=\"fg-caption\"><div class=\"fg-caption-inner\"><div class=\"fg-caption-desc\">Heureusement, elle ne dure que le temps de l'\u00e9crire.<\/div><\/div><\/figcaption><\/figure><div class=\"fg-loader\"><\/div><\/div><div class=\"fg-item fg-type-image fg-idle\"><figure class=\"fg-item-inner\"><a href=\"https:\/\/alpavista.ch\/Alp11\/wp-content\/uploads\/Gebidum_2025_007.png\" data-caption-title=\"Tr\u00e8s vite les bugnes de la remont\u00e9e vers S\u00e4nntum retourne la situation \u00e0 d\u00e9faut de v\u00e9ritablement la r\u00e9chauffer.\" data-caption-desc=\"Tr\u00e8s vite les bugnes de la remont\u00e9e vers S\u00e4nntum retourne la situation \u00e0 d\u00e9faut de v\u00e9ritablement la r\u00e9chauffer.\" data-attachment-id=\"41094\" data-type=\"image\" class=\"fg-thumb\"><span class=\"fg-image-wrap\"><img decoding=\"async\" title=\"Tr\u00e8s vite les bugnes de la remont\u00e9e vers S\u00e4nntum retourne la situation \u00e0 d\u00e9faut de v\u00e9ritablement la r\u00e9chauffer.\" width=\"101\" height=\"57\" class=\"skip-lazy fg-image\" data-src-fg=\"https:\/\/alpavista.ch\/Alp11\/wp-content\/uploads\/cache\/Gebidum_2025_007\/2960048382.png\" src=\"data:image\/svg+xml,%3Csvg%20xmlns%3D%22http%3A%2F%2Fwww.w3.org%2F2000%2Fsvg%22%20width%3D%22101%22%20height%3D%2257%22%20viewBox%3D%220%200%20101%2057%22%3E%3C%2Fsvg%3E\" loading=\"eager\"><\/span><span class=\"fg-image-overlay\"><\/span><\/a><figcaption class=\"fg-caption\"><div class=\"fg-caption-inner\"><div class=\"fg-caption-desc\">Tr\u00e8s vite les bugnes de la remont\u00e9e vers S\u00e4nntum retourne la situation \u00e0 d\u00e9faut de v\u00e9ritablement la r\u00e9chauffer.<\/div><\/div><\/figcaption><\/figure><div class=\"fg-loader\"><\/div><\/div><div class=\"fg-item fg-type-image fg-idle\"><figure class=\"fg-item-inner\"><a href=\"https:\/\/alpavista.ch\/Alp11\/wp-content\/uploads\/Gebidum_2025_008.png\" data-caption-title=\"Notre premier v\u00e9ritable chemin du matin n&#039;est pas loin d&#039;\u00eatre aussi, peut-\u00eatre, le plus divin.\" data-caption-desc=\"Notre premier v\u00e9ritable chemin du matin n&#039;est pas loin d&#039;\u00eatre aussi, peut-\u00eatre, le plus divin.\" data-attachment-id=\"41095\" data-type=\"image\" class=\"fg-thumb\"><span class=\"fg-image-wrap\"><img decoding=\"async\" title=\"Notre premier v\u00e9ritable chemin du matin n&#039;est pas loin d&#039;\u00eatre aussi, peut-\u00eatre, le plus divin.\" width=\"101\" height=\"57\" class=\"skip-lazy fg-image\" data-src-fg=\"https:\/\/alpavista.ch\/Alp11\/wp-content\/uploads\/cache\/Gebidum_2025_008\/264695414.png\" src=\"data:image\/svg+xml,%3Csvg%20xmlns%3D%22http%3A%2F%2Fwww.w3.org%2F2000%2Fsvg%22%20width%3D%22101%22%20height%3D%2257%22%20viewBox%3D%220%200%20101%2057%22%3E%3C%2Fsvg%3E\" loading=\"eager\"><\/span><span class=\"fg-image-overlay\"><\/span><\/a><figcaption class=\"fg-caption\"><div class=\"fg-caption-inner\"><div class=\"fg-caption-desc\">Notre premier v\u00e9ritable chemin du matin n'est pas loin d'\u00eatre aussi, peut-\u00eatre, le plus divin.<\/div><\/div><\/figcaption><\/figure><div class=\"fg-loader\"><\/div><\/div><div class=\"fg-item fg-type-image fg-idle\"><figure class=\"fg-item-inner\"><a href=\"https:\/\/alpavista.ch\/Alp11\/wp-content\/uploads\/Gebidum_2025_009.png\" data-caption-title=\"Ondulant \u00e0 flancs (du Rothorn), il se roule pratiquement sans avoir \u00e0 p\u00e9daler.\" data-caption-desc=\"Ondulant \u00e0 flancs (du Rothorn), il se roule pratiquement sans avoir \u00e0 p\u00e9daler.\" data-attachment-id=\"41096\" data-type=\"image\" class=\"fg-thumb\"><span class=\"fg-image-wrap\"><img decoding=\"async\" title=\"Ondulant \u00e0 flancs (du Rothorn), il se roule pratiquement sans avoir \u00e0 p\u00e9daler.\" width=\"101\" height=\"57\" class=\"skip-lazy fg-image\" data-src-fg=\"https:\/\/alpavista.ch\/Alp11\/wp-content\/uploads\/cache\/Gebidum_2025_009\/1760864900.png\" src=\"data:image\/svg+xml,%3Csvg%20xmlns%3D%22http%3A%2F%2Fwww.w3.org%2F2000%2Fsvg%22%20width%3D%22101%22%20height%3D%2257%22%20viewBox%3D%220%200%20101%2057%22%3E%3C%2Fsvg%3E\" loading=\"eager\"><\/span><span class=\"fg-image-overlay\"><\/span><\/a><figcaption class=\"fg-caption\"><div class=\"fg-caption-inner\"><div class=\"fg-caption-desc\">Ondulant \u00e0 flancs (du Rothorn), il se roule pratiquement sans avoir \u00e0 p\u00e9daler.<\/div><\/div><\/figcaption><\/figure><div class=\"fg-loader\"><\/div><\/div><div class=\"fg-item fg-type-image fg-idle\"><figure class=\"fg-item-inner\"><a href=\"https:\/\/alpavista.ch\/Alp11\/wp-content\/uploads\/Gebidum_2025_010.png\" data-caption-title=\"Une v\u00e9ritable goinfrerie de p&#039;tit d\u00e9j ...\" data-caption-desc=\"Une v\u00e9ritable goinfrerie de p&#039;tit d\u00e9j ...\" data-attachment-id=\"41097\" data-type=\"image\" class=\"fg-thumb\"><span class=\"fg-image-wrap\"><img decoding=\"async\" title=\"Une v\u00e9ritable goinfrerie de p&#039;tit d\u00e9j ...\" width=\"101\" height=\"57\" class=\"skip-lazy fg-image\" data-src-fg=\"https:\/\/alpavista.ch\/Alp11\/wp-content\/uploads\/cache\/Gebidum_2025_010\/105421256.png\" src=\"data:image\/svg+xml,%3Csvg%20xmlns%3D%22http%3A%2F%2Fwww.w3.org%2F2000%2Fsvg%22%20width%3D%22101%22%20height%3D%2257%22%20viewBox%3D%220%200%20101%2057%22%3E%3C%2Fsvg%3E\" loading=\"eager\"><\/span><span class=\"fg-image-overlay\"><\/span><\/a><figcaption class=\"fg-caption\"><div class=\"fg-caption-inner\"><div class=\"fg-caption-desc\">Une v\u00e9ritable goinfrerie de p'tit d\u00e9j ...<\/div><\/div><\/figcaption><\/figure><div class=\"fg-loader\"><\/div><\/div><div class=\"fg-item fg-type-image fg-idle\"><figure class=\"fg-item-inner\"><a href=\"https:\/\/alpavista.ch\/Alp11\/wp-content\/uploads\/Gebidum_2025_011.png\" data-caption-title=\"... qui se termine par une cerise sur le g\u00e2teau...\" data-caption-desc=\"... qui se termine par une cerise sur le g\u00e2teau...\" data-attachment-id=\"41098\" data-type=\"image\" class=\"fg-thumb\"><span class=\"fg-image-wrap\"><img decoding=\"async\" title=\"... qui se termine par une cerise sur le g\u00e2teau...\" width=\"101\" height=\"57\" class=\"skip-lazy fg-image\" data-src-fg=\"https:\/\/alpavista.ch\/Alp11\/wp-content\/uploads\/cache\/Gebidum_2025_011\/2726872649.png\" src=\"data:image\/svg+xml,%3Csvg%20xmlns%3D%22http%3A%2F%2Fwww.w3.org%2F2000%2Fsvg%22%20width%3D%22101%22%20height%3D%2257%22%20viewBox%3D%220%200%20101%2057%22%3E%3C%2Fsvg%3E\" loading=\"eager\"><\/span><span class=\"fg-image-overlay\"><\/span><\/a><figcaption class=\"fg-caption\"><div class=\"fg-caption-inner\"><div class=\"fg-caption-desc\">... qui se termine par une cerise sur le g\u00e2teau...<\/div><\/div><\/figcaption><\/figure><div class=\"fg-loader\"><\/div><\/div><div class=\"fg-item fg-type-image fg-idle\"><figure class=\"fg-item-inner\"><a href=\"https:\/\/alpavista.ch\/Alp11\/wp-content\/uploads\/Gebidum_2025_012.png\" data-caption-title=\"... l&#039;arriv\u00e9e sur le somptueux Gebidumpass.\" data-caption-desc=\"... l&#039;arriv\u00e9e sur le somptueux Gebidumpass.\" data-attachment-id=\"41099\" data-type=\"image\" class=\"fg-thumb\"><span class=\"fg-image-wrap\"><img decoding=\"async\" title=\"... l&#039;arriv\u00e9e sur le somptueux Gebidumpass.\" width=\"101\" height=\"57\" class=\"skip-lazy fg-image\" data-src-fg=\"https:\/\/alpavista.ch\/Alp11\/wp-content\/uploads\/cache\/Gebidum_2025_012\/1250950542.png\" src=\"data:image\/svg+xml,%3Csvg%20xmlns%3D%22http%3A%2F%2Fwww.w3.org%2F2000%2Fsvg%22%20width%3D%22101%22%20height%3D%2257%22%20viewBox%3D%220%200%20101%2057%22%3E%3C%2Fsvg%3E\" loading=\"eager\"><\/span><span class=\"fg-image-overlay\"><\/span><\/a><figcaption class=\"fg-caption\"><div class=\"fg-caption-inner\"><div class=\"fg-caption-desc\">... l'arriv\u00e9e sur le somptueux Gebidumpass.<\/div><\/div><\/figcaption><\/figure><div class=\"fg-loader\"><\/div><\/div><div class=\"fg-item fg-type-image fg-idle\"><figure class=\"fg-item-inner\"><a href=\"https:\/\/alpavista.ch\/Alp11\/wp-content\/uploads\/Gebidum_2025_013.png\" data-caption-title=\"Un Gebidumpass d\u00e9sert\u00e9 par les foules de l&#039;\u00e9t\u00e9.\" data-caption-desc=\"Un Gebidumpass d\u00e9sert\u00e9 par les foules de l&#039;\u00e9t\u00e9.\" data-attachment-id=\"41100\" data-type=\"image\" class=\"fg-thumb\"><span class=\"fg-image-wrap\"><img decoding=\"async\" title=\"Un Gebidumpass d\u00e9sert\u00e9 par les foules de l&#039;\u00e9t\u00e9.\" width=\"101\" height=\"57\" class=\"skip-lazy fg-image\" data-src-fg=\"https:\/\/alpavista.ch\/Alp11\/wp-content\/uploads\/cache\/Gebidum_2025_013\/3098991355.png\" src=\"data:image\/svg+xml,%3Csvg%20xmlns%3D%22http%3A%2F%2Fwww.w3.org%2F2000%2Fsvg%22%20width%3D%22101%22%20height%3D%2257%22%20viewBox%3D%220%200%20101%2057%22%3E%3C%2Fsvg%3E\" loading=\"eager\"><\/span><span class=\"fg-image-overlay\"><\/span><\/a><figcaption class=\"fg-caption\"><div class=\"fg-caption-inner\"><div class=\"fg-caption-desc\">Un Gebidumpass d\u00e9sert\u00e9 par les foules de l'\u00e9t\u00e9.<\/div><\/div><\/figcaption><\/figure><div class=\"fg-loader\"><\/div><\/div><div class=\"fg-item fg-type-image fg-idle\"><figure class=\"fg-item-inner\"><a href=\"https:\/\/alpavista.ch\/Alp11\/wp-content\/uploads\/Gebidum_2025_014.png\" data-caption-title=\"Vu les temp\u00e9ratures, on pourrait penser que son lac est bord\u00e9 de glace... et non d&#039;\u00e9cume.\" data-caption-desc=\"Vu les temp\u00e9ratures, on pourrait penser que son lac est bord\u00e9 de glace... et non d&#039;\u00e9cume.\" data-attachment-id=\"41101\" data-type=\"image\" class=\"fg-thumb\"><span class=\"fg-image-wrap\"><img decoding=\"async\" title=\"Vu les temp\u00e9ratures, on pourrait penser que son lac est bord\u00e9 de glace... et non d&#039;\u00e9cume.\" width=\"101\" height=\"57\" class=\"skip-lazy fg-image\" data-src-fg=\"https:\/\/alpavista.ch\/Alp11\/wp-content\/uploads\/cache\/Gebidum_2025_014\/3573280710.png\" src=\"data:image\/svg+xml,%3Csvg%20xmlns%3D%22http%3A%2F%2Fwww.w3.org%2F2000%2Fsvg%22%20width%3D%22101%22%20height%3D%2257%22%20viewBox%3D%220%200%20101%2057%22%3E%3C%2Fsvg%3E\" loading=\"eager\"><\/span><span class=\"fg-image-overlay\"><\/span><\/a><figcaption class=\"fg-caption\"><div class=\"fg-caption-inner\"><div class=\"fg-caption-desc\">Vu les temp\u00e9ratures, on pourrait penser que son lac est bord\u00e9 de glace... et non d'\u00e9cume.<\/div><\/div><\/figcaption><\/figure><div class=\"fg-loader\"><\/div><\/div><div class=\"fg-item fg-type-image fg-idle\"><figure class=\"fg-item-inner\"><a href=\"https:\/\/alpavista.ch\/Alp11\/wp-content\/uploads\/Gebidum_2025_015.png\" data-caption-title=\"Je n&#039;ai jamais \u00e9t\u00e9 un adepte des bains d&#039;eau gla\u00e7\u00e9e. Aujourd&#039;hui, encore moins que d&#039;habitude.\" data-caption-desc=\"Je n&#039;ai jamais \u00e9t\u00e9 un adepte des bains d&#039;eau gla\u00e7\u00e9e. Aujourd&#039;hui, encore moins que d&#039;habitude.\" data-attachment-id=\"41102\" data-type=\"image\" class=\"fg-thumb\"><span class=\"fg-image-wrap\"><img decoding=\"async\" title=\"Je n&#039;ai jamais \u00e9t\u00e9 un adepte des bains d&#039;eau gla\u00e7\u00e9e. Aujourd&#039;hui, encore moins que d&#039;habitude.\" width=\"101\" height=\"57\" class=\"skip-lazy fg-image\" data-src-fg=\"https:\/\/alpavista.ch\/Alp11\/wp-content\/uploads\/cache\/Gebidum_2025_015\/3016338228.png\" src=\"data:image\/svg+xml,%3Csvg%20xmlns%3D%22http%3A%2F%2Fwww.w3.org%2F2000%2Fsvg%22%20width%3D%22101%22%20height%3D%2257%22%20viewBox%3D%220%200%20101%2057%22%3E%3C%2Fsvg%3E\" loading=\"eager\"><\/span><span class=\"fg-image-overlay\"><\/span><\/a><figcaption class=\"fg-caption\"><div class=\"fg-caption-inner\"><div class=\"fg-caption-desc\">Je n'ai jamais \u00e9t\u00e9 un adepte des bains d'eau gla\u00e7\u00e9e. Aujourd'hui, encore moins que d'habitude.<\/div><\/div><\/figcaption><\/figure><div class=\"fg-loader\"><\/div><\/div><div class=\"fg-item fg-type-image fg-idle\"><figure class=\"fg-item-inner\"><a href=\"https:\/\/alpavista.ch\/Alp11\/wp-content\/uploads\/Gebidum_2025_016.png\" data-caption-title=\"Au fur et \u00e0 mesure que le soleil gagne, le Gebidumsee rajoute du turquoise \u00e0 la surface de ses eaux.\" data-caption-desc=\"Au fur et \u00e0 mesure que le soleil gagne, le Gebidumsee rajoute du turquoise \u00e0 la surface de ses eaux.\" data-attachment-id=\"41103\" data-type=\"image\" class=\"fg-thumb\"><span class=\"fg-image-wrap\"><img decoding=\"async\" title=\"Au fur et \u00e0 mesure que le soleil gagne, le Gebidumsee rajoute du turquoise \u00e0 la surface de ses eaux.\" width=\"101\" height=\"57\" class=\"skip-lazy fg-image\" data-src-fg=\"https:\/\/alpavista.ch\/Alp11\/wp-content\/uploads\/cache\/Gebidum_2025_016\/1540264179.png\" src=\"data:image\/svg+xml,%3Csvg%20xmlns%3D%22http%3A%2F%2Fwww.w3.org%2F2000%2Fsvg%22%20width%3D%22101%22%20height%3D%2257%22%20viewBox%3D%220%200%20101%2057%22%3E%3C%2Fsvg%3E\" loading=\"eager\"><\/span><span class=\"fg-image-overlay\"><\/span><\/a><figcaption class=\"fg-caption\"><div class=\"fg-caption-inner\"><div class=\"fg-caption-desc\">Au fur et \u00e0 mesure que le soleil gagne, le Gebidumsee rajoute du turquoise \u00e0 la surface de ses eaux.<\/div><\/div><\/figcaption><\/figure><div class=\"fg-loader\"><\/div><\/div><div class=\"fg-item fg-type-image fg-idle\"><figure class=\"fg-item-inner\"><a href=\"https:\/\/alpavista.ch\/Alp11\/wp-content\/uploads\/Gebidum_2025_017.png\" data-caption-title=\"C&#039;est exactement pour \u00e7a que j&#039;ai demand\u00e9 \u00e0 M. Orbea de me faire un Rise dor\u00e9 : rouler coordonn\u00e9, une fois l&#039;automne arriv\u00e9.\" data-caption-desc=\"C&#039;est exactement pour \u00e7a que j&#039;ai demand\u00e9 \u00e0 M. Orbea de me faire un Rise dor\u00e9 : rouler coordonn\u00e9, une fois l&#039;automne arriv\u00e9.\" data-attachment-id=\"41104\" data-type=\"image\" class=\"fg-thumb\"><span class=\"fg-image-wrap\"><img decoding=\"async\" title=\"C&#039;est exactement pour \u00e7a que j&#039;ai demand\u00e9 \u00e0 M. Orbea de me faire un Rise dor\u00e9 : rouler coordonn\u00e9, une fois l&#039;automne arriv\u00e9.\" width=\"101\" height=\"57\" class=\"skip-lazy fg-image\" data-src-fg=\"https:\/\/alpavista.ch\/Alp11\/wp-content\/uploads\/cache\/Gebidum_2025_017\/2108498640.png\" src=\"data:image\/svg+xml,%3Csvg%20xmlns%3D%22http%3A%2F%2Fwww.w3.org%2F2000%2Fsvg%22%20width%3D%22101%22%20height%3D%2257%22%20viewBox%3D%220%200%20101%2057%22%3E%3C%2Fsvg%3E\" loading=\"eager\"><\/span><span class=\"fg-image-overlay\"><\/span><\/a><figcaption class=\"fg-caption\"><div class=\"fg-caption-inner\"><div class=\"fg-caption-desc\">C'est exactement pour \u00e7a que j'ai demand\u00e9 \u00e0 M. Orbea de me faire un Rise dor\u00e9 : rouler coordonn\u00e9, une fois l'automne arriv\u00e9.<\/div><\/div><\/figcaption><\/figure><div class=\"fg-loader\"><\/div><\/div><div class=\"fg-item fg-type-image fg-idle\"><figure class=\"fg-item-inner\"><a href=\"https:\/\/alpavista.ch\/Alp11\/wp-content\/uploads\/Gebidum_2025_018.png\" data-caption-title=\"Fuir le Nanztal congestionn\u00e9 ...\" data-caption-desc=\"Fuir le Nanztal congestionn\u00e9 ...\" data-attachment-id=\"41105\" data-type=\"image\" class=\"fg-thumb\"><span class=\"fg-image-wrap\"><img decoding=\"async\" title=\"Fuir le Nanztal congestionn\u00e9 ...\" width=\"101\" height=\"57\" class=\"skip-lazy fg-image\" data-src-fg=\"https:\/\/alpavista.ch\/Alp11\/wp-content\/uploads\/cache\/Gebidum_2025_018\/3255110744.png\" src=\"data:image\/svg+xml,%3Csvg%20xmlns%3D%22http%3A%2F%2Fwww.w3.org%2F2000%2Fsvg%22%20width%3D%22101%22%20height%3D%2257%22%20viewBox%3D%220%200%20101%2057%22%3E%3C%2Fsvg%3E\" loading=\"eager\"><\/span><span class=\"fg-image-overlay\"><\/span><\/a><figcaption class=\"fg-caption\"><div class=\"fg-caption-inner\"><div class=\"fg-caption-desc\">Fuir le Nanztal congestionn\u00e9 ...<\/div><\/div><\/figcaption><\/figure><div class=\"fg-loader\"><\/div><\/div><div class=\"fg-item fg-type-image fg-idle\"><figure class=\"fg-item-inner\"><a href=\"https:\/\/alpavista.ch\/Alp11\/wp-content\/uploads\/Gebidum_2025_019.png\" data-caption-title=\"... ses sommets prisonniers du vent et des nuages ....\" data-caption-desc=\"... ses sommets prisonniers du vent et des nuages ....\" data-attachment-id=\"41106\" data-type=\"image\" class=\"fg-thumb\"><span class=\"fg-image-wrap\"><img decoding=\"async\" title=\"... ses sommets prisonniers du vent et des nuages ....\" width=\"101\" height=\"57\" class=\"skip-lazy fg-image\" data-src-fg=\"https:\/\/alpavista.ch\/Alp11\/wp-content\/uploads\/cache\/Gebidum_2025_019\/2771863722.png\" src=\"data:image\/svg+xml,%3Csvg%20xmlns%3D%22http%3A%2F%2Fwww.w3.org%2F2000%2Fsvg%22%20width%3D%22101%22%20height%3D%2257%22%20viewBox%3D%220%200%20101%2057%22%3E%3C%2Fsvg%3E\" loading=\"eager\"><\/span><span class=\"fg-image-overlay\"><\/span><\/a><figcaption class=\"fg-caption\"><div class=\"fg-caption-inner\"><div class=\"fg-caption-desc\">... ses sommets prisonniers du vent et des nuages ....<\/div><\/div><\/figcaption><\/figure><div class=\"fg-loader\"><\/div><\/div><div class=\"fg-item fg-type-image fg-idle\"><figure class=\"fg-item-inner\"><a href=\"https:\/\/alpavista.ch\/Alp11\/wp-content\/uploads\/Gebidum_2025_020.png\" data-caption-title=\"... pour tenter d&#039;accrocher un Gebidum provisoirement ensoleill\u00e9.\" data-caption-desc=\"... pour tenter d&#039;accrocher un Gebidum provisoirement ensoleill\u00e9.\" data-attachment-id=\"41107\" data-type=\"image\" class=\"fg-thumb\"><span class=\"fg-image-wrap\"><img decoding=\"async\" title=\"... pour tenter d&#039;accrocher un Gebidum provisoirement ensoleill\u00e9.\" width=\"101\" height=\"57\" class=\"skip-lazy fg-image\" data-src-fg=\"https:\/\/alpavista.ch\/Alp11\/wp-content\/uploads\/cache\/Gebidum_2025_020\/3850195808.png\" src=\"data:image\/svg+xml,%3Csvg%20xmlns%3D%22http%3A%2F%2Fwww.w3.org%2F2000%2Fsvg%22%20width%3D%22101%22%20height%3D%2257%22%20viewBox%3D%220%200%20101%2057%22%3E%3C%2Fsvg%3E\" loading=\"eager\"><\/span><span class=\"fg-image-overlay\"><\/span><\/a><figcaption class=\"fg-caption\"><div class=\"fg-caption-inner\"><div class=\"fg-caption-desc\">... pour tenter d'accrocher un Gebidum provisoirement ensoleill\u00e9.<\/div><\/div><\/figcaption><\/figure><div class=\"fg-loader\"><\/div><\/div><div class=\"fg-item fg-type-image fg-idle\"><figure class=\"fg-item-inner\"><a href=\"https:\/\/alpavista.ch\/Alp11\/wp-content\/uploads\/Gebidum_2025_021.png\" data-caption-title=\"Et pour l&#039;accrocher, le sommet du Gebidum, il faut commencer par pulser et lutter.\" data-caption-desc=\"Et pour l&#039;accrocher, le sommet du Gebidum, il faut commencer par pulser et lutter.\" data-attachment-id=\"41108\" data-type=\"image\" class=\"fg-thumb\"><span class=\"fg-image-wrap\"><img decoding=\"async\" title=\"Et pour l&#039;accrocher, le sommet du Gebidum, il faut commencer par pulser et lutter.\" width=\"101\" height=\"57\" class=\"skip-lazy fg-image\" data-src-fg=\"https:\/\/alpavista.ch\/Alp11\/wp-content\/uploads\/cache\/Gebidum_2025_021\/1102908641.png\" src=\"data:image\/svg+xml,%3Csvg%20xmlns%3D%22http%3A%2F%2Fwww.w3.org%2F2000%2Fsvg%22%20width%3D%22101%22%20height%3D%2257%22%20viewBox%3D%220%200%20101%2057%22%3E%3C%2Fsvg%3E\" loading=\"eager\"><\/span><span class=\"fg-image-overlay\"><\/span><\/a><figcaption class=\"fg-caption\"><div class=\"fg-caption-inner\"><div class=\"fg-caption-desc\">Et pour l'accrocher, le sommet du Gebidum, il faut commencer par pulser et lutter.<\/div><\/div><\/figcaption><\/figure><div class=\"fg-loader\"><\/div><\/div><div class=\"fg-item fg-type-image fg-idle\"><figure class=\"fg-item-inner\"><a href=\"https:\/\/alpavista.ch\/Alp11\/wp-content\/uploads\/Gebidum_2025_022.png\" data-caption-title=\"Et ne jamais h\u00e9siter \u00e0 escalader tout ce qui est potentiellement escaladable.\" data-caption-desc=\"Et ne jamais h\u00e9siter \u00e0 escalader tout ce qui est potentiellement escaladable.\" data-attachment-id=\"41109\" data-type=\"image\" class=\"fg-thumb\"><span class=\"fg-image-wrap\"><img decoding=\"async\" title=\"Et ne jamais h\u00e9siter \u00e0 escalader tout ce qui est potentiellement escaladable.\" width=\"101\" height=\"57\" class=\"skip-lazy fg-image\" data-src-fg=\"https:\/\/alpavista.ch\/Alp11\/wp-content\/uploads\/cache\/Gebidum_2025_022\/2847553318.png\" src=\"data:image\/svg+xml,%3Csvg%20xmlns%3D%22http%3A%2F%2Fwww.w3.org%2F2000%2Fsvg%22%20width%3D%22101%22%20height%3D%2257%22%20viewBox%3D%220%200%20101%2057%22%3E%3C%2Fsvg%3E\" loading=\"eager\"><\/span><span class=\"fg-image-overlay\"><\/span><\/a><figcaption class=\"fg-caption\"><div class=\"fg-caption-inner\"><div class=\"fg-caption-desc\">Et ne jamais h\u00e9siter \u00e0 escalader tout ce qui est potentiellement escaladable.<\/div><\/div><\/figcaption><\/figure><div class=\"fg-loader\"><\/div><\/div><div class=\"fg-item fg-type-image fg-idle\"><figure class=\"fg-item-inner\"><a href=\"https:\/\/alpavista.ch\/Alp11\/wp-content\/uploads\/Gebidum_2025_023.png\" data-caption-title=\"Du coup, ce qui devait arriver, arriva, son sommet ensoleill\u00e9 mais particuli\u00e8rement ventil\u00e9.\" data-caption-desc=\"Du coup, ce qui devait arriver, arriva, son sommet ensoleill\u00e9 mais particuli\u00e8rement ventil\u00e9.\" data-attachment-id=\"41110\" data-type=\"image\" class=\"fg-thumb\"><span class=\"fg-image-wrap\"><img decoding=\"async\" title=\"Du coup, ce qui devait arriver, arriva, son sommet ensoleill\u00e9 mais particuli\u00e8rement ventil\u00e9.\" width=\"101\" height=\"57\" class=\"skip-lazy fg-image\" data-src-fg=\"https:\/\/alpavista.ch\/Alp11\/wp-content\/uploads\/cache\/Gebidum_2025_023\/3177089747.png\" src=\"data:image\/svg+xml,%3Csvg%20xmlns%3D%22http%3A%2F%2Fwww.w3.org%2F2000%2Fsvg%22%20width%3D%22101%22%20height%3D%2257%22%20viewBox%3D%220%200%20101%2057%22%3E%3C%2Fsvg%3E\" loading=\"eager\"><\/span><span class=\"fg-image-overlay\"><\/span><\/a><figcaption class=\"fg-caption\"><div class=\"fg-caption-inner\"><div class=\"fg-caption-desc\">Du coup, ce qui devait arriver, arriva, son sommet ensoleill\u00e9 mais particuli\u00e8rement ventil\u00e9.<\/div><\/div><\/figcaption><\/figure><div class=\"fg-loader\"><\/div><\/div><div class=\"fg-item fg-type-image fg-idle\"><figure class=\"fg-item-inner\"><a href=\"https:\/\/alpavista.ch\/Alp11\/wp-content\/uploads\/Gebidum_2025_024.png\" data-caption-title=\"Mois d&#039;ao\u00fbt 2025 caniculaire : le r\u00e9chauffement climatique \u00e0 l&#039;oeuvre, on va tous mourir !\" data-caption-desc=\"Mois d&#039;ao\u00fbt 2025 caniculaire : le r\u00e9chauffement climatique \u00e0 l&#039;oeuvre, on va tous mourir !\" data-attachment-id=\"41111\" data-type=\"image\" class=\"fg-thumb\"><span class=\"fg-image-wrap\"><img decoding=\"async\" title=\"Mois d&#039;ao\u00fbt 2025 caniculaire : le r\u00e9chauffement climatique \u00e0 l&#039;oeuvre, on va tous mourir !\" width=\"101\" height=\"57\" class=\"skip-lazy fg-image\" data-src-fg=\"https:\/\/alpavista.ch\/Alp11\/wp-content\/uploads\/cache\/Gebidum_2025_024\/3507732462.png\" src=\"data:image\/svg+xml,%3Csvg%20xmlns%3D%22http%3A%2F%2Fwww.w3.org%2F2000%2Fsvg%22%20width%3D%22101%22%20height%3D%2257%22%20viewBox%3D%220%200%20101%2057%22%3E%3C%2Fsvg%3E\" loading=\"eager\"><\/span><span class=\"fg-image-overlay\"><\/span><\/a><figcaption class=\"fg-caption\"><div class=\"fg-caption-inner\"><div class=\"fg-caption-desc\">Mois d'ao\u00fbt 2025 caniculaire : le r\u00e9chauffement climatique \u00e0 l'oeuvre, on va tous mourir !<\/div><\/div><\/figcaption><\/figure><div class=\"fg-loader\"><\/div><\/div><div class=\"fg-item fg-type-image fg-idle\"><figure class=\"fg-item-inner\"><a href=\"https:\/\/alpavista.ch\/Alp11\/wp-content\/uploads\/Gebidum_2025_025.png\" data-caption-title=\"Ok, ok. Mais avant de mourir, on va commencer par plonger \u00e0 moiti\u00e9 frigorifi\u00e9.\" data-caption-desc=\"Ok, ok. Mais avant de mourir, on va commencer par plonger \u00e0 moiti\u00e9 frigorifi\u00e9.\" data-attachment-id=\"41112\" data-type=\"image\" class=\"fg-thumb\"><span class=\"fg-image-wrap\"><img decoding=\"async\" title=\"Ok, ok. Mais avant de mourir, on va commencer par plonger \u00e0 moiti\u00e9 frigorifi\u00e9.\" width=\"101\" height=\"57\" class=\"skip-lazy fg-image\" data-src-fg=\"https:\/\/alpavista.ch\/Alp11\/wp-content\/uploads\/cache\/Gebidum_2025_025\/3055680284.png\" src=\"data:image\/svg+xml,%3Csvg%20xmlns%3D%22http%3A%2F%2Fwww.w3.org%2F2000%2Fsvg%22%20width%3D%22101%22%20height%3D%2257%22%20viewBox%3D%220%200%20101%2057%22%3E%3C%2Fsvg%3E\" loading=\"eager\"><\/span><span class=\"fg-image-overlay\"><\/span><\/a><figcaption class=\"fg-caption\"><div class=\"fg-caption-inner\"><div class=\"fg-caption-desc\">Ok, ok. Mais avant de mourir, on va commencer par plonger \u00e0 moiti\u00e9 frigorifi\u00e9.<\/div><\/div><\/figcaption><\/figure><div class=\"fg-loader\"><\/div><\/div><div class=\"fg-item fg-type-image fg-idle\"><figure class=\"fg-item-inner\"><a href=\"https:\/\/alpavista.ch\/Alp11\/wp-content\/uploads\/Gebidum_2025_026.png\" data-caption-title=\"Pas de souci, le chemin du versant nord du Gebidum a largement de quoi r\u00e9chauffer un mort.\" data-caption-desc=\"Pas de souci, le chemin du versant nord du Gebidum a largement de quoi r\u00e9chauffer un mort.\" data-attachment-id=\"41113\" data-type=\"image\" class=\"fg-thumb\"><span class=\"fg-image-wrap\"><img decoding=\"async\" title=\"Pas de souci, le chemin du versant nord du Gebidum a largement de quoi r\u00e9chauffer un mort.\" width=\"101\" height=\"57\" class=\"skip-lazy fg-image\" data-src-fg=\"https:\/\/alpavista.ch\/Alp11\/wp-content\/uploads\/cache\/Gebidum_2025_026\/1579598043.png\" src=\"data:image\/svg+xml,%3Csvg%20xmlns%3D%22http%3A%2F%2Fwww.w3.org%2F2000%2Fsvg%22%20width%3D%22101%22%20height%3D%2257%22%20viewBox%3D%220%200%20101%2057%22%3E%3C%2Fsvg%3E\" loading=\"eager\"><\/span><span class=\"fg-image-overlay\"><\/span><\/a><figcaption class=\"fg-caption\"><div class=\"fg-caption-inner\"><div class=\"fg-caption-desc\">Pas de souci, le chemin du versant nord du Gebidum a largement de quoi r\u00e9chauffer un mort.<\/div><\/div><\/figcaption><\/figure><div class=\"fg-loader\"><\/div><\/div><div class=\"fg-item fg-type-image fg-idle\"><figure class=\"fg-item-inner\"><a href=\"https:\/\/alpavista.ch\/Alp11\/wp-content\/uploads\/Gebidum_2025_027.png\" data-caption-title=\"Route sur rouge, rien ne bouge. Enfin si, les aller-retours d&#039;un marteau piqueur \u00e9troit et pi\u00e9geux.\" data-caption-desc=\"Route sur rouge, rien ne bouge. Enfin si, les aller-retours d&#039;un marteau piqueur \u00e9troit et pi\u00e9geux.\" data-attachment-id=\"41114\" data-type=\"image\" class=\"fg-thumb\"><span class=\"fg-image-wrap\"><img decoding=\"async\" title=\"Route sur rouge, rien ne bouge. Enfin si, les aller-retours d&#039;un marteau piqueur \u00e9troit et pi\u00e9geux.\" width=\"101\" height=\"57\" class=\"skip-lazy fg-image\" data-src-fg=\"https:\/\/alpavista.ch\/Alp11\/wp-content\/uploads\/cache\/Gebidum_2025_027\/2017817336.png\" src=\"data:image\/svg+xml,%3Csvg%20xmlns%3D%22http%3A%2F%2Fwww.w3.org%2F2000%2Fsvg%22%20width%3D%22101%22%20height%3D%2257%22%20viewBox%3D%220%200%20101%2057%22%3E%3C%2Fsvg%3E\" loading=\"eager\"><\/span><span class=\"fg-image-overlay\"><\/span><\/a><figcaption class=\"fg-caption\"><div class=\"fg-caption-inner\"><div class=\"fg-caption-desc\">Route sur rouge, rien ne bouge. Enfin si, les aller-retours d'un marteau piqueur \u00e9troit et pi\u00e9geux.<\/div><\/div><\/figcaption><\/figure><div class=\"fg-loader\"><\/div><\/div><div class=\"fg-item fg-type-image fg-idle\"><figure class=\"fg-item-inner\"><a href=\"https:\/\/alpavista.ch\/Alp11\/wp-content\/uploads\/Gebidum_2025_028.png\" data-caption-title=\"Voil\u00e0 un chemin qui ne donne rien, mis \u00e0 part du fil \u00e0 retordre \u00e0 un pilotage trop passif....\" data-caption-desc=\"Voil\u00e0 un chemin qui ne donne rien, mis \u00e0 part du fil \u00e0 retordre \u00e0 un pilotage trop passif....\" data-attachment-id=\"41115\" data-type=\"image\" class=\"fg-thumb\"><span class=\"fg-image-wrap\"><img decoding=\"async\" title=\"Voil\u00e0 un chemin qui ne donne rien, mis \u00e0 part du fil \u00e0 retordre \u00e0 un pilotage trop passif....\" width=\"101\" height=\"57\" class=\"skip-lazy fg-image\" data-src-fg=\"https:\/\/alpavista.ch\/Alp11\/wp-content\/uploads\/cache\/Gebidum_2025_028\/3354221680.png\" src=\"data:image\/svg+xml,%3Csvg%20xmlns%3D%22http%3A%2F%2Fwww.w3.org%2F2000%2Fsvg%22%20width%3D%22101%22%20height%3D%2257%22%20viewBox%3D%220%200%20101%2057%22%3E%3C%2Fsvg%3E\" loading=\"eager\"><\/span><span class=\"fg-image-overlay\"><\/span><\/a><figcaption class=\"fg-caption\"><div class=\"fg-caption-inner\"><div class=\"fg-caption-desc\">Voil\u00e0 un chemin qui ne donne rien, mis \u00e0 part du fil \u00e0 retordre \u00e0 un pilotage trop passif....<\/div><\/div><\/figcaption><\/figure><div class=\"fg-loader\"><\/div><\/div><div class=\"fg-item fg-type-image fg-idle\"><figure class=\"fg-item-inner\"><a href=\"https:\/\/alpavista.ch\/Alp11\/wp-content\/uploads\/Gebidum_2025_029.png\" data-caption-title=\"... et du cr\u00e9dit de survie au choix de ses lignes.\" data-caption-desc=\"... et du cr\u00e9dit de survie au choix de ses lignes.\" data-attachment-id=\"41116\" data-type=\"image\" class=\"fg-thumb\"><span class=\"fg-image-wrap\"><img decoding=\"async\" title=\"... et du cr\u00e9dit de survie au choix de ses lignes.\" width=\"101\" height=\"57\" class=\"skip-lazy fg-image\" data-src-fg=\"https:\/\/alpavista.ch\/Alp11\/wp-content\/uploads\/cache\/Gebidum_2025_029\/2698975362.png\" src=\"data:image\/svg+xml,%3Csvg%20xmlns%3D%22http%3A%2F%2Fwww.w3.org%2F2000%2Fsvg%22%20width%3D%22101%22%20height%3D%2257%22%20viewBox%3D%220%200%20101%2057%22%3E%3C%2Fsvg%3E\" loading=\"eager\"><\/span><span class=\"fg-image-overlay\"><\/span><\/a><figcaption class=\"fg-caption\"><div class=\"fg-caption-inner\"><div class=\"fg-caption-desc\">... et du cr\u00e9dit de survie au choix de ses lignes.<\/div><\/div><\/figcaption><\/figure><div class=\"fg-loader\"><\/div><\/div><div class=\"fg-item fg-type-image fg-idle\"><figure class=\"fg-item-inner\"><a href=\"https:\/\/alpavista.ch\/Alp11\/wp-content\/uploads\/Gebidum_2025_030.png\" data-caption-title=\"Ceci dit, malgr\u00e9 tous nos efforts, il arrive un moment ou faire pied devient une n\u00e9cessit\u00e9.\" data-caption-desc=\"Ceci dit, malgr\u00e9 tous nos efforts, il arrive un moment ou faire pied devient une n\u00e9cessit\u00e9.\" data-attachment-id=\"41117\" data-type=\"image\" class=\"fg-thumb\"><span class=\"fg-image-wrap\"><img decoding=\"async\" title=\"Ceci dit, malgr\u00e9 tous nos efforts, il arrive un moment ou faire pied devient une n\u00e9cessit\u00e9.\" width=\"101\" height=\"57\" class=\"skip-lazy fg-image\" data-src-fg=\"https:\/\/alpavista.ch\/Alp11\/wp-content\/uploads\/cache\/Gebidum_2025_030\/3462605774.png\" src=\"data:image\/svg+xml,%3Csvg%20xmlns%3D%22http%3A%2F%2Fwww.w3.org%2F2000%2Fsvg%22%20width%3D%22101%22%20height%3D%2257%22%20viewBox%3D%220%200%20101%2057%22%3E%3C%2Fsvg%3E\" loading=\"eager\"><\/span><span class=\"fg-image-overlay\"><\/span><\/a><figcaption class=\"fg-caption\"><div class=\"fg-caption-inner\"><div class=\"fg-caption-desc\">Ceci dit, malgr\u00e9 tous nos efforts, il arrive un moment ou faire pied devient une n\u00e9cessit\u00e9.<\/div><\/div><\/figcaption><\/figure><div class=\"fg-loader\"><\/div><\/div><div class=\"fg-item fg-type-image fg-idle\"><figure class=\"fg-item-inner\"><a href=\"https:\/\/alpavista.ch\/Alp11\/wp-content\/uploads\/Gebidum_2025_031.png\" data-caption-title=\"L&#039;art du bon sens : au de plus en plus rugueux Nordwand, nous optons pour un retour via le prometteur \u00ab Panoramaweg \u00bb.\" data-caption-desc=\"L&#039;art du bon sens : au de plus en plus rugueux Nordwand, nous optons pour un retour via le prometteur \u00ab Panoramaweg \u00bb.\" data-attachment-id=\"41118\" data-type=\"image\" class=\"fg-thumb\"><span class=\"fg-image-wrap\"><img decoding=\"async\" title=\"L&#039;art du bon sens : au de plus en plus rugueux Nordwand, nous optons pour un retour via le prometteur \u00ab Panoramaweg \u00bb.\" width=\"101\" height=\"57\" class=\"skip-lazy fg-image\" data-src-fg=\"https:\/\/alpavista.ch\/Alp11\/wp-content\/uploads\/cache\/Gebidum_2025_031\/1789097039.png\" src=\"data:image\/svg+xml,%3Csvg%20xmlns%3D%22http%3A%2F%2Fwww.w3.org%2F2000%2Fsvg%22%20width%3D%22101%22%20height%3D%2257%22%20viewBox%3D%220%200%20101%2057%22%3E%3C%2Fsvg%3E\" loading=\"eager\"><\/span><span class=\"fg-image-overlay\"><\/span><\/a><figcaption class=\"fg-caption\"><div class=\"fg-caption-inner\"><div class=\"fg-caption-desc\">L'art du bon sens : au de plus en plus rugueux Nordwand, nous optons pour un retour via le prometteur \u00ab Panoramaweg \u00bb.<\/div><\/div><\/figcaption><\/figure><div class=\"fg-loader\"><\/div><\/div><div class=\"fg-item fg-type-image fg-idle\"><figure class=\"fg-item-inner\"><a href=\"https:\/\/alpavista.ch\/Alp11\/wp-content\/uploads\/Gebidum_2025_032.png\" data-caption-title=\"Bonne pioche ! Le chemin accroch\u00e9 aux flancs orientaux du Vispertal confine au bonheur en selle.\" data-caption-desc=\"Bonne pioche ! Le chemin accroch\u00e9 aux flancs orientaux du Vispertal confine au bonheur en selle.\" data-attachment-id=\"41119\" data-type=\"image\" class=\"fg-thumb\"><span class=\"fg-image-wrap\"><img decoding=\"async\" title=\"Bonne pioche ! Le chemin accroch\u00e9 aux flancs orientaux du Vispertal confine au bonheur en selle.\" width=\"101\" height=\"57\" class=\"skip-lazy fg-image\" data-src-fg=\"https:\/\/alpavista.ch\/Alp11\/wp-content\/uploads\/cache\/Gebidum_2025_032\/2191806344.png\" src=\"data:image\/svg+xml,%3Csvg%20xmlns%3D%22http%3A%2F%2Fwww.w3.org%2F2000%2Fsvg%22%20width%3D%22101%22%20height%3D%2257%22%20viewBox%3D%220%200%20101%2057%22%3E%3C%2Fsvg%3E\" loading=\"eager\"><\/span><span class=\"fg-image-overlay\"><\/span><\/a><figcaption class=\"fg-caption\"><div class=\"fg-caption-inner\"><div class=\"fg-caption-desc\">Bonne pioche ! Le chemin accroch\u00e9 aux flancs orientaux du Vispertal confine au bonheur en selle.<\/div><\/div><\/figcaption><\/figure><div class=\"fg-loader\"><\/div><\/div><div class=\"fg-item fg-type-image fg-idle\"><figure class=\"fg-item-inner\"><a href=\"https:\/\/alpavista.ch\/Alp11\/wp-content\/uploads\/Gebidum_2025_033.png\" data-caption-title=\"Pourtant, nous quittons sans regrets le Gebidum et son sommet ventil\u00e9 pour,  histoire de plonger sur Visperterminen et retrouver son microclimat si r\u00e9put\u00e9.\" data-caption-desc=\"Pourtant, nous quittons sans regrets le Gebidum et son sommet ventil\u00e9 pour,  histoire de plonger sur Visperterminen et retrouver son microclimat si r\u00e9put\u00e9.\" data-attachment-id=\"41120\" data-type=\"image\" class=\"fg-thumb\"><span class=\"fg-image-wrap\"><img decoding=\"async\" title=\"Pourtant, nous quittons sans regrets le Gebidum et son sommet ventil\u00e9 pour,  histoire de plonger sur Visperterminen et retrouver son microclimat si r\u00e9put\u00e9.\" width=\"101\" height=\"57\" class=\"skip-lazy fg-image\" data-src-fg=\"https:\/\/alpavista.ch\/Alp11\/wp-content\/uploads\/cache\/Gebidum_2025_033\/4002032551.png\" src=\"data:image\/svg+xml,%3Csvg%20xmlns%3D%22http%3A%2F%2Fwww.w3.org%2F2000%2Fsvg%22%20width%3D%22101%22%20height%3D%2257%22%20viewBox%3D%220%200%20101%2057%22%3E%3C%2Fsvg%3E\" loading=\"eager\"><\/span><span class=\"fg-image-overlay\"><\/span><\/a><figcaption class=\"fg-caption\"><div class=\"fg-caption-inner\"><div class=\"fg-caption-desc\">Pourtant, nous quittons sans regrets le Gebidum et son sommet ventil\u00e9 pour,  histoire de plonger sur Visperterminen et retrouver son microclimat si r\u00e9put\u00e9.<\/div><\/div><\/figcaption><\/figure><div class=\"fg-loader\"><\/div><\/div><div class=\"fg-item fg-type-image fg-idle\"><figure class=\"fg-item-inner\"><a href=\"https:\/\/alpavista.ch\/Alp11\/wp-content\/uploads\/Gebidum_2025_034.png\" data-caption-title=\"Et plonger est localement le terme le mieux appropri\u00e9 \u00e0 un chemin qui adore se prendre pour un d\u00e9valoir.\" data-caption-desc=\"Et plonger est localement le terme le mieux appropri\u00e9 \u00e0 un chemin qui adore se prendre pour un d\u00e9valoir.\" data-attachment-id=\"41121\" data-type=\"image\" class=\"fg-thumb\"><span class=\"fg-image-wrap\"><img decoding=\"async\" title=\"Et plonger est localement le terme le mieux appropri\u00e9 \u00e0 un chemin qui adore se prendre pour un d\u00e9valoir.\" width=\"101\" height=\"57\" class=\"skip-lazy fg-image\" data-src-fg=\"https:\/\/alpavista.ch\/Alp11\/wp-content\/uploads\/cache\/Gebidum_2025_034\/2194087578.png\" src=\"data:image\/svg+xml,%3Csvg%20xmlns%3D%22http%3A%2F%2Fwww.w3.org%2F2000%2Fsvg%22%20width%3D%22101%22%20height%3D%2257%22%20viewBox%3D%220%200%20101%2057%22%3E%3C%2Fsvg%3E\" loading=\"eager\"><\/span><span class=\"fg-image-overlay\"><\/span><\/a><figcaption class=\"fg-caption\"><div class=\"fg-caption-inner\"><div class=\"fg-caption-desc\">Et plonger est localement le terme le mieux appropri\u00e9 \u00e0 un chemin qui adore se prendre pour un d\u00e9valoir.<\/div><\/div><\/figcaption><\/figure><div class=\"fg-loader\"><\/div><\/div><div class=\"fg-item fg-type-image fg-idle\"><figure class=\"fg-item-inner\"><a href=\"https:\/\/alpavista.ch\/Alp11\/wp-content\/uploads\/Gebidum_2025_035.png\" data-caption-title=\"Les effets de l&#039;orientation du versant et de l&#039;absence de vent se font rapidement ressentir.\" data-caption-desc=\"Les effets de l&#039;orientation du versant et de l&#039;absence de vent se font rapidement ressentir.\" data-attachment-id=\"41122\" data-type=\"image\" class=\"fg-thumb\"><span class=\"fg-image-wrap\"><img decoding=\"async\" title=\"Les effets de l&#039;orientation du versant et de l&#039;absence de vent se font rapidement ressentir.\" width=\"101\" height=\"57\" class=\"skip-lazy fg-image\" data-src-fg=\"https:\/\/alpavista.ch\/Alp11\/wp-content\/uploads\/cache\/Gebidum_2025_035\/3858061928.png\" src=\"data:image\/svg+xml,%3Csvg%20xmlns%3D%22http%3A%2F%2Fwww.w3.org%2F2000%2Fsvg%22%20width%3D%22101%22%20height%3D%2257%22%20viewBox%3D%220%200%20101%2057%22%3E%3C%2Fsvg%3E\" loading=\"eager\"><\/span><span class=\"fg-image-overlay\"><\/span><\/a><figcaption class=\"fg-caption\"><div class=\"fg-caption-inner\"><div class=\"fg-caption-desc\">Les effets de l'orientation du versant et de l'absence de vent se font rapidement ressentir.<\/div><\/div><\/figcaption><\/figure><div class=\"fg-loader\"><\/div><\/div><div class=\"fg-item fg-type-image fg-idle\"><figure class=\"fg-item-inner\"><a href=\"https:\/\/alpavista.ch\/Alp11\/wp-content\/uploads\/Gebidum_2025_036.png\" data-caption-title=\"On va peut-\u00eatre m\u00eame finir par avoir chaud. Ce qui serait quand m\u00eame le comble pour un mois d&#039;ao\u00fbt...\" data-caption-desc=\"On va peut-\u00eatre m\u00eame finir par avoir chaud. Ce qui serait quand m\u00eame le comble pour un mois d&#039;ao\u00fbt...\" data-attachment-id=\"41123\" data-type=\"image\" class=\"fg-thumb\"><span class=\"fg-image-wrap\"><img decoding=\"async\" title=\"On va peut-\u00eatre m\u00eame finir par avoir chaud. Ce qui serait quand m\u00eame le comble pour un mois d&#039;ao\u00fbt...\" width=\"101\" height=\"57\" class=\"skip-lazy fg-image\" data-src-fg=\"https:\/\/alpavista.ch\/Alp11\/wp-content\/uploads\/cache\/Gebidum_2025_036\/233988527.png\" src=\"data:image\/svg+xml,%3Csvg%20xmlns%3D%22http%3A%2F%2Fwww.w3.org%2F2000%2Fsvg%22%20width%3D%22101%22%20height%3D%2257%22%20viewBox%3D%220%200%20101%2057%22%3E%3C%2Fsvg%3E\" loading=\"eager\"><\/span><span class=\"fg-image-overlay\"><\/span><\/a><figcaption class=\"fg-caption\"><div class=\"fg-caption-inner\"><div class=\"fg-caption-desc\">On va peut-\u00eatre m\u00eame finir par avoir chaud. Ce qui serait quand m\u00eame le comble pour un mois d'ao\u00fbt...<\/div><\/div><\/figcaption><\/figure><div class=\"fg-loader\"><\/div><\/div><div class=\"fg-item fg-type-image fg-idle\"><figure class=\"fg-item-inner\"><a href=\"https:\/\/alpavista.ch\/Alp11\/wp-content\/uploads\/Gebidum_2025_037.png\" data-caption-title=\"Vite un petite pri\u00e8re dans l&#039;une des c\u00e9l\u00e8bres dix chapelles ch\u00e8res \u00e0 Visperterminen ? Je pense que vous connaissez d\u00e9j\u00e0 la r\u00e9ponse.\" data-caption-desc=\"Vite un petite pri\u00e8re dans l&#039;une des c\u00e9l\u00e8bres dix chapelles ch\u00e8res \u00e0 Visperterminen ? Je pense que vous connaissez d\u00e9j\u00e0 la r\u00e9ponse.\" data-attachment-id=\"41124\" data-type=\"image\" class=\"fg-thumb\"><span class=\"fg-image-wrap\"><img decoding=\"async\" title=\"Vite un petite pri\u00e8re dans l&#039;une des c\u00e9l\u00e8bres dix chapelles ch\u00e8res \u00e0 Visperterminen ? Je pense que vous connaissez d\u00e9j\u00e0 la r\u00e9ponse.\" width=\"101\" height=\"57\" class=\"skip-lazy fg-image\" data-src-fg=\"https:\/\/alpavista.ch\/Alp11\/wp-content\/uploads\/cache\/Gebidum_2025_037\/730977164.png\" src=\"data:image\/svg+xml,%3Csvg%20xmlns%3D%22http%3A%2F%2Fwww.w3.org%2F2000%2Fsvg%22%20width%3D%22101%22%20height%3D%2257%22%20viewBox%3D%220%200%20101%2057%22%3E%3C%2Fsvg%3E\" loading=\"eager\"><\/span><span class=\"fg-image-overlay\"><\/span><\/a><figcaption class=\"fg-caption\"><div class=\"fg-caption-inner\"><div class=\"fg-caption-desc\">Vite un petite pri\u00e8re dans l'une des c\u00e9l\u00e8bres dix chapelles ch\u00e8res \u00e0 Visperterminen ? Je pense que vous connaissez d\u00e9j\u00e0 la r\u00e9ponse.<\/div><\/div><\/figcaption><\/figure><div class=\"fg-loader\"><\/div><\/div><div class=\"fg-item fg-type-image fg-idle\"><figure class=\"fg-item-inner\"><a href=\"https:\/\/alpavista.ch\/Alp11\/wp-content\/uploads\/Gebidum_2025_038.png\" data-caption-title=\"Pr\u00e9lude \u00e0 une suite de descente chaotique ?\" data-caption-desc=\"Pr\u00e9lude \u00e0 une suite de descente chaotique ?\" data-attachment-id=\"41125\" data-type=\"image\" class=\"fg-thumb\"><span class=\"fg-image-wrap\"><img decoding=\"async\" title=\"Pr\u00e9lude \u00e0 une suite de descente chaotique ?\" width=\"101\" height=\"57\" class=\"skip-lazy fg-image\" data-src-fg=\"https:\/\/alpavista.ch\/Alp11\/wp-content\/uploads\/cache\/Gebidum_2025_038\/2486828292.png\" src=\"data:image\/svg+xml,%3Csvg%20xmlns%3D%22http%3A%2F%2Fwww.w3.org%2F2000%2Fsvg%22%20width%3D%22101%22%20height%3D%2257%22%20viewBox%3D%220%200%20101%2057%22%3E%3C%2Fsvg%3E\" loading=\"eager\"><\/span><span class=\"fg-image-overlay\"><\/span><\/a><figcaption class=\"fg-caption\"><div class=\"fg-caption-inner\"><div class=\"fg-caption-desc\">Pr\u00e9lude \u00e0 une suite de descente chaotique ?<\/div><\/div><\/figcaption><\/figure><div class=\"fg-loader\"><\/div><\/div><div class=\"fg-item fg-type-image fg-idle\"><figure class=\"fg-item-inner\"><a href=\"https:\/\/alpavista.ch\/Alp11\/wp-content\/uploads\/Gebidum_2025_039.png\" data-caption-title=\"Ce n&#039;est pas rien de le dire. Les for\u00eats du Vispertal ont particuli\u00e8rement souffert des incroyables chutes de neige du 17 avril dernier.\" data-caption-desc=\"Ce n&#039;est pas rien de le dire. Les for\u00eats du Vispertal ont particuli\u00e8rement souffert des incroyables chutes de neige du 17 avril dernier.\" data-attachment-id=\"41126\" data-type=\"image\" class=\"fg-thumb\"><span class=\"fg-image-wrap\"><img decoding=\"async\" title=\"Ce n&#039;est pas rien de le dire. Les for\u00eats du Vispertal ont particuli\u00e8rement souffert des incroyables chutes de neige du 17 avril dernier.\" width=\"101\" height=\"57\" class=\"skip-lazy fg-image\" data-src-fg=\"https:\/\/alpavista.ch\/Alp11\/wp-content\/uploads\/cache\/Gebidum_2025_039\/4077631990.png\" src=\"data:image\/svg+xml,%3Csvg%20xmlns%3D%22http%3A%2F%2Fwww.w3.org%2F2000%2Fsvg%22%20width%3D%22101%22%20height%3D%2257%22%20viewBox%3D%220%200%20101%2057%22%3E%3C%2Fsvg%3E\" loading=\"eager\"><\/span><span class=\"fg-image-overlay\"><\/span><\/a><figcaption class=\"fg-caption\"><div class=\"fg-caption-inner\"><div class=\"fg-caption-desc\">Ce n'est pas rien de le dire. Les for\u00eats du Vispertal ont particuli\u00e8rement souffert des incroyables chutes de neige du 17 avril dernier.<\/div><\/div><\/figcaption><\/figure><div class=\"fg-loader\"><\/div><\/div><div class=\"fg-item fg-type-image fg-idle\"><figure class=\"fg-item-inner\"><a href=\"https:\/\/alpavista.ch\/Alp11\/wp-content\/uploads\/Gebidum_2025_040.png\" data-caption-title=\"Sur de nombreux et interminables tron\u00e7ons, c&#039;est un peu comme rouler \u00e0 Bagdad.\" data-caption-desc=\"Sur de nombreux et interminables tron\u00e7ons, c&#039;est un peu comme rouler \u00e0 Bagdad.\" data-attachment-id=\"41127\" data-type=\"image\" class=\"fg-thumb\"><span class=\"fg-image-wrap\"><img decoding=\"async\" title=\"Sur de nombreux et interminables tron\u00e7ons, c&#039;est un peu comme rouler \u00e0 Bagdad.\" width=\"101\" height=\"57\" class=\"skip-lazy fg-image\" data-src-fg=\"https:\/\/alpavista.ch\/Alp11\/wp-content\/uploads\/cache\/Gebidum_2025_040\/4004377392.png\" src=\"data:image\/svg+xml,%3Csvg%20xmlns%3D%22http%3A%2F%2Fwww.w3.org%2F2000%2Fsvg%22%20width%3D%22101%22%20height%3D%2257%22%20viewBox%3D%220%200%20101%2057%22%3E%3C%2Fsvg%3E\" loading=\"eager\"><\/span><span class=\"fg-image-overlay\"><\/span><\/a><figcaption class=\"fg-caption\"><div class=\"fg-caption-inner\"><div class=\"fg-caption-desc\">Sur de nombreux et interminables tron\u00e7ons, c'est un peu comme rouler \u00e0 Bagdad.<\/div><\/div><\/figcaption><\/figure><div class=\"fg-loader\"><\/div><\/div><div class=\"fg-item fg-type-image fg-idle\"><figure class=\"fg-item-inner\"><a href=\"https:\/\/alpavista.ch\/Alp11\/wp-content\/uploads\/Gebidum_2025_041.png\" data-caption-title=\"Flagrant d\u00e9lit de \u00ab gorettage \u00bb d&#039;\u00e9pingle.\" data-caption-desc=\"Flagrant d\u00e9lit de \u00ab gorettage \u00bb d&#039;\u00e9pingle.\" data-attachment-id=\"41128\" data-type=\"image\" class=\"fg-thumb\"><span class=\"fg-image-wrap\"><img decoding=\"async\" title=\"Flagrant d\u00e9lit de \u00ab gorettage \u00bb d&#039;\u00e9pingle.\" width=\"101\" height=\"57\" class=\"skip-lazy fg-image\" data-src-fg=\"https:\/\/alpavista.ch\/Alp11\/wp-content\/uploads\/cache\/Gebidum_2025_041\/1248701617.png\" src=\"data:image\/svg+xml,%3Csvg%20xmlns%3D%22http%3A%2F%2Fwww.w3.org%2F2000%2Fsvg%22%20width%3D%22101%22%20height%3D%2257%22%20viewBox%3D%220%200%20101%2057%22%3E%3C%2Fsvg%3E\" loading=\"eager\"><\/span><span class=\"fg-image-overlay\"><\/span><\/a><figcaption class=\"fg-caption\"><div class=\"fg-caption-inner\"><div class=\"fg-caption-desc\">Flagrant d\u00e9lit de \u00ab gorettage \u00bb d'\u00e9pingle.<\/div><\/div><\/figcaption><\/figure><div class=\"fg-loader\"><\/div><\/div><div class=\"fg-item fg-type-image fg-idle\"><figure class=\"fg-item-inner\"><a href=\"https:\/\/alpavista.ch\/Alp11\/wp-content\/uploads\/Gebidum_2025_042.png\" data-caption-title=\"Pourtant, pour arriver jusqu&#039;\u00e0 Vi\u00e8ge, ce ne sont pas tant les \u00e9pingles qu&#039;il faut g\u00e9rer, que les impressionnants et nombreux d\u00e9g\u00e2ts de la nature.\" data-caption-desc=\"Pourtant, pour arriver jusqu&#039;\u00e0 Vi\u00e8ge, ce ne sont pas tant les \u00e9pingles qu&#039;il faut g\u00e9rer, que les impressionnants et nombreux d\u00e9g\u00e2ts de la nature.\" data-attachment-id=\"41129\" data-type=\"image\" class=\"fg-thumb\"><span class=\"fg-image-wrap\"><img decoding=\"async\" title=\"Pourtant, pour arriver jusqu&#039;\u00e0 Vi\u00e8ge, ce ne sont pas tant les \u00e9pingles qu&#039;il faut g\u00e9rer, que les impressionnants et nombreux d\u00e9g\u00e2ts de la nature.\" width=\"101\" height=\"57\" class=\"skip-lazy fg-image\" data-src-fg=\"https:\/\/alpavista.ch\/Alp11\/wp-content\/uploads\/cache\/Gebidum_2025_042\/2724894582.png\" src=\"data:image\/svg+xml,%3Csvg%20xmlns%3D%22http%3A%2F%2Fwww.w3.org%2F2000%2Fsvg%22%20width%3D%22101%22%20height%3D%2257%22%20viewBox%3D%220%200%20101%2057%22%3E%3C%2Fsvg%3E\" loading=\"eager\"><\/span><span class=\"fg-image-overlay\"><\/span><\/a><figcaption class=\"fg-caption\"><div class=\"fg-caption-inner\"><div class=\"fg-caption-desc\">Pourtant, pour arriver jusqu'\u00e0 Vi\u00e8ge, ce ne sont pas tant les \u00e9pingles qu'il faut g\u00e9rer, que les impressionnants et nombreux d\u00e9g\u00e2ts de la nature.<\/div><\/div><\/figcaption><\/figure><div class=\"fg-loader\"><\/div><\/div><\/div>\n\n<input class=\"fooboxshare_post_id\" type=\"hidden\" value=\"41131\"\/>","protected":false},"excerpt":{"rendered":"<p>Finies les chaudes et longues journ\u00e9es ensoleill\u00e9es ! Oubli\u00e9es les canicules que certains m\u00e9\u00aedias \u00ab putaclics \u00bb aiment tant mettre en texte d\u2019accroche ! M\u00eame si le calendrier pr\u00e9tend qu\u2019il reste encore trois semaines, soi-disant estivales, l\u2019\u00e9t\u00e9 est bel et bien termin\u00e9. Malgr\u00e9 le fait que nous soyons encore provisoirement en ao\u00fbt, l\u2019automne a d\u2019ores et d\u00e9j\u00e0 pris ses quartiers. Sa m\u00e9t\u00e9o changeante en bandouli\u00e8re, l&rsquo;arri\u00e8re-saison qui tend \u00e0 d\u00e9plumer les arbres et \u00e0 jaunir les pr\u00e9s, a d\u00e9j\u00e0 plant\u00e9 [&hellip;]<\/p>\n","protected":false},"author":2,"featured_media":41087,"comment_status":"open","ping_status":"open","sticky":false,"template":"","format":"standard","meta":{"footnotes":""},"categories":[658,4],"tags":[3436,2536,1133,1948,1483,3437,1949,1130,1208,1470,1482,1211,1134],"class_list":["post-41131","post","type-post","status-publish","format-standard","has-post-thumbnail","hentry","category-outdoor","category-vtt","tag-bodmer-niwa","tag-gebidum","tag-gebidumpass","tag-giw","tag-gspon","tag-haischalpji","tag-hotee","tag-nantztal","tag-simplon","tag-stalden","tag-staldenried","tag-visp","tag-visperterminen"],"_links":{"self":[{"href":"https:\/\/alpavista.ch\/Alp11\/wp-json\/wp\/v2\/posts\/41131","targetHints":{"allow":["GET"]}}],"collection":[{"href":"https:\/\/alpavista.ch\/Alp11\/wp-json\/wp\/v2\/posts"}],"about":[{"href":"https:\/\/alpavista.ch\/Alp11\/wp-json\/wp\/v2\/types\/post"}],"author":[{"embeddable":true,"href":"https:\/\/alpavista.ch\/Alp11\/wp-json\/wp\/v2\/users\/2"}],"replies":[{"embeddable":true,"href":"https:\/\/alpavista.ch\/Alp11\/wp-json\/wp\/v2\/comments?post=41131"}],"version-history":[{"count":0,"href":"https:\/\/alpavista.ch\/Alp11\/wp-json\/wp\/v2\/posts\/41131\/revisions"}],"wp:featuredmedia":[{"embeddable":true,"href":"https:\/\/alpavista.ch\/Alp11\/wp-json\/wp\/v2\/media\/41087"}],"wp:attachment":[{"href":"https:\/\/alpavista.ch\/Alp11\/wp-json\/wp\/v2\/media?parent=41131"}],"wp:term":[{"taxonomy":"category","embeddable":true,"href":"https:\/\/alpavista.ch\/Alp11\/wp-json\/wp\/v2\/categories?post=41131"},{"taxonomy":"post_tag","embeddable":true,"href":"https:\/\/alpavista.ch\/Alp11\/wp-json\/wp\/v2\/tags?post=41131"}],"curies":[{"name":"wp","href":"https:\/\/api.w.org\/{rel}","templated":true}]}}