{"id":41439,"date":"2025-10-19T16:51:27","date_gmt":"2025-10-19T14:51:27","guid":{"rendered":"https:\/\/alpavista.ch\/Alp11\/?p=41439"},"modified":"2025-10-19T16:52:21","modified_gmt":"2025-10-19T14:52:21","slug":"tcpodr","status":"publish","type":"post","link":"https:\/\/alpavista.ch\/Alp11\/2025\/10\/19\/tcpodr\/","title":{"rendered":"TCPODR"},"content":{"rendered":"<p>TCPODR pour \u00ab Tournelle\/Croix de C\u0153ur\/Plannards\/Oindu\/Dent\/Racines \u00bb.<\/p>\n<p>Six chemins, c\u2019est mieux que rien !<\/p>\n<p>Si ce billet aurait tr\u00e8s bien aussi pu s\u2019intituler \u00ab Un dernier adret avant la mousson \u00bb, c\u2019est parce que le programme de notre journ\u00e9e ne s\u2019est finalement par articul\u00e9, sur le versant oppos\u00e9, du c\u00f4t\u00e9 du Col de Mille. La crainte du verglas et de la boue de gel\/d\u00e9gel nous a favorablement incit\u00e9 \u00e0 changer nos plans en derni\u00e8re minute.<br \/>\n<!--more--><\/p>\n<p>Encore beaucoup d\u2019int\u00e9ress\u00e9s, au d\u00e9part du petit t\u00e9l\u00e9ph\u00e9rique de Sarreyer, en ce dimanche matin, dernier jour sec annonc\u00e9. La fin de saison incite clairement les passionn\u00e9s \u00e0 multiplier les sorties avant de, provisoirement, troquer les roues cramponn\u00e9es contres des joujoux mieux adapt\u00e9s \u00e0 la glisse hivernale.<\/p>\n<style type=\"text\/css\">\n#foogallery-gallery-41438 .fg-image { width: 101px; }\n#foogallery-gallery-41438 { --fg-gutter: 1px; }<\/style>\n\t\t\t<div class=\"foogallery foogallery-container foogallery-default foogallery-lightbox-none fg-left fg-default fg-ready fg-light fg-loading-default fg-loaded-fade-in fg-preset fg-selena fg-preset-small fg-preset fg-selena fg-preset-small\" id=\"foogallery-gallery-41438\" data-foogallery=\"{&quot;item&quot;:{&quot;showCaptionTitle&quot;:false,&quot;showCaptionDescription&quot;:true},&quot;lazy&quot;:true,&quot;state&quot;:{&quot;enabled&quot;:true,&quot;mask&quot;:&quot;foogallery-{id}&quot;}}\" style=\"--fg-title-line-clamp: 0; --fg-description-line-clamp: 0;\" >\n\t<div class=\"fg-item fg-type-image fg-idle\"><figure class=\"fg-item-inner\"><a href=\"https:\/\/alpavista.ch\/Alp11\/wp-content\/uploads\/TCPODR_2025_001.png\" data-caption-title=\"1600 m\u00e8tres de D+ : une journ\u00e9e de repos comme on les aime.\" data-caption-desc=\"1600 m\u00e8tres de D+ : une journ\u00e9e de repos comme on les aime.\" data-attachment-id=\"41410\" data-type=\"image\" class=\"fg-thumb\"><span class=\"fg-image-wrap\"><img decoding=\"async\" title=\"1600 m\u00e8tres de D+ : une journ\u00e9e de repos comme on les aime.\" width=\"101\" height=\"57\" class=\"skip-lazy fg-image\" data-src-fg=\"https:\/\/alpavista.ch\/Alp11\/wp-content\/uploads\/cache\/TCPODR_2025_001\/2727823.png\" src=\"data:image\/svg+xml,%3Csvg%20xmlns%3D%22http%3A%2F%2Fwww.w3.org%2F2000%2Fsvg%22%20width%3D%22101%22%20height%3D%2257%22%20viewBox%3D%220%200%20101%2057%22%3E%3C%2Fsvg%3E\" loading=\"eager\"><\/span><span class=\"fg-image-overlay\"><\/span><\/a><figcaption class=\"fg-caption\"><div class=\"fg-caption-inner\"><div class=\"fg-caption-desc\">1600 m\u00e8tres de D+ : une journ\u00e9e de repos comme on les aime.<\/div><\/div><\/figcaption><\/figure><div class=\"fg-loader\"><\/div><\/div><div class=\"fg-item fg-type-image fg-idle\"><figure class=\"fg-item-inner\"><a href=\"https:\/\/alpavista.ch\/Alp11\/wp-content\/uploads\/TCPODR_2025_002.png\" data-caption-title=\"Foehn sur les Combins, semaine prochaine, rien de bien !\" data-caption-desc=\"Foehn sur les Combins, semaine prochaine, rien de bien !\" data-attachment-id=\"41411\" data-type=\"image\" class=\"fg-thumb\"><span class=\"fg-image-wrap\"><img decoding=\"async\" title=\"Foehn sur les Combins, semaine prochaine, rien de bien !\" width=\"101\" height=\"57\" class=\"skip-lazy fg-image\" data-src-fg=\"https:\/\/alpavista.ch\/Alp11\/wp-content\/uploads\/cache\/TCPODR_2025_002\/10581686.png\" src=\"data:image\/svg+xml,%3Csvg%20xmlns%3D%22http%3A%2F%2Fwww.w3.org%2F2000%2Fsvg%22%20width%3D%22101%22%20height%3D%2257%22%20viewBox%3D%220%200%20101%2057%22%3E%3C%2Fsvg%3E\" loading=\"eager\"><\/span><span class=\"fg-image-overlay\"><\/span><\/a><figcaption class=\"fg-caption\"><div class=\"fg-caption-inner\"><div class=\"fg-caption-desc\">Foehn sur les Combins, semaine prochaine, rien de bien !<\/div><\/div><\/figcaption><\/figure><div class=\"fg-loader\"><\/div><\/div><div class=\"fg-item fg-type-image fg-idle\"><figure class=\"fg-item-inner\"><a href=\"https:\/\/alpavista.ch\/Alp11\/wp-content\/uploads\/TCPODR_2025_003.png\" data-caption-title=\"Le \u00ab Bunny Up \u00bb expliqu\u00e9 aux nuls.\" data-caption-desc=\"Le \u00ab Bunny Up \u00bb expliqu\u00e9 aux nuls.\" data-attachment-id=\"41412\" data-type=\"image\" class=\"fg-thumb\"><span class=\"fg-image-wrap\"><img decoding=\"async\" title=\"Le \u00ab Bunny Up \u00bb expliqu\u00e9 aux nuls.\" width=\"101\" height=\"57\" class=\"skip-lazy fg-image\" data-src-fg=\"https:\/\/alpavista.ch\/Alp11\/wp-content\/uploads\/cache\/TCPODR_2025_003\/2238857991.png\" src=\"data:image\/svg+xml,%3Csvg%20xmlns%3D%22http%3A%2F%2Fwww.w3.org%2F2000%2Fsvg%22%20width%3D%22101%22%20height%3D%2257%22%20viewBox%3D%220%200%20101%2057%22%3E%3C%2Fsvg%3E\" loading=\"eager\"><\/span><span class=\"fg-image-overlay\"><\/span><\/a><figcaption class=\"fg-caption\"><div class=\"fg-caption-inner\"><div class=\"fg-caption-desc\">Le \u00ab Bunny Up \u00bb expliqu\u00e9 aux nuls.<\/div><\/div><\/figcaption><\/figure><div class=\"fg-loader\"><\/div><\/div><div class=\"fg-item fg-type-image fg-idle\"><figure class=\"fg-item-inner\"><a href=\"https:\/\/alpavista.ch\/Alp11\/wp-content\/uploads\/TCPODR_2025_004.png\" data-caption-title=\"Le gris est mis, mais la journ\u00e9e n&#039;est pas termin\u00e9e. Le soleil va peut-\u00eatre finir par gagner.\" data-caption-desc=\"Le gris est mis, mais la journ\u00e9e n&#039;est pas termin\u00e9e. Le soleil va peut-\u00eatre finir par gagner.\" data-attachment-id=\"41413\" data-type=\"image\" class=\"fg-thumb\"><span class=\"fg-image-wrap\"><img decoding=\"async\" title=\"Le gris est mis, mais la journ\u00e9e n&#039;est pas termin\u00e9e. Le soleil va peut-\u00eatre finir par gagner.\" width=\"101\" height=\"57\" class=\"skip-lazy fg-image\" data-src-fg=\"https:\/\/alpavista.ch\/Alp11\/wp-content\/uploads\/cache\/TCPODR_2025_004\/28353732.png\" src=\"data:image\/svg+xml,%3Csvg%20xmlns%3D%22http%3A%2F%2Fwww.w3.org%2F2000%2Fsvg%22%20width%3D%22101%22%20height%3D%2257%22%20viewBox%3D%220%200%20101%2057%22%3E%3C%2Fsvg%3E\" loading=\"eager\"><\/span><span class=\"fg-image-overlay\"><\/span><\/a><figcaption class=\"fg-caption\"><div class=\"fg-caption-inner\"><div class=\"fg-caption-desc\">Le gris est mis, mais la journ\u00e9e n'est pas termin\u00e9e. Le soleil va peut-\u00eatre finir par gagner.<\/div><\/div><\/figcaption><\/figure><div class=\"fg-loader\"><\/div><\/div><div class=\"fg-item fg-type-image fg-idle\"><figure class=\"fg-item-inner\"><a href=\"https:\/\/alpavista.ch\/Alp11\/wp-content\/uploads\/TCPODR_2025_005.png\" data-caption-title=\"Le menu du jour : plusieurs kilom\u00e8tres d&#039;horizontalit\u00e9 \u00e0 s&#039;enfiler dans le cornet. Qui va s&#039;en plaindre ? S\u00fbrement pas nous !\" data-caption-desc=\"Le menu du jour : plusieurs kilom\u00e8tres d&#039;horizontalit\u00e9 \u00e0 s&#039;enfiler dans le cornet. Qui va s&#039;en plaindre ? S\u00fbrement pas nous !\" data-attachment-id=\"41414\" data-type=\"image\" class=\"fg-thumb\"><span class=\"fg-image-wrap\"><img decoding=\"async\" title=\"Le menu du jour : plusieurs kilom\u00e8tres d&#039;horizontalit\u00e9 \u00e0 s&#039;enfiler dans le cornet. Qui va s&#039;en plaindre ? S\u00fbrement pas nous !\" width=\"101\" height=\"57\" class=\"skip-lazy fg-image\" data-src-fg=\"https:\/\/alpavista.ch\/Alp11\/wp-content\/uploads\/cache\/TCPODR_2025_005\/3522109662.png\" src=\"data:image\/svg+xml,%3Csvg%20xmlns%3D%22http%3A%2F%2Fwww.w3.org%2F2000%2Fsvg%22%20width%3D%22101%22%20height%3D%2257%22%20viewBox%3D%220%200%20101%2057%22%3E%3C%2Fsvg%3E\" loading=\"eager\"><\/span><span class=\"fg-image-overlay\"><\/span><\/a><figcaption class=\"fg-caption\"><div class=\"fg-caption-inner\"><div class=\"fg-caption-desc\">Le menu du jour : plusieurs kilom\u00e8tres d'horizontalit\u00e9 \u00e0 s'enfiler dans le cornet. Qui va s'en plaindre ? S\u00fbrement pas nous !<\/div><\/div><\/figcaption><\/figure><div class=\"fg-loader\"><\/div><\/div><div class=\"fg-item fg-type-image fg-idle\"><figure class=\"fg-item-inner\"><a href=\"https:\/\/alpavista.ch\/Alp11\/wp-content\/uploads\/TCPODR_2025_006.png\" data-caption-title=\"Pourquoi user deux pneus, alors qu&#039;on peut en user qu&#039;un seul. Le caract\u00e8re \u00ab rapiaz \u00bb de l&#039;ami Jean-Alex se v\u00e9rifie m\u00eame sur le v\u00e9lo.\" data-caption-desc=\"Pourquoi user deux pneus, alors qu&#039;on peut en user qu&#039;un seul. Le caract\u00e8re \u00ab rapiaz \u00bb de l&#039;ami Jean-Alex se v\u00e9rifie m\u00eame sur le v\u00e9lo.\" data-attachment-id=\"41415\" data-type=\"image\" class=\"fg-thumb\"><span class=\"fg-image-wrap\"><img decoding=\"async\" title=\"Pourquoi user deux pneus, alors qu&#039;on peut en user qu&#039;un seul. Le caract\u00e8re \u00ab rapiaz \u00bb de l&#039;ami Jean-Alex se v\u00e9rifie m\u00eame sur le v\u00e9lo.\" width=\"101\" height=\"57\" class=\"skip-lazy fg-image\" data-src-fg=\"https:\/\/alpavista.ch\/Alp11\/wp-content\/uploads\/cache\/TCPODR_2025_006\/3513240039.png\" src=\"data:image\/svg+xml,%3Csvg%20xmlns%3D%22http%3A%2F%2Fwww.w3.org%2F2000%2Fsvg%22%20width%3D%22101%22%20height%3D%2257%22%20viewBox%3D%220%200%20101%2057%22%3E%3C%2Fsvg%3E\" loading=\"eager\"><\/span><span class=\"fg-image-overlay\"><\/span><\/a><figcaption class=\"fg-caption\"><div class=\"fg-caption-inner\"><div class=\"fg-caption-desc\">Pourquoi user deux pneus, alors qu'on peut en user qu'un seul. Le caract\u00e8re \u00ab rapiaz \u00bb de l'ami Jean-Alex se v\u00e9rifie m\u00eame sur le v\u00e9lo.<\/div><\/div><\/figcaption><\/figure><div class=\"fg-loader\"><\/div><\/div><div class=\"fg-item fg-type-image fg-idle\"><figure class=\"fg-item-inner\"><a href=\"https:\/\/alpavista.ch\/Alp11\/wp-content\/uploads\/TCPODR_2025_007.png\" data-caption-title=\"Du gris, du blanc, mais aussi de l&#039;or. De plus en plus d&#039;or de m\u00e9l\u00e8zes.\" data-caption-desc=\"Du gris, du blanc, mais aussi de l&#039;or. De plus en plus d&#039;or de m\u00e9l\u00e8zes.\" data-attachment-id=\"41416\" data-type=\"image\" class=\"fg-thumb\"><span class=\"fg-image-wrap\"><img decoding=\"async\" title=\"Du gris, du blanc, mais aussi de l&#039;or. De plus en plus d&#039;or de m\u00e9l\u00e8zes.\" width=\"101\" height=\"57\" class=\"skip-lazy fg-image\" data-src-fg=\"https:\/\/alpavista.ch\/Alp11\/wp-content\/uploads\/cache\/TCPODR_2025_007\/1421147222.png\" src=\"data:image\/svg+xml,%3Csvg%20xmlns%3D%22http%3A%2F%2Fwww.w3.org%2F2000%2Fsvg%22%20width%3D%22101%22%20height%3D%2257%22%20viewBox%3D%220%200%20101%2057%22%3E%3C%2Fsvg%3E\" loading=\"eager\"><\/span><span class=\"fg-image-overlay\"><\/span><\/a><figcaption class=\"fg-caption\"><div class=\"fg-caption-inner\"><div class=\"fg-caption-desc\">Du gris, du blanc, mais aussi de l'or. De plus en plus d'or de m\u00e9l\u00e8zes.<\/div><\/div><\/figcaption><\/figure><div class=\"fg-loader\"><\/div><\/div><div class=\"fg-item fg-type-image fg-idle\"><figure class=\"fg-item-inner\"><a href=\"https:\/\/alpavista.ch\/Alp11\/wp-content\/uploads\/TCPODR_2025_008.png\" data-caption-title=\"Le \u00ab grupetto \u00bb \u00e0 l&#039;assaut de la section montante de \u00ab Ch\u00f4tatai \u00bb.\" data-caption-desc=\"Le \u00ab grupetto \u00bb \u00e0 l&#039;assaut de la section montante de \u00ab Ch\u00f4tatai \u00bb.\" data-attachment-id=\"41417\" data-type=\"image\" class=\"fg-thumb\"><span class=\"fg-image-wrap\"><img decoding=\"async\" title=\"Le \u00ab grupetto \u00bb \u00e0 l&#039;assaut de la section montante de \u00ab Ch\u00f4tatai \u00bb.\" width=\"101\" height=\"57\" class=\"skip-lazy fg-image\" data-src-fg=\"https:\/\/alpavista.ch\/Alp11\/wp-content\/uploads\/cache\/TCPODR_2025_008\/59965472.png\" src=\"data:image\/svg+xml,%3Csvg%20xmlns%3D%22http%3A%2F%2Fwww.w3.org%2F2000%2Fsvg%22%20width%3D%22101%22%20height%3D%2257%22%20viewBox%3D%220%200%20101%2057%22%3E%3C%2Fsvg%3E\" loading=\"eager\"><\/span><span class=\"fg-image-overlay\"><\/span><\/a><figcaption class=\"fg-caption\"><div class=\"fg-caption-inner\"><div class=\"fg-caption-desc\">Le \u00ab grupetto \u00bb \u00e0 l'assaut de la section montante de \u00ab Ch\u00f4tatai \u00bb.<\/div><\/div><\/figcaption><\/figure><div class=\"fg-loader\"><\/div><\/div><div class=\"fg-item fg-type-image fg-idle\"><figure class=\"fg-item-inner\"><a href=\"https:\/\/alpavista.ch\/Alp11\/wp-content\/uploads\/TCPODR_2025_009.png\" data-caption-title=\"Regarde, c&#039;est fastoche comme tout le \u00ab wheeling \u00bb \u00e0 une main.\" data-caption-desc=\"Regarde, c&#039;est fastoche comme tout le \u00ab wheeling \u00bb \u00e0 une main.\" data-attachment-id=\"41418\" data-type=\"image\" class=\"fg-thumb\"><span class=\"fg-image-wrap\"><img decoding=\"async\" title=\"Regarde, c&#039;est fastoche comme tout le \u00ab wheeling \u00bb \u00e0 une main.\" width=\"101\" height=\"57\" class=\"skip-lazy fg-image\" data-src-fg=\"https:\/\/alpavista.ch\/Alp11\/wp-content\/uploads\/cache\/TCPODR_2025_009\/2027284332.png\" src=\"data:image\/svg+xml,%3Csvg%20xmlns%3D%22http%3A%2F%2Fwww.w3.org%2F2000%2Fsvg%22%20width%3D%22101%22%20height%3D%2257%22%20viewBox%3D%220%200%20101%2057%22%3E%3C%2Fsvg%3E\" loading=\"eager\"><\/span><span class=\"fg-image-overlay\"><\/span><\/a><figcaption class=\"fg-caption\"><div class=\"fg-caption-inner\"><div class=\"fg-caption-desc\">Regarde, c'est fastoche comme tout le \u00ab wheeling \u00bb \u00e0 une main.<\/div><\/div><\/figcaption><\/figure><div class=\"fg-loader\"><\/div><\/div><div class=\"fg-item fg-type-image fg-idle\"><figure class=\"fg-item-inner\"><a href=\"https:\/\/alpavista.ch\/Alp11\/wp-content\/uploads\/TCPODR_2025_010.png\" data-caption-title=\"Le chemin de cr\u00eate de Savoleyres, point culminant de notre itin\u00e9raire ?\" data-caption-desc=\"Le chemin de cr\u00eate de Savoleyres, point culminant de notre itin\u00e9raire ?\" data-attachment-id=\"41419\" data-type=\"image\" class=\"fg-thumb\"><span class=\"fg-image-wrap\"><img decoding=\"async\" title=\"Le chemin de cr\u00eate de Savoleyres, point culminant de notre itin\u00e9raire ?\" width=\"101\" height=\"57\" class=\"skip-lazy fg-image\" data-src-fg=\"https:\/\/alpavista.ch\/Alp11\/wp-content\/uploads\/cache\/TCPODR_2025_010\/4276487902.png\" src=\"data:image\/svg+xml,%3Csvg%20xmlns%3D%22http%3A%2F%2Fwww.w3.org%2F2000%2Fsvg%22%20width%3D%22101%22%20height%3D%2257%22%20viewBox%3D%220%200%20101%2057%22%3E%3C%2Fsvg%3E\" loading=\"eager\"><\/span><span class=\"fg-image-overlay\"><\/span><\/a><figcaption class=\"fg-caption\"><div class=\"fg-caption-inner\"><div class=\"fg-caption-desc\">Le chemin de cr\u00eate de Savoleyres, point culminant de notre itin\u00e9raire ?<\/div><\/div><\/figcaption><\/figure><div class=\"fg-loader\"><\/div><\/div><div class=\"fg-item fg-type-image fg-idle\"><figure class=\"fg-item-inner\"><a href=\"https:\/\/alpavista.ch\/Alp11\/wp-content\/uploads\/TCPODR_2025_011.png\" data-caption-title=\"Presque ! Ne reste que quelques m\u00e8tres \u00e0 escalader pour acc\u00e9der au col de la Marl\u00e8naz.\" data-caption-desc=\"Presque ! Ne reste que quelques m\u00e8tres \u00e0 escalader pour acc\u00e9der au col de la Marl\u00e8naz.\" data-attachment-id=\"41420\" data-type=\"image\" class=\"fg-thumb\"><span class=\"fg-image-wrap\"><img decoding=\"async\" title=\"Presque ! Ne reste que quelques m\u00e8tres \u00e0 escalader pour acc\u00e9der au col de la Marl\u00e8naz.\" width=\"101\" height=\"57\" class=\"skip-lazy fg-image\" data-src-fg=\"https:\/\/alpavista.ch\/Alp11\/wp-content\/uploads\/cache\/TCPODR_2025_011\/3167408032.png\" src=\"data:image\/svg+xml,%3Csvg%20xmlns%3D%22http%3A%2F%2Fwww.w3.org%2F2000%2Fsvg%22%20width%3D%22101%22%20height%3D%2257%22%20viewBox%3D%220%200%20101%2057%22%3E%3C%2Fsvg%3E\" loading=\"eager\"><\/span><span class=\"fg-image-overlay\"><\/span><\/a><figcaption class=\"fg-caption\"><div class=\"fg-caption-inner\"><div class=\"fg-caption-desc\">Presque ! Ne reste que quelques m\u00e8tres \u00e0 escalader pour acc\u00e9der au col de la Marl\u00e8naz.<\/div><\/div><\/figcaption><\/figure><div class=\"fg-loader\"><\/div><\/div><div class=\"fg-item fg-type-image fg-idle\"><figure class=\"fg-item-inner\"><a href=\"https:\/\/alpavista.ch\/Alp11\/wp-content\/uploads\/TCPODR_2025_012.png\" data-caption-title=\"Quelques m\u00e8tres, dont certains ne sont clairement pas piqu\u00e9s des vers.\" data-caption-desc=\"Quelques m\u00e8tres, dont certains ne sont clairement pas piqu\u00e9s des vers.\" data-attachment-id=\"41421\" data-type=\"image\" class=\"fg-thumb\"><span class=\"fg-image-wrap\"><img decoding=\"async\" title=\"Quelques m\u00e8tres, dont certains ne sont clairement pas piqu\u00e9s des vers.\" width=\"101\" height=\"57\" class=\"skip-lazy fg-image\" data-src-fg=\"https:\/\/alpavista.ch\/Alp11\/wp-content\/uploads\/cache\/TCPODR_2025_012\/3158451865.png\" src=\"data:image\/svg+xml,%3Csvg%20xmlns%3D%22http%3A%2F%2Fwww.w3.org%2F2000%2Fsvg%22%20width%3D%22101%22%20height%3D%2257%22%20viewBox%3D%220%200%20101%2057%22%3E%3C%2Fsvg%3E\" loading=\"eager\"><\/span><span class=\"fg-image-overlay\"><\/span><\/a><figcaption class=\"fg-caption\"><div class=\"fg-caption-inner\"><div class=\"fg-caption-desc\">Quelques m\u00e8tres, dont certains ne sont clairement pas piqu\u00e9s des vers.<\/div><\/div><\/figcaption><\/figure><div class=\"fg-loader\"><\/div><\/div><div class=\"fg-item fg-type-image fg-idle\"><figure class=\"fg-item-inner\"><a href=\"https:\/\/alpavista.ch\/Alp11\/wp-content\/uploads\/TCPODR_2025_013.png\" data-caption-title=\"C&#039;\u00e9tait une bonne id\u00e9e d&#039;\u00e9viter le tron\u00e7on courant en versant nord.  Ca \u00e9vitera de ramener 3 kilos de boue qui n&#039;avaient rien demand\u00e9 jusqu&#039;\u00e0 Siviriez.\" data-caption-desc=\"C&#039;\u00e9tait une bonne id\u00e9e d&#039;\u00e9viter le tron\u00e7on courant en versant nord.  Ca \u00e9vitera de ramener 3 kilos de boue qui n&#039;avaient rien demand\u00e9 jusqu&#039;\u00e0 Siviriez.\" data-attachment-id=\"41422\" data-type=\"image\" class=\"fg-thumb\"><span class=\"fg-image-wrap\"><img decoding=\"async\" title=\"C&#039;\u00e9tait une bonne id\u00e9e d&#039;\u00e9viter le tron\u00e7on courant en versant nord.  Ca \u00e9vitera de ramener 3 kilos de boue qui n&#039;avaient rien demand\u00e9 jusqu&#039;\u00e0 Siviriez.\" width=\"101\" height=\"57\" class=\"skip-lazy fg-image\" data-src-fg=\"https:\/\/alpavista.ch\/Alp11\/wp-content\/uploads\/cache\/TCPODR_2025_013\/965808936.png\" src=\"data:image\/svg+xml,%3Csvg%20xmlns%3D%22http%3A%2F%2Fwww.w3.org%2F2000%2Fsvg%22%20width%3D%22101%22%20height%3D%2257%22%20viewBox%3D%220%200%20101%2057%22%3E%3C%2Fsvg%3E\" loading=\"eager\"><\/span><span class=\"fg-image-overlay\"><\/span><\/a><figcaption class=\"fg-caption\"><div class=\"fg-caption-inner\"><div class=\"fg-caption-desc\">C'\u00e9tait une bonne id\u00e9e d'\u00e9viter le tron\u00e7on courant en versant nord.  Ca \u00e9vitera de ramener 3 kilos de boue qui n'avaient rien demand\u00e9 jusqu'\u00e0 Siviriez.<\/div><\/div><\/figcaption><\/figure><div class=\"fg-loader\"><\/div><\/div><div class=\"fg-item fg-type-image fg-idle\"><figure class=\"fg-item-inner\"><a href=\"https:\/\/alpavista.ch\/Alp11\/wp-content\/uploads\/TCPODR_2025_014.png\" data-caption-title=\"Pads On &amp;amp; Mode \u00ab Descente \u00bb enclench\u00e9 !\" data-caption-desc=\"Pads On &amp;amp; Mode \u00ab Descente \u00bb enclench\u00e9 !\" data-attachment-id=\"41423\" data-type=\"image\" class=\"fg-thumb\"><span class=\"fg-image-wrap\"><img decoding=\"async\" title=\"Pads On &amp; Mode \u00ab Descente \u00bb enclench\u00e9 !\" width=\"101\" height=\"57\" class=\"skip-lazy fg-image\" data-src-fg=\"https:\/\/alpavista.ch\/Alp11\/wp-content\/uploads\/cache\/TCPODR_2025_014\/3176396011.png\" src=\"data:image\/svg+xml,%3Csvg%20xmlns%3D%22http%3A%2F%2Fwww.w3.org%2F2000%2Fsvg%22%20width%3D%22101%22%20height%3D%2257%22%20viewBox%3D%220%200%20101%2057%22%3E%3C%2Fsvg%3E\" loading=\"eager\"><\/span><span class=\"fg-image-overlay\"><\/span><\/a><figcaption class=\"fg-caption\"><div class=\"fg-caption-inner\"><div class=\"fg-caption-desc\">Pads On &amp; Mode \u00ab Descente \u00bb enclench\u00e9 !<\/div><\/div><\/figcaption><\/figure><div class=\"fg-loader\"><\/div><\/div><div class=\"fg-item fg-type-image fg-idle\"><figure class=\"fg-item-inner\"><a href=\"https:\/\/alpavista.ch\/Alp11\/wp-content\/uploads\/TCPODR_2025_015.png\" data-caption-title=\"Le chemin de la Tournelle d\u00e9bute tout en sinuosit\u00e9 et en onctuosit\u00e9.\" data-caption-desc=\"Le chemin de la Tournelle d\u00e9bute tout en sinuosit\u00e9 et en onctuosit\u00e9.\" data-attachment-id=\"41424\" data-type=\"image\" class=\"fg-thumb\"><span class=\"fg-image-wrap\"><img decoding=\"async\" title=\"Le chemin de la Tournelle d\u00e9bute tout en sinuosit\u00e9 et en onctuosit\u00e9.\" width=\"101\" height=\"57\" class=\"skip-lazy fg-image\" data-src-fg=\"https:\/\/alpavista.ch\/Alp11\/wp-content\/uploads\/cache\/TCPODR_2025_015\/1829531889.png\" src=\"data:image\/svg+xml,%3Csvg%20xmlns%3D%22http%3A%2F%2Fwww.w3.org%2F2000%2Fsvg%22%20width%3D%22101%22%20height%3D%2257%22%20viewBox%3D%220%200%20101%2057%22%3E%3C%2Fsvg%3E\" loading=\"eager\"><\/span><span class=\"fg-image-overlay\"><\/span><\/a><figcaption class=\"fg-caption\"><div class=\"fg-caption-inner\"><div class=\"fg-caption-desc\">Le chemin de la Tournelle d\u00e9bute tout en sinuosit\u00e9 et en onctuosit\u00e9.<\/div><\/div><\/figcaption><\/figure><div class=\"fg-loader\"><\/div><\/div><div class=\"fg-item fg-type-image fg-idle\"><figure class=\"fg-item-inner\"><a href=\"https:\/\/alpavista.ch\/Alp11\/wp-content\/uploads\/TCPODR_2025_016.png\" data-caption-title=\"Avant de retrouver un caract\u00e8re beaucoup plus turbulent.\" data-caption-desc=\"Avant de retrouver un caract\u00e8re beaucoup plus turbulent.\" data-attachment-id=\"41425\" data-type=\"image\" class=\"fg-thumb\"><span class=\"fg-image-wrap\"><img decoding=\"async\" title=\"Avant de retrouver un caract\u00e8re beaucoup plus turbulent.\" width=\"101\" height=\"57\" class=\"skip-lazy fg-image\" data-src-fg=\"https:\/\/alpavista.ch\/Alp11\/wp-content\/uploads\/cache\/TCPODR_2025_016\/1837406664.png\" src=\"data:image\/svg+xml,%3Csvg%20xmlns%3D%22http%3A%2F%2Fwww.w3.org%2F2000%2Fsvg%22%20width%3D%22101%22%20height%3D%2257%22%20viewBox%3D%220%200%20101%2057%22%3E%3C%2Fsvg%3E\" loading=\"eager\"><\/span><span class=\"fg-image-overlay\"><\/span><\/a><figcaption class=\"fg-caption\"><div class=\"fg-caption-inner\"><div class=\"fg-caption-desc\">Avant de retrouver un caract\u00e8re beaucoup plus turbulent.<\/div><\/div><\/figcaption><\/figure><div class=\"fg-loader\"><\/div><\/div><div class=\"fg-item fg-type-image fg-idle\"><figure class=\"fg-item-inner\"><a href=\"https:\/\/alpavista.ch\/Alp11\/wp-content\/uploads\/TCPODR_2025_017.png\" data-caption-title=\"Tout le contraire du chemin \u00ab interdit \u00bb de la Croix de Coeur, qui lui respire la s\u00e9r\u00e9nit\u00e9.\" data-caption-desc=\"Tout le contraire du chemin \u00ab interdit \u00bb de la Croix de Coeur, qui lui respire la s\u00e9r\u00e9nit\u00e9.\" data-attachment-id=\"41426\" data-type=\"image\" class=\"fg-thumb\"><span class=\"fg-image-wrap\"><img decoding=\"async\" title=\"Tout le contraire du chemin \u00ab interdit \u00bb de la Croix de Coeur, qui lui respire la s\u00e9r\u00e9nit\u00e9.\" width=\"101\" height=\"57\" class=\"skip-lazy fg-image\" data-src-fg=\"https:\/\/alpavista.ch\/Alp11\/wp-content\/uploads\/cache\/TCPODR_2025_017\/3898059897.png\" src=\"data:image\/svg+xml,%3Csvg%20xmlns%3D%22http%3A%2F%2Fwww.w3.org%2F2000%2Fsvg%22%20width%3D%22101%22%20height%3D%2257%22%20viewBox%3D%220%200%20101%2057%22%3E%3C%2Fsvg%3E\" loading=\"eager\"><\/span><span class=\"fg-image-overlay\"><\/span><\/a><figcaption class=\"fg-caption\"><div class=\"fg-caption-inner\"><div class=\"fg-caption-desc\">Tout le contraire du chemin \u00ab interdit \u00bb de la Croix de Coeur, qui lui respire la s\u00e9r\u00e9nit\u00e9.<\/div><\/div><\/figcaption><\/figure><div class=\"fg-loader\"><\/div><\/div><div class=\"fg-item fg-type-image fg-idle\"><figure class=\"fg-item-inner\"><a href=\"https:\/\/alpavista.ch\/Alp11\/wp-content\/uploads\/TCPODR_2025_018.png\" data-caption-title=\"Une s\u00e9r\u00e9nit\u00e9 fort agr\u00e9able \u00e0 rouler surtout lorsqu&#039;on est dispens\u00e9 de p\u00e9daler.\" data-caption-desc=\"Une s\u00e9r\u00e9nit\u00e9 fort agr\u00e9able \u00e0 rouler surtout lorsqu&#039;on est dispens\u00e9 de p\u00e9daler.\" data-attachment-id=\"41427\" data-type=\"image\" class=\"fg-thumb\"><span class=\"fg-image-wrap\"><img decoding=\"async\" title=\"Une s\u00e9r\u00e9nit\u00e9 fort agr\u00e9able \u00e0 rouler surtout lorsqu&#039;on est dispens\u00e9 de p\u00e9daler.\" width=\"101\" height=\"57\" class=\"skip-lazy fg-image\" data-src-fg=\"https:\/\/alpavista.ch\/Alp11\/wp-content\/uploads\/cache\/TCPODR_2025_018\/3211808783.png\" src=\"data:image\/svg+xml,%3Csvg%20xmlns%3D%22http%3A%2F%2Fwww.w3.org%2F2000%2Fsvg%22%20width%3D%22101%22%20height%3D%2257%22%20viewBox%3D%220%200%20101%2057%22%3E%3C%2Fsvg%3E\" loading=\"eager\"><\/span><span class=\"fg-image-overlay\"><\/span><\/a><figcaption class=\"fg-caption\"><div class=\"fg-caption-inner\"><div class=\"fg-caption-desc\">Une s\u00e9r\u00e9nit\u00e9 fort agr\u00e9able \u00e0 rouler surtout lorsqu'on est dispens\u00e9 de p\u00e9daler.<\/div><\/div><\/figcaption><\/figure><div class=\"fg-loader\"><\/div><\/div><div class=\"fg-item fg-type-image fg-idle\"><figure class=\"fg-item-inner\"><a href=\"https:\/\/alpavista.ch\/Alp11\/wp-content\/uploads\/TCPODR_2025_019.png\" data-caption-title=\"Fin de section en mode \u00ab slalom \u00bb parall\u00e8le.\" data-caption-desc=\"Fin de section en mode \u00ab slalom \u00bb parall\u00e8le.\" data-attachment-id=\"41428\" data-type=\"image\" class=\"fg-thumb\"><span class=\"fg-image-wrap\"><img decoding=\"async\" title=\"Fin de section en mode \u00ab slalom \u00bb parall\u00e8le.\" width=\"101\" height=\"57\" class=\"skip-lazy fg-image\" data-src-fg=\"https:\/\/alpavista.ch\/Alp11\/wp-content\/uploads\/cache\/TCPODR_2025_019\/3291920195.png\" src=\"data:image\/svg+xml,%3Csvg%20xmlns%3D%22http%3A%2F%2Fwww.w3.org%2F2000%2Fsvg%22%20width%3D%22101%22%20height%3D%2257%22%20viewBox%3D%220%200%20101%2057%22%3E%3C%2Fsvg%3E\" loading=\"eager\"><\/span><span class=\"fg-image-overlay\"><\/span><\/a><figcaption class=\"fg-caption\"><div class=\"fg-caption-inner\"><div class=\"fg-caption-desc\">Fin de section en mode \u00ab slalom \u00bb parall\u00e8le.<\/div><\/div><\/figcaption><\/figure><div class=\"fg-loader\"><\/div><\/div><div class=\"fg-item fg-type-image fg-idle\"><figure class=\"fg-item-inner\"><a href=\"https:\/\/alpavista.ch\/Alp11\/wp-content\/uploads\/TCPODR_2025_020.png\" data-caption-title=\"Je n&#039;avais encore jamais vu quelqu&#039;un aborder le tortillard des Plannards en version \u00ab Full Gaz \u00bb. Eh bien, c&#039;est aussi bluffant que fumant.\" data-caption-desc=\"Je n&#039;avais encore jamais vu quelqu&#039;un aborder le tortillard des Plannards en version \u00ab Full Gaz \u00bb. Eh bien, c&#039;est aussi bluffant que fumant.\" data-attachment-id=\"41429\" data-type=\"image\" class=\"fg-thumb\"><span class=\"fg-image-wrap\"><img decoding=\"async\" title=\"Je n&#039;avais encore jamais vu quelqu&#039;un aborder le tortillard des Plannards en version \u00ab Full Gaz \u00bb. Eh bien, c&#039;est aussi bluffant que fumant.\" width=\"101\" height=\"57\" class=\"skip-lazy fg-image\" data-src-fg=\"https:\/\/alpavista.ch\/Alp11\/wp-content\/uploads\/cache\/TCPODR_2025_020\/1827896951.png\" src=\"data:image\/svg+xml,%3Csvg%20xmlns%3D%22http%3A%2F%2Fwww.w3.org%2F2000%2Fsvg%22%20width%3D%22101%22%20height%3D%2257%22%20viewBox%3D%220%200%20101%2057%22%3E%3C%2Fsvg%3E\" loading=\"eager\"><\/span><span class=\"fg-image-overlay\"><\/span><\/a><figcaption class=\"fg-caption\"><div class=\"fg-caption-inner\"><div class=\"fg-caption-desc\">Je n'avais encore jamais vu quelqu'un aborder le tortillard des Plannards en version \u00ab Full Gaz \u00bb. Eh bien, c'est aussi bluffant que fumant.<\/div><\/div><\/figcaption><\/figure><div class=\"fg-loader\"><\/div><\/div><div class=\"fg-item fg-type-image fg-idle\"><figure class=\"fg-item-inner\"><a href=\"https:\/\/alpavista.ch\/Alp11\/wp-content\/uploads\/TCPODR_2025_021.png\" data-caption-title=\"L&#039;atterrissage aux Esserts est de moins en moins secouant, gr\u00e2ce \u00e0 ces pierres, judicieusement plac\u00e9es.\" data-caption-desc=\"L&#039;atterrissage aux Esserts est de moins en moins secouant, gr\u00e2ce \u00e0 ces pierres, judicieusement plac\u00e9es.\" data-attachment-id=\"41430\" data-type=\"image\" class=\"fg-thumb\"><span class=\"fg-image-wrap\"><img decoding=\"async\" title=\"L&#039;atterrissage aux Esserts est de moins en moins secouant, gr\u00e2ce \u00e0 ces pierres, judicieusement plac\u00e9es.\" width=\"101\" height=\"57\" class=\"skip-lazy fg-image\" data-src-fg=\"https:\/\/alpavista.ch\/Alp11\/wp-content\/uploads\/cache\/TCPODR_2025_021\/3822047041.png\" src=\"data:image\/svg+xml,%3Csvg%20xmlns%3D%22http%3A%2F%2Fwww.w3.org%2F2000%2Fsvg%22%20width%3D%22101%22%20height%3D%2257%22%20viewBox%3D%220%200%20101%2057%22%3E%3C%2Fsvg%3E\" loading=\"eager\"><\/span><span class=\"fg-image-overlay\"><\/span><\/a><figcaption class=\"fg-caption\"><div class=\"fg-caption-inner\"><div class=\"fg-caption-desc\">L'atterrissage aux Esserts est de moins en moins secouant, gr\u00e2ce \u00e0 ces pierres, judicieusement plac\u00e9es.<\/div><\/div><\/figcaption><\/figure><div class=\"fg-loader\"><\/div><\/div><div class=\"fg-item fg-type-image fg-idle\"><figure class=\"fg-item-inner\"><a href=\"https:\/\/alpavista.ch\/Alp11\/wp-content\/uploads\/TCPODR_2025_022.png\" data-caption-title=\"Pierres que l&#039;ami Jean-Alex n&#039;a s\u00fbrement pas ressenties, vu la vitesse \u00e0 laquelle il les survole.\" data-caption-desc=\"Pierres que l&#039;ami Jean-Alex n&#039;a s\u00fbrement pas ressenties, vu la vitesse \u00e0 laquelle il les survole.\" data-attachment-id=\"41431\" data-type=\"image\" class=\"fg-thumb\"><span class=\"fg-image-wrap\"><img decoding=\"async\" title=\"Pierres que l&#039;ami Jean-Alex n&#039;a s\u00fbrement pas ressenties, vu la vitesse \u00e0 laquelle il les survole.\" width=\"101\" height=\"57\" class=\"skip-lazy fg-image\" data-src-fg=\"https:\/\/alpavista.ch\/Alp11\/wp-content\/uploads\/cache\/TCPODR_2025_022\/3813090936.png\" src=\"data:image\/svg+xml,%3Csvg%20xmlns%3D%22http%3A%2F%2Fwww.w3.org%2F2000%2Fsvg%22%20width%3D%22101%22%20height%3D%2257%22%20viewBox%3D%220%200%20101%2057%22%3E%3C%2Fsvg%3E\" loading=\"eager\"><\/span><span class=\"fg-image-overlay\"><\/span><\/a><figcaption class=\"fg-caption\"><div class=\"fg-caption-inner\"><div class=\"fg-caption-desc\">Pierres que l'ami Jean-Alex n'a s\u00fbrement pas ressenties, vu la vitesse \u00e0 laquelle il les survole.<\/div><\/div><\/figcaption><\/figure><div class=\"fg-loader\"><\/div><\/div><div class=\"fg-item fg-type-image fg-idle\"><figure class=\"fg-item-inner\"><a href=\"https:\/\/alpavista.ch\/Alp11\/wp-content\/uploads\/TCPODR_2025_023.png\" data-caption-title=\"L&#039;entr\u00e9e dans une Dent dess\u00e9ch\u00e9e et poussi\u00e9reuse comme jamais. Attention \u00e0 la pr\u00e9carit\u00e9 de l&#039;adh\u00e9rence pour ceux qui ne disposent pas (encore) de Schwalbe \u00ab radiaux \u00bb.\" data-caption-desc=\"L&#039;entr\u00e9e dans une Dent dess\u00e9ch\u00e9e et poussi\u00e9reuse comme jamais. Attention \u00e0 la pr\u00e9carit\u00e9 de l&#039;adh\u00e9rence pour ceux qui ne disposent pas (encore) de Schwalbe \u00ab radiaux \u00bb.\" data-attachment-id=\"41432\" data-type=\"image\" class=\"fg-thumb\"><span class=\"fg-image-wrap\"><img decoding=\"async\" title=\"L&#039;entr\u00e9e dans une Dent dess\u00e9ch\u00e9e et poussi\u00e9reuse comme jamais. Attention \u00e0 la pr\u00e9carit\u00e9 de l&#039;adh\u00e9rence pour ceux qui ne disposent pas (encore) de Schwalbe \u00ab radiaux \u00bb.\" width=\"101\" height=\"57\" class=\"skip-lazy fg-image\" data-src-fg=\"https:\/\/alpavista.ch\/Alp11\/wp-content\/uploads\/cache\/TCPODR_2025_023\/1720980425.png\" src=\"data:image\/svg+xml,%3Csvg%20xmlns%3D%22http%3A%2F%2Fwww.w3.org%2F2000%2Fsvg%22%20width%3D%22101%22%20height%3D%2257%22%20viewBox%3D%220%200%20101%2057%22%3E%3C%2Fsvg%3E\" loading=\"eager\"><\/span><span class=\"fg-image-overlay\"><\/span><\/a><figcaption class=\"fg-caption\"><div class=\"fg-caption-inner\"><div class=\"fg-caption-desc\">L'entr\u00e9e dans une Dent dess\u00e9ch\u00e9e et poussi\u00e9reuse comme jamais. Attention \u00e0 la pr\u00e9carit\u00e9 de l'adh\u00e9rence pour ceux qui ne disposent pas (encore) de Schwalbe \u00ab radiaux \u00bb.<\/div><\/div><\/figcaption><\/figure><div class=\"fg-loader\"><\/div><\/div><div class=\"fg-item fg-type-image fg-idle\"><figure class=\"fg-item-inner\"><a href=\"https:\/\/alpavista.ch\/Alp11\/wp-content\/uploads\/TCPODR_2025_024.png\" data-caption-title=\"En revanche, ceux qui les ont choisis n&#039;ont plus qu&#039;\u00e0 se concentrer sur le choix des lignes.\" data-caption-desc=\"En revanche, ceux qui les ont choisis n&#039;ont plus qu&#039;\u00e0 se concentrer sur le choix des lignes.\" data-attachment-id=\"41433\" data-type=\"image\" class=\"fg-thumb\"><span class=\"fg-image-wrap\"><img decoding=\"async\" title=\"En revanche, ceux qui les ont choisis n&#039;ont plus qu&#039;\u00e0 se concentrer sur le choix des lignes.\" width=\"101\" height=\"57\" class=\"skip-lazy fg-image\" data-src-fg=\"https:\/\/alpavista.ch\/Alp11\/wp-content\/uploads\/cache\/TCPODR_2025_024\/3797349386.png\" src=\"data:image\/svg+xml,%3Csvg%20xmlns%3D%22http%3A%2F%2Fwww.w3.org%2F2000%2Fsvg%22%20width%3D%22101%22%20height%3D%2257%22%20viewBox%3D%220%200%20101%2057%22%3E%3C%2Fsvg%3E\" loading=\"eager\"><\/span><span class=\"fg-image-overlay\"><\/span><\/a><figcaption class=\"fg-caption\"><div class=\"fg-caption-inner\"><div class=\"fg-caption-desc\">En revanche, ceux qui les ont choisis n'ont plus qu'\u00e0 se concentrer sur le choix des lignes.<\/div><\/div><\/figcaption><\/figure><div class=\"fg-loader\"><\/div><\/div><div class=\"fg-item fg-type-image fg-idle\"><figure class=\"fg-item-inner\"><a href=\"https:\/\/alpavista.ch\/Alp11\/wp-content\/uploads\/TCPODR_2025_025.png\" data-caption-title=\"\u00ab Nose Wheelie \u00bb \u00e0 la sauce virage ouvert et vitesse de dingue.\" data-caption-desc=\"\u00ab Nose Wheelie \u00bb \u00e0 la sauce virage ouvert et vitesse de dingue.\" data-attachment-id=\"41434\" data-type=\"image\" class=\"fg-thumb\"><span class=\"fg-image-wrap\"><img decoding=\"async\" title=\"\u00ab Nose Wheelie \u00bb \u00e0 la sauce virage ouvert et vitesse de dingue.\" width=\"101\" height=\"57\" class=\"skip-lazy fg-image\" data-src-fg=\"https:\/\/alpavista.ch\/Alp11\/wp-content\/uploads\/cache\/TCPODR_2025_025\/839479312.png\" src=\"data:image\/svg+xml,%3Csvg%20xmlns%3D%22http%3A%2F%2Fwww.w3.org%2F2000%2Fsvg%22%20width%3D%22101%22%20height%3D%2257%22%20viewBox%3D%220%200%20101%2057%22%3E%3C%2Fsvg%3E\" loading=\"eager\"><\/span><span class=\"fg-image-overlay\"><\/span><\/a><figcaption class=\"fg-caption\"><div class=\"fg-caption-inner\"><div class=\"fg-caption-desc\">\u00ab Nose Wheelie \u00bb \u00e0 la sauce virage ouvert et vitesse de dingue.<\/div><\/div><\/figcaption><\/figure><div class=\"fg-loader\"><\/div><\/div><div class=\"fg-item fg-type-image fg-idle\"><figure class=\"fg-item-inner\"><a href=\"https:\/\/alpavista.ch\/Alp11\/wp-content\/uploads\/TCPODR_2025_026.png\" data-caption-title=\"Le tron\u00e7on final de la Dent \u00ab On The Bike \u00bb ?\" data-caption-desc=\"Le tron\u00e7on final de la Dent \u00ab On The Bike \u00bb ?\" data-attachment-id=\"41435\" data-type=\"image\" class=\"fg-thumb\"><span class=\"fg-image-wrap\"><img decoding=\"async\" title=\"Le tron\u00e7on final de la Dent \u00ab On The Bike \u00bb ?\" width=\"101\" height=\"57\" class=\"skip-lazy fg-image\" data-src-fg=\"https:\/\/alpavista.ch\/Alp11\/wp-content\/uploads\/cache\/TCPODR_2025_026\/847354153.png\" src=\"data:image\/svg+xml,%3Csvg%20xmlns%3D%22http%3A%2F%2Fwww.w3.org%2F2000%2Fsvg%22%20width%3D%22101%22%20height%3D%2257%22%20viewBox%3D%220%200%20101%2057%22%3E%3C%2Fsvg%3E\" loading=\"eager\"><\/span><span class=\"fg-image-overlay\"><\/span><\/a><figcaption class=\"fg-caption\"><div class=\"fg-caption-inner\"><div class=\"fg-caption-desc\">Le tron\u00e7on final de la Dent \u00ab On The Bike \u00bb ?<\/div><\/div><\/figcaption><\/figure><div class=\"fg-loader\"><\/div><\/div><div class=\"fg-item fg-type-image fg-idle\"><figure class=\"fg-item-inner\"><a href=\"https:\/\/alpavista.ch\/Alp11\/wp-content\/uploads\/TCPODR_2025_027.png\" data-caption-title=\"Premi\u00e8re fois \u00ab ever \u00bb que je vois quelqu&#039;un le passer (presque) sans faire pied. Chapeau Monsieur Gruzelle !\" data-caption-desc=\"Premi\u00e8re fois \u00ab ever \u00bb que je vois quelqu&#039;un le passer (presque) sans faire pied. Chapeau Monsieur Gruzelle !\" data-attachment-id=\"41436\" data-type=\"image\" class=\"fg-thumb\"><span class=\"fg-image-wrap\"><img decoding=\"async\" title=\"Premi\u00e8re fois \u00ab ever \u00bb que je vois quelqu&#039;un le passer (presque) sans faire pied. Chapeau Monsieur Gruzelle !\" width=\"101\" height=\"57\" class=\"skip-lazy fg-image\" data-src-fg=\"https:\/\/alpavista.ch\/Alp11\/wp-content\/uploads\/cache\/TCPODR_2025_027\/3075648664.png\" src=\"data:image\/svg+xml,%3Csvg%20xmlns%3D%22http%3A%2F%2Fwww.w3.org%2F2000%2Fsvg%22%20width%3D%22101%22%20height%3D%2257%22%20viewBox%3D%220%200%20101%2057%22%3E%3C%2Fsvg%3E\" loading=\"eager\"><\/span><span class=\"fg-image-overlay\"><\/span><\/a><figcaption class=\"fg-caption\"><div class=\"fg-caption-inner\"><div class=\"fg-caption-desc\">Premi\u00e8re fois \u00ab ever \u00bb que je vois quelqu'un le passer (presque) sans faire pied. Chapeau Monsieur Gruzelle !<\/div><\/div><\/figcaption><\/figure><div class=\"fg-loader\"><\/div><\/div><div class=\"fg-item fg-type-image fg-idle\"><figure class=\"fg-item-inner\"><a href=\"https:\/\/alpavista.ch\/Alp11\/wp-content\/uploads\/TCPODR_2025_028.png\" data-caption-title=\"Le Racines \u00ab Lower Section \u00bb en version ravag\u00e9e est-ce encore un dessert ? Oui, mais seulement si vous avez le pilotage aff\u00fbt\u00e9 n\u00e9cessaire.\" data-caption-desc=\"Le Racines \u00ab Lower Section \u00bb en version ravag\u00e9e est-ce encore un dessert ? Oui, mais seulement si vous avez le pilotage aff\u00fbt\u00e9 n\u00e9cessaire.\" data-attachment-id=\"41437\" data-type=\"image\" class=\"fg-thumb\"><span class=\"fg-image-wrap\"><img decoding=\"async\" title=\"Le Racines \u00ab Lower Section \u00bb en version ravag\u00e9e est-ce encore un dessert ? Oui, mais seulement si vous avez le pilotage aff\u00fbt\u00e9 n\u00e9cessaire.\" width=\"101\" height=\"57\" class=\"skip-lazy fg-image\" data-src-fg=\"https:\/\/alpavista.ch\/Alp11\/wp-content\/uploads\/cache\/TCPODR_2025_028\/3765784814.png\" src=\"data:image\/svg+xml,%3Csvg%20xmlns%3D%22http%3A%2F%2Fwww.w3.org%2F2000%2Fsvg%22%20width%3D%22101%22%20height%3D%2257%22%20viewBox%3D%220%200%20101%2057%22%3E%3C%2Fsvg%3E\" loading=\"eager\"><\/span><span class=\"fg-image-overlay\"><\/span><\/a><figcaption class=\"fg-caption\"><div class=\"fg-caption-inner\"><div class=\"fg-caption-desc\">Le Racines \u00ab Lower Section \u00bb en version ravag\u00e9e est-ce encore un dessert ? Oui, mais seulement si vous avez le pilotage aff\u00fbt\u00e9 n\u00e9cessaire.<\/div><\/div><\/figcaption><\/figure><div class=\"fg-loader\"><\/div><\/div><\/div>\n\n<input class=\"fooboxshare_post_id\" type=\"hidden\" value=\"41439\"\/>","protected":false},"excerpt":{"rendered":"<p>TCPODR pour \u00ab Tournelle\/Croix de C\u0153ur\/Plannards\/Oindu\/Dent\/Racines \u00bb. Six chemins, c\u2019est mieux que rien ! Si ce billet aurait tr\u00e8s bien aussi pu s\u2019intituler \u00ab Un dernier adret avant la mousson \u00bb, c\u2019est parce que le programme de notre journ\u00e9e ne s\u2019est finalement par articul\u00e9, sur le versant oppos\u00e9, du c\u00f4t\u00e9 du Col de Mille. La crainte du verglas et de la boue de gel\/d\u00e9gel nous a favorablement incit\u00e9 \u00e0 changer nos plans en derni\u00e8re minute.<\/p>\n","protected":false},"author":2,"featured_media":41409,"comment_status":"open","ping_status":"open","sticky":false,"template":"","format":"standard","meta":{"footnotes":""},"categories":[658,4],"tags":[1079,3712,2394,2668,2520,3714,2757,2206,2530,3715,2758,2015,1283,3624,3869,1238],"class_list":["post-41439","post","type-post","status-publish","format-standard","has-post-thumbnail","hentry","category-outdoor","category-vtt","tag-bagnes","tag-carrefour","tag-clambin","tag-croix-de-coeur","tag-dent","tag-esserts","tag-marlene","tag-mayens-de-sarreyer","tag-mayentset","tag-oindu","tag-plannards","tag-racines","tag-sarreyer","tag-savoleyres","tag-tournelle","tag-verbier"],"_links":{"self":[{"href":"https:\/\/alpavista.ch\/Alp11\/wp-json\/wp\/v2\/posts\/41439","targetHints":{"allow":["GET"]}}],"collection":[{"href":"https:\/\/alpavista.ch\/Alp11\/wp-json\/wp\/v2\/posts"}],"about":[{"href":"https:\/\/alpavista.ch\/Alp11\/wp-json\/wp\/v2\/types\/post"}],"author":[{"embeddable":true,"href":"https:\/\/alpavista.ch\/Alp11\/wp-json\/wp\/v2\/users\/2"}],"replies":[{"embeddable":true,"href":"https:\/\/alpavista.ch\/Alp11\/wp-json\/wp\/v2\/comments?post=41439"}],"version-history":[{"count":0,"href":"https:\/\/alpavista.ch\/Alp11\/wp-json\/wp\/v2\/posts\/41439\/revisions"}],"wp:featuredmedia":[{"embeddable":true,"href":"https:\/\/alpavista.ch\/Alp11\/wp-json\/wp\/v2\/media\/41409"}],"wp:attachment":[{"href":"https:\/\/alpavista.ch\/Alp11\/wp-json\/wp\/v2\/media?parent=41439"}],"wp:term":[{"taxonomy":"category","embeddable":true,"href":"https:\/\/alpavista.ch\/Alp11\/wp-json\/wp\/v2\/categories?post=41439"},{"taxonomy":"post_tag","embeddable":true,"href":"https:\/\/alpavista.ch\/Alp11\/wp-json\/wp\/v2\/tags?post=41439"}],"curies":[{"name":"wp","href":"https:\/\/api.w.org\/{rel}","templated":true}]}}