{"id":41512,"date":"2026-04-26T18:33:31","date_gmt":"2026-04-26T16:33:31","guid":{"rendered":"https:\/\/alpavista.ch\/Alp11\/?p=41512"},"modified":"2026-04-27T08:35:17","modified_gmt":"2026-04-27T06:35:17","slug":"couvinir-2026","status":"publish","type":"post","link":"https:\/\/alpavista.ch\/Alp11\/2026\/04\/26\/couvinir-2026\/","title":{"rendered":"Couvinir 2026"},"content":{"rendered":"<p>Avec un avril haut en pression et pas gris pour un sou, les opportunit\u00e9s de rouler se multiplient et nos week-ends se suivent et se ressemblent. Apr\u00e8s Tatz, samedi pass\u00e9, Couvinir, aujourd\u2019hui. M\u00eame versant de la vall\u00e9e du Rh\u00f4ne, juste 300 \u00ab petits \u00bb m\u00e8tres de d\u00e9nivel\u00e9 en plus. Un choix printanier, li\u00e9 \u00e0 l\u2019amplitude du terrain de jeu disponible et \u00e0 la limite de la neige r\u00e9siduelle. Malgr\u00e9 un avril digne des plus grands cr\u00fbs de ce 21\u00e8me si\u00e8cle, la diff\u00e9rence entre adret et ubac est encore bien trop importante pour privil\u00e9gier une sortie en rive gauche.<br \/>\n<!--more--><br \/>\nItin\u00e9raire de printemps par excellence, la boucle qui m\u00e8ne, au d\u00e9part de Sierre, jusqu&rsquo;\u00e0 Nuschelet, porte d&rsquo;entr\u00e9e de l&rsquo;alpage de Varneralp, reste un mets de choix \u00e0 se mettre sous des crampons encore peu affut\u00e9s. En effet, une fois son copieux d\u00e9nivel\u00e9 initial aval\u00e9, la longue descente, quasi rectiligne, du \u00ab Valais Alpine Bike Trail Nr41 \u00bb est un petit joyau, bien trac\u00e9e et parfaitement entretenue, d\u00e8s la sortie de l&rsquo;hiver. Le \u00ab Trail \u00bb id\u00e9al pour retrouver les sensations et le \u00ab feeling \u00bb \u00e9vapor\u00e9s durant la mauvaise saison.<\/p>\n<style type=\"text\/css\">\n#foogallery-gallery-41511 .fg-image { width: 101px; }\n#foogallery-gallery-41511 { --fg-gutter: 1px; }<\/style>\n\t\t\t<div class=\"foogallery foogallery-container foogallery-default foogallery-lightbox-none fg-left fg-default fg-ready fg-light fg-loading-default fg-loaded-fade-in fg-preset fg-selena fg-preset-small fg-preset fg-selena fg-preset-small\" id=\"foogallery-gallery-41511\" data-foogallery=\"{&quot;item&quot;:{&quot;showCaptionTitle&quot;:false,&quot;showCaptionDescription&quot;:true},&quot;lazy&quot;:true,&quot;state&quot;:{&quot;enabled&quot;:true,&quot;mask&quot;:&quot;foogallery-{id}&quot;}}\" style=\"--fg-title-line-clamp: 0; --fg-description-line-clamp: 0;\" >\n\t<div class=\"fg-item fg-type-image fg-idle\"><figure class=\"fg-item-inner\"><a href=\"https:\/\/alpavista.ch\/Alp11\/wp-content\/uploads\/Couvinir_26_001.png\" data-caption-title=\"Une fois les 1&#039;800 m\u00e8tres atteints, les n\u00e9v\u00e9s se multiplient...\" data-caption-desc=\"Une fois les 1&#039;800 m\u00e8tres atteints, les n\u00e9v\u00e9s se multiplient...\" data-attachment-id=\"41482\" data-type=\"image\" class=\"fg-thumb\"><span class=\"fg-image-wrap\"><img decoding=\"async\" title=\"Une fois les 1&#039;800 m\u00e8tres atteints, les n\u00e9v\u00e9s se multiplient...\" width=\"101\" height=\"57\" class=\"skip-lazy fg-image\" data-src-fg=\"https:\/\/alpavista.ch\/Alp11\/wp-content\/uploads\/cache\/Couvinir_26_001\/3172234664.png\" src=\"data:image\/svg+xml,%3Csvg%20xmlns%3D%22http%3A%2F%2Fwww.w3.org%2F2000%2Fsvg%22%20width%3D%22101%22%20height%3D%2257%22%20viewBox%3D%220%200%20101%2057%22%3E%3C%2Fsvg%3E\" loading=\"eager\"><\/span><span class=\"fg-image-overlay\"><\/span><\/a><figcaption class=\"fg-caption\"><div class=\"fg-caption-inner\"><div class=\"fg-caption-desc\">Une fois les 1'800 m\u00e8tres atteints, les n\u00e9v\u00e9s se multiplient...<\/div><\/div><\/figcaption><\/figure><div class=\"fg-loader\"><\/div><\/div><div class=\"fg-item fg-type-image fg-idle\"><figure class=\"fg-item-inner\"><a href=\"https:\/\/alpavista.ch\/Alp11\/wp-content\/uploads\/Couvinir_26_002.png\" data-caption-title=\".... alors que leur \u00e9tendue et leur consistance varient fortement suivant leur exposition aux rayons de l&#039;astre du jour.\" data-caption-desc=\".... alors que leur \u00e9tendue et leur consistance varient fortement suivant leur exposition aux rayons de l&#039;astre du jour.\" data-attachment-id=\"41483\" data-type=\"image\" class=\"fg-thumb\"><span class=\"fg-image-wrap\"><img decoding=\"async\" title=\".... alors que leur \u00e9tendue et leur consistance varient fortement suivant leur exposition aux rayons de l&#039;astre du jour.\" width=\"101\" height=\"57\" class=\"skip-lazy fg-image\" data-src-fg=\"https:\/\/alpavista.ch\/Alp11\/wp-content\/uploads\/cache\/Couvinir_26_002\/3181157521.png\" src=\"data:image\/svg+xml,%3Csvg%20xmlns%3D%22http%3A%2F%2Fwww.w3.org%2F2000%2Fsvg%22%20width%3D%22101%22%20height%3D%2257%22%20viewBox%3D%220%200%20101%2057%22%3E%3C%2Fsvg%3E\" loading=\"eager\"><\/span><span class=\"fg-image-overlay\"><\/span><\/a><figcaption class=\"fg-caption\"><div class=\"fg-caption-inner\"><div class=\"fg-caption-desc\">.... alors que leur \u00e9tendue et leur consistance varient fortement suivant leur exposition aux rayons de l'astre du jour.<\/div><\/div><\/figcaption><\/figure><div class=\"fg-loader\"><\/div><\/div><div class=\"fg-item fg-type-image fg-idle\"><figure class=\"fg-item-inner\"><a href=\"https:\/\/alpavista.ch\/Alp11\/wp-content\/uploads\/Couvinir_26_003.png\" data-caption-title=\"Certains demandent de se mouiller les pieds...\" data-caption-desc=\"Certains demandent de se mouiller les pieds...\" data-attachment-id=\"41484\" data-type=\"image\" class=\"fg-thumb\"><span class=\"fg-image-wrap\"><img decoding=\"async\" title=\"Certains demandent de se mouiller les pieds...\" width=\"101\" height=\"57\" class=\"skip-lazy fg-image\" data-src-fg=\"https:\/\/alpavista.ch\/Alp11\/wp-content\/uploads\/cache\/Couvinir_26_003\/1841502347.png\" src=\"data:image\/svg+xml,%3Csvg%20xmlns%3D%22http%3A%2F%2Fwww.w3.org%2F2000%2Fsvg%22%20width%3D%22101%22%20height%3D%2257%22%20viewBox%3D%220%200%20101%2057%22%3E%3C%2Fsvg%3E\" loading=\"eager\"><\/span><span class=\"fg-image-overlay\"><\/span><\/a><figcaption class=\"fg-caption\"><div class=\"fg-caption-inner\"><div class=\"fg-caption-desc\">Certains demandent de se mouiller les pieds...<\/div><\/div><\/figcaption><\/figure><div class=\"fg-loader\"><\/div><\/div><div class=\"fg-item fg-type-image fg-idle\"><figure class=\"fg-item-inner\"><a href=\"https:\/\/alpavista.ch\/Alp11\/wp-content\/uploads\/Couvinir_26_004.png\" data-caption-title=\"... alors que d&#039;autres peuvent \u00eatre contourn\u00e9s avec un peu de doigt\u00e9 et de prudence.\" data-caption-desc=\"... alors que d&#039;autres peuvent \u00eatre contourn\u00e9s avec un peu de doigt\u00e9 et de prudence.\" data-attachment-id=\"41485\" data-type=\"image\" class=\"fg-thumb\"><span class=\"fg-image-wrap\"><img decoding=\"async\" title=\"... alors que d&#039;autres peuvent \u00eatre contourn\u00e9s avec un peu de doigt\u00e9 et de prudence.\" width=\"101\" height=\"57\" class=\"skip-lazy fg-image\" data-src-fg=\"https:\/\/alpavista.ch\/Alp11\/wp-content\/uploads\/cache\/Couvinir_26_004\/3909222216.png\" src=\"data:image\/svg+xml,%3Csvg%20xmlns%3D%22http%3A%2F%2Fwww.w3.org%2F2000%2Fsvg%22%20width%3D%22101%22%20height%3D%2257%22%20viewBox%3D%220%200%20101%2057%22%3E%3C%2Fsvg%3E\" loading=\"eager\"><\/span><span class=\"fg-image-overlay\"><\/span><\/a><figcaption class=\"fg-caption\"><div class=\"fg-caption-inner\"><div class=\"fg-caption-desc\">... alors que d'autres peuvent \u00eatre contourn\u00e9s avec un peu de doigt\u00e9 et de prudence.<\/div><\/div><\/figcaption><\/figure><div class=\"fg-loader\"><\/div><\/div><div class=\"fg-item fg-type-image fg-idle\"><figure class=\"fg-item-inner\"><a href=\"https:\/\/alpavista.ch\/Alp11\/wp-content\/uploads\/Couvinir_26_005.png\" data-caption-title=\"Quand le chemin est clairement trop enneig\u00e9, il faut savoir lui pr\u00e9f\u00e9rer le pr\u00e9.\" data-caption-desc=\"Quand le chemin est clairement trop enneig\u00e9, il faut savoir lui pr\u00e9f\u00e9rer le pr\u00e9.\" data-attachment-id=\"41486\" data-type=\"image\" class=\"fg-thumb\"><span class=\"fg-image-wrap\"><img decoding=\"async\" title=\"Quand le chemin est clairement trop enneig\u00e9, il faut savoir lui pr\u00e9f\u00e9rer le pr\u00e9.\" width=\"101\" height=\"57\" class=\"skip-lazy fg-image\" data-src-fg=\"https:\/\/alpavista.ch\/Alp11\/wp-content\/uploads\/cache\/Couvinir_26_005\/1825753849.png\" src=\"data:image\/svg+xml,%3Csvg%20xmlns%3D%22http%3A%2F%2Fwww.w3.org%2F2000%2Fsvg%22%20width%3D%22101%22%20height%3D%2257%22%20viewBox%3D%220%200%20101%2057%22%3E%3C%2Fsvg%3E\" loading=\"eager\"><\/span><span class=\"fg-image-overlay\"><\/span><\/a><figcaption class=\"fg-caption\"><div class=\"fg-caption-inner\"><div class=\"fg-caption-desc\">Quand le chemin est clairement trop enneig\u00e9, il faut savoir lui pr\u00e9f\u00e9rer le pr\u00e9.<\/div><\/div><\/figcaption><\/figure><div class=\"fg-loader\"><\/div><\/div><div class=\"fg-item fg-type-image fg-idle\"><figure class=\"fg-item-inner\"><a href=\"https:\/\/alpavista.ch\/Alp11\/wp-content\/uploads\/Couvinir_26_006.png\" data-caption-title=\"Enfin, ceci est encore \u00e0 relativiser selon le sport que vous pratiquez.\" data-caption-desc=\"Enfin, ceci est encore \u00e0 relativiser selon le sport que vous pratiquez.\" data-attachment-id=\"41487\" data-type=\"image\" class=\"fg-thumb\"><span class=\"fg-image-wrap\"><img decoding=\"async\" title=\"Enfin, ceci est encore \u00e0 relativiser selon le sport que vous pratiquez.\" width=\"101\" height=\"57\" class=\"skip-lazy fg-image\" data-src-fg=\"https:\/\/alpavista.ch\/Alp11\/wp-content\/uploads\/cache\/Couvinir_26_006\/1817846720.png\" src=\"data:image\/svg+xml,%3Csvg%20xmlns%3D%22http%3A%2F%2Fwww.w3.org%2F2000%2Fsvg%22%20width%3D%22101%22%20height%3D%2257%22%20viewBox%3D%220%200%20101%2057%22%3E%3C%2Fsvg%3E\" loading=\"eager\"><\/span><span class=\"fg-image-overlay\"><\/span><\/a><figcaption class=\"fg-caption\"><div class=\"fg-caption-inner\"><div class=\"fg-caption-desc\">Enfin, ceci est encore \u00e0 relativiser selon le sport que vous pratiquez.<\/div><\/div><\/figcaption><\/figure><div class=\"fg-loader\"><\/div><\/div><div class=\"fg-item fg-type-image fg-idle\"><figure class=\"fg-item-inner\"><a href=\"https:\/\/alpavista.ch\/Alp11\/wp-content\/uploads\/Couvinir_26_007.png\" data-caption-title=\"M\u00eame s&#039;il ne peut pas pr\u00e9tendre \u00e0 l&#039;appellation \u00ab Valais Alpine Bike Trail Nr41 \u00bb, la partie sommitale de la descente est du m\u00eame acabit.\" data-caption-desc=\"M\u00eame s&#039;il ne peut pas pr\u00e9tendre \u00e0 l&#039;appellation \u00ab Valais Alpine Bike Trail Nr41 \u00bb, la partie sommitale de la descente est du m\u00eame acabit.\" data-attachment-id=\"41488\" data-type=\"image\" class=\"fg-thumb\"><span class=\"fg-image-wrap\"><img decoding=\"async\" title=\"M\u00eame s&#039;il ne peut pas pr\u00e9tendre \u00e0 l&#039;appellation \u00ab Valais Alpine Bike Trail Nr41 \u00bb, la partie sommitale de la descente est du m\u00eame acabit.\" width=\"101\" height=\"57\" class=\"skip-lazy fg-image\" data-src-fg=\"https:\/\/alpavista.ch\/Alp11\/wp-content\/uploads\/cache\/Couvinir_26_007\/387761292.png\" src=\"data:image\/svg+xml,%3Csvg%20xmlns%3D%22http%3A%2F%2Fwww.w3.org%2F2000%2Fsvg%22%20width%3D%22101%22%20height%3D%2257%22%20viewBox%3D%220%200%20101%2057%22%3E%3C%2Fsvg%3E\" loading=\"eager\"><\/span><span class=\"fg-image-overlay\"><\/span><\/a><figcaption class=\"fg-caption\"><div class=\"fg-caption-inner\"><div class=\"fg-caption-desc\">M\u00eame s'il ne peut pas pr\u00e9tendre \u00e0 l'appellation \u00ab Valais Alpine Bike Trail Nr41 \u00bb, la partie sommitale de la descente est du m\u00eame acabit.<\/div><\/div><\/figcaption><\/figure><div class=\"fg-loader\"><\/div><\/div><div class=\"fg-item fg-type-image fg-idle\"><figure class=\"fg-item-inner\"><a href=\"https:\/\/alpavista.ch\/Alp11\/wp-content\/uploads\/Couvinir_26_008.png\" data-caption-title=\"S\u00e8che \u00e0 crever et rectiligne comme un trait de crayon trac\u00e9 au cordeau.\" data-caption-desc=\"S\u00e8che \u00e0 crever et rectiligne comme un trait de crayon trac\u00e9 au cordeau.\" data-attachment-id=\"41489\" data-type=\"image\" class=\"fg-thumb\"><span class=\"fg-image-wrap\"><img decoding=\"async\" title=\"S\u00e8che \u00e0 crever et rectiligne comme un trait de crayon trac\u00e9 au cordeau.\" width=\"101\" height=\"57\" class=\"skip-lazy fg-image\" data-src-fg=\"https:\/\/alpavista.ch\/Alp11\/wp-content\/uploads\/cache\/Couvinir_26_008\/1077623034.png\" src=\"data:image\/svg+xml,%3Csvg%20xmlns%3D%22http%3A%2F%2Fwww.w3.org%2F2000%2Fsvg%22%20width%3D%22101%22%20height%3D%2257%22%20viewBox%3D%220%200%20101%2057%22%3E%3C%2Fsvg%3E\" loading=\"eager\"><\/span><span class=\"fg-image-overlay\"><\/span><\/a><figcaption class=\"fg-caption\"><div class=\"fg-caption-inner\"><div class=\"fg-caption-desc\">S\u00e8che \u00e0 crever et rectiligne comme un trait de crayon trac\u00e9 au cordeau.<\/div><\/div><\/figcaption><\/figure><div class=\"fg-loader\"><\/div><\/div><div class=\"fg-item fg-type-image fg-idle\"><figure class=\"fg-item-inner\"><a href=\"https:\/\/alpavista.ch\/Alp11\/wp-content\/uploads\/Couvinir_26_009.png\" data-caption-title=\"S\u00fbrement \u00ab shap\u00e9 \u00bb par quelqu&#039;un qui n&#039;aimait pas le lacet, elle est plut\u00f4t facile d&#039;acc\u00e8s, m\u00eame s&#039;elle n&#039;oublie jamais de vous secouer.\" data-caption-desc=\"S\u00fbrement \u00ab shap\u00e9 \u00bb par quelqu&#039;un qui n&#039;aimait pas le lacet, elle est plut\u00f4t facile d&#039;acc\u00e8s, m\u00eame s&#039;elle n&#039;oublie jamais de vous secouer.\" data-attachment-id=\"41490\" data-type=\"image\" class=\"fg-thumb\"><span class=\"fg-image-wrap\"><img decoding=\"async\" title=\"S\u00fbrement \u00ab shap\u00e9 \u00bb par quelqu&#039;un qui n&#039;aimait pas le lacet, elle est plut\u00f4t facile d&#039;acc\u00e8s, m\u00eame s&#039;elle n&#039;oublie jamais de vous secouer.\" width=\"101\" height=\"57\" class=\"skip-lazy fg-image\" data-src-fg=\"https:\/\/alpavista.ch\/Alp11\/wp-content\/uploads\/cache\/Couvinir_26_009\/3473377740.png\" src=\"data:image\/svg+xml,%3Csvg%20xmlns%3D%22http%3A%2F%2Fwww.w3.org%2F2000%2Fsvg%22%20width%3D%22101%22%20height%3D%2257%22%20viewBox%3D%220%200%20101%2057%22%3E%3C%2Fsvg%3E\" loading=\"eager\"><\/span><span class=\"fg-image-overlay\"><\/span><\/a><figcaption class=\"fg-caption\"><div class=\"fg-caption-inner\"><div class=\"fg-caption-desc\">S\u00fbrement \u00ab shap\u00e9 \u00bb par quelqu'un qui n'aimait pas le lacet, elle est plut\u00f4t facile d'acc\u00e8s, m\u00eame s'elle n'oublie jamais de vous secouer.<\/div><\/div><\/figcaption><\/figure><div class=\"fg-loader\"><\/div><\/div><div class=\"fg-item fg-type-image fg-idle\"><figure class=\"fg-item-inner\"><a href=\"https:\/\/alpavista.ch\/Alp11\/wp-content\/uploads\/Couvinir_26_010.png\" data-caption-title=\"Quand les racines semblent trop pi\u00e9geuses, optez pour le rocher, surtout si les roues de votre bike sont \u00e9quip\u00e9es des g\u00e9niaux Schwalbe Gravity radiaux.\" data-caption-desc=\"Quand les racines semblent trop pi\u00e9geuses, optez pour le rocher, surtout si les roues de votre bike sont \u00e9quip\u00e9es des g\u00e9niaux Schwalbe Gravity radiaux.\" data-attachment-id=\"41491\" data-type=\"image\" class=\"fg-thumb\"><span class=\"fg-image-wrap\"><img decoding=\"async\" title=\"Quand les racines semblent trop pi\u00e9geuses, optez pour le rocher, surtout si les roues de votre bike sont \u00e9quip\u00e9es des g\u00e9niaux Schwalbe Gravity radiaux.\" width=\"101\" height=\"57\" class=\"skip-lazy fg-image\" data-src-fg=\"https:\/\/alpavista.ch\/Alp11\/wp-content\/uploads\/cache\/Couvinir_26_010\/1228171390.png\" src=\"data:image\/svg+xml,%3Csvg%20xmlns%3D%22http%3A%2F%2Fwww.w3.org%2F2000%2Fsvg%22%20width%3D%22101%22%20height%3D%2257%22%20viewBox%3D%220%200%20101%2057%22%3E%3C%2Fsvg%3E\" loading=\"eager\"><\/span><span class=\"fg-image-overlay\"><\/span><\/a><figcaption class=\"fg-caption\"><div class=\"fg-caption-inner\"><div class=\"fg-caption-desc\">Quand les racines semblent trop pi\u00e9geuses, optez pour le rocher, surtout si les roues de votre bike sont \u00e9quip\u00e9es des g\u00e9niaux Schwalbe Gravity radiaux.<\/div><\/div><\/figcaption><\/figure><div class=\"fg-loader\"><\/div><\/div><div class=\"fg-item fg-type-image fg-idle\"><figure class=\"fg-item-inner\"><a href=\"https:\/\/alpavista.ch\/Alp11\/wp-content\/uploads\/Couvinir_26_011.png\" data-caption-title=\"Et quand le rocher est absent, il reste encore souvent un choix de ligne moins secouant.\" data-caption-desc=\"Et quand le rocher est absent, il reste encore souvent un choix de ligne moins secouant.\" data-attachment-id=\"41492\" data-type=\"image\" class=\"fg-thumb\"><span class=\"fg-image-wrap\"><img decoding=\"async\" title=\"Et quand le rocher est absent, il reste encore souvent un choix de ligne moins secouant.\" width=\"101\" height=\"57\" class=\"skip-lazy fg-image\" data-src-fg=\"https:\/\/alpavista.ch\/Alp11\/wp-content\/uploads\/cache\/Couvinir_26_011\/3437714895.png\" src=\"data:image\/svg+xml,%3Csvg%20xmlns%3D%22http%3A%2F%2Fwww.w3.org%2F2000%2Fsvg%22%20width%3D%22101%22%20height%3D%2257%22%20viewBox%3D%220%200%20101%2057%22%3E%3C%2Fsvg%3E\" loading=\"eager\"><\/span><span class=\"fg-image-overlay\"><\/span><\/a><figcaption class=\"fg-caption\"><div class=\"fg-caption-inner\"><div class=\"fg-caption-desc\">Et quand le rocher est absent, il reste encore souvent un choix de ligne moins secouant.<\/div><\/div><\/figcaption><\/figure><div class=\"fg-loader\"><\/div><\/div><div class=\"fg-item fg-type-image fg-idle\"><figure class=\"fg-item-inner\"><a href=\"https:\/\/alpavista.ch\/Alp11\/wp-content\/uploads\/Couvinir_26_012.png\" data-caption-title=\"Un \u00ab Rock Slab \u00bb en carton reste un \u00ab Rock Slab \u00bb. A chaque niveau, son seuil de satisfaction.\" data-caption-desc=\"Un \u00ab Rock Slab \u00bb en carton reste un \u00ab Rock Slab \u00bb. A chaque niveau, son seuil de satisfaction.\" data-attachment-id=\"41493\" data-type=\"image\" class=\"fg-thumb\"><span class=\"fg-image-wrap\"><img decoding=\"async\" title=\"Un \u00ab Rock Slab \u00bb en carton reste un \u00ab Rock Slab \u00bb. A chaque niveau, son seuil de satisfaction.\" width=\"101\" height=\"57\" class=\"skip-lazy fg-image\" data-src-fg=\"https:\/\/alpavista.ch\/Alp11\/wp-content\/uploads\/cache\/Couvinir_26_012\/3429872886.png\" src=\"data:image\/svg+xml,%3Csvg%20xmlns%3D%22http%3A%2F%2Fwww.w3.org%2F2000%2Fsvg%22%20width%3D%22101%22%20height%3D%2257%22%20viewBox%3D%220%200%20101%2057%22%3E%3C%2Fsvg%3E\" loading=\"eager\"><\/span><span class=\"fg-image-overlay\"><\/span><\/a><figcaption class=\"fg-caption\"><div class=\"fg-caption-inner\"><div class=\"fg-caption-desc\">Un \u00ab Rock Slab \u00bb en carton reste un \u00ab Rock Slab \u00bb. A chaque niveau, son seuil de satisfaction.<\/div><\/div><\/figcaption><\/figure><div class=\"fg-loader\"><\/div><\/div><div class=\"fg-item fg-type-image fg-idle\"><figure class=\"fg-item-inner\"><a href=\"https:\/\/alpavista.ch\/Alp11\/wp-content\/uploads\/Couvinir_26_013.png\" data-caption-title=\"Superbement am\u00e9nag\u00e9 et d\u00e9j\u00e0 parfaitement entretenu, le \u00ab Valais Alpine Bike Trail Nr41 \u00bb est clairement un atout de choix pour vous inciter \u00e0 venir rouler dans la r\u00e9gion.\" data-caption-desc=\"Superbement am\u00e9nag\u00e9 et d\u00e9j\u00e0 parfaitement entretenu, le \u00ab Valais Alpine Bike Trail Nr41 \u00bb est clairement un atout de choix pour vous inciter \u00e0 venir rouler dans la r\u00e9gion.\" data-attachment-id=\"41494\" data-type=\"image\" class=\"fg-thumb\"><span class=\"fg-image-wrap\"><img decoding=\"async\" title=\"Superbement am\u00e9nag\u00e9 et d\u00e9j\u00e0 parfaitement entretenu, le \u00ab Valais Alpine Bike Trail Nr41 \u00bb est clairement un atout de choix pour vous inciter \u00e0 venir rouler dans la r\u00e9gion.\" width=\"101\" height=\"57\" class=\"skip-lazy fg-image\" data-src-fg=\"https:\/\/alpavista.ch\/Alp11\/wp-content\/uploads\/cache\/Couvinir_26_013\/472920300.png\" src=\"data:image\/svg+xml,%3Csvg%20xmlns%3D%22http%3A%2F%2Fwww.w3.org%2F2000%2Fsvg%22%20width%3D%22101%22%20height%3D%2257%22%20viewBox%3D%220%200%20101%2057%22%3E%3C%2Fsvg%3E\" loading=\"eager\"><\/span><span class=\"fg-image-overlay\"><\/span><\/a><figcaption class=\"fg-caption\"><div class=\"fg-caption-inner\"><div class=\"fg-caption-desc\">Superbement am\u00e9nag\u00e9 et d\u00e9j\u00e0 parfaitement entretenu, le \u00ab Valais Alpine Bike Trail Nr41 \u00bb est clairement un atout de choix pour vous inciter \u00e0 venir rouler dans la r\u00e9gion.<\/div><\/div><\/figcaption><\/figure><div class=\"fg-loader\"><\/div><\/div><div class=\"fg-item fg-type-image fg-idle\"><figure class=\"fg-item-inner\"><a href=\"https:\/\/alpavista.ch\/Alp11\/wp-content\/uploads\/Couvinir_26_014.png\" data-caption-title=\"Riding with a view and more and more heat, manque d&#039;ombre foresti\u00e8re oblige.\" data-caption-desc=\"Riding with a view and more and more heat, manque d&#039;ombre foresti\u00e8re oblige.\" data-attachment-id=\"41495\" data-type=\"image\" class=\"fg-thumb\"><span class=\"fg-image-wrap\"><img decoding=\"async\" title=\"Riding with a view and more and more heat, manque d&#039;ombre foresti\u00e8re oblige.\" width=\"101\" height=\"57\" class=\"skip-lazy fg-image\" data-src-fg=\"https:\/\/alpavista.ch\/Alp11\/wp-content\/uploads\/cache\/Couvinir_26_014\/2566051631.png\" src=\"data:image\/svg+xml,%3Csvg%20xmlns%3D%22http%3A%2F%2Fwww.w3.org%2F2000%2Fsvg%22%20width%3D%22101%22%20height%3D%2257%22%20viewBox%3D%220%200%20101%2057%22%3E%3C%2Fsvg%3E\" loading=\"eager\"><\/span><span class=\"fg-image-overlay\"><\/span><\/a><figcaption class=\"fg-caption\"><div class=\"fg-caption-inner\"><div class=\"fg-caption-desc\">Riding with a view and more and more heat, manque d'ombre foresti\u00e8re oblige.<\/div><\/div><\/figcaption><\/figure><div class=\"fg-loader\"><\/div><\/div><div class=\"fg-item fg-type-image fg-idle\"><figure class=\"fg-item-inner\"><a href=\"https:\/\/alpavista.ch\/Alp11\/wp-content\/uploads\/Couvinir_26_015.png\" data-caption-title=\"Poussi\u00e8re d&#039;avril ne pr\u00e9sage en rien du reste de la saison. M\u00eame si, en tant que VTTiste du Vieux-Pays, on signerait tout de suite pour que le beau temps continue.\" data-caption-desc=\"Poussi\u00e8re d&#039;avril ne pr\u00e9sage en rien du reste de la saison. M\u00eame si, en tant que VTTiste du Vieux-Pays, on signerait tout de suite pour que le beau temps continue.\" data-attachment-id=\"41496\" data-type=\"image\" class=\"fg-thumb\"><span class=\"fg-image-wrap\"><img decoding=\"async\" title=\"Poussi\u00e8re d&#039;avril ne pr\u00e9sage en rien du reste de la saison. M\u00eame si, en tant que VTTiste du Vieux-Pays, on signerait tout de suite pour que le beau temps continue.\" width=\"101\" height=\"57\" class=\"skip-lazy fg-image\" data-src-fg=\"https:\/\/alpavista.ch\/Alp11\/wp-content\/uploads\/cache\/Couvinir_26_015\/488759966.png\" src=\"data:image\/svg+xml,%3Csvg%20xmlns%3D%22http%3A%2F%2Fwww.w3.org%2F2000%2Fsvg%22%20width%3D%22101%22%20height%3D%2257%22%20viewBox%3D%220%200%20101%2057%22%3E%3C%2Fsvg%3E\" loading=\"eager\"><\/span><span class=\"fg-image-overlay\"><\/span><\/a><figcaption class=\"fg-caption\"><div class=\"fg-caption-inner\"><div class=\"fg-caption-desc\">Poussi\u00e8re d'avril ne pr\u00e9sage en rien du reste de la saison. M\u00eame si, en tant que VTTiste du Vieux-Pays, on signerait tout de suite pour que le beau temps continue.<\/div><\/div><\/figcaption><\/figure><div class=\"fg-loader\"><\/div><\/div><div class=\"fg-item fg-type-image fg-idle\"><figure class=\"fg-item-inner\"><a href=\"https:\/\/alpavista.ch\/Alp11\/wp-content\/uploads\/Couvinir_26_016.png\" data-caption-title=\"Si prise de confiance rime souvent avec vitesse, l&#039;alternance d&#039;ombre et de lumi\u00e8re, eux, riment rarement avec un APN content.\" data-caption-desc=\"Si prise de confiance rime souvent avec vitesse, l&#039;alternance d&#039;ombre et de lumi\u00e8re, eux, riment rarement avec un APN content.\" data-attachment-id=\"41497\" data-type=\"image\" class=\"fg-thumb\"><span class=\"fg-image-wrap\"><img decoding=\"async\" title=\"Si prise de confiance rime souvent avec vitesse, l&#039;alternance d&#039;ombre et de lumi\u00e8re, eux, riment rarement avec un APN content.\" width=\"101\" height=\"57\" class=\"skip-lazy fg-image\" data-src-fg=\"https:\/\/alpavista.ch\/Alp11\/wp-content\/uploads\/cache\/Couvinir_26_016\/497617831.png\" src=\"data:image\/svg+xml,%3Csvg%20xmlns%3D%22http%3A%2F%2Fwww.w3.org%2F2000%2Fsvg%22%20width%3D%22101%22%20height%3D%2257%22%20viewBox%3D%220%200%20101%2057%22%3E%3C%2Fsvg%3E\" loading=\"eager\"><\/span><span class=\"fg-image-overlay\"><\/span><\/a><figcaption class=\"fg-caption\"><div class=\"fg-caption-inner\"><div class=\"fg-caption-desc\">Si prise de confiance rime souvent avec vitesse, l'alternance d'ombre et de lumi\u00e8re, eux, riment rarement avec un APN content.<\/div><\/div><\/figcaption><\/figure><div class=\"fg-loader\"><\/div><\/div><div class=\"fg-item fg-type-image fg-idle\"><figure class=\"fg-item-inner\"><a href=\"https:\/\/alpavista.ch\/Alp11\/wp-content\/uploads\/Couvinir_26_017.png\" data-caption-title=\"Traverser le \u00ab Gulantschi \u00bb pour continuer \u00e0 d\u00e9valer. Une premi\u00e8re pour certains, un \u00e9vidence confirm\u00e9e pour d&#039;autre.\" data-caption-desc=\"Traverser le \u00ab Gulantschi \u00bb pour continuer \u00e0 d\u00e9valer. Une premi\u00e8re pour certains, un \u00e9vidence confirm\u00e9e pour d&#039;autre.\" data-attachment-id=\"41498\" data-type=\"image\" class=\"fg-thumb\"><span class=\"fg-image-wrap\"><img decoding=\"async\" title=\"Traverser le \u00ab Gulantschi \u00bb pour continuer \u00e0 d\u00e9valer. Une premi\u00e8re pour certains, un \u00e9vidence confirm\u00e9e pour d&#039;autre.\" width=\"101\" height=\"57\" class=\"skip-lazy fg-image\" data-src-fg=\"https:\/\/alpavista.ch\/Alp11\/wp-content\/uploads\/cache\/Couvinir_26_017\/1726999787.png\" src=\"data:image\/svg+xml,%3Csvg%20xmlns%3D%22http%3A%2F%2Fwww.w3.org%2F2000%2Fsvg%22%20width%3D%22101%22%20height%3D%2257%22%20viewBox%3D%220%200%20101%2057%22%3E%3C%2Fsvg%3E\" loading=\"eager\"><\/span><span class=\"fg-image-overlay\"><\/span><\/a><figcaption class=\"fg-caption\"><div class=\"fg-caption-inner\"><div class=\"fg-caption-desc\">Traverser le \u00ab Gulantschi \u00bb pour continuer \u00e0 d\u00e9valer. Une premi\u00e8re pour certains, un \u00e9vidence confirm\u00e9e pour d'autre.<\/div><\/div><\/figcaption><\/figure><div class=\"fg-loader\"><\/div><\/div><div class=\"fg-item fg-type-image fg-idle\"><figure class=\"fg-item-inner\"><a href=\"https:\/\/alpavista.ch\/Alp11\/wp-content\/uploads\/Couvinir_26_018.png\" data-caption-title=\"Le tron\u00e7on final du \u00ab  Nr41 \u00bb, un petit bijou d&#039;onctuosit\u00e9, \u00e0 l&#039;approche de son cousin \u00ab Nr116 \u00bb, le c\u00e9l\u00e8bre  \u00ab Ch\u00e4llerfl\u00fce Bike \u00bb.\" data-caption-desc=\"Le tron\u00e7on final du \u00ab  Nr41 \u00bb, un petit bijou d&#039;onctuosit\u00e9, \u00e0 l&#039;approche de son cousin \u00ab Nr116 \u00bb, le c\u00e9l\u00e8bre  \u00ab Ch\u00e4llerfl\u00fce Bike \u00bb.\" data-attachment-id=\"41499\" data-type=\"image\" class=\"fg-thumb\"><span class=\"fg-image-wrap\"><img decoding=\"async\" title=\"Le tron\u00e7on final du \u00ab  Nr41 \u00bb, un petit bijou d&#039;onctuosit\u00e9, \u00e0 l&#039;approche de son cousin \u00ab Nr116 \u00bb, le c\u00e9l\u00e8bre  \u00ab Ch\u00e4llerfl\u00fce Bike \u00bb.\" width=\"101\" height=\"57\" class=\"skip-lazy fg-image\" data-src-fg=\"https:\/\/alpavista.ch\/Alp11\/wp-content\/uploads\/cache\/Couvinir_26_018\/835195037.png\" src=\"data:image\/svg+xml,%3Csvg%20xmlns%3D%22http%3A%2F%2Fwww.w3.org%2F2000%2Fsvg%22%20width%3D%22101%22%20height%3D%2257%22%20viewBox%3D%220%200%20101%2057%22%3E%3C%2Fsvg%3E\" loading=\"eager\"><\/span><span class=\"fg-image-overlay\"><\/span><\/a><figcaption class=\"fg-caption\"><div class=\"fg-caption-inner\"><div class=\"fg-caption-desc\">Le tron\u00e7on final du \u00ab  Nr41 \u00bb, un petit bijou d'onctuosit\u00e9, \u00e0 l'approche de son cousin \u00ab Nr116 \u00bb, le c\u00e9l\u00e8bre  \u00ab Ch\u00e4llerfl\u00fce Bike \u00bb.<\/div><\/div><\/figcaption><\/figure><div class=\"fg-loader\"><\/div><\/div><div class=\"fg-item fg-type-image fg-idle\"><figure class=\"fg-item-inner\"><a href=\"https:\/\/alpavista.ch\/Alp11\/wp-content\/uploads\/Couvinir_26_019.png\" data-caption-title=\"Trac\u00e9 \u00e0 flanc et en pentes douces, il incite \u00e0 jouer avec chaque particularit\u00e9 rencontr\u00e9e.\" data-caption-desc=\"Trac\u00e9 \u00e0 flanc et en pentes douces, il incite \u00e0 jouer avec chaque particularit\u00e9 rencontr\u00e9e.\" data-attachment-id=\"41500\" data-type=\"image\" class=\"fg-thumb\"><span class=\"fg-image-wrap\"><img decoding=\"async\" title=\"Trac\u00e9 \u00e0 flanc et en pentes douces, il incite \u00e0 jouer avec chaque particularit\u00e9 rencontr\u00e9e.\" width=\"101\" height=\"57\" class=\"skip-lazy fg-image\" data-src-fg=\"https:\/\/alpavista.ch\/Alp11\/wp-content\/uploads\/cache\/Couvinir_26_019\/3285220.png\" src=\"data:image\/svg+xml,%3Csvg%20xmlns%3D%22http%3A%2F%2Fwww.w3.org%2F2000%2Fsvg%22%20width%3D%22101%22%20height%3D%2257%22%20viewBox%3D%220%200%20101%2057%22%3E%3C%2Fsvg%3E\" loading=\"eager\"><\/span><span class=\"fg-image-overlay\"><\/span><\/a><figcaption class=\"fg-caption\"><div class=\"fg-caption-inner\"><div class=\"fg-caption-desc\">Trac\u00e9 \u00e0 flanc et en pentes douces, il incite \u00e0 jouer avec chaque particularit\u00e9 rencontr\u00e9e.<\/div><\/div><\/figcaption><\/figure><div class=\"fg-loader\"><\/div><\/div><div class=\"fg-item fg-type-image fg-idle\"><figure class=\"fg-item-inner\"><a href=\"https:\/\/alpavista.ch\/Alp11\/wp-content\/uploads\/Couvinir_26_020.png\" data-caption-title=\"Plus on se rapproche de Monsieur 116, plus notre 41 s&#039;en inspire. A croire que ce sont les m\u00eames \u00ab shapers \u00bb qui l&#039;ont trac\u00e9.\" data-caption-desc=\"Plus on se rapproche de Monsieur 116, plus notre 41 s&#039;en inspire. A croire que ce sont les m\u00eames \u00ab shapers \u00bb qui l&#039;ont trac\u00e9.\" data-attachment-id=\"41501\" data-type=\"image\" class=\"fg-thumb\"><span class=\"fg-image-wrap\"><img decoding=\"async\" title=\"Plus on se rapproche de Monsieur 116, plus notre 41 s&#039;en inspire. A croire que ce sont les m\u00eames \u00ab shapers \u00bb qui l&#039;ont trac\u00e9.\" width=\"101\" height=\"57\" class=\"skip-lazy fg-image\" data-src-fg=\"https:\/\/alpavista.ch\/Alp11\/wp-content\/uploads\/cache\/Couvinir_26_020\/2834819536.png\" src=\"data:image\/svg+xml,%3Csvg%20xmlns%3D%22http%3A%2F%2Fwww.w3.org%2F2000%2Fsvg%22%20width%3D%22101%22%20height%3D%2257%22%20viewBox%3D%220%200%20101%2057%22%3E%3C%2Fsvg%3E\" loading=\"eager\"><\/span><span class=\"fg-image-overlay\"><\/span><\/a><figcaption class=\"fg-caption\"><div class=\"fg-caption-inner\"><div class=\"fg-caption-desc\">Plus on se rapproche de Monsieur 116, plus notre 41 s'en inspire. A croire que ce sont les m\u00eames \u00ab shapers \u00bb qui l'ont trac\u00e9.<\/div><\/div><\/figcaption><\/figure><div class=\"fg-loader\"><\/div><\/div><div class=\"fg-item fg-type-image fg-idle\"><figure class=\"fg-item-inner\"><a href=\"https:\/\/alpavista.ch\/Alp11\/wp-content\/uploads\/Couvinir_26_021.png\" data-caption-title=\"En fait, ce n&#039;est m\u00eame pas un pressentiment, c&#039;est une certitude.\" data-caption-desc=\"En fait, ce n&#039;est m\u00eame pas un pressentiment, c&#039;est une certitude.\" data-attachment-id=\"41502\" data-type=\"image\" class=\"fg-thumb\"><span class=\"fg-image-wrap\"><img decoding=\"async\" title=\"En fait, ce n&#039;est m\u00eame pas un pressentiment, c&#039;est une certitude.\" width=\"101\" height=\"57\" class=\"skip-lazy fg-image\" data-src-fg=\"https:\/\/alpavista.ch\/Alp11\/wp-content\/uploads\/cache\/Couvinir_26_021\/757390433.png\" src=\"data:image\/svg+xml,%3Csvg%20xmlns%3D%22http%3A%2F%2Fwww.w3.org%2F2000%2Fsvg%22%20width%3D%22101%22%20height%3D%2257%22%20viewBox%3D%220%200%20101%2057%22%3E%3C%2Fsvg%3E\" loading=\"eager\"><\/span><span class=\"fg-image-overlay\"><\/span><\/a><figcaption class=\"fg-caption\"><div class=\"fg-caption-inner\"><div class=\"fg-caption-desc\">En fait, ce n'est m\u00eame pas un pressentiment, c'est une certitude.<\/div><\/div><\/figcaption><\/figure><div class=\"fg-loader\"><\/div><\/div><div class=\"fg-item fg-type-image fg-idle\"><figure class=\"fg-item-inner\"><a href=\"https:\/\/alpavista.ch\/Alp11\/wp-content\/uploads\/Couvinir_26_022.png\" data-caption-title=\"Le dernier secteur avant leur jonction est \u00e9tonnamment herbeux, sur un versant aussi aride.\" data-caption-desc=\"Le dernier secteur avant leur jonction est \u00e9tonnamment herbeux, sur un versant aussi aride.\" data-attachment-id=\"41503\" data-type=\"image\" class=\"fg-thumb\"><span class=\"fg-image-wrap\"><img decoding=\"async\" title=\"Le dernier secteur avant leur jonction est \u00e9tonnamment herbeux, sur un versant aussi aride.\" width=\"101\" height=\"57\" class=\"skip-lazy fg-image\" data-src-fg=\"https:\/\/alpavista.ch\/Alp11\/wp-content\/uploads\/cache\/Couvinir_26_022\/766260568.png\" src=\"data:image\/svg+xml,%3Csvg%20xmlns%3D%22http%3A%2F%2Fwww.w3.org%2F2000%2Fsvg%22%20width%3D%22101%22%20height%3D%2257%22%20viewBox%3D%220%200%20101%2057%22%3E%3C%2Fsvg%3E\" loading=\"eager\"><\/span><span class=\"fg-image-overlay\"><\/span><\/a><figcaption class=\"fg-caption\"><div class=\"fg-caption-inner\"><div class=\"fg-caption-desc\">Le dernier secteur avant leur jonction est \u00e9tonnamment herbeux, sur un versant aussi aride.<\/div><\/div><\/figcaption><\/figure><div class=\"fg-loader\"><\/div><\/div><div class=\"fg-item fg-type-image fg-idle\"><figure class=\"fg-item-inner\"><a href=\"https:\/\/alpavista.ch\/Alp11\/wp-content\/uploads\/Couvinir_26_023.png\" data-caption-title=\"Encore un \u00ab Rock Slab \u00bb du pauvre, bien \u00e9paul\u00e9 par la gomme Ultra Soft des Schwalbe.\" data-caption-desc=\"Encore un \u00ab Rock Slab \u00bb du pauvre, bien \u00e9paul\u00e9 par la gomme Ultra Soft des Schwalbe.\" data-attachment-id=\"41504\" data-type=\"image\" class=\"fg-thumb\"><span class=\"fg-image-wrap\"><img decoding=\"async\" title=\"Encore un \u00ab Rock Slab \u00bb du pauvre, bien \u00e9paul\u00e9 par la gomme Ultra Soft des Schwalbe.\" width=\"101\" height=\"57\" class=\"skip-lazy fg-image\" data-src-fg=\"https:\/\/alpavista.ch\/Alp11\/wp-content\/uploads\/cache\/Couvinir_26_023\/4260606274.png\" src=\"data:image\/svg+xml,%3Csvg%20xmlns%3D%22http%3A%2F%2Fwww.w3.org%2F2000%2Fsvg%22%20width%3D%22101%22%20height%3D%2257%22%20viewBox%3D%220%200%20101%2057%22%3E%3C%2Fsvg%3E\" loading=\"eager\"><\/span><span class=\"fg-image-overlay\"><\/span><\/a><figcaption class=\"fg-caption\"><div class=\"fg-caption-inner\"><div class=\"fg-caption-desc\">Encore un \u00ab Rock Slab \u00bb du pauvre, bien \u00e9paul\u00e9 par la gomme Ultra Soft des Schwalbe.<\/div><\/div><\/figcaption><\/figure><div class=\"fg-loader\"><\/div><\/div><div class=\"fg-item fg-type-image fg-idle\"><figure class=\"fg-item-inner\"><a href=\"https:\/\/alpavista.ch\/Alp11\/wp-content\/uploads\/Couvinir_26_024.png\" data-caption-title=\"La plong\u00e9e finale sur Varen, m\u00eame s&#039;il est est consid\u00e9r\u00e9e comme partie int\u00e9grante du \u00ab Ch\u00e4llerfl\u00fce Bike \u00bb, n&#039;a plus rien de \u00ab flow \u00bb. Elle est m\u00eame particuli\u00e8rement \u00ab roots \u00bb.\" data-caption-desc=\"La plong\u00e9e finale sur Varen, m\u00eame s&#039;il est est consid\u00e9r\u00e9e comme partie int\u00e9grante du \u00ab Ch\u00e4llerfl\u00fce Bike \u00bb, n&#039;a plus rien de \u00ab flow \u00bb. Elle est m\u00eame particuli\u00e8rement \u00ab roots \u00bb.\" data-attachment-id=\"41505\" data-type=\"image\" class=\"fg-thumb\"><span class=\"fg-image-wrap\"><img decoding=\"async\" title=\"La plong\u00e9e finale sur Varen, m\u00eame s&#039;il est est consid\u00e9r\u00e9e comme partie int\u00e9grante du \u00ab Ch\u00e4llerfl\u00fce Bike \u00bb, n&#039;a plus rien de \u00ab flow \u00bb. Elle est m\u00eame particuli\u00e8rement \u00ab roots \u00bb.\" width=\"101\" height=\"57\" class=\"skip-lazy fg-image\" data-src-fg=\"https:\/\/alpavista.ch\/Alp11\/wp-content\/uploads\/cache\/Couvinir_26_024\/2033276545.png\" src=\"data:image\/svg+xml,%3Csvg%20xmlns%3D%22http%3A%2F%2Fwww.w3.org%2F2000%2Fsvg%22%20width%3D%22101%22%20height%3D%2257%22%20viewBox%3D%220%200%20101%2057%22%3E%3C%2Fsvg%3E\" loading=\"eager\"><\/span><span class=\"fg-image-overlay\"><\/span><\/a><figcaption class=\"fg-caption\"><div class=\"fg-caption-inner\"><div class=\"fg-caption-desc\">La plong\u00e9e finale sur Varen, m\u00eame s'il est est consid\u00e9r\u00e9e comme partie int\u00e9grante du \u00ab Ch\u00e4llerfl\u00fce Bike \u00bb, n'a plus rien de \u00ab flow \u00bb. Elle est m\u00eame particuli\u00e8rement \u00ab roots \u00bb.<\/div><\/div><\/figcaption><\/figure><div class=\"fg-loader\"><\/div><\/div><div class=\"fg-item fg-type-image fg-idle\"><figure class=\"fg-item-inner\"><a href=\"https:\/\/alpavista.ch\/Alp11\/wp-content\/uploads\/Couvinir_26_025.png\" data-caption-title=\"De l\u00e0 \u00e0 la rebaptiser \u00ab Ch\u00e4llerroots Bike \u00bb, il n&#039;y a que quelques hectom\u00e8tre de chemin cassant ou pi\u00e9geux, selon la mobilit\u00e9 ou la coh\u00e9sion de sa caillasse.\" data-caption-desc=\"De l\u00e0 \u00e0 la rebaptiser \u00ab Ch\u00e4llerroots Bike \u00bb, il n&#039;y a que quelques hectom\u00e8tre de chemin cassant ou pi\u00e9geux, selon la mobilit\u00e9 ou la coh\u00e9sion de sa caillasse.\" data-attachment-id=\"41506\" data-type=\"image\" class=\"fg-thumb\"><span class=\"fg-image-wrap\"><img decoding=\"async\" title=\"De l\u00e0 \u00e0 la rebaptiser \u00ab Ch\u00e4llerroots Bike \u00bb, il n&#039;y a que quelques hectom\u00e8tre de chemin cassant ou pi\u00e9geux, selon la mobilit\u00e9 ou la coh\u00e9sion de sa caillasse.\" width=\"101\" height=\"57\" class=\"skip-lazy fg-image\" data-src-fg=\"https:\/\/alpavista.ch\/Alp11\/wp-content\/uploads\/cache\/Couvinir_26_025\/4242694960.png\" src=\"data:image\/svg+xml,%3Csvg%20xmlns%3D%22http%3A%2F%2Fwww.w3.org%2F2000%2Fsvg%22%20width%3D%22101%22%20height%3D%2257%22%20viewBox%3D%220%200%20101%2057%22%3E%3C%2Fsvg%3E\" loading=\"eager\"><\/span><span class=\"fg-image-overlay\"><\/span><\/a><figcaption class=\"fg-caption\"><div class=\"fg-caption-inner\"><div class=\"fg-caption-desc\">De l\u00e0 \u00e0 la rebaptiser \u00ab Ch\u00e4llerroots Bike \u00bb, il n'y a que quelques hectom\u00e8tre de chemin cassant ou pi\u00e9geux, selon la mobilit\u00e9 ou la coh\u00e9sion de sa caillasse.<\/div><\/div><\/figcaption><\/figure><div class=\"fg-loader\"><\/div><\/div><div class=\"fg-item fg-type-image fg-idle\"><figure class=\"fg-item-inner\"><a href=\"https:\/\/alpavista.ch\/Alp11\/wp-content\/uploads\/Couvinir_26_026.png\" data-caption-title=\"Retour en douceur et en chaleur vers Sierre via le tr\u00e8s horizontal \u00ab Dala Wasserleitu \u00bb.\" data-caption-desc=\"Retour en douceur et en chaleur vers Sierre via le tr\u00e8s horizontal \u00ab Dala Wasserleitu \u00bb.\" data-attachment-id=\"41507\" data-type=\"image\" class=\"fg-thumb\"><span class=\"fg-image-wrap\"><img decoding=\"async\" title=\"Retour en douceur et en chaleur vers Sierre via le tr\u00e8s horizontal \u00ab Dala Wasserleitu \u00bb.\" width=\"101\" height=\"57\" class=\"skip-lazy fg-image\" data-src-fg=\"https:\/\/alpavista.ch\/Alp11\/wp-content\/uploads\/cache\/Couvinir_26_026\/4234840585.png\" src=\"data:image\/svg+xml,%3Csvg%20xmlns%3D%22http%3A%2F%2Fwww.w3.org%2F2000%2Fsvg%22%20width%3D%22101%22%20height%3D%2257%22%20viewBox%3D%220%200%20101%2057%22%3E%3C%2Fsvg%3E\" loading=\"eager\"><\/span><span class=\"fg-image-overlay\"><\/span><\/a><figcaption class=\"fg-caption\"><div class=\"fg-caption-inner\"><div class=\"fg-caption-desc\">Retour en douceur et en chaleur vers Sierre via le tr\u00e8s horizontal \u00ab Dala Wasserleitu \u00bb.<\/div><\/div><\/figcaption><\/figure><div class=\"fg-loader\"><\/div><\/div><div class=\"fg-item fg-type-image fg-idle\"><figure class=\"fg-item-inner\"><a href=\"https:\/\/alpavista.ch\/Alp11\/wp-content\/uploads\/Couvinir_26_027.png\" data-caption-title=\"En avril son trac\u00e9 reste \u00e0 peu pr\u00e8s comestible, mais \u00e0 partir de juin, vous y risquer, c&#039;est opter pour une br\u00fblante s\u00e9ance de sauna.\" data-caption-desc=\"En avril son trac\u00e9 reste \u00e0 peu pr\u00e8s comestible, mais \u00e0 partir de juin, vous y risquer, c&#039;est opter pour une br\u00fblante s\u00e9ance de sauna.\" data-attachment-id=\"41508\" data-type=\"image\" class=\"fg-thumb\"><span class=\"fg-image-wrap\"><img decoding=\"async\" title=\"En avril son trac\u00e9 reste \u00e0 peu pr\u00e8s comestible, mais \u00e0 partir de juin, vous y risquer, c&#039;est opter pour une br\u00fblante s\u00e9ance de sauna.\" width=\"101\" height=\"57\" class=\"skip-lazy fg-image\" data-src-fg=\"https:\/\/alpavista.ch\/Alp11\/wp-content\/uploads\/cache\/Couvinir_26_027\/2267835717.png\" src=\"data:image\/svg+xml,%3Csvg%20xmlns%3D%22http%3A%2F%2Fwww.w3.org%2F2000%2Fsvg%22%20width%3D%22101%22%20height%3D%2257%22%20viewBox%3D%220%200%20101%2057%22%3E%3C%2Fsvg%3E\" loading=\"eager\"><\/span><span class=\"fg-image-overlay\"><\/span><\/a><figcaption class=\"fg-caption\"><div class=\"fg-caption-inner\"><div class=\"fg-caption-desc\">En avril son trac\u00e9 reste \u00e0 peu pr\u00e8s comestible, mais \u00e0 partir de juin, vous y risquer, c'est opter pour une br\u00fblante s\u00e9ance de sauna.<\/div><\/div><\/figcaption><\/figure><div class=\"fg-loader\"><\/div><\/div><div class=\"fg-item fg-type-image fg-idle\"><figure class=\"fg-item-inner\"><a href=\"https:\/\/alpavista.ch\/Alp11\/wp-content\/uploads\/Couvinir_26_028.png\" data-caption-title=\"Le final sur Salquenent via ses chemins et passerelles de vigne. Le dessert apr\u00e8s le dessert apr\u00e8s le dessert apr\u00e8s.... Etc.\" data-caption-desc=\"Le final sur Salquenent via ses chemins et passerelles de vigne. Le dessert apr\u00e8s le dessert apr\u00e8s le dessert apr\u00e8s.... Etc.\" data-attachment-id=\"41509\" data-type=\"image\" class=\"fg-thumb\"><span class=\"fg-image-wrap\"><img decoding=\"async\" title=\"Le final sur Salquenent via ses chemins et passerelles de vigne. Le dessert apr\u00e8s le dessert apr\u00e8s le dessert apr\u00e8s.... Etc.\" width=\"101\" height=\"57\" class=\"skip-lazy fg-image\" data-src-fg=\"https:\/\/alpavista.ch\/Alp11\/wp-content\/uploads\/cache\/Couvinir_26_028\/3490418995.png\" src=\"data:image\/svg+xml,%3Csvg%20xmlns%3D%22http%3A%2F%2Fwww.w3.org%2F2000%2Fsvg%22%20width%3D%22101%22%20height%3D%2257%22%20viewBox%3D%220%200%20101%2057%22%3E%3C%2Fsvg%3E\" loading=\"eager\"><\/span><span class=\"fg-image-overlay\"><\/span><\/a><figcaption class=\"fg-caption\"><div class=\"fg-caption-inner\"><div class=\"fg-caption-desc\">Le final sur Salquenent via ses chemins et passerelles de vigne. Le dessert apr\u00e8s le dessert apr\u00e8s le dessert apr\u00e8s.... Etc.<\/div><\/div><\/figcaption><\/figure><div class=\"fg-loader\"><\/div><\/div><\/div>\n\n<input class=\"fooboxshare_post_id\" type=\"hidden\" value=\"41512\"\/>","protected":false},"excerpt":{"rendered":"<p>Avec un avril haut en pression et pas gris pour un sou, les opportunit\u00e9s de rouler se multiplient et nos week-ends se suivent et se ressemblent. Apr\u00e8s Tatz, samedi pass\u00e9, Couvinir, aujourd\u2019hui. M\u00eame versant de la vall\u00e9e du Rh\u00f4ne, juste 300 \u00ab petits \u00bb m\u00e8tres de d\u00e9nivel\u00e9 en plus. Un choix printanier, li\u00e9 \u00e0 l\u2019amplitude du terrain de jeu disponible et \u00e0 la limite de la neige r\u00e9siduelle. Malgr\u00e9 un avril digne des plus grands cr\u00fbs de ce 21\u00e8me si\u00e8cle, [&hellip;]<\/p>\n","protected":false},"author":2,"featured_media":41510,"comment_status":"open","ping_status":"open","sticky":false,"template":"","format":"standard","meta":{"footnotes":""},"categories":[658,4],"tags":[3657,1401,1017,4042,1012,1174,1182,1140,1264,1077,4041,1341,1168,1144,1516],"class_list":["post-41512","post","type-post","status-publish","format-standard","has-post-thumbnail","hentry","category-outdoor","category-vtt","tag-challerflue-bike","tag-cordona","tag-couvinir","tag-dala-wasserleitu","tag-dare","tag-finges","tag-nuschelet","tag-raspille","tag-salquenen","tag-sierre","tag-taschonieren","tag-tieche","tag-varen","tag-varneralp","tag-varnerwald"],"_links":{"self":[{"href":"https:\/\/alpavista.ch\/Alp11\/wp-json\/wp\/v2\/posts\/41512","targetHints":{"allow":["GET"]}}],"collection":[{"href":"https:\/\/alpavista.ch\/Alp11\/wp-json\/wp\/v2\/posts"}],"about":[{"href":"https:\/\/alpavista.ch\/Alp11\/wp-json\/wp\/v2\/types\/post"}],"author":[{"embeddable":true,"href":"https:\/\/alpavista.ch\/Alp11\/wp-json\/wp\/v2\/users\/2"}],"replies":[{"embeddable":true,"href":"https:\/\/alpavista.ch\/Alp11\/wp-json\/wp\/v2\/comments?post=41512"}],"version-history":[{"count":0,"href":"https:\/\/alpavista.ch\/Alp11\/wp-json\/wp\/v2\/posts\/41512\/revisions"}],"wp:featuredmedia":[{"embeddable":true,"href":"https:\/\/alpavista.ch\/Alp11\/wp-json\/wp\/v2\/media\/41510"}],"wp:attachment":[{"href":"https:\/\/alpavista.ch\/Alp11\/wp-json\/wp\/v2\/media?parent=41512"}],"wp:term":[{"taxonomy":"category","embeddable":true,"href":"https:\/\/alpavista.ch\/Alp11\/wp-json\/wp\/v2\/categories?post=41512"},{"taxonomy":"post_tag","embeddable":true,"href":"https:\/\/alpavista.ch\/Alp11\/wp-json\/wp\/v2\/tags?post=41512"}],"curies":[{"name":"wp","href":"https:\/\/api.w.org\/{rel}","templated":true}]}}