{"id":42322,"date":"2026-08-30T15:42:31","date_gmt":"2026-08-30T13:42:31","guid":{"rendered":"https:\/\/alpavista.ch\/Alp11\/?p=42322"},"modified":"2026-08-30T16:00:24","modified_gmt":"2026-08-30T14:00:24","slug":"mille-vuardette-eperviers","status":"publish","type":"post","link":"https:\/\/alpavista.ch\/Alp11\/2026\/08\/30\/mille-vuardette-eperviers\/","title":{"rendered":"Mille-Vuardette-Eperviers"},"content":{"rendered":"<p>Le col de Mille, c\u2019est un peu, voire beaucoup, notre jardin. On y roule plusieurs fois par saison, en particulier sur son versant ubac et bagnard. Son versant sud, moins connu et moins couru, propose pourtant lui aussi, une belle brochette de chemins, qu\u2019on tente, ann\u00e9e apr\u00e8s ann\u00e9e, de combiner et d\u2019associer pour en faire un itin\u00e9raire compl\u00e8tement int\u00e9ressant.<br \/>\n<!--more--><\/p>\n<p>Valid\u00e9e la saison pass\u00e9e, la travers\u00e9e sur Plan Sev\u00e9reu \u00e0 partir de la cabane est clairement une option \u00e0 conserver. Son chemin, incroyablement panoramique, est bien plus \u00ab bikable \u00bb qu\u2019on ne le pense. Mais une fois la cr\u00eate de la Vuardette atteinte, la transition vers le C\u0153ur, d\u2019abord d\u00e9versante et rectiligne, puis trop cassante, manque un peu de sel. Ceci d\u2019autant, qu\u2019\u00e0 partir de l\u2019alpage du C\u0153ur, les options VTT manquent. La plong\u00e9e sur la Dreudze et Morion, n\u2019est ni technique, ni joueuse, alors que la travers\u00e9e du torrent de Palasui est carr\u00e9ment inroulable. Du coup, cette ann\u00e9e, une fois perch\u00e9s sur la Vuardette, nous avons opt\u00e9 pour un retour vers Erra d\u2019en Bas, pour r\u00e9cup\u00e9rer l\u2019habituelle descente des Eperviers.<\/p>\n<p>A force de combiner et d&rsquo;associer ces diff\u00e9rents chemins, on a Finalement r\u00e9ussi \u00e0 concocter un itin\u00e9raire sur lequel il n&rsquo;y a plus rien \u00e0 jeter. Et, du coup, le Mille-Vuardette-Eperviers peux d\u00e9sormais clairement postuler \u00e0 une place \u00ab fixe \u00bb dans notre programme VTT estival.<\/p>\n<style type=\"text\/css\">\n#foogallery-gallery-42321 .fg-image { width: 101px; }\n#foogallery-gallery-42321 { --fg-gutter: 1px; }<\/style>\n\t\t\t<div class=\"foogallery foogallery-container foogallery-default foogallery-lightbox-none fg-left fg-default fg-ready fg-light fg-loading-default fg-loaded-fade-in fg-preset fg-selena fg-preset-small fg-preset fg-selena fg-preset-small\" id=\"foogallery-gallery-42321\" data-foogallery=\"{&quot;item&quot;:{&quot;showCaptionTitle&quot;:false,&quot;showCaptionDescription&quot;:true},&quot;lazy&quot;:true,&quot;src&quot;:&quot;src&quot;,&quot;srcset&quot;:&quot;srcset&quot;,&quot;state&quot;:{&quot;enabled&quot;:true,&quot;mask&quot;:&quot;foogallery-{id}&quot;}}\" style=\"--fg-title-line-clamp: 0; --fg-description-line-clamp: 0;\" >\n\t<div class=\"fg-item fg-type-image fg-loading\"><figure class=\"fg-item-inner\"><a href=\"https:\/\/alpavista.ch\/Alp11\/wp-content\/uploads\/Mille_Vuardette_Eperviers_001.png\" data-caption-title=\"Lever de soleil sur le Col de Mille. Oui, c&#039;est l\u00e0 qu&#039;on a pr\u00e9vu d&#039;aller rouler aujourd&#039;hui encore. Mais sur l&#039;autre versant.\" data-caption-desc=\"Lever de soleil sur le Col de Mille. Oui, c&#039;est l\u00e0 qu&#039;on a pr\u00e9vu d&#039;aller rouler aujourd&#039;hui encore. Mais sur l&#039;autre versant.\" data-attachment-id=\"42286\" data-type=\"image\" class=\"fg-thumb\"><span class=\"fg-image-wrap\"><img src=\"https:\/\/alpavista.ch\/Alp11\/wp-content\/uploads\/cache\/Mille_Vuardette_Eperviers_001\/1652905979.png\" title=\"Lever de soleil sur le Col de Mille. Oui, c&#039;est l\u00e0 qu&#039;on a pr\u00e9vu d&#039;aller rouler aujourd&#039;hui encore. Mais sur l&#039;autre versant.\" width=\"101\" height=\"57\" class=\"skip-lazy fg-image\" decoding=\"async\" loading=\"lazy\"><\/span><span class=\"fg-image-overlay\"><\/span><\/a><figcaption class=\"fg-caption\"><div class=\"fg-caption-inner\"><div class=\"fg-caption-desc\">Lever de soleil sur le Col de Mille. Oui, c'est l\u00e0 qu'on a pr\u00e9vu d'aller rouler aujourd'hui encore. Mais sur l'autre versant.<\/div><\/div><\/figcaption><\/figure><div class=\"fg-loader\"><\/div><\/div><div class=\"fg-item fg-type-image fg-loading\"><figure class=\"fg-item-inner\"><a href=\"https:\/\/alpavista.ch\/Alp11\/wp-content\/uploads\/Mille_Vuardette_Eperviers_002.png\" data-caption-title=\"Un versant baignant encore dans l&#039;ombre gr\u00e2ce \u00e0 notre d\u00e9part matinal.\" data-caption-desc=\"Un versant baignant encore dans l&#039;ombre gr\u00e2ce \u00e0 notre d\u00e9part matinal.\" data-attachment-id=\"42287\" data-type=\"image\" class=\"fg-thumb\"><span class=\"fg-image-wrap\"><img src=\"https:\/\/alpavista.ch\/Alp11\/wp-content\/uploads\/cache\/Mille_Vuardette_Eperviers_002\/2074850922.png\" title=\"Un versant baignant encore dans l&#039;ombre gr\u00e2ce \u00e0 notre d\u00e9part matinal.\" width=\"101\" height=\"57\" class=\"skip-lazy fg-image\" decoding=\"async\" loading=\"lazy\"><\/span><span class=\"fg-image-overlay\"><\/span><\/a><figcaption class=\"fg-caption\"><div class=\"fg-caption-inner\"><div class=\"fg-caption-desc\">Un versant baignant encore dans l'ombre gr\u00e2ce \u00e0 notre d\u00e9part matinal.<\/div><\/div><\/figcaption><\/figure><div class=\"fg-loader\"><\/div><\/div><div class=\"fg-item fg-type-image fg-loading\"><figure class=\"fg-item-inner\"><a href=\"https:\/\/alpavista.ch\/Alp11\/wp-content\/uploads\/Mille_Vuardette_Eperviers_003.png\" data-caption-title=\"Mmmmm, y a quelque chose de chang\u00e9 ! Les chaussures ? Oui, mais pas que.\" data-caption-desc=\"Mmmmm, y a quelque chose de chang\u00e9 ! Les chaussures ? Oui, mais pas que.\" data-attachment-id=\"42288\" data-type=\"image\" class=\"fg-thumb\"><span class=\"fg-image-wrap\"><img src=\"https:\/\/alpavista.ch\/Alp11\/wp-content\/uploads\/cache\/Mille_Vuardette_Eperviers_003\/2175741758.png\" title=\"Mmmmm, y a quelque chose de chang\u00e9 ! Les chaussures ? Oui, mais pas que.\" width=\"101\" height=\"57\" class=\"skip-lazy fg-image\" decoding=\"async\" loading=\"lazy\"><\/span><span class=\"fg-image-overlay\"><\/span><\/a><figcaption class=\"fg-caption\"><div class=\"fg-caption-inner\"><div class=\"fg-caption-desc\">Mmmmm, y a quelque chose de chang\u00e9 ! Les chaussures ? Oui, mais pas que.<\/div><\/div><\/figcaption><\/figure><div class=\"fg-loader\"><\/div><\/div><div class=\"fg-item fg-type-image fg-loading\"><figure class=\"fg-item-inner\"><a href=\"https:\/\/alpavista.ch\/Alp11\/wp-content\/uploads\/Mille_Vuardette_Eperviers_004.png\" data-caption-title=\"Calmez vous, les gros poilus patibulaires ! On n&#039;a pas gard\u00e9 les moutons et les ch\u00e8vres ensemble. Et vu l&#039;accueil fort orageux, y a peu de chances que \u00e7a arrive un jour, ici.\" data-caption-desc=\"Calmez vous, les gros poilus patibulaires ! On n&#039;a pas gard\u00e9 les moutons et les ch\u00e8vres ensemble. Et vu l&#039;accueil fort orageux, y a peu de chances que \u00e7a arrive un jour, ici.\" data-attachment-id=\"42289\" data-type=\"image\" class=\"fg-thumb\"><span class=\"fg-image-wrap\"><img src=\"https:\/\/alpavista.ch\/Alp11\/wp-content\/uploads\/cache\/Mille_Vuardette_Eperviers_004\/483115093.png\" title=\"Calmez vous, les gros poilus patibulaires ! On n&#039;a pas gard\u00e9 les moutons et les ch\u00e8vres ensemble. Et vu l&#039;accueil fort orageux, y a peu de chances que \u00e7a arrive un jour, ici.\" width=\"101\" height=\"57\" class=\"skip-lazy fg-image\" decoding=\"async\" loading=\"lazy\"><\/span><span class=\"fg-image-overlay\"><\/span><\/a><figcaption class=\"fg-caption\"><div class=\"fg-caption-inner\"><div class=\"fg-caption-desc\">Calmez vous, les gros poilus patibulaires ! On n'a pas gard\u00e9 les moutons et les ch\u00e8vres ensemble. Et vu l'accueil fort orageux, y a peu de chances que \u00e7a arrive un jour, ici.<\/div><\/div><\/figcaption><\/figure><div class=\"fg-loader\"><\/div><\/div><div class=\"fg-item fg-type-image fg-loading\"><figure class=\"fg-item-inner\"><a href=\"https:\/\/alpavista.ch\/Alp11\/wp-content\/uploads\/Mille_Vuardette_Eperviers_005.png\" data-caption-title=\"Si la piste d&#039;ascension est r\u00e9put\u00e9e pour ses pourcentages bien ac\u00e9r\u00e9s, le d\u00e9but du chemin vers la cabane du Col de Mille, fait dans la pseudo horizontalit\u00e9.\" data-caption-desc=\"Si la piste d&#039;ascension est r\u00e9put\u00e9e pour ses pourcentages bien ac\u00e9r\u00e9s, le d\u00e9but du chemin vers la cabane du Col de Mille, fait dans la pseudo horizontalit\u00e9.\" data-attachment-id=\"42290\" data-type=\"image\" class=\"fg-thumb\"><span class=\"fg-image-wrap\"><img src=\"https:\/\/alpavista.ch\/Alp11\/wp-content\/uploads\/cache\/Mille_Vuardette_Eperviers_005\/2675290457.png\" title=\"Si la piste d&#039;ascension est r\u00e9put\u00e9e pour ses pourcentages bien ac\u00e9r\u00e9s, le d\u00e9but du chemin vers la cabane du Col de Mille, fait dans la pseudo horizontalit\u00e9.\" width=\"101\" height=\"57\" class=\"skip-lazy fg-image\" decoding=\"async\" loading=\"lazy\"><\/span><span class=\"fg-image-overlay\"><\/span><\/a><figcaption class=\"fg-caption\"><div class=\"fg-caption-inner\"><div class=\"fg-caption-desc\">Si la piste d'ascension est r\u00e9put\u00e9e pour ses pourcentages bien ac\u00e9r\u00e9s, le d\u00e9but du chemin vers la cabane du Col de Mille, fait dans la pseudo horizontalit\u00e9.<\/div><\/div><\/figcaption><\/figure><div class=\"fg-loader\"><\/div><\/div><div class=\"fg-item fg-type-image fg-loading\"><figure class=\"fg-item-inner\"><a href=\"https:\/\/alpavista.ch\/Alp11\/wp-content\/uploads\/Mille_Vuardette_Eperviers_006.png\" data-caption-title=\"M2S, mon amour ! Comprenne qui pourra.\" data-caption-desc=\"M2S, mon amour ! Comprenne qui pourra.\" data-attachment-id=\"42291\" data-type=\"image\" class=\"fg-thumb\"><span class=\"fg-image-wrap\"><img src=\"https:\/\/alpavista.ch\/Alp11\/wp-content\/uploads\/cache\/Mille_Vuardette_Eperviers_006\/2254131400.png\" title=\"M2S, mon amour ! Comprenne qui pourra.\" width=\"101\" height=\"57\" class=\"skip-lazy fg-image\" decoding=\"async\" loading=\"lazy\"><\/span><span class=\"fg-image-overlay\"><\/span><\/a><figcaption class=\"fg-caption\"><div class=\"fg-caption-inner\"><div class=\"fg-caption-desc\">M2S, mon amour ! Comprenne qui pourra.<\/div><\/div><\/figcaption><\/figure><div class=\"fg-loader\"><\/div><\/div><div class=\"fg-item fg-type-image fg-loading\"><figure class=\"fg-item-inner\"><a href=\"https:\/\/alpavista.ch\/Alp11\/wp-content\/uploads\/Mille_Vuardette_Eperviers_007.png\" data-caption-title=\"Je pense qu&#039;on va faire un (bon) bout de chemin ensemble, ch\u00e8re Avinox.\" data-caption-desc=\"Je pense qu&#039;on va faire un (bon) bout de chemin ensemble, ch\u00e8re Avinox.\" data-attachment-id=\"42292\" data-type=\"image\" class=\"fg-thumb\"><span class=\"fg-image-wrap\"><img src=\"https:\/\/alpavista.ch\/Alp11\/wp-content\/uploads\/cache\/Mille_Vuardette_Eperviers_007\/694320257.png\" title=\"Je pense qu&#039;on va faire un (bon) bout de chemin ensemble, ch\u00e8re Avinox.\" width=\"101\" height=\"57\" class=\"skip-lazy fg-image\" decoding=\"async\" loading=\"lazy\"><\/span><span class=\"fg-image-overlay\"><\/span><\/a><figcaption class=\"fg-caption\"><div class=\"fg-caption-inner\"><div class=\"fg-caption-desc\">Je pense qu'on va faire un (bon) bout de chemin ensemble, ch\u00e8re Avinox.<\/div><\/div><\/figcaption><\/figure><div class=\"fg-loader\"><\/div><\/div><div class=\"fg-item fg-type-image fg-loading\"><figure class=\"fg-item-inner\"><a href=\"https:\/\/alpavista.ch\/Alp11\/wp-content\/uploads\/Mille_Vuardette_Eperviers_008.png\" data-caption-title=\"Au royaume des b\u00eates \u00e0 cornes, les \u00ab casqu\u00e9s \u00bb ne font peur \u00e0 personne. M\u00eame pas aux jeunes veaux fraichement n\u00e9s.\" data-caption-desc=\"Au royaume des b\u00eates \u00e0 cornes, les \u00ab casqu\u00e9s \u00bb ne font peur \u00e0 personne. M\u00eame pas aux jeunes veaux fraichement n\u00e9s.\" data-attachment-id=\"42293\" data-type=\"image\" class=\"fg-thumb\"><span class=\"fg-image-wrap\"><img src=\"https:\/\/alpavista.ch\/Alp11\/wp-content\/uploads\/cache\/Mille_Vuardette_Eperviers_008\/1742964831.png\" title=\"Au royaume des b\u00eates \u00e0 cornes, les \u00ab casqu\u00e9s \u00bb ne font peur \u00e0 personne. M\u00eame pas aux jeunes veaux fraichement n\u00e9s.\" width=\"101\" height=\"57\" class=\"skip-lazy fg-image\" decoding=\"async\" loading=\"lazy\"><\/span><span class=\"fg-image-overlay\"><\/span><\/a><figcaption class=\"fg-caption\"><div class=\"fg-caption-inner\"><div class=\"fg-caption-desc\">Au royaume des b\u00eates \u00e0 cornes, les \u00ab casqu\u00e9s \u00bb ne font peur \u00e0 personne. M\u00eame pas aux jeunes veaux fraichement n\u00e9s.<\/div><\/div><\/figcaption><\/figure><div class=\"fg-loader\"><\/div><\/div><div class=\"fg-item fg-type-image fg-loading\"><figure class=\"fg-item-inner\"><a href=\"https:\/\/alpavista.ch\/Alp11\/wp-content\/uploads\/Mille_Vuardette_Eperviers_009.png\" data-caption-title=\"Voir d&#039;o\u00f9 l&#039;on vient : la route internationale du Grand-St-Bernard, tout au fond de la vall\u00e9e.\" data-caption-desc=\"Voir d&#039;o\u00f9 l&#039;on vient : la route internationale du Grand-St-Bernard, tout au fond de la vall\u00e9e.\" data-attachment-id=\"42294\" data-type=\"image\" class=\"fg-thumb\"><span class=\"fg-image-wrap\"><img src=\"https:\/\/alpavista.ch\/Alp11\/wp-content\/uploads\/cache\/Mille_Vuardette_Eperviers_009\/4224595741.png\" title=\"Voir d&#039;o\u00f9 l&#039;on vient : la route internationale du Grand-St-Bernard, tout au fond de la vall\u00e9e.\" width=\"101\" height=\"57\" class=\"skip-lazy fg-image\" decoding=\"async\" loading=\"lazy\"><\/span><span class=\"fg-image-overlay\"><\/span><\/a><figcaption class=\"fg-caption\"><div class=\"fg-caption-inner\"><div class=\"fg-caption-desc\">Voir d'o\u00f9 l'on vient : la route internationale du Grand-St-Bernard, tout au fond de la vall\u00e9e.<\/div><\/div><\/figcaption><\/figure><div class=\"fg-loader\"><\/div><\/div><div class=\"fg-item fg-type-image fg-loading\"><figure class=\"fg-item-inner\"><a href=\"https:\/\/alpavista.ch\/Alp11\/wp-content\/uploads\/Mille_Vuardette_Eperviers_010.png\" data-caption-title=\"Et savoir o\u00f9 l&#039;on va (aller boire le caf\u00e9) : la cabane du Col de Mille, 1&#039;200 m\u00e8tre plus haut.\" data-caption-desc=\"Et savoir o\u00f9 l&#039;on va (aller boire le caf\u00e9) : la cabane du Col de Mille, 1&#039;200 m\u00e8tre plus haut.\" data-attachment-id=\"42295\" data-type=\"image\" class=\"fg-thumb\"><span class=\"fg-image-wrap\"><img src=\"https:\/\/alpavista.ch\/Alp11\/wp-content\/uploads\/cache\/Mille_Vuardette_Eperviers_010\/1683742215.png\" title=\"Et savoir o\u00f9 l&#039;on va (aller boire le caf\u00e9) : la cabane du Col de Mille, 1&#039;200 m\u00e8tre plus haut.\" width=\"101\" height=\"57\" class=\"skip-lazy fg-image\" decoding=\"async\" loading=\"lazy\"><\/span><span class=\"fg-image-overlay\"><\/span><\/a><figcaption class=\"fg-caption\"><div class=\"fg-caption-inner\"><div class=\"fg-caption-desc\">Et savoir o\u00f9 l'on va (aller boire le caf\u00e9) : la cabane du Col de Mille, 1'200 m\u00e8tre plus haut.<\/div><\/div><\/figcaption><\/figure><div class=\"fg-loader\"><\/div><\/div><div class=\"fg-item fg-type-image fg-loading\"><figure class=\"fg-item-inner\"><a href=\"https:\/\/alpavista.ch\/Alp11\/wp-content\/uploads\/Mille_Vuardette_Eperviers_011.png\" data-caption-title=\"Faut vraiment vouloir boire du caf\u00e9 ! Ou alors, vraiment aimer faire du VTT ! Ou peut-\u00eatre les deux ?\" data-caption-desc=\"Faut vraiment vouloir boire du caf\u00e9 ! Ou alors, vraiment aimer faire du VTT ! Ou peut-\u00eatre les deux ?\" data-attachment-id=\"42296\" data-type=\"image\" class=\"fg-thumb\"><span class=\"fg-image-wrap\"><img src=\"https:\/\/alpavista.ch\/Alp11\/wp-content\/uploads\/cache\/Mille_Vuardette_Eperviers_011\/3412259406.png\" title=\"Faut vraiment vouloir boire du caf\u00e9 ! Ou alors, vraiment aimer faire du VTT ! Ou peut-\u00eatre les deux ?\" width=\"101\" height=\"57\" class=\"skip-lazy fg-image\" decoding=\"async\" loading=\"lazy\"><\/span><span class=\"fg-image-overlay\"><\/span><\/a><figcaption class=\"fg-caption\"><div class=\"fg-caption-inner\"><div class=\"fg-caption-desc\">Faut vraiment vouloir boire du caf\u00e9 ! Ou alors, vraiment aimer faire du VTT ! Ou peut-\u00eatre les deux ?<\/div><\/div><\/figcaption><\/figure><div class=\"fg-loader\"><\/div><\/div><div class=\"fg-item fg-type-image fg-loading\"><figure class=\"fg-item-inner\"><a href=\"https:\/\/alpavista.ch\/Alp11\/wp-content\/uploads\/Mille_Vuardette_Eperviers_012.png\" data-caption-title=\"L&#039;arr\u00eat caf\u00e9(s) r\u00e9gl\u00e9, on d\u00e9cide de continuer \u00e0 monter.\" data-caption-desc=\"L&#039;arr\u00eat caf\u00e9(s) r\u00e9gl\u00e9, on d\u00e9cide de continuer \u00e0 monter.\" data-attachment-id=\"42297\" data-type=\"image\" class=\"fg-thumb\"><span class=\"fg-image-wrap\"><img src=\"https:\/\/alpavista.ch\/Alp11\/wp-content\/uploads\/cache\/Mille_Vuardette_Eperviers_012\/3528201183.png\" title=\"L&#039;arr\u00eat caf\u00e9(s) r\u00e9gl\u00e9, on d\u00e9cide de continuer \u00e0 monter.\" width=\"101\" height=\"57\" class=\"skip-lazy fg-image\" decoding=\"async\" loading=\"lazy\"><\/span><span class=\"fg-image-overlay\"><\/span><\/a><figcaption class=\"fg-caption\"><div class=\"fg-caption-inner\"><div class=\"fg-caption-desc\">L'arr\u00eat caf\u00e9(s) r\u00e9gl\u00e9, on d\u00e9cide de continuer \u00e0 monter.<\/div><\/div><\/figcaption><\/figure><div class=\"fg-loader\"><\/div><\/div><div class=\"fg-item fg-type-image fg-loading\"><figure class=\"fg-item-inner\"><a href=\"https:\/\/alpavista.ch\/Alp11\/wp-content\/uploads\/Mille_Vuardette_Eperviers_013.png\" data-caption-title=\"Pour ceux qui l&#039;ignoraient, suite au r\u00e9chauffement climatique, le Mont-V\u00e9lan est devenu un volcan.\" data-caption-desc=\"Pour ceux qui l&#039;ignoraient, suite au r\u00e9chauffement climatique, le Mont-V\u00e9lan est devenu un volcan.\" data-attachment-id=\"42298\" data-type=\"image\" class=\"fg-thumb\"><span class=\"fg-image-wrap\"><img src=\"https:\/\/alpavista.ch\/Alp11\/wp-content\/uploads\/cache\/Mille_Vuardette_Eperviers_013\/675842699.png\" title=\"Pour ceux qui l&#039;ignoraient, suite au r\u00e9chauffement climatique, le Mont-V\u00e9lan est devenu un volcan.\" width=\"101\" height=\"57\" class=\"skip-lazy fg-image\" decoding=\"async\" loading=\"lazy\"><\/span><span class=\"fg-image-overlay\"><\/span><\/a><figcaption class=\"fg-caption\"><div class=\"fg-caption-inner\"><div class=\"fg-caption-desc\">Pour ceux qui l'ignoraient, suite au r\u00e9chauffement climatique, le Mont-V\u00e9lan est devenu un volcan.<\/div><\/div><\/figcaption><\/figure><div class=\"fg-loader\"><\/div><\/div><div class=\"fg-item fg-type-image fg-loading\"><figure class=\"fg-item-inner\"><a href=\"https:\/\/alpavista.ch\/Alp11\/wp-content\/uploads\/Mille_Vuardette_Eperviers_014.png\" data-caption-title=\"Pur\u00e9e, \u00e7a pique. Un peu les jambes... Et beaucoup, les yeux.\" data-caption-desc=\"Pur\u00e9e, \u00e7a pique. Un peu les jambes... Et beaucoup, les yeux.\" data-attachment-id=\"42299\" data-type=\"image\" class=\"fg-thumb\"><span class=\"fg-image-wrap\"><img src=\"https:\/\/alpavista.ch\/Alp11\/wp-content\/uploads\/cache\/Mille_Vuardette_Eperviers_014\/3039585760.png\" title=\"Pur\u00e9e, \u00e7a pique. Un peu les jambes... Et beaucoup, les yeux.\" width=\"101\" height=\"57\" class=\"skip-lazy fg-image\" decoding=\"async\" loading=\"lazy\"><\/span><span class=\"fg-image-overlay\"><\/span><\/a><figcaption class=\"fg-caption\"><div class=\"fg-caption-inner\"><div class=\"fg-caption-desc\">Pur\u00e9e, \u00e7a pique. Un peu les jambes... Et beaucoup, les yeux.<\/div><\/div><\/figcaption><\/figure><div class=\"fg-loader\"><\/div><\/div><div class=\"fg-item fg-type-image fg-loading\"><figure class=\"fg-item-inner\"><a href=\"https:\/\/alpavista.ch\/Alp11\/wp-content\/uploads\/Mille_Vuardette_Eperviers_015.png\" data-caption-title=\"Ceci dit, m\u00eame avec les yeux qui piquent, mieux vaut en garder, au moins un des deux, sur l&#039;\u00e9troit chemin accroch\u00e9 aux \u00e0 pics du Mont-Rogneux.\" data-caption-desc=\"Ceci dit, m\u00eame avec les yeux qui piquent, mieux vaut en garder, au moins un des deux, sur l&#039;\u00e9troit chemin accroch\u00e9 aux \u00e0 pics du Mont-Rogneux.\" data-attachment-id=\"42300\" data-type=\"image\" class=\"fg-thumb\"><span class=\"fg-image-wrap\"><img src=\"https:\/\/alpavista.ch\/Alp11\/wp-content\/uploads\/cache\/Mille_Vuardette_Eperviers_015\/2520793859.png\" title=\"Ceci dit, m\u00eame avec les yeux qui piquent, mieux vaut en garder, au moins un des deux, sur l&#039;\u00e9troit chemin accroch\u00e9 aux \u00e0 pics du Mont-Rogneux.\" width=\"101\" height=\"57\" class=\"skip-lazy fg-image\" decoding=\"async\" loading=\"lazy\"><\/span><span class=\"fg-image-overlay\"><\/span><\/a><figcaption class=\"fg-caption\"><div class=\"fg-caption-inner\"><div class=\"fg-caption-desc\">Ceci dit, m\u00eame avec les yeux qui piquent, mieux vaut en garder, au moins un des deux, sur l'\u00e9troit chemin accroch\u00e9 aux \u00e0 pics du Mont-Rogneux.<\/div><\/div><\/figcaption><\/figure><div class=\"fg-loader\"><\/div><\/div><div class=\"fg-item fg-type-image fg-loading\"><figure class=\"fg-item-inner\"><a href=\"https:\/\/alpavista.ch\/Alp11\/wp-content\/uploads\/Mille_Vuardette_Eperviers_016.png\" data-caption-title=\"Sur un malentendu, \u00e7a peut finir par passer. Mais, pour \u00e7a, va falloir revenir et s\u00e9rieusement s&#039;entrainer aux \u00ab S \u00bb empil\u00e9s dans la mont\u00e9e.\" data-caption-desc=\"Sur un malentendu, \u00e7a peut finir par passer. Mais, pour \u00e7a, va falloir revenir et s\u00e9rieusement s&#039;entrainer aux \u00ab S \u00bb empil\u00e9s dans la mont\u00e9e.\" data-attachment-id=\"42301\" data-type=\"image\" class=\"fg-thumb\"><span class=\"fg-image-wrap\"><img src=\"https:\/\/alpavista.ch\/Alp11\/wp-content\/uploads\/cache\/Mille_Vuardette_Eperviers_016\/2406392466.png\" title=\"Sur un malentendu, \u00e7a peut finir par passer. Mais, pour \u00e7a, va falloir revenir et s\u00e9rieusement s&#039;entrainer aux \u00ab S \u00bb empil\u00e9s dans la mont\u00e9e.\" width=\"101\" height=\"57\" class=\"skip-lazy fg-image\" decoding=\"async\" loading=\"lazy\"><\/span><span class=\"fg-image-overlay\"><\/span><\/a><figcaption class=\"fg-caption\"><div class=\"fg-caption-inner\"><div class=\"fg-caption-desc\">Sur un malentendu, \u00e7a peut finir par passer. Mais, pour \u00e7a, va falloir revenir et s\u00e9rieusement s'entrainer aux \u00ab S \u00bb empil\u00e9s dans la mont\u00e9e.<\/div><\/div><\/figcaption><\/figure><div class=\"fg-loader\"><\/div><\/div><div class=\"fg-item fg-type-image fg-loading\"><figure class=\"fg-item-inner\"><a href=\"https:\/\/alpavista.ch\/Alp11\/wp-content\/uploads\/Mille_Vuardette_Eperviers_017.png\" data-caption-title=\"2&#039;563 m\u00e8tres avec vue ! Le point culminant, topographique et panoramique, de notre (demi) journ\u00e9e \u00ab sell\u00e9e \u00bb\" data-caption-desc=\"2&#039;563 m\u00e8tres avec vue ! Le point culminant, topographique et panoramique, de notre (demi) journ\u00e9e \u00ab sell\u00e9e \u00bb\" data-attachment-id=\"42302\" data-type=\"image\" class=\"fg-thumb\"><span class=\"fg-image-wrap\"><img src=\"https:\/\/alpavista.ch\/Alp11\/wp-content\/uploads\/cache\/Mille_Vuardette_Eperviers_017\/542609115.png\" title=\"2&#039;563 m\u00e8tres avec vue ! Le point culminant, topographique et panoramique, de notre (demi) journ\u00e9e \u00ab sell\u00e9e \u00bb\" width=\"101\" height=\"57\" class=\"skip-lazy fg-image\" decoding=\"async\" loading=\"lazy\"><\/span><span class=\"fg-image-overlay\"><\/span><\/a><figcaption class=\"fg-caption\"><div class=\"fg-caption-inner\"><div class=\"fg-caption-desc\">2'563 m\u00e8tres avec vue ! Le point culminant, topographique et panoramique, de notre (demi) journ\u00e9e \u00ab sell\u00e9e \u00bb<\/div><\/div><\/figcaption><\/figure><div class=\"fg-loader\"><\/div><\/div><div class=\"fg-item fg-type-image fg-loading\"><figure class=\"fg-item-inner\"><a href=\"https:\/\/alpavista.ch\/Alp11\/wp-content\/uploads\/Mille_Vuardette_Eperviers_018.png\" data-caption-title=\"Pendant que les avions de lignes jouent au morpion, nous avons d\u00e9j\u00e0 un oeil sur notre prochain arr\u00eat \u00ab whaoouu \u00bb. Le petit chalet sur la cr\u00eate de la Vuardette, juste en face.\" data-caption-desc=\"Pendant que les avions de lignes jouent au morpion, nous avons d\u00e9j\u00e0 un oeil sur notre prochain arr\u00eat \u00ab whaoouu \u00bb. Le petit chalet sur la cr\u00eate de la Vuardette, juste en face.\" data-attachment-id=\"42303\" data-type=\"image\" class=\"fg-thumb\"><span class=\"fg-image-wrap\"><img src=\"https:\/\/alpavista.ch\/Alp11\/wp-content\/uploads\/cache\/Mille_Vuardette_Eperviers_018\/1859549701.png\" title=\"Pendant que les avions de lignes jouent au morpion, nous avons d\u00e9j\u00e0 un oeil sur notre prochain arr\u00eat \u00ab whaoouu \u00bb. Le petit chalet sur la cr\u00eate de la Vuardette, juste en face.\" width=\"101\" height=\"57\" class=\"skip-lazy fg-image\" decoding=\"async\" loading=\"lazy\"><\/span><span class=\"fg-image-overlay\"><\/span><\/a><figcaption class=\"fg-caption\"><div class=\"fg-caption-inner\"><div class=\"fg-caption-desc\">Pendant que les avions de lignes jouent au morpion, nous avons d\u00e9j\u00e0 un oeil sur notre prochain arr\u00eat \u00ab whaoouu \u00bb. Le petit chalet sur la cr\u00eate de la Vuardette, juste en face.<\/div><\/div><\/figcaption><\/figure><div class=\"fg-loader\"><\/div><\/div><div class=\"fg-item fg-type-image fg-loading\"><figure class=\"fg-item-inner\"><a href=\"https:\/\/alpavista.ch\/Alp11\/wp-content\/uploads\/Mille_Vuardette_Eperviers_019.png\" data-caption-title=\"Plan Sev\u00e9reu, \u00e7a gratte un peu ?\" data-caption-desc=\"Plan Sev\u00e9reu, \u00e7a gratte un peu ?\" data-attachment-id=\"42304\" data-type=\"image\" class=\"fg-thumb\"><span class=\"fg-image-wrap\"><img src=\"https:\/\/alpavista.ch\/Alp11\/wp-content\/uploads\/cache\/Mille_Vuardette_Eperviers_019\/4076586311.png\" title=\"Plan Sev\u00e9reu, \u00e7a gratte un peu ?\" width=\"101\" height=\"57\" class=\"skip-lazy fg-image\" decoding=\"async\" loading=\"lazy\"><\/span><span class=\"fg-image-overlay\"><\/span><\/a><figcaption class=\"fg-caption\"><div class=\"fg-caption-inner\"><div class=\"fg-caption-desc\">Plan Sev\u00e9reu, \u00e7a gratte un peu ?<\/div><\/div><\/figcaption><\/figure><div class=\"fg-loader\"><\/div><\/div><div class=\"fg-item fg-type-image fg-loading\"><figure class=\"fg-item-inner\"><a href=\"https:\/\/alpavista.ch\/Alp11\/wp-content\/uploads\/Mille_Vuardette_Eperviers_020.png\" data-caption-title=\"Plan Sev\u00e9reu, \u00e7a pique beaucoup. Particuli\u00e8rement les yeux.\" data-caption-desc=\"Plan Sev\u00e9reu, \u00e7a pique beaucoup. Particuli\u00e8rement les yeux.\" data-attachment-id=\"42305\" data-type=\"image\" class=\"fg-thumb\"><span class=\"fg-image-wrap\"><img src=\"https:\/\/alpavista.ch\/Alp11\/wp-content\/uploads\/cache\/Mille_Vuardette_Eperviers_020\/1134036187.png\" title=\"Plan Sev\u00e9reu, \u00e7a pique beaucoup. Particuli\u00e8rement les yeux.\" width=\"101\" height=\"57\" class=\"skip-lazy fg-image\" decoding=\"async\" loading=\"lazy\"><\/span><span class=\"fg-image-overlay\"><\/span><\/a><figcaption class=\"fg-caption\"><div class=\"fg-caption-inner\"><div class=\"fg-caption-desc\">Plan Sev\u00e9reu, \u00e7a pique beaucoup. Particuli\u00e8rement les yeux.<\/div><\/div><\/figcaption><\/figure><div class=\"fg-loader\"><\/div><\/div><div class=\"fg-item fg-type-image fg-loading\"><figure class=\"fg-item-inner\"><a href=\"https:\/\/alpavista.ch\/Alp11\/wp-content\/uploads\/Mille_Vuardette_Eperviers_021.png\" data-caption-title=\"Pour tracter, vous pouvez faire confiance \u00e0 M2S. Apr\u00e8s, pour viser, mieux vaut avoir les yeux en face de trous et le coup de guidon l\u00e9ger.\" data-caption-desc=\"Pour tracter, vous pouvez faire confiance \u00e0 M2S. Apr\u00e8s, pour viser, mieux vaut avoir les yeux en face de trous et le coup de guidon l\u00e9ger.\" data-attachment-id=\"42306\" data-type=\"image\" class=\"fg-thumb\"><span class=\"fg-image-wrap\"><img src=\"https:\/\/alpavista.ch\/Alp11\/wp-content\/uploads\/cache\/Mille_Vuardette_Eperviers_021\/3969984658.png\" title=\"Pour tracter, vous pouvez faire confiance \u00e0 M2S. Apr\u00e8s, pour viser, mieux vaut avoir les yeux en face de trous et le coup de guidon l\u00e9ger.\" width=\"101\" height=\"57\" class=\"skip-lazy fg-image\" decoding=\"async\" loading=\"lazy\"><\/span><span class=\"fg-image-overlay\"><\/span><\/a><figcaption class=\"fg-caption\"><div class=\"fg-caption-inner\"><div class=\"fg-caption-desc\">Pour tracter, vous pouvez faire confiance \u00e0 M2S. Apr\u00e8s, pour viser, mieux vaut avoir les yeux en face de trous et le coup de guidon l\u00e9ger.<\/div><\/div><\/figcaption><\/figure><div class=\"fg-loader\"><\/div><\/div><div class=\"fg-item fg-type-image fg-loading\"><figure class=\"fg-item-inner\"><a href=\"https:\/\/alpavista.ch\/Alp11\/wp-content\/uploads\/Mille_Vuardette_Eperviers_022.png\" data-caption-title=\"Avec l&#039;ami Avinox, toutes les d\u00e9clivit\u00e9s sont \u00e0 tenter.\" data-caption-desc=\"Avec l&#039;ami Avinox, toutes les d\u00e9clivit\u00e9s sont \u00e0 tenter.\" data-attachment-id=\"42307\" data-type=\"image\" class=\"fg-thumb\"><span class=\"fg-image-wrap\"><img src=\"https:\/\/alpavista.ch\/Alp11\/wp-content\/uploads\/cache\/Mille_Vuardette_Eperviers_022\/4119841027.png\" title=\"Avec l&#039;ami Avinox, toutes les d\u00e9clivit\u00e9s sont \u00e0 tenter.\" width=\"101\" height=\"57\" class=\"skip-lazy fg-image\" decoding=\"async\" loading=\"lazy\"><\/span><span class=\"fg-image-overlay\"><\/span><\/a><figcaption class=\"fg-caption\"><div class=\"fg-caption-inner\"><div class=\"fg-caption-desc\">Avec l'ami Avinox, toutes les d\u00e9clivit\u00e9s sont \u00e0 tenter.<\/div><\/div><\/figcaption><\/figure><div class=\"fg-loader\"><\/div><\/div><div class=\"fg-item fg-type-image fg-loading\"><figure class=\"fg-item-inner\"><a href=\"https:\/\/alpavista.ch\/Alp11\/wp-content\/uploads\/Mille_Vuardette_Eperviers_023.png\" data-caption-title=\"M\u00eame celles qui sont pav\u00e9es de mauvaises intentions et de rochers mal plac\u00e9s.\" data-caption-desc=\"M\u00eame celles qui sont pav\u00e9es de mauvaises intentions et de rochers mal plac\u00e9s.\" data-attachment-id=\"42308\" data-type=\"image\" class=\"fg-thumb\"><span class=\"fg-image-wrap\"><img src=\"https:\/\/alpavista.ch\/Alp11\/wp-content\/uploads\/cache\/Mille_Vuardette_Eperviers_023\/260788311.png\" title=\"M\u00eame celles qui sont pav\u00e9es de mauvaises intentions et de rochers mal plac\u00e9s.\" width=\"101\" height=\"57\" class=\"skip-lazy fg-image\" decoding=\"async\" loading=\"lazy\"><\/span><span class=\"fg-image-overlay\"><\/span><\/a><figcaption class=\"fg-caption\"><div class=\"fg-caption-inner\"><div class=\"fg-caption-desc\">M\u00eame celles qui sont pav\u00e9es de mauvaises intentions et de rochers mal plac\u00e9s.<\/div><\/div><\/figcaption><\/figure><div class=\"fg-loader\"><\/div><\/div><div class=\"fg-item fg-type-image fg-loading\"><figure class=\"fg-item-inner\"><a href=\"https:\/\/alpavista.ch\/Alp11\/wp-content\/uploads\/Mille_Vuardette_Eperviers_024.png\" data-caption-title=\"On \u00e9merge sur la cr\u00eate de la Vuardette, le souffle court et le coeur qui bat \u00e0 la chamade.\" data-caption-desc=\"On \u00e9merge sur la cr\u00eate de la Vuardette, le souffle court et le coeur qui bat \u00e0 la chamade.\" data-attachment-id=\"42309\" data-type=\"image\" class=\"fg-thumb\"><span class=\"fg-image-wrap\"><img src=\"https:\/\/alpavista.ch\/Alp11\/wp-content\/uploads\/cache\/Mille_Vuardette_Eperviers_024\/2465185596.png\" title=\"On \u00e9merge sur la cr\u00eate de la Vuardette, le souffle court et le coeur qui bat \u00e0 la chamade.\" width=\"101\" height=\"57\" class=\"skip-lazy fg-image\" decoding=\"async\" loading=\"lazy\"><\/span><span class=\"fg-image-overlay\"><\/span><\/a><figcaption class=\"fg-caption\"><div class=\"fg-caption-inner\"><div class=\"fg-caption-desc\">On \u00e9merge sur la cr\u00eate de la Vuardette, le souffle court et le coeur qui bat \u00e0 la chamade.<\/div><\/div><\/figcaption><\/figure><div class=\"fg-loader\"><\/div><\/div><div class=\"fg-item fg-type-image fg-loading\"><figure class=\"fg-item-inner\"><a href=\"https:\/\/alpavista.ch\/Alp11\/wp-content\/uploads\/Mille_Vuardette_Eperviers_025.png\" data-caption-title=\"Et, pour ceux qui ne connaissent, pas, franchement, y a vraiment de quoi.\" data-caption-desc=\"Et, pour ceux qui ne connaissent, pas, franchement, y a vraiment de quoi.\" data-attachment-id=\"42310\" data-type=\"image\" class=\"fg-thumb\"><span class=\"fg-image-wrap\"><img src=\"https:\/\/alpavista.ch\/Alp11\/wp-content\/uploads\/cache\/Mille_Vuardette_Eperviers_025\/290573872.png\" title=\"Et, pour ceux qui ne connaissent, pas, franchement, y a vraiment de quoi.\" width=\"101\" height=\"57\" class=\"skip-lazy fg-image\" decoding=\"async\" loading=\"lazy\"><\/span><span class=\"fg-image-overlay\"><\/span><\/a><figcaption class=\"fg-caption\"><div class=\"fg-caption-inner\"><div class=\"fg-caption-desc\">Et, pour ceux qui ne connaissent, pas, franchement, y a vraiment de quoi.<\/div><\/div><\/figcaption><\/figure><div class=\"fg-loader\"><\/div><\/div><div class=\"fg-item fg-type-image fg-loading\"><figure class=\"fg-item-inner\"><a href=\"https:\/\/alpavista.ch\/Alp11\/wp-content\/uploads\/Mille_Vuardette_Eperviers_026.png\" data-caption-title=\"Catogne, mon beau Catogne, pourquoi es-tu tomb\u00e9 si bas ? A cause d&#039;une illusion d&#039;optique ?\" data-caption-desc=\"Catogne, mon beau Catogne, pourquoi es-tu tomb\u00e9 si bas ? A cause d&#039;une illusion d&#039;optique ?\" data-attachment-id=\"42311\" data-type=\"image\" class=\"fg-thumb\"><span class=\"fg-image-wrap\"><img src=\"https:\/\/alpavista.ch\/Alp11\/wp-content\/uploads\/cache\/Mille_Vuardette_Eperviers_026\/142552993.png\" title=\"Catogne, mon beau Catogne, pourquoi es-tu tomb\u00e9 si bas ? A cause d&#039;une illusion d&#039;optique ?\" width=\"101\" height=\"57\" class=\"skip-lazy fg-image\" decoding=\"async\" loading=\"lazy\"><\/span><span class=\"fg-image-overlay\"><\/span><\/a><figcaption class=\"fg-caption\"><div class=\"fg-caption-inner\"><div class=\"fg-caption-desc\">Catogne, mon beau Catogne, pourquoi es-tu tomb\u00e9 si bas ? A cause d'une illusion d'optique ?<\/div><\/div><\/figcaption><\/figure><div class=\"fg-loader\"><\/div><\/div><div class=\"fg-item fg-type-image fg-loading\"><figure class=\"fg-item-inner\"><a href=\"https:\/\/alpavista.ch\/Alp11\/wp-content\/uploads\/Mille_Vuardette_Eperviers_027.png\" data-caption-title=\"Pas de Coeur, mais des bras et du chocolat.\" data-caption-desc=\"Pas de Coeur, mais des bras et du chocolat.\" data-attachment-id=\"42312\" data-type=\"image\" class=\"fg-thumb\"><span class=\"fg-image-wrap\"><img src=\"https:\/\/alpavista.ch\/Alp11\/wp-content\/uploads\/cache\/Mille_Vuardette_Eperviers_027\/2806383592.png\" title=\"Pas de Coeur, mais des bras et du chocolat.\" width=\"101\" height=\"57\" class=\"skip-lazy fg-image\" decoding=\"async\" loading=\"lazy\"><\/span><span class=\"fg-image-overlay\"><\/span><\/a><figcaption class=\"fg-caption\"><div class=\"fg-caption-inner\"><div class=\"fg-caption-desc\">Pas de Coeur, mais des bras et du chocolat.<\/div><\/div><\/figcaption><\/figure><div class=\"fg-loader\"><\/div><\/div><div class=\"fg-item fg-type-image fg-loading\"><figure class=\"fg-item-inner\"><a href=\"https:\/\/alpavista.ch\/Alp11\/wp-content\/uploads\/Mille_Vuardette_Eperviers_028.png\" data-caption-title=\"A l&#039;alpage du Coeur, nous pr\u00e9f\u00e9rons celui d&#039;Erra. M\u00eame si pour s&#039;y rendre, il faut traverser le jeune torrent d&#039;Aron.\" data-caption-desc=\"A l&#039;alpage du Coeur, nous pr\u00e9f\u00e9rons celui d&#039;Erra. M\u00eame si pour s&#039;y rendre, il faut traverser le jeune torrent d&#039;Aron.\" data-attachment-id=\"42313\" data-type=\"image\" class=\"fg-thumb\"><span class=\"fg-image-wrap\"><img src=\"https:\/\/alpavista.ch\/Alp11\/wp-content\/uploads\/cache\/Mille_Vuardette_Eperviers_028\/3922196278.png\" title=\"A l&#039;alpage du Coeur, nous pr\u00e9f\u00e9rons celui d&#039;Erra. M\u00eame si pour s&#039;y rendre, il faut traverser le jeune torrent d&#039;Aron.\" width=\"101\" height=\"57\" class=\"skip-lazy fg-image\" decoding=\"async\" loading=\"lazy\"><\/span><span class=\"fg-image-overlay\"><\/span><\/a><figcaption class=\"fg-caption\"><div class=\"fg-caption-inner\"><div class=\"fg-caption-desc\">A l'alpage du Coeur, nous pr\u00e9f\u00e9rons celui d'Erra. M\u00eame si pour s'y rendre, il faut traverser le jeune torrent d'Aron.<\/div><\/div><\/figcaption><\/figure><div class=\"fg-loader\"><\/div><\/div><div class=\"fg-item fg-type-image fg-loading\"><figure class=\"fg-item-inner\"><a href=\"https:\/\/alpavista.ch\/Alp11\/wp-content\/uploads\/Mille_Vuardette_Eperviers_029.png\" data-caption-title=\"A alpage de moutons, collines herbeuses et moutonn\u00e9es.\" data-caption-desc=\"A alpage de moutons, collines herbeuses et moutonn\u00e9es.\" data-attachment-id=\"42314\" data-type=\"image\" class=\"fg-thumb\"><span class=\"fg-image-wrap\"><img src=\"https:\/\/alpavista.ch\/Alp11\/wp-content\/uploads\/cache\/Mille_Vuardette_Eperviers_029\/1978288244.png\" title=\"A alpage de moutons, collines herbeuses et moutonn\u00e9es.\" width=\"101\" height=\"57\" class=\"skip-lazy fg-image\" decoding=\"async\" loading=\"lazy\"><\/span><span class=\"fg-image-overlay\"><\/span><\/a><figcaption class=\"fg-caption\"><div class=\"fg-caption-inner\"><div class=\"fg-caption-desc\">A alpage de moutons, collines herbeuses et moutonn\u00e9es.<\/div><\/div><\/figcaption><\/figure><div class=\"fg-loader\"><\/div><\/div><div class=\"fg-item fg-type-image fg-loading\"><figure class=\"fg-item-inner\"><a href=\"https:\/\/alpavista.ch\/Alp11\/wp-content\/uploads\/Mille_Vuardette_Eperviers_030.png\" data-caption-title=\"Le premier lacet des Eperviers. Pas compliqu\u00e9 \u00e0 passer pour qui sait anticiper et \u00e9largir la ligne. Mais, faut-il encore qu&#039;en souvenir d&#039;une saison \u00e0 l&#039;autre.\" data-caption-desc=\"Le premier lacet des Eperviers. Pas compliqu\u00e9 \u00e0 passer pour qui sait anticiper et \u00e9largir la ligne. Mais, faut-il encore qu&#039;en souvenir d&#039;une saison \u00e0 l&#039;autre.\" data-attachment-id=\"42315\" data-type=\"image\" class=\"fg-thumb\"><span class=\"fg-image-wrap\"><img src=\"https:\/\/alpavista.ch\/Alp11\/wp-content\/uploads\/cache\/Mille_Vuardette_Eperviers_030\/3934232942.png\" title=\"Le premier lacet des Eperviers. Pas compliqu\u00e9 \u00e0 passer pour qui sait anticiper et \u00e9largir la ligne. Mais, faut-il encore qu&#039;en souvenir d&#039;une saison \u00e0 l&#039;autre.\" width=\"101\" height=\"57\" class=\"skip-lazy fg-image\" decoding=\"async\" loading=\"lazy\"><\/span><span class=\"fg-image-overlay\"><\/span><\/a><figcaption class=\"fg-caption\"><div class=\"fg-caption-inner\"><div class=\"fg-caption-desc\">Le premier lacet des Eperviers. Pas compliqu\u00e9 \u00e0 passer pour qui sait anticiper et \u00e9largir la ligne. Mais, faut-il encore qu'en souvenir d'une saison \u00e0 l'autre.<\/div><\/div><\/figcaption><\/figure><div class=\"fg-loader\"><\/div><\/div><div class=\"fg-item fg-type-image fg-loading\"><figure class=\"fg-item-inner\"><a href=\"https:\/\/alpavista.ch\/Alp11\/wp-content\/uploads\/Mille_Vuardette_Eperviers_031.png\" data-caption-title=\"Un chemin divin, mais qui propose une entr\u00e9e en mati\u00e8re vivante et virevoltante.\" data-caption-desc=\"Un chemin divin, mais qui propose une entr\u00e9e en mati\u00e8re vivante et virevoltante.\" data-attachment-id=\"42316\" data-type=\"image\" class=\"fg-thumb\"><span class=\"fg-image-wrap\"><img src=\"https:\/\/alpavista.ch\/Alp11\/wp-content\/uploads\/cache\/Mille_Vuardette_Eperviers_031\/1162251559.png\" title=\"Un chemin divin, mais qui propose une entr\u00e9e en mati\u00e8re vivante et virevoltante.\" width=\"101\" height=\"57\" class=\"skip-lazy fg-image\" decoding=\"async\" loading=\"lazy\"><\/span><span class=\"fg-image-overlay\"><\/span><\/a><figcaption class=\"fg-caption\"><div class=\"fg-caption-inner\"><div class=\"fg-caption-desc\">Un chemin divin, mais qui propose une entr\u00e9e en mati\u00e8re vivante et virevoltante.<\/div><\/div><\/figcaption><\/figure><div class=\"fg-loader\"><\/div><\/div><div class=\"fg-item fg-type-image fg-loading\"><figure class=\"fg-item-inner\"><a href=\"https:\/\/alpavista.ch\/Alp11\/wp-content\/uploads\/Mille_Vuardette_Eperviers_032.png\" data-caption-title=\"Apr\u00e8s nous avoir fait visiter ses p\u00e2turages d&#039;Erra d&#039;en Haut \u00e0 Erra d&#039;en Bas, notre sympathique ruban choisit de plonger vers les eaux tumultueuses d&#039;Aron...\" data-caption-desc=\"Apr\u00e8s nous avoir fait visiter ses p\u00e2turages d&#039;Erra d&#039;en Haut \u00e0 Erra d&#039;en Bas, notre sympathique ruban choisit de plonger vers les eaux tumultueuses d&#039;Aron...\" data-attachment-id=\"42317\" data-type=\"image\" class=\"fg-thumb\"><span class=\"fg-image-wrap\"><img src=\"https:\/\/alpavista.ch\/Alp11\/wp-content\/uploads\/cache\/Mille_Vuardette_Eperviers_032\/1550347446.png\" title=\"Apr\u00e8s nous avoir fait visiter ses p\u00e2turages d&#039;Erra d&#039;en Haut \u00e0 Erra d&#039;en Bas, notre sympathique ruban choisit de plonger vers les eaux tumultueuses d&#039;Aron...\" width=\"101\" height=\"57\" class=\"skip-lazy fg-image\" decoding=\"async\" loading=\"lazy\"><\/span><span class=\"fg-image-overlay\"><\/span><\/a><figcaption class=\"fg-caption\"><div class=\"fg-caption-inner\"><div class=\"fg-caption-desc\">Apr\u00e8s nous avoir fait visiter ses p\u00e2turages d'Erra d'en Haut \u00e0 Erra d'en Bas, notre sympathique ruban choisit de plonger vers les eaux tumultueuses d'Aron...<\/div><\/div><\/figcaption><\/figure><div class=\"fg-loader\"><\/div><\/div><div class=\"fg-item fg-type-image fg-loading\"><figure class=\"fg-item-inner\"><a href=\"https:\/\/alpavista.ch\/Alp11\/wp-content\/uploads\/Mille_Vuardette_Eperviers_033.png\" data-caption-title=\"... et de tournicoter tel l&#039;ami Z\u00e9bulon.\" data-caption-desc=\"... et de tournicoter tel l&#039;ami Z\u00e9bulon.\" data-attachment-id=\"42318\" data-type=\"image\" class=\"fg-thumb\"><span class=\"fg-image-wrap\"><img src=\"https:\/\/alpavista.ch\/Alp11\/wp-content\/uploads\/cache\/Mille_Vuardette_Eperviers_033\/2792158690.png\" title=\"... et de tournicoter tel l&#039;ami Z\u00e9bulon.\" width=\"101\" height=\"57\" class=\"skip-lazy fg-image\" decoding=\"async\" loading=\"lazy\"><\/span><span class=\"fg-image-overlay\"><\/span><\/a><figcaption class=\"fg-caption\"><div class=\"fg-caption-inner\"><div class=\"fg-caption-desc\">... et de tournicoter tel l'ami Z\u00e9bulon.<\/div><\/div><\/figcaption><\/figure><div class=\"fg-loader\"><\/div><\/div><div class=\"fg-item fg-type-image fg-loading\"><figure class=\"fg-item-inner\"><a href=\"https:\/\/alpavista.ch\/Alp11\/wp-content\/uploads\/Mille_Vuardette_Eperviers_034.png\" data-caption-title=\"Bavon(s), juste en face, une derni\u00e8re fois avant de retrouver le fond (de la vall\u00e9e d&#039;Entremont)\" data-caption-desc=\"Bavon(s), juste en face, une derni\u00e8re fois avant de retrouver le fond (de la vall\u00e9e d&#039;Entremont)\" data-attachment-id=\"42319\" data-type=\"image\" class=\"fg-thumb\"><span class=\"fg-image-wrap\"><img src=\"https:\/\/alpavista.ch\/Alp11\/wp-content\/uploads\/cache\/Mille_Vuardette_Eperviers_034\/990386825.png\" title=\"Bavon(s), juste en face, une derni\u00e8re fois avant de retrouver le fond (de la vall\u00e9e d&#039;Entremont)\" width=\"101\" height=\"57\" class=\"skip-lazy fg-image\" decoding=\"async\" loading=\"lazy\"><\/span><span class=\"fg-image-overlay\"><\/span><\/a><figcaption class=\"fg-caption\"><div class=\"fg-caption-inner\"><div class=\"fg-caption-desc\">Bavon(s), juste en face, une derni\u00e8re fois avant de retrouver le fond (de la vall\u00e9e d'Entremont)<\/div><\/div><\/figcaption><\/figure><div class=\"fg-loader\"><\/div><\/div><div class=\"fg-item fg-type-image fg-loading\"><figure class=\"fg-item-inner\"><a href=\"https:\/\/alpavista.ch\/Alp11\/wp-content\/uploads\/Mille_Vuardette_Eperviers_035.png\" data-caption-title=\"Tous ses chemins enfin bien associ\u00e9s, l&#039;itin\u00e9raire int\u00e8gre d\u00e9sormais la cat\u00e9gorie envi\u00e9e des \u00ab Y a rien \u00e0 jeter \u00bb !\" data-caption-desc=\"Tous ses chemins enfin bien associ\u00e9s, l&#039;itin\u00e9raire int\u00e8gre d\u00e9sormais la cat\u00e9gorie envi\u00e9e des \u00ab Y a rien \u00e0 jeter \u00bb !\" data-attachment-id=\"42320\" data-type=\"image\" class=\"fg-thumb\"><span class=\"fg-image-wrap\"><img src=\"https:\/\/alpavista.ch\/Alp11\/wp-content\/uploads\/cache\/Mille_Vuardette_Eperviers_035\/519966248.png\" title=\"Tous ses chemins enfin bien associ\u00e9s, l&#039;itin\u00e9raire int\u00e8gre d\u00e9sormais la cat\u00e9gorie envi\u00e9e des \u00ab Y a rien \u00e0 jeter \u00bb !\" width=\"101\" height=\"57\" class=\"skip-lazy fg-image\" decoding=\"async\" loading=\"lazy\"><\/span><span class=\"fg-image-overlay\"><\/span><\/a><figcaption class=\"fg-caption\"><div class=\"fg-caption-inner\"><div class=\"fg-caption-desc\">Tous ses chemins enfin bien associ\u00e9s, l'itin\u00e9raire int\u00e8gre d\u00e9sormais la cat\u00e9gorie envi\u00e9e des \u00ab Y a rien \u00e0 jeter \u00bb !<\/div><\/div><\/figcaption><\/figure><div class=\"fg-loader\"><\/div><\/div><\/div>\n\n<input class=\"fooboxshare_post_id\" type=\"hidden\" value=\"42322\"\/>","protected":false},"excerpt":{"rendered":"<p>Le col de Mille, c\u2019est un peu, voire beaucoup, notre jardin. On y roule plusieurs fois par saison, en particulier sur son versant ubac et bagnard. Son versant sud, moins connu et moins couru, propose pourtant lui aussi, une belle brochette de chemins, qu\u2019on tente, ann\u00e9e apr\u00e8s ann\u00e9e, de combiner et d\u2019associer pour en faire un itin\u00e9raire compl\u00e8tement int\u00e9ressant.<\/p>\n","protected":false},"author":2,"featured_media":42285,"comment_status":"open","ping_status":"open","sticky":false,"template":"","format":"standard","meta":{"footnotes":""},"categories":[658,4],"tags":[1525,1364,2284,2486,1952,1139,1273,4149,1363],"class_list":["post-42322","post","type-post","status-publish","format-standard","has-post-thumbnail","hentry","category-outdoor","category-vtt","tag-chandonne","tag-col-de-mille","tag-coeur","tag-eperviers","tag-erra","tag-liddes","tag-mont-brule","tag-plan-severeu","tag-la-vuardette"],"_links":{"self":[{"href":"https:\/\/alpavista.ch\/Alp11\/wp-json\/wp\/v2\/posts\/42322","targetHints":{"allow":["GET"]}}],"collection":[{"href":"https:\/\/alpavista.ch\/Alp11\/wp-json\/wp\/v2\/posts"}],"about":[{"href":"https:\/\/alpavista.ch\/Alp11\/wp-json\/wp\/v2\/types\/post"}],"author":[{"embeddable":true,"href":"https:\/\/alpavista.ch\/Alp11\/wp-json\/wp\/v2\/users\/2"}],"replies":[{"embeddable":true,"href":"https:\/\/alpavista.ch\/Alp11\/wp-json\/wp\/v2\/comments?post=42322"}],"version-history":[{"count":0,"href":"https:\/\/alpavista.ch\/Alp11\/wp-json\/wp\/v2\/posts\/42322\/revisions"}],"wp:featuredmedia":[{"embeddable":true,"href":"https:\/\/alpavista.ch\/Alp11\/wp-json\/wp\/v2\/media\/42285"}],"wp:attachment":[{"href":"https:\/\/alpavista.ch\/Alp11\/wp-json\/wp\/v2\/media?parent=42322"}],"wp:term":[{"taxonomy":"category","embeddable":true,"href":"https:\/\/alpavista.ch\/Alp11\/wp-json\/wp\/v2\/categories?post=42322"},{"taxonomy":"post_tag","embeddable":true,"href":"https:\/\/alpavista.ch\/Alp11\/wp-json\/wp\/v2\/tags?post=42322"}],"curies":[{"name":"wp","href":"https:\/\/api.w.org\/{rel}","templated":true}]}}