{"id":4292,"date":"2011-02-04T18:03:26","date_gmt":"2011-02-04T17:03:26","guid":{"rendered":"http:\/\/www.alpavista.ch\/Alp11\/?p=4292"},"modified":"2022-12-09T17:41:14","modified_gmt":"2022-12-09T16:41:14","slug":"tete-de-balme","status":"publish","type":"post","link":"https:\/\/alpavista.ch\/Alp11\/2011\/02\/04\/tete-de-balme\/","title":{"rendered":"T\u00eate de Balme"},"content":{"rendered":"<p>Et si la neige ne revenait pas ?<br \/>\nApr\u00e8s 42 jours d\u2019une p\u00e9nurie nivale incroyable, ce titre, \u00e0 peine revisit\u00e9, d\u2019un des plus c\u00e9l\u00e8bre <a href=\"http:\/\/www.plaisirdelire.ch\/ramuz-charles-ferdinand\/c-f-ramuz-si-le-soleil-ne-revenait-pas\" target=\"blank\" rel=\"noopener\">roman<\/a> de C.F. Ramuz, commence sournoisement \u00e0 s\u2019insinuer dans la t\u00eate du motiv\u00e9 randonneur hivernal que je croyais \u00eatre. Les redoutables temp\u00eates nord-am\u00e9ricaines, soi-disant promises \u00e0 l\u2019Europe dans les semaines qui suivent leur descente sur la c\u00f4te Est des Etats-Unis, succ\u00e8dent aux changements de lune, cens\u00e9s renverser la tendance m\u00e9t\u00e9o g\u00e9n\u00e9rale, et toujours pas la moindre perturbation neigeuse \u00e0 se mettre sous des carres de plus en plus \u00e9mouss\u00e9es par la cro\u00fbte verglac\u00e9e du maigre manteau neigeux recouvrant encore nos Alpes.<br \/>\n<!--more--><br \/>\nMais, si la neige manque, il est une autre denr\u00e9e, tr\u00e8s appr\u00e9ciable en hiver, dont les Alpes et le Valais regorgent, particuli\u00e8rement cette ann\u00e9e. Je veux parler du soleil. Du coup, plut\u00f4t que de nous lamenter sur ce d\u00e9ficit d\u2019hiver que nous vivons, nous pers\u00e9v\u00e9rons dans nos vendredis sur les skis, \u00e0 nous impr\u00e9gner de lumi\u00e8re et de paysages alpins, \u00e0 humer l\u2019air cristallin de nos montagnes, \u00e0 transpirer agr\u00e9ablement au rythme lent et r\u00e9gulier des \u00ab TLT \u00bb qui couinent et \u00e0 \u2026 profiter des pistes dam\u00e9es et tapiss\u00e9es de neige plus ou moins naturelle, pour regagner notre point de d\u00e9part dans des conditions acceptables. Les petits domaines skiables sont souvent bien adapt\u00e9s \u00e0 ce genre de \u00ab mix \u00bb, ski de rando\/ski de piste, gr\u00e2ce \u00e0 leur emprise relativement restreinte et \u00e0 leur proximit\u00e9 avec des zones souvent bien pr\u00e9serv\u00e9es. Apr\u00e8s Nax, Bruson, Ovronnaz, nous avons opt\u00e9, pour ce premier week-end de f\u00e9vrier, pour Le Tour\/Col de Balme, au-dessus de Vallorcine, sur la fronti\u00e8re franco-suisse.<\/p>\n<style type=\"text\/css\">\n#foogallery-gallery-18990 .fg-image { width: 101px; }\n#foogallery-gallery-18990 { --fg-gutter: 1px; }<\/style>\n\t\t\t<div class=\"foogallery foogallery-container foogallery-default foogallery-lightbox-none fg-left fg-default fg-ready fg-light fg-loading-default fg-loaded-fade-in fg-preset fg-selena fg-preset-small fg-preset fg-selena fg-preset-small\" id=\"foogallery-gallery-18990\" data-foogallery=\"{&quot;item&quot;:{&quot;showCaptionTitle&quot;:false,&quot;showCaptionDescription&quot;:true},&quot;lazy&quot;:true,&quot;state&quot;:{&quot;enabled&quot;:true,&quot;mask&quot;:&quot;foogallery-{id}&quot;}}\" style=\"--fg-title-line-clamp: 0; --fg-description-line-clamp: 0;\" >\n\t<div class=\"fg-item fg-type-image fg-idle\"><figure class=\"fg-item-inner\"><a href=\"https:\/\/alpavista.ch\/Alp11\/wp-content\/uploads\/Tete_de_Balme_001.jpg\" data-caption-title=\"Cretton d&#039;En-Haut sur le coup des 9 du mat&#039;. Pour les analphab\u00e8tes en g\u00e9ographie, Cretton n&#039;est pas un habitant des Jeurs, mais le nom d&#039;un des nombreux hameaux composant son habitat dispers\u00e9.\" data-caption-desc=\"Cretton d&#039;En-Haut sur le coup des 9 du mat&#039;. Pour les analphab\u00e8tes en g\u00e9ographie, Cretton n&#039;est pas un habitant des Jeurs, mais le nom d&#039;un des nombreux hameaux composant son habitat dispers\u00e9.\" data-attachment-id=\"18991\" data-type=\"image\" class=\"fg-thumb\"><span class=\"fg-image-wrap\"><img decoding=\"async\" alt=\"Tete_de_Balme_001\" title=\"Cretton d&#039;En-Haut sur le coup des 9 du mat&#039;. Pour les analphab\u00e8tes en g\u00e9ographie, Cretton n&#039;est pas un habitant des Jeurs, mais le nom d&#039;un des nombreux hameaux composant son habitat dispers\u00e9.\" width=\"101\" height=\"57\" class=\"skip-lazy fg-image\" data-src-fg=\"https:\/\/alpavista.ch\/Alp11\/wp-content\/uploads\/cache\/Tete_de_Balme_001\/3979090413.jpg\" src=\"data:image\/svg+xml,%3Csvg%20xmlns%3D%22http%3A%2F%2Fwww.w3.org%2F2000%2Fsvg%22%20width%3D%22101%22%20height%3D%2257%22%20viewBox%3D%220%200%20101%2057%22%3E%3C%2Fsvg%3E\" loading=\"eager\"><\/span><span class=\"fg-image-overlay\"><\/span><\/a><figcaption class=\"fg-caption\"><div class=\"fg-caption-inner\"><div class=\"fg-caption-desc\">Cretton d'En-Haut sur le coup des 9 du mat'. Pour les analphab\u00e8tes en g\u00e9ographie, Cretton n'est pas un habitant des Jeurs, mais le nom d'un des nombreux hameaux composant son habitat dispers\u00e9.<\/div><\/div><\/figcaption><\/figure><div class=\"fg-loader\"><\/div><\/div><div class=\"fg-item fg-type-image fg-idle\"><figure class=\"fg-item-inner\"><a href=\"https:\/\/alpavista.ch\/Alp11\/wp-content\/uploads\/Tete_de_Balme_002.jpg\" data-caption-title=\"La sourici\u00e8re du Pesseux. Encore un passage qui serait \u00e0 proscrire si nous vivions un hiver normal, c&#039;est \u00e0 dire, un hiver avec de la neige.\" data-caption-desc=\"La sourici\u00e8re du Pesseux. Encore un passage qui serait \u00e0 proscrire si nous vivions un hiver normal, c&#039;est \u00e0 dire, un hiver avec de la neige.\" data-attachment-id=\"18992\" data-type=\"image\" class=\"fg-thumb\"><span class=\"fg-image-wrap\"><img decoding=\"async\" alt=\"Tete_de_Balme_002\" title=\"La sourici\u00e8re du Pesseux. Encore un passage qui serait \u00e0 proscrire si nous vivions un hiver normal, c&#039;est \u00e0 dire, un hiver avec de la neige.\" width=\"101\" height=\"57\" class=\"skip-lazy fg-image\" data-src-fg=\"https:\/\/alpavista.ch\/Alp11\/wp-content\/uploads\/cache\/Tete_de_Balme_002\/655141689.jpg\" src=\"data:image\/svg+xml,%3Csvg%20xmlns%3D%22http%3A%2F%2Fwww.w3.org%2F2000%2Fsvg%22%20width%3D%22101%22%20height%3D%2257%22%20viewBox%3D%220%200%20101%2057%22%3E%3C%2Fsvg%3E\" loading=\"eager\"><\/span><span class=\"fg-image-overlay\"><\/span><\/a><figcaption class=\"fg-caption\"><div class=\"fg-caption-inner\"><div class=\"fg-caption-desc\">La sourici\u00e8re du Pesseux. Encore un passage qui serait \u00e0 proscrire si nous vivions un hiver normal, c'est \u00e0 dire, un hiver avec de la neige.<\/div><\/div><\/figcaption><\/figure><div class=\"fg-loader\"><\/div><\/div><div class=\"fg-item fg-type-image fg-idle\"><figure class=\"fg-item-inner\"><a href=\"https:\/\/alpavista.ch\/Alp11\/wp-content\/uploads\/Tete_de_Balme_003.jpg\" data-caption-title=\"La clairi\u00e8re de l&#039;alpage des Preises : pour le soleil, va encore falloir patienter un peu, mais par contre pour les paysages, on peut commencer \u00e0 savourer.\" data-caption-desc=\"La clairi\u00e8re de l&#039;alpage des Preises : pour le soleil, va encore falloir patienter un peu, mais par contre pour les paysages, on peut commencer \u00e0 savourer.\" data-attachment-id=\"18993\" data-type=\"image\" class=\"fg-thumb\"><span class=\"fg-image-wrap\"><img decoding=\"async\" alt=\"Tete_de_Balme_003\" title=\"La clairi\u00e8re de l&#039;alpage des Preises : pour le soleil, va encore falloir patienter un peu, mais par contre pour les paysages, on peut commencer \u00e0 savourer.\" width=\"101\" height=\"57\" class=\"skip-lazy fg-image\" data-src-fg=\"https:\/\/alpavista.ch\/Alp11\/wp-content\/uploads\/cache\/Tete_de_Balme_003\/3619931978.jpg\" src=\"data:image\/svg+xml,%3Csvg%20xmlns%3D%22http%3A%2F%2Fwww.w3.org%2F2000%2Fsvg%22%20width%3D%22101%22%20height%3D%2257%22%20viewBox%3D%220%200%20101%2057%22%3E%3C%2Fsvg%3E\" loading=\"eager\"><\/span><span class=\"fg-image-overlay\"><\/span><\/a><figcaption class=\"fg-caption\"><div class=\"fg-caption-inner\"><div class=\"fg-caption-desc\">La clairi\u00e8re de l'alpage des Preises : pour le soleil, va encore falloir patienter un peu, mais par contre pour les paysages, on peut commencer \u00e0 savourer.<\/div><\/div><\/figcaption><\/figure><div class=\"fg-loader\"><\/div><\/div><div class=\"fg-item fg-type-image fg-idle\"><figure class=\"fg-item-inner\"><a href=\"https:\/\/alpavista.ch\/Alp11\/wp-content\/uploads\/Tete_de_Balme_004.jpg\" data-caption-title=\"La directissime du Catogne : cales et couteaux sont d\u00e9sormais de rigueur, malgr\u00e9 (ou \u00e0 cause) de notre arriv\u00e9e au soleil.\" data-caption-desc=\"La directissime du Catogne : cales et couteaux sont d\u00e9sormais de rigueur, malgr\u00e9 (ou \u00e0 cause) de notre arriv\u00e9e au soleil.\" data-attachment-id=\"18994\" data-type=\"image\" class=\"fg-thumb\"><span class=\"fg-image-wrap\"><img decoding=\"async\" alt=\"Tete_de_Balme_004\" title=\"La directissime du Catogne : cales et couteaux sont d\u00e9sormais de rigueur, malgr\u00e9 (ou \u00e0 cause) de notre arriv\u00e9e au soleil.\" width=\"101\" height=\"57\" class=\"skip-lazy fg-image\" data-src-fg=\"https:\/\/alpavista.ch\/Alp11\/wp-content\/uploads\/cache\/Tete_de_Balme_004\/1748814032.jpg\" src=\"data:image\/svg+xml,%3Csvg%20xmlns%3D%22http%3A%2F%2Fwww.w3.org%2F2000%2Fsvg%22%20width%3D%22101%22%20height%3D%2257%22%20viewBox%3D%220%200%20101%2057%22%3E%3C%2Fsvg%3E\" loading=\"eager\"><\/span><span class=\"fg-image-overlay\"><\/span><\/a><figcaption class=\"fg-caption\"><div class=\"fg-caption-inner\"><div class=\"fg-caption-desc\">La directissime du Catogne : cales et couteaux sont d\u00e9sormais de rigueur, malgr\u00e9 (ou \u00e0 cause) de notre arriv\u00e9e au soleil.<\/div><\/div><\/figcaption><\/figure><div class=\"fg-loader\"><\/div><\/div><div class=\"fg-item fg-type-image fg-idle\"><figure class=\"fg-item-inner\"><a href=\"https:\/\/alpavista.ch\/Alp11\/wp-content\/uploads\/Tete_de_Balme_005.jpg\" data-caption-title=\"Mais quand la tr\u00e8s forte d\u00e9clivit\u00e9 et le rev\u00eatement verglac\u00e9 se liguent, m\u00eame le meilleur mat\u00e9riel ne peut pas forc\u00e9ment toujours vous tirer d&#039;affaire.\" data-caption-desc=\"Mais quand la tr\u00e8s forte d\u00e9clivit\u00e9 et le rev\u00eatement verglac\u00e9 se liguent, m\u00eame le meilleur mat\u00e9riel ne peut pas forc\u00e9ment toujours vous tirer d&#039;affaire.\" data-attachment-id=\"18995\" data-type=\"image\" class=\"fg-thumb\"><span class=\"fg-image-wrap\"><img decoding=\"async\" alt=\"Tete_de_Balme_005\" title=\"Mais quand la tr\u00e8s forte d\u00e9clivit\u00e9 et le rev\u00eatement verglac\u00e9 se liguent, m\u00eame le meilleur mat\u00e9riel ne peut pas forc\u00e9ment toujours vous tirer d&#039;affaire.\" width=\"101\" height=\"57\" class=\"skip-lazy fg-image\" data-src-fg=\"https:\/\/alpavista.ch\/Alp11\/wp-content\/uploads\/cache\/Tete_de_Balme_005\/2566104227.jpg\" src=\"data:image\/svg+xml,%3Csvg%20xmlns%3D%22http%3A%2F%2Fwww.w3.org%2F2000%2Fsvg%22%20width%3D%22101%22%20height%3D%2257%22%20viewBox%3D%220%200%20101%2057%22%3E%3C%2Fsvg%3E\" loading=\"eager\"><\/span><span class=\"fg-image-overlay\"><\/span><\/a><figcaption class=\"fg-caption\"><div class=\"fg-caption-inner\"><div class=\"fg-caption-desc\">Mais quand la tr\u00e8s forte d\u00e9clivit\u00e9 et le rev\u00eatement verglac\u00e9 se liguent, m\u00eame le meilleur mat\u00e9riel ne peut pas forc\u00e9ment toujours vous tirer d'affaire.<\/div><\/div><\/figcaption><\/figure><div class=\"fg-loader\"><\/div><\/div><div class=\"fg-item fg-type-image fg-idle\"><figure class=\"fg-item-inner\"><a href=\"https:\/\/alpavista.ch\/Alp11\/wp-content\/uploads\/Tete_de_Balme_006.jpg\" data-caption-title=\"Aux grands maux, les grands moyens...  ou plus exactement, les moyens du bord.\" data-caption-desc=\"Aux grands maux, les grands moyens...  ou plus exactement, les moyens du bord.\" data-attachment-id=\"18996\" data-type=\"image\" class=\"fg-thumb\"><span class=\"fg-image-wrap\"><img decoding=\"async\" alt=\"Tete_de_Balme_006\" title=\"Aux grands maux, les grands moyens...  ou plus exactement, les moyens du bord.\" width=\"101\" height=\"57\" class=\"skip-lazy fg-image\" data-src-fg=\"https:\/\/alpavista.ch\/Alp11\/wp-content\/uploads\/cache\/Tete_de_Balme_006\/1389565559.jpg\" src=\"data:image\/svg+xml,%3Csvg%20xmlns%3D%22http%3A%2F%2Fwww.w3.org%2F2000%2Fsvg%22%20width%3D%22101%22%20height%3D%2257%22%20viewBox%3D%220%200%20101%2057%22%3E%3C%2Fsvg%3E\" loading=\"eager\"><\/span><span class=\"fg-image-overlay\"><\/span><\/a><figcaption class=\"fg-caption\"><div class=\"fg-caption-inner\"><div class=\"fg-caption-desc\">Aux grands maux, les grands moyens...  ou plus exactement, les moyens du bord.<\/div><\/div><\/figcaption><\/figure><div class=\"fg-loader\"><\/div><\/div><div class=\"fg-item fg-type-image fg-idle\"><figure class=\"fg-item-inner\"><a href=\"https:\/\/alpavista.ch\/Alp11\/wp-content\/uploads\/Tete_de_Balme_007.jpg\" data-caption-title=\"L&#039;option ski sur le sac permet de mieux assurer chaque pas dans la pente... \u00e0 condition de pouvoir cheminer loin des zones trop gel\u00e9es.\" data-caption-desc=\"L&#039;option ski sur le sac permet de mieux assurer chaque pas dans la pente... \u00e0 condition de pouvoir cheminer loin des zones trop gel\u00e9es.\" data-attachment-id=\"18997\" data-type=\"image\" class=\"fg-thumb\"><span class=\"fg-image-wrap\"><img decoding=\"async\" alt=\"Tete_de_Balme_007\" title=\"L&#039;option ski sur le sac permet de mieux assurer chaque pas dans la pente... \u00e0 condition de pouvoir cheminer loin des zones trop gel\u00e9es.\" width=\"101\" height=\"57\" class=\"skip-lazy fg-image\" data-src-fg=\"https:\/\/alpavista.ch\/Alp11\/wp-content\/uploads\/cache\/Tete_de_Balme_007\/2719775236.jpg\" src=\"data:image\/svg+xml,%3Csvg%20xmlns%3D%22http%3A%2F%2Fwww.w3.org%2F2000%2Fsvg%22%20width%3D%22101%22%20height%3D%2257%22%20viewBox%3D%220%200%20101%2057%22%3E%3C%2Fsvg%3E\" loading=\"eager\"><\/span><span class=\"fg-image-overlay\"><\/span><\/a><figcaption class=\"fg-caption\"><div class=\"fg-caption-inner\"><div class=\"fg-caption-desc\">L'option ski sur le sac permet de mieux assurer chaque pas dans la pente... \u00e0 condition de pouvoir cheminer loin des zones trop gel\u00e9es.<\/div><\/div><\/figcaption><\/figure><div class=\"fg-loader\"><\/div><\/div><div class=\"fg-item fg-type-image fg-idle\"><figure class=\"fg-item-inner\"><a href=\"https:\/\/alpavista.ch\/Alp11\/wp-content\/uploads\/Tete_de_Balme_008.jpg\" data-caption-title=\"- Dis-donc, on n&#039;avait pas parler d&#039;une petite sortie tranquille ?\r\n- Euhhh... en m\u00eame temps, celle-ci n&#039;est pas vraiment bruyante.\r\n- Non, c&#039;est vrai, elle est juste \u00e0 peu pr\u00e8s verticale.\" data-caption-desc=\"- Dis-donc, on n&#039;avait pas parler d&#039;une petite sortie tranquille ?\r\n- Euhhh... en m\u00eame temps, celle-ci n&#039;est pas vraiment bruyante.\r\n- Non, c&#039;est vrai, elle est juste \u00e0 peu pr\u00e8s verticale.\" data-attachment-id=\"18998\" data-type=\"image\" class=\"fg-thumb\"><span class=\"fg-image-wrap\"><img decoding=\"async\" alt=\"Tete_de_Balme_008\" title=\"- Dis-donc, on n&#039;avait pas parler d&#039;une petite sortie tranquille ?\r\n- Euhhh... en m\u00eame temps, celle-ci n&#039;est pas vraiment bruyante.\r\n- Non, c&#039;est vrai, elle est juste \u00e0 peu pr\u00e8s verticale.\" width=\"101\" height=\"57\" class=\"skip-lazy fg-image\" data-src-fg=\"https:\/\/alpavista.ch\/Alp11\/wp-content\/uploads\/cache\/Tete_de_Balme_008\/4133228290.jpg\" src=\"data:image\/svg+xml,%3Csvg%20xmlns%3D%22http%3A%2F%2Fwww.w3.org%2F2000%2Fsvg%22%20width%3D%22101%22%20height%3D%2257%22%20viewBox%3D%220%200%20101%2057%22%3E%3C%2Fsvg%3E\" loading=\"eager\"><\/span><span class=\"fg-image-overlay\"><\/span><\/a><figcaption class=\"fg-caption\"><div class=\"fg-caption-inner\"><div class=\"fg-caption-desc\">- Dis-donc, on n'avait pas parler d'une petite sortie tranquille ?\r\n- Euhhh... en m\u00eame temps, celle-ci n'est pas vraiment bruyante.\r\n- Non, c'est vrai, elle est juste \u00e0 peu pr\u00e8s verticale.<\/div><\/div><\/figcaption><\/figure><div class=\"fg-loader\"><\/div><\/div><div class=\"fg-item fg-type-image fg-idle\"><figure class=\"fg-item-inner\"><a href=\"https:\/\/alpavista.ch\/Alp11\/wp-content\/uploads\/Tete_de_Balme_009.jpg\" data-caption-title=\"Dernier petit souci ... la corniche sommitale avec sa neige friable qui  vous d\u00e9gouline dans le visage.\r\nPas grave, de toute fa\u00e7on on ne peut pas rebrousser chemin et, en plus, il para\u00eet que c&#039;est bon pour le teint.\" data-caption-desc=\"Dernier petit souci ... la corniche sommitale avec sa neige friable qui  vous d\u00e9gouline dans le visage.\r\nPas grave, de toute fa\u00e7on on ne peut pas rebrousser chemin et, en plus, il para\u00eet que c&#039;est bon pour le teint.\" data-attachment-id=\"18999\" data-type=\"image\" class=\"fg-thumb\"><span class=\"fg-image-wrap\"><img decoding=\"async\" alt=\"Tete_de_Balme_009\" title=\"Dernier petit souci ... la corniche sommitale avec sa neige friable qui  vous d\u00e9gouline dans le visage.\r\nPas grave, de toute fa\u00e7on on ne peut pas rebrousser chemin et, en plus, il para\u00eet que c&#039;est bon pour le teint.\" width=\"101\" height=\"57\" class=\"skip-lazy fg-image\" data-src-fg=\"https:\/\/alpavista.ch\/Alp11\/wp-content\/uploads\/cache\/Tete_de_Balme_009\/110322545.jpg\" src=\"data:image\/svg+xml,%3Csvg%20xmlns%3D%22http%3A%2F%2Fwww.w3.org%2F2000%2Fsvg%22%20width%3D%22101%22%20height%3D%2257%22%20viewBox%3D%220%200%20101%2057%22%3E%3C%2Fsvg%3E\" loading=\"eager\"><\/span><span class=\"fg-image-overlay\"><\/span><\/a><figcaption class=\"fg-caption\"><div class=\"fg-caption-inner\"><div class=\"fg-caption-desc\">Dernier petit souci ... la corniche sommitale avec sa neige friable qui  vous d\u00e9gouline dans le visage.\r\nPas grave, de toute fa\u00e7on on ne peut pas rebrousser chemin et, en plus, il para\u00eet que c'est bon pour le teint.<\/div><\/div><\/figcaption><\/figure><div class=\"fg-loader\"><\/div><\/div><div class=\"fg-item fg-type-image fg-idle\"><figure class=\"fg-item-inner\"><a href=\"https:\/\/alpavista.ch\/Alp11\/wp-content\/uploads\/Tete_de_Balme_010.jpg\" data-caption-title=\"C&#039;est marrant comme l&#039;autre versant de l&#039;alpage du Catogne, ne ressemble en rien au pr\u00e9c\u00e9dent.\" data-caption-desc=\"C&#039;est marrant comme l&#039;autre versant de l&#039;alpage du Catogne, ne ressemble en rien au pr\u00e9c\u00e9dent.\" data-attachment-id=\"19000\" data-type=\"image\" class=\"fg-thumb\"><span class=\"fg-image-wrap\"><img decoding=\"async\" alt=\"Tete_de_Balme_010\" title=\"C&#039;est marrant comme l&#039;autre versant de l&#039;alpage du Catogne, ne ressemble en rien au pr\u00e9c\u00e9dent.\" width=\"101\" height=\"57\" class=\"skip-lazy fg-image\" data-src-fg=\"https:\/\/alpavista.ch\/Alp11\/wp-content\/uploads\/cache\/Tete_de_Balme_010\/303611906.jpg\" src=\"data:image\/svg+xml,%3Csvg%20xmlns%3D%22http%3A%2F%2Fwww.w3.org%2F2000%2Fsvg%22%20width%3D%22101%22%20height%3D%2257%22%20viewBox%3D%220%200%20101%2057%22%3E%3C%2Fsvg%3E\" loading=\"eager\"><\/span><span class=\"fg-image-overlay\"><\/span><\/a><figcaption class=\"fg-caption\"><div class=\"fg-caption-inner\"><div class=\"fg-caption-desc\">C'est marrant comme l'autre versant de l'alpage du Catogne, ne ressemble en rien au pr\u00e9c\u00e9dent.<\/div><\/div><\/figcaption><\/figure><div class=\"fg-loader\"><\/div><\/div><div class=\"fg-item fg-type-image fg-idle\"><figure class=\"fg-item-inner\"><a href=\"https:\/\/alpavista.ch\/Alp11\/wp-content\/uploads\/Tete_de_Balme_011.jpg\" data-caption-title=\"Normalement, la suite de l&#039;ascension vers la T\u00eate de Balme ne devrait plus n\u00e9cessiter, ni cales, ni couteaux..., ni adr\u00e9naline.\" data-caption-desc=\"Normalement, la suite de l&#039;ascension vers la T\u00eate de Balme ne devrait plus n\u00e9cessiter, ni cales, ni couteaux..., ni adr\u00e9naline.\" data-attachment-id=\"19001\" data-type=\"image\" class=\"fg-thumb\"><span class=\"fg-image-wrap\"><img decoding=\"async\" alt=\"Tete_de_Balme_011\" title=\"Normalement, la suite de l&#039;ascension vers la T\u00eate de Balme ne devrait plus n\u00e9cessiter, ni cales, ni couteaux..., ni adr\u00e9naline.\" width=\"101\" height=\"57\" class=\"skip-lazy fg-image\" data-src-fg=\"https:\/\/alpavista.ch\/Alp11\/wp-content\/uploads\/cache\/Tete_de_Balme_011\/3805785201.jpg\" src=\"data:image\/svg+xml,%3Csvg%20xmlns%3D%22http%3A%2F%2Fwww.w3.org%2F2000%2Fsvg%22%20width%3D%22101%22%20height%3D%2257%22%20viewBox%3D%220%200%20101%2057%22%3E%3C%2Fsvg%3E\" loading=\"eager\"><\/span><span class=\"fg-image-overlay\"><\/span><\/a><figcaption class=\"fg-caption\"><div class=\"fg-caption-inner\"><div class=\"fg-caption-desc\">Normalement, la suite de l'ascension vers la T\u00eate de Balme ne devrait plus n\u00e9cessiter, ni cales, ni couteaux..., ni adr\u00e9naline.<\/div><\/div><\/figcaption><\/figure><div class=\"fg-loader\"><\/div><\/div><div class=\"fg-item fg-type-image fg-idle\"><figure class=\"fg-item-inner\"><a href=\"https:\/\/alpavista.ch\/Alp11\/wp-content\/uploads\/Tete_de_Balme_012.jpg\" data-caption-title=\"Tout le bonheur de retrouver un peu d&#039;horizontalit\u00e9.\" data-caption-desc=\"Tout le bonheur de retrouver un peu d&#039;horizontalit\u00e9.\" data-attachment-id=\"19002\" data-type=\"image\" class=\"fg-thumb\"><span class=\"fg-image-wrap\"><img decoding=\"async\" alt=\"Tete_de_Balme_012\" title=\"Tout le bonheur de retrouver un peu d&#039;horizontalit\u00e9.\" width=\"101\" height=\"57\" class=\"skip-lazy fg-image\" data-src-fg=\"https:\/\/alpavista.ch\/Alp11\/wp-content\/uploads\/cache\/Tete_de_Balme_012\/687283877.jpg\" src=\"data:image\/svg+xml,%3Csvg%20xmlns%3D%22http%3A%2F%2Fwww.w3.org%2F2000%2Fsvg%22%20width%3D%22101%22%20height%3D%2257%22%20viewBox%3D%220%200%20101%2057%22%3E%3C%2Fsvg%3E\" loading=\"eager\"><\/span><span class=\"fg-image-overlay\"><\/span><\/a><figcaption class=\"fg-caption\"><div class=\"fg-caption-inner\"><div class=\"fg-caption-desc\">Tout le bonheur de retrouver un peu d'horizontalit\u00e9.<\/div><\/div><\/figcaption><\/figure><div class=\"fg-loader\"><\/div><\/div><div class=\"fg-item fg-type-image fg-idle\"><figure class=\"fg-item-inner\"><a href=\"https:\/\/alpavista.ch\/Alp11\/wp-content\/uploads\/Tete_de_Balme_013.jpg\" data-caption-title=\"La mont\u00e9e vers le Catogne d&#039;En-Haut propose quelques panoramas de toute beaut\u00e9, que sa topographie moins vertigineuse permet d\u00e9sormais d&#039;appr\u00e9cier tout en cheminant.\" data-caption-desc=\"La mont\u00e9e vers le Catogne d&#039;En-Haut propose quelques panoramas de toute beaut\u00e9, que sa topographie moins vertigineuse permet d\u00e9sormais d&#039;appr\u00e9cier tout en cheminant.\" data-attachment-id=\"19003\" data-type=\"image\" class=\"fg-thumb\"><span class=\"fg-image-wrap\"><img decoding=\"async\" alt=\"Tete_de_Balme_013\" title=\"La mont\u00e9e vers le Catogne d&#039;En-Haut propose quelques panoramas de toute beaut\u00e9, que sa topographie moins vertigineuse permet d\u00e9sormais d&#039;appr\u00e9cier tout en cheminant.\" width=\"101\" height=\"57\" class=\"skip-lazy fg-image\" data-src-fg=\"https:\/\/alpavista.ch\/Alp11\/wp-content\/uploads\/cache\/Tete_de_Balme_013\/3627578070.jpg\" src=\"data:image\/svg+xml,%3Csvg%20xmlns%3D%22http%3A%2F%2Fwww.w3.org%2F2000%2Fsvg%22%20width%3D%22101%22%20height%3D%2257%22%20viewBox%3D%220%200%20101%2057%22%3E%3C%2Fsvg%3E\" loading=\"eager\"><\/span><span class=\"fg-image-overlay\"><\/span><\/a><figcaption class=\"fg-caption\"><div class=\"fg-caption-inner\"><div class=\"fg-caption-desc\">La mont\u00e9e vers le Catogne d'En-Haut propose quelques panoramas de toute beaut\u00e9, que sa topographie moins vertigineuse permet d\u00e9sormais d'appr\u00e9cier tout en cheminant.<\/div><\/div><\/figcaption><\/figure><div class=\"fg-loader\"><\/div><\/div><div class=\"fg-item fg-type-image fg-idle\"><figure class=\"fg-item-inner\"><a href=\"https:\/\/alpavista.ch\/Alp11\/wp-content\/uploads\/Tete_de_Balme_014.jpg\" data-caption-title=\"On a dit &quot;en cheminant&quot;, pas &quot;en musardant&quot; :-)\" data-caption-desc=\"On a dit &quot;en cheminant&quot;, pas &quot;en musardant&quot; :-)\" data-attachment-id=\"19004\" data-type=\"image\" class=\"fg-thumb\"><span class=\"fg-image-wrap\"><img decoding=\"async\" alt=\"Tete_de_Balme_014\" title=\"On a dit &quot;en cheminant&quot;, pas &quot;en musardant&quot; :-)\" width=\"101\" height=\"57\" class=\"skip-lazy fg-image\" data-src-fg=\"https:\/\/alpavista.ch\/Alp11\/wp-content\/uploads\/cache\/Tete_de_Balme_014\/1741126988.jpg\" src=\"data:image\/svg+xml,%3Csvg%20xmlns%3D%22http%3A%2F%2Fwww.w3.org%2F2000%2Fsvg%22%20width%3D%22101%22%20height%3D%2257%22%20viewBox%3D%220%200%20101%2057%22%3E%3C%2Fsvg%3E\" loading=\"eager\"><\/span><span class=\"fg-image-overlay\"><\/span><\/a><figcaption class=\"fg-caption\"><div class=\"fg-caption-inner\"><div class=\"fg-caption-desc\">On a dit \"en cheminant\", pas \"en musardant\" :-)<\/div><\/div><\/figcaption><\/figure><div class=\"fg-loader\"><\/div><\/div><div class=\"fg-item fg-type-image fg-idle\"><figure class=\"fg-item-inner\"><a href=\"https:\/\/alpavista.ch\/Alp11\/wp-content\/uploads\/Tete_de_Balme_015.jpg\" data-caption-title=\"R\u00eave de cairn. Quand je serai grand, je serai la Tour Sali\u00e8re.\" data-caption-desc=\"R\u00eave de cairn. Quand je serai grand, je serai la Tour Sali\u00e8re.\" data-attachment-id=\"19005\" data-type=\"image\" class=\"fg-thumb\"><span class=\"fg-image-wrap\"><img decoding=\"async\" alt=\"Tete_de_Balme_015\" title=\"R\u00eave de cairn. Quand je serai grand, je serai la Tour Sali\u00e8re.\" width=\"101\" height=\"57\" class=\"skip-lazy fg-image\" data-src-fg=\"https:\/\/alpavista.ch\/Alp11\/wp-content\/uploads\/cache\/Tete_de_Balme_015\/2533888319.jpg\" src=\"data:image\/svg+xml,%3Csvg%20xmlns%3D%22http%3A%2F%2Fwww.w3.org%2F2000%2Fsvg%22%20width%3D%22101%22%20height%3D%2257%22%20viewBox%3D%220%200%20101%2057%22%3E%3C%2Fsvg%3E\" loading=\"eager\"><\/span><span class=\"fg-image-overlay\"><\/span><\/a><figcaption class=\"fg-caption\"><div class=\"fg-caption-inner\"><div class=\"fg-caption-desc\">R\u00eave de cairn. Quand je serai grand, je serai la Tour Sali\u00e8re.<\/div><\/div><\/figcaption><\/figure><div class=\"fg-loader\"><\/div><\/div><div class=\"fg-item fg-type-image fg-idle\"><figure class=\"fg-item-inner\"><a href=\"https:\/\/alpavista.ch\/Alp11\/wp-content\/uploads\/Tete_de_Balme_016.jpg\" data-caption-title=\"Losque panoramas et derniers pas cumulent leurs effets pour vous couper le souffle.\" data-caption-desc=\"Losque panoramas et derniers pas cumulent leurs effets pour vous couper le souffle.\" data-attachment-id=\"19006\" data-type=\"image\" class=\"fg-thumb\"><span class=\"fg-image-wrap\"><img decoding=\"async\" alt=\"Tete_de_Balme_016\" title=\"Losque panoramas et derniers pas cumulent leurs effets pour vous couper le souffle.\" width=\"101\" height=\"57\" class=\"skip-lazy fg-image\" data-src-fg=\"https:\/\/alpavista.ch\/Alp11\/wp-content\/uploads\/cache\/Tete_de_Balme_016\/1562944491.jpg\" src=\"data:image\/svg+xml,%3Csvg%20xmlns%3D%22http%3A%2F%2Fwww.w3.org%2F2000%2Fsvg%22%20width%3D%22101%22%20height%3D%2257%22%20viewBox%3D%220%200%20101%2057%22%3E%3C%2Fsvg%3E\" loading=\"eager\"><\/span><span class=\"fg-image-overlay\"><\/span><\/a><figcaption class=\"fg-caption\"><div class=\"fg-caption-inner\"><div class=\"fg-caption-desc\">Losque panoramas et derniers pas cumulent leurs effets pour vous couper le souffle.<\/div><\/div><\/figcaption><\/figure><div class=\"fg-loader\"><\/div><\/div><div class=\"fg-item fg-type-image fg-idle\"><figure class=\"fg-item-inner\"><a href=\"https:\/\/alpavista.ch\/Alp11\/wp-content\/uploads\/Tete_de_Balme_017.jpg\" data-caption-title=\"T\u00eate de Balme, Here We Are !\" data-caption-desc=\"T\u00eate de Balme, Here We Are !\" data-attachment-id=\"19007\" data-type=\"image\" class=\"fg-thumb\"><span class=\"fg-image-wrap\"><img decoding=\"async\" alt=\"Tete_de_Balme_017\" title=\"T\u00eate de Balme, Here We Are !\" width=\"101\" height=\"57\" class=\"skip-lazy fg-image\" data-src-fg=\"https:\/\/alpavista.ch\/Alp11\/wp-content\/uploads\/cache\/Tete_de_Balme_017\/2917650328.jpg\" src=\"data:image\/svg+xml,%3Csvg%20xmlns%3D%22http%3A%2F%2Fwww.w3.org%2F2000%2Fsvg%22%20width%3D%22101%22%20height%3D%2257%22%20viewBox%3D%220%200%20101%2057%22%3E%3C%2Fsvg%3E\" loading=\"eager\"><\/span><span class=\"fg-image-overlay\"><\/span><\/a><figcaption class=\"fg-caption\"><div class=\"fg-caption-inner\"><div class=\"fg-caption-desc\">T\u00eate de Balme, Here We Are !<\/div><\/div><\/figcaption><\/figure><div class=\"fg-loader\"><\/div><\/div><div class=\"fg-item fg-type-image fg-idle\"><figure class=\"fg-item-inner\"><a href=\"https:\/\/alpavista.ch\/Alp11\/wp-content\/uploads\/Tete_de_Balme_018.jpg\" data-caption-title=\"Neige un peu dure, mais conditions de descente vraiment appr\u00e9ciables par les (interminablement beaux) temps qui courent.\" data-caption-desc=\"Neige un peu dure, mais conditions de descente vraiment appr\u00e9ciables par les (interminablement beaux) temps qui courent.\" data-attachment-id=\"19008\" data-type=\"image\" class=\"fg-thumb\"><span class=\"fg-image-wrap\"><img decoding=\"async\" alt=\"Tete_de_Balme_018\" title=\"Neige un peu dure, mais conditions de descente vraiment appr\u00e9ciables par les (interminablement beaux) temps qui courent.\" width=\"101\" height=\"57\" class=\"skip-lazy fg-image\" data-src-fg=\"https:\/\/alpavista.ch\/Alp11\/wp-content\/uploads\/cache\/Tete_de_Balme_018\/4188519070.jpg\" src=\"data:image\/svg+xml,%3Csvg%20xmlns%3D%22http%3A%2F%2Fwww.w3.org%2F2000%2Fsvg%22%20width%3D%22101%22%20height%3D%2257%22%20viewBox%3D%220%200%20101%2057%22%3E%3C%2Fsvg%3E\" loading=\"eager\"><\/span><span class=\"fg-image-overlay\"><\/span><\/a><figcaption class=\"fg-caption\"><div class=\"fg-caption-inner\"><div class=\"fg-caption-desc\">Neige un peu dure, mais conditions de descente vraiment appr\u00e9ciables par les (interminablement beaux) temps qui courent.<\/div><\/div><\/figcaption><\/figure><div class=\"fg-loader\"><\/div><\/div><div class=\"fg-item fg-type-image fg-idle\"><figure class=\"fg-item-inner\"><a href=\"https:\/\/alpavista.ch\/Alp11\/wp-content\/uploads\/Tete_de_Balme_019.jpg\" data-caption-title=\"Back To Switzerland !\r\nCool, ils ont laiss\u00e9 la barri\u00e8re ouverte. \r\nOui, mais avec nos &quot;amis&quot; UDC, on peut se demander jusqu&#039;\u00e0 quand...\" data-caption-desc=\"Back To Switzerland !\r\nCool, ils ont laiss\u00e9 la barri\u00e8re ouverte. \r\nOui, mais avec nos &quot;amis&quot; UDC, on peut se demander jusqu&#039;\u00e0 quand...\" data-attachment-id=\"19009\" data-type=\"image\" class=\"fg-thumb\"><span class=\"fg-image-wrap\"><img decoding=\"async\" alt=\"Tete_de_Balme_019\" title=\"Back To Switzerland !\r\nCool, ils ont laiss\u00e9 la barri\u00e8re ouverte. \r\nOui, mais avec nos &quot;amis&quot; UDC, on peut se demander jusqu&#039;\u00e0 quand...\" width=\"101\" height=\"57\" class=\"skip-lazy fg-image\" data-src-fg=\"https:\/\/alpavista.ch\/Alp11\/wp-content\/uploads\/cache\/Tete_de_Balme_019\/157865709.jpg\" src=\"data:image\/svg+xml,%3Csvg%20xmlns%3D%22http%3A%2F%2Fwww.w3.org%2F2000%2Fsvg%22%20width%3D%22101%22%20height%3D%2257%22%20viewBox%3D%220%200%20101%2057%22%3E%3C%2Fsvg%3E\" loading=\"eager\"><\/span><span class=\"fg-image-overlay\"><\/span><\/a><figcaption class=\"fg-caption\"><div class=\"fg-caption-inner\"><div class=\"fg-caption-desc\">Back To Switzerland !\r\nCool, ils ont laiss\u00e9 la barri\u00e8re ouverte. \r\nOui, mais avec nos \"amis\" UDC, on peut se demander jusqu'\u00e0 quand...<\/div><\/div><\/figcaption><\/figure><div class=\"fg-loader\"><\/div><\/div><div class=\"fg-item fg-type-image fg-idle\"><figure class=\"fg-item-inner\"><a href=\"https:\/\/alpavista.ch\/Alp11\/wp-content\/uploads\/Tete_de_Balme_020.jpg\" data-caption-title=\"Welcome home ! \r\nSurtout si vous \u00eates en r\u00e8gle\" data-caption-desc=\"Welcome home ! \r\nSurtout si vous \u00eates en r\u00e8gle\" data-attachment-id=\"19010\" data-type=\"image\" class=\"fg-thumb\"><span class=\"fg-image-wrap\"><img decoding=\"async\" alt=\"Tete_de_Balme_020\" title=\"Welcome home ! \r\nSurtout si vous \u00eates en r\u00e8gle\" width=\"101\" height=\"57\" class=\"skip-lazy fg-image\" data-src-fg=\"https:\/\/alpavista.ch\/Alp11\/wp-content\/uploads\/cache\/Tete_de_Balme_020\/4111599470.jpg\" src=\"data:image\/svg+xml,%3Csvg%20xmlns%3D%22http%3A%2F%2Fwww.w3.org%2F2000%2Fsvg%22%20width%3D%22101%22%20height%3D%2257%22%20viewBox%3D%220%200%20101%2057%22%3E%3C%2Fsvg%3E\" loading=\"eager\"><\/span><span class=\"fg-image-overlay\"><\/span><\/a><figcaption class=\"fg-caption\"><div class=\"fg-caption-inner\"><div class=\"fg-caption-desc\">Welcome home ! \r\nSurtout si vous \u00eates en r\u00e8gle<\/div><\/div><\/figcaption><\/figure><div class=\"fg-loader\"><\/div><\/div><div class=\"fg-item fg-type-image fg-idle\"><figure class=\"fg-item-inner\"><a href=\"https:\/\/alpavista.ch\/Alp11\/wp-content\/uploads\/Tete_de_Balme_021.jpg\" data-caption-title=\"Voil\u00e0 d\u00e9j\u00e0 la piscine municipale. Le centre ville des Jeurs ne devrait plus \u00eatre bien loin.\" data-caption-desc=\"Voil\u00e0 d\u00e9j\u00e0 la piscine municipale. Le centre ville des Jeurs ne devrait plus \u00eatre bien loin.\" data-attachment-id=\"19011\" data-type=\"image\" class=\"fg-thumb\"><span class=\"fg-image-wrap\"><img decoding=\"async\" alt=\"Tete_de_Balme_021\" title=\"Voil\u00e0 d\u00e9j\u00e0 la piscine municipale. Le centre ville des Jeurs ne devrait plus \u00eatre bien loin.\" width=\"101\" height=\"57\" class=\"skip-lazy fg-image\" data-src-fg=\"https:\/\/alpavista.ch\/Alp11\/wp-content\/uploads\/cache\/Tete_de_Balme_021\/98396957.jpg\" src=\"data:image\/svg+xml,%3Csvg%20xmlns%3D%22http%3A%2F%2Fwww.w3.org%2F2000%2Fsvg%22%20width%3D%22101%22%20height%3D%2257%22%20viewBox%3D%220%200%20101%2057%22%3E%3C%2Fsvg%3E\" loading=\"eager\"><\/span><span class=\"fg-image-overlay\"><\/span><\/a><figcaption class=\"fg-caption\"><div class=\"fg-caption-inner\"><div class=\"fg-caption-desc\">Voil\u00e0 d\u00e9j\u00e0 la piscine municipale. Le centre ville des Jeurs ne devrait plus \u00eatre bien loin.<\/div><\/div><\/figcaption><\/figure><div class=\"fg-loader\"><\/div><\/div><\/div>\n\n<input class=\"fooboxshare_post_id\" type=\"hidden\" value=\"4292\"\/>","protected":false},"excerpt":{"rendered":"<p>Et si la neige ne revenait pas ? Apr\u00e8s 42 jours d\u2019une p\u00e9nurie nivale incroyable, ce titre, \u00e0 peine revisit\u00e9, d\u2019un des plus c\u00e9l\u00e8bre roman de C.F. Ramuz, commence sournoisement \u00e0 s\u2019insinuer dans la t\u00eate du motiv\u00e9 randonneur hivernal que je croyais \u00eatre. Les redoutables temp\u00eates nord-am\u00e9ricaines, soi-disant promises \u00e0 l\u2019Europe dans les semaines qui suivent leur descente sur la c\u00f4te Est des Etats-Unis, succ\u00e8dent aux changements de lune, cens\u00e9s renverser la tendance m\u00e9t\u00e9o g\u00e9n\u00e9rale, et toujours pas la moindre [&hellip;]<\/p>\n","protected":false},"author":2,"featured_media":6428,"comment_status":"open","ping_status":"closed","sticky":false,"template":"","format":"standard","meta":{"footnotes":""},"categories":[658,360],"tags":[1132,1082,1202,1085,1355,1131,1107,1087],"class_list":["post-4292","post","type-post","status-publish","format-standard","has-post-thumbnail","hentry","category-outdoor","category-ski","tag-balme","tag-chamonix","tag-croix-de-fer","tag-finhaut","tag-les-jeurs","tag-possettes","tag-trient","tag-vallorcine"],"_links":{"self":[{"href":"https:\/\/alpavista.ch\/Alp11\/wp-json\/wp\/v2\/posts\/4292","targetHints":{"allow":["GET"]}}],"collection":[{"href":"https:\/\/alpavista.ch\/Alp11\/wp-json\/wp\/v2\/posts"}],"about":[{"href":"https:\/\/alpavista.ch\/Alp11\/wp-json\/wp\/v2\/types\/post"}],"author":[{"embeddable":true,"href":"https:\/\/alpavista.ch\/Alp11\/wp-json\/wp\/v2\/users\/2"}],"replies":[{"embeddable":true,"href":"https:\/\/alpavista.ch\/Alp11\/wp-json\/wp\/v2\/comments?post=4292"}],"version-history":[{"count":0,"href":"https:\/\/alpavista.ch\/Alp11\/wp-json\/wp\/v2\/posts\/4292\/revisions"}],"wp:featuredmedia":[{"embeddable":true,"href":"https:\/\/alpavista.ch\/Alp11\/wp-json\/wp\/v2\/media\/6428"}],"wp:attachment":[{"href":"https:\/\/alpavista.ch\/Alp11\/wp-json\/wp\/v2\/media?parent=4292"}],"wp:term":[{"taxonomy":"category","embeddable":true,"href":"https:\/\/alpavista.ch\/Alp11\/wp-json\/wp\/v2\/categories?post=4292"},{"taxonomy":"post_tag","embeddable":true,"href":"https:\/\/alpavista.ch\/Alp11\/wp-json\/wp\/v2\/tags?post=4292"}],"curies":[{"name":"wp","href":"https:\/\/api.w.org\/{rel}","templated":true}]}}