{"id":4456,"date":"2011-05-08T17:54:24","date_gmt":"2011-05-08T16:54:24","guid":{"rendered":"http:\/\/www.alpavista.ch\/Alp11\/?p=4456"},"modified":"2022-12-09T17:41:13","modified_gmt":"2022-12-09T16:41:13","slug":"oberems-brunnetji-ergisch","status":"publish","type":"post","link":"https:\/\/alpavista.ch\/Alp11\/2011\/05\/08\/oberems-brunnetji-ergisch\/","title":{"rendered":"Oberems- Brunnetji &#8211; Ergisch"},"content":{"rendered":"<p>Il existe de multiples fa\u00e7ons d\u2019acc\u00e9der au Turtmanntal \u00e0 VTT. La route saisonni\u00e8re, ouverte de mai \u00e0 octobre, est probablement le moyen plus simple et le plus abordable. Mais en raison de son interminable ruban de bitume et de son intense trafic estival, cette option n\u2019est \u00e9videmment pas la plus int\u00e9ressante. Il est aussi possible d\u2019emprunter l\u2019un des nombreux cols d\u2019altitude, plus ou moins accessible, selon la motivation du biker. Du val d\u2019Anniviers, le <a href=\"http:\/\/www.alpavista.ch\/Alp11\/2008\/10\/12\/meidpass-08\/\"><strong>Meidpass<\/strong><\/a> et la <a href=\"http:\/\/www.alpavista.ch\/Alp11\/2009\/09\/06\/1748\/\"><strong>Forcletta<\/strong><\/a> proposent deux portes d\u2019entr\u00e9es parall\u00e8les, d\u2019altitude comparable mais de difficult\u00e9 in\u00e9gale. Si vous aimez rester le plus longtemps possible en selle, privil\u00e9giez le premier.  Du Mattertal, <a href=\"http:\/\/www.alpavista.ch\/Alp11\/2003\/09\/25\/augstbordpass-apotheose-pour-un-solstice\/\"><strong>l&rsquo;Augstbordpass<\/strong><\/a> en rajoute une troisi\u00e8me, encore plus \u00e9lev\u00e9e et encore plus exigeante.<br \/>\n<!--more--><br \/>\nEn ce premier dimanche de mai, nous avons choisi de d\u00e9fricher une autre option encore : rentrer dans la vall\u00e9e de Tourtemagne, sur les hauts d\u2019Oberems, en empruntant les chemins p\u00e9destres reliant entre eux les nombreux alpages de sa rive gauche. Flesch, Griebjini, Vorsass, Zer Pletchu, Grindji, Nirve Stafel, Simmigu, Meide. Une brochette de noms aussi abracadabrants que prometteurs, pour un choix malheureusement assez peu concluant, d\u2019abord en raison d\u2019un manteau neigeux encore trop pr\u00e9sent, mais ensuite et surtout, \u00e0 cause d\u2019une succession de \u00ab singles \u00bb assez in\u00e9gaux, dont certains, localement peu \u00e9vidents \u00e0 rouler. Tous ces innombrables chalets d\u2019altitude sont ind\u00e9niablement mieux reli\u00e9s, \u00ab vers le bas \u00bb, au r\u00e9seau routier du Turtmanntal, que \u00ab par le haut \u00bb, les uns avec les autres.<br \/>\nMais, s\u2019il existe, selon les go\u00fbts et les saisons, plusieurs fa\u00e7ons d\u2019entrer dans le Turtmanntal, il n\u2019en existe qu\u2019une seule vraiment sympa d&rsquo;en ressortir \u00e0 VTT. Elle s&rsquo;appelle \u00ab der Ergischer Wasserleite \u00bb, un bisse sauvage au trac\u00e9 aussi vertigineux que tortueux et joueur.<\/p>\n<style type=\"text\/css\">\n#foogallery-gallery-19289 .fg-image { width: 101px; }\n#foogallery-gallery-19289 { --fg-gutter: 1px; }<\/style>\n\t\t\t<div class=\"foogallery foogallery-container foogallery-default foogallery-lightbox-none fg-left fg-default fg-ready fg-light fg-loading-default fg-loaded-fade-in fg-preset fg-selena fg-preset-small fg-preset fg-selena fg-preset-small\" id=\"foogallery-gallery-19289\" data-foogallery=\"{&quot;item&quot;:{&quot;showCaptionTitle&quot;:false,&quot;showCaptionDescription&quot;:true},&quot;lazy&quot;:true,&quot;state&quot;:{&quot;enabled&quot;:true,&quot;mask&quot;:&quot;foogallery-{id}&quot;}}\" style=\"--fg-title-line-clamp: 0; --fg-description-line-clamp: 0;\" >\n\t<div class=\"fg-item fg-type-image fg-idle\"><figure class=\"fg-item-inner\"><a href=\"https:\/\/alpavista.ch\/Alp11\/wp-content\/uploads\/Turtmanntal_001.jpg\" data-caption-title=\"M\u00e9t\u00e9o entre gris-clair et gris-fonc\u00e9 au diapason d&#039;une ascension entre interminable et sans fin.\" data-caption-desc=\"M\u00e9t\u00e9o entre gris-clair et gris-fonc\u00e9 au diapason d&#039;une ascension entre interminable et sans fin.\" data-attachment-id=\"19317\" data-type=\"image\" class=\"fg-thumb\"><span class=\"fg-image-wrap\"><img decoding=\"async\" alt=\"Turtmanntal_001\" title=\"M\u00e9t\u00e9o entre gris-clair et gris-fonc\u00e9 au diapason d&#039;une ascension entre interminable et sans fin.\" width=\"101\" height=\"57\" class=\"skip-lazy fg-image\" data-src-fg=\"https:\/\/alpavista.ch\/Alp11\/wp-content\/uploads\/cache\/Turtmanntal_001\/4091072731.jpg\" src=\"data:image\/svg+xml,%3Csvg%20xmlns%3D%22http%3A%2F%2Fwww.w3.org%2F2000%2Fsvg%22%20width%3D%22101%22%20height%3D%2257%22%20viewBox%3D%220%200%20101%2057%22%3E%3C%2Fsvg%3E\" loading=\"eager\"><\/span><span class=\"fg-image-overlay\"><\/span><\/a><figcaption class=\"fg-caption\"><div class=\"fg-caption-inner\"><div class=\"fg-caption-desc\">M\u00e9t\u00e9o entre gris-clair et gris-fonc\u00e9 au diapason d'une ascension entre interminable et sans fin.<\/div><\/div><\/figcaption><\/figure><div class=\"fg-loader\"><\/div><\/div><div class=\"fg-item fg-type-image fg-idle\"><figure class=\"fg-item-inner\"><a href=\"https:\/\/alpavista.ch\/Alp11\/wp-content\/uploads\/Turtmanntal_002.jpg\" data-caption-title=\"Le toit en tavillons de l&#039;\u00e9table de Flesch, premier jalon d&#039;un itin\u00e9raire pas ordinaire.\" data-caption-desc=\"Le toit en tavillons de l&#039;\u00e9table de Flesch, premier jalon d&#039;un itin\u00e9raire pas ordinaire.\" data-attachment-id=\"19316\" data-type=\"image\" class=\"fg-thumb\"><span class=\"fg-image-wrap\"><img decoding=\"async\" alt=\"Turtmanntal_002\" title=\"Le toit en tavillons de l&#039;\u00e9table de Flesch, premier jalon d&#039;un itin\u00e9raire pas ordinaire.\" width=\"101\" height=\"57\" class=\"skip-lazy fg-image\" data-src-fg=\"https:\/\/alpavista.ch\/Alp11\/wp-content\/uploads\/cache\/Turtmanntal_002\/4082121186.jpg\" src=\"data:image\/svg+xml,%3Csvg%20xmlns%3D%22http%3A%2F%2Fwww.w3.org%2F2000%2Fsvg%22%20width%3D%22101%22%20height%3D%2257%22%20viewBox%3D%220%200%20101%2057%22%3E%3C%2Fsvg%3E\" loading=\"eager\"><\/span><span class=\"fg-image-overlay\"><\/span><\/a><figcaption class=\"fg-caption\"><div class=\"fg-caption-inner\"><div class=\"fg-caption-desc\">Le toit en tavillons de l'\u00e9table de Flesch, premier jalon d'un itin\u00e9raire pas ordinaire.<\/div><\/div><\/figcaption><\/figure><div class=\"fg-loader\"><\/div><\/div><div class=\"fg-item fg-type-image fg-idle\"><figure class=\"fg-item-inner\"><a href=\"https:\/\/alpavista.ch\/Alp11\/wp-content\/uploads\/Turtmanntal_003.jpg\" data-caption-title=\"Et quand la m\u00e9t\u00e9o semble enfin opter pour quelques touches de bleu, notre ascension, elle, pers\u00e9v\u00e8re pour nous \u00e9lever jusqu&#039;au-dessus de la limite des for\u00eats.\" data-caption-desc=\"Et quand la m\u00e9t\u00e9o semble enfin opter pour quelques touches de bleu, notre ascension, elle, pers\u00e9v\u00e8re pour nous \u00e9lever jusqu&#039;au-dessus de la limite des for\u00eats.\" data-attachment-id=\"19315\" data-type=\"image\" class=\"fg-thumb\"><span class=\"fg-image-wrap\"><img decoding=\"async\" alt=\"Turtmanntal_003\" title=\"Et quand la m\u00e9t\u00e9o semble enfin opter pour quelques touches de bleu, notre ascension, elle, pers\u00e9v\u00e8re pour nous \u00e9lever jusqu&#039;au-dessus de la limite des for\u00eats.\" width=\"101\" height=\"57\" class=\"skip-lazy fg-image\" data-src-fg=\"https:\/\/alpavista.ch\/Alp11\/wp-content\/uploads\/cache\/Turtmanntal_003\/1988299859.jpg\" src=\"data:image\/svg+xml,%3Csvg%20xmlns%3D%22http%3A%2F%2Fwww.w3.org%2F2000%2Fsvg%22%20width%3D%22101%22%20height%3D%2257%22%20viewBox%3D%220%200%20101%2057%22%3E%3C%2Fsvg%3E\" loading=\"eager\"><\/span><span class=\"fg-image-overlay\"><\/span><\/a><figcaption class=\"fg-caption\"><div class=\"fg-caption-inner\"><div class=\"fg-caption-desc\">Et quand la m\u00e9t\u00e9o semble enfin opter pour quelques touches de bleu, notre ascension, elle, pers\u00e9v\u00e8re pour nous \u00e9lever jusqu'au-dessus de la limite des for\u00eats.<\/div><\/div><\/figcaption><\/figure><div class=\"fg-loader\"><\/div><\/div><div class=\"fg-item fg-type-image fg-idle\"><figure class=\"fg-item-inner\"><a href=\"https:\/\/alpavista.ch\/Alp11\/wp-content\/uploads\/Turtmanntal_004.jpg\" data-caption-title=\"Griebjini-Oberstafil, petit joyau de 9 chalets lov\u00e9s dans le premier replat rencontr\u00e9 depuis Oberems, est aussi notre 2\u00e8me jalons du jour.\" data-caption-desc=\"Griebjini-Oberstafil, petit joyau de 9 chalets lov\u00e9s dans le premier replat rencontr\u00e9 depuis Oberems, est aussi notre 2\u00e8me jalons du jour.\" data-attachment-id=\"19314\" data-type=\"image\" class=\"fg-thumb\"><span class=\"fg-image-wrap\"><img decoding=\"async\" alt=\"Turtmanntal_004\" title=\"Griebjini-Oberstafil, petit joyau de 9 chalets lov\u00e9s dans le premier replat rencontr\u00e9 depuis Oberems, est aussi notre 2\u00e8me jalons du jour.\" width=\"101\" height=\"57\" class=\"skip-lazy fg-image\" data-src-fg=\"https:\/\/alpavista.ch\/Alp11\/wp-content\/uploads\/cache\/Turtmanntal_004\/4064406416.jpg\" src=\"data:image\/svg+xml,%3Csvg%20xmlns%3D%22http%3A%2F%2Fwww.w3.org%2F2000%2Fsvg%22%20width%3D%22101%22%20height%3D%2257%22%20viewBox%3D%220%200%20101%2057%22%3E%3C%2Fsvg%3E\" loading=\"eager\"><\/span><span class=\"fg-image-overlay\"><\/span><\/a><figcaption class=\"fg-caption\"><div class=\"fg-caption-inner\"><div class=\"fg-caption-desc\">Griebjini-Oberstafil, petit joyau de 9 chalets lov\u00e9s dans le premier replat rencontr\u00e9 depuis Oberems, est aussi notre 2\u00e8me jalons du jour.<\/div><\/div><\/figcaption><\/figure><div class=\"fg-loader\"><\/div><\/div><div class=\"fg-item fg-type-image fg-idle\"><figure class=\"fg-item-inner\"><a href=\"https:\/\/alpavista.ch\/Alp11\/wp-content\/uploads\/Turtmanntal_005.jpg\" data-caption-title=\"Apr\u00e8s une si longue ascension, l&#039;attaque du premier single du jour...\" data-caption-desc=\"Apr\u00e8s une si longue ascension, l&#039;attaque du premier single du jour...\" data-attachment-id=\"19313\" data-type=\"image\" class=\"fg-thumb\"><span class=\"fg-image-wrap\"><img decoding=\"async\" alt=\"Turtmanntal_005\" title=\"Apr\u00e8s une si longue ascension, l&#039;attaque du premier single du jour...\" width=\"101\" height=\"57\" class=\"skip-lazy fg-image\" data-src-fg=\"https:\/\/alpavista.ch\/Alp11\/wp-content\/uploads\/cache\/Turtmanntal_005\/572419978.jpg\" src=\"data:image\/svg+xml,%3Csvg%20xmlns%3D%22http%3A%2F%2Fwww.w3.org%2F2000%2Fsvg%22%20width%3D%22101%22%20height%3D%2257%22%20viewBox%3D%220%200%20101%2057%22%3E%3C%2Fsvg%3E\" loading=\"eager\"><\/span><span class=\"fg-image-overlay\"><\/span><\/a><figcaption class=\"fg-caption\"><div class=\"fg-caption-inner\"><div class=\"fg-caption-desc\">Apr\u00e8s une si longue ascension, l'attaque du premier single du jour...<\/div><\/div><\/figcaption><\/figure><div class=\"fg-loader\"><\/div><\/div><div class=\"fg-item fg-type-image fg-idle\"><figure class=\"fg-item-inner\"><a href=\"https:\/\/alpavista.ch\/Alp11\/wp-content\/uploads\/Turtmanntal_006.jpg\" data-caption-title=\"... bille en t\u00eate ...\" data-caption-desc=\"... bille en t\u00eate ...\" data-attachment-id=\"19312\" data-type=\"image\" class=\"fg-thumb\"><span class=\"fg-image-wrap\"><img decoding=\"async\" alt=\"Turtmanntal_006\" title=\"... bille en t\u00eate ...\" width=\"101\" height=\"57\" class=\"skip-lazy fg-image\" data-src-fg=\"https:\/\/alpavista.ch\/Alp11\/wp-content\/uploads\/cache\/Turtmanntal_006\/580290227.jpg\" src=\"data:image\/svg+xml,%3Csvg%20xmlns%3D%22http%3A%2F%2Fwww.w3.org%2F2000%2Fsvg%22%20width%3D%22101%22%20height%3D%2257%22%20viewBox%3D%220%200%20101%2057%22%3E%3C%2Fsvg%3E\" loading=\"eager\"><\/span><span class=\"fg-image-overlay\"><\/span><\/a><figcaption class=\"fg-caption\"><div class=\"fg-caption-inner\"><div class=\"fg-caption-desc\">... bille en t\u00eate ...<\/div><\/div><\/figcaption><\/figure><div class=\"fg-loader\"><\/div><\/div><div class=\"fg-item fg-type-image fg-idle\"><figure class=\"fg-item-inner\"><a href=\"https:\/\/alpavista.ch\/Alp11\/wp-content\/uploads\/Turtmanntal_007.jpg\" data-caption-title=\"... et nez dans le guidon ...\" data-caption-desc=\"... et nez dans le guidon ...\" data-attachment-id=\"19311\" data-type=\"image\" class=\"fg-thumb\"><span class=\"fg-image-wrap\"><img decoding=\"async\" alt=\"Turtmanntal_007\" title=\"... et nez dans le guidon ...\" width=\"101\" height=\"57\" class=\"skip-lazy fg-image\" data-src-fg=\"https:\/\/alpavista.ch\/Alp11\/wp-content\/uploads\/cache\/Turtmanntal_007\/2806362882.jpg\" src=\"data:image\/svg+xml,%3Csvg%20xmlns%3D%22http%3A%2F%2Fwww.w3.org%2F2000%2Fsvg%22%20width%3D%22101%22%20height%3D%2257%22%20viewBox%3D%220%200%20101%2057%22%3E%3C%2Fsvg%3E\" loading=\"eager\"><\/span><span class=\"fg-image-overlay\"><\/span><\/a><figcaption class=\"fg-caption\"><div class=\"fg-caption-inner\"><div class=\"fg-caption-desc\">... et nez dans le guidon ...<\/div><\/div><\/figcaption><\/figure><div class=\"fg-loader\"><\/div><\/div><div class=\"fg-item fg-type-image fg-idle\"><figure class=\"fg-item-inner\"><a href=\"https:\/\/alpavista.ch\/Alp11\/wp-content\/uploads\/Turtmanntal_008.jpg\" data-caption-title=\"... malgr\u00e9 quelques perspectives pas forc\u00e9ment tr\u00e8s encourageantes.\" data-caption-desc=\"... malgr\u00e9 quelques perspectives pas forc\u00e9ment tr\u00e8s encourageantes.\" data-attachment-id=\"19310\" data-type=\"image\" class=\"fg-thumb\"><span class=\"fg-image-wrap\"><img decoding=\"async\" alt=\"Turtmanntal_008\" title=\"... malgr\u00e9 quelques perspectives pas forc\u00e9ment tr\u00e8s encourageantes.\" width=\"101\" height=\"57\" class=\"skip-lazy fg-image\" data-src-fg=\"https:\/\/alpavista.ch\/Alp11\/wp-content\/uploads\/cache\/Turtmanntal_008\/4032974708.jpg\" src=\"data:image\/svg+xml,%3Csvg%20xmlns%3D%22http%3A%2F%2Fwww.w3.org%2F2000%2Fsvg%22%20width%3D%22101%22%20height%3D%2257%22%20viewBox%3D%220%200%20101%2057%22%3E%3C%2Fsvg%3E\" loading=\"eager\"><\/span><span class=\"fg-image-overlay\"><\/span><\/a><figcaption class=\"fg-caption\"><div class=\"fg-caption-inner\"><div class=\"fg-caption-desc\">... malgr\u00e9 quelques perspectives pas forc\u00e9ment tr\u00e8s encourageantes.<\/div><\/div><\/figcaption><\/figure><div class=\"fg-loader\"><\/div><\/div><div class=\"fg-item fg-type-image fg-idle\"><figure class=\"fg-item-inner\"><a href=\"https:\/\/alpavista.ch\/Alp11\/wp-content\/uploads\/Turtmanntal_009.jpg\" data-caption-title=\"Ca glisse, c&#039;est froid, c&#039;est casse-pattes, mais, maigre consolation, m\u00eame sans neige, je ne pense pas qu&#039;on aurait rouler sur un tron\u00e7on aussi mal pav\u00e9.\" data-caption-desc=\"Ca glisse, c&#039;est froid, c&#039;est casse-pattes, mais, maigre consolation, m\u00eame sans neige, je ne pense pas qu&#039;on aurait rouler sur un tron\u00e7on aussi mal pav\u00e9.\" data-attachment-id=\"19309\" data-type=\"image\" class=\"fg-thumb\"><span class=\"fg-image-wrap\"><img decoding=\"async\" alt=\"Turtmanntal_009\" title=\"Ca glisse, c&#039;est froid, c&#039;est casse-pattes, mais, maigre consolation, m\u00eame sans neige, je ne pense pas qu&#039;on aurait rouler sur un tron\u00e7on aussi mal pav\u00e9.\" width=\"101\" height=\"57\" class=\"skip-lazy fg-image\" data-src-fg=\"https:\/\/alpavista.ch\/Alp11\/wp-content\/uploads\/cache\/Turtmanntal_009\/2136931906.jpg\" src=\"data:image\/svg+xml,%3Csvg%20xmlns%3D%22http%3A%2F%2Fwww.w3.org%2F2000%2Fsvg%22%20width%3D%22101%22%20height%3D%2257%22%20viewBox%3D%220%200%20101%2057%22%3E%3C%2Fsvg%3E\" loading=\"eager\"><\/span><span class=\"fg-image-overlay\"><\/span><\/a><figcaption class=\"fg-caption\"><div class=\"fg-caption-inner\"><div class=\"fg-caption-desc\">Ca glisse, c'est froid, c'est casse-pattes, mais, maigre consolation, m\u00eame sans neige, je ne pense pas qu'on aurait rouler sur un tron\u00e7on aussi mal pav\u00e9.<\/div><\/div><\/figcaption><\/figure><div class=\"fg-loader\"><\/div><\/div><div class=\"fg-item fg-type-image fg-idle\"><figure class=\"fg-item-inner\"><a href=\"https:\/\/alpavista.ch\/Alp11\/wp-content\/uploads\/Turtmanntal_010.jpg\" data-caption-title=\"Le pr\u00e9pos\u00e9 au balisage devait avoir de la peinture \u00e0 revendre...\" data-caption-desc=\"Le pr\u00e9pos\u00e9 au balisage devait avoir de la peinture \u00e0 revendre...\" data-attachment-id=\"19308\" data-type=\"image\" class=\"fg-thumb\"><span class=\"fg-image-wrap\"><img decoding=\"async\" alt=\"Turtmanntal_010\" title=\"Le pr\u00e9pos\u00e9 au balisage devait avoir de la peinture \u00e0 revendre...\" width=\"101\" height=\"57\" class=\"skip-lazy fg-image\" data-src-fg=\"https:\/\/alpavista.ch\/Alp11\/wp-content\/uploads\/cache\/Turtmanntal_010\/4184678384.jpg\" src=\"data:image\/svg+xml,%3Csvg%20xmlns%3D%22http%3A%2F%2Fwww.w3.org%2F2000%2Fsvg%22%20width%3D%22101%22%20height%3D%2257%22%20viewBox%3D%220%200%20101%2057%22%3E%3C%2Fsvg%3E\" loading=\"eager\"><\/span><span class=\"fg-image-overlay\"><\/span><\/a><figcaption class=\"fg-caption\"><div class=\"fg-caption-inner\"><div class=\"fg-caption-desc\">Le pr\u00e9pos\u00e9 au balisage devait avoir de la peinture \u00e0 revendre...<\/div><\/div><\/figcaption><\/figure><div class=\"fg-loader\"><\/div><\/div><div class=\"fg-item fg-type-image fg-idle\"><figure class=\"fg-item-inner\"><a href=\"https:\/\/alpavista.ch\/Alp11\/wp-content\/uploads\/Turtmanntal_011.jpg\" data-caption-title=\"... mais au moins, on ne risque pas de perdre un chemin redevenu plus conciliant.\" data-caption-desc=\"... mais au moins, on ne risque pas de perdre un chemin redevenu plus conciliant.\" data-attachment-id=\"19307\" data-type=\"image\" class=\"fg-thumb\"><span class=\"fg-image-wrap\"><img decoding=\"async\" alt=\"Turtmanntal_011\" title=\"... mais au moins, on ne risque pas de perdre un chemin redevenu plus conciliant.\" width=\"101\" height=\"57\" class=\"skip-lazy fg-image\" data-src-fg=\"https:\/\/alpavista.ch\/Alp11\/wp-content\/uploads\/cache\/Turtmanntal_011\/2183919804.jpg\" src=\"data:image\/svg+xml,%3Csvg%20xmlns%3D%22http%3A%2F%2Fwww.w3.org%2F2000%2Fsvg%22%20width%3D%22101%22%20height%3D%2257%22%20viewBox%3D%220%200%20101%2057%22%3E%3C%2Fsvg%3E\" loading=\"eager\"><\/span><span class=\"fg-image-overlay\"><\/span><\/a><figcaption class=\"fg-caption\"><div class=\"fg-caption-inner\"><div class=\"fg-caption-desc\">... mais au moins, on ne risque pas de perdre un chemin redevenu plus conciliant.<\/div><\/div><\/figcaption><\/figure><div class=\"fg-loader\"><\/div><\/div><div class=\"fg-item fg-type-image fg-idle\"><figure class=\"fg-item-inner\"><a href=\"https:\/\/alpavista.ch\/Alp11\/wp-content\/uploads\/Turtmanntal_012.jpg\" data-caption-title=\"En perdant de l&#039;altitude notre single nous \u00e9vite de continuer \u00e0 patauger dans les restes de n\u00e9v\u00e9s.\" data-caption-desc=\"En perdant de l&#039;altitude notre single nous \u00e9vite de continuer \u00e0 patauger dans les restes de n\u00e9v\u00e9s.\" data-attachment-id=\"19306\" data-type=\"image\" class=\"fg-thumb\"><span class=\"fg-image-wrap\"><img decoding=\"async\" alt=\"Turtmanntal_012\" title=\"En perdant de l&#039;altitude notre single nous \u00e9vite de continuer \u00e0 patauger dans les restes de n\u00e9v\u00e9s.\" width=\"101\" height=\"57\" class=\"skip-lazy fg-image\" data-src-fg=\"https:\/\/alpavista.ch\/Alp11\/wp-content\/uploads\/cache\/Turtmanntal_012\/2191724933.jpg\" src=\"data:image\/svg+xml,%3Csvg%20xmlns%3D%22http%3A%2F%2Fwww.w3.org%2F2000%2Fsvg%22%20width%3D%22101%22%20height%3D%2257%22%20viewBox%3D%220%200%20101%2057%22%3E%3C%2Fsvg%3E\" loading=\"eager\"><\/span><span class=\"fg-image-overlay\"><\/span><\/a><figcaption class=\"fg-caption\"><div class=\"fg-caption-inner\"><div class=\"fg-caption-desc\">En perdant de l'altitude notre single nous \u00e9vite de continuer \u00e0 patauger dans les restes de n\u00e9v\u00e9s.<\/div><\/div><\/figcaption><\/figure><div class=\"fg-loader\"><\/div><\/div><div class=\"fg-item fg-type-image fg-idle\"><figure class=\"fg-item-inner\"><a href=\"https:\/\/alpavista.ch\/Alp11\/wp-content\/uploads\/Turtmanntal_013.jpg\" data-caption-title=\"Malheureusement, \u00e0 l&#039;approche de la profonde combe du Vortere Borterbach, les promesses de poursuivre au sec s&#039;estompent d\u00e9finitivement.\" data-caption-desc=\"Malheureusement, \u00e0 l&#039;approche de la profonde combe du Vortere Borterbach, les promesses de poursuivre au sec s&#039;estompent d\u00e9finitivement.\" data-attachment-id=\"19305\" data-type=\"image\" class=\"fg-thumb\"><span class=\"fg-image-wrap\"><img decoding=\"async\" alt=\"Turtmanntal_013\" title=\"Malheureusement, \u00e0 l&#039;approche de la profonde combe du Vortere Borterbach, les promesses de poursuivre au sec s&#039;estompent d\u00e9finitivement.\" width=\"101\" height=\"57\" class=\"skip-lazy fg-image\" data-src-fg=\"https:\/\/alpavista.ch\/Alp11\/wp-content\/uploads\/cache\/Turtmanntal_013\/124789812.jpg\" src=\"data:image\/svg+xml,%3Csvg%20xmlns%3D%22http%3A%2F%2Fwww.w3.org%2F2000%2Fsvg%22%20width%3D%22101%22%20height%3D%2257%22%20viewBox%3D%220%200%20101%2057%22%3E%3C%2Fsvg%3E\" loading=\"eager\"><\/span><span class=\"fg-image-overlay\"><\/span><\/a><figcaption class=\"fg-caption\"><div class=\"fg-caption-inner\"><div class=\"fg-caption-desc\">Malheureusement, \u00e0 l'approche de la profonde combe du Vortere Borterbach, les promesses de poursuivre au sec s'estompent d\u00e9finitivement.<\/div><\/div><\/figcaption><\/figure><div class=\"fg-loader\"><\/div><\/div><div class=\"fg-item fg-type-image fg-idle\"><figure class=\"fg-item-inner\"><a href=\"https:\/\/alpavista.ch\/Alp11\/wp-content\/uploads\/Turtmanntal_014.jpg\" data-caption-title=\"Nous d\u00e9cidons quand m\u00eame de pousser jusqu&#039;\u00e0 l&#039;alpage de Zer Pletschu, le 3\u00e8me jalon pr\u00e9vu sur notre itin\u00e9raire.\" data-caption-desc=\"Nous d\u00e9cidons quand m\u00eame de pousser jusqu&#039;\u00e0 l&#039;alpage de Zer Pletschu, le 3\u00e8me jalon pr\u00e9vu sur notre itin\u00e9raire.\" data-attachment-id=\"19304\" data-type=\"image\" class=\"fg-thumb\"><span class=\"fg-image-wrap\"><img decoding=\"async\" alt=\"Turtmanntal_014\" title=\"Nous d\u00e9cidons quand m\u00eame de pousser jusqu&#039;\u00e0 l&#039;alpage de Zer Pletschu, le 3\u00e8me jalon pr\u00e9vu sur notre itin\u00e9raire.\" width=\"101\" height=\"57\" class=\"skip-lazy fg-image\" data-src-fg=\"https:\/\/alpavista.ch\/Alp11\/wp-content\/uploads\/cache\/Turtmanntal_014\/2209530871.jpg\" src=\"data:image\/svg+xml,%3Csvg%20xmlns%3D%22http%3A%2F%2Fwww.w3.org%2F2000%2Fsvg%22%20width%3D%22101%22%20height%3D%2257%22%20viewBox%3D%220%200%20101%2057%22%3E%3C%2Fsvg%3E\" loading=\"eager\"><\/span><span class=\"fg-image-overlay\"><\/span><\/a><figcaption class=\"fg-caption\"><div class=\"fg-caption-inner\"><div class=\"fg-caption-desc\">Nous d\u00e9cidons quand m\u00eame de pousser jusqu'\u00e0 l'alpage de Zer Pletschu, le 3\u00e8me jalon pr\u00e9vu sur notre itin\u00e9raire.<\/div><\/div><\/figcaption><\/figure><div class=\"fg-loader\"><\/div><\/div><div class=\"fg-item fg-type-image fg-idle\"><figure class=\"fg-item-inner\"><a href=\"https:\/\/alpavista.ch\/Alp11\/wp-content\/uploads\/Turtmanntal_015.jpg\" data-caption-title=\"Zer Pletschu - Aller\" data-caption-desc=\"Zer Pletschu - Aller\" data-attachment-id=\"19303\" data-type=\"image\" class=\"fg-thumb\"><span class=\"fg-image-wrap\"><img decoding=\"async\" alt=\"Turtmanntal_015\" title=\"Zer Pletschu - Aller\" width=\"101\" height=\"57\" class=\"skip-lazy fg-image\" data-src-fg=\"https:\/\/alpavista.ch\/Alp11\/wp-content\/uploads\/cache\/Turtmanntal_015\/1408059373.jpg\" src=\"data:image\/svg+xml,%3Csvg%20xmlns%3D%22http%3A%2F%2Fwww.w3.org%2F2000%2Fsvg%22%20width%3D%22101%22%20height%3D%2257%22%20viewBox%3D%220%200%20101%2057%22%3E%3C%2Fsvg%3E\" loading=\"eager\"><\/span><span class=\"fg-image-overlay\"><\/span><\/a><figcaption class=\"fg-caption\"><div class=\"fg-caption-inner\"><div class=\"fg-caption-desc\">Zer Pletschu - Aller<\/div><\/div><\/figcaption><\/figure><div class=\"fg-loader\"><\/div><\/div><div class=\"fg-item fg-type-image fg-idle\"><figure class=\"fg-item-inner\"><a href=\"https:\/\/alpavista.ch\/Alp11\/wp-content\/uploads\/Turtmanntal_016.jpg\" data-caption-title=\"Zer Pletschu - Retour.  Cern\u00e9 par d&#039;\u00e9normes r\u00e9sidus neigeux, le petit alpage ne verra finalement pas nos roues aujourd&#039;hui.\" data-caption-desc=\"Zer Pletschu - Retour.  Cern\u00e9 par d&#039;\u00e9normes r\u00e9sidus neigeux, le petit alpage ne verra finalement pas nos roues aujourd&#039;hui.\" data-attachment-id=\"19302\" data-type=\"image\" class=\"fg-thumb\"><span class=\"fg-image-wrap\"><img decoding=\"async\" alt=\"Turtmanntal_016\" title=\"Zer Pletschu - Retour.  Cern\u00e9 par d&#039;\u00e9normes r\u00e9sidus neigeux, le petit alpage ne verra finalement pas nos roues aujourd&#039;hui.\" width=\"101\" height=\"57\" class=\"skip-lazy fg-image\" data-src-fg=\"https:\/\/alpavista.ch\/Alp11\/wp-content\/uploads\/cache\/Turtmanntal_016\/1399172820.jpg\" src=\"data:image\/svg+xml,%3Csvg%20xmlns%3D%22http%3A%2F%2Fwww.w3.org%2F2000%2Fsvg%22%20width%3D%22101%22%20height%3D%2257%22%20viewBox%3D%220%200%20101%2057%22%3E%3C%2Fsvg%3E\" loading=\"eager\"><\/span><span class=\"fg-image-overlay\"><\/span><\/a><figcaption class=\"fg-caption\"><div class=\"fg-caption-inner\"><div class=\"fg-caption-desc\">Zer Pletschu - Retour.  Cern\u00e9 par d'\u00e9normes r\u00e9sidus neigeux, le petit alpage ne verra finalement pas nos roues aujourd'hui.<\/div><\/div><\/figcaption><\/figure><div class=\"fg-loader\"><\/div><\/div><div class=\"fg-item fg-type-image fg-idle\"><figure class=\"fg-item-inner\"><a href=\"https:\/\/alpavista.ch\/Alp11\/wp-content\/uploads\/Turtmanntal_017.jpg\" data-caption-title=\"Nous choisissons l&#039;option la plus naturelle et probablement la plus raisonnable : direction Vorsass et son chemin plongeant vers le fond du Turtmanntal.\" data-caption-desc=\"Nous choisissons l&#039;option la plus naturelle et probablement la plus raisonnable : direction Vorsass et son chemin plongeant vers le fond du Turtmanntal.\" data-attachment-id=\"19301\" data-type=\"image\" class=\"fg-thumb\"><span class=\"fg-image-wrap\"><img decoding=\"async\" alt=\"Turtmanntal_017\" title=\"Nous choisissons l&#039;option la plus naturelle et probablement la plus raisonnable : direction Vorsass et son chemin plongeant vers le fond du Turtmanntal.\" width=\"101\" height=\"57\" class=\"skip-lazy fg-image\" data-src-fg=\"https:\/\/alpavista.ch\/Alp11\/wp-content\/uploads\/cache\/Turtmanntal_017\/3602291557.jpg\" src=\"data:image\/svg+xml,%3Csvg%20xmlns%3D%22http%3A%2F%2Fwww.w3.org%2F2000%2Fsvg%22%20width%3D%22101%22%20height%3D%2257%22%20viewBox%3D%220%200%20101%2057%22%3E%3C%2Fsvg%3E\" loading=\"eager\"><\/span><span class=\"fg-image-overlay\"><\/span><\/a><figcaption class=\"fg-caption\"><div class=\"fg-caption-inner\"><div class=\"fg-caption-desc\">Nous choisissons l'option la plus naturelle et probablement la plus raisonnable : direction Vorsass et son chemin plongeant vers le fond du Turtmanntal.<\/div><\/div><\/figcaption><\/figure><div class=\"fg-loader\"><\/div><\/div><div class=\"fg-item fg-type-image fg-idle\"><figure class=\"fg-item-inner\"><a href=\"https:\/\/alpavista.ch\/Alp11\/wp-content\/uploads\/Turtmanntal_018.jpg\" data-caption-title=\"Vorsass-Gasalpji : un chemin \u00e0 jeep pas forc\u00e9ment tr\u00e8s int\u00e9ressant.\" data-caption-desc=\"Vorsass-Gasalpji : un chemin \u00e0 jeep pas forc\u00e9ment tr\u00e8s int\u00e9ressant.\" data-attachment-id=\"19300\" data-type=\"image\" class=\"fg-thumb\"><span class=\"fg-image-wrap\"><img decoding=\"async\" alt=\"Turtmanntal_018\" title=\"Vorsass-Gasalpji : un chemin \u00e0 jeep pas forc\u00e9ment tr\u00e8s int\u00e9ressant.\" width=\"101\" height=\"57\" class=\"skip-lazy fg-image\" data-src-fg=\"https:\/\/alpavista.ch\/Alp11\/wp-content\/uploads\/cache\/Turtmanntal_018\/2173789971.jpg\" src=\"data:image\/svg+xml,%3Csvg%20xmlns%3D%22http%3A%2F%2Fwww.w3.org%2F2000%2Fsvg%22%20width%3D%22101%22%20height%3D%2257%22%20viewBox%3D%220%200%20101%2057%22%3E%3C%2Fsvg%3E\" loading=\"eager\"><\/span><span class=\"fg-image-overlay\"><\/span><\/a><figcaption class=\"fg-caption\"><div class=\"fg-caption-inner\"><div class=\"fg-caption-desc\">Vorsass-Gasalpji : un chemin \u00e0 jeep pas forc\u00e9ment tr\u00e8s int\u00e9ressant.<\/div><\/div><\/figcaption><\/figure><div class=\"fg-loader\"><\/div><\/div><div class=\"fg-item fg-type-image fg-idle\"><figure class=\"fg-item-inner\"><a href=\"https:\/\/alpavista.ch\/Alp11\/wp-content\/uploads\/Turtmanntal_019.jpg\" data-caption-title=\"Gasalpji-Obri Salmeide : un chemin b\u00e9ni ...\" data-caption-desc=\"Gasalpji-Obri Salmeide : un chemin b\u00e9ni ...\" data-attachment-id=\"19299\" data-type=\"image\" class=\"fg-thumb\"><span class=\"fg-image-wrap\"><img decoding=\"async\" alt=\"Turtmanntal_019\" title=\"Gasalpji-Obri Salmeide : un chemin b\u00e9ni ...\" width=\"101\" height=\"57\" class=\"skip-lazy fg-image\" data-src-fg=\"https:\/\/alpavista.ch\/Alp11\/wp-content\/uploads\/cache\/Turtmanntal_019\/2959824746.jpg\" src=\"data:image\/svg+xml,%3Csvg%20xmlns%3D%22http%3A%2F%2Fwww.w3.org%2F2000%2Fsvg%22%20width%3D%22101%22%20height%3D%2257%22%20viewBox%3D%220%200%20101%2057%22%3E%3C%2Fsvg%3E\" loading=\"eager\"><\/span><span class=\"fg-image-overlay\"><\/span><\/a><figcaption class=\"fg-caption\"><div class=\"fg-caption-inner\"><div class=\"fg-caption-desc\">Gasalpji-Obri Salmeide : un chemin b\u00e9ni ...<\/div><\/div><\/figcaption><\/figure><div class=\"fg-loader\"><\/div><\/div><div class=\"fg-item fg-type-image fg-idle\"><figure class=\"fg-item-inner\"><a href=\"https:\/\/alpavista.ch\/Alp11\/wp-content\/uploads\/Turtmanntal_020.jpg\" data-caption-title=\"... mais rapidement envol\u00e9.\" data-caption-desc=\"... mais rapidement envol\u00e9.\" data-attachment-id=\"19298\" data-type=\"image\" class=\"fg-thumb\"><span class=\"fg-image-wrap\"><img decoding=\"async\" alt=\"Turtmanntal_020\" title=\"... mais rapidement envol\u00e9.\" width=\"101\" height=\"57\" class=\"skip-lazy fg-image\" data-src-fg=\"https:\/\/alpavista.ch\/Alp11\/wp-content\/uploads\/cache\/Turtmanntal_020\/414096990.jpg\" src=\"data:image\/svg+xml,%3Csvg%20xmlns%3D%22http%3A%2F%2Fwww.w3.org%2F2000%2Fsvg%22%20width%3D%22101%22%20height%3D%2257%22%20viewBox%3D%220%200%20101%2057%22%3E%3C%2Fsvg%3E\" loading=\"eager\"><\/span><span class=\"fg-image-overlay\"><\/span><\/a><figcaption class=\"fg-caption\"><div class=\"fg-caption-inner\"><div class=\"fg-caption-desc\">... mais rapidement envol\u00e9.<\/div><\/div><\/figcaption><\/figure><div class=\"fg-loader\"><\/div><\/div><div class=\"fg-item fg-type-image fg-idle\"><figure class=\"fg-item-inner\"><a href=\"https:\/\/alpavista.ch\/Alp11\/wp-content\/uploads\/Turtmanntal_021.jpg\" data-caption-title=\"Apr\u00e8s quelques \u00e9lucubrations herbeuses puis foresti\u00e8res, nous finissons par nous retrouver en pays de connaissance.\" data-caption-desc=\"Apr\u00e8s quelques \u00e9lucubrations herbeuses puis foresti\u00e8res, nous finissons par nous retrouver en pays de connaissance.\" data-attachment-id=\"19297\" data-type=\"image\" class=\"fg-thumb\"><span class=\"fg-image-wrap\"><img decoding=\"async\" alt=\"Turtmanntal_021\" title=\"Apr\u00e8s quelques \u00e9lucubrations herbeuses puis foresti\u00e8res, nous finissons par nous retrouver en pays de connaissance.\" width=\"101\" height=\"57\" class=\"skip-lazy fg-image\" data-src-fg=\"https:\/\/alpavista.ch\/Alp11\/wp-content\/uploads\/cache\/Turtmanntal_021\/1676179730.jpg\" src=\"data:image\/svg+xml,%3Csvg%20xmlns%3D%22http%3A%2F%2Fwww.w3.org%2F2000%2Fsvg%22%20width%3D%22101%22%20height%3D%2257%22%20viewBox%3D%220%200%20101%2057%22%3E%3C%2Fsvg%3E\" loading=\"eager\"><\/span><span class=\"fg-image-overlay\"><\/span><\/a><figcaption class=\"fg-caption\"><div class=\"fg-caption-inner\"><div class=\"fg-caption-desc\">Apr\u00e8s quelques \u00e9lucubrations herbeuses puis foresti\u00e8res, nous finissons par nous retrouver en pays de connaissance.<\/div><\/div><\/figcaption><\/figure><div class=\"fg-loader\"><\/div><\/div><div class=\"fg-item fg-type-image fg-idle\"><figure class=\"fg-item-inner\"><a href=\"https:\/\/alpavista.ch\/Alp11\/wp-content\/uploads\/Turtmanntal_022.jpg\" data-caption-title=\"Le Wasserleite d&#039;Ergisch : entre le vacarme de ses eaux folles, l&#039;\u00e9troitesse de son ruban de terre, ses apics omnipr\u00e9sents et ses c\u00e2bles pour touristes sujets au vertige, c&#039;est tout un art d&#039;y conserver suffisamment de lucidit\u00e9 pour rester en selle.\" data-caption-desc=\"Le Wasserleite d&#039;Ergisch : entre le vacarme de ses eaux folles, l&#039;\u00e9troitesse de son ruban de terre, ses apics omnipr\u00e9sents et ses c\u00e2bles pour touristes sujets au vertige, c&#039;est tout un art d&#039;y conserver suffisamment de lucidit\u00e9 pour rester en selle.\" data-attachment-id=\"19296\" data-type=\"image\" class=\"fg-thumb\"><span class=\"fg-image-wrap\"><img decoding=\"async\" alt=\"Turtmanntal_022\" title=\"Le Wasserleite d&#039;Ergisch : entre le vacarme de ses eaux folles, l&#039;\u00e9troitesse de son ruban de terre, ses apics omnipr\u00e9sents et ses c\u00e2bles pour touristes sujets au vertige, c&#039;est tout un art d&#039;y conserver suffisamment de lucidit\u00e9 pour rester en selle.\" width=\"101\" height=\"57\" class=\"skip-lazy fg-image\" data-src-fg=\"https:\/\/alpavista.ch\/Alp11\/wp-content\/uploads\/cache\/Turtmanntal_022\/1667272747.jpg\" src=\"data:image\/svg+xml,%3Csvg%20xmlns%3D%22http%3A%2F%2Fwww.w3.org%2F2000%2Fsvg%22%20width%3D%22101%22%20height%3D%2257%22%20viewBox%3D%220%200%20101%2057%22%3E%3C%2Fsvg%3E\" loading=\"eager\"><\/span><span class=\"fg-image-overlay\"><\/span><\/a><figcaption class=\"fg-caption\"><div class=\"fg-caption-inner\"><div class=\"fg-caption-desc\">Le Wasserleite d'Ergisch : entre le vacarme de ses eaux folles, l'\u00e9troitesse de son ruban de terre, ses apics omnipr\u00e9sents et ses c\u00e2bles pour touristes sujets au vertige, c'est tout un art d'y conserver suffisamment de lucidit\u00e9 pour rester en selle.<\/div><\/div><\/figcaption><\/figure><div class=\"fg-loader\"><\/div><\/div><div class=\"fg-item fg-type-image fg-idle\"><figure class=\"fg-item-inner\"><a href=\"https:\/\/alpavista.ch\/Alp11\/wp-content\/uploads\/Turtmanntal_023.jpg\" data-caption-title=\"Il y a deux ans, \u00e7a passait l\u00e9g\u00e8rement moins bien.\" data-caption-desc=\"Il y a deux ans, \u00e7a passait l\u00e9g\u00e8rement moins bien.\" data-attachment-id=\"19295\" data-type=\"image\" class=\"fg-thumb\"><span class=\"fg-image-wrap\"><img decoding=\"async\" alt=\"Turtmanntal_023\" title=\"Il y a deux ans, \u00e7a passait l\u00e9g\u00e8rement moins bien.\" width=\"101\" height=\"57\" class=\"skip-lazy fg-image\" data-src-fg=\"https:\/\/alpavista.ch\/Alp11\/wp-content\/uploads\/cache\/Turtmanntal_023\/3870533018.jpg\" src=\"data:image\/svg+xml,%3Csvg%20xmlns%3D%22http%3A%2F%2Fwww.w3.org%2F2000%2Fsvg%22%20width%3D%22101%22%20height%3D%2257%22%20viewBox%3D%220%200%20101%2057%22%3E%3C%2Fsvg%3E\" loading=\"eager\"><\/span><span class=\"fg-image-overlay\"><\/span><\/a><figcaption class=\"fg-caption\"><div class=\"fg-caption-inner\"><div class=\"fg-caption-desc\">Il y a deux ans, \u00e7a passait l\u00e9g\u00e8rement moins bien.<\/div><\/div><\/figcaption><\/figure><div class=\"fg-loader\"><\/div><\/div><div class=\"fg-item fg-type-image fg-idle\"><figure class=\"fg-item-inner\"><a href=\"https:\/\/alpavista.ch\/Alp11\/wp-content\/uploads\/Turtmanntal_024.jpg\" data-caption-title=\"Flash\u00e9 en exc\u00e8s de batifolage.\" data-caption-desc=\"Flash\u00e9 en exc\u00e8s de batifolage.\" data-attachment-id=\"19294\" data-type=\"image\" class=\"fg-thumb\"><span class=\"fg-image-wrap\"><img decoding=\"async\" alt=\"Turtmanntal_024\" title=\"Flash\u00e9 en exc\u00e8s de batifolage.\" width=\"101\" height=\"57\" class=\"skip-lazy fg-image\" data-src-fg=\"https:\/\/alpavista.ch\/Alp11\/wp-content\/uploads\/cache\/Turtmanntal_024\/1651589721.jpg\" src=\"data:image\/svg+xml,%3Csvg%20xmlns%3D%22http%3A%2F%2Fwww.w3.org%2F2000%2Fsvg%22%20width%3D%22101%22%20height%3D%2257%22%20viewBox%3D%220%200%20101%2057%22%3E%3C%2Fsvg%3E\" loading=\"eager\"><\/span><span class=\"fg-image-overlay\"><\/span><\/a><figcaption class=\"fg-caption\"><div class=\"fg-caption-inner\"><div class=\"fg-caption-desc\">Flash\u00e9 en exc\u00e8s de batifolage.<\/div><\/div><\/figcaption><\/figure><div class=\"fg-loader\"><\/div><\/div><div class=\"fg-item fg-type-image fg-idle\"><figure class=\"fg-item-inner\"><a href=\"https:\/\/alpavista.ch\/Alp11\/wp-content\/uploads\/Turtmanntal_025.jpg\" data-caption-title=\"Les premi\u00e8res trou\u00e9es dans l&#039;\u00e9paisse for\u00eat le laissaient supposer, la fl\u00e8che de son clocher vient rapidement le confirmer : le village d&#039;Ergisch est en vue.\" data-caption-desc=\"Les premi\u00e8res trou\u00e9es dans l&#039;\u00e9paisse for\u00eat le laissaient supposer, la fl\u00e8che de son clocher vient rapidement le confirmer : le village d&#039;Ergisch est en vue.\" data-attachment-id=\"19293\" data-type=\"image\" class=\"fg-thumb\"><span class=\"fg-image-wrap\"><img decoding=\"async\" alt=\"Turtmanntal_025\" title=\"Les premi\u00e8res trou\u00e9es dans l&#039;\u00e9paisse for\u00eat le laissaient supposer, la fl\u00e8che de son clocher vient rapidement le confirmer : le village d&#039;Ergisch est en vue.\" width=\"101\" height=\"57\" class=\"skip-lazy fg-image\" data-src-fg=\"https:\/\/alpavista.ch\/Alp11\/wp-content\/uploads\/cache\/Turtmanntal_025\/2989409859.jpg\" src=\"data:image\/svg+xml,%3Csvg%20xmlns%3D%22http%3A%2F%2Fwww.w3.org%2F2000%2Fsvg%22%20width%3D%22101%22%20height%3D%2257%22%20viewBox%3D%220%200%20101%2057%22%3E%3C%2Fsvg%3E\" loading=\"eager\"><\/span><span class=\"fg-image-overlay\"><\/span><\/a><figcaption class=\"fg-caption\"><div class=\"fg-caption-inner\"><div class=\"fg-caption-desc\">Les premi\u00e8res trou\u00e9es dans l'\u00e9paisse for\u00eat le laissaient supposer, la fl\u00e8che de son clocher vient rapidement le confirmer : le village d'Ergisch est en vue.<\/div><\/div><\/figcaption><\/figure><div class=\"fg-loader\"><\/div><\/div><div class=\"fg-item fg-type-image fg-idle\"><figure class=\"fg-item-inner\"><a href=\"https:\/\/alpavista.ch\/Alp11\/wp-content\/uploads\/Turtmanntal_026.jpg\" data-caption-title=\"Un \u00e9troit filet de poussi\u00e8re tout en dentelles et en lacets nous fait rapidement plonger ...\" data-caption-desc=\"Un \u00e9troit filet de poussi\u00e8re tout en dentelles et en lacets nous fait rapidement plonger ...\" data-attachment-id=\"19292\" data-type=\"image\" class=\"fg-thumb\"><span class=\"fg-image-wrap\"><img decoding=\"async\" alt=\"Turtmanntal_026\" title=\"Un \u00e9troit filet de poussi\u00e8re tout en dentelles et en lacets nous fait rapidement plonger ...\" width=\"101\" height=\"57\" class=\"skip-lazy fg-image\" data-src-fg=\"https:\/\/alpavista.ch\/Alp11\/wp-content\/uploads\/cache\/Turtmanntal_026\/2997235578.jpg\" src=\"data:image\/svg+xml,%3Csvg%20xmlns%3D%22http%3A%2F%2Fwww.w3.org%2F2000%2Fsvg%22%20width%3D%22101%22%20height%3D%2257%22%20viewBox%3D%220%200%20101%2057%22%3E%3C%2Fsvg%3E\" loading=\"eager\"><\/span><span class=\"fg-image-overlay\"><\/span><\/a><figcaption class=\"fg-caption\"><div class=\"fg-caption-inner\"><div class=\"fg-caption-desc\">Un \u00e9troit filet de poussi\u00e8re tout en dentelles et en lacets nous fait rapidement plonger ...<\/div><\/div><\/figcaption><\/figure><div class=\"fg-loader\"><\/div><\/div><div class=\"fg-item fg-type-image fg-idle\"><figure class=\"fg-item-inner\"><a href=\"https:\/\/alpavista.ch\/Alp11\/wp-content\/uploads\/Turtmanntal_027.jpg\" data-caption-title=\"... vers un comit\u00e9 d&#039;accueil aussi enthousiaste que surpris.\" data-caption-desc=\"... vers un comit\u00e9 d&#039;accueil aussi enthousiaste que surpris.\" data-attachment-id=\"19291\" data-type=\"image\" class=\"fg-thumb\"><span class=\"fg-image-wrap\"><img decoding=\"async\" alt=\"Turtmanntal_027\" title=\"... vers un comit\u00e9 d&#039;accueil aussi enthousiaste que surpris.\" width=\"101\" height=\"57\" class=\"skip-lazy fg-image\" data-src-fg=\"https:\/\/alpavista.ch\/Alp11\/wp-content\/uploads\/cache\/Turtmanntal_027\/930421451.jpg\" src=\"data:image\/svg+xml,%3Csvg%20xmlns%3D%22http%3A%2F%2Fwww.w3.org%2F2000%2Fsvg%22%20width%3D%22101%22%20height%3D%2257%22%20viewBox%3D%220%200%20101%2057%22%3E%3C%2Fsvg%3E\" loading=\"eager\"><\/span><span class=\"fg-image-overlay\"><\/span><\/a><figcaption class=\"fg-caption\"><div class=\"fg-caption-inner\"><div class=\"fg-caption-desc\">... vers un comit\u00e9 d'accueil aussi enthousiaste que surpris.<\/div><\/div><\/figcaption><\/figure><div class=\"fg-loader\"><\/div><\/div><div class=\"fg-item fg-type-image fg-idle\"><figure class=\"fg-item-inner\"><a href=\"https:\/\/alpavista.ch\/Alp11\/wp-content\/uploads\/Turtmanntal_028.jpg\" data-caption-title=\"Le chemin des blaireaux : une appellation plus que douteuse pour une petit bijou virevoltant entre Ergisch et Turtmann City.\" data-caption-desc=\"Le chemin des blaireaux : une appellation plus que douteuse pour une petit bijou virevoltant entre Ergisch et Turtmann City.\" data-attachment-id=\"19290\" data-type=\"image\" class=\"fg-thumb\"><span class=\"fg-image-wrap\"><img decoding=\"async\" alt=\"Turtmanntal_028\" title=\"Le chemin des blaireaux : une appellation plus que douteuse pour une petit bijou virevoltant entre Ergisch et Turtmann City.\" width=\"101\" height=\"57\" class=\"skip-lazy fg-image\" data-src-fg=\"https:\/\/alpavista.ch\/Alp11\/wp-content\/uploads\/cache\/Turtmanntal_028\/1616045757.jpg\" src=\"data:image\/svg+xml,%3Csvg%20xmlns%3D%22http%3A%2F%2Fwww.w3.org%2F2000%2Fsvg%22%20width%3D%22101%22%20height%3D%2257%22%20viewBox%3D%220%200%20101%2057%22%3E%3C%2Fsvg%3E\" loading=\"eager\"><\/span><span class=\"fg-image-overlay\"><\/span><\/a><figcaption class=\"fg-caption\"><div class=\"fg-caption-inner\"><div class=\"fg-caption-desc\">Le chemin des blaireaux : une appellation plus que douteuse pour une petit bijou virevoltant entre Ergisch et Turtmann City.<\/div><\/div><\/figcaption><\/figure><div class=\"fg-loader\"><\/div><\/div><\/div>\n\n<input class=\"fooboxshare_post_id\" type=\"hidden\" value=\"4456\"\/>","protected":false},"excerpt":{"rendered":"<p>Il existe de multiples fa\u00e7ons d\u2019acc\u00e9der au Turtmanntal \u00e0 VTT. La route saisonni\u00e8re, ouverte de mai \u00e0 octobre, est probablement le moyen plus simple et le plus abordable. Mais en raison de son interminable ruban de bitume et de son intense trafic estival, cette option n\u2019est \u00e9videmment pas la plus int\u00e9ressante. Il est aussi possible d\u2019emprunter l\u2019un des nombreux cols d\u2019altitude, plus ou moins accessible, selon la motivation du biker. Du val d\u2019Anniviers, le Meidpass et la Forcletta proposent deux [&hellip;]<\/p>\n","protected":false},"author":2,"featured_media":6411,"comment_status":"open","ping_status":"open","sticky":false,"template":"","format":"standard","meta":{"footnotes":""},"categories":[658,4],"tags":[1479,1319,1478,1387,1217,1153,1318,1480],"class_list":["post-4456","post","type-post","status-publish","format-standard","has-post-thumbnail","hentry","category-outdoor","category-vtt","tag-brunnetji","tag-ergisch","tag-griebjini","tag-gruben","tag-oberems","tag-turtmann","tag-turtmanntal","tag-vorsass"],"_links":{"self":[{"href":"https:\/\/alpavista.ch\/Alp11\/wp-json\/wp\/v2\/posts\/4456","targetHints":{"allow":["GET"]}}],"collection":[{"href":"https:\/\/alpavista.ch\/Alp11\/wp-json\/wp\/v2\/posts"}],"about":[{"href":"https:\/\/alpavista.ch\/Alp11\/wp-json\/wp\/v2\/types\/post"}],"author":[{"embeddable":true,"href":"https:\/\/alpavista.ch\/Alp11\/wp-json\/wp\/v2\/users\/2"}],"replies":[{"embeddable":true,"href":"https:\/\/alpavista.ch\/Alp11\/wp-json\/wp\/v2\/comments?post=4456"}],"version-history":[{"count":0,"href":"https:\/\/alpavista.ch\/Alp11\/wp-json\/wp\/v2\/posts\/4456\/revisions"}],"wp:featuredmedia":[{"embeddable":true,"href":"https:\/\/alpavista.ch\/Alp11\/wp-json\/wp\/v2\/media\/6411"}],"wp:attachment":[{"href":"https:\/\/alpavista.ch\/Alp11\/wp-json\/wp\/v2\/media?parent=4456"}],"wp:term":[{"taxonomy":"category","embeddable":true,"href":"https:\/\/alpavista.ch\/Alp11\/wp-json\/wp\/v2\/categories?post=4456"},{"taxonomy":"post_tag","embeddable":true,"href":"https:\/\/alpavista.ch\/Alp11\/wp-json\/wp\/v2\/tags?post=4456"}],"curies":[{"name":"wp","href":"https:\/\/api.w.org\/{rel}","templated":true}]}}