{"id":4480,"date":"2011-07-16T22:09:37","date_gmt":"2011-07-16T21:09:37","guid":{"rendered":"http:\/\/www.alpavista.ch\/Alp11\/?p=4480"},"modified":"2022-12-09T17:41:13","modified_gmt":"2022-12-09T16:41:13","slug":"lacs-danteme-2011","status":"publish","type":"post","link":"https:\/\/alpavista.ch\/Alp11\/2011\/07\/16\/lacs-danteme-2011\/","title":{"rendered":"Lacs d\u2019Ant\u00e8me 2011"},"content":{"rendered":"<p>8 ans sans retourner sur la rive droite du Val d\u2019Illiez, c\u2019est 8 ans de trop ! L\u2019endroit est toujours aussi sauvage, ses versants sont toujours aussi abrupts, ses combes toujours aussi profondes, ses p\u00e2turages toujours aussi verdoyants et gras. Ses alpages sont toujours aussi \u00e9loign\u00e9s les uns des autres et ses vertigineux sentiers toujours aussi bien adapt\u00e9s au VTT. La remont\u00e9e du flanc oriental de la Vi\u00e8ze, une fois l\u2019ascension initiale, entre Choex et Chindonne, aval\u00e9e, est un v\u00e9ritable hymne au \u00ab Mountainbike \u00bb.<br \/>\n<!--more--><br \/>\nChindonne, Valerette, Val\u00e8re, Majedo, Chalin, Soi, S\u00e9laire, les alpages se succ\u00e8dent, mais le single persiste \u00e0 rester roulable. En d\u00e9pit d&rsquo;un souffle court et de puls\u2019 flirtant parfois avec l\u2019\u00e9carlate, le sourire n\u2019en finit pas de s\u2019\u00e9panouir sous les casques, jusqu\u2019au bouquet final, l\u2019\u00e9mersion sur le superbe promontoire d\u2019Ant\u00e8me, \u00e9troite cuvette naturelle lov\u00e9e au pied des Dents-du-Midi, entre falaises granitiques et \u00e0-pics vertigineux.<\/p>\n<style type=\"text\/css\">\n#foogallery-gallery-19526 .fg-image { width: 101px; }\n#foogallery-gallery-19526 { --fg-gutter: 1px; }<\/style>\n\t\t\t<div class=\"foogallery foogallery-container foogallery-default foogallery-lightbox-none fg-left fg-default fg-ready fg-light fg-loading-default fg-loaded-fade-in fg-preset fg-selena fg-preset-small fg-preset fg-selena fg-preset-small\" id=\"foogallery-gallery-19526\" data-foogallery=\"{&quot;item&quot;:{&quot;showCaptionTitle&quot;:false,&quot;showCaptionDescription&quot;:true},&quot;lazy&quot;:true,&quot;src&quot;:&quot;src&quot;,&quot;srcset&quot;:&quot;srcset&quot;,&quot;state&quot;:{&quot;enabled&quot;:true,&quot;mask&quot;:&quot;foogallery-{id}&quot;}}\" style=\"--fg-title-line-clamp: 0; --fg-description-line-clamp: 0;\" >\n\t<div class=\"fg-item fg-type-image fg-loading\"><figure class=\"fg-item-inner\"><a href=\"https:\/\/alpavista.ch\/Alp11\/wp-content\/uploads\/Anteme_11_001.jpg\" data-caption-title=\"Choex-Chindonne : interminable et morne ascension initiale.\" data-caption-desc=\"Choex-Chindonne : interminable et morne ascension initiale.\" data-attachment-id=\"19561\" data-type=\"image\" class=\"fg-thumb\"><span class=\"fg-image-wrap\"><img src=\"https:\/\/alpavista.ch\/Alp11\/wp-content\/uploads\/cache\/Anteme_11_001\/4146343713.jpg\" alt=\"Anteme_11_001\" title=\"Choex-Chindonne : interminable et morne ascension initiale.\" width=\"101\" height=\"57\" class=\"skip-lazy fg-image\" decoding=\"async\" loading=\"lazy\"><\/span><span class=\"fg-image-overlay\"><\/span><\/a><figcaption class=\"fg-caption\"><div class=\"fg-caption-inner\"><div class=\"fg-caption-desc\">Choex-Chindonne : interminable et morne ascension initiale.<\/div><\/div><\/figcaption><\/figure><div class=\"fg-loader\"><\/div><\/div><div class=\"fg-item fg-type-image fg-loading\"><figure class=\"fg-item-inner\"><a href=\"https:\/\/alpavista.ch\/Alp11\/wp-content\/uploads\/Anteme_11_002.jpg\" data-caption-title=\"Evitez les blagues douteuses !  Je suis simplement en train d&#039;essayer de me d\u00e9barasser de la boue encrassant les cales de mes chaussures.\" data-caption-desc=\"Evitez les blagues douteuses !  Je suis simplement en train d&#039;essayer de me d\u00e9barasser de la boue encrassant les cales de mes chaussures.\" data-attachment-id=\"19560\" data-type=\"image\" class=\"fg-thumb\"><span class=\"fg-image-wrap\"><img src=\"https:\/\/alpavista.ch\/Alp11\/wp-content\/uploads\/cache\/Anteme_11_002\/509394100.jpg\" alt=\"Anteme_11_002\" title=\"Evitez les blagues douteuses !  Je suis simplement en train d&#039;essayer de me d\u00e9barasser de la boue encrassant les cales de mes chaussures.\" width=\"101\" height=\"57\" class=\"skip-lazy fg-image\" decoding=\"async\" loading=\"lazy\"><\/span><span class=\"fg-image-overlay\"><\/span><\/a><figcaption class=\"fg-caption\"><div class=\"fg-caption-inner\"><div class=\"fg-caption-desc\">Evitez les blagues douteuses !  Je suis simplement en train d'essayer de me d\u00e9barasser de la boue encrassant les cales de mes chaussures.<\/div><\/div><\/figcaption><\/figure><div class=\"fg-loader\"><\/div><\/div><div class=\"fg-item fg-type-image fg-loading\"><figure class=\"fg-item-inner\"><a href=\"https:\/\/alpavista.ch\/Alp11\/wp-content\/uploads\/Anteme_11_003.jpg\" data-caption-title=\"Vue sa couleur, l&#039;alpage de Valerette ne semble plus vraiment souffir de la &quot;fameuse&quot; s\u00e9cheresse 2011.\" data-caption-desc=\"Vue sa couleur, l&#039;alpage de Valerette ne semble plus vraiment souffir de la &quot;fameuse&quot; s\u00e9cheresse 2011.\" data-attachment-id=\"19559\" data-type=\"image\" class=\"fg-thumb\"><span class=\"fg-image-wrap\"><img src=\"https:\/\/alpavista.ch\/Alp11\/wp-content\/uploads\/cache\/Anteme_11_003\/741205384.jpg\" alt=\"Anteme_11_003\" title=\"Vue sa couleur, l&#039;alpage de Valerette ne semble plus vraiment souffir de la &quot;fameuse&quot; s\u00e9cheresse 2011.\" width=\"101\" height=\"57\" class=\"skip-lazy fg-image\" decoding=\"async\" loading=\"lazy\"><\/span><span class=\"fg-image-overlay\"><\/span><\/a><figcaption class=\"fg-caption\"><div class=\"fg-caption-inner\"><div class=\"fg-caption-desc\">Vue sa couleur, l'alpage de Valerette ne semble plus vraiment souffir de la \"fameuse\" s\u00e9cheresse 2011.<\/div><\/div><\/figcaption><\/figure><div class=\"fg-loader\"><\/div><\/div><div class=\"fg-item fg-type-image fg-loading\"><figure class=\"fg-item-inner\"><a href=\"https:\/\/alpavista.ch\/Alp11\/wp-content\/uploads\/Anteme_11_004.jpg\" data-caption-title=\"Envahissantes fleurs des mar\u00e9cages cherchent bikers compr\u00e9hensifs pour les d\u00e9barrasser de leur abondante ros\u00e9e matinale, voire plus si affinit\u00e9. (Sp\u00e9ciale d\u00e9dicace pour Fran\u00e7ois, grand adepte de phrases vaseuses)\" data-caption-desc=\"Envahissantes fleurs des mar\u00e9cages cherchent bikers compr\u00e9hensifs pour les d\u00e9barrasser de leur abondante ros\u00e9e matinale, voire plus si affinit\u00e9. (Sp\u00e9ciale d\u00e9dicace pour Fran\u00e7ois, grand adepte de phrases vaseuses)\" data-attachment-id=\"19558\" data-type=\"image\" class=\"fg-thumb\"><span class=\"fg-image-wrap\"><img src=\"https:\/\/alpavista.ch\/Alp11\/wp-content\/uploads\/cache\/Anteme_11_004\/1092581607.jpg\" alt=\"Anteme_11_004\" title=\"Envahissantes fleurs des mar\u00e9cages cherchent bikers compr\u00e9hensifs pour les d\u00e9barrasser de leur abondante ros\u00e9e matinale, voire plus si affinit\u00e9. (Sp\u00e9ciale d\u00e9dicace pour Fran\u00e7ois, grand adepte de phrases vaseuses)\" width=\"101\" height=\"57\" class=\"skip-lazy fg-image\" decoding=\"async\" loading=\"lazy\"><\/span><span class=\"fg-image-overlay\"><\/span><\/a><figcaption class=\"fg-caption\"><div class=\"fg-caption-inner\"><div class=\"fg-caption-desc\">Envahissantes fleurs des mar\u00e9cages cherchent bikers compr\u00e9hensifs pour les d\u00e9barrasser de leur abondante ros\u00e9e matinale, voire plus si affinit\u00e9. (Sp\u00e9ciale d\u00e9dicace pour Fran\u00e7ois, grand adepte de phrases vaseuses)<\/div><\/div><\/figcaption><\/figure><div class=\"fg-loader\"><\/div><\/div><div class=\"fg-item fg-type-image fg-loading\"><figure class=\"fg-item-inner\"><a href=\"https:\/\/alpavista.ch\/Alp11\/wp-content\/uploads\/Anteme_11_005.jpg\" data-caption-title=\"Loin de la capitale valaisanne, ce Val\u00e8re-l\u00e0 brille moins par son ch\u00e2teau que par ses superbes singles.\" data-caption-desc=\"Loin de la capitale valaisanne, ce Val\u00e8re-l\u00e0 brille moins par son ch\u00e2teau que par ses superbes singles.\" data-attachment-id=\"19557\" data-type=\"image\" class=\"fg-thumb\"><span class=\"fg-image-wrap\"><img src=\"https:\/\/alpavista.ch\/Alp11\/wp-content\/uploads\/cache\/Anteme_11_005\/3898358856.jpg\" alt=\"Anteme_11_005\" title=\"Loin de la capitale valaisanne, ce Val\u00e8re-l\u00e0 brille moins par son ch\u00e2teau que par ses superbes singles.\" width=\"101\" height=\"57\" class=\"skip-lazy fg-image\" decoding=\"async\" loading=\"lazy\"><\/span><span class=\"fg-image-overlay\"><\/span><\/a><figcaption class=\"fg-caption\"><div class=\"fg-caption-inner\"><div class=\"fg-caption-desc\">Loin de la capitale valaisanne, ce Val\u00e8re-l\u00e0 brille moins par son ch\u00e2teau que par ses superbes singles.<\/div><\/div><\/figcaption><\/figure><div class=\"fg-loader\"><\/div><\/div><div class=\"fg-item fg-type-image fg-loading\"><figure class=\"fg-item-inner\"><a href=\"https:\/\/alpavista.ch\/Alp11\/wp-content\/uploads\/Anteme_11_006.jpg\" data-caption-title=\"Difficiles \u00e0 voir avec l&#039;ombre des visi\u00e8res, mais les sourires fleurissent au m\u00eame rythme que les kilom\u00e8tres de sentier.\" data-caption-desc=\"Difficiles \u00e0 voir avec l&#039;ombre des visi\u00e8res, mais les sourires fleurissent au m\u00eame rythme que les kilom\u00e8tres de sentier.\" data-attachment-id=\"19556\" data-type=\"image\" class=\"fg-thumb\"><span class=\"fg-image-wrap\"><img src=\"https:\/\/alpavista.ch\/Alp11\/wp-content\/uploads\/cache\/Anteme_11_006\/19181533.jpg\" alt=\"Anteme_11_006\" title=\"Difficiles \u00e0 voir avec l&#039;ombre des visi\u00e8res, mais les sourires fleurissent au m\u00eame rythme que les kilom\u00e8tres de sentier.\" width=\"101\" height=\"57\" class=\"skip-lazy fg-image\" decoding=\"async\" loading=\"lazy\"><\/span><span class=\"fg-image-overlay\"><\/span><\/a><figcaption class=\"fg-caption\"><div class=\"fg-caption-inner\"><div class=\"fg-caption-desc\">Difficiles \u00e0 voir avec l'ombre des visi\u00e8res, mais les sourires fleurissent au m\u00eame rythme que les kilom\u00e8tres de sentier.<\/div><\/div><\/figcaption><\/figure><div class=\"fg-loader\"><\/div><\/div><div class=\"fg-item fg-type-image fg-loading\"><figure class=\"fg-item-inner\"><a href=\"https:\/\/alpavista.ch\/Alp11\/wp-content\/uploads\/Anteme_11_007.jpg\" data-caption-title=\"Les crampons (d\u00e9j\u00e0) embourb\u00e9s mais la vie (d\u00e9sormais) en rose.\" data-caption-desc=\"Les crampons (d\u00e9j\u00e0) embourb\u00e9s mais la vie (d\u00e9sormais) en rose.\" data-attachment-id=\"19555\" data-type=\"image\" class=\"fg-thumb\"><span class=\"fg-image-wrap\"><img src=\"https:\/\/alpavista.ch\/Alp11\/wp-content\/uploads\/cache\/Anteme_11_007\/1704334297.jpg\" alt=\"Anteme_11_007\" title=\"Les crampons (d\u00e9j\u00e0) embourb\u00e9s mais la vie (d\u00e9sormais) en rose.\" width=\"101\" height=\"57\" class=\"skip-lazy fg-image\" decoding=\"async\" loading=\"lazy\"><\/span><span class=\"fg-image-overlay\"><\/span><\/a><figcaption class=\"fg-caption\"><div class=\"fg-caption-inner\"><div class=\"fg-caption-desc\">Les crampons (d\u00e9j\u00e0) embourb\u00e9s mais la vie (d\u00e9sormais) en rose.<\/div><\/div><\/figcaption><\/figure><div class=\"fg-loader\"><\/div><\/div><div class=\"fg-item fg-type-image fg-loading\"><figure class=\"fg-item-inner\"><a href=\"https:\/\/alpavista.ch\/Alp11\/wp-content\/uploads\/Anteme_11_008.jpg\" data-caption-title=\"Les pieds dans la gadoue et toujours sans sherpas, le premier court portage du jour : incontournable pour replacer l&#039;\u00e9v\u00e8nement dans son v\u00e9ritable contexte.\" data-caption-desc=\"Les pieds dans la gadoue et toujours sans sherpas, le premier court portage du jour : incontournable pour replacer l&#039;\u00e9v\u00e8nement dans son v\u00e9ritable contexte.\" data-attachment-id=\"19554\" data-type=\"image\" class=\"fg-thumb\"><span class=\"fg-image-wrap\"><img src=\"https:\/\/alpavista.ch\/Alp11\/wp-content\/uploads\/cache\/Anteme_11_008\/3678508291.jpg\" alt=\"Anteme_11_008\" title=\"Les pieds dans la gadoue et toujours sans sherpas, le premier court portage du jour : incontournable pour replacer l&#039;\u00e9v\u00e8nement dans son v\u00e9ritable contexte.\" width=\"101\" height=\"57\" class=\"skip-lazy fg-image\" decoding=\"async\" loading=\"lazy\"><\/span><span class=\"fg-image-overlay\"><\/span><\/a><figcaption class=\"fg-caption\"><div class=\"fg-caption-inner\"><div class=\"fg-caption-desc\">Les pieds dans la gadoue et toujours sans sherpas, le premier court portage du jour : incontournable pour replacer l'\u00e9v\u00e8nement dans son v\u00e9ritable contexte.<\/div><\/div><\/figcaption><\/figure><div class=\"fg-loader\"><\/div><\/div><div class=\"fg-item fg-type-image fg-loading\"><figure class=\"fg-item-inner\"><a href=\"https:\/\/alpavista.ch\/Alp11\/wp-content\/uploads\/Anteme_11_009.jpg\" data-caption-title=\"Le fameux adage &quot;tant qu&#039;il y a des arbres pour se raccrocher, \u00e7a peut passer sur le bike&quot; prend ici toute sa signification.\" data-caption-desc=\"Le fameux adage &quot;tant qu&#039;il y a des arbres pour se raccrocher, \u00e7a peut passer sur le bike&quot; prend ici toute sa signification.\" data-attachment-id=\"19553\" data-type=\"image\" class=\"fg-thumb\"><span class=\"fg-image-wrap\"><img src=\"https:\/\/alpavista.ch\/Alp11\/wp-content\/uploads\/cache\/Anteme_11_009\/4217142942.jpg\" alt=\"Anteme_11_009\" title=\"Le fameux adage &quot;tant qu&#039;il y a des arbres pour se raccrocher, \u00e7a peut passer sur le bike&quot; prend ici toute sa signification.\" width=\"101\" height=\"57\" class=\"skip-lazy fg-image\" decoding=\"async\" loading=\"lazy\"><\/span><span class=\"fg-image-overlay\"><\/span><\/a><figcaption class=\"fg-caption\"><div class=\"fg-caption-inner\"><div class=\"fg-caption-desc\">Le fameux adage \"tant qu'il y a des arbres pour se raccrocher, \u00e7a peut passer sur le bike\" prend ici toute sa signification.<\/div><\/div><\/figcaption><\/figure><div class=\"fg-loader\"><\/div><\/div><div class=\"fg-item fg-type-image fg-loading\"><figure class=\"fg-item-inner\"><a href=\"https:\/\/alpavista.ch\/Alp11\/wp-content\/uploads\/Anteme_11_010.jpg\" data-caption-title=\"Bon, encore faut-il parvenir \u00e0 contourner les touristes &quot;cramponn\u00e9s&quot; \u00e0 leurs cha\u00eenes de s\u00e9curit\u00e9.\" data-caption-desc=\"Bon, encore faut-il parvenir \u00e0 contourner les touristes &quot;cramponn\u00e9s&quot; \u00e0 leurs cha\u00eenes de s\u00e9curit\u00e9.\" data-attachment-id=\"19552\" data-type=\"image\" class=\"fg-thumb\"><span class=\"fg-image-wrap\"><img src=\"https:\/\/alpavista.ch\/Alp11\/wp-content\/uploads\/cache\/Anteme_11_010\/2493506944.jpg\" alt=\"Anteme_11_010\" title=\"Bon, encore faut-il parvenir \u00e0 contourner les touristes &quot;cramponn\u00e9s&quot; \u00e0 leurs cha\u00eenes de s\u00e9curit\u00e9.\" width=\"101\" height=\"57\" class=\"skip-lazy fg-image\" decoding=\"async\" loading=\"lazy\"><\/span><span class=\"fg-image-overlay\"><\/span><\/a><figcaption class=\"fg-caption\"><div class=\"fg-caption-inner\"><div class=\"fg-caption-desc\">Bon, encore faut-il parvenir \u00e0 contourner les touristes \"cramponn\u00e9s\" \u00e0 leurs cha\u00eenes de s\u00e9curit\u00e9.<\/div><\/div><\/figcaption><\/figure><div class=\"fg-loader\"><\/div><\/div><div class=\"fg-item fg-type-image fg-loading\"><figure class=\"fg-item-inner\"><a href=\"https:\/\/alpavista.ch\/Alp11\/wp-content\/uploads\/Anteme_11_011.jpg\" data-caption-title=\"Ca ne manquerait pas un peu d&#039;arbres par ici ?\" data-caption-desc=\"Ca ne manquerait pas un peu d&#039;arbres par ici ?\" data-attachment-id=\"19551\" data-type=\"image\" class=\"fg-thumb\"><span class=\"fg-image-wrap\"><img src=\"https:\/\/alpavista.ch\/Alp11\/wp-content\/uploads\/cache\/Anteme_11_011\/4029503876.jpg\" alt=\"Anteme_11_011\" title=\"Ca ne manquerait pas un peu d&#039;arbres par ici ?\" width=\"101\" height=\"57\" class=\"skip-lazy fg-image\" decoding=\"async\" loading=\"lazy\"><\/span><span class=\"fg-image-overlay\"><\/span><\/a><figcaption class=\"fg-caption\"><div class=\"fg-caption-inner\"><div class=\"fg-caption-desc\">Ca ne manquerait pas un peu d'arbres par ici ?<\/div><\/div><\/figcaption><\/figure><div class=\"fg-loader\"><\/div><\/div><div class=\"fg-item fg-type-image fg-loading\"><figure class=\"fg-item-inner\"><a href=\"https:\/\/alpavista.ch\/Alp11\/wp-content\/uploads\/Anteme_11_012.jpg\" data-caption-title=\"Grandes gentianes des Alpes, torrents imp\u00e9tueux et falaises surplombantes : bienvenue dans la vaste combe de Chalin.\" data-caption-desc=\"Grandes gentianes des Alpes, torrents imp\u00e9tueux et falaises surplombantes : bienvenue dans la vaste combe de Chalin.\" data-attachment-id=\"19550\" data-type=\"image\" class=\"fg-thumb\"><span class=\"fg-image-wrap\"><img src=\"https:\/\/alpavista.ch\/Alp11\/wp-content\/uploads\/cache\/Anteme_11_012\/425052689.jpg\" alt=\"Anteme_11_012\" title=\"Grandes gentianes des Alpes, torrents imp\u00e9tueux et falaises surplombantes : bienvenue dans la vaste combe de Chalin.\" width=\"101\" height=\"57\" class=\"skip-lazy fg-image\" decoding=\"async\" loading=\"lazy\"><\/span><span class=\"fg-image-overlay\"><\/span><\/a><figcaption class=\"fg-caption\"><div class=\"fg-caption-inner\"><div class=\"fg-caption-desc\">Grandes gentianes des Alpes, torrents imp\u00e9tueux et falaises surplombantes : bienvenue dans la vaste combe de Chalin.<\/div><\/div><\/figcaption><\/figure><div class=\"fg-loader\"><\/div><\/div><div class=\"fg-item fg-type-image fg-loading\"><figure class=\"fg-item-inner\"><a href=\"https:\/\/alpavista.ch\/Alp11\/wp-content\/uploads\/Anteme_11_013.jpg\" data-caption-title=\"Les 252 torrents qui coupent sa piste d&#039;alpage doivent s\u00fbrement \u00eatre beaucoup moins concilliants \u00e0 traverser en cas d&#039;orage.\" data-caption-desc=\"Les 252 torrents qui coupent sa piste d&#039;alpage doivent s\u00fbrement \u00eatre beaucoup moins concilliants \u00e0 traverser en cas d&#039;orage.\" data-attachment-id=\"19549\" data-type=\"image\" class=\"fg-thumb\"><span class=\"fg-image-wrap\"><img src=\"https:\/\/alpavista.ch\/Alp11\/wp-content\/uploads\/cache\/Anteme_11_013\/2186793558.jpg\" alt=\"Anteme_11_013\" title=\"Les 252 torrents qui coupent sa piste d&#039;alpage doivent s\u00fbrement \u00eatre beaucoup moins concilliants \u00e0 traverser en cas d&#039;orage.\" width=\"101\" height=\"57\" class=\"skip-lazy fg-image\" decoding=\"async\" loading=\"lazy\"><\/span><span class=\"fg-image-overlay\"><\/span><\/a><figcaption class=\"fg-caption\"><div class=\"fg-caption-inner\"><div class=\"fg-caption-desc\">Les 252 torrents qui coupent sa piste d'alpage doivent s\u00fbrement \u00eatre beaucoup moins concilliants \u00e0 traverser en cas d'orage.<\/div><\/div><\/figcaption><\/figure><div class=\"fg-loader\"><\/div><\/div><div class=\"fg-item fg-type-image fg-loading\"><figure class=\"fg-item-inner\"><a href=\"https:\/\/alpavista.ch\/Alp11\/wp-content\/uploads\/Anteme_11_014.jpg\" data-caption-title=\"Apr\u00e8s le plat de r\u00e9sistance (un demi-sandwich), le dessert (le somptueux chemin Soi-Ant\u00e8me)\" data-caption-desc=\"Apr\u00e8s le plat de r\u00e9sistance (un demi-sandwich), le dessert (le somptueux chemin Soi-Ant\u00e8me)\" data-attachment-id=\"19548\" data-type=\"image\" class=\"fg-thumb\"><span class=\"fg-image-wrap\"><img src=\"https:\/\/alpavista.ch\/Alp11\/wp-content\/uploads\/cache\/Anteme_11_014\/4016394041.jpg\" alt=\"Anteme_11_014\" title=\"Apr\u00e8s le plat de r\u00e9sistance (un demi-sandwich), le dessert (le somptueux chemin Soi-Ant\u00e8me)\" width=\"101\" height=\"57\" class=\"skip-lazy fg-image\" decoding=\"async\" loading=\"lazy\"><\/span><span class=\"fg-image-overlay\"><\/span><\/a><figcaption class=\"fg-caption\"><div class=\"fg-caption-inner\"><div class=\"fg-caption-desc\">Apr\u00e8s le plat de r\u00e9sistance (un demi-sandwich), le dessert (le somptueux chemin Soi-Ant\u00e8me)<\/div><\/div><\/figcaption><\/figure><div class=\"fg-loader\"><\/div><\/div><div class=\"fg-item fg-type-image fg-loading\"><figure class=\"fg-item-inner\"><a href=\"https:\/\/alpavista.ch\/Alp11\/wp-content\/uploads\/Anteme_11_015.jpg\" data-caption-title=\"Il est o\u00f9 le bonheur d\u00e9j\u00e0 ?\" data-caption-desc=\"Il est o\u00f9 le bonheur d\u00e9j\u00e0 ?\" data-attachment-id=\"19547\" data-type=\"image\" class=\"fg-thumb\"><span class=\"fg-image-wrap\"><img src=\"https:\/\/alpavista.ch\/Alp11\/wp-content\/uploads\/cache\/Anteme_11_015\/1176898454.jpg\" alt=\"Anteme_11_015\" title=\"Il est o\u00f9 le bonheur d\u00e9j\u00e0 ?\" width=\"101\" height=\"57\" class=\"skip-lazy fg-image\" decoding=\"async\" loading=\"lazy\"><\/span><span class=\"fg-image-overlay\"><\/span><\/a><figcaption class=\"fg-caption\"><div class=\"fg-caption-inner\"><div class=\"fg-caption-desc\">Il est o\u00f9 le bonheur d\u00e9j\u00e0 ?<\/div><\/div><\/figcaption><\/figure><div class=\"fg-loader\"><\/div><\/div><div class=\"fg-item fg-type-image fg-loading\"><figure class=\"fg-item-inner\"><a href=\"https:\/\/alpavista.ch\/Alp11\/wp-content\/uploads\/Anteme_11_016.jpg\" data-caption-title=\"Dans le pr\u00e9 !  Oui, mais surtout quand celui-ci est parcouru par un sentier aussi bike-compatible.\" data-caption-desc=\"Dans le pr\u00e9 !  Oui, mais surtout quand celui-ci est parcouru par un sentier aussi bike-compatible.\" data-attachment-id=\"19546\" data-type=\"image\" class=\"fg-thumb\"><span class=\"fg-image-wrap\"><img src=\"https:\/\/alpavista.ch\/Alp11\/wp-content\/uploads\/cache\/Anteme_11_016\/2942212099.jpg\" alt=\"Anteme_11_016\" title=\"Dans le pr\u00e9 !  Oui, mais surtout quand celui-ci est parcouru par un sentier aussi bike-compatible.\" width=\"101\" height=\"57\" class=\"skip-lazy fg-image\" decoding=\"async\" loading=\"lazy\"><\/span><span class=\"fg-image-overlay\"><\/span><\/a><figcaption class=\"fg-caption\"><div class=\"fg-caption-inner\"><div class=\"fg-caption-desc\">Dans le pr\u00e9 !  Oui, mais surtout quand celui-ci est parcouru par un sentier aussi bike-compatible.<\/div><\/div><\/figcaption><\/figure><div class=\"fg-loader\"><\/div><\/div><div class=\"fg-item fg-type-image fg-loading\"><figure class=\"fg-item-inner\"><a href=\"https:\/\/alpavista.ch\/Alp11\/wp-content\/uploads\/Anteme_11_017.jpg\" data-caption-title=\"Qui dit nombreux torrents, dit nombreuse passerelles. Pour la largeur du cintre, cela semble OK, reste \u00e0 v\u00e9rifier la hauteur des deux montants interm\u00e9diaires une fois en selle. Et l\u00e0, il peut y avoir quelques (mauvaises) surprises.\" data-caption-desc=\"Qui dit nombreux torrents, dit nombreuse passerelles. Pour la largeur du cintre, cela semble OK, reste \u00e0 v\u00e9rifier la hauteur des deux montants interm\u00e9diaires une fois en selle. Et l\u00e0, il peut y avoir quelques (mauvaises) surprises.\" data-attachment-id=\"19545\" data-type=\"image\" class=\"fg-thumb\"><span class=\"fg-image-wrap\"><img src=\"https:\/\/alpavista.ch\/Alp11\/wp-content\/uploads\/cache\/Anteme_11_017\/3421250567.jpg\" alt=\"Anteme_11_017\" title=\"Qui dit nombreux torrents, dit nombreuse passerelles. Pour la largeur du cintre, cela semble OK, reste \u00e0 v\u00e9rifier la hauteur des deux montants interm\u00e9diaires une fois en selle. Et l\u00e0, il peut y avoir quelques (mauvaises) surprises.\" width=\"101\" height=\"57\" class=\"skip-lazy fg-image\" decoding=\"async\" loading=\"lazy\"><\/span><span class=\"fg-image-overlay\"><\/span><\/a><figcaption class=\"fg-caption\"><div class=\"fg-caption-inner\"><div class=\"fg-caption-desc\">Qui dit nombreux torrents, dit nombreuse passerelles. Pour la largeur du cintre, cela semble OK, reste \u00e0 v\u00e9rifier la hauteur des deux montants interm\u00e9diaires une fois en selle. Et l\u00e0, il peut y avoir quelques (mauvaises) surprises.<\/div><\/div><\/figcaption><\/figure><div class=\"fg-loader\"><\/div><\/div><div class=\"fg-item fg-type-image fg-loading\"><figure class=\"fg-item-inner\"><a href=\"https:\/\/alpavista.ch\/Alp11\/wp-content\/uploads\/Anteme_11_018.jpg\" data-caption-title=\"- Mais qu&#039;est-ce que t&#039;as doudou dis donc ?\" data-caption-desc=\"- Mais qu&#039;est-ce que t&#039;as doudou dis donc ?\" data-attachment-id=\"19544\" data-type=\"image\" class=\"fg-thumb\"><span class=\"fg-image-wrap\"><img src=\"https:\/\/alpavista.ch\/Alp11\/wp-content\/uploads\/cache\/Anteme_11_018\/1966842589.jpg\" alt=\"Anteme_11_018\" title=\"- Mais qu&#039;est-ce que t&#039;as doudou dis donc ?\" width=\"101\" height=\"57\" class=\"skip-lazy fg-image\" decoding=\"async\" loading=\"lazy\"><\/span><span class=\"fg-image-overlay\"><\/span><\/a><figcaption class=\"fg-caption\"><div class=\"fg-caption-inner\"><div class=\"fg-caption-desc\">- Mais qu'est-ce que t'as doudou dis donc ?<\/div><\/div><\/figcaption><\/figure><div class=\"fg-loader\"><\/div><\/div><div class=\"fg-item fg-type-image fg-loading\"><figure class=\"fg-item-inner\"><a href=\"https:\/\/alpavista.ch\/Alp11\/wp-content\/uploads\/Anteme_11_019.jpg\" data-caption-title=\"- Rien, j&#039;aimerai juste voir comment tu vas passer le prochain tron\u00e7on ?\" data-caption-desc=\"- Rien, j&#039;aimerai juste voir comment tu vas passer le prochain tron\u00e7on ?\" data-attachment-id=\"19543\" data-type=\"image\" class=\"fg-thumb\"><span class=\"fg-image-wrap\"><img src=\"https:\/\/alpavista.ch\/Alp11\/wp-content\/uploads\/cache\/Anteme_11_019\/1428572480.jpg\" alt=\"Anteme_11_019\" title=\"- Rien, j&#039;aimerai juste voir comment tu vas passer le prochain tron\u00e7on ?\" width=\"101\" height=\"57\" class=\"skip-lazy fg-image\" decoding=\"async\" loading=\"lazy\"><\/span><span class=\"fg-image-overlay\"><\/span><\/a><figcaption class=\"fg-caption\"><div class=\"fg-caption-inner\"><div class=\"fg-caption-desc\">- Rien, j'aimerai juste voir comment tu vas passer le prochain tron\u00e7on ?<\/div><\/div><\/figcaption><\/figure><div class=\"fg-loader\"><\/div><\/div><div class=\"fg-item fg-type-image fg-loading\"><figure class=\"fg-item-inner\"><a href=\"https:\/\/alpavista.ch\/Alp11\/wp-content\/uploads\/Anteme_11_020.jpg\" data-caption-title=\"- Euh... et bien, visiblement, \u00e0 peu pr\u00e8s comme toi.\" data-caption-desc=\"- Euh... et bien, visiblement, \u00e0 peu pr\u00e8s comme toi.\" data-attachment-id=\"19542\" data-type=\"image\" class=\"fg-thumb\"><span class=\"fg-image-wrap\"><img src=\"https:\/\/alpavista.ch\/Alp11\/wp-content\/uploads\/cache\/Anteme_11_020\/336853720.jpg\" alt=\"Anteme_11_020\" title=\"- Euh... et bien, visiblement, \u00e0 peu pr\u00e8s comme toi.\" width=\"101\" height=\"57\" class=\"skip-lazy fg-image\" decoding=\"async\" loading=\"lazy\"><\/span><span class=\"fg-image-overlay\"><\/span><\/a><figcaption class=\"fg-caption\"><div class=\"fg-caption-inner\"><div class=\"fg-caption-desc\">- Euh... et bien, visiblement, \u00e0 peu pr\u00e8s comme toi.<\/div><\/div><\/figcaption><\/figure><div class=\"fg-loader\"><\/div><\/div><div class=\"fg-item fg-type-image fg-loading\"><figure class=\"fg-item-inner\"><a href=\"https:\/\/alpavista.ch\/Alp11\/wp-content\/uploads\/Anteme_11_021.jpg\" data-caption-title=\"Admirer le panorama ou rester sur le chemin, ici plus qu&#039;ailleurs, il faut forc\u00e9ment choisir.\" data-caption-desc=\"Admirer le panorama ou rester sur le chemin, ici plus qu&#039;ailleurs, il faut forc\u00e9ment choisir.\" data-attachment-id=\"19541\" data-type=\"image\" class=\"fg-thumb\"><span class=\"fg-image-wrap\"><img src=\"https:\/\/alpavista.ch\/Alp11\/wp-content\/uploads\/cache\/Anteme_11_021\/1889617628.jpg\" alt=\"Anteme_11_021\" title=\"Admirer le panorama ou rester sur le chemin, ici plus qu&#039;ailleurs, il faut forc\u00e9ment choisir.\" width=\"101\" height=\"57\" class=\"skip-lazy fg-image\" decoding=\"async\" loading=\"lazy\"><\/span><span class=\"fg-image-overlay\"><\/span><\/a><figcaption class=\"fg-caption\"><div class=\"fg-caption-inner\"><div class=\"fg-caption-desc\">Admirer le panorama ou rester sur le chemin, ici plus qu'ailleurs, il faut forc\u00e9ment choisir.<\/div><\/div><\/figcaption><\/figure><div class=\"fg-loader\"><\/div><\/div><div class=\"fg-item fg-type-image fg-loading\"><figure class=\"fg-item-inner\"><a href=\"https:\/\/alpavista.ch\/Alp11\/wp-content\/uploads\/Anteme_11_022.jpg\" data-caption-title=\"Effort de concert ... ou concert d&#039;efforts.\" data-caption-desc=\"Effort de concert ... ou concert d&#039;efforts.\" data-attachment-id=\"19540\" data-type=\"image\" class=\"fg-thumb\"><span class=\"fg-image-wrap\"><img src=\"https:\/\/alpavista.ch\/Alp11\/wp-content\/uploads\/cache\/Anteme_11_022\/2581189961.jpg\" alt=\"Anteme_11_022\" title=\"Effort de concert ... ou concert d&#039;efforts.\" width=\"101\" height=\"57\" class=\"skip-lazy fg-image\" decoding=\"async\" loading=\"lazy\"><\/span><span class=\"fg-image-overlay\"><\/span><\/a><figcaption class=\"fg-caption\"><div class=\"fg-caption-inner\"><div class=\"fg-caption-desc\">Effort de concert ... ou concert d'efforts.<\/div><\/div><\/figcaption><\/figure><div class=\"fg-loader\"><\/div><\/div><div class=\"fg-item fg-type-image fg-loading\"><figure class=\"fg-item-inner\"><a href=\"https:\/\/alpavista.ch\/Alp11\/wp-content\/uploads\/Anteme_11_023.jpg\" data-caption-title=\"Y a quand m\u00eame des moments, et surtout des endroits, o\u00f9 il est facile de trouver un second souffle.\" data-caption-desc=\"Y a quand m\u00eame des moments, et surtout des endroits, o\u00f9 il est facile de trouver un second souffle.\" data-attachment-id=\"19539\" data-type=\"image\" class=\"fg-thumb\"><span class=\"fg-image-wrap\"><img src=\"https:\/\/alpavista.ch\/Alp11\/wp-content\/uploads\/cache\/Anteme_11_023\/574556354.jpg\" alt=\"Anteme_11_023\" title=\"Y a quand m\u00eame des moments, et surtout des endroits, o\u00f9 il est facile de trouver un second souffle.\" width=\"101\" height=\"57\" class=\"skip-lazy fg-image\" decoding=\"async\" loading=\"lazy\"><\/span><span class=\"fg-image-overlay\"><\/span><\/a><figcaption class=\"fg-caption\"><div class=\"fg-caption-inner\"><div class=\"fg-caption-desc\">Y a quand m\u00eame des moments, et surtout des endroits, o\u00f9 il est facile de trouver un second souffle.<\/div><\/div><\/figcaption><\/figure><div class=\"fg-loader\"><\/div><\/div><div class=\"fg-item fg-type-image fg-loading\"><figure class=\"fg-item-inner\"><a href=\"https:\/\/alpavista.ch\/Alp11\/wp-content\/uploads\/Anteme_11_024.jpg\" data-caption-title=\"Et d&#039;autres, o\u00f9 \u00e7a l&#039;est moins ...\" data-caption-desc=\"Et d&#039;autres, o\u00f9 \u00e7a l&#039;est moins ...\" data-attachment-id=\"19538\" data-type=\"image\" class=\"fg-thumb\"><span class=\"fg-image-wrap\"><img src=\"https:\/\/alpavista.ch\/Alp11\/wp-content\/uploads\/cache\/Anteme_11_024\/1326290349.jpg\" alt=\"Anteme_11_024\" title=\"Et d&#039;autres, o\u00f9 \u00e7a l&#039;est moins ...\" width=\"101\" height=\"57\" class=\"skip-lazy fg-image\" decoding=\"async\" loading=\"lazy\"><\/span><span class=\"fg-image-overlay\"><\/span><\/a><figcaption class=\"fg-caption\"><div class=\"fg-caption-inner\"><div class=\"fg-caption-desc\">Et d'autres, o\u00f9 \u00e7a l'est moins ...<\/div><\/div><\/figcaption><\/figure><div class=\"fg-loader\"><\/div><\/div><div class=\"fg-item fg-type-image fg-loading\"><figure class=\"fg-item-inner\"><a href=\"https:\/\/alpavista.ch\/Alp11\/wp-content\/uploads\/Anteme_11_025.jpg\" data-caption-title=\"- Tu le vois le coca sur la terrasse de la buvette ? \r\n- Tais-toi et p\u00e9dale.\" data-caption-desc=\"- Tu le vois le coca sur la terrasse de la buvette ? \r\n- Tais-toi et p\u00e9dale.\" data-attachment-id=\"19537\" data-type=\"image\" class=\"fg-thumb\"><span class=\"fg-image-wrap\"><img src=\"https:\/\/alpavista.ch\/Alp11\/wp-content\/uploads\/cache\/Anteme_11_025\/3863924994.jpg\" alt=\"Anteme_11_025\" title=\"- Tu le vois le coca sur la terrasse de la buvette ? \r\n- Tais-toi et p\u00e9dale.\" width=\"101\" height=\"57\" class=\"skip-lazy fg-image\" decoding=\"async\" loading=\"lazy\"><\/span><span class=\"fg-image-overlay\"><\/span><\/a><figcaption class=\"fg-caption\"><div class=\"fg-caption-inner\"><div class=\"fg-caption-desc\">- Tu le vois le coca sur la terrasse de la buvette ? \r\n- Tais-toi et p\u00e9dale.<\/div><\/div><\/figcaption><\/figure><div class=\"fg-loader\"><\/div><\/div><div class=\"fg-item fg-type-image fg-loading\"><figure class=\"fg-item-inner\"><a href=\"https:\/\/alpavista.ch\/Alp11\/wp-content\/uploads\/Anteme_11_026.jpg\" data-caption-title=\"Symphonie de turquoises pour trois bikers et deux lacs.\" data-caption-desc=\"Symphonie de turquoises pour trois bikers et deux lacs.\" data-attachment-id=\"19536\" data-type=\"image\" class=\"fg-thumb\"><span class=\"fg-image-wrap\"><img src=\"https:\/\/alpavista.ch\/Alp11\/wp-content\/uploads\/cache\/Anteme_11_026\/255214231.jpg\" alt=\"Anteme_11_026\" title=\"Symphonie de turquoises pour trois bikers et deux lacs.\" width=\"101\" height=\"57\" class=\"skip-lazy fg-image\" decoding=\"async\" loading=\"lazy\"><\/span><span class=\"fg-image-overlay\"><\/span><\/a><figcaption class=\"fg-caption\"><div class=\"fg-caption-inner\"><div class=\"fg-caption-desc\">Symphonie de turquoises pour trois bikers et deux lacs.<\/div><\/div><\/figcaption><\/figure><div class=\"fg-loader\"><\/div><\/div><div class=\"fg-item fg-type-image fg-loading\"><figure class=\"fg-item-inner\"><a href=\"https:\/\/alpavista.ch\/Alp11\/wp-content\/uploads\/Anteme_11_027.jpg\" data-caption-title=\"&quot;Ant\u00e8me Festival Academy&quot; : d\u00e9cid\u00e9ment nous n&#039;avons pas tous les m\u00eames valeurs.\" data-caption-desc=\"&quot;Ant\u00e8me Festival Academy&quot; : d\u00e9cid\u00e9ment nous n&#039;avons pas tous les m\u00eames valeurs.\" data-attachment-id=\"19535\" data-type=\"image\" class=\"fg-thumb\"><span class=\"fg-image-wrap\"><img src=\"https:\/\/alpavista.ch\/Alp11\/wp-content\/uploads\/cache\/Anteme_11_027\/1803878035.jpg\" alt=\"Anteme_11_027\" title=\"&quot;Ant\u00e8me Festival Academy&quot; : d\u00e9cid\u00e9ment nous n&#039;avons pas tous les m\u00eames valeurs.\" width=\"101\" height=\"57\" class=\"skip-lazy fg-image\" decoding=\"async\" loading=\"lazy\"><\/span><span class=\"fg-image-overlay\"><\/span><\/a><figcaption class=\"fg-caption\"><div class=\"fg-caption-inner\"><div class=\"fg-caption-desc\">\"Ant\u00e8me Festival Academy\" : d\u00e9cid\u00e9ment nous n'avons pas tous les m\u00eames valeurs.<\/div><\/div><\/figcaption><\/figure><div class=\"fg-loader\"><\/div><\/div><div class=\"fg-item fg-type-image fg-loading\"><figure class=\"fg-item-inner\"><a href=\"https:\/\/alpavista.ch\/Alp11\/wp-content\/uploads\/Anteme_11_028.jpg\" data-caption-title=\"- Vous \u00eates s\u00fbrs qu&#039;il faut absolument suivre le balisage ?\" data-caption-desc=\"- Vous \u00eates s\u00fbrs qu&#039;il faut absolument suivre le balisage ?\" data-attachment-id=\"19534\" data-type=\"image\" class=\"fg-thumb\"><span class=\"fg-image-wrap\"><img src=\"https:\/\/alpavista.ch\/Alp11\/wp-content\/uploads\/cache\/Anteme_11_028\/3579017289.jpg\" alt=\"Anteme_11_028\" title=\"- Vous \u00eates s\u00fbrs qu&#039;il faut absolument suivre le balisage ?\" width=\"101\" height=\"57\" class=\"skip-lazy fg-image\" decoding=\"async\" loading=\"lazy\"><\/span><span class=\"fg-image-overlay\"><\/span><\/a><figcaption class=\"fg-caption\"><div class=\"fg-caption-inner\"><div class=\"fg-caption-desc\">- Vous \u00eates s\u00fbrs qu'il faut absolument suivre le balisage ?<\/div><\/div><\/figcaption><\/figure><div class=\"fg-loader\"><\/div><\/div><div class=\"fg-item fg-type-image fg-loading\"><figure class=\"fg-item-inner\"><a href=\"https:\/\/alpavista.ch\/Alp11\/wp-content\/uploads\/Anteme_11_029.jpg\" data-caption-title=\"Une &quot;citerne&quot; de coca plus tard ...\" data-caption-desc=\"Une &quot;citerne&quot; de coca plus tard ...\" data-attachment-id=\"19533\" data-type=\"image\" class=\"fg-thumb\"><span class=\"fg-image-wrap\"><img src=\"https:\/\/alpavista.ch\/Alp11\/wp-content\/uploads\/cache\/Anteme_11_029\/4115567572.jpg\" alt=\"Anteme_11_029\" title=\"Une &quot;citerne&quot; de coca plus tard ...\" width=\"101\" height=\"57\" class=\"skip-lazy fg-image\" decoding=\"async\" loading=\"lazy\"><\/span><span class=\"fg-image-overlay\"><\/span><\/a><figcaption class=\"fg-caption\"><div class=\"fg-caption-inner\"><div class=\"fg-caption-desc\">Une \"citerne\" de coca plus tard ...<\/div><\/div><\/figcaption><\/figure><div class=\"fg-loader\"><\/div><\/div><div class=\"fg-item fg-type-image fg-loading\"><figure class=\"fg-item-inner\"><a href=\"https:\/\/alpavista.ch\/Alp11\/wp-content\/uploads\/Anteme_11_030.jpg\" data-caption-title=\"... sur l&#039;\u00e9troit single de l&#039;ar\u00eate de S\u00e9laire.\" data-caption-desc=\"... sur l&#039;\u00e9troit single de l&#039;ar\u00eate de S\u00e9laire.\" data-attachment-id=\"19532\" data-type=\"image\" class=\"fg-thumb\"><span class=\"fg-image-wrap\"><img src=\"https:\/\/alpavista.ch\/Alp11\/wp-content\/uploads\/cache\/Anteme_11_030\/2592934090.jpg\" alt=\"Anteme_11_030\" title=\"... sur l&#039;\u00e9troit single de l&#039;ar\u00eate de S\u00e9laire.\" width=\"101\" height=\"57\" class=\"skip-lazy fg-image\" decoding=\"async\" loading=\"lazy\"><\/span><span class=\"fg-image-overlay\"><\/span><\/a><figcaption class=\"fg-caption\"><div class=\"fg-caption-inner\"><div class=\"fg-caption-desc\">... sur l'\u00e9troit single de l'ar\u00eate de S\u00e9laire.<\/div><\/div><\/figcaption><\/figure><div class=\"fg-loader\"><\/div><\/div><div class=\"fg-item fg-type-image fg-loading\"><figure class=\"fg-item-inner\"><a href=\"https:\/\/alpavista.ch\/Alp11\/wp-content\/uploads\/Anteme_11_031.jpg\" data-caption-title=\"Et \u00e9troit c&#039;est juste le pr\u00e9nom.\" data-caption-desc=\"Et \u00e9troit c&#039;est juste le pr\u00e9nom.\" data-attachment-id=\"19531\" data-type=\"image\" class=\"fg-thumb\"><span class=\"fg-image-wrap\"><img src=\"https:\/\/alpavista.ch\/Alp11\/wp-content\/uploads\/cache\/Anteme_11_031\/4265587918.jpg\" alt=\"Anteme_11_031\" title=\"Et \u00e9troit c&#039;est juste le pr\u00e9nom.\" width=\"101\" height=\"57\" class=\"skip-lazy fg-image\" decoding=\"async\" loading=\"lazy\"><\/span><span class=\"fg-image-overlay\"><\/span><\/a><figcaption class=\"fg-caption\"><div class=\"fg-caption-inner\"><div class=\"fg-caption-desc\">Et \u00e9troit c'est juste le pr\u00e9nom.<\/div><\/div><\/figcaption><\/figure><div class=\"fg-loader\"><\/div><\/div><div class=\"fg-item fg-type-image fg-loading\"><figure class=\"fg-item-inner\"><a href=\"https:\/\/alpavista.ch\/Alp11\/wp-content\/uploads\/Anteme_11_032.jpg\" data-caption-title=\"Ici, plus qu&#039;ailleurs, il vaut mieux avoir les deux roues de son bike bien align\u00e9es pour esp\u00e9rer suivre ce trac\u00e9 filiforme.\" data-caption-desc=\"Ici, plus qu&#039;ailleurs, il vaut mieux avoir les deux roues de son bike bien align\u00e9es pour esp\u00e9rer suivre ce trac\u00e9 filiforme.\" data-attachment-id=\"19530\" data-type=\"image\" class=\"fg-thumb\"><span class=\"fg-image-wrap\"><img src=\"https:\/\/alpavista.ch\/Alp11\/wp-content\/uploads\/cache\/Anteme_11_032\/390539099.jpg\" alt=\"Anteme_11_032\" title=\"Ici, plus qu&#039;ailleurs, il vaut mieux avoir les deux roues de son bike bien align\u00e9es pour esp\u00e9rer suivre ce trac\u00e9 filiforme.\" width=\"101\" height=\"57\" class=\"skip-lazy fg-image\" decoding=\"async\" loading=\"lazy\"><\/span><span class=\"fg-image-overlay\"><\/span><\/a><figcaption class=\"fg-caption\"><div class=\"fg-caption-inner\"><div class=\"fg-caption-desc\">Ici, plus qu'ailleurs, il vaut mieux avoir les deux roues de son bike bien align\u00e9es pour esp\u00e9rer suivre ce trac\u00e9 filiforme.<\/div><\/div><\/figcaption><\/figure><div class=\"fg-loader\"><\/div><\/div><div class=\"fg-item fg-type-image fg-loading\"><figure class=\"fg-item-inner\"><a href=\"https:\/\/alpavista.ch\/Alp11\/wp-content\/uploads\/Anteme_11_033.jpg\" data-caption-title=\"Enfin un tron\u00e7on d&#039;une largeur \u00e0 peu pr\u00e8s suffisante ? Non, m\u00eame pas, juste un bref raidillon gras, boueux et d\u00e9vast\u00e9 par le passage r\u00e9p\u00e9t\u00e9 des moutons.\" data-caption-desc=\"Enfin un tron\u00e7on d&#039;une largeur \u00e0 peu pr\u00e8s suffisante ? Non, m\u00eame pas, juste un bref raidillon gras, boueux et d\u00e9vast\u00e9 par le passage r\u00e9p\u00e9t\u00e9 des moutons.\" data-attachment-id=\"19529\" data-type=\"image\" class=\"fg-thumb\"><span class=\"fg-image-wrap\"><img src=\"https:\/\/alpavista.ch\/Alp11\/wp-content\/uploads\/cache\/Anteme_11_033\/2353348380.jpg\" alt=\"Anteme_11_033\" title=\"Enfin un tron\u00e7on d&#039;une largeur \u00e0 peu pr\u00e8s suffisante ? Non, m\u00eame pas, juste un bref raidillon gras, boueux et d\u00e9vast\u00e9 par le passage r\u00e9p\u00e9t\u00e9 des moutons.\" width=\"101\" height=\"57\" class=\"skip-lazy fg-image\" decoding=\"async\" loading=\"lazy\"><\/span><span class=\"fg-image-overlay\"><\/span><\/a><figcaption class=\"fg-caption\"><div class=\"fg-caption-inner\"><div class=\"fg-caption-desc\">Enfin un tron\u00e7on d'une largeur \u00e0 peu pr\u00e8s suffisante ? Non, m\u00eame pas, juste un bref raidillon gras, boueux et d\u00e9vast\u00e9 par le passage r\u00e9p\u00e9t\u00e9 des moutons.<\/div><\/div><\/figcaption><\/figure><div class=\"fg-loader\"><\/div><\/div><div class=\"fg-item fg-type-image fg-loading\"><figure class=\"fg-item-inner\"><a href=\"https:\/\/alpavista.ch\/Alp11\/wp-content\/uploads\/Anteme_11_034.jpg\" data-caption-title=\"Youpi, nous revoil\u00e0 \u00e0 l&#039;\u00e9tage des for\u00eats, des racines humides...\" data-caption-desc=\"Youpi, nous revoil\u00e0 \u00e0 l&#039;\u00e9tage des for\u00eats, des racines humides...\" data-attachment-id=\"19528\" data-type=\"image\" class=\"fg-thumb\"><span class=\"fg-image-wrap\"><img src=\"https:\/\/alpavista.ch\/Alp11\/wp-content\/uploads\/cache\/Anteme_11_034\/3782713971.jpg\" alt=\"Anteme_11_034\" title=\"Youpi, nous revoil\u00e0 \u00e0 l&#039;\u00e9tage des for\u00eats, des racines humides...\" width=\"101\" height=\"57\" class=\"skip-lazy fg-image\" decoding=\"async\" loading=\"lazy\"><\/span><span class=\"fg-image-overlay\"><\/span><\/a><figcaption class=\"fg-caption\"><div class=\"fg-caption-inner\"><div class=\"fg-caption-desc\">Youpi, nous revoil\u00e0 \u00e0 l'\u00e9tage des for\u00eats, des racines humides...<\/div><\/div><\/figcaption><\/figure><div class=\"fg-loader\"><\/div><\/div><div class=\"fg-item fg-type-image fg-loading\"><figure class=\"fg-item-inner\"><a href=\"https:\/\/alpavista.ch\/Alp11\/wp-content\/uploads\/Anteme_11_035.jpg\" data-caption-title=\"... et des d\u00e9valoirs \u00e0 bois recycl\u00e9s en piste VTT.\" data-caption-desc=\"... et des d\u00e9valoirs \u00e0 bois recycl\u00e9s en piste VTT.\" data-attachment-id=\"19527\" data-type=\"image\" class=\"fg-thumb\"><span class=\"fg-image-wrap\"><img src=\"https:\/\/alpavista.ch\/Alp11\/wp-content\/uploads\/cache\/Anteme_11_035\/1211426524.jpg\" alt=\"Anteme_11_035\" title=\"... et des d\u00e9valoirs \u00e0 bois recycl\u00e9s en piste VTT.\" width=\"101\" height=\"57\" class=\"skip-lazy fg-image\" decoding=\"async\" loading=\"lazy\"><\/span><span class=\"fg-image-overlay\"><\/span><\/a><figcaption class=\"fg-caption\"><div class=\"fg-caption-inner\"><div class=\"fg-caption-desc\">... et des d\u00e9valoirs \u00e0 bois recycl\u00e9s en piste VTT.<\/div><\/div><\/figcaption><\/figure><div class=\"fg-loader\"><\/div><\/div><\/div>\n\n<input class=\"fooboxshare_post_id\" type=\"hidden\" value=\"4480\"\/>","protected":false},"excerpt":{"rendered":"<p>8 ans sans retourner sur la rive droite du Val d\u2019Illiez, c\u2019est 8 ans de trop ! L\u2019endroit est toujours aussi sauvage, ses versants sont toujours aussi abrupts, ses combes toujours aussi profondes, ses p\u00e2turages toujours aussi verdoyants et gras. Ses alpages sont toujours aussi \u00e9loign\u00e9s les uns des autres et ses vertigineux sentiers toujours aussi bien adapt\u00e9s au VTT. La remont\u00e9e du flanc oriental de la Vi\u00e8ze, une fois l\u2019ascension initiale, entre Choex et Chindonne, aval\u00e9e, est un v\u00e9ritable [&hellip;]<\/p>\n","protected":false},"author":2,"featured_media":6400,"comment_status":"open","ping_status":"open","sticky":false,"template":"","format":"standard","meta":{"footnotes":""},"categories":[658,4],"tags":[1243,1165,1177,1166,1490,1162,1163,1489,1164],"class_list":["post-4480","post","type-post","status-publish","format-standard","has-post-thumbnail","hentry","category-outdoor","category-vtt","tag-chalin","tag-champery","tag-chindonne","tag-illiez","tag-selaire","tag-signal-de-soi","tag-troistorrents","tag-valere","tag-valerette"],"_links":{"self":[{"href":"https:\/\/alpavista.ch\/Alp11\/wp-json\/wp\/v2\/posts\/4480","targetHints":{"allow":["GET"]}}],"collection":[{"href":"https:\/\/alpavista.ch\/Alp11\/wp-json\/wp\/v2\/posts"}],"about":[{"href":"https:\/\/alpavista.ch\/Alp11\/wp-json\/wp\/v2\/types\/post"}],"author":[{"embeddable":true,"href":"https:\/\/alpavista.ch\/Alp11\/wp-json\/wp\/v2\/users\/2"}],"replies":[{"embeddable":true,"href":"https:\/\/alpavista.ch\/Alp11\/wp-json\/wp\/v2\/comments?post=4480"}],"version-history":[{"count":0,"href":"https:\/\/alpavista.ch\/Alp11\/wp-json\/wp\/v2\/posts\/4480\/revisions"}],"wp:featuredmedia":[{"embeddable":true,"href":"https:\/\/alpavista.ch\/Alp11\/wp-json\/wp\/v2\/media\/6400"}],"wp:attachment":[{"href":"https:\/\/alpavista.ch\/Alp11\/wp-json\/wp\/v2\/media?parent=4480"}],"wp:term":[{"taxonomy":"category","embeddable":true,"href":"https:\/\/alpavista.ch\/Alp11\/wp-json\/wp\/v2\/categories?post=4480"},{"taxonomy":"post_tag","embeddable":true,"href":"https:\/\/alpavista.ch\/Alp11\/wp-json\/wp\/v2\/tags?post=4480"}],"curies":[{"name":"wp","href":"https:\/\/api.w.org\/{rel}","templated":true}]}}