{"id":4557,"date":"2011-12-23T17:02:03","date_gmt":"2011-12-23T16:02:03","guid":{"rendered":"http:\/\/www.alpavista.ch\/Alp11\/?p=4557"},"modified":"2022-12-09T17:41:12","modified_gmt":"2022-12-09T16:41:12","slug":"mont-noble-2011","status":"publish","type":"post","link":"https:\/\/alpavista.ch\/Alp11\/2011\/12\/23\/mont-noble-2011\/","title":{"rendered":"Mont-Noble 2011"},"content":{"rendered":"<p>Apr\u00e8s 20 jours (sur 23 en d\u00e9cembre) de pr\u00e9cipitations quasi continues, ceux qui ne croient toujours pas \u00e0 l\u2019influence des Saints de Glace, que j\u2019avais \u00e9voqu\u00e9s dans mon dernier article,<a href=\"http:\/\/www.alpavista.ch\/Alp11\/2011\/11\/25\/christ-roi-2011\/\" title=\"Christ(s)-Roi(s) 2011\"> -un week-end, deux Christ-Rois-<\/a>, doivent aujourd\u2019hui s\u00e9rieusement envisager une remise en question leur \u00ab pi\u00e8tre \u00bb foi. De m\u00e9moire, jamais un d\u00e9cembre n\u2019avait \u00e9t\u00e9 si prodigue en pluie et\/ou en neige. Notre s\u00e9cheresse de fin d\u2019automne n\u2019est d\u00e9sormais plus qu\u2019un mauvais souvenir et l\u2019\u00e9paisseur du manteau neigeux, en altitude, est localement \u00ab hallucinante \u00bb.<br \/>\n<!--more--><br \/>\nEvidemment, avec 20 jours de mauvais temps, les opportunit\u00e9s d\u2019entreprendre une premi\u00e8re sortie hivernale ont rapidement tangent\u00e9 avec le niveau de d\u00e9ficit de certains \u00e9tats sur le point de perdre leur <a href=\"http:\/\/www.alpavista.ch\/Alp11\/2011\/12\/17\/triple-a\/\" title=\"Triple A\">triple A<\/a>. Mais, gr\u00e2ce \u00e0 une synchronisation quasi divine, le retour des hautes-pressions, semble co\u00efncider, une fois n&rsquo;est pas coutume, avec le d\u00e9but des vacances de fin d\u2019ann\u00e9e. Du coupe, les projets de rando se sont donc rapidement mis \u00e0 germer, et malgr\u00e9 le risque d\u2019avalanche \u00e9lev\u00e9 (3 sur les Alpes Valaisannes, 4 sur la partie orientale des Alpes Bernoises), les envies de glisse \u00e0 p\u00e9tiller comme un Champagne mill\u00e9sim\u00e9 trop longtemps rest\u00e9 enferm\u00e9 dans son magnum. En attendant que l\u2019impressionnante couche d\u2019or blanc se stabilise quelque peu, nous avons choisi d\u2019aller crapahuter sur l\u2019un des grands classiques de d\u00e9but de saison, le Mont-Noble. Son gros kilom\u00e8tre de D+, son trac\u00e9 semi-forestier et sa proximit\u00e9 avec le domaine skiable de Nax en font souvent un choix int\u00e9ressant pour les journ\u00e9es d\u00e9licates ou incertaines.<\/p>\n<style type=\"text\/css\">\n#foogallery-gallery-20171 .fg-image { width: 101px; }\n#foogallery-gallery-20171 { --fg-gutter: 1px; }<\/style>\n\t\t\t<div class=\"foogallery foogallery-container foogallery-default foogallery-lightbox-none fg-left fg-default fg-ready fg-light fg-loading-default fg-loaded-fade-in fg-preset fg-selena fg-preset-small fg-preset fg-selena fg-preset-small\" id=\"foogallery-gallery-20171\" data-foogallery=\"{&quot;item&quot;:{&quot;showCaptionTitle&quot;:false,&quot;showCaptionDescription&quot;:true},&quot;lazy&quot;:true,&quot;state&quot;:{&quot;enabled&quot;:true,&quot;mask&quot;:&quot;foogallery-{id}&quot;}}\" style=\"--fg-title-line-clamp: 0; --fg-description-line-clamp: 0;\" >\n\t<div class=\"fg-item fg-type-image fg-idle\"><figure class=\"fg-item-inner\"><a href=\"https:\/\/alpavista.ch\/Alp11\/wp-content\/uploads\/Mont-Noble_11_001.jpg\" data-caption-title=\"A peine quelques hetcom\u00e8tres de piste balis\u00e9e avant que l&#039;appel des chemins ne devienne le plus fort.  Peu importe la saison, ce n&#039;est plus un penchant, c&#039;est carr\u00e9ment une obsession.\" data-caption-desc=\"A peine quelques hetcom\u00e8tres de piste balis\u00e9e avant que l&#039;appel des chemins ne devienne le plus fort.  Peu importe la saison, ce n&#039;est plus un penchant, c&#039;est carr\u00e9ment une obsession.\" data-attachment-id=\"20192\" data-type=\"image\" class=\"fg-thumb\"><span class=\"fg-image-wrap\"><img decoding=\"async\" alt=\"Mont-Noble_11_001\" title=\"A peine quelques hetcom\u00e8tres de piste balis\u00e9e avant que l&#039;appel des chemins ne devienne le plus fort.  Peu importe la saison, ce n&#039;est plus un penchant, c&#039;est carr\u00e9ment une obsession.\" width=\"101\" height=\"57\" class=\"skip-lazy fg-image\" data-src-fg=\"https:\/\/alpavista.ch\/Alp11\/wp-content\/uploads\/cache\/Mont-Noble_11_001\/4076081333.jpg\" src=\"data:image\/svg+xml,%3Csvg%20xmlns%3D%22http%3A%2F%2Fwww.w3.org%2F2000%2Fsvg%22%20width%3D%22101%22%20height%3D%2257%22%20viewBox%3D%220%200%20101%2057%22%3E%3C%2Fsvg%3E\" loading=\"eager\"><\/span><span class=\"fg-image-overlay\"><\/span><\/a><figcaption class=\"fg-caption\"><div class=\"fg-caption-inner\"><div class=\"fg-caption-desc\">A peine quelques hetcom\u00e8tres de piste balis\u00e9e avant que l'appel des chemins ne devienne le plus fort.  Peu importe la saison, ce n'est plus un penchant, c'est carr\u00e9ment une obsession.<\/div><\/div><\/figcaption><\/figure><div class=\"fg-loader\"><\/div><\/div><div class=\"fg-item fg-type-image fg-idle\"><figure class=\"fg-item-inner\"><a href=\"https:\/\/alpavista.ch\/Alp11\/wp-content\/uploads\/Mont-Noble_11_002.jpg\" data-caption-title=\"Pourtant, avec de telles quantit\u00e9s de neige, les chemins forestiers r\u00e9servent forc\u00e9ment quelques surprises.\" data-caption-desc=\"Pourtant, avec de telles quantit\u00e9s de neige, les chemins forestiers r\u00e9servent forc\u00e9ment quelques surprises.\" data-attachment-id=\"20191\" data-type=\"image\" class=\"fg-thumb\"><span class=\"fg-image-wrap\"><img decoding=\"async\" alt=\"Mont-Noble_11_002\" title=\"Pourtant, avec de telles quantit\u00e9s de neige, les chemins forestiers r\u00e9servent forc\u00e9ment quelques surprises.\" width=\"101\" height=\"57\" class=\"skip-lazy fg-image\" data-src-fg=\"https:\/\/alpavista.ch\/Alp11\/wp-content\/uploads\/cache\/Mont-Noble_11_002\/953459297.jpg\" src=\"data:image\/svg+xml,%3Csvg%20xmlns%3D%22http%3A%2F%2Fwww.w3.org%2F2000%2Fsvg%22%20width%3D%22101%22%20height%3D%2257%22%20viewBox%3D%220%200%20101%2057%22%3E%3C%2Fsvg%3E\" loading=\"eager\"><\/span><span class=\"fg-image-overlay\"><\/span><\/a><figcaption class=\"fg-caption\"><div class=\"fg-caption-inner\"><div class=\"fg-caption-desc\">Pourtant, avec de telles quantit\u00e9s de neige, les chemins forestiers r\u00e9servent forc\u00e9ment quelques surprises.<\/div><\/div><\/figcaption><\/figure><div class=\"fg-loader\"><\/div><\/div><div class=\"fg-item fg-type-image fg-idle\"><figure class=\"fg-item-inner\"><a href=\"https:\/\/alpavista.ch\/Alp11\/wp-content\/uploads\/Mont-Noble_11_003.jpg\" data-caption-title=\"Il en va du ski comme de la recherche d&#039;appart&#039;. Le bon choix de l&#039;\u00e9tage est essentiel.\" data-caption-desc=\"Il en va du ski comme de la recherche d&#039;appart&#039;. Le bon choix de l&#039;\u00e9tage est essentiel.\" data-attachment-id=\"20190\" data-type=\"image\" class=\"fg-thumb\"><span class=\"fg-image-wrap\"><img decoding=\"async\" alt=\"Mont-Noble_11_003\" title=\"Il en va du ski comme de la recherche d&#039;appart&#039;. Le bon choix de l&#039;\u00e9tage est essentiel.\" width=\"101\" height=\"57\" class=\"skip-lazy fg-image\" data-src-fg=\"https:\/\/alpavista.ch\/Alp11\/wp-content\/uploads\/cache\/Mont-Noble_11_003\/3357265426.jpg\" src=\"data:image\/svg+xml,%3Csvg%20xmlns%3D%22http%3A%2F%2Fwww.w3.org%2F2000%2Fsvg%22%20width%3D%22101%22%20height%3D%2257%22%20viewBox%3D%220%200%20101%2057%22%3E%3C%2Fsvg%3E\" loading=\"eager\"><\/span><span class=\"fg-image-overlay\"><\/span><\/a><figcaption class=\"fg-caption\"><div class=\"fg-caption-inner\"><div class=\"fg-caption-desc\">Il en va du ski comme de la recherche d'appart'. Le bon choix de l'\u00e9tage est essentiel.<\/div><\/div><\/figcaption><\/figure><div class=\"fg-loader\"><\/div><\/div><div class=\"fg-item fg-type-image fg-idle\"><figure class=\"fg-item-inner\"><a href=\"https:\/\/alpavista.ch\/Alp11\/wp-content\/uploads\/Mont-Noble_11_004.jpg\" data-caption-title=\"Malgr\u00e9 le redoux et la remont\u00e9e des pluies, la couche d&#039;or blanc est rapidement tr\u00e8s cons\u00e9quente.\" data-caption-desc=\"Malgr\u00e9 le redoux et la remont\u00e9e des pluies, la couche d&#039;or blanc est rapidement tr\u00e8s cons\u00e9quente.\" data-attachment-id=\"20189\" data-type=\"image\" class=\"fg-thumb\"><span class=\"fg-image-wrap\"><img decoding=\"async\" alt=\"Mont-Noble_11_004\" title=\"Malgr\u00e9 le redoux et la remont\u00e9e des pluies, la couche d&#039;or blanc est rapidement tr\u00e8s cons\u00e9quente.\" width=\"101\" height=\"57\" class=\"skip-lazy fg-image\" data-src-fg=\"https:\/\/alpavista.ch\/Alp11\/wp-content\/uploads\/cache\/Mont-Noble_11_004\/409350502.jpg\" src=\"data:image\/svg+xml,%3Csvg%20xmlns%3D%22http%3A%2F%2Fwww.w3.org%2F2000%2Fsvg%22%20width%3D%22101%22%20height%3D%2257%22%20viewBox%3D%220%200%20101%2057%22%3E%3C%2Fsvg%3E\" loading=\"eager\"><\/span><span class=\"fg-image-overlay\"><\/span><\/a><figcaption class=\"fg-caption\"><div class=\"fg-caption-inner\"><div class=\"fg-caption-desc\">Malgr\u00e9 le redoux et la remont\u00e9e des pluies, la couche d'or blanc est rapidement tr\u00e8s cons\u00e9quente.<\/div><\/div><\/figcaption><\/figure><div class=\"fg-loader\"><\/div><\/div><div class=\"fg-item fg-type-image fg-idle\"><figure class=\"fg-item-inner\"><a href=\"https:\/\/alpavista.ch\/Alp11\/wp-content\/uploads\/Mont-Noble_11_005.jpg\" data-caption-title=\"Au point que certains panneaux de tourisme p\u00e9destre peinent d\u00e9sormais \u00e0 jouer leur r\u00f4le indicateur.\" data-caption-desc=\"Au point que certains panneaux de tourisme p\u00e9destre peinent d\u00e9sormais \u00e0 jouer leur r\u00f4le indicateur.\" data-attachment-id=\"20188\" data-type=\"image\" class=\"fg-thumb\"><span class=\"fg-image-wrap\"><img decoding=\"async\" alt=\"Mont-Noble_11_005\" title=\"Au point que certains panneaux de tourisme p\u00e9destre peinent d\u00e9sormais \u00e0 jouer leur r\u00f4le indicateur.\" width=\"101\" height=\"57\" class=\"skip-lazy fg-image\" data-src-fg=\"https:\/\/alpavista.ch\/Alp11\/wp-content\/uploads\/cache\/Mont-Noble_11_005\/3903413525.jpg\" src=\"data:image\/svg+xml,%3Csvg%20xmlns%3D%22http%3A%2F%2Fwww.w3.org%2F2000%2Fsvg%22%20width%3D%22101%22%20height%3D%2257%22%20viewBox%3D%220%200%20101%2057%22%3E%3C%2Fsvg%3E\" loading=\"eager\"><\/span><span class=\"fg-image-overlay\"><\/span><\/a><figcaption class=\"fg-caption\"><div class=\"fg-caption-inner\"><div class=\"fg-caption-desc\">Au point que certains panneaux de tourisme p\u00e9destre peinent d\u00e9sormais \u00e0 jouer leur r\u00f4le indicateur.<\/div><\/div><\/figcaption><\/figure><div class=\"fg-loader\"><\/div><\/div><div class=\"fg-item fg-type-image fg-idle\"><figure class=\"fg-item-inner\"><a href=\"https:\/\/alpavista.ch\/Alp11\/wp-content\/uploads\/Mont-Noble_11_006.jpg\" data-caption-title=\"Le c\u00e9l\u00e8brissime &quot;Brazilian&quot;, cher aux vttistes, dans sa version half-pipe hivernal.\" data-caption-desc=\"Le c\u00e9l\u00e8brissime &quot;Brazilian&quot;, cher aux vttistes, dans sa version half-pipe hivernal.\" data-attachment-id=\"20187\" data-type=\"image\" class=\"fg-thumb\"><span class=\"fg-image-wrap\"><img decoding=\"async\" alt=\"Mont-Noble_11_006\" title=\"Le c\u00e9l\u00e8brissime &quot;Brazilian&quot;, cher aux vttistes, dans sa version half-pipe hivernal.\" width=\"101\" height=\"57\" class=\"skip-lazy fg-image\" data-src-fg=\"https:\/\/alpavista.ch\/Alp11\/wp-content\/uploads\/cache\/Mont-Noble_11_006\/3947248988.jpg\" src=\"data:image\/svg+xml,%3Csvg%20xmlns%3D%22http%3A%2F%2Fwww.w3.org%2F2000%2Fsvg%22%20width%3D%22101%22%20height%3D%2257%22%20viewBox%3D%220%200%20101%2057%22%3E%3C%2Fsvg%3E\" loading=\"eager\"><\/span><span class=\"fg-image-overlay\"><\/span><\/a><figcaption class=\"fg-caption\"><div class=\"fg-caption-inner\"><div class=\"fg-caption-desc\">Le c\u00e9l\u00e8brissime \"Brazilian\", cher aux vttistes, dans sa version half-pipe hivernal.<\/div><\/div><\/figcaption><\/figure><div class=\"fg-loader\"><\/div><\/div><div class=\"fg-item fg-type-image fg-idle\"><figure class=\"fg-item-inner\"><a href=\"https:\/\/alpavista.ch\/Alp11\/wp-content\/uploads\/Mont-Noble_11_007.jpg\" data-caption-title=\"D&#039;abord accroch\u00e9 a la cime des arbres, le soleil finit par descendre au niveau de la trace, pour notre plus grand plaisir.\" data-caption-desc=\"D&#039;abord accroch\u00e9 a la cime des arbres, le soleil finit par descendre au niveau de la trace, pour notre plus grand plaisir.\" data-attachment-id=\"20186\" data-type=\"image\" class=\"fg-thumb\"><span class=\"fg-image-wrap\"><img decoding=\"async\" alt=\"Mont-Noble_11_007\" title=\"D&#039;abord accroch\u00e9 a la cime des arbres, le soleil finit par descendre au niveau de la trace, pour notre plus grand plaisir.\" width=\"101\" height=\"57\" class=\"skip-lazy fg-image\" data-src-fg=\"https:\/\/alpavista.ch\/Alp11\/wp-content\/uploads\/cache\/Mont-Noble_11_007\/461984047.jpg\" src=\"data:image\/svg+xml,%3Csvg%20xmlns%3D%22http%3A%2F%2Fwww.w3.org%2F2000%2Fsvg%22%20width%3D%22101%22%20height%3D%2257%22%20viewBox%3D%220%200%20101%2057%22%3E%3C%2Fsvg%3E\" loading=\"eager\"><\/span><span class=\"fg-image-overlay\"><\/span><\/a><figcaption class=\"fg-caption\"><div class=\"fg-caption-inner\"><div class=\"fg-caption-desc\">D'abord accroch\u00e9 a la cime des arbres, le soleil finit par descendre au niveau de la trace, pour notre plus grand plaisir.<\/div><\/div><\/figcaption><\/figure><div class=\"fg-loader\"><\/div><\/div><div class=\"fg-item fg-type-image fg-idle\"><figure class=\"fg-item-inner\"><a href=\"https:\/\/alpavista.ch\/Alp11\/wp-content\/uploads\/Mont-Noble_11_008.jpg\" data-caption-title=\"Avec l&#039;altitude, la couche de fra\u00eeche gagne encore en \u00e9paisseur. Merci aux l\u00e8ve-t\u00f4t d&#039;avoir fait la trace.\" data-caption-desc=\"Avec l&#039;altitude, la couche de fra\u00eeche gagne encore en \u00e9paisseur. Merci aux l\u00e8ve-t\u00f4t d&#039;avoir fait la trace.\" data-attachment-id=\"20185\" data-type=\"image\" class=\"fg-thumb\"><span class=\"fg-image-wrap\"><img decoding=\"async\" alt=\"Mont-Noble_11_008\" title=\"Avec l&#039;altitude, la couche de fra\u00eeche gagne encore en \u00e9paisseur. Merci aux l\u00e8ve-t\u00f4t d&#039;avoir fait la trace.\" width=\"101\" height=\"57\" class=\"skip-lazy fg-image\" data-src-fg=\"https:\/\/alpavista.ch\/Alp11\/wp-content\/uploads\/cache\/Mont-Noble_11_008\/2248603316.jpg\" src=\"data:image\/svg+xml,%3Csvg%20xmlns%3D%22http%3A%2F%2Fwww.w3.org%2F2000%2Fsvg%22%20width%3D%22101%22%20height%3D%2257%22%20viewBox%3D%220%200%20101%2057%22%3E%3C%2Fsvg%3E\" loading=\"eager\"><\/span><span class=\"fg-image-overlay\"><\/span><\/a><figcaption class=\"fg-caption\"><div class=\"fg-caption-inner\"><div class=\"fg-caption-desc\">Avec l'altitude, la couche de fra\u00eeche gagne encore en \u00e9paisseur. Merci aux l\u00e8ve-t\u00f4t d'avoir fait la trace.<\/div><\/div><\/figcaption><\/figure><div class=\"fg-loader\"><\/div><\/div><div class=\"fg-item fg-type-image fg-idle\"><figure class=\"fg-item-inner\"><a href=\"https:\/\/alpavista.ch\/Alp11\/wp-content\/uploads\/Mont-Noble_11_009.jpg\" data-caption-title=\"Soleil de d\u00e9cembre et relief ondulant, pour une superbe jeu d&#039;ombre et de lumi\u00e8re.\" data-caption-desc=\"Soleil de d\u00e9cembre et relief ondulant, pour une superbe jeu d&#039;ombre et de lumi\u00e8re.\" data-attachment-id=\"20184\" data-type=\"image\" class=\"fg-thumb\"><span class=\"fg-image-wrap\"><img decoding=\"async\" alt=\"Mont-Noble_11_009\" title=\"Soleil de d\u00e9cembre et relief ondulant, pour une superbe jeu d&#039;ombre et de lumi\u00e8re.\" width=\"101\" height=\"57\" class=\"skip-lazy fg-image\" data-src-fg=\"https:\/\/alpavista.ch\/Alp11\/wp-content\/uploads\/cache\/Mont-Noble_11_009\/1992923847.jpg\" src=\"data:image\/svg+xml,%3Csvg%20xmlns%3D%22http%3A%2F%2Fwww.w3.org%2F2000%2Fsvg%22%20width%3D%22101%22%20height%3D%2257%22%20viewBox%3D%220%200%20101%2057%22%3E%3C%2Fsvg%3E\" loading=\"eager\"><\/span><span class=\"fg-image-overlay\"><\/span><\/a><figcaption class=\"fg-caption\"><div class=\"fg-caption-inner\"><div class=\"fg-caption-desc\">Soleil de d\u00e9cembre et relief ondulant, pour une superbe jeu d'ombre et de lumi\u00e8re.<\/div><\/div><\/figcaption><\/figure><div class=\"fg-loader\"><\/div><\/div><div class=\"fg-item fg-type-image fg-idle\"><figure class=\"fg-item-inner\"><a href=\"https:\/\/alpavista.ch\/Alp11\/wp-content\/uploads\/Mont-Noble_11_010.jpg\" data-caption-title=\"Et pendant ce temps-l\u00e0, un peu partout en Suisse, le blues du stratus hivernal s&#039;insinue peu \u00e0 peu.\" data-caption-desc=\"Et pendant ce temps-l\u00e0, un peu partout en Suisse, le blues du stratus hivernal s&#039;insinue peu \u00e0 peu.\" data-attachment-id=\"20183\" data-type=\"image\" class=\"fg-thumb\"><span class=\"fg-image-wrap\"><img decoding=\"async\" alt=\"Mont-Noble_11_010\" title=\"Et pendant ce temps-l\u00e0, un peu partout en Suisse, le blues du stratus hivernal s&#039;insinue peu \u00e0 peu.\" width=\"101\" height=\"57\" class=\"skip-lazy fg-image\" data-src-fg=\"https:\/\/alpavista.ch\/Alp11\/wp-content\/uploads\/cache\/Mont-Noble_11_010\/3418854188.jpg\" src=\"data:image\/svg+xml,%3Csvg%20xmlns%3D%22http%3A%2F%2Fwww.w3.org%2F2000%2Fsvg%22%20width%3D%22101%22%20height%3D%2257%22%20viewBox%3D%220%200%20101%2057%22%3E%3C%2Fsvg%3E\" loading=\"eager\"><\/span><span class=\"fg-image-overlay\"><\/span><\/a><figcaption class=\"fg-caption\"><div class=\"fg-caption-inner\"><div class=\"fg-caption-desc\">Et pendant ce temps-l\u00e0, un peu partout en Suisse, le blues du stratus hivernal s'insinue peu \u00e0 peu.<\/div><\/div><\/figcaption><\/figure><div class=\"fg-loader\"><\/div><\/div><div class=\"fg-item fg-type-image fg-idle\"><figure class=\"fg-item-inner\"><a href=\"https:\/\/alpavista.ch\/Alp11\/wp-content\/uploads\/Mont-Noble_11_011.jpg\" data-caption-title=\"M\u00eame le Val d&#039;H\u00e9rens n&#039;arrive pas \u00e0 se d\u00e9p\u00e9trer de sa singuli\u00e8re et \u00e9paisse couche de ouate humide.\" data-caption-desc=\"M\u00eame le Val d&#039;H\u00e9rens n&#039;arrive pas \u00e0 se d\u00e9p\u00e9trer de sa singuli\u00e8re et \u00e9paisse couche de ouate humide.\" data-attachment-id=\"20182\" data-type=\"image\" class=\"fg-thumb\"><span class=\"fg-image-wrap\"><img decoding=\"async\" alt=\"Mont-Noble_11_011\" title=\"M\u00eame le Val d&#039;H\u00e9rens n&#039;arrive pas \u00e0 se d\u00e9p\u00e9trer de sa singuli\u00e8re et \u00e9paisse couche de ouate humide.\" width=\"101\" height=\"57\" class=\"skip-lazy fg-image\" data-src-fg=\"https:\/\/alpavista.ch\/Alp11\/wp-content\/uploads\/cache\/Mont-Noble_11_011\/990445407.jpg\" src=\"data:image\/svg+xml,%3Csvg%20xmlns%3D%22http%3A%2F%2Fwww.w3.org%2F2000%2Fsvg%22%20width%3D%22101%22%20height%3D%2257%22%20viewBox%3D%220%200%20101%2057%22%3E%3C%2Fsvg%3E\" loading=\"eager\"><\/span><span class=\"fg-image-overlay\"><\/span><\/a><figcaption class=\"fg-caption\"><div class=\"fg-caption-inner\"><div class=\"fg-caption-desc\">M\u00eame le Val d'H\u00e9rens n'arrive pas \u00e0 se d\u00e9p\u00e9trer de sa singuli\u00e8re et \u00e9paisse couche de ouate humide.<\/div><\/div><\/figcaption><\/figure><div class=\"fg-loader\"><\/div><\/div><div class=\"fg-item fg-type-image fg-idle\"><figure class=\"fg-item-inner\"><a href=\"https:\/\/alpavista.ch\/Alp11\/wp-content\/uploads\/Mont-Noble_11_012.jpg\" data-caption-title=\"L&#039;\u00eele au soleil : \u00e0 partir du sommet des Planards, les l\u00e8ve-t\u00f4t se font aussi rare que les pistes d\u00e9j\u00e0 entretenues.\" data-caption-desc=\"L&#039;\u00eele au soleil : \u00e0 partir du sommet des Planards, les l\u00e8ve-t\u00f4t se font aussi rare que les pistes d\u00e9j\u00e0 entretenues.\" data-attachment-id=\"20181\" data-type=\"image\" class=\"fg-thumb\"><span class=\"fg-image-wrap\"><img decoding=\"async\" alt=\"Mont-Noble_11_012\" title=\"L&#039;\u00eele au soleil : \u00e0 partir du sommet des Planards, les l\u00e8ve-t\u00f4t se font aussi rare que les pistes d\u00e9j\u00e0 entretenues.\" width=\"101\" height=\"57\" class=\"skip-lazy fg-image\" data-src-fg=\"https:\/\/alpavista.ch\/Alp11\/wp-content\/uploads\/cache\/Mont-Noble_11_012\/4045950347.jpg\" src=\"data:image\/svg+xml,%3Csvg%20xmlns%3D%22http%3A%2F%2Fwww.w3.org%2F2000%2Fsvg%22%20width%3D%22101%22%20height%3D%2257%22%20viewBox%3D%220%200%20101%2057%22%3E%3C%2Fsvg%3E\" loading=\"eager\"><\/span><span class=\"fg-image-overlay\"><\/span><\/a><figcaption class=\"fg-caption\"><div class=\"fg-caption-inner\"><div class=\"fg-caption-desc\">L'\u00eele au soleil : \u00e0 partir du sommet des Planards, les l\u00e8ve-t\u00f4t se font aussi rare que les pistes d\u00e9j\u00e0 entretenues.<\/div><\/div><\/figcaption><\/figure><div class=\"fg-loader\"><\/div><\/div><div class=\"fg-item fg-type-image fg-idle\"><figure class=\"fg-item-inner\"><a href=\"https:\/\/alpavista.ch\/Alp11\/wp-content\/uploads\/Mont-Noble_11_013.jpg\" data-caption-title=\"Au menu du dernier quart d&#039;heure : un seul courageux traceur et une neige de plus en collante, car d\u00e9j\u00e0 tr\u00e8s r\u00e9chauff\u00e9e par son exposition sud.\" data-caption-desc=\"Au menu du dernier quart d&#039;heure : un seul courageux traceur et une neige de plus en collante, car d\u00e9j\u00e0 tr\u00e8s r\u00e9chauff\u00e9e par son exposition sud.\" data-attachment-id=\"20180\" data-type=\"image\" class=\"fg-thumb\"><span class=\"fg-image-wrap\"><img decoding=\"async\" alt=\"Mont-Noble_11_013\" title=\"Au menu du dernier quart d&#039;heure : un seul courageux traceur et une neige de plus en collante, car d\u00e9j\u00e0 tr\u00e8s r\u00e9chauff\u00e9e par son exposition sud.\" width=\"101\" height=\"57\" class=\"skip-lazy fg-image\" data-src-fg=\"https:\/\/alpavista.ch\/Alp11\/wp-content\/uploads\/cache\/Mont-Noble_11_013\/31924728.jpg\" src=\"data:image\/svg+xml,%3Csvg%20xmlns%3D%22http%3A%2F%2Fwww.w3.org%2F2000%2Fsvg%22%20width%3D%22101%22%20height%3D%2257%22%20viewBox%3D%220%200%20101%2057%22%3E%3C%2Fsvg%3E\" loading=\"eager\"><\/span><span class=\"fg-image-overlay\"><\/span><\/a><figcaption class=\"fg-caption\"><div class=\"fg-caption-inner\"><div class=\"fg-caption-desc\">Au menu du dernier quart d'heure : un seul courageux traceur et une neige de plus en collante, car d\u00e9j\u00e0 tr\u00e8s r\u00e9chauff\u00e9e par son exposition sud.<\/div><\/div><\/figcaption><\/figure><div class=\"fg-loader\"><\/div><\/div><div class=\"fg-item fg-type-image fg-idle\"><figure class=\"fg-item-inner\"><a href=\"https:\/\/alpavista.ch\/Alp11\/wp-content\/uploads\/Mont-Noble_11_014.jpg\" data-caption-title=\"Petit coup d&#039;oeil vers le sommet tout proche, au moment de renoncer \u00e0 lutter contre les \u00e9l\u00e9ments : peaux embourb\u00e9es dans la neige collante et b\u00e2ton cass\u00e9 (\u00e0 force de frapper les skis pour  les all\u00e9ger). Quand \u00e7a veux pas ...\" data-caption-desc=\"Petit coup d&#039;oeil vers le sommet tout proche, au moment de renoncer \u00e0 lutter contre les \u00e9l\u00e9ments : peaux embourb\u00e9es dans la neige collante et b\u00e2ton cass\u00e9 (\u00e0 force de frapper les skis pour  les all\u00e9ger). Quand \u00e7a veux pas ...\" data-attachment-id=\"20179\" data-type=\"image\" class=\"fg-thumb\"><span class=\"fg-image-wrap\"><img decoding=\"async\" alt=\"Mont-Noble_11_014\" title=\"Petit coup d&#039;oeil vers le sommet tout proche, au moment de renoncer \u00e0 lutter contre les \u00e9l\u00e9ments : peaux embourb\u00e9es dans la neige collante et b\u00e2ton cass\u00e9 (\u00e0 force de frapper les skis pour  les all\u00e9ger). Quand \u00e7a veux pas ...\" width=\"101\" height=\"57\" class=\"skip-lazy fg-image\" data-src-fg=\"https:\/\/alpavista.ch\/Alp11\/wp-content\/uploads\/cache\/Mont-Noble_11_014\/965939124.jpg\" src=\"data:image\/svg+xml,%3Csvg%20xmlns%3D%22http%3A%2F%2Fwww.w3.org%2F2000%2Fsvg%22%20width%3D%22101%22%20height%3D%2257%22%20viewBox%3D%220%200%20101%2057%22%3E%3C%2Fsvg%3E\" loading=\"eager\"><\/span><span class=\"fg-image-overlay\"><\/span><\/a><figcaption class=\"fg-caption\"><div class=\"fg-caption-inner\"><div class=\"fg-caption-desc\">Petit coup d'oeil vers le sommet tout proche, au moment de renoncer \u00e0 lutter contre les \u00e9l\u00e9ments : peaux embourb\u00e9es dans la neige collante et b\u00e2ton cass\u00e9 (\u00e0 force de frapper les skis pour  les all\u00e9ger). Quand \u00e7a veux pas ...<\/div><\/div><\/figcaption><\/figure><div class=\"fg-loader\"><\/div><\/div><div class=\"fg-item fg-type-image fg-idle\"><figure class=\"fg-item-inner\"><a href=\"https:\/\/alpavista.ch\/Alp11\/wp-content\/uploads\/Mont-Noble_11_015.jpg\" data-caption-title=\"Lev\u00e9e de stratus sur la vall\u00e9e du Rh\u00f4ne et premi\u00e8re glisse de l&#039;hiver 2011 co\u00efncident.\" data-caption-desc=\"Lev\u00e9e de stratus sur la vall\u00e9e du Rh\u00f4ne et premi\u00e8re glisse de l&#039;hiver 2011 co\u00efncident.\" data-attachment-id=\"20178\" data-type=\"image\" class=\"fg-thumb\"><span class=\"fg-image-wrap\"><img decoding=\"async\" alt=\"Mont-Noble_11_015\" title=\"Lev\u00e9e de stratus sur la vall\u00e9e du Rh\u00f4ne et premi\u00e8re glisse de l&#039;hiver 2011 co\u00efncident.\" width=\"101\" height=\"57\" class=\"skip-lazy fg-image\" data-src-fg=\"https:\/\/alpavista.ch\/Alp11\/wp-content\/uploads\/cache\/Mont-Noble_11_015\/3378275271.jpg\" src=\"data:image\/svg+xml,%3Csvg%20xmlns%3D%22http%3A%2F%2Fwww.w3.org%2F2000%2Fsvg%22%20width%3D%22101%22%20height%3D%2257%22%20viewBox%3D%220%200%20101%2057%22%3E%3C%2Fsvg%3E\" loading=\"eager\"><\/span><span class=\"fg-image-overlay\"><\/span><\/a><figcaption class=\"fg-caption\"><div class=\"fg-caption-inner\"><div class=\"fg-caption-desc\">Lev\u00e9e de stratus sur la vall\u00e9e du Rh\u00f4ne et premi\u00e8re glisse de l'hiver 2011 co\u00efncident.<\/div><\/div><\/figcaption><\/figure><div class=\"fg-loader\"><\/div><\/div><div class=\"fg-item fg-type-image fg-idle\"><figure class=\"fg-item-inner\"><a href=\"https:\/\/alpavista.ch\/Alp11\/wp-content\/uploads\/Mont-Noble_11_016.jpg\" data-caption-title=\"Neige s&#039;alourdissant rapidement et &quot;fats&quot; font ici bon m\u00e9nage.\" data-caption-desc=\"Neige s&#039;alourdissant rapidement et &quot;fats&quot; font ici bon m\u00e9nage.\" data-attachment-id=\"20177\" data-type=\"image\" class=\"fg-thumb\"><span class=\"fg-image-wrap\"><img decoding=\"async\" alt=\"Mont-Noble_11_016\" title=\"Neige s&#039;alourdissant rapidement et &quot;fats&quot; font ici bon m\u00e9nage.\" width=\"101\" height=\"57\" class=\"skip-lazy fg-image\" data-src-fg=\"https:\/\/alpavista.ch\/Alp11\/wp-content\/uploads\/cache\/Mont-Noble_11_016\/3400729486.jpg\" src=\"data:image\/svg+xml,%3Csvg%20xmlns%3D%22http%3A%2F%2Fwww.w3.org%2F2000%2Fsvg%22%20width%3D%22101%22%20height%3D%2257%22%20viewBox%3D%220%200%20101%2057%22%3E%3C%2Fsvg%3E\" loading=\"eager\"><\/span><span class=\"fg-image-overlay\"><\/span><\/a><figcaption class=\"fg-caption\"><div class=\"fg-caption-inner\"><div class=\"fg-caption-desc\">Neige s'alourdissant rapidement et \"fats\" font ici bon m\u00e9nage.<\/div><\/div><\/figcaption><\/figure><div class=\"fg-loader\"><\/div><\/div><div class=\"fg-item fg-type-image fg-idle\"><figure class=\"fg-item-inner\"><a href=\"https:\/\/alpavista.ch\/Alp11\/wp-content\/uploads\/Mont-Noble_11_017.jpg\" data-caption-title=\"Si devant nous, un seul randonneur \u00e9tait mont\u00e9, derri\u00e8re, les petits groupes se succ\u00e8dent, probablement encourag\u00e9s par les traces de plus en plus nombreuses.\" data-caption-desc=\"Si devant nous, un seul randonneur \u00e9tait mont\u00e9, derri\u00e8re, les petits groupes se succ\u00e8dent, probablement encourag\u00e9s par les traces de plus en plus nombreuses.\" data-attachment-id=\"20176\" data-type=\"image\" class=\"fg-thumb\"><span class=\"fg-image-wrap\"><img decoding=\"async\" alt=\"Mont-Noble_11_017\" title=\"Si devant nous, un seul randonneur \u00e9tait mont\u00e9, derri\u00e8re, les petits groupes se succ\u00e8dent, probablement encourag\u00e9s par les traces de plus en plus nombreuses.\" width=\"101\" height=\"57\" class=\"skip-lazy fg-image\" data-src-fg=\"https:\/\/alpavista.ch\/Alp11\/wp-content\/uploads\/cache\/Mont-Noble_11_017\/981233661.jpg\" src=\"data:image\/svg+xml,%3Csvg%20xmlns%3D%22http%3A%2F%2Fwww.w3.org%2F2000%2Fsvg%22%20width%3D%22101%22%20height%3D%2257%22%20viewBox%3D%220%200%20101%2057%22%3E%3C%2Fsvg%3E\" loading=\"eager\"><\/span><span class=\"fg-image-overlay\"><\/span><\/a><figcaption class=\"fg-caption\"><div class=\"fg-caption-inner\"><div class=\"fg-caption-desc\">Si devant nous, un seul randonneur \u00e9tait mont\u00e9, derri\u00e8re, les petits groupes se succ\u00e8dent, probablement encourag\u00e9s par les traces de plus en plus nombreuses.<\/div><\/div><\/figcaption><\/figure><div class=\"fg-loader\"><\/div><\/div><div class=\"fg-item fg-type-image fg-idle\"><figure class=\"fg-item-inner\"><a href=\"https:\/\/alpavista.ch\/Alp11\/wp-content\/uploads\/Mont-Noble_11_018.jpg\" data-caption-title=\"Toujours sympa de skier un Mont-Noble d\u00e9pourvu de pistes et de balises.\" data-caption-desc=\"Toujours sympa de skier un Mont-Noble d\u00e9pourvu de pistes et de balises.\" data-attachment-id=\"20175\" data-type=\"image\" class=\"fg-thumb\"><span class=\"fg-image-wrap\"><img decoding=\"async\" alt=\"Mont-Noble_11_018\" title=\"Toujours sympa de skier un Mont-Noble d\u00e9pourvu de pistes et de balises.\" width=\"101\" height=\"57\" class=\"skip-lazy fg-image\" data-src-fg=\"https:\/\/alpavista.ch\/Alp11\/wp-content\/uploads\/cache\/Mont-Noble_11_018\/2817771622.jpg\" src=\"data:image\/svg+xml,%3Csvg%20xmlns%3D%22http%3A%2F%2Fwww.w3.org%2F2000%2Fsvg%22%20width%3D%22101%22%20height%3D%2257%22%20viewBox%3D%220%200%20101%2057%22%3E%3C%2Fsvg%3E\" loading=\"eager\"><\/span><span class=\"fg-image-overlay\"><\/span><\/a><figcaption class=\"fg-caption\"><div class=\"fg-caption-inner\"><div class=\"fg-caption-desc\">Toujours sympa de skier un Mont-Noble d\u00e9pourvu de pistes et de balises.<\/div><\/div><\/figcaption><\/figure><div class=\"fg-loader\"><\/div><\/div><div class=\"fg-item fg-type-image fg-idle\"><figure class=\"fg-item-inner\"><a href=\"https:\/\/alpavista.ch\/Alp11\/wp-content\/uploads\/Mont-Noble_11_019.jpg\" data-caption-title=\"M\u00eame dans une neige s&#039;alourdissant au rythme de notre descente et avec un b\u00e2ton en moins.\" data-caption-desc=\"M\u00eame dans une neige s&#039;alourdissant au rythme de notre descente et avec un b\u00e2ton en moins.\" data-attachment-id=\"20174\" data-type=\"image\" class=\"fg-thumb\"><span class=\"fg-image-wrap\"><img decoding=\"async\" alt=\"Mont-Noble_11_019\" title=\"M\u00eame dans une neige s&#039;alourdissant au rythme de notre descente et avec un b\u00e2ton en moins.\" width=\"101\" height=\"57\" class=\"skip-lazy fg-image\" data-src-fg=\"https:\/\/alpavista.ch\/Alp11\/wp-content\/uploads\/cache\/Mont-Noble_11_019\/1463591957.jpg\" src=\"data:image\/svg+xml,%3Csvg%20xmlns%3D%22http%3A%2F%2Fwww.w3.org%2F2000%2Fsvg%22%20width%3D%22101%22%20height%3D%2257%22%20viewBox%3D%220%200%20101%2057%22%3E%3C%2Fsvg%3E\" loading=\"eager\"><\/span><span class=\"fg-image-overlay\"><\/span><\/a><figcaption class=\"fg-caption\"><div class=\"fg-caption-inner\"><div class=\"fg-caption-desc\">M\u00eame dans une neige s'alourdissant au rythme de notre descente et avec un b\u00e2ton en moins.<\/div><\/div><\/figcaption><\/figure><div class=\"fg-loader\"><\/div><\/div><div class=\"fg-item fg-type-image fg-idle\"><figure class=\"fg-item-inner\"><a href=\"https:\/\/alpavista.ch\/Alp11\/wp-content\/uploads\/Mont-Noble_11_020.jpg\" data-caption-title=\"Pas la peine de chercher, y a rien pour s&#039;appuyer \u00e0 gauche.\" data-caption-desc=\"Pas la peine de chercher, y a rien pour s&#039;appuyer \u00e0 gauche.\" data-attachment-id=\"20173\" data-type=\"image\" class=\"fg-thumb\"><span class=\"fg-image-wrap\"><img decoding=\"async\" alt=\"Mont-Noble_11_020\" title=\"Pas la peine de chercher, y a rien pour s&#039;appuyer \u00e0 gauche.\" width=\"101\" height=\"57\" class=\"skip-lazy fg-image\" data-src-fg=\"https:\/\/alpavista.ch\/Alp11\/wp-content\/uploads\/cache\/Mont-Noble_11_020\/3301213560.jpg\" src=\"data:image\/svg+xml,%3Csvg%20xmlns%3D%22http%3A%2F%2Fwww.w3.org%2F2000%2Fsvg%22%20width%3D%22101%22%20height%3D%2257%22%20viewBox%3D%220%200%20101%2057%22%3E%3C%2Fsvg%3E\" loading=\"eager\"><\/span><span class=\"fg-image-overlay\"><\/span><\/a><figcaption class=\"fg-caption\"><div class=\"fg-caption-inner\"><div class=\"fg-caption-desc\">Pas la peine de chercher, y a rien pour s'appuyer \u00e0 gauche.<\/div><\/div><\/figcaption><\/figure><div class=\"fg-loader\"><\/div><\/div><div class=\"fg-item fg-type-image fg-idle\"><figure class=\"fg-item-inner\"><a href=\"https:\/\/alpavista.ch\/Alp11\/wp-content\/uploads\/Mont-Noble_11_021.jpg\" data-caption-title=\"Bon, plut\u00f4t que d&#039;avoir \u00e0 pousser pour reprendre le &quot;Brazilian&quot;, allons voir ce que valent des Logic-X sur piste.\" data-caption-desc=\"Bon, plut\u00f4t que d&#039;avoir \u00e0 pousser pour reprendre le &quot;Brazilian&quot;, allons voir ce que valent des Logic-X sur piste.\" data-attachment-id=\"20172\" data-type=\"image\" class=\"fg-thumb\"><span class=\"fg-image-wrap\"><img decoding=\"async\" alt=\"Mont-Noble_11_021\" title=\"Bon, plut\u00f4t que d&#039;avoir \u00e0 pousser pour reprendre le &quot;Brazilian&quot;, allons voir ce que valent des Logic-X sur piste.\" width=\"101\" height=\"57\" class=\"skip-lazy fg-image\" data-src-fg=\"https:\/\/alpavista.ch\/Alp11\/wp-content\/uploads\/cache\/Mont-Noble_11_021\/873195787.jpg\" src=\"data:image\/svg+xml,%3Csvg%20xmlns%3D%22http%3A%2F%2Fwww.w3.org%2F2000%2Fsvg%22%20width%3D%22101%22%20height%3D%2257%22%20viewBox%3D%220%200%20101%2057%22%3E%3C%2Fsvg%3E\" loading=\"eager\"><\/span><span class=\"fg-image-overlay\"><\/span><\/a><figcaption class=\"fg-caption\"><div class=\"fg-caption-inner\"><div class=\"fg-caption-desc\">Bon, plut\u00f4t que d'avoir \u00e0 pousser pour reprendre le \"Brazilian\", allons voir ce que valent des Logic-X sur piste.<\/div><\/div><\/figcaption><\/figure><div class=\"fg-loader\"><\/div><\/div><\/div>\n\n<input class=\"fooboxshare_post_id\" type=\"hidden\" value=\"4557\"\/>","protected":false},"excerpt":{"rendered":"<p>Apr\u00e8s 20 jours (sur 23 en d\u00e9cembre) de pr\u00e9cipitations quasi continues, ceux qui ne croient toujours pas \u00e0 l\u2019influence des Saints de Glace, que j\u2019avais \u00e9voqu\u00e9s dans mon dernier article, -un week-end, deux Christ-Rois-, doivent aujourd\u2019hui s\u00e9rieusement envisager une remise en question leur \u00ab pi\u00e8tre \u00bb foi. De m\u00e9moire, jamais un d\u00e9cembre n\u2019avait \u00e9t\u00e9 si prodigue en pluie et\/ou en neige. Notre s\u00e9cheresse de fin d\u2019automne n\u2019est d\u00e9sormais plus qu\u2019un mauvais souvenir et l\u2019\u00e9paisseur du manteau neigeux, en altitude, est [&hellip;]<\/p>\n","protected":false},"author":2,"featured_media":6372,"comment_status":"open","ping_status":"open","sticky":false,"template":"","format":"standard","meta":{"footnotes":""},"categories":[658,360],"tags":[1215,1170,1258,1070,1069],"class_list":["post-4557","post","type-post","status-publish","format-standard","has-post-thumbnail","hentry","category-outdoor","category-ski","tag-col-de-cou","tag-mase","tag-mont-noble","tag-nax","tag-rechy"],"_links":{"self":[{"href":"https:\/\/alpavista.ch\/Alp11\/wp-json\/wp\/v2\/posts\/4557","targetHints":{"allow":["GET"]}}],"collection":[{"href":"https:\/\/alpavista.ch\/Alp11\/wp-json\/wp\/v2\/posts"}],"about":[{"href":"https:\/\/alpavista.ch\/Alp11\/wp-json\/wp\/v2\/types\/post"}],"author":[{"embeddable":true,"href":"https:\/\/alpavista.ch\/Alp11\/wp-json\/wp\/v2\/users\/2"}],"replies":[{"embeddable":true,"href":"https:\/\/alpavista.ch\/Alp11\/wp-json\/wp\/v2\/comments?post=4557"}],"version-history":[{"count":0,"href":"https:\/\/alpavista.ch\/Alp11\/wp-json\/wp\/v2\/posts\/4557\/revisions"}],"wp:featuredmedia":[{"embeddable":true,"href":"https:\/\/alpavista.ch\/Alp11\/wp-json\/wp\/v2\/media\/6372"}],"wp:attachment":[{"href":"https:\/\/alpavista.ch\/Alp11\/wp-json\/wp\/v2\/media?parent=4557"}],"wp:term":[{"taxonomy":"category","embeddable":true,"href":"https:\/\/alpavista.ch\/Alp11\/wp-json\/wp\/v2\/categories?post=4557"},{"taxonomy":"post_tag","embeddable":true,"href":"https:\/\/alpavista.ch\/Alp11\/wp-json\/wp\/v2\/tags?post=4557"}],"curies":[{"name":"wp","href":"https:\/\/api.w.org\/{rel}","templated":true}]}}