{"id":4568,"date":"2012-01-13T20:19:24","date_gmt":"2012-01-13T19:19:24","guid":{"rendered":"http:\/\/www.alpavista.ch\/Alp11\/?p=4568"},"modified":"2022-12-09T17:41:12","modified_gmt":"2022-12-09T16:41:12","slug":"col-de-la-roue-2012","status":"publish","type":"post","link":"https:\/\/alpavista.ch\/Alp11\/2012\/01\/13\/col-de-la-roue-2012\/","title":{"rendered":"Col de la Roue 2012"},"content":{"rendered":"<p>Entre mauvaises et tr\u00e8s mauvaises, les nouvelles h\u00e9sitaient.<br \/>\nL\u2019horoscope \u00e9tait pourri.<br \/>\nOn \u00e9tait vendredi 13.<br \/>\nBref, on est all\u00e9 faire du ski loin des pistes.<\/p>\n<p>On \u00e9tait sens\u00e9 \u00eatre deux, puis trois.<br \/>\nPuis cinq, puis sept.<br \/>\nFinalement nous \u00e9tions cinq.<br \/>\nBref, y a plein de monde qui ne travaille pas le vendredi.<\/p>\n<p>On annon\u00e7ait une perturbation sur le nord du pays.<br \/>\nLe vent froid allait se lever et l\u2019atmosph\u00e8re se glacer.<br \/>\nNotre ciel \u00e9tait pr\u00e9vu gris et voil\u00e9.<br \/>\nBref, on a v\u00e9cu un d\u00e9luge de soleil.<br \/>\n<!--more--><\/p>\n<p>Le point culminant de notre rando se nommait Col de la Roue.<br \/>\nC\u2019\u00e9tait un col qui ne relie rien \u00e0 rien.<br \/>\nCa n\u2019avait aucun rapport avec une roue.<br \/>\nCe n\u2019\u00e9tait m\u00eame pas sur la carte.<br \/>\nBref, on a fait une sortie au-dessus d\u2019Aminona.<\/p>\n<p>Une semaine sans nouvelles chutes de neige.<br \/>\nQuatre jours avec du soleil en veux-tu en voil\u00e0.<br \/>\nL\u2019habituelle alternance redoux\/regel en montagne.<br \/>\nBref, il y avait encore plein de neige poudreuse \u00e0 tracer.<\/p>\n<p>On aurait pu d\u00e9primer sous le stratus.<br \/>\nOn aurait pu perdre encore un peu de vie \u00e0 la gagner.<br \/>\nPire, on aurait pu rester \u00e0 bosser sous la pur\u00e9e.<br \/>\nBref, on a pass\u00e9 un vendredi ensoleill\u00e9 sur les skis.<\/p>\n<style type=\"text\/css\">\n#foogallery-gallery-20237 .fg-image { width: 101px; }\n#foogallery-gallery-20237 { --fg-gutter: 1px; }<\/style>\n\t\t\t<div class=\"foogallery foogallery-container foogallery-default foogallery-lightbox-none fg-left fg-default fg-ready fg-light fg-loading-default fg-loaded-fade-in fg-preset fg-selena fg-preset-small fg-preset fg-selena fg-preset-small\" id=\"foogallery-gallery-20237\" data-foogallery=\"{&quot;item&quot;:{&quot;showCaptionTitle&quot;:false,&quot;showCaptionDescription&quot;:true},&quot;lazy&quot;:true,&quot;state&quot;:{&quot;enabled&quot;:true,&quot;mask&quot;:&quot;foogallery-{id}&quot;}}\" style=\"--fg-title-line-clamp: 0; --fg-description-line-clamp: 0;\" >\n\t<div class=\"fg-item fg-type-image fg-idle\"><figure class=\"fg-item-inner\"><a href=\"https:\/\/alpavista.ch\/Alp11\/wp-content\/uploads\/Col_de_la_Roue_11_001.jpg\" data-caption-title=\"Ca aurait pu \u00eatre en portage. Ca aurait pu \u00eatre en t\u00e9l\u00e9cabine. Ca aurait aussi pu \u00eatre avec une belle trace isol\u00e9e.Bref, on a entam\u00e9 notre rando sur une piste de ski de fond.\" data-caption-desc=\"Ca aurait pu \u00eatre en portage. Ca aurait pu \u00eatre en t\u00e9l\u00e9cabine. Ca aurait aussi pu \u00eatre avec une belle trace isol\u00e9e.Bref, on a entam\u00e9 notre rando sur une piste de ski de fond.\" data-attachment-id=\"20279\" data-type=\"image\" class=\"fg-thumb\"><span class=\"fg-image-wrap\"><img decoding=\"async\" alt=\"Col_de_la_Roue_11_001\" title=\"Ca aurait pu \u00eatre en portage. Ca aurait pu \u00eatre en t\u00e9l\u00e9cabine. Ca aurait aussi pu \u00eatre avec une belle trace isol\u00e9e.Bref, on a entam\u00e9 notre rando sur une piste de ski de fond.\" width=\"101\" height=\"57\" class=\"skip-lazy fg-image\" data-src-fg=\"https:\/\/alpavista.ch\/Alp11\/wp-content\/uploads\/cache\/Col_de_la_Roue_11_001\/376626276.jpg\" src=\"data:image\/svg+xml,%3Csvg%20xmlns%3D%22http%3A%2F%2Fwww.w3.org%2F2000%2Fsvg%22%20width%3D%22101%22%20height%3D%2257%22%20viewBox%3D%220%200%20101%2057%22%3E%3C%2Fsvg%3E\" loading=\"eager\"><\/span><span class=\"fg-image-overlay\"><\/span><\/a><figcaption class=\"fg-caption\"><div class=\"fg-caption-inner\"><div class=\"fg-caption-desc\">Ca aurait pu \u00eatre en portage. Ca aurait pu \u00eatre en t\u00e9l\u00e9cabine. Ca aurait aussi pu \u00eatre avec une belle trace isol\u00e9e.Bref, on a entam\u00e9 notre rando sur une piste de ski de fond.<\/div><\/div><\/figcaption><\/figure><div class=\"fg-loader\"><\/div><\/div><div class=\"fg-item fg-type-image fg-idle\"><figure class=\"fg-item-inner\"><a href=\"https:\/\/alpavista.ch\/Alp11\/wp-content\/uploads\/Col_de_la_Roue_11_002.jpg\" data-caption-title=\"Dans le ciel, il y avait un soleil radieux . Dans l&#039;air r\u00e9gnait une agr\u00e9able douceur. En fond de vall\u00e9e, on se serait cru sur le plateau.\r\nBref, on aurait pu choisir le mauvais \u00e9tage.\" data-caption-desc=\"Dans le ciel, il y avait un soleil radieux . Dans l&#039;air r\u00e9gnait une agr\u00e9able douceur. En fond de vall\u00e9e, on se serait cru sur le plateau.\r\nBref, on aurait pu choisir le mauvais \u00e9tage.\" data-attachment-id=\"20278\" data-type=\"image\" class=\"fg-thumb\"><span class=\"fg-image-wrap\"><img decoding=\"async\" alt=\"Col_de_la_Roue_11_002\" title=\"Dans le ciel, il y avait un soleil radieux . Dans l&#039;air r\u00e9gnait une agr\u00e9able douceur. En fond de vall\u00e9e, on se serait cru sur le plateau.\r\nBref, on aurait pu choisir le mauvais \u00e9tage.\" width=\"101\" height=\"57\" class=\"skip-lazy fg-image\" data-src-fg=\"https:\/\/alpavista.ch\/Alp11\/wp-content\/uploads\/cache\/Col_de_la_Roue_11_002\/78045286.jpg\" src=\"data:image\/svg+xml,%3Csvg%20xmlns%3D%22http%3A%2F%2Fwww.w3.org%2F2000%2Fsvg%22%20width%3D%22101%22%20height%3D%2257%22%20viewBox%3D%220%200%20101%2057%22%3E%3C%2Fsvg%3E\" loading=\"eager\"><\/span><span class=\"fg-image-overlay\"><\/span><\/a><figcaption class=\"fg-caption\"><div class=\"fg-caption-inner\"><div class=\"fg-caption-desc\">Dans le ciel, il y avait un soleil radieux . Dans l'air r\u00e9gnait une agr\u00e9able douceur. En fond de vall\u00e9e, on se serait cru sur le plateau.\r\nBref, on aurait pu choisir le mauvais \u00e9tage.<\/div><\/div><\/figcaption><\/figure><div class=\"fg-loader\"><\/div><\/div><div class=\"fg-item fg-type-image fg-idle\"><figure class=\"fg-item-inner\"><a href=\"https:\/\/alpavista.ch\/Alp11\/wp-content\/uploads\/Col_de_la_Roue_11_003.jpg\" data-caption-title=\"Il y avait des fausses traces partout. Des arbres \u00e0 \u00e9viter, des cr\u00eates \u00e0 escalader, des gorges \u00e0 traverser.Bref, le col de la Roue \u00e9tait droit devant nous.\" data-caption-desc=\"Il y avait des fausses traces partout. Des arbres \u00e0 \u00e9viter, des cr\u00eates \u00e0 escalader, des gorges \u00e0 traverser.Bref, le col de la Roue \u00e9tait droit devant nous.\" data-attachment-id=\"20277\" data-type=\"image\" class=\"fg-thumb\"><span class=\"fg-image-wrap\"><img decoding=\"async\" alt=\"Col_de_la_Roue_11_003\" title=\"Il y avait des fausses traces partout. Des arbres \u00e0 \u00e9viter, des cr\u00eates \u00e0 escalader, des gorges \u00e0 traverser.Bref, le col de la Roue \u00e9tait droit devant nous.\" width=\"101\" height=\"57\" class=\"skip-lazy fg-image\" data-src-fg=\"https:\/\/alpavista.ch\/Alp11\/wp-content\/uploads\/cache\/Col_de_la_Roue_11_003\/2458944851.jpg\" src=\"data:image\/svg+xml,%3Csvg%20xmlns%3D%22http%3A%2F%2Fwww.w3.org%2F2000%2Fsvg%22%20width%3D%22101%22%20height%3D%2257%22%20viewBox%3D%220%200%20101%2057%22%3E%3C%2Fsvg%3E\" loading=\"eager\"><\/span><span class=\"fg-image-overlay\"><\/span><\/a><figcaption class=\"fg-caption\"><div class=\"fg-caption-inner\"><div class=\"fg-caption-desc\">Il y avait des fausses traces partout. Des arbres \u00e0 \u00e9viter, des cr\u00eates \u00e0 escalader, des gorges \u00e0 traverser.Bref, le col de la Roue \u00e9tait droit devant nous.<\/div><\/div><\/figcaption><\/figure><div class=\"fg-loader\"><\/div><\/div><div class=\"fg-item fg-type-image fg-idle\"><figure class=\"fg-item-inner\"><a href=\"https:\/\/alpavista.ch\/Alp11\/wp-content\/uploads\/Col_de_la_Roue_11_004.jpg\" data-caption-title=\"Il y a des hivers secs. Des hivers doux. Des hivers doux, secs et sans neige.  Bref, cet hiver n&#039;\u00e9tait pas normal.\" data-caption-desc=\"Il y a des hivers secs. Des hivers doux. Des hivers doux, secs et sans neige.  Bref, cet hiver n&#039;\u00e9tait pas normal.\" data-attachment-id=\"20276\" data-type=\"image\" class=\"fg-thumb\"><span class=\"fg-image-wrap\"><img decoding=\"async\" alt=\"Col_de_la_Roue_11_004\" title=\"Il y a des hivers secs. Des hivers doux. Des hivers doux, secs et sans neige.  Bref, cet hiver n&#039;\u00e9tait pas normal.\" width=\"101\" height=\"57\" class=\"skip-lazy fg-image\" data-src-fg=\"https:\/\/alpavista.ch\/Alp11\/wp-content\/uploads\/cache\/Col_de_la_Roue_11_004\/68073387.jpg\" src=\"data:image\/svg+xml,%3Csvg%20xmlns%3D%22http%3A%2F%2Fwww.w3.org%2F2000%2Fsvg%22%20width%3D%22101%22%20height%3D%2257%22%20viewBox%3D%220%200%20101%2057%22%3E%3C%2Fsvg%3E\" loading=\"eager\"><\/span><span class=\"fg-image-overlay\"><\/span><\/a><figcaption class=\"fg-caption\"><div class=\"fg-caption-inner\"><div class=\"fg-caption-desc\">Il y a des hivers secs. Des hivers doux. Des hivers doux, secs et sans neige.  Bref, cet hiver n'\u00e9tait pas normal.<\/div><\/div><\/figcaption><\/figure><div class=\"fg-loader\"><\/div><\/div><div class=\"fg-item fg-type-image fg-idle\"><figure class=\"fg-item-inner\"><a href=\"https:\/\/alpavista.ch\/Alp11\/wp-content\/uploads\/Col_de_la_Roue_11_005.jpg\" data-caption-title=\"Il y a des jours o\u00f9 l&#039;on pense \u00e0 enclencher son ARVA. Des matins o\u00f9 l&#039;on ne recherche pas ses lunettes pos\u00e9es sur son front.Bref, ce n&#039;\u00e9tait pas aujourd&#039;hui.\" data-caption-desc=\"Il y a des jours o\u00f9 l&#039;on pense \u00e0 enclencher son ARVA. Des matins o\u00f9 l&#039;on ne recherche pas ses lunettes pos\u00e9es sur son front.Bref, ce n&#039;\u00e9tait pas aujourd&#039;hui.\" data-attachment-id=\"20275\" data-type=\"image\" class=\"fg-thumb\"><span class=\"fg-image-wrap\"><img decoding=\"async\" alt=\"Col_de_la_Roue_11_005\" title=\"Il y a des jours o\u00f9 l&#039;on pense \u00e0 enclencher son ARVA. Des matins o\u00f9 l&#039;on ne recherche pas ses lunettes pos\u00e9es sur son front.Bref, ce n&#039;\u00e9tait pas aujourd&#039;hui.\" width=\"101\" height=\"57\" class=\"skip-lazy fg-image\" data-src-fg=\"https:\/\/alpavista.ch\/Alp11\/wp-content\/uploads\/cache\/Col_de_la_Roue_11_005\/3073965399.jpg\" src=\"data:image\/svg+xml,%3Csvg%20xmlns%3D%22http%3A%2F%2Fwww.w3.org%2F2000%2Fsvg%22%20width%3D%22101%22%20height%3D%2257%22%20viewBox%3D%220%200%20101%2057%22%3E%3C%2Fsvg%3E\" loading=\"eager\"><\/span><span class=\"fg-image-overlay\"><\/span><\/a><figcaption class=\"fg-caption\"><div class=\"fg-caption-inner\"><div class=\"fg-caption-desc\">Il y a des jours o\u00f9 l'on pense \u00e0 enclencher son ARVA. Des matins o\u00f9 l'on ne recherche pas ses lunettes pos\u00e9es sur son front.Bref, ce n'\u00e9tait pas aujourd'hui.<\/div><\/div><\/figcaption><\/figure><div class=\"fg-loader\"><\/div><\/div><div class=\"fg-item fg-type-image fg-idle\"><figure class=\"fg-item-inner\"><a href=\"https:\/\/alpavista.ch\/Alp11\/wp-content\/uploads\/Col_de_la_Roue_11_006.jpg\" data-caption-title=\"Il y avait des tron\u00e7ons moins vertigineux. Des photographes prenant la peine de cadrer. Des capteurs cramant face au plein soleil. Bref, cette photo n&#039;aurait jamais d\u00fb exister.\" data-caption-desc=\"Il y avait des tron\u00e7ons moins vertigineux. Des photographes prenant la peine de cadrer. Des capteurs cramant face au plein soleil. Bref, cette photo n&#039;aurait jamais d\u00fb exister.\" data-attachment-id=\"20274\" data-type=\"image\" class=\"fg-thumb\"><span class=\"fg-image-wrap\"><img decoding=\"async\" alt=\"Col_de_la_Roue_11_006\" title=\"Il y avait des tron\u00e7ons moins vertigineux. Des photographes prenant la peine de cadrer. Des capteurs cramant face au plein soleil. Bref, cette photo n&#039;aurait jamais d\u00fb exister.\" width=\"101\" height=\"57\" class=\"skip-lazy fg-image\" data-src-fg=\"https:\/\/alpavista.ch\/Alp11\/wp-content\/uploads\/cache\/Col_de_la_Roue_11_006\/2783756629.jpg\" src=\"data:image\/svg+xml,%3Csvg%20xmlns%3D%22http%3A%2F%2Fwww.w3.org%2F2000%2Fsvg%22%20width%3D%22101%22%20height%3D%2257%22%20viewBox%3D%220%200%20101%2057%22%3E%3C%2Fsvg%3E\" loading=\"eager\"><\/span><span class=\"fg-image-overlay\"><\/span><\/a><figcaption class=\"fg-caption\"><div class=\"fg-caption-inner\"><div class=\"fg-caption-desc\">Il y avait des tron\u00e7ons moins vertigineux. Des photographes prenant la peine de cadrer. Des capteurs cramant face au plein soleil. Bref, cette photo n'aurait jamais d\u00fb exister.<\/div><\/div><\/figcaption><\/figure><div class=\"fg-loader\"><\/div><\/div><div class=\"fg-item fg-type-image fg-idle\"><figure class=\"fg-item-inner\"><a href=\"https:\/\/alpavista.ch\/Alp11\/wp-content\/uploads\/Col_de_la_Roue_11_007.jpg\" data-caption-title=\"Ca montait. Ca grimpait. Ca s&#039;\u00e9levait.Bref, on redescendait.\" data-caption-desc=\"Ca montait. Ca grimpait. Ca s&#039;\u00e9levait.Bref, on redescendait.\" data-attachment-id=\"20273\" data-type=\"image\" class=\"fg-thumb\"><span class=\"fg-image-wrap\"><img decoding=\"async\" alt=\"Col_de_la_Roue_11_007\" title=\"Ca montait. Ca grimpait. Ca s&#039;\u00e9levait.Bref, on redescendait.\" width=\"101\" height=\"57\" class=\"skip-lazy fg-image\" data-src-fg=\"https:\/\/alpavista.ch\/Alp11\/wp-content\/uploads\/cache\/Col_de_la_Roue_11_007\/170225390.jpg\" src=\"data:image\/svg+xml,%3Csvg%20xmlns%3D%22http%3A%2F%2Fwww.w3.org%2F2000%2Fsvg%22%20width%3D%22101%22%20height%3D%2257%22%20viewBox%3D%220%200%20101%2057%22%3E%3C%2Fsvg%3E\" loading=\"eager\"><\/span><span class=\"fg-image-overlay\"><\/span><\/a><figcaption class=\"fg-caption\"><div class=\"fg-caption-inner\"><div class=\"fg-caption-desc\">Ca montait. Ca grimpait. Ca s'\u00e9levait.Bref, on redescendait.<\/div><\/div><\/figcaption><\/figure><div class=\"fg-loader\"><\/div><\/div><div class=\"fg-item fg-type-image fg-idle\"><figure class=\"fg-item-inner\"><a href=\"https:\/\/alpavista.ch\/Alp11\/wp-content\/uploads\/Col_de_la_Roue_11_008.jpg\" data-caption-title=\"Il y a des endroits qui enchantent. Des sourires qui irradients. Des activit\u00e9s qui enrichissent. Bref, ce n&#039;\u00e9tait pas une journ\u00e9e consacr\u00e9e au travail.\" data-caption-desc=\"Il y a des endroits qui enchantent. Des sourires qui irradients. Des activit\u00e9s qui enrichissent. Bref, ce n&#039;\u00e9tait pas une journ\u00e9e consacr\u00e9e au travail.\" data-attachment-id=\"20272\" data-type=\"image\" class=\"fg-thumb\"><span class=\"fg-image-wrap\"><img decoding=\"async\" alt=\"Col_de_la_Roue_11_008\" title=\"Il y a des endroits qui enchantent. Des sourires qui irradients. Des activit\u00e9s qui enrichissent. Bref, ce n&#039;\u00e9tait pas une journ\u00e9e consacr\u00e9e au travail.\" width=\"101\" height=\"57\" class=\"skip-lazy fg-image\" data-src-fg=\"https:\/\/alpavista.ch\/Alp11\/wp-content\/uploads\/cache\/Col_de_la_Roue_11_008\/1331578787.jpg\" src=\"data:image\/svg+xml,%3Csvg%20xmlns%3D%22http%3A%2F%2Fwww.w3.org%2F2000%2Fsvg%22%20width%3D%22101%22%20height%3D%2257%22%20viewBox%3D%220%200%20101%2057%22%3E%3C%2Fsvg%3E\" loading=\"eager\"><\/span><span class=\"fg-image-overlay\"><\/span><\/a><figcaption class=\"fg-caption\"><div class=\"fg-caption-inner\"><div class=\"fg-caption-desc\">Il y a des endroits qui enchantent. Des sourires qui irradients. Des activit\u00e9s qui enrichissent. Bref, ce n'\u00e9tait pas une journ\u00e9e consacr\u00e9e au travail.<\/div><\/div><\/figcaption><\/figure><div class=\"fg-loader\"><\/div><\/div><div class=\"fg-item fg-type-image fg-idle\"><figure class=\"fg-item-inner\"><a href=\"https:\/\/alpavista.ch\/Alp11\/wp-content\/uploads\/Col_de_la_Roue_11_009.jpg\" data-caption-title=\"Une pente sup\u00e9rieure \u00e0 30%. Des indices qui montraient que le manteau neigeux  glissait. Le soleil r\u00e9chauffait d\u00e9j\u00e0 le versant. Bref, on n&#039;a pas h\u00e9sit\u00e9 \u00e0 traverser.\" data-caption-desc=\"Une pente sup\u00e9rieure \u00e0 30%. Des indices qui montraient que le manteau neigeux  glissait. Le soleil r\u00e9chauffait d\u00e9j\u00e0 le versant. Bref, on n&#039;a pas h\u00e9sit\u00e9 \u00e0 traverser.\" data-attachment-id=\"20271\" data-type=\"image\" class=\"fg-thumb\"><span class=\"fg-image-wrap\"><img decoding=\"async\" alt=\"Col_de_la_Roue_11_009\" title=\"Une pente sup\u00e9rieure \u00e0 30%. Des indices qui montraient que le manteau neigeux  glissait. Le soleil r\u00e9chauffait d\u00e9j\u00e0 le versant. Bref, on n&#039;a pas h\u00e9sit\u00e9 \u00e0 traverser.\" width=\"101\" height=\"57\" class=\"skip-lazy fg-image\" data-src-fg=\"https:\/\/alpavista.ch\/Alp11\/wp-content\/uploads\/cache\/Col_de_la_Roue_11_009\/4234677599.jpg\" src=\"data:image\/svg+xml,%3Csvg%20xmlns%3D%22http%3A%2F%2Fwww.w3.org%2F2000%2Fsvg%22%20width%3D%22101%22%20height%3D%2257%22%20viewBox%3D%220%200%20101%2057%22%3E%3C%2Fsvg%3E\" loading=\"eager\"><\/span><span class=\"fg-image-overlay\"><\/span><\/a><figcaption class=\"fg-caption\"><div class=\"fg-caption-inner\"><div class=\"fg-caption-desc\">Une pente sup\u00e9rieure \u00e0 30%. Des indices qui montraient que le manteau neigeux  glissait. Le soleil r\u00e9chauffait d\u00e9j\u00e0 le versant. Bref, on n'a pas h\u00e9sit\u00e9 \u00e0 traverser.<\/div><\/div><\/figcaption><\/figure><div class=\"fg-loader\"><\/div><\/div><div class=\"fg-item fg-type-image fg-idle\"><figure class=\"fg-item-inner\"><a href=\"https:\/\/alpavista.ch\/Alp11\/wp-content\/uploads\/Col_de_la_Roue_11_010.jpg\" data-caption-title=\"Le terrain \u00e9tait maintenant plus rocailleux. Les arbres se faisaient de plus en plus rustiques. Les oiseaux commen\u00e7aient \u00e0 chanter bizarrement. Bref, on avait travers\u00e9 la Ti\u00e8che.\" data-caption-desc=\"Le terrain \u00e9tait maintenant plus rocailleux. Les arbres se faisaient de plus en plus rustiques. Les oiseaux commen\u00e7aient \u00e0 chanter bizarrement. Bref, on avait travers\u00e9 la Ti\u00e8che.\" data-attachment-id=\"20270\" data-type=\"image\" class=\"fg-thumb\"><span class=\"fg-image-wrap\"><img decoding=\"async\" alt=\"Col_de_la_Roue_11_010\" title=\"Le terrain \u00e9tait maintenant plus rocailleux. Les arbres se faisaient de plus en plus rustiques. Les oiseaux commen\u00e7aient \u00e0 chanter bizarrement. Bref, on avait travers\u00e9 la Ti\u00e8che.\" width=\"101\" height=\"57\" class=\"skip-lazy fg-image\" data-src-fg=\"https:\/\/alpavista.ch\/Alp11\/wp-content\/uploads\/cache\/Col_de_la_Roue_11_010\/1745304022.jpg\" src=\"data:image\/svg+xml,%3Csvg%20xmlns%3D%22http%3A%2F%2Fwww.w3.org%2F2000%2Fsvg%22%20width%3D%22101%22%20height%3D%2257%22%20viewBox%3D%220%200%20101%2057%22%3E%3C%2Fsvg%3E\" loading=\"eager\"><\/span><span class=\"fg-image-overlay\"><\/span><\/a><figcaption class=\"fg-caption\"><div class=\"fg-caption-inner\"><div class=\"fg-caption-desc\">Le terrain \u00e9tait maintenant plus rocailleux. Les arbres se faisaient de plus en plus rustiques. Les oiseaux commen\u00e7aient \u00e0 chanter bizarrement. Bref, on avait travers\u00e9 la Ti\u00e8che.<\/div><\/div><\/figcaption><\/figure><div class=\"fg-loader\"><\/div><\/div><div class=\"fg-item fg-type-image fg-idle\"><figure class=\"fg-item-inner\"><a href=\"https:\/\/alpavista.ch\/Alp11\/wp-content\/uploads\/Col_de_la_Roue_11_011.jpg\" data-caption-title=\"Jouant avec le torrent, la trace s&#039;\u00e9tait mise \u00e0 musarder, la pente \u00e0 se radoucir.  Bref, on a recommenc\u00e9 \u00e0 monter.\" data-caption-desc=\"Jouant avec le torrent, la trace s&#039;\u00e9tait mise \u00e0 musarder, la pente \u00e0 se radoucir.  Bref, on a recommenc\u00e9 \u00e0 monter.\" data-attachment-id=\"20269\" data-type=\"image\" class=\"fg-thumb\"><span class=\"fg-image-wrap\"><img decoding=\"async\" alt=\"Col_de_la_Roue_11_011\" title=\"Jouant avec le torrent, la trace s&#039;\u00e9tait mise \u00e0 musarder, la pente \u00e0 se radoucir.  Bref, on a recommenc\u00e9 \u00e0 monter.\" width=\"101\" height=\"57\" class=\"skip-lazy fg-image\" data-src-fg=\"https:\/\/alpavista.ch\/Alp11\/wp-content\/uploads\/cache\/Col_de_la_Roue_11_011\/3600302578.jpg\" src=\"data:image\/svg+xml,%3Csvg%20xmlns%3D%22http%3A%2F%2Fwww.w3.org%2F2000%2Fsvg%22%20width%3D%22101%22%20height%3D%2257%22%20viewBox%3D%220%200%20101%2057%22%3E%3C%2Fsvg%3E\" loading=\"eager\"><\/span><span class=\"fg-image-overlay\"><\/span><\/a><figcaption class=\"fg-caption\"><div class=\"fg-caption-inner\"><div class=\"fg-caption-desc\">Jouant avec le torrent, la trace s'\u00e9tait mise \u00e0 musarder, la pente \u00e0 se radoucir.  Bref, on a recommenc\u00e9 \u00e0 monter.<\/div><\/div><\/figcaption><\/figure><div class=\"fg-loader\"><\/div><\/div><div class=\"fg-item fg-type-image fg-idle\"><figure class=\"fg-item-inner\"><a href=\"https:\/\/alpavista.ch\/Alp11\/wp-content\/uploads\/Col_de_la_Roue_11_012.jpg\" data-caption-title=\"Ce n&#039;\u00e9tait pas des cornes. Encore moins des ailes. Peut-\u00eatre de tr\u00e8s grandes oreilles. Bref, il avait des ombres qui aimaient manifester leur joie de vivre.\" data-caption-desc=\"Ce n&#039;\u00e9tait pas des cornes. Encore moins des ailes. Peut-\u00eatre de tr\u00e8s grandes oreilles. Bref, il avait des ombres qui aimaient manifester leur joie de vivre.\" data-attachment-id=\"20268\" data-type=\"image\" class=\"fg-thumb\"><span class=\"fg-image-wrap\"><img decoding=\"async\" alt=\"Col_de_la_Roue_11_012\" title=\"Ce n&#039;\u00e9tait pas des cornes. Encore moins des ailes. Peut-\u00eatre de tr\u00e8s grandes oreilles. Bref, il avait des ombres qui aimaient manifester leur joie de vivre.\" width=\"101\" height=\"57\" class=\"skip-lazy fg-image\" data-src-fg=\"https:\/\/alpavista.ch\/Alp11\/wp-content\/uploads\/cache\/Col_de_la_Roue_11_012\/3293347312.jpg\" src=\"data:image\/svg+xml,%3Csvg%20xmlns%3D%22http%3A%2F%2Fwww.w3.org%2F2000%2Fsvg%22%20width%3D%22101%22%20height%3D%2257%22%20viewBox%3D%220%200%20101%2057%22%3E%3C%2Fsvg%3E\" loading=\"eager\"><\/span><span class=\"fg-image-overlay\"><\/span><\/a><figcaption class=\"fg-caption\"><div class=\"fg-caption-inner\"><div class=\"fg-caption-desc\">Ce n'\u00e9tait pas des cornes. Encore moins des ailes. Peut-\u00eatre de tr\u00e8s grandes oreilles. Bref, il avait des ombres qui aimaient manifester leur joie de vivre.<\/div><\/div><\/figcaption><\/figure><div class=\"fg-loader\"><\/div><\/div><div class=\"fg-item fg-type-image fg-idle\"><figure class=\"fg-item-inner\"><a href=\"https:\/\/alpavista.ch\/Alp11\/wp-content\/uploads\/Col_de_la_Roue_11_013.jpg\" data-caption-title=\"On \u00e9tait parti pour d\u00e9finitivement caler, voire carr\u00e9ment double-caler.  Bref, il y avait encore pas mal de faux-plats \u00e0 traverser.\" data-caption-desc=\"On \u00e9tait parti pour d\u00e9finitivement caler, voire carr\u00e9ment double-caler.  Bref, il y avait encore pas mal de faux-plats \u00e0 traverser.\" data-attachment-id=\"20267\" data-type=\"image\" class=\"fg-thumb\"><span class=\"fg-image-wrap\"><img decoding=\"async\" alt=\"Col_de_la_Roue_11_013\" title=\"On \u00e9tait parti pour d\u00e9finitivement caler, voire carr\u00e9ment double-caler.  Bref, il y avait encore pas mal de faux-plats \u00e0 traverser.\" width=\"101\" height=\"57\" class=\"skip-lazy fg-image\" data-src-fg=\"https:\/\/alpavista.ch\/Alp11\/wp-content\/uploads\/cache\/Col_de_la_Roue_11_013\/1383733445.jpg\" src=\"data:image\/svg+xml,%3Csvg%20xmlns%3D%22http%3A%2F%2Fwww.w3.org%2F2000%2Fsvg%22%20width%3D%22101%22%20height%3D%2257%22%20viewBox%3D%220%200%20101%2057%22%3E%3C%2Fsvg%3E\" loading=\"eager\"><\/span><span class=\"fg-image-overlay\"><\/span><\/a><figcaption class=\"fg-caption\"><div class=\"fg-caption-inner\"><div class=\"fg-caption-desc\">On \u00e9tait parti pour d\u00e9finitivement caler, voire carr\u00e9ment double-caler.  Bref, il y avait encore pas mal de faux-plats \u00e0 traverser.<\/div><\/div><\/figcaption><\/figure><div class=\"fg-loader\"><\/div><\/div><div class=\"fg-item fg-type-image fg-idle\"><figure class=\"fg-item-inner\"><a href=\"https:\/\/alpavista.ch\/Alp11\/wp-content\/uploads\/Col_de_la_Roue_11_014.jpg\" data-caption-title=\"Il y a avait de moins en moins d&#039;arbres, le relief \u00e9tait vallon\u00e9 et le terrain de plus en plus denud\u00e9.   Bref, en principe il n&#039;y a pas de neige sur la lune.\" data-caption-desc=\"Il y a avait de moins en moins d&#039;arbres, le relief \u00e9tait vallon\u00e9 et le terrain de plus en plus denud\u00e9.   Bref, en principe il n&#039;y a pas de neige sur la lune.\" data-attachment-id=\"20266\" data-type=\"image\" class=\"fg-thumb\"><span class=\"fg-image-wrap\"><img decoding=\"async\" alt=\"Col_de_la_Roue_11_014\" title=\"Il y a avait de moins en moins d&#039;arbres, le relief \u00e9tait vallon\u00e9 et le terrain de plus en plus denud\u00e9.   Bref, en principe il n&#039;y a pas de neige sur la lune.\" width=\"101\" height=\"57\" class=\"skip-lazy fg-image\" data-src-fg=\"https:\/\/alpavista.ch\/Alp11\/wp-content\/uploads\/cache\/Col_de_la_Roue_11_014\/3303287357.jpg\" src=\"data:image\/svg+xml,%3Csvg%20xmlns%3D%22http%3A%2F%2Fwww.w3.org%2F2000%2Fsvg%22%20width%3D%22101%22%20height%3D%2257%22%20viewBox%3D%220%200%20101%2057%22%3E%3C%2Fsvg%3E\" loading=\"eager\"><\/span><span class=\"fg-image-overlay\"><\/span><\/a><figcaption class=\"fg-caption\"><div class=\"fg-caption-inner\"><div class=\"fg-caption-desc\">Il y a avait de moins en moins d'arbres, le relief \u00e9tait vallon\u00e9 et le terrain de plus en plus denud\u00e9.   Bref, en principe il n'y a pas de neige sur la lune.<\/div><\/div><\/figcaption><\/figure><div class=\"fg-loader\"><\/div><\/div><div class=\"fg-item fg-type-image fg-idle\"><figure class=\"fg-item-inner\"><a href=\"https:\/\/alpavista.ch\/Alp11\/wp-content\/uploads\/Col_de_la_Roue_11_015.jpg\" data-caption-title=\"Entrecoup\u00e9es de conversions, les travers\u00e9es succ\u00e9daient aux travers\u00e9es.   Bref, on ne perdait pas vraiment d&#039;altitude.\" data-caption-desc=\"Entrecoup\u00e9es de conversions, les travers\u00e9es succ\u00e9daient aux travers\u00e9es.   Bref, on ne perdait pas vraiment d&#039;altitude.\" data-attachment-id=\"20265\" data-type=\"image\" class=\"fg-thumb\"><span class=\"fg-image-wrap\"><img decoding=\"async\" alt=\"Col_de_la_Roue_11_015\" title=\"Entrecoup\u00e9es de conversions, les travers\u00e9es succ\u00e9daient aux travers\u00e9es.   Bref, on ne perdait pas vraiment d&#039;altitude.\" width=\"101\" height=\"57\" class=\"skip-lazy fg-image\" data-src-fg=\"https:\/\/alpavista.ch\/Alp11\/wp-content\/uploads\/cache\/Col_de_la_Roue_11_015\/2010276033.jpg\" src=\"data:image\/svg+xml,%3Csvg%20xmlns%3D%22http%3A%2F%2Fwww.w3.org%2F2000%2Fsvg%22%20width%3D%22101%22%20height%3D%2257%22%20viewBox%3D%220%200%20101%2057%22%3E%3C%2Fsvg%3E\" loading=\"eager\"><\/span><span class=\"fg-image-overlay\"><\/span><\/a><figcaption class=\"fg-caption\"><div class=\"fg-caption-inner\"><div class=\"fg-caption-desc\">Entrecoup\u00e9es de conversions, les travers\u00e9es succ\u00e9daient aux travers\u00e9es.   Bref, on ne perdait pas vraiment d'altitude.<\/div><\/div><\/figcaption><\/figure><div class=\"fg-loader\"><\/div><\/div><div class=\"fg-item fg-type-image fg-idle\"><figure class=\"fg-item-inner\"><a href=\"https:\/\/alpavista.ch\/Alp11\/wp-content\/uploads\/Col_de_la_Roue_11_016.jpg\" data-caption-title=\"Le panorama \u00e9tait inou\u00ef. Le soleil g\u00e9n\u00e9reux et les ombres ... gigantesques.  Bref, on n&#039;\u00e9tait pas sur la rive gauche.\" data-caption-desc=\"Le panorama \u00e9tait inou\u00ef. Le soleil g\u00e9n\u00e9reux et les ombres ... gigantesques.  Bref, on n&#039;\u00e9tait pas sur la rive gauche.\" data-attachment-id=\"20264\" data-type=\"image\" class=\"fg-thumb\"><span class=\"fg-image-wrap\"><img decoding=\"async\" alt=\"Col_de_la_Roue_11_016\" title=\"Le panorama \u00e9tait inou\u00ef. Le soleil g\u00e9n\u00e9reux et les ombres ... gigantesques.  Bref, on n&#039;\u00e9tait pas sur la rive gauche.\" width=\"101\" height=\"57\" class=\"skip-lazy fg-image\" data-src-fg=\"https:\/\/alpavista.ch\/Alp11\/wp-content\/uploads\/cache\/Col_de_la_Roue_11_016\/1694915779.jpg\" src=\"data:image\/svg+xml,%3Csvg%20xmlns%3D%22http%3A%2F%2Fwww.w3.org%2F2000%2Fsvg%22%20width%3D%22101%22%20height%3D%2257%22%20viewBox%3D%220%200%20101%2057%22%3E%3C%2Fsvg%3E\" loading=\"eager\"><\/span><span class=\"fg-image-overlay\"><\/span><\/a><figcaption class=\"fg-caption\"><div class=\"fg-caption-inner\"><div class=\"fg-caption-desc\">Le panorama \u00e9tait inou\u00ef. Le soleil g\u00e9n\u00e9reux et les ombres ... gigantesques.  Bref, on n'\u00e9tait pas sur la rive gauche.<\/div><\/div><\/figcaption><\/figure><div class=\"fg-loader\"><\/div><\/div><div class=\"fg-item fg-type-image fg-idle\"><figure class=\"fg-item-inner\"><a href=\"https:\/\/alpavista.ch\/Alp11\/wp-content\/uploads\/Col_de_la_Roue_11_017.jpg\" data-caption-title=\"La trace \u00e9tait belle, son trac\u00e9 bien choisi et son \u00e9l\u00e9vation toujours raisonnable.   Bref, on ne se serait pas cru dans un hiver &quot;\u00e0 patrouille&quot;\" data-caption-desc=\"La trace \u00e9tait belle, son trac\u00e9 bien choisi et son \u00e9l\u00e9vation toujours raisonnable.   Bref, on ne se serait pas cru dans un hiver &quot;\u00e0 patrouille&quot;\" data-attachment-id=\"20263\" data-type=\"image\" class=\"fg-thumb\"><span class=\"fg-image-wrap\"><img decoding=\"async\" alt=\"Col_de_la_Roue_11_017\" title=\"La trace \u00e9tait belle, son trac\u00e9 bien choisi et son \u00e9l\u00e9vation toujours raisonnable.   Bref, on ne se serait pas cru dans un hiver &quot;\u00e0 patrouille&quot;\" width=\"101\" height=\"57\" class=\"skip-lazy fg-image\" data-src-fg=\"https:\/\/alpavista.ch\/Alp11\/wp-content\/uploads\/cache\/Col_de_la_Roue_11_017\/3402625912.jpg\" src=\"data:image\/svg+xml,%3Csvg%20xmlns%3D%22http%3A%2F%2Fwww.w3.org%2F2000%2Fsvg%22%20width%3D%22101%22%20height%3D%2257%22%20viewBox%3D%220%200%20101%2057%22%3E%3C%2Fsvg%3E\" loading=\"eager\"><\/span><span class=\"fg-image-overlay\"><\/span><\/a><figcaption class=\"fg-caption\"><div class=\"fg-caption-inner\"><div class=\"fg-caption-desc\">La trace \u00e9tait belle, son trac\u00e9 bien choisi et son \u00e9l\u00e9vation toujours raisonnable.   Bref, on ne se serait pas cru dans un hiver \"\u00e0 patrouille\"<\/div><\/div><\/figcaption><\/figure><div class=\"fg-loader\"><\/div><\/div><div class=\"fg-item fg-type-image fg-idle\"><figure class=\"fg-item-inner\"><a href=\"https:\/\/alpavista.ch\/Alp11\/wp-content\/uploads\/Col_de_la_Roue_11_018.jpg\" data-caption-title=\"A chaque ressaut succ\u00e9dait un replat, \u00e0 chaque c\u00f4te, une transition plus douce.   Bref, on aurait aussi bien pu \u00eatre dans les Alpes Bernoises.\" data-caption-desc=\"A chaque ressaut succ\u00e9dait un replat, \u00e0 chaque c\u00f4te, une transition plus douce.   Bref, on aurait aussi bien pu \u00eatre dans les Alpes Bernoises.\" data-attachment-id=\"20262\" data-type=\"image\" class=\"fg-thumb\"><span class=\"fg-image-wrap\"><img decoding=\"async\" alt=\"Col_de_la_Roue_11_018\" title=\"A chaque ressaut succ\u00e9dait un replat, \u00e0 chaque c\u00f4te, une transition plus douce.   Bref, on aurait aussi bien pu \u00eatre dans les Alpes Bernoises.\" width=\"101\" height=\"57\" class=\"skip-lazy fg-image\" data-src-fg=\"https:\/\/alpavista.ch\/Alp11\/wp-content\/uploads\/cache\/Col_de_la_Roue_11_018\/2410994229.jpg\" src=\"data:image\/svg+xml,%3Csvg%20xmlns%3D%22http%3A%2F%2Fwww.w3.org%2F2000%2Fsvg%22%20width%3D%22101%22%20height%3D%2257%22%20viewBox%3D%220%200%20101%2057%22%3E%3C%2Fsvg%3E\" loading=\"eager\"><\/span><span class=\"fg-image-overlay\"><\/span><\/a><figcaption class=\"fg-caption\"><div class=\"fg-caption-inner\"><div class=\"fg-caption-desc\">A chaque ressaut succ\u00e9dait un replat, \u00e0 chaque c\u00f4te, une transition plus douce.   Bref, on aurait aussi bien pu \u00eatre dans les Alpes Bernoises.<\/div><\/div><\/figcaption><\/figure><div class=\"fg-loader\"><\/div><\/div><div class=\"fg-item fg-type-image fg-idle\"><figure class=\"fg-item-inner\"><a href=\"https:\/\/alpavista.ch\/Alp11\/wp-content\/uploads\/Col_de_la_Roue_11_019.jpg\" data-caption-title=\"J&#039;\u00e9tais s\u00e9rieux, determin\u00e9 et motiv\u00e9 comme jamais. Je me concentrais pour garder toute ma ... concentration.   Bref, je faisais du ski de rando pour mon plaisir.\" data-caption-desc=\"J&#039;\u00e9tais s\u00e9rieux, determin\u00e9 et motiv\u00e9 comme jamais. Je me concentrais pour garder toute ma ... concentration.   Bref, je faisais du ski de rando pour mon plaisir.\" data-attachment-id=\"20261\" data-type=\"image\" class=\"fg-thumb\"><span class=\"fg-image-wrap\"><img decoding=\"async\" alt=\"Col_de_la_Roue_11_019\" title=\"J&#039;\u00e9tais s\u00e9rieux, determin\u00e9 et motiv\u00e9 comme jamais. Je me concentrais pour garder toute ma ... concentration.   Bref, je faisais du ski de rando pour mon plaisir.\" width=\"101\" height=\"57\" class=\"skip-lazy fg-image\" data-src-fg=\"https:\/\/alpavista.ch\/Alp11\/wp-content\/uploads\/cache\/Col_de_la_Roue_11_019\/1015189705.jpg\" src=\"data:image\/svg+xml,%3Csvg%20xmlns%3D%22http%3A%2F%2Fwww.w3.org%2F2000%2Fsvg%22%20width%3D%22101%22%20height%3D%2257%22%20viewBox%3D%220%200%20101%2057%22%3E%3C%2Fsvg%3E\" loading=\"eager\"><\/span><span class=\"fg-image-overlay\"><\/span><\/a><figcaption class=\"fg-caption\"><div class=\"fg-caption-inner\"><div class=\"fg-caption-desc\">J'\u00e9tais s\u00e9rieux, determin\u00e9 et motiv\u00e9 comme jamais. Je me concentrais pour garder toute ma ... concentration.   Bref, je faisais du ski de rando pour mon plaisir.<\/div><\/div><\/figcaption><\/figure><div class=\"fg-loader\"><\/div><\/div><div class=\"fg-item fg-type-image fg-idle\"><figure class=\"fg-item-inner\"><a href=\"https:\/\/alpavista.ch\/Alp11\/wp-content\/uploads\/Col_de_la_Roue_11_020.jpg\" data-caption-title=\"Je me voyais grand, fort et courageux.  Bref, c&#039;\u00e9tait avant que je mette \u00e0 fr\u00e9quenter la montagne.\" data-caption-desc=\"Je me voyais grand, fort et courageux.  Bref, c&#039;\u00e9tait avant que je mette \u00e0 fr\u00e9quenter la montagne.\" data-attachment-id=\"20260\" data-type=\"image\" class=\"fg-thumb\"><span class=\"fg-image-wrap\"><img decoding=\"async\" alt=\"Col_de_la_Roue_11_020\" title=\"Je me voyais grand, fort et courageux.  Bref, c&#039;\u00e9tait avant que je mette \u00e0 fr\u00e9quenter la montagne.\" width=\"101\" height=\"57\" class=\"skip-lazy fg-image\" data-src-fg=\"https:\/\/alpavista.ch\/Alp11\/wp-content\/uploads\/cache\/Col_de_la_Roue_11_020\/2249952454.jpg\" src=\"data:image\/svg+xml,%3Csvg%20xmlns%3D%22http%3A%2F%2Fwww.w3.org%2F2000%2Fsvg%22%20width%3D%22101%22%20height%3D%2257%22%20viewBox%3D%220%200%20101%2057%22%3E%3C%2Fsvg%3E\" loading=\"eager\"><\/span><span class=\"fg-image-overlay\"><\/span><\/a><figcaption class=\"fg-caption\"><div class=\"fg-caption-inner\"><div class=\"fg-caption-desc\">Je me voyais grand, fort et courageux.  Bref, c'\u00e9tait avant que je mette \u00e0 fr\u00e9quenter la montagne.<\/div><\/div><\/figcaption><\/figure><div class=\"fg-loader\"><\/div><\/div><div class=\"fg-item fg-type-image fg-idle\"><figure class=\"fg-item-inner\"><a href=\"https:\/\/alpavista.ch\/Alp11\/wp-content\/uploads\/Col_de_la_Roue_11_021.jpg\" data-caption-title=\"On se  voyait d\u00e9j\u00e0 arriv\u00e9, le th\u00e9 chaud partag\u00e9, le panorama \u00e0 admirer.  Bref, on attaquait \u00e0 peine la pente finale.\" data-caption-desc=\"On se  voyait d\u00e9j\u00e0 arriv\u00e9, le th\u00e9 chaud partag\u00e9, le panorama \u00e0 admirer.  Bref, on attaquait \u00e0 peine la pente finale.\" data-attachment-id=\"20259\" data-type=\"image\" class=\"fg-thumb\"><span class=\"fg-image-wrap\"><img decoding=\"async\" alt=\"Col_de_la_Roue_11_021\" title=\"On se  voyait d\u00e9j\u00e0 arriv\u00e9, le th\u00e9 chaud partag\u00e9, le panorama \u00e0 admirer.  Bref, on attaquait \u00e0 peine la pente finale.\" width=\"101\" height=\"57\" class=\"skip-lazy fg-image\" data-src-fg=\"https:\/\/alpavista.ch\/Alp11\/wp-content\/uploads\/cache\/Col_de_la_Roue_11_021\/1289150729.jpg\" src=\"data:image\/svg+xml,%3Csvg%20xmlns%3D%22http%3A%2F%2Fwww.w3.org%2F2000%2Fsvg%22%20width%3D%22101%22%20height%3D%2257%22%20viewBox%3D%220%200%20101%2057%22%3E%3C%2Fsvg%3E\" loading=\"eager\"><\/span><span class=\"fg-image-overlay\"><\/span><\/a><figcaption class=\"fg-caption\"><div class=\"fg-caption-inner\"><div class=\"fg-caption-desc\">On se  voyait d\u00e9j\u00e0 arriv\u00e9, le th\u00e9 chaud partag\u00e9, le panorama \u00e0 admirer.  Bref, on attaquait \u00e0 peine la pente finale.<\/div><\/div><\/figcaption><\/figure><div class=\"fg-loader\"><\/div><\/div><div class=\"fg-item fg-type-image fg-idle\"><figure class=\"fg-item-inner\"><a href=\"https:\/\/alpavista.ch\/Alp11\/wp-content\/uploads\/Col_de_la_Roue_11_022.jpg\" data-caption-title=\"Le groupe finissait par s&#039;\u00e9tirer, les rythmes \u00e0 varier.   Bref, cette fois, on \u00e9tait bel et bien dans la pente finale.\" data-caption-desc=\"Le groupe finissait par s&#039;\u00e9tirer, les rythmes \u00e0 varier.   Bref, cette fois, on \u00e9tait bel et bien dans la pente finale.\" data-attachment-id=\"20258\" data-type=\"image\" class=\"fg-thumb\"><span class=\"fg-image-wrap\"><img decoding=\"async\" alt=\"Col_de_la_Roue_11_022\" title=\"Le groupe finissait par s&#039;\u00e9tirer, les rythmes \u00e0 varier.   Bref, cette fois, on \u00e9tait bel et bien dans la pente finale.\" width=\"101\" height=\"57\" class=\"skip-lazy fg-image\" data-src-fg=\"https:\/\/alpavista.ch\/Alp11\/wp-content\/uploads\/cache\/Col_de_la_Roue_11_022\/1577245963.jpg\" src=\"data:image\/svg+xml,%3Csvg%20xmlns%3D%22http%3A%2F%2Fwww.w3.org%2F2000%2Fsvg%22%20width%3D%22101%22%20height%3D%2257%22%20viewBox%3D%220%200%20101%2057%22%3E%3C%2Fsvg%3E\" loading=\"eager\"><\/span><span class=\"fg-image-overlay\"><\/span><\/a><figcaption class=\"fg-caption\"><div class=\"fg-caption-inner\"><div class=\"fg-caption-desc\">Le groupe finissait par s'\u00e9tirer, les rythmes \u00e0 varier.   Bref, cette fois, on \u00e9tait bel et bien dans la pente finale.<\/div><\/div><\/figcaption><\/figure><div class=\"fg-loader\"><\/div><\/div><div class=\"fg-item fg-type-image fg-idle\"><figure class=\"fg-item-inner\"><a href=\"https:\/\/alpavista.ch\/Alp11\/wp-content\/uploads\/Col_de_la_Roue_11_023.jpg\" data-caption-title=\"La fatigue commen\u00e7ait \u00e0 peser, le trac\u00e9 \u00e0 se durcir, mais le sommet, de moins en moins \u00e0 s&#039;\u00e9loigner.   Bref, on \u00e9tait enfin dans la derni\u00e8re travers\u00e9e.\" data-caption-desc=\"La fatigue commen\u00e7ait \u00e0 peser, le trac\u00e9 \u00e0 se durcir, mais le sommet, de moins en moins \u00e0 s&#039;\u00e9loigner.   Bref, on \u00e9tait enfin dans la derni\u00e8re travers\u00e9e.\" data-attachment-id=\"20257\" data-type=\"image\" class=\"fg-thumb\"><span class=\"fg-image-wrap\"><img decoding=\"async\" alt=\"Col_de_la_Roue_11_023\" title=\"La fatigue commen\u00e7ait \u00e0 peser, le trac\u00e9 \u00e0 se durcir, mais le sommet, de moins en moins \u00e0 s&#039;\u00e9loigner.   Bref, on \u00e9tait enfin dans la derni\u00e8re travers\u00e9e.\" width=\"101\" height=\"57\" class=\"skip-lazy fg-image\" data-src-fg=\"https:\/\/alpavista.ch\/Alp11\/wp-content\/uploads\/cache\/Col_de_la_Roue_11_023\/3358898238.jpg\" src=\"data:image\/svg+xml,%3Csvg%20xmlns%3D%22http%3A%2F%2Fwww.w3.org%2F2000%2Fsvg%22%20width%3D%22101%22%20height%3D%2257%22%20viewBox%3D%220%200%20101%2057%22%3E%3C%2Fsvg%3E\" loading=\"eager\"><\/span><span class=\"fg-image-overlay\"><\/span><\/a><figcaption class=\"fg-caption\"><div class=\"fg-caption-inner\"><div class=\"fg-caption-desc\">La fatigue commen\u00e7ait \u00e0 peser, le trac\u00e9 \u00e0 se durcir, mais le sommet, de moins en moins \u00e0 s'\u00e9loigner.   Bref, on \u00e9tait enfin dans la derni\u00e8re travers\u00e9e.<\/div><\/div><\/figcaption><\/figure><div class=\"fg-loader\"><\/div><\/div><div class=\"fg-item fg-type-image fg-idle\"><figure class=\"fg-item-inner\"><a href=\"https:\/\/alpavista.ch\/Alp11\/wp-content\/uploads\/Col_de_la_Roue_11_024.jpg\" data-caption-title=\"Il y avait l\u00e0 des corniches, du vent du nord et un cairn.   Bref, on \u00e9tait arriv\u00e9 au Col de la Roue.\" data-caption-desc=\"Il y avait l\u00e0 des corniches, du vent du nord et un cairn.   Bref, on \u00e9tait arriv\u00e9 au Col de la Roue.\" data-attachment-id=\"20256\" data-type=\"image\" class=\"fg-thumb\"><span class=\"fg-image-wrap\"><img decoding=\"async\" alt=\"Col_de_la_Roue_11_024\" title=\"Il y avait l\u00e0 des corniches, du vent du nord et un cairn.   Bref, on \u00e9tait arriv\u00e9 au Col de la Roue.\" width=\"101\" height=\"57\" class=\"skip-lazy fg-image\" data-src-fg=\"https:\/\/alpavista.ch\/Alp11\/wp-content\/uploads\/cache\/Col_de_la_Roue_11_024\/1588234950.jpg\" src=\"data:image\/svg+xml,%3Csvg%20xmlns%3D%22http%3A%2F%2Fwww.w3.org%2F2000%2Fsvg%22%20width%3D%22101%22%20height%3D%2257%22%20viewBox%3D%220%200%20101%2057%22%3E%3C%2Fsvg%3E\" loading=\"eager\"><\/span><span class=\"fg-image-overlay\"><\/span><\/a><figcaption class=\"fg-caption\"><div class=\"fg-caption-inner\"><div class=\"fg-caption-desc\">Il y avait l\u00e0 des corniches, du vent du nord et un cairn.   Bref, on \u00e9tait arriv\u00e9 au Col de la Roue.<\/div><\/div><\/figcaption><\/figure><div class=\"fg-loader\"><\/div><\/div><div class=\"fg-item fg-type-image fg-idle\"><figure class=\"fg-item-inner\"><a href=\"https:\/\/alpavista.ch\/Alp11\/wp-content\/uploads\/Col_de_la_Roue_11_025.jpg\" data-caption-title=\"Ca avait exig\u00e9 du temps, de l&#039;\u00e9nergie et de la volont\u00e9.   Bref, finalement tout le monde y \u00e9tait arriv\u00e9.\" data-caption-desc=\"Ca avait exig\u00e9 du temps, de l&#039;\u00e9nergie et de la volont\u00e9.   Bref, finalement tout le monde y \u00e9tait arriv\u00e9.\" data-attachment-id=\"20255\" data-type=\"image\" class=\"fg-thumb\"><span class=\"fg-image-wrap\"><img decoding=\"async\" alt=\"Col_de_la_Roue_11_025\" title=\"Ca avait exig\u00e9 du temps, de l&#039;\u00e9nergie et de la volont\u00e9.   Bref, finalement tout le monde y \u00e9tait arriv\u00e9.\" width=\"101\" height=\"57\" class=\"skip-lazy fg-image\" data-src-fg=\"https:\/\/alpavista.ch\/Alp11\/wp-content\/uploads\/cache\/Col_de_la_Roue_11_025\/3986473018.jpg\" src=\"data:image\/svg+xml,%3Csvg%20xmlns%3D%22http%3A%2F%2Fwww.w3.org%2F2000%2Fsvg%22%20width%3D%22101%22%20height%3D%2257%22%20viewBox%3D%220%200%20101%2057%22%3E%3C%2Fsvg%3E\" loading=\"eager\"><\/span><span class=\"fg-image-overlay\"><\/span><\/a><figcaption class=\"fg-caption\"><div class=\"fg-caption-inner\"><div class=\"fg-caption-desc\">Ca avait exig\u00e9 du temps, de l'\u00e9nergie et de la volont\u00e9.   Bref, finalement tout le monde y \u00e9tait arriv\u00e9.<\/div><\/div><\/figcaption><\/figure><div class=\"fg-loader\"><\/div><\/div><div class=\"fg-item fg-type-image fg-idle\"><figure class=\"fg-item-inner\"><a href=\"https:\/\/alpavista.ch\/Alp11\/wp-content\/uploads\/Col_de_la_Roue_11_026.jpg\" data-caption-title=\"On avait envisag\u00e9 un ap\u00e9ro, un pic-nic et des rires partag\u00e9s.   Bref, on a imm\u00e9diatement attaqu\u00e9 la descente.\" data-caption-desc=\"On avait envisag\u00e9 un ap\u00e9ro, un pic-nic et des rires partag\u00e9s.   Bref, on a imm\u00e9diatement attaqu\u00e9 la descente.\" data-attachment-id=\"20254\" data-type=\"image\" class=\"fg-thumb\"><span class=\"fg-image-wrap\"><img decoding=\"async\" alt=\"Col_de_la_Roue_11_026\" title=\"On avait envisag\u00e9 un ap\u00e9ro, un pic-nic et des rires partag\u00e9s.   Bref, on a imm\u00e9diatement attaqu\u00e9 la descente.\" width=\"101\" height=\"57\" class=\"skip-lazy fg-image\" data-src-fg=\"https:\/\/alpavista.ch\/Alp11\/wp-content\/uploads\/cache\/Col_de_la_Roue_11_026\/4282973240.jpg\" src=\"data:image\/svg+xml,%3Csvg%20xmlns%3D%22http%3A%2F%2Fwww.w3.org%2F2000%2Fsvg%22%20width%3D%22101%22%20height%3D%2257%22%20viewBox%3D%220%200%20101%2057%22%3E%3C%2Fsvg%3E\" loading=\"eager\"><\/span><span class=\"fg-image-overlay\"><\/span><\/a><figcaption class=\"fg-caption\"><div class=\"fg-caption-inner\"><div class=\"fg-caption-desc\">On avait envisag\u00e9 un ap\u00e9ro, un pic-nic et des rires partag\u00e9s.   Bref, on a imm\u00e9diatement attaqu\u00e9 la descente.<\/div><\/div><\/figcaption><\/figure><div class=\"fg-loader\"><\/div><\/div><div class=\"fg-item fg-type-image fg-idle\"><figure class=\"fg-item-inner\"><a href=\"https:\/\/alpavista.ch\/Alp11\/wp-content\/uploads\/Col_de_la_Roue_11_027.jpg\" data-caption-title=\"On pensait le manteau neigeux cro\u00fbt\u00e9, sournois et difficile \u00e0 skier.   Bref, on s&#039;est tout de suite r\u00e9gal\u00e9.\" data-caption-desc=\"On pensait le manteau neigeux cro\u00fbt\u00e9, sournois et difficile \u00e0 skier.   Bref, on s&#039;est tout de suite r\u00e9gal\u00e9.\" data-attachment-id=\"20253\" data-type=\"image\" class=\"fg-thumb\"><span class=\"fg-image-wrap\"><img decoding=\"async\" alt=\"Col_de_la_Roue_11_027\" title=\"On pensait le manteau neigeux cro\u00fbt\u00e9, sournois et difficile \u00e0 skier.   Bref, on s&#039;est tout de suite r\u00e9gal\u00e9.\" width=\"101\" height=\"57\" class=\"skip-lazy fg-image\" data-src-fg=\"https:\/\/alpavista.ch\/Alp11\/wp-content\/uploads\/cache\/Col_de_la_Roue_11_027\/1350652803.jpg\" src=\"data:image\/svg+xml,%3Csvg%20xmlns%3D%22http%3A%2F%2Fwww.w3.org%2F2000%2Fsvg%22%20width%3D%22101%22%20height%3D%2257%22%20viewBox%3D%220%200%20101%2057%22%3E%3C%2Fsvg%3E\" loading=\"eager\"><\/span><span class=\"fg-image-overlay\"><\/span><\/a><figcaption class=\"fg-caption\"><div class=\"fg-caption-inner\"><div class=\"fg-caption-desc\">On pensait le manteau neigeux cro\u00fbt\u00e9, sournois et difficile \u00e0 skier.   Bref, on s'est tout de suite r\u00e9gal\u00e9.<\/div><\/div><\/figcaption><\/figure><div class=\"fg-loader\"><\/div><\/div><div class=\"fg-item fg-type-image fg-idle\"><figure class=\"fg-item-inner\"><a href=\"https:\/\/alpavista.ch\/Alp11\/wp-content\/uploads\/Col_de_la_Roue_11_028.jpg\" data-caption-title=\"Elle avait \u00e9t\u00e9 compliqu\u00e9e \u00e0 aborder, \u00e2pre \u00e0 g\u00e9rer, difficile \u00e0 vaincre.   Bref, la pente sommitale n&#039;\u00e9tait d\u00e9j\u00e0 plus qu&#039;un souvenir.\" data-caption-desc=\"Elle avait \u00e9t\u00e9 compliqu\u00e9e \u00e0 aborder, \u00e2pre \u00e0 g\u00e9rer, difficile \u00e0 vaincre.   Bref, la pente sommitale n&#039;\u00e9tait d\u00e9j\u00e0 plus qu&#039;un souvenir.\" data-attachment-id=\"20252\" data-type=\"image\" class=\"fg-thumb\"><span class=\"fg-image-wrap\"><img decoding=\"async\" alt=\"Col_de_la_Roue_11_028\" title=\"Elle avait \u00e9t\u00e9 compliqu\u00e9e \u00e0 aborder, \u00e2pre \u00e0 g\u00e9rer, difficile \u00e0 vaincre.   Bref, la pente sommitale n&#039;\u00e9tait d\u00e9j\u00e0 plus qu&#039;un souvenir.\" width=\"101\" height=\"57\" class=\"skip-lazy fg-image\" data-src-fg=\"https:\/\/alpavista.ch\/Alp11\/wp-content\/uploads\/cache\/Col_de_la_Roue_11_028\/368736974.jpg\" src=\"data:image\/svg+xml,%3Csvg%20xmlns%3D%22http%3A%2F%2Fwww.w3.org%2F2000%2Fsvg%22%20width%3D%22101%22%20height%3D%2257%22%20viewBox%3D%220%200%20101%2057%22%3E%3C%2Fsvg%3E\" loading=\"eager\"><\/span><span class=\"fg-image-overlay\"><\/span><\/a><figcaption class=\"fg-caption\"><div class=\"fg-caption-inner\"><div class=\"fg-caption-desc\">Elle avait \u00e9t\u00e9 compliqu\u00e9e \u00e0 aborder, \u00e2pre \u00e0 g\u00e9rer, difficile \u00e0 vaincre.   Bref, la pente sommitale n'\u00e9tait d\u00e9j\u00e0 plus qu'un souvenir.<\/div><\/div><\/figcaption><\/figure><div class=\"fg-loader\"><\/div><\/div><div class=\"fg-item fg-type-image fg-idle\"><figure class=\"fg-item-inner\"><a href=\"https:\/\/alpavista.ch\/Alp11\/wp-content\/uploads\/Col_de_la_Roue_11_029.jpg\" data-caption-title=\"Avec du feeling et de l&#039;observation, tous les tron\u00e7ons recelaient encore de la bonne neige par pans entiers.   Bref, fallait pas descendre en premier.\" data-caption-desc=\"Avec du feeling et de l&#039;observation, tous les tron\u00e7ons recelaient encore de la bonne neige par pans entiers.   Bref, fallait pas descendre en premier.\" data-attachment-id=\"20251\" data-type=\"image\" class=\"fg-thumb\"><span class=\"fg-image-wrap\"><img decoding=\"async\" alt=\"Col_de_la_Roue_11_029\" title=\"Avec du feeling et de l&#039;observation, tous les tron\u00e7ons recelaient encore de la bonne neige par pans entiers.   Bref, fallait pas descendre en premier.\" width=\"101\" height=\"57\" class=\"skip-lazy fg-image\" data-src-fg=\"https:\/\/alpavista.ch\/Alp11\/wp-content\/uploads\/cache\/Col_de_la_Roue_11_029\/2798399538.jpg\" src=\"data:image\/svg+xml,%3Csvg%20xmlns%3D%22http%3A%2F%2Fwww.w3.org%2F2000%2Fsvg%22%20width%3D%22101%22%20height%3D%2257%22%20viewBox%3D%220%200%20101%2057%22%3E%3C%2Fsvg%3E\" loading=\"eager\"><\/span><span class=\"fg-image-overlay\"><\/span><\/a><figcaption class=\"fg-caption\"><div class=\"fg-caption-inner\"><div class=\"fg-caption-desc\">Avec du feeling et de l'observation, tous les tron\u00e7ons recelaient encore de la bonne neige par pans entiers.   Bref, fallait pas descendre en premier.<\/div><\/div><\/figcaption><\/figure><div class=\"fg-loader\"><\/div><\/div><div class=\"fg-item fg-type-image fg-idle\"><figure class=\"fg-item-inner\"><a href=\"https:\/\/alpavista.ch\/Alp11\/wp-content\/uploads\/Col_de_la_Roue_11_030.jpg\" data-caption-title=\"Il y avait toutes ces transitions \u00e0 r\u00e9avaler, tous ces faux plats \u00e0 retraverser.   Bref, on a m\u00eame pas pens\u00e9 \u00e0 s&#039;arr\u00eater pour souffler.\" data-caption-desc=\"Il y avait toutes ces transitions \u00e0 r\u00e9avaler, tous ces faux plats \u00e0 retraverser.   Bref, on a m\u00eame pas pens\u00e9 \u00e0 s&#039;arr\u00eater pour souffler.\" data-attachment-id=\"20250\" data-type=\"image\" class=\"fg-thumb\"><span class=\"fg-image-wrap\"><img decoding=\"async\" alt=\"Col_de_la_Roue_11_030\" title=\"Il y avait toutes ces transitions \u00e0 r\u00e9avaler, tous ces faux plats \u00e0 retraverser.   Bref, on a m\u00eame pas pens\u00e9 \u00e0 s&#039;arr\u00eater pour souffler.\" width=\"101\" height=\"57\" class=\"skip-lazy fg-image\" data-src-fg=\"https:\/\/alpavista.ch\/Alp11\/wp-content\/uploads\/cache\/Col_de_la_Roue_11_030\/849544379.jpg\" src=\"data:image\/svg+xml,%3Csvg%20xmlns%3D%22http%3A%2F%2Fwww.w3.org%2F2000%2Fsvg%22%20width%3D%22101%22%20height%3D%2257%22%20viewBox%3D%220%200%20101%2057%22%3E%3C%2Fsvg%3E\" loading=\"eager\"><\/span><span class=\"fg-image-overlay\"><\/span><\/a><figcaption class=\"fg-caption\"><div class=\"fg-caption-inner\"><div class=\"fg-caption-desc\">Il y avait toutes ces transitions \u00e0 r\u00e9avaler, tous ces faux plats \u00e0 retraverser.   Bref, on a m\u00eame pas pens\u00e9 \u00e0 s'arr\u00eater pour souffler.<\/div><\/div><\/figcaption><\/figure><div class=\"fg-loader\"><\/div><\/div><div class=\"fg-item fg-type-image fg-idle\"><figure class=\"fg-item-inner\"><a href=\"https:\/\/alpavista.ch\/Alp11\/wp-content\/uploads\/Col_de_la_Roue_11_031.jpg\" data-caption-title=\"La pente reprenait de la d\u00e9clivit\u00e9, la petite combe restait bien orient\u00e9e et sa neige toujours agr\u00e9able \u00e0 skier.   Bref, on n&#039;a toujours pas pens\u00e9 \u00e0 s&#039;arr\u00eater pour souffler.\" data-caption-desc=\"La pente reprenait de la d\u00e9clivit\u00e9, la petite combe restait bien orient\u00e9e et sa neige toujours agr\u00e9able \u00e0 skier.   Bref, on n&#039;a toujours pas pens\u00e9 \u00e0 s&#039;arr\u00eater pour souffler.\" data-attachment-id=\"20249\" data-type=\"image\" class=\"fg-thumb\"><span class=\"fg-image-wrap\"><img decoding=\"async\" alt=\"Col_de_la_Roue_11_031\" title=\"La pente reprenait de la d\u00e9clivit\u00e9, la petite combe restait bien orient\u00e9e et sa neige toujours agr\u00e9able \u00e0 skier.   Bref, on n&#039;a toujours pas pens\u00e9 \u00e0 s&#039;arr\u00eater pour souffler.\" width=\"101\" height=\"57\" class=\"skip-lazy fg-image\" data-src-fg=\"https:\/\/alpavista.ch\/Alp11\/wp-content\/uploads\/cache\/Col_de_la_Roue_11_031\/2352774303.jpg\" src=\"data:image\/svg+xml,%3Csvg%20xmlns%3D%22http%3A%2F%2Fwww.w3.org%2F2000%2Fsvg%22%20width%3D%22101%22%20height%3D%2257%22%20viewBox%3D%220%200%20101%2057%22%3E%3C%2Fsvg%3E\" loading=\"eager\"><\/span><span class=\"fg-image-overlay\"><\/span><\/a><figcaption class=\"fg-caption\"><div class=\"fg-caption-inner\"><div class=\"fg-caption-desc\">La pente reprenait de la d\u00e9clivit\u00e9, la petite combe restait bien orient\u00e9e et sa neige toujours agr\u00e9able \u00e0 skier.   Bref, on n'a toujours pas pens\u00e9 \u00e0 s'arr\u00eater pour souffler.<\/div><\/div><\/figcaption><\/figure><div class=\"fg-loader\"><\/div><\/div><div class=\"fg-item fg-type-image fg-idle\"><figure class=\"fg-item-inner\"><a href=\"https:\/\/alpavista.ch\/Alp11\/wp-content\/uploads\/Col_de_la_Roue_11_032.jpg\" data-caption-title=\"Avec la perte d&#039;altitude, la bonne neige se faisait plus rare. Fallait commencer \u00e0 viser.   Bref, on a continuer \u00e0 tracer comme des affam\u00e9s.\" data-caption-desc=\"Avec la perte d&#039;altitude, la bonne neige se faisait plus rare. Fallait commencer \u00e0 viser.   Bref, on a continuer \u00e0 tracer comme des affam\u00e9s.\" data-attachment-id=\"20248\" data-type=\"image\" class=\"fg-thumb\"><span class=\"fg-image-wrap\"><img decoding=\"async\" alt=\"Col_de_la_Roue_11_032\" title=\"Avec la perte d&#039;altitude, la bonne neige se faisait plus rare. Fallait commencer \u00e0 viser.   Bref, on a continuer \u00e0 tracer comme des affam\u00e9s.\" width=\"101\" height=\"57\" class=\"skip-lazy fg-image\" data-src-fg=\"https:\/\/alpavista.ch\/Alp11\/wp-content\/uploads\/cache\/Col_de_la_Roue_11_032\/2666021021.jpg\" src=\"data:image\/svg+xml,%3Csvg%20xmlns%3D%22http%3A%2F%2Fwww.w3.org%2F2000%2Fsvg%22%20width%3D%22101%22%20height%3D%2257%22%20viewBox%3D%220%200%20101%2057%22%3E%3C%2Fsvg%3E\" loading=\"eager\"><\/span><span class=\"fg-image-overlay\"><\/span><\/a><figcaption class=\"fg-caption\"><div class=\"fg-caption-inner\"><div class=\"fg-caption-desc\">Avec la perte d'altitude, la bonne neige se faisait plus rare. Fallait commencer \u00e0 viser.   Bref, on a continuer \u00e0 tracer comme des affam\u00e9s.<\/div><\/div><\/figcaption><\/figure><div class=\"fg-loader\"><\/div><\/div><div class=\"fg-item fg-type-image fg-idle\"><figure class=\"fg-item-inner\"><a href=\"https:\/\/alpavista.ch\/Alp11\/wp-content\/uploads\/Col_de_la_Roue_11_033.jpg\" data-caption-title=\"L&#039;endroit \u00e9tait parfait, j&#039;\u00e9tais parmi les invit\u00e9s, je skiais plut\u00f4t styl\u00e9.   Bref, comme image \u00e0 la une, j&#039;ai \u00e9t\u00e9 s\u00e9lectionn\u00e9.\" data-caption-desc=\"L&#039;endroit \u00e9tait parfait, j&#039;\u00e9tais parmi les invit\u00e9s, je skiais plut\u00f4t styl\u00e9.   Bref, comme image \u00e0 la une, j&#039;ai \u00e9t\u00e9 s\u00e9lectionn\u00e9.\" data-attachment-id=\"20247\" data-type=\"image\" class=\"fg-thumb\"><span class=\"fg-image-wrap\"><img decoding=\"async\" alt=\"Col_de_la_Roue_11_033\" title=\"L&#039;endroit \u00e9tait parfait, j&#039;\u00e9tais parmi les invit\u00e9s, je skiais plut\u00f4t styl\u00e9.   Bref, comme image \u00e0 la une, j&#039;ai \u00e9t\u00e9 s\u00e9lectionn\u00e9.\" width=\"101\" height=\"57\" class=\"skip-lazy fg-image\" data-src-fg=\"https:\/\/alpavista.ch\/Alp11\/wp-content\/uploads\/cache\/Col_de_la_Roue_11_033\/148776360.jpg\" src=\"data:image\/svg+xml,%3Csvg%20xmlns%3D%22http%3A%2F%2Fwww.w3.org%2F2000%2Fsvg%22%20width%3D%22101%22%20height%3D%2257%22%20viewBox%3D%220%200%20101%2057%22%3E%3C%2Fsvg%3E\" loading=\"eager\"><\/span><span class=\"fg-image-overlay\"><\/span><\/a><figcaption class=\"fg-caption\"><div class=\"fg-caption-inner\"><div class=\"fg-caption-desc\">L'endroit \u00e9tait parfait, j'\u00e9tais parmi les invit\u00e9s, je skiais plut\u00f4t styl\u00e9.   Bref, comme image \u00e0 la une, j'ai \u00e9t\u00e9 s\u00e9lectionn\u00e9.<\/div><\/div><\/figcaption><\/figure><div class=\"fg-loader\"><\/div><\/div><div class=\"fg-item fg-type-image fg-idle\"><figure class=\"fg-item-inner\"><a href=\"https:\/\/alpavista.ch\/Alp11\/wp-content\/uploads\/Col_de_la_Roue_11_034.jpg\" data-caption-title=\"La corniche \u00e9tait bien taill\u00e9e et le manteau neigeux bien capitonn\u00e9. J&#039;avais pr\u00e9vu de m&#039;envoler.   Bref, le photographe a encore tout foir\u00e9.\" data-caption-desc=\"La corniche \u00e9tait bien taill\u00e9e et le manteau neigeux bien capitonn\u00e9. J&#039;avais pr\u00e9vu de m&#039;envoler.   Bref, le photographe a encore tout foir\u00e9.\" data-attachment-id=\"20246\" data-type=\"image\" class=\"fg-thumb\"><span class=\"fg-image-wrap\"><img decoding=\"async\" alt=\"Col_de_la_Roue_11_034\" title=\"La corniche \u00e9tait bien taill\u00e9e et le manteau neigeux bien capitonn\u00e9. J&#039;avais pr\u00e9vu de m&#039;envoler.   Bref, le photographe a encore tout foir\u00e9.\" width=\"101\" height=\"57\" class=\"skip-lazy fg-image\" data-src-fg=\"https:\/\/alpavista.ch\/Alp11\/wp-content\/uploads\/cache\/Col_de_la_Roue_11_034\/2655000400.jpg\" src=\"data:image\/svg+xml,%3Csvg%20xmlns%3D%22http%3A%2F%2Fwww.w3.org%2F2000%2Fsvg%22%20width%3D%22101%22%20height%3D%2257%22%20viewBox%3D%220%200%20101%2057%22%3E%3C%2Fsvg%3E\" loading=\"eager\"><\/span><span class=\"fg-image-overlay\"><\/span><\/a><figcaption class=\"fg-caption\"><div class=\"fg-caption-inner\"><div class=\"fg-caption-desc\">La corniche \u00e9tait bien taill\u00e9e et le manteau neigeux bien capitonn\u00e9. J'avais pr\u00e9vu de m'envoler.   Bref, le photographe a encore tout foir\u00e9.<\/div><\/div><\/figcaption><\/figure><div class=\"fg-loader\"><\/div><\/div><div class=\"fg-item fg-type-image fg-idle\"><figure class=\"fg-item-inner\"><a href=\"https:\/\/alpavista.ch\/Alp11\/wp-content\/uploads\/Col_de_la_Roue_11_035.jpg\" data-caption-title=\"J&#039;avais un style particulier et pour redescendre quelques difficult\u00e9s  Bref, ce n&#039;\u00e9tait pas cette ann\u00e9e.\" data-caption-desc=\"J&#039;avais un style particulier et pour redescendre quelques difficult\u00e9s  Bref, ce n&#039;\u00e9tait pas cette ann\u00e9e.\" data-attachment-id=\"20245\" data-type=\"image\" class=\"fg-thumb\"><span class=\"fg-image-wrap\"><img decoding=\"async\" alt=\"Col_de_la_Roue_11_035\" title=\"J&#039;avais un style particulier et pour redescendre quelques difficult\u00e9s  Bref, ce n&#039;\u00e9tait pas cette ann\u00e9e.\" width=\"101\" height=\"57\" class=\"skip-lazy fg-image\" data-src-fg=\"https:\/\/alpavista.ch\/Alp11\/wp-content\/uploads\/cache\/Col_de_la_Roue_11_035\/762731948.jpg\" src=\"data:image\/svg+xml,%3Csvg%20xmlns%3D%22http%3A%2F%2Fwww.w3.org%2F2000%2Fsvg%22%20width%3D%22101%22%20height%3D%2257%22%20viewBox%3D%220%200%20101%2057%22%3E%3C%2Fsvg%3E\" loading=\"eager\"><\/span><span class=\"fg-image-overlay\"><\/span><\/a><figcaption class=\"fg-caption\"><div class=\"fg-caption-inner\"><div class=\"fg-caption-desc\">J'avais un style particulier et pour redescendre quelques difficult\u00e9s  Bref, ce n'\u00e9tait pas cette ann\u00e9e.<\/div><\/div><\/figcaption><\/figure><div class=\"fg-loader\"><\/div><\/div><div class=\"fg-item fg-type-image fg-idle\"><figure class=\"fg-item-inner\"><a href=\"https:\/\/alpavista.ch\/Alp11\/wp-content\/uploads\/Col_de_la_Roue_11_036.jpg\" data-caption-title=\"L&#039;eau \u00e9tait fra\u00eeche et solidifi\u00e9e. L&#039;air \u00e9tait doux et le soleil rayonnait.   Bref, j&#039;ai saut\u00e9 dans un torrent de montagne, pour y skier.\" data-caption-desc=\"L&#039;eau \u00e9tait fra\u00eeche et solidifi\u00e9e. L&#039;air \u00e9tait doux et le soleil rayonnait.   Bref, j&#039;ai saut\u00e9 dans un torrent de montagne, pour y skier.\" data-attachment-id=\"20244\" data-type=\"image\" class=\"fg-thumb\"><span class=\"fg-image-wrap\"><img decoding=\"async\" alt=\"Col_de_la_Roue_11_036\" title=\"L&#039;eau \u00e9tait fra\u00eeche et solidifi\u00e9e. L&#039;air \u00e9tait doux et le soleil rayonnait.   Bref, j&#039;ai saut\u00e9 dans un torrent de montagne, pour y skier.\" width=\"101\" height=\"57\" class=\"skip-lazy fg-image\" data-src-fg=\"https:\/\/alpavista.ch\/Alp11\/wp-content\/uploads\/cache\/Col_de_la_Roue_11_036\/1067606446.jpg\" src=\"data:image\/svg+xml,%3Csvg%20xmlns%3D%22http%3A%2F%2Fwww.w3.org%2F2000%2Fsvg%22%20width%3D%22101%22%20height%3D%2257%22%20viewBox%3D%220%200%20101%2057%22%3E%3C%2Fsvg%3E\" loading=\"eager\"><\/span><span class=\"fg-image-overlay\"><\/span><\/a><figcaption class=\"fg-caption\"><div class=\"fg-caption-inner\"><div class=\"fg-caption-desc\">L'eau \u00e9tait fra\u00eeche et solidifi\u00e9e. L'air \u00e9tait doux et le soleil rayonnait.   Bref, j'ai saut\u00e9 dans un torrent de montagne, pour y skier.<\/div><\/div><\/figcaption><\/figure><div class=\"fg-loader\"><\/div><\/div><div class=\"fg-item fg-type-image fg-idle\"><figure class=\"fg-item-inner\"><a href=\"https:\/\/alpavista.ch\/Alp11\/wp-content\/uploads\/Col_de_la_Roue_11_037.jpg\" data-caption-title=\"La neige \u00e9tait encore \u00e0 peu pr\u00e8s skiable. J&#039;enchainais les virages pour g\u00e9rer la vitesse.   Bref, j&#039;ai schuss\u00e9 pour regagner la rive francophone de la Ti\u00e8che.\" data-caption-desc=\"La neige \u00e9tait encore \u00e0 peu pr\u00e8s skiable. J&#039;enchainais les virages pour g\u00e9rer la vitesse.   Bref, j&#039;ai schuss\u00e9 pour regagner la rive francophone de la Ti\u00e8che.\" data-attachment-id=\"20243\" data-type=\"image\" class=\"fg-thumb\"><span class=\"fg-image-wrap\"><img decoding=\"async\" alt=\"Col_de_la_Roue_11_037\" title=\"La neige \u00e9tait encore \u00e0 peu pr\u00e8s skiable. J&#039;enchainais les virages pour g\u00e9rer la vitesse.   Bref, j&#039;ai schuss\u00e9 pour regagner la rive francophone de la Ti\u00e8che.\" width=\"101\" height=\"57\" class=\"skip-lazy fg-image\" data-src-fg=\"https:\/\/alpavista.ch\/Alp11\/wp-content\/uploads\/cache\/Col_de_la_Roue_11_037\/2422984213.jpg\" src=\"data:image\/svg+xml,%3Csvg%20xmlns%3D%22http%3A%2F%2Fwww.w3.org%2F2000%2Fsvg%22%20width%3D%22101%22%20height%3D%2257%22%20viewBox%3D%220%200%20101%2057%22%3E%3C%2Fsvg%3E\" loading=\"eager\"><\/span><span class=\"fg-image-overlay\"><\/span><\/a><figcaption class=\"fg-caption\"><div class=\"fg-caption-inner\"><div class=\"fg-caption-desc\">La neige \u00e9tait encore \u00e0 peu pr\u00e8s skiable. J'enchainais les virages pour g\u00e9rer la vitesse.   Bref, j'ai schuss\u00e9 pour regagner la rive francophone de la Ti\u00e8che.<\/div><\/div><\/figcaption><\/figure><div class=\"fg-loader\"><\/div><\/div><div class=\"fg-item fg-type-image fg-idle\"><figure class=\"fg-item-inner\"><a href=\"https:\/\/alpavista.ch\/Alp11\/wp-content\/uploads\/Col_de_la_Roue_11_038.jpg\" data-caption-title=\"Un torrent \u00e0 traverser, un petit pont \u00e0 retrouver, quelques pr\u00e9cautions \u00e0 envisager. Bref, on a m\u00eame pas pens\u00e9 \u00e0 freiner.\" data-caption-desc=\"Un torrent \u00e0 traverser, un petit pont \u00e0 retrouver, quelques pr\u00e9cautions \u00e0 envisager. Bref, on a m\u00eame pas pens\u00e9 \u00e0 freiner.\" data-attachment-id=\"20242\" data-type=\"image\" class=\"fg-thumb\"><span class=\"fg-image-wrap\"><img decoding=\"async\" alt=\"Col_de_la_Roue_11_038\" title=\"Un torrent \u00e0 traverser, un petit pont \u00e0 retrouver, quelques pr\u00e9cautions \u00e0 envisager. Bref, on a m\u00eame pas pens\u00e9 \u00e0 freiner.\" width=\"101\" height=\"57\" class=\"skip-lazy fg-image\" data-src-fg=\"https:\/\/alpavista.ch\/Alp11\/wp-content\/uploads\/cache\/Col_de_la_Roue_11_038\/3574654808.jpg\" src=\"data:image\/svg+xml,%3Csvg%20xmlns%3D%22http%3A%2F%2Fwww.w3.org%2F2000%2Fsvg%22%20width%3D%22101%22%20height%3D%2257%22%20viewBox%3D%220%200%20101%2057%22%3E%3C%2Fsvg%3E\" loading=\"eager\"><\/span><span class=\"fg-image-overlay\"><\/span><\/a><figcaption class=\"fg-caption\"><div class=\"fg-caption-inner\"><div class=\"fg-caption-desc\">Un torrent \u00e0 traverser, un petit pont \u00e0 retrouver, quelques pr\u00e9cautions \u00e0 envisager. Bref, on a m\u00eame pas pens\u00e9 \u00e0 freiner.<\/div><\/div><\/figcaption><\/figure><div class=\"fg-loader\"><\/div><\/div><div class=\"fg-item fg-type-image fg-idle\"><figure class=\"fg-item-inner\"><a href=\"https:\/\/alpavista.ch\/Alp11\/wp-content\/uploads\/Col_de_la_Roue_11_039.jpg\" data-caption-title=\"Des arbres renvers\u00e9s, des plaques de verglas m\u00eame pas cach\u00e9es et des rochers \u00e0 \u00e9viter. Bref, on a finit notre descente en beaut\u00e9.\" data-caption-desc=\"Des arbres renvers\u00e9s, des plaques de verglas m\u00eame pas cach\u00e9es et des rochers \u00e0 \u00e9viter. Bref, on a finit notre descente en beaut\u00e9.\" data-attachment-id=\"20241\" data-type=\"image\" class=\"fg-thumb\"><span class=\"fg-image-wrap\"><img decoding=\"async\" alt=\"Col_de_la_Roue_11_039\" title=\"Des arbres renvers\u00e9s, des plaques de verglas m\u00eame pas cach\u00e9es et des rochers \u00e0 \u00e9viter. Bref, on a finit notre descente en beaut\u00e9.\" width=\"101\" height=\"57\" class=\"skip-lazy fg-image\" data-src-fg=\"https:\/\/alpavista.ch\/Alp11\/wp-content\/uploads\/cache\/Col_de_la_Roue_11_039\/1713810852.jpg\" src=\"data:image\/svg+xml,%3Csvg%20xmlns%3D%22http%3A%2F%2Fwww.w3.org%2F2000%2Fsvg%22%20width%3D%22101%22%20height%3D%2257%22%20viewBox%3D%220%200%20101%2057%22%3E%3C%2Fsvg%3E\" loading=\"eager\"><\/span><span class=\"fg-image-overlay\"><\/span><\/a><figcaption class=\"fg-caption\"><div class=\"fg-caption-inner\"><div class=\"fg-caption-desc\">Des arbres renvers\u00e9s, des plaques de verglas m\u00eame pas cach\u00e9es et des rochers \u00e0 \u00e9viter. Bref, on a finit notre descente en beaut\u00e9.<\/div><\/div><\/figcaption><\/figure><div class=\"fg-loader\"><\/div><\/div><div class=\"fg-item fg-type-image fg-idle\"><figure class=\"fg-item-inner\"><a href=\"https:\/\/alpavista.ch\/Alp11\/wp-content\/uploads\/Col_de_la_Roue_11_040.jpg\" data-caption-title=\"De l&#039;ombre, un bisse, du plat, du plat et encore du plat. Bref, pour ressortir du vallon de la Ti\u00e8che, on a d\u00fb beaucoup pousser.\" data-caption-desc=\"De l&#039;ombre, un bisse, du plat, du plat et encore du plat. Bref, pour ressortir du vallon de la Ti\u00e8che, on a d\u00fb beaucoup pousser.\" data-attachment-id=\"20240\" data-type=\"image\" class=\"fg-thumb\"><span class=\"fg-image-wrap\"><img decoding=\"async\" alt=\"Col_de_la_Roue_11_040\" title=\"De l&#039;ombre, un bisse, du plat, du plat et encore du plat. Bref, pour ressortir du vallon de la Ti\u00e8che, on a d\u00fb beaucoup pousser.\" width=\"101\" height=\"57\" class=\"skip-lazy fg-image\" data-src-fg=\"https:\/\/alpavista.ch\/Alp11\/wp-content\/uploads\/cache\/Col_de_la_Roue_11_040\/2169757863.jpg\" src=\"data:image\/svg+xml,%3Csvg%20xmlns%3D%22http%3A%2F%2Fwww.w3.org%2F2000%2Fsvg%22%20width%3D%22101%22%20height%3D%2257%22%20viewBox%3D%220%200%20101%2057%22%3E%3C%2Fsvg%3E\" loading=\"eager\"><\/span><span class=\"fg-image-overlay\"><\/span><\/a><figcaption class=\"fg-caption\"><div class=\"fg-caption-inner\"><div class=\"fg-caption-desc\">De l'ombre, un bisse, du plat, du plat et encore du plat. Bref, pour ressortir du vallon de la Ti\u00e8che, on a d\u00fb beaucoup pousser.<\/div><\/div><\/figcaption><\/figure><div class=\"fg-loader\"><\/div><\/div><div class=\"fg-item fg-type-image fg-idle\"><figure class=\"fg-item-inner\"><a href=\"https:\/\/alpavista.ch\/Alp11\/wp-content\/uploads\/Col_de_la_Roue_11_041.jpg\" data-caption-title=\"Les jambes \u00e9taient meurtries. La neige devenait difficile \u00e0 skier. La fatigue commen\u00e7ait \u00e0 nous tuer.Bref, comme \u00e0 son habitude, Ced&#039; s&#039;est l\u00e2ch\u00e9.\" data-caption-desc=\"Les jambes \u00e9taient meurtries. La neige devenait difficile \u00e0 skier. La fatigue commen\u00e7ait \u00e0 nous tuer.Bref, comme \u00e0 son habitude, Ced&#039; s&#039;est l\u00e2ch\u00e9.\" data-attachment-id=\"20239\" data-type=\"image\" class=\"fg-thumb\"><span class=\"fg-image-wrap\"><img decoding=\"async\" alt=\"Col_de_la_Roue_11_041\" title=\"Les jambes \u00e9taient meurtries. La neige devenait difficile \u00e0 skier. La fatigue commen\u00e7ait \u00e0 nous tuer.Bref, comme \u00e0 son habitude, Ced&#039; s&#039;est l\u00e2ch\u00e9.\" width=\"101\" height=\"57\" class=\"skip-lazy fg-image\" data-src-fg=\"https:\/\/alpavista.ch\/Alp11\/wp-content\/uploads\/cache\/Col_de_la_Roue_11_041\/2738529982.jpg\" src=\"data:image\/svg+xml,%3Csvg%20xmlns%3D%22http%3A%2F%2Fwww.w3.org%2F2000%2Fsvg%22%20width%3D%22101%22%20height%3D%2257%22%20viewBox%3D%220%200%20101%2057%22%3E%3C%2Fsvg%3E\" loading=\"eager\"><\/span><span class=\"fg-image-overlay\"><\/span><\/a><figcaption class=\"fg-caption\"><div class=\"fg-caption-inner\"><div class=\"fg-caption-desc\">Les jambes \u00e9taient meurtries. La neige devenait difficile \u00e0 skier. La fatigue commen\u00e7ait \u00e0 nous tuer.Bref, comme \u00e0 son habitude, Ced' s'est l\u00e2ch\u00e9.<\/div><\/div><\/figcaption><\/figure><div class=\"fg-loader\"><\/div><\/div><div class=\"fg-item fg-type-image fg-idle\"><figure class=\"fg-item-inner\"><a href=\"https:\/\/alpavista.ch\/Alp11\/wp-content\/uploads\/Col_de_la_Roue_11_042.jpg\" data-caption-title=\"Il y avait du soleil, des transats et de la bi\u00e8re fra\u00eeche. Bref, passer sans s&#039;arr\u00eater n&#039;\u00e9tait pas une possibilit\u00e9.\" data-caption-desc=\"Il y avait du soleil, des transats et de la bi\u00e8re fra\u00eeche. Bref, passer sans s&#039;arr\u00eater n&#039;\u00e9tait pas une possibilit\u00e9.\" data-attachment-id=\"20238\" data-type=\"image\" class=\"fg-thumb\"><span class=\"fg-image-wrap\"><img decoding=\"async\" alt=\"Col_de_la_Roue_11_042\" title=\"Il y avait du soleil, des transats et de la bi\u00e8re fra\u00eeche. Bref, passer sans s&#039;arr\u00eater n&#039;\u00e9tait pas une possibilit\u00e9.\" width=\"101\" height=\"57\" class=\"skip-lazy fg-image\" data-src-fg=\"https:\/\/alpavista.ch\/Alp11\/wp-content\/uploads\/cache\/Col_de_la_Roue_11_042\/2985204412.jpg\" src=\"data:image\/svg+xml,%3Csvg%20xmlns%3D%22http%3A%2F%2Fwww.w3.org%2F2000%2Fsvg%22%20width%3D%22101%22%20height%3D%2257%22%20viewBox%3D%220%200%20101%2057%22%3E%3C%2Fsvg%3E\" loading=\"eager\"><\/span><span class=\"fg-image-overlay\"><\/span><\/a><figcaption class=\"fg-caption\"><div class=\"fg-caption-inner\"><div class=\"fg-caption-desc\">Il y avait du soleil, des transats et de la bi\u00e8re fra\u00eeche. Bref, passer sans s'arr\u00eater n'\u00e9tait pas une possibilit\u00e9.<\/div><\/div><\/figcaption><\/figure><div class=\"fg-loader\"><\/div><\/div><\/div>\n\n<p>PS. Pour ceux qui ne connaitraient pas encore:<a href=\"http:\/\/www.canalplus.fr\/c-divertissement\/pid3848-c-bref.html\" target=\"blank\" rel=\"noopener\"> Bref <\/a> est la nouvelle s\u00e9rie qui cartonne sur Canal+.<\/p>\n<input class=\"fooboxshare_post_id\" type=\"hidden\" value=\"4568\"\/>","protected":false},"excerpt":{"rendered":"<p>Entre mauvaises et tr\u00e8s mauvaises, les nouvelles h\u00e9sitaient. L\u2019horoscope \u00e9tait pourri. On \u00e9tait vendredi 13. Bref, on est all\u00e9 faire du ski loin des pistes. On \u00e9tait sens\u00e9 \u00eatre deux, puis trois. Puis cinq, puis sept. Finalement nous \u00e9tions cinq. Bref, y a plein de monde qui ne travaille pas le vendredi. On annon\u00e7ait une perturbation sur le nord du pays. Le vent froid allait se lever et l\u2019atmosph\u00e8re se glacer. Notre ciel \u00e9tait pr\u00e9vu gris et voil\u00e9. Bref, on [&hellip;]<\/p>\n","protected":false},"author":2,"featured_media":6365,"comment_status":"open","ping_status":"open","sticky":false,"template":"","format":"standard","meta":{"footnotes":""},"categories":[658,360],"tags":[1340,1373,1255,1256,1257,1141,1182,1140,1341,1144],"class_list":["post-4568","post","type-post","status-publish","format-standard","has-post-thumbnail","hentry","category-outdoor","category-ski","tag-aminona","tag-aprili","tag-col-de-la-roue","tag-merdenchon","tag-mont-bonvin","tag-montana","tag-nuschelet","tag-raspille","tag-tieche","tag-varneralp"],"_links":{"self":[{"href":"https:\/\/alpavista.ch\/Alp11\/wp-json\/wp\/v2\/posts\/4568","targetHints":{"allow":["GET"]}}],"collection":[{"href":"https:\/\/alpavista.ch\/Alp11\/wp-json\/wp\/v2\/posts"}],"about":[{"href":"https:\/\/alpavista.ch\/Alp11\/wp-json\/wp\/v2\/types\/post"}],"author":[{"embeddable":true,"href":"https:\/\/alpavista.ch\/Alp11\/wp-json\/wp\/v2\/users\/2"}],"replies":[{"embeddable":true,"href":"https:\/\/alpavista.ch\/Alp11\/wp-json\/wp\/v2\/comments?post=4568"}],"version-history":[{"count":0,"href":"https:\/\/alpavista.ch\/Alp11\/wp-json\/wp\/v2\/posts\/4568\/revisions"}],"wp:featuredmedia":[{"embeddable":true,"href":"https:\/\/alpavista.ch\/Alp11\/wp-json\/wp\/v2\/media\/6365"}],"wp:attachment":[{"href":"https:\/\/alpavista.ch\/Alp11\/wp-json\/wp\/v2\/media?parent=4568"}],"wp:term":[{"taxonomy":"category","embeddable":true,"href":"https:\/\/alpavista.ch\/Alp11\/wp-json\/wp\/v2\/categories?post=4568"},{"taxonomy":"post_tag","embeddable":true,"href":"https:\/\/alpavista.ch\/Alp11\/wp-json\/wp\/v2\/tags?post=4568"}],"curies":[{"name":"wp","href":"https:\/\/api.w.org\/{rel}","templated":true}]}}