{"id":4589,"date":"2012-02-17T18:03:11","date_gmt":"2012-02-17T17:03:11","guid":{"rendered":"http:\/\/www.alpavista.ch\/Alp11\/?p=4589"},"modified":"2022-12-09T17:41:11","modified_gmt":"2022-12-09T16:41:11","slug":"horlini","status":"publish","type":"post","link":"https:\/\/alpavista.ch\/Alp11\/2012\/02\/17\/horlini\/","title":{"rendered":"Horlini (Guttet)"},"content":{"rendered":"<p>Un petit Horlini, vendredi, \u00e7a vous dit ?<br \/>\nQuoi, encore une rando transalpine ?<br \/>\nEncore une escapade du c\u00f4t\u00e9 de chez nos cousins valdotains ?<br \/>\nEh non, perdu !<br \/>\nCertes le Horlini ne peut renier ses consonances latines. Certes il est bel et bien situ\u00e9 chez nos cousins, mais ce serait plut\u00f4t du c\u00f4t\u00e9 des adeptes des masques de bois, les \u201cTsch\u00e4gg\u00e4tt\u00e4\u201d, que dans la r\u00e9gion des artisans-\u00e9b\u00e9nistes et de la foire de la Sainte-Ourse, qu\u2019il est \u00e0 chercher. Pos\u00e9 en \u00e9quilibre 1&rsquo;100 m\u00e8tres au-dessus des villages d\u2019Albinen et de Guttet, ce superbe promontoire naturel n\u2019appara\u00eet pas (toujours) sur les cartes. Premi\u00e8re cr\u00eate de l\u2019ar\u00eate menant au Schafberg, puis au Torrenthorn, le Horlini aime \u00e0 leurs tourner le dos comme pour mieux appr\u00e9cier son magnifique point de vue sur la vall\u00e9e du Rh\u00f4ne.<br \/>\n<!--more--><br \/>\nFinalement lass\u00e9e de sa terrible froidure de d\u00e9but du mois, dame m\u00e9t\u00e9o semble avoir rapidement \u00ab switcher \u00bb vers les attraits d&rsquo;un printemps avant l\u2019heure. Douceur revenue et vaillant soleil de f\u00e9vrier se sont ligu\u00e9s pour nous mitonner un cocktail de neiges digne d\u2019une fin de saison, sur les versants expos\u00e9s plein sud, comme ceux s\u2019\u00e9levant au-dessus du pittoresque village de Guttet. Crout\u00e9e \u00e0 l\u2019heure du d\u00e9part, le manteau neigeux s\u2019est inexorablement transform\u00e9 d\u00e8s les premiers rayons de soleil, pour nous proposer une palette compl\u00e8te de rev\u00eatements printaniers: d\u2019abord pliss\u00e9 et durci par le vent, puis poudreux mais en phase de transformation, ensuite lourd et profond, et enfin, humide et finement revenu, selon l\u2019altitude.<\/p>\n<style type=\"text\/css\">\n#foogallery-gallery-20338 .fg-image { width: 101px; }\n#foogallery-gallery-20338 { --fg-gutter: 1px; }<\/style>\n\t\t\t<div class=\"foogallery foogallery-container foogallery-default foogallery-lightbox-none fg-left fg-default fg-ready fg-light fg-loading-default fg-loaded-fade-in fg-preset fg-selena fg-preset-small fg-preset fg-selena fg-preset-small\" id=\"foogallery-gallery-20338\" data-foogallery=\"{&quot;item&quot;:{&quot;showCaptionTitle&quot;:false,&quot;showCaptionDescription&quot;:true},&quot;lazy&quot;:true,&quot;state&quot;:{&quot;enabled&quot;:true,&quot;mask&quot;:&quot;foogallery-{id}&quot;}}\" style=\"--fg-title-line-clamp: 0; --fg-description-line-clamp: 0;\" >\n\t<div class=\"fg-item fg-type-image fg-idle\"><figure class=\"fg-item-inner\"><a href=\"https:\/\/alpavista.ch\/Alp11\/wp-content\/uploads\/Horlini_001.jpg\" data-caption-title=\"Malgr\u00e9 un horaire matinal, le soleil baigne d\u00e9j\u00e0 la banlieue Est de Guttet \u00e0 notre arriv\u00e9e.\" data-caption-desc=\"Malgr\u00e9 un horaire matinal, le soleil baigne d\u00e9j\u00e0 la banlieue Est de Guttet \u00e0 notre arriv\u00e9e.\" data-attachment-id=\"20380\" data-type=\"image\" class=\"fg-thumb\"><span class=\"fg-image-wrap\"><img decoding=\"async\" alt=\"Horlini_001\" title=\"Malgr\u00e9 un horaire matinal, le soleil baigne d\u00e9j\u00e0 la banlieue Est de Guttet \u00e0 notre arriv\u00e9e.\" width=\"101\" height=\"57\" class=\"skip-lazy fg-image\" data-src-fg=\"https:\/\/alpavista.ch\/Alp11\/wp-content\/uploads\/cache\/Horlini_001\/195804372.jpg\" src=\"data:image\/svg+xml,%3Csvg%20xmlns%3D%22http%3A%2F%2Fwww.w3.org%2F2000%2Fsvg%22%20width%3D%22101%22%20height%3D%2257%22%20viewBox%3D%220%200%20101%2057%22%3E%3C%2Fsvg%3E\" loading=\"eager\"><\/span><span class=\"fg-image-overlay\"><\/span><\/a><figcaption class=\"fg-caption\"><div class=\"fg-caption-inner\"><div class=\"fg-caption-desc\">Malgr\u00e9 un horaire matinal, le soleil baigne d\u00e9j\u00e0 la banlieue Est de Guttet \u00e0 notre arriv\u00e9e.<\/div><\/div><\/figcaption><\/figure><div class=\"fg-loader\"><\/div><\/div><div class=\"fg-item fg-type-image fg-idle\"><figure class=\"fg-item-inner\"><a href=\"https:\/\/alpavista.ch\/Alp11\/wp-content\/uploads\/Horlini_002.jpg\" data-caption-title=\"Trace redurcie et derniers r\u00e9sidus nuageux accompagnent notre mise en jambes.\" data-caption-desc=\"Trace redurcie et derniers r\u00e9sidus nuageux accompagnent notre mise en jambes.\" data-attachment-id=\"20379\" data-type=\"image\" class=\"fg-thumb\"><span class=\"fg-image-wrap\"><img decoding=\"async\" alt=\"Horlini_002\" title=\"Trace redurcie et derniers r\u00e9sidus nuageux accompagnent notre mise en jambes.\" width=\"101\" height=\"57\" class=\"skip-lazy fg-image\" data-src-fg=\"https:\/\/alpavista.ch\/Alp11\/wp-content\/uploads\/cache\/Horlini_002\/3791073163.jpg\" src=\"data:image\/svg+xml,%3Csvg%20xmlns%3D%22http%3A%2F%2Fwww.w3.org%2F2000%2Fsvg%22%20width%3D%22101%22%20height%3D%2257%22%20viewBox%3D%220%200%20101%2057%22%3E%3C%2Fsvg%3E\" loading=\"eager\"><\/span><span class=\"fg-image-overlay\"><\/span><\/a><figcaption class=\"fg-caption\"><div class=\"fg-caption-inner\"><div class=\"fg-caption-desc\">Trace redurcie et derniers r\u00e9sidus nuageux accompagnent notre mise en jambes.<\/div><\/div><\/figcaption><\/figure><div class=\"fg-loader\"><\/div><\/div><div class=\"fg-item fg-type-image fg-idle\"><figure class=\"fg-item-inner\"><a href=\"https:\/\/alpavista.ch\/Alp11\/wp-content\/uploads\/Horlini_003.jpg\" data-caption-title=\"Bon, c&#039;est promis, on ne fera pas de feu.\" data-caption-desc=\"Bon, c&#039;est promis, on ne fera pas de feu.\" data-attachment-id=\"20378\" data-type=\"image\" class=\"fg-thumb\"><span class=\"fg-image-wrap\"><img decoding=\"async\" alt=\"Horlini_003\" title=\"Bon, c&#039;est promis, on ne fera pas de feu.\" width=\"101\" height=\"57\" class=\"skip-lazy fg-image\" data-src-fg=\"https:\/\/alpavista.ch\/Alp11\/wp-content\/uploads\/cache\/Horlini_003\/2630623470.jpg\" src=\"data:image\/svg+xml,%3Csvg%20xmlns%3D%22http%3A%2F%2Fwww.w3.org%2F2000%2Fsvg%22%20width%3D%22101%22%20height%3D%2257%22%20viewBox%3D%220%200%20101%2057%22%3E%3C%2Fsvg%3E\" loading=\"eager\"><\/span><span class=\"fg-image-overlay\"><\/span><\/a><figcaption class=\"fg-caption\"><div class=\"fg-caption-inner\"><div class=\"fg-caption-desc\">Bon, c'est promis, on ne fera pas de feu.<\/div><\/div><\/figcaption><\/figure><div class=\"fg-loader\"><\/div><\/div><div class=\"fg-item fg-type-image fg-idle\"><figure class=\"fg-item-inner\"><a href=\"https:\/\/alpavista.ch\/Alp11\/wp-content\/uploads\/Horlini_004.jpg\" data-caption-title=\"Comme souvent, sourires communicatifs et ajustements vestimentaires rythment les premiers hectom\u00e8tres d&#039;ascension.\" data-caption-desc=\"Comme souvent, sourires communicatifs et ajustements vestimentaires rythment les premiers hectom\u00e8tres d&#039;ascension.\" data-attachment-id=\"20377\" data-type=\"image\" class=\"fg-thumb\"><span class=\"fg-image-wrap\"><img decoding=\"async\" alt=\"Horlini_004\" title=\"Comme souvent, sourires communicatifs et ajustements vestimentaires rythment les premiers hectom\u00e8tres d&#039;ascension.\" width=\"101\" height=\"57\" class=\"skip-lazy fg-image\" data-src-fg=\"https:\/\/alpavista.ch\/Alp11\/wp-content\/uploads\/cache\/Horlini_004\/3099813515.jpg\" src=\"data:image\/svg+xml,%3Csvg%20xmlns%3D%22http%3A%2F%2Fwww.w3.org%2F2000%2Fsvg%22%20width%3D%22101%22%20height%3D%2257%22%20viewBox%3D%220%200%20101%2057%22%3E%3C%2Fsvg%3E\" loading=\"eager\"><\/span><span class=\"fg-image-overlay\"><\/span><\/a><figcaption class=\"fg-caption\"><div class=\"fg-caption-inner\"><div class=\"fg-caption-desc\">Comme souvent, sourires communicatifs et ajustements vestimentaires rythment les premiers hectom\u00e8tres d'ascension.<\/div><\/div><\/figcaption><\/figure><div class=\"fg-loader\"><\/div><\/div><div class=\"fg-item fg-type-image fg-idle\"><figure class=\"fg-item-inner\"><a href=\"https:\/\/alpavista.ch\/Alp11\/wp-content\/uploads\/Horlini_005.jpg\" data-caption-title=\"Premier point carte pour parer \u00e0 une trace de mont\u00e9e rapidement devenue furtive.\" data-caption-desc=\"Premier point carte pour parer \u00e0 une trace de mont\u00e9e rapidement devenue furtive.\" data-attachment-id=\"20376\" data-type=\"image\" class=\"fg-thumb\"><span class=\"fg-image-wrap\"><img decoding=\"async\" alt=\"Horlini_005\" title=\"Premier point carte pour parer \u00e0 une trace de mont\u00e9e rapidement devenue furtive.\" width=\"101\" height=\"57\" class=\"skip-lazy fg-image\" data-src-fg=\"https:\/\/alpavista.ch\/Alp11\/wp-content\/uploads\/cache\/Horlini_005\/3321391598.jpg\" src=\"data:image\/svg+xml,%3Csvg%20xmlns%3D%22http%3A%2F%2Fwww.w3.org%2F2000%2Fsvg%22%20width%3D%22101%22%20height%3D%2257%22%20viewBox%3D%220%200%20101%2057%22%3E%3C%2Fsvg%3E\" loading=\"eager\"><\/span><span class=\"fg-image-overlay\"><\/span><\/a><figcaption class=\"fg-caption\"><div class=\"fg-caption-inner\"><div class=\"fg-caption-desc\">Premier point carte pour parer \u00e0 une trace de mont\u00e9e rapidement devenue furtive.<\/div><\/div><\/figcaption><\/figure><div class=\"fg-loader\"><\/div><\/div><div class=\"fg-item fg-type-image fg-idle\"><figure class=\"fg-item-inner\"><a href=\"https:\/\/alpavista.ch\/Alp11\/wp-content\/uploads\/Horlini_006.jpg\" data-caption-title=\"Apr\u00e8s quelques h\u00e9sitations sur le chemin \u00e0 suivre...\" data-caption-desc=\"Apr\u00e8s quelques h\u00e9sitations sur le chemin \u00e0 suivre...\" data-attachment-id=\"20375\" data-type=\"image\" class=\"fg-thumb\"><span class=\"fg-image-wrap\"><img decoding=\"async\" alt=\"Horlini_006\" title=\"Apr\u00e8s quelques h\u00e9sitations sur le chemin \u00e0 suivre...\" width=\"101\" height=\"57\" class=\"skip-lazy fg-image\" data-src-fg=\"https:\/\/alpavista.ch\/Alp11\/wp-content\/uploads\/cache\/Horlini_006\/1119189057.jpg\" src=\"data:image\/svg+xml,%3Csvg%20xmlns%3D%22http%3A%2F%2Fwww.w3.org%2F2000%2Fsvg%22%20width%3D%22101%22%20height%3D%2257%22%20viewBox%3D%220%200%20101%2057%22%3E%3C%2Fsvg%3E\" loading=\"eager\"><\/span><span class=\"fg-image-overlay\"><\/span><\/a><figcaption class=\"fg-caption\"><div class=\"fg-caption-inner\"><div class=\"fg-caption-desc\">Apr\u00e8s quelques h\u00e9sitations sur le chemin \u00e0 suivre...<\/div><\/div><\/figcaption><\/figure><div class=\"fg-loader\"><\/div><\/div><div class=\"fg-item fg-type-image fg-idle\"><figure class=\"fg-item-inner\"><a href=\"https:\/\/alpavista.ch\/Alp11\/wp-content\/uploads\/Horlini_007.jpg\" data-caption-title=\"... nous optons pour une incursion foresti\u00e8re...\" data-caption-desc=\"... nous optons pour une incursion foresti\u00e8re...\" data-attachment-id=\"20374\" data-type=\"image\" class=\"fg-thumb\"><span class=\"fg-image-wrap\"><img decoding=\"async\" alt=\"Horlini_007\" title=\"... nous optons pour une incursion foresti\u00e8re...\" width=\"101\" height=\"57\" class=\"skip-lazy fg-image\" data-src-fg=\"https:\/\/alpavista.ch\/Alp11\/wp-content\/uploads\/cache\/Horlini_007\/1066301220.jpg\" src=\"data:image\/svg+xml,%3Csvg%20xmlns%3D%22http%3A%2F%2Fwww.w3.org%2F2000%2Fsvg%22%20width%3D%22101%22%20height%3D%2257%22%20viewBox%3D%220%200%20101%2057%22%3E%3C%2Fsvg%3E\" loading=\"eager\"><\/span><span class=\"fg-image-overlay\"><\/span><\/a><figcaption class=\"fg-caption\"><div class=\"fg-caption-inner\"><div class=\"fg-caption-desc\">... nous optons pour une incursion foresti\u00e8re...<\/div><\/div><\/figcaption><\/figure><div class=\"fg-loader\"><\/div><\/div><div class=\"fg-item fg-type-image fg-idle\"><figure class=\"fg-item-inner\"><a href=\"https:\/\/alpavista.ch\/Alp11\/wp-content\/uploads\/Horlini_008.jpg\" data-caption-title=\"... d&#039;abord studieuse...\" data-caption-desc=\"... d&#039;abord studieuse...\" data-attachment-id=\"20373\" data-type=\"image\" class=\"fg-thumb\"><span class=\"fg-image-wrap\"><img decoding=\"async\" alt=\"Horlini_008\" title=\"... d&#039;abord studieuse...\" width=\"101\" height=\"57\" class=\"skip-lazy fg-image\" data-src-fg=\"https:\/\/alpavista.ch\/Alp11\/wp-content\/uploads\/cache\/Horlini_008\/1153124075.jpg\" src=\"data:image\/svg+xml,%3Csvg%20xmlns%3D%22http%3A%2F%2Fwww.w3.org%2F2000%2Fsvg%22%20width%3D%22101%22%20height%3D%2257%22%20viewBox%3D%220%200%20101%2057%22%3E%3C%2Fsvg%3E\" loading=\"eager\"><\/span><span class=\"fg-image-overlay\"><\/span><\/a><figcaption class=\"fg-caption\"><div class=\"fg-caption-inner\"><div class=\"fg-caption-desc\">... d'abord studieuse...<\/div><\/div><\/figcaption><\/figure><div class=\"fg-loader\"><\/div><\/div><div class=\"fg-item fg-type-image fg-idle\"><figure class=\"fg-item-inner\"><a href=\"https:\/\/alpavista.ch\/Alp11\/wp-content\/uploads\/Horlini_009.jpg\" data-caption-title=\"... puis ludique ...\" data-caption-desc=\"... puis ludique ...\" data-attachment-id=\"20372\" data-type=\"image\" class=\"fg-thumb\"><span class=\"fg-image-wrap\"><img decoding=\"async\" alt=\"Horlini_009\" title=\"... puis ludique ...\" width=\"101\" height=\"57\" class=\"skip-lazy fg-image\" data-src-fg=\"https:\/\/alpavista.ch\/Alp11\/wp-content\/uploads\/cache\/Horlini_009\/964708750.jpg\" src=\"data:image\/svg+xml,%3Csvg%20xmlns%3D%22http%3A%2F%2Fwww.w3.org%2F2000%2Fsvg%22%20width%3D%22101%22%20height%3D%2257%22%20viewBox%3D%220%200%20101%2057%22%3E%3C%2Fsvg%3E\" loading=\"eager\"><\/span><span class=\"fg-image-overlay\"><\/span><\/a><figcaption class=\"fg-caption\"><div class=\"fg-caption-inner\"><div class=\"fg-caption-desc\">... puis ludique ...<\/div><\/div><\/figcaption><\/figure><div class=\"fg-loader\"><\/div><\/div><div class=\"fg-item fg-type-image fg-idle\"><figure class=\"fg-item-inner\"><a href=\"https:\/\/alpavista.ch\/Alp11\/wp-content\/uploads\/Horlini_010.jpg\" data-caption-title=\"... mais rapidement de plus en plus al\u00e9atoire...\" data-caption-desc=\"... mais rapidement de plus en plus al\u00e9atoire...\" data-attachment-id=\"20371\" data-type=\"image\" class=\"fg-thumb\"><span class=\"fg-image-wrap\"><img decoding=\"async\" alt=\"Horlini_010\" title=\"... mais rapidement de plus en plus al\u00e9atoire...\" width=\"101\" height=\"57\" class=\"skip-lazy fg-image\" data-src-fg=\"https:\/\/alpavista.ch\/Alp11\/wp-content\/uploads\/cache\/Horlini_010\/947277994.jpg\" src=\"data:image\/svg+xml,%3Csvg%20xmlns%3D%22http%3A%2F%2Fwww.w3.org%2F2000%2Fsvg%22%20width%3D%22101%22%20height%3D%2257%22%20viewBox%3D%220%200%20101%2057%22%3E%3C%2Fsvg%3E\" loading=\"eager\"><\/span><span class=\"fg-image-overlay\"><\/span><\/a><figcaption class=\"fg-caption\"><div class=\"fg-caption-inner\"><div class=\"fg-caption-desc\">... mais rapidement de plus en plus al\u00e9atoire...<\/div><\/div><\/figcaption><\/figure><div class=\"fg-loader\"><\/div><\/div><div class=\"fg-item fg-type-image fg-idle\"><figure class=\"fg-item-inner\"><a href=\"https:\/\/alpavista.ch\/Alp11\/wp-content\/uploads\/Horlini_011.jpg\" data-caption-title=\"... et ponctu\u00e9e d&#039;abruptes redescentes parfois fra\u00eechement conclues.\" data-caption-desc=\"... et ponctu\u00e9e d&#039;abruptes redescentes parfois fra\u00eechement conclues.\" data-attachment-id=\"20370\" data-type=\"image\" class=\"fg-thumb\"><span class=\"fg-image-wrap\"><img decoding=\"async\" alt=\"Horlini_011\" title=\"... et ponctu\u00e9e d&#039;abruptes redescentes parfois fra\u00eechement conclues.\" width=\"101\" height=\"57\" class=\"skip-lazy fg-image\" data-src-fg=\"https:\/\/alpavista.ch\/Alp11\/wp-content\/uploads\/cache\/Horlini_011\/1162698703.jpg\" src=\"data:image\/svg+xml,%3Csvg%20xmlns%3D%22http%3A%2F%2Fwww.w3.org%2F2000%2Fsvg%22%20width%3D%22101%22%20height%3D%2257%22%20viewBox%3D%220%200%20101%2057%22%3E%3C%2Fsvg%3E\" loading=\"eager\"><\/span><span class=\"fg-image-overlay\"><\/span><\/a><figcaption class=\"fg-caption\"><div class=\"fg-caption-inner\"><div class=\"fg-caption-desc\">... et ponctu\u00e9e d'abruptes redescentes parfois fra\u00eechement conclues.<\/div><\/div><\/figcaption><\/figure><div class=\"fg-loader\"><\/div><\/div><div class=\"fg-item fg-type-image fg-idle\"><figure class=\"fg-item-inner\"><a href=\"https:\/\/alpavista.ch\/Alp11\/wp-content\/uploads\/Horlini_012.jpg\" data-caption-title=\"Finalement, apr\u00e8s un quart d&#039;heure de jardinage, nous finissons par \u00e9merger dans la vaste et accueillante clairi\u00e8re de S\u00e4mstu.\" data-caption-desc=\"Finalement, apr\u00e8s un quart d&#039;heure de jardinage, nous finissons par \u00e9merger dans la vaste et accueillante clairi\u00e8re de S\u00e4mstu.\" data-attachment-id=\"20369\" data-type=\"image\" class=\"fg-thumb\"><span class=\"fg-image-wrap\"><img decoding=\"async\" alt=\"Horlini_012\" title=\"Finalement, apr\u00e8s un quart d&#039;heure de jardinage, nous finissons par \u00e9merger dans la vaste et accueillante clairi\u00e8re de S\u00e4mstu.\" width=\"101\" height=\"57\" class=\"skip-lazy fg-image\" data-src-fg=\"https:\/\/alpavista.ch\/Alp11\/wp-content\/uploads\/cache\/Horlini_012\/3696394579.jpg\" src=\"data:image\/svg+xml,%3Csvg%20xmlns%3D%22http%3A%2F%2Fwww.w3.org%2F2000%2Fsvg%22%20width%3D%22101%22%20height%3D%2257%22%20viewBox%3D%220%200%20101%2057%22%3E%3C%2Fsvg%3E\" loading=\"eager\"><\/span><span class=\"fg-image-overlay\"><\/span><\/a><figcaption class=\"fg-caption\"><div class=\"fg-caption-inner\"><div class=\"fg-caption-desc\">Finalement, apr\u00e8s un quart d'heure de jardinage, nous finissons par \u00e9merger dans la vaste et accueillante clairi\u00e8re de S\u00e4mstu.<\/div><\/div><\/figcaption><\/figure><div class=\"fg-loader\"><\/div><\/div><div class=\"fg-item fg-type-image fg-idle\"><figure class=\"fg-item-inner\"><a href=\"https:\/\/alpavista.ch\/Alp11\/wp-content\/uploads\/Horlini_013.jpg\" data-caption-title=\"Visiblement le coin est pas mal couru.\" data-caption-desc=\"Visiblement le coin est pas mal couru.\" data-attachment-id=\"20368\" data-type=\"image\" class=\"fg-thumb\"><span class=\"fg-image-wrap\"><img decoding=\"async\" alt=\"Horlini_013\" title=\"Visiblement le coin est pas mal couru.\" width=\"101\" height=\"57\" class=\"skip-lazy fg-image\" data-src-fg=\"https:\/\/alpavista.ch\/Alp11\/wp-content\/uploads\/cache\/Horlini_013\/2708049462.jpg\" src=\"data:image\/svg+xml,%3Csvg%20xmlns%3D%22http%3A%2F%2Fwww.w3.org%2F2000%2Fsvg%22%20width%3D%22101%22%20height%3D%2257%22%20viewBox%3D%220%200%20101%2057%22%3E%3C%2Fsvg%3E\" loading=\"eager\"><\/span><span class=\"fg-image-overlay\"><\/span><\/a><figcaption class=\"fg-caption\"><div class=\"fg-caption-inner\"><div class=\"fg-caption-desc\">Visiblement le coin est pas mal couru.<\/div><\/div><\/figcaption><\/figure><div class=\"fg-loader\"><\/div><\/div><div class=\"fg-item fg-type-image fg-idle\"><figure class=\"fg-item-inner\"><a href=\"https:\/\/alpavista.ch\/Alp11\/wp-content\/uploads\/Horlini_014.jpg\" data-caption-title=\"Traces de ski, empreintes de raquettes et sillons de moto-neige courent dans sa neige d\u00e9j\u00e0 en cours d&#039;alourdissement.\" data-caption-desc=\"Traces de ski, empreintes de raquettes et sillons de moto-neige courent dans sa neige d\u00e9j\u00e0 en cours d&#039;alourdissement.\" data-attachment-id=\"20367\" data-type=\"image\" class=\"fg-thumb\"><span class=\"fg-image-wrap\"><img decoding=\"async\" alt=\"Horlini_014\" title=\"Traces de ski, empreintes de raquettes et sillons de moto-neige courent dans sa neige d\u00e9j\u00e0 en cours d&#039;alourdissement.\" width=\"101\" height=\"57\" class=\"skip-lazy fg-image\" data-src-fg=\"https:\/\/alpavista.ch\/Alp11\/wp-content\/uploads\/cache\/Horlini_014\/2238105683.jpg\" src=\"data:image\/svg+xml,%3Csvg%20xmlns%3D%22http%3A%2F%2Fwww.w3.org%2F2000%2Fsvg%22%20width%3D%22101%22%20height%3D%2257%22%20viewBox%3D%220%200%20101%2057%22%3E%3C%2Fsvg%3E\" loading=\"eager\"><\/span><span class=\"fg-image-overlay\"><\/span><\/a><figcaption class=\"fg-caption\"><div class=\"fg-caption-inner\"><div class=\"fg-caption-desc\">Traces de ski, empreintes de raquettes et sillons de moto-neige courent dans sa neige d\u00e9j\u00e0 en cours d'alourdissement.<\/div><\/div><\/figcaption><\/figure><div class=\"fg-loader\"><\/div><\/div><div class=\"fg-item fg-type-image fg-idle\"><figure class=\"fg-item-inner\"><a href=\"https:\/\/alpavista.ch\/Alp11\/wp-content\/uploads\/Horlini_015.jpg\" data-caption-title=\"M\u00e9l\u00e8zes centenaires et chemins de croix attestent que nous nous trouvons bien sur la rive orientale de la Raspille.\" data-caption-desc=\"M\u00e9l\u00e8zes centenaires et chemins de croix attestent que nous nous trouvons bien sur la rive orientale de la Raspille.\" data-attachment-id=\"20366\" data-type=\"image\" class=\"fg-thumb\"><span class=\"fg-image-wrap\"><img decoding=\"async\" alt=\"Horlini_015\" title=\"M\u00e9l\u00e8zes centenaires et chemins de croix attestent que nous nous trouvons bien sur la rive orientale de la Raspille.\" width=\"101\" height=\"57\" class=\"skip-lazy fg-image\" data-src-fg=\"https:\/\/alpavista.ch\/Alp11\/wp-content\/uploads\/cache\/Horlini_015\/4166895414.jpg\" src=\"data:image\/svg+xml,%3Csvg%20xmlns%3D%22http%3A%2F%2Fwww.w3.org%2F2000%2Fsvg%22%20width%3D%22101%22%20height%3D%2257%22%20viewBox%3D%220%200%20101%2057%22%3E%3C%2Fsvg%3E\" loading=\"eager\"><\/span><span class=\"fg-image-overlay\"><\/span><\/a><figcaption class=\"fg-caption\"><div class=\"fg-caption-inner\"><div class=\"fg-caption-desc\">M\u00e9l\u00e8zes centenaires et chemins de croix attestent que nous nous trouvons bien sur la rive orientale de la Raspille.<\/div><\/div><\/figcaption><\/figure><div class=\"fg-loader\"><\/div><\/div><div class=\"fg-item fg-type-image fg-idle\"><figure class=\"fg-item-inner\"><a href=\"https:\/\/alpavista.ch\/Alp11\/wp-content\/uploads\/Horlini_016.jpg\" data-caption-title=\"Pour ceux qui ont d\u00e9j\u00e0 fr\u00e9quent\u00e9 le village d&#039;Oberu \u00e0 la belle saison, le contraste est assez saisissant : seule une moiti\u00e9 de ses petits chalets \u00e9mergent p\u00e9niblement de l&#039;\u00e9norme couche de neige.\" data-caption-desc=\"Pour ceux qui ont d\u00e9j\u00e0 fr\u00e9quent\u00e9 le village d&#039;Oberu \u00e0 la belle saison, le contraste est assez saisissant : seule une moiti\u00e9 de ses petits chalets \u00e9mergent p\u00e9niblement de l&#039;\u00e9norme couche de neige.\" data-attachment-id=\"20365\" data-type=\"image\" class=\"fg-thumb\"><span class=\"fg-image-wrap\"><img decoding=\"async\" alt=\"Horlini_016\" title=\"Pour ceux qui ont d\u00e9j\u00e0 fr\u00e9quent\u00e9 le village d&#039;Oberu \u00e0 la belle saison, le contraste est assez saisissant : seule une moiti\u00e9 de ses petits chalets \u00e9mergent p\u00e9niblement de l&#039;\u00e9norme couche de neige.\" width=\"101\" height=\"57\" class=\"skip-lazy fg-image\" data-src-fg=\"https:\/\/alpavista.ch\/Alp11\/wp-content\/uploads\/cache\/Horlini_016\/2131809945.jpg\" src=\"data:image\/svg+xml,%3Csvg%20xmlns%3D%22http%3A%2F%2Fwww.w3.org%2F2000%2Fsvg%22%20width%3D%22101%22%20height%3D%2257%22%20viewBox%3D%220%200%20101%2057%22%3E%3C%2Fsvg%3E\" loading=\"eager\"><\/span><span class=\"fg-image-overlay\"><\/span><\/a><figcaption class=\"fg-caption\"><div class=\"fg-caption-inner\"><div class=\"fg-caption-desc\">Pour ceux qui ont d\u00e9j\u00e0 fr\u00e9quent\u00e9 le village d'Oberu \u00e0 la belle saison, le contraste est assez saisissant : seule une moiti\u00e9 de ses petits chalets \u00e9mergent p\u00e9niblement de l'\u00e9norme couche de neige.<\/div><\/div><\/figcaption><\/figure><div class=\"fg-loader\"><\/div><\/div><div class=\"fg-item fg-type-image fg-idle\"><figure class=\"fg-item-inner\"><a href=\"https:\/\/alpavista.ch\/Alp11\/wp-content\/uploads\/Horlini_017.jpg\" data-caption-title=\"Apr\u00e8s une longue transition \u00e0 flanc de versant ...\" data-caption-desc=\"Apr\u00e8s une longue transition \u00e0 flanc de versant ...\" data-attachment-id=\"20364\" data-type=\"image\" class=\"fg-thumb\"><span class=\"fg-image-wrap\"><img decoding=\"async\" alt=\"Horlini_017\" title=\"Apr\u00e8s une longue transition \u00e0 flanc de versant ...\" width=\"101\" height=\"57\" class=\"skip-lazy fg-image\" data-src-fg=\"https:\/\/alpavista.ch\/Alp11\/wp-content\/uploads\/cache\/Horlini_017\/36428284.jpg\" src=\"data:image\/svg+xml,%3Csvg%20xmlns%3D%22http%3A%2F%2Fwww.w3.org%2F2000%2Fsvg%22%20width%3D%22101%22%20height%3D%2257%22%20viewBox%3D%220%200%20101%2057%22%3E%3C%2Fsvg%3E\" loading=\"eager\"><\/span><span class=\"fg-image-overlay\"><\/span><\/a><figcaption class=\"fg-caption\"><div class=\"fg-caption-inner\"><div class=\"fg-caption-desc\">Apr\u00e8s une longue transition \u00e0 flanc de versant ...<\/div><\/div><\/figcaption><\/figure><div class=\"fg-loader\"><\/div><\/div><div class=\"fg-item fg-type-image fg-idle\"><figure class=\"fg-item-inner\"><a href=\"https:\/\/alpavista.ch\/Alp11\/wp-content\/uploads\/Horlini_018.jpg\" data-caption-title=\"... nous abordons l&#039;ascension finale, en mode zigzag de &quot;machine \u00e0 coudre&quot;.\" data-caption-desc=\"... nous abordons l&#039;ascension finale, en mode zigzag de &quot;machine \u00e0 coudre&quot;.\" data-attachment-id=\"20363\" data-type=\"image\" class=\"fg-thumb\"><span class=\"fg-image-wrap\"><img decoding=\"async\" alt=\"Horlini_018\" title=\"... nous abordons l&#039;ascension finale, en mode zigzag de &quot;machine \u00e0 coudre&quot;.\" width=\"101\" height=\"57\" class=\"skip-lazy fg-image\" data-src-fg=\"https:\/\/alpavista.ch\/Alp11\/wp-content\/uploads\/cache\/Horlini_018\/2032068659.jpg\" src=\"data:image\/svg+xml,%3Csvg%20xmlns%3D%22http%3A%2F%2Fwww.w3.org%2F2000%2Fsvg%22%20width%3D%22101%22%20height%3D%2257%22%20viewBox%3D%220%200%20101%2057%22%3E%3C%2Fsvg%3E\" loading=\"eager\"><\/span><span class=\"fg-image-overlay\"><\/span><\/a><figcaption class=\"fg-caption\"><div class=\"fg-caption-inner\"><div class=\"fg-caption-desc\">... nous abordons l'ascension finale, en mode zigzag de \"machine \u00e0 coudre\".<\/div><\/div><\/figcaption><\/figure><div class=\"fg-loader\"><\/div><\/div><div class=\"fg-item fg-type-image fg-idle\"><figure class=\"fg-item-inner\"><a href=\"https:\/\/alpavista.ch\/Alp11\/wp-content\/uploads\/Horlini_019.jpg\" data-caption-title=\"En quittant les profondes combes pour gagner l&#039;ar\u00eate sommitale nous entrons dans un univers sculpt\u00e9 par les carpices du vent.\" data-caption-desc=\"En quittant les profondes combes pour gagner l&#039;ar\u00eate sommitale nous entrons dans un univers sculpt\u00e9 par les carpices du vent.\" data-attachment-id=\"20362\" data-type=\"image\" class=\"fg-thumb\"><span class=\"fg-image-wrap\"><img decoding=\"async\" alt=\"Horlini_019\" title=\"En quittant les profondes combes pour gagner l&#039;ar\u00eate sommitale nous entrons dans un univers sculpt\u00e9 par les carpices du vent.\" width=\"101\" height=\"57\" class=\"skip-lazy fg-image\" data-src-fg=\"https:\/\/alpavista.ch\/Alp11\/wp-content\/uploads\/cache\/Horlini_019\/69592918.jpg\" src=\"data:image\/svg+xml,%3Csvg%20xmlns%3D%22http%3A%2F%2Fwww.w3.org%2F2000%2Fsvg%22%20width%3D%22101%22%20height%3D%2257%22%20viewBox%3D%220%200%20101%2057%22%3E%3C%2Fsvg%3E\" loading=\"eager\"><\/span><span class=\"fg-image-overlay\"><\/span><\/a><figcaption class=\"fg-caption\"><div class=\"fg-caption-inner\"><div class=\"fg-caption-desc\">En quittant les profondes combes pour gagner l'ar\u00eate sommitale nous entrons dans un univers sculpt\u00e9 par les carpices du vent.<\/div><\/div><\/figcaption><\/figure><div class=\"fg-loader\"><\/div><\/div><div class=\"fg-item fg-type-image fg-idle\"><figure class=\"fg-item-inner\"><a href=\"https:\/\/alpavista.ch\/Alp11\/wp-content\/uploads\/Horlini_020.jpg\" data-caption-title=\"Les  vaguelettes gel\u00e9es succ\u00e8dent aux zones d\u00e9garnies devant un panorama qui devient plus grandiose \u00e0 chaque pas.\" data-caption-desc=\"Les  vaguelettes gel\u00e9es succ\u00e8dent aux zones d\u00e9garnies devant un panorama qui devient plus grandiose \u00e0 chaque pas.\" data-attachment-id=\"20361\" data-type=\"image\" class=\"fg-thumb\"><span class=\"fg-image-wrap\"><img decoding=\"async\" alt=\"Horlini_020\" title=\"Les  vaguelettes gel\u00e9es succ\u00e8dent aux zones d\u00e9garnies devant un panorama qui devient plus grandiose \u00e0 chaque pas.\" width=\"101\" height=\"57\" class=\"skip-lazy fg-image\" data-src-fg=\"https:\/\/alpavista.ch\/Alp11\/wp-content\/uploads\/cache\/Horlini_020\/723900148.jpg\" src=\"data:image\/svg+xml,%3Csvg%20xmlns%3D%22http%3A%2F%2Fwww.w3.org%2F2000%2Fsvg%22%20width%3D%22101%22%20height%3D%2257%22%20viewBox%3D%220%200%20101%2057%22%3E%3C%2Fsvg%3E\" loading=\"eager\"><\/span><span class=\"fg-image-overlay\"><\/span><\/a><figcaption class=\"fg-caption\"><div class=\"fg-caption-inner\"><div class=\"fg-caption-desc\">Les  vaguelettes gel\u00e9es succ\u00e8dent aux zones d\u00e9garnies devant un panorama qui devient plus grandiose \u00e0 chaque pas.<\/div><\/div><\/figcaption><\/figure><div class=\"fg-loader\"><\/div><\/div><div class=\"fg-item fg-type-image fg-idle\"><figure class=\"fg-item-inner\"><a href=\"https:\/\/alpavista.ch\/Alp11\/wp-content\/uploads\/Horlini_021.jpg\" data-caption-title=\"Sur l&#039;ar\u00eate Ouest, d&#039;autres randonneurs partis d&#039;Albinen s&#039;\u00e9l\u00e8vent lentement avec, en t\u00eate, la m\u00eame id\u00e9e que nous.\" data-caption-desc=\"Sur l&#039;ar\u00eate Ouest, d&#039;autres randonneurs partis d&#039;Albinen s&#039;\u00e9l\u00e8vent lentement avec, en t\u00eate, la m\u00eame id\u00e9e que nous.\" data-attachment-id=\"20360\" data-type=\"image\" class=\"fg-thumb\"><span class=\"fg-image-wrap\"><img decoding=\"async\" alt=\"Horlini_021\" title=\"Sur l&#039;ar\u00eate Ouest, d&#039;autres randonneurs partis d&#039;Albinen s&#039;\u00e9l\u00e8vent lentement avec, en t\u00eate, la m\u00eame id\u00e9e que nous.\" width=\"101\" height=\"57\" class=\"skip-lazy fg-image\" data-src-fg=\"https:\/\/alpavista.ch\/Alp11\/wp-content\/uploads\/cache\/Horlini_021\/1444862353.jpg\" src=\"data:image\/svg+xml,%3Csvg%20xmlns%3D%22http%3A%2F%2Fwww.w3.org%2F2000%2Fsvg%22%20width%3D%22101%22%20height%3D%2257%22%20viewBox%3D%220%200%20101%2057%22%3E%3C%2Fsvg%3E\" loading=\"eager\"><\/span><span class=\"fg-image-overlay\"><\/span><\/a><figcaption class=\"fg-caption\"><div class=\"fg-caption-inner\"><div class=\"fg-caption-desc\">Sur l'ar\u00eate Ouest, d'autres randonneurs partis d'Albinen s'\u00e9l\u00e8vent lentement avec, en t\u00eate, la m\u00eame id\u00e9e que nous.<\/div><\/div><\/figcaption><\/figure><div class=\"fg-loader\"><\/div><\/div><div class=\"fg-item fg-type-image fg-idle\"><figure class=\"fg-item-inner\"><a href=\"https:\/\/alpavista.ch\/Alp11\/wp-content\/uploads\/Horlini_022.jpg\" data-caption-title=\"Atteindre ce sommet qui n&#039;en finit pas de nous narguer...\" data-caption-desc=\"Atteindre ce sommet qui n&#039;en finit pas de nous narguer...\" data-attachment-id=\"20359\" data-type=\"image\" class=\"fg-thumb\"><span class=\"fg-image-wrap\"><img decoding=\"async\" alt=\"Horlini_022\" title=\"Atteindre ce sommet qui n&#039;en finit pas de nous narguer...\" width=\"101\" height=\"57\" class=\"skip-lazy fg-image\" data-src-fg=\"https:\/\/alpavista.ch\/Alp11\/wp-content\/uploads\/cache\/Horlini_022\/2596041275.jpg\" src=\"data:image\/svg+xml,%3Csvg%20xmlns%3D%22http%3A%2F%2Fwww.w3.org%2F2000%2Fsvg%22%20width%3D%22101%22%20height%3D%2257%22%20viewBox%3D%220%200%20101%2057%22%3E%3C%2Fsvg%3E\" loading=\"eager\"><\/span><span class=\"fg-image-overlay\"><\/span><\/a><figcaption class=\"fg-caption\"><div class=\"fg-caption-inner\"><div class=\"fg-caption-desc\">Atteindre ce sommet qui n'en finit pas de nous narguer...<\/div><\/div><\/figcaption><\/figure><div class=\"fg-loader\"><\/div><\/div><div class=\"fg-item fg-type-image fg-idle\"><figure class=\"fg-item-inner\"><a href=\"https:\/\/alpavista.ch\/Alp11\/wp-content\/uploads\/Horlini_023.jpg\" data-caption-title=\"... et de nous fuir \u00e0 grands renforts de soubresauts gel\u00e9s et de raidillons casse-pattes.\" data-caption-desc=\"... et de nous fuir \u00e0 grands renforts de soubresauts gel\u00e9s et de raidillons casse-pattes.\" data-attachment-id=\"20358\" data-type=\"image\" class=\"fg-thumb\"><span class=\"fg-image-wrap\"><img decoding=\"async\" alt=\"Horlini_023\" title=\"... et de nous fuir \u00e0 grands renforts de soubresauts gel\u00e9s et de raidillons casse-pattes.\" width=\"101\" height=\"57\" class=\"skip-lazy fg-image\" data-src-fg=\"https:\/\/alpavista.ch\/Alp11\/wp-content\/uploads\/cache\/Horlini_023\/3884416350.jpg\" src=\"data:image\/svg+xml,%3Csvg%20xmlns%3D%22http%3A%2F%2Fwww.w3.org%2F2000%2Fsvg%22%20width%3D%22101%22%20height%3D%2257%22%20viewBox%3D%220%200%20101%2057%22%3E%3C%2Fsvg%3E\" loading=\"eager\"><\/span><span class=\"fg-image-overlay\"><\/span><\/a><figcaption class=\"fg-caption\"><div class=\"fg-caption-inner\"><div class=\"fg-caption-desc\">... et de nous fuir \u00e0 grands renforts de soubresauts gel\u00e9s et de raidillons casse-pattes.<\/div><\/div><\/figcaption><\/figure><div class=\"fg-loader\"><\/div><\/div><div class=\"fg-item fg-type-image fg-idle\"><figure class=\"fg-item-inner\"><a href=\"https:\/\/alpavista.ch\/Alp11\/wp-content\/uploads\/Horlini_024.jpg\" data-caption-title=\"Un petit clich\u00e9 sommital devant &quot;notre cher&quot; Restipass...&lt;br \/&gt;( A noter, que le village de Galm, en bas \u00e0 droite, semble avoir \u00e9t\u00e9 moins enseveli que celui d&#039;Oberu, malgr\u00e9 son altitude sup\u00e9rieure.)\" data-caption-desc=\"Un petit clich\u00e9 sommital devant &quot;notre cher&quot; Restipass...&lt;br \/&gt;( A noter, que le village de Galm, en bas \u00e0 droite, semble avoir \u00e9t\u00e9 moins enseveli que celui d&#039;Oberu, malgr\u00e9 son altitude sup\u00e9rieure.)\" data-attachment-id=\"20357\" data-type=\"image\" class=\"fg-thumb\"><span class=\"fg-image-wrap\"><img decoding=\"async\" alt=\"Horlini_024\" title=\"Un petit clich\u00e9 sommital devant &quot;notre cher&quot; Restipass...&lt;br \/&gt;( A noter, que le village de Galm, en bas \u00e0 droite, semble avoir \u00e9t\u00e9 moins enseveli que celui d&#039;Oberu, malgr\u00e9 son altitude sup\u00e9rieure.)\" width=\"101\" height=\"57\" class=\"skip-lazy fg-image\" data-src-fg=\"https:\/\/alpavista.ch\/Alp11\/wp-content\/uploads\/cache\/Horlini_024\/3280485179.jpg\" src=\"data:image\/svg+xml,%3Csvg%20xmlns%3D%22http%3A%2F%2Fwww.w3.org%2F2000%2Fsvg%22%20width%3D%22101%22%20height%3D%2257%22%20viewBox%3D%220%200%20101%2057%22%3E%3C%2Fsvg%3E\" loading=\"eager\"><\/span><span class=\"fg-image-overlay\"><\/span><\/a><figcaption class=\"fg-caption\"><div class=\"fg-caption-inner\"><div class=\"fg-caption-desc\">Un petit clich\u00e9 sommital devant \"notre cher\" Restipass...<br \/>( A noter, que le village de Galm, en bas \u00e0 droite, semble avoir \u00e9t\u00e9 moins enseveli que celui d'Oberu, malgr\u00e9 son altitude sup\u00e9rieure.)<\/div><\/div><\/figcaption><\/figure><div class=\"fg-loader\"><\/div><\/div><div class=\"fg-item fg-type-image fg-idle\"><figure class=\"fg-item-inner\"><a href=\"https:\/\/alpavista.ch\/Alp11\/wp-content\/uploads\/Horlini_025.jpg\" data-caption-title=\".... suivi d&#039;un bref coup d&#039;oeil vers le Schafberg, &quot;seulement&quot;  400 m\u00e8tres plus haut, mais trop d\u00e9plum\u00e9 pour \u00eatre tent\u00e9.\" data-caption-desc=\".... suivi d&#039;un bref coup d&#039;oeil vers le Schafberg, &quot;seulement&quot;  400 m\u00e8tres plus haut, mais trop d\u00e9plum\u00e9 pour \u00eatre tent\u00e9.\" data-attachment-id=\"20356\" data-type=\"image\" class=\"fg-thumb\"><span class=\"fg-image-wrap\"><img decoding=\"async\" alt=\"Horlini_025\" title=\".... suivi d&#039;un bref coup d&#039;oeil vers le Schafberg, &quot;seulement&quot;  400 m\u00e8tres plus haut, mais trop d\u00e9plum\u00e9 pour \u00eatre tent\u00e9.\" width=\"101\" height=\"57\" class=\"skip-lazy fg-image\" data-src-fg=\"https:\/\/alpavista.ch\/Alp11\/wp-content\/uploads\/cache\/Horlini_025\/3199415390.jpg\" src=\"data:image\/svg+xml,%3Csvg%20xmlns%3D%22http%3A%2F%2Fwww.w3.org%2F2000%2Fsvg%22%20width%3D%22101%22%20height%3D%2257%22%20viewBox%3D%220%200%20101%2057%22%3E%3C%2Fsvg%3E\" loading=\"eager\"><\/span><span class=\"fg-image-overlay\"><\/span><\/a><figcaption class=\"fg-caption\"><div class=\"fg-caption-inner\"><div class=\"fg-caption-desc\">.... suivi d'un bref coup d'oeil vers le Schafberg, \"seulement\"  400 m\u00e8tres plus haut, mais trop d\u00e9plum\u00e9 pour \u00eatre tent\u00e9.<\/div><\/div><\/figcaption><\/figure><div class=\"fg-loader\"><\/div><\/div><div class=\"fg-item fg-type-image fg-idle\"><figure class=\"fg-item-inner\"><a href=\"https:\/\/alpavista.ch\/Alp11\/wp-content\/uploads\/Horlini_026.jpg\" data-caption-title=\"...mais toujours pas de casse-dalle r\u00e9parateur pour cause d&#039;insistantes entr\u00e9es d&#039;un frais biset du Nord.\" data-caption-desc=\"...mais toujours pas de casse-dalle r\u00e9parateur pour cause d&#039;insistantes entr\u00e9es d&#039;un frais biset du Nord.\" data-attachment-id=\"20355\" data-type=\"image\" class=\"fg-thumb\"><span class=\"fg-image-wrap\"><img decoding=\"async\" alt=\"Horlini_026\" title=\"...mais toujours pas de casse-dalle r\u00e9parateur pour cause d&#039;insistantes entr\u00e9es d&#039;un frais biset du Nord.\" width=\"101\" height=\"57\" class=\"skip-lazy fg-image\" data-src-fg=\"https:\/\/alpavista.ch\/Alp11\/wp-content\/uploads\/cache\/Horlini_026\/972957169.jpg\" src=\"data:image\/svg+xml,%3Csvg%20xmlns%3D%22http%3A%2F%2Fwww.w3.org%2F2000%2Fsvg%22%20width%3D%22101%22%20height%3D%2257%22%20viewBox%3D%220%200%20101%2057%22%3E%3C%2Fsvg%3E\" loading=\"eager\"><\/span><span class=\"fg-image-overlay\"><\/span><\/a><figcaption class=\"fg-caption\"><div class=\"fg-caption-inner\"><div class=\"fg-caption-desc\">...mais toujours pas de casse-dalle r\u00e9parateur pour cause d'insistantes entr\u00e9es d'un frais biset du Nord.<\/div><\/div><\/figcaption><\/figure><div class=\"fg-loader\"><\/div><\/div><div class=\"fg-item fg-type-image fg-idle\"><figure class=\"fg-item-inner\"><a href=\"https:\/\/alpavista.ch\/Alp11\/wp-content\/uploads\/Horlini_027.jpg\" data-caption-title=\"A propos de casse-cro\u00fbte, le d\u00e9but de descente, sur une neige gel\u00e9e et pi\u00e9geuse, s&#039;y apparente grandement (au sens propre).\" data-caption-desc=\"A propos de casse-cro\u00fbte, le d\u00e9but de descente, sur une neige gel\u00e9e et pi\u00e9geuse, s&#039;y apparente grandement (au sens propre).\" data-attachment-id=\"20354\" data-type=\"image\" class=\"fg-thumb\"><span class=\"fg-image-wrap\"><img decoding=\"async\" alt=\"Horlini_027\" title=\"A propos de casse-cro\u00fbte, le d\u00e9but de descente, sur une neige gel\u00e9e et pi\u00e9geuse, s&#039;y apparente grandement (au sens propre).\" width=\"101\" height=\"57\" class=\"skip-lazy fg-image\" data-src-fg=\"https:\/\/alpavista.ch\/Alp11\/wp-content\/uploads\/cache\/Horlini_027\/1153772180.jpg\" src=\"data:image\/svg+xml,%3Csvg%20xmlns%3D%22http%3A%2F%2Fwww.w3.org%2F2000%2Fsvg%22%20width%3D%22101%22%20height%3D%2257%22%20viewBox%3D%220%200%20101%2057%22%3E%3C%2Fsvg%3E\" loading=\"eager\"><\/span><span class=\"fg-image-overlay\"><\/span><\/a><figcaption class=\"fg-caption\"><div class=\"fg-caption-inner\"><div class=\"fg-caption-desc\">A propos de casse-cro\u00fbte, le d\u00e9but de descente, sur une neige gel\u00e9e et pi\u00e9geuse, s'y apparente grandement (au sens propre).<\/div><\/div><\/figcaption><\/figure><div class=\"fg-loader\"><\/div><\/div><div class=\"fg-item fg-type-image fg-idle\"><figure class=\"fg-item-inner\"><a href=\"https:\/\/alpavista.ch\/Alp11\/wp-content\/uploads\/Horlini_028.jpg\" data-caption-title=\"Chacun y va de sa technique et de son sens de l&#039;observation pour d\u00e9nicher les coins les moins pourris \u00e0 skier...\" data-caption-desc=\"Chacun y va de sa technique et de son sens de l&#039;observation pour d\u00e9nicher les coins les moins pourris \u00e0 skier...\" data-attachment-id=\"20353\" data-type=\"image\" class=\"fg-thumb\"><span class=\"fg-image-wrap\"><img decoding=\"async\" alt=\"Horlini_028\" title=\"Chacun y va de sa technique et de son sens de l&#039;observation pour d\u00e9nicher les coins les moins pourris \u00e0 skier...\" width=\"101\" height=\"57\" class=\"skip-lazy fg-image\" data-src-fg=\"https:\/\/alpavista.ch\/Alp11\/wp-content\/uploads\/cache\/Horlini_028\/1072700251.jpg\" src=\"data:image\/svg+xml,%3Csvg%20xmlns%3D%22http%3A%2F%2Fwww.w3.org%2F2000%2Fsvg%22%20width%3D%22101%22%20height%3D%2257%22%20viewBox%3D%220%200%20101%2057%22%3E%3C%2Fsvg%3E\" loading=\"eager\"><\/span><span class=\"fg-image-overlay\"><\/span><\/a><figcaption class=\"fg-caption\"><div class=\"fg-caption-inner\"><div class=\"fg-caption-desc\">Chacun y va de sa technique et de son sens de l'observation pour d\u00e9nicher les coins les moins pourris \u00e0 skier...<\/div><\/div><\/figcaption><\/figure><div class=\"fg-loader\"><\/div><\/div><div class=\"fg-item fg-type-image fg-idle\"><figure class=\"fg-item-inner\"><a href=\"https:\/\/alpavista.ch\/Alp11\/wp-content\/uploads\/Horlini_029.jpg\" data-caption-title=\"... tout en essayant d&#039;\u00e9viter les \u00e9normes corniches taill\u00e9es par les temp\u00eates et que la pente masquent parfois jusqu&#039;au dernier moment.\" data-caption-desc=\"... tout en essayant d&#039;\u00e9viter les \u00e9normes corniches taill\u00e9es par les temp\u00eates et que la pente masquent parfois jusqu&#039;au dernier moment.\" data-attachment-id=\"20352\" data-type=\"image\" class=\"fg-thumb\"><span class=\"fg-image-wrap\"><img decoding=\"async\" alt=\"Horlini_029\" title=\"... tout en essayant d&#039;\u00e9viter les \u00e9normes corniches taill\u00e9es par les temp\u00eates et que la pente masquent parfois jusqu&#039;au dernier moment.\" width=\"101\" height=\"57\" class=\"skip-lazy fg-image\" data-src-fg=\"https:\/\/alpavista.ch\/Alp11\/wp-content\/uploads\/cache\/Horlini_029\/1120605246.jpg\" src=\"data:image\/svg+xml,%3Csvg%20xmlns%3D%22http%3A%2F%2Fwww.w3.org%2F2000%2Fsvg%22%20width%3D%22101%22%20height%3D%2257%22%20viewBox%3D%220%200%20101%2057%22%3E%3C%2Fsvg%3E\" loading=\"eager\"><\/span><span class=\"fg-image-overlay\"><\/span><\/a><figcaption class=\"fg-caption\"><div class=\"fg-caption-inner\"><div class=\"fg-caption-desc\">... tout en essayant d'\u00e9viter les \u00e9normes corniches taill\u00e9es par les temp\u00eates et que la pente masquent parfois jusqu'au dernier moment.<\/div><\/div><\/figcaption><\/figure><div class=\"fg-loader\"><\/div><\/div><div class=\"fg-item fg-type-image fg-idle\"><figure class=\"fg-item-inner\"><a href=\"https:\/\/alpavista.ch\/Alp11\/wp-content\/uploads\/Horlini_030.jpg\" data-caption-title=\"Finalement, nous finissons par d\u00e9gotter deux ou trois zones moins mises \u00e0 mal par le vent et offrant enfin une neige agr\u00e9ablement skiable...\" data-caption-desc=\"Finalement, nous finissons par d\u00e9gotter deux ou trois zones moins mises \u00e0 mal par le vent et offrant enfin une neige agr\u00e9ablement skiable...\" data-attachment-id=\"20351\" data-type=\"image\" class=\"fg-thumb\"><span class=\"fg-image-wrap\"><img decoding=\"async\" alt=\"Horlini_030\" title=\"Finalement, nous finissons par d\u00e9gotter deux ou trois zones moins mises \u00e0 mal par le vent et offrant enfin une neige agr\u00e9ablement skiable...\" width=\"101\" height=\"57\" class=\"skip-lazy fg-image\" data-src-fg=\"https:\/\/alpavista.ch\/Alp11\/wp-content\/uploads\/cache\/Horlini_030\/1128074522.jpg\" src=\"data:image\/svg+xml,%3Csvg%20xmlns%3D%22http%3A%2F%2Fwww.w3.org%2F2000%2Fsvg%22%20width%3D%22101%22%20height%3D%2257%22%20viewBox%3D%220%200%20101%2057%22%3E%3C%2Fsvg%3E\" loading=\"eager\"><\/span><span class=\"fg-image-overlay\"><\/span><\/a><figcaption class=\"fg-caption\"><div class=\"fg-caption-inner\"><div class=\"fg-caption-desc\">Finalement, nous finissons par d\u00e9gotter deux ou trois zones moins mises \u00e0 mal par le vent et offrant enfin une neige agr\u00e9ablement skiable...<\/div><\/div><\/figcaption><\/figure><div class=\"fg-loader\"><\/div><\/div><div class=\"fg-item fg-type-image fg-idle\"><figure class=\"fg-item-inner\"><a href=\"https:\/\/alpavista.ch\/Alp11\/wp-content\/uploads\/Horlini_031.jpg\" data-caption-title=\"... malgr\u00e9 son d\u00e9but de transformation.\" data-caption-desc=\"... malgr\u00e9 son d\u00e9but de transformation.\" data-attachment-id=\"20350\" data-type=\"image\" class=\"fg-thumb\"><span class=\"fg-image-wrap\"><img decoding=\"async\" alt=\"Horlini_031\" title=\"... malgr\u00e9 son d\u00e9but de transformation.\" width=\"101\" height=\"57\" class=\"skip-lazy fg-image\" data-src-fg=\"https:\/\/alpavista.ch\/Alp11\/wp-content\/uploads\/cache\/Horlini_031\/1040581247.jpg\" src=\"data:image\/svg+xml,%3Csvg%20xmlns%3D%22http%3A%2F%2Fwww.w3.org%2F2000%2Fsvg%22%20width%3D%22101%22%20height%3D%2257%22%20viewBox%3D%220%200%20101%2057%22%3E%3C%2Fsvg%3E\" loading=\"eager\"><\/span><span class=\"fg-image-overlay\"><\/span><\/a><figcaption class=\"fg-caption\"><div class=\"fg-caption-inner\"><div class=\"fg-caption-desc\">... malgr\u00e9 son d\u00e9but de transformation.<\/div><\/div><\/figcaption><\/figure><div class=\"fg-loader\"><\/div><\/div><div class=\"fg-item fg-type-image fg-idle\"><figure class=\"fg-item-inner\"><a href=\"https:\/\/alpavista.ch\/Alp11\/wp-content\/uploads\/Horlini_032.jpg\" data-caption-title=\"Transformation que la perte d&#039;altitude contritbue \u00e0 acc\u00e9l\u00e9rer rapidement.\" data-caption-desc=\"Transformation que la perte d&#039;altitude contritbue \u00e0 acc\u00e9l\u00e9rer rapidement.\" data-attachment-id=\"20349\" data-type=\"image\" class=\"fg-thumb\"><span class=\"fg-image-wrap\"><img decoding=\"async\" alt=\"Horlini_032\" title=\"Transformation que la perte d&#039;altitude contritbue \u00e0 acc\u00e9l\u00e9rer rapidement.\" width=\"101\" height=\"57\" class=\"skip-lazy fg-image\" data-src-fg=\"https:\/\/alpavista.ch\/Alp11\/wp-content\/uploads\/cache\/Horlini_032\/2803490019.jpg\" src=\"data:image\/svg+xml,%3Csvg%20xmlns%3D%22http%3A%2F%2Fwww.w3.org%2F2000%2Fsvg%22%20width%3D%22101%22%20height%3D%2257%22%20viewBox%3D%220%200%20101%2057%22%3E%3C%2Fsvg%3E\" loading=\"eager\"><\/span><span class=\"fg-image-overlay\"><\/span><\/a><figcaption class=\"fg-caption\"><div class=\"fg-caption-inner\"><div class=\"fg-caption-desc\">Transformation que la perte d'altitude contritbue \u00e0 acc\u00e9l\u00e9rer rapidement.<\/div><\/div><\/figcaption><\/figure><div class=\"fg-loader\"><\/div><\/div><div class=\"fg-item fg-type-image fg-idle\"><figure class=\"fg-item-inner\"><a href=\"https:\/\/alpavista.ch\/Alp11\/wp-content\/uploads\/Horlini_033.jpg\" data-caption-title=\"Retour \u00e0 Oberu...\" data-caption-desc=\"Retour \u00e0 Oberu...\" data-attachment-id=\"20348\" data-type=\"image\" class=\"fg-thumb\"><span class=\"fg-image-wrap\"><img decoding=\"async\" alt=\"Horlini_033\" title=\"Retour \u00e0 Oberu...\" width=\"101\" height=\"57\" class=\"skip-lazy fg-image\" data-src-fg=\"https:\/\/alpavista.ch\/Alp11\/wp-content\/uploads\/cache\/Horlini_033\/3659715462.jpg\" src=\"data:image\/svg+xml,%3Csvg%20xmlns%3D%22http%3A%2F%2Fwww.w3.org%2F2000%2Fsvg%22%20width%3D%22101%22%20height%3D%2257%22%20viewBox%3D%220%200%20101%2057%22%3E%3C%2Fsvg%3E\" loading=\"eager\"><\/span><span class=\"fg-image-overlay\"><\/span><\/a><figcaption class=\"fg-caption\"><div class=\"fg-caption-inner\"><div class=\"fg-caption-desc\">Retour \u00e0 Oberu...<\/div><\/div><\/figcaption><\/figure><div class=\"fg-loader\"><\/div><\/div><div class=\"fg-item fg-type-image fg-idle\"><figure class=\"fg-item-inner\"><a href=\"https:\/\/alpavista.ch\/Alp11\/wp-content\/uploads\/Horlini_034.jpg\" data-caption-title=\"... avec un long schuss de transition...\" data-caption-desc=\"... avec un long schuss de transition...\" data-attachment-id=\"20347\" data-type=\"image\" class=\"fg-thumb\"><span class=\"fg-image-wrap\"><img decoding=\"async\" alt=\"Horlini_034\" title=\"... avec un long schuss de transition...\" width=\"101\" height=\"57\" class=\"skip-lazy fg-image\" data-src-fg=\"https:\/\/alpavista.ch\/Alp11\/wp-content\/uploads\/cache\/Horlini_034\/4264400355.jpg\" src=\"data:image\/svg+xml,%3Csvg%20xmlns%3D%22http%3A%2F%2Fwww.w3.org%2F2000%2Fsvg%22%20width%3D%22101%22%20height%3D%2257%22%20viewBox%3D%220%200%20101%2057%22%3E%3C%2Fsvg%3E\" loading=\"eager\"><\/span><span class=\"fg-image-overlay\"><\/span><\/a><figcaption class=\"fg-caption\"><div class=\"fg-caption-inner\"><div class=\"fg-caption-desc\">... avec un long schuss de transition...<\/div><\/div><\/figcaption><\/figure><div class=\"fg-loader\"><\/div><\/div><div class=\"fg-item fg-type-image fg-idle\"><figure class=\"fg-item-inner\"><a href=\"https:\/\/alpavista.ch\/Alp11\/wp-content\/uploads\/Horlini_035.jpg\" data-caption-title=\"... pour retrouver une clairi\u00e8re de S\u00e4msu d\u00e9sormais garnie d&#039;une neige lourde et profonde ...\" data-caption-desc=\"... pour retrouver une clairi\u00e8re de S\u00e4msu d\u00e9sormais garnie d&#039;une neige lourde et profonde ...\" data-attachment-id=\"20346\" data-type=\"image\" class=\"fg-thumb\"><span class=\"fg-image-wrap\"><img decoding=\"async\" alt=\"Horlini_035\" title=\"... pour retrouver une clairi\u00e8re de S\u00e4msu d\u00e9sormais garnie d&#039;une neige lourde et profonde ...\" width=\"101\" height=\"57\" class=\"skip-lazy fg-image\" data-src-fg=\"https:\/\/alpavista.ch\/Alp11\/wp-content\/uploads\/cache\/Horlini_035\/2199296646.jpg\" src=\"data:image\/svg+xml,%3Csvg%20xmlns%3D%22http%3A%2F%2Fwww.w3.org%2F2000%2Fsvg%22%20width%3D%22101%22%20height%3D%2257%22%20viewBox%3D%220%200%20101%2057%22%3E%3C%2Fsvg%3E\" loading=\"eager\"><\/span><span class=\"fg-image-overlay\"><\/span><\/a><figcaption class=\"fg-caption\"><div class=\"fg-caption-inner\"><div class=\"fg-caption-desc\">... pour retrouver une clairi\u00e8re de S\u00e4msu d\u00e9sormais garnie d'une neige lourde et profonde ...<\/div><\/div><\/figcaption><\/figure><div class=\"fg-loader\"><\/div><\/div><div class=\"fg-item fg-type-image fg-idle\"><figure class=\"fg-item-inner\"><a href=\"https:\/\/alpavista.ch\/Alp11\/wp-content\/uploads\/Horlini_036.jpg\" data-caption-title=\"... qu&#039;il faut tenter de skier en associant force et vitesse malgr\u00e9 des jambes de plus en plus fatigu\u00e9es.\" data-caption-desc=\"... qu&#039;il faut tenter de skier en associant force et vitesse malgr\u00e9 des jambes de plus en plus fatigu\u00e9es.\" data-attachment-id=\"20345\" data-type=\"image\" class=\"fg-thumb\"><span class=\"fg-image-wrap\"><img decoding=\"async\" alt=\"Horlini_036\" title=\"... qu&#039;il faut tenter de skier en associant force et vitesse malgr\u00e9 des jambes de plus en plus fatigu\u00e9es.\" width=\"101\" height=\"57\" class=\"skip-lazy fg-image\" data-src-fg=\"https:\/\/alpavista.ch\/Alp11\/wp-content\/uploads\/cache\/Horlini_036\/73108265.jpg\" src=\"data:image\/svg+xml,%3Csvg%20xmlns%3D%22http%3A%2F%2Fwww.w3.org%2F2000%2Fsvg%22%20width%3D%22101%22%20height%3D%2257%22%20viewBox%3D%220%200%20101%2057%22%3E%3C%2Fsvg%3E\" loading=\"eager\"><\/span><span class=\"fg-image-overlay\"><\/span><\/a><figcaption class=\"fg-caption\"><div class=\"fg-caption-inner\"><div class=\"fg-caption-desc\">... qu'il faut tenter de skier en associant force et vitesse malgr\u00e9 des jambes de plus en plus fatigu\u00e9es.<\/div><\/div><\/figcaption><\/figure><div class=\"fg-loader\"><\/div><\/div><div class=\"fg-item fg-type-image fg-idle\"><figure class=\"fg-item-inner\"><a href=\"https:\/\/alpavista.ch\/Alp11\/wp-content\/uploads\/Horlini_037.jpg\" data-caption-title=\"Et vues certaines traces, tenter est vraiment le mot juste.\" data-caption-desc=\"Et vues certaines traces, tenter est vraiment le mot juste.\" data-attachment-id=\"20344\" data-type=\"image\" class=\"fg-thumb\"><span class=\"fg-image-wrap\"><img decoding=\"async\" alt=\"Horlini_037\" title=\"Et vues certaines traces, tenter est vraiment le mot juste.\" width=\"101\" height=\"57\" class=\"skip-lazy fg-image\" data-src-fg=\"https:\/\/alpavista.ch\/Alp11\/wp-content\/uploads\/cache\/Horlini_037\/2036368460.jpg\" src=\"data:image\/svg+xml,%3Csvg%20xmlns%3D%22http%3A%2F%2Fwww.w3.org%2F2000%2Fsvg%22%20width%3D%22101%22%20height%3D%2257%22%20viewBox%3D%220%200%20101%2057%22%3E%3C%2Fsvg%3E\" loading=\"eager\"><\/span><span class=\"fg-image-overlay\"><\/span><\/a><figcaption class=\"fg-caption\"><div class=\"fg-caption-inner\"><div class=\"fg-caption-desc\">Et vues certaines traces, tenter est vraiment le mot juste.<\/div><\/div><\/figcaption><\/figure><div class=\"fg-loader\"><\/div><\/div><div class=\"fg-item fg-type-image fg-idle\"><figure class=\"fg-item-inner\"><a href=\"https:\/\/alpavista.ch\/Alp11\/wp-content\/uploads\/Horlini_038.jpg\" data-caption-title=\"La retravers\u00e9e de la for\u00eat de Spiuwald se passent beaucoup mieux qu&#039;\u00e0 l&#039;aller, m\u00eame si elle se fait partiellement en poussage.\" data-caption-desc=\"La retravers\u00e9e de la for\u00eat de Spiuwald se passent beaucoup mieux qu&#039;\u00e0 l&#039;aller, m\u00eame si elle se fait partiellement en poussage.\" data-attachment-id=\"20343\" data-type=\"image\" class=\"fg-thumb\"><span class=\"fg-image-wrap\"><img decoding=\"async\" alt=\"Horlini_038\" title=\"La retravers\u00e9e de la for\u00eat de Spiuwald se passent beaucoup mieux qu&#039;\u00e0 l&#039;aller, m\u00eame si elle se fait partiellement en poussage.\" width=\"101\" height=\"57\" class=\"skip-lazy fg-image\" data-src-fg=\"https:\/\/alpavista.ch\/Alp11\/wp-content\/uploads\/cache\/Horlini_038\/39171459.jpg\" src=\"data:image\/svg+xml,%3Csvg%20xmlns%3D%22http%3A%2F%2Fwww.w3.org%2F2000%2Fsvg%22%20width%3D%22101%22%20height%3D%2257%22%20viewBox%3D%220%200%20101%2057%22%3E%3C%2Fsvg%3E\" loading=\"eager\"><\/span><span class=\"fg-image-overlay\"><\/span><\/a><figcaption class=\"fg-caption\"><div class=\"fg-caption-inner\"><div class=\"fg-caption-desc\">La retravers\u00e9e de la for\u00eat de Spiuwald se passent beaucoup mieux qu'\u00e0 l'aller, m\u00eame si elle se fait partiellement en poussage.<\/div><\/div><\/figcaption><\/figure><div class=\"fg-loader\"><\/div><\/div><div class=\"fg-item fg-type-image fg-idle\"><figure class=\"fg-item-inner\"><a href=\"https:\/\/alpavista.ch\/Alp11\/wp-content\/uploads\/Horlini_039.jpg\" data-caption-title=\"Bonne surprise, une fine pellicule de neige juste d\u00e9cro\u00fbt\u00e9e nous accueille \u00e0 notre arriv\u00e9e dans les p\u00e2turages de Guttet.\" data-caption-desc=\"Bonne surprise, une fine pellicule de neige juste d\u00e9cro\u00fbt\u00e9e nous accueille \u00e0 notre arriv\u00e9e dans les p\u00e2turages de Guttet.\" data-attachment-id=\"20342\" data-type=\"image\" class=\"fg-thumb\"><span class=\"fg-image-wrap\"><img decoding=\"async\" alt=\"Horlini_039\" title=\"Bonne surprise, une fine pellicule de neige juste d\u00e9cro\u00fbt\u00e9e nous accueille \u00e0 notre arriv\u00e9e dans les p\u00e2turages de Guttet.\" width=\"101\" height=\"57\" class=\"skip-lazy fg-image\" data-src-fg=\"https:\/\/alpavista.ch\/Alp11\/wp-content\/uploads\/cache\/Horlini_039\/2137963238.jpg\" src=\"data:image\/svg+xml,%3Csvg%20xmlns%3D%22http%3A%2F%2Fwww.w3.org%2F2000%2Fsvg%22%20width%3D%22101%22%20height%3D%2257%22%20viewBox%3D%220%200%20101%2057%22%3E%3C%2Fsvg%3E\" loading=\"eager\"><\/span><span class=\"fg-image-overlay\"><\/span><\/a><figcaption class=\"fg-caption\"><div class=\"fg-caption-inner\"><div class=\"fg-caption-desc\">Bonne surprise, une fine pellicule de neige juste d\u00e9cro\u00fbt\u00e9e nous accueille \u00e0 notre arriv\u00e9e dans les p\u00e2turages de Guttet.<\/div><\/div><\/figcaption><\/figure><div class=\"fg-loader\"><\/div><\/div><div class=\"fg-item fg-type-image fg-idle\"><figure class=\"fg-item-inner\"><a href=\"https:\/\/alpavista.ch\/Alp11\/wp-content\/uploads\/Horlini_040.jpg\" data-caption-title=\"Moins profonde et plus &quot;freinante&quot;, elle nous offre une fin de descente en mode express.\" data-caption-desc=\"Moins profonde et plus &quot;freinante&quot;, elle nous offre une fin de descente en mode express.\" data-attachment-id=\"20341\" data-type=\"image\" class=\"fg-thumb\"><span class=\"fg-image-wrap\"><img decoding=\"async\" alt=\"Horlini_040\" title=\"Moins profonde et plus &quot;freinante&quot;, elle nous offre une fin de descente en mode express.\" width=\"101\" height=\"57\" class=\"skip-lazy fg-image\" data-src-fg=\"https:\/\/alpavista.ch\/Alp11\/wp-content\/uploads\/cache\/Horlini_040\/226679368.jpg\" src=\"data:image\/svg+xml,%3Csvg%20xmlns%3D%22http%3A%2F%2Fwww.w3.org%2F2000%2Fsvg%22%20width%3D%22101%22%20height%3D%2257%22%20viewBox%3D%220%200%20101%2057%22%3E%3C%2Fsvg%3E\" loading=\"eager\"><\/span><span class=\"fg-image-overlay\"><\/span><\/a><figcaption class=\"fg-caption\"><div class=\"fg-caption-inner\"><div class=\"fg-caption-desc\">Moins profonde et plus \"freinante\", elle nous offre une fin de descente en mode express.<\/div><\/div><\/figcaption><\/figure><div class=\"fg-loader\"><\/div><\/div><div class=\"fg-item fg-type-image fg-idle\"><figure class=\"fg-item-inner\"><a href=\"https:\/\/alpavista.ch\/Alp11\/wp-content\/uploads\/Horlini_041.jpg\" data-caption-title=\"Finis les arr\u00eat r\u00e9cup&#039;, d\u00e9sormais c&#039;est full gaz jusqu&#039;\u00e0 la voiture.\" data-caption-desc=\"Finis les arr\u00eat r\u00e9cup&#039;, d\u00e9sormais c&#039;est full gaz jusqu&#039;\u00e0 la voiture.\" data-attachment-id=\"20340\" data-type=\"image\" class=\"fg-thumb\"><span class=\"fg-image-wrap\"><img decoding=\"async\" alt=\"Horlini_041\" title=\"Finis les arr\u00eat r\u00e9cup&#039;, d\u00e9sormais c&#039;est full gaz jusqu&#039;\u00e0 la voiture.\" width=\"101\" height=\"57\" class=\"skip-lazy fg-image\" data-src-fg=\"https:\/\/alpavista.ch\/Alp11\/wp-content\/uploads\/cache\/Horlini_041\/1891226925.jpg\" src=\"data:image\/svg+xml,%3Csvg%20xmlns%3D%22http%3A%2F%2Fwww.w3.org%2F2000%2Fsvg%22%20width%3D%22101%22%20height%3D%2257%22%20viewBox%3D%220%200%20101%2057%22%3E%3C%2Fsvg%3E\" loading=\"eager\"><\/span><span class=\"fg-image-overlay\"><\/span><\/a><figcaption class=\"fg-caption\"><div class=\"fg-caption-inner\"><div class=\"fg-caption-desc\">Finis les arr\u00eat r\u00e9cup', d\u00e9sormais c'est full gaz jusqu'\u00e0 la voiture.<\/div><\/div><\/figcaption><\/figure><div class=\"fg-loader\"><\/div><\/div><div class=\"fg-item fg-type-image fg-idle\"><figure class=\"fg-item-inner\"><a href=\"https:\/\/alpavista.ch\/Alp11\/wp-content\/uploads\/Horlini_042.jpg\" data-caption-title=\"M\u00eame si la bi\u00e8re y est fra\u00eeche, c&#039;est toujours un peu particulier de la boire dans un EMS, en l&#039;occurence le Rhoneblick de Guttet, ancien h\u00f4tel-restaurant reconverti et incournable \u00e9tape sur notre trip VTT &quot;Jeizinen-Albinen&quot;.\" data-caption-desc=\"M\u00eame si la bi\u00e8re y est fra\u00eeche, c&#039;est toujours un peu particulier de la boire dans un EMS, en l&#039;occurence le Rhoneblick de Guttet, ancien h\u00f4tel-restaurant reconverti et incournable \u00e9tape sur notre trip VTT &quot;Jeizinen-Albinen&quot;.\" data-attachment-id=\"20339\" data-type=\"image\" class=\"fg-thumb\"><span class=\"fg-image-wrap\"><img decoding=\"async\" alt=\"Horlini_042\" title=\"M\u00eame si la bi\u00e8re y est fra\u00eeche, c&#039;est toujours un peu particulier de la boire dans un EMS, en l&#039;occurence le Rhoneblick de Guttet, ancien h\u00f4tel-restaurant reconverti et incournable \u00e9tape sur notre trip VTT &quot;Jeizinen-Albinen&quot;.\" width=\"101\" height=\"57\" class=\"skip-lazy fg-image\" data-src-fg=\"https:\/\/alpavista.ch\/Alp11\/wp-content\/uploads\/cache\/Horlini_042\/392271083.jpg\" src=\"data:image\/svg+xml,%3Csvg%20xmlns%3D%22http%3A%2F%2Fwww.w3.org%2F2000%2Fsvg%22%20width%3D%22101%22%20height%3D%2257%22%20viewBox%3D%220%200%20101%2057%22%3E%3C%2Fsvg%3E\" loading=\"eager\"><\/span><span class=\"fg-image-overlay\"><\/span><\/a><figcaption class=\"fg-caption\"><div class=\"fg-caption-inner\"><div class=\"fg-caption-desc\">M\u00eame si la bi\u00e8re y est fra\u00eeche, c'est toujours un peu particulier de la boire dans un EMS, en l'occurence le Rhoneblick de Guttet, ancien h\u00f4tel-restaurant reconverti et incournable \u00e9tape sur notre trip VTT \"Jeizinen-Albinen\".<\/div><\/div><\/figcaption><\/figure><div class=\"fg-loader\"><\/div><\/div><\/div>\n\n<input class=\"fooboxshare_post_id\" type=\"hidden\" value=\"4589\"\/>","protected":false},"excerpt":{"rendered":"<p>Un petit Horlini, vendredi, \u00e7a vous dit ? Quoi, encore une rando transalpine ? Encore une escapade du c\u00f4t\u00e9 de chez nos cousins valdotains ? Eh non, perdu ! Certes le Horlini ne peut renier ses consonances latines. Certes il est bel et bien situ\u00e9 chez nos cousins, mais ce serait plut\u00f4t du c\u00f4t\u00e9 des adeptes des masques de bois, les \u201cTsch\u00e4gg\u00e4tt\u00e4\u201d, que dans la r\u00e9gion des artisans-\u00e9b\u00e9nistes et de la foire de la Sainte-Ourse, qu\u2019il est \u00e0 chercher. Pos\u00e9 [&hellip;]<\/p>\n","protected":false},"author":2,"featured_media":6362,"comment_status":"open","ping_status":"open","sticky":false,"template":"","format":"standard","meta":{"footnotes":""},"categories":[658,360],"tags":[1272,1167,1346,1331,1508,1345,1347,1348,1093,1349],"class_list":["post-4589","post","type-post","status-publish","format-standard","has-post-thumbnail","hentry","category-outdoor","category-ski","tag-albinen","tag-bachalp","tag-fasilalpu","tag-guttet","tag-horlini","tag-jeizinen","tag-niwenalp","tag-oberu","tag-restipass","tag-torrentalp"],"_links":{"self":[{"href":"https:\/\/alpavista.ch\/Alp11\/wp-json\/wp\/v2\/posts\/4589","targetHints":{"allow":["GET"]}}],"collection":[{"href":"https:\/\/alpavista.ch\/Alp11\/wp-json\/wp\/v2\/posts"}],"about":[{"href":"https:\/\/alpavista.ch\/Alp11\/wp-json\/wp\/v2\/types\/post"}],"author":[{"embeddable":true,"href":"https:\/\/alpavista.ch\/Alp11\/wp-json\/wp\/v2\/users\/2"}],"replies":[{"embeddable":true,"href":"https:\/\/alpavista.ch\/Alp11\/wp-json\/wp\/v2\/comments?post=4589"}],"version-history":[{"count":0,"href":"https:\/\/alpavista.ch\/Alp11\/wp-json\/wp\/v2\/posts\/4589\/revisions"}],"wp:featuredmedia":[{"embeddable":true,"href":"https:\/\/alpavista.ch\/Alp11\/wp-json\/wp\/v2\/media\/6362"}],"wp:attachment":[{"href":"https:\/\/alpavista.ch\/Alp11\/wp-json\/wp\/v2\/media?parent=4589"}],"wp:term":[{"taxonomy":"category","embeddable":true,"href":"https:\/\/alpavista.ch\/Alp11\/wp-json\/wp\/v2\/categories?post=4589"},{"taxonomy":"post_tag","embeddable":true,"href":"https:\/\/alpavista.ch\/Alp11\/wp-json\/wp\/v2\/tags?post=4589"}],"curies":[{"name":"wp","href":"https:\/\/api.w.org\/{rel}","templated":true}]}}