{"id":4719,"date":"2012-09-23T17:49:53","date_gmt":"2012-09-23T16:49:53","guid":{"rendered":"http:\/\/www.alpavista.ch\/Alp11\/?p=4719"},"modified":"2022-12-09T17:41:10","modified_gmt":"2022-12-09T16:41:10","slug":"col-de-cou-2012","status":"publish","type":"post","link":"https:\/\/alpavista.ch\/Alp11\/2012\/09\/23\/col-de-cou-2012\/","title":{"rendered":"Col de Cou 2012"},"content":{"rendered":"<p>M\u00eame s\u2019il est un peu devenu un \u00ab toboggan \u00e0 allemands \u00bb, depuis sa nomination au panth\u00e9on des plus belles descentes des Alpes, par les grands magazines VTT germanophones, notre \u00ab Brazilian \u00bb ne m\u00e9rite quand m\u00eame pas qu\u2019on le boycotte deux ann\u00e9es cons\u00e9cutives. Fin de saison et fermeture de la t\u00e9l\u00e9cabine du Cr\u00eat-du-Midi (pour cause de remplacement) devant en outre contribuer \u00e0 limiter la fr\u00e9quentation \u00ab teutonne \u00bb sur cet itin\u00e9raire, nous avons finalement choisi de le r\u00e9inscrire sur la \u00ab short-list \u00bb de nos derni\u00e8res sorties automnales de l\u2019ann\u00e9e 2012.<br \/>\n<!--more--><br \/>\nDeux incontournables, le Comptoir du Valais et le Col de Cou, dans la m\u00eame semaine ?<br \/>\nLes l\u00e9gendes ne meurent jamais et les mythes ont la peau dure, m\u00eame si le passage r\u00e9p\u00e9t\u00e9 des \u00ab gros v\u00e9los \u00bb a quand m\u00eame tendance \u00e0 trop l\u2019user \u00e0 notre go\u00fbt \u2026<\/p>\n<style type=\"text\/css\">\n#foogallery-gallery-21645 .fg-image { width: 101px; }\n#foogallery-gallery-21645 { --fg-gutter: 1px; }<\/style>\n\t\t\t<div class=\"foogallery foogallery-container foogallery-default foogallery-lightbox-none fg-left fg-default fg-ready fg-light fg-loading-default fg-loaded-fade-in fg-preset fg-selena fg-preset-small fg-preset fg-selena fg-preset-small\" id=\"foogallery-gallery-21645\" data-foogallery=\"{&quot;item&quot;:{&quot;showCaptionTitle&quot;:false,&quot;showCaptionDescription&quot;:true},&quot;lazy&quot;:true,&quot;state&quot;:{&quot;enabled&quot;:true,&quot;mask&quot;:&quot;foogallery-{id}&quot;}}\" style=\"--fg-title-line-clamp: 0; --fg-description-line-clamp: 0;\" >\n\t<div class=\"fg-item fg-type-image fg-idle\"><figure class=\"fg-item-inner\"><a href=\"https:\/\/alpavista.ch\/Alp11\/wp-content\/uploads\/Col_de_Cou_12_001.jpg\" data-caption-title=\"La remont\u00e9e de la piste de Sigeroula, incontournable juge de paix sur le chemin du vallon de R\u00e9chy.\" data-caption-desc=\"La remont\u00e9e de la piste de Sigeroula, incontournable juge de paix sur le chemin du vallon de R\u00e9chy.\" data-attachment-id=\"21673\" data-type=\"image\" class=\"fg-thumb\"><span class=\"fg-image-wrap\"><img decoding=\"async\" alt=\"Col_de_Cou_12_001\" title=\"La remont\u00e9e de la piste de Sigeroula, incontournable juge de paix sur le chemin du vallon de R\u00e9chy.\" width=\"101\" height=\"57\" class=\"skip-lazy fg-image\" data-src-fg=\"https:\/\/alpavista.ch\/Alp11\/wp-content\/uploads\/cache\/Col_de_Cou_12_001\/1675448051.jpg\" src=\"data:image\/svg+xml,%3Csvg%20xmlns%3D%22http%3A%2F%2Fwww.w3.org%2F2000%2Fsvg%22%20width%3D%22101%22%20height%3D%2257%22%20viewBox%3D%220%200%20101%2057%22%3E%3C%2Fsvg%3E\" loading=\"eager\"><\/span><span class=\"fg-image-overlay\"><\/span><\/a><figcaption class=\"fg-caption\"><div class=\"fg-caption-inner\"><div class=\"fg-caption-desc\">La remont\u00e9e de la piste de Sigeroula, incontournable juge de paix sur le chemin du vallon de R\u00e9chy.<\/div><\/div><\/figcaption><\/figure><div class=\"fg-loader\"><\/div><\/div><div class=\"fg-item fg-type-image fg-idle\"><figure class=\"fg-item-inner\"><a href=\"https:\/\/alpavista.ch\/Alp11\/wp-content\/uploads\/Col_de_Cou_12_002.jpg\" data-caption-title=\"Encore pas mal de flaques humides \u00e0 contourner, mais d\u00e9j\u00e0 un beau soleil automnal accompagn\u00e9 de son foehn ti\u00e8de.\" data-caption-desc=\"Encore pas mal de flaques humides \u00e0 contourner, mais d\u00e9j\u00e0 un beau soleil automnal accompagn\u00e9 de son foehn ti\u00e8de.\" data-attachment-id=\"21672\" data-type=\"image\" class=\"fg-thumb\"><span class=\"fg-image-wrap\"><img decoding=\"async\" alt=\"Col_de_Cou_12_002\" title=\"Encore pas mal de flaques humides \u00e0 contourner, mais d\u00e9j\u00e0 un beau soleil automnal accompagn\u00e9 de son foehn ti\u00e8de.\" width=\"101\" height=\"57\" class=\"skip-lazy fg-image\" data-src-fg=\"https:\/\/alpavista.ch\/Alp11\/wp-content\/uploads\/cache\/Col_de_Cou_12_002\/3510052349.jpg\" src=\"data:image\/svg+xml,%3Csvg%20xmlns%3D%22http%3A%2F%2Fwww.w3.org%2F2000%2Fsvg%22%20width%3D%22101%22%20height%3D%2257%22%20viewBox%3D%220%200%20101%2057%22%3E%3C%2Fsvg%3E\" loading=\"eager\"><\/span><span class=\"fg-image-overlay\"><\/span><\/a><figcaption class=\"fg-caption\"><div class=\"fg-caption-inner\"><div class=\"fg-caption-desc\">Encore pas mal de flaques humides \u00e0 contourner, mais d\u00e9j\u00e0 un beau soleil automnal accompagn\u00e9 de son foehn ti\u00e8de.<\/div><\/div><\/figcaption><\/figure><div class=\"fg-loader\"><\/div><\/div><div class=\"fg-item fg-type-image fg-idle\"><figure class=\"fg-item-inner\"><a href=\"https:\/\/alpavista.ch\/Alp11\/wp-content\/uploads\/Col_de_Cou_12_003.jpg\" data-caption-title=\"Pour le green c&#039;est ok, ne manquent plus que quelques trous et des clubs.\" data-caption-desc=\"Pour le green c&#039;est ok, ne manquent plus que quelques trous et des clubs.\" data-attachment-id=\"21671\" data-type=\"image\" class=\"fg-thumb\"><span class=\"fg-image-wrap\"><img decoding=\"async\" alt=\"Col_de_Cou_12_003\" title=\"Pour le green c&#039;est ok, ne manquent plus que quelques trous et des clubs.\" width=\"101\" height=\"57\" class=\"skip-lazy fg-image\" data-src-fg=\"https:\/\/alpavista.ch\/Alp11\/wp-content\/uploads\/cache\/Col_de_Cou_12_003\/1496485972.jpg\" src=\"data:image\/svg+xml,%3Csvg%20xmlns%3D%22http%3A%2F%2Fwww.w3.org%2F2000%2Fsvg%22%20width%3D%22101%22%20height%3D%2257%22%20viewBox%3D%220%200%20101%2057%22%3E%3C%2Fsvg%3E\" loading=\"eager\"><\/span><span class=\"fg-image-overlay\"><\/span><\/a><figcaption class=\"fg-caption\"><div class=\"fg-caption-inner\"><div class=\"fg-caption-desc\">Pour le green c'est ok, ne manquent plus que quelques trous et des clubs.<\/div><\/div><\/figcaption><\/figure><div class=\"fg-loader\"><\/div><\/div><div class=\"fg-item fg-type-image fg-idle\"><figure class=\"fg-item-inner\"><a href=\"https:\/\/alpavista.ch\/Alp11\/wp-content\/uploads\/Col_de_Cou_12_004.jpg\" data-caption-title=\"Ce chemin de cr\u00eate a deux avantages : \r\n1. Rouler au sec.\r\n2. Eviter d&#039;ab\u00eemer les petites fleurs ch\u00e8res \u00e0 nos amis de ValRando.\" data-caption-desc=\"Ce chemin de cr\u00eate a deux avantages : \r\n1. Rouler au sec.\r\n2. Eviter d&#039;ab\u00eemer les petites fleurs ch\u00e8res \u00e0 nos amis de ValRando.\" data-attachment-id=\"21670\" data-type=\"image\" class=\"fg-thumb\"><span class=\"fg-image-wrap\"><img decoding=\"async\" alt=\"Col_de_Cou_12_004\" title=\"Ce chemin de cr\u00eate a deux avantages : \r\n1. Rouler au sec.\r\n2. Eviter d&#039;ab\u00eemer les petites fleurs ch\u00e8res \u00e0 nos amis de ValRando.\" width=\"101\" height=\"57\" class=\"skip-lazy fg-image\" data-src-fg=\"https:\/\/alpavista.ch\/Alp11\/wp-content\/uploads\/cache\/Col_de_Cou_12_004\/1871902112.jpg\" src=\"data:image\/svg+xml,%3Csvg%20xmlns%3D%22http%3A%2F%2Fwww.w3.org%2F2000%2Fsvg%22%20width%3D%22101%22%20height%3D%2257%22%20viewBox%3D%220%200%20101%2057%22%3E%3C%2Fsvg%3E\" loading=\"eager\"><\/span><span class=\"fg-image-overlay\"><\/span><\/a><figcaption class=\"fg-caption\"><div class=\"fg-caption-inner\"><div class=\"fg-caption-desc\">Ce chemin de cr\u00eate a deux avantages : \r\n1. Rouler au sec.\r\n2. Eviter d'ab\u00eemer les petites fleurs ch\u00e8res \u00e0 nos amis de ValRando.<\/div><\/div><\/figcaption><\/figure><div class=\"fg-loader\"><\/div><\/div><div class=\"fg-item fg-type-image fg-idle\"><figure class=\"fg-item-inner\"><a href=\"https:\/\/alpavista.ch\/Alp11\/wp-content\/uploads\/Col_de_Cou_12_005.jpg\" data-caption-title=\"Enfin, rouler \u00e0 peu pr\u00e8s au sec.\" data-caption-desc=\"Enfin, rouler \u00e0 peu pr\u00e8s au sec.\" data-attachment-id=\"21669\" data-type=\"image\" class=\"fg-thumb\"><span class=\"fg-image-wrap\"><img decoding=\"async\" alt=\"Col_de_Cou_12_005\" title=\"Enfin, rouler \u00e0 peu pr\u00e8s au sec.\" width=\"101\" height=\"57\" class=\"skip-lazy fg-image\" data-src-fg=\"https:\/\/alpavista.ch\/Alp11\/wp-content\/uploads\/cache\/Col_de_Cou_12_005\/2038432595.jpg\" src=\"data:image\/svg+xml,%3Csvg%20xmlns%3D%22http%3A%2F%2Fwww.w3.org%2F2000%2Fsvg%22%20width%3D%22101%22%20height%3D%2257%22%20viewBox%3D%220%200%20101%2057%22%3E%3C%2Fsvg%3E\" loading=\"eager\"><\/span><span class=\"fg-image-overlay\"><\/span><\/a><figcaption class=\"fg-caption\"><div class=\"fg-caption-inner\"><div class=\"fg-caption-desc\">Enfin, rouler \u00e0 peu pr\u00e8s au sec.<\/div><\/div><\/figcaption><\/figure><div class=\"fg-loader\"><\/div><\/div><div class=\"fg-item fg-type-image fg-idle\"><figure class=\"fg-item-inner\"><a href=\"https:\/\/alpavista.ch\/Alp11\/wp-content\/uploads\/Col_de_Cou_12_006.jpg\" data-caption-title=\"Le petit pont de bois sur la R\u00e8che recouvert de ses c\u00e9l\u00e8bres tapis persans. Pour \u00e9viter d&#039;abimer nos petits crampons d\u00e9licats ? Pas s\u00fbr...\" data-caption-desc=\"Le petit pont de bois sur la R\u00e8che recouvert de ses c\u00e9l\u00e8bres tapis persans. Pour \u00e9viter d&#039;abimer nos petits crampons d\u00e9licats ? Pas s\u00fbr...\" data-attachment-id=\"21668\" data-type=\"image\" class=\"fg-thumb\"><span class=\"fg-image-wrap\"><img decoding=\"async\" alt=\"Col_de_Cou_12_006\" title=\"Le petit pont de bois sur la R\u00e8che recouvert de ses c\u00e9l\u00e8bres tapis persans. Pour \u00e9viter d&#039;abimer nos petits crampons d\u00e9licats ? Pas s\u00fbr...\" width=\"101\" height=\"57\" class=\"skip-lazy fg-image\" data-src-fg=\"https:\/\/alpavista.ch\/Alp11\/wp-content\/uploads\/cache\/Col_de_Cou_12_006\/3412748381.jpg\" src=\"data:image\/svg+xml,%3Csvg%20xmlns%3D%22http%3A%2F%2Fwww.w3.org%2F2000%2Fsvg%22%20width%3D%22101%22%20height%3D%2257%22%20viewBox%3D%220%200%20101%2057%22%3E%3C%2Fsvg%3E\" loading=\"eager\"><\/span><span class=\"fg-image-overlay\"><\/span><\/a><figcaption class=\"fg-caption\"><div class=\"fg-caption-inner\"><div class=\"fg-caption-desc\">Le petit pont de bois sur la R\u00e8che recouvert de ses c\u00e9l\u00e8bres tapis persans. Pour \u00e9viter d'abimer nos petits crampons d\u00e9licats ? Pas s\u00fbr...<\/div><\/div><\/figcaption><\/figure><div class=\"fg-loader\"><\/div><\/div><div class=\"fg-item fg-type-image fg-idle\"><figure class=\"fg-item-inner\"><a href=\"https:\/\/alpavista.ch\/Alp11\/wp-content\/uploads\/Col_de_Cou_12_007.jpg\" data-caption-title=\"Plus vraiment l&#039;\u00e9t\u00e9, pas encore l&#039;automne, mais d\u00e9j\u00e0 quelques indices des premiers frimas de septembre.\" data-caption-desc=\"Plus vraiment l&#039;\u00e9t\u00e9, pas encore l&#039;automne, mais d\u00e9j\u00e0 quelques indices des premiers frimas de septembre.\" data-attachment-id=\"21667\" data-type=\"image\" class=\"fg-thumb\"><span class=\"fg-image-wrap\"><img decoding=\"async\" alt=\"Col_de_Cou_12_007\" title=\"Plus vraiment l&#039;\u00e9t\u00e9, pas encore l&#039;automne, mais d\u00e9j\u00e0 quelques indices des premiers frimas de septembre.\" width=\"101\" height=\"57\" class=\"skip-lazy fg-image\" data-src-fg=\"https:\/\/alpavista.ch\/Alp11\/wp-content\/uploads\/cache\/Col_de_Cou_12_007\/2325745513.jpg\" src=\"data:image\/svg+xml,%3Csvg%20xmlns%3D%22http%3A%2F%2Fwww.w3.org%2F2000%2Fsvg%22%20width%3D%22101%22%20height%3D%2257%22%20viewBox%3D%220%200%20101%2057%22%3E%3C%2Fsvg%3E\" loading=\"eager\"><\/span><span class=\"fg-image-overlay\"><\/span><\/a><figcaption class=\"fg-caption\"><div class=\"fg-caption-inner\"><div class=\"fg-caption-desc\">Plus vraiment l'\u00e9t\u00e9, pas encore l'automne, mais d\u00e9j\u00e0 quelques indices des premiers frimas de septembre.<\/div><\/div><\/figcaption><\/figure><div class=\"fg-loader\"><\/div><\/div><div class=\"fg-item fg-type-image fg-idle\"><figure class=\"fg-item-inner\"><a href=\"https:\/\/alpavista.ch\/Alp11\/wp-content\/uploads\/Col_de_Cou_12_008.jpg\" data-caption-title=\"Le d\u00e9but de l&#039;ascension vers le col de Cou, principalement en portage, mais pas que.\" data-caption-desc=\"Le d\u00e9but de l&#039;ascension vers le col de Cou, principalement en portage, mais pas que.\" data-attachment-id=\"21666\" data-type=\"image\" class=\"fg-thumb\"><span class=\"fg-image-wrap\"><img decoding=\"async\" alt=\"Col_de_Cou_12_008\" title=\"Le d\u00e9but de l&#039;ascension vers le col de Cou, principalement en portage, mais pas que.\" width=\"101\" height=\"57\" class=\"skip-lazy fg-image\" data-src-fg=\"https:\/\/alpavista.ch\/Alp11\/wp-content\/uploads\/cache\/Col_de_Cou_12_008\/1877307688.jpg\" src=\"data:image\/svg+xml,%3Csvg%20xmlns%3D%22http%3A%2F%2Fwww.w3.org%2F2000%2Fsvg%22%20width%3D%22101%22%20height%3D%2257%22%20viewBox%3D%220%200%20101%2057%22%3E%3C%2Fsvg%3E\" loading=\"eager\"><\/span><span class=\"fg-image-overlay\"><\/span><\/a><figcaption class=\"fg-caption\"><div class=\"fg-caption-inner\"><div class=\"fg-caption-desc\">Le d\u00e9but de l'ascension vers le col de Cou, principalement en portage, mais pas que.<\/div><\/div><\/figcaption><\/figure><div class=\"fg-loader\"><\/div><\/div><div class=\"fg-item fg-type-image fg-idle\"><figure class=\"fg-item-inner\"><a href=\"https:\/\/alpavista.ch\/Alp11\/wp-content\/uploads\/Col_de_Cou_12_009.jpg\" data-caption-title=\"A chaque fois que notre chemin daigne r\u00e9duire un peu ses pourcentages, nous remontons en selle.\" data-caption-desc=\"A chaque fois que notre chemin daigne r\u00e9duire un peu ses pourcentages, nous remontons en selle.\" data-attachment-id=\"21665\" data-type=\"image\" class=\"fg-thumb\"><span class=\"fg-image-wrap\"><img decoding=\"async\" alt=\"Col_de_Cou_12_009\" title=\"A chaque fois que notre chemin daigne r\u00e9duire un peu ses pourcentages, nous remontons en selle.\" width=\"101\" height=\"57\" class=\"skip-lazy fg-image\" data-src-fg=\"https:\/\/alpavista.ch\/Alp11\/wp-content\/uploads\/cache\/Col_de_Cou_12_009\/3890267265.jpg\" src=\"data:image\/svg+xml,%3Csvg%20xmlns%3D%22http%3A%2F%2Fwww.w3.org%2F2000%2Fsvg%22%20width%3D%22101%22%20height%3D%2257%22%20viewBox%3D%220%200%20101%2057%22%3E%3C%2Fsvg%3E\" loading=\"eager\"><\/span><span class=\"fg-image-overlay\"><\/span><\/a><figcaption class=\"fg-caption\"><div class=\"fg-caption-inner\"><div class=\"fg-caption-desc\">A chaque fois que notre chemin daigne r\u00e9duire un peu ses pourcentages, nous remontons en selle.<\/div><\/div><\/figcaption><\/figure><div class=\"fg-loader\"><\/div><\/div><div class=\"fg-item fg-type-image fg-idle\"><figure class=\"fg-item-inner\"><a href=\"https:\/\/alpavista.ch\/Alp11\/wp-content\/uploads\/Col_de_Cou_12_010.jpg\" data-caption-title=\"Et quand le sentier crois enfin avoir gagner la partie...\" data-caption-desc=\"Et quand le sentier crois enfin avoir gagner la partie...\" data-attachment-id=\"21664\" data-type=\"image\" class=\"fg-thumb\"><span class=\"fg-image-wrap\"><img decoding=\"async\" alt=\"Col_de_Cou_12_010\" title=\"Et quand le sentier crois enfin avoir gagner la partie...\" width=\"101\" height=\"57\" class=\"skip-lazy fg-image\" data-src-fg=\"https:\/\/alpavista.ch\/Alp11\/wp-content\/uploads\/cache\/Col_de_Cou_12_010\/3551635204.jpg\" src=\"data:image\/svg+xml,%3Csvg%20xmlns%3D%22http%3A%2F%2Fwww.w3.org%2F2000%2Fsvg%22%20width%3D%22101%22%20height%3D%2257%22%20viewBox%3D%220%200%20101%2057%22%3E%3C%2Fsvg%3E\" loading=\"eager\"><\/span><span class=\"fg-image-overlay\"><\/span><\/a><figcaption class=\"fg-caption\"><div class=\"fg-caption-inner\"><div class=\"fg-caption-desc\">Et quand le sentier crois enfin avoir gagner la partie...<\/div><\/div><\/figcaption><\/figure><div class=\"fg-loader\"><\/div><\/div><div class=\"fg-item fg-type-image fg-idle\"><figure class=\"fg-item-inner\"><a href=\"https:\/\/alpavista.ch\/Alp11\/wp-content\/uploads\/Col_de_Cou_12_011.jpg\" data-caption-title=\"... nous renon\u00e7ons enfin \u00e0 y user nos semelles.\" data-caption-desc=\"... nous renon\u00e7ons enfin \u00e0 y user nos semelles.\" data-attachment-id=\"21663\" data-type=\"image\" class=\"fg-thumb\"><span class=\"fg-image-wrap\"><img decoding=\"async\" alt=\"Col_de_Cou_12_011\" title=\"... nous renon\u00e7ons enfin \u00e0 y user nos semelles.\" width=\"101\" height=\"57\" class=\"skip-lazy fg-image\" data-src-fg=\"https:\/\/alpavista.ch\/Alp11\/wp-content\/uploads\/cache\/Col_de_Cou_12_011\/2854330649.jpg\" src=\"data:image\/svg+xml,%3Csvg%20xmlns%3D%22http%3A%2F%2Fwww.w3.org%2F2000%2Fsvg%22%20width%3D%22101%22%20height%3D%2257%22%20viewBox%3D%220%200%20101%2057%22%3E%3C%2Fsvg%3E\" loading=\"eager\"><\/span><span class=\"fg-image-overlay\"><\/span><\/a><figcaption class=\"fg-caption\"><div class=\"fg-caption-inner\"><div class=\"fg-caption-desc\">... nous renon\u00e7ons enfin \u00e0 y user nos semelles.<\/div><\/div><\/figcaption><\/figure><div class=\"fg-loader\"><\/div><\/div><div class=\"fg-item fg-type-image fg-idle\"><figure class=\"fg-item-inner\"><a href=\"https:\/\/alpavista.ch\/Alp11\/wp-content\/uploads\/Col_de_Cou_12_012.jpg\" data-caption-title=\"Affin\u00e9e au fil de saisons, la variante semi-directe depuis l&#039;Ar du Tsan ...\" data-caption-desc=\"Affin\u00e9e au fil de saisons, la variante semi-directe depuis l&#039;Ar du Tsan ...\" data-attachment-id=\"21662\" data-type=\"image\" class=\"fg-thumb\"><span class=\"fg-image-wrap\"><img decoding=\"async\" alt=\"Col_de_Cou_12_012\" title=\"Affin\u00e9e au fil de saisons, la variante semi-directe depuis l&#039;Ar du Tsan ...\" width=\"101\" height=\"57\" class=\"skip-lazy fg-image\" data-src-fg=\"https:\/\/alpavista.ch\/Alp11\/wp-content\/uploads\/cache\/Col_de_Cou_12_012\/416008727.jpg\" src=\"data:image\/svg+xml,%3Csvg%20xmlns%3D%22http%3A%2F%2Fwww.w3.org%2F2000%2Fsvg%22%20width%3D%22101%22%20height%3D%2257%22%20viewBox%3D%220%200%20101%2057%22%3E%3C%2Fsvg%3E\" loading=\"eager\"><\/span><span class=\"fg-image-overlay\"><\/span><\/a><figcaption class=\"fg-caption\"><div class=\"fg-caption-inner\"><div class=\"fg-caption-desc\">Affin\u00e9e au fil de saisons, la variante semi-directe depuis l'Ar du Tsan ...<\/div><\/div><\/figcaption><\/figure><div class=\"fg-loader\"><\/div><\/div><div class=\"fg-item fg-type-image fg-idle\"><figure class=\"fg-item-inner\"><a href=\"https:\/\/alpavista.ch\/Alp11\/wp-content\/uploads\/Col_de_Cou_12_013.jpg\" data-caption-title=\"... est d\u00e9finitivement la mieux adapt\u00e9e pour le bike.\" data-caption-desc=\"... est d\u00e9finitivement la mieux adapt\u00e9e pour le bike.\" data-attachment-id=\"21661\" data-type=\"image\" class=\"fg-thumb\"><span class=\"fg-image-wrap\"><img decoding=\"async\" alt=\"Col_de_Cou_12_013\" title=\"... est d\u00e9finitivement la mieux adapt\u00e9e pour le bike.\" width=\"101\" height=\"57\" class=\"skip-lazy fg-image\" data-src-fg=\"https:\/\/alpavista.ch\/Alp11\/wp-content\/uploads\/cache\/Col_de_Cou_12_013\/2429452222.jpg\" src=\"data:image\/svg+xml,%3Csvg%20xmlns%3D%22http%3A%2F%2Fwww.w3.org%2F2000%2Fsvg%22%20width%3D%22101%22%20height%3D%2257%22%20viewBox%3D%220%200%20101%2057%22%3E%3C%2Fsvg%3E\" loading=\"eager\"><\/span><span class=\"fg-image-overlay\"><\/span><\/a><figcaption class=\"fg-caption\"><div class=\"fg-caption-inner\"><div class=\"fg-caption-desc\">... est d\u00e9finitivement la mieux adapt\u00e9e pour le bike.<\/div><\/div><\/figcaption><\/figure><div class=\"fg-loader\"><\/div><\/div><div class=\"fg-item fg-type-image fg-idle\"><figure class=\"fg-item-inner\"><a href=\"https:\/\/alpavista.ch\/Alp11\/wp-content\/uploads\/Col_de_Cou_12_014.jpg\" data-caption-title=\"Reste qu&#039;il faut localement savoir g\u00e9rer quelques rigoles plus profondes que les autres pour ne pas avoir \u00e0 y mettre le pied \u00e0 terre.\" data-caption-desc=\"Reste qu&#039;il faut localement savoir g\u00e9rer quelques rigoles plus profondes que les autres pour ne pas avoir \u00e0 y mettre le pied \u00e0 terre.\" data-attachment-id=\"21660\" data-type=\"image\" class=\"fg-thumb\"><span class=\"fg-image-wrap\"><img decoding=\"async\" alt=\"Col_de_Cou_12_014\" title=\"Reste qu&#039;il faut localement savoir g\u00e9rer quelques rigoles plus profondes que les autres pour ne pas avoir \u00e0 y mettre le pied \u00e0 terre.\" width=\"101\" height=\"57\" class=\"skip-lazy fg-image\" data-src-fg=\"https:\/\/alpavista.ch\/Alp11\/wp-content\/uploads\/cache\/Col_de_Cou_12_014\/2792233546.jpg\" src=\"data:image\/svg+xml,%3Csvg%20xmlns%3D%22http%3A%2F%2Fwww.w3.org%2F2000%2Fsvg%22%20width%3D%22101%22%20height%3D%2257%22%20viewBox%3D%220%200%20101%2057%22%3E%3C%2Fsvg%3E\" loading=\"eager\"><\/span><span class=\"fg-image-overlay\"><\/span><\/a><figcaption class=\"fg-caption\"><div class=\"fg-caption-inner\"><div class=\"fg-caption-desc\">Reste qu'il faut localement savoir g\u00e9rer quelques rigoles plus profondes que les autres pour ne pas avoir \u00e0 y mettre le pied \u00e0 terre.<\/div><\/div><\/figcaption><\/figure><div class=\"fg-loader\"><\/div><\/div><div class=\"fg-item fg-type-image fg-idle\"><figure class=\"fg-item-inner\"><a href=\"https:\/\/alpavista.ch\/Alp11\/wp-content\/uploads\/Col_de_Cou_12_015.jpg\" data-caption-title=\"Le c\u00e9l\u00e8bre chalet de la F\u00e2che, enti\u00e8rement r\u00e9nov\u00e9, mais heureusement, toujours aussi pittoresque.\" data-caption-desc=\"Le c\u00e9l\u00e8bre chalet de la F\u00e2che, enti\u00e8rement r\u00e9nov\u00e9, mais heureusement, toujours aussi pittoresque.\" data-attachment-id=\"21659\" data-type=\"image\" class=\"fg-thumb\"><span class=\"fg-image-wrap\"><img decoding=\"async\" alt=\"Col_de_Cou_12_015\" title=\"Le c\u00e9l\u00e8bre chalet de la F\u00e2che, enti\u00e8rement r\u00e9nov\u00e9, mais heureusement, toujours aussi pittoresque.\" width=\"101\" height=\"57\" class=\"skip-lazy fg-image\" data-src-fg=\"https:\/\/alpavista.ch\/Alp11\/wp-content\/uploads\/cache\/Col_de_Cou_12_015\/3590462890.jpg\" src=\"data:image\/svg+xml,%3Csvg%20xmlns%3D%22http%3A%2F%2Fwww.w3.org%2F2000%2Fsvg%22%20width%3D%22101%22%20height%3D%2257%22%20viewBox%3D%220%200%20101%2057%22%3E%3C%2Fsvg%3E\" loading=\"eager\"><\/span><span class=\"fg-image-overlay\"><\/span><\/a><figcaption class=\"fg-caption\"><div class=\"fg-caption-inner\"><div class=\"fg-caption-desc\">Le c\u00e9l\u00e8bre chalet de la F\u00e2che, enti\u00e8rement r\u00e9nov\u00e9, mais heureusement, toujours aussi pittoresque.<\/div><\/div><\/figcaption><\/figure><div class=\"fg-loader\"><\/div><\/div><div class=\"fg-item fg-type-image fg-idle\"><figure class=\"fg-item-inner\"><a href=\"https:\/\/alpavista.ch\/Alp11\/wp-content\/uploads\/Col_de_Cou_12_016.jpg\" data-caption-title=\"Le chemin final, le long des flancs du Mont-Gautier, avec le &quot;Cou&quot; en point de mire.\" data-caption-desc=\"Le chemin final, le long des flancs du Mont-Gautier, avec le &quot;Cou&quot; en point de mire.\" data-attachment-id=\"21658\" data-type=\"image\" class=\"fg-thumb\"><span class=\"fg-image-wrap\"><img decoding=\"async\" alt=\"Col_de_Cou_12_016\" title=\"Le chemin final, le long des flancs du Mont-Gautier, avec le &quot;Cou&quot; en point de mire.\" width=\"101\" height=\"57\" class=\"skip-lazy fg-image\" data-src-fg=\"https:\/\/alpavista.ch\/Alp11\/wp-content\/uploads\/cache\/Col_de_Cou_12_016\/1692956324.jpg\" src=\"data:image\/svg+xml,%3Csvg%20xmlns%3D%22http%3A%2F%2Fwww.w3.org%2F2000%2Fsvg%22%20width%3D%22101%22%20height%3D%2257%22%20viewBox%3D%220%200%20101%2057%22%3E%3C%2Fsvg%3E\" loading=\"eager\"><\/span><span class=\"fg-image-overlay\"><\/span><\/a><figcaption class=\"fg-caption\"><div class=\"fg-caption-inner\"><div class=\"fg-caption-desc\">Le chemin final, le long des flancs du Mont-Gautier, avec le \"Cou\" en point de mire.<\/div><\/div><\/figcaption><\/figure><div class=\"fg-loader\"><\/div><\/div><div class=\"fg-item fg-type-image fg-idle\"><figure class=\"fg-item-inner\"><a href=\"https:\/\/alpavista.ch\/Alp11\/wp-content\/uploads\/Col_de_Cou_12_017.jpg\" data-caption-title=\"Ici moins qu&#039;ailleurs il n&#039;est question de remettre pied \u00e0 terre.\" data-caption-desc=\"Ici moins qu&#039;ailleurs il n&#039;est question de remettre pied \u00e0 terre.\" data-attachment-id=\"21657\" data-type=\"image\" class=\"fg-thumb\"><span class=\"fg-image-wrap\"><img decoding=\"async\" alt=\"Col_de_Cou_12_017\" title=\"Ici moins qu&#039;ailleurs il n&#039;est question de remettre pied \u00e0 terre.\" width=\"101\" height=\"57\" class=\"skip-lazy fg-image\" data-src-fg=\"https:\/\/alpavista.ch\/Alp11\/wp-content\/uploads\/cache\/Col_de_Cou_12_017\/622989712.jpg\" src=\"data:image\/svg+xml,%3Csvg%20xmlns%3D%22http%3A%2F%2Fwww.w3.org%2F2000%2Fsvg%22%20width%3D%22101%22%20height%3D%2257%22%20viewBox%3D%220%200%20101%2057%22%3E%3C%2Fsvg%3E\" loading=\"eager\"><\/span><span class=\"fg-image-overlay\"><\/span><\/a><figcaption class=\"fg-caption\"><div class=\"fg-caption-inner\"><div class=\"fg-caption-desc\">Ici moins qu'ailleurs il n'est question de remettre pied \u00e0 terre.<\/div><\/div><\/figcaption><\/figure><div class=\"fg-loader\"><\/div><\/div><div class=\"fg-item fg-type-image fg-idle\"><figure class=\"fg-item-inner\"><a href=\"https:\/\/alpavista.ch\/Alp11\/wp-content\/uploads\/Col_de_Cou_12_018.jpg\" data-caption-title=\"D&#039;autant qu&#039;en mati\u00e8re de D+, on a d\u00e9sormais quasiment tout aval\u00e9.\" data-caption-desc=\"D&#039;autant qu&#039;en mati\u00e8re de D+, on a d\u00e9sormais quasiment tout aval\u00e9.\" data-attachment-id=\"21656\" data-type=\"image\" class=\"fg-thumb\"><span class=\"fg-image-wrap\"><img decoding=\"async\" alt=\"Col_de_Cou_12_018\" title=\"D&#039;autant qu&#039;en mati\u00e8re de D+, on a d\u00e9sormais quasiment tout aval\u00e9.\" width=\"101\" height=\"57\" class=\"skip-lazy fg-image\" data-src-fg=\"https:\/\/alpavista.ch\/Alp11\/wp-content\/uploads\/cache\/Col_de_Cou_12_018\/3228004305.jpg\" src=\"data:image\/svg+xml,%3Csvg%20xmlns%3D%22http%3A%2F%2Fwww.w3.org%2F2000%2Fsvg%22%20width%3D%22101%22%20height%3D%2257%22%20viewBox%3D%220%200%20101%2057%22%3E%3C%2Fsvg%3E\" loading=\"eager\"><\/span><span class=\"fg-image-overlay\"><\/span><\/a><figcaption class=\"fg-caption\"><div class=\"fg-caption-inner\"><div class=\"fg-caption-desc\">D'autant qu'en mati\u00e8re de D+, on a d\u00e9sormais quasiment tout aval\u00e9.<\/div><\/div><\/figcaption><\/figure><div class=\"fg-loader\"><\/div><\/div><div class=\"fg-item fg-type-image fg-idle\"><figure class=\"fg-item-inner\"><a href=\"https:\/\/alpavista.ch\/Alp11\/wp-content\/uploads\/Col_de_Cou_12_019.jpg\" data-caption-title=\"La derni\u00e8re descente en guise d&#039;\u00e9lan ...\" data-caption-desc=\"La derni\u00e8re descente en guise d&#039;\u00e9lan ...\" data-attachment-id=\"21655\" data-type=\"image\" class=\"fg-thumb\"><span class=\"fg-image-wrap\"><img decoding=\"async\" alt=\"Col_de_Cou_12_019\" title=\"La derni\u00e8re descente en guise d&#039;\u00e9lan ...\" width=\"101\" height=\"57\" class=\"skip-lazy fg-image\" data-src-fg=\"https:\/\/alpavista.ch\/Alp11\/wp-content\/uploads\/cache\/Col_de_Cou_12_019\/1214438008.jpg\" src=\"data:image\/svg+xml,%3Csvg%20xmlns%3D%22http%3A%2F%2Fwww.w3.org%2F2000%2Fsvg%22%20width%3D%22101%22%20height%3D%2257%22%20viewBox%3D%220%200%20101%2057%22%3E%3C%2Fsvg%3E\" loading=\"eager\"><\/span><span class=\"fg-image-overlay\"><\/span><\/a><figcaption class=\"fg-caption\"><div class=\"fg-caption-inner\"><div class=\"fg-caption-desc\">La derni\u00e8re descente en guise d'\u00e9lan ...<\/div><\/div><\/figcaption><\/figure><div class=\"fg-loader\"><\/div><\/div><div class=\"fg-item fg-type-image fg-idle\"><figure class=\"fg-item-inner\"><a href=\"https:\/\/alpavista.ch\/Alp11\/wp-content\/uploads\/Col_de_Cou_12_020.jpg\" data-caption-title=\"... pour aborder l&#039;ascension finale avec toute la d\u00e9termination n\u00e9cessaire afin satisfaire l&#039;exigeant public sommital.\" data-caption-desc=\"... pour aborder l&#039;ascension finale avec toute la d\u00e9termination n\u00e9cessaire afin satisfaire l&#039;exigeant public sommital.\" data-attachment-id=\"21654\" data-type=\"image\" class=\"fg-thumb\"><span class=\"fg-image-wrap\"><img decoding=\"async\" alt=\"Col_de_Cou_12_020\" title=\"... pour aborder l&#039;ascension finale avec toute la d\u00e9termination n\u00e9cessaire afin satisfaire l&#039;exigeant public sommital.\" width=\"101\" height=\"57\" class=\"skip-lazy fg-image\" data-src-fg=\"https:\/\/alpavista.ch\/Alp11\/wp-content\/uploads\/cache\/Col_de_Cou_12_020\/1388679547.jpg\" src=\"data:image\/svg+xml,%3Csvg%20xmlns%3D%22http%3A%2F%2Fwww.w3.org%2F2000%2Fsvg%22%20width%3D%22101%22%20height%3D%2257%22%20viewBox%3D%220%200%20101%2057%22%3E%3C%2Fsvg%3E\" loading=\"eager\"><\/span><span class=\"fg-image-overlay\"><\/span><\/a><figcaption class=\"fg-caption\"><div class=\"fg-caption-inner\"><div class=\"fg-caption-desc\">... pour aborder l'ascension finale avec toute la d\u00e9termination n\u00e9cessaire afin satisfaire l'exigeant public sommital.<\/div><\/div><\/figcaption><\/figure><div class=\"fg-loader\"><\/div><\/div><div class=\"fg-item fg-type-image fg-idle\"><figure class=\"fg-item-inner\"><a href=\"https:\/\/alpavista.ch\/Alp11\/wp-content\/uploads\/Col_de_Cou_12_021.jpg\" data-caption-title=\"Jeu de &quot;\u00e0 toi\/\u00e0 moi&quot; avec le petit groupe de teutons ayant attaqu\u00e9 la descente juste devant nous.\" data-caption-desc=\"Jeu de &quot;\u00e0 toi\/\u00e0 moi&quot; avec le petit groupe de teutons ayant attaqu\u00e9 la descente juste devant nous.\" data-attachment-id=\"21653\" data-type=\"image\" class=\"fg-thumb\"><span class=\"fg-image-wrap\"><img decoding=\"async\" alt=\"Col_de_Cou_12_021\" title=\"Jeu de &quot;\u00e0 toi\/\u00e0 moi&quot; avec le petit groupe de teutons ayant attaqu\u00e9 la descente juste devant nous.\" width=\"101\" height=\"57\" class=\"skip-lazy fg-image\" data-src-fg=\"https:\/\/alpavista.ch\/Alp11\/wp-content\/uploads\/cache\/Col_de_Cou_12_021\/727029606.jpg\" src=\"data:image\/svg+xml,%3Csvg%20xmlns%3D%22http%3A%2F%2Fwww.w3.org%2F2000%2Fsvg%22%20width%3D%22101%22%20height%3D%2257%22%20viewBox%3D%220%200%20101%2057%22%3E%3C%2Fsvg%3E\" loading=\"eager\"><\/span><span class=\"fg-image-overlay\"><\/span><\/a><figcaption class=\"fg-caption\"><div class=\"fg-caption-inner\"><div class=\"fg-caption-desc\">Jeu de \"\u00e0 toi\/\u00e0 moi\" avec le petit groupe de teutons ayant attaqu\u00e9 la descente juste devant nous.<\/div><\/div><\/figcaption><\/figure><div class=\"fg-loader\"><\/div><\/div><div class=\"fg-item fg-type-image fg-idle\"><figure class=\"fg-item-inner\"><a href=\"https:\/\/alpavista.ch\/Alp11\/wp-content\/uploads\/Col_de_Cou_12_022.jpg\" data-caption-title=\"Finalement, comme le single de la T\u00eate des Planards reste un must...\" data-caption-desc=\"Finalement, comme le single de la T\u00eate des Planards reste un must...\" data-attachment-id=\"21652\" data-type=\"image\" class=\"fg-thumb\"><span class=\"fg-image-wrap\"><img decoding=\"async\" alt=\"Col_de_Cou_12_022\" title=\"Finalement, comme le single de la T\u00eate des Planards reste un must...\" width=\"101\" height=\"57\" class=\"skip-lazy fg-image\" data-src-fg=\"https:\/\/alpavista.ch\/Alp11\/wp-content\/uploads\/cache\/Col_de_Cou_12_022\/2579496040.jpg\" src=\"data:image\/svg+xml,%3Csvg%20xmlns%3D%22http%3A%2F%2Fwww.w3.org%2F2000%2Fsvg%22%20width%3D%22101%22%20height%3D%2257%22%20viewBox%3D%220%200%20101%2057%22%3E%3C%2Fsvg%3E\" loading=\"eager\"><\/span><span class=\"fg-image-overlay\"><\/span><\/a><figcaption class=\"fg-caption\"><div class=\"fg-caption-inner\"><div class=\"fg-caption-desc\">Finalement, comme le single de la T\u00eate des Planards reste un must...<\/div><\/div><\/figcaption><\/figure><div class=\"fg-loader\"><\/div><\/div><div class=\"fg-item fg-type-image fg-idle\"><figure class=\"fg-item-inner\"><a href=\"https:\/\/alpavista.ch\/Alp11\/wp-content\/uploads\/Col_de_Cou_12_023.jpg\" data-caption-title=\"... \u00e0 d\u00e9guster dans la s\u00e9r\u00e9nit\u00e9...\" data-caption-desc=\"... \u00e0 d\u00e9guster dans la s\u00e9r\u00e9nit\u00e9...\" data-attachment-id=\"21651\" data-type=\"image\" class=\"fg-thumb\"><span class=\"fg-image-wrap\"><img decoding=\"async\" alt=\"Col_de_Cou_12_023\" title=\"... \u00e0 d\u00e9guster dans la s\u00e9r\u00e9nit\u00e9...\" width=\"101\" height=\"57\" class=\"skip-lazy fg-image\" data-src-fg=\"https:\/\/alpavista.ch\/Alp11\/wp-content\/uploads\/cache\/Col_de_Cou_12_023\/297421249.jpg\" src=\"data:image\/svg+xml,%3Csvg%20xmlns%3D%22http%3A%2F%2Fwww.w3.org%2F2000%2Fsvg%22%20width%3D%22101%22%20height%3D%2257%22%20viewBox%3D%220%200%20101%2057%22%3E%3C%2Fsvg%3E\" loading=\"eager\"><\/span><span class=\"fg-image-overlay\"><\/span><\/a><figcaption class=\"fg-caption\"><div class=\"fg-caption-inner\"><div class=\"fg-caption-desc\">... \u00e0 d\u00e9guster dans la s\u00e9r\u00e9nit\u00e9...<\/div><\/div><\/figcaption><\/figure><div class=\"fg-loader\"><\/div><\/div><div class=\"fg-item fg-type-image fg-idle\"><figure class=\"fg-item-inner\"><a href=\"https:\/\/alpavista.ch\/Alp11\/wp-content\/uploads\/Col_de_Cou_12_024.jpg\" data-caption-title=\"... nous les laissons (provisoirement) ouvrir la voie.\" data-caption-desc=\"... nous les laissons (provisoirement) ouvrir la voie.\" data-attachment-id=\"21650\" data-type=\"image\" class=\"fg-thumb\"><span class=\"fg-image-wrap\"><img decoding=\"async\" alt=\"Col_de_Cou_12_024\" title=\"... nous les laissons (provisoirement) ouvrir la voie.\" width=\"101\" height=\"57\" class=\"skip-lazy fg-image\" data-src-fg=\"https:\/\/alpavista.ch\/Alp11\/wp-content\/uploads\/cache\/Col_de_Cou_12_024\/656026677.jpg\" src=\"data:image\/svg+xml,%3Csvg%20xmlns%3D%22http%3A%2F%2Fwww.w3.org%2F2000%2Fsvg%22%20width%3D%22101%22%20height%3D%2257%22%20viewBox%3D%220%200%20101%2057%22%3E%3C%2Fsvg%3E\" loading=\"eager\"><\/span><span class=\"fg-image-overlay\"><\/span><\/a><figcaption class=\"fg-caption\"><div class=\"fg-caption-inner\"><div class=\"fg-caption-desc\">... nous les laissons (provisoirement) ouvrir la voie.<\/div><\/div><\/figcaption><\/figure><div class=\"fg-loader\"><\/div><\/div><div class=\"fg-item fg-type-image fg-idle\"><figure class=\"fg-item-inner\"><a href=\"https:\/\/alpavista.ch\/Alp11\/wp-content\/uploads\/Col_de_Cou_12_025.jpg\" data-caption-title=\"Jusqu&#039;\u00e0 notre arriv\u00e9e en for\u00eat qui co\u00efncide avec le retour ...\" data-caption-desc=\"Jusqu&#039;\u00e0 notre arriv\u00e9e en for\u00eat qui co\u00efncide avec le retour ...\" data-attachment-id=\"21649\" data-type=\"image\" class=\"fg-thumb\"><span class=\"fg-image-wrap\"><img decoding=\"async\" alt=\"Col_de_Cou_12_025\" title=\"Jusqu&#039;\u00e0 notre arriv\u00e9e en for\u00eat qui co\u00efncide avec le retour ...\" width=\"101\" height=\"57\" class=\"skip-lazy fg-image\" data-src-fg=\"https:\/\/alpavista.ch\/Alp11\/wp-content\/uploads\/cache\/Col_de_Cou_12_025\/822663878.jpg\" src=\"data:image\/svg+xml,%3Csvg%20xmlns%3D%22http%3A%2F%2Fwww.w3.org%2F2000%2Fsvg%22%20width%3D%22101%22%20height%3D%2257%22%20viewBox%3D%220%200%20101%2057%22%3E%3C%2Fsvg%3E\" loading=\"eager\"><\/span><span class=\"fg-image-overlay\"><\/span><\/a><figcaption class=\"fg-caption\"><div class=\"fg-caption-inner\"><div class=\"fg-caption-desc\">Jusqu'\u00e0 notre arriv\u00e9e en for\u00eat qui co\u00efncide avec le retour ...<\/div><\/div><\/figcaption><\/figure><div class=\"fg-loader\"><\/div><\/div><div class=\"fg-item fg-type-image fg-idle\"><figure class=\"fg-item-inner\"><a href=\"https:\/\/alpavista.ch\/Alp11\/wp-content\/uploads\/Col_de_Cou_12_026.jpg\" data-caption-title=\"... des chemins ravag\u00e9s par les (trop) nombreux passages de gros v\u00e9los. \r\nMerci, qui ? Merci Bike &amp;amp; Ride Magazines.\" data-caption-desc=\"... des chemins ravag\u00e9s par les (trop) nombreux passages de gros v\u00e9los. \r\nMerci, qui ? Merci Bike &amp;amp; Ride Magazines.\" data-attachment-id=\"21648\" data-type=\"image\" class=\"fg-thumb\"><span class=\"fg-image-wrap\"><img decoding=\"async\" alt=\"Col_de_Cou_12_026\" title=\"... des chemins ravag\u00e9s par les (trop) nombreux passages de gros v\u00e9los. \r\nMerci, qui ? Merci Bike &amp; Ride Magazines.\" width=\"101\" height=\"57\" class=\"skip-lazy fg-image\" data-src-fg=\"https:\/\/alpavista.ch\/Alp11\/wp-content\/uploads\/cache\/Col_de_Cou_12_026\/2212671944.jpg\" src=\"data:image\/svg+xml,%3Csvg%20xmlns%3D%22http%3A%2F%2Fwww.w3.org%2F2000%2Fsvg%22%20width%3D%22101%22%20height%3D%2257%22%20viewBox%3D%220%200%20101%2057%22%3E%3C%2Fsvg%3E\" loading=\"eager\"><\/span><span class=\"fg-image-overlay\"><\/span><\/a><figcaption class=\"fg-caption\"><div class=\"fg-caption-inner\"><div class=\"fg-caption-desc\">... des chemins ravag\u00e9s par les (trop) nombreux passages de gros v\u00e9los. \r\nMerci, qui ? Merci Bike &amp; Ride Magazines.<\/div><\/div><\/figcaption><\/figure><div class=\"fg-loader\"><\/div><\/div><div class=\"fg-item fg-type-image fg-idle\"><figure class=\"fg-item-inner\"><a href=\"https:\/\/alpavista.ch\/Alp11\/wp-content\/uploads\/Col_de_Cou_12_027.jpg\" data-caption-title=\"La Nax-Pramagnon Express : pas pire que d&#039;hab...\" data-caption-desc=\"La Nax-Pramagnon Express : pas pire que d&#039;hab...\" data-attachment-id=\"21647\" data-type=\"image\" class=\"fg-thumb\"><span class=\"fg-image-wrap\"><img decoding=\"async\" alt=\"Col_de_Cou_12_027\" title=\"La Nax-Pramagnon Express : pas pire que d&#039;hab...\" width=\"101\" height=\"57\" class=\"skip-lazy fg-image\" data-src-fg=\"https:\/\/alpavista.ch\/Alp11\/wp-content\/uploads\/cache\/Col_de_Cou_12_027\/3257456380.jpg\" src=\"data:image\/svg+xml,%3Csvg%20xmlns%3D%22http%3A%2F%2Fwww.w3.org%2F2000%2Fsvg%22%20width%3D%22101%22%20height%3D%2257%22%20viewBox%3D%220%200%20101%2057%22%3E%3C%2Fsvg%3E\" loading=\"eager\"><\/span><span class=\"fg-image-overlay\"><\/span><\/a><figcaption class=\"fg-caption\"><div class=\"fg-caption-inner\"><div class=\"fg-caption-desc\">La Nax-Pramagnon Express : pas pire que d'hab...<\/div><\/div><\/figcaption><\/figure><div class=\"fg-loader\"><\/div><\/div><div class=\"fg-item fg-type-image fg-idle\"><figure class=\"fg-item-inner\"><a href=\"https:\/\/alpavista.ch\/Alp11\/wp-content\/uploads\/Col_de_Cou_12_028.jpg\" data-caption-title=\"... mais (\u00e9videmment) pas am\u00e9lior\u00e9e par sa forte fr\u00e9quentation, non plus.\" data-caption-desc=\"... mais (\u00e9videmment) pas am\u00e9lior\u00e9e par sa forte fr\u00e9quentation, non plus.\" data-attachment-id=\"21646\" data-type=\"image\" class=\"fg-thumb\"><span class=\"fg-image-wrap\"><img decoding=\"async\" alt=\"Col_de_Cou_12_028\" title=\"... mais (\u00e9videmment) pas am\u00e9lior\u00e9e par sa forte fr\u00e9quentation, non plus.\" width=\"101\" height=\"57\" class=\"skip-lazy fg-image\" data-src-fg=\"https:\/\/alpavista.ch\/Alp11\/wp-content\/uploads\/cache\/Col_de_Cou_12_028\/661498045.jpg\" src=\"data:image\/svg+xml,%3Csvg%20xmlns%3D%22http%3A%2F%2Fwww.w3.org%2F2000%2Fsvg%22%20width%3D%22101%22%20height%3D%2257%22%20viewBox%3D%220%200%20101%2057%22%3E%3C%2Fsvg%3E\" loading=\"eager\"><\/span><span class=\"fg-image-overlay\"><\/span><\/a><figcaption class=\"fg-caption\"><div class=\"fg-caption-inner\"><div class=\"fg-caption-desc\">... mais (\u00e9videmment) pas am\u00e9lior\u00e9e par sa forte fr\u00e9quentation, non plus.<\/div><\/div><\/figcaption><\/figure><div class=\"fg-loader\"><\/div><\/div><\/div>\n\n<input class=\"fooboxshare_post_id\" type=\"hidden\" value=\"4719\"\/>","protected":false},"excerpt":{"rendered":"<p>M\u00eame s\u2019il est un peu devenu un \u00ab toboggan \u00e0 allemands \u00bb, depuis sa nomination au panth\u00e9on des plus belles descentes des Alpes, par les grands magazines VTT germanophones, notre \u00ab Brazilian \u00bb ne m\u00e9rite quand m\u00eame pas qu\u2019on le boycotte deux ann\u00e9es cons\u00e9cutives. Fin de saison et fermeture de la t\u00e9l\u00e9cabine du Cr\u00eat-du-Midi (pour cause de remplacement) devant en outre contribuer \u00e0 limiter la fr\u00e9quentation \u00ab teutonne \u00bb sur cet itin\u00e9raire, nous avons finalement choisi de le r\u00e9inscrire sur [&hellip;]<\/p>\n","protected":false},"author":2,"featured_media":6317,"comment_status":"open","ping_status":"open","sticky":false,"template":"","format":"standard","meta":{"footnotes":""},"categories":[658,4],"tags":[1356,1061,1215,1070,1068,1069,1196,1090],"class_list":["post-4719","post","type-post","status-publish","format-standard","has-post-thumbnail","hentry","category-outdoor","category-vtt","tag-ar-du-tsan","tag-chalais","tag-col-de-cou","tag-nax","tag-pramagnon","tag-rechy","tag-sigeroula","tag-vercorin"],"_links":{"self":[{"href":"https:\/\/alpavista.ch\/Alp11\/wp-json\/wp\/v2\/posts\/4719","targetHints":{"allow":["GET"]}}],"collection":[{"href":"https:\/\/alpavista.ch\/Alp11\/wp-json\/wp\/v2\/posts"}],"about":[{"href":"https:\/\/alpavista.ch\/Alp11\/wp-json\/wp\/v2\/types\/post"}],"author":[{"embeddable":true,"href":"https:\/\/alpavista.ch\/Alp11\/wp-json\/wp\/v2\/users\/2"}],"replies":[{"embeddable":true,"href":"https:\/\/alpavista.ch\/Alp11\/wp-json\/wp\/v2\/comments?post=4719"}],"version-history":[{"count":0,"href":"https:\/\/alpavista.ch\/Alp11\/wp-json\/wp\/v2\/posts\/4719\/revisions"}],"wp:featuredmedia":[{"embeddable":true,"href":"https:\/\/alpavista.ch\/Alp11\/wp-json\/wp\/v2\/media\/6317"}],"wp:attachment":[{"href":"https:\/\/alpavista.ch\/Alp11\/wp-json\/wp\/v2\/media?parent=4719"}],"wp:term":[{"taxonomy":"category","embeddable":true,"href":"https:\/\/alpavista.ch\/Alp11\/wp-json\/wp\/v2\/categories?post=4719"},{"taxonomy":"post_tag","embeddable":true,"href":"https:\/\/alpavista.ch\/Alp11\/wp-json\/wp\/v2\/tags?post=4719"}],"curies":[{"name":"wp","href":"https:\/\/api.w.org\/{rel}","templated":true}]}}