{"id":4733,"date":"2012-10-26T17:45:29","date_gmt":"2012-10-26T16:45:29","guid":{"rendered":"http:\/\/www.alpavista.ch\/Alp11\/?p=4733"},"modified":"2022-12-09T17:41:10","modified_gmt":"2022-12-09T16:41:10","slug":"loetschental-2012-2","status":"publish","type":"post","link":"https:\/\/alpavista.ch\/Alp11\/2012\/10\/26\/loetschental-2012-2\/","title":{"rendered":"Loetschental 2012"},"content":{"rendered":"<p>The Sunny Side Of The Life, c\u2019est un peu de temps libre pour pouvoir profiter des derni\u00e8res heures d\u2019un \u00e9t\u00e9 indien bien trop bref, en selle, quelque part sur des chemins escarp\u00e9s et panoramiques.<\/p>\n<p>The Sunny Side Of The \u00ab Tal \u00bb, c\u2019est un chapelet d\u2019alpages, Restialp, Kummenalp, Hockenalp, Lauchernalp, Tellinalp, Fafleralp, Gugginalp, accroch\u00e9s au versant adret d\u2019une vall\u00e9e mythique et reli\u00e9s entre par un \u00ab wanderweg \u00bb divinement \u00ab bikable \u00bb. (prononcer ba\u00efkebel )<br \/>\n<!--more--><br \/>\nWhen The Life Meet The Tal, \u00e7a donne une inesp\u00e9r\u00e9e sortie VTT suppl\u00e9mentaire au pays des Roitsch\u00e4gg\u00e4tt\u00e4, juste avant le retour annonc\u00e9 d\u2019un hiver pile \u00e0 l\u2019heure.(n\u2019oubliez pas de retarder votre r\u00e9veil d\u2019une heure, dimanche matin, en regardant tomber la neige)<\/p>\n<style type=\"text\/css\">\n#foogallery-gallery-21789 .fg-image { width: 101px; }\n#foogallery-gallery-21789 { --fg-gutter: 1px; }<\/style>\n\t\t\t<div class=\"foogallery foogallery-container foogallery-default foogallery-lightbox-none fg-left fg-default fg-ready fg-light fg-loading-default fg-loaded-fade-in fg-preset fg-selena fg-preset-small fg-preset fg-selena fg-preset-small\" id=\"foogallery-gallery-21789\" data-foogallery=\"{&quot;item&quot;:{&quot;showCaptionTitle&quot;:false,&quot;showCaptionDescription&quot;:true},&quot;lazy&quot;:true,&quot;state&quot;:{&quot;enabled&quot;:true,&quot;mask&quot;:&quot;foogallery-{id}&quot;}}\" style=\"--fg-title-line-clamp: 0; --fg-description-line-clamp: 0;\" >\n\t<div class=\"fg-item fg-type-image fg-idle\"><figure class=\"fg-item-inner\"><a href=\"https:\/\/alpavista.ch\/Alp11\/wp-content\/uploads\/Loetschental_12_001.jpg\" data-caption-title=\"Un agent de la circulation d\u00e9guis\u00e9 en m\u00e9l\u00e8ze...\" data-caption-desc=\"Un agent de la circulation d\u00e9guis\u00e9 en m\u00e9l\u00e8ze...\" data-attachment-id=\"21831\" data-type=\"image\" class=\"fg-thumb\"><span class=\"fg-image-wrap\"><img decoding=\"async\" alt=\"Loetschental_12_001\" title=\"Un agent de la circulation d\u00e9guis\u00e9 en m\u00e9l\u00e8ze...\" width=\"101\" height=\"57\" class=\"skip-lazy fg-image\" data-src-fg=\"https:\/\/alpavista.ch\/Alp11\/wp-content\/uploads\/cache\/Loetschental_12_001\/455025677.jpg\" src=\"data:image\/svg+xml,%3Csvg%20xmlns%3D%22http%3A%2F%2Fwww.w3.org%2F2000%2Fsvg%22%20width%3D%22101%22%20height%3D%2257%22%20viewBox%3D%220%200%20101%2057%22%3E%3C%2Fsvg%3E\" loading=\"eager\"><\/span><span class=\"fg-image-overlay\"><\/span><\/a><figcaption class=\"fg-caption\"><div class=\"fg-caption-inner\"><div class=\"fg-caption-desc\">Un agent de la circulation d\u00e9guis\u00e9 en m\u00e9l\u00e8ze...<\/div><\/div><\/figcaption><\/figure><div class=\"fg-loader\"><\/div><\/div><div class=\"fg-item fg-type-image fg-idle\"><figure class=\"fg-item-inner\"><a href=\"https:\/\/alpavista.ch\/Alp11\/wp-content\/uploads\/Loetschental_12_002.jpg\" data-caption-title=\"Une piste bord\u00e9es d&#039;ors et de lumi\u00e8res...\" data-caption-desc=\"Une piste bord\u00e9es d&#039;ors et de lumi\u00e8res...\" data-attachment-id=\"21830\" data-type=\"image\" class=\"fg-thumb\"><span class=\"fg-image-wrap\"><img decoding=\"async\" alt=\"Loetschental_12_002\" title=\"Une piste bord\u00e9es d&#039;ors et de lumi\u00e8res...\" width=\"101\" height=\"57\" class=\"skip-lazy fg-image\" data-src-fg=\"https:\/\/alpavista.ch\/Alp11\/wp-content\/uploads\/cache\/Loetschental_12_002\/977583961.jpg\" src=\"data:image\/svg+xml,%3Csvg%20xmlns%3D%22http%3A%2F%2Fwww.w3.org%2F2000%2Fsvg%22%20width%3D%22101%22%20height%3D%2257%22%20viewBox%3D%220%200%20101%2057%22%3E%3C%2Fsvg%3E\" loading=\"eager\"><\/span><span class=\"fg-image-overlay\"><\/span><\/a><figcaption class=\"fg-caption\"><div class=\"fg-caption-inner\"><div class=\"fg-caption-desc\">Une piste bord\u00e9es d'ors et de lumi\u00e8res...<\/div><\/div><\/figcaption><\/figure><div class=\"fg-loader\"><\/div><\/div><div class=\"fg-item fg-type-image fg-idle\"><figure class=\"fg-item-inner\"><a href=\"https:\/\/alpavista.ch\/Alp11\/wp-content\/uploads\/Loetschental_12_003.jpg\" data-caption-title=\"Des sommets peinant \u00e0 s&#039;extraire de leurs brumes collantes...\" data-caption-desc=\"Des sommets peinant \u00e0 s&#039;extraire de leurs brumes collantes...\" data-attachment-id=\"21829\" data-type=\"image\" class=\"fg-thumb\"><span class=\"fg-image-wrap\"><img decoding=\"async\" alt=\"Loetschental_12_003\" title=\"Des sommets peinant \u00e0 s&#039;extraire de leurs brumes collantes...\" width=\"101\" height=\"57\" class=\"skip-lazy fg-image\" data-src-fg=\"https:\/\/alpavista.ch\/Alp11\/wp-content\/uploads\/cache\/Loetschental_12_003\/1919100860.jpg\" src=\"data:image\/svg+xml,%3Csvg%20xmlns%3D%22http%3A%2F%2Fwww.w3.org%2F2000%2Fsvg%22%20width%3D%22101%22%20height%3D%2257%22%20viewBox%3D%220%200%20101%2057%22%3E%3C%2Fsvg%3E\" loading=\"eager\"><\/span><span class=\"fg-image-overlay\"><\/span><\/a><figcaption class=\"fg-caption\"><div class=\"fg-caption-inner\"><div class=\"fg-caption-desc\">Des sommets peinant \u00e0 s'extraire de leurs brumes collantes...<\/div><\/div><\/figcaption><\/figure><div class=\"fg-loader\"><\/div><\/div><div class=\"fg-item fg-type-image fg-idle\"><figure class=\"fg-item-inner\"><a href=\"https:\/\/alpavista.ch\/Alp11\/wp-content\/uploads\/Loetschental_12_004.jpg\" data-caption-title=\"Un arbre mort et une poign\u00e9e de chalets abandonn\u00e9s ...\" data-caption-desc=\"Un arbre mort et une poign\u00e9e de chalets abandonn\u00e9s ...\" data-attachment-id=\"21828\" data-type=\"image\" class=\"fg-thumb\"><span class=\"fg-image-wrap\"><img decoding=\"async\" alt=\"Loetschental_12_004\" title=\"Un arbre mort et une poign\u00e9e de chalets abandonn\u00e9s ...\" width=\"101\" height=\"57\" class=\"skip-lazy fg-image\" data-src-fg=\"https:\/\/alpavista.ch\/Alp11\/wp-content\/uploads\/cache\/Loetschental_12_004\/3614618130.jpg\" src=\"data:image\/svg+xml,%3Csvg%20xmlns%3D%22http%3A%2F%2Fwww.w3.org%2F2000%2Fsvg%22%20width%3D%22101%22%20height%3D%2257%22%20viewBox%3D%220%200%20101%2057%22%3E%3C%2Fsvg%3E\" loading=\"eager\"><\/span><span class=\"fg-image-overlay\"><\/span><\/a><figcaption class=\"fg-caption\"><div class=\"fg-caption-inner\"><div class=\"fg-caption-desc\">Un arbre mort et une poign\u00e9e de chalets abandonn\u00e9s ...<\/div><\/div><\/figcaption><\/figure><div class=\"fg-loader\"><\/div><\/div><div class=\"fg-item fg-type-image fg-idle\"><figure class=\"fg-item-inner\"><a href=\"https:\/\/alpavista.ch\/Alp11\/wp-content\/uploads\/Loetschental_12_005.jpg\" data-caption-title=\"Une pension de montagne d\u00e9saffect\u00e9e...\" data-caption-desc=\"Une pension de montagne d\u00e9saffect\u00e9e...\" data-attachment-id=\"21827\" data-type=\"image\" class=\"fg-thumb\"><span class=\"fg-image-wrap\"><img decoding=\"async\" alt=\"Loetschental_12_005\" title=\"Une pension de montagne d\u00e9saffect\u00e9e...\" width=\"101\" height=\"57\" class=\"skip-lazy fg-image\" data-src-fg=\"https:\/\/alpavista.ch\/Alp11\/wp-content\/uploads\/cache\/Loetschental_12_005\/2632359796.jpg\" src=\"data:image\/svg+xml,%3Csvg%20xmlns%3D%22http%3A%2F%2Fwww.w3.org%2F2000%2Fsvg%22%20width%3D%22101%22%20height%3D%2257%22%20viewBox%3D%220%200%20101%2057%22%3E%3C%2Fsvg%3E\" loading=\"eager\"><\/span><span class=\"fg-image-overlay\"><\/span><\/a><figcaption class=\"fg-caption\"><div class=\"fg-caption-inner\"><div class=\"fg-caption-desc\">Une pension de montagne d\u00e9saffect\u00e9e...<\/div><\/div><\/figcaption><\/figure><div class=\"fg-loader\"><\/div><\/div><div class=\"fg-item fg-type-image fg-idle\"><figure class=\"fg-item-inner\"><a href=\"https:\/\/alpavista.ch\/Alp11\/wp-content\/uploads\/Loetschental_12_006.jpg\" data-caption-title=\"Bienvenue dans le myst\u00e9rieux et envo\u00fbtant Loetschental !\" data-caption-desc=\"Bienvenue dans le myst\u00e9rieux et envo\u00fbtant Loetschental !\" data-attachment-id=\"21826\" data-type=\"image\" class=\"fg-thumb\"><span class=\"fg-image-wrap\"><img decoding=\"async\" alt=\"Loetschental_12_006\" title=\"Bienvenue dans le myst\u00e9rieux et envo\u00fbtant Loetschental !\" width=\"101\" height=\"57\" class=\"skip-lazy fg-image\" data-src-fg=\"https:\/\/alpavista.ch\/Alp11\/wp-content\/uploads\/cache\/Loetschental_12_006\/3183281184.jpg\" src=\"data:image\/svg+xml,%3Csvg%20xmlns%3D%22http%3A%2F%2Fwww.w3.org%2F2000%2Fsvg%22%20width%3D%22101%22%20height%3D%2257%22%20viewBox%3D%220%200%20101%2057%22%3E%3C%2Fsvg%3E\" loading=\"eager\"><\/span><span class=\"fg-image-overlay\"><\/span><\/a><figcaption class=\"fg-caption\"><div class=\"fg-caption-inner\"><div class=\"fg-caption-desc\">Bienvenue dans le myst\u00e9rieux et envo\u00fbtant Loetschental !<\/div><\/div><\/figcaption><\/figure><div class=\"fg-loader\"><\/div><\/div><div class=\"fg-item fg-type-image fg-idle\"><figure class=\"fg-item-inner\"><a href=\"https:\/\/alpavista.ch\/Alp11\/wp-content\/uploads\/Loetschental_12_007.jpg\" data-caption-title=\"Le premier chemin d&#039;un petit matin encore gris et frisquet...\" data-caption-desc=\"Le premier chemin d&#039;un petit matin encore gris et frisquet...\" data-attachment-id=\"21825\" data-type=\"image\" class=\"fg-thumb\"><span class=\"fg-image-wrap\"><img decoding=\"async\" alt=\"Loetschental_12_007\" title=\"Le premier chemin d&#039;un petit matin encore gris et frisquet...\" width=\"101\" height=\"57\" class=\"skip-lazy fg-image\" data-src-fg=\"https:\/\/alpavista.ch\/Alp11\/wp-content\/uploads\/cache\/Loetschental_12_007\/1511761702.jpg\" src=\"data:image\/svg+xml,%3Csvg%20xmlns%3D%22http%3A%2F%2Fwww.w3.org%2F2000%2Fsvg%22%20width%3D%22101%22%20height%3D%2257%22%20viewBox%3D%220%200%20101%2057%22%3E%3C%2Fsvg%3E\" loading=\"eager\"><\/span><span class=\"fg-image-overlay\"><\/span><\/a><figcaption class=\"fg-caption\"><div class=\"fg-caption-inner\"><div class=\"fg-caption-desc\">Le premier chemin d'un petit matin encore gris et frisquet...<\/div><\/div><\/figcaption><\/figure><div class=\"fg-loader\"><\/div><\/div><div class=\"fg-item fg-type-image fg-idle\"><figure class=\"fg-item-inner\"><a href=\"https:\/\/alpavista.ch\/Alp11\/wp-content\/uploads\/Loetschental_12_008.jpg\" data-caption-title=\"Quelques pav\u00e9s tra\u00eetres cern\u00e9s de myrtilliers ensanglant\u00e9s...\" data-caption-desc=\"Quelques pav\u00e9s tra\u00eetres cern\u00e9s de myrtilliers ensanglant\u00e9s...\" data-attachment-id=\"21824\" data-type=\"image\" class=\"fg-thumb\"><span class=\"fg-image-wrap\"><img decoding=\"async\" alt=\"Loetschental_12_008\" title=\"Quelques pav\u00e9s tra\u00eetres cern\u00e9s de myrtilliers ensanglant\u00e9s...\" width=\"101\" height=\"57\" class=\"skip-lazy fg-image\" data-src-fg=\"https:\/\/alpavista.ch\/Alp11\/wp-content\/uploads\/cache\/Loetschental_12_008\/753871165.jpg\" src=\"data:image\/svg+xml,%3Csvg%20xmlns%3D%22http%3A%2F%2Fwww.w3.org%2F2000%2Fsvg%22%20width%3D%22101%22%20height%3D%2257%22%20viewBox%3D%220%200%20101%2057%22%3E%3C%2Fsvg%3E\" loading=\"eager\"><\/span><span class=\"fg-image-overlay\"><\/span><\/a><figcaption class=\"fg-caption\"><div class=\"fg-caption-inner\"><div class=\"fg-caption-desc\">Quelques pav\u00e9s tra\u00eetres cern\u00e9s de myrtilliers ensanglant\u00e9s...<\/div><\/div><\/figcaption><\/figure><div class=\"fg-loader\"><\/div><\/div><div class=\"fg-item fg-type-image fg-idle\"><figure class=\"fg-item-inner\"><a href=\"https:\/\/alpavista.ch\/Alp11\/wp-content\/uploads\/Loetschental_12_009.jpg\" data-caption-title=\"Des montures mises \u00e0 mal par les ressauts d&#039;une sente magique mais rev\u00eache...\" data-caption-desc=\"Des montures mises \u00e0 mal par les ressauts d&#039;une sente magique mais rev\u00eache...\" data-attachment-id=\"21823\" data-type=\"image\" class=\"fg-thumb\"><span class=\"fg-image-wrap\"><img decoding=\"async\" alt=\"Loetschental_12_009\" title=\"Des montures mises \u00e0 mal par les ressauts d&#039;une sente magique mais rev\u00eache...\" width=\"101\" height=\"57\" class=\"skip-lazy fg-image\" data-src-fg=\"https:\/\/alpavista.ch\/Alp11\/wp-content\/uploads\/cache\/Loetschental_12_009\/428405284.jpg\" src=\"data:image\/svg+xml,%3Csvg%20xmlns%3D%22http%3A%2F%2Fwww.w3.org%2F2000%2Fsvg%22%20width%3D%22101%22%20height%3D%2257%22%20viewBox%3D%220%200%20101%2057%22%3E%3C%2Fsvg%3E\" loading=\"eager\"><\/span><span class=\"fg-image-overlay\"><\/span><\/a><figcaption class=\"fg-caption\"><div class=\"fg-caption-inner\"><div class=\"fg-caption-desc\">Des montures mises \u00e0 mal par les ressauts d'une sente magique mais rev\u00eache...<\/div><\/div><\/figcaption><\/figure><div class=\"fg-loader\"><\/div><\/div><div class=\"fg-item fg-type-image fg-idle\"><figure class=\"fg-item-inner\"><a href=\"https:\/\/alpavista.ch\/Alp11\/wp-content\/uploads\/Loetschental_12_010.jpg\" data-caption-title=\"De fiers chiers sans peurs ni reproches...\" data-caption-desc=\"De fiers chiers sans peurs ni reproches...\" data-attachment-id=\"21822\" data-type=\"image\" class=\"fg-thumb\"><span class=\"fg-image-wrap\"><img decoding=\"async\" alt=\"Loetschental_12_010\" title=\"De fiers chevaliers sans peurs ni reproches...\" width=\"101\" height=\"57\" class=\"skip-lazy fg-image\" data-src-fg=\"https:\/\/alpavista.ch\/Alp11\/wp-content\/uploads\/cache\/Loetschental_12_010\/3194511867.jpg\" src=\"data:image\/svg+xml,%3Csvg%20xmlns%3D%22http%3A%2F%2Fwww.w3.org%2F2000%2Fsvg%22%20width%3D%22101%22%20height%3D%2257%22%20viewBox%3D%220%200%20101%2057%22%3E%3C%2Fsvg%3E\" loading=\"eager\"><\/span><span class=\"fg-image-overlay\"><\/span><\/a><figcaption class=\"fg-caption\"><div class=\"fg-caption-inner\"><div class=\"fg-caption-desc\">De fiers chiers sans peurs ni reproches...<\/div><\/div><\/figcaption><\/figure><div class=\"fg-loader\"><\/div><\/div><div class=\"fg-item fg-type-image fg-idle\"><figure class=\"fg-item-inner\"><a href=\"https:\/\/alpavista.ch\/Alp11\/wp-content\/uploads\/Loetschental_12_011.jpg\" data-caption-title=\"Et une mission irr\u00e9cusable : rouler, rouler et rouler encore...\" data-caption-desc=\"Et une mission irr\u00e9cusable : rouler, rouler et rouler encore...\" data-attachment-id=\"21821\" data-type=\"image\" class=\"fg-thumb\"><span class=\"fg-image-wrap\"><img decoding=\"async\" alt=\"Loetschental_12_011\" title=\"Et une mission irr\u00e9cusable : rouler, rouler et rouler encore...\" width=\"101\" height=\"57\" class=\"skip-lazy fg-image\" data-src-fg=\"https:\/\/alpavista.ch\/Alp11\/wp-content\/uploads\/cache\/Loetschental_12_011\/1506722557.jpg\" src=\"data:image\/svg+xml,%3Csvg%20xmlns%3D%22http%3A%2F%2Fwww.w3.org%2F2000%2Fsvg%22%20width%3D%22101%22%20height%3D%2257%22%20viewBox%3D%220%200%20101%2057%22%3E%3C%2Fsvg%3E\" loading=\"eager\"><\/span><span class=\"fg-image-overlay\"><\/span><\/a><figcaption class=\"fg-caption\"><div class=\"fg-caption-inner\"><div class=\"fg-caption-desc\">Et une mission irr\u00e9cusable : rouler, rouler et rouler encore...<\/div><\/div><\/figcaption><\/figure><div class=\"fg-loader\"><\/div><\/div><div class=\"fg-item fg-type-image fg-idle\"><figure class=\"fg-item-inner\"><a href=\"https:\/\/alpavista.ch\/Alp11\/wp-content\/uploads\/Loetschental_12_012.jpg\" data-caption-title=\"... avant que l&#039;hiver ne reprenne possession de sa montagne.\" data-caption-desc=\"... avant que l&#039;hiver ne reprenne possession de sa montagne.\" data-attachment-id=\"21820\" data-type=\"image\" class=\"fg-thumb\"><span class=\"fg-image-wrap\"><img decoding=\"async\" alt=\"Loetschental_12_012\" title=\"... avant que l&#039;hiver ne reprenne possession de sa montagne.\" width=\"101\" height=\"57\" class=\"skip-lazy fg-image\" data-src-fg=\"https:\/\/alpavista.ch\/Alp11\/wp-content\/uploads\/cache\/Loetschental_12_012\/2023053737.jpg\" src=\"data:image\/svg+xml,%3Csvg%20xmlns%3D%22http%3A%2F%2Fwww.w3.org%2F2000%2Fsvg%22%20width%3D%22101%22%20height%3D%2257%22%20viewBox%3D%220%200%20101%2057%22%3E%3C%2Fsvg%3E\" loading=\"eager\"><\/span><span class=\"fg-image-overlay\"><\/span><\/a><figcaption class=\"fg-caption\"><div class=\"fg-caption-inner\"><div class=\"fg-caption-desc\">... avant que l'hiver ne reprenne possession de sa montagne.<\/div><\/div><\/figcaption><\/figure><div class=\"fg-loader\"><\/div><\/div><div class=\"fg-item fg-type-image fg-idle\"><figure class=\"fg-item-inner\"><a href=\"https:\/\/alpavista.ch\/Alp11\/wp-content\/uploads\/Loetschental_12_013.jpg\" data-caption-title=\"Des cr\u00e9atures innocentes et d&#039;autres moins...\" data-caption-desc=\"Des cr\u00e9atures innocentes et d&#039;autres moins...\" data-attachment-id=\"21819\" data-type=\"image\" class=\"fg-thumb\"><span class=\"fg-image-wrap\"><img decoding=\"async\" alt=\"Loetschental_12_013\" title=\"Des cr\u00e9atures innocentes et d&#039;autres moins...\" width=\"101\" height=\"57\" class=\"skip-lazy fg-image\" data-src-fg=\"https:\/\/alpavista.ch\/Alp11\/wp-content\/uploads\/cache\/Loetschental_12_013\/2615616554.jpg\" src=\"data:image\/svg+xml,%3Csvg%20xmlns%3D%22http%3A%2F%2Fwww.w3.org%2F2000%2Fsvg%22%20width%3D%22101%22%20height%3D%2257%22%20viewBox%3D%220%200%20101%2057%22%3E%3C%2Fsvg%3E\" loading=\"eager\"><\/span><span class=\"fg-image-overlay\"><\/span><\/a><figcaption class=\"fg-caption\"><div class=\"fg-caption-inner\"><div class=\"fg-caption-desc\">Des cr\u00e9atures innocentes et d'autres moins...<\/div><\/div><\/figcaption><\/figure><div class=\"fg-loader\"><\/div><\/div><div class=\"fg-item fg-type-image fg-idle\"><figure class=\"fg-item-inner\"><a href=\"https:\/\/alpavista.ch\/Alp11\/wp-content\/uploads\/Loetschental_12_014.jpg\" data-caption-title=\"Un myst\u00e9rieux oratoire de bois pos\u00e9 entre ciel et terre...\" data-caption-desc=\"Un myst\u00e9rieux oratoire de bois pos\u00e9 entre ciel et terre...\" data-attachment-id=\"21818\" data-type=\"image\" class=\"fg-thumb\"><span class=\"fg-image-wrap\"><img decoding=\"async\" alt=\"Loetschental_12_014\" title=\"Un myst\u00e9rieux oratoire de bois pos\u00e9 entre ciel et terre...\" width=\"101\" height=\"57\" class=\"skip-lazy fg-image\" data-src-fg=\"https:\/\/alpavista.ch\/Alp11\/wp-content\/uploads\/cache\/Loetschental_12_014\/1056354692.jpg\" src=\"data:image\/svg+xml,%3Csvg%20xmlns%3D%22http%3A%2F%2Fwww.w3.org%2F2000%2Fsvg%22%20width%3D%22101%22%20height%3D%2257%22%20viewBox%3D%220%200%20101%2057%22%3E%3C%2Fsvg%3E\" loading=\"eager\"><\/span><span class=\"fg-image-overlay\"><\/span><\/a><figcaption class=\"fg-caption\"><div class=\"fg-caption-inner\"><div class=\"fg-caption-desc\">Un myst\u00e9rieux oratoire de bois pos\u00e9 entre ciel et terre...<\/div><\/div><\/figcaption><\/figure><div class=\"fg-loader\"><\/div><\/div><div class=\"fg-item fg-type-image fg-idle\"><figure class=\"fg-item-inner\"><a href=\"https:\/\/alpavista.ch\/Alp11\/wp-content\/uploads\/Loetschental_12_015.jpg\" data-caption-title=\"Un chemin mutin et de plus en plus tortueux...\" data-caption-desc=\"Un chemin mutin et de plus en plus tortueux...\" data-attachment-id=\"21817\" data-type=\"image\" class=\"fg-thumb\"><span class=\"fg-image-wrap\"><img decoding=\"async\" alt=\"Loetschental_12_015\" title=\"Un chemin mutin et de plus en plus tortueux...\" width=\"101\" height=\"57\" class=\"skip-lazy fg-image\" data-src-fg=\"https:\/\/alpavista.ch\/Alp11\/wp-content\/uploads\/cache\/Loetschental_12_015\/1969396962.jpg\" src=\"data:image\/svg+xml,%3Csvg%20xmlns%3D%22http%3A%2F%2Fwww.w3.org%2F2000%2Fsvg%22%20width%3D%22101%22%20height%3D%2257%22%20viewBox%3D%220%200%20101%2057%22%3E%3C%2Fsvg%3E\" loading=\"eager\"><\/span><span class=\"fg-image-overlay\"><\/span><\/a><figcaption class=\"fg-caption\"><div class=\"fg-caption-inner\"><div class=\"fg-caption-desc\">Un chemin mutin et de plus en plus tortueux...<\/div><\/div><\/figcaption><\/figure><div class=\"fg-loader\"><\/div><\/div><div class=\"fg-item fg-type-image fg-idle\"><figure class=\"fg-item-inner\"><a href=\"https:\/\/alpavista.ch\/Alp11\/wp-content\/uploads\/Loetschental_12_016.jpg\" data-caption-title=\"Quelques vastes p\u00e2tures \u00e0 l&#039;herbe d\u00e9ss\u00e9ch\u00e9e...\" data-caption-desc=\"Quelques vastes p\u00e2tures \u00e0 l&#039;herbe d\u00e9ss\u00e9ch\u00e9e...\" data-attachment-id=\"21816\" data-type=\"image\" class=\"fg-thumb\"><span class=\"fg-image-wrap\"><img decoding=\"async\" alt=\"Loetschental_12_016\" title=\"Quelques vastes p\u00e2tures \u00e0 l&#039;herbe d\u00e9ss\u00e9ch\u00e9e...\" width=\"101\" height=\"57\" class=\"skip-lazy fg-image\" data-src-fg=\"https:\/\/alpavista.ch\/Alp11\/wp-content\/uploads\/cache\/Loetschental_12_016\/1413023670.jpg\" src=\"data:image\/svg+xml,%3Csvg%20xmlns%3D%22http%3A%2F%2Fwww.w3.org%2F2000%2Fsvg%22%20width%3D%22101%22%20height%3D%2257%22%20viewBox%3D%220%200%20101%2057%22%3E%3C%2Fsvg%3E\" loading=\"eager\"><\/span><span class=\"fg-image-overlay\"><\/span><\/a><figcaption class=\"fg-caption\"><div class=\"fg-caption-inner\"><div class=\"fg-caption-desc\">Quelques vastes p\u00e2tures \u00e0 l'herbe d\u00e9ss\u00e9ch\u00e9e...<\/div><\/div><\/figcaption><\/figure><div class=\"fg-loader\"><\/div><\/div><div class=\"fg-item fg-type-image fg-idle\"><figure class=\"fg-item-inner\"><a href=\"https:\/\/alpavista.ch\/Alp11\/wp-content\/uploads\/Loetschental_12_017.jpg\" data-caption-title=\"Un Tsch\u00e4gg\u00e4t\u00e4 solitaire qui profite des premiers rayons d&#039;un soleil soudain ressuscit\u00e9...\" data-caption-desc=\"Un Tsch\u00e4gg\u00e4t\u00e4 solitaire qui profite des premiers rayons d&#039;un soleil soudain ressuscit\u00e9...\" data-attachment-id=\"21815\" data-type=\"image\" class=\"fg-thumb\"><span class=\"fg-image-wrap\"><img decoding=\"async\" alt=\"Loetschental_12_017\" title=\"Un Tsch\u00e4gg\u00e4t\u00e4 solitaire qui profite des premiers rayons d&#039;un soleil soudain ressuscit\u00e9...\" width=\"101\" height=\"57\" class=\"skip-lazy fg-image\" data-src-fg=\"https:\/\/alpavista.ch\/Alp11\/wp-content\/uploads\/cache\/Loetschental_12_017\/3013584048.jpg\" src=\"data:image\/svg+xml,%3Csvg%20xmlns%3D%22http%3A%2F%2Fwww.w3.org%2F2000%2Fsvg%22%20width%3D%22101%22%20height%3D%2257%22%20viewBox%3D%220%200%20101%2057%22%3E%3C%2Fsvg%3E\" loading=\"eager\"><\/span><span class=\"fg-image-overlay\"><\/span><\/a><figcaption class=\"fg-caption\"><div class=\"fg-caption-inner\"><div class=\"fg-caption-desc\">Un Tsch\u00e4gg\u00e4t\u00e4 solitaire qui profite des premiers rayons d'un soleil soudain ressuscit\u00e9...<\/div><\/div><\/figcaption><\/figure><div class=\"fg-loader\"><\/div><\/div><div class=\"fg-item fg-type-image fg-idle\"><figure class=\"fg-item-inner\"><a href=\"https:\/\/alpavista.ch\/Alp11\/wp-content\/uploads\/Loetschental_12_018.jpg\" data-caption-title=\"D&#039;\u00e9tranges signes cabalistiques...\" data-caption-desc=\"D&#039;\u00e9tranges signes cabalistiques...\" data-attachment-id=\"21814\" data-type=\"image\" class=\"fg-thumb\"><span class=\"fg-image-wrap\"><img decoding=\"async\" alt=\"Loetschental_12_018\" title=\"D&#039;\u00e9tranges signes cabalistiques...\" width=\"101\" height=\"57\" class=\"skip-lazy fg-image\" data-src-fg=\"https:\/\/alpavista.ch\/Alp11\/wp-content\/uploads\/cache\/Loetschental_12_018\/3312134827.jpg\" src=\"data:image\/svg+xml,%3Csvg%20xmlns%3D%22http%3A%2F%2Fwww.w3.org%2F2000%2Fsvg%22%20width%3D%22101%22%20height%3D%2257%22%20viewBox%3D%220%200%20101%2057%22%3E%3C%2Fsvg%3E\" loading=\"eager\"><\/span><span class=\"fg-image-overlay\"><\/span><\/a><figcaption class=\"fg-caption\"><div class=\"fg-caption-inner\"><div class=\"fg-caption-desc\">D'\u00e9tranges signes cabalistiques...<\/div><\/div><\/figcaption><\/figure><div class=\"fg-loader\"><\/div><\/div><div class=\"fg-item fg-type-image fg-idle\"><figure class=\"fg-item-inner\"><a href=\"https:\/\/alpavista.ch\/Alp11\/wp-content\/uploads\/Loetschental_12_019.jpg\" data-caption-title=\"Rouler dans le &quot;Loetsch&quot; c&#039;est un peu comme entrer en religion.\" data-caption-desc=\"Rouler dans le &quot;Loetsch&quot; c&#039;est un peu comme entrer en religion.\" data-attachment-id=\"21813\" data-type=\"image\" class=\"fg-thumb\"><span class=\"fg-image-wrap\"><img decoding=\"async\" alt=\"Loetschental_12_019\" title=\"Rouler dans le &quot;Loetsch&quot; c&#039;est un peu comme entrer en religion.\" width=\"101\" height=\"57\" class=\"skip-lazy fg-image\" data-src-fg=\"https:\/\/alpavista.ch\/Alp11\/wp-content\/uploads\/cache\/Loetschental_12_019\/4027380146.jpg\" src=\"data:image\/svg+xml,%3Csvg%20xmlns%3D%22http%3A%2F%2Fwww.w3.org%2F2000%2Fsvg%22%20width%3D%22101%22%20height%3D%2257%22%20viewBox%3D%220%200%20101%2057%22%3E%3C%2Fsvg%3E\" loading=\"eager\"><\/span><span class=\"fg-image-overlay\"><\/span><\/a><figcaption class=\"fg-caption\"><div class=\"fg-caption-inner\"><div class=\"fg-caption-desc\">Rouler dans le \"Loetsch\" c'est un peu comme entrer en religion.<\/div><\/div><\/figcaption><\/figure><div class=\"fg-loader\"><\/div><\/div><div class=\"fg-item fg-type-image fg-idle\"><figure class=\"fg-item-inner\"><a href=\"https:\/\/alpavista.ch\/Alp11\/wp-content\/uploads\/Loetschental_12_020.jpg\" data-caption-title=\"Ses voies sont difficilement p\u00e9n\u00e9trables...\" data-caption-desc=\"Ses voies sont difficilement p\u00e9n\u00e9trables...\" data-attachment-id=\"21812\" data-type=\"image\" class=\"fg-thumb\"><span class=\"fg-image-wrap\"><img decoding=\"async\" alt=\"Loetschental_12_020\" title=\"Ses voies sont difficilement p\u00e9n\u00e9trables...\" width=\"101\" height=\"57\" class=\"skip-lazy fg-image\" data-src-fg=\"https:\/\/alpavista.ch\/Alp11\/wp-content\/uploads\/cache\/Loetschental_12_020\/2031766251.jpg\" src=\"data:image\/svg+xml,%3Csvg%20xmlns%3D%22http%3A%2F%2Fwww.w3.org%2F2000%2Fsvg%22%20width%3D%22101%22%20height%3D%2257%22%20viewBox%3D%220%200%20101%2057%22%3E%3C%2Fsvg%3E\" loading=\"eager\"><\/span><span class=\"fg-image-overlay\"><\/span><\/a><figcaption class=\"fg-caption\"><div class=\"fg-caption-inner\"><div class=\"fg-caption-desc\">Ses voies sont difficilement p\u00e9n\u00e9trables...<\/div><\/div><\/figcaption><\/figure><div class=\"fg-loader\"><\/div><\/div><div class=\"fg-item fg-type-image fg-idle\"><figure class=\"fg-item-inner\"><a href=\"https:\/\/alpavista.ch\/Alp11\/wp-content\/uploads\/Loetschental_12_021.jpg\" data-caption-title=\"Ses passerelles en service une ann\u00e9e sur deux...\" data-caption-desc=\"Ses passerelles en service une ann\u00e9e sur deux...\" data-attachment-id=\"21811\" data-type=\"image\" class=\"fg-thumb\"><span class=\"fg-image-wrap\"><img decoding=\"async\" alt=\"Loetschental_12_021\" title=\"Ses passerelles en service une ann\u00e9e sur deux...\" width=\"101\" height=\"57\" class=\"skip-lazy fg-image\" data-src-fg=\"https:\/\/alpavista.ch\/Alp11\/wp-content\/uploads\/cache\/Loetschental_12_021\/2663180781.jpg\" src=\"data:image\/svg+xml,%3Csvg%20xmlns%3D%22http%3A%2F%2Fwww.w3.org%2F2000%2Fsvg%22%20width%3D%22101%22%20height%3D%2257%22%20viewBox%3D%220%200%20101%2057%22%3E%3C%2Fsvg%3E\" loading=\"eager\"><\/span><span class=\"fg-image-overlay\"><\/span><\/a><figcaption class=\"fg-caption\"><div class=\"fg-caption-inner\"><div class=\"fg-caption-desc\">Ses passerelles en service une ann\u00e9e sur deux...<\/div><\/div><\/figcaption><\/figure><div class=\"fg-loader\"><\/div><\/div><div class=\"fg-item fg-type-image fg-idle\"><figure class=\"fg-item-inner\"><a href=\"https:\/\/alpavista.ch\/Alp11\/wp-content\/uploads\/Loetschental_12_022.jpg\" data-caption-title=\"Ses combes aussi profondes que nombreuses...\" data-caption-desc=\"Ses combes aussi profondes que nombreuses...\" data-attachment-id=\"21810\" data-type=\"image\" class=\"fg-thumb\"><span class=\"fg-image-wrap\"><img decoding=\"async\" alt=\"Loetschental_12_022\" title=\"Ses combes aussi profondes que nombreuses...\" width=\"101\" height=\"57\" class=\"skip-lazy fg-image\" data-src-fg=\"https:\/\/alpavista.ch\/Alp11\/wp-content\/uploads\/cache\/Loetschental_12_022\/3219616441.jpg\" src=\"data:image\/svg+xml,%3Csvg%20xmlns%3D%22http%3A%2F%2Fwww.w3.org%2F2000%2Fsvg%22%20width%3D%22101%22%20height%3D%2257%22%20viewBox%3D%220%200%20101%2057%22%3E%3C%2Fsvg%3E\" loading=\"eager\"><\/span><span class=\"fg-image-overlay\"><\/span><\/a><figcaption class=\"fg-caption\"><div class=\"fg-caption-inner\"><div class=\"fg-caption-desc\">Ses combes aussi profondes que nombreuses...<\/div><\/div><\/figcaption><\/figure><div class=\"fg-loader\"><\/div><\/div><div class=\"fg-item fg-type-image fg-idle\"><figure class=\"fg-item-inner\"><a href=\"https:\/\/alpavista.ch\/Alp11\/wp-content\/uploads\/Loetschental_12_023.jpg\" data-caption-title=\"Ses chemins parfois furtifs...\" data-caption-desc=\"Ses chemins parfois furtifs...\" data-attachment-id=\"21809\" data-type=\"image\" class=\"fg-thumb\"><span class=\"fg-image-wrap\"><img decoding=\"async\" alt=\"Loetschental_12_023\" title=\"Ses chemins parfois furtifs...\" width=\"101\" height=\"57\" class=\"skip-lazy fg-image\" data-src-fg=\"https:\/\/alpavista.ch\/Alp11\/wp-content\/uploads\/cache\/Loetschental_12_023\/4156615260.jpg\" src=\"data:image\/svg+xml,%3Csvg%20xmlns%3D%22http%3A%2F%2Fwww.w3.org%2F2000%2Fsvg%22%20width%3D%22101%22%20height%3D%2257%22%20viewBox%3D%220%200%20101%2057%22%3E%3C%2Fsvg%3E\" loading=\"eager\"><\/span><span class=\"fg-image-overlay\"><\/span><\/a><figcaption class=\"fg-caption\"><div class=\"fg-caption-inner\"><div class=\"fg-caption-desc\">Ses chemins parfois furtifs...<\/div><\/div><\/figcaption><\/figure><div class=\"fg-loader\"><\/div><\/div><div class=\"fg-item fg-type-image fg-idle\"><figure class=\"fg-item-inner\"><a href=\"https:\/\/alpavista.ch\/Alp11\/wp-content\/uploads\/Loetschental_12_024.jpg\" data-caption-title=\"Ses pics aussi imposants que myst\u00e9rieux...\" data-caption-desc=\"Ses pics aussi imposants que myst\u00e9rieux...\" data-attachment-id=\"21808\" data-type=\"image\" class=\"fg-thumb\"><span class=\"fg-image-wrap\"><img decoding=\"async\" alt=\"Loetschental_12_024\" title=\"Ses pics aussi imposants que myst\u00e9rieux...\" width=\"101\" height=\"57\" class=\"skip-lazy fg-image\" data-src-fg=\"https:\/\/alpavista.ch\/Alp11\/wp-content\/uploads\/cache\/Loetschental_12_024\/1389461490.jpg\" src=\"data:image\/svg+xml,%3Csvg%20xmlns%3D%22http%3A%2F%2Fwww.w3.org%2F2000%2Fsvg%22%20width%3D%22101%22%20height%3D%2257%22%20viewBox%3D%220%200%20101%2057%22%3E%3C%2Fsvg%3E\" loading=\"eager\"><\/span><span class=\"fg-image-overlay\"><\/span><\/a><figcaption class=\"fg-caption\"><div class=\"fg-caption-inner\"><div class=\"fg-caption-desc\">Ses pics aussi imposants que myst\u00e9rieux...<\/div><\/div><\/figcaption><\/figure><div class=\"fg-loader\"><\/div><\/div><div class=\"fg-item fg-type-image fg-idle\"><figure class=\"fg-item-inner\"><a href=\"https:\/\/alpavista.ch\/Alp11\/wp-content\/uploads\/Loetschental_12_025.jpg\" data-caption-title=\"Mais son attrait est absolument irr\u00e9sistible...\" data-caption-desc=\"Mais son attrait est absolument irr\u00e9sistible...\" data-attachment-id=\"21807\" data-type=\"image\" class=\"fg-thumb\"><span class=\"fg-image-wrap\"><img decoding=\"async\" alt=\"Loetschental_12_025\" title=\"Mais son attrait est absolument irr\u00e9sistible...\" width=\"101\" height=\"57\" class=\"skip-lazy fg-image\" data-src-fg=\"https:\/\/alpavista.ch\/Alp11\/wp-content\/uploads\/cache\/Loetschental_12_025\/423973524.jpg\" src=\"data:image\/svg+xml,%3Csvg%20xmlns%3D%22http%3A%2F%2Fwww.w3.org%2F2000%2Fsvg%22%20width%3D%22101%22%20height%3D%2257%22%20viewBox%3D%220%200%20101%2057%22%3E%3C%2Fsvg%3E\" loading=\"eager\"><\/span><span class=\"fg-image-overlay\"><\/span><\/a><figcaption class=\"fg-caption\"><div class=\"fg-caption-inner\"><div class=\"fg-caption-desc\">Mais son attrait est absolument irr\u00e9sistible...<\/div><\/div><\/figcaption><\/figure><div class=\"fg-loader\"><\/div><\/div><div class=\"fg-item fg-type-image fg-idle\"><figure class=\"fg-item-inner\"><a href=\"https:\/\/alpavista.ch\/Alp11\/wp-content\/uploads\/Loetschental_12_026.jpg\" data-caption-title=\"... m\u00eame si sa notion de l&#039;ordre et du rangement peut parfois \u00eatre surprenante pour des Grecs comme vous et moi.\" data-caption-desc=\"... m\u00eame si sa notion de l&#039;ordre et du rangement peut parfois \u00eatre surprenante pour des Grecs comme vous et moi.\" data-attachment-id=\"21806\" data-type=\"image\" class=\"fg-thumb\"><span class=\"fg-image-wrap\"><img decoding=\"async\" alt=\"Loetschental_12_026\" title=\"... m\u00eame si sa notion de l&#039;ordre et du rangement peut parfois \u00eatre surprenante pour des Grecs comme vous et moi.\" width=\"101\" height=\"57\" class=\"skip-lazy fg-image\" data-src-fg=\"https:\/\/alpavista.ch\/Alp11\/wp-content\/uploads\/cache\/Loetschental_12_026\/941541824.jpg\" src=\"data:image\/svg+xml,%3Csvg%20xmlns%3D%22http%3A%2F%2Fwww.w3.org%2F2000%2Fsvg%22%20width%3D%22101%22%20height%3D%2257%22%20viewBox%3D%220%200%20101%2057%22%3E%3C%2Fsvg%3E\" loading=\"eager\"><\/span><span class=\"fg-image-overlay\"><\/span><\/a><figcaption class=\"fg-caption\"><div class=\"fg-caption-inner\"><div class=\"fg-caption-desc\">... m\u00eame si sa notion de l'ordre et du rangement peut parfois \u00eatre surprenante pour des Grecs comme vous et moi.<\/div><\/div><\/figcaption><\/figure><div class=\"fg-loader\"><\/div><\/div><div class=\"fg-item fg-type-image fg-idle\"><figure class=\"fg-item-inner\"><a href=\"https:\/\/alpavista.ch\/Alp11\/wp-content\/uploads\/Loetschental_12_027.jpg\" data-caption-title=\"Quand \u00e9claircie et divin chemin conjuguent leurs avances, il est impossible de r\u00e9sister.\" data-caption-desc=\"Quand \u00e9claircie et divin chemin conjuguent leurs avances, il est impossible de r\u00e9sister.\" data-attachment-id=\"21805\" data-type=\"image\" class=\"fg-thumb\"><span class=\"fg-image-wrap\"><img decoding=\"async\" alt=\"Loetschental_12_027\" title=\"Quand \u00e9claircie et divin chemin conjuguent leurs avances, il est impossible de r\u00e9sister.\" width=\"101\" height=\"57\" class=\"skip-lazy fg-image\" data-src-fg=\"https:\/\/alpavista.ch\/Alp11\/wp-content\/uploads\/cache\/Loetschental_12_027\/3753405126.jpg\" src=\"data:image\/svg+xml,%3Csvg%20xmlns%3D%22http%3A%2F%2Fwww.w3.org%2F2000%2Fsvg%22%20width%3D%22101%22%20height%3D%2257%22%20viewBox%3D%220%200%20101%2057%22%3E%3C%2Fsvg%3E\" loading=\"eager\"><\/span><span class=\"fg-image-overlay\"><\/span><\/a><figcaption class=\"fg-caption\"><div class=\"fg-caption-inner\"><div class=\"fg-caption-desc\">Quand \u00e9claircie et divin chemin conjuguent leurs avances, il est impossible de r\u00e9sister.<\/div><\/div><\/figcaption><\/figure><div class=\"fg-loader\"><\/div><\/div><div class=\"fg-item fg-type-image fg-idle\"><figure class=\"fg-item-inner\"><a href=\"https:\/\/alpavista.ch\/Alp11\/wp-content\/uploads\/Loetschental_12_028.jpg\" data-caption-title=\"Retour en selle pour un dernier tron\u00e7on pas piqu\u00e9 des hannetons.\" data-caption-desc=\"Retour en selle pour un dernier tron\u00e7on pas piqu\u00e9 des hannetons.\" data-attachment-id=\"21804\" data-type=\"image\" class=\"fg-thumb\"><span class=\"fg-image-wrap\"><img decoding=\"async\" alt=\"Loetschental_12_028\" title=\"Retour en selle pour un dernier tron\u00e7on pas piqu\u00e9 des hannetons.\" width=\"101\" height=\"57\" class=\"skip-lazy fg-image\" data-src-fg=\"https:\/\/alpavista.ch\/Alp11\/wp-content\/uploads\/cache\/Loetschental_12_028\/2840388829.jpg\" src=\"data:image\/svg+xml,%3Csvg%20xmlns%3D%22http%3A%2F%2Fwww.w3.org%2F2000%2Fsvg%22%20width%3D%22101%22%20height%3D%2257%22%20viewBox%3D%220%200%20101%2057%22%3E%3C%2Fsvg%3E\" loading=\"eager\"><\/span><span class=\"fg-image-overlay\"><\/span><\/a><figcaption class=\"fg-caption\"><div class=\"fg-caption-inner\"><div class=\"fg-caption-desc\">Retour en selle pour un dernier tron\u00e7on pas piqu\u00e9 des hannetons.<\/div><\/div><\/figcaption><\/figure><div class=\"fg-loader\"><\/div><\/div><div class=\"fg-item fg-type-image fg-idle\"><figure class=\"fg-item-inner\"><a href=\"https:\/\/alpavista.ch\/Alp11\/wp-content\/uploads\/Loetschental_12_029.jpg\" data-caption-title=\"Derniers kilom\u00e8tres de la saison, ou pas, on aurait tort de se priver d&#039;en profiter.\" data-caption-desc=\"Derniers kilom\u00e8tres de la saison, ou pas, on aurait tort de se priver d&#039;en profiter.\" data-attachment-id=\"21803\" data-type=\"image\" class=\"fg-thumb\"><span class=\"fg-image-wrap\"><img decoding=\"async\" alt=\"Loetschental_12_029\" title=\"Derniers kilom\u00e8tres de la saison, ou pas, on aurait tort de se priver d&#039;en profiter.\" width=\"101\" height=\"57\" class=\"skip-lazy fg-image\" data-src-fg=\"https:\/\/alpavista.ch\/Alp11\/wp-content\/uploads\/cache\/Loetschental_12_029\/2620080068.jpg\" src=\"data:image\/svg+xml,%3Csvg%20xmlns%3D%22http%3A%2F%2Fwww.w3.org%2F2000%2Fsvg%22%20width%3D%22101%22%20height%3D%2257%22%20viewBox%3D%220%200%20101%2057%22%3E%3C%2Fsvg%3E\" loading=\"eager\"><\/span><span class=\"fg-image-overlay\"><\/span><\/a><figcaption class=\"fg-caption\"><div class=\"fg-caption-inner\"><div class=\"fg-caption-desc\">Derniers kilom\u00e8tres de la saison, ou pas, on aurait tort de se priver d'en profiter.<\/div><\/div><\/figcaption><\/figure><div class=\"fg-loader\"><\/div><\/div><div class=\"fg-item fg-type-image fg-idle\"><figure class=\"fg-item-inner\"><a href=\"https:\/\/alpavista.ch\/Alp11\/wp-content\/uploads\/Loetschental_12_030.jpg\" data-caption-title=\"Le c\u00e9l\u00e8bre or du Loetschental ?\" data-caption-desc=\"Le c\u00e9l\u00e8bre or du Loetschental ?\" data-attachment-id=\"21802\" data-type=\"image\" class=\"fg-thumb\"><span class=\"fg-image-wrap\"><img decoding=\"async\" alt=\"Loetschental_12_030\" title=\"Le c\u00e9l\u00e8bre or du Loetschental ?\" width=\"101\" height=\"57\" class=\"skip-lazy fg-image\" data-src-fg=\"https:\/\/alpavista.ch\/Alp11\/wp-content\/uploads\/cache\/Loetschental_12_030\/1003203611.jpg\" src=\"data:image\/svg+xml,%3Csvg%20xmlns%3D%22http%3A%2F%2Fwww.w3.org%2F2000%2Fsvg%22%20width%3D%22101%22%20height%3D%2257%22%20viewBox%3D%220%200%20101%2057%22%3E%3C%2Fsvg%3E\" loading=\"eager\"><\/span><span class=\"fg-image-overlay\"><\/span><\/a><figcaption class=\"fg-caption\"><div class=\"fg-caption-inner\"><div class=\"fg-caption-desc\">Le c\u00e9l\u00e8bre or du Loetschental ?<\/div><\/div><\/figcaption><\/figure><div class=\"fg-loader\"><\/div><\/div><div class=\"fg-item fg-type-image fg-idle\"><figure class=\"fg-item-inner\"><a href=\"https:\/\/alpavista.ch\/Alp11\/wp-content\/uploads\/Loetschental_12_031.jpg\" data-caption-title=\"Tunique printanni\u00e8re et teintes de fin d&#039;automne : esprit de contrari\u00e9t\u00e9 ou promesse d&#039;un futur pas si lointain ?\" data-caption-desc=\"Tunique printanni\u00e8re et teintes de fin d&#039;automne : esprit de contrari\u00e9t\u00e9 ou promesse d&#039;un futur pas si lointain ?\" data-attachment-id=\"21801\" data-type=\"image\" class=\"fg-thumb\"><span class=\"fg-image-wrap\"><img decoding=\"async\" alt=\"Loetschental_12_031\" title=\"Tunique printanni\u00e8re et teintes de fin d&#039;automne : esprit de contrari\u00e9t\u00e9 ou promesse d&#039;un futur pas si lointain ?\" width=\"101\" height=\"57\" class=\"skip-lazy fg-image\" data-src-fg=\"https:\/\/alpavista.ch\/Alp11\/wp-content\/uploads\/cache\/Loetschental_12_031\/3698134813.jpg\" src=\"data:image\/svg+xml,%3Csvg%20xmlns%3D%22http%3A%2F%2Fwww.w3.org%2F2000%2Fsvg%22%20width%3D%22101%22%20height%3D%2257%22%20viewBox%3D%220%200%20101%2057%22%3E%3C%2Fsvg%3E\" loading=\"eager\"><\/span><span class=\"fg-image-overlay\"><\/span><\/a><figcaption class=\"fg-caption\"><div class=\"fg-caption-inner\"><div class=\"fg-caption-desc\">Tunique printanni\u00e8re et teintes de fin d'automne : esprit de contrari\u00e9t\u00e9 ou promesse d'un futur pas si lointain ?<\/div><\/div><\/figcaption><\/figure><div class=\"fg-loader\"><\/div><\/div><div class=\"fg-item fg-type-image fg-idle\"><figure class=\"fg-item-inner\"><a href=\"https:\/\/alpavista.ch\/Alp11\/wp-content\/uploads\/Loetschental_12_032.jpg\" data-caption-title=\"T\u00e9n\u00e9breux comme un chemin du &quot;Loetsch&quot;\" data-caption-desc=\"T\u00e9n\u00e9breux comme un chemin du &quot;Loetsch&quot;\" data-attachment-id=\"21800\" data-type=\"image\" class=\"fg-thumb\"><span class=\"fg-image-wrap\"><img decoding=\"async\" alt=\"Loetschental_12_032\" title=\"T\u00e9n\u00e9breux comme un chemin du &quot;Loetsch&quot;\" width=\"101\" height=\"57\" class=\"skip-lazy fg-image\" data-src-fg=\"https:\/\/alpavista.ch\/Alp11\/wp-content\/uploads\/cache\/Loetschental_12_032\/4248212553.jpg\" src=\"data:image\/svg+xml,%3Csvg%20xmlns%3D%22http%3A%2F%2Fwww.w3.org%2F2000%2Fsvg%22%20width%3D%22101%22%20height%3D%2257%22%20viewBox%3D%220%200%20101%2057%22%3E%3C%2Fsvg%3E\" loading=\"eager\"><\/span><span class=\"fg-image-overlay\"><\/span><\/a><figcaption class=\"fg-caption\"><div class=\"fg-caption-inner\"><div class=\"fg-caption-desc\">T\u00e9n\u00e9breux comme un chemin du \"Loetsch\"<\/div><\/div><\/figcaption><\/figure><div class=\"fg-loader\"><\/div><\/div><div class=\"fg-item fg-type-image fg-idle\"><figure class=\"fg-item-inner\"><a href=\"https:\/\/alpavista.ch\/Alp11\/wp-content\/uploads\/Loetschental_12_033.jpg\" data-caption-title=\"La derni\u00e8re \u00e9pingle 2012 ?\" data-caption-desc=\"La derni\u00e8re \u00e9pingle 2012 ?\" data-attachment-id=\"21799\" data-type=\"image\" class=\"fg-thumb\"><span class=\"fg-image-wrap\"><img decoding=\"async\" alt=\"Loetschental_12_033\" title=\"La derni\u00e8re \u00e9pingle 2012 ?\" width=\"101\" height=\"57\" class=\"skip-lazy fg-image\" data-src-fg=\"https:\/\/alpavista.ch\/Alp11\/wp-content\/uploads\/cache\/Loetschental_12_033\/3966706441.jpg\" src=\"data:image\/svg+xml,%3Csvg%20xmlns%3D%22http%3A%2F%2Fwww.w3.org%2F2000%2Fsvg%22%20width%3D%22101%22%20height%3D%2257%22%20viewBox%3D%220%200%20101%2057%22%3E%3C%2Fsvg%3E\" loading=\"eager\"><\/span><span class=\"fg-image-overlay\"><\/span><\/a><figcaption class=\"fg-caption\"><div class=\"fg-caption-inner\"><div class=\"fg-caption-desc\">La derni\u00e8re \u00e9pingle 2012 ?<\/div><\/div><\/figcaption><\/figure><div class=\"fg-loader\"><\/div><\/div><div class=\"fg-item fg-type-image fg-idle\"><figure class=\"fg-item-inner\"><a href=\"https:\/\/alpavista.ch\/Alp11\/wp-content\/uploads\/Loetschental_12_034.jpg\" data-caption-title=\"Tellistafel : les ombres s&#039;allongent, mais notre croisade se poursut.Cap \u00e0 l&#039;Est, toute.\" data-caption-desc=\"Tellistafel : les ombres s&#039;allongent, mais notre croisade se poursut.Cap \u00e0 l&#039;Est, toute.\" data-attachment-id=\"21798\" data-type=\"image\" class=\"fg-thumb\"><span class=\"fg-image-wrap\"><img decoding=\"async\" alt=\"Loetschental_12_034\" title=\"Tellistafel : les ombres s&#039;allongent, mais notre croisade se poursut.Cap \u00e0 l&#039;Est, toute.\" width=\"101\" height=\"57\" class=\"skip-lazy fg-image\" data-src-fg=\"https:\/\/alpavista.ch\/Alp11\/wp-content\/uploads\/cache\/Loetschental_12_034\/1233041063.jpg\" src=\"data:image\/svg+xml,%3Csvg%20xmlns%3D%22http%3A%2F%2Fwww.w3.org%2F2000%2Fsvg%22%20width%3D%22101%22%20height%3D%2257%22%20viewBox%3D%220%200%20101%2057%22%3E%3C%2Fsvg%3E\" loading=\"eager\"><\/span><span class=\"fg-image-overlay\"><\/span><\/a><figcaption class=\"fg-caption\"><div class=\"fg-caption-inner\"><div class=\"fg-caption-desc\">Tellistafel : les ombres s'allongent, mais notre croisade se poursut.Cap \u00e0 l'Est, toute.<\/div><\/div><\/figcaption><\/figure><div class=\"fg-loader\"><\/div><\/div><div class=\"fg-item fg-type-image fg-idle\"><figure class=\"fg-item-inner\"><a href=\"https:\/\/alpavista.ch\/Alp11\/wp-content\/uploads\/Loetschental_12_035.jpg\" data-caption-title=\"D\u00e9j\u00e0 les rives de la Mer Noire ?On roule vite, mais quand m\u00eame, non, c&#039;est juste le Lac Noir.\" data-caption-desc=\"D\u00e9j\u00e0 les rives de la Mer Noire ?On roule vite, mais quand m\u00eame, non, c&#039;est juste le Lac Noir.\" data-attachment-id=\"21797\" data-type=\"image\" class=\"fg-thumb\"><span class=\"fg-image-wrap\"><img decoding=\"async\" alt=\"Loetschental_12_035\" title=\"D\u00e9j\u00e0 les rives de la Mer Noire ?On roule vite, mais quand m\u00eame, non, c&#039;est juste le Lac Noir.\" width=\"101\" height=\"57\" class=\"skip-lazy fg-image\" data-src-fg=\"https:\/\/alpavista.ch\/Alp11\/wp-content\/uploads\/cache\/Loetschental_12_035\/48929729.jpg\" src=\"data:image\/svg+xml,%3Csvg%20xmlns%3D%22http%3A%2F%2Fwww.w3.org%2F2000%2Fsvg%22%20width%3D%22101%22%20height%3D%2257%22%20viewBox%3D%220%200%20101%2057%22%3E%3C%2Fsvg%3E\" loading=\"eager\"><\/span><span class=\"fg-image-overlay\"><\/span><\/a><figcaption class=\"fg-caption\"><div class=\"fg-caption-inner\"><div class=\"fg-caption-desc\">D\u00e9j\u00e0 les rives de la Mer Noire ?On roule vite, mais quand m\u00eame, non, c'est juste le Lac Noir.<\/div><\/div><\/figcaption><\/figure><div class=\"fg-loader\"><\/div><\/div><div class=\"fg-item fg-type-image fg-idle\"><figure class=\"fg-item-inner\"><a href=\"https:\/\/alpavista.ch\/Alp11\/wp-content\/uploads\/Loetschental_12_036.jpg\" data-caption-title=\"Apr\u00e8s 4 heures de bike, notre remont\u00e9e du &quot;Tal&quot; se mue enfin en descente finale.\" data-caption-desc=\"Apr\u00e8s 4 heures de bike, notre remont\u00e9e du &quot;Tal&quot; se mue enfin en descente finale.\" data-attachment-id=\"21796\" data-type=\"image\" class=\"fg-thumb\"><span class=\"fg-image-wrap\"><img decoding=\"async\" alt=\"Loetschental_12_036\" title=\"Apr\u00e8s 4 heures de bike, notre remont\u00e9e du &quot;Tal&quot; se mue enfin en descente finale.\" width=\"101\" height=\"57\" class=\"skip-lazy fg-image\" data-src-fg=\"https:\/\/alpavista.ch\/Alp11\/wp-content\/uploads\/cache\/Loetschental_12_036\/598802581.jpg\" src=\"data:image\/svg+xml,%3Csvg%20xmlns%3D%22http%3A%2F%2Fwww.w3.org%2F2000%2Fsvg%22%20width%3D%22101%22%20height%3D%2257%22%20viewBox%3D%220%200%20101%2057%22%3E%3C%2Fsvg%3E\" loading=\"eager\"><\/span><span class=\"fg-image-overlay\"><\/span><\/a><figcaption class=\"fg-caption\"><div class=\"fg-caption-inner\"><div class=\"fg-caption-desc\">Apr\u00e8s 4 heures de bike, notre remont\u00e9e du \"Tal\" se mue enfin en descente finale.<\/div><\/div><\/figcaption><\/figure><div class=\"fg-loader\"><\/div><\/div><div class=\"fg-item fg-type-image fg-idle\"><figure class=\"fg-item-inner\"><a href=\"https:\/\/alpavista.ch\/Alp11\/wp-content\/uploads\/Loetschental_12_037.jpg\" data-caption-title=\"Direction Fafleralp dans l&#039;ombre du fond de vall\u00e9e.\" data-caption-desc=\"Direction Fafleralp dans l&#039;ombre du fond de vall\u00e9e.\" data-attachment-id=\"21795\" data-type=\"image\" class=\"fg-thumb\"><span class=\"fg-image-wrap\"><img decoding=\"async\" alt=\"Loetschental_12_037\" title=\"Direction Fafleralp dans l&#039;ombre du fond de vall\u00e9e.\" width=\"101\" height=\"57\" class=\"skip-lazy fg-image\" data-src-fg=\"https:\/\/alpavista.ch\/Alp11\/wp-content\/uploads\/cache\/Loetschental_12_037\/3289883539.jpg\" src=\"data:image\/svg+xml,%3Csvg%20xmlns%3D%22http%3A%2F%2Fwww.w3.org%2F2000%2Fsvg%22%20width%3D%22101%22%20height%3D%2257%22%20viewBox%3D%220%200%20101%2057%22%3E%3C%2Fsvg%3E\" loading=\"eager\"><\/span><span class=\"fg-image-overlay\"><\/span><\/a><figcaption class=\"fg-caption\"><div class=\"fg-caption-inner\"><div class=\"fg-caption-desc\">Direction Fafleralp dans l'ombre du fond de vall\u00e9e.<\/div><\/div><\/figcaption><\/figure><div class=\"fg-loader\"><\/div><\/div><div class=\"fg-item fg-type-image fg-idle\"><figure class=\"fg-item-inner\"><a href=\"https:\/\/alpavista.ch\/Alp11\/wp-content\/uploads\/Loetschental_12_038.jpg\" data-caption-title=\"Une atmosph\u00e8re de plus en plus cr\u00e9pusculaire, accompagn\u00e9e de premi\u00e8res gouttes de pluie...\" data-caption-desc=\"Une atmosph\u00e8re de plus en plus cr\u00e9pusculaire, accompagn\u00e9e de premi\u00e8res gouttes de pluie...\" data-attachment-id=\"21794\" data-type=\"image\" class=\"fg-thumb\"><span class=\"fg-image-wrap\"><img decoding=\"async\" alt=\"Loetschental_12_038\" title=\"Une atmosph\u00e8re de plus en plus cr\u00e9pusculaire, accompagn\u00e9e de premi\u00e8res gouttes de pluie...\" width=\"101\" height=\"57\" class=\"skip-lazy fg-image\" data-src-fg=\"https:\/\/alpavista.ch\/Alp11\/wp-content\/uploads\/cache\/Loetschental_12_038\/3001232776.jpg\" src=\"data:image\/svg+xml,%3Csvg%20xmlns%3D%22http%3A%2F%2Fwww.w3.org%2F2000%2Fsvg%22%20width%3D%22101%22%20height%3D%2257%22%20viewBox%3D%220%200%20101%2057%22%3E%3C%2Fsvg%3E\" loading=\"eager\"><\/span><span class=\"fg-image-overlay\"><\/span><\/a><figcaption class=\"fg-caption\"><div class=\"fg-caption-inner\"><div class=\"fg-caption-desc\">Une atmosph\u00e8re de plus en plus cr\u00e9pusculaire, accompagn\u00e9e de premi\u00e8res gouttes de pluie...<\/div><\/div><\/figcaption><\/figure><div class=\"fg-loader\"><\/div><\/div><div class=\"fg-item fg-type-image fg-idle\"><figure class=\"fg-item-inner\"><a href=\"https:\/\/alpavista.ch\/Alp11\/wp-content\/uploads\/Loetschental_12_039.jpg\" data-caption-title=\"Quelques vieilles b\u00e2tisses obscures, blotties au creux d&#039;une gorge...\" data-caption-desc=\"Quelques vieilles b\u00e2tisses obscures, blotties au creux d&#039;une gorge...\" data-attachment-id=\"21793\" data-type=\"image\" class=\"fg-thumb\"><span class=\"fg-image-wrap\"><img decoding=\"async\" alt=\"Loetschental_12_039\" title=\"Quelques vieilles b\u00e2tisses obscures, blotties au creux d&#039;une gorge...\" width=\"101\" height=\"57\" class=\"skip-lazy fg-image\" data-src-fg=\"https:\/\/alpavista.ch\/Alp11\/wp-content\/uploads\/cache\/Loetschental_12_039\/2273638033.jpg\" src=\"data:image\/svg+xml,%3Csvg%20xmlns%3D%22http%3A%2F%2Fwww.w3.org%2F2000%2Fsvg%22%20width%3D%22101%22%20height%3D%2257%22%20viewBox%3D%220%200%20101%2057%22%3E%3C%2Fsvg%3E\" loading=\"eager\"><\/span><span class=\"fg-image-overlay\"><\/span><\/a><figcaption class=\"fg-caption\"><div class=\"fg-caption-inner\"><div class=\"fg-caption-desc\">Quelques vieilles b\u00e2tisses obscures, blotties au creux d'une gorge...<\/div><\/div><\/figcaption><\/figure><div class=\"fg-loader\"><\/div><\/div><div class=\"fg-item fg-type-image fg-idle\"><figure class=\"fg-item-inner\"><a href=\"https:\/\/alpavista.ch\/Alp11\/wp-content\/uploads\/Loetschental_12_040.jpg\" data-caption-title=\"Il est temps de se r\u00e9fugier dans la premi\u00e8re taverne venue et d&#039;affoner quelques cervoises.\" data-caption-desc=\"Il est temps de se r\u00e9fugier dans la premi\u00e8re taverne venue et d&#039;affoner quelques cervoises.\" data-attachment-id=\"21792\" data-type=\"image\" class=\"fg-thumb\"><span class=\"fg-image-wrap\"><img decoding=\"async\" alt=\"Loetschental_12_040\" title=\"Il est temps de se r\u00e9fugier dans la premi\u00e8re taverne venue et d&#039;affoner quelques cervoises.\" width=\"101\" height=\"57\" class=\"skip-lazy fg-image\" data-src-fg=\"https:\/\/alpavista.ch\/Alp11\/wp-content\/uploads\/cache\/Loetschental_12_040\/1400773828.jpg\" src=\"data:image\/svg+xml,%3Csvg%20xmlns%3D%22http%3A%2F%2Fwww.w3.org%2F2000%2Fsvg%22%20width%3D%22101%22%20height%3D%2257%22%20viewBox%3D%220%200%20101%2057%22%3E%3C%2Fsvg%3E\" loading=\"eager\"><\/span><span class=\"fg-image-overlay\"><\/span><\/a><figcaption class=\"fg-caption\"><div class=\"fg-caption-inner\"><div class=\"fg-caption-desc\">Il est temps de se r\u00e9fugier dans la premi\u00e8re taverne venue et d'affoner quelques cervoises.<\/div><\/div><\/figcaption><\/figure><div class=\"fg-loader\"><\/div><\/div><div class=\"fg-item fg-type-image fg-idle\"><figure class=\"fg-item-inner\"><a href=\"https:\/\/alpavista.ch\/Alp11\/wp-content\/uploads\/Loetschental_12_041.jpg\" data-caption-title=\"Quand deux Stroumphs se rencontrent, l&#039;un grec, l&#039;autre en passe de le devenir, ils ne peuvent s&#039;emp\u00eacher d&#039;\u00e9voquer leur dieu Scott.Saint Bike pardonne leurs et prie pour qu&#039;ils reviennent dans le droit chemin.\" data-caption-desc=\"Quand deux Stroumphs se rencontrent, l&#039;un grec, l&#039;autre en passe de le devenir, ils ne peuvent s&#039;emp\u00eacher d&#039;\u00e9voquer leur dieu Scott.Saint Bike pardonne leurs et prie pour qu&#039;ils reviennent dans le droit chemin.\" data-attachment-id=\"21791\" data-type=\"image\" class=\"fg-thumb\"><span class=\"fg-image-wrap\"><img decoding=\"async\" alt=\"Loetschental_12_041\" title=\"Quand deux Stroumphs se rencontrent, l&#039;un grec, l&#039;autre en passe de le devenir, ils ne peuvent s&#039;emp\u00eacher d&#039;\u00e9voquer leur dieu Scott.Saint Bike pardonne leurs et prie pour qu&#039;ils reviennent dans le droit chemin.\" width=\"101\" height=\"57\" class=\"skip-lazy fg-image\" data-src-fg=\"https:\/\/alpavista.ch\/Alp11\/wp-content\/uploads\/cache\/Loetschental_12_041\/3034103746.jpg\" src=\"data:image\/svg+xml,%3Csvg%20xmlns%3D%22http%3A%2F%2Fwww.w3.org%2F2000%2Fsvg%22%20width%3D%22101%22%20height%3D%2257%22%20viewBox%3D%220%200%20101%2057%22%3E%3C%2Fsvg%3E\" loading=\"eager\"><\/span><span class=\"fg-image-overlay\"><\/span><\/a><figcaption class=\"fg-caption\"><div class=\"fg-caption-inner\"><div class=\"fg-caption-desc\">Quand deux Stroumphs se rencontrent, l'un grec, l'autre en passe de le devenir, ils ne peuvent s'emp\u00eacher d'\u00e9voquer leur dieu Scott.Saint Bike pardonne leurs et prie pour qu'ils reviennent dans le droit chemin.<\/div><\/div><\/figcaption><\/figure><div class=\"fg-loader\"><\/div><\/div><div class=\"fg-item fg-type-image fg-idle\"><figure class=\"fg-item-inner\"><a href=\"https:\/\/alpavista.ch\/Alp11\/wp-content\/uploads\/Loetschental_12_042.jpg\" data-caption-title=\"Bon, il est peut-\u00eatre temps de raccrocher, pour cette ann\u00e9e, non ?Allez, c&#039;est d\u00e9cid\u00e9, demain je farte les skis.\" data-caption-desc=\"Bon, il est peut-\u00eatre temps de raccrocher, pour cette ann\u00e9e, non ?Allez, c&#039;est d\u00e9cid\u00e9, demain je farte les skis.\" data-attachment-id=\"21790\" data-type=\"image\" class=\"fg-thumb\"><span class=\"fg-image-wrap\"><img decoding=\"async\" alt=\"Loetschental_12_042\" title=\"Bon, il est peut-\u00eatre temps de raccrocher, pour cette ann\u00e9e, non ?Allez, c&#039;est d\u00e9cid\u00e9, demain je farte les skis.\" width=\"101\" height=\"57\" class=\"skip-lazy fg-image\" data-src-fg=\"https:\/\/alpavista.ch\/Alp11\/wp-content\/uploads\/cache\/Loetschental_12_042\/2508399766.jpg\" src=\"data:image\/svg+xml,%3Csvg%20xmlns%3D%22http%3A%2F%2Fwww.w3.org%2F2000%2Fsvg%22%20width%3D%22101%22%20height%3D%2257%22%20viewBox%3D%220%200%20101%2057%22%3E%3C%2Fsvg%3E\" loading=\"eager\"><\/span><span class=\"fg-image-overlay\"><\/span><\/a><figcaption class=\"fg-caption\"><div class=\"fg-caption-inner\"><div class=\"fg-caption-desc\">Bon, il est peut-\u00eatre temps de raccrocher, pour cette ann\u00e9e, non ?Allez, c'est d\u00e9cid\u00e9, demain je farte les skis.<\/div><\/div><\/figcaption><\/figure><div class=\"fg-loader\"><\/div><\/div><\/div>\n\n<input class=\"fooboxshare_post_id\" type=\"hidden\" value=\"4733\"\/>","protected":false},"excerpt":{"rendered":"<p>The Sunny Side Of The Life, c\u2019est un peu de temps libre pour pouvoir profiter des derni\u00e8res heures d\u2019un \u00e9t\u00e9 indien bien trop bref, en selle, quelque part sur des chemins escarp\u00e9s et panoramiques. The Sunny Side Of The \u00ab Tal \u00bb, c\u2019est un chapelet d\u2019alpages, Restialp, Kummenalp, Hockenalp, Lauchernalp, Tellinalp, Fafleralp, Gugginalp, accroch\u00e9s au versant adret d\u2019une vall\u00e9e mythique et reli\u00e9s entre par un \u00ab wanderweg \u00bb divinement \u00ab bikable \u00bb. (prononcer ba\u00efkebel )<\/p>\n","protected":false},"author":2,"featured_media":6312,"comment_status":"open","ping_status":"open","sticky":false,"template":"","format":"standard","meta":{"footnotes":""},"categories":[658,4],"tags":[1167,1506,1222,1097,1345,1504,1505,1094,1223],"class_list":["post-4733","post","type-post","status-publish","format-standard","has-post-thumbnail","hentry","category-outdoor","category-vtt","tag-bachalp","tag-fafleralp","tag-ferden","tag-gampel","tag-jeizinen","tag-kummenalp","tag-lauchernalp","tag-loetschental","tag-restialp"],"_links":{"self":[{"href":"https:\/\/alpavista.ch\/Alp11\/wp-json\/wp\/v2\/posts\/4733","targetHints":{"allow":["GET"]}}],"collection":[{"href":"https:\/\/alpavista.ch\/Alp11\/wp-json\/wp\/v2\/posts"}],"about":[{"href":"https:\/\/alpavista.ch\/Alp11\/wp-json\/wp\/v2\/types\/post"}],"author":[{"embeddable":true,"href":"https:\/\/alpavista.ch\/Alp11\/wp-json\/wp\/v2\/users\/2"}],"replies":[{"embeddable":true,"href":"https:\/\/alpavista.ch\/Alp11\/wp-json\/wp\/v2\/comments?post=4733"}],"version-history":[{"count":0,"href":"https:\/\/alpavista.ch\/Alp11\/wp-json\/wp\/v2\/posts\/4733\/revisions"}],"wp:featuredmedia":[{"embeddable":true,"href":"https:\/\/alpavista.ch\/Alp11\/wp-json\/wp\/v2\/media\/6312"}],"wp:attachment":[{"href":"https:\/\/alpavista.ch\/Alp11\/wp-json\/wp\/v2\/media?parent=4733"}],"wp:term":[{"taxonomy":"category","embeddable":true,"href":"https:\/\/alpavista.ch\/Alp11\/wp-json\/wp\/v2\/categories?post=4733"},{"taxonomy":"post_tag","embeddable":true,"href":"https:\/\/alpavista.ch\/Alp11\/wp-json\/wp\/v2\/tags?post=4733"}],"curies":[{"name":"wp","href":"https:\/\/api.w.org\/{rel}","templated":true}]}}