{"id":4737,"date":"2012-11-16T16:22:11","date_gmt":"2012-11-16T15:22:11","guid":{"rendered":"http:\/\/www.alpavista.ch\/Alp11\/?p=4737"},"modified":"2022-12-09T17:41:10","modified_gmt":"2022-12-09T16:41:10","slug":"november-blues","status":"publish","type":"post","link":"https:\/\/alpavista.ch\/Alp11\/2012\/11\/16\/november-blues\/","title":{"rendered":"November Blues"},"content":{"rendered":"<p>Un soleil qui s\u2019affaisse, des jours qui r\u00e9tr\u00e9cissent, un froid qui s\u2019installe et une neige qui se fait d\u00e9sirer.<br \/>\nNovembre est de retour.<br \/>\nLa m\u00e9canique est graiss\u00e9e, les roues raccroch\u00e9es. Les skis de plus en plus impatients, mais pas encore d\u00e9poussi\u00e9r\u00e9s.<br \/>\nNovembre, un mois pour rien.<br \/>\nL\u2019\u00e9t\u00e9 indien ayant rat\u00e9 sa correspondance pour l\u2019Europe, l\u2019automne, morne saison, n\u2019en finit pas de d\u00e9verser ses perturbations humides sur nos t\u00eates toujours plus basses.<br \/>\nNovembre, du gris, du noir, du blues.<br \/>\n<!--more--><br \/>\nEt soudain, un al\u00e9a.<br \/>\nUn soleil d\u2019abord p\u00e2lot puis de plus en plus vaillant.<br \/>\nUne lumi\u00e8re oblique, parfaite pour illuminer les adrets.<br \/>\nUn coteau effeuill\u00e9 mais encore agr\u00e9ablement baign\u00e9 de douceur.<br \/>\nEt l\u2019attrait de tous ces chemins qu\u2019on pensait enfouis jusqu&rsquo;au printemps.<br \/>\nNovembre, de l\u2019ocre, du fauve, du pourpre, du bleu, beaucoup de bleu, un d\u00e9luge de ciel bleu.<\/p>\n<style type=\"text\/css\">\n#foogallery-gallery-21832 .fg-image { width: 101px; }\n#foogallery-gallery-21832 { --fg-gutter: 1px; }<\/style>\n\t\t\t<div class=\"foogallery foogallery-container foogallery-default foogallery-lightbox-none fg-left fg-default fg-ready fg-light fg-loading-default fg-loaded-fade-in fg-preset fg-selena fg-preset-small fg-preset fg-selena fg-preset-small\" id=\"foogallery-gallery-21832\" data-foogallery=\"{&quot;item&quot;:{&quot;showCaptionTitle&quot;:false,&quot;showCaptionDescription&quot;:true},&quot;lazy&quot;:true,&quot;state&quot;:{&quot;enabled&quot;:true,&quot;mask&quot;:&quot;foogallery-{id}&quot;}}\" style=\"--fg-title-line-clamp: 0; --fg-description-line-clamp: 0;\" >\n\t<div class=\"fg-item fg-type-image fg-idle\"><figure class=\"fg-item-inner\"><a href=\"https:\/\/alpavista.ch\/Alp11\/wp-content\/uploads\/Bachalp_12_001.jpg\" data-caption-title=\"M\u00eame s&#039;il n&#039;est encore recouvert que d&#039;or et pas d&#039;or blanc, le bonheur reste dans le pr\u00e9.\" data-caption-desc=\"M\u00eame s&#039;il n&#039;est encore recouvert que d&#039;or et pas d&#039;or blanc, le bonheur reste dans le pr\u00e9.\" data-attachment-id=\"21860\" data-type=\"image\" class=\"fg-thumb\"><span class=\"fg-image-wrap\"><img decoding=\"async\" alt=\"Bachalp_12_001\" title=\"M\u00eame s&#039;il n&#039;est encore recouvert que d&#039;or et pas d&#039;or blanc, le bonheur reste dans le pr\u00e9.\" width=\"101\" height=\"57\" class=\"skip-lazy fg-image\" data-src-fg=\"https:\/\/alpavista.ch\/Alp11\/wp-content\/uploads\/cache\/Bachalp_12_001\/1079268324.jpg\" src=\"data:image\/svg+xml,%3Csvg%20xmlns%3D%22http%3A%2F%2Fwww.w3.org%2F2000%2Fsvg%22%20width%3D%22101%22%20height%3D%2257%22%20viewBox%3D%220%200%20101%2057%22%3E%3C%2Fsvg%3E\" loading=\"eager\"><\/span><span class=\"fg-image-overlay\"><\/span><\/a><figcaption class=\"fg-caption\"><div class=\"fg-caption-inner\"><div class=\"fg-caption-desc\">M\u00eame s'il n'est encore recouvert que d'or et pas d'or blanc, le bonheur reste dans le pr\u00e9.<\/div><\/div><\/figcaption><\/figure><div class=\"fg-loader\"><\/div><\/div><div class=\"fg-item fg-type-image fg-idle\"><figure class=\"fg-item-inner\"><a href=\"https:\/\/alpavista.ch\/Alp11\/wp-content\/uploads\/Bachalp_12_002.jpg\" data-caption-title=\"Plus les m\u00e8tres de D+ d\u00e9filent, plus les couches d&#039;habits diminuent.Heureusement qu&#039;on est bient\u00f4t au point culminant du jour, sans quoi je devrais s\u00fbrement interdire l&#039;acc\u00e8s de ce site aux personnes mineures.\" data-caption-desc=\"Plus les m\u00e8tres de D+ d\u00e9filent, plus les couches d&#039;habits diminuent.Heureusement qu&#039;on est bient\u00f4t au point culminant du jour, sans quoi je devrais s\u00fbrement interdire l&#039;acc\u00e8s de ce site aux personnes mineures.\" data-attachment-id=\"21859\" data-type=\"image\" class=\"fg-thumb\"><span class=\"fg-image-wrap\"><img decoding=\"async\" alt=\"Bachalp_12_002\" title=\"Plus les m\u00e8tres de D+ d\u00e9filent, plus les couches d&#039;habits diminuent.Heureusement qu&#039;on est bient\u00f4t au point culminant du jour, sans quoi je devrais s\u00fbrement interdire l&#039;acc\u00e8s de ce site aux personnes mineures.\" width=\"101\" height=\"57\" class=\"skip-lazy fg-image\" data-src-fg=\"https:\/\/alpavista.ch\/Alp11\/wp-content\/uploads\/cache\/Bachalp_12_002\/4143795610.jpg\" src=\"data:image\/svg+xml,%3Csvg%20xmlns%3D%22http%3A%2F%2Fwww.w3.org%2F2000%2Fsvg%22%20width%3D%22101%22%20height%3D%2257%22%20viewBox%3D%220%200%20101%2057%22%3E%3C%2Fsvg%3E\" loading=\"eager\"><\/span><span class=\"fg-image-overlay\"><\/span><\/a><figcaption class=\"fg-caption\"><div class=\"fg-caption-inner\"><div class=\"fg-caption-desc\">Plus les m\u00e8tres de D+ d\u00e9filent, plus les couches d'habits diminuent.Heureusement qu'on est bient\u00f4t au point culminant du jour, sans quoi je devrais s\u00fbrement interdire l'acc\u00e8s de ce site aux personnes mineures.<\/div><\/div><\/figcaption><\/figure><div class=\"fg-loader\"><\/div><\/div><div class=\"fg-item fg-type-image fg-idle\"><figure class=\"fg-item-inner\"><a href=\"https:\/\/alpavista.ch\/Alp11\/wp-content\/uploads\/Bachalp_12_003.jpg\" data-caption-title=\"Concours d&#039;\u00e9chevelage pour une fin de matin\u00e9e douce et radieuse.\" data-caption-desc=\"Concours d&#039;\u00e9chevelage pour une fin de matin\u00e9e douce et radieuse.\" data-attachment-id=\"21858\" data-type=\"image\" class=\"fg-thumb\"><span class=\"fg-image-wrap\"><img decoding=\"async\" alt=\"Bachalp_12_003\" title=\"Concours d&#039;\u00e9chevelage pour une fin de matin\u00e9e douce et radieuse.\" width=\"101\" height=\"57\" class=\"skip-lazy fg-image\" data-src-fg=\"https:\/\/alpavista.ch\/Alp11\/wp-content\/uploads\/cache\/Bachalp_12_003\/2203479705.jpg\" src=\"data:image\/svg+xml,%3Csvg%20xmlns%3D%22http%3A%2F%2Fwww.w3.org%2F2000%2Fsvg%22%20width%3D%22101%22%20height%3D%2257%22%20viewBox%3D%220%200%20101%2057%22%3E%3C%2Fsvg%3E\" loading=\"eager\"><\/span><span class=\"fg-image-overlay\"><\/span><\/a><figcaption class=\"fg-caption\"><div class=\"fg-caption-inner\"><div class=\"fg-caption-desc\">Concours d'\u00e9chevelage pour une fin de matin\u00e9e douce et radieuse.<\/div><\/div><\/figcaption><\/figure><div class=\"fg-loader\"><\/div><\/div><div class=\"fg-item fg-type-image fg-idle\"><figure class=\"fg-item-inner\"><a href=\"https:\/\/alpavista.ch\/Alp11\/wp-content\/uploads\/Bachalp_12_004.jpg\" data-caption-title=\"Allez , on y croit !\r\nDe toute fa\u00e7on, ce n&#039;est pas la peine d&#039;attendre les prochains archets. Leur mise en service n&#039;est pas pr\u00e9vue dans l&#039;imm\u00e9diat.\" data-caption-desc=\"Allez , on y croit !\r\nDe toute fa\u00e7on, ce n&#039;est pas la peine d&#039;attendre les prochains archets. Leur mise en service n&#039;est pas pr\u00e9vue dans l&#039;imm\u00e9diat.\" data-attachment-id=\"21857\" data-type=\"image\" class=\"fg-thumb\"><span class=\"fg-image-wrap\"><img decoding=\"async\" alt=\"Bachalp_12_004\" title=\"Allez , on y croit !\r\nDe toute fa\u00e7on, ce n&#039;est pas la peine d&#039;attendre les prochains archets. Leur mise en service n&#039;est pas pr\u00e9vue dans l&#039;imm\u00e9diat.\" width=\"101\" height=\"57\" class=\"skip-lazy fg-image\" data-src-fg=\"https:\/\/alpavista.ch\/Alp11\/wp-content\/uploads\/cache\/Bachalp_12_004\/3626536702.jpg\" src=\"data:image\/svg+xml,%3Csvg%20xmlns%3D%22http%3A%2F%2Fwww.w3.org%2F2000%2Fsvg%22%20width%3D%22101%22%20height%3D%2257%22%20viewBox%3D%220%200%20101%2057%22%3E%3C%2Fsvg%3E\" loading=\"eager\"><\/span><span class=\"fg-image-overlay\"><\/span><\/a><figcaption class=\"fg-caption\"><div class=\"fg-caption-inner\"><div class=\"fg-caption-desc\">Allez , on y croit !\r\nDe toute fa\u00e7on, ce n'est pas la peine d'attendre les prochains archets. Leur mise en service n'est pas pr\u00e9vue dans l'imm\u00e9diat.<\/div><\/div><\/figcaption><\/figure><div class=\"fg-loader\"><\/div><\/div><div class=\"fg-item fg-type-image fg-idle\"><figure class=\"fg-item-inner\"><a href=\"https:\/\/alpavista.ch\/Alp11\/wp-content\/uploads\/Bachalp_12_005.jpg\" data-caption-title=\"Quand le meilleur mai fait une incursion en novembre, c&#039;est loin d&#039;\u00eatre d\u00e9sagr\u00e9able de retrouver la selle.\" data-caption-desc=\"Quand le meilleur mai fait une incursion en novembre, c&#039;est loin d&#039;\u00eatre d\u00e9sagr\u00e9able de retrouver la selle.\" data-attachment-id=\"21856\" data-type=\"image\" class=\"fg-thumb\"><span class=\"fg-image-wrap\"><img decoding=\"async\" alt=\"Bachalp_12_005\" title=\"Quand le meilleur mai fait une incursion en novembre, c&#039;est loin d&#039;\u00eatre d\u00e9sagr\u00e9able de retrouver la selle.\" width=\"101\" height=\"57\" class=\"skip-lazy fg-image\" data-src-fg=\"https:\/\/alpavista.ch\/Alp11\/wp-content\/uploads\/cache\/Bachalp_12_005\/2911088125.jpg\" src=\"data:image\/svg+xml,%3Csvg%20xmlns%3D%22http%3A%2F%2Fwww.w3.org%2F2000%2Fsvg%22%20width%3D%22101%22%20height%3D%2257%22%20viewBox%3D%220%200%20101%2057%22%3E%3C%2Fsvg%3E\" loading=\"eager\"><\/span><span class=\"fg-image-overlay\"><\/span><\/a><figcaption class=\"fg-caption\"><div class=\"fg-caption-inner\"><div class=\"fg-caption-desc\">Quand le meilleur mai fait une incursion en novembre, c'est loin d'\u00eatre d\u00e9sagr\u00e9able de retrouver la selle.<\/div><\/div><\/figcaption><\/figure><div class=\"fg-loader\"><\/div><\/div><div class=\"fg-item fg-type-image fg-idle\"><figure class=\"fg-item-inner\"><a href=\"https:\/\/alpavista.ch\/Alp11\/wp-content\/uploads\/Bachalp_12_006.jpg\" data-caption-title=\"Bon, mais \u00e0 d\u00e9faut de carres, il faut parfois avoir les crampons un peu aff\u00fbt\u00e9s.\" data-caption-desc=\"Bon, mais \u00e0 d\u00e9faut de carres, il faut parfois avoir les crampons un peu aff\u00fbt\u00e9s.\" data-attachment-id=\"21855\" data-type=\"image\" class=\"fg-thumb\"><span class=\"fg-image-wrap\"><img decoding=\"async\" alt=\"Bachalp_12_006\" title=\"Bon, mais \u00e0 d\u00e9faut de carres, il faut parfois avoir les crampons un peu aff\u00fbt\u00e9s.\" width=\"101\" height=\"57\" class=\"skip-lazy fg-image\" data-src-fg=\"https:\/\/alpavista.ch\/Alp11\/wp-content\/uploads\/cache\/Bachalp_12_006\/863947000.jpg\" src=\"data:image\/svg+xml,%3Csvg%20xmlns%3D%22http%3A%2F%2Fwww.w3.org%2F2000%2Fsvg%22%20width%3D%22101%22%20height%3D%2257%22%20viewBox%3D%220%200%20101%2057%22%3E%3C%2Fsvg%3E\" loading=\"eager\"><\/span><span class=\"fg-image-overlay\"><\/span><\/a><figcaption class=\"fg-caption\"><div class=\"fg-caption-inner\"><div class=\"fg-caption-desc\">Bon, mais \u00e0 d\u00e9faut de carres, il faut parfois avoir les crampons un peu aff\u00fbt\u00e9s.<\/div><\/div><\/figcaption><\/figure><div class=\"fg-loader\"><\/div><\/div><div class=\"fg-item fg-type-image fg-idle\"><figure class=\"fg-item-inner\"><a href=\"https:\/\/alpavista.ch\/Alp11\/wp-content\/uploads\/Bachalp_12_007.jpg\" data-caption-title=\"Hors de sa rigole verglac\u00e9e ou collante, selon l&#039;orientation, le chemin de Niwenalp reste un &quot;must&quot;.\" data-caption-desc=\"Hors de sa rigole verglac\u00e9e ou collante, selon l&#039;orientation, le chemin de Niwenalp reste un &quot;must&quot;.\" data-attachment-id=\"21854\" data-type=\"image\" class=\"fg-thumb\"><span class=\"fg-image-wrap\"><img decoding=\"async\" alt=\"Bachalp_12_007\" title=\"Hors de sa rigole verglac\u00e9e ou collante, selon l&#039;orientation, le chemin de Niwenalp reste un &quot;must&quot;.\" width=\"101\" height=\"57\" class=\"skip-lazy fg-image\" data-src-fg=\"https:\/\/alpavista.ch\/Alp11\/wp-content\/uploads\/cache\/Bachalp_12_007\/1188424699.jpg\" src=\"data:image\/svg+xml,%3Csvg%20xmlns%3D%22http%3A%2F%2Fwww.w3.org%2F2000%2Fsvg%22%20width%3D%22101%22%20height%3D%2257%22%20viewBox%3D%220%200%20101%2057%22%3E%3C%2Fsvg%3E\" loading=\"eager\"><\/span><span class=\"fg-image-overlay\"><\/span><\/a><figcaption class=\"fg-caption\"><div class=\"fg-caption-inner\"><div class=\"fg-caption-desc\">Hors de sa rigole verglac\u00e9e ou collante, selon l'orientation, le chemin de Niwenalp reste un \"must\".<\/div><\/div><\/figcaption><\/figure><div class=\"fg-loader\"><\/div><\/div><div class=\"fg-item fg-type-image fg-idle\"><figure class=\"fg-item-inner\"><a href=\"https:\/\/alpavista.ch\/Alp11\/wp-content\/uploads\/Bachalp_12_008.jpg\" data-caption-title=\"Pourvu qu&#039;il reste quelques bi\u00e8res oubli\u00e9es dans la fontaine de bois de son c\u00e9l\u00e8bre alpage.\r\nEuh....  t&#039;as pr\u00e9vu un pic \u00e0 glace ?\" data-caption-desc=\"Pourvu qu&#039;il reste quelques bi\u00e8res oubli\u00e9es dans la fontaine de bois de son c\u00e9l\u00e8bre alpage.\r\nEuh....  t&#039;as pr\u00e9vu un pic \u00e0 glace ?\" data-attachment-id=\"21853\" data-type=\"image\" class=\"fg-thumb\"><span class=\"fg-image-wrap\"><img decoding=\"async\" alt=\"Bachalp_12_008\" title=\"Pourvu qu&#039;il reste quelques bi\u00e8res oubli\u00e9es dans la fontaine de bois de son c\u00e9l\u00e8bre alpage.\r\nEuh....  t&#039;as pr\u00e9vu un pic \u00e0 glace ?\" width=\"101\" height=\"57\" class=\"skip-lazy fg-image\" data-src-fg=\"https:\/\/alpavista.ch\/Alp11\/wp-content\/uploads\/cache\/Bachalp_12_008\/101719814.jpg\" src=\"data:image\/svg+xml,%3Csvg%20xmlns%3D%22http%3A%2F%2Fwww.w3.org%2F2000%2Fsvg%22%20width%3D%22101%22%20height%3D%2257%22%20viewBox%3D%220%200%20101%2057%22%3E%3C%2Fsvg%3E\" loading=\"eager\"><\/span><span class=\"fg-image-overlay\"><\/span><\/a><figcaption class=\"fg-caption\"><div class=\"fg-caption-inner\"><div class=\"fg-caption-desc\">Pourvu qu'il reste quelques bi\u00e8res oubli\u00e9es dans la fontaine de bois de son c\u00e9l\u00e8bre alpage.\r\nEuh....  t'as pr\u00e9vu un pic \u00e0 glace ?<\/div><\/div><\/figcaption><\/figure><div class=\"fg-loader\"><\/div><\/div><div class=\"fg-item fg-type-image fg-idle\"><figure class=\"fg-item-inner\"><a href=\"https:\/\/alpavista.ch\/Alp11\/wp-content\/uploads\/Bachalp_12_009.jpg\" data-caption-title=\"Non, et toi, t&#039;as pens\u00e9 \u00e0  brancher l&#039;ABS ?\" data-caption-desc=\"Non, et toi, t&#039;as pens\u00e9 \u00e0  brancher l&#039;ABS ?\" data-attachment-id=\"21852\" data-type=\"image\" class=\"fg-thumb\"><span class=\"fg-image-wrap\"><img decoding=\"async\" alt=\"Bachalp_12_009\" title=\"Non, et toi, t&#039;as pens\u00e9 \u00e0  brancher l&#039;ABS ?\" width=\"101\" height=\"57\" class=\"skip-lazy fg-image\" data-src-fg=\"https:\/\/alpavista.ch\/Alp11\/wp-content\/uploads\/cache\/Bachalp_12_009\/1941650437.jpg\" src=\"data:image\/svg+xml,%3Csvg%20xmlns%3D%22http%3A%2F%2Fwww.w3.org%2F2000%2Fsvg%22%20width%3D%22101%22%20height%3D%2257%22%20viewBox%3D%220%200%20101%2057%22%3E%3C%2Fsvg%3E\" loading=\"eager\"><\/span><span class=\"fg-image-overlay\"><\/span><\/a><figcaption class=\"fg-caption\"><div class=\"fg-caption-inner\"><div class=\"fg-caption-desc\">Non, et toi, t'as pens\u00e9 \u00e0  brancher l'ABS ?<\/div><\/div><\/figcaption><\/figure><div class=\"fg-loader\"><\/div><\/div><div class=\"fg-item fg-type-image fg-idle\"><figure class=\"fg-item-inner\"><a href=\"https:\/\/alpavista.ch\/Alp11\/wp-content\/uploads\/Bachalp_12_010.jpg\" data-caption-title=\"A chaque ubac sa froideur, \u00e0 chaque gorge son ombre.\r\nBon, en m\u00eame temps, on a d\u00e9pass\u00e9 la mi novembre et on flirte avec les 2&#039;000 m\u00e8tres.\" data-caption-desc=\"A chaque ubac sa froideur, \u00e0 chaque gorge son ombre.\r\nBon, en m\u00eame temps, on a d\u00e9pass\u00e9 la mi novembre et on flirte avec les 2&#039;000 m\u00e8tres.\" data-attachment-id=\"21851\" data-type=\"image\" class=\"fg-thumb\"><span class=\"fg-image-wrap\"><img decoding=\"async\" alt=\"Bachalp_12_010\" title=\"A chaque ubac sa froideur, \u00e0 chaque gorge son ombre.\r\nBon, en m\u00eame temps, on a d\u00e9pass\u00e9 la mi novembre et on flirte avec les 2&#039;000 m\u00e8tres.\" width=\"101\" height=\"57\" class=\"skip-lazy fg-image\" data-src-fg=\"https:\/\/alpavista.ch\/Alp11\/wp-content\/uploads\/cache\/Bachalp_12_010\/1811763595.jpg\" src=\"data:image\/svg+xml,%3Csvg%20xmlns%3D%22http%3A%2F%2Fwww.w3.org%2F2000%2Fsvg%22%20width%3D%22101%22%20height%3D%2257%22%20viewBox%3D%220%200%20101%2057%22%3E%3C%2Fsvg%3E\" loading=\"eager\"><\/span><span class=\"fg-image-overlay\"><\/span><\/a><figcaption class=\"fg-caption\"><div class=\"fg-caption-inner\"><div class=\"fg-caption-desc\">A chaque ubac sa froideur, \u00e0 chaque gorge son ombre.\r\nBon, en m\u00eame temps, on a d\u00e9pass\u00e9 la mi novembre et on flirte avec les 2'000 m\u00e8tres.<\/div><\/div><\/figcaption><\/figure><div class=\"fg-loader\"><\/div><\/div><div class=\"fg-item fg-type-image fg-idle\"><figure class=\"fg-item-inner\"><a href=\"https:\/\/alpavista.ch\/Alp11\/wp-content\/uploads\/Bachalp_12_011.jpg\" data-caption-title=\"Aiguilles encore accroch\u00e9es aux plus hauts m\u00e9l\u00e8zes, pour parler d&#039;arriv\u00e9e prochaine de l&#039;hiver, c&#039;est le malaise.\" data-caption-desc=\"Aiguilles encore accroch\u00e9es aux plus hauts m\u00e9l\u00e8zes, pour parler d&#039;arriv\u00e9e prochaine de l&#039;hiver, c&#039;est le malaise.\" data-attachment-id=\"21850\" data-type=\"image\" class=\"fg-thumb\"><span class=\"fg-image-wrap\"><img decoding=\"async\" alt=\"Bachalp_12_011\" title=\"Aiguilles encore accroch\u00e9es aux plus hauts m\u00e9l\u00e8zes, pour parler d&#039;arriv\u00e9e prochaine de l&#039;hiver, c&#039;est le malaise.\" width=\"101\" height=\"57\" class=\"skip-lazy fg-image\" data-src-fg=\"https:\/\/alpavista.ch\/Alp11\/wp-content\/uploads\/cache\/Bachalp_12_011\/508981896.jpg\" src=\"data:image\/svg+xml,%3Csvg%20xmlns%3D%22http%3A%2F%2Fwww.w3.org%2F2000%2Fsvg%22%20width%3D%22101%22%20height%3D%2257%22%20viewBox%3D%220%200%20101%2057%22%3E%3C%2Fsvg%3E\" loading=\"eager\"><\/span><span class=\"fg-image-overlay\"><\/span><\/a><figcaption class=\"fg-caption\"><div class=\"fg-caption-inner\"><div class=\"fg-caption-desc\">Aiguilles encore accroch\u00e9es aux plus hauts m\u00e9l\u00e8zes, pour parler d'arriv\u00e9e prochaine de l'hiver, c'est le malaise.<\/div><\/div><\/figcaption><\/figure><div class=\"fg-loader\"><\/div><\/div><div class=\"fg-item fg-type-image fg-idle\"><figure class=\"fg-item-inner\"><a href=\"https:\/\/alpavista.ch\/Alp11\/wp-content\/uploads\/Bachalp_12_012.jpg\" data-caption-title=\"Destination Bachalp...\" data-caption-desc=\"Destination Bachalp...\" data-attachment-id=\"21849\" data-type=\"image\" class=\"fg-thumb\"><span class=\"fg-image-wrap\"><img decoding=\"async\" alt=\"Bachalp_12_012\" title=\"Destination Bachalp...\" width=\"101\" height=\"57\" class=\"skip-lazy fg-image\" data-src-fg=\"https:\/\/alpavista.ch\/Alp11\/wp-content\/uploads\/cache\/Bachalp_12_012\/1870771971.jpg\" src=\"data:image\/svg+xml,%3Csvg%20xmlns%3D%22http%3A%2F%2Fwww.w3.org%2F2000%2Fsvg%22%20width%3D%22101%22%20height%3D%2257%22%20viewBox%3D%220%200%20101%2057%22%3E%3C%2Fsvg%3E\" loading=\"eager\"><\/span><span class=\"fg-image-overlay\"><\/span><\/a><figcaption class=\"fg-caption\"><div class=\"fg-caption-inner\"><div class=\"fg-caption-desc\">Destination Bachalp...<\/div><\/div><\/figcaption><\/figure><div class=\"fg-loader\"><\/div><\/div><div class=\"fg-item fg-type-image fg-idle\"><figure class=\"fg-item-inner\"><a href=\"https:\/\/alpavista.ch\/Alp11\/wp-content\/uploads\/Bachalp_12_013.jpg\" data-caption-title=\"Peu motiv\u00e9s au moment d&#039;affronter la gadoue et la neige collante menant \u00e0 Oberu, nous optons pour un plong\u00e9e insolite...\" data-caption-desc=\"Peu motiv\u00e9s au moment d&#039;affronter la gadoue et la neige collante menant \u00e0 Oberu, nous optons pour un plong\u00e9e insolite...\" data-attachment-id=\"21848\" data-type=\"image\" class=\"fg-thumb\"><span class=\"fg-image-wrap\"><img decoding=\"async\" alt=\"Bachalp_12_013\" title=\"Peu motiv\u00e9s au moment d&#039;affronter la gadoue et la neige collante menant \u00e0 Oberu, nous optons pour un plong\u00e9e insolite...\" width=\"101\" height=\"57\" class=\"skip-lazy fg-image\" data-src-fg=\"https:\/\/alpavista.ch\/Alp11\/wp-content\/uploads\/cache\/Bachalp_12_013\/438998016.jpg\" src=\"data:image\/svg+xml,%3Csvg%20xmlns%3D%22http%3A%2F%2Fwww.w3.org%2F2000%2Fsvg%22%20width%3D%22101%22%20height%3D%2257%22%20viewBox%3D%220%200%20101%2057%22%3E%3C%2Fsvg%3E\" loading=\"eager\"><\/span><span class=\"fg-image-overlay\"><\/span><\/a><figcaption class=\"fg-caption\"><div class=\"fg-caption-inner\"><div class=\"fg-caption-desc\">Peu motiv\u00e9s au moment d'affronter la gadoue et la neige collante menant \u00e0 Oberu, nous optons pour un plong\u00e9e insolite...<\/div><\/div><\/figcaption><\/figure><div class=\"fg-loader\"><\/div><\/div><div class=\"fg-item fg-type-image fg-idle\"><figure class=\"fg-item-inner\"><a href=\"https:\/\/alpavista.ch\/Alp11\/wp-content\/uploads\/Bachalp_12_014.jpg\" data-caption-title=\"... via le m\u00e9connu &quot;Wanderweg&quot; de Feschel.\" data-caption-desc=\"... via le m\u00e9connu &quot;Wanderweg&quot; de Feschel.\" data-attachment-id=\"21847\" data-type=\"image\" class=\"fg-thumb\"><span class=\"fg-image-wrap\"><img decoding=\"async\" alt=\"Bachalp_12_014\" title=\"... via le m\u00e9connu &quot;Wanderweg&quot; de Feschel.\" width=\"101\" height=\"57\" class=\"skip-lazy fg-image\" data-src-fg=\"https:\/\/alpavista.ch\/Alp11\/wp-content\/uploads\/cache\/Bachalp_12_014\/1096053863.jpg\" src=\"data:image\/svg+xml,%3Csvg%20xmlns%3D%22http%3A%2F%2Fwww.w3.org%2F2000%2Fsvg%22%20width%3D%22101%22%20height%3D%2257%22%20viewBox%3D%220%200%20101%2057%22%3E%3C%2Fsvg%3E\" loading=\"eager\"><\/span><span class=\"fg-image-overlay\"><\/span><\/a><figcaption class=\"fg-caption\"><div class=\"fg-caption-inner\"><div class=\"fg-caption-desc\">... via le m\u00e9connu \"Wanderweg\" de Feschel.<\/div><\/div><\/figcaption><\/figure><div class=\"fg-loader\"><\/div><\/div><div class=\"fg-item fg-type-image fg-idle\"><figure class=\"fg-item-inner\"><a href=\"https:\/\/alpavista.ch\/Alp11\/wp-content\/uploads\/Bachalp_12_015.jpg\" data-caption-title=\"Un chemin tr\u00e8s &quot;Yesssss&quot;....\" data-caption-desc=\"Un chemin tr\u00e8s &quot;Yesssss&quot;....\" data-attachment-id=\"21846\" data-type=\"image\" class=\"fg-thumb\"><span class=\"fg-image-wrap\"><img decoding=\"async\" alt=\"Bachalp_12_015\" title=\"Un chemin tr\u00e8s &quot;Yesssss&quot;....\" width=\"101\" height=\"57\" class=\"skip-lazy fg-image\" data-src-fg=\"https:\/\/alpavista.ch\/Alp11\/wp-content\/uploads\/cache\/Bachalp_12_015\/889149284.jpg\" src=\"data:image\/svg+xml,%3Csvg%20xmlns%3D%22http%3A%2F%2Fwww.w3.org%2F2000%2Fsvg%22%20width%3D%22101%22%20height%3D%2257%22%20viewBox%3D%220%200%20101%2057%22%3E%3C%2Fsvg%3E\" loading=\"eager\"><\/span><span class=\"fg-image-overlay\"><\/span><\/a><figcaption class=\"fg-caption\"><div class=\"fg-caption-inner\"><div class=\"fg-caption-desc\">Un chemin tr\u00e8s \"Yesssss\"....<\/div><\/div><\/figcaption><\/figure><div class=\"fg-loader\"><\/div><\/div><div class=\"fg-item fg-type-image fg-idle\"><figure class=\"fg-item-inner\"><a href=\"https:\/\/alpavista.ch\/Alp11\/wp-content\/uploads\/Bachalp_12_016.jpg\" data-caption-title=\".... mais pas  que.\" data-caption-desc=\".... mais pas  que.\" data-attachment-id=\"21845\" data-type=\"image\" class=\"fg-thumb\"><span class=\"fg-image-wrap\"><img decoding=\"async\" alt=\"Bachalp_12_016\" title=\".... mais pas  que.\" width=\"101\" height=\"57\" class=\"skip-lazy fg-image\" data-src-fg=\"https:\/\/alpavista.ch\/Alp11\/wp-content\/uploads\/cache\/Bachalp_12_016\/2852270689.jpg\" src=\"data:image\/svg+xml,%3Csvg%20xmlns%3D%22http%3A%2F%2Fwww.w3.org%2F2000%2Fsvg%22%20width%3D%22101%22%20height%3D%2257%22%20viewBox%3D%220%200%20101%2057%22%3E%3C%2Fsvg%3E\" loading=\"eager\"><\/span><span class=\"fg-image-overlay\"><\/span><\/a><figcaption class=\"fg-caption\"><div class=\"fg-caption-inner\"><div class=\"fg-caption-desc\">.... mais pas  que.<\/div><\/div><\/figcaption><\/figure><div class=\"fg-loader\"><\/div><\/div><div class=\"fg-item fg-type-image fg-idle\"><figure class=\"fg-item-inner\"><a href=\"https:\/\/alpavista.ch\/Alp11\/wp-content\/uploads\/Bachalp_12_017.jpg\" data-caption-title=\"Ah, du novembre comme \u00e7a, je veux bien en reprendre encore quelques semaines.\" data-caption-desc=\"Ah, du novembre comme \u00e7a, je veux bien en reprendre encore quelques semaines.\" data-attachment-id=\"21844\" data-type=\"image\" class=\"fg-thumb\"><span class=\"fg-image-wrap\"><img decoding=\"async\" alt=\"Bachalp_12_017\" title=\"Ah, du novembre comme \u00e7a, je veux bien en reprendre encore quelques semaines.\" width=\"101\" height=\"57\" class=\"skip-lazy fg-image\" data-src-fg=\"https:\/\/alpavista.ch\/Alp11\/wp-content\/uploads\/cache\/Bachalp_12_017\/3752399202.jpg\" src=\"data:image\/svg+xml,%3Csvg%20xmlns%3D%22http%3A%2F%2Fwww.w3.org%2F2000%2Fsvg%22%20width%3D%22101%22%20height%3D%2257%22%20viewBox%3D%220%200%20101%2057%22%3E%3C%2Fsvg%3E\" loading=\"eager\"><\/span><span class=\"fg-image-overlay\"><\/span><\/a><figcaption class=\"fg-caption\"><div class=\"fg-caption-inner\"><div class=\"fg-caption-desc\">Ah, du novembre comme \u00e7a, je veux bien en reprendre encore quelques semaines.<\/div><\/div><\/figcaption><\/figure><div class=\"fg-loader\"><\/div><\/div><div class=\"fg-item fg-type-image fg-idle\"><figure class=\"fg-item-inner\"><a href=\"https:\/\/alpavista.ch\/Alp11\/wp-content\/uploads\/Bachalp_12_018.jpg\" data-caption-title=\"Soleil d&#039;automne et ombres chinoises, pardon valaisannes.\" data-caption-desc=\"Soleil d&#039;automne et ombres chinoises, pardon valaisannes.\" data-attachment-id=\"21843\" data-type=\"image\" class=\"fg-thumb\"><span class=\"fg-image-wrap\"><img decoding=\"async\" alt=\"Bachalp_12_018\" title=\"Soleil d&#039;automne et ombres chinoises, pardon valaisannes.\" width=\"101\" height=\"57\" class=\"skip-lazy fg-image\" data-src-fg=\"https:\/\/alpavista.ch\/Alp11\/wp-content\/uploads\/cache\/Bachalp_12_018\/2674714015.jpg\" src=\"data:image\/svg+xml,%3Csvg%20xmlns%3D%22http%3A%2F%2Fwww.w3.org%2F2000%2Fsvg%22%20width%3D%22101%22%20height%3D%2257%22%20viewBox%3D%220%200%20101%2057%22%3E%3C%2Fsvg%3E\" loading=\"eager\"><\/span><span class=\"fg-image-overlay\"><\/span><\/a><figcaption class=\"fg-caption\"><div class=\"fg-caption-inner\"><div class=\"fg-caption-desc\">Soleil d'automne et ombres chinoises, pardon valaisannes.<\/div><\/div><\/figcaption><\/figure><div class=\"fg-loader\"><\/div><\/div><div class=\"fg-item fg-type-image fg-idle\"><figure class=\"fg-item-inner\"><a href=\"https:\/\/alpavista.ch\/Alp11\/wp-content\/uploads\/Bachalp_12_019.jpg\" data-caption-title=\"Et en plus y a de la gorge profonde.\" data-caption-desc=\"Et en plus y a de la gorge profonde.\" data-attachment-id=\"21842\" data-type=\"image\" class=\"fg-thumb\"><span class=\"fg-image-wrap\"><img decoding=\"async\" alt=\"Bachalp_12_019\" title=\"Et en plus y a de la gorge profonde.\" width=\"101\" height=\"57\" class=\"skip-lazy fg-image\" data-src-fg=\"https:\/\/alpavista.ch\/Alp11\/wp-content\/uploads\/cache\/Bachalp_12_019\/3938961052.jpg\" src=\"data:image\/svg+xml,%3Csvg%20xmlns%3D%22http%3A%2F%2Fwww.w3.org%2F2000%2Fsvg%22%20width%3D%22101%22%20height%3D%2257%22%20viewBox%3D%220%200%20101%2057%22%3E%3C%2Fsvg%3E\" loading=\"eager\"><\/span><span class=\"fg-image-overlay\"><\/span><\/a><figcaption class=\"fg-caption\"><div class=\"fg-caption-inner\"><div class=\"fg-caption-desc\">Et en plus y a de la gorge profonde.<\/div><\/div><\/figcaption><\/figure><div class=\"fg-loader\"><\/div><\/div><div class=\"fg-item fg-type-image fg-idle\"><figure class=\"fg-item-inner\"><a href=\"https:\/\/alpavista.ch\/Alp11\/wp-content\/uploads\/Bachalp_12_020.jpg\" data-caption-title=\"Profonde, et pas que descendante...\" data-caption-desc=\"Profonde, et pas que descendante...\" data-attachment-id=\"21841\" data-type=\"image\" class=\"fg-thumb\"><span class=\"fg-image-wrap\"><img decoding=\"async\" alt=\"Bachalp_12_020\" title=\"Profonde, et pas que descendante...\" width=\"101\" height=\"57\" class=\"skip-lazy fg-image\" data-src-fg=\"https:\/\/alpavista.ch\/Alp11\/wp-content\/uploads\/cache\/Bachalp_12_020\/3698819988.jpg\" src=\"data:image\/svg+xml,%3Csvg%20xmlns%3D%22http%3A%2F%2Fwww.w3.org%2F2000%2Fsvg%22%20width%3D%22101%22%20height%3D%2257%22%20viewBox%3D%220%200%20101%2057%22%3E%3C%2Fsvg%3E\" loading=\"eager\"><\/span><span class=\"fg-image-overlay\"><\/span><\/a><figcaption class=\"fg-caption\"><div class=\"fg-caption-inner\"><div class=\"fg-caption-desc\">Profonde, et pas que descendante...<\/div><\/div><\/figcaption><\/figure><div class=\"fg-loader\"><\/div><\/div><div class=\"fg-item fg-type-image fg-idle\"><figure class=\"fg-item-inner\"><a href=\"https:\/\/alpavista.ch\/Alp11\/wp-content\/uploads\/Bachalp_12_021.jpg\" data-caption-title=\"Atteindre le village de Guttet via son bisse sup\u00e9rieur, un plaisir aussi original qu&#039;in\u00e9dit.\" data-caption-desc=\"Atteindre le village de Guttet via son bisse sup\u00e9rieur, un plaisir aussi original qu&#039;in\u00e9dit.\" data-attachment-id=\"21840\" data-type=\"image\" class=\"fg-thumb\"><span class=\"fg-image-wrap\"><img decoding=\"async\" alt=\"Bachalp_12_021\" title=\"Atteindre le village de Guttet via son bisse sup\u00e9rieur, un plaisir aussi original qu&#039;in\u00e9dit.\" width=\"101\" height=\"57\" class=\"skip-lazy fg-image\" data-src-fg=\"https:\/\/alpavista.ch\/Alp11\/wp-content\/uploads\/cache\/Bachalp_12_021\/2849808535.jpg\" src=\"data:image\/svg+xml,%3Csvg%20xmlns%3D%22http%3A%2F%2Fwww.w3.org%2F2000%2Fsvg%22%20width%3D%22101%22%20height%3D%2257%22%20viewBox%3D%220%200%20101%2057%22%3E%3C%2Fsvg%3E\" loading=\"eager\"><\/span><span class=\"fg-image-overlay\"><\/span><\/a><figcaption class=\"fg-caption\"><div class=\"fg-caption-inner\"><div class=\"fg-caption-desc\">Atteindre le village de Guttet via son bisse sup\u00e9rieur, un plaisir aussi original qu'in\u00e9dit.<\/div><\/div><\/figcaption><\/figure><div class=\"fg-loader\"><\/div><\/div><div class=\"fg-item fg-type-image fg-idle\"><figure class=\"fg-item-inner\"><a href=\"https:\/\/alpavista.ch\/Alp11\/wp-content\/uploads\/Bachalp_12_022.jpg\" data-caption-title=\"Je savais pas que Mavic faisait une version blanche+caca de ses godasses phares...Tr\u00e8s fashion, j&#039;adore !\" data-caption-desc=\"Je savais pas que Mavic faisait une version blanche+caca de ses godasses phares...Tr\u00e8s fashion, j&#039;adore !\" data-attachment-id=\"21839\" data-type=\"image\" class=\"fg-thumb\"><span class=\"fg-image-wrap\"><img decoding=\"async\" alt=\"Bachalp_12_022\" title=\"Je savais pas que Mavic faisait une version blanche+caca de ses godasses phares...Tr\u00e8s fashion, j&#039;adore !\" width=\"101\" height=\"57\" class=\"skip-lazy fg-image\" data-src-fg=\"https:\/\/alpavista.ch\/Alp11\/wp-content\/uploads\/cache\/Bachalp_12_022\/1257836354.jpg\" src=\"data:image\/svg+xml,%3Csvg%20xmlns%3D%22http%3A%2F%2Fwww.w3.org%2F2000%2Fsvg%22%20width%3D%22101%22%20height%3D%2257%22%20viewBox%3D%220%200%20101%2057%22%3E%3C%2Fsvg%3E\" loading=\"eager\"><\/span><span class=\"fg-image-overlay\"><\/span><\/a><figcaption class=\"fg-caption\"><div class=\"fg-caption-inner\"><div class=\"fg-caption-desc\">Je savais pas que Mavic faisait une version blanche+caca de ses godasses phares...Tr\u00e8s fashion, j'adore !<\/div><\/div><\/figcaption><\/figure><div class=\"fg-loader\"><\/div><\/div><div class=\"fg-item fg-type-image fg-idle\"><figure class=\"fg-item-inner\"><a href=\"https:\/\/alpavista.ch\/Alp11\/wp-content\/uploads\/Bachalp_12_023.jpg\" data-caption-title=\"Le JP (jipi) Express.M\u00eame sans JP, \u00e7a reste express.\" data-caption-desc=\"Le JP (jipi) Express.M\u00eame sans JP, \u00e7a reste express.\" data-attachment-id=\"21838\" data-type=\"image\" class=\"fg-thumb\"><span class=\"fg-image-wrap\"><img decoding=\"async\" alt=\"Bachalp_12_023\" title=\"Le JP (jipi) Express.M\u00eame sans JP, \u00e7a reste express.\" width=\"101\" height=\"57\" class=\"skip-lazy fg-image\" data-src-fg=\"https:\/\/alpavista.ch\/Alp11\/wp-content\/uploads\/cache\/Bachalp_12_023\/1062349889.jpg\" src=\"data:image\/svg+xml,%3Csvg%20xmlns%3D%22http%3A%2F%2Fwww.w3.org%2F2000%2Fsvg%22%20width%3D%22101%22%20height%3D%2257%22%20viewBox%3D%220%200%20101%2057%22%3E%3C%2Fsvg%3E\" loading=\"eager\"><\/span><span class=\"fg-image-overlay\"><\/span><\/a><figcaption class=\"fg-caption\"><div class=\"fg-caption-inner\"><div class=\"fg-caption-desc\">Le JP (jipi) Express.M\u00eame sans JP, \u00e7a reste express.<\/div><\/div><\/figcaption><\/figure><div class=\"fg-loader\"><\/div><\/div><div class=\"fg-item fg-type-image fg-idle\"><figure class=\"fg-item-inner\"><a href=\"https:\/\/alpavista.ch\/Alp11\/wp-content\/uploads\/Bachalp_12_024.jpg\" data-caption-title=\"Quand adret et adresse d\u00e9cident de faire un bout de chemin ensemble, c&#039;est rarement le pire moment de la journ\u00e9e.\" data-caption-desc=\"Quand adret et adresse d\u00e9cident de faire un bout de chemin ensemble, c&#039;est rarement le pire moment de la journ\u00e9e.\" data-attachment-id=\"21837\" data-type=\"image\" class=\"fg-thumb\"><span class=\"fg-image-wrap\"><img decoding=\"async\" alt=\"Bachalp_12_024\" title=\"Quand adret et adresse d\u00e9cident de faire un bout de chemin ensemble, c&#039;est rarement le pire moment de la journ\u00e9e.\" width=\"101\" height=\"57\" class=\"skip-lazy fg-image\" data-src-fg=\"https:\/\/alpavista.ch\/Alp11\/wp-content\/uploads\/cache\/Bachalp_12_024\/1680657446.jpg\" src=\"data:image\/svg+xml,%3Csvg%20xmlns%3D%22http%3A%2F%2Fwww.w3.org%2F2000%2Fsvg%22%20width%3D%22101%22%20height%3D%2257%22%20viewBox%3D%220%200%20101%2057%22%3E%3C%2Fsvg%3E\" loading=\"eager\"><\/span><span class=\"fg-image-overlay\"><\/span><\/a><figcaption class=\"fg-caption\"><div class=\"fg-caption-inner\"><div class=\"fg-caption-desc\">Quand adret et adresse d\u00e9cident de faire un bout de chemin ensemble, c'est rarement le pire moment de la journ\u00e9e.<\/div><\/div><\/figcaption><\/figure><div class=\"fg-loader\"><\/div><\/div><div class=\"fg-item fg-type-image fg-idle\"><figure class=\"fg-item-inner\"><a href=\"https:\/\/alpavista.ch\/Alp11\/wp-content\/uploads\/Bachalp_12_025.jpg\" data-caption-title=\"Va p&#039;t\u00eatre falloir envisager de commence \u00e0 braquer un peu, non ?\" data-caption-desc=\"Va p&#039;t\u00eatre falloir envisager de commence \u00e0 braquer un peu, non ?\" data-attachment-id=\"21836\" data-type=\"image\" class=\"fg-thumb\"><span class=\"fg-image-wrap\"><img decoding=\"async\" alt=\"Bachalp_12_025\" title=\"Va p&#039;t\u00eatre falloir envisager de commence \u00e0 braquer un peu, non ?\" width=\"101\" height=\"57\" class=\"skip-lazy fg-image\" data-src-fg=\"https:\/\/alpavista.ch\/Alp11\/wp-content\/uploads\/cache\/Bachalp_12_025\/294121253.jpg\" src=\"data:image\/svg+xml,%3Csvg%20xmlns%3D%22http%3A%2F%2Fwww.w3.org%2F2000%2Fsvg%22%20width%3D%22101%22%20height%3D%2257%22%20viewBox%3D%220%200%20101%2057%22%3E%3C%2Fsvg%3E\" loading=\"eager\"><\/span><span class=\"fg-image-overlay\"><\/span><\/a><figcaption class=\"fg-caption\"><div class=\"fg-caption-inner\"><div class=\"fg-caption-desc\">Va p't\u00eatre falloir envisager de commence \u00e0 braquer un peu, non ?<\/div><\/div><\/figcaption><\/figure><div class=\"fg-loader\"><\/div><\/div><div class=\"fg-item fg-type-image fg-idle\"><figure class=\"fg-item-inner\"><a href=\"https:\/\/alpavista.ch\/Alp11\/wp-content\/uploads\/Bachalp_12_026.jpg\" data-caption-title=\"Il suffisait de le demander gentiment.\" data-caption-desc=\"Il suffisait de le demander gentiment.\" data-attachment-id=\"21835\" data-type=\"image\" class=\"fg-thumb\"><span class=\"fg-image-wrap\"><img decoding=\"async\" alt=\"Bachalp_12_026\" title=\"Il suffisait de le demander gentiment.\" width=\"101\" height=\"57\" class=\"skip-lazy fg-image\" data-src-fg=\"https:\/\/alpavista.ch\/Alp11\/wp-content\/uploads\/cache\/Bachalp_12_026\/2407172640.jpg\" src=\"data:image\/svg+xml,%3Csvg%20xmlns%3D%22http%3A%2F%2Fwww.w3.org%2F2000%2Fsvg%22%20width%3D%22101%22%20height%3D%2257%22%20viewBox%3D%220%200%20101%2057%22%3E%3C%2Fsvg%3E\" loading=\"eager\"><\/span><span class=\"fg-image-overlay\"><\/span><\/a><figcaption class=\"fg-caption\"><div class=\"fg-caption-inner\"><div class=\"fg-caption-desc\">Il suffisait de le demander gentiment.<\/div><\/div><\/figcaption><\/figure><div class=\"fg-loader\"><\/div><\/div><div class=\"fg-item fg-type-image fg-idle\"><figure class=\"fg-item-inner\"><a href=\"https:\/\/alpavista.ch\/Alp11\/wp-content\/uploads\/Bachalp_12_027.jpg\" data-caption-title=\"De l\u2019ocre, du fauve, du pourpre et du bleu...\" data-caption-desc=\"De l\u2019ocre, du fauve, du pourpre et du bleu...\" data-attachment-id=\"21834\" data-type=\"image\" class=\"fg-thumb\"><span class=\"fg-image-wrap\"><img decoding=\"async\" alt=\"Bachalp_12_027\" title=\"De l\u2019ocre, du fauve, du pourpre et du bleu...\" width=\"101\" height=\"57\" class=\"skip-lazy fg-image\" data-src-fg=\"https:\/\/alpavista.ch\/Alp11\/wp-content\/uploads\/cache\/Bachalp_12_027\/4208044323.jpg\" src=\"data:image\/svg+xml,%3Csvg%20xmlns%3D%22http%3A%2F%2Fwww.w3.org%2F2000%2Fsvg%22%20width%3D%22101%22%20height%3D%2257%22%20viewBox%3D%220%200%20101%2057%22%3E%3C%2Fsvg%3E\" loading=\"eager\"><\/span><span class=\"fg-image-overlay\"><\/span><\/a><figcaption class=\"fg-caption\"><div class=\"fg-caption-inner\"><div class=\"fg-caption-desc\">De l\u2019ocre, du fauve, du pourpre et du bleu...<\/div><\/div><\/figcaption><\/figure><div class=\"fg-loader\"><\/div><\/div><div class=\"fg-item fg-type-image fg-idle\"><figure class=\"fg-item-inner\"><a href=\"https:\/\/alpavista.ch\/Alp11\/wp-content\/uploads\/Bachalp_12_028.jpg\" data-caption-title=\"Et en plus, on va boucler sous le soleil !\" data-caption-desc=\"Et en plus, on va boucler sous le soleil !\" data-attachment-id=\"21833\" data-type=\"image\" class=\"fg-thumb\"><span class=\"fg-image-wrap\"><img decoding=\"async\" alt=\"Bachalp_12_028\" title=\"Et en plus, on va boucler sous le soleil !\" width=\"101\" height=\"57\" class=\"skip-lazy fg-image\" data-src-fg=\"https:\/\/alpavista.ch\/Alp11\/wp-content\/uploads\/cache\/Bachalp_12_028\/3121896926.jpg\" src=\"data:image\/svg+xml,%3Csvg%20xmlns%3D%22http%3A%2F%2Fwww.w3.org%2F2000%2Fsvg%22%20width%3D%22101%22%20height%3D%2257%22%20viewBox%3D%220%200%20101%2057%22%3E%3C%2Fsvg%3E\" loading=\"eager\"><\/span><span class=\"fg-image-overlay\"><\/span><\/a><figcaption class=\"fg-caption\"><div class=\"fg-caption-inner\"><div class=\"fg-caption-desc\">Et en plus, on va boucler sous le soleil !<\/div><\/div><\/figcaption><\/figure><div class=\"fg-loader\"><\/div><\/div><\/div>\n\n<input class=\"fooboxshare_post_id\" type=\"hidden\" value=\"4737\"\/>","protected":false},"excerpt":{"rendered":"<p>Un soleil qui s\u2019affaisse, des jours qui r\u00e9tr\u00e9cissent, un froid qui s\u2019installe et une neige qui se fait d\u00e9sirer. Novembre est de retour. La m\u00e9canique est graiss\u00e9e, les roues raccroch\u00e9es. Les skis de plus en plus impatients, mais pas encore d\u00e9poussi\u00e9r\u00e9s. Novembre, un mois pour rien. L\u2019\u00e9t\u00e9 indien ayant rat\u00e9 sa correspondance pour l\u2019Europe, l\u2019automne, morne saison, n\u2019en finit pas de d\u00e9verser ses perturbations humides sur nos t\u00eates toujours plus basses. Novembre, du gris, du noir, du blues.<\/p>\n","protected":false},"author":2,"featured_media":6311,"comment_status":"open","ping_status":"open","sticky":false,"template":"","format":"standard","meta":{"footnotes":""},"categories":[658,4],"tags":[1167,1346,1325,1097,1331,1412,1345,1347,1413,1324],"class_list":["post-4737","post","type-post","status-publish","format-standard","has-post-thumbnail","hentry","category-outdoor","category-vtt","tag-bachalp","tag-fasilalpu","tag-feschel","tag-gampel","tag-guttet","tag-hohe-brucke","tag-jeizinen","tag-niwenalp","tag-rotafen","tag-wiler"],"_links":{"self":[{"href":"https:\/\/alpavista.ch\/Alp11\/wp-json\/wp\/v2\/posts\/4737","targetHints":{"allow":["GET"]}}],"collection":[{"href":"https:\/\/alpavista.ch\/Alp11\/wp-json\/wp\/v2\/posts"}],"about":[{"href":"https:\/\/alpavista.ch\/Alp11\/wp-json\/wp\/v2\/types\/post"}],"author":[{"embeddable":true,"href":"https:\/\/alpavista.ch\/Alp11\/wp-json\/wp\/v2\/users\/2"}],"replies":[{"embeddable":true,"href":"https:\/\/alpavista.ch\/Alp11\/wp-json\/wp\/v2\/comments?post=4737"}],"version-history":[{"count":0,"href":"https:\/\/alpavista.ch\/Alp11\/wp-json\/wp\/v2\/posts\/4737\/revisions"}],"wp:featuredmedia":[{"embeddable":true,"href":"https:\/\/alpavista.ch\/Alp11\/wp-json\/wp\/v2\/media\/6311"}],"wp:attachment":[{"href":"https:\/\/alpavista.ch\/Alp11\/wp-json\/wp\/v2\/media?parent=4737"}],"wp:term":[{"taxonomy":"category","embeddable":true,"href":"https:\/\/alpavista.ch\/Alp11\/wp-json\/wp\/v2\/categories?post=4737"},{"taxonomy":"post_tag","embeddable":true,"href":"https:\/\/alpavista.ch\/Alp11\/wp-json\/wp\/v2\/tags?post=4737"}],"curies":[{"name":"wp","href":"https:\/\/api.w.org\/{rel}","templated":true}]}}