{"id":4748,"date":"2013-01-03T18:07:10","date_gmt":"2013-01-03T17:07:10","guid":{"rendered":"http:\/\/www.alpavista.ch\/Alp11\/?p=4748"},"modified":"2022-12-09T17:41:09","modified_gmt":"2022-12-09T16:41:09","slug":"schwarzhorn-jeizinen","status":"publish","type":"post","link":"https:\/\/alpavista.ch\/Alp11\/2013\/01\/03\/schwarzhorn-jeizinen\/","title":{"rendered":"Schwarzhorn (Jeizinen)"},"content":{"rendered":"<p>Schwarzhorn est une d\u00e9nomination particuli\u00e8rement r\u00e9pandue dans la partie germanophone des Alpes. Le SwissMap en d\u00e9nombre 20 principaux, mais c\u2019est \u00e9videmment sans compter les sommets secondaires, non r\u00e9pertori\u00e9s dans son index. Celui qui nous int\u00e9ressait en ce 3\u00e8me jour de 2013 se situe au-dessus du village de Jeizinen, en bordure du Loetschental, \u00e0 peu pr\u00e8s \u00e0 la verticale de la gare ferroviaire de Goppenstein.<br \/>\n<!--more--><br \/>\nUne rando de toute beaut\u00e9 \u00e0 travers une chapelet de moutonnements forestiers, puis cornich\u00e9s et enfin pel\u00e9s comme un cr\u00e2ne de b\u00e9b\u00e9, qui nous fait avaler 1&rsquo;000 \u00ab petits \u00bb m\u00e8tres de d\u00e9nivel\u00e9 pour parvenir sur un sommet au nom particuli\u00e8rement bien choisi. C\u00f4t\u00e9 m\u00e9t\u00e9o, malgr\u00e9 une haute pression courageusement d\u00e9cid\u00e9e \u00e0 s\u2019installer, le soleil a d\u00fb composer avec les rentr\u00e9es nuageuses en provenance du nord, comme nous avons d\u00fb composer avec le fort vent qui les accompagnait.<\/p>\n<p>PS. C\u2019\u00e9tait une bonne id\u00e9e de ne pas avoir choisi d\u2019aller \u00e0 la Fava aujourd\u2019hui. Je pense que la travers\u00e9e du village de <a href=\"http:\/\/www.romandie.com\/news\/n\/Fusillade_a_Daillon_la_police_a_du_faire_feu_sur_le_tireur63030120131553.asp\" target=\"_blank\" rel=\"noopener\">Daillon<\/a> aurait \u00e9t\u00e9 probablement assez compliqu\u00e9e, voire impossible.<\/p>\n<style type=\"text\/css\">\n#foogallery-gallery-21876 .fg-image { width: 101px; }\n#foogallery-gallery-21876 { --fg-gutter: 1px; }<\/style>\n\t\t\t<div class=\"foogallery foogallery-container foogallery-default foogallery-lightbox-none fg-left fg-default fg-ready fg-light fg-loading-default fg-loaded-fade-in fg-preset fg-selena fg-preset-small fg-preset fg-selena fg-preset-small\" id=\"foogallery-gallery-21876\" data-foogallery=\"{&quot;item&quot;:{&quot;showCaptionTitle&quot;:false,&quot;showCaptionDescription&quot;:true},&quot;lazy&quot;:true,&quot;state&quot;:{&quot;enabled&quot;:true,&quot;mask&quot;:&quot;foogallery-{id}&quot;}}\" style=\"--fg-title-line-clamp: 0; --fg-description-line-clamp: 0;\" >\n\t<div class=\"fg-item fg-type-image fg-idle\"><figure class=\"fg-item-inner\"><a href=\"https:\/\/alpavista.ch\/Alp11\/wp-content\/uploads\/Jeizinen_Schwarzhorn_001.jpg\" data-caption-title=\"Ah le soleil de Jeizinen, \u00e9touffant \u00e0 la belle saison mais tellement appr\u00e9ciable \u00e0 la mauvaise.\" data-caption-desc=\"Ah le soleil de Jeizinen, \u00e9touffant \u00e0 la belle saison mais tellement appr\u00e9ciable \u00e0 la mauvaise.\" data-attachment-id=\"21897\" data-type=\"image\" class=\"fg-thumb\"><span class=\"fg-image-wrap\"><img decoding=\"async\" alt=\"Jeizinen_Schwarzhorn_001\" title=\"Ah le soleil de Jeizinen, \u00e9touffant \u00e0 la belle saison mais tellement appr\u00e9ciable \u00e0 la mauvaise.\" width=\"101\" height=\"57\" class=\"skip-lazy fg-image\" data-src-fg=\"https:\/\/alpavista.ch\/Alp11\/wp-content\/uploads\/cache\/Jeizinen_Schwarzhorn_001\/1167451473.jpg\" src=\"data:image\/svg+xml,%3Csvg%20xmlns%3D%22http%3A%2F%2Fwww.w3.org%2F2000%2Fsvg%22%20width%3D%22101%22%20height%3D%2257%22%20viewBox%3D%220%200%20101%2057%22%3E%3C%2Fsvg%3E\" loading=\"eager\"><\/span><span class=\"fg-image-overlay\"><\/span><\/a><figcaption class=\"fg-caption\"><div class=\"fg-caption-inner\"><div class=\"fg-caption-desc\">Ah le soleil de Jeizinen, \u00e9touffant \u00e0 la belle saison mais tellement appr\u00e9ciable \u00e0 la mauvaise.<\/div><\/div><\/figcaption><\/figure><div class=\"fg-loader\"><\/div><\/div><div class=\"fg-item fg-type-image fg-idle\"><figure class=\"fg-item-inner\"><a href=\"https:\/\/alpavista.ch\/Alp11\/wp-content\/uploads\/Jeizinen_Schwarzhorn_002.jpg\" data-caption-title=\"Un \u00e9cheveau de traces enchev\u00eatr\u00e9es...\" data-caption-desc=\"Un \u00e9cheveau de traces enchev\u00eatr\u00e9es...\" data-attachment-id=\"21896\" data-type=\"image\" class=\"fg-thumb\"><span class=\"fg-image-wrap\"><img decoding=\"async\" alt=\"Jeizinen_Schwarzhorn_002\" title=\"Un \u00e9cheveau de traces enchev\u00eatr\u00e9es...\" width=\"101\" height=\"57\" class=\"skip-lazy fg-image\" data-src-fg=\"https:\/\/alpavista.ch\/Alp11\/wp-content\/uploads\/cache\/Jeizinen_Schwarzhorn_002\/2737913853.jpg\" src=\"data:image\/svg+xml,%3Csvg%20xmlns%3D%22http%3A%2F%2Fwww.w3.org%2F2000%2Fsvg%22%20width%3D%22101%22%20height%3D%2257%22%20viewBox%3D%220%200%20101%2057%22%3E%3C%2Fsvg%3E\" loading=\"eager\"><\/span><span class=\"fg-image-overlay\"><\/span><\/a><figcaption class=\"fg-caption\"><div class=\"fg-caption-inner\"><div class=\"fg-caption-desc\">Un \u00e9cheveau de traces enchev\u00eatr\u00e9es...<\/div><\/div><\/figcaption><\/figure><div class=\"fg-loader\"><\/div><\/div><div class=\"fg-item fg-type-image fg-idle\"><figure class=\"fg-item-inner\"><a href=\"https:\/\/alpavista.ch\/Alp11\/wp-content\/uploads\/Jeizinen_Schwarzhorn_003.jpg\" data-caption-title=\"... pour un festival de conversions.\" data-caption-desc=\"... pour un festival de conversions.\" data-attachment-id=\"21895\" data-type=\"image\" class=\"fg-thumb\"><span class=\"fg-image-wrap\"><img decoding=\"async\" alt=\"Jeizinen_Schwarzhorn_003\" title=\"... pour un festival de conversions.\" width=\"101\" height=\"57\" class=\"skip-lazy fg-image\" data-src-fg=\"https:\/\/alpavista.ch\/Alp11\/wp-content\/uploads\/cache\/Jeizinen_Schwarzhorn_003\/3622262962.jpg\" src=\"data:image\/svg+xml,%3Csvg%20xmlns%3D%22http%3A%2F%2Fwww.w3.org%2F2000%2Fsvg%22%20width%3D%22101%22%20height%3D%2257%22%20viewBox%3D%220%200%20101%2057%22%3E%3C%2Fsvg%3E\" loading=\"eager\"><\/span><span class=\"fg-image-overlay\"><\/span><\/a><figcaption class=\"fg-caption\"><div class=\"fg-caption-inner\"><div class=\"fg-caption-desc\">... pour un festival de conversions.<\/div><\/div><\/figcaption><\/figure><div class=\"fg-loader\"><\/div><\/div><div class=\"fg-item fg-type-image fg-idle\"><figure class=\"fg-item-inner\"><a href=\"https:\/\/alpavista.ch\/Alp11\/wp-content\/uploads\/Jeizinen_Schwarzhorn_004.jpg\" data-caption-title=\"Un d\u00e9but d&#039;ascension sous forme d&#039;exercice de tricot.\" data-caption-desc=\"Un d\u00e9but d&#039;ascension sous forme d&#039;exercice de tricot.\" data-attachment-id=\"21894\" data-type=\"image\" class=\"fg-thumb\"><span class=\"fg-image-wrap\"><img decoding=\"async\" alt=\"Jeizinen_Schwarzhorn_004\" title=\"Un d\u00e9but d&#039;ascension sous forme d&#039;exercice de tricot.\" width=\"101\" height=\"57\" class=\"skip-lazy fg-image\" data-src-fg=\"https:\/\/alpavista.ch\/Alp11\/wp-content\/uploads\/cache\/Jeizinen_Schwarzhorn_004\/3037301988.jpg\" src=\"data:image\/svg+xml,%3Csvg%20xmlns%3D%22http%3A%2F%2Fwww.w3.org%2F2000%2Fsvg%22%20width%3D%22101%22%20height%3D%2257%22%20viewBox%3D%220%200%20101%2057%22%3E%3C%2Fsvg%3E\" loading=\"eager\"><\/span><span class=\"fg-image-overlay\"><\/span><\/a><figcaption class=\"fg-caption\"><div class=\"fg-caption-inner\"><div class=\"fg-caption-desc\">Un d\u00e9but d'ascension sous forme d'exercice de tricot.<\/div><\/div><\/figcaption><\/figure><div class=\"fg-loader\"><\/div><\/div><div class=\"fg-item fg-type-image fg-idle\"><figure class=\"fg-item-inner\"><a href=\"https:\/\/alpavista.ch\/Alp11\/wp-content\/uploads\/Jeizinen_Schwarzhorn_005.jpg\" data-caption-title=\"Plawald, Allmeiwald, F\u00e4silwald : les for\u00eats succ\u00e8dent aux for\u00eats, la trace n&#039;en finit pas d&#039;onduler (pour notre plus grand bonheur)\" data-caption-desc=\"Plawald, Allmeiwald, F\u00e4silwald : les for\u00eats succ\u00e8dent aux for\u00eats, la trace n&#039;en finit pas d&#039;onduler (pour notre plus grand bonheur)\" data-attachment-id=\"21893\" data-type=\"image\" class=\"fg-thumb\"><span class=\"fg-image-wrap\"><img decoding=\"async\" alt=\"Jeizinen_Schwarzhorn_005\" title=\"Plawald, Allmeiwald, F\u00e4silwald : les for\u00eats succ\u00e8dent aux for\u00eats, la trace n&#039;en finit pas d&#039;onduler (pour notre plus grand bonheur)\" width=\"101\" height=\"57\" class=\"skip-lazy fg-image\" data-src-fg=\"https:\/\/alpavista.ch\/Alp11\/wp-content\/uploads\/cache\/Jeizinen_Schwarzhorn_005\/3120666838.jpg\" src=\"data:image\/svg+xml,%3Csvg%20xmlns%3D%22http%3A%2F%2Fwww.w3.org%2F2000%2Fsvg%22%20width%3D%22101%22%20height%3D%2257%22%20viewBox%3D%220%200%20101%2057%22%3E%3C%2Fsvg%3E\" loading=\"eager\"><\/span><span class=\"fg-image-overlay\"><\/span><\/a><figcaption class=\"fg-caption\"><div class=\"fg-caption-inner\"><div class=\"fg-caption-desc\">Plawald, Allmeiwald, F\u00e4silwald : les for\u00eats succ\u00e8dent aux for\u00eats, la trace n'en finit pas d'onduler (pour notre plus grand bonheur)<\/div><\/div><\/figcaption><\/figure><div class=\"fg-loader\"><\/div><\/div><div class=\"fg-item fg-type-image fg-idle\"><figure class=\"fg-item-inner\"><a href=\"https:\/\/alpavista.ch\/Alp11\/wp-content\/uploads\/Jeizinen_Schwarzhorn_006.jpg\" data-caption-title=\"Elle ondule m\u00eame tellement, que parfois, elle s&#039;enfonce pour contourner un \u00e9peron infranchissable.\" data-caption-desc=\"Elle ondule m\u00eame tellement, que parfois, elle s&#039;enfonce pour contourner un \u00e9peron infranchissable.\" data-attachment-id=\"21892\" data-type=\"image\" class=\"fg-thumb\"><span class=\"fg-image-wrap\"><img decoding=\"async\" alt=\"Jeizinen_Schwarzhorn_006\" title=\"Elle ondule m\u00eame tellement, que parfois, elle s&#039;enfonce pour contourner un \u00e9peron infranchissable.\" width=\"101\" height=\"57\" class=\"skip-lazy fg-image\" data-src-fg=\"https:\/\/alpavista.ch\/Alp11\/wp-content\/uploads\/cache\/Jeizinen_Schwarzhorn_006\/1554334330.jpg\" src=\"data:image\/svg+xml,%3Csvg%20xmlns%3D%22http%3A%2F%2Fwww.w3.org%2F2000%2Fsvg%22%20width%3D%22101%22%20height%3D%2257%22%20viewBox%3D%220%200%20101%2057%22%3E%3C%2Fsvg%3E\" loading=\"eager\"><\/span><span class=\"fg-image-overlay\"><\/span><\/a><figcaption class=\"fg-caption\"><div class=\"fg-caption-inner\"><div class=\"fg-caption-desc\">Elle ondule m\u00eame tellement, que parfois, elle s'enfonce pour contourner un \u00e9peron infranchissable.<\/div><\/div><\/figcaption><\/figure><div class=\"fg-loader\"><\/div><\/div><div class=\"fg-item fg-type-image fg-idle\"><figure class=\"fg-item-inner\"><a href=\"https:\/\/alpavista.ch\/Alp11\/wp-content\/uploads\/Jeizinen_Schwarzhorn_007.jpg\" data-caption-title=\"Et quand elle s&#039;arr\u00eate d&#039;onduler c&#039;est pour mieux serpenter \u00e0 travers un d\u00e9dale de failles plus ou moins profondes...\" data-caption-desc=\"Et quand elle s&#039;arr\u00eate d&#039;onduler c&#039;est pour mieux serpenter \u00e0 travers un d\u00e9dale de failles plus ou moins profondes...\" data-attachment-id=\"21891\" data-type=\"image\" class=\"fg-thumb\"><span class=\"fg-image-wrap\"><img decoding=\"async\" alt=\"Jeizinen_Schwarzhorn_007\" title=\"Et quand elle s&#039;arr\u00eate d&#039;onduler c&#039;est pour mieux serpenter \u00e0 travers un d\u00e9dale de failles plus ou moins profondes...\" width=\"101\" height=\"57\" class=\"skip-lazy fg-image\" data-src-fg=\"https:\/\/alpavista.ch\/Alp11\/wp-content\/uploads\/cache\/Jeizinen_Schwarzhorn_007\/678634805.jpg\" src=\"data:image\/svg+xml,%3Csvg%20xmlns%3D%22http%3A%2F%2Fwww.w3.org%2F2000%2Fsvg%22%20width%3D%22101%22%20height%3D%2257%22%20viewBox%3D%220%200%20101%2057%22%3E%3C%2Fsvg%3E\" loading=\"eager\"><\/span><span class=\"fg-image-overlay\"><\/span><\/a><figcaption class=\"fg-caption\"><div class=\"fg-caption-inner\"><div class=\"fg-caption-desc\">Et quand elle s'arr\u00eate d'onduler c'est pour mieux serpenter \u00e0 travers un d\u00e9dale de failles plus ou moins profondes...<\/div><\/div><\/figcaption><\/figure><div class=\"fg-loader\"><\/div><\/div><div class=\"fg-item fg-type-image fg-idle\"><figure class=\"fg-item-inner\"><a href=\"https:\/\/alpavista.ch\/Alp11\/wp-content\/uploads\/Jeizinen_Schwarzhorn_008.jpg\" data-caption-title=\"... et plus ou moins recouvertes de neige.\" data-caption-desc=\"... et plus ou moins recouvertes de neige.\" data-attachment-id=\"21890\" data-type=\"image\" class=\"fg-thumb\"><span class=\"fg-image-wrap\"><img decoding=\"async\" alt=\"Jeizinen_Schwarzhorn_008\" title=\"... et plus ou moins recouvertes de neige.\" width=\"101\" height=\"57\" class=\"skip-lazy fg-image\" data-src-fg=\"https:\/\/alpavista.ch\/Alp11\/wp-content\/uploads\/cache\/Jeizinen_Schwarzhorn_008\/2574838486.jpg\" src=\"data:image\/svg+xml,%3Csvg%20xmlns%3D%22http%3A%2F%2Fwww.w3.org%2F2000%2Fsvg%22%20width%3D%22101%22%20height%3D%2257%22%20viewBox%3D%220%200%20101%2057%22%3E%3C%2Fsvg%3E\" loading=\"eager\"><\/span><span class=\"fg-image-overlay\"><\/span><\/a><figcaption class=\"fg-caption\"><div class=\"fg-caption-inner\"><div class=\"fg-caption-desc\">... et plus ou moins recouvertes de neige.<\/div><\/div><\/figcaption><\/figure><div class=\"fg-loader\"><\/div><\/div><div class=\"fg-item fg-type-image fg-idle\"><figure class=\"fg-item-inner\"><a href=\"https:\/\/alpavista.ch\/Alp11\/wp-content\/uploads\/Jeizinen_Schwarzhorn_009.jpg\" data-caption-title=\"La limite des for\u00eats : les m\u00e9l\u00e8zes les plus courageux n&#039;ont forc\u00e9ment la plus belle vie.\" data-caption-desc=\"La limite des for\u00eats : les m\u00e9l\u00e8zes les plus courageux n&#039;ont forc\u00e9ment la plus belle vie.\" data-attachment-id=\"21889\" data-type=\"image\" class=\"fg-thumb\"><span class=\"fg-image-wrap\"><img decoding=\"async\" alt=\"Jeizinen_Schwarzhorn_009\" title=\"La limite des for\u00eats : les m\u00e9l\u00e8zes les plus courageux n&#039;ont forc\u00e9ment la plus belle vie.\" width=\"101\" height=\"57\" class=\"skip-lazy fg-image\" data-src-fg=\"https:\/\/alpavista.ch\/Alp11\/wp-content\/uploads\/cache\/Jeizinen_Schwarzhorn_009\/743351841.jpg\" src=\"data:image\/svg+xml,%3Csvg%20xmlns%3D%22http%3A%2F%2Fwww.w3.org%2F2000%2Fsvg%22%20width%3D%22101%22%20height%3D%2257%22%20viewBox%3D%220%200%20101%2057%22%3E%3C%2Fsvg%3E\" loading=\"eager\"><\/span><span class=\"fg-image-overlay\"><\/span><\/a><figcaption class=\"fg-caption\"><div class=\"fg-caption-inner\"><div class=\"fg-caption-desc\">La limite des for\u00eats : les m\u00e9l\u00e8zes les plus courageux n'ont forc\u00e9ment la plus belle vie.<\/div><\/div><\/figcaption><\/figure><div class=\"fg-loader\"><\/div><\/div><div class=\"fg-item fg-type-image fg-idle\"><figure class=\"fg-item-inner\"><a href=\"https:\/\/alpavista.ch\/Alp11\/wp-content\/uploads\/Jeizinen_Schwarzhorn_010.jpg\" data-caption-title=\"Plus d&#039;arbres pour limiter les effets des temp\u00eates hivernales, mais beaucoup de corniches pour en t\u00e9moigner.\" data-caption-desc=\"Plus d&#039;arbres pour limiter les effets des temp\u00eates hivernales, mais beaucoup de corniches pour en t\u00e9moigner.\" data-attachment-id=\"21888\" data-type=\"image\" class=\"fg-thumb\"><span class=\"fg-image-wrap\"><img decoding=\"async\" alt=\"Jeizinen_Schwarzhorn_010\" title=\"Plus d&#039;arbres pour limiter les effets des temp\u00eates hivernales, mais beaucoup de corniches pour en t\u00e9moigner.\" width=\"101\" height=\"57\" class=\"skip-lazy fg-image\" data-src-fg=\"https:\/\/alpavista.ch\/Alp11\/wp-content\/uploads\/cache\/Jeizinen_Schwarzhorn_010\/1280406534.jpg\" src=\"data:image\/svg+xml,%3Csvg%20xmlns%3D%22http%3A%2F%2Fwww.w3.org%2F2000%2Fsvg%22%20width%3D%22101%22%20height%3D%2257%22%20viewBox%3D%220%200%20101%2057%22%3E%3C%2Fsvg%3E\" loading=\"eager\"><\/span><span class=\"fg-image-overlay\"><\/span><\/a><figcaption class=\"fg-caption\"><div class=\"fg-caption-inner\"><div class=\"fg-caption-desc\">Plus d'arbres pour limiter les effets des temp\u00eates hivernales, mais beaucoup de corniches pour en t\u00e9moigner.<\/div><\/div><\/figcaption><\/figure><div class=\"fg-loader\"><\/div><\/div><div class=\"fg-item fg-type-image fg-idle\"><figure class=\"fg-item-inner\"><a href=\"https:\/\/alpavista.ch\/Alp11\/wp-content\/uploads\/Jeizinen_Schwarzhorn_011.jpg\" data-caption-title=\"Heruhubel, bienvenue sur la lune.\" data-caption-desc=\"Heruhubel, bienvenue sur la lune.\" data-attachment-id=\"21887\" data-type=\"image\" class=\"fg-thumb\"><span class=\"fg-image-wrap\"><img decoding=\"async\" alt=\"Jeizinen_Schwarzhorn_011\" title=\"Heruhubel, bienvenue sur la lune.\" width=\"101\" height=\"57\" class=\"skip-lazy fg-image\" data-src-fg=\"https:\/\/alpavista.ch\/Alp11\/wp-content\/uploads\/cache\/Jeizinen_Schwarzhorn_011\/3034941134.jpg\" src=\"data:image\/svg+xml,%3Csvg%20xmlns%3D%22http%3A%2F%2Fwww.w3.org%2F2000%2Fsvg%22%20width%3D%22101%22%20height%3D%2257%22%20viewBox%3D%220%200%20101%2057%22%3E%3C%2Fsvg%3E\" loading=\"eager\"><\/span><span class=\"fg-image-overlay\"><\/span><\/a><figcaption class=\"fg-caption\"><div class=\"fg-caption-inner\"><div class=\"fg-caption-desc\">Heruhubel, bienvenue sur la lune.<\/div><\/div><\/figcaption><\/figure><div class=\"fg-loader\"><\/div><\/div><div class=\"fg-item fg-type-image fg-idle\"><figure class=\"fg-item-inner\"><a href=\"https:\/\/alpavista.ch\/Alp11\/wp-content\/uploads\/Jeizinen_Schwarzhorn_012.jpg\" data-caption-title=\"Ou comment passer d&#039;une couche de neige impressionnante \u00e0 une peau de b\u00e9b\u00e9 en deux petites centaines de m\u00e8tres.\" data-caption-desc=\"Ou comment passer d&#039;une couche de neige impressionnante \u00e0 une peau de b\u00e9b\u00e9 en deux petites centaines de m\u00e8tres.\" data-attachment-id=\"21886\" data-type=\"image\" class=\"fg-thumb\"><span class=\"fg-image-wrap\"><img decoding=\"async\" alt=\"Jeizinen_Schwarzhorn_012\" title=\"Ou comment passer d&#039;une couche de neige impressionnante \u00e0 une peau de b\u00e9b\u00e9 en deux petites centaines de m\u00e8tres.\" width=\"101\" height=\"57\" class=\"skip-lazy fg-image\" data-src-fg=\"https:\/\/alpavista.ch\/Alp11\/wp-content\/uploads\/cache\/Jeizinen_Schwarzhorn_012\/1380015202.jpg\" src=\"data:image\/svg+xml,%3Csvg%20xmlns%3D%22http%3A%2F%2Fwww.w3.org%2F2000%2Fsvg%22%20width%3D%22101%22%20height%3D%2257%22%20viewBox%3D%220%200%20101%2057%22%3E%3C%2Fsvg%3E\" loading=\"eager\"><\/span><span class=\"fg-image-overlay\"><\/span><\/a><figcaption class=\"fg-caption\"><div class=\"fg-caption-inner\"><div class=\"fg-caption-desc\">Ou comment passer d'une couche de neige impressionnante \u00e0 une peau de b\u00e9b\u00e9 en deux petites centaines de m\u00e8tres.<\/div><\/div><\/figcaption><\/figure><div class=\"fg-loader\"><\/div><\/div><div class=\"fg-item fg-type-image fg-idle\"><figure class=\"fg-item-inner\"><a href=\"https:\/\/alpavista.ch\/Alp11\/wp-content\/uploads\/Jeizinen_Schwarzhorn_013.jpg\" data-caption-title=\"Lichen, herbes s\u00e8ches et rochers acceuillants, une pause s&#039;impose.\" data-caption-desc=\"Lichen, herbes s\u00e8ches et rochers acceuillants, une pause s&#039;impose.\" data-attachment-id=\"21885\" data-type=\"image\" class=\"fg-thumb\"><span class=\"fg-image-wrap\"><img decoding=\"async\" alt=\"Jeizinen_Schwarzhorn_013\" title=\"Lichen, herbes s\u00e8ches et rochers acceuillants, une pause s&#039;impose.\" width=\"101\" height=\"57\" class=\"skip-lazy fg-image\" data-src-fg=\"https:\/\/alpavista.ch\/Alp11\/wp-content\/uploads\/cache\/Jeizinen_Schwarzhorn_013\/647445293.jpg\" src=\"data:image\/svg+xml,%3Csvg%20xmlns%3D%22http%3A%2F%2Fwww.w3.org%2F2000%2Fsvg%22%20width%3D%22101%22%20height%3D%2257%22%20viewBox%3D%220%200%20101%2057%22%3E%3C%2Fsvg%3E\" loading=\"eager\"><\/span><span class=\"fg-image-overlay\"><\/span><\/a><figcaption class=\"fg-caption\"><div class=\"fg-caption-inner\"><div class=\"fg-caption-desc\">Lichen, herbes s\u00e8ches et rochers acceuillants, une pause s'impose.<\/div><\/div><\/figcaption><\/figure><div class=\"fg-loader\"><\/div><\/div><div class=\"fg-item fg-type-image fg-idle\"><figure class=\"fg-item-inner\"><a href=\"https:\/\/alpavista.ch\/Alp11\/wp-content\/uploads\/Jeizinen_Schwarzhorn_014.jpg\" data-caption-title=\"A partir de 2300 m\u00e8tres, changement de programme et de tenue. Le d\u00e9coiffant vent du nord nous rappelle que sur l&#039;autre versant des Bernoises, le mauvais temps est \u00e0 l&#039;oeuvre.\" data-caption-desc=\"A partir de 2300 m\u00e8tres, changement de programme et de tenue. Le d\u00e9coiffant vent du nord nous rappelle que sur l&#039;autre versant des Bernoises, le mauvais temps est \u00e0 l&#039;oeuvre.\" data-attachment-id=\"21884\" data-type=\"image\" class=\"fg-thumb\"><span class=\"fg-image-wrap\"><img decoding=\"async\" alt=\"Jeizinen_Schwarzhorn_014\" title=\"A partir de 2300 m\u00e8tres, changement de programme et de tenue. Le d\u00e9coiffant vent du nord nous rappelle que sur l&#039;autre versant des Bernoises, le mauvais temps est \u00e0 l&#039;oeuvre.\" width=\"101\" height=\"57\" class=\"skip-lazy fg-image\" data-src-fg=\"https:\/\/alpavista.ch\/Alp11\/wp-content\/uploads\/cache\/Jeizinen_Schwarzhorn_014\/1148841851.jpg\" src=\"data:image\/svg+xml,%3Csvg%20xmlns%3D%22http%3A%2F%2Fwww.w3.org%2F2000%2Fsvg%22%20width%3D%22101%22%20height%3D%2257%22%20viewBox%3D%220%200%20101%2057%22%3E%3C%2Fsvg%3E\" loading=\"eager\"><\/span><span class=\"fg-image-overlay\"><\/span><\/a><figcaption class=\"fg-caption\"><div class=\"fg-caption-inner\"><div class=\"fg-caption-desc\">A partir de 2300 m\u00e8tres, changement de programme et de tenue. Le d\u00e9coiffant vent du nord nous rappelle que sur l'autre versant des Bernoises, le mauvais temps est \u00e0 l'oeuvre.<\/div><\/div><\/figcaption><\/figure><div class=\"fg-loader\"><\/div><\/div><div class=\"fg-item fg-type-image fg-idle\"><figure class=\"fg-item-inner\"><a href=\"https:\/\/alpavista.ch\/Alp11\/wp-content\/uploads\/Jeizinen_Schwarzhorn_015.jpg\" data-caption-title=\"Grindji Stafel : dis, t&#039;aurais pas vu mon chalet, je ne me rappelle plus o\u00f9 je lai gar\u00e9.\" data-caption-desc=\"Grindji Stafel : dis, t&#039;aurais pas vu mon chalet, je ne me rappelle plus o\u00f9 je lai gar\u00e9.\" data-attachment-id=\"21883\" data-type=\"image\" class=\"fg-thumb\"><span class=\"fg-image-wrap\"><img decoding=\"async\" alt=\"Jeizinen_Schwarzhorn_015\" title=\"Grindji Stafel : dis, t&#039;aurais pas vu mon chalet, je ne me rappelle plus o\u00f9 je lai gar\u00e9.\" width=\"101\" height=\"57\" class=\"skip-lazy fg-image\" data-src-fg=\"https:\/\/alpavista.ch\/Alp11\/wp-content\/uploads\/cache\/Jeizinen_Schwarzhorn_015\/1265761097.jpg\" src=\"data:image\/svg+xml,%3Csvg%20xmlns%3D%22http%3A%2F%2Fwww.w3.org%2F2000%2Fsvg%22%20width%3D%22101%22%20height%3D%2257%22%20viewBox%3D%220%200%20101%2057%22%3E%3C%2Fsvg%3E\" loading=\"eager\"><\/span><span class=\"fg-image-overlay\"><\/span><\/a><figcaption class=\"fg-caption\"><div class=\"fg-caption-inner\"><div class=\"fg-caption-desc\">Grindji Stafel : dis, t'aurais pas vu mon chalet, je ne me rappelle plus o\u00f9 je lai gar\u00e9.<\/div><\/div><\/figcaption><\/figure><div class=\"fg-loader\"><\/div><\/div><div class=\"fg-item fg-type-image fg-idle\"><figure class=\"fg-item-inner\"><a href=\"https:\/\/alpavista.ch\/Alp11\/wp-content\/uploads\/Jeizinen_Schwarzhorn_016.jpg\" data-caption-title=\"Mr Schwarzhorn, le bien nomm\u00e9.\" data-caption-desc=\"Mr Schwarzhorn, le bien nomm\u00e9.\" data-attachment-id=\"21882\" data-type=\"image\" class=\"fg-thumb\"><span class=\"fg-image-wrap\"><img decoding=\"async\" alt=\"Jeizinen_Schwarzhorn_016\" title=\"Mr Schwarzhorn, le bien nomm\u00e9.\" width=\"101\" height=\"57\" class=\"skip-lazy fg-image\" data-src-fg=\"https:\/\/alpavista.ch\/Alp11\/wp-content\/uploads\/cache\/Jeizinen_Schwarzhorn_016\/2916426213.jpg\" src=\"data:image\/svg+xml,%3Csvg%20xmlns%3D%22http%3A%2F%2Fwww.w3.org%2F2000%2Fsvg%22%20width%3D%22101%22%20height%3D%2257%22%20viewBox%3D%220%200%20101%2057%22%3E%3C%2Fsvg%3E\" loading=\"eager\"><\/span><span class=\"fg-image-overlay\"><\/span><\/a><figcaption class=\"fg-caption\"><div class=\"fg-caption-inner\"><div class=\"fg-caption-desc\">Mr Schwarzhorn, le bien nomm\u00e9.<\/div><\/div><\/figcaption><\/figure><div class=\"fg-loader\"><\/div><\/div><div class=\"fg-item fg-type-image fg-idle\"><figure class=\"fg-item-inner\"><a href=\"https:\/\/alpavista.ch\/Alp11\/wp-content\/uploads\/Jeizinen_Schwarzhorn_017.jpg\" data-caption-title=\"Pu...., \u00e7a penche.\" data-caption-desc=\"Pu...., \u00e7a penche.\" data-attachment-id=\"21881\" data-type=\"image\" class=\"fg-thumb\"><span class=\"fg-image-wrap\"><img decoding=\"async\" alt=\"Jeizinen_Schwarzhorn_017\" title=\"Pu...., \u00e7a penche.\" width=\"101\" height=\"57\" class=\"skip-lazy fg-image\" data-src-fg=\"https:\/\/alpavista.ch\/Alp11\/wp-content\/uploads\/cache\/Jeizinen_Schwarzhorn_017\/3640870570.jpg\" src=\"data:image\/svg+xml,%3Csvg%20xmlns%3D%22http%3A%2F%2Fwww.w3.org%2F2000%2Fsvg%22%20width%3D%22101%22%20height%3D%2257%22%20viewBox%3D%220%200%20101%2057%22%3E%3C%2Fsvg%3E\" loading=\"eager\"><\/span><span class=\"fg-image-overlay\"><\/span><\/a><figcaption class=\"fg-caption\"><div class=\"fg-caption-inner\"><div class=\"fg-caption-desc\">Pu...., \u00e7a penche.<\/div><\/div><\/figcaption><\/figure><div class=\"fg-loader\"><\/div><\/div><div class=\"fg-item fg-type-image fg-idle\"><figure class=\"fg-item-inner\"><a href=\"https:\/\/alpavista.ch\/Alp11\/wp-content\/uploads\/Jeizinen_Schwarzhorn_018.jpg\" data-caption-title=\"Un beau versant parsem\u00e9 de jeunes m\u00e9l\u00e8zes et une fine couche de neige poudreuse...\" data-caption-desc=\"Un beau versant parsem\u00e9 de jeunes m\u00e9l\u00e8zes et une fine couche de neige poudreuse...\" data-attachment-id=\"21880\" data-type=\"image\" class=\"fg-thumb\"><span class=\"fg-image-wrap\"><img decoding=\"async\" alt=\"Jeizinen_Schwarzhorn_018\" title=\"Un beau versant parsem\u00e9 de jeunes m\u00e9l\u00e8zes et une fine couche de neige poudreuse...\" width=\"101\" height=\"57\" class=\"skip-lazy fg-image\" data-src-fg=\"https:\/\/alpavista.ch\/Alp11\/wp-content\/uploads\/cache\/Jeizinen_Schwarzhorn_018\/1745389897.jpg\" src=\"data:image\/svg+xml,%3Csvg%20xmlns%3D%22http%3A%2F%2Fwww.w3.org%2F2000%2Fsvg%22%20width%3D%22101%22%20height%3D%2257%22%20viewBox%3D%220%200%20101%2057%22%3E%3C%2Fsvg%3E\" loading=\"eager\"><\/span><span class=\"fg-image-overlay\"><\/span><\/a><figcaption class=\"fg-caption\"><div class=\"fg-caption-inner\"><div class=\"fg-caption-desc\">Un beau versant parsem\u00e9 de jeunes m\u00e9l\u00e8zes et une fine couche de neige poudreuse...<\/div><\/div><\/figcaption><\/figure><div class=\"fg-loader\"><\/div><\/div><div class=\"fg-item fg-type-image fg-idle\"><figure class=\"fg-item-inner\"><a href=\"https:\/\/alpavista.ch\/Alp11\/wp-content\/uploads\/Jeizinen_Schwarzhorn_019.jpg\" data-caption-title=\"... le bonheur est souvent dans le pr\u00e9, particuli\u00e8rement aujourd&#039;hui, dans celui d&#039;Oberi F\u00e4silalpu.\" data-caption-desc=\"... le bonheur est souvent dans le pr\u00e9, particuli\u00e8rement aujourd&#039;hui, dans celui d&#039;Oberi F\u00e4silalpu.\" data-attachment-id=\"21879\" data-type=\"image\" class=\"fg-thumb\"><span class=\"fg-image-wrap\"><img decoding=\"async\" alt=\"Jeizinen_Schwarzhorn_019\" title=\"... le bonheur est souvent dans le pr\u00e9, particuli\u00e8rement aujourd&#039;hui, dans celui d&#039;Oberi F\u00e4silalpu.\" width=\"101\" height=\"57\" class=\"skip-lazy fg-image\" data-src-fg=\"https:\/\/alpavista.ch\/Alp11\/wp-content\/uploads\/cache\/Jeizinen_Schwarzhorn_019\/3104397393.jpg\" src=\"data:image\/svg+xml,%3Csvg%20xmlns%3D%22http%3A%2F%2Fwww.w3.org%2F2000%2Fsvg%22%20width%3D%22101%22%20height%3D%2257%22%20viewBox%3D%220%200%20101%2057%22%3E%3C%2Fsvg%3E\" loading=\"eager\"><\/span><span class=\"fg-image-overlay\"><\/span><\/a><figcaption class=\"fg-caption\"><div class=\"fg-caption-inner\"><div class=\"fg-caption-desc\">... le bonheur est souvent dans le pr\u00e9, particuli\u00e8rement aujourd'hui, dans celui d'Oberi F\u00e4silalpu.<\/div><\/div><\/figcaption><\/figure><div class=\"fg-loader\"><\/div><\/div><div class=\"fg-item fg-type-image fg-idle\"><figure class=\"fg-item-inner\"><a href=\"https:\/\/alpavista.ch\/Alp11\/wp-content\/uploads\/Jeizinen_Schwarzhorn_020.jpg\" data-caption-title=\"Forc\u00e9ment en perdant de l&#039;altitude on perd aussi en qualit\u00e9 de neige...\" data-caption-desc=\"Forc\u00e9ment en perdant de l&#039;altitude on perd aussi en qualit\u00e9 de neige...\" data-attachment-id=\"21878\" data-type=\"image\" class=\"fg-thumb\"><span class=\"fg-image-wrap\"><img decoding=\"async\" alt=\"Jeizinen_Schwarzhorn_020\" title=\"Forc\u00e9ment en perdant de l&#039;altitude on perd aussi en qualit\u00e9 de neige...\" width=\"101\" height=\"57\" class=\"skip-lazy fg-image\" data-src-fg=\"https:\/\/alpavista.ch\/Alp11\/wp-content\/uploads\/cache\/Jeizinen_Schwarzhorn_020\/4158694128.jpg\" src=\"data:image\/svg+xml,%3Csvg%20xmlns%3D%22http%3A%2F%2Fwww.w3.org%2F2000%2Fsvg%22%20width%3D%22101%22%20height%3D%2257%22%20viewBox%3D%220%200%20101%2057%22%3E%3C%2Fsvg%3E\" loading=\"eager\"><\/span><span class=\"fg-image-overlay\"><\/span><\/a><figcaption class=\"fg-caption\"><div class=\"fg-caption-inner\"><div class=\"fg-caption-desc\">Forc\u00e9ment en perdant de l'altitude on perd aussi en qualit\u00e9 de neige...<\/div><\/div><\/figcaption><\/figure><div class=\"fg-loader\"><\/div><\/div><div class=\"fg-item fg-type-image fg-idle\"><figure class=\"fg-item-inner\"><a href=\"https:\/\/alpavista.ch\/Alp11\/wp-content\/uploads\/Jeizinen_Schwarzhorn_021.jpg\" data-caption-title=\"Pas grave, on est justement sur le point de rejoindre les pistes de ski de Jeizinen.\" data-caption-desc=\"Pas grave, on est justement sur le point de rejoindre les pistes de ski de Jeizinen.\" data-attachment-id=\"21877\" data-type=\"image\" class=\"fg-thumb\"><span class=\"fg-image-wrap\"><img decoding=\"async\" alt=\"Jeizinen_Schwarzhorn_021\" title=\"Pas grave, on est justement sur le point de rejoindre les pistes de ski de Jeizinen.\" width=\"101\" height=\"57\" class=\"skip-lazy fg-image\" data-src-fg=\"https:\/\/alpavista.ch\/Alp11\/wp-content\/uploads\/cache\/Jeizinen_Schwarzhorn_021\/257183800.jpg\" src=\"data:image\/svg+xml,%3Csvg%20xmlns%3D%22http%3A%2F%2Fwww.w3.org%2F2000%2Fsvg%22%20width%3D%22101%22%20height%3D%2257%22%20viewBox%3D%220%200%20101%2057%22%3E%3C%2Fsvg%3E\" loading=\"eager\"><\/span><span class=\"fg-image-overlay\"><\/span><\/a><figcaption class=\"fg-caption\"><div class=\"fg-caption-inner\"><div class=\"fg-caption-desc\">Pas grave, on est justement sur le point de rejoindre les pistes de ski de Jeizinen.<\/div><\/div><\/figcaption><\/figure><div class=\"fg-loader\"><\/div><\/div><\/div>\n\n<input class=\"fooboxshare_post_id\" type=\"hidden\" value=\"4748\"\/>","protected":false},"excerpt":{"rendered":"<p>Schwarzhorn est une d\u00e9nomination particuli\u00e8rement r\u00e9pandue dans la partie germanophone des Alpes. Le SwissMap en d\u00e9nombre 20 principaux, mais c\u2019est \u00e9videmment sans compter les sommets secondaires, non r\u00e9pertori\u00e9s dans son index. Celui qui nous int\u00e9ressait en ce 3\u00e8me jour de 2013 se situe au-dessus du village de Jeizinen, en bordure du Loetschental, \u00e0 peu pr\u00e8s \u00e0 la verticale de la gare ferroviaire de Goppenstein.<\/p>\n","protected":false},"author":2,"featured_media":6305,"comment_status":"open","ping_status":"open","sticky":false,"template":"","format":"standard","meta":{"footnotes":""},"categories":[658,360],"tags":[1346,1540,1345,1094,1344,1515],"class_list":["post-4748","post","type-post","status-publish","format-standard","has-post-thumbnail","hentry","category-outdoor","category-ski","tag-fasilalpu","tag-heruhubel","tag-jeizinen","tag-loetschental","tag-niwen","tag-schwarzhorn"],"_links":{"self":[{"href":"https:\/\/alpavista.ch\/Alp11\/wp-json\/wp\/v2\/posts\/4748","targetHints":{"allow":["GET"]}}],"collection":[{"href":"https:\/\/alpavista.ch\/Alp11\/wp-json\/wp\/v2\/posts"}],"about":[{"href":"https:\/\/alpavista.ch\/Alp11\/wp-json\/wp\/v2\/types\/post"}],"author":[{"embeddable":true,"href":"https:\/\/alpavista.ch\/Alp11\/wp-json\/wp\/v2\/users\/2"}],"replies":[{"embeddable":true,"href":"https:\/\/alpavista.ch\/Alp11\/wp-json\/wp\/v2\/comments?post=4748"}],"version-history":[{"count":0,"href":"https:\/\/alpavista.ch\/Alp11\/wp-json\/wp\/v2\/posts\/4748\/revisions"}],"wp:featuredmedia":[{"embeddable":true,"href":"https:\/\/alpavista.ch\/Alp11\/wp-json\/wp\/v2\/media\/6305"}],"wp:attachment":[{"href":"https:\/\/alpavista.ch\/Alp11\/wp-json\/wp\/v2\/media?parent=4748"}],"wp:term":[{"taxonomy":"category","embeddable":true,"href":"https:\/\/alpavista.ch\/Alp11\/wp-json\/wp\/v2\/categories?post=4748"},{"taxonomy":"post_tag","embeddable":true,"href":"https:\/\/alpavista.ch\/Alp11\/wp-json\/wp\/v2\/tags?post=4748"}],"curies":[{"name":"wp","href":"https:\/\/api.w.org\/{rel}","templated":true}]}}