{"id":4767,"date":"2013-03-01T18:32:29","date_gmt":"2013-03-01T17:32:29","guid":{"rendered":"http:\/\/www.alpavista.ch\/Alp11\/?p=4767"},"modified":"2022-12-09T17:41:09","modified_gmt":"2022-12-09T16:41:09","slug":"horlini-albinen","status":"publish","type":"post","link":"https:\/\/alpavista.ch\/Alp11\/2013\/03\/01\/horlini-albinen\/","title":{"rendered":"Horlini (Albinen)"},"content":{"rendered":"<p>Une bref t\u00eate-\u00e0-t\u00eate avec Madame H3N2, une mini-glaciation et cinq accidents mortels d\u2019avalanche en degr\u00e9 de danger 2 plus tard, f\u00e9vrier et ses belles promesses se sont envol\u00e9s, et mars a d\u00e9j\u00e0 gliss\u00e9 un pied dans la porte entrouverte. Premier jour du printemps m\u00e9t\u00e9orologique oblige, nous avons rechauss\u00e9 nos skis sur un des versants les plus ensoleill\u00e9s du Vieux-Pays. D\u00e9marrage matinal \u00e0 partir du superbe promontoire naturel d\u2019Albinen pour une rando aussi pittoresque que lumineuse. D\u2019abord envisag\u00e9e en direction du Schafberg, notre sortie du jour nous a finalement ramen\u00e9 sur les hauteurs du panoramique Horlini par un itin\u00e9raire encore plus gratifiant que celui d\u00e9marrant de Guttet. L\u2019ascension, via le hameau de Tsch\u00e4rmilonga puis le col de Schnydi, est un petit bijou qui arriverait \u00e0 faire oublier l\u2019effort n\u00e9cessaire pour vaincre les 1&rsquo;150 m de D+ au plus \u00ab ronchon \u00bb des randonneurs.<br \/>\n<!--more--><br \/>\nApr\u00e8s une semaine sans nouvelles chutes de neige, nous n\u2019avions pas trop d\u2019illusions sur les conditions de ski que nous allions rencontrer dans une r\u00e9gion aussi expos\u00e9e \u00e0 l\u2019astre du jour. Comme les premiers randonneurs redescendant p\u00e9niblement du Schafberg nous l&rsquo;ont rapidement confirmer, nous avons donc changer notre fusil d\u2019\u00e9paule, pour aller tester les conditions du versant Ouest de Sieur Horlini. Grande id\u00e9e ! L\u00e9g\u00e8rement mis \u00e0 mal par un vent toujours pr\u00e9sent, son magnifique flanc occidental \u00e9tait encore d\u00e9licieusement skiable.<\/p>\n<style type=\"text\/css\">\n#foogallery-gallery-22057 .fg-image { width: 101px; }\n#foogallery-gallery-22057 { --fg-gutter: 1px; }<\/style>\n\t\t\t<div class=\"foogallery foogallery-container foogallery-default foogallery-lightbox-none fg-left fg-default fg-ready fg-light fg-loading-default fg-loaded-fade-in fg-preset fg-selena fg-preset-small fg-preset fg-selena fg-preset-small\" id=\"foogallery-gallery-22057\" data-foogallery=\"{&quot;item&quot;:{&quot;showCaptionTitle&quot;:false,&quot;showCaptionDescription&quot;:true},&quot;lazy&quot;:true,&quot;state&quot;:{&quot;enabled&quot;:true,&quot;mask&quot;:&quot;foogallery-{id}&quot;}}\" style=\"--fg-title-line-clamp: 0; --fg-description-line-clamp: 0;\" >\n\t<div class=\"fg-item fg-type-image fg-idle\"><figure class=\"fg-item-inner\"><a href=\"https:\/\/alpavista.ch\/Alp11\/wp-content\/uploads\/Horlini_Albinen_001.jpg\" data-caption-title=\"D\u00e9part d&#039;Albinen cro\u00fbt\u00e9 mais agr\u00e9ablement ensoleill\u00e9.\" data-caption-desc=\"D\u00e9part d&#039;Albinen cro\u00fbt\u00e9 mais agr\u00e9ablement ensoleill\u00e9.\" data-attachment-id=\"22085\" data-type=\"image\" class=\"fg-thumb\"><span class=\"fg-image-wrap\"><img decoding=\"async\" alt=\"Horlini_Albinen_001\" title=\"D\u00e9part d&#039;Albinen cro\u00fbt\u00e9 mais agr\u00e9ablement ensoleill\u00e9.\" width=\"101\" height=\"57\" class=\"skip-lazy fg-image\" data-src-fg=\"https:\/\/alpavista.ch\/Alp11\/wp-content\/uploads\/cache\/Horlini_Albinen_001\/3014940399.jpg\" src=\"data:image\/svg+xml,%3Csvg%20xmlns%3D%22http%3A%2F%2Fwww.w3.org%2F2000%2Fsvg%22%20width%3D%22101%22%20height%3D%2257%22%20viewBox%3D%220%200%20101%2057%22%3E%3C%2Fsvg%3E\" loading=\"eager\"><\/span><span class=\"fg-image-overlay\"><\/span><\/a><figcaption class=\"fg-caption\"><div class=\"fg-caption-inner\"><div class=\"fg-caption-desc\">D\u00e9part d'Albinen cro\u00fbt\u00e9 mais agr\u00e9ablement ensoleill\u00e9.<\/div><\/div><\/figcaption><\/figure><div class=\"fg-loader\"><\/div><\/div><div class=\"fg-item fg-type-image fg-idle\"><figure class=\"fg-item-inner\"><a href=\"https:\/\/alpavista.ch\/Alp11\/wp-content\/uploads\/Horlini_Albinen_002.jpg\" data-caption-title=\"Petite s\u00e9ance de jardinage \u00e0 la recherche du meilleur passage forestier...\" data-caption-desc=\"Petite s\u00e9ance de jardinage \u00e0 la recherche du meilleur passage forestier...\" data-attachment-id=\"22084\" data-type=\"image\" class=\"fg-thumb\"><span class=\"fg-image-wrap\"><img decoding=\"async\" alt=\"Horlini_Albinen_002\" title=\"Petite s\u00e9ance de jardinage \u00e0 la recherche du meilleur passage forestier...\" width=\"101\" height=\"57\" class=\"skip-lazy fg-image\" data-src-fg=\"https:\/\/alpavista.ch\/Alp11\/wp-content\/uploads\/cache\/Horlini_Albinen_002\/2465189307.jpg\" src=\"data:image\/svg+xml,%3Csvg%20xmlns%3D%22http%3A%2F%2Fwww.w3.org%2F2000%2Fsvg%22%20width%3D%22101%22%20height%3D%2257%22%20viewBox%3D%220%200%20101%2057%22%3E%3C%2Fsvg%3E\" loading=\"eager\"><\/span><span class=\"fg-image-overlay\"><\/span><\/a><figcaption class=\"fg-caption\"><div class=\"fg-caption-inner\"><div class=\"fg-caption-desc\">Petite s\u00e9ance de jardinage \u00e0 la recherche du meilleur passage forestier...<\/div><\/div><\/figcaption><\/figure><div class=\"fg-loader\"><\/div><\/div><div class=\"fg-item fg-type-image fg-idle\"><figure class=\"fg-item-inner\"><a href=\"https:\/\/alpavista.ch\/Alp11\/wp-content\/uploads\/Horlini_Albinen_003.jpg\" data-caption-title=\"... pour rejoindre l&#039;\u00e9blouissante clairi\u00e8re de Tsch\u00e4rmilonga.\" data-caption-desc=\"... pour rejoindre l&#039;\u00e9blouissante clairi\u00e8re de Tsch\u00e4rmilonga.\" data-attachment-id=\"22083\" data-type=\"image\" class=\"fg-thumb\"><span class=\"fg-image-wrap\"><img decoding=\"async\" alt=\"Horlini_Albinen_003\" title=\"... pour rejoindre l&#039;\u00e9blouissante clairi\u00e8re de Tsch\u00e4rmilonga.\" width=\"101\" height=\"57\" class=\"skip-lazy fg-image\" data-src-fg=\"https:\/\/alpavista.ch\/Alp11\/wp-content\/uploads\/cache\/Horlini_Albinen_003\/2810713762.jpg\" src=\"data:image\/svg+xml,%3Csvg%20xmlns%3D%22http%3A%2F%2Fwww.w3.org%2F2000%2Fsvg%22%20width%3D%22101%22%20height%3D%2257%22%20viewBox%3D%220%200%20101%2057%22%3E%3C%2Fsvg%3E\" loading=\"eager\"><\/span><span class=\"fg-image-overlay\"><\/span><\/a><figcaption class=\"fg-caption\"><div class=\"fg-caption-inner\"><div class=\"fg-caption-desc\">... pour rejoindre l'\u00e9blouissante clairi\u00e8re de Tsch\u00e4rmilonga.<\/div><\/div><\/figcaption><\/figure><div class=\"fg-loader\"><\/div><\/div><div class=\"fg-item fg-type-image fg-idle\"><figure class=\"fg-item-inner\"><a href=\"https:\/\/alpavista.ch\/Alp11\/wp-content\/uploads\/Horlini_Albinen_004.jpg\" data-caption-title=\"Vieilles pierres, tavillons et madriers centenaires conservent tout leur charme malgr\u00e9 l&#039;incroyable couche de neige qui les recouvre.\" data-caption-desc=\"Vieilles pierres, tavillons et madriers centenaires conservent tout leur charme malgr\u00e9 l&#039;incroyable couche de neige qui les recouvre.\" data-attachment-id=\"22082\" data-type=\"image\" class=\"fg-thumb\"><span class=\"fg-image-wrap\"><img decoding=\"async\" alt=\"Horlini_Albinen_004\" title=\"Vieilles pierres, tavillons et madriers centenaires conservent tout leur charme malgr\u00e9 l&#039;incroyable couche de neige qui les recouvre.\" width=\"101\" height=\"57\" class=\"skip-lazy fg-image\" data-src-fg=\"https:\/\/alpavista.ch\/Alp11\/wp-content\/uploads\/cache\/Horlini_Albinen_004\/43614988.jpg\" src=\"data:image\/svg+xml,%3Csvg%20xmlns%3D%22http%3A%2F%2Fwww.w3.org%2F2000%2Fsvg%22%20width%3D%22101%22%20height%3D%2257%22%20viewBox%3D%220%200%20101%2057%22%3E%3C%2Fsvg%3E\" loading=\"eager\"><\/span><span class=\"fg-image-overlay\"><\/span><\/a><figcaption class=\"fg-caption\"><div class=\"fg-caption-inner\"><div class=\"fg-caption-desc\">Vieilles pierres, tavillons et madriers centenaires conservent tout leur charme malgr\u00e9 l'incroyable couche de neige qui les recouvre.<\/div><\/div><\/figcaption><\/figure><div class=\"fg-loader\"><\/div><\/div><div class=\"fg-item fg-type-image fg-idle\"><figure class=\"fg-item-inner\"><a href=\"https:\/\/alpavista.ch\/Alp11\/wp-content\/uploads\/Horlini_Albinen_005.jpg\" data-caption-title=\"Court mais intense passage en double-cales pour nous \u00e9lever au-dessus du petit hameau d&#039;altitude.\" data-caption-desc=\"Court mais intense passage en double-cales pour nous \u00e9lever au-dessus du petit hameau d&#039;altitude.\" data-attachment-id=\"22081\" data-type=\"image\" class=\"fg-thumb\"><span class=\"fg-image-wrap\"><img decoding=\"async\" alt=\"Horlini_Albinen_005\" title=\"Court mais intense passage en double-cales pour nous \u00e9lever au-dessus du petit hameau d&#039;altitude.\" width=\"101\" height=\"57\" class=\"skip-lazy fg-image\" data-src-fg=\"https:\/\/alpavista.ch\/Alp11\/wp-content\/uploads\/cache\/Horlini_Albinen_005\/3846119434.jpg\" src=\"data:image\/svg+xml,%3Csvg%20xmlns%3D%22http%3A%2F%2Fwww.w3.org%2F2000%2Fsvg%22%20width%3D%22101%22%20height%3D%2257%22%20viewBox%3D%220%200%20101%2057%22%3E%3C%2Fsvg%3E\" loading=\"eager\"><\/span><span class=\"fg-image-overlay\"><\/span><\/a><figcaption class=\"fg-caption\"><div class=\"fg-caption-inner\"><div class=\"fg-caption-desc\">Court mais intense passage en double-cales pour nous \u00e9lever au-dessus du petit hameau d'altitude.<\/div><\/div><\/figcaption><\/figure><div class=\"fg-loader\"><\/div><\/div><div class=\"fg-item fg-type-image fg-idle\"><figure class=\"fg-item-inner\"><a href=\"https:\/\/alpavista.ch\/Alp11\/wp-content\/uploads\/Horlini_Albinen_006.jpg\" data-caption-title=\"Douceur et d\u00e9luge de ciel bleu. Les semaines se suivent et, heureusement, ne se ressemblent pas toutes.\" data-caption-desc=\"Douceur et d\u00e9luge de ciel bleu. Les semaines se suivent et, heureusement, ne se ressemblent pas toutes.\" data-attachment-id=\"22080\" data-type=\"image\" class=\"fg-thumb\"><span class=\"fg-image-wrap\"><img decoding=\"async\" alt=\"Horlini_Albinen_006\" title=\"Douceur et d\u00e9luge de ciel bleu. Les semaines se suivent et, heureusement, ne se ressemblent pas toutes.\" width=\"101\" height=\"57\" class=\"skip-lazy fg-image\" data-src-fg=\"https:\/\/alpavista.ch\/Alp11\/wp-content\/uploads\/cache\/Horlini_Albinen_006\/3294935902.jpg\" src=\"data:image\/svg+xml,%3Csvg%20xmlns%3D%22http%3A%2F%2Fwww.w3.org%2F2000%2Fsvg%22%20width%3D%22101%22%20height%3D%2257%22%20viewBox%3D%220%200%20101%2057%22%3E%3C%2Fsvg%3E\" loading=\"eager\"><\/span><span class=\"fg-image-overlay\"><\/span><\/a><figcaption class=\"fg-caption\"><div class=\"fg-caption-inner\"><div class=\"fg-caption-desc\">Douceur et d\u00e9luge de ciel bleu. Les semaines se suivent et, heureusement, ne se ressemblent pas toutes.<\/div><\/div><\/figcaption><\/figure><div class=\"fg-loader\"><\/div><\/div><div class=\"fg-item fg-type-image fg-idle\"><figure class=\"fg-item-inner\"><a href=\"https:\/\/alpavista.ch\/Alp11\/wp-content\/uploads\/Horlini_Albinen_007.jpg\" data-caption-title=\"Quelques gueules de baleine, probablement assez anciennes, \u00e0 contourner...\" data-caption-desc=\"Quelques gueules de baleine, probablement assez anciennes, \u00e0 contourner...\" data-attachment-id=\"22079\" data-type=\"image\" class=\"fg-thumb\"><span class=\"fg-image-wrap\"><img decoding=\"async\" alt=\"Horlini_Albinen_007\" title=\"Quelques gueules de baleine, probablement assez anciennes, \u00e0 contourner...\" width=\"101\" height=\"57\" class=\"skip-lazy fg-image\" data-src-fg=\"https:\/\/alpavista.ch\/Alp11\/wp-content\/uploads\/cache\/Horlini_Albinen_007\/1778947339.jpg\" src=\"data:image\/svg+xml,%3Csvg%20xmlns%3D%22http%3A%2F%2Fwww.w3.org%2F2000%2Fsvg%22%20width%3D%22101%22%20height%3D%2257%22%20viewBox%3D%220%200%20101%2057%22%3E%3C%2Fsvg%3E\" loading=\"eager\"><\/span><span class=\"fg-image-overlay\"><\/span><\/a><figcaption class=\"fg-caption\"><div class=\"fg-caption-inner\"><div class=\"fg-caption-desc\">Quelques gueules de baleine, probablement assez anciennes, \u00e0 contourner...<\/div><\/div><\/figcaption><\/figure><div class=\"fg-loader\"><\/div><\/div><div class=\"fg-item fg-type-image fg-idle\"><figure class=\"fg-item-inner\"><a href=\"https:\/\/alpavista.ch\/Alp11\/wp-content\/uploads\/Horlini_Albinen_008.jpg\" data-caption-title=\"... et de nombreux bras de torrent \u00e0 traverser, agr\u00e9mentent une ascension de plus en plus vivifiante.\" data-caption-desc=\"... et de nombreux bras de torrent \u00e0 traverser, agr\u00e9mentent une ascension de plus en plus vivifiante.\" data-attachment-id=\"22078\" data-type=\"image\" class=\"fg-thumb\"><span class=\"fg-image-wrap\"><img decoding=\"async\" alt=\"Horlini_Albinen_008\" title=\"... et de nombreux bras de torrent \u00e0 traverser, agr\u00e9mentent une ascension de plus en plus vivifiante.\" width=\"101\" height=\"57\" class=\"skip-lazy fg-image\" data-src-fg=\"https:\/\/alpavista.ch\/Alp11\/wp-content\/uploads\/cache\/Horlini_Albinen_008\/486284048.jpg\" src=\"data:image\/svg+xml,%3Csvg%20xmlns%3D%22http%3A%2F%2Fwww.w3.org%2F2000%2Fsvg%22%20width%3D%22101%22%20height%3D%2257%22%20viewBox%3D%220%200%20101%2057%22%3E%3C%2Fsvg%3E\" loading=\"eager\"><\/span><span class=\"fg-image-overlay\"><\/span><\/a><figcaption class=\"fg-caption\"><div class=\"fg-caption-inner\"><div class=\"fg-caption-desc\">... et de nombreux bras de torrent \u00e0 traverser, agr\u00e9mentent une ascension de plus en plus vivifiante.<\/div><\/div><\/figcaption><\/figure><div class=\"fg-loader\"><\/div><\/div><div class=\"fg-item fg-type-image fg-idle\"><figure class=\"fg-item-inner\"><a href=\"https:\/\/alpavista.ch\/Alp11\/wp-content\/uploads\/Horlini_Albinen_009.jpg\" data-caption-title=\"A l&#039;heure du choix, les tracas des premiers randonneurs redescendant du Schafberg nous incitent \u00e0 opter pour un large virage vers la droite...\" data-caption-desc=\"A l&#039;heure du choix, les tracas des premiers randonneurs redescendant du Schafberg nous incitent \u00e0 opter pour un large virage vers la droite...\" data-attachment-id=\"22077\" data-type=\"image\" class=\"fg-thumb\"><span class=\"fg-image-wrap\"><img decoding=\"async\" alt=\"Horlini_Albinen_009\" title=\"A l&#039;heure du choix, les tracas des premiers randonneurs redescendant du Schafberg nous incitent \u00e0 opter pour un large virage vers la droite...\" width=\"101\" height=\"57\" class=\"skip-lazy fg-image\" data-src-fg=\"https:\/\/alpavista.ch\/Alp11\/wp-content\/uploads\/cache\/Horlini_Albinen_009\/1466447478.jpg\" src=\"data:image\/svg+xml,%3Csvg%20xmlns%3D%22http%3A%2F%2Fwww.w3.org%2F2000%2Fsvg%22%20width%3D%22101%22%20height%3D%2257%22%20viewBox%3D%220%200%20101%2057%22%3E%3C%2Fsvg%3E\" loading=\"eager\"><\/span><span class=\"fg-image-overlay\"><\/span><\/a><figcaption class=\"fg-caption\"><div class=\"fg-caption-inner\"><div class=\"fg-caption-desc\">A l'heure du choix, les tracas des premiers randonneurs redescendant du Schafberg nous incitent \u00e0 opter pour un large virage vers la droite...<\/div><\/div><\/figcaption><\/figure><div class=\"fg-loader\"><\/div><\/div><div class=\"fg-item fg-type-image fg-idle\"><figure class=\"fg-item-inner\"><a href=\"https:\/\/alpavista.ch\/Alp11\/wp-content\/uploads\/Horlini_Albinen_010.jpg\" data-caption-title=\"... direction la panoramique ar\u00eate de Schnydi.\" data-caption-desc=\"... direction la panoramique ar\u00eate de Schnydi.\" data-attachment-id=\"22076\" data-type=\"image\" class=\"fg-thumb\"><span class=\"fg-image-wrap\"><img decoding=\"async\" alt=\"Horlini_Albinen_010\" title=\"... direction la panoramique ar\u00eate de Schnydi.\" width=\"101\" height=\"57\" class=\"skip-lazy fg-image\" data-src-fg=\"https:\/\/alpavista.ch\/Alp11\/wp-content\/uploads\/cache\/Horlini_Albinen_010\/4035487145.jpg\" src=\"data:image\/svg+xml,%3Csvg%20xmlns%3D%22http%3A%2F%2Fwww.w3.org%2F2000%2Fsvg%22%20width%3D%22101%22%20height%3D%2257%22%20viewBox%3D%220%200%20101%2057%22%3E%3C%2Fsvg%3E\" loading=\"eager\"><\/span><span class=\"fg-image-overlay\"><\/span><\/a><figcaption class=\"fg-caption\"><div class=\"fg-caption-inner\"><div class=\"fg-caption-desc\">... direction la panoramique ar\u00eate de Schnydi.<\/div><\/div><\/figcaption><\/figure><div class=\"fg-loader\"><\/div><\/div><div class=\"fg-item fg-type-image fg-idle\"><figure class=\"fg-item-inner\"><a href=\"https:\/\/alpavista.ch\/Alp11\/wp-content\/uploads\/Horlini_Albinen_011.jpg\" data-caption-title=\"Un vendredi au paradis ou un vendredi au Horlini ?Aujourd&#039;hui, c&#039;est presque pareil\" data-caption-desc=\"Un vendredi au paradis ou un vendredi au Horlini ?Aujourd&#039;hui, c&#039;est presque pareil\" data-attachment-id=\"22075\" data-type=\"image\" class=\"fg-thumb\"><span class=\"fg-image-wrap\"><img decoding=\"async\" alt=\"Horlini_Albinen_011\" title=\"Un vendredi au paradis ou un vendredi au Horlini ?Aujourd&#039;hui, c&#039;est presque pareil\" width=\"101\" height=\"57\" class=\"skip-lazy fg-image\" data-src-fg=\"https:\/\/alpavista.ch\/Alp11\/wp-content\/uploads\/cache\/Horlini_Albinen_011\/388892335.jpg\" src=\"data:image\/svg+xml,%3Csvg%20xmlns%3D%22http%3A%2F%2Fwww.w3.org%2F2000%2Fsvg%22%20width%3D%22101%22%20height%3D%2257%22%20viewBox%3D%220%200%20101%2057%22%3E%3C%2Fsvg%3E\" loading=\"eager\"><\/span><span class=\"fg-image-overlay\"><\/span><\/a><figcaption class=\"fg-caption\"><div class=\"fg-caption-inner\"><div class=\"fg-caption-desc\">Un vendredi au paradis ou un vendredi au Horlini ?Aujourd'hui, c'est presque pareil<\/div><\/div><\/figcaption><\/figure><div class=\"fg-loader\"><\/div><\/div><div class=\"fg-item fg-type-image fg-idle\"><figure class=\"fg-item-inner\"><a href=\"https:\/\/alpavista.ch\/Alp11\/wp-content\/uploads\/Horlini_Albinen_012.jpg\" data-caption-title=\"Schafberg, Torrenthorn et Restirothorn tentent de nous vanter les charmes de leur faces sud, sans succ\u00e8s.\" data-caption-desc=\"Schafberg, Torrenthorn et Restirothorn tentent de nous vanter les charmes de leur faces sud, sans succ\u00e8s.\" data-attachment-id=\"22074\" data-type=\"image\" class=\"fg-thumb\"><span class=\"fg-image-wrap\"><img decoding=\"async\" alt=\"Horlini_Albinen_012\" title=\"Schafberg, Torrenthorn et Restirothorn tentent de nous vanter les charmes de leur faces sud, sans succ\u00e8s.\" width=\"101\" height=\"57\" class=\"skip-lazy fg-image\" data-src-fg=\"https:\/\/alpavista.ch\/Alp11\/wp-content\/uploads\/cache\/Horlini_Albinen_012\/913677819.jpg\" src=\"data:image\/svg+xml,%3Csvg%20xmlns%3D%22http%3A%2F%2Fwww.w3.org%2F2000%2Fsvg%22%20width%3D%22101%22%20height%3D%2257%22%20viewBox%3D%220%200%20101%2057%22%3E%3C%2Fsvg%3E\" loading=\"eager\"><\/span><span class=\"fg-image-overlay\"><\/span><\/a><figcaption class=\"fg-caption\"><div class=\"fg-caption-inner\"><div class=\"fg-caption-desc\">Schafberg, Torrenthorn et Restirothorn tentent de nous vanter les charmes de leur faces sud, sans succ\u00e8s.<\/div><\/div><\/figcaption><\/figure><div class=\"fg-loader\"><\/div><\/div><div class=\"fg-item fg-type-image fg-idle\"><figure class=\"fg-item-inner\"><a href=\"https:\/\/alpavista.ch\/Alp11\/wp-content\/uploads\/Horlini_Albinen_013.jpg\" data-caption-title=\"Les douces rondeurs de leur petit fr\u00e8re sont vraiment trop tentantes.\" data-caption-desc=\"Les douces rondeurs de leur petit fr\u00e8re sont vraiment trop tentantes.\" data-attachment-id=\"22073\" data-type=\"image\" class=\"fg-thumb\"><span class=\"fg-image-wrap\"><img decoding=\"async\" alt=\"Horlini_Albinen_013\" title=\"Les douces rondeurs de leur petit fr\u00e8re sont vraiment trop tentantes.\" width=\"101\" height=\"57\" class=\"skip-lazy fg-image\" data-src-fg=\"https:\/\/alpavista.ch\/Alp11\/wp-content\/uploads\/cache\/Horlini_Albinen_013\/51529442.jpg\" src=\"data:image\/svg+xml,%3Csvg%20xmlns%3D%22http%3A%2F%2Fwww.w3.org%2F2000%2Fsvg%22%20width%3D%22101%22%20height%3D%2257%22%20viewBox%3D%220%200%20101%2057%22%3E%3C%2Fsvg%3E\" loading=\"eager\"><\/span><span class=\"fg-image-overlay\"><\/span><\/a><figcaption class=\"fg-caption\"><div class=\"fg-caption-inner\"><div class=\"fg-caption-desc\">Les douces rondeurs de leur petit fr\u00e8re sont vraiment trop tentantes.<\/div><\/div><\/figcaption><\/figure><div class=\"fg-loader\"><\/div><\/div><div class=\"fg-item fg-type-image fg-idle\"><figure class=\"fg-item-inner\"><a href=\"https:\/\/alpavista.ch\/Alp11\/wp-content\/uploads\/Horlini_Albinen_014.jpg\" data-caption-title=\"Il est midi sur le Horlini.\" data-caption-desc=\"Il est midi sur le Horlini.\" data-attachment-id=\"22072\" data-type=\"image\" class=\"fg-thumb\"><span class=\"fg-image-wrap\"><img decoding=\"async\" alt=\"Horlini_Albinen_014\" title=\"Il est midi sur le Horlini.\" width=\"101\" height=\"57\" class=\"skip-lazy fg-image\" data-src-fg=\"https:\/\/alpavista.ch\/Alp11\/wp-content\/uploads\/cache\/Horlini_Albinen_014\/2785268556.jpg\" src=\"data:image\/svg+xml,%3Csvg%20xmlns%3D%22http%3A%2F%2Fwww.w3.org%2F2000%2Fsvg%22%20width%3D%22101%22%20height%3D%2257%22%20viewBox%3D%220%200%20101%2057%22%3E%3C%2Fsvg%3E\" loading=\"eager\"><\/span><span class=\"fg-image-overlay\"><\/span><\/a><figcaption class=\"fg-caption\"><div class=\"fg-caption-inner\"><div class=\"fg-caption-desc\">Il est midi sur le Horlini.<\/div><\/div><\/figcaption><\/figure><div class=\"fg-loader\"><\/div><\/div><div class=\"fg-item fg-type-image fg-idle\"><figure class=\"fg-item-inner\"><a href=\"https:\/\/alpavista.ch\/Alp11\/wp-content\/uploads\/Horlini_Albinen_015.jpg\" data-caption-title=\"L&#039;heure d&#039;admirer son ph\u00e9nom\u00e9nal panorama en d\u00e9gustant un petit &quot;casse-dalle&quot; bien m\u00e9rit\u00e9.\" data-caption-desc=\"L&#039;heure d&#039;admirer son ph\u00e9nom\u00e9nal panorama en d\u00e9gustant un petit &quot;casse-dalle&quot; bien m\u00e9rit\u00e9.\" data-attachment-id=\"22071\" data-type=\"image\" class=\"fg-thumb\"><span class=\"fg-image-wrap\"><img decoding=\"async\" alt=\"Horlini_Albinen_015\" title=\"L&#039;heure d&#039;admirer son ph\u00e9nom\u00e9nal panorama en d\u00e9gustant un petit &quot;casse-dalle&quot; bien m\u00e9rit\u00e9.\" width=\"101\" height=\"57\" class=\"skip-lazy fg-image\" data-src-fg=\"https:\/\/alpavista.ch\/Alp11\/wp-content\/uploads\/cache\/Horlini_Albinen_015\/1101361226.jpg\" src=\"data:image\/svg+xml,%3Csvg%20xmlns%3D%22http%3A%2F%2Fwww.w3.org%2F2000%2Fsvg%22%20width%3D%22101%22%20height%3D%2257%22%20viewBox%3D%220%200%20101%2057%22%3E%3C%2Fsvg%3E\" loading=\"eager\"><\/span><span class=\"fg-image-overlay\"><\/span><\/a><figcaption class=\"fg-caption\"><div class=\"fg-caption-inner\"><div class=\"fg-caption-desc\">L'heure d'admirer son ph\u00e9nom\u00e9nal panorama en d\u00e9gustant un petit \"casse-dalle\" bien m\u00e9rit\u00e9.<\/div><\/div><\/figcaption><\/figure><div class=\"fg-loader\"><\/div><\/div><div class=\"fg-item fg-type-image fg-idle\"><figure class=\"fg-item-inner\"><a href=\"https:\/\/alpavista.ch\/Alp11\/wp-content\/uploads\/Horlini_Albinen_016.jpg\" data-caption-title=\"Le hameau de Galm engonc\u00e9 dans son impressionant manteau de fourrure blanche.\" data-caption-desc=\"Le hameau de Galm engonc\u00e9 dans son impressionant manteau de fourrure blanche.\" data-attachment-id=\"22070\" data-type=\"image\" class=\"fg-thumb\"><span class=\"fg-image-wrap\"><img decoding=\"async\" alt=\"Horlini_Albinen_016\" title=\"Le hameau de Galm engonc\u00e9 dans son impressionant manteau de fourrure blanche.\" width=\"101\" height=\"57\" class=\"skip-lazy fg-image\" data-src-fg=\"https:\/\/alpavista.ch\/Alp11\/wp-content\/uploads\/cache\/Horlini_Albinen_016\/1627319070.jpg\" src=\"data:image\/svg+xml,%3Csvg%20xmlns%3D%22http%3A%2F%2Fwww.w3.org%2F2000%2Fsvg%22%20width%3D%22101%22%20height%3D%2257%22%20viewBox%3D%220%200%20101%2057%22%3E%3C%2Fsvg%3E\" loading=\"eager\"><\/span><span class=\"fg-image-overlay\"><\/span><\/a><figcaption class=\"fg-caption\"><div class=\"fg-caption-inner\"><div class=\"fg-caption-desc\">Le hameau de Galm engonc\u00e9 dans son impressionant manteau de fourrure blanche.<\/div><\/div><\/figcaption><\/figure><div class=\"fg-loader\"><\/div><\/div><div class=\"fg-item fg-type-image fg-idle\"><figure class=\"fg-item-inner\"><a href=\"https:\/\/alpavista.ch\/Alp11\/wp-content\/uploads\/Horlini_Albinen_017.jpg\" data-caption-title=\"Bref retour le long de l&#039;ar\u00eate nord ...\" data-caption-desc=\"Bref retour le long de l&#039;ar\u00eate nord ...\" data-attachment-id=\"22069\" data-type=\"image\" class=\"fg-thumb\"><span class=\"fg-image-wrap\"><img decoding=\"async\" alt=\"Horlini_Albinen_017\" title=\"Bref retour le long de l&#039;ar\u00eate nord ...\" width=\"101\" height=\"57\" class=\"skip-lazy fg-image\" data-src-fg=\"https:\/\/alpavista.ch\/Alp11\/wp-content\/uploads\/cache\/Horlini_Albinen_017\/685339643.jpg\" src=\"data:image\/svg+xml,%3Csvg%20xmlns%3D%22http%3A%2F%2Fwww.w3.org%2F2000%2Fsvg%22%20width%3D%22101%22%20height%3D%2257%22%20viewBox%3D%220%200%20101%2057%22%3E%3C%2Fsvg%3E\" loading=\"eager\"><\/span><span class=\"fg-image-overlay\"><\/span><\/a><figcaption class=\"fg-caption\"><div class=\"fg-caption-inner\"><div class=\"fg-caption-desc\">Bref retour le long de l'ar\u00eate nord ...<\/div><\/div><\/figcaption><\/figure><div class=\"fg-loader\"><\/div><\/div><div class=\"fg-item fg-type-image fg-idle\"><figure class=\"fg-item-inner\"><a href=\"https:\/\/alpavista.ch\/Alp11\/wp-content\/uploads\/Horlini_Albinen_018.jpg\" data-caption-title=\"... avant de plonger dans l&#039;app\u00e9tissant versant ouest.\" data-caption-desc=\"... avant de plonger dans l&#039;app\u00e9tissant versant ouest.\" data-attachment-id=\"22068\" data-type=\"image\" class=\"fg-thumb\"><span class=\"fg-image-wrap\"><img decoding=\"async\" alt=\"Horlini_Albinen_018\" title=\"... avant de plonger dans l&#039;app\u00e9tissant versant ouest.\" width=\"101\" height=\"57\" class=\"skip-lazy fg-image\" data-src-fg=\"https:\/\/alpavista.ch\/Alp11\/wp-content\/uploads\/cache\/Horlini_Albinen_018\/1580072416.jpg\" src=\"data:image\/svg+xml,%3Csvg%20xmlns%3D%22http%3A%2F%2Fwww.w3.org%2F2000%2Fsvg%22%20width%3D%22101%22%20height%3D%2257%22%20viewBox%3D%220%200%20101%2057%22%3E%3C%2Fsvg%3E\" loading=\"eager\"><\/span><span class=\"fg-image-overlay\"><\/span><\/a><figcaption class=\"fg-caption\"><div class=\"fg-caption-inner\"><div class=\"fg-caption-desc\">... avant de plonger dans l'app\u00e9tissant versant ouest.<\/div><\/div><\/figcaption><\/figure><div class=\"fg-loader\"><\/div><\/div><div class=\"fg-item fg-type-image fg-idle\"><figure class=\"fg-item-inner\"><a href=\"https:\/\/alpavista.ch\/Alp11\/wp-content\/uploads\/Horlini_Albinen_019.jpg\" data-caption-title=\"Sa r\u00e9cente neige, malgr\u00e9 quelques zones malmen\u00e9es par le vent, reste parfaitement skiable...\" data-caption-desc=\"Sa r\u00e9cente neige, malgr\u00e9 quelques zones malmen\u00e9es par le vent, reste parfaitement skiable...\" data-attachment-id=\"22067\" data-type=\"image\" class=\"fg-thumb\"><span class=\"fg-image-wrap\"><img decoding=\"async\" alt=\"Horlini_Albinen_019\" title=\"Sa r\u00e9cente neige, malgr\u00e9 quelques zones malmen\u00e9es par le vent, reste parfaitement skiable...\" width=\"101\" height=\"57\" class=\"skip-lazy fg-image\" data-src-fg=\"https:\/\/alpavista.ch\/Alp11\/wp-content\/uploads\/cache\/Horlini_Albinen_019\/364499078.jpg\" src=\"data:image\/svg+xml,%3Csvg%20xmlns%3D%22http%3A%2F%2Fwww.w3.org%2F2000%2Fsvg%22%20width%3D%22101%22%20height%3D%2257%22%20viewBox%3D%220%200%20101%2057%22%3E%3C%2Fsvg%3E\" loading=\"eager\"><\/span><span class=\"fg-image-overlay\"><\/span><\/a><figcaption class=\"fg-caption\"><div class=\"fg-caption-inner\"><div class=\"fg-caption-desc\">Sa r\u00e9cente neige, malgr\u00e9 quelques zones malmen\u00e9es par le vent, reste parfaitement skiable...<\/div><\/div><\/figcaption><\/figure><div class=\"fg-loader\"><\/div><\/div><div class=\"fg-item fg-type-image fg-idle\"><figure class=\"fg-item-inner\"><a href=\"https:\/\/alpavista.ch\/Alp11\/wp-content\/uploads\/Horlini_Albinen_020.jpg\" data-caption-title=\"... surtout quand il vous reste des jambes pour le faire.\" data-caption-desc=\"... surtout quand il vous reste des jambes pour le faire.\" data-attachment-id=\"22066\" data-type=\"image\" class=\"fg-thumb\"><span class=\"fg-image-wrap\"><img decoding=\"async\" alt=\"Horlini_Albinen_020\" title=\"... surtout quand il vous reste des jambes pour le faire.\" width=\"101\" height=\"57\" class=\"skip-lazy fg-image\" data-src-fg=\"https:\/\/alpavista.ch\/Alp11\/wp-content\/uploads\/cache\/Horlini_Albinen_020\/2628742111.jpg\" src=\"data:image\/svg+xml,%3Csvg%20xmlns%3D%22http%3A%2F%2Fwww.w3.org%2F2000%2Fsvg%22%20width%3D%22101%22%20height%3D%2257%22%20viewBox%3D%220%200%20101%2057%22%3E%3C%2Fsvg%3E\" loading=\"eager\"><\/span><span class=\"fg-image-overlay\"><\/span><\/a><figcaption class=\"fg-caption\"><div class=\"fg-caption-inner\"><div class=\"fg-caption-desc\">... surtout quand il vous reste des jambes pour le faire.<\/div><\/div><\/figcaption><\/figure><div class=\"fg-loader\"><\/div><\/div><div class=\"fg-item fg-type-image fg-idle\"><figure class=\"fg-item-inner\"><a href=\"https:\/\/alpavista.ch\/Alp11\/wp-content\/uploads\/Horlini_Albinen_021.jpg\" data-caption-title=\"Skier ou admirer, il faut choisir. Tant pis, je reviendrai l&#039;\u00e9t\u00e9 prochain avec mon bike pour appr\u00e9cier le magnifique point de vue sur le Valais Central.\" data-caption-desc=\"Skier ou admirer, il faut choisir. Tant pis, je reviendrai l&#039;\u00e9t\u00e9 prochain avec mon bike pour appr\u00e9cier le magnifique point de vue sur le Valais Central.\" data-attachment-id=\"22065\" data-type=\"image\" class=\"fg-thumb\"><span class=\"fg-image-wrap\"><img decoding=\"async\" alt=\"Horlini_Albinen_021\" title=\"Skier ou admirer, il faut choisir. Tant pis, je reviendrai l&#039;\u00e9t\u00e9 prochain avec mon bike pour appr\u00e9cier le magnifique point de vue sur le Valais Central.\" width=\"101\" height=\"57\" class=\"skip-lazy fg-image\" data-src-fg=\"https:\/\/alpavista.ch\/Alp11\/wp-content\/uploads\/cache\/Horlini_Albinen_021\/2064238809.jpg\" src=\"data:image\/svg+xml,%3Csvg%20xmlns%3D%22http%3A%2F%2Fwww.w3.org%2F2000%2Fsvg%22%20width%3D%22101%22%20height%3D%2257%22%20viewBox%3D%220%200%20101%2057%22%3E%3C%2Fsvg%3E\" loading=\"eager\"><\/span><span class=\"fg-image-overlay\"><\/span><\/a><figcaption class=\"fg-caption\"><div class=\"fg-caption-inner\"><div class=\"fg-caption-desc\">Skier ou admirer, il faut choisir. Tant pis, je reviendrai l'\u00e9t\u00e9 prochain avec mon bike pour appr\u00e9cier le magnifique point de vue sur le Valais Central.<\/div><\/div><\/figcaption><\/figure><div class=\"fg-loader\"><\/div><\/div><div class=\"fg-item fg-type-image fg-idle\"><figure class=\"fg-item-inner\"><a href=\"https:\/\/alpavista.ch\/Alp11\/wp-content\/uploads\/Horlini_Albinen_022.jpg\" data-caption-title=\"L&#039;avantage avec la neige cro\u00fbt\u00e9e par le vent, c&#039;est qu&#039;elle est facilement lisible et donc g\u00e9rable.\" data-caption-desc=\"L&#039;avantage avec la neige cro\u00fbt\u00e9e par le vent, c&#039;est qu&#039;elle est facilement lisible et donc g\u00e9rable.\" data-attachment-id=\"22064\" data-type=\"image\" class=\"fg-thumb\"><span class=\"fg-image-wrap\"><img decoding=\"async\" alt=\"Horlini_Albinen_022\" title=\"L&#039;avantage avec la neige cro\u00fbt\u00e9e par le vent, c&#039;est qu&#039;elle est facilement lisible et donc g\u00e9rable.\" width=\"101\" height=\"57\" class=\"skip-lazy fg-image\" data-src-fg=\"https:\/\/alpavista.ch\/Alp11\/wp-content\/uploads\/cache\/Horlini_Albinen_022\/1515344781.jpg\" src=\"data:image\/svg+xml,%3Csvg%20xmlns%3D%22http%3A%2F%2Fwww.w3.org%2F2000%2Fsvg%22%20width%3D%22101%22%20height%3D%2257%22%20viewBox%3D%220%200%20101%2057%22%3E%3C%2Fsvg%3E\" loading=\"eager\"><\/span><span class=\"fg-image-overlay\"><\/span><\/a><figcaption class=\"fg-caption\"><div class=\"fg-caption-inner\"><div class=\"fg-caption-desc\">L'avantage avec la neige cro\u00fbt\u00e9e par le vent, c'est qu'elle est facilement lisible et donc g\u00e9rable.<\/div><\/div><\/figcaption><\/figure><div class=\"fg-loader\"><\/div><\/div><div class=\"fg-item fg-type-image fg-idle\"><figure class=\"fg-item-inner\"><a href=\"https:\/\/alpavista.ch\/Alp11\/wp-content\/uploads\/Horlini_Albinen_023.jpg\" data-caption-title=\"Balcon sur un Rh\u00f4ne encore sauvage.\" data-caption-desc=\"Balcon sur un Rh\u00f4ne encore sauvage.\" data-attachment-id=\"22063\" data-type=\"image\" class=\"fg-thumb\"><span class=\"fg-image-wrap\"><img decoding=\"async\" alt=\"Horlini_Albinen_023\" title=\"Balcon sur un Rh\u00f4ne encore sauvage.\" width=\"101\" height=\"57\" class=\"skip-lazy fg-image\" data-src-fg=\"https:\/\/alpavista.ch\/Alp11\/wp-content\/uploads\/cache\/Horlini_Albinen_023\/1865779348.jpg\" src=\"data:image\/svg+xml,%3Csvg%20xmlns%3D%22http%3A%2F%2Fwww.w3.org%2F2000%2Fsvg%22%20width%3D%22101%22%20height%3D%2257%22%20viewBox%3D%220%200%20101%2057%22%3E%3C%2Fsvg%3E\" loading=\"eager\"><\/span><span class=\"fg-image-overlay\"><\/span><\/a><figcaption class=\"fg-caption\"><div class=\"fg-caption-inner\"><div class=\"fg-caption-desc\">Balcon sur un Rh\u00f4ne encore sauvage.<\/div><\/div><\/figcaption><\/figure><div class=\"fg-loader\"><\/div><\/div><div class=\"fg-item fg-type-image fg-idle\"><figure class=\"fg-item-inner\"><a href=\"https:\/\/alpavista.ch\/Alp11\/wp-content\/uploads\/Horlini_Albinen_024.jpg\" data-caption-title=\"A mesure que nous perdons de l&#039;altitude, nous retrouvons une neige en cours de transformation.\" data-caption-desc=\"A mesure que nous perdons de l&#039;altitude, nous retrouvons une neige en cours de transformation.\" data-attachment-id=\"22062\" data-type=\"image\" class=\"fg-thumb\"><span class=\"fg-image-wrap\"><img decoding=\"async\" alt=\"Horlini_Albinen_024\" title=\"A mesure que nous perdons de l&#039;altitude, nous retrouvons une neige en cours de transformation.\" width=\"101\" height=\"57\" class=\"skip-lazy fg-image\" data-src-fg=\"https:\/\/alpavista.ch\/Alp11\/wp-content\/uploads\/cache\/Horlini_Albinen_024\/3391364410.jpg\" src=\"data:image\/svg+xml,%3Csvg%20xmlns%3D%22http%3A%2F%2Fwww.w3.org%2F2000%2Fsvg%22%20width%3D%22101%22%20height%3D%2257%22%20viewBox%3D%220%200%20101%2057%22%3E%3C%2Fsvg%3E\" loading=\"eager\"><\/span><span class=\"fg-image-overlay\"><\/span><\/a><figcaption class=\"fg-caption\"><div class=\"fg-caption-inner\"><div class=\"fg-caption-desc\">A mesure que nous perdons de l'altitude, nous retrouvons une neige en cours de transformation.<\/div><\/div><\/figcaption><\/figure><div class=\"fg-loader\"><\/div><\/div><div class=\"fg-item fg-type-image fg-idle\"><figure class=\"fg-item-inner\"><a href=\"https:\/\/alpavista.ch\/Alp11\/wp-content\/uploads\/Horlini_Albinen_025.jpg\" data-caption-title=\"Revenue ou encore cro\u00fbt\u00e9e, la lecture du manteau neigeux est dor\u00e9navant plus al\u00e9atoire et les surprises possibles \u00e0 chaque prise de carre.\" data-caption-desc=\"Revenue ou encore cro\u00fbt\u00e9e, la lecture du manteau neigeux est dor\u00e9navant plus al\u00e9atoire et les surprises possibles \u00e0 chaque prise de carre.\" data-attachment-id=\"22061\" data-type=\"image\" class=\"fg-thumb\"><span class=\"fg-image-wrap\"><img decoding=\"async\" alt=\"Horlini_Albinen_025\" title=\"Revenue ou encore cro\u00fbt\u00e9e, la lecture du manteau neigeux est dor\u00e9navant plus al\u00e9atoire et les surprises possibles \u00e0 chaque prise de carre.\" width=\"101\" height=\"57\" class=\"skip-lazy fg-image\" data-src-fg=\"https:\/\/alpavista.ch\/Alp11\/wp-content\/uploads\/cache\/Horlini_Albinen_025\/763543100.jpg\" src=\"data:image\/svg+xml,%3Csvg%20xmlns%3D%22http%3A%2F%2Fwww.w3.org%2F2000%2Fsvg%22%20width%3D%22101%22%20height%3D%2257%22%20viewBox%3D%220%200%20101%2057%22%3E%3C%2Fsvg%3E\" loading=\"eager\"><\/span><span class=\"fg-image-overlay\"><\/span><\/a><figcaption class=\"fg-caption\"><div class=\"fg-caption-inner\"><div class=\"fg-caption-desc\">Revenue ou encore cro\u00fbt\u00e9e, la lecture du manteau neigeux est dor\u00e9navant plus al\u00e9atoire et les surprises possibles \u00e0 chaque prise de carre.<\/div><\/div><\/figcaption><\/figure><div class=\"fg-loader\"><\/div><\/div><div class=\"fg-item fg-type-image fg-idle\"><figure class=\"fg-item-inner\"><a href=\"https:\/\/alpavista.ch\/Alp11\/wp-content\/uploads\/Horlini_Albinen_026.jpg\" data-caption-title=\"Back to Tsch\u00e4rmilonga.Esp\u00e9rons que les propri\u00e9taires de ces petits chalets aient pens\u00e9 \u00e0 mettre l&#039;entr\u00e9e ailleurs qu&#039;\u00e0 l&#039;arri\u00e8re du b\u00e2timent.\" data-caption-desc=\"Back to Tsch\u00e4rmilonga.Esp\u00e9rons que les propri\u00e9taires de ces petits chalets aient pens\u00e9 \u00e0 mettre l&#039;entr\u00e9e ailleurs qu&#039;\u00e0 l&#039;arri\u00e8re du b\u00e2timent.\" data-attachment-id=\"22060\" data-type=\"image\" class=\"fg-thumb\"><span class=\"fg-image-wrap\"><img decoding=\"async\" alt=\"Horlini_Albinen_026\" title=\"Back to Tsch\u00e4rmilonga.Esp\u00e9rons que les propri\u00e9taires de ces petits chalets aient pens\u00e9 \u00e0 mettre l&#039;entr\u00e9e ailleurs qu&#039;\u00e0 l&#039;arri\u00e8re du b\u00e2timent.\" width=\"101\" height=\"57\" class=\"skip-lazy fg-image\" data-src-fg=\"https:\/\/alpavista.ch\/Alp11\/wp-content\/uploads\/cache\/Horlini_Albinen_026\/215557480.jpg\" src=\"data:image\/svg+xml,%3Csvg%20xmlns%3D%22http%3A%2F%2Fwww.w3.org%2F2000%2Fsvg%22%20width%3D%22101%22%20height%3D%2257%22%20viewBox%3D%220%200%20101%2057%22%3E%3C%2Fsvg%3E\" loading=\"eager\"><\/span><span class=\"fg-image-overlay\"><\/span><\/a><figcaption class=\"fg-caption\"><div class=\"fg-caption-inner\"><div class=\"fg-caption-desc\">Back to Tsch\u00e4rmilonga.Esp\u00e9rons que les propri\u00e9taires de ces petits chalets aient pens\u00e9 \u00e0 mettre l'entr\u00e9e ailleurs qu'\u00e0 l'arri\u00e8re du b\u00e2timent.<\/div><\/div><\/figcaption><\/figure><div class=\"fg-loader\"><\/div><\/div><div class=\"fg-item fg-type-image fg-idle\"><figure class=\"fg-item-inner\"><a href=\"https:\/\/alpavista.ch\/Alp11\/wp-content\/uploads\/Horlini_Albinen_027.jpg\" data-caption-title=\"... et \u00e0 dimensionner g\u00e9n\u00e9reusement leurs charpentes de m\u00e9l\u00e8ze.\" data-caption-desc=\"... et \u00e0 dimensionner g\u00e9n\u00e9reusement leurs charpentes de m\u00e9l\u00e8ze.\" data-attachment-id=\"22059\" data-type=\"image\" class=\"fg-thumb\"><span class=\"fg-image-wrap\"><img decoding=\"async\" alt=\"Horlini_Albinen_027\" title=\"... et \u00e0 dimensionner g\u00e9n\u00e9reusement leurs charpentes de m\u00e9l\u00e8ze.\" width=\"101\" height=\"57\" class=\"skip-lazy fg-image\" data-src-fg=\"https:\/\/alpavista.ch\/Alp11\/wp-content\/uploads\/cache\/Horlini_Albinen_027\/4020984043.jpg\" src=\"data:image\/svg+xml,%3Csvg%20xmlns%3D%22http%3A%2F%2Fwww.w3.org%2F2000%2Fsvg%22%20width%3D%22101%22%20height%3D%2257%22%20viewBox%3D%220%200%20101%2057%22%3E%3C%2Fsvg%3E\" loading=\"eager\"><\/span><span class=\"fg-image-overlay\"><\/span><\/a><figcaption class=\"fg-caption\"><div class=\"fg-caption-inner\"><div class=\"fg-caption-desc\">... et \u00e0 dimensionner g\u00e9n\u00e9reusement leurs charpentes de m\u00e9l\u00e8ze.<\/div><\/div><\/figcaption><\/figure><div class=\"fg-loader\"><\/div><\/div><div class=\"fg-item fg-type-image fg-idle\"><figure class=\"fg-item-inner\"><a href=\"https:\/\/alpavista.ch\/Alp11\/wp-content\/uploads\/Horlini_Albinen_028.jpg\" data-caption-title=\"Neige molle et apoplexie &quot;jambale&quot; Heureusement, Albinen ne doit plus \u00eatre tr\u00e8s loin.\" data-caption-desc=\"Neige molle et apoplexie &quot;jambale&quot; Heureusement, Albinen ne doit plus \u00eatre tr\u00e8s loin.\" data-attachment-id=\"22058\" data-type=\"image\" class=\"fg-thumb\"><span class=\"fg-image-wrap\"><img decoding=\"async\" alt=\"Horlini_Albinen_028\" title=\"Neige molle et apoplexie &quot;jambale&quot; Heureusement, Albinen ne doit plus \u00eatre tr\u00e8s loin.\" width=\"101\" height=\"57\" class=\"skip-lazy fg-image\" data-src-fg=\"https:\/\/alpavista.ch\/Alp11\/wp-content\/uploads\/cache\/Horlini_Albinen_028\/2573194992.jpg\" src=\"data:image\/svg+xml,%3Csvg%20xmlns%3D%22http%3A%2F%2Fwww.w3.org%2F2000%2Fsvg%22%20width%3D%22101%22%20height%3D%2257%22%20viewBox%3D%220%200%20101%2057%22%3E%3C%2Fsvg%3E\" loading=\"eager\"><\/span><span class=\"fg-image-overlay\"><\/span><\/a><figcaption class=\"fg-caption\"><div class=\"fg-caption-inner\"><div class=\"fg-caption-desc\">Neige molle et apoplexie \"jambale\" Heureusement, Albinen ne doit plus \u00eatre tr\u00e8s loin.<\/div><\/div><\/figcaption><\/figure><div class=\"fg-loader\"><\/div><\/div><\/div>\n\n<input class=\"fooboxshare_post_id\" type=\"hidden\" value=\"4767\"\/>","protected":false},"excerpt":{"rendered":"<p>Une bref t\u00eate-\u00e0-t\u00eate avec Madame H3N2, une mini-glaciation et cinq accidents mortels d\u2019avalanche en degr\u00e9 de danger 2 plus tard, f\u00e9vrier et ses belles promesses se sont envol\u00e9s, et mars a d\u00e9j\u00e0 gliss\u00e9 un pied dans la porte entrouverte. Premier jour du printemps m\u00e9t\u00e9orologique oblige, nous avons rechauss\u00e9 nos skis sur un des versants les plus ensoleill\u00e9s du Vieux-Pays. D\u00e9marrage matinal \u00e0 partir du superbe promontoire naturel d\u2019Albinen pour une rando aussi pittoresque que lumineuse. D\u2019abord envisag\u00e9e en direction du [&hellip;]<\/p>\n","protected":false},"author":2,"featured_media":6299,"comment_status":"open","ping_status":"open","sticky":false,"template":"","format":"standard","meta":{"footnotes":""},"categories":[658,360],"tags":[1272,1167,1313,1346,1331,1508,1345,1347,1348,1093,1349],"class_list":["post-4767","post","type-post","status-publish","format-standard","has-post-thumbnail","hentry","category-outdoor","category-ski","tag-albinen","tag-bachalp","tag-chermignon","tag-fasilalpu","tag-guttet","tag-horlini","tag-jeizinen","tag-niwenalp","tag-oberu","tag-restipass","tag-torrentalp"],"_links":{"self":[{"href":"https:\/\/alpavista.ch\/Alp11\/wp-json\/wp\/v2\/posts\/4767","targetHints":{"allow":["GET"]}}],"collection":[{"href":"https:\/\/alpavista.ch\/Alp11\/wp-json\/wp\/v2\/posts"}],"about":[{"href":"https:\/\/alpavista.ch\/Alp11\/wp-json\/wp\/v2\/types\/post"}],"author":[{"embeddable":true,"href":"https:\/\/alpavista.ch\/Alp11\/wp-json\/wp\/v2\/users\/2"}],"replies":[{"embeddable":true,"href":"https:\/\/alpavista.ch\/Alp11\/wp-json\/wp\/v2\/comments?post=4767"}],"version-history":[{"count":0,"href":"https:\/\/alpavista.ch\/Alp11\/wp-json\/wp\/v2\/posts\/4767\/revisions"}],"wp:featuredmedia":[{"embeddable":true,"href":"https:\/\/alpavista.ch\/Alp11\/wp-json\/wp\/v2\/media\/6299"}],"wp:attachment":[{"href":"https:\/\/alpavista.ch\/Alp11\/wp-json\/wp\/v2\/media?parent=4767"}],"wp:term":[{"taxonomy":"category","embeddable":true,"href":"https:\/\/alpavista.ch\/Alp11\/wp-json\/wp\/v2\/categories?post=4767"},{"taxonomy":"post_tag","embeddable":true,"href":"https:\/\/alpavista.ch\/Alp11\/wp-json\/wp\/v2\/tags?post=4767"}],"curies":[{"name":"wp","href":"https:\/\/api.w.org\/{rel}","templated":true}]}}