{"id":5630,"date":"2014-05-25T19:59:45","date_gmt":"2014-05-25T18:59:45","guid":{"rendered":"http:\/\/www.alpavista.ch\/Alp11\/?p=5630"},"modified":"2022-12-09T17:41:07","modified_gmt":"2022-12-09T16:41:07","slug":"jeizinen-albinen-2014","status":"publish","type":"post","link":"https:\/\/alpavista.ch\/Alp11\/2014\/05\/25\/jeizinen-albinen-2014\/","title":{"rendered":"Jeizinen-Albinen 2014"},"content":{"rendered":"<p>Entreprendre un itin\u00e9raire de d\u00e9but d\u2019\u00e9t\u00e9, flirtant avec les 2&rsquo;200 m\u00e8tres d\u2019altitude, avec trois semaines d&rsquo;avance sur le calendrier le plus optimiste, est un projet habituellement vou\u00e9 \u00e0 l\u2019\u00e9chec. Pourtant, avec un peu de chance, on peut simplement avoir \u00e0 affronter quelques \u00e9pisodes humides et froids, ou mieux, avec beaucoup de chance, parvenir \u00e0 boucler sans se mouiller les pieds. Convaincus d&rsquo;\u00eatre n\u00e9 sous une bonne \u00e9toile et anticipants sur une fonte rapide du manteau neigeux assez peu cons\u00e9quent dont le dernier hiver a bien voulu nous gratifier, nous avons opt\u00e9 pour un retour avant l\u2019heure, sur la kyrielle de \u00ab wanderweg \u00bb reliant Jeizinen \u00e0 Albinen. Finalement, hormis la temp\u00e9rature fra\u00eeche et l\u2019atmosph\u00e8re tr\u00e8s venteuse, nous les avons retrouv\u00e9s comme nous les avions laiss\u00e9s, \u00e0 la mi-juin de l\u2019an dernier, tortueux, exigeant, ardus, exaltants, mais encore plus secs et poussi\u00e9reux.<br \/>\n<!--more--><br \/>\nLes cinq premi\u00e8res heures tout en \u00ab single \u00bb de la saison sont, \u00e0 la fois un menu de choix et un \u00ab petit \u00bb challenge. Premier v\u00e9ritable jalon de l\u2019\u00e9t\u00e9 (\u00e0 venir), l\u2019effort et la motivation n\u00e9cessaires pour boucler ce circuit de moyenne montagne sur \u00ab voie \u00e9troite \u00bb, mais ne n\u00e9cessitant pas de portage, nous ont fait entrer de plein pied, ou plut\u00f4t de pleine p\u00e9dale, dans une nouvelle saison de \u00ab mountain bike \u00bb Finies les sorties \u00e0 mi-coteaux. Termin\u00e9es les itin\u00e9raires de remise en jambes. Aux orties, les altitudes commen\u00e7ant par le chiffre un. Place d\u00e9sormais au \u00ab vrai \u00bb VTT, alpin, escarp\u00e9, dur, exigeant, mais tellement transcendant.<\/p>\n<style type=\"text\/css\">\n#foogallery-gallery-24268 .fg-image { width: 101px; }\n#foogallery-gallery-24268 { --fg-gutter: 1px; }<\/style>\n\t\t\t<div class=\"foogallery foogallery-container foogallery-default foogallery-lightbox-none fg-left fg-default fg-ready fg-light fg-loading-default fg-loaded-fade-in fg-preset fg-selena fg-preset-small fg-preset fg-selena fg-preset-small\" id=\"foogallery-gallery-24268\" data-foogallery=\"{&quot;item&quot;:{&quot;showCaptionTitle&quot;:false,&quot;showCaptionDescription&quot;:true},&quot;lazy&quot;:true,&quot;state&quot;:{&quot;enabled&quot;:true,&quot;mask&quot;:&quot;foogallery-{id}&quot;}}\" style=\"--fg-title-line-clamp: 0; --fg-description-line-clamp: 0;\" >\n\t<div class=\"fg-item fg-type-image fg-idle\"><figure class=\"fg-item-inner\"><a href=\"https:\/\/alpavista.ch\/Alp11\/wp-content\/uploads\/JeizAlbi_Nen_14_001.jpg\" data-caption-title=\"En cette p\u00e9riode controvers\u00e9e, il est r\u00e9confortant de constater que tous les vents ne sont pas contraires pour les adeptes de v\u00e9los \u00e0 roues cramponn\u00e9es.\" data-caption-desc=\"En cette p\u00e9riode controvers\u00e9e, il est r\u00e9confortant de constater que tous les vents ne sont pas contraires pour les adeptes de v\u00e9los \u00e0 roues cramponn\u00e9es.\" data-attachment-id=\"24317\" data-type=\"image\" class=\"fg-thumb\"><span class=\"fg-image-wrap\"><img decoding=\"async\" alt=\"JeizAlbi_Nen_14_001\" title=\"En cette p\u00e9riode controvers\u00e9e, il est r\u00e9confortant de constater que tous les vents ne sont pas contraires pour les adeptes de v\u00e9los \u00e0 roues cramponn\u00e9es.\" width=\"101\" height=\"57\" class=\"skip-lazy fg-image\" data-src-fg=\"https:\/\/alpavista.ch\/Alp11\/wp-content\/uploads\/cache\/JeizAlbi_Nen_14_001\/1742401766.jpg\" src=\"data:image\/svg+xml,%3Csvg%20xmlns%3D%22http%3A%2F%2Fwww.w3.org%2F2000%2Fsvg%22%20width%3D%22101%22%20height%3D%2257%22%20viewBox%3D%220%200%20101%2057%22%3E%3C%2Fsvg%3E\" loading=\"eager\"><\/span><span class=\"fg-image-overlay\"><\/span><\/a><figcaption class=\"fg-caption\"><div class=\"fg-caption-inner\"><div class=\"fg-caption-desc\">En cette p\u00e9riode controvers\u00e9e, il est r\u00e9confortant de constater que tous les vents ne sont pas contraires pour les adeptes de v\u00e9los \u00e0 roues cramponn\u00e9es.<\/div><\/div><\/figcaption><\/figure><div class=\"fg-loader\"><\/div><\/div><div class=\"fg-item fg-type-image fg-idle\"><figure class=\"fg-item-inner\"><a href=\"https:\/\/alpavista.ch\/Alp11\/wp-content\/uploads\/JeizAlbi_Nen_14_002.jpg\" data-caption-title=\"Les habituels petits lacets de mise en action.\" data-caption-desc=\"Les habituels petits lacets de mise en action.\" data-attachment-id=\"24316\" data-type=\"image\" class=\"fg-thumb\"><span class=\"fg-image-wrap\"><img decoding=\"async\" alt=\"JeizAlbi_Nen_14_002\" title=\"Les habituels petits lacets de mise en action.\" width=\"101\" height=\"57\" class=\"skip-lazy fg-image\" data-src-fg=\"https:\/\/alpavista.ch\/Alp11\/wp-content\/uploads\/cache\/JeizAlbi_Nen_14_002\/1182886834.jpg\" src=\"data:image\/svg+xml,%3Csvg%20xmlns%3D%22http%3A%2F%2Fwww.w3.org%2F2000%2Fsvg%22%20width%3D%22101%22%20height%3D%2257%22%20viewBox%3D%220%200%20101%2057%22%3E%3C%2Fsvg%3E\" loading=\"eager\"><\/span><span class=\"fg-image-overlay\"><\/span><\/a><figcaption class=\"fg-caption\"><div class=\"fg-caption-inner\"><div class=\"fg-caption-desc\">Les habituels petits lacets de mise en action.<\/div><\/div><\/figcaption><\/figure><div class=\"fg-loader\"><\/div><\/div><div class=\"fg-item fg-type-image fg-idle\"><figure class=\"fg-item-inner\"><a href=\"https:\/\/alpavista.ch\/Alp11\/wp-content\/uploads\/JeizAlbi_Nen_14_003.jpg\" data-caption-title=\"Ma cabane au Canada ? Pas encore, sauf si Jeizinen a choisi de traverser l&#039;Atlantique avant nous.\" data-caption-desc=\"Ma cabane au Canada ? Pas encore, sauf si Jeizinen a choisi de traverser l&#039;Atlantique avant nous.\" data-attachment-id=\"24315\" data-type=\"image\" class=\"fg-thumb\"><span class=\"fg-image-wrap\"><img decoding=\"async\" alt=\"JeizAlbi_Nen_14_003\" title=\"Ma cabane au Canada ? Pas encore, sauf si Jeizinen a choisi de traverser l&#039;Atlantique avant nous.\" width=\"101\" height=\"57\" class=\"skip-lazy fg-image\" data-src-fg=\"https:\/\/alpavista.ch\/Alp11\/wp-content\/uploads\/cache\/JeizAlbi_Nen_14_003\/2703739060.jpg\" src=\"data:image\/svg+xml,%3Csvg%20xmlns%3D%22http%3A%2F%2Fwww.w3.org%2F2000%2Fsvg%22%20width%3D%22101%22%20height%3D%2257%22%20viewBox%3D%220%200%20101%2057%22%3E%3C%2Fsvg%3E\" loading=\"eager\"><\/span><span class=\"fg-image-overlay\"><\/span><\/a><figcaption class=\"fg-caption\"><div class=\"fg-caption-inner\"><div class=\"fg-caption-desc\">Ma cabane au Canada ? Pas encore, sauf si Jeizinen a choisi de traverser l'Atlantique avant nous.<\/div><\/div><\/figcaption><\/figure><div class=\"fg-loader\"><\/div><\/div><div class=\"fg-item fg-type-image fg-idle\"><figure class=\"fg-item-inner\"><a href=\"https:\/\/alpavista.ch\/Alp11\/wp-content\/uploads\/JeizAlbi_Nen_14_004.jpg\" data-caption-title=\"Temp\u00e9rature fra\u00eeche et atmosph\u00e8re venteuse pour notre habituelle \u00e9l\u00e9vation du dimanche matin.\" data-caption-desc=\"Temp\u00e9rature fra\u00eeche et atmosph\u00e8re venteuse pour notre habituelle \u00e9l\u00e9vation du dimanche matin.\" data-attachment-id=\"24314\" data-type=\"image\" class=\"fg-thumb\"><span class=\"fg-image-wrap\"><img decoding=\"async\" alt=\"JeizAlbi_Nen_14_004\" title=\"Temp\u00e9rature fra\u00eeche et atmosph\u00e8re venteuse pour notre habituelle \u00e9l\u00e9vation du dimanche matin.\" width=\"101\" height=\"57\" class=\"skip-lazy fg-image\" data-src-fg=\"https:\/\/alpavista.ch\/Alp11\/wp-content\/uploads\/cache\/JeizAlbi_Nen_14_004\/70671642.jpg\" src=\"data:image\/svg+xml,%3Csvg%20xmlns%3D%22http%3A%2F%2Fwww.w3.org%2F2000%2Fsvg%22%20width%3D%22101%22%20height%3D%2257%22%20viewBox%3D%220%200%20101%2057%22%3E%3C%2Fsvg%3E\" loading=\"eager\"><\/span><span class=\"fg-image-overlay\"><\/span><\/a><figcaption class=\"fg-caption\"><div class=\"fg-caption-inner\"><div class=\"fg-caption-desc\">Temp\u00e9rature fra\u00eeche et atmosph\u00e8re venteuse pour notre habituelle \u00e9l\u00e9vation du dimanche matin.<\/div><\/div><\/figcaption><\/figure><div class=\"fg-loader\"><\/div><\/div><div class=\"fg-item fg-type-image fg-idle\"><figure class=\"fg-item-inner\"><a href=\"https:\/\/alpavista.ch\/Alp11\/wp-content\/uploads\/JeizAlbi_Nen_14_005.jpg\" data-caption-title=\"Y en a qui vont \u00e0 la messe, d&#039;autres au bistrot. Nous nous vouons au culte du chemin. A chacun sa religion.\" data-caption-desc=\"Y en a qui vont \u00e0 la messe, d&#039;autres au bistrot. Nous nous vouons au culte du chemin. A chacun sa religion.\" data-attachment-id=\"24313\" data-type=\"image\" class=\"fg-thumb\"><span class=\"fg-image-wrap\"><img decoding=\"async\" alt=\"JeizAlbi_Nen_14_005\" title=\"Y en a qui vont \u00e0 la messe, d&#039;autres au bistrot. Nous nous vouons au culte du chemin. A chacun sa religion.\" width=\"101\" height=\"57\" class=\"skip-lazy fg-image\" data-src-fg=\"https:\/\/alpavista.ch\/Alp11\/wp-content\/uploads\/cache\/JeizAlbi_Nen_14_005\/827426307.jpg\" src=\"data:image\/svg+xml,%3Csvg%20xmlns%3D%22http%3A%2F%2Fwww.w3.org%2F2000%2Fsvg%22%20width%3D%22101%22%20height%3D%2257%22%20viewBox%3D%220%200%20101%2057%22%3E%3C%2Fsvg%3E\" loading=\"eager\"><\/span><span class=\"fg-image-overlay\"><\/span><\/a><figcaption class=\"fg-caption\"><div class=\"fg-caption-inner\"><div class=\"fg-caption-desc\">Y en a qui vont \u00e0 la messe, d'autres au bistrot. Nous nous vouons au culte du chemin. A chacun sa religion.<\/div><\/div><\/figcaption><\/figure><div class=\"fg-loader\"><\/div><\/div><div class=\"fg-item fg-type-image fg-idle\"><figure class=\"fg-item-inner\"><a href=\"https:\/\/alpavista.ch\/Alp11\/wp-content\/uploads\/JeizAlbi_Nen_14_006.jpg\" data-caption-title=\"Et l&#039;incontournable F\u00e4silalpu-Niwenalp reste une oraison aussi suave qu&#039;appr\u00e9ciable apr\u00e8s notre p\u00e9nitence initiale, 500 m\u00e8tres de D+, enti\u00e8rement sur bitume.\" data-caption-desc=\"Et l&#039;incontournable F\u00e4silalpu-Niwenalp reste une oraison aussi suave qu&#039;appr\u00e9ciable apr\u00e8s notre p\u00e9nitence initiale, 500 m\u00e8tres de D+, enti\u00e8rement sur bitume.\" data-attachment-id=\"24312\" data-type=\"image\" class=\"fg-thumb\"><span class=\"fg-image-wrap\"><img decoding=\"async\" alt=\"JeizAlbi_Nen_14_006\" title=\"Et l&#039;incontournable F\u00e4silalpu-Niwenalp reste une oraison aussi suave qu&#039;appr\u00e9ciable apr\u00e8s notre p\u00e9nitence initiale, 500 m\u00e8tres de D+, enti\u00e8rement sur bitume.\" width=\"101\" height=\"57\" class=\"skip-lazy fg-image\" data-src-fg=\"https:\/\/alpavista.ch\/Alp11\/wp-content\/uploads\/cache\/JeizAlbi_Nen_14_006\/269098327.jpg\" src=\"data:image\/svg+xml,%3Csvg%20xmlns%3D%22http%3A%2F%2Fwww.w3.org%2F2000%2Fsvg%22%20width%3D%22101%22%20height%3D%2257%22%20viewBox%3D%220%200%20101%2057%22%3E%3C%2Fsvg%3E\" loading=\"eager\"><\/span><span class=\"fg-image-overlay\"><\/span><\/a><figcaption class=\"fg-caption\"><div class=\"fg-caption-inner\"><div class=\"fg-caption-desc\">Et l'incontournable F\u00e4silalpu-Niwenalp reste une oraison aussi suave qu'appr\u00e9ciable apr\u00e8s notre p\u00e9nitence initiale, 500 m\u00e8tres de D+, enti\u00e8rement sur bitume.<\/div><\/div><\/figcaption><\/figure><div class=\"fg-loader\"><\/div><\/div><div class=\"fg-item fg-type-image fg-idle\"><figure class=\"fg-item-inner\"><a href=\"https:\/\/alpavista.ch\/Alp11\/wp-content\/uploads\/JeizAlbi_Nen_14_007.jpg\" data-caption-title=\"Pas de raison de rouler &quot;cach\u00e9&quot;. J&#039;assume parfaitement mes convictions religieuses : bike, bike, et encore bike.\" data-caption-desc=\"Pas de raison de rouler &quot;cach\u00e9&quot;. J&#039;assume parfaitement mes convictions religieuses : bike, bike, et encore bike.\" data-attachment-id=\"24311\" data-type=\"image\" class=\"fg-thumb\"><span class=\"fg-image-wrap\"><img decoding=\"async\" alt=\"JeizAlbi_Nen_14_007\" title=\"Pas de raison de rouler &quot;cach\u00e9&quot;. J&#039;assume parfaitement mes convictions religieuses : bike, bike, et encore bike.\" width=\"101\" height=\"57\" class=\"skip-lazy fg-image\" data-src-fg=\"https:\/\/alpavista.ch\/Alp11\/wp-content\/uploads\/cache\/JeizAlbi_Nen_14_007\/4155293265.jpg\" src=\"data:image\/svg+xml,%3Csvg%20xmlns%3D%22http%3A%2F%2Fwww.w3.org%2F2000%2Fsvg%22%20width%3D%22101%22%20height%3D%2257%22%20viewBox%3D%220%200%20101%2057%22%3E%3C%2Fsvg%3E\" loading=\"eager\"><\/span><span class=\"fg-image-overlay\"><\/span><\/a><figcaption class=\"fg-caption\"><div class=\"fg-caption-inner\"><div class=\"fg-caption-desc\">Pas de raison de rouler \"cach\u00e9\". J'assume parfaitement mes convictions religieuses : bike, bike, et encore bike.<\/div><\/div><\/figcaption><\/figure><div class=\"fg-loader\"><\/div><\/div><div class=\"fg-item fg-type-image fg-idle\"><figure class=\"fg-item-inner\"><a href=\"https:\/\/alpavista.ch\/Alp11\/wp-content\/uploads\/JeizAlbi_Nen_14_008.jpg\" data-caption-title=\"Tapis de violettes et herbage maigre nous accueillent dans les vastes p\u00e2tures de Niwenalp.\" data-caption-desc=\"Tapis de violettes et herbage maigre nous accueillent dans les vastes p\u00e2tures de Niwenalp.\" data-attachment-id=\"24310\" data-type=\"image\" class=\"fg-thumb\"><span class=\"fg-image-wrap\"><img decoding=\"async\" alt=\"JeizAlbi_Nen_14_008\" title=\"Tapis de violettes et herbage maigre nous accueillent dans les vastes p\u00e2tures de Niwenalp.\" width=\"101\" height=\"57\" class=\"skip-lazy fg-image\" data-src-fg=\"https:\/\/alpavista.ch\/Alp11\/wp-content\/uploads\/cache\/JeizAlbi_Nen_14_008\/2170040394.jpg\" src=\"data:image\/svg+xml,%3Csvg%20xmlns%3D%22http%3A%2F%2Fwww.w3.org%2F2000%2Fsvg%22%20width%3D%22101%22%20height%3D%2257%22%20viewBox%3D%220%200%20101%2057%22%3E%3C%2Fsvg%3E\" loading=\"eager\"><\/span><span class=\"fg-image-overlay\"><\/span><\/a><figcaption class=\"fg-caption\"><div class=\"fg-caption-inner\"><div class=\"fg-caption-desc\">Tapis de violettes et herbage maigre nous accueillent dans les vastes p\u00e2tures de Niwenalp.<\/div><\/div><\/figcaption><\/figure><div class=\"fg-loader\"><\/div><\/div><div class=\"fg-item fg-type-image fg-idle\"><figure class=\"fg-item-inner\"><a href=\"https:\/\/alpavista.ch\/Alp11\/wp-content\/uploads\/JeizAlbi_Nen_14_009.jpg\" data-caption-title=\"La plus belle &quot;Valais&quot; du monde et un de ces plus divin chemin.\" data-caption-desc=\"La plus belle &quot;Valais&quot; du monde et un de ces plus divin chemin.\" data-attachment-id=\"24309\" data-type=\"image\" class=\"fg-thumb\"><span class=\"fg-image-wrap\"><img decoding=\"async\" alt=\"JeizAlbi_Nen_14_009\" title=\"La plus belle &quot;Valais&quot; du monde et un de ces plus divin chemin.\" width=\"101\" height=\"57\" class=\"skip-lazy fg-image\" data-src-fg=\"https:\/\/alpavista.ch\/Alp11\/wp-content\/uploads\/cache\/JeizAlbi_Nen_14_009\/3380586671.jpg\" src=\"data:image\/svg+xml,%3Csvg%20xmlns%3D%22http%3A%2F%2Fwww.w3.org%2F2000%2Fsvg%22%20width%3D%22101%22%20height%3D%2257%22%20viewBox%3D%220%200%20101%2057%22%3E%3C%2Fsvg%3E\" loading=\"eager\"><\/span><span class=\"fg-image-overlay\"><\/span><\/a><figcaption class=\"fg-caption\"><div class=\"fg-caption-inner\"><div class=\"fg-caption-desc\">La plus belle \"Valais\" du monde et un de ces plus divin chemin.<\/div><\/div><\/figcaption><\/figure><div class=\"fg-loader\"><\/div><\/div><div class=\"fg-item fg-type-image fg-idle\"><figure class=\"fg-item-inner\"><a href=\"https:\/\/alpavista.ch\/Alp11\/wp-content\/uploads\/JeizAlbi_Nen_14_010.jpg\" data-caption-title=\"Et dire que la c\u00e9l\u00e9bration ne fait que commencer.\" data-caption-desc=\"Et dire que la c\u00e9l\u00e9bration ne fait que commencer.\" data-attachment-id=\"24308\" data-type=\"image\" class=\"fg-thumb\"><span class=\"fg-image-wrap\"><img decoding=\"async\" alt=\"JeizAlbi_Nen_14_010\" title=\"Et dire que la c\u00e9l\u00e9bration ne fait que commencer.\" width=\"101\" height=\"57\" class=\"skip-lazy fg-image\" data-src-fg=\"https:\/\/alpavista.ch\/Alp11\/wp-content\/uploads\/cache\/JeizAlbi_Nen_14_010\/1855929200.jpg\" src=\"data:image\/svg+xml,%3Csvg%20xmlns%3D%22http%3A%2F%2Fwww.w3.org%2F2000%2Fsvg%22%20width%3D%22101%22%20height%3D%2257%22%20viewBox%3D%220%200%20101%2057%22%3E%3C%2Fsvg%3E\" loading=\"eager\"><\/span><span class=\"fg-image-overlay\"><\/span><\/a><figcaption class=\"fg-caption\"><div class=\"fg-caption-inner\"><div class=\"fg-caption-desc\">Et dire que la c\u00e9l\u00e9bration ne fait que commencer.<\/div><\/div><\/figcaption><\/figure><div class=\"fg-loader\"><\/div><\/div><div class=\"fg-item fg-type-image fg-idle\"><figure class=\"fg-item-inner\"><a href=\"https:\/\/alpavista.ch\/Alp11\/wp-content\/uploads\/JeizAlbi_Nen_14_011.jpg\" data-caption-title=\"Sommets encore bien garnis, mais sentier d\u00e9j\u00e0 parfaitement roulable. Merci, monsieur Foehn.\" data-caption-desc=\"Sommets encore bien garnis, mais sentier d\u00e9j\u00e0 parfaitement roulable. Merci, monsieur Foehn.\" data-attachment-id=\"24307\" data-type=\"image\" class=\"fg-thumb\"><span class=\"fg-image-wrap\"><img decoding=\"async\" alt=\"JeizAlbi_Nen_14_011\" title=\"Sommets encore bien garnis, mais sentier d\u00e9j\u00e0 parfaitement roulable. Merci, monsieur Foehn.\" width=\"101\" height=\"57\" class=\"skip-lazy fg-image\" data-src-fg=\"https:\/\/alpavista.ch\/Alp11\/wp-content\/uploads\/cache\/JeizAlbi_Nen_14_011\/621483542.jpg\" src=\"data:image\/svg+xml,%3Csvg%20xmlns%3D%22http%3A%2F%2Fwww.w3.org%2F2000%2Fsvg%22%20width%3D%22101%22%20height%3D%2257%22%20viewBox%3D%220%200%20101%2057%22%3E%3C%2Fsvg%3E\" loading=\"eager\"><\/span><span class=\"fg-image-overlay\"><\/span><\/a><figcaption class=\"fg-caption\"><div class=\"fg-caption-inner\"><div class=\"fg-caption-desc\">Sommets encore bien garnis, mais sentier d\u00e9j\u00e0 parfaitement roulable. Merci, monsieur Foehn.<\/div><\/div><\/figcaption><\/figure><div class=\"fg-loader\"><\/div><\/div><div class=\"fg-item fg-type-image fg-idle\"><figure class=\"fg-item-inner\"><a href=\"https:\/\/alpavista.ch\/Alp11\/wp-content\/uploads\/JeizAlbi_Nen_14_012.jpg\" data-caption-title=\"M\u00eame l&#039;abrupt couloir du Feschelbach est d\u00e9j\u00e0 libre de r\u00e9sidus avalancheux. Preuve d&#039;un hiver encore plus cl\u00e9ment que ressenti.\" data-caption-desc=\"M\u00eame l&#039;abrupt couloir du Feschelbach est d\u00e9j\u00e0 libre de r\u00e9sidus avalancheux. Preuve d&#039;un hiver encore plus cl\u00e9ment que ressenti.\" data-attachment-id=\"24306\" data-type=\"image\" class=\"fg-thumb\"><span class=\"fg-image-wrap\"><img decoding=\"async\" alt=\"JeizAlbi_Nen_14_012\" title=\"M\u00eame l&#039;abrupt couloir du Feschelbach est d\u00e9j\u00e0 libre de r\u00e9sidus avalancheux. Preuve d&#039;un hiver encore plus cl\u00e9ment que ressenti.\" width=\"101\" height=\"57\" class=\"skip-lazy fg-image\" data-src-fg=\"https:\/\/alpavista.ch\/Alp11\/wp-content\/uploads\/cache\/JeizAlbi_Nen_14_012\/72387906.jpg\" src=\"data:image\/svg+xml,%3Csvg%20xmlns%3D%22http%3A%2F%2Fwww.w3.org%2F2000%2Fsvg%22%20width%3D%22101%22%20height%3D%2257%22%20viewBox%3D%220%200%20101%2057%22%3E%3C%2Fsvg%3E\" loading=\"eager\"><\/span><span class=\"fg-image-overlay\"><\/span><\/a><figcaption class=\"fg-caption\"><div class=\"fg-caption-inner\"><div class=\"fg-caption-desc\">M\u00eame l'abrupt couloir du Feschelbach est d\u00e9j\u00e0 libre de r\u00e9sidus avalancheux. Preuve d'un hiver encore plus cl\u00e9ment que ressenti.<\/div><\/div><\/figcaption><\/figure><div class=\"fg-loader\"><\/div><\/div><div class=\"fg-item fg-type-image fg-idle\"><figure class=\"fg-item-inner\"><a href=\"https:\/\/alpavista.ch\/Alp11\/wp-content\/uploads\/JeizAlbi_Nen_14_013.jpg\" data-caption-title=\"Cherchez l&#039;erreur ! Y en a un qui a un moteur.\" data-caption-desc=\"Cherchez l&#039;erreur ! Y en a un qui a un moteur.\" data-attachment-id=\"24305\" data-type=\"image\" class=\"fg-thumb\"><span class=\"fg-image-wrap\"><img decoding=\"async\" alt=\"JeizAlbi_Nen_14_013\" title=\"Cherchez l&#039;erreur ! Y en a un qui a un moteur.\" width=\"101\" height=\"57\" class=\"skip-lazy fg-image\" data-src-fg=\"https:\/\/alpavista.ch\/Alp11\/wp-content\/uploads\/cache\/JeizAlbi_Nen_14_013\/3824561732.jpg\" src=\"data:image\/svg+xml,%3Csvg%20xmlns%3D%22http%3A%2F%2Fwww.w3.org%2F2000%2Fsvg%22%20width%3D%22101%22%20height%3D%2257%22%20viewBox%3D%220%200%20101%2057%22%3E%3C%2Fsvg%3E\" loading=\"eager\"><\/span><span class=\"fg-image-overlay\"><\/span><\/a><figcaption class=\"fg-caption\"><div class=\"fg-caption-inner\"><div class=\"fg-caption-desc\">Cherchez l'erreur ! Y en a un qui a un moteur.<\/div><\/div><\/figcaption><\/figure><div class=\"fg-loader\"><\/div><\/div><div class=\"fg-item fg-type-image fg-idle\"><figure class=\"fg-item-inner\"><a href=\"https:\/\/alpavista.ch\/Alp11\/wp-content\/uploads\/JeizAlbi_Nen_14_014.jpg\" data-caption-title=\"Mais ce n&#039;est pas une raison pour se laisser avaler sans lutter.\" data-caption-desc=\"Mais ce n&#039;est pas une raison pour se laisser avaler sans lutter.\" data-attachment-id=\"24304\" data-type=\"image\" class=\"fg-thumb\"><span class=\"fg-image-wrap\"><img decoding=\"async\" alt=\"JeizAlbi_Nen_14_014\" title=\"Mais ce n&#039;est pas une raison pour se laisser avaler sans lutter.\" width=\"101\" height=\"57\" class=\"skip-lazy fg-image\" data-src-fg=\"https:\/\/alpavista.ch\/Alp11\/wp-content\/uploads\/cache\/JeizAlbi_Nen_14_014\/1189592042.jpg\" src=\"data:image\/svg+xml,%3Csvg%20xmlns%3D%22http%3A%2F%2Fwww.w3.org%2F2000%2Fsvg%22%20width%3D%22101%22%20height%3D%2257%22%20viewBox%3D%220%200%20101%2057%22%3E%3C%2Fsvg%3E\" loading=\"eager\"><\/span><span class=\"fg-image-overlay\"><\/span><\/a><figcaption class=\"fg-caption\"><div class=\"fg-caption-inner\"><div class=\"fg-caption-desc\">Mais ce n'est pas une raison pour se laisser avaler sans lutter.<\/div><\/div><\/figcaption><\/figure><div class=\"fg-loader\"><\/div><\/div><div class=\"fg-item fg-type-image fg-idle\"><figure class=\"fg-item-inner\"><a href=\"https:\/\/alpavista.ch\/Alp11\/wp-content\/uploads\/JeizAlbi_Nen_14_015.jpg\" data-caption-title=\"Tu t&#039;es vu quand tu braques ?\" data-caption-desc=\"Tu t&#039;es vu quand tu braques ?\" data-attachment-id=\"24303\" data-type=\"image\" class=\"fg-thumb\"><span class=\"fg-image-wrap\"><img decoding=\"async\" alt=\"JeizAlbi_Nen_14_015\" title=\"Tu t&#039;es vu quand tu braques ?\" width=\"101\" height=\"57\" class=\"skip-lazy fg-image\" data-src-fg=\"https:\/\/alpavista.ch\/Alp11\/wp-content\/uploads\/cache\/JeizAlbi_Nen_14_015\/1937793267.jpg\" src=\"data:image\/svg+xml,%3Csvg%20xmlns%3D%22http%3A%2F%2Fwww.w3.org%2F2000%2Fsvg%22%20width%3D%22101%22%20height%3D%2257%22%20viewBox%3D%220%200%20101%2057%22%3E%3C%2Fsvg%3E\" loading=\"eager\"><\/span><span class=\"fg-image-overlay\"><\/span><\/a><figcaption class=\"fg-caption\"><div class=\"fg-caption-inner\"><div class=\"fg-caption-desc\">Tu t'es vu quand tu braques ?<\/div><\/div><\/figcaption><\/figure><div class=\"fg-loader\"><\/div><\/div><div class=\"fg-item fg-type-image fg-idle\"><figure class=\"fg-item-inner\"><a href=\"https:\/\/alpavista.ch\/Alp11\/wp-content\/uploads\/JeizAlbi_Nen_14_016.jpg\" data-caption-title=\"Tout en m\u00e9l\u00e8zes et en lacets retors, la premi\u00e8re descente de la journ\u00e9e, n&#039;est pas forc\u00e9ment la plus ais\u00e9e.\" data-caption-desc=\"Tout en m\u00e9l\u00e8zes et en lacets retors, la premi\u00e8re descente de la journ\u00e9e, n&#039;est pas forc\u00e9ment la plus ais\u00e9e.\" data-attachment-id=\"24302\" data-type=\"image\" class=\"fg-thumb\"><span class=\"fg-image-wrap\"><img decoding=\"async\" alt=\"JeizAlbi_Nen_14_016\" title=\"Tout en m\u00e9l\u00e8zes et en lacets retors, la premi\u00e8re descente de la journ\u00e9e, n&#039;est pas forc\u00e9ment la plus ais\u00e9e.\" width=\"101\" height=\"57\" class=\"skip-lazy fg-image\" data-src-fg=\"https:\/\/alpavista.ch\/Alp11\/wp-content\/uploads\/cache\/JeizAlbi_Nen_14_016\/1390148519.jpg\" src=\"data:image\/svg+xml,%3Csvg%20xmlns%3D%22http%3A%2F%2Fwww.w3.org%2F2000%2Fsvg%22%20width%3D%22101%22%20height%3D%2257%22%20viewBox%3D%220%200%20101%2057%22%3E%3C%2Fsvg%3E\" loading=\"eager\"><\/span><span class=\"fg-image-overlay\"><\/span><\/a><figcaption class=\"fg-caption\"><div class=\"fg-caption-inner\"><div class=\"fg-caption-desc\">Tout en m\u00e9l\u00e8zes et en lacets retors, la premi\u00e8re descente de la journ\u00e9e, n'est pas forc\u00e9ment la plus ais\u00e9e.<\/div><\/div><\/figcaption><\/figure><div class=\"fg-loader\"><\/div><\/div><div class=\"fg-item fg-type-image fg-idle\"><figure class=\"fg-item-inner\"><a href=\"https:\/\/alpavista.ch\/Alp11\/wp-content\/uploads\/JeizAlbi_Nen_14_017.jpg\" data-caption-title=\"Lonely Rider for Bachalp.\" data-caption-desc=\"Lonely Rider for Bachalp.\" data-attachment-id=\"24301\" data-type=\"image\" class=\"fg-thumb\"><span class=\"fg-image-wrap\"><img decoding=\"async\" alt=\"JeizAlbi_Nen_14_017\" title=\"Lonely Rider for Bachalp.\" width=\"101\" height=\"57\" class=\"skip-lazy fg-image\" data-src-fg=\"https:\/\/alpavista.ch\/Alp11\/wp-content\/uploads\/cache\/JeizAlbi_Nen_14_017\/3044890785.jpg\" src=\"data:image\/svg+xml,%3Csvg%20xmlns%3D%22http%3A%2F%2Fwww.w3.org%2F2000%2Fsvg%22%20width%3D%22101%22%20height%3D%2257%22%20viewBox%3D%220%200%20101%2057%22%3E%3C%2Fsvg%3E\" loading=\"eager\"><\/span><span class=\"fg-image-overlay\"><\/span><\/a><figcaption class=\"fg-caption\"><div class=\"fg-caption-inner\"><div class=\"fg-caption-desc\">Lonely Rider for Bachalp.<\/div><\/div><\/figcaption><\/figure><div class=\"fg-loader\"><\/div><\/div><div class=\"fg-item fg-type-image fg-idle\"><figure class=\"fg-item-inner\"><a href=\"https:\/\/alpavista.ch\/Alp11\/wp-content\/uploads\/JeizAlbi_Nen_14_018.jpg\" data-caption-title=\"Plus de n\u00e9v\u00e9s dans le vallon de Bach, mais un &quot;bach&quot; d\u00e9j\u00e0 bien enfl\u00e9 par les eaux de fonte.\" data-caption-desc=\"Plus de n\u00e9v\u00e9s dans le vallon de Bach, mais un &quot;bach&quot; d\u00e9j\u00e0 bien enfl\u00e9 par les eaux de fonte.\" data-attachment-id=\"24300\" data-type=\"image\" class=\"fg-thumb\"><span class=\"fg-image-wrap\"><img decoding=\"async\" alt=\"JeizAlbi_Nen_14_018\" title=\"Plus de n\u00e9v\u00e9s dans le vallon de Bach, mais un &quot;bach&quot; d\u00e9j\u00e0 bien enfl\u00e9 par les eaux de fonte.\" width=\"101\" height=\"57\" class=\"skip-lazy fg-image\" data-src-fg=\"https:\/\/alpavista.ch\/Alp11\/wp-content\/uploads\/cache\/JeizAlbi_Nen_14_018\/3280590522.jpg\" src=\"data:image\/svg+xml,%3Csvg%20xmlns%3D%22http%3A%2F%2Fwww.w3.org%2F2000%2Fsvg%22%20width%3D%22101%22%20height%3D%2257%22%20viewBox%3D%220%200%20101%2057%22%3E%3C%2Fsvg%3E\" loading=\"eager\"><\/span><span class=\"fg-image-overlay\"><\/span><\/a><figcaption class=\"fg-caption\"><div class=\"fg-caption-inner\"><div class=\"fg-caption-desc\">Plus de n\u00e9v\u00e9s dans le vallon de Bach, mais un \"bach\" d\u00e9j\u00e0 bien enfl\u00e9 par les eaux de fonte.<\/div><\/div><\/figcaption><\/figure><div class=\"fg-loader\"><\/div><\/div><div class=\"fg-item fg-type-image fg-idle\"><figure class=\"fg-item-inner\"><a href=\"https:\/\/alpavista.ch\/Alp11\/wp-content\/uploads\/JeizAlbi_Nen_14_019.jpg\" data-caption-title=\"L&#039;Oberu Highway \u00e0 l&#039;envers du bon sens.\" data-caption-desc=\"L&#039;Oberu Highway \u00e0 l&#039;envers du bon sens.\" data-attachment-id=\"24299\" data-type=\"image\" class=\"fg-thumb\"><span class=\"fg-image-wrap\"><img decoding=\"async\" alt=\"JeizAlbi_Nen_14_019\" title=\"L&#039;Oberu Highway \u00e0 l&#039;envers du bon sens.\" width=\"101\" height=\"57\" class=\"skip-lazy fg-image\" data-src-fg=\"https:\/\/alpavista.ch\/Alp11\/wp-content\/uploads\/cache\/JeizAlbi_Nen_14_019\/425171392.jpg\" src=\"data:image\/svg+xml,%3Csvg%20xmlns%3D%22http%3A%2F%2Fwww.w3.org%2F2000%2Fsvg%22%20width%3D%22101%22%20height%3D%2257%22%20viewBox%3D%220%200%20101%2057%22%3E%3C%2Fsvg%3E\" loading=\"eager\"><\/span><span class=\"fg-image-overlay\"><\/span><\/a><figcaption class=\"fg-caption\"><div class=\"fg-caption-inner\"><div class=\"fg-caption-desc\">L'Oberu Highway \u00e0 l'envers du bon sens.<\/div><\/div><\/figcaption><\/figure><div class=\"fg-loader\"><\/div><\/div><div class=\"fg-item fg-type-image fg-idle\"><figure class=\"fg-item-inner\"><a href=\"https:\/\/alpavista.ch\/Alp11\/wp-content\/uploads\/JeizAlbi_Nen_14_020.jpg\" data-caption-title=\"Le premier challenge &quot;\u00e0 jambes et \u00e0 cardio&quot; de la saison.\" data-caption-desc=\"Le premier challenge &quot;\u00e0 jambes et \u00e0 cardio&quot; de la saison.\" data-attachment-id=\"24298\" data-type=\"image\" class=\"fg-thumb\"><span class=\"fg-image-wrap\"><img decoding=\"async\" alt=\"JeizAlbi_Nen_14_020\" title=\"Le premier challenge &quot;\u00e0 jambes et \u00e0 cardio&quot; de la saison.\" width=\"101\" height=\"57\" class=\"skip-lazy fg-image\" data-src-fg=\"https:\/\/alpavista.ch\/Alp11\/wp-content\/uploads\/cache\/JeizAlbi_Nen_14_020\/2420187801.jpg\" src=\"data:image\/svg+xml,%3Csvg%20xmlns%3D%22http%3A%2F%2Fwww.w3.org%2F2000%2Fsvg%22%20width%3D%22101%22%20height%3D%2257%22%20viewBox%3D%220%200%20101%2057%22%3E%3C%2Fsvg%3E\" loading=\"eager\"><\/span><span class=\"fg-image-overlay\"><\/span><\/a><figcaption class=\"fg-caption\"><div class=\"fg-caption-inner\"><div class=\"fg-caption-desc\">Le premier challenge \"\u00e0 jambes et \u00e0 cardio\" de la saison.<\/div><\/div><\/figcaption><\/figure><div class=\"fg-loader\"><\/div><\/div><div class=\"fg-item fg-type-image fg-idle\"><figure class=\"fg-item-inner\"><a href=\"https:\/\/alpavista.ch\/Alp11\/wp-content\/uploads\/JeizAlbi_Nen_14_021.jpg\" data-caption-title=\"Si les voies c\u00e9lestes sont imp\u00e9n\u00e9trables, le wanderweg d&#039;Oberu reste toujours aussi ardu...\" data-caption-desc=\"Si les voies c\u00e9lestes sont imp\u00e9n\u00e9trables, le wanderweg d&#039;Oberu reste toujours aussi ardu...\" data-attachment-id=\"24297\" data-type=\"image\" class=\"fg-thumb\"><span class=\"fg-image-wrap\"><img decoding=\"async\" alt=\"JeizAlbi_Nen_14_021\" title=\"Si les voies c\u00e9lestes sont imp\u00e9n\u00e9trables, le wanderweg d&#039;Oberu reste toujours aussi ardu...\" width=\"101\" height=\"57\" class=\"skip-lazy fg-image\" data-src-fg=\"https:\/\/alpavista.ch\/Alp11\/wp-content\/uploads\/cache\/JeizAlbi_Nen_14_021\/3688173567.jpg\" src=\"data:image\/svg+xml,%3Csvg%20xmlns%3D%22http%3A%2F%2Fwww.w3.org%2F2000%2Fsvg%22%20width%3D%22101%22%20height%3D%2257%22%20viewBox%3D%220%200%20101%2057%22%3E%3C%2Fsvg%3E\" loading=\"eager\"><\/span><span class=\"fg-image-overlay\"><\/span><\/a><figcaption class=\"fg-caption\"><div class=\"fg-caption-inner\"><div class=\"fg-caption-desc\">Si les voies c\u00e9lestes sont imp\u00e9n\u00e9trables, le wanderweg d'Oberu reste toujours aussi ardu...<\/div><\/div><\/figcaption><\/figure><div class=\"fg-loader\"><\/div><\/div><div class=\"fg-item fg-type-image fg-idle\"><figure class=\"fg-item-inner\"><a href=\"https:\/\/alpavista.ch\/Alp11\/wp-content\/uploads\/JeizAlbi_Nen_14_022.jpg\" data-caption-title=\"... surtout quand on est encore qu&#039;\u00e0 la fin mai.\" data-caption-desc=\"... surtout quand on est encore qu&#039;\u00e0 la fin mai.\" data-attachment-id=\"24296\" data-type=\"image\" class=\"fg-thumb\"><span class=\"fg-image-wrap\"><img decoding=\"async\" alt=\"JeizAlbi_Nen_14_022\" title=\"... surtout quand on est encore qu&#039;\u00e0 la fin mai.\" width=\"101\" height=\"57\" class=\"skip-lazy fg-image\" data-src-fg=\"https:\/\/alpavista.ch\/Alp11\/wp-content\/uploads\/cache\/JeizAlbi_Nen_14_022\/4203648171.jpg\" src=\"data:image\/svg+xml,%3Csvg%20xmlns%3D%22http%3A%2F%2Fwww.w3.org%2F2000%2Fsvg%22%20width%3D%22101%22%20height%3D%2257%22%20viewBox%3D%220%200%20101%2057%22%3E%3C%2Fsvg%3E\" loading=\"eager\"><\/span><span class=\"fg-image-overlay\"><\/span><\/a><figcaption class=\"fg-caption\"><div class=\"fg-caption-inner\"><div class=\"fg-caption-desc\">... surtout quand on est encore qu'\u00e0 la fin mai.<\/div><\/div><\/figcaption><\/figure><div class=\"fg-loader\"><\/div><\/div><div class=\"fg-item fg-type-image fg-idle\"><figure class=\"fg-item-inner\"><a href=\"https:\/\/alpavista.ch\/Alp11\/wp-content\/uploads\/JeizAlbi_Nen_14_023.jpg\" data-caption-title=\"Ardu, mais pas au point de nous forcer \u00e0 mettre pied \u00e0 terre...\" data-caption-desc=\"Ardu, mais pas au point de nous forcer \u00e0 mettre pied \u00e0 terre...\" data-attachment-id=\"24295\" data-type=\"image\" class=\"fg-thumb\"><span class=\"fg-image-wrap\"><img decoding=\"async\" alt=\"JeizAlbi_Nen_14_023\" title=\"Ardu, mais pas au point de nous forcer \u00e0 mettre pied \u00e0 terre...\" width=\"101\" height=\"57\" class=\"skip-lazy fg-image\" data-src-fg=\"https:\/\/alpavista.ch\/Alp11\/wp-content\/uploads\/cache\/JeizAlbi_Nen_14_023\/489174957.jpg\" src=\"data:image\/svg+xml,%3Csvg%20xmlns%3D%22http%3A%2F%2Fwww.w3.org%2F2000%2Fsvg%22%20width%3D%22101%22%20height%3D%2257%22%20viewBox%3D%220%200%20101%2057%22%3E%3C%2Fsvg%3E\" loading=\"eager\"><\/span><span class=\"fg-image-overlay\"><\/span><\/a><figcaption class=\"fg-caption\"><div class=\"fg-caption-inner\"><div class=\"fg-caption-desc\">Ardu, mais pas au point de nous forcer \u00e0 mettre pied \u00e0 terre...<\/div><\/div><\/figcaption><\/figure><div class=\"fg-loader\"><\/div><\/div><div class=\"fg-item fg-type-image fg-idle\"><figure class=\"fg-item-inner\"><a href=\"https:\/\/alpavista.ch\/Alp11\/wp-content\/uploads\/JeizAlbi_Nen_14_024.jpg\" data-caption-title=\"... mais dans la neige.\" data-caption-desc=\"... mais dans la neige.\" data-attachment-id=\"24294\" data-type=\"image\" class=\"fg-thumb\"><span class=\"fg-image-wrap\"><img decoding=\"async\" alt=\"JeizAlbi_Nen_14_024\" title=\"... mais dans la neige.\" width=\"101\" height=\"57\" class=\"skip-lazy fg-image\" data-src-fg=\"https:\/\/alpavista.ch\/Alp11\/wp-content\/uploads\/cache\/JeizAlbi_Nen_14_024\/3090784771.jpg\" src=\"data:image\/svg+xml,%3Csvg%20xmlns%3D%22http%3A%2F%2Fwww.w3.org%2F2000%2Fsvg%22%20width%3D%22101%22%20height%3D%2257%22%20viewBox%3D%220%200%20101%2057%22%3E%3C%2Fsvg%3E\" loading=\"eager\"><\/span><span class=\"fg-image-overlay\"><\/span><\/a><figcaption class=\"fg-caption\"><div class=\"fg-caption-inner\"><div class=\"fg-caption-desc\">... mais dans la neige.<\/div><\/div><\/figcaption><\/figure><div class=\"fg-loader\"><\/div><\/div><div class=\"fg-item fg-type-image fg-idle\"><figure class=\"fg-item-inner\"><a href=\"https:\/\/alpavista.ch\/Alp11\/wp-content\/uploads\/JeizAlbi_Nen_14_025.jpg\" data-caption-title=\"Comme toutes les grandes religions, la n\u00f4tre comporte ses petites confessions.\" data-caption-desc=\"Comme toutes les grandes religions, la n\u00f4tre comporte ses petites confessions.\" data-attachment-id=\"24293\" data-type=\"image\" class=\"fg-thumb\"><span class=\"fg-image-wrap\"><img decoding=\"async\" alt=\"JeizAlbi_Nen_14_025\" title=\"Comme toutes les grandes religions, la n\u00f4tre comporte ses petites confessions.\" width=\"101\" height=\"57\" class=\"skip-lazy fg-image\" data-src-fg=\"https:\/\/alpavista.ch\/Alp11\/wp-content\/uploads\/cache\/JeizAlbi_Nen_14_025\/2371778842.jpg\" src=\"data:image\/svg+xml,%3Csvg%20xmlns%3D%22http%3A%2F%2Fwww.w3.org%2F2000%2Fsvg%22%20width%3D%22101%22%20height%3D%2257%22%20viewBox%3D%220%200%20101%2057%22%3E%3C%2Fsvg%3E\" loading=\"eager\"><\/span><span class=\"fg-image-overlay\"><\/span><\/a><figcaption class=\"fg-caption\"><div class=\"fg-caption-inner\"><div class=\"fg-caption-desc\">Comme toutes les grandes religions, la n\u00f4tre comporte ses petites confessions.<\/div><\/div><\/figcaption><\/figure><div class=\"fg-loader\"><\/div><\/div><div class=\"fg-item fg-type-image fg-idle\"><figure class=\"fg-item-inner\"><a href=\"https:\/\/alpavista.ch\/Alp11\/wp-content\/uploads\/JeizAlbi_Nen_14_026.jpg\" data-caption-title=\"Les derni\u00e8res pri\u00e8res, et accessoirement les derniers coups de p\u00e9dales, pour acc\u00e9der au petit paradis d&#039;Oberu.\" data-caption-desc=\"Les derni\u00e8res pri\u00e8res, et accessoirement les derniers coups de p\u00e9dales, pour acc\u00e9der au petit paradis d&#039;Oberu.\" data-attachment-id=\"24292\" data-type=\"image\" class=\"fg-thumb\"><span class=\"fg-image-wrap\"><img decoding=\"async\" alt=\"JeizAlbi_Nen_14_026\" title=\"Les derni\u00e8res pri\u00e8res, et accessoirement les derniers coups de p\u00e9dales, pour acc\u00e9der au petit paradis d&#039;Oberu.\" width=\"101\" height=\"57\" class=\"skip-lazy fg-image\" data-src-fg=\"https:\/\/alpavista.ch\/Alp11\/wp-content\/uploads\/cache\/JeizAlbi_Nen_14_026\/2886066766.jpg\" src=\"data:image\/svg+xml,%3Csvg%20xmlns%3D%22http%3A%2F%2Fwww.w3.org%2F2000%2Fsvg%22%20width%3D%22101%22%20height%3D%2257%22%20viewBox%3D%220%200%20101%2057%22%3E%3C%2Fsvg%3E\" loading=\"eager\"><\/span><span class=\"fg-image-overlay\"><\/span><\/a><figcaption class=\"fg-caption\"><div class=\"fg-caption-inner\"><div class=\"fg-caption-desc\">Les derni\u00e8res pri\u00e8res, et accessoirement les derniers coups de p\u00e9dales, pour acc\u00e9der au petit paradis d'Oberu.<\/div><\/div><\/figcaption><\/figure><div class=\"fg-loader\"><\/div><\/div><div class=\"fg-item fg-type-image fg-idle\"><figure class=\"fg-item-inner\"><a href=\"https:\/\/alpavista.ch\/Alp11\/wp-content\/uploads\/JeizAlbi_Nen_14_027.jpg\" data-caption-title=\"Oui, mais notre grand paradis, aujourd&#039;hui, nous demande encore un peu de force dans les mollets ...\" data-caption-desc=\"Oui, mais notre grand paradis, aujourd&#039;hui, nous demande encore un peu de force dans les mollets ...\" data-attachment-id=\"24291\" data-type=\"image\" class=\"fg-thumb\"><span class=\"fg-image-wrap\"><img decoding=\"async\" alt=\"JeizAlbi_Nen_14_027\" title=\"Oui, mais notre grand paradis, aujourd&#039;hui, nous demande encore un peu de force dans les mollets ...\" width=\"101\" height=\"57\" class=\"skip-lazy fg-image\" data-src-fg=\"https:\/\/alpavista.ch\/Alp11\/wp-content\/uploads\/cache\/JeizAlbi_Nen_14_027\/1268990280.jpg\" src=\"data:image\/svg+xml,%3Csvg%20xmlns%3D%22http%3A%2F%2Fwww.w3.org%2F2000%2Fsvg%22%20width%3D%22101%22%20height%3D%2257%22%20viewBox%3D%220%200%20101%2057%22%3E%3C%2Fsvg%3E\" loading=\"eager\"><\/span><span class=\"fg-image-overlay\"><\/span><\/a><figcaption class=\"fg-caption\"><div class=\"fg-caption-inner\"><div class=\"fg-caption-desc\">Oui, mais notre grand paradis, aujourd'hui, nous demande encore un peu de force dans les mollets ...<\/div><\/div><\/figcaption><\/figure><div class=\"fg-loader\"><\/div><\/div><div class=\"fg-item fg-type-image fg-idle\"><figure class=\"fg-item-inner\"><a href=\"https:\/\/alpavista.ch\/Alp11\/wp-content\/uploads\/JeizAlbi_Nen_14_028.jpg\" data-caption-title=\"... et d&#039;adresse au guidon.\" data-caption-desc=\"... et d&#039;adresse au guidon.\" data-attachment-id=\"24290\" data-type=\"image\" class=\"fg-thumb\"><span class=\"fg-image-wrap\"><img decoding=\"async\" alt=\"JeizAlbi_Nen_14_028\" title=\"... et d&#039;adresse au guidon.\" width=\"101\" height=\"57\" class=\"skip-lazy fg-image\" data-src-fg=\"https:\/\/alpavista.ch\/Alp11\/wp-content\/uploads\/cache\/JeizAlbi_Nen_14_028\/1029164883.jpg\" src=\"data:image\/svg+xml,%3Csvg%20xmlns%3D%22http%3A%2F%2Fwww.w3.org%2F2000%2Fsvg%22%20width%3D%22101%22%20height%3D%2257%22%20viewBox%3D%220%200%20101%2057%22%3E%3C%2Fsvg%3E\" loading=\"eager\"><\/span><span class=\"fg-image-overlay\"><\/span><\/a><figcaption class=\"fg-caption\"><div class=\"fg-caption-inner\"><div class=\"fg-caption-desc\">... et d'adresse au guidon.<\/div><\/div><\/figcaption><\/figure><div class=\"fg-loader\"><\/div><\/div><div class=\"fg-item fg-type-image fg-idle\"><figure class=\"fg-item-inner\"><a href=\"https:\/\/alpavista.ch\/Alp11\/wp-content\/uploads\/JeizAlbi_Nen_14_029.jpg\" data-caption-title=\"Mmmmhhh, \u00e7a sent bon la vraie descente.\" data-caption-desc=\"Mmmmhhh, \u00e7a sent bon la vraie descente.\" data-attachment-id=\"24289\" data-type=\"image\" class=\"fg-thumb\"><span class=\"fg-image-wrap\"><img decoding=\"async\" alt=\"JeizAlbi_Nen_14_029\" title=\"Mmmmhhh, \u00e7a sent bon la vraie descente.\" width=\"101\" height=\"57\" class=\"skip-lazy fg-image\" data-src-fg=\"https:\/\/alpavista.ch\/Alp11\/wp-content\/uploads\/cache\/JeizAlbi_Nen_14_029\/1970296758.jpg\" src=\"data:image\/svg+xml,%3Csvg%20xmlns%3D%22http%3A%2F%2Fwww.w3.org%2F2000%2Fsvg%22%20width%3D%22101%22%20height%3D%2257%22%20viewBox%3D%220%200%20101%2057%22%3E%3C%2Fsvg%3E\" loading=\"eager\"><\/span><span class=\"fg-image-overlay\"><\/span><\/a><figcaption class=\"fg-caption\"><div class=\"fg-caption-inner\"><div class=\"fg-caption-desc\">Mmmmhhh, \u00e7a sent bon la vraie descente.<\/div><\/div><\/figcaption><\/figure><div class=\"fg-loader\"><\/div><\/div><div class=\"fg-item fg-type-image fg-idle\"><figure class=\"fg-item-inner\"><a href=\"https:\/\/alpavista.ch\/Alp11\/wp-content\/uploads\/JeizAlbi_Nen_14_030.jpg\" data-caption-title=\"Cierges de cire ou arbres d\u00e9ss\u00e9ch\u00e9s, qu&#039;importe le symbole, c&#039;est la foi qui compte.\" data-caption-desc=\"Cierges de cire ou arbres d\u00e9ss\u00e9ch\u00e9s, qu&#039;importe le symbole, c&#039;est la foi qui compte.\" data-attachment-id=\"24288\" data-type=\"image\" class=\"fg-thumb\"><span class=\"fg-image-wrap\"><img decoding=\"async\" alt=\"JeizAlbi_Nen_14_030\" title=\"Cierges de cire ou arbres d\u00e9ss\u00e9ch\u00e9s, qu&#039;importe le symbole, c&#039;est la foi qui compte.\" width=\"101\" height=\"57\" class=\"skip-lazy fg-image\" data-src-fg=\"https:\/\/alpavista.ch\/Alp11\/wp-content\/uploads\/cache\/JeizAlbi_Nen_14_030\/3532702825.jpg\" src=\"data:image\/svg+xml,%3Csvg%20xmlns%3D%22http%3A%2F%2Fwww.w3.org%2F2000%2Fsvg%22%20width%3D%22101%22%20height%3D%2257%22%20viewBox%3D%220%200%20101%2057%22%3E%3C%2Fsvg%3E\" loading=\"eager\"><\/span><span class=\"fg-image-overlay\"><\/span><\/a><figcaption class=\"fg-caption\"><div class=\"fg-caption-inner\"><div class=\"fg-caption-desc\">Cierges de cire ou arbres d\u00e9ss\u00e9ch\u00e9s, qu'importe le symbole, c'est la foi qui compte.<\/div><\/div><\/figcaption><\/figure><div class=\"fg-loader\"><\/div><\/div><div class=\"fg-item fg-type-image fg-idle\"><figure class=\"fg-item-inner\"><a href=\"https:\/\/alpavista.ch\/Alp11\/wp-content\/uploads\/JeizAlbi_Nen_14_031.jpg\" data-caption-title=\"Et de la foi, il faut toujours en avoir en r\u00e9serve, pour cheminer vers Tsch\u00e4rmilonga.\" data-caption-desc=\"Et de la foi, il faut toujours en avoir en r\u00e9serve, pour cheminer vers Tsch\u00e4rmilonga.\" data-attachment-id=\"24287\" data-type=\"image\" class=\"fg-thumb\"><span class=\"fg-image-wrap\"><img decoding=\"async\" alt=\"JeizAlbi_Nen_14_031\" title=\"Et de la foi, il faut toujours en avoir en r\u00e9serve, pour cheminer vers Tsch\u00e4rmilonga.\" width=\"101\" height=\"57\" class=\"skip-lazy fg-image\" data-src-fg=\"https:\/\/alpavista.ch\/Alp11\/wp-content\/uploads\/cache\/JeizAlbi_Nen_14_031\/2567235855.jpg\" src=\"data:image\/svg+xml,%3Csvg%20xmlns%3D%22http%3A%2F%2Fwww.w3.org%2F2000%2Fsvg%22%20width%3D%22101%22%20height%3D%2257%22%20viewBox%3D%220%200%20101%2057%22%3E%3C%2Fsvg%3E\" loading=\"eager\"><\/span><span class=\"fg-image-overlay\"><\/span><\/a><figcaption class=\"fg-caption\"><div class=\"fg-caption-inner\"><div class=\"fg-caption-desc\">Et de la foi, il faut toujours en avoir en r\u00e9serve, pour cheminer vers Tsch\u00e4rmilonga.<\/div><\/div><\/figcaption><\/figure><div class=\"fg-loader\"><\/div><\/div><div class=\"fg-item fg-type-image fg-idle\"><figure class=\"fg-item-inner\"><a href=\"https:\/\/alpavista.ch\/Alp11\/wp-content\/uploads\/JeizAlbi_Nen_14_032.jpg\" data-caption-title=\"Et un minimum de technique aussi.\" data-caption-desc=\"Et un minimum de technique aussi.\" data-attachment-id=\"24286\" data-type=\"image\" class=\"fg-thumb\"><span class=\"fg-image-wrap\"><img decoding=\"async\" alt=\"JeizAlbi_Nen_14_032\" title=\"Et un minimum de technique aussi.\" width=\"101\" height=\"57\" class=\"skip-lazy fg-image\" data-src-fg=\"https:\/\/alpavista.ch\/Alp11\/wp-content\/uploads\/cache\/JeizAlbi_Nen_14_032\/3093262939.jpg\" src=\"data:image\/svg+xml,%3Csvg%20xmlns%3D%22http%3A%2F%2Fwww.w3.org%2F2000%2Fsvg%22%20width%3D%22101%22%20height%3D%2257%22%20viewBox%3D%220%200%20101%2057%22%3E%3C%2Fsvg%3E\" loading=\"eager\"><\/span><span class=\"fg-image-overlay\"><\/span><\/a><figcaption class=\"fg-caption\"><div class=\"fg-caption-inner\"><div class=\"fg-caption-desc\">Et un minimum de technique aussi.<\/div><\/div><\/figcaption><\/figure><div class=\"fg-loader\"><\/div><\/div><div class=\"fg-item fg-type-image fg-idle\"><figure class=\"fg-item-inner\"><a href=\"https:\/\/alpavista.ch\/Alp11\/wp-content\/uploads\/JeizAlbi_Nen_14_033.jpg\" data-caption-title=\"On avait fini par se croire \u00e0 l&#039;abri des affres de l&#039;hiver, avant que notre bel optimisme ne se retrouve quelque peu refroidi.\" data-caption-desc=\"On avait fini par se croire \u00e0 l&#039;abri des affres de l&#039;hiver, avant que notre bel optimisme ne se retrouve quelque peu refroidi.\" data-attachment-id=\"24285\" data-type=\"image\" class=\"fg-thumb\"><span class=\"fg-image-wrap\"><img decoding=\"async\" alt=\"JeizAlbi_Nen_14_033\" title=\"On avait fini par se croire \u00e0 l&#039;abri des affres de l&#039;hiver, avant que notre bel optimisme ne se retrouve quelque peu refroidi.\" width=\"101\" height=\"57\" class=\"skip-lazy fg-image\" data-src-fg=\"https:\/\/alpavista.ch\/Alp11\/wp-content\/uploads\/cache\/JeizAlbi_Nen_14_033\/1610207581.jpg\" src=\"data:image\/svg+xml,%3Csvg%20xmlns%3D%22http%3A%2F%2Fwww.w3.org%2F2000%2Fsvg%22%20width%3D%22101%22%20height%3D%2257%22%20viewBox%3D%220%200%20101%2057%22%3E%3C%2Fsvg%3E\" loading=\"eager\"><\/span><span class=\"fg-image-overlay\"><\/span><\/a><figcaption class=\"fg-caption\"><div class=\"fg-caption-inner\"><div class=\"fg-caption-desc\">On avait fini par se croire \u00e0 l'abri des affres de l'hiver, avant que notre bel optimisme ne se retrouve quelque peu refroidi.<\/div><\/div><\/figcaption><\/figure><div class=\"fg-loader\"><\/div><\/div><div class=\"fg-item fg-type-image fg-idle\"><figure class=\"fg-item-inner\"><a href=\"https:\/\/alpavista.ch\/Alp11\/wp-content\/uploads\/JeizAlbi_Nen_14_034.jpg\" data-caption-title=\"Quand la roue libre chante enfin, le biker retrouve rapidement le sourire.\" data-caption-desc=\"Quand la roue libre chante enfin, le biker retrouve rapidement le sourire.\" data-attachment-id=\"24284\" data-type=\"image\" class=\"fg-thumb\"><span class=\"fg-image-wrap\"><img decoding=\"async\" alt=\"JeizAlbi_Nen_14_034\" title=\"Quand la roue libre chante enfin, le biker retrouve rapidement le sourire.\" width=\"101\" height=\"57\" class=\"skip-lazy fg-image\" data-src-fg=\"https:\/\/alpavista.ch\/Alp11\/wp-content\/uploads\/cache\/JeizAlbi_Nen_14_034\/4209526003.jpg\" src=\"data:image\/svg+xml,%3Csvg%20xmlns%3D%22http%3A%2F%2Fwww.w3.org%2F2000%2Fsvg%22%20width%3D%22101%22%20height%3D%2257%22%20viewBox%3D%220%200%20101%2057%22%3E%3C%2Fsvg%3E\" loading=\"eager\"><\/span><span class=\"fg-image-overlay\"><\/span><\/a><figcaption class=\"fg-caption\"><div class=\"fg-caption-inner\"><div class=\"fg-caption-desc\">Quand la roue libre chante enfin, le biker retrouve rapidement le sourire.<\/div><\/div><\/figcaption><\/figure><div class=\"fg-loader\"><\/div><\/div><div class=\"fg-item fg-type-image fg-idle\"><figure class=\"fg-item-inner\"><a href=\"https:\/\/alpavista.ch\/Alp11\/wp-content\/uploads\/JeizAlbi_Nen_14_035.jpg\" data-caption-title=\"Pas forc\u00e9ment les derniers pourcentages \u00e0 vaincre, mais assur\u00e9ment les plus motivants.\" data-caption-desc=\"Pas forc\u00e9ment les derniers pourcentages \u00e0 vaincre, mais assur\u00e9ment les plus motivants.\" data-attachment-id=\"24283\" data-type=\"image\" class=\"fg-thumb\"><span class=\"fg-image-wrap\"><img decoding=\"async\" alt=\"JeizAlbi_Nen_14_035\" title=\"Pas forc\u00e9ment les derniers pourcentages \u00e0 vaincre, mais assur\u00e9ment les plus motivants.\" width=\"101\" height=\"57\" class=\"skip-lazy fg-image\" data-src-fg=\"https:\/\/alpavista.ch\/Alp11\/wp-content\/uploads\/cache\/JeizAlbi_Nen_14_035\/3482296298.jpg\" src=\"data:image\/svg+xml,%3Csvg%20xmlns%3D%22http%3A%2F%2Fwww.w3.org%2F2000%2Fsvg%22%20width%3D%22101%22%20height%3D%2257%22%20viewBox%3D%220%200%20101%2057%22%3E%3C%2Fsvg%3E\" loading=\"eager\"><\/span><span class=\"fg-image-overlay\"><\/span><\/a><figcaption class=\"fg-caption\"><div class=\"fg-caption-inner\"><div class=\"fg-caption-desc\">Pas forc\u00e9ment les derniers pourcentages \u00e0 vaincre, mais assur\u00e9ment les plus motivants.<\/div><\/div><\/figcaption><\/figure><div class=\"fg-loader\"><\/div><\/div><div class=\"fg-item fg-type-image fg-idle\"><figure class=\"fg-item-inner\"><a href=\"https:\/\/alpavista.ch\/Alp11\/wp-content\/uploads\/JeizAlbi_Nen_14_036.jpg\" data-caption-title=\"La plong\u00e9e sur Albinen s&#039;annonce aussi folle que rapide.\" data-caption-desc=\"La plong\u00e9e sur Albinen s&#039;annonce aussi folle que rapide.\" data-attachment-id=\"24282\" data-type=\"image\" class=\"fg-thumb\"><span class=\"fg-image-wrap\"><img decoding=\"async\" alt=\"JeizAlbi_Nen_14_036\" title=\"La plong\u00e9e sur Albinen s&#039;annonce aussi folle que rapide.\" width=\"101\" height=\"57\" class=\"skip-lazy fg-image\" data-src-fg=\"https:\/\/alpavista.ch\/Alp11\/wp-content\/uploads\/cache\/JeizAlbi_Nen_14_036\/4006872254.jpg\" src=\"data:image\/svg+xml,%3Csvg%20xmlns%3D%22http%3A%2F%2Fwww.w3.org%2F2000%2Fsvg%22%20width%3D%22101%22%20height%3D%2257%22%20viewBox%3D%220%200%20101%2057%22%3E%3C%2Fsvg%3E\" loading=\"eager\"><\/span><span class=\"fg-image-overlay\"><\/span><\/a><figcaption class=\"fg-caption\"><div class=\"fg-caption-inner\"><div class=\"fg-caption-desc\">La plong\u00e9e sur Albinen s'annonce aussi folle que rapide.<\/div><\/div><\/figcaption><\/figure><div class=\"fg-loader\"><\/div><\/div><div class=\"fg-item fg-type-image fg-idle\"><figure class=\"fg-item-inner\"><a href=\"https:\/\/alpavista.ch\/Alp11\/wp-content\/uploads\/JeizAlbi_Nen_14_037.jpg\" data-caption-title=\"Tellement rapide, qu&#039;on se retrouve d\u00e9j\u00e0 dans la travers\u00e9e retour de la for\u00eat br\u00fbl\u00e9e.\" data-caption-desc=\"Tellement rapide, qu&#039;on se retrouve d\u00e9j\u00e0 dans la travers\u00e9e retour de la for\u00eat br\u00fbl\u00e9e.\" data-attachment-id=\"24281\" data-type=\"image\" class=\"fg-thumb\"><span class=\"fg-image-wrap\"><img decoding=\"async\" alt=\"JeizAlbi_Nen_14_037\" title=\"Tellement rapide, qu&#039;on se retrouve d\u00e9j\u00e0 dans la travers\u00e9e retour de la for\u00eat br\u00fbl\u00e9e.\" width=\"101\" height=\"57\" class=\"skip-lazy fg-image\" data-src-fg=\"https:\/\/alpavista.ch\/Alp11\/wp-content\/uploads\/cache\/JeizAlbi_Nen_14_037\/158508984.jpg\" src=\"data:image\/svg+xml,%3Csvg%20xmlns%3D%22http%3A%2F%2Fwww.w3.org%2F2000%2Fsvg%22%20width%3D%22101%22%20height%3D%2257%22%20viewBox%3D%220%200%20101%2057%22%3E%3C%2Fsvg%3E\" loading=\"eager\"><\/span><span class=\"fg-image-overlay\"><\/span><\/a><figcaption class=\"fg-caption\"><div class=\"fg-caption-inner\"><div class=\"fg-caption-desc\">Tellement rapide, qu'on se retrouve d\u00e9j\u00e0 dans la travers\u00e9e retour de la for\u00eat br\u00fbl\u00e9e.<\/div><\/div><\/figcaption><\/figure><div class=\"fg-loader\"><\/div><\/div><div class=\"fg-item fg-type-image fg-idle\"><figure class=\"fg-item-inner\"><a href=\"https:\/\/alpavista.ch\/Alp11\/wp-content\/uploads\/JeizAlbi_Nen_14_038.jpg\" data-caption-title=\"Les fourches caudines de l&#039;enfer ?\" data-caption-desc=\"Les fourches caudines de l&#039;enfer ?\" data-attachment-id=\"24280\" data-type=\"image\" class=\"fg-thumb\"><span class=\"fg-image-wrap\"><img decoding=\"async\" alt=\"JeizAlbi_Nen_14_038\" title=\"Les fourches caudines de l&#039;enfer ?\" width=\"101\" height=\"57\" class=\"skip-lazy fg-image\" data-src-fg=\"https:\/\/alpavista.ch\/Alp11\/wp-content\/uploads\/cache\/JeizAlbi_Nen_14_038\/2139498915.jpg\" src=\"data:image\/svg+xml,%3Csvg%20xmlns%3D%22http%3A%2F%2Fwww.w3.org%2F2000%2Fsvg%22%20width%3D%22101%22%20height%3D%2257%22%20viewBox%3D%220%200%20101%2057%22%3E%3C%2Fsvg%3E\" loading=\"eager\"><\/span><span class=\"fg-image-overlay\"><\/span><\/a><figcaption class=\"fg-caption\"><div class=\"fg-caption-inner\"><div class=\"fg-caption-desc\">Les fourches caudines de l'enfer ?<\/div><\/div><\/figcaption><\/figure><div class=\"fg-loader\"><\/div><\/div><div class=\"fg-item fg-type-image fg-idle\"><figure class=\"fg-item-inner\"><a href=\"https:\/\/alpavista.ch\/Alp11\/wp-content\/uploads\/JeizAlbi_Nen_14_039.jpg\" data-caption-title=\"Pas vraiment, juste un superbe single qui demande \u00e0 puiser dans ses derni\u00e8res ressources physiques pour \u00eatre avaler dans la s\u00e9r\u00e9nit\u00e9...\" data-caption-desc=\"Pas vraiment, juste un superbe single qui demande \u00e0 puiser dans ses derni\u00e8res ressources physiques pour \u00eatre avaler dans la s\u00e9r\u00e9nit\u00e9...\" data-attachment-id=\"24279\" data-type=\"image\" class=\"fg-thumb\"><span class=\"fg-image-wrap\"><img decoding=\"async\" alt=\"JeizAlbi_Nen_14_039\" title=\"Pas vraiment, juste un superbe single qui demande \u00e0 puiser dans ses derni\u00e8res ressources physiques pour \u00eatre avaler dans la s\u00e9r\u00e9nit\u00e9...\" width=\"101\" height=\"57\" class=\"skip-lazy fg-image\" data-src-fg=\"https:\/\/alpavista.ch\/Alp11\/wp-content\/uploads\/cache\/JeizAlbi_Nen_14_039\/3521775606.jpg\" src=\"data:image\/svg+xml,%3Csvg%20xmlns%3D%22http%3A%2F%2Fwww.w3.org%2F2000%2Fsvg%22%20width%3D%22101%22%20height%3D%2257%22%20viewBox%3D%220%200%20101%2057%22%3E%3C%2Fsvg%3E\" loading=\"eager\"><\/span><span class=\"fg-image-overlay\"><\/span><\/a><figcaption class=\"fg-caption\"><div class=\"fg-caption-inner\"><div class=\"fg-caption-desc\">Pas vraiment, juste un superbe single qui demande \u00e0 puiser dans ses derni\u00e8res ressources physiques pour \u00eatre avaler dans la s\u00e9r\u00e9nit\u00e9...<\/div><\/div><\/figcaption><\/figure><div class=\"fg-loader\"><\/div><\/div><div class=\"fg-item fg-type-image fg-idle\"><figure class=\"fg-item-inner\"><a href=\"https:\/\/alpavista.ch\/Alp11\/wp-content\/uploads\/JeizAlbi_Nen_14_040.jpg\" data-caption-title=\"... et l&#039;all\u00e9gresse.\" data-caption-desc=\"... et l&#039;all\u00e9gresse.\" data-attachment-id=\"24278\" data-type=\"image\" class=\"fg-thumb\"><span class=\"fg-image-wrap\"><img decoding=\"async\" alt=\"JeizAlbi_Nen_14_040\" title=\"... et l&#039;all\u00e9gresse.\" width=\"101\" height=\"57\" class=\"skip-lazy fg-image\" data-src-fg=\"https:\/\/alpavista.ch\/Alp11\/wp-content\/uploads\/cache\/JeizAlbi_Nen_14_040\/84995491.jpg\" src=\"data:image\/svg+xml,%3Csvg%20xmlns%3D%22http%3A%2F%2Fwww.w3.org%2F2000%2Fsvg%22%20width%3D%22101%22%20height%3D%2257%22%20viewBox%3D%220%200%20101%2057%22%3E%3C%2Fsvg%3E\" loading=\"eager\"><\/span><span class=\"fg-image-overlay\"><\/span><\/a><figcaption class=\"fg-caption\"><div class=\"fg-caption-inner\"><div class=\"fg-caption-desc\">... et l'all\u00e9gresse.<\/div><\/div><\/figcaption><\/figure><div class=\"fg-loader\"><\/div><\/div><div class=\"fg-item fg-type-image fg-idle\"><figure class=\"fg-item-inner\"><a href=\"https:\/\/alpavista.ch\/Alp11\/wp-content\/uploads\/JeizAlbi_Nen_14_041.jpg\" data-caption-title=\"Madriers et vieilles pierres, pour une plong\u00e9e expresse des ruelles de Guttet.\" data-caption-desc=\"Madriers et vieilles pierres, pour une plong\u00e9e expresse des ruelles de Guttet.\" data-attachment-id=\"24277\" data-type=\"image\" class=\"fg-thumb\"><span class=\"fg-image-wrap\"><img decoding=\"async\" alt=\"JeizAlbi_Nen_14_041\" title=\"Madriers et vieilles pierres, pour une plong\u00e9e expresse des ruelles de Guttet.\" width=\"101\" height=\"57\" class=\"skip-lazy fg-image\" data-src-fg=\"https:\/\/alpavista.ch\/Alp11\/wp-content\/uploads\/cache\/JeizAlbi_Nen_14_041\/1317322949.jpg\" src=\"data:image\/svg+xml,%3Csvg%20xmlns%3D%22http%3A%2F%2Fwww.w3.org%2F2000%2Fsvg%22%20width%3D%22101%22%20height%3D%2257%22%20viewBox%3D%220%200%20101%2057%22%3E%3C%2Fsvg%3E\" loading=\"eager\"><\/span><span class=\"fg-image-overlay\"><\/span><\/a><figcaption class=\"fg-caption\"><div class=\"fg-caption-inner\"><div class=\"fg-caption-desc\">Madriers et vieilles pierres, pour une plong\u00e9e expresse des ruelles de Guttet.<\/div><\/div><\/figcaption><\/figure><div class=\"fg-loader\"><\/div><\/div><div class=\"fg-item fg-type-image fg-idle\"><figure class=\"fg-item-inner\"><a href=\"https:\/\/alpavista.ch\/Alp11\/wp-content\/uploads\/JeizAlbi_Nen_14_042.jpg\" data-caption-title=\"La chambre \u00e0 coucher la plus originale que je connaisse.\" data-caption-desc=\"La chambre \u00e0 coucher la plus originale que je connaisse.\" data-attachment-id=\"24276\" data-type=\"image\" class=\"fg-thumb\"><span class=\"fg-image-wrap\"><img decoding=\"async\" alt=\"JeizAlbi_Nen_14_042\" title=\"La chambre \u00e0 coucher la plus originale que je connaisse.\" width=\"101\" height=\"57\" class=\"skip-lazy fg-image\" data-src-fg=\"https:\/\/alpavista.ch\/Alp11\/wp-content\/uploads\/cache\/JeizAlbi_Nen_14_042\/1876908945.jpg\" src=\"data:image\/svg+xml,%3Csvg%20xmlns%3D%22http%3A%2F%2Fwww.w3.org%2F2000%2Fsvg%22%20width%3D%22101%22%20height%3D%2257%22%20viewBox%3D%220%200%20101%2057%22%3E%3C%2Fsvg%3E\" loading=\"eager\"><\/span><span class=\"fg-image-overlay\"><\/span><\/a><figcaption class=\"fg-caption\"><div class=\"fg-caption-inner\"><div class=\"fg-caption-desc\">La chambre \u00e0 coucher la plus originale que je connaisse.<\/div><\/div><\/figcaption><\/figure><div class=\"fg-loader\"><\/div><\/div><div class=\"fg-item fg-type-image fg-idle\"><figure class=\"fg-item-inner\"><a href=\"https:\/\/alpavista.ch\/Alp11\/wp-content\/uploads\/JeizAlbi_Nen_14_043.jpg\" data-caption-title=\"Le Rotafen classique, toujours aussi rugueux...\" data-caption-desc=\"Le Rotafen classique, toujours aussi rugueux...\" data-attachment-id=\"24275\" data-type=\"image\" class=\"fg-thumb\"><span class=\"fg-image-wrap\"><img decoding=\"async\" alt=\"JeizAlbi_Nen_14_043\" title=\"Le Rotafen classique, toujours aussi rugueux...\" width=\"101\" height=\"57\" class=\"skip-lazy fg-image\" data-src-fg=\"https:\/\/alpavista.ch\/Alp11\/wp-content\/uploads\/cache\/JeizAlbi_Nen_14_043\/2289694871.jpg\" src=\"data:image\/svg+xml,%3Csvg%20xmlns%3D%22http%3A%2F%2Fwww.w3.org%2F2000%2Fsvg%22%20width%3D%22101%22%20height%3D%2257%22%20viewBox%3D%220%200%20101%2057%22%3E%3C%2Fsvg%3E\" loading=\"eager\"><\/span><span class=\"fg-image-overlay\"><\/span><\/a><figcaption class=\"fg-caption\"><div class=\"fg-caption-inner\"><div class=\"fg-caption-desc\">Le Rotafen classique, toujours aussi rugueux...<\/div><\/div><\/figcaption><\/figure><div class=\"fg-loader\"><\/div><\/div><div class=\"fg-item fg-type-image fg-idle\"><figure class=\"fg-item-inner\"><a href=\"https:\/\/alpavista.ch\/Alp11\/wp-content\/uploads\/JeizAlbi_Nen_14_044.jpg\" data-caption-title=\"... et tortueux.\" data-caption-desc=\"... et tortueux.\" data-attachment-id=\"24274\" data-type=\"image\" class=\"fg-thumb\"><span class=\"fg-image-wrap\"><img decoding=\"async\" alt=\"JeizAlbi_Nen_14_044\" title=\"... et tortueux.\" width=\"101\" height=\"57\" class=\"skip-lazy fg-image\" data-src-fg=\"https:\/\/alpavista.ch\/Alp11\/wp-content\/uploads\/cache\/JeizAlbi_Nen_14_044\/761818425.jpg\" src=\"data:image\/svg+xml,%3Csvg%20xmlns%3D%22http%3A%2F%2Fwww.w3.org%2F2000%2Fsvg%22%20width%3D%22101%22%20height%3D%2257%22%20viewBox%3D%220%200%20101%2057%22%3E%3C%2Fsvg%3E\" loading=\"eager\"><\/span><span class=\"fg-image-overlay\"><\/span><\/a><figcaption class=\"fg-caption\"><div class=\"fg-caption-inner\"><div class=\"fg-caption-desc\">... et tortueux.<\/div><\/div><\/figcaption><\/figure><div class=\"fg-loader\"><\/div><\/div><div class=\"fg-item fg-type-image fg-idle\"><figure class=\"fg-item-inner\"><a href=\"https:\/\/alpavista.ch\/Alp11\/wp-content\/uploads\/JeizAlbi_Nen_14_045.jpg\" data-caption-title=\"D&#039;autres vieilles pierres, non sujettes au vertige, nous permettent de r\u00e9enjamber le Feschelbach sans avoir recours un rappel de 200 m\u00e8tres.\" data-caption-desc=\"D&#039;autres vieilles pierres, non sujettes au vertige, nous permettent de r\u00e9enjamber le Feschelbach sans avoir recours un rappel de 200 m\u00e8tres.\" data-attachment-id=\"24273\" data-type=\"image\" class=\"fg-thumb\"><span class=\"fg-image-wrap\"><img decoding=\"async\" alt=\"JeizAlbi_Nen_14_045\" title=\"D&#039;autres vieilles pierres, non sujettes au vertige, nous permettent de r\u00e9enjamber le Feschelbach sans avoir recours un rappel de 200 m\u00e8tres.\" width=\"101\" height=\"57\" class=\"skip-lazy fg-image\" data-src-fg=\"https:\/\/alpavista.ch\/Alp11\/wp-content\/uploads\/cache\/JeizAlbi_Nen_14_045\/403682848.jpg\" src=\"data:image\/svg+xml,%3Csvg%20xmlns%3D%22http%3A%2F%2Fwww.w3.org%2F2000%2Fsvg%22%20width%3D%22101%22%20height%3D%2257%22%20viewBox%3D%220%200%20101%2057%22%3E%3C%2Fsvg%3E\" loading=\"eager\"><\/span><span class=\"fg-image-overlay\"><\/span><\/a><figcaption class=\"fg-caption\"><div class=\"fg-caption-inner\"><div class=\"fg-caption-desc\">D'autres vieilles pierres, non sujettes au vertige, nous permettent de r\u00e9enjamber le Feschelbach sans avoir recours un rappel de 200 m\u00e8tres.<\/div><\/div><\/figcaption><\/figure><div class=\"fg-loader\"><\/div><\/div><div class=\"fg-item fg-type-image fg-idle\"><figure class=\"fg-item-inner\"><a href=\"https:\/\/alpavista.ch\/Alp11\/wp-content\/uploads\/JeizAlbi_Nen_14_046.jpg\" data-caption-title=\"Paris Hilton et ses copines \u00e9taient pr\u00eates \u00e0 nous faire une haie d&#039;honneur enthousiaste...\" data-caption-desc=\"Paris Hilton et ses copines \u00e9taient pr\u00eates \u00e0 nous faire une haie d&#039;honneur enthousiaste...\" data-attachment-id=\"24272\" data-type=\"image\" class=\"fg-thumb\"><span class=\"fg-image-wrap\"><img decoding=\"async\" alt=\"JeizAlbi_Nen_14_046\" title=\"Paris Hilton et ses copines \u00e9taient pr\u00eates \u00e0 nous faire une haie d&#039;honneur enthousiaste...\" width=\"101\" height=\"57\" class=\"skip-lazy fg-image\" data-src-fg=\"https:\/\/alpavista.ch\/Alp11\/wp-content\/uploads\/cache\/JeizAlbi_Nen_14_046\/961817972.jpg\" src=\"data:image\/svg+xml,%3Csvg%20xmlns%3D%22http%3A%2F%2Fwww.w3.org%2F2000%2Fsvg%22%20width%3D%22101%22%20height%3D%2257%22%20viewBox%3D%220%200%20101%2057%22%3E%3C%2Fsvg%3E\" loading=\"eager\"><\/span><span class=\"fg-image-overlay\"><\/span><\/a><figcaption class=\"fg-caption\"><div class=\"fg-caption-inner\"><div class=\"fg-caption-desc\">Paris Hilton et ses copines \u00e9taient pr\u00eates \u00e0 nous faire une haie d'honneur enthousiaste...<\/div><\/div><\/figcaption><\/figure><div class=\"fg-loader\"><\/div><\/div><div class=\"fg-item fg-type-image fg-idle\"><figure class=\"fg-item-inner\"><a href=\"https:\/\/alpavista.ch\/Alp11\/wp-content\/uploads\/JeizAlbi_Nen_14_047.jpg\" data-caption-title=\"... avant de se rendre compte que nous n&#039;avions plus de friandises \u00e0 partager.\" data-caption-desc=\"... avant de se rendre compte que nous n&#039;avions plus de friandises \u00e0 partager.\" data-attachment-id=\"24271\" data-type=\"image\" class=\"fg-thumb\"><span class=\"fg-image-wrap\"><img decoding=\"async\" alt=\"JeizAlbi_Nen_14_047\" title=\"... avant de se rendre compte que nous n&#039;avions plus de friandises \u00e0 partager.\" width=\"101\" height=\"57\" class=\"skip-lazy fg-image\" data-src-fg=\"https:\/\/alpavista.ch\/Alp11\/wp-content\/uploads\/cache\/JeizAlbi_Nen_14_047\/3740438130.jpg\" src=\"data:image\/svg+xml,%3Csvg%20xmlns%3D%22http%3A%2F%2Fwww.w3.org%2F2000%2Fsvg%22%20width%3D%22101%22%20height%3D%2257%22%20viewBox%3D%220%200%20101%2057%22%3E%3C%2Fsvg%3E\" loading=\"eager\"><\/span><span class=\"fg-image-overlay\"><\/span><\/a><figcaption class=\"fg-caption\"><div class=\"fg-caption-inner\"><div class=\"fg-caption-desc\">... avant de se rendre compte que nous n'avions plus de friandises \u00e0 partager.<\/div><\/div><\/figcaption><\/figure><div class=\"fg-loader\"><\/div><\/div><div class=\"fg-item fg-type-image fg-idle\"><figure class=\"fg-item-inner\"><a href=\"https:\/\/alpavista.ch\/Alp11\/wp-content\/uploads\/JeizAlbi_Nen_14_048.jpg\" data-caption-title=\"Petit OTB des familles, avec, en prime, r\u00e9ception du bike sur le casque. Le tube de Bepanth\u00e8ne va encore maigrir d&#039;une belle ration de pommade cicatrisante.\" data-caption-desc=\"Petit OTB des familles, avec, en prime, r\u00e9ception du bike sur le casque. Le tube de Bepanth\u00e8ne va encore maigrir d&#039;une belle ration de pommade cicatrisante.\" data-attachment-id=\"24270\" data-type=\"image\" class=\"fg-thumb\"><span class=\"fg-image-wrap\"><img decoding=\"async\" alt=\"JeizAlbi_Nen_14_048\" title=\"Petit OTB des familles, avec, en prime, r\u00e9ception du bike sur le casque. Le tube de Bepanth\u00e8ne va encore maigrir d&#039;une belle ration de pommade cicatrisante.\" width=\"101\" height=\"57\" class=\"skip-lazy fg-image\" data-src-fg=\"https:\/\/alpavista.ch\/Alp11\/wp-content\/uploads\/cache\/JeizAlbi_Nen_14_048\/2818965609.jpg\" src=\"data:image\/svg+xml,%3Csvg%20xmlns%3D%22http%3A%2F%2Fwww.w3.org%2F2000%2Fsvg%22%20width%3D%22101%22%20height%3D%2257%22%20viewBox%3D%220%200%20101%2057%22%3E%3C%2Fsvg%3E\" loading=\"eager\"><\/span><span class=\"fg-image-overlay\"><\/span><\/a><figcaption class=\"fg-caption\"><div class=\"fg-caption-inner\"><div class=\"fg-caption-desc\">Petit OTB des familles, avec, en prime, r\u00e9ception du bike sur le casque. Le tube de Bepanth\u00e8ne va encore maigrir d'une belle ration de pommade cicatrisante.<\/div><\/div><\/figcaption><\/figure><div class=\"fg-loader\"><\/div><\/div><div class=\"fg-item fg-type-image fg-idle\"><figure class=\"fg-item-inner\"><a href=\"https:\/\/alpavista.ch\/Alp11\/wp-content\/uploads\/JeizAlbi_Nen_14_049.jpg\" data-caption-title=\"Meurtri mais pas d\u00e9motiv\u00e9, ni vraiment ralenti.\" data-caption-desc=\"Meurtri mais pas d\u00e9motiv\u00e9, ni vraiment ralenti.\" data-attachment-id=\"24269\" data-type=\"image\" class=\"fg-thumb\"><span class=\"fg-image-wrap\"><img decoding=\"async\" alt=\"JeizAlbi_Nen_14_049\" title=\"Meurtri mais pas d\u00e9motiv\u00e9, ni vraiment ralenti.\" width=\"101\" height=\"57\" class=\"skip-lazy fg-image\" data-src-fg=\"https:\/\/alpavista.ch\/Alp11\/wp-content\/uploads\/cache\/JeizAlbi_Nen_14_049\/3760298124.jpg\" src=\"data:image\/svg+xml,%3Csvg%20xmlns%3D%22http%3A%2F%2Fwww.w3.org%2F2000%2Fsvg%22%20width%3D%22101%22%20height%3D%2257%22%20viewBox%3D%220%200%20101%2057%22%3E%3C%2Fsvg%3E\" loading=\"eager\"><\/span><span class=\"fg-image-overlay\"><\/span><\/a><figcaption class=\"fg-caption\"><div class=\"fg-caption-inner\"><div class=\"fg-caption-desc\">Meurtri mais pas d\u00e9motiv\u00e9, ni vraiment ralenti.<\/div><\/div><\/figcaption><\/figure><div class=\"fg-loader\"><\/div><\/div><\/div>\n\n<input class=\"fooboxshare_post_id\" type=\"hidden\" value=\"5630\"\/>","protected":false},"excerpt":{"rendered":"<p>Entreprendre un itin\u00e9raire de d\u00e9but d\u2019\u00e9t\u00e9, flirtant avec les 2&rsquo;200 m\u00e8tres d\u2019altitude, avec trois semaines d&rsquo;avance sur le calendrier le plus optimiste, est un projet habituellement vou\u00e9 \u00e0 l\u2019\u00e9chec. Pourtant, avec un peu de chance, on peut simplement avoir \u00e0 affronter quelques \u00e9pisodes humides et froids, ou mieux, avec beaucoup de chance, parvenir \u00e0 boucler sans se mouiller les pieds. Convaincus d&rsquo;\u00eatre n\u00e9 sous une bonne \u00e9toile et anticipants sur une fonte rapide du manteau neigeux assez peu cons\u00e9quent dont [&hellip;]<\/p>\n","protected":false},"author":2,"featured_media":6215,"comment_status":"open","ping_status":"open","sticky":false,"template":"","format":"standard","meta":{"footnotes":""},"categories":[658,4],"tags":[1272,1167,1313,1346,1097,1331,1345,1347,1348,1093,1349],"class_list":["post-5630","post","type-post","status-publish","format-standard","has-post-thumbnail","hentry","category-outdoor","category-vtt","tag-albinen","tag-bachalp","tag-chermignon","tag-fasilalpu","tag-gampel","tag-guttet","tag-jeizinen","tag-niwenalp","tag-oberu","tag-restipass","tag-torrentalp"],"_links":{"self":[{"href":"https:\/\/alpavista.ch\/Alp11\/wp-json\/wp\/v2\/posts\/5630","targetHints":{"allow":["GET"]}}],"collection":[{"href":"https:\/\/alpavista.ch\/Alp11\/wp-json\/wp\/v2\/posts"}],"about":[{"href":"https:\/\/alpavista.ch\/Alp11\/wp-json\/wp\/v2\/types\/post"}],"author":[{"embeddable":true,"href":"https:\/\/alpavista.ch\/Alp11\/wp-json\/wp\/v2\/users\/2"}],"replies":[{"embeddable":true,"href":"https:\/\/alpavista.ch\/Alp11\/wp-json\/wp\/v2\/comments?post=5630"}],"version-history":[{"count":0,"href":"https:\/\/alpavista.ch\/Alp11\/wp-json\/wp\/v2\/posts\/5630\/revisions"}],"wp:featuredmedia":[{"embeddable":true,"href":"https:\/\/alpavista.ch\/Alp11\/wp-json\/wp\/v2\/media\/6215"}],"wp:attachment":[{"href":"https:\/\/alpavista.ch\/Alp11\/wp-json\/wp\/v2\/media?parent=5630"}],"wp:term":[{"taxonomy":"category","embeddable":true,"href":"https:\/\/alpavista.ch\/Alp11\/wp-json\/wp\/v2\/categories?post=5630"},{"taxonomy":"post_tag","embeddable":true,"href":"https:\/\/alpavista.ch\/Alp11\/wp-json\/wp\/v2\/tags?post=5630"}],"curies":[{"name":"wp","href":"https:\/\/api.w.org\/{rel}","templated":true}]}}