{"id":57,"date":"2003-07-01T21:44:57","date_gmt":"2003-07-01T21:44:57","guid":{"rendered":"http:\/\/www.alpavista.ch\/Alp11\/?p=57"},"modified":"2022-12-09T17:41:25","modified_gmt":"2022-12-09T16:41:25","slug":"lacs-danteme","status":"publish","type":"post","link":"https:\/\/alpavista.ch\/Alp11\/2003\/07\/01\/lacs-danteme\/","title":{"rendered":"Lacs d\u2019Ant\u00e8me"},"content":{"rendered":"<p>Abord\u00e9e comme une reconnaissance pour un potentiel futur tour des Dents-du-Midi, cette rando s\u2019est transform\u00e9e au fil des m\u00e9andres des courbes topographiques en une magnifique \u00ab petite \u00bb sortie (6 heures quand m\u00eame !!!), dans le somptueux cadre de la rive droite du Val d\u2019Illiez. Partis de Choex, nous avons d\u2019abord aval\u00e9 sans v\u00e9ritable entrain une premi\u00e8re mont\u00e9e un peu fadasse, jusqu\u2019au tr\u00e8s couru restaurant de Chindonne. Les fatigues de la rando du Restipass et la canicule ne laissaient pas pr\u00e9sager une suite de rando bien folichonne. Grave erreur !!!<\/p>\n<p><!--more--><br \/>\nA partir de l\u2019alpage de Val\u00e8re, une succession de singletracks tous plus sympathiques les uns que les autres nous ont joyeusement emmen\u00e9s vers  les hauteurs verdoyante des fameux Lacs d\u2019Ant\u00e8me, superbes \u00e9crins de turquoise d\u00e9licatement pos\u00e9s aux pied des abruptes face Ouest des Dents-du-Midi. Pratiquement roulables dans leur int\u00e9gralit\u00e9, ces \u00e9tonnants sentiers accroch\u00e9s aux versants escarp\u00e9s du Val d\u2019Illiez nous ont inexorablement \u00e9lev\u00e9 gr\u00e2ce \u00e0 leurs d\u00e9clivit\u00e9s raisonnables jusque sur le bord du superbe cirque alpin de S\u00e9laire. La descente sur Champ\u00e9ry, par Metecoui et Rossetan fut la cerise sur le g\u00e2teau d\u2019une journ\u00e9e surprenante mais particuli\u00e8rement gratifiante.<\/p>\n<style type=\"text\/css\">\n#foogallery-gallery-15706 .fg-image { width: 101px; }\n#foogallery-gallery-15706 { --fg-gutter: 1px; }<\/style>\n\t\t\t<div class=\"foogallery foogallery-container foogallery-default foogallery-lightbox-none fg-left fg-default fg-ready fg-light fg-loading-default fg-loaded-fade-in fg-preset fg-selena fg-preset-small fg-preset fg-selena fg-preset-small\" id=\"foogallery-gallery-15706\" data-foogallery=\"{&quot;item&quot;:{&quot;showCaptionTitle&quot;:false,&quot;showCaptionDescription&quot;:true},&quot;lazy&quot;:true,&quot;state&quot;:{&quot;enabled&quot;:true,&quot;mask&quot;:&quot;foogallery-{id}&quot;}}\" style=\"--fg-title-line-clamp: 0; --fg-description-line-clamp: 0;\" >\n\t<div class=\"fg-item fg-type-image fg-idle\"><figure class=\"fg-item-inner\"><a href=\"https:\/\/alpavista.ch\/Alp11\/wp-content\/uploads\/Lacs-Anteme_001.jpg\" data-caption-title=\"Valerette-Val\u00e8re\" data-caption-desc=\"Valerette-Val\u00e8re\" data-attachment-id=\"15717\" data-type=\"image\" class=\"fg-thumb\"><span class=\"fg-image-wrap\"><img decoding=\"async\" alt=\"Lacs-Anteme_001.jpg\" title=\"Valerette-Val\u00e8re\" width=\"101\" height=\"57\" class=\"skip-lazy fg-image\" data-src-fg=\"https:\/\/alpavista.ch\/Alp11\/wp-content\/uploads\/cache\/Lacs-Anteme_001\/3786129075.jpg\" src=\"data:image\/svg+xml,%3Csvg%20xmlns%3D%22http%3A%2F%2Fwww.w3.org%2F2000%2Fsvg%22%20width%3D%22101%22%20height%3D%2257%22%20viewBox%3D%220%200%20101%2057%22%3E%3C%2Fsvg%3E\" loading=\"eager\"><\/span><span class=\"fg-image-overlay\"><\/span><\/a><figcaption class=\"fg-caption\"><div class=\"fg-caption-inner\"><div class=\"fg-caption-desc\">Valerette-Val\u00e8re<\/div><\/div><\/figcaption><\/figure><div class=\"fg-loader\"><\/div><\/div><div class=\"fg-item fg-type-image fg-idle\"><figure class=\"fg-item-inner\"><a href=\"https:\/\/alpavista.ch\/Alp11\/wp-content\/uploads\/Lacs-Anteme_002.jpg\" data-caption-title=\"Chalin\" data-caption-desc=\"Chalin\" data-attachment-id=\"15716\" data-type=\"image\" class=\"fg-thumb\"><span class=\"fg-image-wrap\"><img decoding=\"async\" alt=\"Lacs-Anteme_002.jpg\" title=\"Chalin\" width=\"101\" height=\"57\" class=\"skip-lazy fg-image\" data-src-fg=\"https:\/\/alpavista.ch\/Alp11\/wp-content\/uploads\/cache\/Lacs-Anteme_002\/3777189770.jpg\" src=\"data:image\/svg+xml,%3Csvg%20xmlns%3D%22http%3A%2F%2Fwww.w3.org%2F2000%2Fsvg%22%20width%3D%22101%22%20height%3D%2257%22%20viewBox%3D%220%200%20101%2057%22%3E%3C%2Fsvg%3E\" loading=\"eager\"><\/span><span class=\"fg-image-overlay\"><\/span><\/a><figcaption class=\"fg-caption\"><div class=\"fg-caption-inner\"><div class=\"fg-caption-desc\">Chalin<\/div><\/div><\/figcaption><\/figure><div class=\"fg-loader\"><\/div><\/div><div class=\"fg-item fg-type-image fg-idle\"><figure class=\"fg-item-inner\"><a href=\"https:\/\/alpavista.ch\/Alp11\/wp-content\/uploads\/Lacs-Anteme_003.jpg\" data-caption-title=\"Sex Bornay\" data-caption-desc=\"Sex Bornay\" data-attachment-id=\"15715\" data-type=\"image\" class=\"fg-thumb\"><span class=\"fg-image-wrap\"><img decoding=\"async\" alt=\"Lacs-Anteme_003.jpg\" title=\"Sex Bornay\" width=\"101\" height=\"57\" class=\"skip-lazy fg-image\" data-src-fg=\"https:\/\/alpavista.ch\/Alp11\/wp-content\/uploads\/cache\/Lacs-Anteme_003\/1693475387.jpg\" src=\"data:image\/svg+xml,%3Csvg%20xmlns%3D%22http%3A%2F%2Fwww.w3.org%2F2000%2Fsvg%22%20width%3D%22101%22%20height%3D%2257%22%20viewBox%3D%220%200%20101%2057%22%3E%3C%2Fsvg%3E\" loading=\"eager\"><\/span><span class=\"fg-image-overlay\"><\/span><\/a><figcaption class=\"fg-caption\"><div class=\"fg-caption-inner\"><div class=\"fg-caption-desc\">Sex Bornay<\/div><\/div><\/figcaption><\/figure><div class=\"fg-loader\"><\/div><\/div><div class=\"fg-item fg-type-image fg-idle\"><figure class=\"fg-item-inner\"><a href=\"https:\/\/alpavista.ch\/Alp11\/wp-content\/uploads\/Lacs-Anteme_004.jpg\" data-caption-title=\"Sous l&amp;#039;ar\u00eate de S\u00e9laire\" data-caption-desc=\"Sous l&amp;#039;ar\u00eate de S\u00e9laire\" data-attachment-id=\"15714\" data-type=\"image\" class=\"fg-thumb\"><span class=\"fg-image-wrap\"><img decoding=\"async\" alt=\"Lacs-Anteme_004.jpg\" title=\"Sous l&amp;#039;ar\u00eate de S\u00e9laire\" width=\"101\" height=\"57\" class=\"skip-lazy fg-image\" data-src-fg=\"https:\/\/alpavista.ch\/Alp11\/wp-content\/uploads\/cache\/Lacs-Anteme_004\/3761407480.jpg\" src=\"data:image\/svg+xml,%3Csvg%20xmlns%3D%22http%3A%2F%2Fwww.w3.org%2F2000%2Fsvg%22%20width%3D%22101%22%20height%3D%2257%22%20viewBox%3D%220%200%20101%2057%22%3E%3C%2Fsvg%3E\" loading=\"eager\"><\/span><span class=\"fg-image-overlay\"><\/span><\/a><figcaption class=\"fg-caption\"><div class=\"fg-caption-inner\"><div class=\"fg-caption-desc\">Sous l&#039;ar\u00eate de S\u00e9laire<\/div><\/div><\/figcaption><\/figure><div class=\"fg-loader\"><\/div><\/div><div class=\"fg-item fg-type-image fg-idle\"><figure class=\"fg-item-inner\"><a href=\"https:\/\/alpavista.ch\/Alp11\/wp-content\/uploads\/Lacs-Anteme_005.jpg\" data-caption-title=\"S\u00e9laire\" data-caption-desc=\"S\u00e9laire\" data-attachment-id=\"15713\" data-type=\"image\" class=\"fg-thumb\"><span class=\"fg-image-wrap\"><img decoding=\"async\" alt=\"Lacs-Anteme_005.jpg\" title=\"S\u00e9laire\" width=\"101\" height=\"57\" class=\"skip-lazy fg-image\" data-src-fg=\"https:\/\/alpavista.ch\/Alp11\/wp-content\/uploads\/cache\/Lacs-Anteme_005\/812450274.jpg\" src=\"data:image\/svg+xml,%3Csvg%20xmlns%3D%22http%3A%2F%2Fwww.w3.org%2F2000%2Fsvg%22%20width%3D%22101%22%20height%3D%2257%22%20viewBox%3D%220%200%20101%2057%22%3E%3C%2Fsvg%3E\" loading=\"eager\"><\/span><span class=\"fg-image-overlay\"><\/span><\/a><figcaption class=\"fg-caption\"><div class=\"fg-caption-inner\"><div class=\"fg-caption-desc\">S\u00e9laire<\/div><\/div><\/figcaption><\/figure><div class=\"fg-loader\"><\/div><\/div><div class=\"fg-item fg-type-image fg-idle\"><figure class=\"fg-item-inner\"><a href=\"https:\/\/alpavista.ch\/Alp11\/wp-content\/uploads\/Lacs-Anteme_006.jpg\" data-caption-title=\"Chaux Ronde\" data-caption-desc=\"Chaux Ronde\" data-attachment-id=\"15712\" data-type=\"image\" class=\"fg-thumb\"><span class=\"fg-image-wrap\"><img decoding=\"async\" alt=\"Lacs-Anteme_006.jpg\" title=\"Chaux Ronde\" width=\"101\" height=\"57\" class=\"skip-lazy fg-image\" data-src-fg=\"https:\/\/alpavista.ch\/Alp11\/wp-content\/uploads\/cache\/Lacs-Anteme_006\/820373723.jpg\" src=\"data:image\/svg+xml,%3Csvg%20xmlns%3D%22http%3A%2F%2Fwww.w3.org%2F2000%2Fsvg%22%20width%3D%22101%22%20height%3D%2257%22%20viewBox%3D%220%200%20101%2057%22%3E%3C%2Fsvg%3E\" loading=\"eager\"><\/span><span class=\"fg-image-overlay\"><\/span><\/a><figcaption class=\"fg-caption\"><div class=\"fg-caption-inner\"><div class=\"fg-caption-desc\">Chaux Ronde<\/div><\/div><\/figcaption><\/figure><div class=\"fg-loader\"><\/div><\/div><div class=\"fg-item fg-type-image fg-idle\"><figure class=\"fg-item-inner\"><a href=\"https:\/\/alpavista.ch\/Alp11\/wp-content\/uploads\/Lacs-Anteme_007.jpg\" data-caption-title=\"Chaux Ronde\" data-caption-desc=\"Chaux Ronde\" data-attachment-id=\"15711\" data-type=\"image\" class=\"fg-thumb\"><span class=\"fg-image-wrap\"><img decoding=\"async\" alt=\"Lacs-Anteme_007.jpg\" title=\"Chaux Ronde\" width=\"101\" height=\"57\" class=\"skip-lazy fg-image\" data-src-fg=\"https:\/\/alpavista.ch\/Alp11\/wp-content\/uploads\/cache\/Lacs-Anteme_007\/3040271722.jpg\" src=\"data:image\/svg+xml,%3Csvg%20xmlns%3D%22http%3A%2F%2Fwww.w3.org%2F2000%2Fsvg%22%20width%3D%22101%22%20height%3D%2257%22%20viewBox%3D%220%200%20101%2057%22%3E%3C%2Fsvg%3E\" loading=\"eager\"><\/span><span class=\"fg-image-overlay\"><\/span><\/a><figcaption class=\"fg-caption\"><div class=\"fg-caption-inner\"><div class=\"fg-caption-desc\">Chaux Ronde<\/div><\/div><\/figcaption><\/figure><div class=\"fg-loader\"><\/div><\/div><div class=\"fg-item fg-type-image fg-idle\"><figure class=\"fg-item-inner\"><a href=\"https:\/\/alpavista.ch\/Alp11\/wp-content\/uploads\/Lacs-Anteme_008.jpg\" data-caption-title=\"Le Lac d&amp;#039;Ant\u00e8me\" data-caption-desc=\"Le Lac d&amp;#039;Ant\u00e8me\" data-attachment-id=\"15710\" data-type=\"image\" class=\"fg-thumb\"><span class=\"fg-image-wrap\"><img decoding=\"async\" alt=\"Lacs-Anteme_008.jpg\" title=\"Le Lac d&amp;#039;Ant\u00e8me\" width=\"101\" height=\"57\" class=\"skip-lazy fg-image\" data-src-fg=\"https:\/\/alpavista.ch\/Alp11\/wp-content\/uploads\/cache\/Lacs-Anteme_008\/3792773404.jpg\" src=\"data:image\/svg+xml,%3Csvg%20xmlns%3D%22http%3A%2F%2Fwww.w3.org%2F2000%2Fsvg%22%20width%3D%22101%22%20height%3D%2257%22%20viewBox%3D%220%200%20101%2057%22%3E%3C%2Fsvg%3E\" loading=\"eager\"><\/span><span class=\"fg-image-overlay\"><\/span><\/a><figcaption class=\"fg-caption\"><div class=\"fg-caption-inner\"><div class=\"fg-caption-desc\">Le Lac d&#039;Ant\u00e8me<\/div><\/div><\/figcaption><\/figure><div class=\"fg-loader\"><\/div><\/div><div class=\"fg-item fg-type-image fg-idle\"><figure class=\"fg-item-inner\"><a href=\"https:\/\/alpavista.ch\/Alp11\/wp-content\/uploads\/Lacs-Anteme_009.jpg\" data-caption-title=\"Sous la Chaux d&amp;#039;Ant\u00e8me\" data-caption-desc=\"Sous la Chaux d&amp;#039;Ant\u00e8me\" data-attachment-id=\"15709\" data-type=\"image\" class=\"fg-thumb\"><span class=\"fg-image-wrap\"><img decoding=\"async\" alt=\"Lacs-Anteme_009.jpg\" title=\"Sous la Chaux d&amp;#039;Ant\u00e8me\" width=\"101\" height=\"57\" class=\"skip-lazy fg-image\" data-src-fg=\"https:\/\/alpavista.ch\/Alp11\/wp-content\/uploads\/cache\/Lacs-Anteme_009\/1831702570.jpg\" src=\"data:image\/svg+xml,%3Csvg%20xmlns%3D%22http%3A%2F%2Fwww.w3.org%2F2000%2Fsvg%22%20width%3D%22101%22%20height%3D%2257%22%20viewBox%3D%220%200%20101%2057%22%3E%3C%2Fsvg%3E\" loading=\"eager\"><\/span><span class=\"fg-image-overlay\"><\/span><\/a><figcaption class=\"fg-caption\"><div class=\"fg-caption-inner\"><div class=\"fg-caption-desc\">Sous la Chaux d&#039;Ant\u00e8me<\/div><\/div><\/figcaption><\/figure><div class=\"fg-loader\"><\/div><\/div><div class=\"fg-item fg-type-image fg-idle\"><figure class=\"fg-item-inner\"><a href=\"https:\/\/alpavista.ch\/Alp11\/wp-content\/uploads\/Lacs-Anteme_010.jpg\" data-caption-title=\"Metecoui \/ Pas d&amp;#039;Anselme\" data-caption-desc=\"Metecoui \/ Pas d&amp;#039;Anselme\" data-attachment-id=\"15708\" data-type=\"image\" class=\"fg-thumb\"><span class=\"fg-image-wrap\"><img decoding=\"async\" alt=\"Lacs-Anteme_010.jpg\" title=\"Metecoui \/ Pas d&amp;#039;Anselme\" width=\"101\" height=\"57\" class=\"skip-lazy fg-image\" data-src-fg=\"https:\/\/alpavista.ch\/Alp11\/wp-content\/uploads\/cache\/Lacs-Anteme_010\/3944640920.jpg\" src=\"data:image\/svg+xml,%3Csvg%20xmlns%3D%22http%3A%2F%2Fwww.w3.org%2F2000%2Fsvg%22%20width%3D%22101%22%20height%3D%2257%22%20viewBox%3D%220%200%20101%2057%22%3E%3C%2Fsvg%3E\" loading=\"eager\"><\/span><span class=\"fg-image-overlay\"><\/span><\/a><figcaption class=\"fg-caption\"><div class=\"fg-caption-inner\"><div class=\"fg-caption-desc\">Metecoui \/ Pas d&#039;Anselme<\/div><\/div><\/figcaption><\/figure><div class=\"fg-loader\"><\/div><\/div><div class=\"fg-item fg-type-image fg-idle\"><figure class=\"fg-item-inner\"><a href=\"https:\/\/alpavista.ch\/Alp11\/wp-content\/uploads\/Lacs-Anteme_011.jpg\" data-attachment-id=\"15707\" data-type=\"image\" class=\"fg-thumb\"><span class=\"fg-image-wrap\"><img decoding=\"async\" alt=\"Lacs-Anteme_011.jpg\" width=\"101\" height=\"57\" class=\"skip-lazy fg-image\" data-src-fg=\"https:\/\/alpavista.ch\/Alp11\/wp-content\/uploads\/cache\/Lacs-Anteme_011\/2421724884.jpg\" src=\"data:image\/svg+xml,%3Csvg%20xmlns%3D%22http%3A%2F%2Fwww.w3.org%2F2000%2Fsvg%22%20width%3D%22101%22%20height%3D%2257%22%20viewBox%3D%220%200%20101%2057%22%3E%3C%2Fsvg%3E\" loading=\"eager\"><\/span><span class=\"fg-image-overlay\"><\/span><\/a><\/figure><div class=\"fg-loader\"><\/div><\/div><\/div>\n\n<input class=\"fooboxshare_post_id\" type=\"hidden\" value=\"57\"\/>","protected":false},"excerpt":{"rendered":"<p>Abord\u00e9e comme une reconnaissance pour un potentiel futur tour des Dents-du-Midi, cette rando s\u2019est transform\u00e9e au fil des m\u00e9andres des courbes topographiques en une magnifique \u00ab petite \u00bb sortie (6 heures quand m\u00eame !!!), dans le somptueux cadre de la rive droite du Val d\u2019Illiez. Partis de Choex, nous avons d\u2019abord aval\u00e9 sans v\u00e9ritable entrain une premi\u00e8re mont\u00e9e un peu fadasse, jusqu\u2019au tr\u00e8s couru restaurant de Chindonne. Les fatigues de la rando du Restipass et la canicule ne laissaient pas [&hellip;]<\/p>\n","protected":false},"author":2,"featured_media":8616,"comment_status":"open","ping_status":"open","sticky":false,"template":"","format":"standard","meta":{"footnotes":""},"categories":[658,4],"tags":[1165,1177,1166,1221,1162,1163,1164],"class_list":["post-57","post","type-post","status-publish","format-standard","has-post-thumbnail","hentry","category-outdoor","category-vtt","tag-champery","tag-chindonne","tag-illiez","tag-metecoui","tag-signal-de-soi","tag-troistorrents","tag-valerette"],"_links":{"self":[{"href":"https:\/\/alpavista.ch\/Alp11\/wp-json\/wp\/v2\/posts\/57","targetHints":{"allow":["GET"]}}],"collection":[{"href":"https:\/\/alpavista.ch\/Alp11\/wp-json\/wp\/v2\/posts"}],"about":[{"href":"https:\/\/alpavista.ch\/Alp11\/wp-json\/wp\/v2\/types\/post"}],"author":[{"embeddable":true,"href":"https:\/\/alpavista.ch\/Alp11\/wp-json\/wp\/v2\/users\/2"}],"replies":[{"embeddable":true,"href":"https:\/\/alpavista.ch\/Alp11\/wp-json\/wp\/v2\/comments?post=57"}],"version-history":[{"count":0,"href":"https:\/\/alpavista.ch\/Alp11\/wp-json\/wp\/v2\/posts\/57\/revisions"}],"wp:featuredmedia":[{"embeddable":true,"href":"https:\/\/alpavista.ch\/Alp11\/wp-json\/wp\/v2\/media\/8616"}],"wp:attachment":[{"href":"https:\/\/alpavista.ch\/Alp11\/wp-json\/wp\/v2\/media?parent=57"}],"wp:term":[{"taxonomy":"category","embeddable":true,"href":"https:\/\/alpavista.ch\/Alp11\/wp-json\/wp\/v2\/categories?post=57"},{"taxonomy":"post_tag","embeddable":true,"href":"https:\/\/alpavista.ch\/Alp11\/wp-json\/wp\/v2\/tags?post=57"}],"curies":[{"name":"wp","href":"https:\/\/api.w.org\/{rel}","templated":true}]}}