{"id":5736,"date":"2014-09-19T17:53:37","date_gmt":"2014-09-19T16:53:37","guid":{"rendered":"http:\/\/www.alpavista.ch\/Alp11\/?p=5736"},"modified":"2022-12-09T17:41:05","modified_gmt":"2022-12-09T16:41:05","slug":"half-mile-the-belgian-session","status":"publish","type":"post","link":"https:\/\/alpavista.ch\/Alp11\/2014\/09\/19\/half-mile-the-belgian-session\/","title":{"rendered":"Half Mile &#8211; The Belgian Session"},"content":{"rendered":"<p>La \u00ab Half Mile \u00bb version belge, c\u2019est un peu comme notre \u00ab demi-Mille \u00bb habituelle, mais avec des mots que t\u2019as jamais entendus, des expressions que tu comprends pas, mais qui te font rire, une gestion des trajectoires humides que t\u2019avais jamais vues et une approche des zones de gadoue aussi inn\u00e9e qu\u2019improbable. Bref, c\u2019est comme si tu transportais les chemins alpins au plat pays, mais sans le plat. Tu p\u00e9dales un peu, tu ris beaucoup et tu pilotes comme si tout \u00e9tait d\u00e9sormais facile et que t&rsquo;avais d\u00e9branch\u00e9 ton cerveau.<br \/>\n<!--more--><\/p>\n<p>Et le pire, c\u2019est que si on te demande (gentiment) autour d\u2019une bi\u00e8re ou deux, ou trois, ou quatre, tu signes pour repartir dimanche. Y a pas \u00e0 dire, le Belge, \u00e7a colle, \u00e7a pique, c\u2019est contagieux, mais qu\u2019est-ce c\u2019est attachant.<\/p>\n<style type=\"text\/css\">\n#foogallery-gallery-25190 .fg-image { width: 101px; }\n#foogallery-gallery-25190 { --fg-gutter: 1px; }<\/style>\n\t\t\t<div class=\"foogallery foogallery-container foogallery-default foogallery-lightbox-none fg-left fg-default fg-ready fg-light fg-loading-default fg-loaded-fade-in fg-preset fg-selena fg-preset-small fg-preset fg-selena fg-preset-small\" id=\"foogallery-gallery-25190\" data-foogallery=\"{&quot;item&quot;:{&quot;showCaptionTitle&quot;:false,&quot;showCaptionDescription&quot;:true},&quot;lazy&quot;:true,&quot;src&quot;:&quot;src&quot;,&quot;srcset&quot;:&quot;srcset&quot;,&quot;state&quot;:{&quot;enabled&quot;:true,&quot;mask&quot;:&quot;foogallery-{id}&quot;}}\" style=\"--fg-title-line-clamp: 0; --fg-description-line-clamp: 0;\" >\n\t<div class=\"fg-item fg-type-image fg-loading\"><figure class=\"fg-item-inner\"><a href=\"https:\/\/alpavista.ch\/Alp11\/wp-content\/uploads\/half_mile_bs_001.jpg\" data-caption-title=\"La nouvelle piscine municipale de Bruson a beau nous faire ses yeux les plus doux, aujourd&#039;hui, c&#039;est bike.\" data-caption-desc=\"La nouvelle piscine municipale de Bruson a beau nous faire ses yeux les plus doux, aujourd&#039;hui, c&#039;est bike.\" data-attachment-id=\"25239\" data-type=\"image\" class=\"fg-thumb\"><span class=\"fg-image-wrap\"><img src=\"https:\/\/alpavista.ch\/Alp11\/wp-content\/uploads\/cache\/half_mile_bs_001\/2309060806.jpg\" alt=\"half_mile_bs_001\" title=\"La nouvelle piscine municipale de Bruson a beau nous faire ses yeux les plus doux, aujourd&#039;hui, c&#039;est bike.\" width=\"101\" height=\"57\" class=\"skip-lazy fg-image\" decoding=\"async\" loading=\"lazy\"><\/span><span class=\"fg-image-overlay\"><\/span><\/a><figcaption class=\"fg-caption\"><div class=\"fg-caption-inner\"><div class=\"fg-caption-desc\">La nouvelle piscine municipale de Bruson a beau nous faire ses yeux les plus doux, aujourd'hui, c'est bike.<\/div><\/div><\/figcaption><\/figure><div class=\"fg-loader\"><\/div><\/div><div class=\"fg-item fg-type-image fg-loading\"><figure class=\"fg-item-inner\"><a href=\"https:\/\/alpavista.ch\/Alp11\/wp-content\/uploads\/half_mile_bs_002.jpg\" data-caption-title=\"Y a pas \u00e0 tortiller, juste \u00e0 p\u00e9daler.\" data-caption-desc=\"Y a pas \u00e0 tortiller, juste \u00e0 p\u00e9daler.\" data-attachment-id=\"25238\" data-type=\"image\" class=\"fg-thumb\"><span class=\"fg-image-wrap\"><img src=\"https:\/\/alpavista.ch\/Alp11\/wp-content\/uploads\/cache\/half_mile_bs_002\/1638286081.jpg\" alt=\"half_mile_bs_002\" title=\"Y a pas \u00e0 tortiller, juste \u00e0 p\u00e9daler.\" width=\"101\" height=\"57\" class=\"skip-lazy fg-image\" decoding=\"async\" loading=\"lazy\"><\/span><span class=\"fg-image-overlay\"><\/span><\/a><figcaption class=\"fg-caption\"><div class=\"fg-caption-inner\"><div class=\"fg-caption-desc\">Y a pas \u00e0 tortiller, juste \u00e0 p\u00e9daler.<\/div><\/div><\/figcaption><\/figure><div class=\"fg-loader\"><\/div><\/div><div class=\"fg-item fg-type-image fg-loading\"><figure class=\"fg-item-inner\"><a href=\"https:\/\/alpavista.ch\/Alp11\/wp-content\/uploads\/half_mile_bs_003.jpg\" data-caption-title=\"Le bike c&#039;est fun ... mais parfois \u00e7a pique aussi un peu les jambes.\" data-caption-desc=\"Le bike c&#039;est fun ... mais parfois \u00e7a pique aussi un peu les jambes.\" data-attachment-id=\"25237\" data-type=\"image\" class=\"fg-thumb\"><span class=\"fg-image-wrap\"><img src=\"https:\/\/alpavista.ch\/Alp11\/wp-content\/uploads\/cache\/half_mile_bs_003\/3311803520.jpg\" alt=\"half_mile_bs_003\" title=\"Le bike c&#039;est fun ... mais parfois \u00e7a pique aussi un peu les jambes.\" width=\"101\" height=\"57\" class=\"skip-lazy fg-image\" decoding=\"async\" loading=\"lazy\"><\/span><span class=\"fg-image-overlay\"><\/span><\/a><figcaption class=\"fg-caption\"><div class=\"fg-caption-inner\"><div class=\"fg-caption-desc\">Le bike c'est fun ... mais parfois \u00e7a pique aussi un peu les jambes.<\/div><\/div><\/figcaption><\/figure><div class=\"fg-loader\"><\/div><\/div><div class=\"fg-item fg-type-image fg-loading\"><figure class=\"fg-item-inner\"><a href=\"https:\/\/alpavista.ch\/Alp11\/wp-content\/uploads\/half_mile_bs_004.jpg\" data-caption-title=\"Le chemin de l&#039;\u00e2ne, c&#039;est l&#039;appellation officielle, pas la l\u00e9gende de la photo.\" data-caption-desc=\"Le chemin de l&#039;\u00e2ne, c&#039;est l&#039;appellation officielle, pas la l\u00e9gende de la photo.\" data-attachment-id=\"25236\" data-type=\"image\" class=\"fg-thumb\"><span class=\"fg-image-wrap\"><img src=\"https:\/\/alpavista.ch\/Alp11\/wp-content\/uploads\/cache\/half_mile_bs_004\/2838178237.jpg\" alt=\"half_mile_bs_004\" title=\"Le chemin de l&#039;\u00e2ne, c&#039;est l&#039;appellation officielle, pas la l\u00e9gende de la photo.\" width=\"101\" height=\"57\" class=\"skip-lazy fg-image\" decoding=\"async\" loading=\"lazy\"><\/span><span class=\"fg-image-overlay\"><\/span><\/a><figcaption class=\"fg-caption\"><div class=\"fg-caption-inner\"><div class=\"fg-caption-desc\">Le chemin de l'\u00e2ne, c'est l'appellation officielle, pas la l\u00e9gende de la photo.<\/div><\/div><\/figcaption><\/figure><div class=\"fg-loader\"><\/div><\/div><div class=\"fg-item fg-type-image fg-loading\"><figure class=\"fg-item-inner\"><a href=\"https:\/\/alpavista.ch\/Alp11\/wp-content\/uploads\/half_mile_bs_005.jpg\" data-caption-title=\"Un chemin cinq \u00e9toiles ...\" data-caption-desc=\"Un chemin cinq \u00e9toiles ...\" data-attachment-id=\"25235\" data-type=\"image\" class=\"fg-thumb\"><span class=\"fg-image-wrap\"><img src=\"https:\/\/alpavista.ch\/Alp11\/wp-content\/uploads\/cache\/half_mile_bs_005\/3457772879.jpg\" alt=\"half_mile_bs_005\" title=\"Un chemin cinq \u00e9toiles ...\" width=\"101\" height=\"57\" class=\"skip-lazy fg-image\" decoding=\"async\" loading=\"lazy\"><\/span><span class=\"fg-image-overlay\"><\/span><\/a><figcaption class=\"fg-caption\"><div class=\"fg-caption-inner\"><div class=\"fg-caption-desc\">Un chemin cinq \u00e9toiles ...<\/div><\/div><\/figcaption><\/figure><div class=\"fg-loader\"><\/div><\/div><div class=\"fg-item fg-type-image fg-loading\"><figure class=\"fg-item-inner\"><a href=\"https:\/\/alpavista.ch\/Alp11\/wp-content\/uploads\/half_mile_bs_006.jpg\" data-caption-title=\"... avec un grand &quot;Z&quot;, comme dans Z\u00e9nial.\" data-caption-desc=\"... avec un grand &quot;Z&quot;, comme dans Z\u00e9nial.\" data-attachment-id=\"25234\" data-type=\"image\" class=\"fg-thumb\"><span class=\"fg-image-wrap\"><img src=\"https:\/\/alpavista.ch\/Alp11\/wp-content\/uploads\/cache\/half_mile_bs_006\/639522440.jpg\" alt=\"half_mile_bs_006\" title=\"... avec un grand &quot;Z&quot;, comme dans Z\u00e9nial.\" width=\"101\" height=\"57\" class=\"skip-lazy fg-image\" decoding=\"async\" loading=\"lazy\"><\/span><span class=\"fg-image-overlay\"><\/span><\/a><figcaption class=\"fg-caption\"><div class=\"fg-caption-inner\"><div class=\"fg-caption-desc\">... avec un grand \"Z\", comme dans Z\u00e9nial.<\/div><\/div><\/figcaption><\/figure><div class=\"fg-loader\"><\/div><\/div><div class=\"fg-item fg-type-image fg-loading\"><figure class=\"fg-item-inner\"><a href=\"https:\/\/alpavista.ch\/Alp11\/wp-content\/uploads\/half_mile_bs_007.jpg\" data-caption-title=\"Et aussi de la bonne &quot;bugnasse&quot; qui fait un peu grimacer...\" data-caption-desc=\"Et aussi de la bonne &quot;bugnasse&quot; qui fait un peu grimacer...\" data-attachment-id=\"25233\" data-type=\"image\" class=\"fg-thumb\"><span class=\"fg-image-wrap\"><img src=\"https:\/\/alpavista.ch\/Alp11\/wp-content\/uploads\/cache\/half_mile_bs_007\/8250539.jpg\" alt=\"half_mile_bs_007\" title=\"Et aussi de la bonne &quot;bugnasse&quot; qui fait un peu grimacer...\" width=\"101\" height=\"57\" class=\"skip-lazy fg-image\" decoding=\"async\" loading=\"lazy\"><\/span><span class=\"fg-image-overlay\"><\/span><\/a><figcaption class=\"fg-caption\"><div class=\"fg-caption-inner\"><div class=\"fg-caption-desc\">Et aussi de la bonne \"bugnasse\" qui fait un peu grimacer...<\/div><\/div><\/figcaption><\/figure><div class=\"fg-loader\"><\/div><\/div><div class=\"fg-item fg-type-image fg-loading\"><figure class=\"fg-item-inner\"><a href=\"https:\/\/alpavista.ch\/Alp11\/wp-content\/uploads\/half_mile_bs_008.jpg\" data-caption-title=\"... et parfois aussi, poser un pied...\" data-caption-desc=\"... et parfois aussi, poser un pied...\" data-attachment-id=\"25232\" data-type=\"image\" class=\"fg-thumb\"><span class=\"fg-image-wrap\"><img src=\"https:\/\/alpavista.ch\/Alp11\/wp-content\/uploads\/cache\/half_mile_bs_008\/3218459171.jpg\" alt=\"half_mile_bs_008\" title=\"... et parfois aussi, poser un pied...\" width=\"101\" height=\"57\" class=\"skip-lazy fg-image\" decoding=\"async\" loading=\"lazy\"><\/span><span class=\"fg-image-overlay\"><\/span><\/a><figcaption class=\"fg-caption\"><div class=\"fg-caption-inner\"><div class=\"fg-caption-desc\">... et parfois aussi, poser un pied...<\/div><\/div><\/figcaption><\/figure><div class=\"fg-loader\"><\/div><\/div><div class=\"fg-item fg-type-image fg-loading\"><figure class=\"fg-item-inner\"><a href=\"https:\/\/alpavista.ch\/Alp11\/wp-content\/uploads\/half_mile_bs_009.jpg\" data-caption-title=\"... pour mieux se relancer.\" data-caption-desc=\"... pour mieux se relancer.\" data-attachment-id=\"25231\" data-type=\"image\" class=\"fg-thumb\"><span class=\"fg-image-wrap\"><img src=\"https:\/\/alpavista.ch\/Alp11\/wp-content\/uploads\/cache\/half_mile_bs_009\/3639054033.jpg\" alt=\"half_mile_bs_009\" title=\"... pour mieux se relancer.\" width=\"101\" height=\"57\" class=\"skip-lazy fg-image\" decoding=\"async\" loading=\"lazy\"><\/span><span class=\"fg-image-overlay\"><\/span><\/a><figcaption class=\"fg-caption\"><div class=\"fg-caption-inner\"><div class=\"fg-caption-desc\">... pour mieux se relancer.<\/div><\/div><\/figcaption><\/figure><div class=\"fg-loader\"><\/div><\/div><div class=\"fg-item fg-type-image fg-loading\"><figure class=\"fg-item-inner\"><a href=\"https:\/\/alpavista.ch\/Alp11\/wp-content\/uploads\/half_mile_bs_010.jpg\" data-caption-title=\"Au pays des raidards, le dernier est souvent le plus appr\u00e9ci\u00e9.\" data-caption-desc=\"Au pays des raidards, le dernier est souvent le plus appr\u00e9ci\u00e9.\" data-attachment-id=\"25230\" data-type=\"image\" class=\"fg-thumb\"><span class=\"fg-image-wrap\"><img src=\"https:\/\/alpavista.ch\/Alp11\/wp-content\/uploads\/cache\/half_mile_bs_010\/3059465629.jpg\" alt=\"half_mile_bs_010\" title=\"Au pays des raidards, le dernier est souvent le plus appr\u00e9ci\u00e9.\" width=\"101\" height=\"57\" class=\"skip-lazy fg-image\" decoding=\"async\" loading=\"lazy\"><\/span><span class=\"fg-image-overlay\"><\/span><\/a><figcaption class=\"fg-caption\"><div class=\"fg-caption-inner\"><div class=\"fg-caption-desc\">Au pays des raidards, le dernier est souvent le plus appr\u00e9ci\u00e9.<\/div><\/div><\/figcaption><\/figure><div class=\"fg-loader\"><\/div><\/div><div class=\"fg-item fg-type-image fg-loading\"><figure class=\"fg-item-inner\"><a href=\"https:\/\/alpavista.ch\/Alp11\/wp-content\/uploads\/half_mile_bs_011.jpg\" data-caption-title=\"Ciel gris, mais &quot;green&quot; day, comme souvent, le vendredi.\" data-caption-desc=\"Ciel gris, mais &quot;green&quot; day, comme souvent, le vendredi.\" data-attachment-id=\"25229\" data-type=\"image\" class=\"fg-thumb\"><span class=\"fg-image-wrap\"><img src=\"https:\/\/alpavista.ch\/Alp11\/wp-content\/uploads\/cache\/half_mile_bs_011\/2730426472.jpg\" alt=\"half_mile_bs_011\" title=\"Ciel gris, mais &quot;green&quot; day, comme souvent, le vendredi.\" width=\"101\" height=\"57\" class=\"skip-lazy fg-image\" decoding=\"async\" loading=\"lazy\"><\/span><span class=\"fg-image-overlay\"><\/span><\/a><figcaption class=\"fg-caption\"><div class=\"fg-caption-inner\"><div class=\"fg-caption-desc\">Ciel gris, mais \"green\" day, comme souvent, le vendredi.<\/div><\/div><\/figcaption><\/figure><div class=\"fg-loader\"><\/div><\/div><div class=\"fg-item fg-type-image fg-loading\"><figure class=\"fg-item-inner\"><a href=\"https:\/\/alpavista.ch\/Alp11\/wp-content\/uploads\/half_mile_bs_012.jpg\" data-caption-title=\"Encore ce satan\u00e9 satellite de la NSA qui n&#039;en finit pas de nous traquer. A croire que la gueule de nos bikes ne lui revient pas.\" data-caption-desc=\"Encore ce satan\u00e9 satellite de la NSA qui n&#039;en finit pas de nous traquer. A croire que la gueule de nos bikes ne lui revient pas.\" data-attachment-id=\"25228\" data-type=\"image\" class=\"fg-thumb\"><span class=\"fg-image-wrap\"><img src=\"https:\/\/alpavista.ch\/Alp11\/wp-content\/uploads\/cache\/half_mile_bs_012\/1253587887.jpg\" alt=\"half_mile_bs_012\" title=\"Encore ce satan\u00e9 satellite de la NSA qui n&#039;en finit pas de nous traquer. A croire que la gueule de nos bikes ne lui revient pas.\" width=\"101\" height=\"57\" class=\"skip-lazy fg-image\" decoding=\"async\" loading=\"lazy\"><\/span><span class=\"fg-image-overlay\"><\/span><\/a><figcaption class=\"fg-caption\"><div class=\"fg-caption-inner\"><div class=\"fg-caption-desc\">Encore ce satan\u00e9 satellite de la NSA qui n'en finit pas de nous traquer. A croire que la gueule de nos bikes ne lui revient pas.<\/div><\/div><\/figcaption><\/figure><div class=\"fg-loader\"><\/div><\/div><div class=\"fg-item fg-type-image fg-loading\"><figure class=\"fg-item-inner\"><a href=\"https:\/\/alpavista.ch\/Alp11\/wp-content\/uploads\/half_mile_bs_013.jpg\" data-caption-title=\"Les myrtilliers ont d\u00e9j\u00e0 rev\u00eatu leur pyjama pour l&#039;automne, mais les dents indiquent toujours le midi.\" data-caption-desc=\"Les myrtilliers ont d\u00e9j\u00e0 rev\u00eatu leur pyjama pour l&#039;automne, mais les dents indiquent toujours le midi.\" data-attachment-id=\"25227\" data-type=\"image\" class=\"fg-thumb\"><span class=\"fg-image-wrap\"><img src=\"https:\/\/alpavista.ch\/Alp11\/wp-content\/uploads\/cache\/half_mile_bs_013\/4000867374.jpg\" alt=\"half_mile_bs_013\" title=\"Les myrtilliers ont d\u00e9j\u00e0 rev\u00eatu leur pyjama pour l&#039;automne, mais les dents indiquent toujours le midi.\" width=\"101\" height=\"57\" class=\"skip-lazy fg-image\" decoding=\"async\" loading=\"lazy\"><\/span><span class=\"fg-image-overlay\"><\/span><\/a><figcaption class=\"fg-caption\"><div class=\"fg-caption-inner\"><div class=\"fg-caption-desc\">Les myrtilliers ont d\u00e9j\u00e0 rev\u00eatu leur pyjama pour l'automne, mais les dents indiquent toujours le midi.<\/div><\/div><\/figcaption><\/figure><div class=\"fg-loader\"><\/div><\/div><div class=\"fg-item fg-type-image fg-loading\"><figure class=\"fg-item-inner\"><a href=\"https:\/\/alpavista.ch\/Alp11\/wp-content\/uploads\/half_mile_bs_014.jpg\" data-caption-title=\"Une fois encore, les menaces du ciel ne parviennent pas \u00e0 se concr\u00e9tiser.\" data-caption-desc=\"Une fois encore, les menaces du ciel ne parviennent pas \u00e0 se concr\u00e9tiser.\" data-attachment-id=\"25226\" data-type=\"image\" class=\"fg-thumb\"><span class=\"fg-image-wrap\"><img src=\"https:\/\/alpavista.ch\/Alp11\/wp-content\/uploads\/cache\/half_mile_bs_014\/2184532243.jpg\" alt=\"half_mile_bs_014\" title=\"Une fois encore, les menaces du ciel ne parviennent pas \u00e0 se concr\u00e9tiser.\" width=\"101\" height=\"57\" class=\"skip-lazy fg-image\" decoding=\"async\" loading=\"lazy\"><\/span><span class=\"fg-image-overlay\"><\/span><\/a><figcaption class=\"fg-caption\"><div class=\"fg-caption-inner\"><div class=\"fg-caption-desc\">Une fois encore, les menaces du ciel ne parviennent pas \u00e0 se concr\u00e9tiser.<\/div><\/div><\/figcaption><\/figure><div class=\"fg-loader\"><\/div><\/div><div class=\"fg-item fg-type-image fg-loading\"><figure class=\"fg-item-inner\"><a href=\"https:\/\/alpavista.ch\/Alp11\/wp-content\/uploads\/half_mile_bs_015.jpg\" data-caption-title=\"Au pays du foehn, le mauvais temps n&#039;a qu&#039;\u00e0 bien se tenir (\u00e0 l&#039;\u00e9cart).\" data-caption-desc=\"Au pays du foehn, le mauvais temps n&#039;a qu&#039;\u00e0 bien se tenir (\u00e0 l&#039;\u00e9cart).\" data-attachment-id=\"25225\" data-type=\"image\" class=\"fg-thumb\"><span class=\"fg-image-wrap\"><img src=\"https:\/\/alpavista.ch\/Alp11\/wp-content\/uploads\/cache\/half_mile_bs_015\/3842446817.jpg\" alt=\"half_mile_bs_015\" title=\"Au pays du foehn, le mauvais temps n&#039;a qu&#039;\u00e0 bien se tenir (\u00e0 l&#039;\u00e9cart).\" width=\"101\" height=\"57\" class=\"skip-lazy fg-image\" decoding=\"async\" loading=\"lazy\"><\/span><span class=\"fg-image-overlay\"><\/span><\/a><figcaption class=\"fg-caption\"><div class=\"fg-caption-inner\"><div class=\"fg-caption-desc\">Au pays du foehn, le mauvais temps n'a qu'\u00e0 bien se tenir (\u00e0 l'\u00e9cart).<\/div><\/div><\/figcaption><\/figure><div class=\"fg-loader\"><\/div><\/div><div class=\"fg-item fg-type-image fg-loading\"><figure class=\"fg-item-inner\"><a href=\"https:\/\/alpavista.ch\/Alp11\/wp-content\/uploads\/half_mile_bs_016.jpg\" data-caption-title=\"Sourire b\u00e9at mais contagieux.\" data-caption-desc=\"Sourire b\u00e9at mais contagieux.\" data-attachment-id=\"25224\" data-type=\"image\" class=\"fg-thumb\"><span class=\"fg-image-wrap\"><img src=\"https:\/\/alpavista.ch\/Alp11\/wp-content\/uploads\/cache\/half_mile_bs_016\/218115622.jpg\" alt=\"half_mile_bs_016\" title=\"Sourire b\u00e9at mais contagieux.\" width=\"101\" height=\"57\" class=\"skip-lazy fg-image\" decoding=\"async\" loading=\"lazy\"><\/span><span class=\"fg-image-overlay\"><\/span><\/a><figcaption class=\"fg-caption\"><div class=\"fg-caption-inner\"><div class=\"fg-caption-desc\">Sourire b\u00e9at mais contagieux.<\/div><\/div><\/figcaption><\/figure><div class=\"fg-loader\"><\/div><\/div><div class=\"fg-item fg-type-image fg-loading\"><figure class=\"fg-item-inner\"><a href=\"https:\/\/alpavista.ch\/Alp11\/wp-content\/uploads\/half_mile_bs_017.jpg\" data-caption-title=\"Enfin du plat  et des Belges qui s&#039;y retrouvent comme chez eux.\" data-caption-desc=\"Enfin du plat  et des Belges qui s&#039;y retrouvent comme chez eux.\" data-attachment-id=\"25223\" data-type=\"image\" class=\"fg-thumb\"><span class=\"fg-image-wrap\"><img src=\"https:\/\/alpavista.ch\/Alp11\/wp-content\/uploads\/cache\/half_mile_bs_017\/727948293.jpg\" alt=\"half_mile_bs_017\" title=\"Enfin du plat  et des Belges qui s&#039;y retrouvent comme chez eux.\" width=\"101\" height=\"57\" class=\"skip-lazy fg-image\" decoding=\"async\" loading=\"lazy\"><\/span><span class=\"fg-image-overlay\"><\/span><\/a><figcaption class=\"fg-caption\"><div class=\"fg-caption-inner\"><div class=\"fg-caption-desc\">Enfin du plat  et des Belges qui s'y retrouvent comme chez eux.<\/div><\/div><\/figcaption><\/figure><div class=\"fg-loader\"><\/div><\/div><div class=\"fg-item fg-type-image fg-loading\"><figure class=\"fg-item-inner\"><a href=\"https:\/\/alpavista.ch\/Alp11\/wp-content\/uploads\/half_mile_bs_018.jpg\" data-caption-title=\"C&#039;est quand que \u00e7a (re)monte ou que \u00e7a descend ?\" data-caption-desc=\"C&#039;est quand que \u00e7a (re)monte ou que \u00e7a descend ?\" data-attachment-id=\"25222\" data-type=\"image\" class=\"fg-thumb\"><span class=\"fg-image-wrap\"><img src=\"https:\/\/alpavista.ch\/Alp11\/wp-content\/uploads\/cache\/half_mile_bs_018\/2496377485.jpg\" alt=\"half_mile_bs_018\" title=\"C&#039;est quand que \u00e7a (re)monte ou que \u00e7a descend ?\" width=\"101\" height=\"57\" class=\"skip-lazy fg-image\" decoding=\"async\" loading=\"lazy\"><\/span><span class=\"fg-image-overlay\"><\/span><\/a><figcaption class=\"fg-caption\"><div class=\"fg-caption-inner\"><div class=\"fg-caption-desc\">C'est quand que \u00e7a (re)monte ou que \u00e7a descend ?<\/div><\/div><\/figcaption><\/figure><div class=\"fg-loader\"><\/div><\/div><div class=\"fg-item fg-type-image fg-loading\"><figure class=\"fg-item-inner\"><a href=\"https:\/\/alpavista.ch\/Alp11\/wp-content\/uploads\/half_mile_bs_019.jpg\" data-caption-title=\"Cherchez l&#039;erreur ! Bon en m\u00eame temps, avec deux belges embarqu\u00e9s, c&#039;est plus facile.\" data-caption-desc=\"Cherchez l&#039;erreur ! Bon en m\u00eame temps, avec deux belges embarqu\u00e9s, c&#039;est plus facile.\" data-attachment-id=\"25221\" data-type=\"image\" class=\"fg-thumb\"><span class=\"fg-image-wrap\"><img src=\"https:\/\/alpavista.ch\/Alp11\/wp-content\/uploads\/cache\/half_mile_bs_019\/4093245055.jpg\" alt=\"half_mile_bs_019\" title=\"Cherchez l&#039;erreur ! Bon en m\u00eame temps, avec deux belges embarqu\u00e9s, c&#039;est plus facile.\" width=\"101\" height=\"57\" class=\"skip-lazy fg-image\" decoding=\"async\" loading=\"lazy\"><\/span><span class=\"fg-image-overlay\"><\/span><\/a><figcaption class=\"fg-caption\"><div class=\"fg-caption-inner\"><div class=\"fg-caption-desc\">Cherchez l'erreur ! Bon en m\u00eame temps, avec deux belges embarqu\u00e9s, c'est plus facile.<\/div><\/div><\/figcaption><\/figure><div class=\"fg-loader\"><\/div><\/div><div class=\"fg-item fg-type-image fg-loading\"><figure class=\"fg-item-inner\"><a href=\"https:\/\/alpavista.ch\/Alp11\/wp-content\/uploads\/half_mile_bs_020.jpg\" data-caption-title=\"Du rouge aux joues, du orange sur les \u00e9paules...\" data-caption-desc=\"Du rouge aux joues, du orange sur les \u00e9paules...\" data-attachment-id=\"25220\" data-type=\"image\" class=\"fg-thumb\"><span class=\"fg-image-wrap\"><img src=\"https:\/\/alpavista.ch\/Alp11\/wp-content\/uploads\/cache\/half_mile_bs_020\/3014913461.jpg\" alt=\"half_mile_bs_020\" title=\"Du rouge aux joues, du orange sur les \u00e9paules...\" width=\"101\" height=\"57\" class=\"skip-lazy fg-image\" decoding=\"async\" loading=\"lazy\"><\/span><span class=\"fg-image-overlay\"><\/span><\/a><figcaption class=\"fg-caption\"><div class=\"fg-caption-inner\"><div class=\"fg-caption-desc\">Du rouge aux joues, du orange sur les \u00e9paules...<\/div><\/div><\/figcaption><\/figure><div class=\"fg-loader\"><\/div><\/div><div class=\"fg-item fg-type-image fg-loading\"><figure class=\"fg-item-inner\"><a href=\"https:\/\/alpavista.ch\/Alp11\/wp-content\/uploads\/half_mile_bs_021.jpg\" data-caption-title=\"... et toujours ce sourire contagieux aux l\u00e8vres.\" data-caption-desc=\"... et toujours ce sourire contagieux aux l\u00e8vres.\" data-attachment-id=\"25219\" data-type=\"image\" class=\"fg-thumb\"><span class=\"fg-image-wrap\"><img src=\"https:\/\/alpavista.ch\/Alp11\/wp-content\/uploads\/cache\/half_mile_bs_021\/3751643546.jpg\" alt=\"half_mile_bs_021\" title=\"... et toujours ce sourire contagieux aux l\u00e8vres.\" width=\"101\" height=\"57\" class=\"skip-lazy fg-image\" decoding=\"async\" loading=\"lazy\"><\/span><span class=\"fg-image-overlay\"><\/span><\/a><figcaption class=\"fg-caption\"><div class=\"fg-caption-inner\"><div class=\"fg-caption-desc\">... et toujours ce sourire contagieux aux l\u00e8vres.<\/div><\/div><\/figcaption><\/figure><div class=\"fg-loader\"><\/div><\/div><div class=\"fg-item fg-type-image fg-loading\"><figure class=\"fg-item-inner\"><a href=\"https:\/\/alpavista.ch\/Alp11\/wp-content\/uploads\/half_mile_bs_022.jpg\" data-caption-title=\"Le plus beau p\u00e2turage, ou en tout cas le mieux nomm\u00e9. Comprenne qui pourra, pardon qui saura.\" data-caption-desc=\"Le plus beau p\u00e2turage, ou en tout cas le mieux nomm\u00e9. Comprenne qui pourra, pardon qui saura.\" data-attachment-id=\"25218\" data-type=\"image\" class=\"fg-thumb\"><span class=\"fg-image-wrap\"><img src=\"https:\/\/alpavista.ch\/Alp11\/wp-content\/uploads\/cache\/half_mile_bs_022\/932885085.jpg\" alt=\"half_mile_bs_022\" title=\"Le plus beau p\u00e2turage, ou en tout cas le mieux nomm\u00e9. Comprenne qui pourra, pardon qui saura.\" width=\"101\" height=\"57\" class=\"skip-lazy fg-image\" decoding=\"async\" loading=\"lazy\"><\/span><span class=\"fg-image-overlay\"><\/span><\/a><figcaption class=\"fg-caption\"><div class=\"fg-caption-inner\"><div class=\"fg-caption-desc\">Le plus beau p\u00e2turage, ou en tout cas le mieux nomm\u00e9. Comprenne qui pourra, pardon qui saura.<\/div><\/div><\/figcaption><\/figure><div class=\"fg-loader\"><\/div><\/div><div class=\"fg-item fg-type-image fg-loading\"><figure class=\"fg-item-inner\"><a href=\"https:\/\/alpavista.ch\/Alp11\/wp-content\/uploads\/half_mile_bs_023.jpg\" data-caption-title=\"S&#039;il y avait du son, on entendrait l&#039;imitation du bruit du moteur, faite \u00e0 la bouche.\" data-caption-desc=\"S&#039;il y avait du son, on entendrait l&#039;imitation du bruit du moteur, faite \u00e0 la bouche.\" data-attachment-id=\"25217\" data-type=\"image\" class=\"fg-thumb\"><span class=\"fg-image-wrap\"><img src=\"https:\/\/alpavista.ch\/Alp11\/wp-content\/uploads\/cache\/half_mile_bs_023\/2472209884.jpg\" alt=\"half_mile_bs_023\" title=\"S&#039;il y avait du son, on entendrait l&#039;imitation du bruit du moteur, faite \u00e0 la bouche.\" width=\"101\" height=\"57\" class=\"skip-lazy fg-image\" decoding=\"async\" loading=\"lazy\"><\/span><span class=\"fg-image-overlay\"><\/span><\/a><figcaption class=\"fg-caption\"><div class=\"fg-caption-inner\"><div class=\"fg-caption-desc\">S'il y avait du son, on entendrait l'imitation du bruit du moteur, faite \u00e0 la bouche.<\/div><\/div><\/figcaption><\/figure><div class=\"fg-loader\"><\/div><\/div><div class=\"fg-item fg-type-image fg-loading\"><figure class=\"fg-item-inner\"><a href=\"https:\/\/alpavista.ch\/Alp11\/wp-content\/uploads\/half_mile_bs_024.jpg\" data-caption-title=\"Et quand \u00e7a monte plus, c&#039;est que \u00e7a redescend.\" data-caption-desc=\"Et quand \u00e7a monte plus, c&#039;est que \u00e7a redescend.\" data-attachment-id=\"25216\" data-type=\"image\" class=\"fg-thumb\"><span class=\"fg-image-wrap\"><img src=\"https:\/\/alpavista.ch\/Alp11\/wp-content\/uploads\/cache\/half_mile_bs_024\/4279752929.jpg\" alt=\"half_mile_bs_024\" title=\"Et quand \u00e7a monte plus, c&#039;est que \u00e7a redescend.\" width=\"101\" height=\"57\" class=\"skip-lazy fg-image\" decoding=\"async\" loading=\"lazy\"><\/span><span class=\"fg-image-overlay\"><\/span><\/a><figcaption class=\"fg-caption\"><div class=\"fg-caption-inner\"><div class=\"fg-caption-desc\">Et quand \u00e7a monte plus, c'est que \u00e7a redescend.<\/div><\/div><\/figcaption><\/figure><div class=\"fg-loader\"><\/div><\/div><div class=\"fg-item fg-type-image fg-loading\"><figure class=\"fg-item-inner\"><a href=\"https:\/\/alpavista.ch\/Alp11\/wp-content\/uploads\/half_mile_bs_025.jpg\" data-caption-title=\"Certaines montagnes russes ont choisi de s&#039;installer au pied du Rogneux, histoire de changer  d&#039;air.\" data-caption-desc=\"Certaines montagnes russes ont choisi de s&#039;installer au pied du Rogneux, histoire de changer  d&#039;air.\" data-attachment-id=\"25215\" data-type=\"image\" class=\"fg-thumb\"><span class=\"fg-image-wrap\"><img src=\"https:\/\/alpavista.ch\/Alp11\/wp-content\/uploads\/cache\/half_mile_bs_025\/2552601619.jpg\" alt=\"half_mile_bs_025\" title=\"Certaines montagnes russes ont choisi de s&#039;installer au pied du Rogneux, histoire de changer  d&#039;air.\" width=\"101\" height=\"57\" class=\"skip-lazy fg-image\" decoding=\"async\" loading=\"lazy\"><\/span><span class=\"fg-image-overlay\"><\/span><\/a><figcaption class=\"fg-caption\"><div class=\"fg-caption-inner\"><div class=\"fg-caption-desc\">Certaines montagnes russes ont choisi de s'installer au pied du Rogneux, histoire de changer  d'air.<\/div><\/div><\/figcaption><\/figure><div class=\"fg-loader\"><\/div><\/div><div class=\"fg-item fg-type-image fg-loading\"><figure class=\"fg-item-inner\"><a href=\"https:\/\/alpavista.ch\/Alp11\/wp-content\/uploads\/half_mile_bs_026.jpg\" data-caption-title=\"L&#039;itre de pierre valaisan expliqu\u00e9 aux ressortissants du plat pays.\" data-caption-desc=\"L&#039;itre de pierre valaisan expliqu\u00e9 aux ressortissants du plat pays.\" data-attachment-id=\"25214\" data-type=\"image\" class=\"fg-thumb\"><span class=\"fg-image-wrap\"><img src=\"https:\/\/alpavista.ch\/Alp11\/wp-content\/uploads\/cache\/half_mile_bs_026\/1881319380.jpg\" alt=\"half_mile_bs_026\" title=\"L&#039;itre de pierre valaisan expliqu\u00e9 aux ressortissants du plat pays.\" width=\"101\" height=\"57\" class=\"skip-lazy fg-image\" decoding=\"async\" loading=\"lazy\"><\/span><span class=\"fg-image-overlay\"><\/span><\/a><figcaption class=\"fg-caption\"><div class=\"fg-caption-inner\"><div class=\"fg-caption-desc\">L'itre de pierre valaisan expliqu\u00e9 aux ressortissants du plat pays.<\/div><\/div><\/figcaption><\/figure><div class=\"fg-loader\"><\/div><\/div><div class=\"fg-item fg-type-image fg-loading\"><figure class=\"fg-item-inner\"><a href=\"https:\/\/alpavista.ch\/Alp11\/wp-content\/uploads\/half_mile_bs_027.jpg\" data-caption-title=\"Tant qu&#039;il y aura du chemin et des bugnes ...\" data-caption-desc=\"Tant qu&#039;il y aura du chemin et des bugnes ...\" data-attachment-id=\"25213\" data-type=\"image\" class=\"fg-thumb\"><span class=\"fg-image-wrap\"><img src=\"https:\/\/alpavista.ch\/Alp11\/wp-content\/uploads\/cache\/half_mile_bs_027\/1447106039.jpg\" alt=\"half_mile_bs_027\" title=\"Tant qu&#039;il y aura du chemin et des bugnes ...\" width=\"101\" height=\"57\" class=\"skip-lazy fg-image\" decoding=\"async\" loading=\"lazy\"><\/span><span class=\"fg-image-overlay\"><\/span><\/a><figcaption class=\"fg-caption\"><div class=\"fg-caption-inner\"><div class=\"fg-caption-desc\">Tant qu'il y aura du chemin et des bugnes ...<\/div><\/div><\/figcaption><\/figure><div class=\"fg-loader\"><\/div><\/div><div class=\"fg-item fg-type-image fg-loading\"><figure class=\"fg-item-inner\"><a href=\"https:\/\/alpavista.ch\/Alp11\/wp-content\/uploads\/half_mile_bs_028.jpg\" data-caption-title=\"... il y aura toujours des belges pour se tirer la bourre.\" data-caption-desc=\"... il y aura toujours des belges pour se tirer la bourre.\" data-attachment-id=\"25212\" data-type=\"image\" class=\"fg-thumb\"><span class=\"fg-image-wrap\"><img src=\"https:\/\/alpavista.ch\/Alp11\/wp-content\/uploads\/cache\/half_mile_bs_028\/3924376447.jpg\" alt=\"half_mile_bs_028\" title=\"... il y aura toujours des belges pour se tirer la bourre.\" width=\"101\" height=\"57\" class=\"skip-lazy fg-image\" decoding=\"async\" loading=\"lazy\"><\/span><span class=\"fg-image-overlay\"><\/span><\/a><figcaption class=\"fg-caption\"><div class=\"fg-caption-inner\"><div class=\"fg-caption-desc\">... il y aura toujours des belges pour se tirer la bourre.<\/div><\/div><\/figcaption><\/figure><div class=\"fg-loader\"><\/div><\/div><div class=\"fg-item fg-type-image fg-loading\"><figure class=\"fg-item-inner\"><a href=\"https:\/\/alpavista.ch\/Alp11\/wp-content\/uploads\/half_mile_bs_029.jpg\" data-caption-title=\"Et tant qu&#039;il y aura des combes et des cr\u00eates, il y aura toujours des parties de cheval \u00e0 bascule.\" data-caption-desc=\"Et tant qu&#039;il y aura des combes et des cr\u00eates, il y aura toujours des parties de cheval \u00e0 bascule.\" data-attachment-id=\"25211\" data-type=\"image\" class=\"fg-thumb\"><span class=\"fg-image-wrap\"><img src=\"https:\/\/alpavista.ch\/Alp11\/wp-content\/uploads\/cache\/half_mile_bs_029\/2396749709.jpg\" alt=\"half_mile_bs_029\" title=\"Et tant qu&#039;il y aura des combes et des cr\u00eates, il y aura toujours des parties de cheval \u00e0 bascule.\" width=\"101\" height=\"57\" class=\"skip-lazy fg-image\" decoding=\"async\" loading=\"lazy\"><\/span><span class=\"fg-image-overlay\"><\/span><\/a><figcaption class=\"fg-caption\"><div class=\"fg-caption-inner\"><div class=\"fg-caption-desc\">Et tant qu'il y aura des combes et des cr\u00eates, il y aura toujours des parties de cheval \u00e0 bascule.<\/div><\/div><\/figcaption><\/figure><div class=\"fg-loader\"><\/div><\/div><div class=\"fg-item fg-type-image fg-loading\"><figure class=\"fg-item-inner\"><a href=\"https:\/\/alpavista.ch\/Alp11\/wp-content\/uploads\/half_mile_bs_030.jpg\" data-caption-title=\"Miam, miam, de la moraine glaci\u00e8re.\" data-caption-desc=\"Miam, miam, de la moraine glaci\u00e8re.\" data-attachment-id=\"25210\" data-type=\"image\" class=\"fg-thumb\"><span class=\"fg-image-wrap\"><img src=\"https:\/\/alpavista.ch\/Alp11\/wp-content\/uploads\/cache\/half_mile_bs_030\/3764866241.jpg\" alt=\"half_mile_bs_030\" title=\"Miam, miam, de la moraine glaci\u00e8re.\" width=\"101\" height=\"57\" class=\"skip-lazy fg-image\" decoding=\"async\" loading=\"lazy\"><\/span><span class=\"fg-image-overlay\"><\/span><\/a><figcaption class=\"fg-caption\"><div class=\"fg-caption-inner\"><div class=\"fg-caption-desc\">Miam, miam, de la moraine glaci\u00e8re.<\/div><\/div><\/figcaption><\/figure><div class=\"fg-loader\"><\/div><\/div><div class=\"fg-item fg-type-image fg-loading\"><figure class=\"fg-item-inner\"><a href=\"https:\/\/alpavista.ch\/Alp11\/wp-content\/uploads\/half_mile_bs_031.jpg\" data-caption-title=\"Verbier peut bien briller, les yeux du biker, sur le chemin restent riv\u00e9s.\" data-caption-desc=\"Verbier peut bien briller, les yeux du biker, sur le chemin restent riv\u00e9s.\" data-attachment-id=\"25209\" data-type=\"image\" class=\"fg-thumb\"><span class=\"fg-image-wrap\"><img src=\"https:\/\/alpavista.ch\/Alp11\/wp-content\/uploads\/cache\/half_mile_bs_031\/4102287668.jpg\" alt=\"half_mile_bs_031\" title=\"Verbier peut bien briller, les yeux du biker, sur le chemin restent riv\u00e9s.\" width=\"101\" height=\"57\" class=\"skip-lazy fg-image\" decoding=\"async\" loading=\"lazy\"><\/span><span class=\"fg-image-overlay\"><\/span><\/a><figcaption class=\"fg-caption\"><div class=\"fg-caption-inner\"><div class=\"fg-caption-desc\">Verbier peut bien briller, les yeux du biker, sur le chemin restent riv\u00e9s.<\/div><\/div><\/figcaption><\/figure><div class=\"fg-loader\"><\/div><\/div><div class=\"fg-item fg-type-image fg-loading\"><figure class=\"fg-item-inner\"><a href=\"https:\/\/alpavista.ch\/Alp11\/wp-content\/uploads\/half_mile_bs_032.jpg\" data-caption-title=\"L&#039;Ibis est un oiseau qui ne sait pas voler, mais qui adore carver.\" data-caption-desc=\"L&#039;Ibis est un oiseau qui ne sait pas voler, mais qui adore carver.\" data-attachment-id=\"25208\" data-type=\"image\" class=\"fg-thumb\"><span class=\"fg-image-wrap\"><img src=\"https:\/\/alpavista.ch\/Alp11\/wp-content\/uploads\/cache\/half_mile_bs_032\/478464755.jpg\" alt=\"half_mile_bs_032\" title=\"L&#039;Ibis est un oiseau qui ne sait pas voler, mais qui adore carver.\" width=\"101\" height=\"57\" class=\"skip-lazy fg-image\" decoding=\"async\" loading=\"lazy\"><\/span><span class=\"fg-image-overlay\"><\/span><\/a><figcaption class=\"fg-caption\"><div class=\"fg-caption-inner\"><div class=\"fg-caption-desc\">L'Ibis est un oiseau qui ne sait pas voler, mais qui adore carver.<\/div><\/div><\/figcaption><\/figure><div class=\"fg-loader\"><\/div><\/div><div class=\"fg-item fg-type-image fg-loading\"><figure class=\"fg-item-inner\"><a href=\"https:\/\/alpavista.ch\/Alp11\/wp-content\/uploads\/half_mile_bs_033.jpg\" data-caption-title=\"A peine moins d&#039;angle que le grand Matt (Spe&#039; Hunter).\" data-caption-desc=\"A peine moins d&#039;angle que le grand Matt (Spe&#039; Hunter).\" data-attachment-id=\"25207\" data-type=\"image\" class=\"fg-thumb\"><span class=\"fg-image-wrap\"><img src=\"https:\/\/alpavista.ch\/Alp11\/wp-content\/uploads\/cache\/half_mile_bs_033\/3091502450.jpg\" alt=\"half_mile_bs_033\" title=\"A peine moins d&#039;angle que le grand Matt (Spe&#039; Hunter).\" width=\"101\" height=\"57\" class=\"skip-lazy fg-image\" decoding=\"async\" loading=\"lazy\"><\/span><span class=\"fg-image-overlay\"><\/span><\/a><figcaption class=\"fg-caption\"><div class=\"fg-caption-inner\"><div class=\"fg-caption-desc\">A peine moins d'angle que le grand Matt (Spe' Hunter).<\/div><\/div><\/figcaption><\/figure><div class=\"fg-loader\"><\/div><\/div><div class=\"fg-item fg-type-image fg-loading\"><figure class=\"fg-item-inner\"><a href=\"https:\/\/alpavista.ch\/Alp11\/wp-content\/uploads\/half_mile_bs_034.jpg\" data-caption-title=\"Le tron\u00e7on \u00e9tait d\u00e9j\u00e0 app\u00e9tissant, son chemin refait, il en devient juste d\u00e9lectable.\" data-caption-desc=\"Le tron\u00e7on \u00e9tait d\u00e9j\u00e0 app\u00e9tissant, son chemin refait, il en devient juste d\u00e9lectable.\" data-attachment-id=\"25206\" data-type=\"image\" class=\"fg-thumb\"><span class=\"fg-image-wrap\"><img src=\"https:\/\/alpavista.ch\/Alp11\/wp-content\/uploads\/cache\/half_mile_bs_034\/3557400655.jpg\" alt=\"half_mile_bs_034\" title=\"Le tron\u00e7on \u00e9tait d\u00e9j\u00e0 app\u00e9tissant, son chemin refait, il en devient juste d\u00e9lectable.\" width=\"101\" height=\"57\" class=\"skip-lazy fg-image\" decoding=\"async\" loading=\"lazy\"><\/span><span class=\"fg-image-overlay\"><\/span><\/a><figcaption class=\"fg-caption\"><div class=\"fg-caption-inner\"><div class=\"fg-caption-desc\">Le tron\u00e7on \u00e9tait d\u00e9j\u00e0 app\u00e9tissant, son chemin refait, il en devient juste d\u00e9lectable.<\/div><\/div><\/figcaption><\/figure><div class=\"fg-loader\"><\/div><\/div><div class=\"fg-item fg-type-image fg-loading\"><figure class=\"fg-item-inner\"><a href=\"https:\/\/alpavista.ch\/Alp11\/wp-content\/uploads\/half_mile_bs_035.jpg\" data-caption-title=\"Un Lapierre enfin dans son \u00e9l\u00e9ment, le caillou.\" data-caption-desc=\"Un Lapierre enfin dans son \u00e9l\u00e9ment, le caillou.\" data-attachment-id=\"25205\" data-type=\"image\" class=\"fg-thumb\"><span class=\"fg-image-wrap\"><img src=\"https:\/\/alpavista.ch\/Alp11\/wp-content\/uploads\/cache\/half_mile_bs_035\/3007046845.jpg\" alt=\"half_mile_bs_035\" title=\"Un Lapierre enfin dans son \u00e9l\u00e9ment, le caillou.\" width=\"101\" height=\"57\" class=\"skip-lazy fg-image\" decoding=\"async\" loading=\"lazy\"><\/span><span class=\"fg-image-overlay\"><\/span><\/a><figcaption class=\"fg-caption\"><div class=\"fg-caption-inner\"><div class=\"fg-caption-desc\">Un Lapierre enfin dans son \u00e9l\u00e9ment, le caillou.<\/div><\/div><\/figcaption><\/figure><div class=\"fg-loader\"><\/div><\/div><div class=\"fg-item fg-type-image fg-loading\"><figure class=\"fg-item-inner\"><a href=\"https:\/\/alpavista.ch\/Alp11\/wp-content\/uploads\/half_mile_bs_036.jpg\" data-caption-title=\"Verbier a son bike park, le Rogneux son balcon. A chacun ses valeurs, \u00e0 chacun son chemin.\" data-caption-desc=\"Verbier a son bike park, le Rogneux son balcon. A chacun ses valeurs, \u00e0 chacun son chemin.\" data-attachment-id=\"25204\" data-type=\"image\" class=\"fg-thumb\"><span class=\"fg-image-wrap\"><img src=\"https:\/\/alpavista.ch\/Alp11\/wp-content\/uploads\/cache\/half_mile_bs_036\/1530716026.jpg\" alt=\"half_mile_bs_036\" title=\"Verbier a son bike park, le Rogneux son balcon. A chacun ses valeurs, \u00e0 chacun son chemin.\" width=\"101\" height=\"57\" class=\"skip-lazy fg-image\" decoding=\"async\" loading=\"lazy\"><\/span><span class=\"fg-image-overlay\"><\/span><\/a><figcaption class=\"fg-caption\"><div class=\"fg-caption-inner\"><div class=\"fg-caption-desc\">Verbier a son bike park, le Rogneux son balcon. A chacun ses valeurs, \u00e0 chacun son chemin.<\/div><\/div><\/figcaption><\/figure><div class=\"fg-loader\"><\/div><\/div><div class=\"fg-item fg-type-image fg-loading\"><figure class=\"fg-item-inner\"><a href=\"https:\/\/alpavista.ch\/Alp11\/wp-content\/uploads\/half_mile_bs_037.jpg\" data-caption-title=\"C&#039;est s\u00fbr qu&#039;avec ce sens des trajectoires, \u00e7a va tout de suite moins bien.\" data-caption-desc=\"C&#039;est s\u00fbr qu&#039;avec ce sens des trajectoires, \u00e7a va tout de suite moins bien.\" data-attachment-id=\"25203\" data-type=\"image\" class=\"fg-thumb\"><span class=\"fg-image-wrap\"><img src=\"https:\/\/alpavista.ch\/Alp11\/wp-content\/uploads\/cache\/half_mile_bs_037\/2103405913.jpg\" alt=\"half_mile_bs_037\" title=\"C&#039;est s\u00fbr qu&#039;avec ce sens des trajectoires, \u00e7a va tout de suite moins bien.\" width=\"101\" height=\"57\" class=\"skip-lazy fg-image\" decoding=\"async\" loading=\"lazy\"><\/span><span class=\"fg-image-overlay\"><\/span><\/a><figcaption class=\"fg-caption\"><div class=\"fg-caption-inner\"><div class=\"fg-caption-desc\">C'est s\u00fbr qu'avec ce sens des trajectoires, \u00e7a va tout de suite moins bien.<\/div><\/div><\/figcaption><\/figure><div class=\"fg-loader\"><\/div><\/div><div class=\"fg-item fg-type-image fg-loading\"><figure class=\"fg-item-inner\"><a href=\"https:\/\/alpavista.ch\/Alp11\/wp-content\/uploads\/half_mile_bs_038.jpg\" data-caption-title=\"Le baliseur (re)peint, la caravane (de bikers) passe.\" data-caption-desc=\"Le baliseur (re)peint, la caravane (de bikers) passe.\" data-attachment-id=\"25202\" data-type=\"image\" class=\"fg-thumb\"><span class=\"fg-image-wrap\"><img src=\"https:\/\/alpavista.ch\/Alp11\/wp-content\/uploads\/cache\/half_mile_bs_038\/3270984657.jpg\" alt=\"half_mile_bs_038\" title=\"Le baliseur (re)peint, la caravane (de bikers) passe.\" width=\"101\" height=\"57\" class=\"skip-lazy fg-image\" decoding=\"async\" loading=\"lazy\"><\/span><span class=\"fg-image-overlay\"><\/span><\/a><figcaption class=\"fg-caption\"><div class=\"fg-caption-inner\"><div class=\"fg-caption-desc\">Le baliseur (re)peint, la caravane (de bikers) passe.<\/div><\/div><\/figcaption><\/figure><div class=\"fg-loader\"><\/div><\/div><div class=\"fg-item fg-type-image fg-loading\"><figure class=\"fg-item-inner\"><a href=\"https:\/\/alpavista.ch\/Alp11\/wp-content\/uploads\/half_mile_bs_039.jpg\" data-caption-title=\"Passe, repasse et soudain tr\u00e9passe.\" data-caption-desc=\"Passe, repasse et soudain tr\u00e9passe.\" data-attachment-id=\"25201\" data-type=\"image\" class=\"fg-thumb\"><span class=\"fg-image-wrap\"><img src=\"https:\/\/alpavista.ch\/Alp11\/wp-content\/uploads\/cache\/half_mile_bs_039\/2781153059.jpg\" alt=\"half_mile_bs_039\" title=\"Passe, repasse et soudain tr\u00e9passe.\" width=\"101\" height=\"57\" class=\"skip-lazy fg-image\" decoding=\"async\" loading=\"lazy\"><\/span><span class=\"fg-image-overlay\"><\/span><\/a><figcaption class=\"fg-caption\"><div class=\"fg-caption-inner\"><div class=\"fg-caption-desc\">Passe, repasse et soudain tr\u00e9passe.<\/div><\/div><\/figcaption><\/figure><div class=\"fg-loader\"><\/div><\/div><div class=\"fg-item fg-type-image fg-loading\"><figure class=\"fg-item-inner\"><a href=\"https:\/\/alpavista.ch\/Alp11\/wp-content\/uploads\/half_mile_bs_040.jpg\" data-caption-title=\"La prochaine fois, vire directement ta roue arri\u00e8re. De toute fa\u00e7on, pour ce que tu l&#039;utilises, elle va pas vraiment te manquer.\" data-caption-desc=\"La prochaine fois, vire directement ta roue arri\u00e8re. De toute fa\u00e7on, pour ce que tu l&#039;utilises, elle va pas vraiment te manquer.\" data-attachment-id=\"25200\" data-type=\"image\" class=\"fg-thumb\"><span class=\"fg-image-wrap\"><img src=\"https:\/\/alpavista.ch\/Alp11\/wp-content\/uploads\/cache\/half_mile_bs_040\/3093515749.jpg\" alt=\"half_mile_bs_040\" title=\"La prochaine fois, vire directement ta roue arri\u00e8re. De toute fa\u00e7on, pour ce que tu l&#039;utilises, elle va pas vraiment te manquer.\" width=\"101\" height=\"57\" class=\"skip-lazy fg-image\" decoding=\"async\" loading=\"lazy\"><\/span><span class=\"fg-image-overlay\"><\/span><\/a><figcaption class=\"fg-caption\"><div class=\"fg-caption-inner\"><div class=\"fg-caption-desc\">La prochaine fois, vire directement ta roue arri\u00e8re. De toute fa\u00e7on, pour ce que tu l'utilises, elle va pas vraiment te manquer.<\/div><\/div><\/figcaption><\/figure><div class=\"fg-loader\"><\/div><\/div><div class=\"fg-item fg-type-image fg-loading\"><figure class=\"fg-item-inner\"><a href=\"https:\/\/alpavista.ch\/Alp11\/wp-content\/uploads\/half_mile_bs_041.jpg\" data-caption-title=\"Du bleu qui d\u00e9boule ...\" data-caption-desc=\"Du bleu qui d\u00e9boule ...\" data-attachment-id=\"25199\" data-type=\"image\" class=\"fg-thumb\"><span class=\"fg-image-wrap\"><img src=\"https:\/\/alpavista.ch\/Alp11\/wp-content\/uploads\/cache\/half_mile_bs_041\/740596611.jpg\" alt=\"half_mile_bs_041\" title=\"Du bleu qui d\u00e9boule ...\" width=\"101\" height=\"57\" class=\"skip-lazy fg-image\" decoding=\"async\" loading=\"lazy\"><\/span><span class=\"fg-image-overlay\"><\/span><\/a><figcaption class=\"fg-caption\"><div class=\"fg-caption-inner\"><div class=\"fg-caption-desc\">Du bleu qui d\u00e9boule ...<\/div><\/div><\/figcaption><\/figure><div class=\"fg-loader\"><\/div><\/div><div class=\"fg-item fg-type-image fg-loading\"><figure class=\"fg-item-inner\"><a href=\"https:\/\/alpavista.ch\/Alp11\/wp-content\/uploads\/half_mile_bs_042.jpg\" data-caption-title=\"... et du turquoise en guise de nouveau ciel.\" data-caption-desc=\"... et du turquoise en guise de nouveau ciel.\" data-attachment-id=\"25198\" data-type=\"image\" class=\"fg-thumb\"><span class=\"fg-image-wrap\"><img src=\"https:\/\/alpavista.ch\/Alp11\/wp-content\/uploads\/cache\/half_mile_bs_042\/3290669124.jpg\" alt=\"half_mile_bs_042\" title=\"... et du turquoise en guise de nouveau ciel.\" width=\"101\" height=\"57\" class=\"skip-lazy fg-image\" decoding=\"async\" loading=\"lazy\"><\/span><span class=\"fg-image-overlay\"><\/span><\/a><figcaption class=\"fg-caption\"><div class=\"fg-caption-inner\"><div class=\"fg-caption-desc\">... et du turquoise en guise de nouveau ciel.<\/div><\/div><\/figcaption><\/figure><div class=\"fg-loader\"><\/div><\/div><div class=\"fg-item fg-type-image fg-loading\"><figure class=\"fg-item-inner\"><a href=\"https:\/\/alpavista.ch\/Alp11\/wp-content\/uploads\/half_mile_bs_043.jpg\" data-caption-title=\"Servay s&#039;avance.\" data-caption-desc=\"Servay s&#039;avance.\" data-attachment-id=\"25197\" data-type=\"image\" class=\"fg-thumb\"><span class=\"fg-image-wrap\"><img src=\"https:\/\/alpavista.ch\/Alp11\/wp-content\/uploads\/cache\/half_mile_bs_043\/1625554885.jpg\" alt=\"half_mile_bs_043\" title=\"Servay s&#039;avance.\" width=\"101\" height=\"57\" class=\"skip-lazy fg-image\" decoding=\"async\" loading=\"lazy\"><\/span><span class=\"fg-image-overlay\"><\/span><\/a><figcaption class=\"fg-caption\"><div class=\"fg-caption-inner\"><div class=\"fg-caption-desc\">Servay s'avance.<\/div><\/div><\/figcaption><\/figure><div class=\"fg-loader\"><\/div><\/div><div class=\"fg-item fg-type-image fg-loading\"><figure class=\"fg-item-inner\"><a href=\"https:\/\/alpavista.ch\/Alp11\/wp-content\/uploads\/half_mile_bs_044.jpg\" data-caption-title=\"Les &quot;protec&quot; sont de sortie, la descente finale s&#039;annonce.\" data-caption-desc=\"Les &quot;protec&quot; sont de sortie, la descente finale s&#039;annonce.\" data-attachment-id=\"25196\" data-type=\"image\" class=\"fg-thumb\"><span class=\"fg-image-wrap\"><img src=\"https:\/\/alpavista.ch\/Alp11\/wp-content\/uploads\/cache\/half_mile_bs_044\/212781816.jpg\" alt=\"half_mile_bs_044\" title=\"Les &quot;protec&quot; sont de sortie, la descente finale s&#039;annonce.\" width=\"101\" height=\"57\" class=\"skip-lazy fg-image\" decoding=\"async\" loading=\"lazy\"><\/span><span class=\"fg-image-overlay\"><\/span><\/a><figcaption class=\"fg-caption\"><div class=\"fg-caption-inner\"><div class=\"fg-caption-desc\">Les \"protec\" sont de sortie, la descente finale s'annonce.<\/div><\/div><\/figcaption><\/figure><div class=\"fg-loader\"><\/div><\/div><div class=\"fg-item fg-type-image fg-loading\"><figure class=\"fg-item-inner\"><a href=\"https:\/\/alpavista.ch\/Alp11\/wp-content\/uploads\/half_mile_bs_045.jpg\" data-caption-title=\"La for\u00eat de la Perche en point de mire, et le nez dans son divin chemin.\" data-caption-desc=\"La for\u00eat de la Perche en point de mire, et le nez dans son divin chemin.\" data-attachment-id=\"25195\" data-type=\"image\" class=\"fg-thumb\"><span class=\"fg-image-wrap\"><img src=\"https:\/\/alpavista.ch\/Alp11\/wp-content\/uploads\/cache\/half_mile_bs_045\/1805422090.jpg\" alt=\"half_mile_bs_045\" title=\"La for\u00eat de la Perche en point de mire, et le nez dans son divin chemin.\" width=\"101\" height=\"57\" class=\"skip-lazy fg-image\" decoding=\"async\" loading=\"lazy\"><\/span><span class=\"fg-image-overlay\"><\/span><\/a><figcaption class=\"fg-caption\"><div class=\"fg-caption-inner\"><div class=\"fg-caption-desc\">La for\u00eat de la Perche en point de mire, et le nez dans son divin chemin.<\/div><\/div><\/figcaption><\/figure><div class=\"fg-loader\"><\/div><\/div><div class=\"fg-item fg-type-image fg-loading\"><figure class=\"fg-item-inner\"><a href=\"https:\/\/alpavista.ch\/Alp11\/wp-content\/uploads\/half_mile_bs_046.jpg\" data-caption-title=\"Deux affam\u00e9s en qu\u00eate de nourriture terrestre et sinueuse.\" data-caption-desc=\"Deux affam\u00e9s en qu\u00eate de nourriture terrestre et sinueuse.\" data-attachment-id=\"25194\" data-type=\"image\" class=\"fg-thumb\"><span class=\"fg-image-wrap\"><img src=\"https:\/\/alpavista.ch\/Alp11\/wp-content\/uploads\/cache\/half_mile_bs_046\/2208019917.jpg\" alt=\"half_mile_bs_046\" title=\"Deux affam\u00e9s en qu\u00eate de nourriture terrestre et sinueuse.\" width=\"101\" height=\"57\" class=\"skip-lazy fg-image\" decoding=\"async\" loading=\"lazy\"><\/span><span class=\"fg-image-overlay\"><\/span><\/a><figcaption class=\"fg-caption\"><div class=\"fg-caption-inner\"><div class=\"fg-caption-desc\">Deux affam\u00e9s en qu\u00eate de nourriture terrestre et sinueuse.<\/div><\/div><\/figcaption><\/figure><div class=\"fg-loader\"><\/div><\/div><div class=\"fg-item fg-type-image fg-loading\"><figure class=\"fg-item-inner\"><a href=\"https:\/\/alpavista.ch\/Alp11\/wp-content\/uploads\/half_mile_bs_047.jpg\" data-caption-title=\"L&#039;app\u00e9tit vient en mangeant, dit-on. Pour les belges, ce serait plut\u00f4t en roulant.\" data-caption-desc=\"L&#039;app\u00e9tit vient en mangeant, dit-on. Pour les belges, ce serait plut\u00f4t en roulant.\" data-attachment-id=\"25193\" data-type=\"image\" class=\"fg-thumb\"><span class=\"fg-image-wrap\"><img src=\"https:\/\/alpavista.ch\/Alp11\/wp-content\/uploads\/cache\/half_mile_bs_047\/2784495598.jpg\" alt=\"half_mile_bs_047\" title=\"L&#039;app\u00e9tit vient en mangeant, dit-on. Pour les belges, ce serait plut\u00f4t en roulant.\" width=\"101\" height=\"57\" class=\"skip-lazy fg-image\" decoding=\"async\" loading=\"lazy\"><\/span><span class=\"fg-image-overlay\"><\/span><\/a><figcaption class=\"fg-caption\"><div class=\"fg-caption-inner\"><div class=\"fg-caption-desc\">L'app\u00e9tit vient en mangeant, dit-on. Pour les belges, ce serait plut\u00f4t en roulant.<\/div><\/div><\/figcaption><\/figure><div class=\"fg-loader\"><\/div><\/div><div class=\"fg-item fg-type-image fg-loading\"><figure class=\"fg-item-inner\"><a href=\"https:\/\/alpavista.ch\/Alp11\/wp-content\/uploads\/half_mile_bs_048.jpg\" data-caption-title=\"Maitre Fran\u00e7ois (rien \u00e0 voir avec la br\u00eale de BMC) : du flow et du style (prononcer staile)\" data-caption-desc=\"Maitre Fran\u00e7ois (rien \u00e0 voir avec la br\u00eale de BMC) : du flow et du style (prononcer staile)\" data-attachment-id=\"25192\" data-type=\"image\" class=\"fg-thumb\"><span class=\"fg-image-wrap\"><img src=\"https:\/\/alpavista.ch\/Alp11\/wp-content\/uploads\/cache\/half_mile_bs_048\/441461094.jpg\" alt=\"half_mile_bs_048\" title=\"Maitre Fran\u00e7ois (rien \u00e0 voir avec la br\u00eale de BMC) : du flow et du style (prononcer staile)\" width=\"101\" height=\"57\" class=\"skip-lazy fg-image\" decoding=\"async\" loading=\"lazy\"><\/span><span class=\"fg-image-overlay\"><\/span><\/a><figcaption class=\"fg-caption\"><div class=\"fg-caption-inner\"><div class=\"fg-caption-desc\">Maitre Fran\u00e7ois (rien \u00e0 voir avec la br\u00eale de BMC) : du flow et du style (prononcer staile)<\/div><\/div><\/figcaption><\/figure><div class=\"fg-loader\"><\/div><\/div><div class=\"fg-item fg-type-image fg-loading\"><figure class=\"fg-item-inner\"><a href=\"https:\/\/alpavista.ch\/Alp11\/wp-content\/uploads\/half_mile_bs_049.jpg\" data-caption-title=\"Des Formula fatigu\u00e9s, mais une gestion du virage tout en glisse quand m\u00eame.\" data-caption-desc=\"Des Formula fatigu\u00e9s, mais une gestion du virage tout en glisse quand m\u00eame.\" data-attachment-id=\"25191\" data-type=\"image\" class=\"fg-thumb\"><span class=\"fg-image-wrap\"><img src=\"https:\/\/alpavista.ch\/Alp11\/wp-content\/uploads\/cache\/half_mile_bs_049\/2103602580.jpg\" alt=\"half_mile_bs_049\" title=\"Des Formula fatigu\u00e9s, mais une gestion du virage tout en glisse quand m\u00eame.\" width=\"101\" height=\"57\" class=\"skip-lazy fg-image\" decoding=\"async\" loading=\"lazy\"><\/span><span class=\"fg-image-overlay\"><\/span><\/a><figcaption class=\"fg-caption\"><div class=\"fg-caption-inner\"><div class=\"fg-caption-desc\">Des Formula fatigu\u00e9s, mais une gestion du virage tout en glisse quand m\u00eame.<\/div><\/div><\/figcaption><\/figure><div class=\"fg-loader\"><\/div><\/div><\/div>\n\n<input class=\"fooboxshare_post_id\" type=\"hidden\" value=\"5736\"\/>","protected":false},"excerpt":{"rendered":"<p>La \u00ab Half Mile \u00bb version belge, c\u2019est un peu comme notre \u00ab demi-Mille \u00bb habituelle, mais avec des mots que t\u2019as jamais entendus, des expressions que tu comprends pas, mais qui te font rire, une gestion des trajectoires humides que t\u2019avais jamais vues et une approche des zones de gadoue aussi inn\u00e9e qu\u2019improbable. Bref, c\u2019est comme si tu transportais les chemins alpins au plat pays, mais sans le plat. Tu p\u00e9dales un peu, tu ris beaucoup et tu pilotes [&hellip;]<\/p>\n","protected":false},"author":2,"featured_media":6187,"comment_status":"open","ping_status":"open","sticky":false,"template":"","format":"standard","meta":{"footnotes":""},"categories":[658,4],"tags":[1079,1240,1364,1180,1294,1558,1148,1559,1560,1241],"class_list":["post-5736","post","type-post","status-publish","format-standard","has-post-thumbnail","hentry","category-outdoor","category-vtt","tag-bagnes","tag-bruson","tag-col-de-mille","tag-dranse","tag-lourtier","tag-moay","tag-orsieres","tag-payanne","tag-servay","tag-six-blanc"],"_links":{"self":[{"href":"https:\/\/alpavista.ch\/Alp11\/wp-json\/wp\/v2\/posts\/5736","targetHints":{"allow":["GET"]}}],"collection":[{"href":"https:\/\/alpavista.ch\/Alp11\/wp-json\/wp\/v2\/posts"}],"about":[{"href":"https:\/\/alpavista.ch\/Alp11\/wp-json\/wp\/v2\/types\/post"}],"author":[{"embeddable":true,"href":"https:\/\/alpavista.ch\/Alp11\/wp-json\/wp\/v2\/users\/2"}],"replies":[{"embeddable":true,"href":"https:\/\/alpavista.ch\/Alp11\/wp-json\/wp\/v2\/comments?post=5736"}],"version-history":[{"count":0,"href":"https:\/\/alpavista.ch\/Alp11\/wp-json\/wp\/v2\/posts\/5736\/revisions"}],"wp:attachment":[{"href":"https:\/\/alpavista.ch\/Alp11\/wp-json\/wp\/v2\/media?parent=5736"}],"wp:term":[{"taxonomy":"category","embeddable":true,"href":"https:\/\/alpavista.ch\/Alp11\/wp-json\/wp\/v2\/categories?post=5736"},{"taxonomy":"post_tag","embeddable":true,"href":"https:\/\/alpavista.ch\/Alp11\/wp-json\/wp\/v2\/tags?post=5736"}],"curies":[{"name":"wp","href":"https:\/\/api.w.org\/{rel}","templated":true}]}}