{"id":5842,"date":"2015-06-12T17:33:48","date_gmt":"2015-06-12T16:33:48","guid":{"rendered":"http:\/\/www.alpavista.ch\/Alp11\/?p=5842"},"modified":"2022-12-09T17:41:04","modified_gmt":"2022-12-09T16:41:04","slug":"half-mile-2015","status":"publish","type":"post","link":"https:\/\/alpavista.ch\/Alp11\/2015\/06\/12\/half-mile-2015\/","title":{"rendered":"Half Mile 2015"},"content":{"rendered":"<p>Pour passer du cocktail de notre semaine pass\u00e9e, rochers, poussi\u00e8re, caillasse instable et enduro, \u00e0 notre menu habituel, terre, cailloux fixes, alpages et all-mountain, le plus dur n&rsquo;a pas \u00e9t\u00e9 de devoir nous remettre \u00e0 p\u00e9daler (s\u00e9rieusement), mais bien d\u2019avoir \u00e0 ressortir notre coupe-vent. En effet, si on avait pu le faire, on aurait bien rajouter un peu de soleil andalous \u00e0 ce vendredi gris, terne, venteux et humide.<br \/>\n<!--more--><\/p>\n<p>M\u00eame si le d\u00e9sormais c\u00e9l\u00e8bre \u00ab Half Mile \u00bb reste un itin\u00e9raire incroyablement \u00ab single-trackeux \u00bb et gratifiant, quelque degr\u00e9s en plus et quelques gouttes en moins nous auraient certainement aid\u00e9 \u00e0 appr\u00e9cier encore un peu plus le retour sur la terre meuble et souple de ses superbes chemins, tout comme ses longues ascensions en selle, \u00e0 travers ses vastes et grasses p\u00e2tures verdoyantes.<\/p>\n<p>Finalement, on aurait tord de se plaindre. Avoir un tel terrain de jeu sur le pas de notre porte reste un privil\u00e8ge dont peu de \u00ab bikers \u00bb peuvent se pr\u00e9valoir. Reste que si on pouvait combiner topographie alpine et m\u00e9t\u00e9o andalouse, on ne serait pas loin d\u2019obtenir le \u00ab must \u00bb absolu.<\/p>\n<style type=\"text\/css\">\n#foogallery-gallery-36766 .fg-image { width: 101px; }\n#foogallery-gallery-36766 { --fg-gutter: 1px; }<\/style>\n\t\t\t<div class=\"foogallery foogallery-container foogallery-default foogallery-lightbox-none fg-left fg-default fg-ready fg-light fg-loading-default fg-loaded-fade-in fg-preset fg-selena fg-preset-small fg-preset fg-selena fg-preset-small\" id=\"foogallery-gallery-36766\" data-foogallery=\"{&quot;item&quot;:{&quot;showCaptionTitle&quot;:false,&quot;showCaptionDescription&quot;:true},&quot;lazy&quot;:true,&quot;src&quot;:&quot;src&quot;,&quot;srcset&quot;:&quot;srcset&quot;,&quot;state&quot;:{&quot;enabled&quot;:true,&quot;mask&quot;:&quot;foogallery-{id}&quot;}}\" style=\"--fg-title-line-clamp: 0; --fg-description-line-clamp: 0;\" >\n\t<div class=\"fg-item fg-type-image fg-loading\"><figure class=\"fg-item-inner\"><a href=\"https:\/\/alpavista.ch\/Alp11\/wp-content\/uploads\/half_mile_15_001.jpg\" data-caption-title=\"Un petit matin gris qui n&#039;incite pas \u00e0 la baignade.\" data-caption-desc=\"Un petit matin gris qui n&#039;incite pas \u00e0 la baignade.\" data-attachment-id=\"36794\" data-type=\"image\" class=\"fg-thumb\"><span class=\"fg-image-wrap\"><img src=\"https:\/\/alpavista.ch\/Alp11\/wp-content\/uploads\/cache\/half_mile_15_001\/304330669.jpg\" alt=\"half_mile_15_001\" title=\"Un petit matin gris qui n&#039;incite pas \u00e0 la baignade.\" width=\"101\" height=\"57\" class=\"skip-lazy fg-image\" decoding=\"async\" loading=\"lazy\"><\/span><span class=\"fg-image-overlay\"><\/span><\/a><figcaption class=\"fg-caption\"><div class=\"fg-caption-inner\"><div class=\"fg-caption-desc\">Un petit matin gris qui n'incite pas \u00e0 la baignade.<\/div><\/div><\/figcaption><\/figure><div class=\"fg-loader\"><\/div><\/div><div class=\"fg-item fg-type-image fg-loading\"><figure class=\"fg-item-inner\"><a href=\"https:\/\/alpavista.ch\/Alp11\/wp-content\/uploads\/half_mile_15_002.jpg\" data-caption-title=\"La croix du Six-Blanc se rapproche, mais le fort vent de face ne facilite pas vraiment notre ascension.\" data-caption-desc=\"La croix du Six-Blanc se rapproche, mais le fort vent de face ne facilite pas vraiment notre ascension.\" data-attachment-id=\"36793\" data-type=\"image\" class=\"fg-thumb\"><span class=\"fg-image-wrap\"><img src=\"https:\/\/alpavista.ch\/Alp11\/wp-content\/uploads\/cache\/half_mile_15_002\/1986331379.jpg\" alt=\"half_mile_15_002\" title=\"La croix du Six-Blanc se rapproche, mais le fort vent de face ne facilite pas vraiment notre ascension.\" width=\"101\" height=\"57\" class=\"skip-lazy fg-image\" decoding=\"async\" loading=\"lazy\"><\/span><span class=\"fg-image-overlay\"><\/span><\/a><figcaption class=\"fg-caption\"><div class=\"fg-caption-inner\"><div class=\"fg-caption-desc\">La croix du Six-Blanc se rapproche, mais le fort vent de face ne facilite pas vraiment notre ascension.<\/div><\/div><\/figcaption><\/figure><div class=\"fg-loader\"><\/div><\/div><div class=\"fg-item fg-type-image fg-loading\"><figure class=\"fg-item-inner\"><a href=\"https:\/\/alpavista.ch\/Alp11\/wp-content\/uploads\/half_mile_15_003.jpg\" data-caption-title=\"Sur les cr\u00eates, il est m\u00eame temp\u00e9tueux. Le dernier raidard n&#039;en devient que plus m\u00e9ritoire encore.\" data-caption-desc=\"Sur les cr\u00eates, il est m\u00eame temp\u00e9tueux. Le dernier raidard n&#039;en devient que plus m\u00e9ritoire encore.\" data-attachment-id=\"36792\" data-type=\"image\" class=\"fg-thumb\"><span class=\"fg-image-wrap\"><img src=\"https:\/\/alpavista.ch\/Alp11\/wp-content\/uploads\/cache\/half_mile_15_003\/3695656521.jpg\" alt=\"half_mile_15_003\" title=\"Sur les cr\u00eates, il est m\u00eame temp\u00e9tueux. Le dernier raidard n&#039;en devient que plus m\u00e9ritoire encore.\" width=\"101\" height=\"57\" class=\"skip-lazy fg-image\" decoding=\"async\" loading=\"lazy\"><\/span><span class=\"fg-image-overlay\"><\/span><\/a><figcaption class=\"fg-caption\"><div class=\"fg-caption-inner\"><div class=\"fg-caption-desc\">Sur les cr\u00eates, il est m\u00eame temp\u00e9tueux. Le dernier raidard n'en devient que plus m\u00e9ritoire encore.<\/div><\/div><\/figcaption><\/figure><div class=\"fg-loader\"><\/div><\/div><div class=\"fg-item fg-type-image fg-loading\"><figure class=\"fg-item-inner\"><a href=\"https:\/\/alpavista.ch\/Alp11\/wp-content\/uploads\/half_mile_15_004.jpg\" data-caption-title=\"Terre meuble, mais humide et p\u00e2tures verdoyantes et grasses.\" data-caption-desc=\"Terre meuble, mais humide et p\u00e2tures verdoyantes et grasses.\" data-attachment-id=\"36791\" data-type=\"image\" class=\"fg-thumb\"><span class=\"fg-image-wrap\"><img src=\"https:\/\/alpavista.ch\/Alp11\/wp-content\/uploads\/cache\/half_mile_15_004\/2098885436.jpg\" alt=\"half_mile_15_004\" title=\"Terre meuble, mais humide et p\u00e2tures verdoyantes et grasses.\" width=\"101\" height=\"57\" class=\"skip-lazy fg-image\" decoding=\"async\" loading=\"lazy\"><\/span><span class=\"fg-image-overlay\"><\/span><\/a><figcaption class=\"fg-caption\"><div class=\"fg-caption-inner\"><div class=\"fg-caption-desc\">Terre meuble, mais humide et p\u00e2tures verdoyantes et grasses.<\/div><\/div><\/figcaption><\/figure><div class=\"fg-loader\"><\/div><\/div><div class=\"fg-item fg-type-image fg-loading\"><figure class=\"fg-item-inner\"><a href=\"https:\/\/alpavista.ch\/Alp11\/wp-content\/uploads\/half_mile_15_005.jpg\" data-caption-title=\"Le d\u00e9cor est plant\u00e9, ne reste plus qu&#039;\u00e0 trouver le bon souffle pour magnifier cette symphonie pastorale.\" data-caption-desc=\"Le d\u00e9cor est plant\u00e9, ne reste plus qu&#039;\u00e0 trouver le bon souffle pour magnifier cette symphonie pastorale.\" data-attachment-id=\"36790\" data-type=\"image\" class=\"fg-thumb\"><span class=\"fg-image-wrap\"><img src=\"https:\/\/alpavista.ch\/Alp11\/wp-content\/uploads\/cache\/half_mile_15_005\/3610791814.jpg\" alt=\"half_mile_15_005\" title=\"Le d\u00e9cor est plant\u00e9, ne reste plus qu&#039;\u00e0 trouver le bon souffle pour magnifier cette symphonie pastorale.\" width=\"101\" height=\"57\" class=\"skip-lazy fg-image\" decoding=\"async\" loading=\"lazy\"><\/span><span class=\"fg-image-overlay\"><\/span><\/a><figcaption class=\"fg-caption\"><div class=\"fg-caption-inner\"><div class=\"fg-caption-desc\">Le d\u00e9cor est plant\u00e9, ne reste plus qu'\u00e0 trouver le bon souffle pour magnifier cette symphonie pastorale.<\/div><\/div><\/figcaption><\/figure><div class=\"fg-loader\"><\/div><\/div><div class=\"fg-item fg-type-image fg-loading\"><figure class=\"fg-item-inner\"><a href=\"https:\/\/alpavista.ch\/Alp11\/wp-content\/uploads\/half_mile_15_006.jpg\" data-caption-title=\"Le plus beau chemin \u00e0 flanc de la vall\u00e9e ?\" data-caption-desc=\"Le plus beau chemin \u00e0 flanc de la vall\u00e9e ?\" data-attachment-id=\"36789\" data-type=\"image\" class=\"fg-thumb\"><span class=\"fg-image-wrap\"><img src=\"https:\/\/alpavista.ch\/Alp11\/wp-content\/uploads\/cache\/half_mile_15_006\/2180642062.jpg\" alt=\"half_mile_15_006\" title=\"Le plus beau chemin \u00e0 flanc de la vall\u00e9e ?\" width=\"101\" height=\"57\" class=\"skip-lazy fg-image\" decoding=\"async\" loading=\"lazy\"><\/span><span class=\"fg-image-overlay\"><\/span><\/a><figcaption class=\"fg-caption\"><div class=\"fg-caption-inner\"><div class=\"fg-caption-desc\">Le plus beau chemin \u00e0 flanc de la vall\u00e9e ?<\/div><\/div><\/figcaption><\/figure><div class=\"fg-loader\"><\/div><\/div><div class=\"fg-item fg-type-image fg-loading\"><figure class=\"fg-item-inner\"><a href=\"https:\/\/alpavista.ch\/Alp11\/wp-content\/uploads\/half_mile_15_007.jpg\" data-caption-title=\"Peut-\u00eatre pas, mais assur\u00e9ment le mieux am\u00e9nag\u00e9 !\" data-caption-desc=\"Peut-\u00eatre pas, mais assur\u00e9ment le mieux am\u00e9nag\u00e9 !\" data-attachment-id=\"36788\" data-type=\"image\" class=\"fg-thumb\"><span class=\"fg-image-wrap\"><img src=\"https:\/\/alpavista.ch\/Alp11\/wp-content\/uploads\/cache\/half_mile_15_007\/735824308.jpg\" alt=\"half_mile_15_007\" title=\"Peut-\u00eatre pas, mais assur\u00e9ment le mieux am\u00e9nag\u00e9 !\" width=\"101\" height=\"57\" class=\"skip-lazy fg-image\" decoding=\"async\" loading=\"lazy\"><\/span><span class=\"fg-image-overlay\"><\/span><\/a><figcaption class=\"fg-caption\"><div class=\"fg-caption-inner\"><div class=\"fg-caption-desc\">Peut-\u00eatre pas, mais assur\u00e9ment le mieux am\u00e9nag\u00e9 !<\/div><\/div><\/figcaption><\/figure><div class=\"fg-loader\"><\/div><\/div><div class=\"fg-item fg-type-image fg-loading\"><figure class=\"fg-item-inner\"><a href=\"https:\/\/alpavista.ch\/Alp11\/wp-content\/uploads\/half_mile_15_008.jpg\" data-caption-title=\"Son horizontalit\u00e9 n&#039;est que visuelle. Une fois en selle ses nombreux coups-de-culs ne vous laisseront que peu de r\u00e9pit.\" data-caption-desc=\"Son horizontalit\u00e9 n&#039;est que visuelle. Une fois en selle ses nombreux coups-de-culs ne vous laisseront que peu de r\u00e9pit.\" data-attachment-id=\"36787\" data-type=\"image\" class=\"fg-thumb\"><span class=\"fg-image-wrap\"><img src=\"https:\/\/alpavista.ch\/Alp11\/wp-content\/uploads\/cache\/half_mile_15_008\/2593227783.jpg\" alt=\"half_mile_15_008\" title=\"Son horizontalit\u00e9 n&#039;est que visuelle. Une fois en selle ses nombreux coups-de-culs ne vous laisseront que peu de r\u00e9pit.\" width=\"101\" height=\"57\" class=\"skip-lazy fg-image\" decoding=\"async\" loading=\"lazy\"><\/span><span class=\"fg-image-overlay\"><\/span><\/a><figcaption class=\"fg-caption\"><div class=\"fg-caption-inner\"><div class=\"fg-caption-desc\">Son horizontalit\u00e9 n'est que visuelle. Une fois en selle ses nombreux coups-de-culs ne vous laisseront que peu de r\u00e9pit.<\/div><\/div><\/figcaption><\/figure><div class=\"fg-loader\"><\/div><\/div><div class=\"fg-item fg-type-image fg-loading\"><figure class=\"fg-item-inner\"><a href=\"https:\/\/alpavista.ch\/Alp11\/wp-content\/uploads\/half_mile_15_009.jpg\" data-caption-title=\"Une photo \u00e0 la JP sans JP.\" data-caption-desc=\"Une photo \u00e0 la JP sans JP.\" data-attachment-id=\"36786\" data-type=\"image\" class=\"fg-thumb\"><span class=\"fg-image-wrap\"><img src=\"https:\/\/alpavista.ch\/Alp11\/wp-content\/uploads\/cache\/half_mile_15_009\/817084605.jpg\" alt=\"half_mile_15_009\" title=\"Une photo \u00e0 la JP sans JP.\" width=\"101\" height=\"57\" class=\"skip-lazy fg-image\" decoding=\"async\" loading=\"lazy\"><\/span><span class=\"fg-image-overlay\"><\/span><\/a><figcaption class=\"fg-caption\"><div class=\"fg-caption-inner\"><div class=\"fg-caption-desc\">Une photo \u00e0 la JP sans JP.<\/div><\/div><\/figcaption><\/figure><div class=\"fg-loader\"><\/div><\/div><div class=\"fg-item fg-type-image fg-loading\"><figure class=\"fg-item-inner\"><a href=\"https:\/\/alpavista.ch\/Alp11\/wp-content\/uploads\/half_mile_15_010.jpg\" data-caption-title=\"Le petit portage qui va bien pour changer de p\u00e2turage.\" data-caption-desc=\"Le petit portage qui va bien pour changer de p\u00e2turage.\" data-attachment-id=\"36785\" data-type=\"image\" class=\"fg-thumb\"><span class=\"fg-image-wrap\"><img src=\"https:\/\/alpavista.ch\/Alp11\/wp-content\/uploads\/cache\/half_mile_15_010\/2468344761.jpg\" alt=\"half_mile_15_010\" title=\"Le petit portage qui va bien pour changer de p\u00e2turage.\" width=\"101\" height=\"57\" class=\"skip-lazy fg-image\" decoding=\"async\" loading=\"lazy\"><\/span><span class=\"fg-image-overlay\"><\/span><\/a><figcaption class=\"fg-caption\"><div class=\"fg-caption-inner\"><div class=\"fg-caption-desc\">Le petit portage qui va bien pour changer de p\u00e2turage.<\/div><\/div><\/figcaption><\/figure><div class=\"fg-loader\"><\/div><\/div><div class=\"fg-item fg-type-image fg-loading\"><figure class=\"fg-item-inner\"><a href=\"https:\/\/alpavista.ch\/Alp11\/wp-content\/uploads\/half_mile_15_011.jpg\" data-caption-title=\"Et le petit chemin qui va bien pour \u00e9changer nos montures.\" data-caption-desc=\"Et le petit chemin qui va bien pour \u00e9changer nos montures.\" data-attachment-id=\"36784\" data-type=\"image\" class=\"fg-thumb\"><span class=\"fg-image-wrap\"><img src=\"https:\/\/alpavista.ch\/Alp11\/wp-content\/uploads\/cache\/half_mile_15_011\/960352003.jpg\" alt=\"half_mile_15_011\" title=\"Et le petit chemin qui va bien pour \u00e9changer nos montures.\" width=\"101\" height=\"57\" class=\"skip-lazy fg-image\" decoding=\"async\" loading=\"lazy\"><\/span><span class=\"fg-image-overlay\"><\/span><\/a><figcaption class=\"fg-caption\"><div class=\"fg-caption-inner\"><div class=\"fg-caption-desc\">Et le petit chemin qui va bien pour \u00e9changer nos montures.<\/div><\/div><\/figcaption><\/figure><div class=\"fg-loader\"><\/div><\/div><div class=\"fg-item fg-type-image fg-loading\"><figure class=\"fg-item-inner\"><a href=\"https:\/\/alpavista.ch\/Alp11\/wp-content\/uploads\/half_mile_15_012.jpg\" data-caption-title=\"Les combes du Mont-Rogneux sont aussi profondes que nombreuses...\" data-caption-desc=\"Les combes du Mont-Rogneux sont aussi profondes que nombreuses...\" data-attachment-id=\"36783\" data-type=\"image\" class=\"fg-thumb\"><span class=\"fg-image-wrap\"><img src=\"https:\/\/alpavista.ch\/Alp11\/wp-content\/uploads\/cache\/half_mile_15_012\/1568373341.jpg\" alt=\"half_mile_15_012\" title=\"Les combes du Mont-Rogneux sont aussi profondes que nombreuses...\" width=\"101\" height=\"57\" class=\"skip-lazy fg-image\" decoding=\"async\" loading=\"lazy\"><\/span><span class=\"fg-image-overlay\"><\/span><\/a><figcaption class=\"fg-caption\"><div class=\"fg-caption-inner\"><div class=\"fg-caption-desc\">Les combes du Mont-Rogneux sont aussi profondes que nombreuses...<\/div><\/div><\/figcaption><\/figure><div class=\"fg-loader\"><\/div><\/div><div class=\"fg-item fg-type-image fg-loading\"><figure class=\"fg-item-inner\"><a href=\"https:\/\/alpavista.ch\/Alp11\/wp-content\/uploads\/half_mile_15_013.jpg\" data-caption-title=\"... et encore souvent remplies de restes d&#039;avalanche \u00e0 cette saison.\" data-caption-desc=\"... et encore souvent remplies de restes d&#039;avalanche \u00e0 cette saison.\" data-attachment-id=\"36782\" data-type=\"image\" class=\"fg-thumb\"><span class=\"fg-image-wrap\"><img src=\"https:\/\/alpavista.ch\/Alp11\/wp-content\/uploads\/cache\/half_mile_15_013\/4149823207.jpg\" alt=\"half_mile_15_013\" title=\"... et encore souvent remplies de restes d&#039;avalanche \u00e0 cette saison.\" width=\"101\" height=\"57\" class=\"skip-lazy fg-image\" decoding=\"async\" loading=\"lazy\"><\/span><span class=\"fg-image-overlay\"><\/span><\/a><figcaption class=\"fg-caption\"><div class=\"fg-caption-inner\"><div class=\"fg-caption-desc\">... et encore souvent remplies de restes d'avalanche \u00e0 cette saison.<\/div><\/div><\/figcaption><\/figure><div class=\"fg-loader\"><\/div><\/div><div class=\"fg-item fg-type-image fg-loading\"><figure class=\"fg-item-inner\"><a href=\"https:\/\/alpavista.ch\/Alp11\/wp-content\/uploads\/half_mile_15_014.jpg\" data-caption-title=\"Concerto pour une moraine et un sentier. Du grand art !\" data-caption-desc=\"Concerto pour une moraine et un sentier. Du grand art !\" data-attachment-id=\"36781\" data-type=\"image\" class=\"fg-thumb\"><span class=\"fg-image-wrap\"><img src=\"https:\/\/alpavista.ch\/Alp11\/wp-content\/uploads\/cache\/half_mile_15_014\/1443105682.jpg\" alt=\"half_mile_15_014\" title=\"Concerto pour une moraine et un sentier. Du grand art !\" width=\"101\" height=\"57\" class=\"skip-lazy fg-image\" decoding=\"async\" loading=\"lazy\"><\/span><span class=\"fg-image-overlay\"><\/span><\/a><figcaption class=\"fg-caption\"><div class=\"fg-caption-inner\"><div class=\"fg-caption-desc\">Concerto pour une moraine et un sentier. Du grand art !<\/div><\/div><\/figcaption><\/figure><div class=\"fg-loader\"><\/div><\/div><div class=\"fg-item fg-type-image fg-loading\"><figure class=\"fg-item-inner\"><a href=\"https:\/\/alpavista.ch\/Alp11\/wp-content\/uploads\/half_mile_15_015.jpg\" data-caption-title=\"Dont il faut savoir \u00eatre \u00e0 la hauteur.\" data-caption-desc=\"Dont il faut savoir \u00eatre \u00e0 la hauteur.\" data-attachment-id=\"36780\" data-type=\"image\" class=\"fg-thumb\"><span class=\"fg-image-wrap\"><img src=\"https:\/\/alpavista.ch\/Alp11\/wp-content\/uploads\/cache\/half_mile_15_015\/4230362920.jpg\" alt=\"half_mile_15_015\" title=\"Dont il faut savoir \u00eatre \u00e0 la hauteur.\" width=\"101\" height=\"57\" class=\"skip-lazy fg-image\" decoding=\"async\" loading=\"lazy\"><\/span><span class=\"fg-image-overlay\"><\/span><\/a><figcaption class=\"fg-caption\"><div class=\"fg-caption-inner\"><div class=\"fg-caption-desc\">Dont il faut savoir \u00eatre \u00e0 la hauteur.<\/div><\/div><\/figcaption><\/figure><div class=\"fg-loader\"><\/div><\/div><div class=\"fg-item fg-type-image fg-loading\"><figure class=\"fg-item-inner\"><a href=\"https:\/\/alpavista.ch\/Alp11\/wp-content\/uploads\/half_mile_15_016.jpg\" data-caption-title=\"Apr\u00e8s une semaine de caillasse andalouse, la travers\u00e9e des pierriers de Mortay s&#039;apparente \u00e0 une simple plaisanterie.\" data-caption-desc=\"Apr\u00e8s une semaine de caillasse andalouse, la travers\u00e9e des pierriers de Mortay s&#039;apparente \u00e0 une simple plaisanterie.\" data-attachment-id=\"36779\" data-type=\"image\" class=\"fg-thumb\"><span class=\"fg-image-wrap\"><img src=\"https:\/\/alpavista.ch\/Alp11\/wp-content\/uploads\/cache\/half_mile_15_016\/467830503.jpg\" alt=\"half_mile_15_016\" title=\"Apr\u00e8s une semaine de caillasse andalouse, la travers\u00e9e des pierriers de Mortay s&#039;apparente \u00e0 une simple plaisanterie.\" width=\"101\" height=\"57\" class=\"skip-lazy fg-image\" decoding=\"async\" loading=\"lazy\"><\/span><span class=\"fg-image-overlay\"><\/span><\/a><figcaption class=\"fg-caption\"><div class=\"fg-caption-inner\"><div class=\"fg-caption-desc\">Apr\u00e8s une semaine de caillasse andalouse, la travers\u00e9e des pierriers de Mortay s'apparente \u00e0 une simple plaisanterie.<\/div><\/div><\/figcaption><\/figure><div class=\"fg-loader\"><\/div><\/div><div class=\"fg-item fg-type-image fg-loading\"><figure class=\"fg-item-inner\"><a href=\"https:\/\/alpavista.ch\/Alp11\/wp-content\/uploads\/half_mile_15_017.jpg\" data-caption-title=\"Que de vert !\" data-caption-desc=\"Que de vert !\" data-attachment-id=\"36778\" data-type=\"image\" class=\"fg-thumb\"><span class=\"fg-image-wrap\"><img src=\"https:\/\/alpavista.ch\/Alp11\/wp-content\/uploads\/cache\/half_mile_15_017\/2982197853.jpg\" alt=\"half_mile_15_017\" title=\"Que de vert !\" width=\"101\" height=\"57\" class=\"skip-lazy fg-image\" decoding=\"async\" loading=\"lazy\"><\/span><span class=\"fg-image-overlay\"><\/span><\/a><figcaption class=\"fg-caption\"><div class=\"fg-caption-inner\"><div class=\"fg-caption-desc\">Que de vert !<\/div><\/div><\/figcaption><\/figure><div class=\"fg-loader\"><\/div><\/div><div class=\"fg-item fg-type-image fg-loading\"><figure class=\"fg-item-inner\"><a href=\"https:\/\/alpavista.ch\/Alp11\/wp-content\/uploads\/half_mile_15_018.jpg\" data-caption-title=\"La neige \u00e0 peine fondue, l&#039;herbe reprend le dessus.\" data-caption-desc=\"La neige \u00e0 peine fondue, l&#039;herbe reprend le dessus.\" data-attachment-id=\"36777\" data-type=\"image\" class=\"fg-thumb\"><span class=\"fg-image-wrap\"><img src=\"https:\/\/alpavista.ch\/Alp11\/wp-content\/uploads\/cache\/half_mile_15_018\/9107438.jpg\" alt=\"half_mile_15_018\" title=\"La neige \u00e0 peine fondue, l&#039;herbe reprend le dessus.\" width=\"101\" height=\"57\" class=\"skip-lazy fg-image\" decoding=\"async\" loading=\"lazy\"><\/span><span class=\"fg-image-overlay\"><\/span><\/a><figcaption class=\"fg-caption\"><div class=\"fg-caption-inner\"><div class=\"fg-caption-desc\">La neige \u00e0 peine fondue, l'herbe reprend le dessus.<\/div><\/div><\/figcaption><\/figure><div class=\"fg-loader\"><\/div><\/div><div class=\"fg-item fg-type-image fg-loading\"><figure class=\"fg-item-inner\"><a href=\"https:\/\/alpavista.ch\/Alp11\/wp-content\/uploads\/half_mile_15_019.jpg\" data-caption-title=\"La remont\u00e9e vers Servay, exigeante, tortueuse, mais tellement gratifiante.\" data-caption-desc=\"La remont\u00e9e vers Servay, exigeante, tortueuse, mais tellement gratifiante.\" data-attachment-id=\"36776\" data-type=\"image\" class=\"fg-thumb\"><span class=\"fg-image-wrap\"><img src=\"https:\/\/alpavista.ch\/Alp11\/wp-content\/uploads\/cache\/half_mile_15_019\/2863188820.jpg\" alt=\"half_mile_15_019\" title=\"La remont\u00e9e vers Servay, exigeante, tortueuse, mais tellement gratifiante.\" width=\"101\" height=\"57\" class=\"skip-lazy fg-image\" decoding=\"async\" loading=\"lazy\"><\/span><span class=\"fg-image-overlay\"><\/span><\/a><figcaption class=\"fg-caption\"><div class=\"fg-caption-inner\"><div class=\"fg-caption-desc\">La remont\u00e9e vers Servay, exigeante, tortueuse, mais tellement gratifiante.<\/div><\/div><\/figcaption><\/figure><div class=\"fg-loader\"><\/div><\/div><div class=\"fg-item fg-type-image fg-loading\"><figure class=\"fg-item-inner\"><a href=\"https:\/\/alpavista.ch\/Alp11\/wp-content\/uploads\/half_mile_15_020.jpg\" data-caption-title=\"Tout comme la (trop) br\u00e8ve descente qui suit.\" data-caption-desc=\"Tout comme la (trop) br\u00e8ve descente qui suit.\" data-attachment-id=\"36775\" data-type=\"image\" class=\"fg-thumb\"><span class=\"fg-image-wrap\"><img src=\"https:\/\/alpavista.ch\/Alp11\/wp-content\/uploads\/cache\/half_mile_15_020\/670214358.jpg\" alt=\"half_mile_15_020\" title=\"Tout comme la (trop) br\u00e8ve descente qui suit.\" width=\"101\" height=\"57\" class=\"skip-lazy fg-image\" decoding=\"async\" loading=\"lazy\"><\/span><span class=\"fg-image-overlay\"><\/span><\/a><figcaption class=\"fg-caption\"><div class=\"fg-caption-inner\"><div class=\"fg-caption-desc\">Tout comme la (trop) br\u00e8ve descente qui suit.<\/div><\/div><\/figcaption><\/figure><div class=\"fg-loader\"><\/div><\/div><div class=\"fg-item fg-type-image fg-loading\"><figure class=\"fg-item-inner\"><a href=\"https:\/\/alpavista.ch\/Alp11\/wp-content\/uploads\/half_mile_15_021.jpg\" data-caption-title=\"Une peu de turquoise du Colorado devant du vert \u00e9meraude alpin. Ou quand la mondialisation a aussi du bon.\" data-caption-desc=\"Une peu de turquoise du Colorado devant du vert \u00e9meraude alpin. Ou quand la mondialisation a aussi du bon.\" data-attachment-id=\"36774\" data-type=\"image\" class=\"fg-thumb\"><span class=\"fg-image-wrap\"><img src=\"https:\/\/alpavista.ch\/Alp11\/wp-content\/uploads\/cache\/half_mile_15_021\/2379256940.jpg\" alt=\"half_mile_15_021\" title=\"Une peu de turquoise du Colorado devant du vert \u00e9meraude alpin. Ou quand la mondialisation a aussi du bon.\" width=\"101\" height=\"57\" class=\"skip-lazy fg-image\" decoding=\"async\" loading=\"lazy\"><\/span><span class=\"fg-image-overlay\"><\/span><\/a><figcaption class=\"fg-caption\"><div class=\"fg-caption-inner\"><div class=\"fg-caption-desc\">Une peu de turquoise du Colorado devant du vert \u00e9meraude alpin. Ou quand la mondialisation a aussi du bon.<\/div><\/div><\/figcaption><\/figure><div class=\"fg-loader\"><\/div><\/div><div class=\"fg-item fg-type-image fg-loading\"><figure class=\"fg-item-inner\"><a href=\"https:\/\/alpavista.ch\/Alp11\/wp-content\/uploads\/half_mile_15_022.jpg\" data-caption-title=\"Un petit retour en balcon...\" data-caption-desc=\"Un petit retour en balcon...\" data-attachment-id=\"36773\" data-type=\"image\" class=\"fg-thumb\"><span class=\"fg-image-wrap\"><img src=\"https:\/\/alpavista.ch\/Alp11\/wp-content\/uploads\/cache\/half_mile_15_022\/3918930226.jpg\" alt=\"half_mile_15_022\" title=\"Un petit retour en balcon...\" width=\"101\" height=\"57\" class=\"skip-lazy fg-image\" decoding=\"async\" loading=\"lazy\"><\/span><span class=\"fg-image-overlay\"><\/span><\/a><figcaption class=\"fg-caption\"><div class=\"fg-caption-inner\"><div class=\"fg-caption-desc\">Un petit retour en balcon...<\/div><\/div><\/figcaption><\/figure><div class=\"fg-loader\"><\/div><\/div><div class=\"fg-item fg-type-image fg-loading\"><figure class=\"fg-item-inner\"><a href=\"https:\/\/alpavista.ch\/Alp11\/wp-content\/uploads\/half_mile_15_023.jpg\" data-caption-title=\"... avant une folle plong\u00e9e en direction des Beutsons.\" data-caption-desc=\"... avant une folle plong\u00e9e en direction des Beutsons.\" data-attachment-id=\"36772\" data-type=\"image\" class=\"fg-thumb\"><span class=\"fg-image-wrap\"><img src=\"https:\/\/alpavista.ch\/Alp11\/wp-content\/uploads\/cache\/half_mile_15_023\/1135877512.jpg\" alt=\"half_mile_15_023\" title=\"... avant une folle plong\u00e9e en direction des Beutsons.\" width=\"101\" height=\"57\" class=\"skip-lazy fg-image\" decoding=\"async\" loading=\"lazy\"><\/span><span class=\"fg-image-overlay\"><\/span><\/a><figcaption class=\"fg-caption\"><div class=\"fg-caption-inner\"><div class=\"fg-caption-desc\">... avant une folle plong\u00e9e en direction des Beutsons.<\/div><\/div><\/figcaption><\/figure><div class=\"fg-loader\"><\/div><\/div><div class=\"fg-item fg-type-image fg-loading\"><figure class=\"fg-item-inner\"><a href=\"https:\/\/alpavista.ch\/Alp11\/wp-content\/uploads\/half_mile_15_024.jpg\" data-caption-title=\"Etroite, technique, sinueuse, mais jamais r\u00e9ellement dangereuse...\" data-caption-desc=\"Etroite, technique, sinueuse, mais jamais r\u00e9ellement dangereuse...\" data-attachment-id=\"36771\" data-type=\"image\" class=\"fg-thumb\"><span class=\"fg-image-wrap\"><img src=\"https:\/\/alpavista.ch\/Alp11\/wp-content\/uploads\/cache\/half_mile_15_024\/3806941437.jpg\" alt=\"half_mile_15_024\" title=\"Etroite, technique, sinueuse, mais jamais r\u00e9ellement dangereuse...\" width=\"101\" height=\"57\" class=\"skip-lazy fg-image\" decoding=\"async\" loading=\"lazy\"><\/span><span class=\"fg-image-overlay\"><\/span><\/a><figcaption class=\"fg-caption\"><div class=\"fg-caption-inner\"><div class=\"fg-caption-desc\">Etroite, technique, sinueuse, mais jamais r\u00e9ellement dangereuse...<\/div><\/div><\/figcaption><\/figure><div class=\"fg-loader\"><\/div><\/div><div class=\"fg-item fg-type-image fg-loading\"><figure class=\"fg-item-inner\"><a href=\"https:\/\/alpavista.ch\/Alp11\/wp-content\/uploads\/half_mile_15_025.jpg\" data-caption-title=\"... elle est id\u00e9ale pour perfectionner son art du pilotage...\" data-caption-desc=\"... elle est id\u00e9ale pour perfectionner son art du pilotage...\" data-attachment-id=\"36770\" data-type=\"image\" class=\"fg-thumb\"><span class=\"fg-image-wrap\"><img src=\"https:\/\/alpavista.ch\/Alp11\/wp-content\/uploads\/cache\/half_mile_15_025\/1221291079.jpg\" alt=\"half_mile_15_025\" title=\"... elle est id\u00e9ale pour perfectionner son art du pilotage...\" width=\"101\" height=\"57\" class=\"skip-lazy fg-image\" decoding=\"async\" loading=\"lazy\"><\/span><span class=\"fg-image-overlay\"><\/span><\/a><figcaption class=\"fg-caption\"><div class=\"fg-caption-inner\"><div class=\"fg-caption-desc\">... elle est id\u00e9ale pour perfectionner son art du pilotage...<\/div><\/div><\/figcaption><\/figure><div class=\"fg-loader\"><\/div><\/div><div class=\"fg-item fg-type-image fg-loading\"><figure class=\"fg-item-inner\"><a href=\"https:\/\/alpavista.ch\/Alp11\/wp-content\/uploads\/half_mile_15_026.jpg\" data-caption-title=\"... et la confiance en soi.\" data-caption-desc=\"... et la confiance en soi.\" data-attachment-id=\"36769\" data-type=\"image\" class=\"fg-thumb\"><span class=\"fg-image-wrap\"><img src=\"https:\/\/alpavista.ch\/Alp11\/wp-content\/uploads\/cache\/half_mile_15_026\/504026831.jpg\" alt=\"half_mile_15_026\" title=\"... et la confiance en soi.\" width=\"101\" height=\"57\" class=\"skip-lazy fg-image\" decoding=\"async\" loading=\"lazy\"><\/span><span class=\"fg-image-overlay\"><\/span><\/a><figcaption class=\"fg-caption\"><div class=\"fg-caption-inner\"><div class=\"fg-caption-desc\">... et la confiance en soi.<\/div><\/div><\/figcaption><\/figure><div class=\"fg-loader\"><\/div><\/div><div class=\"fg-item fg-type-image fg-loading\"><figure class=\"fg-item-inner\"><a href=\"https:\/\/alpavista.ch\/Alp11\/wp-content\/uploads\/half_mile_15_027.jpg\" data-caption-title=\"Les ann\u00e9es se suivent mais ne se ressemblent pas. Pas de cascade glaciaire \u00e0 escalader, ni de pieds \u00e0 tremper pour passer d&#039;une rive du torrent de Verseg\u00e8res \u00e0 l&#039;autre, en 2015.\" data-caption-desc=\"Les ann\u00e9es se suivent mais ne se ressemblent pas. Pas de cascade glaciaire \u00e0 escalader, ni de pieds \u00e0 tremper pour passer d&#039;une rive du torrent de Verseg\u00e8res \u00e0 l&#039;autre, en 2015.\" data-attachment-id=\"36768\" data-type=\"image\" class=\"fg-thumb\"><span class=\"fg-image-wrap\"><img src=\"https:\/\/alpavista.ch\/Alp11\/wp-content\/uploads\/cache\/half_mile_15_027\/3022580341.jpg\" alt=\"half_mile_15_027\" title=\"Les ann\u00e9es se suivent mais ne se ressemblent pas. Pas de cascade glaciaire \u00e0 escalader, ni de pieds \u00e0 tremper pour passer d&#039;une rive du torrent de Verseg\u00e8res \u00e0 l&#039;autre, en 2015.\" width=\"101\" height=\"57\" class=\"skip-lazy fg-image\" decoding=\"async\" loading=\"lazy\"><\/span><span class=\"fg-image-overlay\"><\/span><\/a><figcaption class=\"fg-caption\"><div class=\"fg-caption-inner\"><div class=\"fg-caption-desc\">Les ann\u00e9es se suivent mais ne se ressemblent pas. Pas de cascade glaciaire \u00e0 escalader, ni de pieds \u00e0 tremper pour passer d'une rive du torrent de Verseg\u00e8res \u00e0 l'autre, en 2015.<\/div><\/div><\/figcaption><\/figure><div class=\"fg-loader\"><\/div><\/div><div class=\"fg-item fg-type-image fg-loading\"><figure class=\"fg-item-inner\"><a href=\"https:\/\/alpavista.ch\/Alp11\/wp-content\/uploads\/half_mile_15_028.jpg\" data-caption-title=\"La douce travers\u00e9e vers le Tseppi annonce la fin des r\u00e9jouissances.\" data-caption-desc=\"La douce travers\u00e9e vers le Tseppi annonce la fin des r\u00e9jouissances.\" data-attachment-id=\"36767\" data-type=\"image\" class=\"fg-thumb\"><span class=\"fg-image-wrap\"><img src=\"https:\/\/alpavista.ch\/Alp11\/wp-content\/uploads\/cache\/half_mile_15_028\/90351558.jpg\" alt=\"half_mile_15_028\" title=\"La douce travers\u00e9e vers le Tseppi annonce la fin des r\u00e9jouissances.\" width=\"101\" height=\"57\" class=\"skip-lazy fg-image\" decoding=\"async\" loading=\"lazy\"><\/span><span class=\"fg-image-overlay\"><\/span><\/a><figcaption class=\"fg-caption\"><div class=\"fg-caption-inner\"><div class=\"fg-caption-desc\">La douce travers\u00e9e vers le Tseppi annonce la fin des r\u00e9jouissances.<\/div><\/div><\/figcaption><\/figure><div class=\"fg-loader\"><\/div><\/div><\/div>\n\n<input class=\"fooboxshare_post_id\" type=\"hidden\" value=\"5842\"\/>","protected":false},"excerpt":{"rendered":"<p>Pour passer du cocktail de notre semaine pass\u00e9e, rochers, poussi\u00e8re, caillasse instable et enduro, \u00e0 notre menu habituel, terre, cailloux fixes, alpages et all-mountain, le plus dur n&rsquo;a pas \u00e9t\u00e9 de devoir nous remettre \u00e0 p\u00e9daler (s\u00e9rieusement), mais bien d\u2019avoir \u00e0 ressortir notre coupe-vent. En effet, si on avait pu le faire, on aurait bien rajouter un peu de soleil andalous \u00e0 ce vendredi gris, terne, venteux et humide.<\/p>\n","protected":false},"author":2,"featured_media":6147,"comment_status":"open","ping_status":"open","sticky":false,"template":"","format":"standard","meta":{"footnotes":""},"categories":[658,4],"tags":[1079,1240,1364,1180,1558,1148,1559,1560,1241,1651],"class_list":["post-5842","post","type-post","status-publish","format-standard","has-post-thumbnail","hentry","category-outdoor","category-vtt","tag-bagnes","tag-bruson","tag-col-de-mille","tag-dranse","tag-moay","tag-orsieres","tag-payanne","tag-servay","tag-six-blanc","tag-tseppi"],"_links":{"self":[{"href":"https:\/\/alpavista.ch\/Alp11\/wp-json\/wp\/v2\/posts\/5842","targetHints":{"allow":["GET"]}}],"collection":[{"href":"https:\/\/alpavista.ch\/Alp11\/wp-json\/wp\/v2\/posts"}],"about":[{"href":"https:\/\/alpavista.ch\/Alp11\/wp-json\/wp\/v2\/types\/post"}],"author":[{"embeddable":true,"href":"https:\/\/alpavista.ch\/Alp11\/wp-json\/wp\/v2\/users\/2"}],"replies":[{"embeddable":true,"href":"https:\/\/alpavista.ch\/Alp11\/wp-json\/wp\/v2\/comments?post=5842"}],"version-history":[{"count":0,"href":"https:\/\/alpavista.ch\/Alp11\/wp-json\/wp\/v2\/posts\/5842\/revisions"}],"wp:attachment":[{"href":"https:\/\/alpavista.ch\/Alp11\/wp-json\/wp\/v2\/media?parent=5842"}],"wp:term":[{"taxonomy":"category","embeddable":true,"href":"https:\/\/alpavista.ch\/Alp11\/wp-json\/wp\/v2\/categories?post=5842"},{"taxonomy":"post_tag","embeddable":true,"href":"https:\/\/alpavista.ch\/Alp11\/wp-json\/wp\/v2\/tags?post=5842"}],"curies":[{"name":"wp","href":"https:\/\/api.w.org\/{rel}","templated":true}]}}