{"id":5863,"date":"2015-07-31T20:43:32","date_gmt":"2015-07-31T19:43:32","guid":{"rendered":"http:\/\/www.alpavista.ch\/Alp11\/?p=5863"},"modified":"2022-12-09T17:41:03","modified_gmt":"2022-12-09T16:41:03","slug":"ginals-moosalp-embd","status":"publish","type":"post","link":"https:\/\/alpavista.ch\/Alp11\/2015\/07\/31\/ginals-moosalp-embd\/","title":{"rendered":"Ginals-Moosalp-Embd"},"content":{"rendered":"<p>Pour c\u00e9l\u00e9brer \u00e0 notre mani\u00e8re la f\u00eate nationale, avec un jour d\u2019avance, mais aussi avec une m\u00e9t\u00e9o radieuse, nous avons choisi de revisiter cet original triptyque haut-valaisan. Passer de la vall\u00e9e du Rh\u00f4ne au Mattertal en remontant d\u2019abord le Ginals, puis en enjambant panoramique \u00e9paulement de Moosalp et, enfin, en plongeant dans les gorges abruptes menant \u00e0 Embd, puis Kalpetran, reste un dessert de choix pour terminer le festin de ce juillet 2015 hors-norme (5\u00b0C au-dessus de la moyenne, aux derni\u00e8res nouvelles).<br \/>\n<!--more--><\/p>\n<p>Un pr\u00e9-menu du 1er ao\u00fbt gav\u00e9 de \u00ab wanderweg \u00bb, mais aussi de kilom\u00e8tres et de d\u00e9nivel\u00e9, pour un festin aussi montagneux que panoramique. Passer en revue le Bietschhorn, le Weisshorn, les Mischabel, les Fletschhorn, le Weissmies et j&rsquo;en passe, sans quitter ni la selle, ni la terre rocailleuse de nos cousins du Haut redonne un v\u00e9ritable sens \u00e0 une f\u00eate \u00ab alibi \u00bb aussi d\u00e9natur\u00e9e qu\u2019us\u00e9e. Et tant pis si les discours politiques racoleurs, les \u00ab vaniteux \u00bb feux d\u2019artifices et les patriotes d&rsquo;un seul jour finissent noy\u00e9s sous les fortes pluies annonc\u00e9es pour demain.<\/p>\n<style type=\"text\/css\">\n#foogallery-gallery-36256 .fg-image { width: 101px; }\n#foogallery-gallery-36256 { --fg-gutter: 1px; }<\/style>\n\t\t\t<div class=\"foogallery foogallery-container foogallery-default foogallery-lightbox-none fg-left fg-default fg-ready fg-light fg-loading-default fg-loaded-fade-in fg-preset fg-selena fg-preset-small fg-preset fg-selena fg-preset-small\" id=\"foogallery-gallery-36256\" data-foogallery=\"{&quot;item&quot;:{&quot;showCaptionTitle&quot;:false,&quot;showCaptionDescription&quot;:true},&quot;lazy&quot;:true,&quot;state&quot;:{&quot;enabled&quot;:true,&quot;mask&quot;:&quot;foogallery-{id}&quot;}}\" style=\"--fg-title-line-clamp: 0; --fg-description-line-clamp: 0;\" >\n\t<div class=\"fg-item fg-type-image fg-idle\"><figure class=\"fg-item-inner\"><a href=\"https:\/\/alpavista.ch\/Alp11\/wp-content\/uploads\/moosalp_15_001.jpg\" data-caption-title=\"Le dernier jour d&#039;un juillet empreint de soleil et de chaleur...\" data-caption-desc=\"Le dernier jour d&#039;un juillet empreint de soleil et de chaleur...\" data-attachment-id=\"36305\" data-type=\"image\" class=\"fg-thumb\"><span class=\"fg-image-wrap\"><img decoding=\"async\" alt=\"moosalp_15_001\" title=\"Le dernier jour d&#039;un juillet empreint de soleil et de chaleur...\" width=\"101\" height=\"57\" class=\"skip-lazy fg-image\" data-src-fg=\"https:\/\/alpavista.ch\/Alp11\/wp-content\/uploads\/cache\/moosalp_15_001\/2475192539.jpg\" src=\"data:image\/svg+xml,%3Csvg%20xmlns%3D%22http%3A%2F%2Fwww.w3.org%2F2000%2Fsvg%22%20width%3D%22101%22%20height%3D%2257%22%20viewBox%3D%220%200%20101%2057%22%3E%3C%2Fsvg%3E\" loading=\"eager\"><\/span><span class=\"fg-image-overlay\"><\/span><\/a><figcaption class=\"fg-caption\"><div class=\"fg-caption-inner\"><div class=\"fg-caption-desc\">Le dernier jour d'un juillet empreint de soleil et de chaleur...<\/div><\/div><\/figcaption><\/figure><div class=\"fg-loader\"><\/div><\/div><div class=\"fg-item fg-type-image fg-idle\"><figure class=\"fg-item-inner\"><a href=\"https:\/\/alpavista.ch\/Alp11\/wp-content\/uploads\/moosalp_15_002.jpg\" data-caption-title=\"... et du goudron de plus en plus us\u00e9 qui va rapidement laiss\u00e9 place \u00e0 la terre.\" data-caption-desc=\"... et du goudron de plus en plus us\u00e9 qui va rapidement laiss\u00e9 place \u00e0 la terre.\" data-attachment-id=\"36304\" data-type=\"image\" class=\"fg-thumb\"><span class=\"fg-image-wrap\"><img decoding=\"async\" alt=\"moosalp_15_002\" title=\"... et du goudron de plus en plus us\u00e9 qui va rapidement laiss\u00e9 place \u00e0 la terre.\" width=\"101\" height=\"57\" class=\"skip-lazy fg-image\" data-src-fg=\"https:\/\/alpavista.ch\/Alp11\/wp-content\/uploads\/cache\/moosalp_15_002\/2751878309.jpg\" src=\"data:image\/svg+xml,%3Csvg%20xmlns%3D%22http%3A%2F%2Fwww.w3.org%2F2000%2Fsvg%22%20width%3D%22101%22%20height%3D%2257%22%20viewBox%3D%220%200%20101%2057%22%3E%3C%2Fsvg%3E\" loading=\"eager\"><\/span><span class=\"fg-image-overlay\"><\/span><\/a><figcaption class=\"fg-caption\"><div class=\"fg-caption-inner\"><div class=\"fg-caption-desc\">... et du goudron de plus en plus us\u00e9 qui va rapidement laiss\u00e9 place \u00e0 la terre.<\/div><\/div><\/figcaption><\/figure><div class=\"fg-loader\"><\/div><\/div><div class=\"fg-item fg-type-image fg-idle\"><figure class=\"fg-item-inner\"><a href=\"https:\/\/alpavista.ch\/Alp11\/wp-content\/uploads\/moosalp_15_003.jpg\" data-caption-title=\"On ressort de l&#039;aust\u00e8re et luxuriant Ginals comme on y est entr\u00e9 : en selle et \u00e0 la p\u00e9dale.\" data-caption-desc=\"On ressort de l&#039;aust\u00e8re et luxuriant Ginals comme on y est entr\u00e9 : en selle et \u00e0 la p\u00e9dale.\" data-attachment-id=\"36303\" data-type=\"image\" class=\"fg-thumb\"><span class=\"fg-image-wrap\"><img decoding=\"async\" alt=\"moosalp_15_003\" title=\"On ressort de l&#039;aust\u00e8re et luxuriant Ginals comme on y est entr\u00e9 : en selle et \u00e0 la p\u00e9dale.\" width=\"101\" height=\"57\" class=\"skip-lazy fg-image\" data-src-fg=\"https:\/\/alpavista.ch\/Alp11\/wp-content\/uploads\/cache\/moosalp_15_003\/4048138858.jpg\" src=\"data:image\/svg+xml,%3Csvg%20xmlns%3D%22http%3A%2F%2Fwww.w3.org%2F2000%2Fsvg%22%20width%3D%22101%22%20height%3D%2257%22%20viewBox%3D%220%200%20101%2057%22%3E%3C%2Fsvg%3E\" loading=\"eager\"><\/span><span class=\"fg-image-overlay\"><\/span><\/a><figcaption class=\"fg-caption\"><div class=\"fg-caption-inner\"><div class=\"fg-caption-desc\">On ressort de l'aust\u00e8re et luxuriant Ginals comme on y est entr\u00e9 : en selle et \u00e0 la p\u00e9dale.<\/div><\/div><\/figcaption><\/figure><div class=\"fg-loader\"><\/div><\/div><div class=\"fg-item fg-type-image fg-idle\"><figure class=\"fg-item-inner\"><a href=\"https:\/\/alpavista.ch\/Alp11\/wp-content\/uploads\/moosalp_15_004.jpg\" data-caption-title=\"La redoutable transition vers Moosalp d\u00e9marre sous les meilleurs hauspices...\" data-caption-desc=\"La redoutable transition vers Moosalp d\u00e9marre sous les meilleurs hauspices...\" data-attachment-id=\"36302\" data-type=\"image\" class=\"fg-thumb\"><span class=\"fg-image-wrap\"><img decoding=\"async\" alt=\"moosalp_15_004\" title=\"La redoutable transition vers Moosalp d\u00e9marre sous les meilleurs hauspices...\" width=\"101\" height=\"57\" class=\"skip-lazy fg-image\" data-src-fg=\"https:\/\/alpavista.ch\/Alp11\/wp-content\/uploads\/cache\/moosalp_15_004\/1116575982.jpg\" src=\"data:image\/svg+xml,%3Csvg%20xmlns%3D%22http%3A%2F%2Fwww.w3.org%2F2000%2Fsvg%22%20width%3D%22101%22%20height%3D%2257%22%20viewBox%3D%220%200%20101%2057%22%3E%3C%2Fsvg%3E\" loading=\"eager\"><\/span><span class=\"fg-image-overlay\"><\/span><\/a><figcaption class=\"fg-caption\"><div class=\"fg-caption-inner\"><div class=\"fg-caption-desc\">La redoutable transition vers Moosalp d\u00e9marre sous les meilleurs hauspices...<\/div><\/div><\/figcaption><\/figure><div class=\"fg-loader\"><\/div><\/div><div class=\"fg-item fg-type-image fg-idle\"><figure class=\"fg-item-inner\"><a href=\"https:\/\/alpavista.ch\/Alp11\/wp-content\/uploads\/moosalp_15_005.jpg\" data-caption-title=\"... avant de montrer (un peu) son caract\u00e8re rugueux.\" data-caption-desc=\"... avant de montrer (un peu) son caract\u00e8re rugueux.\" data-attachment-id=\"36301\" data-type=\"image\" class=\"fg-thumb\"><span class=\"fg-image-wrap\"><img decoding=\"async\" alt=\"moosalp_15_005\" title=\"... avant de montrer (un peu) son caract\u00e8re rugueux.\" width=\"101\" height=\"57\" class=\"skip-lazy fg-image\" data-src-fg=\"https:\/\/alpavista.ch\/Alp11\/wp-content\/uploads\/cache\/moosalp_15_005\/2656434838.jpg\" src=\"data:image\/svg+xml,%3Csvg%20xmlns%3D%22http%3A%2F%2Fwww.w3.org%2F2000%2Fsvg%22%20width%3D%22101%22%20height%3D%2257%22%20viewBox%3D%220%200%20101%2057%22%3E%3C%2Fsvg%3E\" loading=\"eager\"><\/span><span class=\"fg-image-overlay\"><\/span><\/a><figcaption class=\"fg-caption\"><div class=\"fg-caption-inner\"><div class=\"fg-caption-desc\">... avant de montrer (un peu) son caract\u00e8re rugueux.<\/div><\/div><\/figcaption><\/figure><div class=\"fg-loader\"><\/div><\/div><div class=\"fg-item fg-type-image fg-idle\"><figure class=\"fg-item-inner\"><a href=\"https:\/\/alpavista.ch\/Alp11\/wp-content\/uploads\/moosalp_15_006.jpg\" data-caption-title=\"Rugueux, mais pas au point d&#039;en perdre le sourire.\" data-caption-desc=\"Rugueux, mais pas au point d&#039;en perdre le sourire.\" data-attachment-id=\"36300\" data-type=\"image\" class=\"fg-thumb\"><span class=\"fg-image-wrap\"><img decoding=\"async\" alt=\"moosalp_15_006\" title=\"Rugueux, mais pas au point d&#039;en perdre le sourire.\" width=\"101\" height=\"57\" class=\"skip-lazy fg-image\" data-src-fg=\"https:\/\/alpavista.ch\/Alp11\/wp-content\/uploads\/cache\/moosalp_15_006\/2849758952.jpg\" src=\"data:image\/svg+xml,%3Csvg%20xmlns%3D%22http%3A%2F%2Fwww.w3.org%2F2000%2Fsvg%22%20width%3D%22101%22%20height%3D%2257%22%20viewBox%3D%220%200%20101%2057%22%3E%3C%2Fsvg%3E\" loading=\"eager\"><\/span><span class=\"fg-image-overlay\"><\/span><\/a><figcaption class=\"fg-caption\"><div class=\"fg-caption-inner\"><div class=\"fg-caption-desc\">Rugueux, mais pas au point d'en perdre le sourire.<\/div><\/div><\/figcaption><\/figure><div class=\"fg-loader\"><\/div><\/div><div class=\"fg-item fg-type-image fg-idle\"><figure class=\"fg-item-inner\"><a href=\"https:\/\/alpavista.ch\/Alp11\/wp-content\/uploads\/moosalp_15_007.jpg\" data-caption-title=\"M\u00eame si son herbe est de plus en plus haute, le bonheur reste encore et toujours dans le pr\u00e9.\" data-caption-desc=\"M\u00eame si son herbe est de plus en plus haute, le bonheur reste encore et toujours dans le pr\u00e9.\" data-attachment-id=\"36299\" data-type=\"image\" class=\"fg-thumb\"><span class=\"fg-image-wrap\"><img decoding=\"async\" alt=\"moosalp_15_007\" title=\"M\u00eame si son herbe est de plus en plus haute, le bonheur reste encore et toujours dans le pr\u00e9.\" width=\"101\" height=\"57\" class=\"skip-lazy fg-image\" data-src-fg=\"https:\/\/alpavista.ch\/Alp11\/wp-content\/uploads\/cache\/moosalp_15_007\/1471693676.jpg\" src=\"data:image\/svg+xml,%3Csvg%20xmlns%3D%22http%3A%2F%2Fwww.w3.org%2F2000%2Fsvg%22%20width%3D%22101%22%20height%3D%2257%22%20viewBox%3D%220%200%20101%2057%22%3E%3C%2Fsvg%3E\" loading=\"eager\"><\/span><span class=\"fg-image-overlay\"><\/span><\/a><figcaption class=\"fg-caption\"><div class=\"fg-caption-inner\"><div class=\"fg-caption-desc\">M\u00eame si son herbe est de plus en plus haute, le bonheur reste encore et toujours dans le pr\u00e9.<\/div><\/div><\/figcaption><\/figure><div class=\"fg-loader\"><\/div><\/div><div class=\"fg-item fg-type-image fg-idle\"><figure class=\"fg-item-inner\"><a href=\"https:\/\/alpavista.ch\/Alp11\/wp-content\/uploads\/moosalp_15_008.jpg\" data-caption-title=\"Quand Ma\u00eetre Bietschhorn, le seigneur des Bernoises, veille, le versant oppos\u00e9 est bien gard\u00e9... et bien trac\u00e9.\" data-caption-desc=\"Quand Ma\u00eetre Bietschhorn, le seigneur des Bernoises, veille, le versant oppos\u00e9 est bien gard\u00e9... et bien trac\u00e9.\" data-attachment-id=\"36298\" data-type=\"image\" class=\"fg-thumb\"><span class=\"fg-image-wrap\"><img decoding=\"async\" alt=\"moosalp_15_008\" title=\"Quand Ma\u00eetre Bietschhorn, le seigneur des Bernoises, veille, le versant oppos\u00e9 est bien gard\u00e9... et bien trac\u00e9.\" width=\"101\" height=\"57\" class=\"skip-lazy fg-image\" data-src-fg=\"https:\/\/alpavista.ch\/Alp11\/wp-content\/uploads\/cache\/moosalp_15_008\/932803165.jpg\" src=\"data:image\/svg+xml,%3Csvg%20xmlns%3D%22http%3A%2F%2Fwww.w3.org%2F2000%2Fsvg%22%20width%3D%22101%22%20height%3D%2257%22%20viewBox%3D%220%200%20101%2057%22%3E%3C%2Fsvg%3E\" loading=\"eager\"><\/span><span class=\"fg-image-overlay\"><\/span><\/a><figcaption class=\"fg-caption\"><div class=\"fg-caption-inner\"><div class=\"fg-caption-desc\">Quand Ma\u00eetre Bietschhorn, le seigneur des Bernoises, veille, le versant oppos\u00e9 est bien gard\u00e9... et bien trac\u00e9.<\/div><\/div><\/figcaption><\/figure><div class=\"fg-loader\"><\/div><\/div><div class=\"fg-item fg-type-image fg-idle\"><figure class=\"fg-item-inner\"><a href=\"https:\/\/alpavista.ch\/Alp11\/wp-content\/uploads\/moosalp_15_009.jpg\" data-caption-title=\"Deux doigts de frein et un soup\u00e7on d&#039;adresse. Tout, dans le bike, est une question d&#039;\u00e9quilibre...\" data-caption-desc=\"Deux doigts de frein et un soup\u00e7on d&#039;adresse. Tout, dans le bike, est une question d&#039;\u00e9quilibre...\" data-attachment-id=\"36297\" data-type=\"image\" class=\"fg-thumb\"><span class=\"fg-image-wrap\"><img decoding=\"async\" alt=\"moosalp_15_009\" title=\"Deux doigts de frein et un soup\u00e7on d&#039;adresse. Tout, dans le bike, est une question d&#039;\u00e9quilibre...\" width=\"101\" height=\"57\" class=\"skip-lazy fg-image\" data-src-fg=\"https:\/\/alpavista.ch\/Alp11\/wp-content\/uploads\/cache\/moosalp_15_009\/2861079485.jpg\" src=\"data:image\/svg+xml,%3Csvg%20xmlns%3D%22http%3A%2F%2Fwww.w3.org%2F2000%2Fsvg%22%20width%3D%22101%22%20height%3D%2257%22%20viewBox%3D%220%200%20101%2057%22%3E%3C%2Fsvg%3E\" loading=\"eager\"><\/span><span class=\"fg-image-overlay\"><\/span><\/a><figcaption class=\"fg-caption\"><div class=\"fg-caption-inner\"><div class=\"fg-caption-desc\">Deux doigts de frein et un soup\u00e7on d'adresse. Tout, dans le bike, est une question d'\u00e9quilibre...<\/div><\/div><\/figcaption><\/figure><div class=\"fg-loader\"><\/div><\/div><div class=\"fg-item fg-type-image fg-idle\"><figure class=\"fg-item-inner\"><a href=\"https:\/\/alpavista.ch\/Alp11\/wp-content\/uploads\/moosalp_15_010.jpg\" data-caption-title=\"... et d&#039;optimisme.\" data-caption-desc=\"... et d&#039;optimisme.\" data-attachment-id=\"36296\" data-type=\"image\" class=\"fg-thumb\"><span class=\"fg-image-wrap\"><img decoding=\"async\" alt=\"moosalp_15_010\" title=\"... et d&#039;optimisme.\" width=\"101\" height=\"57\" class=\"skip-lazy fg-image\" data-src-fg=\"https:\/\/alpavista.ch\/Alp11\/wp-content\/uploads\/cache\/moosalp_15_010\/465418056.jpg\" src=\"data:image\/svg+xml,%3Csvg%20xmlns%3D%22http%3A%2F%2Fwww.w3.org%2F2000%2Fsvg%22%20width%3D%22101%22%20height%3D%2257%22%20viewBox%3D%220%200%20101%2057%22%3E%3C%2Fsvg%3E\" loading=\"eager\"><\/span><span class=\"fg-image-overlay\"><\/span><\/a><figcaption class=\"fg-caption\"><div class=\"fg-caption-inner\"><div class=\"fg-caption-desc\">... et d'optimisme.<\/div><\/div><\/figcaption><\/figure><div class=\"fg-loader\"><\/div><\/div><div class=\"fg-item fg-type-image fg-idle\"><figure class=\"fg-item-inner\"><a href=\"https:\/\/alpavista.ch\/Alp11\/wp-content\/uploads\/moosalp_15_011.jpg\" data-caption-title=\"Fifty Shades of Green !\" data-caption-desc=\"Fifty Shades of Green !\" data-attachment-id=\"36295\" data-type=\"image\" class=\"fg-thumb\"><span class=\"fg-image-wrap\"><img decoding=\"async\" alt=\"moosalp_15_011\" title=\"Fifty Shades of Green !\" width=\"101\" height=\"57\" class=\"skip-lazy fg-image\" data-src-fg=\"https:\/\/alpavista.ch\/Alp11\/wp-content\/uploads\/cache\/moosalp_15_011\/3345339696.jpg\" src=\"data:image\/svg+xml,%3Csvg%20xmlns%3D%22http%3A%2F%2Fwww.w3.org%2F2000%2Fsvg%22%20width%3D%22101%22%20height%3D%2257%22%20viewBox%3D%220%200%20101%2057%22%3E%3C%2Fsvg%3E\" loading=\"eager\"><\/span><span class=\"fg-image-overlay\"><\/span><\/a><figcaption class=\"fg-caption\"><div class=\"fg-caption-inner\"><div class=\"fg-caption-desc\">Fifty Shades of Green !<\/div><\/div><\/figcaption><\/figure><div class=\"fg-loader\"><\/div><\/div><div class=\"fg-item fg-type-image fg-idle\"><figure class=\"fg-item-inner\"><a href=\"https:\/\/alpavista.ch\/Alp11\/wp-content\/uploads\/moosalp_15_012.jpg\" data-caption-title=\"Les simmies ruminent, la caravane passe.\" data-caption-desc=\"Les simmies ruminent, la caravane passe.\" data-attachment-id=\"36294\" data-type=\"image\" class=\"fg-thumb\"><span class=\"fg-image-wrap\"><img decoding=\"async\" alt=\"moosalp_15_012\" title=\"Les simmies ruminent, la caravane passe.\" width=\"101\" height=\"57\" class=\"skip-lazy fg-image\" data-src-fg=\"https:\/\/alpavista.ch\/Alp11\/wp-content\/uploads\/cache\/moosalp_15_012\/4041994574.jpg\" src=\"data:image\/svg+xml,%3Csvg%20xmlns%3D%22http%3A%2F%2Fwww.w3.org%2F2000%2Fsvg%22%20width%3D%22101%22%20height%3D%2257%22%20viewBox%3D%220%200%20101%2057%22%3E%3C%2Fsvg%3E\" loading=\"eager\"><\/span><span class=\"fg-image-overlay\"><\/span><\/a><figcaption class=\"fg-caption\"><div class=\"fg-caption-inner\"><div class=\"fg-caption-desc\">Les simmies ruminent, la caravane passe.<\/div><\/div><\/figcaption><\/figure><div class=\"fg-loader\"><\/div><\/div><div class=\"fg-item fg-type-image fg-idle\"><figure class=\"fg-item-inner\"><a href=\"https:\/\/alpavista.ch\/Alp11\/wp-content\/uploads\/moosalp_15_013.jpg\" data-caption-title=\"Entre placidit\u00e9 et d\u00e9sint\u00e9r\u00eat, y a toujours moyen de trouver un terrain d&#039;entente... et de passage.\" data-caption-desc=\"Entre placidit\u00e9 et d\u00e9sint\u00e9r\u00eat, y a toujours moyen de trouver un terrain d&#039;entente... et de passage.\" data-attachment-id=\"36293\" data-type=\"image\" class=\"fg-thumb\"><span class=\"fg-image-wrap\"><img decoding=\"async\" alt=\"moosalp_15_013\" title=\"Entre placidit\u00e9 et d\u00e9sint\u00e9r\u00eat, y a toujours moyen de trouver un terrain d&#039;entente... et de passage.\" width=\"101\" height=\"57\" class=\"skip-lazy fg-image\" data-src-fg=\"https:\/\/alpavista.ch\/Alp11\/wp-content\/uploads\/cache\/moosalp_15_013\/2778994561.jpg\" src=\"data:image\/svg+xml,%3Csvg%20xmlns%3D%22http%3A%2F%2Fwww.w3.org%2F2000%2Fsvg%22%20width%3D%22101%22%20height%3D%2257%22%20viewBox%3D%220%200%20101%2057%22%3E%3C%2Fsvg%3E\" loading=\"eager\"><\/span><span class=\"fg-image-overlay\"><\/span><\/a><figcaption class=\"fg-caption\"><div class=\"fg-caption-inner\"><div class=\"fg-caption-desc\">Entre placidit\u00e9 et d\u00e9sint\u00e9r\u00eat, y a toujours moyen de trouver un terrain d'entente... et de passage.<\/div><\/div><\/figcaption><\/figure><div class=\"fg-loader\"><\/div><\/div><div class=\"fg-item fg-type-image fg-idle\"><figure class=\"fg-item-inner\"><a href=\"https:\/\/alpavista.ch\/Alp11\/wp-content\/uploads\/moosalp_15_014.jpg\" data-caption-title=\"T&#039;as de beaux yeux, tu sais. Oui, mais tu pues aussi un peu de la gueule. T&#039;aurais pas quelques probl\u00e8mes digestifs ?\" data-caption-desc=\"T&#039;as de beaux yeux, tu sais. Oui, mais tu pues aussi un peu de la gueule. T&#039;aurais pas quelques probl\u00e8mes digestifs ?\" data-attachment-id=\"36292\" data-type=\"image\" class=\"fg-thumb\"><span class=\"fg-image-wrap\"><img decoding=\"async\" alt=\"moosalp_15_014\" title=\"T&#039;as de beaux yeux, tu sais. Oui, mais tu pues aussi un peu de la gueule. T&#039;aurais pas quelques probl\u00e8mes digestifs ?\" width=\"101\" height=\"57\" class=\"skip-lazy fg-image\" data-src-fg=\"https:\/\/alpavista.ch\/Alp11\/wp-content\/uploads\/cache\/moosalp_15_014\/375405829.jpg\" src=\"data:image\/svg+xml,%3Csvg%20xmlns%3D%22http%3A%2F%2Fwww.w3.org%2F2000%2Fsvg%22%20width%3D%22101%22%20height%3D%2257%22%20viewBox%3D%220%200%20101%2057%22%3E%3C%2Fsvg%3E\" loading=\"eager\"><\/span><span class=\"fg-image-overlay\"><\/span><\/a><figcaption class=\"fg-caption\"><div class=\"fg-caption-inner\"><div class=\"fg-caption-desc\">T'as de beaux yeux, tu sais. Oui, mais tu pues aussi un peu de la gueule. T'aurais pas quelques probl\u00e8mes digestifs ?<\/div><\/div><\/figcaption><\/figure><div class=\"fg-loader\"><\/div><\/div><div class=\"fg-item fg-type-image fg-idle\"><figure class=\"fg-item-inner\"><a href=\"https:\/\/alpavista.ch\/Alp11\/wp-content\/uploads\/moosalp_15_015.jpg\" data-caption-title=\"Pas vraiment le temps de rem\u00e2cher notre casse-dalle bovin, il faut d\u00e9j\u00e0 repartir pour aller faire entendre raison aux derniers contreforts du Moosalp.\" data-caption-desc=\"Pas vraiment le temps de rem\u00e2cher notre casse-dalle bovin, il faut d\u00e9j\u00e0 repartir pour aller faire entendre raison aux derniers contreforts du Moosalp.\" data-attachment-id=\"36291\" data-type=\"image\" class=\"fg-thumb\"><span class=\"fg-image-wrap\"><img decoding=\"async\" alt=\"moosalp_15_015\" title=\"Pas vraiment le temps de rem\u00e2cher notre casse-dalle bovin, il faut d\u00e9j\u00e0 repartir pour aller faire entendre raison aux derniers contreforts du Moosalp.\" width=\"101\" height=\"57\" class=\"skip-lazy fg-image\" data-src-fg=\"https:\/\/alpavista.ch\/Alp11\/wp-content\/uploads\/cache\/moosalp_15_015\/3401080701.jpg\" src=\"data:image\/svg+xml,%3Csvg%20xmlns%3D%22http%3A%2F%2Fwww.w3.org%2F2000%2Fsvg%22%20width%3D%22101%22%20height%3D%2257%22%20viewBox%3D%220%200%20101%2057%22%3E%3C%2Fsvg%3E\" loading=\"eager\"><\/span><span class=\"fg-image-overlay\"><\/span><\/a><figcaption class=\"fg-caption\"><div class=\"fg-caption-inner\"><div class=\"fg-caption-desc\">Pas vraiment le temps de rem\u00e2cher notre casse-dalle bovin, il faut d\u00e9j\u00e0 repartir pour aller faire entendre raison aux derniers contreforts du Moosalp.<\/div><\/div><\/figcaption><\/figure><div class=\"fg-loader\"><\/div><\/div><div class=\"fg-item fg-type-image fg-idle\"><figure class=\"fg-item-inner\"><a href=\"https:\/\/alpavista.ch\/Alp11\/wp-content\/uploads\/moosalp_15_016.jpg\" data-caption-title=\"L&#039;instant o\u00f9 tout bascule : la d\u00e9clivit\u00e9 qui s&#039;inverse et la vall\u00e9e du Rh\u00f4ne qui s&#039;efface. Willkommen im Mattertal !\" data-caption-desc=\"L&#039;instant o\u00f9 tout bascule : la d\u00e9clivit\u00e9 qui s&#039;inverse et la vall\u00e9e du Rh\u00f4ne qui s&#039;efface. Willkommen im Mattertal !\" data-attachment-id=\"36290\" data-type=\"image\" class=\"fg-thumb\"><span class=\"fg-image-wrap\"><img decoding=\"async\" alt=\"moosalp_15_016\" title=\"L&#039;instant o\u00f9 tout bascule : la d\u00e9clivit\u00e9 qui s&#039;inverse et la vall\u00e9e du Rh\u00f4ne qui s&#039;efface. Willkommen im Mattertal !\" width=\"101\" height=\"57\" class=\"skip-lazy fg-image\" data-src-fg=\"https:\/\/alpavista.ch\/Alp11\/wp-content\/uploads\/cache\/moosalp_15_016\/4248206083.jpg\" src=\"data:image\/svg+xml,%3Csvg%20xmlns%3D%22http%3A%2F%2Fwww.w3.org%2F2000%2Fsvg%22%20width%3D%22101%22%20height%3D%2257%22%20viewBox%3D%220%200%20101%2057%22%3E%3C%2Fsvg%3E\" loading=\"eager\"><\/span><span class=\"fg-image-overlay\"><\/span><\/a><figcaption class=\"fg-caption\"><div class=\"fg-caption-inner\"><div class=\"fg-caption-desc\">L'instant o\u00f9 tout bascule : la d\u00e9clivit\u00e9 qui s'inverse et la vall\u00e9e du Rh\u00f4ne qui s'efface. Willkommen im Mattertal !<\/div><\/div><\/figcaption><\/figure><div class=\"fg-loader\"><\/div><\/div><div class=\"fg-item fg-type-image fg-idle\"><figure class=\"fg-item-inner\"><a href=\"https:\/\/alpavista.ch\/Alp11\/wp-content\/uploads\/moosalp_15_017.jpg\" data-caption-title=\"Difficile de rouler nez dans le guidon quand tant de g\u00e9ant vous toisent du haut de leurs 4&#039;000.\" data-caption-desc=\"Difficile de rouler nez dans le guidon quand tant de g\u00e9ant vous toisent du haut de leurs 4&#039;000.\" data-attachment-id=\"36289\" data-type=\"image\" class=\"fg-thumb\"><span class=\"fg-image-wrap\"><img decoding=\"async\" alt=\"moosalp_15_017\" title=\"Difficile de rouler nez dans le guidon quand tant de g\u00e9ant vous toisent du haut de leurs 4&#039;000.\" width=\"101\" height=\"57\" class=\"skip-lazy fg-image\" data-src-fg=\"https:\/\/alpavista.ch\/Alp11\/wp-content\/uploads\/cache\/moosalp_15_017\/3468999157.jpg\" src=\"data:image\/svg+xml,%3Csvg%20xmlns%3D%22http%3A%2F%2Fwww.w3.org%2F2000%2Fsvg%22%20width%3D%22101%22%20height%3D%2257%22%20viewBox%3D%220%200%20101%2057%22%3E%3C%2Fsvg%3E\" loading=\"eager\"><\/span><span class=\"fg-image-overlay\"><\/span><\/a><figcaption class=\"fg-caption\"><div class=\"fg-caption-inner\"><div class=\"fg-caption-desc\">Difficile de rouler nez dans le guidon quand tant de g\u00e9ant vous toisent du haut de leurs 4'000.<\/div><\/div><\/figcaption><\/figure><div class=\"fg-loader\"><\/div><\/div><div class=\"fg-item fg-type-image fg-idle\"><figure class=\"fg-item-inner\"><a href=\"https:\/\/alpavista.ch\/Alp11\/wp-content\/uploads\/moosalp_15_018.jpg\" data-caption-title=\"Le Mattertal, \u00e0 plat et par le haut.\" data-caption-desc=\"Le Mattertal, \u00e0 plat et par le haut.\" data-attachment-id=\"36288\" data-type=\"image\" class=\"fg-thumb\"><span class=\"fg-image-wrap\"><img decoding=\"async\" alt=\"moosalp_15_018\" title=\"Le Mattertal, \u00e0 plat et par le haut.\" width=\"101\" height=\"57\" class=\"skip-lazy fg-image\" data-src-fg=\"https:\/\/alpavista.ch\/Alp11\/wp-content\/uploads\/cache\/moosalp_15_018\/2934278340.jpg\" src=\"data:image\/svg+xml,%3Csvg%20xmlns%3D%22http%3A%2F%2Fwww.w3.org%2F2000%2Fsvg%22%20width%3D%22101%22%20height%3D%2257%22%20viewBox%3D%220%200%20101%2057%22%3E%3C%2Fsvg%3E\" loading=\"eager\"><\/span><span class=\"fg-image-overlay\"><\/span><\/a><figcaption class=\"fg-caption\"><div class=\"fg-caption-inner\"><div class=\"fg-caption-desc\">Le Mattertal, \u00e0 plat et par le haut.<\/div><\/div><\/figcaption><\/figure><div class=\"fg-loader\"><\/div><\/div><div class=\"fg-item fg-type-image fg-idle\"><figure class=\"fg-item-inner\"><a href=\"https:\/\/alpavista.ch\/Alp11\/wp-content\/uploads\/moosalp_15_019.jpg\" data-caption-title=\"Un menu digne des plus grands restaurants.\" data-caption-desc=\"Un menu digne des plus grands restaurants.\" data-attachment-id=\"36287\" data-type=\"image\" class=\"fg-thumb\"><span class=\"fg-image-wrap\"><img decoding=\"async\" alt=\"moosalp_15_019\" title=\"Un menu digne des plus grands restaurants.\" width=\"101\" height=\"57\" class=\"skip-lazy fg-image\" data-src-fg=\"https:\/\/alpavista.ch\/Alp11\/wp-content\/uploads\/cache\/moosalp_15_019\/871653668.jpg\" src=\"data:image\/svg+xml,%3Csvg%20xmlns%3D%22http%3A%2F%2Fwww.w3.org%2F2000%2Fsvg%22%20width%3D%22101%22%20height%3D%2257%22%20viewBox%3D%220%200%20101%2057%22%3E%3C%2Fsvg%3E\" loading=\"eager\"><\/span><span class=\"fg-image-overlay\"><\/span><\/a><figcaption class=\"fg-caption\"><div class=\"fg-caption-inner\"><div class=\"fg-caption-desc\">Un menu digne des plus grands restaurants.<\/div><\/div><\/figcaption><\/figure><div class=\"fg-loader\"><\/div><\/div><div class=\"fg-item fg-type-image fg-idle\"><figure class=\"fg-item-inner\"><a href=\"https:\/\/alpavista.ch\/Alp11\/wp-content\/uploads\/moosalp_15_020.jpg\" data-caption-title=\"Et tout \u00e7a, sans quitter la selle.\" data-caption-desc=\"Et tout \u00e7a, sans quitter la selle.\" data-attachment-id=\"36286\" data-type=\"image\" class=\"fg-thumb\"><span class=\"fg-image-wrap\"><img decoding=\"async\" alt=\"moosalp_15_020\" title=\"Et tout \u00e7a, sans quitter la selle.\" width=\"101\" height=\"57\" class=\"skip-lazy fg-image\" data-src-fg=\"https:\/\/alpavista.ch\/Alp11\/wp-content\/uploads\/cache\/moosalp_15_020\/2889311575.jpg\" src=\"data:image\/svg+xml,%3Csvg%20xmlns%3D%22http%3A%2F%2Fwww.w3.org%2F2000%2Fsvg%22%20width%3D%22101%22%20height%3D%2257%22%20viewBox%3D%220%200%20101%2057%22%3E%3C%2Fsvg%3E\" loading=\"eager\"><\/span><span class=\"fg-image-overlay\"><\/span><\/a><figcaption class=\"fg-caption\"><div class=\"fg-caption-inner\"><div class=\"fg-caption-desc\">Et tout \u00e7a, sans quitter la selle.<\/div><\/div><\/figcaption><\/figure><div class=\"fg-loader\"><\/div><\/div><div class=\"fg-item fg-type-image fg-idle\"><figure class=\"fg-item-inner\"><a href=\"https:\/\/alpavista.ch\/Alp11\/wp-content\/uploads\/moosalp_15_021.jpg\" data-caption-title=\"Enfin, presque sans quitter la selle.\" data-caption-desc=\"Enfin, presque sans quitter la selle.\" data-attachment-id=\"36285\" data-type=\"image\" class=\"fg-thumb\"><span class=\"fg-image-wrap\"><img decoding=\"async\" alt=\"moosalp_15_021\" title=\"Enfin, presque sans quitter la selle.\" width=\"101\" height=\"57\" class=\"skip-lazy fg-image\" data-src-fg=\"https:\/\/alpavista.ch\/Alp11\/wp-content\/uploads\/cache\/moosalp_15_021\/1894713135.jpg\" src=\"data:image\/svg+xml,%3Csvg%20xmlns%3D%22http%3A%2F%2Fwww.w3.org%2F2000%2Fsvg%22%20width%3D%22101%22%20height%3D%2257%22%20viewBox%3D%220%200%20101%2057%22%3E%3C%2Fsvg%3E\" loading=\"eager\"><\/span><span class=\"fg-image-overlay\"><\/span><\/a><figcaption class=\"fg-caption\"><div class=\"fg-caption-inner\"><div class=\"fg-caption-desc\">Enfin, presque sans quitter la selle.<\/div><\/div><\/figcaption><\/figure><div class=\"fg-loader\"><\/div><\/div><div class=\"fg-item fg-type-image fg-idle\"><figure class=\"fg-item-inner\"><a href=\"https:\/\/alpavista.ch\/Alp11\/wp-content\/uploads\/moosalp_15_022.jpg\" data-caption-title=\"Tous les grands chefs ont leurs petits secrets.\" data-caption-desc=\"Tous les grands chefs ont leurs petits secrets.\" data-attachment-id=\"36284\" data-type=\"image\" class=\"fg-thumb\"><span class=\"fg-image-wrap\"><img decoding=\"async\" alt=\"moosalp_15_022\" title=\"Tous les grands chefs ont leurs petits secrets.\" width=\"101\" height=\"57\" class=\"skip-lazy fg-image\" data-src-fg=\"https:\/\/alpavista.ch\/Alp11\/wp-content\/uploads\/cache\/moosalp_15_022\/1197548369.jpg\" src=\"data:image\/svg+xml,%3Csvg%20xmlns%3D%22http%3A%2F%2Fwww.w3.org%2F2000%2Fsvg%22%20width%3D%22101%22%20height%3D%2257%22%20viewBox%3D%220%200%20101%2057%22%3E%3C%2Fsvg%3E\" loading=\"eager\"><\/span><span class=\"fg-image-overlay\"><\/span><\/a><figcaption class=\"fg-caption\"><div class=\"fg-caption-inner\"><div class=\"fg-caption-desc\">Tous les grands chefs ont leurs petits secrets.<\/div><\/div><\/figcaption><\/figure><div class=\"fg-loader\"><\/div><\/div><div class=\"fg-item fg-type-image fg-idle\"><figure class=\"fg-item-inner\"><a href=\"https:\/\/alpavista.ch\/Alp11\/wp-content\/uploads\/moosalp_15_023.jpg\" data-caption-title=\"Emerger \u00e0 la lumi\u00e8re .... pour finir \u00e9cras\u00e9.\" data-caption-desc=\"Emerger \u00e0 la lumi\u00e8re .... pour finir \u00e9cras\u00e9.\" data-attachment-id=\"36283\" data-type=\"image\" class=\"fg-thumb\"><span class=\"fg-image-wrap\"><img decoding=\"async\" alt=\"moosalp_15_023\" title=\"Emerger \u00e0 la lumi\u00e8re .... pour finir \u00e9cras\u00e9.\" width=\"101\" height=\"57\" class=\"skip-lazy fg-image\" data-src-fg=\"https:\/\/alpavista.ch\/Alp11\/wp-content\/uploads\/cache\/moosalp_15_023\/305055134.jpg\" src=\"data:image\/svg+xml,%3Csvg%20xmlns%3D%22http%3A%2F%2Fwww.w3.org%2F2000%2Fsvg%22%20width%3D%22101%22%20height%3D%2257%22%20viewBox%3D%220%200%20101%2057%22%3E%3C%2Fsvg%3E\" loading=\"eager\"><\/span><span class=\"fg-image-overlay\"><\/span><\/a><figcaption class=\"fg-caption\"><div class=\"fg-caption-inner\"><div class=\"fg-caption-desc\">Emerger \u00e0 la lumi\u00e8re .... pour finir \u00e9cras\u00e9.<\/div><\/div><\/figcaption><\/figure><div class=\"fg-loader\"><\/div><\/div><div class=\"fg-item fg-type-image fg-idle\"><figure class=\"fg-item-inner\"><a href=\"https:\/\/alpavista.ch\/Alp11\/wp-content\/uploads\/moosalp_15_024.jpg\" data-caption-title=\"Autant choisir un chemin de traverse.\" data-caption-desc=\"Autant choisir un chemin de traverse.\" data-attachment-id=\"36282\" data-type=\"image\" class=\"fg-thumb\"><span class=\"fg-image-wrap\"><img decoding=\"async\" alt=\"moosalp_15_024\" title=\"Autant choisir un chemin de traverse.\" width=\"101\" height=\"57\" class=\"skip-lazy fg-image\" data-src-fg=\"https:\/\/alpavista.ch\/Alp11\/wp-content\/uploads\/cache\/moosalp_15_024\/2716528410.jpg\" src=\"data:image\/svg+xml,%3Csvg%20xmlns%3D%22http%3A%2F%2Fwww.w3.org%2F2000%2Fsvg%22%20width%3D%22101%22%20height%3D%2257%22%20viewBox%3D%220%200%20101%2057%22%3E%3C%2Fsvg%3E\" loading=\"eager\"><\/span><span class=\"fg-image-overlay\"><\/span><\/a><figcaption class=\"fg-caption\"><div class=\"fg-caption-inner\"><div class=\"fg-caption-desc\">Autant choisir un chemin de traverse.<\/div><\/div><\/figcaption><\/figure><div class=\"fg-loader\"><\/div><\/div><div class=\"fg-item fg-type-image fg-idle\"><figure class=\"fg-item-inner\"><a href=\"https:\/\/alpavista.ch\/Alp11\/wp-content\/uploads\/moosalp_15_025.jpg\" data-caption-title=\"La plus courageuse n&#039;est pas toujours celle que l&#039;on pense.\" data-caption-desc=\"La plus courageuse n&#039;est pas toujours celle que l&#039;on pense.\" data-attachment-id=\"36281\" data-type=\"image\" class=\"fg-thumb\"><span class=\"fg-image-wrap\"><img decoding=\"async\" alt=\"moosalp_15_025\" title=\"La plus courageuse n&#039;est pas toujours celle que l&#039;on pense.\" width=\"101\" height=\"57\" class=\"skip-lazy fg-image\" data-src-fg=\"https:\/\/alpavista.ch\/Alp11\/wp-content\/uploads\/cache\/moosalp_15_025\/2100464994.jpg\" src=\"data:image\/svg+xml,%3Csvg%20xmlns%3D%22http%3A%2F%2Fwww.w3.org%2F2000%2Fsvg%22%20width%3D%22101%22%20height%3D%2257%22%20viewBox%3D%220%200%20101%2057%22%3E%3C%2Fsvg%3E\" loading=\"eager\"><\/span><span class=\"fg-image-overlay\"><\/span><\/a><figcaption class=\"fg-caption\"><div class=\"fg-caption-inner\"><div class=\"fg-caption-desc\">La plus courageuse n'est pas toujours celle que l'on pense.<\/div><\/div><\/figcaption><\/figure><div class=\"fg-loader\"><\/div><\/div><div class=\"fg-item fg-type-image fg-idle\"><figure class=\"fg-item-inner\"><a href=\"https:\/\/alpavista.ch\/Alp11\/wp-content\/uploads\/moosalp_15_026.jpg\" data-caption-title=\"Quand l&#039;Augstbord finit par vous barrer le chemin, c&#039;est qu&#039;il faut songer \u00e0 plonger.\" data-caption-desc=\"Quand l&#039;Augstbord finit par vous barrer le chemin, c&#039;est qu&#039;il faut songer \u00e0 plonger.\" data-attachment-id=\"36280\" data-type=\"image\" class=\"fg-thumb\"><span class=\"fg-image-wrap\"><img decoding=\"async\" alt=\"moosalp_15_026\" title=\"Quand l&#039;Augstbord finit par vous barrer le chemin, c&#039;est qu&#039;il faut songer \u00e0 plonger.\" width=\"101\" height=\"57\" class=\"skip-lazy fg-image\" data-src-fg=\"https:\/\/alpavista.ch\/Alp11\/wp-content\/uploads\/cache\/moosalp_15_026\/1253878044.jpg\" src=\"data:image\/svg+xml,%3Csvg%20xmlns%3D%22http%3A%2F%2Fwww.w3.org%2F2000%2Fsvg%22%20width%3D%22101%22%20height%3D%2257%22%20viewBox%3D%220%200%20101%2057%22%3E%3C%2Fsvg%3E\" loading=\"eager\"><\/span><span class=\"fg-image-overlay\"><\/span><\/a><figcaption class=\"fg-caption\"><div class=\"fg-caption-inner\"><div class=\"fg-caption-desc\">Quand l'Augstbord finit par vous barrer le chemin, c'est qu'il faut songer \u00e0 plonger.<\/div><\/div><\/figcaption><\/figure><div class=\"fg-loader\"><\/div><\/div><div class=\"fg-item fg-type-image fg-idle\"><figure class=\"fg-item-inner\"><a href=\"https:\/\/alpavista.ch\/Alp11\/wp-content\/uploads\/moosalp_15_027.jpg\" data-caption-title=\"En apn\u00e9e ou avec Camel (et bouteilles), il faut juste se laisse emporter par la gravit\u00e9...\" data-caption-desc=\"En apn\u00e9e ou avec Camel (et bouteilles), il faut juste se laisse emporter par la gravit\u00e9...\" data-attachment-id=\"36279\" data-type=\"image\" class=\"fg-thumb\"><span class=\"fg-image-wrap\"><img decoding=\"async\" alt=\"moosalp_15_027\" title=\"En apn\u00e9e ou avec Camel (et bouteilles), il faut juste se laisse emporter par la gravit\u00e9...\" width=\"101\" height=\"57\" class=\"skip-lazy fg-image\" data-src-fg=\"https:\/\/alpavista.ch\/Alp11\/wp-content\/uploads\/cache\/moosalp_15_027\/1084580578.jpg\" src=\"data:image\/svg+xml,%3Csvg%20xmlns%3D%22http%3A%2F%2Fwww.w3.org%2F2000%2Fsvg%22%20width%3D%22101%22%20height%3D%2257%22%20viewBox%3D%220%200%20101%2057%22%3E%3C%2Fsvg%3E\" loading=\"eager\"><\/span><span class=\"fg-image-overlay\"><\/span><\/a><figcaption class=\"fg-caption\"><div class=\"fg-caption-inner\"><div class=\"fg-caption-desc\">En apn\u00e9e ou avec Camel (et bouteilles), il faut juste se laisse emporter par la gravit\u00e9...<\/div><\/div><\/figcaption><\/figure><div class=\"fg-loader\"><\/div><\/div><div class=\"fg-item fg-type-image fg-idle\"><figure class=\"fg-item-inner\"><a href=\"https:\/\/alpavista.ch\/Alp11\/wp-content\/uploads\/moosalp_15_028.jpg\" data-caption-title=\"... dans un versant \u00e9cras\u00e9 de chaleur et fourmillant de chemins.\" data-caption-desc=\"... dans un versant \u00e9cras\u00e9 de chaleur et fourmillant de chemins.\" data-attachment-id=\"36278\" data-type=\"image\" class=\"fg-thumb\"><span class=\"fg-image-wrap\"><img decoding=\"async\" alt=\"moosalp_15_028\" title=\"... dans un versant \u00e9cras\u00e9 de chaleur et fourmillant de chemins.\" width=\"101\" height=\"57\" class=\"skip-lazy fg-image\" data-src-fg=\"https:\/\/alpavista.ch\/Alp11\/wp-content\/uploads\/cache\/moosalp_15_028\/545543123.jpg\" src=\"data:image\/svg+xml,%3Csvg%20xmlns%3D%22http%3A%2F%2Fwww.w3.org%2F2000%2Fsvg%22%20width%3D%22101%22%20height%3D%2257%22%20viewBox%3D%220%200%20101%2057%22%3E%3C%2Fsvg%3E\" loading=\"eager\"><\/span><span class=\"fg-image-overlay\"><\/span><\/a><figcaption class=\"fg-caption\"><div class=\"fg-caption-inner\"><div class=\"fg-caption-desc\">... dans un versant \u00e9cras\u00e9 de chaleur et fourmillant de chemins.<\/div><\/div><\/figcaption><\/figure><div class=\"fg-loader\"><\/div><\/div><div class=\"fg-item fg-type-image fg-idle\"><figure class=\"fg-item-inner\"><a href=\"https:\/\/alpavista.ch\/Alp11\/wp-content\/uploads\/moosalp_15_029.jpg\" data-caption-title=\"Du lacet, en veux-tu ...\" data-caption-desc=\"Du lacet, en veux-tu ...\" data-attachment-id=\"36277\" data-type=\"image\" class=\"fg-thumb\"><span class=\"fg-image-wrap\"><img decoding=\"async\" alt=\"moosalp_15_029\" title=\"Du lacet, en veux-tu ...\" width=\"101\" height=\"57\" class=\"skip-lazy fg-image\" data-src-fg=\"https:\/\/alpavista.ch\/Alp11\/wp-content\/uploads\/cache\/moosalp_15_029\/3180706355.jpg\" src=\"data:image\/svg+xml,%3Csvg%20xmlns%3D%22http%3A%2F%2Fwww.w3.org%2F2000%2Fsvg%22%20width%3D%22101%22%20height%3D%2257%22%20viewBox%3D%220%200%20101%2057%22%3E%3C%2Fsvg%3E\" loading=\"eager\"><\/span><span class=\"fg-image-overlay\"><\/span><\/a><figcaption class=\"fg-caption\"><div class=\"fg-caption-inner\"><div class=\"fg-caption-desc\">Du lacet, en veux-tu ...<\/div><\/div><\/figcaption><\/figure><div class=\"fg-loader\"><\/div><\/div><div class=\"fg-item fg-type-image fg-idle\"><figure class=\"fg-item-inner\"><a href=\"https:\/\/alpavista.ch\/Alp11\/wp-content\/uploads\/moosalp_15_030.jpg\" data-caption-title=\"... en voil\u00e0.\" data-caption-desc=\"... en voil\u00e0.\" data-attachment-id=\"36276\" data-type=\"image\" class=\"fg-thumb\"><span class=\"fg-image-wrap\"><img decoding=\"async\" alt=\"moosalp_15_030\" title=\"... en voil\u00e0.\" width=\"101\" height=\"57\" class=\"skip-lazy fg-image\" data-src-fg=\"https:\/\/alpavista.ch\/Alp11\/wp-content\/uploads\/cache\/moosalp_15_030\/211850950.jpg\" src=\"data:image\/svg+xml,%3Csvg%20xmlns%3D%22http%3A%2F%2Fwww.w3.org%2F2000%2Fsvg%22%20width%3D%22101%22%20height%3D%2257%22%20viewBox%3D%220%200%20101%2057%22%3E%3C%2Fsvg%3E\" loading=\"eager\"><\/span><span class=\"fg-image-overlay\"><\/span><\/a><figcaption class=\"fg-caption\"><div class=\"fg-caption-inner\"><div class=\"fg-caption-desc\">... en voil\u00e0.<\/div><\/div><\/figcaption><\/figure><div class=\"fg-loader\"><\/div><\/div><div class=\"fg-item fg-type-image fg-idle\"><figure class=\"fg-item-inner\"><a href=\"https:\/\/alpavista.ch\/Alp11\/wp-content\/uploads\/moosalp_15_031.jpg\" data-caption-title=\"Et du gaz \u00e0 tous les coins de wanderweg.\" data-caption-desc=\"Et du gaz \u00e0 tous les coins de wanderweg.\" data-attachment-id=\"36275\" data-type=\"image\" class=\"fg-thumb\"><span class=\"fg-image-wrap\"><img decoding=\"async\" alt=\"moosalp_15_031\" title=\"Et du gaz \u00e0 tous les coins de wanderweg.\" width=\"101\" height=\"57\" class=\"skip-lazy fg-image\" data-src-fg=\"https:\/\/alpavista.ch\/Alp11\/wp-content\/uploads\/cache\/moosalp_15_031\/3497587902.jpg\" src=\"data:image\/svg+xml,%3Csvg%20xmlns%3D%22http%3A%2F%2Fwww.w3.org%2F2000%2Fsvg%22%20width%3D%22101%22%20height%3D%2257%22%20viewBox%3D%220%200%20101%2057%22%3E%3C%2Fsvg%3E\" loading=\"eager\"><\/span><span class=\"fg-image-overlay\"><\/span><\/a><figcaption class=\"fg-caption\"><div class=\"fg-caption-inner\"><div class=\"fg-caption-desc\">Et du gaz \u00e0 tous les coins de wanderweg.<\/div><\/div><\/figcaption><\/figure><div class=\"fg-loader\"><\/div><\/div><div class=\"fg-item fg-type-image fg-idle\"><figure class=\"fg-item-inner\"><a href=\"https:\/\/alpavista.ch\/Alp11\/wp-content\/uploads\/moosalp_15_032.jpg\" data-caption-title=\"Ici, tous les chemins m\u00e8nent \u00e0 Embd, m\u00eame, ou surtout, celui des gorges du Tschongbar.\" data-caption-desc=\"Ici, tous les chemins m\u00e8nent \u00e0 Embd, m\u00eame, ou surtout, celui des gorges du Tschongbar.\" data-attachment-id=\"36274\" data-type=\"image\" class=\"fg-thumb\"><span class=\"fg-image-wrap\"><img decoding=\"async\" alt=\"moosalp_15_032\" title=\"Ici, tous les chemins m\u00e8nent \u00e0 Embd, m\u00eame, ou surtout, celui des gorges du Tschongbar.\" width=\"101\" height=\"57\" class=\"skip-lazy fg-image\" data-src-fg=\"https:\/\/alpavista.ch\/Alp11\/wp-content\/uploads\/cache\/moosalp_15_032\/3891712192.jpg\" src=\"data:image\/svg+xml,%3Csvg%20xmlns%3D%22http%3A%2F%2Fwww.w3.org%2F2000%2Fsvg%22%20width%3D%22101%22%20height%3D%2257%22%20viewBox%3D%220%200%20101%2057%22%3E%3C%2Fsvg%3E\" loading=\"eager\"><\/span><span class=\"fg-image-overlay\"><\/span><\/a><figcaption class=\"fg-caption\"><div class=\"fg-caption-inner\"><div class=\"fg-caption-desc\">Ici, tous les chemins m\u00e8nent \u00e0 Embd, m\u00eame, ou surtout, celui des gorges du Tschongbar.<\/div><\/div><\/figcaption><\/figure><div class=\"fg-loader\"><\/div><\/div><div class=\"fg-item fg-type-image fg-idle\"><figure class=\"fg-item-inner\"><a href=\"https:\/\/alpavista.ch\/Alp11\/wp-content\/uploads\/moosalp_15_033.jpg\" data-caption-title=\"Vieux madriers et Yak Pfad, notre retour parmi la civilisation se pr\u00e9cise.\" data-caption-desc=\"Vieux madriers et Yak Pfad, notre retour parmi la civilisation se pr\u00e9cise.\" data-attachment-id=\"36273\" data-type=\"image\" class=\"fg-thumb\"><span class=\"fg-image-wrap\"><img decoding=\"async\" alt=\"moosalp_15_033\" title=\"Vieux madriers et Yak Pfad, notre retour parmi la civilisation se pr\u00e9cise.\" width=\"101\" height=\"57\" class=\"skip-lazy fg-image\" data-src-fg=\"https:\/\/alpavista.ch\/Alp11\/wp-content\/uploads\/cache\/moosalp_15_033\/2998482447.jpg\" src=\"data:image\/svg+xml,%3Csvg%20xmlns%3D%22http%3A%2F%2Fwww.w3.org%2F2000%2Fsvg%22%20width%3D%22101%22%20height%3D%2257%22%20viewBox%3D%220%200%20101%2057%22%3E%3C%2Fsvg%3E\" loading=\"eager\"><\/span><span class=\"fg-image-overlay\"><\/span><\/a><figcaption class=\"fg-caption\"><div class=\"fg-caption-inner\"><div class=\"fg-caption-desc\">Vieux madriers et Yak Pfad, notre retour parmi la civilisation se pr\u00e9cise.<\/div><\/div><\/figcaption><\/figure><div class=\"fg-loader\"><\/div><\/div><div class=\"fg-item fg-type-image fg-idle\"><figure class=\"fg-item-inner\"><a href=\"https:\/\/alpavista.ch\/Alp11\/wp-content\/uploads\/moosalp_15_034.jpg\" data-caption-title=\"Quelle civilisation, on ne sait pas, mais une civilisation bien gard\u00e9e ...\" data-caption-desc=\"Quelle civilisation, on ne sait pas, mais une civilisation bien gard\u00e9e ...\" data-attachment-id=\"36272\" data-type=\"image\" class=\"fg-thumb\"><span class=\"fg-image-wrap\"><img decoding=\"async\" alt=\"moosalp_15_034\" title=\"Quelle civilisation, on ne sait pas, mais une civilisation bien gard\u00e9e ...\" width=\"101\" height=\"57\" class=\"skip-lazy fg-image\" data-src-fg=\"https:\/\/alpavista.ch\/Alp11\/wp-content\/uploads\/cache\/moosalp_15_034\/24976523.jpg\" src=\"data:image\/svg+xml,%3Csvg%20xmlns%3D%22http%3A%2F%2Fwww.w3.org%2F2000%2Fsvg%22%20width%3D%22101%22%20height%3D%2257%22%20viewBox%3D%220%200%20101%2057%22%3E%3C%2Fsvg%3E\" loading=\"eager\"><\/span><span class=\"fg-image-overlay\"><\/span><\/a><figcaption class=\"fg-caption\"><div class=\"fg-caption-inner\"><div class=\"fg-caption-desc\">Quelle civilisation, on ne sait pas, mais une civilisation bien gard\u00e9e ...<\/div><\/div><\/figcaption><\/figure><div class=\"fg-loader\"><\/div><\/div><div class=\"fg-item fg-type-image fg-idle\"><figure class=\"fg-item-inner\"><a href=\"https:\/\/alpavista.ch\/Alp11\/wp-content\/uploads\/moosalp_15_035.jpg\" data-caption-title=\"...vu les rangs de fils qui cernent son chemin.\" data-caption-desc=\"...vu les rangs de fils qui cernent son chemin.\" data-attachment-id=\"36271\" data-type=\"image\" class=\"fg-thumb\"><span class=\"fg-image-wrap\"><img decoding=\"async\" alt=\"moosalp_15_035\" title=\"...vu les rangs de fils qui cernent son chemin.\" width=\"101\" height=\"57\" class=\"skip-lazy fg-image\" data-src-fg=\"https:\/\/alpavista.ch\/Alp11\/wp-content\/uploads\/cache\/moosalp_15_035\/3718610675.jpg\" src=\"data:image\/svg+xml,%3Csvg%20xmlns%3D%22http%3A%2F%2Fwww.w3.org%2F2000%2Fsvg%22%20width%3D%22101%22%20height%3D%2257%22%20viewBox%3D%220%200%20101%2057%22%3E%3C%2Fsvg%3E\" loading=\"eager\"><\/span><span class=\"fg-image-overlay\"><\/span><\/a><figcaption class=\"fg-caption\"><div class=\"fg-caption-inner\"><div class=\"fg-caption-desc\">...vu les rangs de fils qui cernent son chemin.<\/div><\/div><\/figcaption><\/figure><div class=\"fg-loader\"><\/div><\/div><div class=\"fg-item fg-type-image fg-idle\"><figure class=\"fg-item-inner\"><a href=\"https:\/\/alpavista.ch\/Alp11\/wp-content\/uploads\/moosalp_15_036.jpg\" data-caption-title=\"La banque Raiffeisen la plus pittoresque et la plus improbable du monde.\" data-caption-desc=\"La banque Raiffeisen la plus pittoresque et la plus improbable du monde.\" data-attachment-id=\"36270\" data-type=\"image\" class=\"fg-thumb\"><span class=\"fg-image-wrap\"><img decoding=\"async\" alt=\"moosalp_15_036\" title=\"La banque Raiffeisen la plus pittoresque et la plus improbable du monde.\" width=\"101\" height=\"57\" class=\"skip-lazy fg-image\" data-src-fg=\"https:\/\/alpavista.ch\/Alp11\/wp-content\/uploads\/cache\/moosalp_15_036\/3928709773.jpg\" src=\"data:image\/svg+xml,%3Csvg%20xmlns%3D%22http%3A%2F%2Fwww.w3.org%2F2000%2Fsvg%22%20width%3D%22101%22%20height%3D%2257%22%20viewBox%3D%220%200%20101%2057%22%3E%3C%2Fsvg%3E\" loading=\"eager\"><\/span><span class=\"fg-image-overlay\"><\/span><\/a><figcaption class=\"fg-caption\"><div class=\"fg-caption-inner\"><div class=\"fg-caption-desc\">La banque Raiffeisen la plus pittoresque et la plus improbable du monde.<\/div><\/div><\/figcaption><\/figure><div class=\"fg-loader\"><\/div><\/div><div class=\"fg-item fg-type-image fg-idle\"><figure class=\"fg-item-inner\"><a href=\"https:\/\/alpavista.ch\/Alp11\/wp-content\/uploads\/moosalp_15_037.jpg\" data-caption-title=\"Si vous d\u00e9cidez de quitter le chemin, pr\u00e9venez les voisins (du dessous), pour qu&#039;ils ferment leur V\u00e9lux.\" data-caption-desc=\"Si vous d\u00e9cidez de quitter le chemin, pr\u00e9venez les voisins (du dessous), pour qu&#039;ils ferment leur V\u00e9lux.\" data-attachment-id=\"36269\" data-type=\"image\" class=\"fg-thumb\"><span class=\"fg-image-wrap\"><img decoding=\"async\" alt=\"moosalp_15_037\" title=\"Si vous d\u00e9cidez de quitter le chemin, pr\u00e9venez les voisins (du dessous), pour qu&#039;ils ferment leur V\u00e9lux.\" width=\"101\" height=\"57\" class=\"skip-lazy fg-image\" data-src-fg=\"https:\/\/alpavista.ch\/Alp11\/wp-content\/uploads\/cache\/moosalp_15_037\/3654916219.jpg\" src=\"data:image\/svg+xml,%3Csvg%20xmlns%3D%22http%3A%2F%2Fwww.w3.org%2F2000%2Fsvg%22%20width%3D%22101%22%20height%3D%2257%22%20viewBox%3D%220%200%20101%2057%22%3E%3C%2Fsvg%3E\" loading=\"eager\"><\/span><span class=\"fg-image-overlay\"><\/span><\/a><figcaption class=\"fg-caption\"><div class=\"fg-caption-inner\"><div class=\"fg-caption-desc\">Si vous d\u00e9cidez de quitter le chemin, pr\u00e9venez les voisins (du dessous), pour qu'ils ferment leur V\u00e9lux.<\/div><\/div><\/figcaption><\/figure><div class=\"fg-loader\"><\/div><\/div><div class=\"fg-item fg-type-image fg-idle\"><figure class=\"fg-item-inner\"><a href=\"https:\/\/alpavista.ch\/Alp11\/wp-content\/uploads\/moosalp_15_038.jpg\" data-caption-title=\"Heidi fait du bike et on ne le savait pas. D\u00e9cid\u00e9ment, on nous cache tout.\" data-caption-desc=\"Heidi fait du bike et on ne le savait pas. D\u00e9cid\u00e9ment, on nous cache tout.\" data-attachment-id=\"36268\" data-type=\"image\" class=\"fg-thumb\"><span class=\"fg-image-wrap\"><img decoding=\"async\" alt=\"moosalp_15_038\" title=\"Heidi fait du bike et on ne le savait pas. D\u00e9cid\u00e9ment, on nous cache tout.\" width=\"101\" height=\"57\" class=\"skip-lazy fg-image\" data-src-fg=\"https:\/\/alpavista.ch\/Alp11\/wp-content\/uploads\/cache\/moosalp_15_038\/3120081226.jpg\" src=\"data:image\/svg+xml,%3Csvg%20xmlns%3D%22http%3A%2F%2Fwww.w3.org%2F2000%2Fsvg%22%20width%3D%22101%22%20height%3D%2257%22%20viewBox%3D%220%200%20101%2057%22%3E%3C%2Fsvg%3E\" loading=\"eager\"><\/span><span class=\"fg-image-overlay\"><\/span><\/a><figcaption class=\"fg-caption\"><div class=\"fg-caption-inner\"><div class=\"fg-caption-desc\">Heidi fait du bike et on ne le savait pas. D\u00e9cid\u00e9ment, on nous cache tout.<\/div><\/div><\/figcaption><\/figure><div class=\"fg-loader\"><\/div><\/div><div class=\"fg-item fg-type-image fg-idle\"><figure class=\"fg-item-inner\"><a href=\"https:\/\/alpavista.ch\/Alp11\/wp-content\/uploads\/moosalp_15_039.jpg\" data-caption-title=\"Le Kalpetran Express, une vieille connaissance longtemps plus visit\u00e9e...\" data-caption-desc=\"Le Kalpetran Express, une vieille connaissance longtemps plus visit\u00e9e...\" data-attachment-id=\"36267\" data-type=\"image\" class=\"fg-thumb\"><span class=\"fg-image-wrap\"><img decoding=\"async\" alt=\"moosalp_15_039\" title=\"Le Kalpetran Express, une vieille connaissance longtemps plus visit\u00e9e...\" width=\"101\" height=\"57\" class=\"skip-lazy fg-image\" data-src-fg=\"https:\/\/alpavista.ch\/Alp11\/wp-content\/uploads\/cache\/moosalp_15_039\/619266218.jpg\" src=\"data:image\/svg+xml,%3Csvg%20xmlns%3D%22http%3A%2F%2Fwww.w3.org%2F2000%2Fsvg%22%20width%3D%22101%22%20height%3D%2257%22%20viewBox%3D%220%200%20101%2057%22%3E%3C%2Fsvg%3E\" loading=\"eager\"><\/span><span class=\"fg-image-overlay\"><\/span><\/a><figcaption class=\"fg-caption\"><div class=\"fg-caption-inner\"><div class=\"fg-caption-desc\">Le Kalpetran Express, une vieille connaissance longtemps plus visit\u00e9e...<\/div><\/div><\/figcaption><\/figure><div class=\"fg-loader\"><\/div><\/div><div class=\"fg-item fg-type-image fg-idle\"><figure class=\"fg-item-inner\"><a href=\"https:\/\/alpavista.ch\/Alp11\/wp-content\/uploads\/moosalp_15_040.jpg\" data-caption-title=\"... mais toujours aussi adepte de tricot ...\" data-caption-desc=\"... mais toujours aussi adepte de tricot ...\" data-attachment-id=\"36266\" data-type=\"image\" class=\"fg-thumb\"><span class=\"fg-image-wrap\"><img decoding=\"async\" alt=\"moosalp_15_040\" title=\"... mais toujours aussi adepte de tricot ...\" width=\"101\" height=\"57\" class=\"skip-lazy fg-image\" data-src-fg=\"https:\/\/alpavista.ch\/Alp11\/wp-content\/uploads\/cache\/moosalp_15_040\/3871741397.jpg\" src=\"data:image\/svg+xml,%3Csvg%20xmlns%3D%22http%3A%2F%2Fwww.w3.org%2F2000%2Fsvg%22%20width%3D%22101%22%20height%3D%2257%22%20viewBox%3D%220%200%20101%2057%22%3E%3C%2Fsvg%3E\" loading=\"eager\"><\/span><span class=\"fg-image-overlay\"><\/span><\/a><figcaption class=\"fg-caption\"><div class=\"fg-caption-inner\"><div class=\"fg-caption-desc\">... mais toujours aussi adepte de tricot ...<\/div><\/div><\/figcaption><\/figure><div class=\"fg-loader\"><\/div><\/div><div class=\"fg-item fg-type-image fg-idle\"><figure class=\"fg-item-inner\"><a href=\"https:\/\/alpavista.ch\/Alp11\/wp-content\/uploads\/moosalp_15_041.jpg\" data-caption-title=\"... et de schuss.\" data-caption-desc=\"... et de schuss.\" data-attachment-id=\"36265\" data-type=\"image\" class=\"fg-thumb\"><span class=\"fg-image-wrap\"><img decoding=\"async\" alt=\"moosalp_15_041\" title=\"... et de schuss.\" width=\"101\" height=\"57\" class=\"skip-lazy fg-image\" data-src-fg=\"https:\/\/alpavista.ch\/Alp11\/wp-content\/uploads\/cache\/moosalp_15_041\/975075245.jpg\" src=\"data:image\/svg+xml,%3Csvg%20xmlns%3D%22http%3A%2F%2Fwww.w3.org%2F2000%2Fsvg%22%20width%3D%22101%22%20height%3D%2257%22%20viewBox%3D%220%200%20101%2057%22%3E%3C%2Fsvg%3E\" loading=\"eager\"><\/span><span class=\"fg-image-overlay\"><\/span><\/a><figcaption class=\"fg-caption\"><div class=\"fg-caption-inner\"><div class=\"fg-caption-desc\">... et de schuss.<\/div><\/div><\/figcaption><\/figure><div class=\"fg-loader\"><\/div><\/div><div class=\"fg-item fg-type-image fg-idle\"><figure class=\"fg-item-inner\"><a href=\"https:\/\/alpavista.ch\/Alp11\/wp-content\/uploads\/moosalp_15_042.jpg\" data-caption-title=\"Keep The Line Or Fly, version Mattertal.\" data-caption-desc=\"Keep The Line Or Fly, version Mattertal.\" data-attachment-id=\"36264\" data-type=\"image\" class=\"fg-thumb\"><span class=\"fg-image-wrap\"><img decoding=\"async\" alt=\"moosalp_15_042\" title=\"Keep The Line Or Fly, version Mattertal.\" width=\"101\" height=\"57\" class=\"skip-lazy fg-image\" data-src-fg=\"https:\/\/alpavista.ch\/Alp11\/wp-content\/uploads\/cache\/moosalp_15_042\/227562451.jpg\" src=\"data:image\/svg+xml,%3Csvg%20xmlns%3D%22http%3A%2F%2Fwww.w3.org%2F2000%2Fsvg%22%20width%3D%22101%22%20height%3D%2257%22%20viewBox%3D%220%200%20101%2057%22%3E%3C%2Fsvg%3E\" loading=\"eager\"><\/span><span class=\"fg-image-overlay\"><\/span><\/a><figcaption class=\"fg-caption\"><div class=\"fg-caption-inner\"><div class=\"fg-caption-desc\">Keep The Line Or Fly, version Mattertal.<\/div><\/div><\/figcaption><\/figure><div class=\"fg-loader\"><\/div><\/div><div class=\"fg-item fg-type-image fg-idle\"><figure class=\"fg-item-inner\"><a href=\"https:\/\/alpavista.ch\/Alp11\/wp-content\/uploads\/moosalp_15_043.jpg\" data-caption-title=\"Quand les mailles se resserrent...\" data-caption-desc=\"Quand les mailles se resserrent...\" data-attachment-id=\"36263\" data-type=\"image\" class=\"fg-thumb\"><span class=\"fg-image-wrap\"><img decoding=\"async\" alt=\"moosalp_15_043\" title=\"Quand les mailles se resserrent...\" width=\"101\" height=\"57\" class=\"skip-lazy fg-image\" data-src-fg=\"https:\/\/alpavista.ch\/Alp11\/wp-content\/uploads\/cache\/moosalp_15_043\/1491055900.jpg\" src=\"data:image\/svg+xml,%3Csvg%20xmlns%3D%22http%3A%2F%2Fwww.w3.org%2F2000%2Fsvg%22%20width%3D%22101%22%20height%3D%2257%22%20viewBox%3D%220%200%20101%2057%22%3E%3C%2Fsvg%3E\" loading=\"eager\"><\/span><span class=\"fg-image-overlay\"><\/span><\/a><figcaption class=\"fg-caption\"><div class=\"fg-caption-inner\"><div class=\"fg-caption-desc\">Quand les mailles se resserrent...<\/div><\/div><\/figcaption><\/figure><div class=\"fg-loader\"><\/div><\/div><div class=\"fg-item fg-type-image fg-idle\"><figure class=\"fg-item-inner\"><a href=\"https:\/\/alpavista.ch\/Alp11\/wp-content\/uploads\/moosalp_15_044.jpg\" data-caption-title=\"... il faut garder l&#039;oeil ouvert ...\" data-caption-desc=\"... il faut garder l&#039;oeil ouvert ...\" data-attachment-id=\"36262\" data-type=\"image\" class=\"fg-thumb\"><span class=\"fg-image-wrap\"><img decoding=\"async\" alt=\"moosalp_15_044\" title=\"... il faut garder l&#039;oeil ouvert ...\" width=\"101\" height=\"57\" class=\"skip-lazy fg-image\" data-src-fg=\"https:\/\/alpavista.ch\/Alp11\/wp-content\/uploads\/cache\/moosalp_15_044\/3944456088.jpg\" src=\"data:image\/svg+xml,%3Csvg%20xmlns%3D%22http%3A%2F%2Fwww.w3.org%2F2000%2Fsvg%22%20width%3D%22101%22%20height%3D%2257%22%20viewBox%3D%220%200%20101%2057%22%3E%3C%2Fsvg%3E\" loading=\"eager\"><\/span><span class=\"fg-image-overlay\"><\/span><\/a><figcaption class=\"fg-caption\"><div class=\"fg-caption-inner\"><div class=\"fg-caption-desc\">... il faut garder l'oeil ouvert ...<\/div><\/div><\/figcaption><\/figure><div class=\"fg-loader\"><\/div><\/div><div class=\"fg-item fg-type-image fg-idle\"><figure class=\"fg-item-inner\"><a href=\"https:\/\/alpavista.ch\/Alp11\/wp-content\/uploads\/moosalp_15_045.jpg\" data-caption-title=\"... et le cintre expert.\" data-caption-desc=\"... et le cintre expert.\" data-attachment-id=\"36261\" data-type=\"image\" class=\"fg-thumb\"><span class=\"fg-image-wrap\"><img decoding=\"async\" alt=\"moosalp_15_045\" title=\"... et le cintre expert.\" width=\"101\" height=\"57\" class=\"skip-lazy fg-image\" data-src-fg=\"https:\/\/alpavista.ch\/Alp11\/wp-content\/uploads\/cache\/moosalp_15_045\/935591392.jpg\" src=\"data:image\/svg+xml,%3Csvg%20xmlns%3D%22http%3A%2F%2Fwww.w3.org%2F2000%2Fsvg%22%20width%3D%22101%22%20height%3D%2257%22%20viewBox%3D%220%200%20101%2057%22%3E%3C%2Fsvg%3E\" loading=\"eager\"><\/span><span class=\"fg-image-overlay\"><\/span><\/a><figcaption class=\"fg-caption\"><div class=\"fg-caption-inner\"><div class=\"fg-caption-desc\">... et le cintre expert.<\/div><\/div><\/figcaption><\/figure><div class=\"fg-loader\"><\/div><\/div><div class=\"fg-item fg-type-image fg-idle\"><figure class=\"fg-item-inner\"><a href=\"https:\/\/alpavista.ch\/Alp11\/wp-content\/uploads\/moosalp_15_046.jpg\" data-caption-title=\"Et un belle gauche, pour terminer le tricot &quot;kalpetranisch&quot;.\" data-caption-desc=\"Et un belle gauche, pour terminer le tricot &quot;kalpetranisch&quot;.\" data-attachment-id=\"36260\" data-type=\"image\" class=\"fg-thumb\"><span class=\"fg-image-wrap\"><img decoding=\"async\" alt=\"moosalp_15_046\" title=\"Et un belle gauche, pour terminer le tricot &quot;kalpetranisch&quot;.\" width=\"101\" height=\"57\" class=\"skip-lazy fg-image\" data-src-fg=\"https:\/\/alpavista.ch\/Alp11\/wp-content\/uploads\/cache\/moosalp_15_046\/5101982.jpg\" src=\"data:image\/svg+xml,%3Csvg%20xmlns%3D%22http%3A%2F%2Fwww.w3.org%2F2000%2Fsvg%22%20width%3D%22101%22%20height%3D%2257%22%20viewBox%3D%220%200%20101%2057%22%3E%3C%2Fsvg%3E\" loading=\"eager\"><\/span><span class=\"fg-image-overlay\"><\/span><\/a><figcaption class=\"fg-caption\"><div class=\"fg-caption-inner\"><div class=\"fg-caption-desc\">Et un belle gauche, pour terminer le tricot \"kalpetranisch\".<\/div><\/div><\/figcaption><\/figure><div class=\"fg-loader\"><\/div><\/div><div class=\"fg-item fg-type-image fg-idle\"><figure class=\"fg-item-inner\"><a href=\"https:\/\/alpavista.ch\/Alp11\/wp-content\/uploads\/moosalp_15_047.jpg\" data-caption-title=\"L&#039;un est de fer, l&#039;autre de terre, ou quand un chemin peut en cacher un autre.\" data-caption-desc=\"L&#039;un est de fer, l&#039;autre de terre, ou quand un chemin peut en cacher un autre.\" data-attachment-id=\"36259\" data-type=\"image\" class=\"fg-thumb\"><span class=\"fg-image-wrap\"><img decoding=\"async\" alt=\"moosalp_15_047\" title=\"L&#039;un est de fer, l&#039;autre de terre, ou quand un chemin peut en cacher un autre.\" width=\"101\" height=\"57\" class=\"skip-lazy fg-image\" data-src-fg=\"https:\/\/alpavista.ch\/Alp11\/wp-content\/uploads\/cache\/moosalp_15_047\/4106338461.jpg\" src=\"data:image\/svg+xml,%3Csvg%20xmlns%3D%22http%3A%2F%2Fwww.w3.org%2F2000%2Fsvg%22%20width%3D%22101%22%20height%3D%2257%22%20viewBox%3D%220%200%20101%2057%22%3E%3C%2Fsvg%3E\" loading=\"eager\"><\/span><span class=\"fg-image-overlay\"><\/span><\/a><figcaption class=\"fg-caption\"><div class=\"fg-caption-inner\"><div class=\"fg-caption-desc\">L'un est de fer, l'autre de terre, ou quand un chemin peut en cacher un autre.<\/div><\/div><\/figcaption><\/figure><div class=\"fg-loader\"><\/div><\/div><div class=\"fg-item fg-type-image fg-idle\"><figure class=\"fg-item-inner\"><a href=\"https:\/\/alpavista.ch\/Alp11\/wp-content\/uploads\/moosalp_15_048.jpg\" data-caption-title=\"Caravane pour une retour en plaine accablant de chaleur.\" data-caption-desc=\"Caravane pour une retour en plaine accablant de chaleur.\" data-attachment-id=\"36258\" data-type=\"image\" class=\"fg-thumb\"><span class=\"fg-image-wrap\"><img decoding=\"async\" alt=\"moosalp_15_048\" title=\"Caravane pour une retour en plaine accablant de chaleur.\" width=\"101\" height=\"57\" class=\"skip-lazy fg-image\" data-src-fg=\"https:\/\/alpavista.ch\/Alp11\/wp-content\/uploads\/cache\/moosalp_15_048\/2497769900.jpg\" src=\"data:image\/svg+xml,%3Csvg%20xmlns%3D%22http%3A%2F%2Fwww.w3.org%2F2000%2Fsvg%22%20width%3D%22101%22%20height%3D%2257%22%20viewBox%3D%220%200%20101%2057%22%3E%3C%2Fsvg%3E\" loading=\"eager\"><\/span><span class=\"fg-image-overlay\"><\/span><\/a><figcaption class=\"fg-caption\"><div class=\"fg-caption-inner\"><div class=\"fg-caption-desc\">Caravane pour une retour en plaine accablant de chaleur.<\/div><\/div><\/figcaption><\/figure><div class=\"fg-loader\"><\/div><\/div><div class=\"fg-item fg-type-image fg-idle\"><figure class=\"fg-item-inner\"><a href=\"https:\/\/alpavista.ch\/Alp11\/wp-content\/uploads\/moosalp_15_049.jpg\" data-caption-title=\"Subway Bike.\" data-caption-desc=\"Subway Bike.\" data-attachment-id=\"36257\" data-type=\"image\" class=\"fg-thumb\"><span class=\"fg-image-wrap\"><img decoding=\"async\" alt=\"moosalp_15_049\" title=\"Subway Bike.\" width=\"101\" height=\"57\" class=\"skip-lazy fg-image\" data-src-fg=\"https:\/\/alpavista.ch\/Alp11\/wp-content\/uploads\/cache\/moosalp_15_049\/166795340.jpg\" src=\"data:image\/svg+xml,%3Csvg%20xmlns%3D%22http%3A%2F%2Fwww.w3.org%2F2000%2Fsvg%22%20width%3D%22101%22%20height%3D%2257%22%20viewBox%3D%220%200%20101%2057%22%3E%3C%2Fsvg%3E\" loading=\"eager\"><\/span><span class=\"fg-image-overlay\"><\/span><\/a><figcaption class=\"fg-caption\"><div class=\"fg-caption-inner\"><div class=\"fg-caption-desc\">Subway Bike.<\/div><\/div><\/figcaption><\/figure><div class=\"fg-loader\"><\/div><\/div><\/div>\n\n<input class=\"fooboxshare_post_id\" type=\"hidden\" value=\"5863\"\/>","protected":false},"excerpt":{"rendered":"<p>Pour c\u00e9l\u00e9brer \u00e0 notre mani\u00e8re la f\u00eate nationale, avec un jour d\u2019avance, mais aussi avec une m\u00e9t\u00e9o radieuse, nous avons choisi de revisiter cet original triptyque haut-valaisan. Passer de la vall\u00e9e du Rh\u00f4ne au Mattertal en remontant d\u2019abord le Ginals, puis en enjambant panoramique \u00e9paulement de Moosalp et, enfin, en plongeant dans les gorges abruptes menant \u00e0 Embd, puis Kalpetran, reste un dessert de choix pour terminer le festin de ce juillet 2015 hors-norme (5\u00b0C au-dessus de la moyenne, aux [&hellip;]<\/p>\n","protected":false},"author":2,"featured_media":6140,"comment_status":"open","ping_status":"open","sticky":false,"template":"","format":"standard","meta":{"footnotes":""},"categories":[658,4],"tags":[1152,1487,1486,1151,1594,1052,1214,1596,1470,1469,1485,1211],"class_list":["post-5863","post","type-post","status-publish","format-standard","has-post-thumbnail","hentry","category-outdoor","category-vtt","tag-augstbordpass","tag-burchen","tag-eischoll","tag-embd","tag-ginals","tag-kalpetran","tag-moosalp","tag-sanntum","tag-stalden","tag-torbel","tag-turtig","tag-visp"],"_links":{"self":[{"href":"https:\/\/alpavista.ch\/Alp11\/wp-json\/wp\/v2\/posts\/5863","targetHints":{"allow":["GET"]}}],"collection":[{"href":"https:\/\/alpavista.ch\/Alp11\/wp-json\/wp\/v2\/posts"}],"about":[{"href":"https:\/\/alpavista.ch\/Alp11\/wp-json\/wp\/v2\/types\/post"}],"author":[{"embeddable":true,"href":"https:\/\/alpavista.ch\/Alp11\/wp-json\/wp\/v2\/users\/2"}],"replies":[{"embeddable":true,"href":"https:\/\/alpavista.ch\/Alp11\/wp-json\/wp\/v2\/comments?post=5863"}],"version-history":[{"count":0,"href":"https:\/\/alpavista.ch\/Alp11\/wp-json\/wp\/v2\/posts\/5863\/revisions"}],"wp:featuredmedia":[{"embeddable":true,"href":"https:\/\/alpavista.ch\/Alp11\/wp-json\/wp\/v2\/media\/6140"}],"wp:attachment":[{"href":"https:\/\/alpavista.ch\/Alp11\/wp-json\/wp\/v2\/media?parent=5863"}],"wp:term":[{"taxonomy":"category","embeddable":true,"href":"https:\/\/alpavista.ch\/Alp11\/wp-json\/wp\/v2\/categories?post=5863"},{"taxonomy":"post_tag","embeddable":true,"href":"https:\/\/alpavista.ch\/Alp11\/wp-json\/wp\/v2\/tags?post=5863"}],"curies":[{"name":"wp","href":"https:\/\/api.w.org\/{rel}","templated":true}]}}