{"id":5875,"date":"2015-08-30T20:29:50","date_gmt":"2015-08-30T19:29:50","guid":{"rendered":"http:\/\/www.alpavista.ch\/Alp11\/?p=5875"},"modified":"2022-12-09T17:41:03","modified_gmt":"2022-12-09T16:41:03","slug":"fenetre-de-durand-2015","status":"publish","type":"post","link":"https:\/\/alpavista.ch\/Alp11\/2015\/08\/30\/fenetre-de-durand-2015\/","title":{"rendered":"Fen\u00eatre de Durand 2015"},"content":{"rendered":"<p>Alors que les week-ends qui nous s\u00e9parent du fatidique 16 septembre, date de notre envol pour la Colombie Britannique, s\u2019\u00e9gr\u00e8nent l\u2019un apr\u00e8s l\u2019autre, la liste des sorties encore \u00e0 faire semble ne jamais vouloir diminuer. Comment concilier autant d\u2019envies avec si peu de temps (encore) disponible ? Simplement en faisant des choix. La \u00ab Durand \u00bb reste la \u00ab Durand \u00bb et tous les c\u00e9l\u00e8bres \u00ab pass \u00bb &#8211; Resti, Meid, Saflisch, Gebidum, Bistin &#8211; que nous n\u2019aurons pas le temps de faire cette saison, seront toujours l\u00e0 en 2016, solidement ench\u00e2ss\u00e9s dans nos belles montagnes.<br \/>\n<!--more--><br \/>\nDonc, \u00e0 notre menu, cette semaine encore, de savoureux sentiers valdotains, mais accompagn\u00e9s, cette fois, de leurs non moins d\u00e9licieux cousins valaisans du fond du val de Bagnes, pour une \u00ab Durand \u00bb toujours aussi d\u00e9lectable. Saison apr\u00e8s saison, telle la jeune fille en fleurs qu\u2019elle n\u2019est plus vraiment, notre \u00ab\u00a0Fen\u00eatre\u00a0\u00bb pr\u00e9f\u00e9r\u00e9e minaude et all\u00e8che, jouant de ses charmes et de ses atouts pour attirer \u00e0 elle de nouveaux admirateurs en mal de chemins, d\u2019anciens amoureux transis mais n\u00e9anmoins partants pour une aventure d\u2019un jour, ou bien encore, ses habituels et fervents adeptes, toujours fid\u00e8les au rendez-vous de sa c\u00e9l\u00e9bration annuelle. <\/p>\n<p>Contrairement au c\u00e9l\u00e8bre proverbe, en voil\u00e0 une qui a l&rsquo;art de rassembler pour mieux r\u00e9gner.<\/p>\n<style type=\"text\/css\">\n#foogallery-gallery-36399 .fg-image { width: 101px; }\n#foogallery-gallery-36399 { --fg-gutter: 1px; }<\/style>\n\t\t\t<div class=\"foogallery foogallery-container foogallery-default foogallery-lightbox-none fg-left fg-default fg-ready fg-light fg-loading-default fg-loaded-fade-in fg-preset fg-selena fg-preset-small fg-preset fg-selena fg-preset-small\" id=\"foogallery-gallery-36399\" data-foogallery=\"{&quot;item&quot;:{&quot;showCaptionTitle&quot;:false,&quot;showCaptionDescription&quot;:true},&quot;lazy&quot;:true,&quot;src&quot;:&quot;src&quot;,&quot;srcset&quot;:&quot;srcset&quot;,&quot;state&quot;:{&quot;enabled&quot;:true,&quot;mask&quot;:&quot;foogallery-{id}&quot;}}\" style=\"--fg-title-line-clamp: 0; --fg-description-line-clamp: 0;\" >\n\t<div class=\"fg-item fg-type-image fg-loading\"><figure class=\"fg-item-inner\"><a href=\"https:\/\/alpavista.ch\/Alp11\/wp-content\/uploads\/durand_15_001.jpg\" data-caption-title=\"Petite apart\u00e9 culturelle du matin : l&#039;expo photo du barrage de Mauvoisin exp\u00e9di\u00e9e en trois coups de p\u00e9dale.\" data-caption-desc=\"Petite apart\u00e9 culturelle du matin : l&#039;expo photo du barrage de Mauvoisin exp\u00e9di\u00e9e en trois coups de p\u00e9dale.\" data-attachment-id=\"36455\" data-type=\"image\" class=\"fg-thumb\"><span class=\"fg-image-wrap\"><img src=\"https:\/\/alpavista.ch\/Alp11\/wp-content\/uploads\/cache\/durand_15_001\/3787530302.jpg\" alt=\"durand_15_001\" title=\"Petite apart\u00e9 culturelle du matin : l&#039;expo photo du barrage de Mauvoisin exp\u00e9di\u00e9e en trois coups de p\u00e9dale.\" width=\"101\" height=\"57\" class=\"skip-lazy fg-image\" decoding=\"async\" loading=\"lazy\"><\/span><span class=\"fg-image-overlay\"><\/span><\/a><figcaption class=\"fg-caption\"><div class=\"fg-caption-inner\"><div class=\"fg-caption-desc\">Petite apart\u00e9 culturelle du matin : l'expo photo du barrage de Mauvoisin exp\u00e9di\u00e9e en trois coups de p\u00e9dale.<\/div><\/div><\/figcaption><\/figure><div class=\"fg-loader\"><\/div><\/div><div class=\"fg-item fg-type-image fg-loading\"><figure class=\"fg-item-inner\"><a href=\"https:\/\/alpavista.ch\/Alp11\/wp-content\/uploads\/durand_15_002.jpg\" data-caption-title=\"Temp\u00eate de ciel bleu et douceur pour notre premi\u00e8re piste matinale.\" data-caption-desc=\"Temp\u00eate de ciel bleu et douceur pour notre premi\u00e8re piste matinale.\" data-attachment-id=\"36454\" data-type=\"image\" class=\"fg-thumb\"><span class=\"fg-image-wrap\"><img src=\"https:\/\/alpavista.ch\/Alp11\/wp-content\/uploads\/cache\/durand_15_002\/146387883.jpg\" alt=\"durand_15_002\" title=\"Temp\u00eate de ciel bleu et douceur pour notre premi\u00e8re piste matinale.\" width=\"101\" height=\"57\" class=\"skip-lazy fg-image\" decoding=\"async\" loading=\"lazy\"><\/span><span class=\"fg-image-overlay\"><\/span><\/a><figcaption class=\"fg-caption\"><div class=\"fg-caption-inner\"><div class=\"fg-caption-desc\">Temp\u00eate de ciel bleu et douceur pour notre premi\u00e8re piste matinale.<\/div><\/div><\/figcaption><\/figure><div class=\"fg-loader\"><\/div><\/div><div class=\"fg-item fg-type-image fg-loading\"><figure class=\"fg-item-inner\"><a href=\"https:\/\/alpavista.ch\/Alp11\/wp-content\/uploads\/durand_15_003.jpg\" data-caption-title=\"L&#039;ombre humide des galeries successives dispute les kilom\u00e8tres initiaux a un soleil d\u00e9j\u00e0 bien pr\u00e9sent.\" data-caption-desc=\"L&#039;ombre humide des galeries successives dispute les kilom\u00e8tres initiaux a un soleil d\u00e9j\u00e0 bien pr\u00e9sent.\" data-attachment-id=\"36453\" data-type=\"image\" class=\"fg-thumb\"><span class=\"fg-image-wrap\"><img src=\"https:\/\/alpavista.ch\/Alp11\/wp-content\/uploads\/cache\/durand_15_003\/681859126.jpg\" alt=\"durand_15_003\" title=\"L&#039;ombre humide des galeries successives dispute les kilom\u00e8tres initiaux a un soleil d\u00e9j\u00e0 bien pr\u00e9sent.\" width=\"101\" height=\"57\" class=\"skip-lazy fg-image\" decoding=\"async\" loading=\"lazy\"><\/span><span class=\"fg-image-overlay\"><\/span><\/a><figcaption class=\"fg-caption\"><div class=\"fg-caption-inner\"><div class=\"fg-caption-desc\">L'ombre humide des galeries successives dispute les kilom\u00e8tres initiaux a un soleil d\u00e9j\u00e0 bien pr\u00e9sent.<\/div><\/div><\/figcaption><\/figure><div class=\"fg-loader\"><\/div><\/div><div class=\"fg-item fg-type-image fg-loading\"><figure class=\"fg-item-inner\"><a href=\"https:\/\/alpavista.ch\/Alp11\/wp-content\/uploads\/durand_15_004.jpg\" data-caption-title=\"Voil\u00e0 ce qui s&#039;appelle sourire \u00e0 une belle journ\u00e9e...\" data-caption-desc=\"Voil\u00e0 ce qui s&#039;appelle sourire \u00e0 une belle journ\u00e9e...\" data-attachment-id=\"36452\" data-type=\"image\" class=\"fg-thumb\"><span class=\"fg-image-wrap\"><img src=\"https:\/\/alpavista.ch\/Alp11\/wp-content\/uploads\/cache\/durand_15_004\/1167508825.jpg\" alt=\"durand_15_004\" title=\"Voil\u00e0 ce qui s&#039;appelle sourire \u00e0 une belle journ\u00e9e...\" width=\"101\" height=\"57\" class=\"skip-lazy fg-image\" decoding=\"async\" loading=\"lazy\"><\/span><span class=\"fg-image-overlay\"><\/span><\/a><figcaption class=\"fg-caption\"><div class=\"fg-caption-inner\"><div class=\"fg-caption-desc\">Voil\u00e0 ce qui s'appelle sourire \u00e0 une belle journ\u00e9e...<\/div><\/div><\/figcaption><\/figure><div class=\"fg-loader\"><\/div><\/div><div class=\"fg-item fg-type-image fg-loading\"><figure class=\"fg-item-inner\"><a href=\"https:\/\/alpavista.ch\/Alp11\/wp-content\/uploads\/durand_15_005.jpg\" data-caption-title=\"La rive gauche en mode &quot;cruiser&quot;.\" data-caption-desc=\"La rive gauche en mode &quot;cruiser&quot;.\" data-attachment-id=\"36451\" data-type=\"image\" class=\"fg-thumb\"><span class=\"fg-image-wrap\"><img src=\"https:\/\/alpavista.ch\/Alp11\/wp-content\/uploads\/cache\/durand_15_005\/556038493.jpg\" alt=\"durand_15_005\" title=\"La rive gauche en mode &quot;cruiser&quot;.\" width=\"101\" height=\"57\" class=\"skip-lazy fg-image\" decoding=\"async\" loading=\"lazy\"><\/span><span class=\"fg-image-overlay\"><\/span><\/a><figcaption class=\"fg-caption\"><div class=\"fg-caption-inner\"><div class=\"fg-caption-desc\">La rive gauche en mode \"cruiser\".<\/div><\/div><\/figcaption><\/figure><div class=\"fg-loader\"><\/div><\/div><div class=\"fg-item fg-type-image fg-loading\"><figure class=\"fg-item-inner\"><a href=\"https:\/\/alpavista.ch\/Alp11\/wp-content\/uploads\/durand_15_006.jpg\" data-caption-title=\"La mont\u00e9e du Lancet, toujours propice aux confidences matinales.\" data-caption-desc=\"La mont\u00e9e du Lancet, toujours propice aux confidences matinales.\" data-attachment-id=\"36450\" data-type=\"image\" class=\"fg-thumb\"><span class=\"fg-image-wrap\"><img src=\"https:\/\/alpavista.ch\/Alp11\/wp-content\/uploads\/cache\/durand_15_006\/3361532616.jpg\" alt=\"durand_15_006\" title=\"La mont\u00e9e du Lancet, toujours propice aux confidences matinales.\" width=\"101\" height=\"57\" class=\"skip-lazy fg-image\" decoding=\"async\" loading=\"lazy\"><\/span><span class=\"fg-image-overlay\"><\/span><\/a><figcaption class=\"fg-caption\"><div class=\"fg-caption-inner\"><div class=\"fg-caption-desc\">La mont\u00e9e du Lancet, toujours propice aux confidences matinales.<\/div><\/div><\/figcaption><\/figure><div class=\"fg-loader\"><\/div><\/div><div class=\"fg-item fg-type-image fg-loading\"><figure class=\"fg-item-inner\"><a href=\"https:\/\/alpavista.ch\/Alp11\/wp-content\/uploads\/durand_15_007.jpg\" data-caption-title=\"Quand des H\u00e9rens affam\u00e9es descendent pour le buffet du p&#039;tit d\u00e9j, mieux vaut \u00e9viter de leurs forcer la priorit\u00e9.\" data-caption-desc=\"Quand des H\u00e9rens affam\u00e9es descendent pour le buffet du p&#039;tit d\u00e9j, mieux vaut \u00e9viter de leurs forcer la priorit\u00e9.\" data-attachment-id=\"36449\" data-type=\"image\" class=\"fg-thumb\"><span class=\"fg-image-wrap\"><img src=\"https:\/\/alpavista.ch\/Alp11\/wp-content\/uploads\/cache\/durand_15_007\/1398731407.jpg\" alt=\"durand_15_007\" title=\"Quand des H\u00e9rens affam\u00e9es descendent pour le buffet du p&#039;tit d\u00e9j, mieux vaut \u00e9viter de leurs forcer la priorit\u00e9.\" width=\"101\" height=\"57\" class=\"skip-lazy fg-image\" decoding=\"async\" loading=\"lazy\"><\/span><span class=\"fg-image-overlay\"><\/span><\/a><figcaption class=\"fg-caption\"><div class=\"fg-caption-inner\"><div class=\"fg-caption-desc\">Quand des H\u00e9rens affam\u00e9es descendent pour le buffet du p'tit d\u00e9j, mieux vaut \u00e9viter de leurs forcer la priorit\u00e9.<\/div><\/div><\/figcaption><\/figure><div class=\"fg-loader\"><\/div><\/div><div class=\"fg-item fg-type-image fg-loading\"><figure class=\"fg-item-inner\"><a href=\"https:\/\/alpavista.ch\/Alp11\/wp-content\/uploads\/durand_15_008.jpg\" data-caption-title=\"Des ombres chinoises et du pourcentage.\" data-caption-desc=\"Des ombres chinoises et du pourcentage.\" data-attachment-id=\"36448\" data-type=\"image\" class=\"fg-thumb\"><span class=\"fg-image-wrap\"><img src=\"https:\/\/alpavista.ch\/Alp11\/wp-content\/uploads\/cache\/durand_15_008\/3985208405.jpg\" alt=\"durand_15_008\" title=\"Des ombres chinoises et du pourcentage.\" width=\"101\" height=\"57\" class=\"skip-lazy fg-image\" decoding=\"async\" loading=\"lazy\"><\/span><span class=\"fg-image-overlay\"><\/span><\/a><figcaption class=\"fg-caption\"><div class=\"fg-caption-inner\"><div class=\"fg-caption-desc\">Des ombres chinoises et du pourcentage.<\/div><\/div><\/figcaption><\/figure><div class=\"fg-loader\"><\/div><\/div><div class=\"fg-item fg-type-image fg-loading\"><figure class=\"fg-item-inner\"><a href=\"https:\/\/alpavista.ch\/Alp11\/wp-content\/uploads\/durand_15_009.jpg\" data-caption-title=\"Notre deuxi\u00e8me descente du jour n&#039;a toujours pas le go\u00fbt de chemin.\" data-caption-desc=\"Notre deuxi\u00e8me descente du jour n&#039;a toujours pas le go\u00fbt de chemin.\" data-attachment-id=\"36447\" data-type=\"image\" class=\"fg-thumb\"><span class=\"fg-image-wrap\"><img src=\"https:\/\/alpavista.ch\/Alp11\/wp-content\/uploads\/cache\/durand_15_009\/1154101498.jpg\" alt=\"durand_15_009\" title=\"Notre deuxi\u00e8me descente du jour n&#039;a toujours pas le go\u00fbt de chemin.\" width=\"101\" height=\"57\" class=\"skip-lazy fg-image\" decoding=\"async\" loading=\"lazy\"><\/span><span class=\"fg-image-overlay\"><\/span><\/a><figcaption class=\"fg-caption\"><div class=\"fg-caption-inner\"><div class=\"fg-caption-desc\">Notre deuxi\u00e8me descente du jour n'a toujours pas le go\u00fbt de chemin.<\/div><\/div><\/figcaption><\/figure><div class=\"fg-loader\"><\/div><\/div><div class=\"fg-item fg-type-image fg-loading\"><figure class=\"fg-item-inner\"><a href=\"https:\/\/alpavista.ch\/Alp11\/wp-content\/uploads\/durand_15_010.jpg\" data-caption-title=\"Ici plus qu&#039;ailleurs, ce n&#039;est pas la taille qui compte, ou quand on se sent tout petit face \u00e0 un g\u00e9ant de granit.\" data-caption-desc=\"Ici plus qu&#039;ailleurs, ce n&#039;est pas la taille qui compte, ou quand on se sent tout petit face \u00e0 un g\u00e9ant de granit.\" data-attachment-id=\"36446\" data-type=\"image\" class=\"fg-thumb\"><span class=\"fg-image-wrap\"><img src=\"https:\/\/alpavista.ch\/Alp11\/wp-content\/uploads\/cache\/durand_15_010\/722054116.jpg\" alt=\"durand_15_010\" title=\"Ici plus qu&#039;ailleurs, ce n&#039;est pas la taille qui compte, ou quand on se sent tout petit face \u00e0 un g\u00e9ant de granit.\" width=\"101\" height=\"57\" class=\"skip-lazy fg-image\" decoding=\"async\" loading=\"lazy\"><\/span><span class=\"fg-image-overlay\"><\/span><\/a><figcaption class=\"fg-caption\"><div class=\"fg-caption-inner\"><div class=\"fg-caption-desc\">Ici plus qu'ailleurs, ce n'est pas la taille qui compte, ou quand on se sent tout petit face \u00e0 un g\u00e9ant de granit.<\/div><\/div><\/figcaption><\/figure><div class=\"fg-loader\"><\/div><\/div><div class=\"fg-item fg-type-image fg-loading\"><figure class=\"fg-item-inner\"><a href=\"https:\/\/alpavista.ch\/Alp11\/wp-content\/uploads\/durand_15_011.jpg\" data-caption-title=\"Charmontane, un alpage qui se m\u00e9rite \u00e0 la force du mollet.\" data-caption-desc=\"Charmontane, un alpage qui se m\u00e9rite \u00e0 la force du mollet.\" data-attachment-id=\"36445\" data-type=\"image\" class=\"fg-thumb\"><span class=\"fg-image-wrap\"><img src=\"https:\/\/alpavista.ch\/Alp11\/wp-content\/uploads\/cache\/durand_15_011\/1337661408.jpg\" alt=\"durand_15_011\" title=\"Charmontane, un alpage qui se m\u00e9rite \u00e0 la force du mollet.\" width=\"101\" height=\"57\" class=\"skip-lazy fg-image\" decoding=\"async\" loading=\"lazy\"><\/span><span class=\"fg-image-overlay\"><\/span><\/a><figcaption class=\"fg-caption\"><div class=\"fg-caption-inner\"><div class=\"fg-caption-desc\">Charmontane, un alpage qui se m\u00e9rite \u00e0 la force du mollet.<\/div><\/div><\/figcaption><\/figure><div class=\"fg-loader\"><\/div><\/div><div class=\"fg-item fg-type-image fg-loading\"><figure class=\"fg-item-inner\"><a href=\"https:\/\/alpavista.ch\/Alp11\/wp-content\/uploads\/durand_15_012.jpg\" data-caption-title=\"Enfin du chemin !\" data-caption-desc=\"Enfin du chemin !\" data-attachment-id=\"36444\" data-type=\"image\" class=\"fg-thumb\"><span class=\"fg-image-wrap\"><img src=\"https:\/\/alpavista.ch\/Alp11\/wp-content\/uploads\/cache\/durand_15_012\/2797831285.jpg\" alt=\"durand_15_012\" title=\"Enfin du chemin !\" width=\"101\" height=\"57\" class=\"skip-lazy fg-image\" decoding=\"async\" loading=\"lazy\"><\/span><span class=\"fg-image-overlay\"><\/span><\/a><figcaption class=\"fg-caption\"><div class=\"fg-caption-inner\"><div class=\"fg-caption-desc\">Enfin du chemin !<\/div><\/div><\/figcaption><\/figure><div class=\"fg-loader\"><\/div><\/div><div class=\"fg-item fg-type-image fg-loading\"><figure class=\"fg-item-inner\"><a href=\"https:\/\/alpavista.ch\/Alp11\/wp-content\/uploads\/durand_15_013.jpg\" data-caption-title=\"Abrupt, r\u00e9tif et exigeant, mais du chemin.\" data-caption-desc=\"Abrupt, r\u00e9tif et exigeant, mais du chemin.\" data-attachment-id=\"36443\" data-type=\"image\" class=\"fg-thumb\"><span class=\"fg-image-wrap\"><img src=\"https:\/\/alpavista.ch\/Alp11\/wp-content\/uploads\/cache\/durand_15_013\/2262724584.jpg\" alt=\"durand_15_013\" title=\"Abrupt, r\u00e9tif et exigeant, mais du chemin.\" width=\"101\" height=\"57\" class=\"skip-lazy fg-image\" decoding=\"async\" loading=\"lazy\"><\/span><span class=\"fg-image-overlay\"><\/span><\/a><figcaption class=\"fg-caption\"><div class=\"fg-caption-inner\"><div class=\"fg-caption-desc\">Abrupt, r\u00e9tif et exigeant, mais du chemin.<\/div><\/div><\/figcaption><\/figure><div class=\"fg-loader\"><\/div><\/div><div class=\"fg-item fg-type-image fg-loading\"><figure class=\"fg-item-inner\"><a href=\"https:\/\/alpavista.ch\/Alp11\/wp-content\/uploads\/durand_15_014.jpg\" data-caption-title=\"The Sherpa Way of a Biker Life.\" data-caption-desc=\"The Sherpa Way of a Biker Life.\" data-attachment-id=\"36442\" data-type=\"image\" class=\"fg-thumb\"><span class=\"fg-image-wrap\"><img src=\"https:\/\/alpavista.ch\/Alp11\/wp-content\/uploads\/cache\/durand_15_014\/3958174343.jpg\" alt=\"durand_15_014\" title=\"The Sherpa Way of a Biker Life.\" width=\"101\" height=\"57\" class=\"skip-lazy fg-image\" decoding=\"async\" loading=\"lazy\"><\/span><span class=\"fg-image-overlay\"><\/span><\/a><figcaption class=\"fg-caption\"><div class=\"fg-caption-inner\"><div class=\"fg-caption-desc\">The Sherpa Way of a Biker Life.<\/div><\/div><\/figcaption><\/figure><div class=\"fg-loader\"><\/div><\/div><div class=\"fg-item fg-type-image fg-loading\"><figure class=\"fg-item-inner\"><a href=\"https:\/\/alpavista.ch\/Alp11\/wp-content\/uploads\/durand_15_015.jpg\" data-caption-title=\"Puls&#039; dans le rouge mais sourire ind\u00e9fectible.\" data-caption-desc=\"Puls&#039; dans le rouge mais sourire ind\u00e9fectible.\" data-attachment-id=\"36441\" data-type=\"image\" class=\"fg-thumb\"><span class=\"fg-image-wrap\"><img src=\"https:\/\/alpavista.ch\/Alp11\/wp-content\/uploads\/cache\/durand_15_015\/2405322371.jpg\" alt=\"durand_15_015\" title=\"Puls&#039; dans le rouge mais sourire ind\u00e9fectible.\" width=\"101\" height=\"57\" class=\"skip-lazy fg-image\" decoding=\"async\" loading=\"lazy\"><\/span><span class=\"fg-image-overlay\"><\/span><\/a><figcaption class=\"fg-caption\"><div class=\"fg-caption-inner\"><div class=\"fg-caption-desc\">Puls' dans le rouge mais sourire ind\u00e9fectible.<\/div><\/div><\/figcaption><\/figure><div class=\"fg-loader\"><\/div><\/div><div class=\"fg-item fg-type-image fg-loading\"><figure class=\"fg-item-inner\"><a href=\"https:\/\/alpavista.ch\/Alp11\/wp-content\/uploads\/durand_15_016.jpg\" data-caption-title=\"Caravane pour un (bon) plan et une Fen\u00eatre.\" data-caption-desc=\"Caravane pour un (bon) plan et une Fen\u00eatre.\" data-attachment-id=\"36440\" data-type=\"image\" class=\"fg-thumb\"><span class=\"fg-image-wrap\"><img src=\"https:\/\/alpavista.ch\/Alp11\/wp-content\/uploads\/cache\/durand_15_016\/1713822998.jpg\" alt=\"durand_15_016\" title=\"Caravane pour un (bon) plan et une Fen\u00eatre.\" width=\"101\" height=\"57\" class=\"skip-lazy fg-image\" decoding=\"async\" loading=\"lazy\"><\/span><span class=\"fg-image-overlay\"><\/span><\/a><figcaption class=\"fg-caption\"><div class=\"fg-caption-inner\"><div class=\"fg-caption-desc\">Caravane pour un (bon) plan et une Fen\u00eatre.<\/div><\/div><\/figcaption><\/figure><div class=\"fg-loader\"><\/div><\/div><div class=\"fg-item fg-type-image fg-loading\"><figure class=\"fg-item-inner\"><a href=\"https:\/\/alpavista.ch\/Alp11\/wp-content\/uploads\/durand_15_017.jpg\" data-caption-title=\"Une ascension qui ne manque jamais de selle.\" data-caption-desc=\"Une ascension qui ne manque jamais de selle.\" data-attachment-id=\"36439\" data-type=\"image\" class=\"fg-thumb\"><span class=\"fg-image-wrap\"><img src=\"https:\/\/alpavista.ch\/Alp11\/wp-content\/uploads\/cache\/durand_15_017\/3720347805.jpg\" alt=\"durand_15_017\" title=\"Une ascension qui ne manque jamais de selle.\" width=\"101\" height=\"57\" class=\"skip-lazy fg-image\" decoding=\"async\" loading=\"lazy\"><\/span><span class=\"fg-image-overlay\"><\/span><\/a><figcaption class=\"fg-caption\"><div class=\"fg-caption-inner\"><div class=\"fg-caption-desc\">Une ascension qui ne manque jamais de selle.<\/div><\/div><\/figcaption><\/figure><div class=\"fg-loader\"><\/div><\/div><div class=\"fg-item fg-type-image fg-loading\"><figure class=\"fg-item-inner\"><a href=\"https:\/\/alpavista.ch\/Alp11\/wp-content\/uploads\/durand_15_018.jpg\" data-caption-title=\"Pousse-pousse de concert.\" data-caption-desc=\"Pousse-pousse de concert.\" data-attachment-id=\"36438\" data-type=\"image\" class=\"fg-thumb\"><span class=\"fg-image-wrap\"><img src=\"https:\/\/alpavista.ch\/Alp11\/wp-content\/uploads\/cache\/durand_15_018\/1662486087.jpg\" alt=\"durand_15_018\" title=\"Pousse-pousse de concert.\" width=\"101\" height=\"57\" class=\"skip-lazy fg-image\" decoding=\"async\" loading=\"lazy\"><\/span><span class=\"fg-image-overlay\"><\/span><\/a><figcaption class=\"fg-caption\"><div class=\"fg-caption-inner\"><div class=\"fg-caption-desc\">Pousse-pousse de concert.<\/div><\/div><\/figcaption><\/figure><div class=\"fg-loader\"><\/div><\/div><div class=\"fg-item fg-type-image fg-loading\"><figure class=\"fg-item-inner\"><a href=\"https:\/\/alpavista.ch\/Alp11\/wp-content\/uploads\/durand_15_019.jpg\" data-caption-title=\"(S)elle et moi, on ne vas d\u00e9sormais (presque) plus se quitter.\" data-caption-desc=\"(S)elle et moi, on ne vas d\u00e9sormais (presque) plus se quitter.\" data-attachment-id=\"36437\" data-type=\"image\" class=\"fg-thumb\"><span class=\"fg-image-wrap\"><img src=\"https:\/\/alpavista.ch\/Alp11\/wp-content\/uploads\/cache\/durand_15_019\/3394552552.jpg\" alt=\"durand_15_019\" title=\"(S)elle et moi, on ne vas d\u00e9sormais (presque) plus se quitter.\" width=\"101\" height=\"57\" class=\"skip-lazy fg-image\" decoding=\"async\" loading=\"lazy\"><\/span><span class=\"fg-image-overlay\"><\/span><\/a><figcaption class=\"fg-caption\"><div class=\"fg-caption-inner\"><div class=\"fg-caption-desc\">(S)elle et moi, on ne vas d\u00e9sormais (presque) plus se quitter.<\/div><\/div><\/figcaption><\/figure><div class=\"fg-loader\"><\/div><\/div><div class=\"fg-item fg-type-image fg-loading\"><figure class=\"fg-item-inner\"><a href=\"https:\/\/alpavista.ch\/Alp11\/wp-content\/uploads\/durand_15_020.jpg\" data-caption-title=\"Tranchant comme un balisage qui force le respect.\" data-caption-desc=\"Tranchant comme un balisage qui force le respect.\" data-attachment-id=\"36436\" data-type=\"image\" class=\"fg-thumb\"><span class=\"fg-image-wrap\"><img src=\"https:\/\/alpavista.ch\/Alp11\/wp-content\/uploads\/cache\/durand_15_020\/2338419056.jpg\" alt=\"durand_15_020\" title=\"Tranchant comme un balisage qui force le respect.\" width=\"101\" height=\"57\" class=\"skip-lazy fg-image\" decoding=\"async\" loading=\"lazy\"><\/span><span class=\"fg-image-overlay\"><\/span><\/a><figcaption class=\"fg-caption\"><div class=\"fg-caption-inner\"><div class=\"fg-caption-desc\">Tranchant comme un balisage qui force le respect.<\/div><\/div><\/figcaption><\/figure><div class=\"fg-loader\"><\/div><\/div><div class=\"fg-item fg-type-image fg-loading\"><figure class=\"fg-item-inner\"><a href=\"https:\/\/alpavista.ch\/Alp11\/wp-content\/uploads\/durand_15_021.jpg\" data-caption-title=\"Si la Fen\u00eatre est rapidement en vue, il reste quand m\u00eame quelques sympathiques r\u00e9jouissances \u00e0 s&#039;enfiler dans le cornet avant d&#039;esp\u00e9rer l&#039;entrouvrir.\" data-caption-desc=\"Si la Fen\u00eatre est rapidement en vue, il reste quand m\u00eame quelques sympathiques r\u00e9jouissances \u00e0 s&#039;enfiler dans le cornet avant d&#039;esp\u00e9rer l&#039;entrouvrir.\" data-attachment-id=\"36435\" data-type=\"image\" class=\"fg-thumb\"><span class=\"fg-image-wrap\"><img src=\"https:\/\/alpavista.ch\/Alp11\/wp-content\/uploads\/cache\/durand_15_021\/4023635316.jpg\" alt=\"durand_15_021\" title=\"Si la Fen\u00eatre est rapidement en vue, il reste quand m\u00eame quelques sympathiques r\u00e9jouissances \u00e0 s&#039;enfiler dans le cornet avant d&#039;esp\u00e9rer l&#039;entrouvrir.\" width=\"101\" height=\"57\" class=\"skip-lazy fg-image\" decoding=\"async\" loading=\"lazy\"><\/span><span class=\"fg-image-overlay\"><\/span><\/a><figcaption class=\"fg-caption\"><div class=\"fg-caption-inner\"><div class=\"fg-caption-desc\">Si la Fen\u00eatre est rapidement en vue, il reste quand m\u00eame quelques sympathiques r\u00e9jouissances \u00e0 s'enfiler dans le cornet avant d'esp\u00e9rer l'entrouvrir.<\/div><\/div><\/figcaption><\/figure><div class=\"fg-loader\"><\/div><\/div><div class=\"fg-item fg-type-image fg-loading\"><figure class=\"fg-item-inner\"><a href=\"https:\/\/alpavista.ch\/Alp11\/wp-content\/uploads\/durand_15_022.jpg\" data-caption-title=\"Le gruppetto co\u00efncide provisoirement avec le bal des 29&quot;.\" data-caption-desc=\"Le gruppetto co\u00efncide provisoirement avec le bal des 29&quot;.\" data-attachment-id=\"36434\" data-type=\"image\" class=\"fg-thumb\"><span class=\"fg-image-wrap\"><img src=\"https:\/\/alpavista.ch\/Alp11\/wp-content\/uploads\/cache\/durand_15_022\/111894241.jpg\" alt=\"durand_15_022\" title=\"Le gruppetto co\u00efncide provisoirement avec le bal des 29&quot;.\" width=\"101\" height=\"57\" class=\"skip-lazy fg-image\" decoding=\"async\" loading=\"lazy\"><\/span><span class=\"fg-image-overlay\"><\/span><\/a><figcaption class=\"fg-caption\"><div class=\"fg-caption-inner\"><div class=\"fg-caption-desc\">Le gruppetto co\u00efncide provisoirement avec le bal des 29\".<\/div><\/div><\/figcaption><\/figure><div class=\"fg-loader\"><\/div><\/div><div class=\"fg-item fg-type-image fg-loading\"><figure class=\"fg-item-inner\"><a href=\"https:\/\/alpavista.ch\/Alp11\/wp-content\/uploads\/durand_15_023.jpg\" data-caption-title=\"Un Gl\u00e2nois orphelin mais pas malheureux pour autant.\" data-caption-desc=\"Un Gl\u00e2nois orphelin mais pas malheureux pour autant.\" data-attachment-id=\"36433\" data-type=\"image\" class=\"fg-thumb\"><span class=\"fg-image-wrap\"><img src=\"https:\/\/alpavista.ch\/Alp11\/wp-content\/uploads\/cache\/durand_15_023\/649508220.jpg\" alt=\"durand_15_023\" title=\"Un Gl\u00e2nois orphelin mais pas malheureux pour autant.\" width=\"101\" height=\"57\" class=\"skip-lazy fg-image\" decoding=\"async\" loading=\"lazy\"><\/span><span class=\"fg-image-overlay\"><\/span><\/a><figcaption class=\"fg-caption\"><div class=\"fg-caption-inner\"><div class=\"fg-caption-desc\">Un Gl\u00e2nois orphelin mais pas malheureux pour autant.<\/div><\/div><\/figcaption><\/figure><div class=\"fg-loader\"><\/div><\/div><div class=\"fg-item fg-type-image fg-loading\"><figure class=\"fg-item-inner\"><a href=\"https:\/\/alpavista.ch\/Alp11\/wp-content\/uploads\/durand_15_024.jpg\" data-caption-title=\"Tandem de (vins) valaisans.\" data-caption-desc=\"Tandem de (vins) valaisans.\" data-attachment-id=\"36432\" data-type=\"image\" class=\"fg-thumb\"><span class=\"fg-image-wrap\"><img src=\"https:\/\/alpavista.ch\/Alp11\/wp-content\/uploads\/cache\/durand_15_024\/1266952211.jpg\" alt=\"durand_15_024\" title=\"Tandem de (vins) valaisans.\" width=\"101\" height=\"57\" class=\"skip-lazy fg-image\" decoding=\"async\" loading=\"lazy\"><\/span><span class=\"fg-image-overlay\"><\/span><\/a><figcaption class=\"fg-caption\"><div class=\"fg-caption-inner\"><div class=\"fg-caption-desc\">Tandem de (vins) valaisans.<\/div><\/div><\/figcaption><\/figure><div class=\"fg-loader\"><\/div><\/div><div class=\"fg-item fg-type-image fg-loading\"><figure class=\"fg-item-inner\"><a href=\"https:\/\/alpavista.ch\/Alp11\/wp-content\/uploads\/durand_15_025.jpg\" data-caption-title=\"Un rouge gouleyant \u00e9lev\u00e9 en f\u00fbts de carbone C&#039;dalien.\" data-caption-desc=\"Un rouge gouleyant \u00e9lev\u00e9 en f\u00fbts de carbone C&#039;dalien.\" data-attachment-id=\"36431\" data-type=\"image\" class=\"fg-thumb\"><span class=\"fg-image-wrap\"><img src=\"https:\/\/alpavista.ch\/Alp11\/wp-content\/uploads\/cache\/durand_15_025\/792106007.jpg\" alt=\"durand_15_025\" title=\"Un rouge gouleyant \u00e9lev\u00e9 en f\u00fbts de carbone C&#039;dalien.\" width=\"101\" height=\"57\" class=\"skip-lazy fg-image\" decoding=\"async\" loading=\"lazy\"><\/span><span class=\"fg-image-overlay\"><\/span><\/a><figcaption class=\"fg-caption\"><div class=\"fg-caption-inner\"><div class=\"fg-caption-desc\">Un rouge gouleyant \u00e9lev\u00e9 en f\u00fbts de carbone C'dalien.<\/div><\/div><\/figcaption><\/figure><div class=\"fg-loader\"><\/div><\/div><div class=\"fg-item fg-type-image fg-loading\"><figure class=\"fg-item-inner\"><a href=\"https:\/\/alpavista.ch\/Alp11\/wp-content\/uploads\/durand_15_026.jpg\" data-caption-title=\"Fen\u00eatre grand ouverte et fin (provisoire) des r\u00e9jouissances ascendantes.\" data-caption-desc=\"Fen\u00eatre grand ouverte et fin (provisoire) des r\u00e9jouissances ascendantes.\" data-attachment-id=\"36430\" data-type=\"image\" class=\"fg-thumb\"><span class=\"fg-image-wrap\"><img src=\"https:\/\/alpavista.ch\/Alp11\/wp-content\/uploads\/cache\/durand_15_026\/3327002498.jpg\" alt=\"durand_15_026\" title=\"Fen\u00eatre grand ouverte et fin (provisoire) des r\u00e9jouissances ascendantes.\" width=\"101\" height=\"57\" class=\"skip-lazy fg-image\" decoding=\"async\" loading=\"lazy\"><\/span><span class=\"fg-image-overlay\"><\/span><\/a><figcaption class=\"fg-caption\"><div class=\"fg-caption-inner\"><div class=\"fg-caption-desc\">Fen\u00eatre grand ouverte et fin (provisoire) des r\u00e9jouissances ascendantes.<\/div><\/div><\/figcaption><\/figure><div class=\"fg-loader\"><\/div><\/div><div class=\"fg-item fg-type-image fg-loading\"><figure class=\"fg-item-inner\"><a href=\"https:\/\/alpavista.ch\/Alp11\/wp-content\/uploads\/durand_15_027.jpg\" data-caption-title=\"Un petit peu de rouge au royaume des  niveaux de gris.\" data-caption-desc=\"Un petit peu de rouge au royaume des  niveaux de gris.\" data-attachment-id=\"36429\" data-type=\"image\" class=\"fg-thumb\"><span class=\"fg-image-wrap\"><img src=\"https:\/\/alpavista.ch\/Alp11\/wp-content\/uploads\/cache\/durand_15_027\/1565269957.jpg\" alt=\"durand_15_027\" title=\"Un petit peu de rouge au royaume des  niveaux de gris.\" width=\"101\" height=\"57\" class=\"skip-lazy fg-image\" decoding=\"async\" loading=\"lazy\"><\/span><span class=\"fg-image-overlay\"><\/span><\/a><figcaption class=\"fg-caption\"><div class=\"fg-caption-inner\"><div class=\"fg-caption-desc\">Un petit peu de rouge au royaume des  niveaux de gris.<\/div><\/div><\/figcaption><\/figure><div class=\"fg-loader\"><\/div><\/div><div class=\"fg-item fg-type-image fg-loading\"><figure class=\"fg-item-inner\"><a href=\"https:\/\/alpavista.ch\/Alp11\/wp-content\/uploads\/durand_15_028.jpg\" data-caption-title=\"Pause morainique pour un rapide bilan du chemin parcouru.\" data-caption-desc=\"Pause morainique pour un rapide bilan du chemin parcouru.\" data-attachment-id=\"36428\" data-type=\"image\" class=\"fg-thumb\"><span class=\"fg-image-wrap\"><img src=\"https:\/\/alpavista.ch\/Alp11\/wp-content\/uploads\/cache\/durand_15_028\/3818625311.jpg\" alt=\"durand_15_028\" title=\"Pause morainique pour un rapide bilan du chemin parcouru.\" width=\"101\" height=\"57\" class=\"skip-lazy fg-image\" decoding=\"async\" loading=\"lazy\"><\/span><span class=\"fg-image-overlay\"><\/span><\/a><figcaption class=\"fg-caption\"><div class=\"fg-caption-inner\"><div class=\"fg-caption-desc\">Pause morainique pour un rapide bilan du chemin parcouru.<\/div><\/div><\/figcaption><\/figure><div class=\"fg-loader\"><\/div><\/div><div class=\"fg-item fg-type-image fg-loading\"><figure class=\"fg-item-inner\"><a href=\"https:\/\/alpavista.ch\/Alp11\/wp-content\/uploads\/durand_15_029.jpg\" data-caption-title=\"Un helveto-californien \u00e0 califourchon sur la fronti\u00e8re italo-suisse.\" data-caption-desc=\"Un helveto-californien \u00e0 califourchon sur la fronti\u00e8re italo-suisse.\" data-attachment-id=\"36427\" data-type=\"image\" class=\"fg-thumb\"><span class=\"fg-image-wrap\"><img src=\"https:\/\/alpavista.ch\/Alp11\/wp-content\/uploads\/cache\/durand_15_029\/1255726512.jpg\" alt=\"durand_15_029\" title=\"Un helveto-californien \u00e0 califourchon sur la fronti\u00e8re italo-suisse.\" width=\"101\" height=\"57\" class=\"skip-lazy fg-image\" decoding=\"async\" loading=\"lazy\"><\/span><span class=\"fg-image-overlay\"><\/span><\/a><figcaption class=\"fg-caption\"><div class=\"fg-caption-inner\"><div class=\"fg-caption-desc\">Un helveto-californien \u00e0 califourchon sur la fronti\u00e8re italo-suisse.<\/div><\/div><\/figcaption><\/figure><div class=\"fg-loader\"><\/div><\/div><div class=\"fg-item fg-type-image fg-loading\"><figure class=\"fg-item-inner\"><a href=\"https:\/\/alpavista.ch\/Alp11\/wp-content\/uploads\/durand_15_030.jpg\" data-caption-title=\"Dommage d&#039;avoir laiss\u00e9 le Yeti au garage, le Lago Fen\u00eatre est plus turquoise que jamais, en cette fin ao\u00fbt caniculaire.\" data-caption-desc=\"Dommage d&#039;avoir laiss\u00e9 le Yeti au garage, le Lago Fen\u00eatre est plus turquoise que jamais, en cette fin ao\u00fbt caniculaire.\" data-attachment-id=\"36426\" data-type=\"image\" class=\"fg-thumb\"><span class=\"fg-image-wrap\"><img src=\"https:\/\/alpavista.ch\/Alp11\/wp-content\/uploads\/cache\/durand_15_030\/622544558.jpg\" alt=\"durand_15_030\" title=\"Dommage d&#039;avoir laiss\u00e9 le Yeti au garage, le Lago Fen\u00eatre est plus turquoise que jamais, en cette fin ao\u00fbt caniculaire.\" width=\"101\" height=\"57\" class=\"skip-lazy fg-image\" decoding=\"async\" loading=\"lazy\"><\/span><span class=\"fg-image-overlay\"><\/span><\/a><figcaption class=\"fg-caption\"><div class=\"fg-caption-inner\"><div class=\"fg-caption-desc\">Dommage d'avoir laiss\u00e9 le Yeti au garage, le Lago Fen\u00eatre est plus turquoise que jamais, en cette fin ao\u00fbt caniculaire.<\/div><\/div><\/figcaption><\/figure><div class=\"fg-loader\"><\/div><\/div><div class=\"fg-item fg-type-image fg-loading\"><figure class=\"fg-item-inner\"><a href=\"https:\/\/alpavista.ch\/Alp11\/wp-content\/uploads\/durand_15_031.jpg\" data-caption-title=\"Quand l&#039;Airbus A319 Milan-Zurich de 12H10 croise le Transition Mauvoisin-Etroubles, tout est une histoire d&#039;altitude.\" data-caption-desc=\"Quand l&#039;Airbus A319 Milan-Zurich de 12H10 croise le Transition Mauvoisin-Etroubles, tout est une histoire d&#039;altitude.\" data-attachment-id=\"36425\" data-type=\"image\" class=\"fg-thumb\"><span class=\"fg-image-wrap\"><img src=\"https:\/\/alpavista.ch\/Alp11\/wp-content\/uploads\/cache\/durand_15_031\/1101658794.jpg\" alt=\"durand_15_031\" title=\"Quand l&#039;Airbus A319 Milan-Zurich de 12H10 croise le Transition Mauvoisin-Etroubles, tout est une histoire d&#039;altitude.\" width=\"101\" height=\"57\" class=\"skip-lazy fg-image\" decoding=\"async\" loading=\"lazy\"><\/span><span class=\"fg-image-overlay\"><\/span><\/a><figcaption class=\"fg-caption\"><div class=\"fg-caption-inner\"><div class=\"fg-caption-desc\">Quand l'Airbus A319 Milan-Zurich de 12H10 croise le Transition Mauvoisin-Etroubles, tout est une histoire d'altitude.<\/div><\/div><\/figcaption><\/figure><div class=\"fg-loader\"><\/div><\/div><div class=\"fg-item fg-type-image fg-loading\"><figure class=\"fg-item-inner\"><a href=\"https:\/\/alpavista.ch\/Alp11\/wp-content\/uploads\/durand_15_032.jpg\" data-caption-title=\"Troisi\u00e8me descente de l&#039;itin\u00e9raire, mais premier &quot;vrai&quot; dessert.\" data-caption-desc=\"Troisi\u00e8me descente de l&#039;itin\u00e9raire, mais premier &quot;vrai&quot; dessert.\" data-attachment-id=\"36424\" data-type=\"image\" class=\"fg-thumb\"><span class=\"fg-image-wrap\"><img src=\"https:\/\/alpavista.ch\/Alp11\/wp-content\/uploads\/cache\/durand_15_032\/2832296255.jpg\" alt=\"durand_15_032\" title=\"Troisi\u00e8me descente de l&#039;itin\u00e9raire, mais premier &quot;vrai&quot; dessert.\" width=\"101\" height=\"57\" class=\"skip-lazy fg-image\" decoding=\"async\" loading=\"lazy\"><\/span><span class=\"fg-image-overlay\"><\/span><\/a><figcaption class=\"fg-caption\"><div class=\"fg-caption-inner\"><div class=\"fg-caption-desc\">Troisi\u00e8me descente de l'itin\u00e9raire, mais premier \"vrai\" dessert.<\/div><\/div><\/figcaption><\/figure><div class=\"fg-loader\"><\/div><\/div><div class=\"fg-item fg-type-image fg-loading\"><figure class=\"fg-item-inner\"><a href=\"https:\/\/alpavista.ch\/Alp11\/wp-content\/uploads\/durand_15_033.jpg\" data-caption-title=\"O\u00f9 est le loup ? Trop fastoche, au fond et \u00e0 l&#039;extr\u00eame-droite... comme en politique.\" data-caption-desc=\"O\u00f9 est le loup ? Trop fastoche, au fond et \u00e0 l&#039;extr\u00eame-droite... comme en politique.\" data-attachment-id=\"36423\" data-type=\"image\" class=\"fg-thumb\"><span class=\"fg-image-wrap\"><img src=\"https:\/\/alpavista.ch\/Alp11\/wp-content\/uploads\/cache\/durand_15_033\/2295104162.jpg\" alt=\"durand_15_033\" title=\"O\u00f9 est le loup ? Trop fastoche, au fond et \u00e0 l&#039;extr\u00eame-droite... comme en politique.\" width=\"101\" height=\"57\" class=\"skip-lazy fg-image\" decoding=\"async\" loading=\"lazy\"><\/span><span class=\"fg-image-overlay\"><\/span><\/a><figcaption class=\"fg-caption\"><div class=\"fg-caption-inner\"><div class=\"fg-caption-desc\">O\u00f9 est le loup ? Trop fastoche, au fond et \u00e0 l'extr\u00eame-droite... comme en politique.<\/div><\/div><\/figcaption><\/figure><div class=\"fg-loader\"><\/div><\/div><div class=\"fg-item fg-type-image fg-loading\"><figure class=\"fg-item-inner\"><a href=\"https:\/\/alpavista.ch\/Alp11\/wp-content\/uploads\/durand_15_034.jpg\" data-caption-title=\"Pause &quot;siesta&quot; dans notre habituel jardin d&#039;edelweiss valdotain.\" data-caption-desc=\"Pause &quot;siesta&quot; dans notre habituel jardin d&#039;edelweiss valdotain.\" data-attachment-id=\"36422\" data-type=\"image\" class=\"fg-thumb\"><span class=\"fg-image-wrap\"><img src=\"https:\/\/alpavista.ch\/Alp11\/wp-content\/uploads\/cache\/durand_15_034\/3858636749.jpg\" alt=\"durand_15_034\" title=\"Pause &quot;siesta&quot; dans notre habituel jardin d&#039;edelweiss valdotain.\" width=\"101\" height=\"57\" class=\"skip-lazy fg-image\" decoding=\"async\" loading=\"lazy\"><\/span><span class=\"fg-image-overlay\"><\/span><\/a><figcaption class=\"fg-caption\"><div class=\"fg-caption-inner\"><div class=\"fg-caption-desc\">Pause \"siesta\" dans notre habituel jardin d'edelweiss valdotain.<\/div><\/div><\/figcaption><\/figure><div class=\"fg-loader\"><\/div><\/div><div class=\"fg-item fg-type-image fg-loading\"><figure class=\"fg-item-inner\"><a href=\"https:\/\/alpavista.ch\/Alp11\/wp-content\/uploads\/durand_15_035.jpg\" data-caption-title=\"Le Thoules Express, la partie la plus cassante de l&#039;itin\u00e9raire. Banza\u00ef !\" data-caption-desc=\"Le Thoules Express, la partie la plus cassante de l&#039;itin\u00e9raire. Banza\u00ef !\" data-attachment-id=\"36421\" data-type=\"image\" class=\"fg-thumb\"><span class=\"fg-image-wrap\"><img src=\"https:\/\/alpavista.ch\/Alp11\/wp-content\/uploads\/cache\/durand_15_035\/2169283529.jpg\" alt=\"durand_15_035\" title=\"Le Thoules Express, la partie la plus cassante de l&#039;itin\u00e9raire. Banza\u00ef !\" width=\"101\" height=\"57\" class=\"skip-lazy fg-image\" decoding=\"async\" loading=\"lazy\"><\/span><span class=\"fg-image-overlay\"><\/span><\/a><figcaption class=\"fg-caption\"><div class=\"fg-caption-inner\"><div class=\"fg-caption-desc\">Le Thoules Express, la partie la plus cassante de l'itin\u00e9raire. Banza\u00ef !<\/div><\/div><\/figcaption><\/figure><div class=\"fg-loader\"><\/div><\/div><div class=\"fg-item fg-type-image fg-loading\"><figure class=\"fg-item-inner\"><a href=\"https:\/\/alpavista.ch\/Alp11\/wp-content\/uploads\/durand_15_036.jpg\" data-caption-title=\"Trajectoires multiples, mais hors chemin, histoire de contourner ses passages les plus rugueux...\" data-caption-desc=\"Trajectoires multiples, mais hors chemin, histoire de contourner ses passages les plus rugueux...\" data-attachment-id=\"36420\" data-type=\"image\" class=\"fg-thumb\"><span class=\"fg-image-wrap\"><img src=\"https:\/\/alpavista.ch\/Alp11\/wp-content\/uploads\/cache\/durand_15_036\/1748250716.jpg\" alt=\"durand_15_036\" title=\"Trajectoires multiples, mais hors chemin, histoire de contourner ses passages les plus rugueux...\" width=\"101\" height=\"57\" class=\"skip-lazy fg-image\" decoding=\"async\" loading=\"lazy\"><\/span><span class=\"fg-image-overlay\"><\/span><\/a><figcaption class=\"fg-caption\"><div class=\"fg-caption-inner\"><div class=\"fg-caption-desc\">Trajectoires multiples, mais hors chemin, histoire de contourner ses passages les plus rugueux...<\/div><\/div><\/figcaption><\/figure><div class=\"fg-loader\"><\/div><\/div><div class=\"fg-item fg-type-image fg-loading\"><figure class=\"fg-item-inner\"><a href=\"https:\/\/alpavista.ch\/Alp11\/wp-content\/uploads\/durand_15_037.jpg\" data-caption-title=\"... avant un rapide retour sur une terre plus meuble.\" data-caption-desc=\"... avant un rapide retour sur une terre plus meuble.\" data-attachment-id=\"36419\" data-type=\"image\" class=\"fg-thumb\"><span class=\"fg-image-wrap\"><img src=\"https:\/\/alpavista.ch\/Alp11\/wp-content\/uploads\/cache\/durand_15_037\/1514498400.jpg\" alt=\"durand_15_037\" title=\"... avant un rapide retour sur une terre plus meuble.\" width=\"101\" height=\"57\" class=\"skip-lazy fg-image\" decoding=\"async\" loading=\"lazy\"><\/span><span class=\"fg-image-overlay\"><\/span><\/a><figcaption class=\"fg-caption\"><div class=\"fg-caption-inner\"><div class=\"fg-caption-desc\">... avant un rapide retour sur une terre plus meuble.<\/div><\/div><\/figcaption><\/figure><div class=\"fg-loader\"><\/div><\/div><div class=\"fg-item fg-type-image fg-loading\"><figure class=\"fg-item-inner\"><a href=\"https:\/\/alpavista.ch\/Alp11\/wp-content\/uploads\/durand_15_038.jpg\" data-caption-title=\"Meuble mais n\u00e9anmoins tr\u00e8s sinueuse.\" data-caption-desc=\"Meuble mais n\u00e9anmoins tr\u00e8s sinueuse.\" data-attachment-id=\"36418\" data-type=\"image\" class=\"fg-thumb\"><span class=\"fg-image-wrap\"><img src=\"https:\/\/alpavista.ch\/Alp11\/wp-content\/uploads\/cache\/durand_15_038\/3834834874.jpg\" alt=\"durand_15_038\" title=\"Meuble mais n\u00e9anmoins tr\u00e8s sinueuse.\" width=\"101\" height=\"57\" class=\"skip-lazy fg-image\" decoding=\"async\" loading=\"lazy\"><\/span><span class=\"fg-image-overlay\"><\/span><\/a><figcaption class=\"fg-caption\"><div class=\"fg-caption-inner\"><div class=\"fg-caption-desc\">Meuble mais n\u00e9anmoins tr\u00e8s sinueuse.<\/div><\/div><\/figcaption><\/figure><div class=\"fg-loader\"><\/div><\/div><div class=\"fg-item fg-type-image fg-loading\"><figure class=\"fg-item-inner\"><a href=\"https:\/\/alpavista.ch\/Alp11\/wp-content\/uploads\/durand_15_039.jpg\" data-caption-title=\"Voire trop sinueuse... I believe I can fly.\" data-caption-desc=\"Voire trop sinueuse... I believe I can fly.\" data-attachment-id=\"36417\" data-type=\"image\" class=\"fg-thumb\"><span class=\"fg-image-wrap\"><img src=\"https:\/\/alpavista.ch\/Alp11\/wp-content\/uploads\/cache\/durand_15_039\/1305586453.jpg\" alt=\"durand_15_039\" title=\"Voire trop sinueuse... I believe I can fly.\" width=\"101\" height=\"57\" class=\"skip-lazy fg-image\" decoding=\"async\" loading=\"lazy\"><\/span><span class=\"fg-image-overlay\"><\/span><\/a><figcaption class=\"fg-caption\"><div class=\"fg-caption-inner\"><div class=\"fg-caption-desc\">Voire trop sinueuse... I believe I can fly.<\/div><\/div><\/figcaption><\/figure><div class=\"fg-loader\"><\/div><\/div><div class=\"fg-item fg-type-image fg-loading\"><figure class=\"fg-item-inner\"><a href=\"https:\/\/alpavista.ch\/Alp11\/wp-content\/uploads\/durand_15_040.jpg\" data-caption-title=\"Fais gaffe, y a comme un l\u00e9ger gravillon dans ta trajectoire.\" data-caption-desc=\"Fais gaffe, y a comme un l\u00e9ger gravillon dans ta trajectoire.\" data-attachment-id=\"36416\" data-type=\"image\" class=\"fg-thumb\"><span class=\"fg-image-wrap\"><img src=\"https:\/\/alpavista.ch\/Alp11\/wp-content\/uploads\/cache\/durand_15_040\/1359497601.jpg\" alt=\"durand_15_040\" title=\"Fais gaffe, y a comme un l\u00e9ger gravillon dans ta trajectoire.\" width=\"101\" height=\"57\" class=\"skip-lazy fg-image\" decoding=\"async\" loading=\"lazy\"><\/span><span class=\"fg-image-overlay\"><\/span><\/a><figcaption class=\"fg-caption\"><div class=\"fg-caption-inner\"><div class=\"fg-caption-desc\">Fais gaffe, y a comme un l\u00e9ger gravillon dans ta trajectoire.<\/div><\/div><\/figcaption><\/figure><div class=\"fg-loader\"><\/div><\/div><div class=\"fg-item fg-type-image fg-loading\"><figure class=\"fg-item-inner\"><a href=\"https:\/\/alpavista.ch\/Alp11\/wp-content\/uploads\/durand_15_041.jpg\" data-caption-title=\"Compl\u00e8tement \u00e0 l&#039;envers du balisage, mais pas du bon sens,  heureusement.\" data-caption-desc=\"Compl\u00e8tement \u00e0 l&#039;envers du balisage, mais pas du bon sens,  heureusement.\" data-attachment-id=\"36415\" data-type=\"image\" class=\"fg-thumb\"><span class=\"fg-image-wrap\"><img src=\"https:\/\/alpavista.ch\/Alp11\/wp-content\/uploads\/cache\/durand_15_041\/901444997.jpg\" alt=\"durand_15_041\" title=\"Compl\u00e8tement \u00e0 l&#039;envers du balisage, mais pas du bon sens,  heureusement.\" width=\"101\" height=\"57\" class=\"skip-lazy fg-image\" decoding=\"async\" loading=\"lazy\"><\/span><span class=\"fg-image-overlay\"><\/span><\/a><figcaption class=\"fg-caption\"><div class=\"fg-caption-inner\"><div class=\"fg-caption-desc\">Compl\u00e8tement \u00e0 l'envers du balisage, mais pas du bon sens,  heureusement.<\/div><\/div><\/figcaption><\/figure><div class=\"fg-loader\"><\/div><\/div><div class=\"fg-item fg-type-image fg-loading\"><figure class=\"fg-item-inner\"><a href=\"https:\/\/alpavista.ch\/Alp11\/wp-content\/uploads\/durand_15_042.jpg\" data-caption-title=\"L&#039;\u00e9chapp\u00e9e belle ? Non, point de v\u00e9ll\u00e9it\u00e9s de drogu\u00e9s au programme, juste un bout de piste descendante \u00e0 avaler vite fait.\" data-caption-desc=\"L&#039;\u00e9chapp\u00e9e belle ? Non, point de v\u00e9ll\u00e9it\u00e9s de drogu\u00e9s au programme, juste un bout de piste descendante \u00e0 avaler vite fait.\" data-attachment-id=\"36414\" data-type=\"image\" class=\"fg-thumb\"><span class=\"fg-image-wrap\"><img src=\"https:\/\/alpavista.ch\/Alp11\/wp-content\/uploads\/cache\/durand_15_042\/3703727632.jpg\" alt=\"durand_15_042\" title=\"L&#039;\u00e9chapp\u00e9e belle ? Non, point de v\u00e9ll\u00e9it\u00e9s de drogu\u00e9s au programme, juste un bout de piste descendante \u00e0 avaler vite fait.\" width=\"101\" height=\"57\" class=\"skip-lazy fg-image\" decoding=\"async\" loading=\"lazy\"><\/span><span class=\"fg-image-overlay\"><\/span><\/a><figcaption class=\"fg-caption\"><div class=\"fg-caption-inner\"><div class=\"fg-caption-desc\">L'\u00e9chapp\u00e9e belle ? Non, point de v\u00e9ll\u00e9it\u00e9s de drogu\u00e9s au programme, juste un bout de piste descendante \u00e0 avaler vite fait.<\/div><\/div><\/figcaption><\/figure><div class=\"fg-loader\"><\/div><\/div><div class=\"fg-item fg-type-image fg-loading\"><figure class=\"fg-item-inner\"><a href=\"https:\/\/alpavista.ch\/Alp11\/wp-content\/uploads\/durand_15_043.jpg\" data-caption-title=\"Stage de sherpas, session 2, dans la moiteur \u00e9touffante du Tsa des Ev\u00eaques.\" data-caption-desc=\"Stage de sherpas, session 2, dans la moiteur \u00e9touffante du Tsa des Ev\u00eaques.\" data-attachment-id=\"36413\" data-type=\"image\" class=\"fg-thumb\"><span class=\"fg-image-wrap\"><img src=\"https:\/\/alpavista.ch\/Alp11\/wp-content\/uploads\/cache\/durand_15_043\/4242509197.jpg\" alt=\"durand_15_043\" title=\"Stage de sherpas, session 2, dans la moiteur \u00e9touffante du Tsa des Ev\u00eaques.\" width=\"101\" height=\"57\" class=\"skip-lazy fg-image\" decoding=\"async\" loading=\"lazy\"><\/span><span class=\"fg-image-overlay\"><\/span><\/a><figcaption class=\"fg-caption\"><div class=\"fg-caption-inner\"><div class=\"fg-caption-desc\">Stage de sherpas, session 2, dans la moiteur \u00e9touffante du Tsa des Ev\u00eaques.<\/div><\/div><\/figcaption><\/figure><div class=\"fg-loader\"><\/div><\/div><div class=\"fg-item fg-type-image fg-loading\"><figure class=\"fg-item-inner\"><a href=\"https:\/\/alpavista.ch\/Alp11\/wp-content\/uploads\/durand_15_044.jpg\" data-caption-title=\"Bon, faut pas exag\u00e9rer non plus. A chacun son r\u00f4le. Maintenant c&#039;est toi dessous et moi dessus.\" data-caption-desc=\"Bon, faut pas exag\u00e9rer non plus. A chacun son r\u00f4le. Maintenant c&#039;est toi dessous et moi dessus.\" data-attachment-id=\"36412\" data-type=\"image\" class=\"fg-thumb\"><span class=\"fg-image-wrap\"><img src=\"https:\/\/alpavista.ch\/Alp11\/wp-content\/uploads\/cache\/durand_15_044\/2448232674.jpg\" alt=\"durand_15_044\" title=\"Bon, faut pas exag\u00e9rer non plus. A chacun son r\u00f4le. Maintenant c&#039;est toi dessous et moi dessus.\" width=\"101\" height=\"57\" class=\"skip-lazy fg-image\" decoding=\"async\" loading=\"lazy\"><\/span><span class=\"fg-image-overlay\"><\/span><\/a><figcaption class=\"fg-caption\"><div class=\"fg-caption-inner\"><div class=\"fg-caption-desc\">Bon, faut pas exag\u00e9rer non plus. A chacun son r\u00f4le. Maintenant c'est toi dessous et moi dessus.<\/div><\/div><\/figcaption><\/figure><div class=\"fg-loader\"><\/div><\/div><div class=\"fg-item fg-type-image fg-loading\"><figure class=\"fg-item-inner\"><a href=\"https:\/\/alpavista.ch\/Alp11\/wp-content\/uploads\/durand_15_045.jpg\" data-caption-title=\"Ru suspendu et cordes d\u00e9coratives, sauf pour les touristes hollandais en goguette.\" data-caption-desc=\"Ru suspendu et cordes d\u00e9coratives, sauf pour les touristes hollandais en goguette.\" data-attachment-id=\"36411\" data-type=\"image\" class=\"fg-thumb\"><span class=\"fg-image-wrap\"><img src=\"https:\/\/alpavista.ch\/Alp11\/wp-content\/uploads\/cache\/durand_15_045\/4116688102.jpg\" alt=\"durand_15_045\" title=\"Ru suspendu et cordes d\u00e9coratives, sauf pour les touristes hollandais en goguette.\" width=\"101\" height=\"57\" class=\"skip-lazy fg-image\" decoding=\"async\" loading=\"lazy\"><\/span><span class=\"fg-image-overlay\"><\/span><\/a><figcaption class=\"fg-caption\"><div class=\"fg-caption-inner\"><div class=\"fg-caption-desc\">Ru suspendu et cordes d\u00e9coratives, sauf pour les touristes hollandais en goguette.<\/div><\/div><\/figcaption><\/figure><div class=\"fg-loader\"><\/div><\/div><div class=\"fg-item fg-type-image fg-loading\"><figure class=\"fg-item-inner\"><a href=\"https:\/\/alpavista.ch\/Alp11\/wp-content\/uploads\/durand_15_046.jpg\" data-caption-title=\"Le S du torrent de Berruard, nouvellement refait : JP Rossi passe \u00e0 l&#039;attaque !\" data-caption-desc=\"Le S du torrent de Berruard, nouvellement refait : JP Rossi passe \u00e0 l&#039;attaque !\" data-attachment-id=\"36410\" data-type=\"image\" class=\"fg-thumb\"><span class=\"fg-image-wrap\"><img src=\"https:\/\/alpavista.ch\/Alp11\/wp-content\/uploads\/cache\/durand_15_046\/472334195.jpg\" alt=\"durand_15_046\" title=\"Le S du torrent de Berruard, nouvellement refait : JP Rossi passe \u00e0 l&#039;attaque !\" width=\"101\" height=\"57\" class=\"skip-lazy fg-image\" decoding=\"async\" loading=\"lazy\"><\/span><span class=\"fg-image-overlay\"><\/span><\/a><figcaption class=\"fg-caption\"><div class=\"fg-caption-inner\"><div class=\"fg-caption-desc\">Le S du torrent de Berruard, nouvellement refait : JP Rossi passe \u00e0 l'attaque !<\/div><\/div><\/figcaption><\/figure><div class=\"fg-loader\"><\/div><\/div><div class=\"fg-item fg-type-image fg-loading\"><figure class=\"fg-item-inner\"><a href=\"https:\/\/alpavista.ch\/Alp11\/wp-content\/uploads\/durand_15_047.jpg\" data-caption-title=\"A d\u00e9faut de visibilit\u00e9, tu peux toujours rouler &quot;au bruit&quot;.\" data-caption-desc=\"A d\u00e9faut de visibilit\u00e9, tu peux toujours rouler &quot;au bruit&quot;.\" data-attachment-id=\"36409\" data-type=\"image\" class=\"fg-thumb\"><span class=\"fg-image-wrap\"><img src=\"https:\/\/alpavista.ch\/Alp11\/wp-content\/uploads\/cache\/durand_15_047\/2267359028.jpg\" alt=\"durand_15_047\" title=\"A d\u00e9faut de visibilit\u00e9, tu peux toujours rouler &quot;au bruit&quot;.\" width=\"101\" height=\"57\" class=\"skip-lazy fg-image\" decoding=\"async\" loading=\"lazy\"><\/span><span class=\"fg-image-overlay\"><\/span><\/a><figcaption class=\"fg-caption\"><div class=\"fg-caption-inner\"><div class=\"fg-caption-desc\">A d\u00e9faut de visibilit\u00e9, tu peux toujours rouler \"au bruit\".<\/div><\/div><\/figcaption><\/figure><div class=\"fg-loader\"><\/div><\/div><div class=\"fg-item fg-type-image fg-loading\"><figure class=\"fg-item-inner\"><a href=\"https:\/\/alpavista.ch\/Alp11\/wp-content\/uploads\/durand_15_048.jpg\" data-caption-title=\"On te l&#039;avait dit, prend une scie pour couper ton cintre, \u00e7a va forc\u00e9ment te servir \u00e0 un moment ou l&#039;autre.\" data-caption-desc=\"On te l&#039;avait dit, prend une scie pour couper ton cintre, \u00e7a va forc\u00e9ment te servir \u00e0 un moment ou l&#039;autre.\" data-attachment-id=\"36408\" data-type=\"image\" class=\"fg-thumb\"><span class=\"fg-image-wrap\"><img src=\"https:\/\/alpavista.ch\/Alp11\/wp-content\/uploads\/cache\/durand_15_048\/972202478.jpg\" alt=\"durand_15_048\" title=\"On te l&#039;avait dit, prend une scie pour couper ton cintre, \u00e7a va forc\u00e9ment te servir \u00e0 un moment ou l&#039;autre.\" width=\"101\" height=\"57\" class=\"skip-lazy fg-image\" decoding=\"async\" loading=\"lazy\"><\/span><span class=\"fg-image-overlay\"><\/span><\/a><figcaption class=\"fg-caption\"><div class=\"fg-caption-inner\"><div class=\"fg-caption-desc\">On te l'avait dit, prend une scie pour couper ton cintre, \u00e7a va forc\u00e9ment te servir \u00e0 un moment ou l'autre.<\/div><\/div><\/figcaption><\/figure><div class=\"fg-loader\"><\/div><\/div><div class=\"fg-item fg-type-image fg-loading\"><figure class=\"fg-item-inner\"><a href=\"https:\/\/alpavista.ch\/Alp11\/wp-content\/uploads\/durand_15_049.jpg\" data-caption-title=\"Econdu, l&#039;ombre la bien nomm\u00e9e...\" data-caption-desc=\"Econdu, l&#039;ombre la bien nomm\u00e9e...\" data-attachment-id=\"36407\" data-type=\"image\" class=\"fg-thumb\"><span class=\"fg-image-wrap\"><img src=\"https:\/\/alpavista.ch\/Alp11\/wp-content\/uploads\/cache\/durand_15_049\/2427577665.jpg\" alt=\"durand_15_049\" title=\"Econdu, l&#039;ombre la bien nomm\u00e9e...\" width=\"101\" height=\"57\" class=\"skip-lazy fg-image\" decoding=\"async\" loading=\"lazy\"><\/span><span class=\"fg-image-overlay\"><\/span><\/a><figcaption class=\"fg-caption\"><div class=\"fg-caption-inner\"><div class=\"fg-caption-desc\">Econdu, l'ombre la bien nomm\u00e9e...<\/div><\/div><\/figcaption><\/figure><div class=\"fg-loader\"><\/div><\/div><div class=\"fg-item fg-type-image fg-loading\"><figure class=\"fg-item-inner\"><a href=\"https:\/\/alpavista.ch\/Alp11\/wp-content\/uploads\/durand_15_050.jpg\" data-caption-title=\"... et sa nouvelle passerelle rutilante.\" data-caption-desc=\"... et sa nouvelle passerelle rutilante.\" data-attachment-id=\"36406\" data-type=\"image\" class=\"fg-thumb\"><span class=\"fg-image-wrap\"><img src=\"https:\/\/alpavista.ch\/Alp11\/wp-content\/uploads\/cache\/durand_15_050\/4285693535.jpg\" alt=\"durand_15_050\" title=\"... et sa nouvelle passerelle rutilante.\" width=\"101\" height=\"57\" class=\"skip-lazy fg-image\" decoding=\"async\" loading=\"lazy\"><\/span><span class=\"fg-image-overlay\"><\/span><\/a><figcaption class=\"fg-caption\"><div class=\"fg-caption-inner\"><div class=\"fg-caption-desc\">... et sa nouvelle passerelle rutilante.<\/div><\/div><\/figcaption><\/figure><div class=\"fg-loader\"><\/div><\/div><div class=\"fg-item fg-type-image fg-loading\"><figure class=\"fg-item-inner\"><a href=\"https:\/\/alpavista.ch\/Alp11\/wp-content\/uploads\/durand_15_051.jpg\" data-caption-title=\"Le Ru de Champillon, royaume du &quot;flow&quot; et du flot.\" data-caption-desc=\"Le Ru de Champillon, royaume du &quot;flow&quot; et du flot.\" data-attachment-id=\"36405\" data-type=\"image\" class=\"fg-thumb\"><span class=\"fg-image-wrap\"><img src=\"https:\/\/alpavista.ch\/Alp11\/wp-content\/uploads\/cache\/durand_15_051\/2613101147.jpg\" alt=\"durand_15_051\" title=\"Le Ru de Champillon, royaume du &quot;flow&quot; et du flot.\" width=\"101\" height=\"57\" class=\"skip-lazy fg-image\" decoding=\"async\" loading=\"lazy\"><\/span><span class=\"fg-image-overlay\"><\/span><\/a><figcaption class=\"fg-caption\"><div class=\"fg-caption-inner\"><div class=\"fg-caption-desc\">Le Ru de Champillon, royaume du \"flow\" et du flot.<\/div><\/div><\/figcaption><\/figure><div class=\"fg-loader\"><\/div><\/div><div class=\"fg-item fg-type-image fg-loading\"><figure class=\"fg-item-inner\"><a href=\"https:\/\/alpavista.ch\/Alp11\/wp-content\/uploads\/durand_15_052.jpg\" data-caption-title=\"La &quot;Duran-Duran&quot; sup\u00e9rieure, gaz en grand et roue arri\u00e8re qui fume...\" data-caption-desc=\"La &quot;Duran-Duran&quot; sup\u00e9rieure, gaz en grand et roue arri\u00e8re qui fume...\" data-attachment-id=\"36404\" data-type=\"image\" class=\"fg-thumb\"><span class=\"fg-image-wrap\"><img src=\"https:\/\/alpavista.ch\/Alp11\/wp-content\/uploads\/cache\/durand_15_052\/1924682190.jpg\" alt=\"durand_15_052\" title=\"La &quot;Duran-Duran&quot; sup\u00e9rieure, gaz en grand et roue arri\u00e8re qui fume...\" width=\"101\" height=\"57\" class=\"skip-lazy fg-image\" decoding=\"async\" loading=\"lazy\"><\/span><span class=\"fg-image-overlay\"><\/span><\/a><figcaption class=\"fg-caption\"><div class=\"fg-caption-inner\"><div class=\"fg-caption-desc\">La \"Duran-Duran\" sup\u00e9rieure, gaz en grand et roue arri\u00e8re qui fume...<\/div><\/div><\/figcaption><\/figure><div class=\"fg-loader\"><\/div><\/div><div class=\"fg-item fg-type-image fg-loading\"><figure class=\"fg-item-inner\"><a href=\"https:\/\/alpavista.ch\/Alp11\/wp-content\/uploads\/durand_15_053.jpg\" data-caption-title=\"... avant sa petite soeur inf\u00e9rieure, gaz en moins grand et jeu de direction qui fume.\" data-caption-desc=\"... avant sa petite soeur inf\u00e9rieure, gaz en moins grand et jeu de direction qui fume.\" data-attachment-id=\"36403\" data-type=\"image\" class=\"fg-thumb\"><span class=\"fg-image-wrap\"><img src=\"https:\/\/alpavista.ch\/Alp11\/wp-content\/uploads\/cache\/durand_15_053\/1386592851.jpg\" alt=\"durand_15_053\" title=\"... avant sa petite soeur inf\u00e9rieure, gaz en moins grand et jeu de direction qui fume.\" width=\"101\" height=\"57\" class=\"skip-lazy fg-image\" decoding=\"async\" loading=\"lazy\"><\/span><span class=\"fg-image-overlay\"><\/span><\/a><figcaption class=\"fg-caption\"><div class=\"fg-caption-inner\"><div class=\"fg-caption-desc\">... avant sa petite soeur inf\u00e9rieure, gaz en moins grand et jeu de direction qui fume.<\/div><\/div><\/figcaption><\/figure><div class=\"fg-loader\"><\/div><\/div><div class=\"fg-item fg-type-image fg-loading\"><figure class=\"fg-item-inner\"><a href=\"https:\/\/alpavista.ch\/Alp11\/wp-content\/uploads\/durand_15_054.jpg\" data-caption-title=\"I believe I can fly, couplet 2.\" data-caption-desc=\"I believe I can fly, couplet 2.\" data-attachment-id=\"36402\" data-type=\"image\" class=\"fg-thumb\"><span class=\"fg-image-wrap\"><img src=\"https:\/\/alpavista.ch\/Alp11\/wp-content\/uploads\/cache\/durand_15_054\/1066870588.jpg\" alt=\"durand_15_054\" title=\"I believe I can fly, couplet 2.\" width=\"101\" height=\"57\" class=\"skip-lazy fg-image\" decoding=\"async\" loading=\"lazy\"><\/span><span class=\"fg-image-overlay\"><\/span><\/a><figcaption class=\"fg-caption\"><div class=\"fg-caption-inner\"><div class=\"fg-caption-desc\">I believe I can fly, couplet 2.<\/div><\/div><\/figcaption><\/figure><div class=\"fg-loader\"><\/div><\/div><div class=\"fg-item fg-type-image fg-loading\"><figure class=\"fg-item-inner\"><a href=\"https:\/\/alpavista.ch\/Alp11\/wp-content\/uploads\/durand_15_055.jpg\" data-caption-title=\"Etroubles Down Town.\" data-caption-desc=\"Etroubles Down Town.\" data-attachment-id=\"36401\" data-type=\"image\" class=\"fg-thumb\"><span class=\"fg-image-wrap\"><img src=\"https:\/\/alpavista.ch\/Alp11\/wp-content\/uploads\/cache\/durand_15_055\/1529191224.jpg\" alt=\"durand_15_055\" title=\"Etroubles Down Town.\" width=\"101\" height=\"57\" class=\"skip-lazy fg-image\" decoding=\"async\" loading=\"lazy\"><\/span><span class=\"fg-image-overlay\"><\/span><\/a><figcaption class=\"fg-caption\"><div class=\"fg-caption-inner\"><div class=\"fg-caption-desc\">Etroubles Down Town.<\/div><\/div><\/figcaption><\/figure><div class=\"fg-loader\"><\/div><\/div><div class=\"fg-item fg-type-image fg-loading\"><figure class=\"fg-item-inner\"><a href=\"https:\/\/alpavista.ch\/Alp11\/wp-content\/uploads\/durand_15_056.jpg\" data-caption-title=\"Les d\u00e9licieuses breuvages de la (fameuse) brasserie locale sont partantes pour un pas de 5.\" data-caption-desc=\"Les d\u00e9licieuses breuvages de la (fameuse) brasserie locale sont partantes pour un pas de 5.\" data-attachment-id=\"36400\" data-type=\"image\" class=\"fg-thumb\"><span class=\"fg-image-wrap\"><img src=\"https:\/\/alpavista.ch\/Alp11\/wp-content\/uploads\/cache\/durand_15_056\/2992441517.jpg\" alt=\"durand_15_056\" title=\"Les d\u00e9licieuses breuvages de la (fameuse) brasserie locale sont partantes pour un pas de 5.\" width=\"101\" height=\"57\" class=\"skip-lazy fg-image\" decoding=\"async\" loading=\"lazy\"><\/span><span class=\"fg-image-overlay\"><\/span><\/a><figcaption class=\"fg-caption\"><div class=\"fg-caption-inner\"><div class=\"fg-caption-desc\">Les d\u00e9licieuses breuvages de la (fameuse) brasserie locale sont partantes pour un pas de 5.<\/div><\/div><\/figcaption><\/figure><div class=\"fg-loader\"><\/div><\/div><\/div>\n\n<input class=\"fooboxshare_post_id\" type=\"hidden\" value=\"5875\"\/>","protected":false},"excerpt":{"rendered":"<p>Alors que les week-ends qui nous s\u00e9parent du fatidique 16 septembre, date de notre envol pour la Colombie Britannique, s\u2019\u00e9gr\u00e8nent l\u2019un apr\u00e8s l\u2019autre, la liste des sorties encore \u00e0 faire semble ne jamais vouloir diminuer. Comment concilier autant d\u2019envies avec si peu de temps (encore) disponible ? Simplement en faisant des choix. La \u00ab Durand \u00bb reste la \u00ab Durand \u00bb et tous les c\u00e9l\u00e8bres \u00ab pass \u00bb &#8211; Resti, Meid, Saflisch, Gebidum, Bistin &#8211; que nous n\u2019aurons pas le [&hellip;]<\/p>\n","protected":false},"author":2,"featured_media":6133,"comment_status":"open","ping_status":"open","sticky":false,"template":"","format":"standard","meta":{"footnotes":""},"categories":[658,4],"tags":[1071,1079,1392,1198,1359,1250,1358,1357,1199,1391],"class_list":["post-5875","post","type-post","status-publish","format-standard","has-post-thumbnail","hentry","category-outdoor","category-vtt","tag-aoste","tag-bagnes","tag-champillon","tag-chanrion","tag-charmotane","tag-etroubles","tag-fenetre-de-durand","tag-mauvoisin","tag-ollomont","tag-thoule"],"_links":{"self":[{"href":"https:\/\/alpavista.ch\/Alp11\/wp-json\/wp\/v2\/posts\/5875","targetHints":{"allow":["GET"]}}],"collection":[{"href":"https:\/\/alpavista.ch\/Alp11\/wp-json\/wp\/v2\/posts"}],"about":[{"href":"https:\/\/alpavista.ch\/Alp11\/wp-json\/wp\/v2\/types\/post"}],"author":[{"embeddable":true,"href":"https:\/\/alpavista.ch\/Alp11\/wp-json\/wp\/v2\/users\/2"}],"replies":[{"embeddable":true,"href":"https:\/\/alpavista.ch\/Alp11\/wp-json\/wp\/v2\/comments?post=5875"}],"version-history":[{"count":0,"href":"https:\/\/alpavista.ch\/Alp11\/wp-json\/wp\/v2\/posts\/5875\/revisions"}],"wp:attachment":[{"href":"https:\/\/alpavista.ch\/Alp11\/wp-json\/wp\/v2\/media?parent=5875"}],"wp:term":[{"taxonomy":"category","embeddable":true,"href":"https:\/\/alpavista.ch\/Alp11\/wp-json\/wp\/v2\/categories?post=5875"},{"taxonomy":"post_tag","embeddable":true,"href":"https:\/\/alpavista.ch\/Alp11\/wp-json\/wp\/v2\/tags?post=5875"}],"curies":[{"name":"wp","href":"https:\/\/api.w.org\/{rel}","templated":true}]}}