{"id":7,"date":"2002-05-12T10:32:37","date_gmt":"2002-05-12T10:32:37","guid":{"rendered":"http:\/\/www.alpavista.ch\/Alp11\/?p=7"},"modified":"2016-09-30T13:46:22","modified_gmt":"2016-09-30T12:46:22","slug":"bapteme-de-vtt-pour-tous-ou-presque","status":"publish","type":"post","link":"https:\/\/alpavista.ch\/Alp11\/2002\/05\/12\/bapteme-de-vtt-pour-tous-ou-presque\/","title":{"rendered":"Bapt\u00eame VTT pour tous ou presque !"},"content":{"rendered":"<p>Eh bien oui ! vous avez bien lu, Steph \u00e0 r\u00e9ussi \u00e0 me convaincre de participer  \u00e0 une superbe vir\u00e9e en VTT, j&rsquo;ai bien dit VTT, pas V\u00e9lo Tout Tranquille, vraiment du V\u00e9lo Tout Terrain !<\/p>\n<p>Le terrain, parlons-en, (style resto chinois, vous pouvez vraiment go\u00fbter \u00e0 tout), du goudron au gravier, de la terre \u00e0 la boue, du bisse de vigne au bisse de montagne avec ou sans racine, excusez du peu, escalier, talus, et le meilleur , un tunnel euh ! plut\u00f4t un passage pour l&rsquo;eau du bisse.<\/p>\n<p><!--more--><br \/>\nParti de Sion a\u00e9roport, (mais non pas en avion)accompagn\u00e9 de Steph et Michel, nous avons pris la direction Pont de la Morge. Apr\u00e8s une petite mont\u00e9e nous avons emprunt\u00e9 le bisse de Lentine, petit chemin dans les vignes!<br \/>\nA gauche le bisse, \u00e0 droite 3-4 m\u00e8tres en dessous, les vignes (personnellement je voyais surtout les \u00e9chalas !). Deux coups de p\u00e9dales,(deux gros coups) et nous voil\u00e0 sur le bisse de Mont D&rsquo;orge. Les \u00e9chalas sont plus pr\u00e8s, \u00e7a va bien je prends confiance.<br \/>\nSteph et Michel donne le rythme, je les suits \u00e0 quelques m m m m m m m m m\u00e8tres.Tiens un superbe lac, c&rsquo;est fous les endroits que je ne connaissais pas, les petits chemins, les passages presque secrets&#8230;&#8230;!<br \/>\nApr\u00e9s un coup de barre (c\u00e9r\u00e9ales) et un coup de ros\u00e9 (sirop de sureau additionn\u00e9 d&rsquo;eau), nous grimpons gentiment en direction de Botyre, point le plus haut de notre vir\u00e9e fort sympathique et excitante \u00e0 ce moment, car je pense d\u00e9j\u00e0 \u00e0 la descente !<\/p>\n<p>Wouah.., e&#8230;.j&rsquo;ai&#8230;.mervei&#8230;.supe&#8230;attenti&#8230;crick&#8230;crack&#8230;.ba..ba..boum. Vraiment superbe cette descente, j&rsquo;en ai eu pour mes sens \u00e0 Sion.<\/p>\n<p>La suite, le bisse de Claveau qui longe par endroit la Lienne et nous ram\u00e8ne sur Sion est tout aussi insolite. Sentier et pont accroch\u00e9 \u00e0 la falaise, tunnel (vous connaissez la chanson de Jonnhy: Noir c&rsquo;est Noir il n&rsquo;y a plus d&rsquo;espoir) eh bien c&rsquo;est un peu pr\u00e8s \u00e7a. Puis nous continuons notre chemin du bisse, bla bla bla bla bla&#8230;., le reste ? je n&rsquo;ai pas envie de vous le raconter, allez le d\u00e9couvrir vous m\u00eame, cela en vaut la peine .<\/p>\n<p>Merci \u00e0 Steph et Michel de m&rsquo;avoir fait partager ce petit , long moment d&rsquo;aventure ! Merci \u00e0 Steph d&rsquo;avoir choisi ce parcours qui vraiment donne envie de d\u00e9couvrir le  V T T. J&rsquo;esp\u00e8re que ma monture n&rsquo;a pas trop souffert !<\/p>\n<input class=\"fooboxshare_post_id\" type=\"hidden\" value=\"7\"\/>","protected":false},"excerpt":{"rendered":"<p>Eh bien oui ! vous avez bien lu, Steph \u00e0 r\u00e9ussi \u00e0 me convaincre de participer \u00e0 une superbe vir\u00e9e en VTT, j&rsquo;ai bien dit VTT, pas V\u00e9lo Tout Tranquille, vraiment du V\u00e9lo Tout Terrain ! Le terrain, parlons-en, (style resto chinois, vous pouvez vraiment go\u00fbter \u00e0 tout), du goudron au gravier, de la terre \u00e0 la boue, du bisse de vigne au bisse de montagne avec ou sans racine, excusez du peu, escalier, talus, et le meilleur , un [&hellip;]<\/p>\n","protected":false},"author":6,"featured_media":8683,"comment_status":"open","ping_status":"open","sticky":false,"template":"","format":"standard","meta":{"footnotes":""},"categories":[658,4],"tags":[1121,1230,1231,1228,1186,1175,1227,1226,1229],"class_list":["post-7","post","type-post","status-publish","format-standard","has-post-thumbnail","hentry","category-outdoor","category-vtt","tag-ayent","tag-bisse","tag-christ-roi","tag-clavaux","tag-grimisuat","tag-lentine","tag-lienne","tag-mont-orge","tag-sion"],"_links":{"self":[{"href":"https:\/\/alpavista.ch\/Alp11\/wp-json\/wp\/v2\/posts\/7","targetHints":{"allow":["GET"]}}],"collection":[{"href":"https:\/\/alpavista.ch\/Alp11\/wp-json\/wp\/v2\/posts"}],"about":[{"href":"https:\/\/alpavista.ch\/Alp11\/wp-json\/wp\/v2\/types\/post"}],"author":[{"embeddable":true,"href":"https:\/\/alpavista.ch\/Alp11\/wp-json\/wp\/v2\/users\/6"}],"replies":[{"embeddable":true,"href":"https:\/\/alpavista.ch\/Alp11\/wp-json\/wp\/v2\/comments?post=7"}],"version-history":[{"count":0,"href":"https:\/\/alpavista.ch\/Alp11\/wp-json\/wp\/v2\/posts\/7\/revisions"}],"wp:featuredmedia":[{"embeddable":true,"href":"https:\/\/alpavista.ch\/Alp11\/wp-json\/wp\/v2\/media\/8683"}],"wp:attachment":[{"href":"https:\/\/alpavista.ch\/Alp11\/wp-json\/wp\/v2\/media?parent=7"}],"wp:term":[{"taxonomy":"category","embeddable":true,"href":"https:\/\/alpavista.ch\/Alp11\/wp-json\/wp\/v2\/categories?post=7"},{"taxonomy":"post_tag","embeddable":true,"href":"https:\/\/alpavista.ch\/Alp11\/wp-json\/wp\/v2\/tags?post=7"}],"curies":[{"name":"wp","href":"https:\/\/api.w.org\/{rel}","templated":true}]}}